{"id":133246,"date":"2025-07-02T06:42:27","date_gmt":"2025-07-02T03:42:27","guid":{"rendered":"https:\/\/denizcankizil.tr\/uncategorized-tr\/bulvar-216da-yaz-aksamlari-muzik-atolye-ve-dansla-renkleniyor\/"},"modified":"2025-07-02T06:42:27","modified_gmt":"2025-07-02T03:42:27","slug":"bulvar-216da-yaz-aksamlari-muzik-atolye-ve-dansla-renkleniyor","status":"publish","type":"post","link":"https:\/\/denizcankizil.tr\/en\/haberler\/gundem\/bulvar-216da-yaz-aksamlari-muzik-atolye-ve-dansla-renkleniyor\/","title":{"rendered":"Bulvar 216\u2019da Yaz Ak\u015famlar\u0131 M\u00fczik, At\u00f6lye ve Dansla Renkleniyor"},"content":{"rendered":"<p>Ata\u015fehir\u2019in kalbinde yer alan Bulvar 216, Temmuz ay\u0131nda m\u00fczik, sanat ve dans dolu etkinlikleriyle \u015fehrin ritmini a\u00e7\u0131k havaya ta\u015f\u0131yor.<\/p>\n<p>\u200bAta\u015fehir\u2019in kalbinde yer alan Bulvar 216, Temmuz ay\u0131nda m\u00fczik, sanat ve dans dolu etkinlikleriyle \u015fehrin ritmini a\u00e7\u0131k havaya ta\u015f\u0131yor.\u00a0<\/p>\n<p>\u200bHaberin Al\u0131nt\u0131land\u0131\u011f\u0131 Kaynak: www.iskenderun.org<\/p>","protected":false},"excerpt":{"rendered":"<p>Ata\u015fehir\u2019in kalbinde yer alan Bulvar 216, Temmuz ay\u0131nda m\u00fczik, sanat ve dans dolu etkinlikleriyle \u015fehrin ritmini a\u00e7\u0131k havaya ta\u015f\u0131yor. \u200bAta\u015fehir\u2019in kalbinde yer alan Bulvar 216, Temmuz ay\u0131nda m\u00fczik, sanat ve dans dolu etkinlikleriyle \u015fehrin ritmini a\u00e7\u0131k havaya ta\u015f\u0131yor.\u00a0 \u200bHaberin Al\u0131nt\u0131land\u0131\u011f\u0131 Kaynak: www.iskenderun.org<\/p>","protected":false},"author":1,"featured_media":0,"comment_status":"","ping_status":"open","sticky":false,"template":"","format":"standard","meta":{"_acf_changed":false,"footnotes":""},"categories":[24],"tags":[],"class_list":["post-133246","post","type-post","status-publish","format-standard","has-post-thumbnail","hentry","category-gundem"],"acf":[],"yoast_head":"<!-- This site is optimized with the Yoast SEO Premium plugin v26.6 (Yoast SEO v27.1.1) - https:\/\/yoast.com\/product\/yoast-seo-premium-wordpress\/ -->\n<title>Bulvar 216\u2019da Yaz Ak\u015famlar\u0131 M\u00fczik, At\u00f6lye ve Dansla Renkleniyor - Av. Deniz Can K\u0131z\u0131l<\/title>\n<meta name=\"robots\" content=\"index, follow, max-snippet:-1, max-image-preview:large, max-video-preview:-1\" \/>\n<link rel=\"canonical\" href=\"https:\/\/denizcankizil.tr\/en\/haberler\/gundem\/bulvar-216da-yaz-aksamlari-muzik-atolye-ve-dansla-renkleniyor\/\" \/>\n<meta property=\"og:locale\" content=\"en_GB\" \/>\n<meta property=\"og:type\" content=\"article\" \/>\n<meta property=\"og:title\" content=\"Bulvar 216\u2019da Yaz Ak\u015famlar\u0131 M\u00fczik, At\u00f6lye ve Dansla Renkleniyor\" \/>\n<meta property=\"og:description\" content=\"Ata\u015fehir\u2019in kalbinde yer alan Bulvar 216, Temmuz ay\u0131nda m\u00fczik, sanat ve dans dolu etkinlikleriyle \u015fehrin ritmini a\u00e7\u0131k havaya ta\u015f\u0131yor. \u200bAta\u015fehir\u2019in kalbinde yer alan Bulvar 216, Temmuz ay\u0131nda m\u00fczik, sanat ve dans dolu etkinlikleriyle \u015fehrin ritmini a\u00e7\u0131k havaya ta\u015f\u0131yor.\u00a0 \u200bHaberin Al\u0131nt\u0131land\u0131\u011f\u0131 Kaynak: www.iskenderun.org\" \/>\n<meta property=\"og:url\" content=\"https:\/\/denizcankizil.tr\/en\/haberler\/gundem\/bulvar-216da-yaz-aksamlari-muzik-atolye-ve-dansla-renkleniyor\/\" \/>\n<meta property=\"og:site_name\" content=\"Av. Deniz Can K\u0131z\u0131l\" \/>\n<meta property=\"article:published_time\" content=\"2025-07-02T03:42:27+00:00\" \/>\n<meta name=\"author\" content=\"admin\" \/>\n<meta name=\"twitter:card\" content=\"summary_large_image\" \/>\n<meta name=\"twitter:label1\" content=\"Written by\" \/>\n\t<meta name=\"twitter:data1\" content=\"admin\" \/>\n<script type=\"application\/ld+json\" class=\"yoast-schema-graph\">{\"@context\":\"https:\/\/schema.org\",\"@graph\":[{\"@type\":\"Article\",\"@id\":\"https:\/\/denizcankizil.tr\/en\/haberler\/gundem\/bulvar-216da-yaz-aksamlari-muzik-atolye-ve-dansla-renkleniyor\/#article\",\"isPartOf\":{\"@id\":\"https:\/\/denizcankizil.tr\/en\/haberler\/gundem\/bulvar-216da-yaz-aksamlari-muzik-atolye-ve-dansla-renkleniyor\/\"},\"author\":{\"name\":\"admin\",\"@id\":\"https:\/\/denizcankizil.tr\/#\/schema\/person\/be3c05fe6a12686905512445d8185489\"},\"headline\":\"Bulvar 216\u2019da Yaz Ak\u015famlar\u0131 M\u00fczik, At\u00f6lye ve Dansla Renkleniyor\",\"datePublished\":\"2025-07-02T03:42:27+00:00\",\"mainEntityOfPage\":{\"@id\":\"https:\/\/denizcankizil.tr\/en\/haberler\/gundem\/bulvar-216da-yaz-aksamlari-muzik-atolye-ve-dansla-renkleniyor\/\"},\"wordCount\":68,\"publisher\":{\"@id\":\"https:\/\/denizcankizil.tr\/#organization\"},\"articleSection\":[\"G\u00fcndem\"],\"inLanguage\":\"en-GB\"},{\"@type\":\"WebPage\",\"@id\":\"https:\/\/denizcankizil.tr\/en\/haberler\/gundem\/bulvar-216da-yaz-aksamlari-muzik-atolye-ve-dansla-renkleniyor\/\",\"url\":\"https:\/\/denizcankizil.tr\/en\/haberler\/gundem\/bulvar-216da-yaz-aksamlari-muzik-atolye-ve-dansla-renkleniyor\/\",\"name\":\"Bulvar 216\u2019da Yaz Ak\u015famlar\u0131 M\u00fczik, At\u00f6lye ve Dansla Renkleniyor - Av. Deniz Can K\u0131z\u0131l\",\"isPartOf\":{\"@id\":\"https:\/\/denizcankizil.tr\/#website\"},\"datePublished\":\"2025-07-02T03:42:27+00:00\",\"breadcrumb\":{\"@id\":\"https:\/\/denizcankizil.tr\/en\/haberler\/gundem\/bulvar-216da-yaz-aksamlari-muzik-atolye-ve-dansla-renkleniyor\/#breadcrumb\"},\"inLanguage\":\"en-GB\",\"potentialAction\":[{\"@type\":\"ReadAction\",\"target\":[\"https:\/\/denizcankizil.tr\/en\/haberler\/gundem\/bulvar-216da-yaz-aksamlari-muzik-atolye-ve-dansla-renkleniyor\/\"]}]},{\"@type\":\"BreadcrumbList\",\"@id\":\"https:\/\/denizcankizil.tr\/en\/haberler\/gundem\/bulvar-216da-yaz-aksamlari-muzik-atolye-ve-dansla-renkleniyor\/#breadcrumb\",\"itemListElement\":[{\"@type\":\"ListItem\",\"position\":1,\"name\":\"Home\",\"item\":\"https:\/\/denizcankizil.tr\/uk\/\"},{\"@type\":\"ListItem\",\"position\":2,\"name\":\"Bulvar 216\u2019da Yaz Ak\u015famlar\u0131 M\u00fczik, At\u00f6lye ve Dansla Renkleniyor\"}]},{\"@type\":\"WebSite\",\"@id\":\"https:\/\/denizcankizil.tr\/#website\",\"url\":\"https:\/\/denizcankizil.tr\/\",\"name\":\"Av. Deniz Can K\u0131z\u0131l\",\"description\":\"Avukat Deniz Can K\u0131z\u0131l Antalya Barosu\",\"publisher\":{\"@id\":\"https:\/\/denizcankizil.tr\/#organization\"},\"potentialAction\":[{\"@type\":\"SearchAction\",\"target\":{\"@type\":\"EntryPoint\",\"urlTemplate\":\"https:\/\/denizcankizil.tr\/?s={search_term_string}\"},\"query-input\":{\"@type\":\"PropertyValueSpecification\",\"valueRequired\":true,\"valueName\":\"search_term_string\"}}],\"inLanguage\":\"en-GB\"},{\"@type\":\"Organization\",\"@id\":\"https:\/\/denizcankizil.tr\/#organization\",\"name\":\"Av. Deniz Can K\u0131z\u0131l\",\"url\":\"https:\/\/denizcankizil.tr\/\",\"logo\":{\"@type\":\"ImageObject\",\"inLanguage\":\"en-GB\",\"@id\":\"https:\/\/denizcankizil.tr\/#\/schema\/logo\/image\/\",\"url\":\"https:\/\/denizcankizil.tr\/wp-content\/uploads\/2024\/10\/siyah-logo-svg.svg\",\"contentUrl\":\"https:\/\/denizcankizil.tr\/wp-content\/uploads\/2024\/10\/siyah-logo-svg.svg\",\"width\":1080,\"height\":1080,\"caption\":\"Av. Deniz Can K\u0131z\u0131l\"},\"image\":{\"@id\":\"https:\/\/denizcankizil.tr\/#\/schema\/logo\/image\/\"}},{\"@type\":\"Person\",\"@id\":\"https:\/\/denizcankizil.tr\/#\/schema\/person\/be3c05fe6a12686905512445d8185489\",\"name\":\"admin\",\"image\":{\"@type\":\"ImageObject\",\"inLanguage\":\"en-GB\",\"@id\":\"https:\/\/denizcankizil.tr\/#\/schema\/person\/image\/\",\"url\":\"https:\/\/secure.gravatar.com\/avatar\/c1fce94c830dc79107e174f890d7210541c4a63e8e5d816341794a2151c9d58c?s=96&d=mm&r=g\",\"contentUrl\":\"https:\/\/secure.gravatar.com\/avatar\/c1fce94c830dc79107e174f890d7210541c4a63e8e5d816341794a2151c9d58c?s=96&d=mm&r=g\",\"caption\":\"admin\"},\"sameAs\":[\"http:\/\/denizcankizil.tr\"],\"url\":\"https:\/\/www.iskenderun.org\/bulvar-216da-yaz-aksamlari-muzik-atolye-ve-dansla-renkleniyor\"}]}<\/script>\n<!-- \/ Yoast SEO Premium plugin. -->","yoast_head_json":{"title":"Bulvar 216\u2019da Yaz Ak\u015famlar\u0131 M\u00fczik, At\u00f6lye ve Dansla Renkleniyor - Av. Deniz Can K\u0131z\u0131l","robots":{"index":"index","follow":"follow","max-snippet":"max-snippet:-1","max-image-preview":"max-image-preview:large","max-video-preview":"max-video-preview:-1"},"canonical":"https:\/\/denizcankizil.tr\/en\/haberler\/gundem\/bulvar-216da-yaz-aksamlari-muzik-atolye-ve-dansla-renkleniyor\/","og_locale":"en_GB","og_type":"article","og_title":"Bulvar 216\u2019da Yaz Ak\u015famlar\u0131 M\u00fczik, At\u00f6lye ve Dansla Renkleniyor","og_description":"Ata\u015fehir\u2019in kalbinde yer alan Bulvar 216, Temmuz ay\u0131nda m\u00fczik, sanat ve dans dolu etkinlikleriyle \u015fehrin ritmini a\u00e7\u0131k havaya ta\u015f\u0131yor. \u200bAta\u015fehir\u2019in kalbinde yer alan Bulvar 216, Temmuz ay\u0131nda m\u00fczik, sanat ve dans dolu etkinlikleriyle \u015fehrin ritmini a\u00e7\u0131k havaya ta\u015f\u0131yor.\u00a0 \u200bHaberin Al\u0131nt\u0131land\u0131\u011f\u0131 Kaynak: www.iskenderun.org","og_url":"https:\/\/denizcankizil.tr\/en\/haberler\/gundem\/bulvar-216da-yaz-aksamlari-muzik-atolye-ve-dansla-renkleniyor\/","og_site_name":"Av. Deniz Can K\u0131z\u0131l","article_published_time":"2025-07-02T03:42:27+00:00","author":"admin","twitter_card":"summary_large_image","twitter_misc":{"Written by":"admin"},"schema":{"@context":"https:\/\/schema.org","@graph":[{"@type":"Article","@id":"https:\/\/denizcankizil.tr\/en\/haberler\/gundem\/bulvar-216da-yaz-aksamlari-muzik-atolye-ve-dansla-renkleniyor\/#article","isPartOf":{"@id":"https:\/\/denizcankizil.tr\/en\/haberler\/gundem\/bulvar-216da-yaz-aksamlari-muzik-atolye-ve-dansla-renkleniyor\/"},"author":{"name":"admin","@id":"https:\/\/denizcankizil.tr\/#\/schema\/person\/be3c05fe6a12686905512445d8185489"},"headline":"Bulvar 216\u2019da Yaz Ak\u015famlar\u0131 M\u00fczik, At\u00f6lye ve Dansla Renkleniyor","datePublished":"2025-07-02T03:42:27+00:00","mainEntityOfPage":{"@id":"https:\/\/denizcankizil.tr\/en\/haberler\/gundem\/bulvar-216da-yaz-aksamlari-muzik-atolye-ve-dansla-renkleniyor\/"},"wordCount":68,"publisher":{"@id":"https:\/\/denizcankizil.tr\/#organization"},"articleSection":["G\u00fcndem"],"inLanguage":"en-GB"},{"@type":"WebPage","@id":"https:\/\/denizcankizil.tr\/en\/haberler\/gundem\/bulvar-216da-yaz-aksamlari-muzik-atolye-ve-dansla-renkleniyor\/","url":"https:\/\/denizcankizil.tr\/en\/haberler\/gundem\/bulvar-216da-yaz-aksamlari-muzik-atolye-ve-dansla-renkleniyor\/","name":"Bulvar 216\u2019da Yaz Ak\u015famlar\u0131 M\u00fczik, At\u00f6lye ve Dansla Renkleniyor - Av. Deniz Can K\u0131z\u0131l","isPartOf":{"@id":"https:\/\/denizcankizil.tr\/#website"},"datePublished":"2025-07-02T03:42:27+00:00","breadcrumb":{"@id":"https:\/\/denizcankizil.tr\/en\/haberler\/gundem\/bulvar-216da-yaz-aksamlari-muzik-atolye-ve-dansla-renkleniyor\/#breadcrumb"},"inLanguage":"en-GB","potentialAction":[{"@type":"ReadAction","target":["https:\/\/denizcankizil.tr\/en\/haberler\/gundem\/bulvar-216da-yaz-aksamlari-muzik-atolye-ve-dansla-renkleniyor\/"]}]},{"@type":"BreadcrumbList","@id":"https:\/\/denizcankizil.tr\/en\/haberler\/gundem\/bulvar-216da-yaz-aksamlari-muzik-atolye-ve-dansla-renkleniyor\/#breadcrumb","itemListElement":[{"@type":"ListItem","position":1,"name":"Home","item":"https:\/\/denizcankizil.tr\/uk\/"},{"@type":"ListItem","position":2,"name":"Bulvar 216\u2019da Yaz Ak\u015famlar\u0131 M\u00fczik, At\u00f6lye ve Dansla Renkleniyor"}]},{"@type":"WebSite","@id":"https:\/\/denizcankizil.tr\/#website","url":"https:\/\/denizcankizil.tr\/","name":"Av. Deniz Can K\u0131z\u0131l","description":"Avukat Deniz Can K\u0131z\u0131l Antalya Barosu","publisher":{"@id":"https:\/\/denizcankizil.tr\/#organization"},"potentialAction":[{"@type":"SearchAction","target":{"@type":"EntryPoint","urlTemplate":"https:\/\/denizcankizil.tr\/?s={search_term_string}"},"query-input":{"@type":"PropertyValueSpecification","valueRequired":true,"valueName":"search_term_string"}}],"inLanguage":"en-GB"},{"@type":"Organization","@id":"https:\/\/denizcankizil.tr\/#organization","name":"Av. Deniz Can K\u0131z\u0131l","url":"https:\/\/denizcankizil.tr\/","logo":{"@type":"ImageObject","inLanguage":"en-GB","@id":"https:\/\/denizcankizil.tr\/#\/schema\/logo\/image\/","url":"https:\/\/denizcankizil.tr\/wp-content\/uploads\/2024\/10\/siyah-logo-svg.svg","contentUrl":"https:\/\/denizcankizil.tr\/wp-content\/uploads\/2024\/10\/siyah-logo-svg.svg","width":1080,"height":1080,"caption":"Av. Deniz Can K\u0131z\u0131l"},"image":{"@id":"https:\/\/denizcankizil.tr\/#\/schema\/logo\/image\/"}},{"@type":"Person","@id":"https:\/\/denizcankizil.tr\/#\/schema\/person\/be3c05fe6a12686905512445d8185489","name":"admin","image":{"@type":"ImageObject","inLanguage":"en-GB","@id":"https:\/\/denizcankizil.tr\/#\/schema\/person\/image\/","url":"https:\/\/secure.gravatar.com\/avatar\/c1fce94c830dc79107e174f890d7210541c4a63e8e5d816341794a2151c9d58c?s=96&d=mm&r=g","contentUrl":"https:\/\/secure.gravatar.com\/avatar\/c1fce94c830dc79107e174f890d7210541c4a63e8e5d816341794a2151c9d58c?s=96&d=mm&r=g","caption":"admin"},"sameAs":["http:\/\/denizcankizil.tr"],"url":"https:\/\/www.iskenderun.org\/bulvar-216da-yaz-aksamlari-muzik-atolye-ve-dansla-renkleniyor"}]}},"_links":{"self":[{"href":"https:\/\/denizcankizil.tr\/en\/wp-json\/wp\/v2\/posts\/133246","targetHints":{"allow":["GET"]}}],"collection":[{"href":"https:\/\/denizcankizil.tr\/en\/wp-json\/wp\/v2\/posts"}],"about":[{"href":"https:\/\/denizcankizil.tr\/en\/wp-json\/wp\/v2\/types\/post"}],"author":[{"embeddable":true,"href":"https:\/\/denizcankizil.tr\/en\/wp-json\/wp\/v2\/users\/1"}],"replies":[{"embeddable":true,"href":"https:\/\/denizcankizil.tr\/en\/wp-json\/wp\/v2\/comments?post=133246"}],"version-history":[{"count":0,"href":"https:\/\/denizcankizil.tr\/en\/wp-json\/wp\/v2\/posts\/133246\/revisions"}],"wp:attachment":[{"href":"https:\/\/denizcankizil.tr\/en\/wp-json\/wp\/v2\/media?parent=133246"}],"wp:term":[{"taxonomy":"category","embeddable":true,"href":"https:\/\/denizcankizil.tr\/en\/wp-json\/wp\/v2\/categories?post=133246"},{"taxonomy":"post_tag","embeddable":true,"href":"https:\/\/denizcankizil.tr\/en\/wp-json\/wp\/v2\/tags?post=133246"}],"curies":[{"name":"wp","href":"https:\/\/api.w.org\/{rel}","templated":true}]}}