{"id":132616,"date":"2025-07-01T17:41:18","date_gmt":"2025-07-01T14:41:18","guid":{"rendered":"https:\/\/denizcankizil.tr\/uncategorized-tr\/antalyadaki-yanginlarda-trafo-ve-elektrik-direkler-etkili-oldu\/"},"modified":"2025-07-01T17:41:18","modified_gmt":"2025-07-01T14:41:18","slug":"antalyadaki-yanginlarda-trafo-ve-elektrik-direkler-etkili-oldu","status":"publish","type":"post","link":"https:\/\/denizcankizil.tr\/en\/haberler\/gundem\/antalyadaki-yanginlarda-trafo-ve-elektrik-direkler-etkili-oldu\/","title":{"rendered":"Antalya&#8217;daki yang\u0131nlarda trafo ve elektrik direkler etkili oldu"},"content":{"rendered":"<p>Antalya&#8217;da s\u0131cak havalarla birlikte a\u015f\u0131r\u0131 elektrik t\u00fcketimi sebebiyle trafolarda ve elektrik da\u011f\u0131t\u0131m hatlar\u0131nda yang\u0131n \u00e7\u0131kmaya ba\u015flad\u0131. Muratpa\u015fa il\u00e7esinde bir trafo patlaman\u0131n ard\u0131ndan yanarken, Gazipa\u015fa&#8217;daki elektrik da\u011f\u0131t\u0131m dire\u011finde 2 g\u00fcn \u00f6nce alev alan teller vatanda\u015flar\u0131 tedirgin etti.<\/p>\n<p>BAZI TRAFO VE ELEKTR\u0130K HATLARI SORUN OLU\u015eTURMAYA BA\u015eLADI <\/p>\n<p>S\u0131cak havalar\u0131n artmas\u0131yla birlikte yo\u011fun elektrik kullan\u0131m\u0131n\u0131n artt\u0131\u011f\u0131 Antalya&#8217;da, baz\u0131 trafo ve elektrik hatlar\u0131nda sorun olu\u015fmaya ba\u015flad\u0131. Bug\u00fcn \u00f6\u011fle saatlerinde Muratpa\u015fa il\u00e7esi Tah\u0131lpazar\u0131 Mahallesi&#8217;ndeki bir trafoda yang\u0131n \u00e7\u0131kt\u0131. \u00c7evredeki esnaflar\u0131n haber vermesi \u00fczerine olay yerine itfaiye ekipleri sevk edildi. Ekipler trafodaki yang\u0131n\u0131 s\u00f6nd\u00fcr\u00fcrken, b\u00f6lgede bir s\u00fcreli\u011fine elektrik kesintisi ya\u015fand\u0131. B\u00f6lge sakinlerinden Emine Tetik, &#8220;Y\u0131l\u0131n bu zamanlar\u0131nda genelde bu t\u00fcr durumlarla kar\u015f\u0131la\u015f\u0131yoruz. \u0130tfaiye, polis geliyor ama bir \u00e7\u00f6z\u00fcme kavu\u015fmuyor. Bug\u00fcn de trafo yand\u0131, itfaiye gelip s\u00f6nd\u00fcrd\u00fc gitti&#8221; dedi. Gazipa\u015fa il\u00e7esinde ise 2 g\u00fcn \u00f6nce elektrik dire\u011findeki da\u011f\u0131t\u0131m tellerinde yang\u0131n \u00e7\u0131kt\u0131. O anlar vatanda\u015flar cep telefonuna yans\u0131d\u0131.<\/p>\n<p>\u200bAntalya&#8217;da ekstrem s\u0131cakl\u0131klar\u0131n ba\u015flamas\u0131yla trafo ve elektrik direk yang\u0131nlar\u0131 \u00e7\u0131kmaya ba\u015flad\u0131. Muratpa\u015fa&#8217;daki \u00e7\u0131kan yang\u0131nda trafo etkili olurken, Gazipa\u015fa&#8217;da elektrik da\u011f\u0131t\u0131m dire\u011finden \u00e7\u0131kan k\u0131v\u0131lc\u0131mlar yang\u0131na neden oldu.\u00a0<\/p>\n<p>\u200bHaberin Al\u0131nt\u0131land\u0131\u011f\u0131 Kaynak: www.antalyakorfez.com<\/p>","protected":false},"excerpt":{"rendered":"<p>Antalya&#8217;da s\u0131cak havalarla birlikte a\u015f\u0131r\u0131 elektrik t\u00fcketimi sebebiyle trafolarda ve elektrik da\u011f\u0131t\u0131m hatlar\u0131nda yang\u0131n \u00e7\u0131kmaya ba\u015flad\u0131. Muratpa\u015fa il\u00e7esinde bir trafo patlaman\u0131n ard\u0131ndan yanarken, Gazipa\u015fa&#8217;daki elektrik da\u011f\u0131t\u0131m dire\u011finde 2 g\u00fcn \u00f6nce alev alan teller vatanda\u015flar\u0131 tedirgin etti. BAZI TRAFO VE ELEKTR\u0130K HATLARI SORUN OLU\u015eTURMAYA BA\u015eLADI S\u0131cak havalar\u0131n artmas\u0131yla birlikte yo\u011fun elektrik kullan\u0131m\u0131n\u0131n artt\u0131\u011f\u0131 Antalya&#8217;da, baz\u0131 trafo ve elektrik hatlar\u0131nda sorun olu\u015fmaya ba\u015flad\u0131. Bug\u00fcn \u00f6\u011fle saatlerinde Muratpa\u015fa il\u00e7esi Tah\u0131lpazar\u0131 Mahallesi&#8217;ndeki bir trafoda yang\u0131n \u00e7\u0131kt\u0131. \u00c7evredeki esnaflar\u0131n haber vermesi \u00fczerine olay yerine itfaiye ekipleri sevk edildi. Ekipler trafodaki yang\u0131n\u0131 s\u00f6nd\u00fcr\u00fcrken, b\u00f6lgede bir s\u00fcreli\u011fine elektrik kesintisi ya\u015fand\u0131. B\u00f6lge sakinlerinden Emine Tetik, &#8220;Y\u0131l\u0131n bu zamanlar\u0131nda genelde bu t\u00fcr durumlarla kar\u015f\u0131la\u015f\u0131yoruz. \u0130tfaiye, polis geliyor ama bir \u00e7\u00f6z\u00fcme kavu\u015fmuyor. Bug\u00fcn de trafo yand\u0131, itfaiye gelip s\u00f6nd\u00fcrd\u00fc gitti&#8221; dedi. Gazipa\u015fa il\u00e7esinde ise 2 g\u00fcn \u00f6nce elektrik dire\u011findeki da\u011f\u0131t\u0131m tellerinde yang\u0131n \u00e7\u0131kt\u0131. O anlar vatanda\u015flar cep telefonuna yans\u0131d\u0131. \u200bAntalya&#8217;da ekstrem s\u0131cakl\u0131klar\u0131n ba\u015flamas\u0131yla trafo ve elektrik direk yang\u0131nlar\u0131 \u00e7\u0131kmaya ba\u015flad\u0131. Muratpa\u015fa&#8217;daki \u00e7\u0131kan yang\u0131nda trafo etkili olurken, Gazipa\u015fa&#8217;da elektrik da\u011f\u0131t\u0131m dire\u011finden \u00e7\u0131kan k\u0131v\u0131lc\u0131mlar yang\u0131na neden oldu.\u00a0 \u200bHaberin Al\u0131nt\u0131land\u0131\u011f\u0131 Kaynak: www.antalyakorfez.com<\/p>","protected":false},"author":5,"featured_media":0,"comment_status":"","ping_status":"open","sticky":false,"template":"","format":"standard","meta":{"_acf_changed":false,"footnotes":""},"categories":[24],"tags":[],"class_list":["post-132616","post","type-post","status-publish","format-standard","has-post-thumbnail","hentry","category-gundem"],"acf":[],"yoast_head":"<!-- This site is optimized with the Yoast SEO Premium plugin v26.6 (Yoast SEO v27.1.1) - https:\/\/yoast.com\/product\/yoast-seo-premium-wordpress\/ -->\n<title>Antalya&#039;daki yang\u0131nlarda trafo ve elektrik direkler etkili oldu - Av. Deniz Can K\u0131z\u0131l<\/title>\n<meta name=\"robots\" content=\"index, follow, max-snippet:-1, max-image-preview:large, max-video-preview:-1\" \/>\n<link rel=\"canonical\" href=\"https:\/\/denizcankizil.tr\/en\/haberler\/gundem\/antalyadaki-yanginlarda-trafo-ve-elektrik-direkler-etkili-oldu\/\" \/>\n<meta property=\"og:locale\" content=\"en_GB\" \/>\n<meta property=\"og:type\" content=\"article\" \/>\n<meta property=\"og:title\" content=\"Antalya&#039;daki yang\u0131nlarda trafo ve elektrik direkler etkili oldu\" \/>\n<meta property=\"og:description\" content=\"Antalya&#8217;da s\u0131cak havalarla birlikte a\u015f\u0131r\u0131 elektrik t\u00fcketimi sebebiyle trafolarda ve elektrik da\u011f\u0131t\u0131m hatlar\u0131nda yang\u0131n \u00e7\u0131kmaya ba\u015flad\u0131. Muratpa\u015fa il\u00e7esinde bir trafo patlaman\u0131n ard\u0131ndan yanarken, Gazipa\u015fa&#8217;daki elektrik da\u011f\u0131t\u0131m dire\u011finde 2 g\u00fcn \u00f6nce alev alan teller vatanda\u015flar\u0131 tedirgin etti. BAZI TRAFO VE ELEKTR\u0130K HATLARI SORUN OLU\u015eTURMAYA BA\u015eLADI S\u0131cak havalar\u0131n artmas\u0131yla birlikte yo\u011fun elektrik kullan\u0131m\u0131n\u0131n artt\u0131\u011f\u0131 Antalya&#8217;da, baz\u0131 trafo ve elektrik hatlar\u0131nda sorun olu\u015fmaya ba\u015flad\u0131. Bug\u00fcn \u00f6\u011fle saatlerinde Muratpa\u015fa il\u00e7esi Tah\u0131lpazar\u0131 Mahallesi&#8217;ndeki bir trafoda yang\u0131n \u00e7\u0131kt\u0131. \u00c7evredeki esnaflar\u0131n haber vermesi \u00fczerine olay yerine itfaiye ekipleri sevk edildi. Ekipler trafodaki yang\u0131n\u0131 s\u00f6nd\u00fcr\u00fcrken, b\u00f6lgede bir s\u00fcreli\u011fine elektrik kesintisi ya\u015fand\u0131. B\u00f6lge sakinlerinden Emine Tetik, &#8220;Y\u0131l\u0131n bu zamanlar\u0131nda genelde bu t\u00fcr durumlarla kar\u015f\u0131la\u015f\u0131yoruz. \u0130tfaiye, polis geliyor ama bir \u00e7\u00f6z\u00fcme kavu\u015fmuyor. Bug\u00fcn de trafo yand\u0131, itfaiye gelip s\u00f6nd\u00fcrd\u00fc gitti&#8221; dedi. Gazipa\u015fa il\u00e7esinde ise 2 g\u00fcn \u00f6nce elektrik dire\u011findeki da\u011f\u0131t\u0131m tellerinde yang\u0131n \u00e7\u0131kt\u0131. O anlar vatanda\u015flar cep telefonuna yans\u0131d\u0131. \u200bAntalya&#8217;da ekstrem s\u0131cakl\u0131klar\u0131n ba\u015flamas\u0131yla trafo ve elektrik direk yang\u0131nlar\u0131 \u00e7\u0131kmaya ba\u015flad\u0131. Muratpa\u015fa&#8217;daki \u00e7\u0131kan yang\u0131nda trafo etkili olurken, Gazipa\u015fa&#8217;da elektrik da\u011f\u0131t\u0131m dire\u011finden \u00e7\u0131kan k\u0131v\u0131lc\u0131mlar yang\u0131na neden oldu.\u00a0 \u200bHaberin Al\u0131nt\u0131land\u0131\u011f\u0131 Kaynak: www.antalyakorfez.com\" \/>\n<meta property=\"og:url\" content=\"https:\/\/denizcankizil.tr\/en\/haberler\/gundem\/antalyadaki-yanginlarda-trafo-ve-elektrik-direkler-etkili-oldu\/\" \/>\n<meta property=\"og:site_name\" content=\"Av. Deniz Can K\u0131z\u0131l\" \/>\n<meta property=\"article:published_time\" content=\"2025-07-01T14:41:18+00:00\" \/>\n<meta name=\"author\" content=\"Antalya K\u00f6rfez\" \/>\n<meta name=\"twitter:card\" content=\"summary_large_image\" \/>\n<meta name=\"twitter:label1\" content=\"Written by\" \/>\n\t<meta name=\"twitter:data1\" content=\"Antalya K\u00f6rfez\" \/>\n\t<meta name=\"twitter:label2\" content=\"Estimated reading time\" \/>\n\t<meta name=\"twitter:data2\" content=\"1 minute\" \/>\n<script type=\"application\/ld+json\" class=\"yoast-schema-graph\">{\"@context\":\"https:\/\/schema.org\",\"@graph\":[{\"@type\":\"Article\",\"@id\":\"https:\/\/denizcankizil.tr\/en\/haberler\/gundem\/antalyadaki-yanginlarda-trafo-ve-elektrik-direkler-etkili-oldu\/#article\",\"isPartOf\":{\"@id\":\"https:\/\/denizcankizil.tr\/en\/haberler\/gundem\/antalyadaki-yanginlarda-trafo-ve-elektrik-direkler-etkili-oldu\/\"},\"author\":{\"name\":\"Antalya K\u00f6rfez\",\"@id\":\"https:\/\/denizcankizil.tr\/de\/#\/schema\/person\/e1eb71bb4dd684d46563f0af307e1234\"},\"headline\":\"Antalya&#8217;daki yang\u0131nlarda trafo ve elektrik direkler etkili oldu\",\"datePublished\":\"2025-07-01T14:41:18+00:00\",\"mainEntityOfPage\":{\"@id\":\"https:\/\/denizcankizil.tr\/en\/haberler\/gundem\/antalyadaki-yanginlarda-trafo-ve-elektrik-direkler-etkili-oldu\/\"},\"wordCount\":271,\"publisher\":{\"@id\":\"https:\/\/denizcankizil.tr\/de\/#organization\"},\"articleSection\":[\"G\u00fcndem\"],\"inLanguage\":\"en-GB\"},{\"@type\":\"WebPage\",\"@id\":\"https:\/\/denizcankizil.tr\/en\/haberler\/gundem\/antalyadaki-yanginlarda-trafo-ve-elektrik-direkler-etkili-oldu\/\",\"url\":\"https:\/\/denizcankizil.tr\/en\/haberler\/gundem\/antalyadaki-yanginlarda-trafo-ve-elektrik-direkler-etkili-oldu\/\",\"name\":\"Antalya'daki yang\u0131nlarda trafo ve elektrik direkler etkili oldu - Av. Deniz Can K\u0131z\u0131l\",\"isPartOf\":{\"@id\":\"https:\/\/denizcankizil.tr\/de\/#website\"},\"datePublished\":\"2025-07-01T14:41:18+00:00\",\"breadcrumb\":{\"@id\":\"https:\/\/denizcankizil.tr\/en\/haberler\/gundem\/antalyadaki-yanginlarda-trafo-ve-elektrik-direkler-etkili-oldu\/#breadcrumb\"},\"inLanguage\":\"en-GB\",\"potentialAction\":[{\"@type\":\"ReadAction\",\"target\":[\"https:\/\/denizcankizil.tr\/en\/haberler\/gundem\/antalyadaki-yanginlarda-trafo-ve-elektrik-direkler-etkili-oldu\/\"]}]},{\"@type\":\"BreadcrumbList\",\"@id\":\"https:\/\/denizcankizil.tr\/en\/haberler\/gundem\/antalyadaki-yanginlarda-trafo-ve-elektrik-direkler-etkili-oldu\/#breadcrumb\",\"itemListElement\":[{\"@type\":\"ListItem\",\"position\":1,\"name\":\"Home\",\"item\":\"https:\/\/denizcankizil.tr\/de\/\"},{\"@type\":\"ListItem\",\"position\":2,\"name\":\"Antalya&#8217;daki yang\u0131nlarda trafo ve elektrik direkler etkili oldu\"}]},{\"@type\":\"WebSite\",\"@id\":\"https:\/\/denizcankizil.tr\/de\/#website\",\"url\":\"https:\/\/denizcankizil.tr\/de\/\",\"name\":\"Av. Deniz Can K\u0131z\u0131l\",\"description\":\"Avukat Deniz Can K\u0131z\u0131l Antalya Barosu\",\"publisher\":{\"@id\":\"https:\/\/denizcankizil.tr\/de\/#organization\"},\"potentialAction\":[{\"@type\":\"SearchAction\",\"target\":{\"@type\":\"EntryPoint\",\"urlTemplate\":\"https:\/\/denizcankizil.tr\/de\/?s={search_term_string}\"},\"query-input\":{\"@type\":\"PropertyValueSpecification\",\"valueRequired\":true,\"valueName\":\"search_term_string\"}}],\"inLanguage\":\"en-GB\"},{\"@type\":\"Organization\",\"@id\":\"https:\/\/denizcankizil.tr\/de\/#organization\",\"name\":\"Av. Deniz Can K\u0131z\u0131l\",\"url\":\"https:\/\/denizcankizil.tr\/de\/\",\"logo\":{\"@type\":\"ImageObject\",\"inLanguage\":\"en-GB\",\"@id\":\"https:\/\/denizcankizil.tr\/de\/#\/schema\/logo\/image\/\",\"url\":\"https:\/\/denizcankizil.tr\/wp-content\/uploads\/2024\/10\/siyah-logo-svg.svg\",\"contentUrl\":\"https:\/\/denizcankizil.tr\/wp-content\/uploads\/2024\/10\/siyah-logo-svg.svg\",\"width\":1080,\"height\":1080,\"caption\":\"Av. Deniz Can K\u0131z\u0131l\"},\"image\":{\"@id\":\"https:\/\/denizcankizil.tr\/de\/#\/schema\/logo\/image\/\"}},{\"@type\":\"Person\",\"@id\":\"https:\/\/denizcankizil.tr\/de\/#\/schema\/person\/e1eb71bb4dd684d46563f0af307e1234\",\"name\":\"Antalya K\u00f6rfez\",\"image\":{\"@type\":\"ImageObject\",\"inLanguage\":\"en-GB\",\"@id\":\"https:\/\/denizcankizil.tr\/de\/#\/schema\/person\/image\/\",\"url\":\"https:\/\/secure.gravatar.com\/avatar\/42b01982558a48a0b501fdcab6a408d3717ea5919095ee2e67b0e521799c5905?s=96&d=mm&r=g\",\"contentUrl\":\"https:\/\/secure.gravatar.com\/avatar\/42b01982558a48a0b501fdcab6a408d3717ea5919095ee2e67b0e521799c5905?s=96&d=mm&r=g\",\"caption\":\"Antalya K\u00f6rfez\"},\"sameAs\":[\"http:\/\/www.antalyakorfez.com\"],\"url\":\"https:\/\/www.antalyakorfez.com\/antalyadaki-yanginlarda-trafo-ve-elektrik-direkler-etkili-oldu\"}]}<\/script>\n<!-- \/ Yoast SEO Premium plugin. -->","yoast_head_json":{"title":"Antalya'daki yang\u0131nlarda trafo ve elektrik direkler etkili oldu - Av. Deniz Can K\u0131z\u0131l","robots":{"index":"index","follow":"follow","max-snippet":"max-snippet:-1","max-image-preview":"max-image-preview:large","max-video-preview":"max-video-preview:-1"},"canonical":"https:\/\/denizcankizil.tr\/en\/haberler\/gundem\/antalyadaki-yanginlarda-trafo-ve-elektrik-direkler-etkili-oldu\/","og_locale":"en_GB","og_type":"article","og_title":"Antalya'daki yang\u0131nlarda trafo ve elektrik direkler etkili oldu","og_description":"Antalya&#8217;da s\u0131cak havalarla birlikte a\u015f\u0131r\u0131 elektrik t\u00fcketimi sebebiyle trafolarda ve elektrik da\u011f\u0131t\u0131m hatlar\u0131nda yang\u0131n \u00e7\u0131kmaya ba\u015flad\u0131. Muratpa\u015fa il\u00e7esinde bir trafo patlaman\u0131n ard\u0131ndan yanarken, Gazipa\u015fa&#8217;daki elektrik da\u011f\u0131t\u0131m dire\u011finde 2 g\u00fcn \u00f6nce alev alan teller vatanda\u015flar\u0131 tedirgin etti. BAZI TRAFO VE ELEKTR\u0130K HATLARI SORUN OLU\u015eTURMAYA BA\u015eLADI S\u0131cak havalar\u0131n artmas\u0131yla birlikte yo\u011fun elektrik kullan\u0131m\u0131n\u0131n artt\u0131\u011f\u0131 Antalya&#8217;da, baz\u0131 trafo ve elektrik hatlar\u0131nda sorun olu\u015fmaya ba\u015flad\u0131. Bug\u00fcn \u00f6\u011fle saatlerinde Muratpa\u015fa il\u00e7esi Tah\u0131lpazar\u0131 Mahallesi&#8217;ndeki bir trafoda yang\u0131n \u00e7\u0131kt\u0131. \u00c7evredeki esnaflar\u0131n haber vermesi \u00fczerine olay yerine itfaiye ekipleri sevk edildi. Ekipler trafodaki yang\u0131n\u0131 s\u00f6nd\u00fcr\u00fcrken, b\u00f6lgede bir s\u00fcreli\u011fine elektrik kesintisi ya\u015fand\u0131. B\u00f6lge sakinlerinden Emine Tetik, &#8220;Y\u0131l\u0131n bu zamanlar\u0131nda genelde bu t\u00fcr durumlarla kar\u015f\u0131la\u015f\u0131yoruz. \u0130tfaiye, polis geliyor ama bir \u00e7\u00f6z\u00fcme kavu\u015fmuyor. Bug\u00fcn de trafo yand\u0131, itfaiye gelip s\u00f6nd\u00fcrd\u00fc gitti&#8221; dedi. Gazipa\u015fa il\u00e7esinde ise 2 g\u00fcn \u00f6nce elektrik dire\u011findeki da\u011f\u0131t\u0131m tellerinde yang\u0131n \u00e7\u0131kt\u0131. O anlar vatanda\u015flar cep telefonuna yans\u0131d\u0131. \u200bAntalya&#8217;da ekstrem s\u0131cakl\u0131klar\u0131n ba\u015flamas\u0131yla trafo ve elektrik direk yang\u0131nlar\u0131 \u00e7\u0131kmaya ba\u015flad\u0131. Muratpa\u015fa&#8217;daki \u00e7\u0131kan yang\u0131nda trafo etkili olurken, Gazipa\u015fa&#8217;da elektrik da\u011f\u0131t\u0131m dire\u011finden \u00e7\u0131kan k\u0131v\u0131lc\u0131mlar yang\u0131na neden oldu.\u00a0 \u200bHaberin Al\u0131nt\u0131land\u0131\u011f\u0131 Kaynak: www.antalyakorfez.com","og_url":"https:\/\/denizcankizil.tr\/en\/haberler\/gundem\/antalyadaki-yanginlarda-trafo-ve-elektrik-direkler-etkili-oldu\/","og_site_name":"Av. Deniz Can K\u0131z\u0131l","article_published_time":"2025-07-01T14:41:18+00:00","author":"Antalya K\u00f6rfez","twitter_card":"summary_large_image","twitter_misc":{"Written by":"Antalya K\u00f6rfez","Estimated reading time":"1 minute"},"schema":{"@context":"https:\/\/schema.org","@graph":[{"@type":"Article","@id":"https:\/\/denizcankizil.tr\/en\/haberler\/gundem\/antalyadaki-yanginlarda-trafo-ve-elektrik-direkler-etkili-oldu\/#article","isPartOf":{"@id":"https:\/\/denizcankizil.tr\/en\/haberler\/gundem\/antalyadaki-yanginlarda-trafo-ve-elektrik-direkler-etkili-oldu\/"},"author":{"name":"Antalya K\u00f6rfez","@id":"https:\/\/denizcankizil.tr\/de\/#\/schema\/person\/e1eb71bb4dd684d46563f0af307e1234"},"headline":"Antalya&#8217;daki yang\u0131nlarda trafo ve elektrik direkler etkili oldu","datePublished":"2025-07-01T14:41:18+00:00","mainEntityOfPage":{"@id":"https:\/\/denizcankizil.tr\/en\/haberler\/gundem\/antalyadaki-yanginlarda-trafo-ve-elektrik-direkler-etkili-oldu\/"},"wordCount":271,"publisher":{"@id":"https:\/\/denizcankizil.tr\/de\/#organization"},"articleSection":["G\u00fcndem"],"inLanguage":"en-GB"},{"@type":"WebPage","@id":"https:\/\/denizcankizil.tr\/en\/haberler\/gundem\/antalyadaki-yanginlarda-trafo-ve-elektrik-direkler-etkili-oldu\/","url":"https:\/\/denizcankizil.tr\/en\/haberler\/gundem\/antalyadaki-yanginlarda-trafo-ve-elektrik-direkler-etkili-oldu\/","name":"Antalya'daki yang\u0131nlarda trafo ve elektrik direkler etkili oldu - Av. Deniz Can K\u0131z\u0131l","isPartOf":{"@id":"https:\/\/denizcankizil.tr\/de\/#website"},"datePublished":"2025-07-01T14:41:18+00:00","breadcrumb":{"@id":"https:\/\/denizcankizil.tr\/en\/haberler\/gundem\/antalyadaki-yanginlarda-trafo-ve-elektrik-direkler-etkili-oldu\/#breadcrumb"},"inLanguage":"en-GB","potentialAction":[{"@type":"ReadAction","target":["https:\/\/denizcankizil.tr\/en\/haberler\/gundem\/antalyadaki-yanginlarda-trafo-ve-elektrik-direkler-etkili-oldu\/"]}]},{"@type":"BreadcrumbList","@id":"https:\/\/denizcankizil.tr\/en\/haberler\/gundem\/antalyadaki-yanginlarda-trafo-ve-elektrik-direkler-etkili-oldu\/#breadcrumb","itemListElement":[{"@type":"ListItem","position":1,"name":"Home","item":"https:\/\/denizcankizil.tr\/de\/"},{"@type":"ListItem","position":2,"name":"Antalya&#8217;daki yang\u0131nlarda trafo ve elektrik direkler etkili oldu"}]},{"@type":"WebSite","@id":"https:\/\/denizcankizil.tr\/de\/#website","url":"https:\/\/denizcankizil.tr\/de\/","name":"Av. Deniz Can K\u0131z\u0131l","description":"Avukat Deniz Can K\u0131z\u0131l Antalya Barosu","publisher":{"@id":"https:\/\/denizcankizil.tr\/de\/#organization"},"potentialAction":[{"@type":"SearchAction","target":{"@type":"EntryPoint","urlTemplate":"https:\/\/denizcankizil.tr\/de\/?s={search_term_string}"},"query-input":{"@type":"PropertyValueSpecification","valueRequired":true,"valueName":"search_term_string"}}],"inLanguage":"en-GB"},{"@type":"Organization","@id":"https:\/\/denizcankizil.tr\/de\/#organization","name":"Av. Deniz Can K\u0131z\u0131l","url":"https:\/\/denizcankizil.tr\/de\/","logo":{"@type":"ImageObject","inLanguage":"en-GB","@id":"https:\/\/denizcankizil.tr\/de\/#\/schema\/logo\/image\/","url":"https:\/\/denizcankizil.tr\/wp-content\/uploads\/2024\/10\/siyah-logo-svg.svg","contentUrl":"https:\/\/denizcankizil.tr\/wp-content\/uploads\/2024\/10\/siyah-logo-svg.svg","width":1080,"height":1080,"caption":"Av. Deniz Can K\u0131z\u0131l"},"image":{"@id":"https:\/\/denizcankizil.tr\/de\/#\/schema\/logo\/image\/"}},{"@type":"Person","@id":"https:\/\/denizcankizil.tr\/de\/#\/schema\/person\/e1eb71bb4dd684d46563f0af307e1234","name":"Antalya K\u00f6rfez","image":{"@type":"ImageObject","inLanguage":"en-GB","@id":"https:\/\/denizcankizil.tr\/de\/#\/schema\/person\/image\/","url":"https:\/\/secure.gravatar.com\/avatar\/42b01982558a48a0b501fdcab6a408d3717ea5919095ee2e67b0e521799c5905?s=96&d=mm&r=g","contentUrl":"https:\/\/secure.gravatar.com\/avatar\/42b01982558a48a0b501fdcab6a408d3717ea5919095ee2e67b0e521799c5905?s=96&d=mm&r=g","caption":"Antalya K\u00f6rfez"},"sameAs":["http:\/\/www.antalyakorfez.com"],"url":"https:\/\/www.antalyakorfez.com\/antalyadaki-yanginlarda-trafo-ve-elektrik-direkler-etkili-oldu"}]}},"_links":{"self":[{"href":"https:\/\/denizcankizil.tr\/en\/wp-json\/wp\/v2\/posts\/132616","targetHints":{"allow":["GET"]}}],"collection":[{"href":"https:\/\/denizcankizil.tr\/en\/wp-json\/wp\/v2\/posts"}],"about":[{"href":"https:\/\/denizcankizil.tr\/en\/wp-json\/wp\/v2\/types\/post"}],"author":[{"embeddable":true,"href":"https:\/\/denizcankizil.tr\/en\/wp-json\/wp\/v2\/users\/5"}],"replies":[{"embeddable":true,"href":"https:\/\/denizcankizil.tr\/en\/wp-json\/wp\/v2\/comments?post=132616"}],"version-history":[{"count":0,"href":"https:\/\/denizcankizil.tr\/en\/wp-json\/wp\/v2\/posts\/132616\/revisions"}],"wp:attachment":[{"href":"https:\/\/denizcankizil.tr\/en\/wp-json\/wp\/v2\/media?parent=132616"}],"wp:term":[{"taxonomy":"category","embeddable":true,"href":"https:\/\/denizcankizil.tr\/en\/wp-json\/wp\/v2\/categories?post=132616"},{"taxonomy":"post_tag","embeddable":true,"href":"https:\/\/denizcankizil.tr\/en\/wp-json\/wp\/v2\/tags?post=132616"}],"curies":[{"name":"wp","href":"https:\/\/api.w.org\/{rel}","templated":true}]}}