{"id":132520,"date":"2025-07-01T14:43:00","date_gmt":"2025-07-01T11:43:00","guid":{"rendered":"https:\/\/denizcankizil.tr\/uncategorized-tr\/95-hektar-alan-ve-160-yapi-zarar-gordu\/"},"modified":"2025-07-01T14:43:00","modified_gmt":"2025-07-01T11:43:00","slug":"95-hektar-alan-ve-160-yapi-zarar-gordu","status":"publish","type":"post","link":"https:\/\/denizcankizil.tr\/en\/haberler\/gundem\/95-hektar-alan-ve-160-yapi-zarar-gordu\/","title":{"rendered":"95 Hektar Alan ve 160 Yap\u0131 Zarar G\u00f6rd\u00fc&#8230;"},"content":{"rendered":"<p>Hatay\u2019da iki g\u00fcnd\u00fcr devam eden orman yang\u0131nlar\u0131, Antakya\u2019da bir\u00e7ok noktada etkili olmaya devam ediyor. \u015eu ana kadar 160 yap\u0131ya zarar veren, r\u00fczgar\u0131n etkisiyle \u00e7al\u0131\u015fmalar\u0131 g\u00fc\u00e7le\u015ftirdi\u011fi alevlere hem havadan hem karadan m\u00fcdahale zor \u015fartlarda devletin t\u00fcm birimleriyle y\u00f6re halk\u0131n\u0131n da kat\u0131l\u0131m\u0131yla cansiperane y\u00fcr\u00fct\u00fcl\u00fcrken, yang\u0131n b\u00f6lgesinde adeta bir seferberlik ruhu ya\u015fan\u0131yor.<\/p>\n<p>YANGINA 457 ARA\u00c7 VE <\/p>\n<p>1205 PERSONEL M\u00dcDAHALE ED\u0130YOR<\/p>\n<p>Orman yang\u0131n\u0131na devletin t\u00fcm birimleri, \u00e7evre halk\u0131 ve g\u00f6n\u00fcll\u00fclerle birlikte yo\u011fun bir \u015fekilde m\u00fcdahale ediliyor. Toplamda 457 ara\u00e7 ve 1205 personelin g\u00f6rev ald\u0131\u011f\u0131 s\u00f6nd\u00fcrme \u00e7al\u0131\u015fmalar\u0131na, g\u00fcn\u00fcn ilk \u0131\u015f\u0131klar\u0131yla birlikte 5 helikopterle havadan destek sa\u011fland\u0131. Gece boyunca da karadan m\u00fcdahale kesintisiz \u015fekilde s\u00fcrd\u00fc.<\/p>\n<p>Tahliyeler Devam Ediyor<\/p>\n<p>Yang\u0131n\u0131n etkili oldu\u011fu Karaali, Karl\u0131su ve \u00dc\u00e7gedik mahallelerinde tahliyeler ba\u015flat\u0131ld\u0131. \u015eu ana kadar 1680 vatanda\u015f g\u00fcvenli b\u00f6lgelere nakledilirken, ah\u0131rlarda bulunan hayvanlar da tahliye edildi. Vatanda\u015flar, Mustafa Kemal \u00dcniversitesi (MK\u00dc) KYK Yurdu\u2019nda misafir ediliyor.<\/p>\n<p>Hatay Halk\u0131 Tek Y\u00fcrek Oldu<\/p>\n<p>Yang\u0131nla m\u00fccadeleye b\u00f6lge halk\u0131 da b\u00fcy\u00fck destek veriyor. K\u00f6yl\u00fcler, trakt\u00f6rlerine takt\u0131klar\u0131 su tankerleriyle s\u00f6nd\u00fcrme \u00e7al\u0131\u015fmalar\u0131na kat\u0131l\u0131rken, baz\u0131 beton santralleri mikserlerini su ta\u015f\u0131ma arac\u0131 olarak kullan\u0131ma sundu. Vatanda\u015flar ise m\u00fccadele eden ekiplere su ve ayran ikram ederek moral veriyor.<\/p>\n<p>\u200bHatay\u2019da Antakya ba\u015fta olmak \u00fczerek bir\u00e7ok noktada iki g\u00fcn \u00f6nce meydana gelen, 95 hektar alanda etkili olan orman yang\u0131n\u0131na devletin t\u00fcm birimleriyle birlikte \u00e7evredeki vatanda\u015flar, havadan helikopterler, karadan da ekipler alevlere m\u00fcdahalesini s\u00fcrd\u00fcr\u00fcyor.\u00a0<\/p>\n<p>\u200bHaberin Al\u0131nt\u0131land\u0131\u011f\u0131 Kaynak: www.iskenderun.org<\/p>","protected":false},"excerpt":{"rendered":"<p>Hatay\u2019da iki g\u00fcnd\u00fcr devam eden orman yang\u0131nlar\u0131, Antakya\u2019da bir\u00e7ok noktada etkili olmaya devam ediyor. \u015eu ana kadar 160 yap\u0131ya zarar veren, r\u00fczgar\u0131n etkisiyle \u00e7al\u0131\u015fmalar\u0131 g\u00fc\u00e7le\u015ftirdi\u011fi alevlere hem havadan hem karadan m\u00fcdahale zor \u015fartlarda devletin t\u00fcm birimleriyle y\u00f6re halk\u0131n\u0131n da kat\u0131l\u0131m\u0131yla cansiperane y\u00fcr\u00fct\u00fcl\u00fcrken, yang\u0131n b\u00f6lgesinde adeta bir seferberlik ruhu ya\u015fan\u0131yor. YANGINA 457 ARA\u00c7 VE 1205 PERSONEL M\u00dcDAHALE ED\u0130YOR Orman yang\u0131n\u0131na devletin t\u00fcm birimleri, \u00e7evre halk\u0131 ve g\u00f6n\u00fcll\u00fclerle birlikte yo\u011fun bir \u015fekilde m\u00fcdahale ediliyor. Toplamda 457 ara\u00e7 ve 1205 personelin g\u00f6rev ald\u0131\u011f\u0131 s\u00f6nd\u00fcrme \u00e7al\u0131\u015fmalar\u0131na, g\u00fcn\u00fcn ilk \u0131\u015f\u0131klar\u0131yla birlikte 5 helikopterle havadan destek sa\u011fland\u0131. Gece boyunca da karadan m\u00fcdahale kesintisiz \u015fekilde s\u00fcrd\u00fc. Tahliyeler Devam Ediyor Yang\u0131n\u0131n etkili oldu\u011fu Karaali, Karl\u0131su ve \u00dc\u00e7gedik mahallelerinde tahliyeler ba\u015flat\u0131ld\u0131. \u015eu ana kadar 1680 vatanda\u015f g\u00fcvenli b\u00f6lgelere nakledilirken, ah\u0131rlarda bulunan hayvanlar da tahliye edildi. Vatanda\u015flar, Mustafa Kemal \u00dcniversitesi (MK\u00dc) KYK Yurdu\u2019nda misafir ediliyor. Hatay Halk\u0131 Tek Y\u00fcrek Oldu Yang\u0131nla m\u00fccadeleye b\u00f6lge halk\u0131 da b\u00fcy\u00fck destek veriyor. K\u00f6yl\u00fcler, trakt\u00f6rlerine takt\u0131klar\u0131 su tankerleriyle s\u00f6nd\u00fcrme \u00e7al\u0131\u015fmalar\u0131na kat\u0131l\u0131rken, baz\u0131 beton santralleri mikserlerini su ta\u015f\u0131ma arac\u0131 olarak kullan\u0131ma sundu. Vatanda\u015flar ise m\u00fccadele eden ekiplere su ve ayran ikram ederek moral veriyor. \u200bHatay\u2019da Antakya ba\u015fta olmak \u00fczerek bir\u00e7ok noktada iki g\u00fcn \u00f6nce meydana gelen, 95 hektar alanda etkili olan orman yang\u0131n\u0131na devletin t\u00fcm birimleriyle &hellip;<\/p>","protected":false},"author":1,"featured_media":0,"comment_status":"","ping_status":"open","sticky":false,"template":"","format":"standard","meta":{"_acf_changed":false,"footnotes":""},"categories":[24],"tags":[],"class_list":["post-132520","post","type-post","status-publish","format-standard","has-post-thumbnail","hentry","category-gundem"],"acf":[],"yoast_head":"<!-- This site is optimized with the Yoast SEO Premium plugin v26.6 (Yoast SEO v27.1.1) - https:\/\/yoast.com\/product\/yoast-seo-premium-wordpress\/ -->\n<title>95 Hektar Alan ve 160 Yap\u0131 Zarar G\u00f6rd\u00fc... - Av. Deniz Can K\u0131z\u0131l<\/title>\n<meta name=\"robots\" content=\"index, follow, max-snippet:-1, max-image-preview:large, max-video-preview:-1\" \/>\n<link rel=\"canonical\" href=\"https:\/\/denizcankizil.tr\/en\/haberler\/gundem\/95-hektar-alan-ve-160-yapi-zarar-gordu\/\" \/>\n<meta property=\"og:locale\" content=\"en_GB\" \/>\n<meta property=\"og:type\" content=\"article\" \/>\n<meta property=\"og:title\" content=\"95 Hektar Alan ve 160 Yap\u0131 Zarar G\u00f6rd\u00fc...\" \/>\n<meta property=\"og:description\" content=\"Hatay\u2019da iki g\u00fcnd\u00fcr devam eden orman yang\u0131nlar\u0131, Antakya\u2019da bir\u00e7ok noktada etkili olmaya devam ediyor. \u015eu ana kadar 160 yap\u0131ya zarar veren, r\u00fczgar\u0131n etkisiyle \u00e7al\u0131\u015fmalar\u0131 g\u00fc\u00e7le\u015ftirdi\u011fi alevlere hem havadan hem karadan m\u00fcdahale zor \u015fartlarda devletin t\u00fcm birimleriyle y\u00f6re halk\u0131n\u0131n da kat\u0131l\u0131m\u0131yla cansiperane y\u00fcr\u00fct\u00fcl\u00fcrken, yang\u0131n b\u00f6lgesinde adeta bir seferberlik ruhu ya\u015fan\u0131yor. YANGINA 457 ARA\u00c7 VE 1205 PERSONEL M\u00dcDAHALE ED\u0130YOR Orman yang\u0131n\u0131na devletin t\u00fcm birimleri, \u00e7evre halk\u0131 ve g\u00f6n\u00fcll\u00fclerle birlikte yo\u011fun bir \u015fekilde m\u00fcdahale ediliyor. Toplamda 457 ara\u00e7 ve 1205 personelin g\u00f6rev ald\u0131\u011f\u0131 s\u00f6nd\u00fcrme \u00e7al\u0131\u015fmalar\u0131na, g\u00fcn\u00fcn ilk \u0131\u015f\u0131klar\u0131yla birlikte 5 helikopterle havadan destek sa\u011fland\u0131. Gece boyunca da karadan m\u00fcdahale kesintisiz \u015fekilde s\u00fcrd\u00fc. Tahliyeler Devam Ediyor Yang\u0131n\u0131n etkili oldu\u011fu Karaali, Karl\u0131su ve \u00dc\u00e7gedik mahallelerinde tahliyeler ba\u015flat\u0131ld\u0131. \u015eu ana kadar 1680 vatanda\u015f g\u00fcvenli b\u00f6lgelere nakledilirken, ah\u0131rlarda bulunan hayvanlar da tahliye edildi. Vatanda\u015flar, Mustafa Kemal \u00dcniversitesi (MK\u00dc) KYK Yurdu\u2019nda misafir ediliyor. Hatay Halk\u0131 Tek Y\u00fcrek Oldu Yang\u0131nla m\u00fccadeleye b\u00f6lge halk\u0131 da b\u00fcy\u00fck destek veriyor. K\u00f6yl\u00fcler, trakt\u00f6rlerine takt\u0131klar\u0131 su tankerleriyle s\u00f6nd\u00fcrme \u00e7al\u0131\u015fmalar\u0131na kat\u0131l\u0131rken, baz\u0131 beton santralleri mikserlerini su ta\u015f\u0131ma arac\u0131 olarak kullan\u0131ma sundu. Vatanda\u015flar ise m\u00fccadele eden ekiplere su ve ayran ikram ederek moral veriyor. \u200bHatay\u2019da Antakya ba\u015fta olmak \u00fczerek bir\u00e7ok noktada iki g\u00fcn \u00f6nce meydana gelen, 95 hektar alanda etkili olan orman yang\u0131n\u0131na devletin t\u00fcm birimleriyle &hellip;\" \/>\n<meta property=\"og:url\" content=\"https:\/\/denizcankizil.tr\/en\/haberler\/gundem\/95-hektar-alan-ve-160-yapi-zarar-gordu\/\" \/>\n<meta property=\"og:site_name\" content=\"Av. Deniz Can K\u0131z\u0131l\" \/>\n<meta property=\"article:published_time\" content=\"2025-07-01T11:43:00+00:00\" \/>\n<meta name=\"author\" content=\"admin\" \/>\n<meta name=\"twitter:card\" content=\"summary_large_image\" \/>\n<meta name=\"twitter:label1\" content=\"Written by\" \/>\n\t<meta name=\"twitter:data1\" content=\"admin\" \/>\n\t<meta name=\"twitter:label2\" content=\"Estimated reading time\" \/>\n\t<meta name=\"twitter:data2\" content=\"2 minutes\" \/>\n<script type=\"application\/ld+json\" class=\"yoast-schema-graph\">{\"@context\":\"https:\/\/schema.org\",\"@graph\":[{\"@type\":\"Article\",\"@id\":\"https:\/\/denizcankizil.tr\/ru\/haberler\/gundem\/95-hektar-alan-ve-160-yapi-zarar-gordu\/#article\",\"isPartOf\":{\"@id\":\"https:\/\/denizcankizil.tr\/ru\/haberler\/gundem\/95-hektar-alan-ve-160-yapi-zarar-gordu\/\"},\"author\":{\"name\":\"admin\",\"@id\":\"https:\/\/denizcankizil.tr\/de\/#\/schema\/person\/be3c05fe6a12686905512445d8185489\"},\"headline\":\"95 Hektar Alan ve 160 Yap\u0131 Zarar G\u00f6rd\u00fc&#8230;\",\"datePublished\":\"2025-07-01T11:43:00+00:00\",\"mainEntityOfPage\":{\"@id\":\"https:\/\/denizcankizil.tr\/ru\/haberler\/gundem\/95-hektar-alan-ve-160-yapi-zarar-gordu\/\"},\"wordCount\":311,\"publisher\":{\"@id\":\"https:\/\/denizcankizil.tr\/de\/#organization\"},\"articleSection\":[\"G\u00fcndem\"],\"inLanguage\":\"en-GB\"},{\"@type\":\"WebPage\",\"@id\":\"https:\/\/denizcankizil.tr\/ru\/haberler\/gundem\/95-hektar-alan-ve-160-yapi-zarar-gordu\/\",\"url\":\"https:\/\/denizcankizil.tr\/ru\/haberler\/gundem\/95-hektar-alan-ve-160-yapi-zarar-gordu\/\",\"name\":\"95 Hektar Alan ve 160 Yap\u0131 Zarar G\u00f6rd\u00fc... - Av. Deniz Can K\u0131z\u0131l\",\"isPartOf\":{\"@id\":\"https:\/\/denizcankizil.tr\/de\/#website\"},\"datePublished\":\"2025-07-01T11:43:00+00:00\",\"breadcrumb\":{\"@id\":\"https:\/\/denizcankizil.tr\/ru\/haberler\/gundem\/95-hektar-alan-ve-160-yapi-zarar-gordu\/#breadcrumb\"},\"inLanguage\":\"en-GB\",\"potentialAction\":[{\"@type\":\"ReadAction\",\"target\":[\"https:\/\/denizcankizil.tr\/ru\/haberler\/gundem\/95-hektar-alan-ve-160-yapi-zarar-gordu\/\"]}]},{\"@type\":\"BreadcrumbList\",\"@id\":\"https:\/\/denizcankizil.tr\/ru\/haberler\/gundem\/95-hektar-alan-ve-160-yapi-zarar-gordu\/#breadcrumb\",\"itemListElement\":[{\"@type\":\"ListItem\",\"position\":1,\"name\":\"Home\",\"item\":\"https:\/\/denizcankizil.tr\/de\/\"},{\"@type\":\"ListItem\",\"position\":2,\"name\":\"95 Hektar Alan ve 160 Yap\u0131 Zarar G\u00f6rd\u00fc&#8230;\"}]},{\"@type\":\"WebSite\",\"@id\":\"https:\/\/denizcankizil.tr\/de\/#website\",\"url\":\"https:\/\/denizcankizil.tr\/de\/\",\"name\":\"Av. Deniz Can K\u0131z\u0131l\",\"description\":\"Avukat Deniz Can K\u0131z\u0131l Antalya Barosu\",\"publisher\":{\"@id\":\"https:\/\/denizcankizil.tr\/de\/#organization\"},\"potentialAction\":[{\"@type\":\"SearchAction\",\"target\":{\"@type\":\"EntryPoint\",\"urlTemplate\":\"https:\/\/denizcankizil.tr\/de\/?s={search_term_string}\"},\"query-input\":{\"@type\":\"PropertyValueSpecification\",\"valueRequired\":true,\"valueName\":\"search_term_string\"}}],\"inLanguage\":\"en-GB\"},{\"@type\":\"Organization\",\"@id\":\"https:\/\/denizcankizil.tr\/de\/#organization\",\"name\":\"Av. Deniz Can K\u0131z\u0131l\",\"url\":\"https:\/\/denizcankizil.tr\/de\/\",\"logo\":{\"@type\":\"ImageObject\",\"inLanguage\":\"en-GB\",\"@id\":\"https:\/\/denizcankizil.tr\/de\/#\/schema\/logo\/image\/\",\"url\":\"https:\/\/denizcankizil.tr\/wp-content\/uploads\/2024\/10\/siyah-logo-svg.svg\",\"contentUrl\":\"https:\/\/denizcankizil.tr\/wp-content\/uploads\/2024\/10\/siyah-logo-svg.svg\",\"width\":1080,\"height\":1080,\"caption\":\"Av. Deniz Can K\u0131z\u0131l\"},\"image\":{\"@id\":\"https:\/\/denizcankizil.tr\/de\/#\/schema\/logo\/image\/\"}},{\"@type\":\"Person\",\"@id\":\"https:\/\/denizcankizil.tr\/de\/#\/schema\/person\/be3c05fe6a12686905512445d8185489\",\"name\":\"admin\",\"image\":{\"@type\":\"ImageObject\",\"inLanguage\":\"en-GB\",\"@id\":\"https:\/\/denizcankizil.tr\/de\/#\/schema\/person\/image\/\",\"url\":\"https:\/\/secure.gravatar.com\/avatar\/c1fce94c830dc79107e174f890d7210541c4a63e8e5d816341794a2151c9d58c?s=96&d=mm&r=g\",\"contentUrl\":\"https:\/\/secure.gravatar.com\/avatar\/c1fce94c830dc79107e174f890d7210541c4a63e8e5d816341794a2151c9d58c?s=96&d=mm&r=g\",\"caption\":\"admin\"},\"sameAs\":[\"http:\/\/denizcankizil.tr\"],\"url\":\"https:\/\/www.iskenderun.org\/95-hektar-alan-ve-160-yapi-zarar-gordu\"}]}<\/script>\n<!-- \/ Yoast SEO Premium plugin. -->","yoast_head_json":{"title":"95 Hektar Alan ve 160 Yap\u0131 Zarar G\u00f6rd\u00fc... - Av. Deniz Can K\u0131z\u0131l","robots":{"index":"index","follow":"follow","max-snippet":"max-snippet:-1","max-image-preview":"max-image-preview:large","max-video-preview":"max-video-preview:-1"},"canonical":"https:\/\/denizcankizil.tr\/en\/haberler\/gundem\/95-hektar-alan-ve-160-yapi-zarar-gordu\/","og_locale":"en_GB","og_type":"article","og_title":"95 Hektar Alan ve 160 Yap\u0131 Zarar G\u00f6rd\u00fc...","og_description":"Hatay\u2019da iki g\u00fcnd\u00fcr devam eden orman yang\u0131nlar\u0131, Antakya\u2019da bir\u00e7ok noktada etkili olmaya devam ediyor. \u015eu ana kadar 160 yap\u0131ya zarar veren, r\u00fczgar\u0131n etkisiyle \u00e7al\u0131\u015fmalar\u0131 g\u00fc\u00e7le\u015ftirdi\u011fi alevlere hem havadan hem karadan m\u00fcdahale zor \u015fartlarda devletin t\u00fcm birimleriyle y\u00f6re halk\u0131n\u0131n da kat\u0131l\u0131m\u0131yla cansiperane y\u00fcr\u00fct\u00fcl\u00fcrken, yang\u0131n b\u00f6lgesinde adeta bir seferberlik ruhu ya\u015fan\u0131yor. YANGINA 457 ARA\u00c7 VE 1205 PERSONEL M\u00dcDAHALE ED\u0130YOR Orman yang\u0131n\u0131na devletin t\u00fcm birimleri, \u00e7evre halk\u0131 ve g\u00f6n\u00fcll\u00fclerle birlikte yo\u011fun bir \u015fekilde m\u00fcdahale ediliyor. Toplamda 457 ara\u00e7 ve 1205 personelin g\u00f6rev ald\u0131\u011f\u0131 s\u00f6nd\u00fcrme \u00e7al\u0131\u015fmalar\u0131na, g\u00fcn\u00fcn ilk \u0131\u015f\u0131klar\u0131yla birlikte 5 helikopterle havadan destek sa\u011fland\u0131. Gece boyunca da karadan m\u00fcdahale kesintisiz \u015fekilde s\u00fcrd\u00fc. Tahliyeler Devam Ediyor Yang\u0131n\u0131n etkili oldu\u011fu Karaali, Karl\u0131su ve \u00dc\u00e7gedik mahallelerinde tahliyeler ba\u015flat\u0131ld\u0131. \u015eu ana kadar 1680 vatanda\u015f g\u00fcvenli b\u00f6lgelere nakledilirken, ah\u0131rlarda bulunan hayvanlar da tahliye edildi. Vatanda\u015flar, Mustafa Kemal \u00dcniversitesi (MK\u00dc) KYK Yurdu\u2019nda misafir ediliyor. Hatay Halk\u0131 Tek Y\u00fcrek Oldu Yang\u0131nla m\u00fccadeleye b\u00f6lge halk\u0131 da b\u00fcy\u00fck destek veriyor. K\u00f6yl\u00fcler, trakt\u00f6rlerine takt\u0131klar\u0131 su tankerleriyle s\u00f6nd\u00fcrme \u00e7al\u0131\u015fmalar\u0131na kat\u0131l\u0131rken, baz\u0131 beton santralleri mikserlerini su ta\u015f\u0131ma arac\u0131 olarak kullan\u0131ma sundu. Vatanda\u015flar ise m\u00fccadele eden ekiplere su ve ayran ikram ederek moral veriyor. \u200bHatay\u2019da Antakya ba\u015fta olmak \u00fczerek bir\u00e7ok noktada iki g\u00fcn \u00f6nce meydana gelen, 95 hektar alanda etkili olan orman yang\u0131n\u0131na devletin t\u00fcm birimleriyle &hellip;","og_url":"https:\/\/denizcankizil.tr\/en\/haberler\/gundem\/95-hektar-alan-ve-160-yapi-zarar-gordu\/","og_site_name":"Av. Deniz Can K\u0131z\u0131l","article_published_time":"2025-07-01T11:43:00+00:00","author":"admin","twitter_card":"summary_large_image","twitter_misc":{"Written by":"admin","Estimated reading time":"2 minutes"},"schema":{"@context":"https:\/\/schema.org","@graph":[{"@type":"Article","@id":"https:\/\/denizcankizil.tr\/ru\/haberler\/gundem\/95-hektar-alan-ve-160-yapi-zarar-gordu\/#article","isPartOf":{"@id":"https:\/\/denizcankizil.tr\/ru\/haberler\/gundem\/95-hektar-alan-ve-160-yapi-zarar-gordu\/"},"author":{"name":"admin","@id":"https:\/\/denizcankizil.tr\/de\/#\/schema\/person\/be3c05fe6a12686905512445d8185489"},"headline":"95 Hektar Alan ve 160 Yap\u0131 Zarar G\u00f6rd\u00fc&#8230;","datePublished":"2025-07-01T11:43:00+00:00","mainEntityOfPage":{"@id":"https:\/\/denizcankizil.tr\/ru\/haberler\/gundem\/95-hektar-alan-ve-160-yapi-zarar-gordu\/"},"wordCount":311,"publisher":{"@id":"https:\/\/denizcankizil.tr\/de\/#organization"},"articleSection":["G\u00fcndem"],"inLanguage":"en-GB"},{"@type":"WebPage","@id":"https:\/\/denizcankizil.tr\/ru\/haberler\/gundem\/95-hektar-alan-ve-160-yapi-zarar-gordu\/","url":"https:\/\/denizcankizil.tr\/ru\/haberler\/gundem\/95-hektar-alan-ve-160-yapi-zarar-gordu\/","name":"95 Hektar Alan ve 160 Yap\u0131 Zarar G\u00f6rd\u00fc... - Av. Deniz Can K\u0131z\u0131l","isPartOf":{"@id":"https:\/\/denizcankizil.tr\/de\/#website"},"datePublished":"2025-07-01T11:43:00+00:00","breadcrumb":{"@id":"https:\/\/denizcankizil.tr\/ru\/haberler\/gundem\/95-hektar-alan-ve-160-yapi-zarar-gordu\/#breadcrumb"},"inLanguage":"en-GB","potentialAction":[{"@type":"ReadAction","target":["https:\/\/denizcankizil.tr\/ru\/haberler\/gundem\/95-hektar-alan-ve-160-yapi-zarar-gordu\/"]}]},{"@type":"BreadcrumbList","@id":"https:\/\/denizcankizil.tr\/ru\/haberler\/gundem\/95-hektar-alan-ve-160-yapi-zarar-gordu\/#breadcrumb","itemListElement":[{"@type":"ListItem","position":1,"name":"Home","item":"https:\/\/denizcankizil.tr\/de\/"},{"@type":"ListItem","position":2,"name":"95 Hektar Alan ve 160 Yap\u0131 Zarar G\u00f6rd\u00fc&#8230;"}]},{"@type":"WebSite","@id":"https:\/\/denizcankizil.tr\/de\/#website","url":"https:\/\/denizcankizil.tr\/de\/","name":"Av. Deniz Can K\u0131z\u0131l","description":"Avukat Deniz Can K\u0131z\u0131l Antalya Barosu","publisher":{"@id":"https:\/\/denizcankizil.tr\/de\/#organization"},"potentialAction":[{"@type":"SearchAction","target":{"@type":"EntryPoint","urlTemplate":"https:\/\/denizcankizil.tr\/de\/?s={search_term_string}"},"query-input":{"@type":"PropertyValueSpecification","valueRequired":true,"valueName":"search_term_string"}}],"inLanguage":"en-GB"},{"@type":"Organization","@id":"https:\/\/denizcankizil.tr\/de\/#organization","name":"Av. Deniz Can K\u0131z\u0131l","url":"https:\/\/denizcankizil.tr\/de\/","logo":{"@type":"ImageObject","inLanguage":"en-GB","@id":"https:\/\/denizcankizil.tr\/de\/#\/schema\/logo\/image\/","url":"https:\/\/denizcankizil.tr\/wp-content\/uploads\/2024\/10\/siyah-logo-svg.svg","contentUrl":"https:\/\/denizcankizil.tr\/wp-content\/uploads\/2024\/10\/siyah-logo-svg.svg","width":1080,"height":1080,"caption":"Av. Deniz Can K\u0131z\u0131l"},"image":{"@id":"https:\/\/denizcankizil.tr\/de\/#\/schema\/logo\/image\/"}},{"@type":"Person","@id":"https:\/\/denizcankizil.tr\/de\/#\/schema\/person\/be3c05fe6a12686905512445d8185489","name":"admin","image":{"@type":"ImageObject","inLanguage":"en-GB","@id":"https:\/\/denizcankizil.tr\/de\/#\/schema\/person\/image\/","url":"https:\/\/secure.gravatar.com\/avatar\/c1fce94c830dc79107e174f890d7210541c4a63e8e5d816341794a2151c9d58c?s=96&d=mm&r=g","contentUrl":"https:\/\/secure.gravatar.com\/avatar\/c1fce94c830dc79107e174f890d7210541c4a63e8e5d816341794a2151c9d58c?s=96&d=mm&r=g","caption":"admin"},"sameAs":["http:\/\/denizcankizil.tr"],"url":"https:\/\/www.iskenderun.org\/95-hektar-alan-ve-160-yapi-zarar-gordu"}]}},"_links":{"self":[{"href":"https:\/\/denizcankizil.tr\/en\/wp-json\/wp\/v2\/posts\/132520","targetHints":{"allow":["GET"]}}],"collection":[{"href":"https:\/\/denizcankizil.tr\/en\/wp-json\/wp\/v2\/posts"}],"about":[{"href":"https:\/\/denizcankizil.tr\/en\/wp-json\/wp\/v2\/types\/post"}],"author":[{"embeddable":true,"href":"https:\/\/denizcankizil.tr\/en\/wp-json\/wp\/v2\/users\/1"}],"replies":[{"embeddable":true,"href":"https:\/\/denizcankizil.tr\/en\/wp-json\/wp\/v2\/comments?post=132520"}],"version-history":[{"count":0,"href":"https:\/\/denizcankizil.tr\/en\/wp-json\/wp\/v2\/posts\/132520\/revisions"}],"wp:attachment":[{"href":"https:\/\/denizcankizil.tr\/en\/wp-json\/wp\/v2\/media?parent=132520"}],"wp:term":[{"taxonomy":"category","embeddable":true,"href":"https:\/\/denizcankizil.tr\/en\/wp-json\/wp\/v2\/categories?post=132520"},{"taxonomy":"post_tag","embeddable":true,"href":"https:\/\/denizcankizil.tr\/en\/wp-json\/wp\/v2\/tags?post=132520"}],"curies":[{"name":"wp","href":"https:\/\/api.w.org\/{rel}","templated":true}]}}