{"id":132473,"date":"2025-07-01T14:41:28","date_gmt":"2025-07-01T11:41:28","guid":{"rendered":"https:\/\/denizcankizil.tr\/uncategorized-tr\/3-cocugunun-annesini-17-bicak-darbesiyle-olduren-saniga-agirlastirilmis-muebbet\/"},"modified":"2025-07-01T14:41:28","modified_gmt":"2025-07-01T11:41:28","slug":"3-cocugunun-annesini-17-bicak-darbesiyle-olduren-saniga-agirlastirilmis-muebbet","status":"publish","type":"post","link":"https:\/\/denizcankizil.tr\/en\/haberler\/antalya\/3-cocugunun-annesini-17-bicak-darbesiyle-olduren-saniga-agirlastirilmis-muebbet\/","title":{"rendered":"3 \u00c7ocu\u011funun Annesini 17 B\u0131\u00e7ak Darbesiyle \u00d6ld\u00fcren San\u0131\u011fa A\u011f\u0131rla\u015ft\u0131r\u0131lm\u0131\u015f M\u00fcebbet!"},"content":{"rendered":"<p>ANTALYA&#8217;da 10 y\u0131ld\u0131r dini nikahla ya\u015fad\u0131\u011f\u0131 3 \u00e7ocu\u011funun annesi Burcu Gezersoy&#8217;u (26) 17 b\u0131\u00e7ak darbesiyle \u00f6ld\u00fcren Y\u0131lmaz G\u00fcnd\u00fcz (38), a\u011f\u0131rla\u015ft\u0131r\u0131lm\u0131\u015f \u00f6m\u00fcr boyu hapis cezas\u0131na \u00e7arpt\u0131r\u0131ld\u0131.<\/p>\n<p>Olay, 15 Ocak 2024&#8217;te saat 00.30 s\u0131ralar\u0131nda Kepez il\u00e7esi Baraj Mahallesi\u2019nde meydana geldi. Hal\u0131 pazarlamac\u0131l\u0131\u011f\u0131 yapan Y\u0131lmaz G\u00fcnd\u00fcz ile 10 y\u0131ld\u0131r dini nikahla ya\u015fad\u0131\u011f\u0131 Burcu Gezersoy aras\u0131nda tart\u0131\u015fma \u00e7\u0131kt\u0131. Tart\u0131\u015fma s\u0131ras\u0131nda Y\u0131lmaz G\u00fcnd\u00fcz, evde bulunan ekmek b\u0131\u00e7a\u011f\u0131yla Gezersoy&#8217;u 17 b\u0131\u00e7ak darbesiyle yaralad\u0131. Kavga seslerini duyan kom\u015fular\u0131n ihbar\u0131yla adrese gelen polis ekipleri, Gezersoy\u2019u kanlar i\u00e7inde buldu. Sa\u011fl\u0131k ekibince Kepez Devlet Hastanesi&#8217;ne kald\u0131r\u0131lan kad\u0131n, kurtar\u0131lamad\u0131. Ayn\u0131 b\u0131\u00e7akla kendisini de yaralay\u0131p, taburcu olduktan sonra g\u00f6zalt\u0131na al\u0131nan Y\u0131lmaz G\u00fcnd\u00fcz tutukland\u0131. Y\u0131lmaz G\u00fcnd\u00fcz hakk\u0131nda &#8216;Kasten \u00f6ld\u00fcrme&#8217; su\u00e7undan dava a\u00e7\u0131ld\u0131.<\/p>\n<p>&#8216;KAFAM G\u0130D\u0130P GEL\u0130YOR&#8217;<\/p>\n<p>Antalya 4. A\u011f\u0131r Ceza Mahkemesi&#8217;nde g\u00f6r\u00fclen karar duru\u015fmas\u0131na, tutuklu san\u0131k Y\u0131lmaz G\u00fcnd\u00fcz, maktul\u00fcn yak\u0131nlar\u0131 ve taraf avukatlar\u0131 kat\u0131ld\u0131. Duru\u015fmada okunan Adli T\u0131p Kurumu raporunda san\u0131\u011f\u0131n ak\u0131l sa\u011fl\u0131\u011f\u0131n\u0131n yerinde oldu\u011fu belirtildi. Mahkeme ba\u015fkan\u0131n\u0131n san\u0131\u011fa ilk ifadelerini hat\u0131rlatmas\u0131 \u00fczerine G\u00fcnd\u00fcz, &#8220;\u0130fademde &#8216;b\u0131\u00e7aklad\u0131m&#8217; dedi\u011fimi hat\u0131rlam\u0131yorum. Kafam gidip geliyor&#8221; dedi. Mahkeme heyeti, G\u00fcnd\u00fcz&#8217;\u00fc &#8216;Kasten \u00f6ld\u00fcrme&#8217; su\u00e7undan a\u011f\u0131rla\u015ft\u0131r\u0131lm\u0131\u015f \u00f6m\u00fcr boyu hapis cezas\u0131na \u00e7arpt\u0131rd\u0131. San\u0131\u011f\u0131n cezas\u0131nda herhangi bir indirim uygulanmad\u0131.<\/p>\n<p>Kaynak: www.kanalv.com.tr Haber Sitesinden Al\u0131nm\u0131\u015ft\u0131r.<\/p>","protected":false},"excerpt":{"rendered":"<p>ANTALYA&#8217;da 10 y\u0131ld\u0131r dini nikahla ya\u015fad\u0131\u011f\u0131 3 \u00e7ocu\u011funun annesi Burcu Gezersoy&#8217;u (26) 17 b\u0131\u00e7ak darbesiyle \u00f6ld\u00fcren Y\u0131lmaz G\u00fcnd\u00fcz (38), a\u011f\u0131rla\u015ft\u0131r\u0131lm\u0131\u015f \u00f6m\u00fcr boyu hapis cezas\u0131na \u00e7arpt\u0131r\u0131ld\u0131. Olay, 15 Ocak 2024&#8217;te saat 00.30 s\u0131ralar\u0131nda Kepez il\u00e7esi Baraj Mahallesi\u2019nde meydana geldi. Hal\u0131 pazarlamac\u0131l\u0131\u011f\u0131 yapan Y\u0131lmaz G\u00fcnd\u00fcz ile 10 y\u0131ld\u0131r dini nikahla ya\u015fad\u0131\u011f\u0131 Burcu Gezersoy aras\u0131nda tart\u0131\u015fma \u00e7\u0131kt\u0131. Tart\u0131\u015fma s\u0131ras\u0131nda Y\u0131lmaz G\u00fcnd\u00fcz, evde bulunan ekmek b\u0131\u00e7a\u011f\u0131yla Gezersoy&#8217;u 17 b\u0131\u00e7ak darbesiyle yaralad\u0131. Kavga seslerini duyan kom\u015fular\u0131n ihbar\u0131yla adrese gelen polis ekipleri, Gezersoy\u2019u kanlar i\u00e7inde buldu. Sa\u011fl\u0131k ekibince Kepez Devlet Hastanesi&#8217;ne kald\u0131r\u0131lan kad\u0131n, kurtar\u0131lamad\u0131. Ayn\u0131 b\u0131\u00e7akla kendisini de yaralay\u0131p, taburcu olduktan sonra g\u00f6zalt\u0131na al\u0131nan Y\u0131lmaz G\u00fcnd\u00fcz tutukland\u0131. Y\u0131lmaz G\u00fcnd\u00fcz hakk\u0131nda &#8216;Kasten \u00f6ld\u00fcrme&#8217; su\u00e7undan dava a\u00e7\u0131ld\u0131. &#8216;KAFAM G\u0130D\u0130P GEL\u0130YOR&#8217; Antalya 4. A\u011f\u0131r Ceza Mahkemesi&#8217;nde g\u00f6r\u00fclen karar duru\u015fmas\u0131na, tutuklu san\u0131k Y\u0131lmaz G\u00fcnd\u00fcz, maktul\u00fcn yak\u0131nlar\u0131 ve taraf avukatlar\u0131 kat\u0131ld\u0131. Duru\u015fmada okunan Adli T\u0131p Kurumu raporunda san\u0131\u011f\u0131n ak\u0131l sa\u011fl\u0131\u011f\u0131n\u0131n yerinde oldu\u011fu belirtildi. Mahkeme ba\u015fkan\u0131n\u0131n san\u0131\u011fa ilk ifadelerini hat\u0131rlatmas\u0131 \u00fczerine G\u00fcnd\u00fcz, &#8220;\u0130fademde &#8216;b\u0131\u00e7aklad\u0131m&#8217; dedi\u011fimi hat\u0131rlam\u0131yorum. Kafam gidip geliyor&#8221; dedi. Mahkeme heyeti, G\u00fcnd\u00fcz&#8217;\u00fc &#8216;Kasten \u00f6ld\u00fcrme&#8217; su\u00e7undan a\u011f\u0131rla\u015ft\u0131r\u0131lm\u0131\u015f \u00f6m\u00fcr boyu hapis cezas\u0131na \u00e7arpt\u0131rd\u0131. San\u0131\u011f\u0131n cezas\u0131nda herhangi bir indirim uygulanmad\u0131. Kaynak: www.kanalv.com.tr Haber Sitesinden Al\u0131nm\u0131\u015ft\u0131r.<\/p>","protected":false},"author":4,"featured_media":132474,"comment_status":"","ping_status":"open","sticky":false,"template":"","format":"standard","meta":{"_acf_changed":false,"footnotes":""},"categories":[26],"tags":[],"class_list":["post-132473","post","type-post","status-publish","format-standard","has-post-thumbnail","hentry","category-antalya"],"acf":[],"yoast_head":"<!-- This site is optimized with the Yoast SEO Premium plugin v26.6 (Yoast SEO v27.1.1) - https:\/\/yoast.com\/product\/yoast-seo-premium-wordpress\/ -->\n<title>3 \u00c7ocu\u011funun Annesini 17 B\u0131\u00e7ak Darbesiyle \u00d6ld\u00fcren San\u0131\u011fa A\u011f\u0131rla\u015ft\u0131r\u0131lm\u0131\u015f M\u00fcebbet! - Av. Deniz Can K\u0131z\u0131l<\/title>\n<meta name=\"robots\" content=\"index, follow, max-snippet:-1, max-image-preview:large, max-video-preview:-1\" \/>\n<link rel=\"canonical\" href=\"https:\/\/denizcankizil.tr\/en\/haberler\/antalya\/3-cocugunun-annesini-17-bicak-darbesiyle-olduren-saniga-agirlastirilmis-muebbet\/\" \/>\n<meta property=\"og:locale\" content=\"en_GB\" \/>\n<meta property=\"og:type\" content=\"article\" \/>\n<meta property=\"og:title\" content=\"3 \u00c7ocu\u011funun Annesini 17 B\u0131\u00e7ak Darbesiyle \u00d6ld\u00fcren San\u0131\u011fa A\u011f\u0131rla\u015ft\u0131r\u0131lm\u0131\u015f M\u00fcebbet!\" \/>\n<meta property=\"og:description\" content=\"ANTALYA&#8217;da 10 y\u0131ld\u0131r dini nikahla ya\u015fad\u0131\u011f\u0131 3 \u00e7ocu\u011funun annesi Burcu Gezersoy&#8217;u (26) 17 b\u0131\u00e7ak darbesiyle \u00f6ld\u00fcren Y\u0131lmaz G\u00fcnd\u00fcz (38), a\u011f\u0131rla\u015ft\u0131r\u0131lm\u0131\u015f \u00f6m\u00fcr boyu hapis cezas\u0131na \u00e7arpt\u0131r\u0131ld\u0131. Olay, 15 Ocak 2024&#8217;te saat 00.30 s\u0131ralar\u0131nda Kepez il\u00e7esi Baraj Mahallesi\u2019nde meydana geldi. Hal\u0131 pazarlamac\u0131l\u0131\u011f\u0131 yapan Y\u0131lmaz G\u00fcnd\u00fcz ile 10 y\u0131ld\u0131r dini nikahla ya\u015fad\u0131\u011f\u0131 Burcu Gezersoy aras\u0131nda tart\u0131\u015fma \u00e7\u0131kt\u0131. Tart\u0131\u015fma s\u0131ras\u0131nda Y\u0131lmaz G\u00fcnd\u00fcz, evde bulunan ekmek b\u0131\u00e7a\u011f\u0131yla Gezersoy&#8217;u 17 b\u0131\u00e7ak darbesiyle yaralad\u0131. Kavga seslerini duyan kom\u015fular\u0131n ihbar\u0131yla adrese gelen polis ekipleri, Gezersoy\u2019u kanlar i\u00e7inde buldu. Sa\u011fl\u0131k ekibince Kepez Devlet Hastanesi&#8217;ne kald\u0131r\u0131lan kad\u0131n, kurtar\u0131lamad\u0131. Ayn\u0131 b\u0131\u00e7akla kendisini de yaralay\u0131p, taburcu olduktan sonra g\u00f6zalt\u0131na al\u0131nan Y\u0131lmaz G\u00fcnd\u00fcz tutukland\u0131. Y\u0131lmaz G\u00fcnd\u00fcz hakk\u0131nda &#8216;Kasten \u00f6ld\u00fcrme&#8217; su\u00e7undan dava a\u00e7\u0131ld\u0131. &#8216;KAFAM G\u0130D\u0130P GEL\u0130YOR&#8217; Antalya 4. A\u011f\u0131r Ceza Mahkemesi&#8217;nde g\u00f6r\u00fclen karar duru\u015fmas\u0131na, tutuklu san\u0131k Y\u0131lmaz G\u00fcnd\u00fcz, maktul\u00fcn yak\u0131nlar\u0131 ve taraf avukatlar\u0131 kat\u0131ld\u0131. Duru\u015fmada okunan Adli T\u0131p Kurumu raporunda san\u0131\u011f\u0131n ak\u0131l sa\u011fl\u0131\u011f\u0131n\u0131n yerinde oldu\u011fu belirtildi. Mahkeme ba\u015fkan\u0131n\u0131n san\u0131\u011fa ilk ifadelerini hat\u0131rlatmas\u0131 \u00fczerine G\u00fcnd\u00fcz, &#8220;\u0130fademde &#8216;b\u0131\u00e7aklad\u0131m&#8217; dedi\u011fimi hat\u0131rlam\u0131yorum. Kafam gidip geliyor&#8221; dedi. Mahkeme heyeti, G\u00fcnd\u00fcz&#8217;\u00fc &#8216;Kasten \u00f6ld\u00fcrme&#8217; su\u00e7undan a\u011f\u0131rla\u015ft\u0131r\u0131lm\u0131\u015f \u00f6m\u00fcr boyu hapis cezas\u0131na \u00e7arpt\u0131rd\u0131. San\u0131\u011f\u0131n cezas\u0131nda herhangi bir indirim uygulanmad\u0131. Kaynak: www.kanalv.com.tr Haber Sitesinden Al\u0131nm\u0131\u015ft\u0131r.\" \/>\n<meta property=\"og:url\" content=\"https:\/\/denizcankizil.tr\/en\/haberler\/antalya\/3-cocugunun-annesini-17-bicak-darbesiyle-olduren-saniga-agirlastirilmis-muebbet\/\" \/>\n<meta property=\"og:site_name\" content=\"Av. Deniz Can K\u0131z\u0131l\" \/>\n<meta property=\"article:published_time\" content=\"2025-07-01T11:41:28+00:00\" \/>\n<meta property=\"og:image\" content=\"https:\/\/denizcankizil.tr\/wp-content\/uploads\/2025\/07\/web-gorsel-boyut-4-dyCssK.png\" \/>\n\t<meta property=\"og:image:width\" content=\"1280\" \/>\n\t<meta property=\"og:image:height\" content=\"720\" \/>\n\t<meta property=\"og:image:type\" content=\"image\/png\" \/>\n<meta name=\"author\" content=\"Av. Deniz Can K\u0131z\u0131l\" \/>\n<meta name=\"twitter:card\" content=\"summary_large_image\" \/>\n<meta name=\"twitter:label1\" content=\"Written by\" \/>\n\t<meta name=\"twitter:data1\" content=\"Av. Deniz Can K\u0131z\u0131l\" \/>\n\t<meta name=\"twitter:label2\" content=\"Estimated reading time\" \/>\n\t<meta name=\"twitter:data2\" content=\"1 minute\" \/>\n<script type=\"application\/ld+json\" class=\"yoast-schema-graph\">{\"@context\":\"https:\/\/schema.org\",\"@graph\":[{\"@type\":\"Article\",\"@id\":\"https:\/\/denizcankizil.tr\/en\/haberler\/antalya\/3-cocugunun-annesini-17-bicak-darbesiyle-olduren-saniga-agirlastirilmis-muebbet\/#article\",\"isPartOf\":{\"@id\":\"https:\/\/denizcankizil.tr\/en\/haberler\/antalya\/3-cocugunun-annesini-17-bicak-darbesiyle-olduren-saniga-agirlastirilmis-muebbet\/\"},\"author\":{\"name\":\"Av. Deniz Can K\u0131z\u0131l\",\"@id\":\"https:\/\/denizcankizil.tr\/de\/#\/schema\/person\/5dc1b22991bd7ac833867c10afc9b0ff\"},\"headline\":\"3 \u00c7ocu\u011funun Annesini 17 B\u0131\u00e7ak Darbesiyle \u00d6ld\u00fcren San\u0131\u011fa A\u011f\u0131rla\u015ft\u0131r\u0131lm\u0131\u015f M\u00fcebbet!\",\"datePublished\":\"2025-07-01T11:41:28+00:00\",\"mainEntityOfPage\":{\"@id\":\"https:\/\/denizcankizil.tr\/en\/haberler\/antalya\/3-cocugunun-annesini-17-bicak-darbesiyle-olduren-saniga-agirlastirilmis-muebbet\/\"},\"wordCount\":312,\"publisher\":{\"@id\":\"https:\/\/denizcankizil.tr\/de\/#organization\"},\"image\":{\"@id\":\"https:\/\/denizcankizil.tr\/en\/haberler\/antalya\/3-cocugunun-annesini-17-bicak-darbesiyle-olduren-saniga-agirlastirilmis-muebbet\/#primaryimage\"},\"thumbnailUrl\":\"https:\/\/denizcankizil.tr\/wp-content\/uploads\/2025\/07\/web-gorsel-boyut-4-dyCssK.png\",\"articleSection\":[\"Antalya\"],\"inLanguage\":\"en-GB\"},{\"@type\":\"WebPage\",\"@id\":\"https:\/\/denizcankizil.tr\/en\/haberler\/antalya\/3-cocugunun-annesini-17-bicak-darbesiyle-olduren-saniga-agirlastirilmis-muebbet\/\",\"url\":\"https:\/\/denizcankizil.tr\/en\/haberler\/antalya\/3-cocugunun-annesini-17-bicak-darbesiyle-olduren-saniga-agirlastirilmis-muebbet\/\",\"name\":\"3 \u00c7ocu\u011funun Annesini 17 B\u0131\u00e7ak Darbesiyle \u00d6ld\u00fcren San\u0131\u011fa A\u011f\u0131rla\u015ft\u0131r\u0131lm\u0131\u015f M\u00fcebbet! - Av. Deniz Can K\u0131z\u0131l\",\"isPartOf\":{\"@id\":\"https:\/\/denizcankizil.tr\/de\/#website\"},\"primaryImageOfPage\":{\"@id\":\"https:\/\/denizcankizil.tr\/en\/haberler\/antalya\/3-cocugunun-annesini-17-bicak-darbesiyle-olduren-saniga-agirlastirilmis-muebbet\/#primaryimage\"},\"image\":{\"@id\":\"https:\/\/denizcankizil.tr\/en\/haberler\/antalya\/3-cocugunun-annesini-17-bicak-darbesiyle-olduren-saniga-agirlastirilmis-muebbet\/#primaryimage\"},\"thumbnailUrl\":\"https:\/\/denizcankizil.tr\/wp-content\/uploads\/2025\/07\/web-gorsel-boyut-4-dyCssK.png\",\"datePublished\":\"2025-07-01T11:41:28+00:00\",\"breadcrumb\":{\"@id\":\"https:\/\/denizcankizil.tr\/en\/haberler\/antalya\/3-cocugunun-annesini-17-bicak-darbesiyle-olduren-saniga-agirlastirilmis-muebbet\/#breadcrumb\"},\"inLanguage\":\"en-GB\",\"potentialAction\":[{\"@type\":\"ReadAction\",\"target\":[\"https:\/\/denizcankizil.tr\/en\/haberler\/antalya\/3-cocugunun-annesini-17-bicak-darbesiyle-olduren-saniga-agirlastirilmis-muebbet\/\"]}]},{\"@type\":\"ImageObject\",\"inLanguage\":\"en-GB\",\"@id\":\"https:\/\/denizcankizil.tr\/en\/haberler\/antalya\/3-cocugunun-annesini-17-bicak-darbesiyle-olduren-saniga-agirlastirilmis-muebbet\/#primaryimage\",\"url\":\"https:\/\/denizcankizil.tr\/wp-content\/uploads\/2025\/07\/web-gorsel-boyut-4-dyCssK.png\",\"contentUrl\":\"https:\/\/denizcankizil.tr\/wp-content\/uploads\/2025\/07\/web-gorsel-boyut-4-dyCssK.png\",\"width\":1280,\"height\":720},{\"@type\":\"BreadcrumbList\",\"@id\":\"https:\/\/denizcankizil.tr\/en\/haberler\/antalya\/3-cocugunun-annesini-17-bicak-darbesiyle-olduren-saniga-agirlastirilmis-muebbet\/#breadcrumb\",\"itemListElement\":[{\"@type\":\"ListItem\",\"position\":1,\"name\":\"Home\",\"item\":\"https:\/\/denizcankizil.tr\/de\/\"},{\"@type\":\"ListItem\",\"position\":2,\"name\":\"3 \u00c7ocu\u011funun Annesini 17 B\u0131\u00e7ak Darbesiyle \u00d6ld\u00fcren San\u0131\u011fa A\u011f\u0131rla\u015ft\u0131r\u0131lm\u0131\u015f M\u00fcebbet!\"}]},{\"@type\":\"WebSite\",\"@id\":\"https:\/\/denizcankizil.tr\/de\/#website\",\"url\":\"https:\/\/denizcankizil.tr\/de\/\",\"name\":\"Av. Deniz Can K\u0131z\u0131l\",\"description\":\"Avukat Deniz Can K\u0131z\u0131l Antalya Barosu\",\"publisher\":{\"@id\":\"https:\/\/denizcankizil.tr\/de\/#organization\"},\"potentialAction\":[{\"@type\":\"SearchAction\",\"target\":{\"@type\":\"EntryPoint\",\"urlTemplate\":\"https:\/\/denizcankizil.tr\/de\/?s={search_term_string}\"},\"query-input\":{\"@type\":\"PropertyValueSpecification\",\"valueRequired\":true,\"valueName\":\"search_term_string\"}}],\"inLanguage\":\"en-GB\"},{\"@type\":\"Organization\",\"@id\":\"https:\/\/denizcankizil.tr\/de\/#organization\",\"name\":\"Av. Deniz Can K\u0131z\u0131l\",\"url\":\"https:\/\/denizcankizil.tr\/de\/\",\"logo\":{\"@type\":\"ImageObject\",\"inLanguage\":\"en-GB\",\"@id\":\"https:\/\/denizcankizil.tr\/de\/#\/schema\/logo\/image\/\",\"url\":\"https:\/\/denizcankizil.tr\/wp-content\/uploads\/2024\/10\/siyah-logo-svg.svg\",\"contentUrl\":\"https:\/\/denizcankizil.tr\/wp-content\/uploads\/2024\/10\/siyah-logo-svg.svg\",\"width\":1080,\"height\":1080,\"caption\":\"Av. Deniz Can K\u0131z\u0131l\"},\"image\":{\"@id\":\"https:\/\/denizcankizil.tr\/de\/#\/schema\/logo\/image\/\"}},{\"@type\":\"Person\",\"@id\":\"https:\/\/denizcankizil.tr\/de\/#\/schema\/person\/5dc1b22991bd7ac833867c10afc9b0ff\",\"name\":\"Av. Deniz Can K\u0131z\u0131l\",\"image\":{\"@type\":\"ImageObject\",\"inLanguage\":\"en-GB\",\"@id\":\"https:\/\/denizcankizil.tr\/de\/#\/schema\/person\/image\/\",\"url\":\"https:\/\/secure.gravatar.com\/avatar\/a0b128fb9855c79efc976d5640eedb31dc35ec297594d6016d2cf7c60e975bb6?s=96&d=mm&r=g\",\"contentUrl\":\"https:\/\/secure.gravatar.com\/avatar\/a0b128fb9855c79efc976d5640eedb31dc35ec297594d6016d2cf7c60e975bb6?s=96&d=mm&r=g\",\"caption\":\"Av. Deniz Can K\u0131z\u0131l\"},\"sameAs\":[\"http:\/\/www.denizcankizil.tr\"],\"url\":\"https:\/\/denizcankizil.tr\/en\/author\/denizcankizil\/\"}]}<\/script>\n<!-- \/ Yoast SEO Premium plugin. -->","yoast_head_json":{"title":"3 \u00c7ocu\u011funun Annesini 17 B\u0131\u00e7ak Darbesiyle \u00d6ld\u00fcren San\u0131\u011fa A\u011f\u0131rla\u015ft\u0131r\u0131lm\u0131\u015f M\u00fcebbet! - Av. Deniz Can K\u0131z\u0131l","robots":{"index":"index","follow":"follow","max-snippet":"max-snippet:-1","max-image-preview":"max-image-preview:large","max-video-preview":"max-video-preview:-1"},"canonical":"https:\/\/denizcankizil.tr\/en\/haberler\/antalya\/3-cocugunun-annesini-17-bicak-darbesiyle-olduren-saniga-agirlastirilmis-muebbet\/","og_locale":"en_GB","og_type":"article","og_title":"3 \u00c7ocu\u011funun Annesini 17 B\u0131\u00e7ak Darbesiyle \u00d6ld\u00fcren San\u0131\u011fa A\u011f\u0131rla\u015ft\u0131r\u0131lm\u0131\u015f M\u00fcebbet!","og_description":"ANTALYA&#8217;da 10 y\u0131ld\u0131r dini nikahla ya\u015fad\u0131\u011f\u0131 3 \u00e7ocu\u011funun annesi Burcu Gezersoy&#8217;u (26) 17 b\u0131\u00e7ak darbesiyle \u00f6ld\u00fcren Y\u0131lmaz G\u00fcnd\u00fcz (38), a\u011f\u0131rla\u015ft\u0131r\u0131lm\u0131\u015f \u00f6m\u00fcr boyu hapis cezas\u0131na \u00e7arpt\u0131r\u0131ld\u0131. Olay, 15 Ocak 2024&#8217;te saat 00.30 s\u0131ralar\u0131nda Kepez il\u00e7esi Baraj Mahallesi\u2019nde meydana geldi. Hal\u0131 pazarlamac\u0131l\u0131\u011f\u0131 yapan Y\u0131lmaz G\u00fcnd\u00fcz ile 10 y\u0131ld\u0131r dini nikahla ya\u015fad\u0131\u011f\u0131 Burcu Gezersoy aras\u0131nda tart\u0131\u015fma \u00e7\u0131kt\u0131. Tart\u0131\u015fma s\u0131ras\u0131nda Y\u0131lmaz G\u00fcnd\u00fcz, evde bulunan ekmek b\u0131\u00e7a\u011f\u0131yla Gezersoy&#8217;u 17 b\u0131\u00e7ak darbesiyle yaralad\u0131. Kavga seslerini duyan kom\u015fular\u0131n ihbar\u0131yla adrese gelen polis ekipleri, Gezersoy\u2019u kanlar i\u00e7inde buldu. Sa\u011fl\u0131k ekibince Kepez Devlet Hastanesi&#8217;ne kald\u0131r\u0131lan kad\u0131n, kurtar\u0131lamad\u0131. Ayn\u0131 b\u0131\u00e7akla kendisini de yaralay\u0131p, taburcu olduktan sonra g\u00f6zalt\u0131na al\u0131nan Y\u0131lmaz G\u00fcnd\u00fcz tutukland\u0131. Y\u0131lmaz G\u00fcnd\u00fcz hakk\u0131nda &#8216;Kasten \u00f6ld\u00fcrme&#8217; su\u00e7undan dava a\u00e7\u0131ld\u0131. &#8216;KAFAM G\u0130D\u0130P GEL\u0130YOR&#8217; Antalya 4. A\u011f\u0131r Ceza Mahkemesi&#8217;nde g\u00f6r\u00fclen karar duru\u015fmas\u0131na, tutuklu san\u0131k Y\u0131lmaz G\u00fcnd\u00fcz, maktul\u00fcn yak\u0131nlar\u0131 ve taraf avukatlar\u0131 kat\u0131ld\u0131. Duru\u015fmada okunan Adli T\u0131p Kurumu raporunda san\u0131\u011f\u0131n ak\u0131l sa\u011fl\u0131\u011f\u0131n\u0131n yerinde oldu\u011fu belirtildi. Mahkeme ba\u015fkan\u0131n\u0131n san\u0131\u011fa ilk ifadelerini hat\u0131rlatmas\u0131 \u00fczerine G\u00fcnd\u00fcz, &#8220;\u0130fademde &#8216;b\u0131\u00e7aklad\u0131m&#8217; dedi\u011fimi hat\u0131rlam\u0131yorum. Kafam gidip geliyor&#8221; dedi. Mahkeme heyeti, G\u00fcnd\u00fcz&#8217;\u00fc &#8216;Kasten \u00f6ld\u00fcrme&#8217; su\u00e7undan a\u011f\u0131rla\u015ft\u0131r\u0131lm\u0131\u015f \u00f6m\u00fcr boyu hapis cezas\u0131na \u00e7arpt\u0131rd\u0131. San\u0131\u011f\u0131n cezas\u0131nda herhangi bir indirim uygulanmad\u0131. Kaynak: www.kanalv.com.tr Haber Sitesinden Al\u0131nm\u0131\u015ft\u0131r.","og_url":"https:\/\/denizcankizil.tr\/en\/haberler\/antalya\/3-cocugunun-annesini-17-bicak-darbesiyle-olduren-saniga-agirlastirilmis-muebbet\/","og_site_name":"Av. Deniz Can K\u0131z\u0131l","article_published_time":"2025-07-01T11:41:28+00:00","og_image":[{"width":1280,"height":720,"url":"https:\/\/denizcankizil.tr\/wp-content\/uploads\/2025\/07\/web-gorsel-boyut-4-dyCssK.png","type":"image\/png"}],"author":"Av. Deniz Can K\u0131z\u0131l","twitter_card":"summary_large_image","twitter_misc":{"Written by":"Av. Deniz Can K\u0131z\u0131l","Estimated reading time":"1 minute"},"schema":{"@context":"https:\/\/schema.org","@graph":[{"@type":"Article","@id":"https:\/\/denizcankizil.tr\/en\/haberler\/antalya\/3-cocugunun-annesini-17-bicak-darbesiyle-olduren-saniga-agirlastirilmis-muebbet\/#article","isPartOf":{"@id":"https:\/\/denizcankizil.tr\/en\/haberler\/antalya\/3-cocugunun-annesini-17-bicak-darbesiyle-olduren-saniga-agirlastirilmis-muebbet\/"},"author":{"name":"Av. Deniz Can K\u0131z\u0131l","@id":"https:\/\/denizcankizil.tr\/de\/#\/schema\/person\/5dc1b22991bd7ac833867c10afc9b0ff"},"headline":"3 \u00c7ocu\u011funun Annesini 17 B\u0131\u00e7ak Darbesiyle \u00d6ld\u00fcren San\u0131\u011fa A\u011f\u0131rla\u015ft\u0131r\u0131lm\u0131\u015f M\u00fcebbet!","datePublished":"2025-07-01T11:41:28+00:00","mainEntityOfPage":{"@id":"https:\/\/denizcankizil.tr\/en\/haberler\/antalya\/3-cocugunun-annesini-17-bicak-darbesiyle-olduren-saniga-agirlastirilmis-muebbet\/"},"wordCount":312,"publisher":{"@id":"https:\/\/denizcankizil.tr\/de\/#organization"},"image":{"@id":"https:\/\/denizcankizil.tr\/en\/haberler\/antalya\/3-cocugunun-annesini-17-bicak-darbesiyle-olduren-saniga-agirlastirilmis-muebbet\/#primaryimage"},"thumbnailUrl":"https:\/\/denizcankizil.tr\/wp-content\/uploads\/2025\/07\/web-gorsel-boyut-4-dyCssK.png","articleSection":["Antalya"],"inLanguage":"en-GB"},{"@type":"WebPage","@id":"https:\/\/denizcankizil.tr\/en\/haberler\/antalya\/3-cocugunun-annesini-17-bicak-darbesiyle-olduren-saniga-agirlastirilmis-muebbet\/","url":"https:\/\/denizcankizil.tr\/en\/haberler\/antalya\/3-cocugunun-annesini-17-bicak-darbesiyle-olduren-saniga-agirlastirilmis-muebbet\/","name":"3 \u00c7ocu\u011funun Annesini 17 B\u0131\u00e7ak Darbesiyle \u00d6ld\u00fcren San\u0131\u011fa A\u011f\u0131rla\u015ft\u0131r\u0131lm\u0131\u015f M\u00fcebbet! - Av. Deniz Can K\u0131z\u0131l","isPartOf":{"@id":"https:\/\/denizcankizil.tr\/de\/#website"},"primaryImageOfPage":{"@id":"https:\/\/denizcankizil.tr\/en\/haberler\/antalya\/3-cocugunun-annesini-17-bicak-darbesiyle-olduren-saniga-agirlastirilmis-muebbet\/#primaryimage"},"image":{"@id":"https:\/\/denizcankizil.tr\/en\/haberler\/antalya\/3-cocugunun-annesini-17-bicak-darbesiyle-olduren-saniga-agirlastirilmis-muebbet\/#primaryimage"},"thumbnailUrl":"https:\/\/denizcankizil.tr\/wp-content\/uploads\/2025\/07\/web-gorsel-boyut-4-dyCssK.png","datePublished":"2025-07-01T11:41:28+00:00","breadcrumb":{"@id":"https:\/\/denizcankizil.tr\/en\/haberler\/antalya\/3-cocugunun-annesini-17-bicak-darbesiyle-olduren-saniga-agirlastirilmis-muebbet\/#breadcrumb"},"inLanguage":"en-GB","potentialAction":[{"@type":"ReadAction","target":["https:\/\/denizcankizil.tr\/en\/haberler\/antalya\/3-cocugunun-annesini-17-bicak-darbesiyle-olduren-saniga-agirlastirilmis-muebbet\/"]}]},{"@type":"ImageObject","inLanguage":"en-GB","@id":"https:\/\/denizcankizil.tr\/en\/haberler\/antalya\/3-cocugunun-annesini-17-bicak-darbesiyle-olduren-saniga-agirlastirilmis-muebbet\/#primaryimage","url":"https:\/\/denizcankizil.tr\/wp-content\/uploads\/2025\/07\/web-gorsel-boyut-4-dyCssK.png","contentUrl":"https:\/\/denizcankizil.tr\/wp-content\/uploads\/2025\/07\/web-gorsel-boyut-4-dyCssK.png","width":1280,"height":720},{"@type":"BreadcrumbList","@id":"https:\/\/denizcankizil.tr\/en\/haberler\/antalya\/3-cocugunun-annesini-17-bicak-darbesiyle-olduren-saniga-agirlastirilmis-muebbet\/#breadcrumb","itemListElement":[{"@type":"ListItem","position":1,"name":"Home","item":"https:\/\/denizcankizil.tr\/de\/"},{"@type":"ListItem","position":2,"name":"3 \u00c7ocu\u011funun Annesini 17 B\u0131\u00e7ak Darbesiyle \u00d6ld\u00fcren San\u0131\u011fa A\u011f\u0131rla\u015ft\u0131r\u0131lm\u0131\u015f M\u00fcebbet!"}]},{"@type":"WebSite","@id":"https:\/\/denizcankizil.tr\/de\/#website","url":"https:\/\/denizcankizil.tr\/de\/","name":"Av. Deniz Can K\u0131z\u0131l","description":"Avukat Deniz Can K\u0131z\u0131l Antalya Barosu","publisher":{"@id":"https:\/\/denizcankizil.tr\/de\/#organization"},"potentialAction":[{"@type":"SearchAction","target":{"@type":"EntryPoint","urlTemplate":"https:\/\/denizcankizil.tr\/de\/?s={search_term_string}"},"query-input":{"@type":"PropertyValueSpecification","valueRequired":true,"valueName":"search_term_string"}}],"inLanguage":"en-GB"},{"@type":"Organization","@id":"https:\/\/denizcankizil.tr\/de\/#organization","name":"Av. Deniz Can K\u0131z\u0131l","url":"https:\/\/denizcankizil.tr\/de\/","logo":{"@type":"ImageObject","inLanguage":"en-GB","@id":"https:\/\/denizcankizil.tr\/de\/#\/schema\/logo\/image\/","url":"https:\/\/denizcankizil.tr\/wp-content\/uploads\/2024\/10\/siyah-logo-svg.svg","contentUrl":"https:\/\/denizcankizil.tr\/wp-content\/uploads\/2024\/10\/siyah-logo-svg.svg","width":1080,"height":1080,"caption":"Av. Deniz Can K\u0131z\u0131l"},"image":{"@id":"https:\/\/denizcankizil.tr\/de\/#\/schema\/logo\/image\/"}},{"@type":"Person","@id":"https:\/\/denizcankizil.tr\/de\/#\/schema\/person\/5dc1b22991bd7ac833867c10afc9b0ff","name":"Av. Deniz Can K\u0131z\u0131l","image":{"@type":"ImageObject","inLanguage":"en-GB","@id":"https:\/\/denizcankizil.tr\/de\/#\/schema\/person\/image\/","url":"https:\/\/secure.gravatar.com\/avatar\/a0b128fb9855c79efc976d5640eedb31dc35ec297594d6016d2cf7c60e975bb6?s=96&d=mm&r=g","contentUrl":"https:\/\/secure.gravatar.com\/avatar\/a0b128fb9855c79efc976d5640eedb31dc35ec297594d6016d2cf7c60e975bb6?s=96&d=mm&r=g","caption":"Av. Deniz Can K\u0131z\u0131l"},"sameAs":["http:\/\/www.denizcankizil.tr"],"url":"https:\/\/denizcankizil.tr\/en\/author\/denizcankizil\/"}]}},"_links":{"self":[{"href":"https:\/\/denizcankizil.tr\/en\/wp-json\/wp\/v2\/posts\/132473","targetHints":{"allow":["GET"]}}],"collection":[{"href":"https:\/\/denizcankizil.tr\/en\/wp-json\/wp\/v2\/posts"}],"about":[{"href":"https:\/\/denizcankizil.tr\/en\/wp-json\/wp\/v2\/types\/post"}],"author":[{"embeddable":true,"href":"https:\/\/denizcankizil.tr\/en\/wp-json\/wp\/v2\/users\/4"}],"replies":[{"embeddable":true,"href":"https:\/\/denizcankizil.tr\/en\/wp-json\/wp\/v2\/comments?post=132473"}],"version-history":[{"count":0,"href":"https:\/\/denizcankizil.tr\/en\/wp-json\/wp\/v2\/posts\/132473\/revisions"}],"wp:featuredmedia":[{"embeddable":true,"href":"https:\/\/denizcankizil.tr\/en\/wp-json\/wp\/v2\/media\/132474"}],"wp:attachment":[{"href":"https:\/\/denizcankizil.tr\/en\/wp-json\/wp\/v2\/media?parent=132473"}],"wp:term":[{"taxonomy":"category","embeddable":true,"href":"https:\/\/denizcankizil.tr\/en\/wp-json\/wp\/v2\/categories?post=132473"},{"taxonomy":"post_tag","embeddable":true,"href":"https:\/\/denizcankizil.tr\/en\/wp-json\/wp\/v2\/tags?post=132473"}],"curies":[{"name":"wp","href":"https:\/\/api.w.org\/{rel}","templated":true}]}}