{"id":132426,"date":"2025-07-01T13:41:22","date_gmt":"2025-07-01T10:41:22","guid":{"rendered":"https:\/\/denizcankizil.tr\/uncategorized-tr\/antalya-balikci-barinaginda-kriz-tirmaniyor\/"},"modified":"2025-07-01T13:41:22","modified_gmt":"2025-07-01T10:41:22","slug":"antalya-balikci-barinaginda-kriz-tirmaniyor","status":"publish","type":"post","link":"https:\/\/denizcankizil.tr\/en\/haberler\/gundem\/antalya-balikci-barinaginda-kriz-tirmaniyor\/","title":{"rendered":"Antalya Bal\u0131k\u00e7\u0131 Bar\u0131na\u011f\u0131&#8217;nda kriz t\u0131rman\u0131yor!"},"content":{"rendered":"<p>Antalya Bal\u0131k\u00e7\u0131 Bar\u0131na\u011f\u0131\u2019nda yeni bir kriz ya\u015fan\u0131yor. Antalya \u0130l Tar\u0131m ve Orman M\u00fcd\u00fcrl\u00fc\u011f\u00fc\u2019n\u00fcn 4 Haziran 2025 tarihli resmi yaz\u0131s\u0131 do\u011frultusunda, Antalya Bal\u0131k\u00e7\u0131 Bar\u0131na\u011f\u0131\u2019nda \u00f6nemli bir d\u00fczenlemeye gidildi. Antalya\u2019da Bal\u0131k\u00e7\u0131 Bar\u0131na\u011f\u0131 Y\u00f6netimi\u2019nin karar\u0131 ile bar\u0131naktaki deniz ba\u011flama kapasitesinin daha verimli kullan\u0131lmas\u0131 i\u00e7in hareket ge\u00e7ti. Boyu 7 metrenin alt\u0131nda olan teknelerin r\u00f6mork yard\u0131m\u0131yla karaya \u00e7\u0131kar\u0131lmas\u0131 ve kara park alan\u0131nda muhafaza edilmesi kararla\u015ft\u0131r\u0131ld\u0131.<\/p>\n<p>YER SIKINTISINA \u00c7\u00d6Z\u00dcM<\/p>\n<p>Yeni d\u00fczenleme ile deniz ba\u011flama alanlar\u0131n\u0131n bo\u015falt\u0131lmas\u0131 ve mevcut kapasitenin daha etkili \u015fekilde de\u011ferlendirilmesi ama\u00e7land\u0131\u011f\u0131 duyuruldu. B\u00f6ylece daha fazla tekneye hizmet verilmesinin \u00f6n\u00fcn a\u00e7\u0131laca\u011f\u0131 savunulurken, bar\u0131nakta y\u0131llard\u0131r ya\u015fanan yer s\u0131k\u0131nt\u0131s\u0131na da \u00e7\u00f6z\u00fcm \u00fcretilece\u011fi ileri s\u00fcr\u00fcld\u00fc.<\/p>\n<p>7 METRE ALTINI KAPSIYOR<\/p>\n<p>Uygulama, \u00f6zellikle Haziran 2025 ay\u0131 sonunda deniz ba\u011flama s\u00f6zle\u015fmesi sona erecek olan 7 metre alt\u0131ndaki tekneleri kapsad\u0131. Bu teknelerin belirlenen tarihe kadar karaya \u00e7\u0131kar\u0131lmas\u0131 gerekti\u011fine dikkat \u00e7ekildi. Karaya al\u0131nan tekneler i\u00e7in \u00fccretlendirme, al\u0131\u015f\u0131ld\u0131k \u201ck\u0131\u015flama\u201d tarifesi yerine deniz ba\u011flama s\u00f6zle\u015fme tarifesi \u00fczerinden yap\u0131laca\u011f\u0131 duyuruldu.<\/p>\n<p>TEKNE SAH\u0130PLER\u0130NDE KR\u0130Z<\/p>\n<p>Ancak belirlenen s\u00fcrede karaya \u00e7\u0131kar\u0131lmayan 7 metreden k\u00fc\u00e7\u00fck tekneler i\u00e7in 1 Temmuz 2025 itibar\u0131yla deniz ba\u011flama s\u00f6zle\u015fmesi yenilemesi yap\u0131lmayacak. Bu durumda kalan teknelerin bar\u0131nakta kalmalar\u0131 m\u00fcmk\u00fcn olmayacak. Karar bar\u0131naktaki tekne sahipleri aras\u0131nda krize neden oldu. Onlarca tekne sahibi karara itiraz ederek karardan geri ad\u0131m at\u0131lmas\u0131n\u0131 savundu.<\/p>\n<p>RANDEVU S\u0130STEM\u0130NE GE\u00c7\u0130LD\u0130<\/p>\n<p>Bar\u0131nak y\u00f6netimi taraf\u0131ndan d\u00fcn bal\u0131k\u00e7\u0131lara yeni bir a\u00e7\u0131klama daha yap\u0131ld\u0131. Bar\u0131nak y\u00f6netimi taraf\u0131ndan sa\u011flanan trakt\u00f6r hizmetiyle gemilerin g\u00fcvenli \u015fekilde suya indirilmesi m\u00fcmk\u00fcn oldu\u011fu ifade edildi. Bu hizmetten yararlanmak isteyen gemi sahiplerinin, ile en az 12 saat \u00f6ncesinden randevu almas\u0131 gerekti\u011fi kaydedildi. Gemi sahipleri dilerse kendi ekipmanlar\u0131 ve ara\u00e7lar\u0131 ile suya atma\/\u00e7ekme i\u015flemini ger\u00e7ekle\u015ftirebilecekleri s\u00f6ylendi. Ancak bu y\u00f6ntemle i\u015flem yapacak ki\u015filerin, bar\u0131nak i\u00e7erisindeki g\u00fcvenlik ve \u00e7evre kurallar\u0131na tam uyum g\u00f6stermesi zorunlu tutuldu.<\/p>\n<p>G\u0130R\u0130\u015e\u0130MLER SONU\u00c7SUZ KALDI<\/p>\n<p>Bar\u0131nakta kayyum y\u00f6netiminin ald\u0131\u011f\u0131 karar kriz olmaya devam ediyor. Avukat Volkan Yavuzlar, tekne sahipleri ad\u0131na yeni bir a\u00e7\u0131klama yapt\u0131. Yavuzlar, \u201cBal\u0131k\u00e7\u0131 Bar\u0131na\u011f\u0131\u2019nda bu zamana kadar s\u00fcregelen t\u00fcm giri\u015fimlerin sonu\u00e7suz kalmas\u0131 ve kayy\u0131m\u0131n bar\u0131nakta olu\u015funun dayana\u011f\u0131 olarak g\u00f6sterilen hususlar\u0131n tamam\u0131n\u0131n bertaraf edilmesi kar\u015f\u0131s\u0131nda bu kez de 7 metre uzunlu\u011fun alt\u0131ndaki teknelerin s\u00f6zle\u015fmelerinin uzat\u0131lmayarak karaya \u00e7\u0131kar\u0131lmalar\u0131 uygulamas\u0131 g\u00fcndeme geldi\u201d dedi.<\/p>\n<p>HUKUK KURALLARINA AYKIRI<\/p>\n<p>Yavuzlar, \u201cAncak bu t\u00fcr bir uygulaman\u0131n gerek Anayasa\u2019da gerekse y\u00fcr\u00fcrl\u00fckteki mevzuatta kar\u015f\u0131l\u0131\u011f\u0131 bulunmuyor. \u00c7\u00fcnk\u00fc idarenin bu t\u00fcr belirlemeleri yaparken e\u015fit i\u015flem ilkesi gere\u011fi ayn\u0131 durumda olanlara ayn\u0131 i\u015flemi uygulamas\u0131 gerekiyor. \u0130darenin 7 metre uzunlu\u011fu kriterini belirlerken ne t\u00fcr bir \u00e7al\u0131\u015fma yapt\u0131\u011f\u0131n\u0131 anlamaya \u00e7al\u0131\u015fmak bir tarafa yap\u0131lan g\u00f6r\u00fc\u015fmelerden de keyfi bir yakla\u015f\u0131m\u0131n s\u00f6z konusu oldu\u011funu m\u00fc\u015fahede etmek son derece kolay.\u201d ifadelerine yer verdi.<\/p>\n<p>KAMU ZARARI OLU\u015eACAK<\/p>\n<p>Uygulaman\u0131n hukuk kurallar\u0131na ayk\u0131r\u0131 oldu\u011funa dikkat \u00e7eken Yavuzlar, \u201cKald\u0131 ki uygulaman\u0131n hukuki dayana\u011f\u0131 bulundu\u011funu varsaysak dahi karaya \u00e7ekilerek burada bekletilecek ve haftan\u0131n 2-3 g\u00fcn\u00fc suya indirilmesi gerekecek onlarca tekne bak\u0131m\u0131ndan olu\u015facak fiziki imk\u00e2ns\u0131zl\u0131k ve buna ba\u011fl\u0131 personel di\u011fer giderlerin ve Sigorta Hukuku\u2019ndan kaynaklanan ma\u011fduriyetlerin ortaya \u00e7\u0131kaca\u011f\u0131 a\u00e7\u0131k oldu\u011fu gibi en \u00f6nemlisi son derece ciddi seviyede \u2018Kamu Zarar\u0131\u2019 do\u011facak.\u201d dedi.<\/p>\n<p>\u200bAntalya Bal\u0131k\u00e7\u0131 Bar\u0131na\u011f\u0131\u2019nda kriz ya\u015fanmaya devam ediyor. Bar\u0131nak y\u00f6netimi bu kez de gemilerin denize indirilmesi i\u00e7in randevu sistemine ge\u00e7ti. Avukat Volkan Yavuzlar, tekne sahipleri ad\u0131na yeni bir a\u00e7\u0131klama yapt\u0131. Yavuzlar, Uygulaman\u0131n hukuk kurallar\u0131na ayk\u0131r\u0131 oldu\u011funa dikkat \u00e7ekerek, kamu zarar\u0131 ya\u015fanaca\u011f\u0131na dikkat \u00e7ekti.\u00a0<\/p>\n<p>\u200bHaberin Al\u0131nt\u0131land\u0131\u011f\u0131 Kaynak: www.antalyakorfez.com<\/p>","protected":false},"excerpt":{"rendered":"<p>Antalya Bal\u0131k\u00e7\u0131 Bar\u0131na\u011f\u0131\u2019nda yeni bir kriz ya\u015fan\u0131yor. Antalya \u0130l Tar\u0131m ve Orman M\u00fcd\u00fcrl\u00fc\u011f\u00fc\u2019n\u00fcn 4 Haziran 2025 tarihli resmi yaz\u0131s\u0131 do\u011frultusunda, Antalya Bal\u0131k\u00e7\u0131 Bar\u0131na\u011f\u0131\u2019nda \u00f6nemli bir d\u00fczenlemeye gidildi. Antalya\u2019da Bal\u0131k\u00e7\u0131 Bar\u0131na\u011f\u0131 Y\u00f6netimi\u2019nin karar\u0131 ile bar\u0131naktaki deniz ba\u011flama kapasitesinin daha verimli kullan\u0131lmas\u0131 i\u00e7in hareket ge\u00e7ti. Boyu 7 metrenin alt\u0131nda olan teknelerin r\u00f6mork yard\u0131m\u0131yla karaya \u00e7\u0131kar\u0131lmas\u0131 ve kara park alan\u0131nda muhafaza edilmesi kararla\u015ft\u0131r\u0131ld\u0131. YER SIKINTISINA \u00c7\u00d6Z\u00dcM Yeni d\u00fczenleme ile deniz ba\u011flama alanlar\u0131n\u0131n bo\u015falt\u0131lmas\u0131 ve mevcut kapasitenin daha etkili \u015fekilde de\u011ferlendirilmesi ama\u00e7land\u0131\u011f\u0131 duyuruldu. B\u00f6ylece daha fazla tekneye hizmet verilmesinin \u00f6n\u00fcn a\u00e7\u0131laca\u011f\u0131 savunulurken, bar\u0131nakta y\u0131llard\u0131r ya\u015fanan yer s\u0131k\u0131nt\u0131s\u0131na da \u00e7\u00f6z\u00fcm \u00fcretilece\u011fi ileri s\u00fcr\u00fcld\u00fc. 7 METRE ALTINI KAPSIYOR Uygulama, \u00f6zellikle Haziran 2025 ay\u0131 sonunda deniz ba\u011flama s\u00f6zle\u015fmesi sona erecek olan 7 metre alt\u0131ndaki tekneleri kapsad\u0131. Bu teknelerin belirlenen tarihe kadar karaya \u00e7\u0131kar\u0131lmas\u0131 gerekti\u011fine dikkat \u00e7ekildi. Karaya al\u0131nan tekneler i\u00e7in \u00fccretlendirme, al\u0131\u015f\u0131ld\u0131k \u201ck\u0131\u015flama\u201d tarifesi yerine deniz ba\u011flama s\u00f6zle\u015fme tarifesi \u00fczerinden yap\u0131laca\u011f\u0131 duyuruldu. TEKNE SAH\u0130PLER\u0130NDE KR\u0130Z Ancak belirlenen s\u00fcrede karaya \u00e7\u0131kar\u0131lmayan 7 metreden k\u00fc\u00e7\u00fck tekneler i\u00e7in 1 Temmuz 2025 itibar\u0131yla deniz ba\u011flama s\u00f6zle\u015fmesi yenilemesi yap\u0131lmayacak. Bu durumda kalan teknelerin bar\u0131nakta kalmalar\u0131 m\u00fcmk\u00fcn olmayacak. Karar bar\u0131naktaki tekne sahipleri aras\u0131nda krize neden oldu. Onlarca tekne sahibi karara itiraz ederek karardan geri ad\u0131m at\u0131lmas\u0131n\u0131 savundu. RANDEVU S\u0130STEM\u0130NE GE\u00c7\u0130LD\u0130 Bar\u0131nak y\u00f6netimi taraf\u0131ndan &hellip;<\/p>","protected":false},"author":5,"featured_media":0,"comment_status":"","ping_status":"open","sticky":false,"template":"","format":"standard","meta":{"_acf_changed":false,"footnotes":""},"categories":[24],"tags":[],"class_list":["post-132426","post","type-post","status-publish","format-standard","has-post-thumbnail","hentry","category-gundem"],"acf":[],"yoast_head":"<!-- This site is optimized with the Yoast SEO Premium plugin v26.6 (Yoast SEO v27.1.1) - https:\/\/yoast.com\/product\/yoast-seo-premium-wordpress\/ -->\n<title>Antalya Bal\u0131k\u00e7\u0131 Bar\u0131na\u011f\u0131&#039;nda kriz t\u0131rman\u0131yor! - Av. Deniz Can K\u0131z\u0131l<\/title>\n<meta name=\"robots\" content=\"index, follow, max-snippet:-1, max-image-preview:large, max-video-preview:-1\" \/>\n<link rel=\"canonical\" href=\"https:\/\/denizcankizil.tr\/en\/haberler\/gundem\/antalya-balikci-barinaginda-kriz-tirmaniyor\/\" \/>\n<meta property=\"og:locale\" content=\"en_GB\" \/>\n<meta property=\"og:type\" content=\"article\" \/>\n<meta property=\"og:title\" content=\"Antalya Bal\u0131k\u00e7\u0131 Bar\u0131na\u011f\u0131&#039;nda kriz t\u0131rman\u0131yor!\" \/>\n<meta property=\"og:description\" content=\"Antalya Bal\u0131k\u00e7\u0131 Bar\u0131na\u011f\u0131\u2019nda yeni bir kriz ya\u015fan\u0131yor. Antalya \u0130l Tar\u0131m ve Orman M\u00fcd\u00fcrl\u00fc\u011f\u00fc\u2019n\u00fcn 4 Haziran 2025 tarihli resmi yaz\u0131s\u0131 do\u011frultusunda, Antalya Bal\u0131k\u00e7\u0131 Bar\u0131na\u011f\u0131\u2019nda \u00f6nemli bir d\u00fczenlemeye gidildi. Antalya\u2019da Bal\u0131k\u00e7\u0131 Bar\u0131na\u011f\u0131 Y\u00f6netimi\u2019nin karar\u0131 ile bar\u0131naktaki deniz ba\u011flama kapasitesinin daha verimli kullan\u0131lmas\u0131 i\u00e7in hareket ge\u00e7ti. Boyu 7 metrenin alt\u0131nda olan teknelerin r\u00f6mork yard\u0131m\u0131yla karaya \u00e7\u0131kar\u0131lmas\u0131 ve kara park alan\u0131nda muhafaza edilmesi kararla\u015ft\u0131r\u0131ld\u0131. YER SIKINTISINA \u00c7\u00d6Z\u00dcM Yeni d\u00fczenleme ile deniz ba\u011flama alanlar\u0131n\u0131n bo\u015falt\u0131lmas\u0131 ve mevcut kapasitenin daha etkili \u015fekilde de\u011ferlendirilmesi ama\u00e7land\u0131\u011f\u0131 duyuruldu. B\u00f6ylece daha fazla tekneye hizmet verilmesinin \u00f6n\u00fcn a\u00e7\u0131laca\u011f\u0131 savunulurken, bar\u0131nakta y\u0131llard\u0131r ya\u015fanan yer s\u0131k\u0131nt\u0131s\u0131na da \u00e7\u00f6z\u00fcm \u00fcretilece\u011fi ileri s\u00fcr\u00fcld\u00fc. 7 METRE ALTINI KAPSIYOR Uygulama, \u00f6zellikle Haziran 2025 ay\u0131 sonunda deniz ba\u011flama s\u00f6zle\u015fmesi sona erecek olan 7 metre alt\u0131ndaki tekneleri kapsad\u0131. Bu teknelerin belirlenen tarihe kadar karaya \u00e7\u0131kar\u0131lmas\u0131 gerekti\u011fine dikkat \u00e7ekildi. Karaya al\u0131nan tekneler i\u00e7in \u00fccretlendirme, al\u0131\u015f\u0131ld\u0131k \u201ck\u0131\u015flama\u201d tarifesi yerine deniz ba\u011flama s\u00f6zle\u015fme tarifesi \u00fczerinden yap\u0131laca\u011f\u0131 duyuruldu. TEKNE SAH\u0130PLER\u0130NDE KR\u0130Z Ancak belirlenen s\u00fcrede karaya \u00e7\u0131kar\u0131lmayan 7 metreden k\u00fc\u00e7\u00fck tekneler i\u00e7in 1 Temmuz 2025 itibar\u0131yla deniz ba\u011flama s\u00f6zle\u015fmesi yenilemesi yap\u0131lmayacak. Bu durumda kalan teknelerin bar\u0131nakta kalmalar\u0131 m\u00fcmk\u00fcn olmayacak. Karar bar\u0131naktaki tekne sahipleri aras\u0131nda krize neden oldu. Onlarca tekne sahibi karara itiraz ederek karardan geri ad\u0131m at\u0131lmas\u0131n\u0131 savundu. RANDEVU S\u0130STEM\u0130NE GE\u00c7\u0130LD\u0130 Bar\u0131nak y\u00f6netimi taraf\u0131ndan &hellip;\" \/>\n<meta property=\"og:url\" content=\"https:\/\/denizcankizil.tr\/en\/haberler\/gundem\/antalya-balikci-barinaginda-kriz-tirmaniyor\/\" \/>\n<meta property=\"og:site_name\" content=\"Av. Deniz Can K\u0131z\u0131l\" \/>\n<meta property=\"article:published_time\" content=\"2025-07-01T10:41:22+00:00\" \/>\n<meta name=\"author\" content=\"Antalya K\u00f6rfez\" \/>\n<meta name=\"twitter:card\" content=\"summary_large_image\" \/>\n<meta name=\"twitter:label1\" content=\"Written by\" \/>\n\t<meta name=\"twitter:data1\" content=\"Antalya K\u00f6rfez\" \/>\n\t<meta name=\"twitter:label2\" content=\"Estimated reading time\" \/>\n\t<meta name=\"twitter:data2\" content=\"4 minutes\" \/>\n<script type=\"application\/ld+json\" class=\"yoast-schema-graph\">{\"@context\":\"https:\/\/schema.org\",\"@graph\":[{\"@type\":\"Article\",\"@id\":\"https:\/\/denizcankizil.tr\/uk\/haberler\/gundem\/antalya-balikci-barinaginda-kriz-tirmaniyor\/#article\",\"isPartOf\":{\"@id\":\"https:\/\/denizcankizil.tr\/uk\/haberler\/gundem\/antalya-balikci-barinaginda-kriz-tirmaniyor\/\"},\"author\":{\"name\":\"Antalya K\u00f6rfez\",\"@id\":\"https:\/\/denizcankizil.tr\/de\/#\/schema\/person\/e1eb71bb4dd684d46563f0af307e1234\"},\"headline\":\"Antalya Bal\u0131k\u00e7\u0131 Bar\u0131na\u011f\u0131&#8217;nda kriz t\u0131rman\u0131yor!\",\"datePublished\":\"2025-07-01T10:41:22+00:00\",\"mainEntityOfPage\":{\"@id\":\"https:\/\/denizcankizil.tr\/uk\/haberler\/gundem\/antalya-balikci-barinaginda-kriz-tirmaniyor\/\"},\"wordCount\":727,\"publisher\":{\"@id\":\"https:\/\/denizcankizil.tr\/de\/#organization\"},\"articleSection\":[\"G\u00fcndem\"],\"inLanguage\":\"en-GB\"},{\"@type\":\"WebPage\",\"@id\":\"https:\/\/denizcankizil.tr\/uk\/haberler\/gundem\/antalya-balikci-barinaginda-kriz-tirmaniyor\/\",\"url\":\"https:\/\/denizcankizil.tr\/uk\/haberler\/gundem\/antalya-balikci-barinaginda-kriz-tirmaniyor\/\",\"name\":\"Antalya Bal\u0131k\u00e7\u0131 Bar\u0131na\u011f\u0131'nda kriz t\u0131rman\u0131yor! - Av. Deniz Can K\u0131z\u0131l\",\"isPartOf\":{\"@id\":\"https:\/\/denizcankizil.tr\/de\/#website\"},\"datePublished\":\"2025-07-01T10:41:22+00:00\",\"breadcrumb\":{\"@id\":\"https:\/\/denizcankizil.tr\/uk\/haberler\/gundem\/antalya-balikci-barinaginda-kriz-tirmaniyor\/#breadcrumb\"},\"inLanguage\":\"en-GB\",\"potentialAction\":[{\"@type\":\"ReadAction\",\"target\":[\"https:\/\/denizcankizil.tr\/uk\/haberler\/gundem\/antalya-balikci-barinaginda-kriz-tirmaniyor\/\"]}]},{\"@type\":\"BreadcrumbList\",\"@id\":\"https:\/\/denizcankizil.tr\/uk\/haberler\/gundem\/antalya-balikci-barinaginda-kriz-tirmaniyor\/#breadcrumb\",\"itemListElement\":[{\"@type\":\"ListItem\",\"position\":1,\"name\":\"Home\",\"item\":\"https:\/\/denizcankizil.tr\/de\/\"},{\"@type\":\"ListItem\",\"position\":2,\"name\":\"Antalya Bal\u0131k\u00e7\u0131 Bar\u0131na\u011f\u0131&#8217;nda kriz t\u0131rman\u0131yor!\"}]},{\"@type\":\"WebSite\",\"@id\":\"https:\/\/denizcankizil.tr\/de\/#website\",\"url\":\"https:\/\/denizcankizil.tr\/de\/\",\"name\":\"Av. Deniz Can K\u0131z\u0131l\",\"description\":\"Avukat Deniz Can K\u0131z\u0131l Antalya Barosu\",\"publisher\":{\"@id\":\"https:\/\/denizcankizil.tr\/de\/#organization\"},\"potentialAction\":[{\"@type\":\"SearchAction\",\"target\":{\"@type\":\"EntryPoint\",\"urlTemplate\":\"https:\/\/denizcankizil.tr\/de\/?s={search_term_string}\"},\"query-input\":{\"@type\":\"PropertyValueSpecification\",\"valueRequired\":true,\"valueName\":\"search_term_string\"}}],\"inLanguage\":\"en-GB\"},{\"@type\":\"Organization\",\"@id\":\"https:\/\/denizcankizil.tr\/de\/#organization\",\"name\":\"Av. Deniz Can K\u0131z\u0131l\",\"url\":\"https:\/\/denizcankizil.tr\/de\/\",\"logo\":{\"@type\":\"ImageObject\",\"inLanguage\":\"en-GB\",\"@id\":\"https:\/\/denizcankizil.tr\/de\/#\/schema\/logo\/image\/\",\"url\":\"https:\/\/denizcankizil.tr\/wp-content\/uploads\/2024\/10\/siyah-logo-svg.svg\",\"contentUrl\":\"https:\/\/denizcankizil.tr\/wp-content\/uploads\/2024\/10\/siyah-logo-svg.svg\",\"width\":1080,\"height\":1080,\"caption\":\"Av. Deniz Can K\u0131z\u0131l\"},\"image\":{\"@id\":\"https:\/\/denizcankizil.tr\/de\/#\/schema\/logo\/image\/\"}},{\"@type\":\"Person\",\"@id\":\"https:\/\/denizcankizil.tr\/de\/#\/schema\/person\/e1eb71bb4dd684d46563f0af307e1234\",\"name\":\"Antalya K\u00f6rfez\",\"image\":{\"@type\":\"ImageObject\",\"inLanguage\":\"en-GB\",\"@id\":\"https:\/\/denizcankizil.tr\/de\/#\/schema\/person\/image\/\",\"url\":\"https:\/\/secure.gravatar.com\/avatar\/42b01982558a48a0b501fdcab6a408d3717ea5919095ee2e67b0e521799c5905?s=96&d=mm&r=g\",\"contentUrl\":\"https:\/\/secure.gravatar.com\/avatar\/42b01982558a48a0b501fdcab6a408d3717ea5919095ee2e67b0e521799c5905?s=96&d=mm&r=g\",\"caption\":\"Antalya K\u00f6rfez\"},\"sameAs\":[\"http:\/\/www.antalyakorfez.com\"],\"url\":\"https:\/\/www.antalyakorfez.com\/antalya-balikci-barinaginda-kriz-tirmaniyor\"}]}<\/script>\n<!-- \/ Yoast SEO Premium plugin. -->","yoast_head_json":{"title":"Antalya Bal\u0131k\u00e7\u0131 Bar\u0131na\u011f\u0131'nda kriz t\u0131rman\u0131yor! - Av. Deniz Can K\u0131z\u0131l","robots":{"index":"index","follow":"follow","max-snippet":"max-snippet:-1","max-image-preview":"max-image-preview:large","max-video-preview":"max-video-preview:-1"},"canonical":"https:\/\/denizcankizil.tr\/en\/haberler\/gundem\/antalya-balikci-barinaginda-kriz-tirmaniyor\/","og_locale":"en_GB","og_type":"article","og_title":"Antalya Bal\u0131k\u00e7\u0131 Bar\u0131na\u011f\u0131'nda kriz t\u0131rman\u0131yor!","og_description":"Antalya Bal\u0131k\u00e7\u0131 Bar\u0131na\u011f\u0131\u2019nda yeni bir kriz ya\u015fan\u0131yor. Antalya \u0130l Tar\u0131m ve Orman M\u00fcd\u00fcrl\u00fc\u011f\u00fc\u2019n\u00fcn 4 Haziran 2025 tarihli resmi yaz\u0131s\u0131 do\u011frultusunda, Antalya Bal\u0131k\u00e7\u0131 Bar\u0131na\u011f\u0131\u2019nda \u00f6nemli bir d\u00fczenlemeye gidildi. Antalya\u2019da Bal\u0131k\u00e7\u0131 Bar\u0131na\u011f\u0131 Y\u00f6netimi\u2019nin karar\u0131 ile bar\u0131naktaki deniz ba\u011flama kapasitesinin daha verimli kullan\u0131lmas\u0131 i\u00e7in hareket ge\u00e7ti. Boyu 7 metrenin alt\u0131nda olan teknelerin r\u00f6mork yard\u0131m\u0131yla karaya \u00e7\u0131kar\u0131lmas\u0131 ve kara park alan\u0131nda muhafaza edilmesi kararla\u015ft\u0131r\u0131ld\u0131. YER SIKINTISINA \u00c7\u00d6Z\u00dcM Yeni d\u00fczenleme ile deniz ba\u011flama alanlar\u0131n\u0131n bo\u015falt\u0131lmas\u0131 ve mevcut kapasitenin daha etkili \u015fekilde de\u011ferlendirilmesi ama\u00e7land\u0131\u011f\u0131 duyuruldu. B\u00f6ylece daha fazla tekneye hizmet verilmesinin \u00f6n\u00fcn a\u00e7\u0131laca\u011f\u0131 savunulurken, bar\u0131nakta y\u0131llard\u0131r ya\u015fanan yer s\u0131k\u0131nt\u0131s\u0131na da \u00e7\u00f6z\u00fcm \u00fcretilece\u011fi ileri s\u00fcr\u00fcld\u00fc. 7 METRE ALTINI KAPSIYOR Uygulama, \u00f6zellikle Haziran 2025 ay\u0131 sonunda deniz ba\u011flama s\u00f6zle\u015fmesi sona erecek olan 7 metre alt\u0131ndaki tekneleri kapsad\u0131. Bu teknelerin belirlenen tarihe kadar karaya \u00e7\u0131kar\u0131lmas\u0131 gerekti\u011fine dikkat \u00e7ekildi. Karaya al\u0131nan tekneler i\u00e7in \u00fccretlendirme, al\u0131\u015f\u0131ld\u0131k \u201ck\u0131\u015flama\u201d tarifesi yerine deniz ba\u011flama s\u00f6zle\u015fme tarifesi \u00fczerinden yap\u0131laca\u011f\u0131 duyuruldu. TEKNE SAH\u0130PLER\u0130NDE KR\u0130Z Ancak belirlenen s\u00fcrede karaya \u00e7\u0131kar\u0131lmayan 7 metreden k\u00fc\u00e7\u00fck tekneler i\u00e7in 1 Temmuz 2025 itibar\u0131yla deniz ba\u011flama s\u00f6zle\u015fmesi yenilemesi yap\u0131lmayacak. Bu durumda kalan teknelerin bar\u0131nakta kalmalar\u0131 m\u00fcmk\u00fcn olmayacak. Karar bar\u0131naktaki tekne sahipleri aras\u0131nda krize neden oldu. Onlarca tekne sahibi karara itiraz ederek karardan geri ad\u0131m at\u0131lmas\u0131n\u0131 savundu. RANDEVU S\u0130STEM\u0130NE GE\u00c7\u0130LD\u0130 Bar\u0131nak y\u00f6netimi taraf\u0131ndan &hellip;","og_url":"https:\/\/denizcankizil.tr\/en\/haberler\/gundem\/antalya-balikci-barinaginda-kriz-tirmaniyor\/","og_site_name":"Av. Deniz Can K\u0131z\u0131l","article_published_time":"2025-07-01T10:41:22+00:00","author":"Antalya K\u00f6rfez","twitter_card":"summary_large_image","twitter_misc":{"Written by":"Antalya K\u00f6rfez","Estimated reading time":"4 minutes"},"schema":{"@context":"https:\/\/schema.org","@graph":[{"@type":"Article","@id":"https:\/\/denizcankizil.tr\/uk\/haberler\/gundem\/antalya-balikci-barinaginda-kriz-tirmaniyor\/#article","isPartOf":{"@id":"https:\/\/denizcankizil.tr\/uk\/haberler\/gundem\/antalya-balikci-barinaginda-kriz-tirmaniyor\/"},"author":{"name":"Antalya K\u00f6rfez","@id":"https:\/\/denizcankizil.tr\/de\/#\/schema\/person\/e1eb71bb4dd684d46563f0af307e1234"},"headline":"Antalya Bal\u0131k\u00e7\u0131 Bar\u0131na\u011f\u0131&#8217;nda kriz t\u0131rman\u0131yor!","datePublished":"2025-07-01T10:41:22+00:00","mainEntityOfPage":{"@id":"https:\/\/denizcankizil.tr\/uk\/haberler\/gundem\/antalya-balikci-barinaginda-kriz-tirmaniyor\/"},"wordCount":727,"publisher":{"@id":"https:\/\/denizcankizil.tr\/de\/#organization"},"articleSection":["G\u00fcndem"],"inLanguage":"en-GB"},{"@type":"WebPage","@id":"https:\/\/denizcankizil.tr\/uk\/haberler\/gundem\/antalya-balikci-barinaginda-kriz-tirmaniyor\/","url":"https:\/\/denizcankizil.tr\/uk\/haberler\/gundem\/antalya-balikci-barinaginda-kriz-tirmaniyor\/","name":"Antalya Bal\u0131k\u00e7\u0131 Bar\u0131na\u011f\u0131'nda kriz t\u0131rman\u0131yor! - Av. Deniz Can K\u0131z\u0131l","isPartOf":{"@id":"https:\/\/denizcankizil.tr\/de\/#website"},"datePublished":"2025-07-01T10:41:22+00:00","breadcrumb":{"@id":"https:\/\/denizcankizil.tr\/uk\/haberler\/gundem\/antalya-balikci-barinaginda-kriz-tirmaniyor\/#breadcrumb"},"inLanguage":"en-GB","potentialAction":[{"@type":"ReadAction","target":["https:\/\/denizcankizil.tr\/uk\/haberler\/gundem\/antalya-balikci-barinaginda-kriz-tirmaniyor\/"]}]},{"@type":"BreadcrumbList","@id":"https:\/\/denizcankizil.tr\/uk\/haberler\/gundem\/antalya-balikci-barinaginda-kriz-tirmaniyor\/#breadcrumb","itemListElement":[{"@type":"ListItem","position":1,"name":"Home","item":"https:\/\/denizcankizil.tr\/de\/"},{"@type":"ListItem","position":2,"name":"Antalya Bal\u0131k\u00e7\u0131 Bar\u0131na\u011f\u0131&#8217;nda kriz t\u0131rman\u0131yor!"}]},{"@type":"WebSite","@id":"https:\/\/denizcankizil.tr\/de\/#website","url":"https:\/\/denizcankizil.tr\/de\/","name":"Av. Deniz Can K\u0131z\u0131l","description":"Avukat Deniz Can K\u0131z\u0131l Antalya Barosu","publisher":{"@id":"https:\/\/denizcankizil.tr\/de\/#organization"},"potentialAction":[{"@type":"SearchAction","target":{"@type":"EntryPoint","urlTemplate":"https:\/\/denizcankizil.tr\/de\/?s={search_term_string}"},"query-input":{"@type":"PropertyValueSpecification","valueRequired":true,"valueName":"search_term_string"}}],"inLanguage":"en-GB"},{"@type":"Organization","@id":"https:\/\/denizcankizil.tr\/de\/#organization","name":"Av. Deniz Can K\u0131z\u0131l","url":"https:\/\/denizcankizil.tr\/de\/","logo":{"@type":"ImageObject","inLanguage":"en-GB","@id":"https:\/\/denizcankizil.tr\/de\/#\/schema\/logo\/image\/","url":"https:\/\/denizcankizil.tr\/wp-content\/uploads\/2024\/10\/siyah-logo-svg.svg","contentUrl":"https:\/\/denizcankizil.tr\/wp-content\/uploads\/2024\/10\/siyah-logo-svg.svg","width":1080,"height":1080,"caption":"Av. Deniz Can K\u0131z\u0131l"},"image":{"@id":"https:\/\/denizcankizil.tr\/de\/#\/schema\/logo\/image\/"}},{"@type":"Person","@id":"https:\/\/denizcankizil.tr\/de\/#\/schema\/person\/e1eb71bb4dd684d46563f0af307e1234","name":"Antalya K\u00f6rfez","image":{"@type":"ImageObject","inLanguage":"en-GB","@id":"https:\/\/denizcankizil.tr\/de\/#\/schema\/person\/image\/","url":"https:\/\/secure.gravatar.com\/avatar\/42b01982558a48a0b501fdcab6a408d3717ea5919095ee2e67b0e521799c5905?s=96&d=mm&r=g","contentUrl":"https:\/\/secure.gravatar.com\/avatar\/42b01982558a48a0b501fdcab6a408d3717ea5919095ee2e67b0e521799c5905?s=96&d=mm&r=g","caption":"Antalya K\u00f6rfez"},"sameAs":["http:\/\/www.antalyakorfez.com"],"url":"https:\/\/www.antalyakorfez.com\/antalya-balikci-barinaginda-kriz-tirmaniyor"}]}},"_links":{"self":[{"href":"https:\/\/denizcankizil.tr\/en\/wp-json\/wp\/v2\/posts\/132426","targetHints":{"allow":["GET"]}}],"collection":[{"href":"https:\/\/denizcankizil.tr\/en\/wp-json\/wp\/v2\/posts"}],"about":[{"href":"https:\/\/denizcankizil.tr\/en\/wp-json\/wp\/v2\/types\/post"}],"author":[{"embeddable":true,"href":"https:\/\/denizcankizil.tr\/en\/wp-json\/wp\/v2\/users\/5"}],"replies":[{"embeddable":true,"href":"https:\/\/denizcankizil.tr\/en\/wp-json\/wp\/v2\/comments?post=132426"}],"version-history":[{"count":0,"href":"https:\/\/denizcankizil.tr\/en\/wp-json\/wp\/v2\/posts\/132426\/revisions"}],"wp:attachment":[{"href":"https:\/\/denizcankizil.tr\/en\/wp-json\/wp\/v2\/media?parent=132426"}],"wp:term":[{"taxonomy":"category","embeddable":true,"href":"https:\/\/denizcankizil.tr\/en\/wp-json\/wp\/v2\/categories?post=132426"},{"taxonomy":"post_tag","embeddable":true,"href":"https:\/\/denizcankizil.tr\/en\/wp-json\/wp\/v2\/tags?post=132426"}],"curies":[{"name":"wp","href":"https:\/\/api.w.org\/{rel}","templated":true}]}}