{"id":131535,"date":"2025-06-30T17:41:16","date_gmt":"2025-06-30T14:41:16","guid":{"rendered":"https:\/\/denizcankizil.tr\/uncategorized-tr\/gencler-siyaset-ve-aidiyet-sessiz-cogunluk-mu-donusturucu-guc-mu\/"},"modified":"2025-06-30T17:41:16","modified_gmt":"2025-06-30T14:41:16","slug":"gencler-siyaset-ve-aidiyet-sessiz-cogunluk-mu-donusturucu-guc-mu","status":"publish","type":"post","link":"https:\/\/denizcankizil.tr\/en\/haberler\/gundem\/gencler-siyaset-ve-aidiyet-sessiz-cogunluk-mu-donusturucu-guc-mu\/","title":{"rendered":"Gen\u00e7ler, siyaset ve aidiyet: sessiz \u00e7o\u011funluk mu, d\u00f6n\u00fc\u015ft\u00fcr\u00fcc\u00fc g\u00fc\u00e7 m\u00fc?"},"content":{"rendered":"<p>Bir toplumun gelece\u011fini anlamak istiyorsak, gen\u00e7lerin sessizli\u011fine de\u011fil, sessizliklerindeki d\u00fc\u015f\u00fcncelere kulak vermeliyiz.<\/p>\n<p>Bug\u00fcn bakt\u0131\u011f\u0131m\u0131zda gen\u00e7ler, siyasete ilgisiz ya da umursamaz gibi g\u00f6steriliyor. Oysa ger\u00e7ek \u015fu ki; gen\u00e7ler siyasetten de\u011fil, siyasetin samimiyetsizli\u011finden, g\u00fcn\u00fcbirlik \u00e7\u0131kar hesaplar\u0131ndan ve kendilerini yok sayan dilden yoruldular. Onlar, \u201cpolitikaya de\u011fil, eski politikalara mesafeliler.\u201d<\/p>\n<p>Siyasal aidiyet duygusu, bir parti rozeti takmaktan ibaret de\u011fildir. As\u0131l aidiyet, kendini bir fikirde, bir ama\u00e7ta, bir m\u00fccadelede bulabilmektir. Gen\u00e7ler, i\u015fte tam da bunu ar\u0131yor: Kendi seslerinin de\u011fer g\u00f6rd\u00fc\u011f\u00fc, fikirlerinin kar\u015f\u0131l\u0131k buldu\u011fu, de\u011fi\u015fimin bir par\u00e7as\u0131 olduklar\u0131 bir ya\u015fam.<\/p>\n<p>Bug\u00fcn gen\u00e7ler, iklim krizinden toplumsal adalete, ekonomik geleceksizlikten \u00f6zg\u00fcrl\u00fcklere kadar her ba\u015fl\u0131\u011f\u0131 yak\u0131ndan takip ediyor. Kimi sokakta, kimi \u00fcniversite s\u0131ralar\u0131nda, kimi de sosyal medyada fikirlerini dile getiriyor. Ama her biri ayn\u0131 soruyu soruyor: \u201cBizi ger\u00e7ekten duyan var m\u0131?\u201d<\/p>\n<p>Siyaset kurumu, gen\u00e7leri yaln\u0131zca se\u00e7im zamanlar\u0131nda hat\u0131rlanan oy deposu olarak g\u00f6rmekten vazge\u00e7meli. Kat\u0131l\u0131mc\u0131l\u0131\u011f\u0131, ortak akl\u0131, gen\u00e7lerin dinamizmini ve idealizmini merkeze koymayan her siyasi hareket, yar\u0131nlarda da ayn\u0131 \u00e7\u0131kmaz\u0131 ya\u015famaya mahk\u00fbm.<\/p>\n<p>Gen\u00e7ler, gelecekten umutsuz de\u011fil; sadece o gelece\u011fin s\u00f6z sahibi olmak istiyorlar. Onlara alan a\u00e7mak, onlar\u0131 dinlemek, onlar\u0131 dahil etmek zorunday\u0131z. \u00c7\u00fcnk\u00fc bu \u00fclkenin kaderini as\u0131l de\u011fi\u015ftirecek olan, fikirlerini susturmadan ya\u015fayan gen\u00e7 bir nesildir.<\/p>\n<p>\u200bBir toplumun gelece\u011fini anlamak istiyorsak, gen\u00e7lerin sessizli\u011fine de\u011fil, sessizliklerindeki d\u00fc\u015f\u00fcncelere kulak vermeliyiz.<\/p>\n<p>Bug\u00fcn bakt\u0131\u011f\u0131m\u0131zda gen\u00e7ler, siyasete ilgisiz ya da umursamaz gibi g\u00f6steriliyor. Oysa ger\u00e7ek \u015fu ki; gen\u00e7ler siyasetten de\u011fil, siyasetin samimiyetsizli\u011finden, g\u00fcn\u00fcbirlik \u00e7\u0131kar hesaplar\u0131ndan ve kendilerini yok sayan dilden yoruldular. Onlar, \u201cpolitikaya de\u011fil, eski politikalara mesafeliler.\u201d<\/p>\n<p>Siyasal aidiyet duygusu, bir parti rozeti takmaktan ibaret de\u011fildir. As\u0131l aidiyet, kendini bir fikirde, bir ama\u00e7ta, bir m\u00fccadelede bulabilmektir. Gen\u00e7ler, i\u015fte tam da bunu ar\u0131yor: Kendi seslerinin de\u011fer g\u00f6rd\u00fc\u011f\u00fc, fikirlerinin kar\u015f\u0131l\u0131k buldu\u011fu, de\u011fi\u015fimin bir par\u00e7as\u0131 olduklar\u0131 bir ya\u015fam.<\/p>\n<p>Bug\u00fcn gen\u00e7ler, iklim krizinden toplumsal adalete, ekonomik geleceksizlikten \u00f6zg\u00fcrl\u00fcklere kadar her ba\u015fl\u0131\u011f\u0131 yak\u0131ndan takip ediyor. Kimi sokakta, kimi \u00fcniversite s\u0131ralar\u0131nda, kimi de sosyal medyada fikirlerini dile getiriyor. Ama her biri ayn\u0131 soruyu soruyor: \u201cBizi ger\u00e7ekten duyan var m\u0131?\u201d<\/p>\n<p>Siyaset kurumu, gen\u00e7leri yaln\u0131zca se\u00e7im zamanlar\u0131nda hat\u0131rlanan oy deposu olarak g\u00f6rmekten vazge\u00e7meli. Kat\u0131l\u0131mc\u0131l\u0131\u011f\u0131, ortak akl\u0131, gen\u00e7lerin dinamizmini ve idealizmini merkeze koymayan her siyasi hareket, yar\u0131nlarda da ayn\u0131 \u00e7\u0131kmaz\u0131 ya\u015famaya mahk\u00fbm.<\/p>\n<p>Gen\u00e7ler, gelecekten umutsuz de\u011fil; sadece o gelece\u011fin s\u00f6z sahibi olmak istiyorlar. Onlara alan a\u00e7mak, onlar\u0131 dinlemek, onlar\u0131 dahil etmek zorunday\u0131z. \u00c7\u00fcnk\u00fc bu \u00fclkenin kaderini as\u0131l de\u011fi\u015ftirecek olan, fikirlerini susturmadan ya\u015fayan gen\u00e7 bir nesildir.\u00a0<\/p>\n<p>\u200bHaberin Al\u0131nt\u0131land\u0131\u011f\u0131 Kaynak: www.antalyakorfez.com<\/p>","protected":false},"excerpt":{"rendered":"<p>Bir toplumun gelece\u011fini anlamak istiyorsak, gen\u00e7lerin sessizli\u011fine de\u011fil, sessizliklerindeki d\u00fc\u015f\u00fcncelere kulak vermeliyiz. Bug\u00fcn bakt\u0131\u011f\u0131m\u0131zda gen\u00e7ler, siyasete ilgisiz ya da umursamaz gibi g\u00f6steriliyor. Oysa ger\u00e7ek \u015fu ki; gen\u00e7ler siyasetten de\u011fil, siyasetin samimiyetsizli\u011finden, g\u00fcn\u00fcbirlik \u00e7\u0131kar hesaplar\u0131ndan ve kendilerini yok sayan dilden yoruldular. Onlar, \u201cpolitikaya de\u011fil, eski politikalara mesafeliler.\u201d Siyasal aidiyet duygusu, bir parti rozeti takmaktan ibaret de\u011fildir. As\u0131l aidiyet, kendini bir fikirde, bir ama\u00e7ta, bir m\u00fccadelede bulabilmektir. Gen\u00e7ler, i\u015fte tam da bunu ar\u0131yor: Kendi seslerinin de\u011fer g\u00f6rd\u00fc\u011f\u00fc, fikirlerinin kar\u015f\u0131l\u0131k buldu\u011fu, de\u011fi\u015fimin bir par\u00e7as\u0131 olduklar\u0131 bir ya\u015fam. Bug\u00fcn gen\u00e7ler, iklim krizinden toplumsal adalete, ekonomik geleceksizlikten \u00f6zg\u00fcrl\u00fcklere kadar her ba\u015fl\u0131\u011f\u0131 yak\u0131ndan takip ediyor. Kimi sokakta, kimi \u00fcniversite s\u0131ralar\u0131nda, kimi de sosyal medyada fikirlerini dile getiriyor. Ama her biri ayn\u0131 soruyu soruyor: \u201cBizi ger\u00e7ekten duyan var m\u0131?\u201d Siyaset kurumu, gen\u00e7leri yaln\u0131zca se\u00e7im zamanlar\u0131nda hat\u0131rlanan oy deposu olarak g\u00f6rmekten vazge\u00e7meli. Kat\u0131l\u0131mc\u0131l\u0131\u011f\u0131, ortak akl\u0131, gen\u00e7lerin dinamizmini ve idealizmini merkeze koymayan her siyasi hareket, yar\u0131nlarda da ayn\u0131 \u00e7\u0131kmaz\u0131 ya\u015famaya mahk\u00fbm. Gen\u00e7ler, gelecekten umutsuz de\u011fil; sadece o gelece\u011fin s\u00f6z sahibi olmak istiyorlar. Onlara alan a\u00e7mak, onlar\u0131 dinlemek, onlar\u0131 dahil etmek zorunday\u0131z. \u00c7\u00fcnk\u00fc bu \u00fclkenin kaderini as\u0131l de\u011fi\u015ftirecek olan, fikirlerini susturmadan ya\u015fayan gen\u00e7 bir nesildir. \u200bBir toplumun gelece\u011fini anlamak istiyorsak, gen\u00e7lerin sessizli\u011fine de\u011fil, sessizliklerindeki d\u00fc\u015f\u00fcncelere kulak vermeliyiz. Bug\u00fcn bakt\u0131\u011f\u0131m\u0131zda gen\u00e7ler, &hellip;<\/p>","protected":false},"author":5,"featured_media":0,"comment_status":"","ping_status":"open","sticky":false,"template":"","format":"standard","meta":{"_acf_changed":false,"footnotes":""},"categories":[24],"tags":[],"class_list":["post-131535","post","type-post","status-publish","format-standard","has-post-thumbnail","hentry","category-gundem"],"acf":[],"yoast_head":"<!-- This site is optimized with the Yoast SEO Premium plugin v26.6 (Yoast SEO v27.1.1) - https:\/\/yoast.com\/product\/yoast-seo-premium-wordpress\/ -->\n<title>Gen\u00e7ler, siyaset ve aidiyet: sessiz \u00e7o\u011funluk mu, d\u00f6n\u00fc\u015ft\u00fcr\u00fcc\u00fc g\u00fc\u00e7 m\u00fc? - Av. Deniz Can K\u0131z\u0131l<\/title>\n<meta name=\"robots\" content=\"index, follow, max-snippet:-1, max-image-preview:large, max-video-preview:-1\" \/>\n<link rel=\"canonical\" href=\"http:\/\/denizcankizil.tr\/en\/haberler\/gundem\/gencler-siyaset-ve-aidiyet-sessiz-cogunluk-mu-donusturucu-guc-mu\/\" \/>\n<meta property=\"og:locale\" content=\"en_GB\" \/>\n<meta property=\"og:type\" content=\"article\" \/>\n<meta property=\"og:title\" content=\"Gen\u00e7ler, siyaset ve aidiyet: sessiz \u00e7o\u011funluk mu, d\u00f6n\u00fc\u015ft\u00fcr\u00fcc\u00fc g\u00fc\u00e7 m\u00fc?\" \/>\n<meta property=\"og:description\" content=\"Bir toplumun gelece\u011fini anlamak istiyorsak, gen\u00e7lerin sessizli\u011fine de\u011fil, sessizliklerindeki d\u00fc\u015f\u00fcncelere kulak vermeliyiz. Bug\u00fcn bakt\u0131\u011f\u0131m\u0131zda gen\u00e7ler, siyasete ilgisiz ya da umursamaz gibi g\u00f6steriliyor. Oysa ger\u00e7ek \u015fu ki; gen\u00e7ler siyasetten de\u011fil, siyasetin samimiyetsizli\u011finden, g\u00fcn\u00fcbirlik \u00e7\u0131kar hesaplar\u0131ndan ve kendilerini yok sayan dilden yoruldular. Onlar, \u201cpolitikaya de\u011fil, eski politikalara mesafeliler.\u201d Siyasal aidiyet duygusu, bir parti rozeti takmaktan ibaret de\u011fildir. As\u0131l aidiyet, kendini bir fikirde, bir ama\u00e7ta, bir m\u00fccadelede bulabilmektir. Gen\u00e7ler, i\u015fte tam da bunu ar\u0131yor: Kendi seslerinin de\u011fer g\u00f6rd\u00fc\u011f\u00fc, fikirlerinin kar\u015f\u0131l\u0131k buldu\u011fu, de\u011fi\u015fimin bir par\u00e7as\u0131 olduklar\u0131 bir ya\u015fam. Bug\u00fcn gen\u00e7ler, iklim krizinden toplumsal adalete, ekonomik geleceksizlikten \u00f6zg\u00fcrl\u00fcklere kadar her ba\u015fl\u0131\u011f\u0131 yak\u0131ndan takip ediyor. Kimi sokakta, kimi \u00fcniversite s\u0131ralar\u0131nda, kimi de sosyal medyada fikirlerini dile getiriyor. Ama her biri ayn\u0131 soruyu soruyor: \u201cBizi ger\u00e7ekten duyan var m\u0131?\u201d Siyaset kurumu, gen\u00e7leri yaln\u0131zca se\u00e7im zamanlar\u0131nda hat\u0131rlanan oy deposu olarak g\u00f6rmekten vazge\u00e7meli. Kat\u0131l\u0131mc\u0131l\u0131\u011f\u0131, ortak akl\u0131, gen\u00e7lerin dinamizmini ve idealizmini merkeze koymayan her siyasi hareket, yar\u0131nlarda da ayn\u0131 \u00e7\u0131kmaz\u0131 ya\u015famaya mahk\u00fbm. Gen\u00e7ler, gelecekten umutsuz de\u011fil; sadece o gelece\u011fin s\u00f6z sahibi olmak istiyorlar. Onlara alan a\u00e7mak, onlar\u0131 dinlemek, onlar\u0131 dahil etmek zorunday\u0131z. \u00c7\u00fcnk\u00fc bu \u00fclkenin kaderini as\u0131l de\u011fi\u015ftirecek olan, fikirlerini susturmadan ya\u015fayan gen\u00e7 bir nesildir. \u200bBir toplumun gelece\u011fini anlamak istiyorsak, gen\u00e7lerin sessizli\u011fine de\u011fil, sessizliklerindeki d\u00fc\u015f\u00fcncelere kulak vermeliyiz. Bug\u00fcn bakt\u0131\u011f\u0131m\u0131zda gen\u00e7ler, &hellip;\" \/>\n<meta property=\"og:url\" content=\"http:\/\/denizcankizil.tr\/en\/haberler\/gundem\/gencler-siyaset-ve-aidiyet-sessiz-cogunluk-mu-donusturucu-guc-mu\/\" \/>\n<meta property=\"og:site_name\" content=\"Av. Deniz Can K\u0131z\u0131l\" \/>\n<meta property=\"article:published_time\" content=\"2025-06-30T14:41:16+00:00\" \/>\n<meta name=\"author\" content=\"Antalya K\u00f6rfez\" \/>\n<meta name=\"twitter:card\" content=\"summary_large_image\" \/>\n<meta name=\"twitter:label1\" content=\"Written by\" \/>\n\t<meta name=\"twitter:data1\" content=\"Antalya K\u00f6rfez\" \/>\n\t<meta name=\"twitter:label2\" content=\"Estimated reading time\" \/>\n\t<meta name=\"twitter:data2\" content=\"3 minutes\" \/>\n<script type=\"application\/ld+json\" class=\"yoast-schema-graph\">{\"@context\":\"https:\/\/schema.org\",\"@graph\":[{\"@type\":\"Article\",\"@id\":\"http:\/\/denizcankizil.tr\/de\/haberler\/gundem\/gencler-siyaset-ve-aidiyet-sessiz-cogunluk-mu-donusturucu-guc-mu\/#article\",\"isPartOf\":{\"@id\":\"http:\/\/denizcankizil.tr\/de\/haberler\/gundem\/gencler-siyaset-ve-aidiyet-sessiz-cogunluk-mu-donusturucu-guc-mu\/\"},\"author\":{\"name\":\"Antalya K\u00f6rfez\",\"@id\":\"https:\/\/denizcankizil.tr\/de\/#\/schema\/person\/e1eb71bb4dd684d46563f0af307e1234\"},\"headline\":\"Gen\u00e7ler, siyaset ve aidiyet: sessiz \u00e7o\u011funluk mu, d\u00f6n\u00fc\u015ft\u00fcr\u00fcc\u00fc g\u00fc\u00e7 m\u00fc?\",\"datePublished\":\"2025-06-30T14:41:16+00:00\",\"mainEntityOfPage\":{\"@id\":\"http:\/\/denizcankizil.tr\/de\/haberler\/gundem\/gencler-siyaset-ve-aidiyet-sessiz-cogunluk-mu-donusturucu-guc-mu\/\"},\"wordCount\":528,\"publisher\":{\"@id\":\"https:\/\/denizcankizil.tr\/de\/#organization\"},\"articleSection\":[\"G\u00fcndem\"],\"inLanguage\":\"en-GB\"},{\"@type\":\"WebPage\",\"@id\":\"http:\/\/denizcankizil.tr\/de\/haberler\/gundem\/gencler-siyaset-ve-aidiyet-sessiz-cogunluk-mu-donusturucu-guc-mu\/\",\"url\":\"http:\/\/denizcankizil.tr\/de\/haberler\/gundem\/gencler-siyaset-ve-aidiyet-sessiz-cogunluk-mu-donusturucu-guc-mu\/\",\"name\":\"Gen\u00e7ler, siyaset ve aidiyet: sessiz \u00e7o\u011funluk mu, d\u00f6n\u00fc\u015ft\u00fcr\u00fcc\u00fc g\u00fc\u00e7 m\u00fc? - Av. Deniz Can K\u0131z\u0131l\",\"isPartOf\":{\"@id\":\"https:\/\/denizcankizil.tr\/de\/#website\"},\"datePublished\":\"2025-06-30T14:41:16+00:00\",\"breadcrumb\":{\"@id\":\"http:\/\/denizcankizil.tr\/de\/haberler\/gundem\/gencler-siyaset-ve-aidiyet-sessiz-cogunluk-mu-donusturucu-guc-mu\/#breadcrumb\"},\"inLanguage\":\"en-GB\",\"potentialAction\":[{\"@type\":\"ReadAction\",\"target\":[\"http:\/\/denizcankizil.tr\/de\/haberler\/gundem\/gencler-siyaset-ve-aidiyet-sessiz-cogunluk-mu-donusturucu-guc-mu\/\"]}]},{\"@type\":\"BreadcrumbList\",\"@id\":\"http:\/\/denizcankizil.tr\/de\/haberler\/gundem\/gencler-siyaset-ve-aidiyet-sessiz-cogunluk-mu-donusturucu-guc-mu\/#breadcrumb\",\"itemListElement\":[{\"@type\":\"ListItem\",\"position\":1,\"name\":\"Home\",\"item\":\"https:\/\/denizcankizil.tr\/de\/\"},{\"@type\":\"ListItem\",\"position\":2,\"name\":\"Gen\u00e7ler, siyaset ve aidiyet: sessiz \u00e7o\u011funluk mu, d\u00f6n\u00fc\u015ft\u00fcr\u00fcc\u00fc g\u00fc\u00e7 m\u00fc?\"}]},{\"@type\":\"WebSite\",\"@id\":\"https:\/\/denizcankizil.tr\/de\/#website\",\"url\":\"https:\/\/denizcankizil.tr\/de\/\",\"name\":\"Av. Deniz Can K\u0131z\u0131l\",\"description\":\"Avukat Deniz Can K\u0131z\u0131l Antalya Barosu\",\"publisher\":{\"@id\":\"https:\/\/denizcankizil.tr\/de\/#organization\"},\"potentialAction\":[{\"@type\":\"SearchAction\",\"target\":{\"@type\":\"EntryPoint\",\"urlTemplate\":\"https:\/\/denizcankizil.tr\/de\/?s={search_term_string}\"},\"query-input\":{\"@type\":\"PropertyValueSpecification\",\"valueRequired\":true,\"valueName\":\"search_term_string\"}}],\"inLanguage\":\"en-GB\"},{\"@type\":\"Organization\",\"@id\":\"https:\/\/denizcankizil.tr\/de\/#organization\",\"name\":\"Av. Deniz Can K\u0131z\u0131l\",\"url\":\"https:\/\/denizcankizil.tr\/de\/\",\"logo\":{\"@type\":\"ImageObject\",\"inLanguage\":\"en-GB\",\"@id\":\"https:\/\/denizcankizil.tr\/de\/#\/schema\/logo\/image\/\",\"url\":\"https:\/\/denizcankizil.tr\/wp-content\/uploads\/2024\/10\/siyah-logo-svg.svg\",\"contentUrl\":\"https:\/\/denizcankizil.tr\/wp-content\/uploads\/2024\/10\/siyah-logo-svg.svg\",\"width\":1080,\"height\":1080,\"caption\":\"Av. Deniz Can K\u0131z\u0131l\"},\"image\":{\"@id\":\"https:\/\/denizcankizil.tr\/de\/#\/schema\/logo\/image\/\"}},{\"@type\":\"Person\",\"@id\":\"https:\/\/denizcankizil.tr\/de\/#\/schema\/person\/e1eb71bb4dd684d46563f0af307e1234\",\"name\":\"Antalya K\u00f6rfez\",\"image\":{\"@type\":\"ImageObject\",\"inLanguage\":\"en-GB\",\"@id\":\"https:\/\/denizcankizil.tr\/de\/#\/schema\/person\/image\/\",\"url\":\"https:\/\/secure.gravatar.com\/avatar\/42b01982558a48a0b501fdcab6a408d3717ea5919095ee2e67b0e521799c5905?s=96&d=mm&r=g\",\"contentUrl\":\"https:\/\/secure.gravatar.com\/avatar\/42b01982558a48a0b501fdcab6a408d3717ea5919095ee2e67b0e521799c5905?s=96&d=mm&r=g\",\"caption\":\"Antalya K\u00f6rfez\"},\"sameAs\":[\"http:\/\/www.antalyakorfez.com\"],\"url\":\"https:\/\/www.antalyakorfez.com\/gencler-siyaset-ve-aidiyet-sessiz-cogunluk-mu-donusturucu-guc-mu\"}]}<\/script>\n<!-- \/ Yoast SEO Premium plugin. -->","yoast_head_json":{"title":"Gen\u00e7ler, siyaset ve aidiyet: sessiz \u00e7o\u011funluk mu, d\u00f6n\u00fc\u015ft\u00fcr\u00fcc\u00fc g\u00fc\u00e7 m\u00fc? - Av. Deniz Can K\u0131z\u0131l","robots":{"index":"index","follow":"follow","max-snippet":"max-snippet:-1","max-image-preview":"max-image-preview:large","max-video-preview":"max-video-preview:-1"},"canonical":"http:\/\/denizcankizil.tr\/en\/haberler\/gundem\/gencler-siyaset-ve-aidiyet-sessiz-cogunluk-mu-donusturucu-guc-mu\/","og_locale":"en_GB","og_type":"article","og_title":"Gen\u00e7ler, siyaset ve aidiyet: sessiz \u00e7o\u011funluk mu, d\u00f6n\u00fc\u015ft\u00fcr\u00fcc\u00fc g\u00fc\u00e7 m\u00fc?","og_description":"Bir toplumun gelece\u011fini anlamak istiyorsak, gen\u00e7lerin sessizli\u011fine de\u011fil, sessizliklerindeki d\u00fc\u015f\u00fcncelere kulak vermeliyiz. Bug\u00fcn bakt\u0131\u011f\u0131m\u0131zda gen\u00e7ler, siyasete ilgisiz ya da umursamaz gibi g\u00f6steriliyor. Oysa ger\u00e7ek \u015fu ki; gen\u00e7ler siyasetten de\u011fil, siyasetin samimiyetsizli\u011finden, g\u00fcn\u00fcbirlik \u00e7\u0131kar hesaplar\u0131ndan ve kendilerini yok sayan dilden yoruldular. Onlar, \u201cpolitikaya de\u011fil, eski politikalara mesafeliler.\u201d Siyasal aidiyet duygusu, bir parti rozeti takmaktan ibaret de\u011fildir. As\u0131l aidiyet, kendini bir fikirde, bir ama\u00e7ta, bir m\u00fccadelede bulabilmektir. Gen\u00e7ler, i\u015fte tam da bunu ar\u0131yor: Kendi seslerinin de\u011fer g\u00f6rd\u00fc\u011f\u00fc, fikirlerinin kar\u015f\u0131l\u0131k buldu\u011fu, de\u011fi\u015fimin bir par\u00e7as\u0131 olduklar\u0131 bir ya\u015fam. Bug\u00fcn gen\u00e7ler, iklim krizinden toplumsal adalete, ekonomik geleceksizlikten \u00f6zg\u00fcrl\u00fcklere kadar her ba\u015fl\u0131\u011f\u0131 yak\u0131ndan takip ediyor. Kimi sokakta, kimi \u00fcniversite s\u0131ralar\u0131nda, kimi de sosyal medyada fikirlerini dile getiriyor. Ama her biri ayn\u0131 soruyu soruyor: \u201cBizi ger\u00e7ekten duyan var m\u0131?\u201d Siyaset kurumu, gen\u00e7leri yaln\u0131zca se\u00e7im zamanlar\u0131nda hat\u0131rlanan oy deposu olarak g\u00f6rmekten vazge\u00e7meli. Kat\u0131l\u0131mc\u0131l\u0131\u011f\u0131, ortak akl\u0131, gen\u00e7lerin dinamizmini ve idealizmini merkeze koymayan her siyasi hareket, yar\u0131nlarda da ayn\u0131 \u00e7\u0131kmaz\u0131 ya\u015famaya mahk\u00fbm. Gen\u00e7ler, gelecekten umutsuz de\u011fil; sadece o gelece\u011fin s\u00f6z sahibi olmak istiyorlar. Onlara alan a\u00e7mak, onlar\u0131 dinlemek, onlar\u0131 dahil etmek zorunday\u0131z. \u00c7\u00fcnk\u00fc bu \u00fclkenin kaderini as\u0131l de\u011fi\u015ftirecek olan, fikirlerini susturmadan ya\u015fayan gen\u00e7 bir nesildir. \u200bBir toplumun gelece\u011fini anlamak istiyorsak, gen\u00e7lerin sessizli\u011fine de\u011fil, sessizliklerindeki d\u00fc\u015f\u00fcncelere kulak vermeliyiz. Bug\u00fcn bakt\u0131\u011f\u0131m\u0131zda gen\u00e7ler, &hellip;","og_url":"http:\/\/denizcankizil.tr\/en\/haberler\/gundem\/gencler-siyaset-ve-aidiyet-sessiz-cogunluk-mu-donusturucu-guc-mu\/","og_site_name":"Av. Deniz Can K\u0131z\u0131l","article_published_time":"2025-06-30T14:41:16+00:00","author":"Antalya K\u00f6rfez","twitter_card":"summary_large_image","twitter_misc":{"Written by":"Antalya K\u00f6rfez","Estimated reading time":"3 minutes"},"schema":{"@context":"https:\/\/schema.org","@graph":[{"@type":"Article","@id":"http:\/\/denizcankizil.tr\/de\/haberler\/gundem\/gencler-siyaset-ve-aidiyet-sessiz-cogunluk-mu-donusturucu-guc-mu\/#article","isPartOf":{"@id":"http:\/\/denizcankizil.tr\/de\/haberler\/gundem\/gencler-siyaset-ve-aidiyet-sessiz-cogunluk-mu-donusturucu-guc-mu\/"},"author":{"name":"Antalya K\u00f6rfez","@id":"https:\/\/denizcankizil.tr\/de\/#\/schema\/person\/e1eb71bb4dd684d46563f0af307e1234"},"headline":"Gen\u00e7ler, siyaset ve aidiyet: sessiz \u00e7o\u011funluk mu, d\u00f6n\u00fc\u015ft\u00fcr\u00fcc\u00fc g\u00fc\u00e7 m\u00fc?","datePublished":"2025-06-30T14:41:16+00:00","mainEntityOfPage":{"@id":"http:\/\/denizcankizil.tr\/de\/haberler\/gundem\/gencler-siyaset-ve-aidiyet-sessiz-cogunluk-mu-donusturucu-guc-mu\/"},"wordCount":528,"publisher":{"@id":"https:\/\/denizcankizil.tr\/de\/#organization"},"articleSection":["G\u00fcndem"],"inLanguage":"en-GB"},{"@type":"WebPage","@id":"http:\/\/denizcankizil.tr\/de\/haberler\/gundem\/gencler-siyaset-ve-aidiyet-sessiz-cogunluk-mu-donusturucu-guc-mu\/","url":"http:\/\/denizcankizil.tr\/de\/haberler\/gundem\/gencler-siyaset-ve-aidiyet-sessiz-cogunluk-mu-donusturucu-guc-mu\/","name":"Gen\u00e7ler, siyaset ve aidiyet: sessiz \u00e7o\u011funluk mu, d\u00f6n\u00fc\u015ft\u00fcr\u00fcc\u00fc g\u00fc\u00e7 m\u00fc? - Av. Deniz Can K\u0131z\u0131l","isPartOf":{"@id":"https:\/\/denizcankizil.tr\/de\/#website"},"datePublished":"2025-06-30T14:41:16+00:00","breadcrumb":{"@id":"http:\/\/denizcankizil.tr\/de\/haberler\/gundem\/gencler-siyaset-ve-aidiyet-sessiz-cogunluk-mu-donusturucu-guc-mu\/#breadcrumb"},"inLanguage":"en-GB","potentialAction":[{"@type":"ReadAction","target":["http:\/\/denizcankizil.tr\/de\/haberler\/gundem\/gencler-siyaset-ve-aidiyet-sessiz-cogunluk-mu-donusturucu-guc-mu\/"]}]},{"@type":"BreadcrumbList","@id":"http:\/\/denizcankizil.tr\/de\/haberler\/gundem\/gencler-siyaset-ve-aidiyet-sessiz-cogunluk-mu-donusturucu-guc-mu\/#breadcrumb","itemListElement":[{"@type":"ListItem","position":1,"name":"Home","item":"https:\/\/denizcankizil.tr\/de\/"},{"@type":"ListItem","position":2,"name":"Gen\u00e7ler, siyaset ve aidiyet: sessiz \u00e7o\u011funluk mu, d\u00f6n\u00fc\u015ft\u00fcr\u00fcc\u00fc g\u00fc\u00e7 m\u00fc?"}]},{"@type":"WebSite","@id":"https:\/\/denizcankizil.tr\/de\/#website","url":"https:\/\/denizcankizil.tr\/de\/","name":"Av. Deniz Can K\u0131z\u0131l","description":"Avukat Deniz Can K\u0131z\u0131l Antalya Barosu","publisher":{"@id":"https:\/\/denizcankizil.tr\/de\/#organization"},"potentialAction":[{"@type":"SearchAction","target":{"@type":"EntryPoint","urlTemplate":"https:\/\/denizcankizil.tr\/de\/?s={search_term_string}"},"query-input":{"@type":"PropertyValueSpecification","valueRequired":true,"valueName":"search_term_string"}}],"inLanguage":"en-GB"},{"@type":"Organization","@id":"https:\/\/denizcankizil.tr\/de\/#organization","name":"Av. Deniz Can K\u0131z\u0131l","url":"https:\/\/denizcankizil.tr\/de\/","logo":{"@type":"ImageObject","inLanguage":"en-GB","@id":"https:\/\/denizcankizil.tr\/de\/#\/schema\/logo\/image\/","url":"https:\/\/denizcankizil.tr\/wp-content\/uploads\/2024\/10\/siyah-logo-svg.svg","contentUrl":"https:\/\/denizcankizil.tr\/wp-content\/uploads\/2024\/10\/siyah-logo-svg.svg","width":1080,"height":1080,"caption":"Av. Deniz Can K\u0131z\u0131l"},"image":{"@id":"https:\/\/denizcankizil.tr\/de\/#\/schema\/logo\/image\/"}},{"@type":"Person","@id":"https:\/\/denizcankizil.tr\/de\/#\/schema\/person\/e1eb71bb4dd684d46563f0af307e1234","name":"Antalya K\u00f6rfez","image":{"@type":"ImageObject","inLanguage":"en-GB","@id":"https:\/\/denizcankizil.tr\/de\/#\/schema\/person\/image\/","url":"https:\/\/secure.gravatar.com\/avatar\/42b01982558a48a0b501fdcab6a408d3717ea5919095ee2e67b0e521799c5905?s=96&d=mm&r=g","contentUrl":"https:\/\/secure.gravatar.com\/avatar\/42b01982558a48a0b501fdcab6a408d3717ea5919095ee2e67b0e521799c5905?s=96&d=mm&r=g","caption":"Antalya K\u00f6rfez"},"sameAs":["http:\/\/www.antalyakorfez.com"],"url":"https:\/\/www.antalyakorfez.com\/gencler-siyaset-ve-aidiyet-sessiz-cogunluk-mu-donusturucu-guc-mu"}]}},"_links":{"self":[{"href":"https:\/\/denizcankizil.tr\/en\/wp-json\/wp\/v2\/posts\/131535","targetHints":{"allow":["GET"]}}],"collection":[{"href":"https:\/\/denizcankizil.tr\/en\/wp-json\/wp\/v2\/posts"}],"about":[{"href":"https:\/\/denizcankizil.tr\/en\/wp-json\/wp\/v2\/types\/post"}],"author":[{"embeddable":true,"href":"https:\/\/denizcankizil.tr\/en\/wp-json\/wp\/v2\/users\/5"}],"replies":[{"embeddable":true,"href":"https:\/\/denizcankizil.tr\/en\/wp-json\/wp\/v2\/comments?post=131535"}],"version-history":[{"count":0,"href":"https:\/\/denizcankizil.tr\/en\/wp-json\/wp\/v2\/posts\/131535\/revisions"}],"wp:attachment":[{"href":"https:\/\/denizcankizil.tr\/en\/wp-json\/wp\/v2\/media?parent=131535"}],"wp:term":[{"taxonomy":"category","embeddable":true,"href":"https:\/\/denizcankizil.tr\/en\/wp-json\/wp\/v2\/categories?post=131535"},{"taxonomy":"post_tag","embeddable":true,"href":"https:\/\/denizcankizil.tr\/en\/wp-json\/wp\/v2\/tags?post=131535"}],"curies":[{"name":"wp","href":"https:\/\/api.w.org\/{rel}","templated":true}]}}