{"id":130641,"date":"2025-06-29T20:43:31","date_gmt":"2025-06-29T17:43:31","guid":{"rendered":"https:\/\/denizcankizil.tr\/uncategorized-tr\/mehmetcikle-bir-gun-projesi-ciglide-ogrencilerle-bulustu\/"},"modified":"2025-06-29T20:43:31","modified_gmt":"2025-06-29T17:43:31","slug":"mehmetcikle-bir-gun-projesi-ciglide-ogrencilerle-bulustu","status":"publish","type":"post","link":"https:\/\/denizcankizil.tr\/en\/haberler\/gundem\/mehmetcikle-bir-gun-projesi-ciglide-ogrencilerle-bulustu\/","title":{"rendered":"\u201cMehmet\u00e7ikle Bir G\u00fcn\u201d projesi \u00c7i\u011fli\u2019de \u00f6\u011frencilerle bulu\u015ftu"},"content":{"rendered":"<p>Milli Savunma Bakanl\u0131\u011f\u0131\u2019n\u0131n \u201cMehmet\u00e7ikle Bir G\u00fcn Projesi\u201d kapsam\u0131nda, \u0130zmir \u00c7i\u011fli\u2019deki 2\u2019nci Ana Jet \u00dcs Komutanl\u0131\u011f\u0131\u2019nda \u00f6\u011frenciler a\u011f\u0131rland\u0131.\u0130ZM\u0130R (\u0130GFA)  &#8211; Milli Savunma Bakanl\u0131\u011f\u0131, T\u00fcrk Silahl\u0131 Kuvvetleri\u2019ni (TSK) tan\u0131tmak, askerlik mesle\u011fini sevdirmek ve gen\u00e7 nesillerle TSK aras\u0131ndaki ba\u011f\u0131 g\u00fc\u00e7lendirmek amac\u0131yla s\u00fcrd\u00fcrd\u00fc\u011f\u00fc \u201cMehmet\u00e7ikle Bir G\u00fcn Projesi\u201dne devam ediyor.<br \/>\nProje kapsam\u0131nda, ilk\u00f6\u011fretim ve orta\u00f6\u011fretim \u00f6\u011frencileri, \u0130zmir \u00c7i\u011fli\u2019de bulunan Hava Kuvvetleri Komutanl\u0131\u011f\u0131\u2019na ba\u011fl\u0131 2\u2019nci Ana Jet \u00dcs Komutanl\u0131\u011f\u0131\u2019nda misafir edildi.<br \/>\n\u201cMehmet\u00e7ikle Bir G\u00fcn Projesi\u201d devam ediyor. Proje kapsam\u0131nda \u00f6\u011frencilerimizi a\u011f\u0131rlamaya devam ediyoruz. * T\u00fcrk Silahl\u0131 Kuvvetlerini tan\u0131tmak,* \u00d6\u011frencilere askerlik mesle\u011fini sevdirmek ve \u00f6zendirmek,* Gen\u00e7 nesiller ile T\u00fcrk Silahl\u0131 Kuvvetleri aras\u0131ndaki ba\u011f\u0131 g\u00fc\u00e7lendirmek\u2026 pic.twitter.com\/Pl8cCcjFVk\u2014 T.C. Mill\u00ee Savunma Bakanl\u0131\u011f\u0131 (@tcsavunma) June 29, 2025<br \/>\n\u00d6\u011frenciler, \u00fcs komutanl\u0131\u011f\u0131nda TSK\u2019n\u0131n faaliyetlerini yak\u0131ndan tan\u0131ma f\u0131rsat\u0131 bulurken, askerlik mesle\u011fine dair bilgi edindi ve \u00e7e\u015fitli etkinliklere kat\u0131ld\u0131.<br \/>\nMilli Savunma Bakanl\u0131\u011f\u0131, sosyal medya \u00fczerinden yapt\u0131\u011f\u0131 payla\u015f\u0131mda, projenin gen\u00e7 nesillerle TSK aras\u0131ndaki ba\u011f\u0131 g\u00fc\u00e7lendirme hedefini vurgulad\u0131.<br \/>\nEtkinlik, \u00f6\u011frencilerin askerlik mesle\u011fine ilgisini art\u0131rmay\u0131 ve vatanseverlik bilincini peki\u015ftirmeyi ama\u00e7l\u0131yor.<\/p>\n<p>\u200bMilli Savunma Bakanl\u0131\u011f\u0131\u2019n\u0131n \u201cMehmet\u00e7ikle Bir G\u00fcn Projesi\u201d kapsam\u0131nda, \u0130zmir \u00c7i\u011fli\u2019deki 2\u2019nci Ana Jet \u00dcs Komutanl\u0131\u011f\u0131\u2019nda \u00f6\u011frenciler a\u011f\u0131rland\u0131.\u0130ZM\u0130R (\u0130GFA)  &#8211; Milli Savunma Bakanl\u0131\u011f\u0131, T\u00fcrk Silahl\u0131 Kuvvetleri\u2019ni (TSK) tan\u0131tmak, askerlik mesle\u011fini sevdirmek ve gen\u00e7 nesillerle TSK aras\u0131ndaki ba\u011f\u0131 g\u00fc\u00e7lendirmek amac\u0131yla s\u00fcrd\u00fcrd\u00fc\u011f\u00fc \u201cMehmet\u00e7ikle Bir G\u00fcn Projesi\u201dne devam ediyor.<br \/>\nProje kapsam\u0131nda, ilk\u00f6\u011fretim ve orta\u00f6\u011fretim \u00f6\u011frencileri, \u0130zmir \u00c7i\u011fli\u2019de bulunan Hava Kuvvetleri Komutanl\u0131\u011f\u0131\u2019na ba\u011fl\u0131 2\u2019nci Ana Jet \u00dcs Komutanl\u0131\u011f\u0131\u2019nda misafir edildi.<br \/>\n\u201cMehmet\u00e7ikle Bir G\u00fcn Projesi\u201d devam ediyor. Proje kapsam\u0131nda \u00f6\u011frencilerimizi a\u011f\u0131rlamaya devam ediyoruz. * T\u00fcrk Silahl\u0131 Kuvvetlerini tan\u0131tmak,* \u00d6\u011frencilere askerlik mesle\u011fini sevdirmek ve \u00f6zendirmek,* Gen\u00e7 nesiller ile T\u00fcrk Silahl\u0131 Kuvvetleri aras\u0131ndaki ba\u011f\u0131 g\u00fc\u00e7lendirmek\u2026 pic.twitter.com\/Pl8cCcjFVk\u2014 T.C. Mill\u00ee Savunma Bakanl\u0131\u011f\u0131 (@tcsavunma) June 29, 2025<br \/>\n\u00d6\u011frenciler, \u00fcs komutanl\u0131\u011f\u0131nda TSK\u2019n\u0131n faaliyetlerini yak\u0131ndan tan\u0131ma f\u0131rsat\u0131 bulurken, askerlik mesle\u011fine dair bilgi edindi ve \u00e7e\u015fitli etkinliklere kat\u0131ld\u0131.<br \/>\nMilli Savunma Bakanl\u0131\u011f\u0131, sosyal medya \u00fczerinden yapt\u0131\u011f\u0131 payla\u015f\u0131mda, projenin gen\u00e7 nesillerle TSK aras\u0131ndaki ba\u011f\u0131 g\u00fc\u00e7lendirme hedefini vurgulad\u0131.<br \/>\nEtkinlik, \u00f6\u011frencilerin askerlik mesle\u011fine ilgisini art\u0131rmay\u0131 ve vatanseverlik bilincini peki\u015ftirmeyi ama\u00e7l\u0131yor.\u00a0<\/p>\n<p>\u200bHaberin Al\u0131nt\u0131land\u0131\u011f\u0131 Kaynak: www.iskenderun.org<\/p>","protected":false},"excerpt":{"rendered":"<p>Milli Savunma Bakanl\u0131\u011f\u0131\u2019n\u0131n \u201cMehmet\u00e7ikle Bir G\u00fcn Projesi\u201d kapsam\u0131nda, \u0130zmir \u00c7i\u011fli\u2019deki 2\u2019nci Ana Jet \u00dcs Komutanl\u0131\u011f\u0131\u2019nda \u00f6\u011frenciler a\u011f\u0131rland\u0131.\u0130ZM\u0130R (\u0130GFA) &#8211; Milli Savunma Bakanl\u0131\u011f\u0131, T\u00fcrk Silahl\u0131 Kuvvetleri\u2019ni (TSK) tan\u0131tmak, askerlik mesle\u011fini sevdirmek ve gen\u00e7 nesillerle TSK aras\u0131ndaki ba\u011f\u0131 g\u00fc\u00e7lendirmek amac\u0131yla s\u00fcrd\u00fcrd\u00fc\u011f\u00fc \u201cMehmet\u00e7ikle Bir G\u00fcn Projesi\u201dne devam ediyor. Proje kapsam\u0131nda, ilk\u00f6\u011fretim ve orta\u00f6\u011fretim \u00f6\u011frencileri, \u0130zmir \u00c7i\u011fli\u2019de bulunan Hava Kuvvetleri Komutanl\u0131\u011f\u0131\u2019na ba\u011fl\u0131 2\u2019nci Ana Jet \u00dcs Komutanl\u0131\u011f\u0131\u2019nda misafir edildi. \u201cMehmet\u00e7ikle Bir G\u00fcn Projesi\u201d devam ediyor. Proje kapsam\u0131nda \u00f6\u011frencilerimizi a\u011f\u0131rlamaya devam ediyoruz. * T\u00fcrk Silahl\u0131 Kuvvetlerini tan\u0131tmak,* \u00d6\u011frencilere askerlik mesle\u011fini sevdirmek ve \u00f6zendirmek,* Gen\u00e7 nesiller ile T\u00fcrk Silahl\u0131 Kuvvetleri aras\u0131ndaki ba\u011f\u0131 g\u00fc\u00e7lendirmek\u2026 pic.twitter.com\/Pl8cCcjFVk\u2014 T.C. Mill\u00ee Savunma Bakanl\u0131\u011f\u0131 (@tcsavunma) June 29, 2025 \u00d6\u011frenciler, \u00fcs komutanl\u0131\u011f\u0131nda TSK\u2019n\u0131n faaliyetlerini yak\u0131ndan tan\u0131ma f\u0131rsat\u0131 bulurken, askerlik mesle\u011fine dair bilgi edindi ve \u00e7e\u015fitli etkinliklere kat\u0131ld\u0131. Milli Savunma Bakanl\u0131\u011f\u0131, sosyal medya \u00fczerinden yapt\u0131\u011f\u0131 payla\u015f\u0131mda, projenin gen\u00e7 nesillerle TSK aras\u0131ndaki ba\u011f\u0131 g\u00fc\u00e7lendirme hedefini vurgulad\u0131. Etkinlik, \u00f6\u011frencilerin askerlik mesle\u011fine ilgisini art\u0131rmay\u0131 ve vatanseverlik bilincini peki\u015ftirmeyi ama\u00e7l\u0131yor. \u200bMilli Savunma Bakanl\u0131\u011f\u0131\u2019n\u0131n \u201cMehmet\u00e7ikle Bir G\u00fcn Projesi\u201d kapsam\u0131nda, \u0130zmir \u00c7i\u011fli\u2019deki 2\u2019nci Ana Jet \u00dcs Komutanl\u0131\u011f\u0131\u2019nda \u00f6\u011frenciler a\u011f\u0131rland\u0131.\u0130ZM\u0130R (\u0130GFA) &#8211; Milli Savunma Bakanl\u0131\u011f\u0131, T\u00fcrk Silahl\u0131 Kuvvetleri\u2019ni (TSK) tan\u0131tmak, askerlik mesle\u011fini sevdirmek ve gen\u00e7 nesillerle TSK aras\u0131ndaki ba\u011f\u0131 g\u00fc\u00e7lendirmek amac\u0131yla s\u00fcrd\u00fcrd\u00fc\u011f\u00fc \u201cMehmet\u00e7ikle Bir G\u00fcn Projesi\u201dne devam ediyor. Proje kapsam\u0131nda, ilk\u00f6\u011fretim &hellip;<\/p>","protected":false},"author":1,"featured_media":0,"comment_status":"","ping_status":"open","sticky":false,"template":"","format":"standard","meta":{"_acf_changed":false,"footnotes":""},"categories":[24],"tags":[],"class_list":["post-130641","post","type-post","status-publish","format-standard","has-post-thumbnail","hentry","category-gundem"],"acf":[],"yoast_head":"<!-- This site is optimized with the Yoast SEO Premium plugin v26.6 (Yoast SEO v27.1.1) - https:\/\/yoast.com\/product\/yoast-seo-premium-wordpress\/ -->\n<title>\u201cMehmet\u00e7ikle Bir G\u00fcn\u201d projesi \u00c7i\u011fli\u2019de \u00f6\u011frencilerle bulu\u015ftu - Av. Deniz Can K\u0131z\u0131l<\/title>\n<meta name=\"robots\" content=\"index, follow, max-snippet:-1, max-image-preview:large, max-video-preview:-1\" \/>\n<link rel=\"canonical\" href=\"https:\/\/denizcankizil.tr\/en\/haberler\/gundem\/mehmetcikle-bir-gun-projesi-ciglide-ogrencilerle-bulustu\/\" \/>\n<meta property=\"og:locale\" content=\"en_GB\" \/>\n<meta property=\"og:type\" content=\"article\" \/>\n<meta property=\"og:title\" content=\"\u201cMehmet\u00e7ikle Bir G\u00fcn\u201d projesi \u00c7i\u011fli\u2019de \u00f6\u011frencilerle bulu\u015ftu\" \/>\n<meta property=\"og:description\" content=\"Milli Savunma Bakanl\u0131\u011f\u0131\u2019n\u0131n \u201cMehmet\u00e7ikle Bir G\u00fcn Projesi\u201d kapsam\u0131nda, \u0130zmir \u00c7i\u011fli\u2019deki 2\u2019nci Ana Jet \u00dcs Komutanl\u0131\u011f\u0131\u2019nda \u00f6\u011frenciler a\u011f\u0131rland\u0131.\u0130ZM\u0130R (\u0130GFA) &#8211; Milli Savunma Bakanl\u0131\u011f\u0131, T\u00fcrk Silahl\u0131 Kuvvetleri\u2019ni (TSK) tan\u0131tmak, askerlik mesle\u011fini sevdirmek ve gen\u00e7 nesillerle TSK aras\u0131ndaki ba\u011f\u0131 g\u00fc\u00e7lendirmek amac\u0131yla s\u00fcrd\u00fcrd\u00fc\u011f\u00fc \u201cMehmet\u00e7ikle Bir G\u00fcn Projesi\u201dne devam ediyor. Proje kapsam\u0131nda, ilk\u00f6\u011fretim ve orta\u00f6\u011fretim \u00f6\u011frencileri, \u0130zmir \u00c7i\u011fli\u2019de bulunan Hava Kuvvetleri Komutanl\u0131\u011f\u0131\u2019na ba\u011fl\u0131 2\u2019nci Ana Jet \u00dcs Komutanl\u0131\u011f\u0131\u2019nda misafir edildi. \u201cMehmet\u00e7ikle Bir G\u00fcn Projesi\u201d devam ediyor. Proje kapsam\u0131nda \u00f6\u011frencilerimizi a\u011f\u0131rlamaya devam ediyoruz. * T\u00fcrk Silahl\u0131 Kuvvetlerini tan\u0131tmak,* \u00d6\u011frencilere askerlik mesle\u011fini sevdirmek ve \u00f6zendirmek,* Gen\u00e7 nesiller ile T\u00fcrk Silahl\u0131 Kuvvetleri aras\u0131ndaki ba\u011f\u0131 g\u00fc\u00e7lendirmek\u2026 pic.twitter.com\/Pl8cCcjFVk\u2014 T.C. Mill\u00ee Savunma Bakanl\u0131\u011f\u0131 (@tcsavunma) June 29, 2025 \u00d6\u011frenciler, \u00fcs komutanl\u0131\u011f\u0131nda TSK\u2019n\u0131n faaliyetlerini yak\u0131ndan tan\u0131ma f\u0131rsat\u0131 bulurken, askerlik mesle\u011fine dair bilgi edindi ve \u00e7e\u015fitli etkinliklere kat\u0131ld\u0131. Milli Savunma Bakanl\u0131\u011f\u0131, sosyal medya \u00fczerinden yapt\u0131\u011f\u0131 payla\u015f\u0131mda, projenin gen\u00e7 nesillerle TSK aras\u0131ndaki ba\u011f\u0131 g\u00fc\u00e7lendirme hedefini vurgulad\u0131. Etkinlik, \u00f6\u011frencilerin askerlik mesle\u011fine ilgisini art\u0131rmay\u0131 ve vatanseverlik bilincini peki\u015ftirmeyi ama\u00e7l\u0131yor. \u200bMilli Savunma Bakanl\u0131\u011f\u0131\u2019n\u0131n \u201cMehmet\u00e7ikle Bir G\u00fcn Projesi\u201d kapsam\u0131nda, \u0130zmir \u00c7i\u011fli\u2019deki 2\u2019nci Ana Jet \u00dcs Komutanl\u0131\u011f\u0131\u2019nda \u00f6\u011frenciler a\u011f\u0131rland\u0131.\u0130ZM\u0130R (\u0130GFA) &#8211; Milli Savunma Bakanl\u0131\u011f\u0131, T\u00fcrk Silahl\u0131 Kuvvetleri\u2019ni (TSK) tan\u0131tmak, askerlik mesle\u011fini sevdirmek ve gen\u00e7 nesillerle TSK aras\u0131ndaki ba\u011f\u0131 g\u00fc\u00e7lendirmek amac\u0131yla s\u00fcrd\u00fcrd\u00fc\u011f\u00fc \u201cMehmet\u00e7ikle Bir G\u00fcn Projesi\u201dne devam ediyor. Proje kapsam\u0131nda, ilk\u00f6\u011fretim &hellip;\" \/>\n<meta property=\"og:url\" content=\"https:\/\/denizcankizil.tr\/en\/haberler\/gundem\/mehmetcikle-bir-gun-projesi-ciglide-ogrencilerle-bulustu\/\" \/>\n<meta property=\"og:site_name\" content=\"Av. Deniz Can K\u0131z\u0131l\" \/>\n<meta property=\"article:published_time\" content=\"2025-06-29T17:43:31+00:00\" \/>\n<meta name=\"author\" content=\"admin\" \/>\n<meta name=\"twitter:card\" content=\"summary_large_image\" \/>\n<meta name=\"twitter:label1\" content=\"Written by\" \/>\n\t<meta name=\"twitter:data1\" content=\"admin\" \/>\n\t<meta name=\"twitter:label2\" content=\"Estimated reading time\" \/>\n\t<meta name=\"twitter:data2\" content=\"2 minutes\" \/>\n<script type=\"application\/ld+json\" class=\"yoast-schema-graph\">{\"@context\":\"https:\/\/schema.org\",\"@graph\":[{\"@type\":\"Article\",\"@id\":\"https:\/\/denizcankizil.tr\/en\/haberler\/gundem\/mehmetcikle-bir-gun-projesi-ciglide-ogrencilerle-bulustu\/#article\",\"isPartOf\":{\"@id\":\"https:\/\/denizcankizil.tr\/en\/haberler\/gundem\/mehmetcikle-bir-gun-projesi-ciglide-ogrencilerle-bulustu\/\"},\"author\":{\"name\":\"admin\",\"@id\":\"https:\/\/denizcankizil.tr\/de\/#\/schema\/person\/be3c05fe6a12686905512445d8185489\"},\"headline\":\"\u201cMehmet\u00e7ikle Bir G\u00fcn\u201d projesi \u00c7i\u011fli\u2019de \u00f6\u011frencilerle bulu\u015ftu\",\"datePublished\":\"2025-06-29T17:43:31+00:00\",\"mainEntityOfPage\":{\"@id\":\"https:\/\/denizcankizil.tr\/en\/haberler\/gundem\/mehmetcikle-bir-gun-projesi-ciglide-ogrencilerle-bulustu\/\"},\"wordCount\":444,\"publisher\":{\"@id\":\"https:\/\/denizcankizil.tr\/de\/#organization\"},\"articleSection\":[\"G\u00fcndem\"],\"inLanguage\":\"en-GB\"},{\"@type\":\"WebPage\",\"@id\":\"https:\/\/denizcankizil.tr\/en\/haberler\/gundem\/mehmetcikle-bir-gun-projesi-ciglide-ogrencilerle-bulustu\/\",\"url\":\"https:\/\/denizcankizil.tr\/en\/haberler\/gundem\/mehmetcikle-bir-gun-projesi-ciglide-ogrencilerle-bulustu\/\",\"name\":\"\u201cMehmet\u00e7ikle Bir G\u00fcn\u201d projesi \u00c7i\u011fli\u2019de \u00f6\u011frencilerle bulu\u015ftu - Av. Deniz Can K\u0131z\u0131l\",\"isPartOf\":{\"@id\":\"https:\/\/denizcankizil.tr\/de\/#website\"},\"datePublished\":\"2025-06-29T17:43:31+00:00\",\"breadcrumb\":{\"@id\":\"https:\/\/denizcankizil.tr\/en\/haberler\/gundem\/mehmetcikle-bir-gun-projesi-ciglide-ogrencilerle-bulustu\/#breadcrumb\"},\"inLanguage\":\"en-GB\",\"potentialAction\":[{\"@type\":\"ReadAction\",\"target\":[\"https:\/\/denizcankizil.tr\/en\/haberler\/gundem\/mehmetcikle-bir-gun-projesi-ciglide-ogrencilerle-bulustu\/\"]}]},{\"@type\":\"BreadcrumbList\",\"@id\":\"https:\/\/denizcankizil.tr\/en\/haberler\/gundem\/mehmetcikle-bir-gun-projesi-ciglide-ogrencilerle-bulustu\/#breadcrumb\",\"itemListElement\":[{\"@type\":\"ListItem\",\"position\":1,\"name\":\"Home\",\"item\":\"https:\/\/denizcankizil.tr\/de\/\"},{\"@type\":\"ListItem\",\"position\":2,\"name\":\"\u201cMehmet\u00e7ikle Bir G\u00fcn\u201d projesi \u00c7i\u011fli\u2019de \u00f6\u011frencilerle bulu\u015ftu\"}]},{\"@type\":\"WebSite\",\"@id\":\"https:\/\/denizcankizil.tr\/de\/#website\",\"url\":\"https:\/\/denizcankizil.tr\/de\/\",\"name\":\"Av. Deniz Can K\u0131z\u0131l\",\"description\":\"Avukat Deniz Can K\u0131z\u0131l Antalya Barosu\",\"publisher\":{\"@id\":\"https:\/\/denizcankizil.tr\/de\/#organization\"},\"potentialAction\":[{\"@type\":\"SearchAction\",\"target\":{\"@type\":\"EntryPoint\",\"urlTemplate\":\"https:\/\/denizcankizil.tr\/de\/?s={search_term_string}\"},\"query-input\":{\"@type\":\"PropertyValueSpecification\",\"valueRequired\":true,\"valueName\":\"search_term_string\"}}],\"inLanguage\":\"en-GB\"},{\"@type\":\"Organization\",\"@id\":\"https:\/\/denizcankizil.tr\/de\/#organization\",\"name\":\"Av. Deniz Can K\u0131z\u0131l\",\"url\":\"https:\/\/denizcankizil.tr\/de\/\",\"logo\":{\"@type\":\"ImageObject\",\"inLanguage\":\"en-GB\",\"@id\":\"https:\/\/denizcankizil.tr\/de\/#\/schema\/logo\/image\/\",\"url\":\"https:\/\/denizcankizil.tr\/wp-content\/uploads\/2024\/10\/siyah-logo-svg.svg\",\"contentUrl\":\"https:\/\/denizcankizil.tr\/wp-content\/uploads\/2024\/10\/siyah-logo-svg.svg\",\"width\":1080,\"height\":1080,\"caption\":\"Av. Deniz Can K\u0131z\u0131l\"},\"image\":{\"@id\":\"https:\/\/denizcankizil.tr\/de\/#\/schema\/logo\/image\/\"}},{\"@type\":\"Person\",\"@id\":\"https:\/\/denizcankizil.tr\/de\/#\/schema\/person\/be3c05fe6a12686905512445d8185489\",\"name\":\"admin\",\"image\":{\"@type\":\"ImageObject\",\"inLanguage\":\"en-GB\",\"@id\":\"https:\/\/denizcankizil.tr\/de\/#\/schema\/person\/image\/\",\"url\":\"https:\/\/secure.gravatar.com\/avatar\/c1fce94c830dc79107e174f890d7210541c4a63e8e5d816341794a2151c9d58c?s=96&d=mm&r=g\",\"contentUrl\":\"https:\/\/secure.gravatar.com\/avatar\/c1fce94c830dc79107e174f890d7210541c4a63e8e5d816341794a2151c9d58c?s=96&d=mm&r=g\",\"caption\":\"admin\"},\"sameAs\":[\"http:\/\/denizcankizil.tr\"],\"url\":\"https:\/\/www.iskenderun.org\/mehmetcikle-bir-gun-projesi-ciglide-ogrencilerle-bulustu\"}]}<\/script>\n<!-- \/ Yoast SEO Premium plugin. -->","yoast_head_json":{"title":"\u201cMehmet\u00e7ikle Bir G\u00fcn\u201d projesi \u00c7i\u011fli\u2019de \u00f6\u011frencilerle bulu\u015ftu - Av. Deniz Can K\u0131z\u0131l","robots":{"index":"index","follow":"follow","max-snippet":"max-snippet:-1","max-image-preview":"max-image-preview:large","max-video-preview":"max-video-preview:-1"},"canonical":"https:\/\/denizcankizil.tr\/en\/haberler\/gundem\/mehmetcikle-bir-gun-projesi-ciglide-ogrencilerle-bulustu\/","og_locale":"en_GB","og_type":"article","og_title":"\u201cMehmet\u00e7ikle Bir G\u00fcn\u201d projesi \u00c7i\u011fli\u2019de \u00f6\u011frencilerle bulu\u015ftu","og_description":"Milli Savunma Bakanl\u0131\u011f\u0131\u2019n\u0131n \u201cMehmet\u00e7ikle Bir G\u00fcn Projesi\u201d kapsam\u0131nda, \u0130zmir \u00c7i\u011fli\u2019deki 2\u2019nci Ana Jet \u00dcs Komutanl\u0131\u011f\u0131\u2019nda \u00f6\u011frenciler a\u011f\u0131rland\u0131.\u0130ZM\u0130R (\u0130GFA) &#8211; Milli Savunma Bakanl\u0131\u011f\u0131, T\u00fcrk Silahl\u0131 Kuvvetleri\u2019ni (TSK) tan\u0131tmak, askerlik mesle\u011fini sevdirmek ve gen\u00e7 nesillerle TSK aras\u0131ndaki ba\u011f\u0131 g\u00fc\u00e7lendirmek amac\u0131yla s\u00fcrd\u00fcrd\u00fc\u011f\u00fc \u201cMehmet\u00e7ikle Bir G\u00fcn Projesi\u201dne devam ediyor. Proje kapsam\u0131nda, ilk\u00f6\u011fretim ve orta\u00f6\u011fretim \u00f6\u011frencileri, \u0130zmir \u00c7i\u011fli\u2019de bulunan Hava Kuvvetleri Komutanl\u0131\u011f\u0131\u2019na ba\u011fl\u0131 2\u2019nci Ana Jet \u00dcs Komutanl\u0131\u011f\u0131\u2019nda misafir edildi. \u201cMehmet\u00e7ikle Bir G\u00fcn Projesi\u201d devam ediyor. Proje kapsam\u0131nda \u00f6\u011frencilerimizi a\u011f\u0131rlamaya devam ediyoruz. * T\u00fcrk Silahl\u0131 Kuvvetlerini tan\u0131tmak,* \u00d6\u011frencilere askerlik mesle\u011fini sevdirmek ve \u00f6zendirmek,* Gen\u00e7 nesiller ile T\u00fcrk Silahl\u0131 Kuvvetleri aras\u0131ndaki ba\u011f\u0131 g\u00fc\u00e7lendirmek\u2026 pic.twitter.com\/Pl8cCcjFVk\u2014 T.C. Mill\u00ee Savunma Bakanl\u0131\u011f\u0131 (@tcsavunma) June 29, 2025 \u00d6\u011frenciler, \u00fcs komutanl\u0131\u011f\u0131nda TSK\u2019n\u0131n faaliyetlerini yak\u0131ndan tan\u0131ma f\u0131rsat\u0131 bulurken, askerlik mesle\u011fine dair bilgi edindi ve \u00e7e\u015fitli etkinliklere kat\u0131ld\u0131. Milli Savunma Bakanl\u0131\u011f\u0131, sosyal medya \u00fczerinden yapt\u0131\u011f\u0131 payla\u015f\u0131mda, projenin gen\u00e7 nesillerle TSK aras\u0131ndaki ba\u011f\u0131 g\u00fc\u00e7lendirme hedefini vurgulad\u0131. Etkinlik, \u00f6\u011frencilerin askerlik mesle\u011fine ilgisini art\u0131rmay\u0131 ve vatanseverlik bilincini peki\u015ftirmeyi ama\u00e7l\u0131yor. \u200bMilli Savunma Bakanl\u0131\u011f\u0131\u2019n\u0131n \u201cMehmet\u00e7ikle Bir G\u00fcn Projesi\u201d kapsam\u0131nda, \u0130zmir \u00c7i\u011fli\u2019deki 2\u2019nci Ana Jet \u00dcs Komutanl\u0131\u011f\u0131\u2019nda \u00f6\u011frenciler a\u011f\u0131rland\u0131.\u0130ZM\u0130R (\u0130GFA) &#8211; Milli Savunma Bakanl\u0131\u011f\u0131, T\u00fcrk Silahl\u0131 Kuvvetleri\u2019ni (TSK) tan\u0131tmak, askerlik mesle\u011fini sevdirmek ve gen\u00e7 nesillerle TSK aras\u0131ndaki ba\u011f\u0131 g\u00fc\u00e7lendirmek amac\u0131yla s\u00fcrd\u00fcrd\u00fc\u011f\u00fc \u201cMehmet\u00e7ikle Bir G\u00fcn Projesi\u201dne devam ediyor. Proje kapsam\u0131nda, ilk\u00f6\u011fretim &hellip;","og_url":"https:\/\/denizcankizil.tr\/en\/haberler\/gundem\/mehmetcikle-bir-gun-projesi-ciglide-ogrencilerle-bulustu\/","og_site_name":"Av. Deniz Can K\u0131z\u0131l","article_published_time":"2025-06-29T17:43:31+00:00","author":"admin","twitter_card":"summary_large_image","twitter_misc":{"Written by":"admin","Estimated reading time":"2 minutes"},"schema":{"@context":"https:\/\/schema.org","@graph":[{"@type":"Article","@id":"https:\/\/denizcankizil.tr\/en\/haberler\/gundem\/mehmetcikle-bir-gun-projesi-ciglide-ogrencilerle-bulustu\/#article","isPartOf":{"@id":"https:\/\/denizcankizil.tr\/en\/haberler\/gundem\/mehmetcikle-bir-gun-projesi-ciglide-ogrencilerle-bulustu\/"},"author":{"name":"admin","@id":"https:\/\/denizcankizil.tr\/de\/#\/schema\/person\/be3c05fe6a12686905512445d8185489"},"headline":"\u201cMehmet\u00e7ikle Bir G\u00fcn\u201d projesi \u00c7i\u011fli\u2019de \u00f6\u011frencilerle bulu\u015ftu","datePublished":"2025-06-29T17:43:31+00:00","mainEntityOfPage":{"@id":"https:\/\/denizcankizil.tr\/en\/haberler\/gundem\/mehmetcikle-bir-gun-projesi-ciglide-ogrencilerle-bulustu\/"},"wordCount":444,"publisher":{"@id":"https:\/\/denizcankizil.tr\/de\/#organization"},"articleSection":["G\u00fcndem"],"inLanguage":"en-GB"},{"@type":"WebPage","@id":"https:\/\/denizcankizil.tr\/en\/haberler\/gundem\/mehmetcikle-bir-gun-projesi-ciglide-ogrencilerle-bulustu\/","url":"https:\/\/denizcankizil.tr\/en\/haberler\/gundem\/mehmetcikle-bir-gun-projesi-ciglide-ogrencilerle-bulustu\/","name":"\u201cMehmet\u00e7ikle Bir G\u00fcn\u201d projesi \u00c7i\u011fli\u2019de \u00f6\u011frencilerle bulu\u015ftu - Av. Deniz Can K\u0131z\u0131l","isPartOf":{"@id":"https:\/\/denizcankizil.tr\/de\/#website"},"datePublished":"2025-06-29T17:43:31+00:00","breadcrumb":{"@id":"https:\/\/denizcankizil.tr\/en\/haberler\/gundem\/mehmetcikle-bir-gun-projesi-ciglide-ogrencilerle-bulustu\/#breadcrumb"},"inLanguage":"en-GB","potentialAction":[{"@type":"ReadAction","target":["https:\/\/denizcankizil.tr\/en\/haberler\/gundem\/mehmetcikle-bir-gun-projesi-ciglide-ogrencilerle-bulustu\/"]}]},{"@type":"BreadcrumbList","@id":"https:\/\/denizcankizil.tr\/en\/haberler\/gundem\/mehmetcikle-bir-gun-projesi-ciglide-ogrencilerle-bulustu\/#breadcrumb","itemListElement":[{"@type":"ListItem","position":1,"name":"Home","item":"https:\/\/denizcankizil.tr\/de\/"},{"@type":"ListItem","position":2,"name":"\u201cMehmet\u00e7ikle Bir G\u00fcn\u201d projesi \u00c7i\u011fli\u2019de \u00f6\u011frencilerle bulu\u015ftu"}]},{"@type":"WebSite","@id":"https:\/\/denizcankizil.tr\/de\/#website","url":"https:\/\/denizcankizil.tr\/de\/","name":"Av. Deniz Can K\u0131z\u0131l","description":"Avukat Deniz Can K\u0131z\u0131l Antalya Barosu","publisher":{"@id":"https:\/\/denizcankizil.tr\/de\/#organization"},"potentialAction":[{"@type":"SearchAction","target":{"@type":"EntryPoint","urlTemplate":"https:\/\/denizcankizil.tr\/de\/?s={search_term_string}"},"query-input":{"@type":"PropertyValueSpecification","valueRequired":true,"valueName":"search_term_string"}}],"inLanguage":"en-GB"},{"@type":"Organization","@id":"https:\/\/denizcankizil.tr\/de\/#organization","name":"Av. Deniz Can K\u0131z\u0131l","url":"https:\/\/denizcankizil.tr\/de\/","logo":{"@type":"ImageObject","inLanguage":"en-GB","@id":"https:\/\/denizcankizil.tr\/de\/#\/schema\/logo\/image\/","url":"https:\/\/denizcankizil.tr\/wp-content\/uploads\/2024\/10\/siyah-logo-svg.svg","contentUrl":"https:\/\/denizcankizil.tr\/wp-content\/uploads\/2024\/10\/siyah-logo-svg.svg","width":1080,"height":1080,"caption":"Av. Deniz Can K\u0131z\u0131l"},"image":{"@id":"https:\/\/denizcankizil.tr\/de\/#\/schema\/logo\/image\/"}},{"@type":"Person","@id":"https:\/\/denizcankizil.tr\/de\/#\/schema\/person\/be3c05fe6a12686905512445d8185489","name":"admin","image":{"@type":"ImageObject","inLanguage":"en-GB","@id":"https:\/\/denizcankizil.tr\/de\/#\/schema\/person\/image\/","url":"https:\/\/secure.gravatar.com\/avatar\/c1fce94c830dc79107e174f890d7210541c4a63e8e5d816341794a2151c9d58c?s=96&d=mm&r=g","contentUrl":"https:\/\/secure.gravatar.com\/avatar\/c1fce94c830dc79107e174f890d7210541c4a63e8e5d816341794a2151c9d58c?s=96&d=mm&r=g","caption":"admin"},"sameAs":["http:\/\/denizcankizil.tr"],"url":"https:\/\/www.iskenderun.org\/mehmetcikle-bir-gun-projesi-ciglide-ogrencilerle-bulustu"}]}},"_links":{"self":[{"href":"https:\/\/denizcankizil.tr\/en\/wp-json\/wp\/v2\/posts\/130641","targetHints":{"allow":["GET"]}}],"collection":[{"href":"https:\/\/denizcankizil.tr\/en\/wp-json\/wp\/v2\/posts"}],"about":[{"href":"https:\/\/denizcankizil.tr\/en\/wp-json\/wp\/v2\/types\/post"}],"author":[{"embeddable":true,"href":"https:\/\/denizcankizil.tr\/en\/wp-json\/wp\/v2\/users\/1"}],"replies":[{"embeddable":true,"href":"https:\/\/denizcankizil.tr\/en\/wp-json\/wp\/v2\/comments?post=130641"}],"version-history":[{"count":0,"href":"https:\/\/denizcankizil.tr\/en\/wp-json\/wp\/v2\/posts\/130641\/revisions"}],"wp:attachment":[{"href":"https:\/\/denizcankizil.tr\/en\/wp-json\/wp\/v2\/media?parent=130641"}],"wp:term":[{"taxonomy":"category","embeddable":true,"href":"https:\/\/denizcankizil.tr\/en\/wp-json\/wp\/v2\/categories?post=130641"},{"taxonomy":"post_tag","embeddable":true,"href":"https:\/\/denizcankizil.tr\/en\/wp-json\/wp\/v2\/tags?post=130641"}],"curies":[{"name":"wp","href":"https:\/\/api.w.org\/{rel}","templated":true}]}}