{"id":128106,"date":"2025-06-27T11:41:16","date_gmt":"2025-06-27T08:41:16","guid":{"rendered":"https:\/\/denizcankizil.tr\/uncategorized-tr\/failler-7-yildir-bulunamadi\/"},"modified":"2025-06-27T11:41:16","modified_gmt":"2025-06-27T08:41:16","slug":"failler-7-yildir-bulunamadi","status":"publish","type":"post","link":"https:\/\/denizcankizil.tr\/en\/haberler\/antalya\/failler-7-yildir-bulunamadi\/","title":{"rendered":"Failler 7 y\u0131ld\u0131r bulunamad\u0131"},"content":{"rendered":"<p>Kaza, 22 Temmuz 2018 sabah\u0131 Eski Lara Caddesi&#8217;nde meydana geldi. Markette kasiyer olarak \u00e7al\u0131\u015fan \u0130smail K\u00fc\u00e7\u00fcksayac\u0131gil, i\u015fe gitmek \u00fczere motosikletiyle yola \u00e7\u0131kt\u0131. \u0130ddiaya g\u00f6re, yan\u0131ndan ge\u00e7en motosikletli 2 ki\u015fi kas\u0131tl\u0131 olarak K\u00fc\u00e7\u00fcksayac\u0131gil\u2019e temas etti. Dengesini kaybeden \u0130smail K\u00fc\u00e7\u00fcksayac\u0131gil, devrilen motosikletinden d\u00fc\u015ferek ba\u015f\u0131n\u0131 elektrik dire\u011fine \u00e7arpt\u0131. \u00c7a\u011f\u0131r\u0131lan sa\u011fl\u0131k ekipleri, \u0130smail K\u00fc\u00e7\u00fcksayac\u0131gil&#8217;in hayat\u0131n\u0131 kaybetti\u011fini belirledi. Kaza, \u00e7evredeki g\u00fcvenlik kameralar\u0131na yans\u0131d\u0131.<\/p>\n<p>HAYATIMIZ \u0130K\u0130YE B\u00d6L\u00dcND\u00dc<\/p>\n<p>Anne Cevriye K\u00fc\u00e7\u00fcksayac\u0131gil, kazadan sonra hayatlar\u0131n\u0131n tamamen de\u011fi\u015fti\u011fini belirterek, &#8220;\u0130\u015fe giderken Eski Lara Caddesi&#8217;nde motosikletli 2 ki\u015finin ona temas edip dengesini kaybettirip, d\u00fc\u015f\u00fcrd\u00fc\u011f\u00fcn\u00fc g\u00f6r\u00fcyoruz. Ambulans 2-3 dakika i\u00e7inde gelmi\u015f. Bize s\u00f6yledikleri, \u00f6l\u00fc olarak ambulansa al\u0131nd\u0131\u011f\u0131 ve hastaneye g\u00f6t\u00fcr\u00fcld\u00fc\u011f\u00fc. Biz o g\u00fcn \u015fehir d\u0131\u015f\u0131ndayd\u0131k. O da i\u015finden izin alamad\u0131\u011f\u0131 i\u00e7in burada kalm\u0131\u015ft\u0131. O g\u00fcn bir \u015fey oldu\u011funu hissettim. Akrabalar\u0131m\u0131z, arkada\u015flar\u0131m\u0131z hepsi gelmi\u015f&#8221; dedi.<\/p>\n<p>&#8216;MEZARINA EKT\u0130\u011e\u0130M \u00c7\u0130\u00c7EKLERLE TESELL\u0130 BULUYORUM&#8217;<\/p>\n<p>\u0130smail&#8217;in ilk \u00e7ocu\u011fu oldu\u011funu anlatan Cevriye Sayac\u0131gil, &#8220;2 karde\u015fi daha var. Buraya gelip mezar\u0131na ekti\u011fim \u00e7i\u00e7eklerle teselli buluyorum, onunla konu\u015fuyorum. Hayat\u0131m\u0131z \u0130smail&#8217;den \u00f6nce ve sonra, diye ikiye ayr\u0131ld\u0131. Kazadan sonra her \u015fey de\u011fi\u015fti. Bir taraf\u0131m\u0131z hep y\u0131k\u0131k. \u00c7ok b\u00fcy\u00fck hayalleri vard\u0131, \u00e7ok zeki bir \u00e7ocuktu. \u00dcniversiteye gidecekti, her \u015feyi yar\u0131m kald\u0131. \u015eikayet\u00e7i olduk ama hala bir sonu\u00e7 \u00e7\u0131kmad\u0131. Adalet istiyoruz&#8221; diye konu\u015ftu.<\/p>\n<p>&#8216;TEMAS OLDU\u011eU RAPORDA YAZIYOR&#8217;<\/p>\n<p>Baba Mehmet K\u00fc\u00e7\u00fcksayac\u0131gil de &#8220;Kazaya sebep olanlardan \u015fikayet\u00e7i olduk ama 7 y\u0131ld\u0131r hi\u00e7bir geli\u015fme yok. Mobeselerin takibini istedik, 2 sokak sonra kameradan kaybolduklar\u0131 s\u00f6ylendi. O\u011flumun \u00f6l\u00fcm\u00fcne sebep olanlar hala d\u0131\u015far\u0131da. Temas oldu\u011fu zaten raporda da yaz\u0131yor. Hayat\u0131m\u0131z\u0131n en b\u00fcy\u00fck ac\u0131s\u0131n\u0131 ya\u015f\u0131yoruz. Bu ki\u015filerin bir an \u00f6nce bulunmas\u0131n\u0131 istiyoruz. Biz mobeselerin komple takibini istedik, bize kazaya sebebiyet verenlerin 2 sokak sonra hi\u00e7bir kamerada g\u00f6r\u00fcnmedi\u011fi s\u00f6ylendi. Ne hayallerimiz vard\u0131, hepsi yar\u0131m kald\u0131. 21 ya\u015f\u0131nda benim o\u011flumun hayat\u0131n\u0131 kaybetmesine sebep oldular ama o 2 ki\u015fi hala aram\u0131zda geziyor&#8221; dedi.<\/p>\n<p>Kaynak: www.kanalv.com.tr Haber Sitesinden Al\u0131nm\u0131\u015ft\u0131r.<\/p>","protected":false},"excerpt":{"rendered":"<p>Kaza, 22 Temmuz 2018 sabah\u0131 Eski Lara Caddesi&#8217;nde meydana geldi. Markette kasiyer olarak \u00e7al\u0131\u015fan \u0130smail K\u00fc\u00e7\u00fcksayac\u0131gil, i\u015fe gitmek \u00fczere motosikletiyle yola \u00e7\u0131kt\u0131. \u0130ddiaya g\u00f6re, yan\u0131ndan ge\u00e7en motosikletli 2 ki\u015fi kas\u0131tl\u0131 olarak K\u00fc\u00e7\u00fcksayac\u0131gil\u2019e temas etti. Dengesini kaybeden \u0130smail K\u00fc\u00e7\u00fcksayac\u0131gil, devrilen motosikletinden d\u00fc\u015ferek ba\u015f\u0131n\u0131 elektrik dire\u011fine \u00e7arpt\u0131. \u00c7a\u011f\u0131r\u0131lan sa\u011fl\u0131k ekipleri, \u0130smail K\u00fc\u00e7\u00fcksayac\u0131gil&#8217;in hayat\u0131n\u0131 kaybetti\u011fini belirledi. Kaza, \u00e7evredeki g\u00fcvenlik kameralar\u0131na yans\u0131d\u0131. HAYATIMIZ \u0130K\u0130YE B\u00d6L\u00dcND\u00dc Anne Cevriye K\u00fc\u00e7\u00fcksayac\u0131gil, kazadan sonra hayatlar\u0131n\u0131n tamamen de\u011fi\u015fti\u011fini belirterek, &#8220;\u0130\u015fe giderken Eski Lara Caddesi&#8217;nde motosikletli 2 ki\u015finin ona temas edip dengesini kaybettirip, d\u00fc\u015f\u00fcrd\u00fc\u011f\u00fcn\u00fc g\u00f6r\u00fcyoruz. Ambulans 2-3 dakika i\u00e7inde gelmi\u015f. Bize s\u00f6yledikleri, \u00f6l\u00fc olarak ambulansa al\u0131nd\u0131\u011f\u0131 ve hastaneye g\u00f6t\u00fcr\u00fcld\u00fc\u011f\u00fc. Biz o g\u00fcn \u015fehir d\u0131\u015f\u0131ndayd\u0131k. O da i\u015finden izin alamad\u0131\u011f\u0131 i\u00e7in burada kalm\u0131\u015ft\u0131. O g\u00fcn bir \u015fey oldu\u011funu hissettim. Akrabalar\u0131m\u0131z, arkada\u015flar\u0131m\u0131z hepsi gelmi\u015f&#8221; dedi. &#8216;MEZARINA EKT\u0130\u011e\u0130M \u00c7\u0130\u00c7EKLERLE TESELL\u0130 BULUYORUM&#8217; \u0130smail&#8217;in ilk \u00e7ocu\u011fu oldu\u011funu anlatan Cevriye Sayac\u0131gil, &#8220;2 karde\u015fi daha var. Buraya gelip mezar\u0131na ekti\u011fim \u00e7i\u00e7eklerle teselli buluyorum, onunla konu\u015fuyorum. Hayat\u0131m\u0131z \u0130smail&#8217;den \u00f6nce ve sonra, diye ikiye ayr\u0131ld\u0131. Kazadan sonra her \u015fey de\u011fi\u015fti. Bir taraf\u0131m\u0131z hep y\u0131k\u0131k. \u00c7ok b\u00fcy\u00fck hayalleri vard\u0131, \u00e7ok zeki bir \u00e7ocuktu. \u00dcniversiteye gidecekti, her \u015feyi yar\u0131m kald\u0131. \u015eikayet\u00e7i olduk ama hala bir sonu\u00e7 \u00e7\u0131kmad\u0131. Adalet istiyoruz&#8221; diye konu\u015ftu. &#8216;TEMAS OLDU\u011eU RAPORDA YAZIYOR&#8217; Baba Mehmet K\u00fc\u00e7\u00fcksayac\u0131gil de &#8220;Kazaya sebep &hellip;<\/p>","protected":false},"author":4,"featured_media":0,"comment_status":"","ping_status":"open","sticky":false,"template":"","format":"standard","meta":{"_acf_changed":false,"footnotes":""},"categories":[26],"tags":[],"class_list":["post-128106","post","type-post","status-publish","format-standard","hentry","category-antalya"],"acf":[],"yoast_head":"<!-- This site is optimized with the Yoast SEO Premium plugin v26.6 (Yoast SEO v27.1.1) - https:\/\/yoast.com\/product\/yoast-seo-premium-wordpress\/ -->\n<title>Failler 7 y\u0131ld\u0131r bulunamad\u0131 - Av. Deniz Can K\u0131z\u0131l<\/title>\n<meta name=\"robots\" content=\"index, follow, max-snippet:-1, max-image-preview:large, max-video-preview:-1\" \/>\n<link rel=\"canonical\" href=\"https:\/\/denizcankizil.tr\/en\/haberler\/antalya\/failler-7-yildir-bulunamadi\/\" \/>\n<meta property=\"og:locale\" content=\"en_GB\" \/>\n<meta property=\"og:type\" content=\"article\" \/>\n<meta property=\"og:title\" content=\"Failler 7 y\u0131ld\u0131r bulunamad\u0131\" \/>\n<meta property=\"og:description\" content=\"Kaza, 22 Temmuz 2018 sabah\u0131 Eski Lara Caddesi&#8217;nde meydana geldi. Markette kasiyer olarak \u00e7al\u0131\u015fan \u0130smail K\u00fc\u00e7\u00fcksayac\u0131gil, i\u015fe gitmek \u00fczere motosikletiyle yola \u00e7\u0131kt\u0131. \u0130ddiaya g\u00f6re, yan\u0131ndan ge\u00e7en motosikletli 2 ki\u015fi kas\u0131tl\u0131 olarak K\u00fc\u00e7\u00fcksayac\u0131gil\u2019e temas etti. Dengesini kaybeden \u0130smail K\u00fc\u00e7\u00fcksayac\u0131gil, devrilen motosikletinden d\u00fc\u015ferek ba\u015f\u0131n\u0131 elektrik dire\u011fine \u00e7arpt\u0131. \u00c7a\u011f\u0131r\u0131lan sa\u011fl\u0131k ekipleri, \u0130smail K\u00fc\u00e7\u00fcksayac\u0131gil&#8217;in hayat\u0131n\u0131 kaybetti\u011fini belirledi. Kaza, \u00e7evredeki g\u00fcvenlik kameralar\u0131na yans\u0131d\u0131. HAYATIMIZ \u0130K\u0130YE B\u00d6L\u00dcND\u00dc Anne Cevriye K\u00fc\u00e7\u00fcksayac\u0131gil, kazadan sonra hayatlar\u0131n\u0131n tamamen de\u011fi\u015fti\u011fini belirterek, &#8220;\u0130\u015fe giderken Eski Lara Caddesi&#8217;nde motosikletli 2 ki\u015finin ona temas edip dengesini kaybettirip, d\u00fc\u015f\u00fcrd\u00fc\u011f\u00fcn\u00fc g\u00f6r\u00fcyoruz. Ambulans 2-3 dakika i\u00e7inde gelmi\u015f. Bize s\u00f6yledikleri, \u00f6l\u00fc olarak ambulansa al\u0131nd\u0131\u011f\u0131 ve hastaneye g\u00f6t\u00fcr\u00fcld\u00fc\u011f\u00fc. Biz o g\u00fcn \u015fehir d\u0131\u015f\u0131ndayd\u0131k. O da i\u015finden izin alamad\u0131\u011f\u0131 i\u00e7in burada kalm\u0131\u015ft\u0131. O g\u00fcn bir \u015fey oldu\u011funu hissettim. Akrabalar\u0131m\u0131z, arkada\u015flar\u0131m\u0131z hepsi gelmi\u015f&#8221; dedi. &#8216;MEZARINA EKT\u0130\u011e\u0130M \u00c7\u0130\u00c7EKLERLE TESELL\u0130 BULUYORUM&#8217; \u0130smail&#8217;in ilk \u00e7ocu\u011fu oldu\u011funu anlatan Cevriye Sayac\u0131gil, &#8220;2 karde\u015fi daha var. Buraya gelip mezar\u0131na ekti\u011fim \u00e7i\u00e7eklerle teselli buluyorum, onunla konu\u015fuyorum. Hayat\u0131m\u0131z \u0130smail&#8217;den \u00f6nce ve sonra, diye ikiye ayr\u0131ld\u0131. Kazadan sonra her \u015fey de\u011fi\u015fti. Bir taraf\u0131m\u0131z hep y\u0131k\u0131k. \u00c7ok b\u00fcy\u00fck hayalleri vard\u0131, \u00e7ok zeki bir \u00e7ocuktu. \u00dcniversiteye gidecekti, her \u015feyi yar\u0131m kald\u0131. \u015eikayet\u00e7i olduk ama hala bir sonu\u00e7 \u00e7\u0131kmad\u0131. Adalet istiyoruz&#8221; diye konu\u015ftu. &#8216;TEMAS OLDU\u011eU RAPORDA YAZIYOR&#8217; Baba Mehmet K\u00fc\u00e7\u00fcksayac\u0131gil de &#8220;Kazaya sebep &hellip;\" \/>\n<meta property=\"og:url\" content=\"https:\/\/denizcankizil.tr\/en\/haberler\/antalya\/failler-7-yildir-bulunamadi\/\" \/>\n<meta property=\"og:site_name\" content=\"Av. Deniz Can K\u0131z\u0131l\" \/>\n<meta property=\"article:published_time\" content=\"2025-06-27T08:41:16+00:00\" \/>\n<meta name=\"author\" content=\"Av. Deniz Can K\u0131z\u0131l\" \/>\n<meta name=\"twitter:card\" content=\"summary_large_image\" \/>\n<meta name=\"twitter:label1\" content=\"Written by\" \/>\n\t<meta name=\"twitter:data1\" content=\"Av. Deniz Can K\u0131z\u0131l\" \/>\n\t<meta name=\"twitter:label2\" content=\"Estimated reading time\" \/>\n\t<meta name=\"twitter:data2\" content=\"2 minutes\" \/>\n<script type=\"application\/ld+json\" class=\"yoast-schema-graph\">{\"@context\":\"https:\/\/schema.org\",\"@graph\":[{\"@type\":\"Article\",\"@id\":\"https:\/\/denizcankizil.tr\/uk\/haberler\/antalya\/failler-7-yildir-bulunamadi\/#article\",\"isPartOf\":{\"@id\":\"https:\/\/denizcankizil.tr\/uk\/haberler\/antalya\/failler-7-yildir-bulunamadi\/\"},\"author\":{\"name\":\"Av. Deniz Can K\u0131z\u0131l\",\"@id\":\"https:\/\/denizcankizil.tr\/#\/schema\/person\/5dc1b22991bd7ac833867c10afc9b0ff\"},\"headline\":\"Failler 7 y\u0131ld\u0131r bulunamad\u0131\",\"datePublished\":\"2025-06-27T08:41:16+00:00\",\"mainEntityOfPage\":{\"@id\":\"https:\/\/denizcankizil.tr\/uk\/haberler\/antalya\/failler-7-yildir-bulunamadi\/\"},\"wordCount\":413,\"publisher\":{\"@id\":\"https:\/\/denizcankizil.tr\/#organization\"},\"articleSection\":[\"Antalya\"],\"inLanguage\":\"en-GB\"},{\"@type\":\"WebPage\",\"@id\":\"https:\/\/denizcankizil.tr\/uk\/haberler\/antalya\/failler-7-yildir-bulunamadi\/\",\"url\":\"https:\/\/denizcankizil.tr\/uk\/haberler\/antalya\/failler-7-yildir-bulunamadi\/\",\"name\":\"Failler 7 y\u0131ld\u0131r bulunamad\u0131 - Av. Deniz Can K\u0131z\u0131l\",\"isPartOf\":{\"@id\":\"https:\/\/denizcankizil.tr\/#website\"},\"datePublished\":\"2025-06-27T08:41:16+00:00\",\"breadcrumb\":{\"@id\":\"https:\/\/denizcankizil.tr\/uk\/haberler\/antalya\/failler-7-yildir-bulunamadi\/#breadcrumb\"},\"inLanguage\":\"en-GB\",\"potentialAction\":[{\"@type\":\"ReadAction\",\"target\":[\"https:\/\/denizcankizil.tr\/uk\/haberler\/antalya\/failler-7-yildir-bulunamadi\/\"]}]},{\"@type\":\"BreadcrumbList\",\"@id\":\"https:\/\/denizcankizil.tr\/uk\/haberler\/antalya\/failler-7-yildir-bulunamadi\/#breadcrumb\",\"itemListElement\":[{\"@type\":\"ListItem\",\"position\":1,\"name\":\"Home\",\"item\":\"https:\/\/denizcankizil.tr\/de\/\"},{\"@type\":\"ListItem\",\"position\":2,\"name\":\"Failler 7 y\u0131ld\u0131r bulunamad\u0131\"}]},{\"@type\":\"WebSite\",\"@id\":\"https:\/\/denizcankizil.tr\/#website\",\"url\":\"https:\/\/denizcankizil.tr\/\",\"name\":\"Av. Deniz Can K\u0131z\u0131l\",\"description\":\"Avukat Deniz Can K\u0131z\u0131l Antalya Barosu\",\"publisher\":{\"@id\":\"https:\/\/denizcankizil.tr\/#organization\"},\"potentialAction\":[{\"@type\":\"SearchAction\",\"target\":{\"@type\":\"EntryPoint\",\"urlTemplate\":\"https:\/\/denizcankizil.tr\/?s={search_term_string}\"},\"query-input\":{\"@type\":\"PropertyValueSpecification\",\"valueRequired\":true,\"valueName\":\"search_term_string\"}}],\"inLanguage\":\"en-GB\"},{\"@type\":\"Organization\",\"@id\":\"https:\/\/denizcankizil.tr\/#organization\",\"name\":\"Av. Deniz Can K\u0131z\u0131l\",\"url\":\"https:\/\/denizcankizil.tr\/\",\"logo\":{\"@type\":\"ImageObject\",\"inLanguage\":\"en-GB\",\"@id\":\"https:\/\/denizcankizil.tr\/#\/schema\/logo\/image\/\",\"url\":\"https:\/\/denizcankizil.tr\/wp-content\/uploads\/2024\/10\/siyah-logo-svg.svg\",\"contentUrl\":\"https:\/\/denizcankizil.tr\/wp-content\/uploads\/2024\/10\/siyah-logo-svg.svg\",\"width\":1080,\"height\":1080,\"caption\":\"Av. Deniz Can K\u0131z\u0131l\"},\"image\":{\"@id\":\"https:\/\/denizcankizil.tr\/#\/schema\/logo\/image\/\"}},{\"@type\":\"Person\",\"@id\":\"https:\/\/denizcankizil.tr\/#\/schema\/person\/5dc1b22991bd7ac833867c10afc9b0ff\",\"name\":\"Av. Deniz Can K\u0131z\u0131l\",\"image\":{\"@type\":\"ImageObject\",\"inLanguage\":\"en-GB\",\"@id\":\"https:\/\/denizcankizil.tr\/#\/schema\/person\/image\/\",\"url\":\"https:\/\/secure.gravatar.com\/avatar\/a0b128fb9855c79efc976d5640eedb31dc35ec297594d6016d2cf7c60e975bb6?s=96&d=mm&r=g\",\"contentUrl\":\"https:\/\/secure.gravatar.com\/avatar\/a0b128fb9855c79efc976d5640eedb31dc35ec297594d6016d2cf7c60e975bb6?s=96&d=mm&r=g\",\"caption\":\"Av. Deniz Can K\u0131z\u0131l\"},\"sameAs\":[\"http:\/\/www.denizcankizil.tr\"],\"url\":\"https:\/\/denizcankizil.tr\/en\/author\/denizcankizil\/\"}]}<\/script>\n<!-- \/ Yoast SEO Premium plugin. -->","yoast_head_json":{"title":"Failler 7 y\u0131ld\u0131r bulunamad\u0131 - Av. Deniz Can K\u0131z\u0131l","robots":{"index":"index","follow":"follow","max-snippet":"max-snippet:-1","max-image-preview":"max-image-preview:large","max-video-preview":"max-video-preview:-1"},"canonical":"https:\/\/denizcankizil.tr\/en\/haberler\/antalya\/failler-7-yildir-bulunamadi\/","og_locale":"en_GB","og_type":"article","og_title":"Failler 7 y\u0131ld\u0131r bulunamad\u0131","og_description":"Kaza, 22 Temmuz 2018 sabah\u0131 Eski Lara Caddesi&#8217;nde meydana geldi. Markette kasiyer olarak \u00e7al\u0131\u015fan \u0130smail K\u00fc\u00e7\u00fcksayac\u0131gil, i\u015fe gitmek \u00fczere motosikletiyle yola \u00e7\u0131kt\u0131. \u0130ddiaya g\u00f6re, yan\u0131ndan ge\u00e7en motosikletli 2 ki\u015fi kas\u0131tl\u0131 olarak K\u00fc\u00e7\u00fcksayac\u0131gil\u2019e temas etti. Dengesini kaybeden \u0130smail K\u00fc\u00e7\u00fcksayac\u0131gil, devrilen motosikletinden d\u00fc\u015ferek ba\u015f\u0131n\u0131 elektrik dire\u011fine \u00e7arpt\u0131. \u00c7a\u011f\u0131r\u0131lan sa\u011fl\u0131k ekipleri, \u0130smail K\u00fc\u00e7\u00fcksayac\u0131gil&#8217;in hayat\u0131n\u0131 kaybetti\u011fini belirledi. Kaza, \u00e7evredeki g\u00fcvenlik kameralar\u0131na yans\u0131d\u0131. HAYATIMIZ \u0130K\u0130YE B\u00d6L\u00dcND\u00dc Anne Cevriye K\u00fc\u00e7\u00fcksayac\u0131gil, kazadan sonra hayatlar\u0131n\u0131n tamamen de\u011fi\u015fti\u011fini belirterek, &#8220;\u0130\u015fe giderken Eski Lara Caddesi&#8217;nde motosikletli 2 ki\u015finin ona temas edip dengesini kaybettirip, d\u00fc\u015f\u00fcrd\u00fc\u011f\u00fcn\u00fc g\u00f6r\u00fcyoruz. Ambulans 2-3 dakika i\u00e7inde gelmi\u015f. Bize s\u00f6yledikleri, \u00f6l\u00fc olarak ambulansa al\u0131nd\u0131\u011f\u0131 ve hastaneye g\u00f6t\u00fcr\u00fcld\u00fc\u011f\u00fc. Biz o g\u00fcn \u015fehir d\u0131\u015f\u0131ndayd\u0131k. O da i\u015finden izin alamad\u0131\u011f\u0131 i\u00e7in burada kalm\u0131\u015ft\u0131. O g\u00fcn bir \u015fey oldu\u011funu hissettim. Akrabalar\u0131m\u0131z, arkada\u015flar\u0131m\u0131z hepsi gelmi\u015f&#8221; dedi. &#8216;MEZARINA EKT\u0130\u011e\u0130M \u00c7\u0130\u00c7EKLERLE TESELL\u0130 BULUYORUM&#8217; \u0130smail&#8217;in ilk \u00e7ocu\u011fu oldu\u011funu anlatan Cevriye Sayac\u0131gil, &#8220;2 karde\u015fi daha var. Buraya gelip mezar\u0131na ekti\u011fim \u00e7i\u00e7eklerle teselli buluyorum, onunla konu\u015fuyorum. Hayat\u0131m\u0131z \u0130smail&#8217;den \u00f6nce ve sonra, diye ikiye ayr\u0131ld\u0131. Kazadan sonra her \u015fey de\u011fi\u015fti. Bir taraf\u0131m\u0131z hep y\u0131k\u0131k. \u00c7ok b\u00fcy\u00fck hayalleri vard\u0131, \u00e7ok zeki bir \u00e7ocuktu. \u00dcniversiteye gidecekti, her \u015feyi yar\u0131m kald\u0131. \u015eikayet\u00e7i olduk ama hala bir sonu\u00e7 \u00e7\u0131kmad\u0131. Adalet istiyoruz&#8221; diye konu\u015ftu. &#8216;TEMAS OLDU\u011eU RAPORDA YAZIYOR&#8217; Baba Mehmet K\u00fc\u00e7\u00fcksayac\u0131gil de &#8220;Kazaya sebep &hellip;","og_url":"https:\/\/denizcankizil.tr\/en\/haberler\/antalya\/failler-7-yildir-bulunamadi\/","og_site_name":"Av. Deniz Can K\u0131z\u0131l","article_published_time":"2025-06-27T08:41:16+00:00","author":"Av. Deniz Can K\u0131z\u0131l","twitter_card":"summary_large_image","twitter_misc":{"Written by":"Av. Deniz Can K\u0131z\u0131l","Estimated reading time":"2 minutes"},"schema":{"@context":"https:\/\/schema.org","@graph":[{"@type":"Article","@id":"https:\/\/denizcankizil.tr\/uk\/haberler\/antalya\/failler-7-yildir-bulunamadi\/#article","isPartOf":{"@id":"https:\/\/denizcankizil.tr\/uk\/haberler\/antalya\/failler-7-yildir-bulunamadi\/"},"author":{"name":"Av. Deniz Can K\u0131z\u0131l","@id":"https:\/\/denizcankizil.tr\/#\/schema\/person\/5dc1b22991bd7ac833867c10afc9b0ff"},"headline":"Failler 7 y\u0131ld\u0131r bulunamad\u0131","datePublished":"2025-06-27T08:41:16+00:00","mainEntityOfPage":{"@id":"https:\/\/denizcankizil.tr\/uk\/haberler\/antalya\/failler-7-yildir-bulunamadi\/"},"wordCount":413,"publisher":{"@id":"https:\/\/denizcankizil.tr\/#organization"},"articleSection":["Antalya"],"inLanguage":"en-GB"},{"@type":"WebPage","@id":"https:\/\/denizcankizil.tr\/uk\/haberler\/antalya\/failler-7-yildir-bulunamadi\/","url":"https:\/\/denizcankizil.tr\/uk\/haberler\/antalya\/failler-7-yildir-bulunamadi\/","name":"Failler 7 y\u0131ld\u0131r bulunamad\u0131 - Av. Deniz Can K\u0131z\u0131l","isPartOf":{"@id":"https:\/\/denizcankizil.tr\/#website"},"datePublished":"2025-06-27T08:41:16+00:00","breadcrumb":{"@id":"https:\/\/denizcankizil.tr\/uk\/haberler\/antalya\/failler-7-yildir-bulunamadi\/#breadcrumb"},"inLanguage":"en-GB","potentialAction":[{"@type":"ReadAction","target":["https:\/\/denizcankizil.tr\/uk\/haberler\/antalya\/failler-7-yildir-bulunamadi\/"]}]},{"@type":"BreadcrumbList","@id":"https:\/\/denizcankizil.tr\/uk\/haberler\/antalya\/failler-7-yildir-bulunamadi\/#breadcrumb","itemListElement":[{"@type":"ListItem","position":1,"name":"Home","item":"https:\/\/denizcankizil.tr\/de\/"},{"@type":"ListItem","position":2,"name":"Failler 7 y\u0131ld\u0131r bulunamad\u0131"}]},{"@type":"WebSite","@id":"https:\/\/denizcankizil.tr\/#website","url":"https:\/\/denizcankizil.tr\/","name":"Av. Deniz Can K\u0131z\u0131l","description":"Avukat Deniz Can K\u0131z\u0131l Antalya Barosu","publisher":{"@id":"https:\/\/denizcankizil.tr\/#organization"},"potentialAction":[{"@type":"SearchAction","target":{"@type":"EntryPoint","urlTemplate":"https:\/\/denizcankizil.tr\/?s={search_term_string}"},"query-input":{"@type":"PropertyValueSpecification","valueRequired":true,"valueName":"search_term_string"}}],"inLanguage":"en-GB"},{"@type":"Organization","@id":"https:\/\/denizcankizil.tr\/#organization","name":"Av. Deniz Can K\u0131z\u0131l","url":"https:\/\/denizcankizil.tr\/","logo":{"@type":"ImageObject","inLanguage":"en-GB","@id":"https:\/\/denizcankizil.tr\/#\/schema\/logo\/image\/","url":"https:\/\/denizcankizil.tr\/wp-content\/uploads\/2024\/10\/siyah-logo-svg.svg","contentUrl":"https:\/\/denizcankizil.tr\/wp-content\/uploads\/2024\/10\/siyah-logo-svg.svg","width":1080,"height":1080,"caption":"Av. Deniz Can K\u0131z\u0131l"},"image":{"@id":"https:\/\/denizcankizil.tr\/#\/schema\/logo\/image\/"}},{"@type":"Person","@id":"https:\/\/denizcankizil.tr\/#\/schema\/person\/5dc1b22991bd7ac833867c10afc9b0ff","name":"Av. Deniz Can K\u0131z\u0131l","image":{"@type":"ImageObject","inLanguage":"en-GB","@id":"https:\/\/denizcankizil.tr\/#\/schema\/person\/image\/","url":"https:\/\/secure.gravatar.com\/avatar\/a0b128fb9855c79efc976d5640eedb31dc35ec297594d6016d2cf7c60e975bb6?s=96&d=mm&r=g","contentUrl":"https:\/\/secure.gravatar.com\/avatar\/a0b128fb9855c79efc976d5640eedb31dc35ec297594d6016d2cf7c60e975bb6?s=96&d=mm&r=g","caption":"Av. Deniz Can K\u0131z\u0131l"},"sameAs":["http:\/\/www.denizcankizil.tr"],"url":"https:\/\/denizcankizil.tr\/en\/author\/denizcankizil\/"}]}},"_links":{"self":[{"href":"https:\/\/denizcankizil.tr\/en\/wp-json\/wp\/v2\/posts\/128106","targetHints":{"allow":["GET"]}}],"collection":[{"href":"https:\/\/denizcankizil.tr\/en\/wp-json\/wp\/v2\/posts"}],"about":[{"href":"https:\/\/denizcankizil.tr\/en\/wp-json\/wp\/v2\/types\/post"}],"author":[{"embeddable":true,"href":"https:\/\/denizcankizil.tr\/en\/wp-json\/wp\/v2\/users\/4"}],"replies":[{"embeddable":true,"href":"https:\/\/denizcankizil.tr\/en\/wp-json\/wp\/v2\/comments?post=128106"}],"version-history":[{"count":0,"href":"https:\/\/denizcankizil.tr\/en\/wp-json\/wp\/v2\/posts\/128106\/revisions"}],"wp:attachment":[{"href":"https:\/\/denizcankizil.tr\/en\/wp-json\/wp\/v2\/media?parent=128106"}],"wp:term":[{"taxonomy":"category","embeddable":true,"href":"https:\/\/denizcankizil.tr\/en\/wp-json\/wp\/v2\/categories?post=128106"},{"taxonomy":"post_tag","embeddable":true,"href":"https:\/\/denizcankizil.tr\/en\/wp-json\/wp\/v2\/tags?post=128106"}],"curies":[{"name":"wp","href":"https:\/\/api.w.org\/{rel}","templated":true}]}}