{"id":12796,"date":"2024-11-05T06:41:24","date_gmt":"2024-11-05T03:41:24","guid":{"rendered":"https:\/\/denizcankizil.tr\/uncategorized-tr\/kia-ve-anadolu-efes-spor-kulubu-10-yilda-da-birlikte\/"},"modified":"2025-03-16T00:46:22","modified_gmt":"2025-03-15T21:46:22","slug":"kia-ve-anadolu-efes-spor-kulubu-10-yilda-da-birlikte","status":"publish","type":"post","link":"https:\/\/denizcankizil.tr\/en\/haberler\/gundem\/kia-ve-anadolu-efes-spor-kulubu-10-yilda-da-birlikte\/","title":{"rendered":"Kia ve Anadolu Efes Spor Kul\u00fcb\u00fc 10. y\u0131lda da birlikte"},"content":{"rendered":"<p>\u0130\u015f birli\u011fi kapsam\u0131nda Anadolu Efes oyuncular\u0131 2024-2025 sezonu boyunca Kia\u2019n\u0131n ilham veren modellerini kullanmaya devam edecek.<\/p>\n<p>\u200b\u0130\u015f birli\u011fi kapsam\u0131nda Anadolu Efes oyuncular\u0131 2024-2025 sezonu boyunca Kia\u2019n\u0131n ilham veren modellerini kullanmaya devam edecek.\u00a0<\/p>\n<p>\u200bHaberin Al\u0131nt\u0131land\u0131\u011f\u0131 Kaynak: www.iskenderun.org<\/p>","protected":false},"excerpt":{"rendered":"<p>\u0130\u015f birli\u011fi kapsam\u0131nda Anadolu Efes oyuncular\u0131 2024-2025 sezonu boyunca Kia\u2019n\u0131n ilham veren modellerini kullanmaya devam edecek. \u200b\u0130\u015f birli\u011fi kapsam\u0131nda Anadolu Efes oyuncular\u0131 2024-2025 sezonu boyunca Kia\u2019n\u0131n ilham veren modellerini kullanmaya devam edecek.\u00a0 \u200bHaberin Al\u0131nt\u0131land\u0131\u011f\u0131 Kaynak: www.iskenderun.org<\/p>","protected":false},"author":2,"featured_media":0,"comment_status":"closed","ping_status":"open","sticky":false,"template":"","format":"standard","meta":{"_acf_changed":false,"footnotes":""},"categories":[24,535],"tags":[],"class_list":["post-12796","post","type-post","status-publish","format-standard","has-post-thumbnail","hentry","category-gundem","category-uncategorized-tr"],"acf":[],"yoast_head":"<!-- This site is optimized with the Yoast SEO Premium plugin v26.6 (Yoast SEO v27.1.1) - https:\/\/yoast.com\/product\/yoast-seo-premium-wordpress\/ -->\n<title>Kia ve Anadolu Efes Spor Kul\u00fcb\u00fc 10. y\u0131lda da birlikte - Av. Deniz Can K\u0131z\u0131l<\/title>\n<meta name=\"robots\" content=\"index, follow, max-snippet:-1, max-image-preview:large, max-video-preview:-1\" \/>\n<link rel=\"canonical\" href=\"https:\/\/denizcankizil.tr\/en\/haberler\/gundem\/kia-ve-anadolu-efes-spor-kulubu-10-yilda-da-birlikte\/\" \/>\n<meta property=\"og:locale\" content=\"en_GB\" \/>\n<meta property=\"og:type\" content=\"article\" \/>\n<meta property=\"og:title\" content=\"Kia ve Anadolu Efes Spor Kul\u00fcb\u00fc 10. y\u0131lda da birlikte\" \/>\n<meta property=\"og:description\" content=\"\u0130\u015f birli\u011fi kapsam\u0131nda Anadolu Efes oyuncular\u0131 2024-2025 sezonu boyunca Kia\u2019n\u0131n ilham veren modellerini kullanmaya devam edecek. \u200b\u0130\u015f birli\u011fi kapsam\u0131nda Anadolu Efes oyuncular\u0131 2024-2025 sezonu boyunca Kia\u2019n\u0131n ilham veren modellerini kullanmaya devam edecek.\u00a0 \u200bHaberin Al\u0131nt\u0131land\u0131\u011f\u0131 Kaynak: www.iskenderun.org\" \/>\n<meta property=\"og:url\" content=\"https:\/\/denizcankizil.tr\/en\/haberler\/gundem\/kia-ve-anadolu-efes-spor-kulubu-10-yilda-da-birlikte\/\" \/>\n<meta property=\"og:site_name\" content=\"Av. Deniz Can K\u0131z\u0131l\" \/>\n<meta property=\"article:published_time\" content=\"2024-11-05T03:41:24+00:00\" \/>\n<meta property=\"article:modified_time\" content=\"2025-03-15T21:46:22+00:00\" \/>\n<meta name=\"author\" content=\"www.hukukihaber .net\" \/>\n<meta name=\"twitter:card\" content=\"summary_large_image\" \/>\n<meta name=\"twitter:label1\" content=\"Written by\" \/>\n\t<meta name=\"twitter:data1\" content=\"www.hukukihaber .net\" \/>\n<script type=\"application\/ld+json\" class=\"yoast-schema-graph\">{\"@context\":\"https:\/\/schema.org\",\"@graph\":[{\"@type\":\"Article\",\"@id\":\"https:\/\/denizcankizil.tr\/en\/haberler\/gundem\/kia-ve-anadolu-efes-spor-kulubu-10-yilda-da-birlikte\/#article\",\"isPartOf\":{\"@id\":\"https:\/\/denizcankizil.tr\/en\/haberler\/gundem\/kia-ve-anadolu-efes-spor-kulubu-10-yilda-da-birlikte\/\"},\"author\":{\"name\":\"www.hukukihaber .net\",\"@id\":\"https:\/\/denizcankizil.tr\/de\/#\/schema\/person\/ee8d1a7e569af69c394b149657373d7c\"},\"headline\":\"Kia ve Anadolu Efes Spor Kul\u00fcb\u00fc 10. y\u0131lda da birlikte\",\"datePublished\":\"2024-11-05T03:41:24+00:00\",\"dateModified\":\"2025-03-15T21:46:22+00:00\",\"mainEntityOfPage\":{\"@id\":\"https:\/\/denizcankizil.tr\/en\/haberler\/gundem\/kia-ve-anadolu-efes-spor-kulubu-10-yilda-da-birlikte\/\"},\"wordCount\":57,\"publisher\":{\"@id\":\"https:\/\/denizcankizil.tr\/de\/#organization\"},\"articleSection\":[\"G\u00fcndem\",\"Uncategorized\"],\"inLanguage\":\"en-GB\"},{\"@type\":\"WebPage\",\"@id\":\"https:\/\/denizcankizil.tr\/en\/haberler\/gundem\/kia-ve-anadolu-efes-spor-kulubu-10-yilda-da-birlikte\/\",\"url\":\"https:\/\/denizcankizil.tr\/en\/haberler\/gundem\/kia-ve-anadolu-efes-spor-kulubu-10-yilda-da-birlikte\/\",\"name\":\"Kia ve Anadolu Efes Spor Kul\u00fcb\u00fc 10. y\u0131lda da birlikte - Av. Deniz Can K\u0131z\u0131l\",\"isPartOf\":{\"@id\":\"https:\/\/denizcankizil.tr\/de\/#website\"},\"datePublished\":\"2024-11-05T03:41:24+00:00\",\"dateModified\":\"2025-03-15T21:46:22+00:00\",\"breadcrumb\":{\"@id\":\"https:\/\/denizcankizil.tr\/en\/haberler\/gundem\/kia-ve-anadolu-efes-spor-kulubu-10-yilda-da-birlikte\/#breadcrumb\"},\"inLanguage\":\"en-GB\",\"potentialAction\":[{\"@type\":\"ReadAction\",\"target\":[\"https:\/\/denizcankizil.tr\/en\/haberler\/gundem\/kia-ve-anadolu-efes-spor-kulubu-10-yilda-da-birlikte\/\"]}]},{\"@type\":\"BreadcrumbList\",\"@id\":\"https:\/\/denizcankizil.tr\/en\/haberler\/gundem\/kia-ve-anadolu-efes-spor-kulubu-10-yilda-da-birlikte\/#breadcrumb\",\"itemListElement\":[{\"@type\":\"ListItem\",\"position\":1,\"name\":\"Home\",\"item\":\"https:\/\/denizcankizil.tr\/de\/\"},{\"@type\":\"ListItem\",\"position\":2,\"name\":\"Kia ve Anadolu Efes Spor Kul\u00fcb\u00fc 10. y\u0131lda da birlikte\"}]},{\"@type\":\"WebSite\",\"@id\":\"https:\/\/denizcankizil.tr\/de\/#website\",\"url\":\"https:\/\/denizcankizil.tr\/de\/\",\"name\":\"Av. Deniz Can K\u0131z\u0131l\",\"description\":\"Avukat Deniz Can K\u0131z\u0131l Antalya Barosu\",\"publisher\":{\"@id\":\"https:\/\/denizcankizil.tr\/de\/#organization\"},\"potentialAction\":[{\"@type\":\"SearchAction\",\"target\":{\"@type\":\"EntryPoint\",\"urlTemplate\":\"https:\/\/denizcankizil.tr\/de\/?s={search_term_string}\"},\"query-input\":{\"@type\":\"PropertyValueSpecification\",\"valueRequired\":true,\"valueName\":\"search_term_string\"}}],\"inLanguage\":\"en-GB\"},{\"@type\":\"Organization\",\"@id\":\"https:\/\/denizcankizil.tr\/de\/#organization\",\"name\":\"Av. Deniz Can K\u0131z\u0131l\",\"url\":\"https:\/\/denizcankizil.tr\/de\/\",\"logo\":{\"@type\":\"ImageObject\",\"inLanguage\":\"en-GB\",\"@id\":\"https:\/\/denizcankizil.tr\/de\/#\/schema\/logo\/image\/\",\"url\":\"https:\/\/denizcankizil.tr\/wp-content\/uploads\/2024\/10\/siyah-logo-svg.svg\",\"contentUrl\":\"https:\/\/denizcankizil.tr\/wp-content\/uploads\/2024\/10\/siyah-logo-svg.svg\",\"width\":1080,\"height\":1080,\"caption\":\"Av. Deniz Can K\u0131z\u0131l\"},\"image\":{\"@id\":\"https:\/\/denizcankizil.tr\/de\/#\/schema\/logo\/image\/\"}},{\"@type\":\"Person\",\"@id\":\"https:\/\/denizcankizil.tr\/de\/#\/schema\/person\/ee8d1a7e569af69c394b149657373d7c\",\"name\":\"www.hukukihaber .net\",\"image\":{\"@type\":\"ImageObject\",\"inLanguage\":\"en-GB\",\"@id\":\"https:\/\/denizcankizil.tr\/de\/#\/schema\/person\/image\/\",\"url\":\"https:\/\/secure.gravatar.com\/avatar\/24a421031e14edd04885d60c1a11a8021184a2ed5e7477881edb09ec996193ab?s=96&d=mm&r=g\",\"contentUrl\":\"https:\/\/secure.gravatar.com\/avatar\/24a421031e14edd04885d60c1a11a8021184a2ed5e7477881edb09ec996193ab?s=96&d=mm&r=g\",\"caption\":\"www.hukukihaber .net\"},\"url\":\"https:\/\/www.iskenderun.org\/kia-ve-anadolu-efes-spor-kulubu-10-yilda-da-birlikte\"}]}<\/script>\n<!-- \/ Yoast SEO Premium plugin. -->","yoast_head_json":{"title":"Kia ve Anadolu Efes Spor Kul\u00fcb\u00fc 10. y\u0131lda da birlikte - Av. Deniz Can K\u0131z\u0131l","robots":{"index":"index","follow":"follow","max-snippet":"max-snippet:-1","max-image-preview":"max-image-preview:large","max-video-preview":"max-video-preview:-1"},"canonical":"https:\/\/denizcankizil.tr\/en\/haberler\/gundem\/kia-ve-anadolu-efes-spor-kulubu-10-yilda-da-birlikte\/","og_locale":"en_GB","og_type":"article","og_title":"Kia ve Anadolu Efes Spor Kul\u00fcb\u00fc 10. y\u0131lda da birlikte","og_description":"\u0130\u015f birli\u011fi kapsam\u0131nda Anadolu Efes oyuncular\u0131 2024-2025 sezonu boyunca Kia\u2019n\u0131n ilham veren modellerini kullanmaya devam edecek. \u200b\u0130\u015f birli\u011fi kapsam\u0131nda Anadolu Efes oyuncular\u0131 2024-2025 sezonu boyunca Kia\u2019n\u0131n ilham veren modellerini kullanmaya devam edecek.\u00a0 \u200bHaberin Al\u0131nt\u0131land\u0131\u011f\u0131 Kaynak: www.iskenderun.org","og_url":"https:\/\/denizcankizil.tr\/en\/haberler\/gundem\/kia-ve-anadolu-efes-spor-kulubu-10-yilda-da-birlikte\/","og_site_name":"Av. Deniz Can K\u0131z\u0131l","article_published_time":"2024-11-05T03:41:24+00:00","article_modified_time":"2025-03-15T21:46:22+00:00","author":"www.hukukihaber .net","twitter_card":"summary_large_image","twitter_misc":{"Written by":"www.hukukihaber .net"},"schema":{"@context":"https:\/\/schema.org","@graph":[{"@type":"Article","@id":"https:\/\/denizcankizil.tr\/en\/haberler\/gundem\/kia-ve-anadolu-efes-spor-kulubu-10-yilda-da-birlikte\/#article","isPartOf":{"@id":"https:\/\/denizcankizil.tr\/en\/haberler\/gundem\/kia-ve-anadolu-efes-spor-kulubu-10-yilda-da-birlikte\/"},"author":{"name":"www.hukukihaber .net","@id":"https:\/\/denizcankizil.tr\/de\/#\/schema\/person\/ee8d1a7e569af69c394b149657373d7c"},"headline":"Kia ve Anadolu Efes Spor Kul\u00fcb\u00fc 10. y\u0131lda da birlikte","datePublished":"2024-11-05T03:41:24+00:00","dateModified":"2025-03-15T21:46:22+00:00","mainEntityOfPage":{"@id":"https:\/\/denizcankizil.tr\/en\/haberler\/gundem\/kia-ve-anadolu-efes-spor-kulubu-10-yilda-da-birlikte\/"},"wordCount":57,"publisher":{"@id":"https:\/\/denizcankizil.tr\/de\/#organization"},"articleSection":["G\u00fcndem","Uncategorized"],"inLanguage":"en-GB"},{"@type":"WebPage","@id":"https:\/\/denizcankizil.tr\/en\/haberler\/gundem\/kia-ve-anadolu-efes-spor-kulubu-10-yilda-da-birlikte\/","url":"https:\/\/denizcankizil.tr\/en\/haberler\/gundem\/kia-ve-anadolu-efes-spor-kulubu-10-yilda-da-birlikte\/","name":"Kia ve Anadolu Efes Spor Kul\u00fcb\u00fc 10. y\u0131lda da birlikte - Av. Deniz Can K\u0131z\u0131l","isPartOf":{"@id":"https:\/\/denizcankizil.tr\/de\/#website"},"datePublished":"2024-11-05T03:41:24+00:00","dateModified":"2025-03-15T21:46:22+00:00","breadcrumb":{"@id":"https:\/\/denizcankizil.tr\/en\/haberler\/gundem\/kia-ve-anadolu-efes-spor-kulubu-10-yilda-da-birlikte\/#breadcrumb"},"inLanguage":"en-GB","potentialAction":[{"@type":"ReadAction","target":["https:\/\/denizcankizil.tr\/en\/haberler\/gundem\/kia-ve-anadolu-efes-spor-kulubu-10-yilda-da-birlikte\/"]}]},{"@type":"BreadcrumbList","@id":"https:\/\/denizcankizil.tr\/en\/haberler\/gundem\/kia-ve-anadolu-efes-spor-kulubu-10-yilda-da-birlikte\/#breadcrumb","itemListElement":[{"@type":"ListItem","position":1,"name":"Home","item":"https:\/\/denizcankizil.tr\/de\/"},{"@type":"ListItem","position":2,"name":"Kia ve Anadolu Efes Spor Kul\u00fcb\u00fc 10. y\u0131lda da birlikte"}]},{"@type":"WebSite","@id":"https:\/\/denizcankizil.tr\/de\/#website","url":"https:\/\/denizcankizil.tr\/de\/","name":"Av. Deniz Can K\u0131z\u0131l","description":"Avukat Deniz Can K\u0131z\u0131l Antalya Barosu","publisher":{"@id":"https:\/\/denizcankizil.tr\/de\/#organization"},"potentialAction":[{"@type":"SearchAction","target":{"@type":"EntryPoint","urlTemplate":"https:\/\/denizcankizil.tr\/de\/?s={search_term_string}"},"query-input":{"@type":"PropertyValueSpecification","valueRequired":true,"valueName":"search_term_string"}}],"inLanguage":"en-GB"},{"@type":"Organization","@id":"https:\/\/denizcankizil.tr\/de\/#organization","name":"Av. Deniz Can K\u0131z\u0131l","url":"https:\/\/denizcankizil.tr\/de\/","logo":{"@type":"ImageObject","inLanguage":"en-GB","@id":"https:\/\/denizcankizil.tr\/de\/#\/schema\/logo\/image\/","url":"https:\/\/denizcankizil.tr\/wp-content\/uploads\/2024\/10\/siyah-logo-svg.svg","contentUrl":"https:\/\/denizcankizil.tr\/wp-content\/uploads\/2024\/10\/siyah-logo-svg.svg","width":1080,"height":1080,"caption":"Av. Deniz Can K\u0131z\u0131l"},"image":{"@id":"https:\/\/denizcankizil.tr\/de\/#\/schema\/logo\/image\/"}},{"@type":"Person","@id":"https:\/\/denizcankizil.tr\/de\/#\/schema\/person\/ee8d1a7e569af69c394b149657373d7c","name":"www.hukukihaber.net","image":{"@type":"ImageObject","inLanguage":"en-GB","@id":"https:\/\/denizcankizil.tr\/de\/#\/schema\/person\/image\/","url":"https:\/\/secure.gravatar.com\/avatar\/24a421031e14edd04885d60c1a11a8021184a2ed5e7477881edb09ec996193ab?s=96&d=mm&r=g","contentUrl":"https:\/\/secure.gravatar.com\/avatar\/24a421031e14edd04885d60c1a11a8021184a2ed5e7477881edb09ec996193ab?s=96&d=mm&r=g","caption":"www.hukukihaber .net"},"url":"https:\/\/www.iskenderun.org\/kia-ve-anadolu-efes-spor-kulubu-10-yilda-da-birlikte"}]}},"_links":{"self":[{"href":"https:\/\/denizcankizil.tr\/en\/wp-json\/wp\/v2\/posts\/12796","targetHints":{"allow":["GET"]}}],"collection":[{"href":"https:\/\/denizcankizil.tr\/en\/wp-json\/wp\/v2\/posts"}],"about":[{"href":"https:\/\/denizcankizil.tr\/en\/wp-json\/wp\/v2\/types\/post"}],"author":[{"embeddable":true,"href":"https:\/\/denizcankizil.tr\/en\/wp-json\/wp\/v2\/users\/2"}],"replies":[{"embeddable":true,"href":"https:\/\/denizcankizil.tr\/en\/wp-json\/wp\/v2\/comments?post=12796"}],"version-history":[{"count":1,"href":"https:\/\/denizcankizil.tr\/en\/wp-json\/wp\/v2\/posts\/12796\/revisions"}],"predecessor-version":[{"id":36013,"href":"https:\/\/denizcankizil.tr\/en\/wp-json\/wp\/v2\/posts\/12796\/revisions\/36013"}],"wp:attachment":[{"href":"https:\/\/denizcankizil.tr\/en\/wp-json\/wp\/v2\/media?parent=12796"}],"wp:term":[{"taxonomy":"category","embeddable":true,"href":"https:\/\/denizcankizil.tr\/en\/wp-json\/wp\/v2\/categories?post=12796"},{"taxonomy":"post_tag","embeddable":true,"href":"https:\/\/denizcankizil.tr\/en\/wp-json\/wp\/v2\/tags?post=12796"}],"curies":[{"name":"wp","href":"https:\/\/api.w.org\/{rel}","templated":true}]}}