{"id":127255,"date":"2025-06-26T16:41:20","date_gmt":"2025-06-26T13:41:20","guid":{"rendered":"https:\/\/denizcankizil.tr\/uncategorized-tr\/bakan-uraloglu-iran-haric-bolgedeki-hava-sahasi-kisitlamalari-kaldirildi\/"},"modified":"2025-06-26T16:41:20","modified_gmt":"2025-06-26T13:41:20","slug":"bakan-uraloglu-iran-haric-bolgedeki-hava-sahasi-kisitlamalari-kaldirildi","status":"publish","type":"post","link":"https:\/\/denizcankizil.tr\/en\/haberler\/gundem\/bakan-uraloglu-iran-haric-bolgedeki-hava-sahasi-kisitlamalari-kaldirildi\/","title":{"rendered":"Bakan Uralo\u011flu: &#8220;\u0130ran hari\u00e7 b\u00f6lgedeki hava sahas\u0131 k\u0131s\u0131tlamalar\u0131 kald\u0131r\u0131ld\u0131&#8221;"},"content":{"rendered":"<p>\u0130srail ve \u0130ran aras\u0131nda ya\u015fanan gerilimin ard\u0131ndan Orta Do\u011fu hava sahas\u0131nda uygulamaya al\u0131nan u\u00e7u\u015f k\u0131s\u0131tlamalar\u0131yla ilgili Ula\u015ft\u0131rma ve Altyap\u0131 Bakan\u0131 Abd\u00fclkadir Uralo\u011flu a\u00e7\u0131klamalarda bulundu. Bakan Uralo\u011flu, \u00e7at\u0131\u015fmalar nedeniyle bir s\u00fcredir kapal\u0131 olan b\u00f6lge \u00fclkelerinin hava sahalar\u0131n\u0131n yeniden a\u00e7\u0131ld\u0131\u011f\u0131n\u0131, \u0130ran d\u0131\u015f\u0131nda u\u00e7u\u015flar\u0131n b\u00fcy\u00fck \u00f6l\u00e7\u00fcde normale d\u00f6nd\u00fc\u011f\u00fcn\u00fc duyurdu. B\u00f6lgedeki T\u00fcrk u\u00e7aklar\u0131n\u0131n tahliyesiyle ilgili \u00e7al\u0131\u015fmalar\u0131n s\u00fcrd\u00fc\u011f\u00fcn\u00fc belirten Uralo\u011flu, \u0130ran&#8217;da mahsur kalan u\u00e7aklar\u0131n g\u00fcvenli \u015fekilde yurda d\u00f6nebilmesi i\u00e7in gerekli giri\u015fimlerin devam etti\u011fini s\u00f6yledi.<\/p>\n<p>HAVA SAHASI U\u00c7U\u015eLARA A\u00c7ILDI <\/p>\n<p>Ula\u015ft\u0131rma ve Altyap\u0131 Bakan\u0131 Abd\u00fclkadir Uralo\u011flu, \u0130srail ile \u0130ran aras\u0131nda ya\u015fanan \u00e7at\u0131\u015fmalar nedeniyle uygulamaya al\u0131nan hava sahas\u0131 k\u0131s\u0131tlamalar\u0131na ili\u015fkin \u00f6nemli a\u00e7\u0131klamalarda bulundu. Bakan Uralo\u011flu, 26 Haziran itibariyle Irak, Suriye, \u00dcrd\u00fcn, Beyrut, Suudi Arabistan, Katar, Bahreyn, Kuveyt ve Birle\u015fik Arap Emirlikleri&#8217;nin hava sahalar\u0131n\u0131n yeniden u\u00e7u\u015flara a\u00e7\u0131ld\u0131\u011f\u0131n\u0131 belirtti.<\/p>\n<p>Bakan Uralo\u011flu, &#8220;\u0130ran d\u0131\u015f\u0131nda b\u00f6lgede k\u0131s\u0131tl\u0131 bir alan kalm\u0131\u015ft\u0131r. Di\u011fer \u00fclkelerdeki hava sahas\u0131 k\u0131s\u0131tlamalar\u0131 kald\u0131r\u0131lm\u0131\u015ft\u0131r. Bu da havayolu ta\u015f\u0131mac\u0131l\u0131\u011f\u0131 a\u00e7\u0131s\u0131ndan kritik bir rahatlamad\u0131r&#8221; dedi.<\/p>\n<p>7 U\u00c7AK \u0130RAN&#8217;DA BEKLEMEDE<\/p>\n<p>Bakan Uralo\u011flu, \u00e7at\u0131\u015fmalar s\u0131ras\u0131nda b\u00f6lgede kalan T\u00fcrk u\u00e7aklar\u0131n\u0131n tahliyesine y\u00f6nelik \u00e7al\u0131\u015fmalar\u0131n s\u00fcrd\u00fc\u011f\u00fcn\u00fc belirterek, &#8220;Irak&#8217;ta bulunan 4 u\u00e7a\u011f\u0131m\u0131z, d\u00fcn itibariyle sorunsuz bir \u015fekilde geri d\u00f6nm\u00fc\u015ft\u00fcr. Ancak \u0130ran&#8217;da Me\u015fhed d\u0131\u015f\u0131nda kalan b\u00f6lgelerde, \u00f6zellikle \u015eiraz ve Tahran&#8217;daki 7 u\u00e7a\u011f\u0131m\u0131z hen\u00fcz T\u00fcrkiye&#8217;ye d\u00f6nememi\u015ftir&#8221; a\u00e7\u0131klamalar\u0131nda bulundu.<\/p>\n<p>2 TEMMUZ&#8217;A KADAR KISITLAMA S\u00dcR\u00dcYOR<\/p>\n<p>\u0130ran&#8217;daki u\u00e7u\u015f k\u0131s\u0131tlamalar\u0131n\u0131n 2 Temmuz \u00c7ar\u015famba g\u00fcn\u00fcne kadar s\u00fcrece\u011fi ifade edilirken, u\u00e7aklar\u0131n daha erken T\u00fcrkiye&#8217;ye d\u00f6nebilmesi i\u00e7in diplomatik ve teknik giri\u015fimlerin s\u00fcrd\u00fc\u011f\u00fc belirtildi. Bakan Uralo\u011flu ayr\u0131ca, &#8220;T\u00fcm seferlerimiz, yolcu ve u\u00e7u\u015f ekiplerinin g\u00fcvenli\u011fi \u00f6n planda tutularak planlanmaktad\u0131r&#8221; diyerek kamuoyuna g\u00fcvence verdi.<\/p>\n<p>\u200bUla\u015ft\u0131rma ve Altyap\u0131 Bakan\u0131 Abd\u00fclkadir Uralo\u011flu, \u0130srail-\u0130ran gerilimi sonras\u0131 uygulanan hava sahas\u0131 k\u0131s\u0131tlamalar\u0131n\u0131n b\u00fcy\u00fck \u00f6l\u00e7\u00fcde kald\u0131r\u0131ld\u0131\u011f\u0131n\u0131, \u0130ran d\u0131\u015f\u0131nda u\u00e7u\u015flar\u0131n normale d\u00f6nd\u00fc\u011f\u00fcn\u00fc a\u00e7\u0131klad\u0131. \u0130ran&#8217;daki 4 T\u00fcrk u\u00e7a\u011f\u0131 ise d\u00f6n\u00fc\u015f i\u00e7in uygun hava sahas\u0131 ko\u015fullar\u0131n\u0131 bekliyor.\u00a0<\/p>\n<p>\u200bHaberin Al\u0131nt\u0131land\u0131\u011f\u0131 Kaynak: www.antalyakorfez.com<\/p>","protected":false},"excerpt":{"rendered":"<p>\u0130srail ve \u0130ran aras\u0131nda ya\u015fanan gerilimin ard\u0131ndan Orta Do\u011fu hava sahas\u0131nda uygulamaya al\u0131nan u\u00e7u\u015f k\u0131s\u0131tlamalar\u0131yla ilgili Ula\u015ft\u0131rma ve Altyap\u0131 Bakan\u0131 Abd\u00fclkadir Uralo\u011flu a\u00e7\u0131klamalarda bulundu. Bakan Uralo\u011flu, \u00e7at\u0131\u015fmalar nedeniyle bir s\u00fcredir kapal\u0131 olan b\u00f6lge \u00fclkelerinin hava sahalar\u0131n\u0131n yeniden a\u00e7\u0131ld\u0131\u011f\u0131n\u0131, \u0130ran d\u0131\u015f\u0131nda u\u00e7u\u015flar\u0131n b\u00fcy\u00fck \u00f6l\u00e7\u00fcde normale d\u00f6nd\u00fc\u011f\u00fcn\u00fc duyurdu. B\u00f6lgedeki T\u00fcrk u\u00e7aklar\u0131n\u0131n tahliyesiyle ilgili \u00e7al\u0131\u015fmalar\u0131n s\u00fcrd\u00fc\u011f\u00fcn\u00fc belirten Uralo\u011flu, \u0130ran&#8217;da mahsur kalan u\u00e7aklar\u0131n g\u00fcvenli \u015fekilde yurda d\u00f6nebilmesi i\u00e7in gerekli giri\u015fimlerin devam etti\u011fini s\u00f6yledi. HAVA SAHASI U\u00c7U\u015eLARA A\u00c7ILDI Ula\u015ft\u0131rma ve Altyap\u0131 Bakan\u0131 Abd\u00fclkadir Uralo\u011flu, \u0130srail ile \u0130ran aras\u0131nda ya\u015fanan \u00e7at\u0131\u015fmalar nedeniyle uygulamaya al\u0131nan hava sahas\u0131 k\u0131s\u0131tlamalar\u0131na ili\u015fkin \u00f6nemli a\u00e7\u0131klamalarda bulundu. Bakan Uralo\u011flu, 26 Haziran itibariyle Irak, Suriye, \u00dcrd\u00fcn, Beyrut, Suudi Arabistan, Katar, Bahreyn, Kuveyt ve Birle\u015fik Arap Emirlikleri&#8217;nin hava sahalar\u0131n\u0131n yeniden u\u00e7u\u015flara a\u00e7\u0131ld\u0131\u011f\u0131n\u0131 belirtti. Bakan Uralo\u011flu, &#8220;\u0130ran d\u0131\u015f\u0131nda b\u00f6lgede k\u0131s\u0131tl\u0131 bir alan kalm\u0131\u015ft\u0131r. Di\u011fer \u00fclkelerdeki hava sahas\u0131 k\u0131s\u0131tlamalar\u0131 kald\u0131r\u0131lm\u0131\u015ft\u0131r. Bu da havayolu ta\u015f\u0131mac\u0131l\u0131\u011f\u0131 a\u00e7\u0131s\u0131ndan kritik bir rahatlamad\u0131r&#8221; dedi. 7 U\u00c7AK \u0130RAN&#8217;DA BEKLEMEDE Bakan Uralo\u011flu, \u00e7at\u0131\u015fmalar s\u0131ras\u0131nda b\u00f6lgede kalan T\u00fcrk u\u00e7aklar\u0131n\u0131n tahliyesine y\u00f6nelik \u00e7al\u0131\u015fmalar\u0131n s\u00fcrd\u00fc\u011f\u00fcn\u00fc belirterek, &#8220;Irak&#8217;ta bulunan 4 u\u00e7a\u011f\u0131m\u0131z, d\u00fcn itibariyle sorunsuz bir \u015fekilde geri d\u00f6nm\u00fc\u015ft\u00fcr. Ancak \u0130ran&#8217;da Me\u015fhed d\u0131\u015f\u0131nda kalan b\u00f6lgelerde, \u00f6zellikle \u015eiraz ve Tahran&#8217;daki 7 u\u00e7a\u011f\u0131m\u0131z hen\u00fcz T\u00fcrkiye&#8217;ye d\u00f6nememi\u015ftir&#8221; a\u00e7\u0131klamalar\u0131nda bulundu. 2 TEMMUZ&#8217;A KADAR KISITLAMA S\u00dcR\u00dcYOR \u0130ran&#8217;daki u\u00e7u\u015f k\u0131s\u0131tlamalar\u0131n\u0131n 2 Temmuz \u00c7ar\u015famba g\u00fcn\u00fcne &hellip;<\/p>","protected":false},"author":5,"featured_media":0,"comment_status":"","ping_status":"open","sticky":false,"template":"","format":"standard","meta":{"_acf_changed":false,"footnotes":""},"categories":[24],"tags":[],"class_list":["post-127255","post","type-post","status-publish","format-standard","has-post-thumbnail","hentry","category-gundem"],"acf":[],"yoast_head":"<!-- This site is optimized with the Yoast SEO Premium plugin v26.6 (Yoast SEO v27.1.1) - https:\/\/yoast.com\/product\/yoast-seo-premium-wordpress\/ -->\n<title>Bakan Uralo\u011flu: &quot;\u0130ran hari\u00e7 b\u00f6lgedeki hava sahas\u0131 k\u0131s\u0131tlamalar\u0131 kald\u0131r\u0131ld\u0131&quot; - Av. Deniz Can K\u0131z\u0131l<\/title>\n<meta name=\"robots\" content=\"index, follow, max-snippet:-1, max-image-preview:large, max-video-preview:-1\" \/>\n<link rel=\"canonical\" href=\"http:\/\/denizcankizil.tr\/en\/haberler\/gundem\/bakan-uraloglu-iran-haric-bolgedeki-hava-sahasi-kisitlamalari-kaldirildi\/\" \/>\n<meta property=\"og:locale\" content=\"en_GB\" \/>\n<meta property=\"og:type\" content=\"article\" \/>\n<meta property=\"og:title\" content=\"Bakan Uralo\u011flu: &quot;\u0130ran hari\u00e7 b\u00f6lgedeki hava sahas\u0131 k\u0131s\u0131tlamalar\u0131 kald\u0131r\u0131ld\u0131&quot;\" \/>\n<meta property=\"og:description\" content=\"\u0130srail ve \u0130ran aras\u0131nda ya\u015fanan gerilimin ard\u0131ndan Orta Do\u011fu hava sahas\u0131nda uygulamaya al\u0131nan u\u00e7u\u015f k\u0131s\u0131tlamalar\u0131yla ilgili Ula\u015ft\u0131rma ve Altyap\u0131 Bakan\u0131 Abd\u00fclkadir Uralo\u011flu a\u00e7\u0131klamalarda bulundu. Bakan Uralo\u011flu, \u00e7at\u0131\u015fmalar nedeniyle bir s\u00fcredir kapal\u0131 olan b\u00f6lge \u00fclkelerinin hava sahalar\u0131n\u0131n yeniden a\u00e7\u0131ld\u0131\u011f\u0131n\u0131, \u0130ran d\u0131\u015f\u0131nda u\u00e7u\u015flar\u0131n b\u00fcy\u00fck \u00f6l\u00e7\u00fcde normale d\u00f6nd\u00fc\u011f\u00fcn\u00fc duyurdu. B\u00f6lgedeki T\u00fcrk u\u00e7aklar\u0131n\u0131n tahliyesiyle ilgili \u00e7al\u0131\u015fmalar\u0131n s\u00fcrd\u00fc\u011f\u00fcn\u00fc belirten Uralo\u011flu, \u0130ran&#8217;da mahsur kalan u\u00e7aklar\u0131n g\u00fcvenli \u015fekilde yurda d\u00f6nebilmesi i\u00e7in gerekli giri\u015fimlerin devam etti\u011fini s\u00f6yledi. HAVA SAHASI U\u00c7U\u015eLARA A\u00c7ILDI Ula\u015ft\u0131rma ve Altyap\u0131 Bakan\u0131 Abd\u00fclkadir Uralo\u011flu, \u0130srail ile \u0130ran aras\u0131nda ya\u015fanan \u00e7at\u0131\u015fmalar nedeniyle uygulamaya al\u0131nan hava sahas\u0131 k\u0131s\u0131tlamalar\u0131na ili\u015fkin \u00f6nemli a\u00e7\u0131klamalarda bulundu. Bakan Uralo\u011flu, 26 Haziran itibariyle Irak, Suriye, \u00dcrd\u00fcn, Beyrut, Suudi Arabistan, Katar, Bahreyn, Kuveyt ve Birle\u015fik Arap Emirlikleri&#8217;nin hava sahalar\u0131n\u0131n yeniden u\u00e7u\u015flara a\u00e7\u0131ld\u0131\u011f\u0131n\u0131 belirtti. Bakan Uralo\u011flu, &#8220;\u0130ran d\u0131\u015f\u0131nda b\u00f6lgede k\u0131s\u0131tl\u0131 bir alan kalm\u0131\u015ft\u0131r. Di\u011fer \u00fclkelerdeki hava sahas\u0131 k\u0131s\u0131tlamalar\u0131 kald\u0131r\u0131lm\u0131\u015ft\u0131r. Bu da havayolu ta\u015f\u0131mac\u0131l\u0131\u011f\u0131 a\u00e7\u0131s\u0131ndan kritik bir rahatlamad\u0131r&#8221; dedi. 7 U\u00c7AK \u0130RAN&#8217;DA BEKLEMEDE Bakan Uralo\u011flu, \u00e7at\u0131\u015fmalar s\u0131ras\u0131nda b\u00f6lgede kalan T\u00fcrk u\u00e7aklar\u0131n\u0131n tahliyesine y\u00f6nelik \u00e7al\u0131\u015fmalar\u0131n s\u00fcrd\u00fc\u011f\u00fcn\u00fc belirterek, &#8220;Irak&#8217;ta bulunan 4 u\u00e7a\u011f\u0131m\u0131z, d\u00fcn itibariyle sorunsuz bir \u015fekilde geri d\u00f6nm\u00fc\u015ft\u00fcr. Ancak \u0130ran&#8217;da Me\u015fhed d\u0131\u015f\u0131nda kalan b\u00f6lgelerde, \u00f6zellikle \u015eiraz ve Tahran&#8217;daki 7 u\u00e7a\u011f\u0131m\u0131z hen\u00fcz T\u00fcrkiye&#8217;ye d\u00f6nememi\u015ftir&#8221; a\u00e7\u0131klamalar\u0131nda bulundu. 2 TEMMUZ&#8217;A KADAR KISITLAMA S\u00dcR\u00dcYOR \u0130ran&#8217;daki u\u00e7u\u015f k\u0131s\u0131tlamalar\u0131n\u0131n 2 Temmuz \u00c7ar\u015famba g\u00fcn\u00fcne &hellip;\" \/>\n<meta property=\"og:url\" content=\"http:\/\/denizcankizil.tr\/en\/haberler\/gundem\/bakan-uraloglu-iran-haric-bolgedeki-hava-sahasi-kisitlamalari-kaldirildi\/\" \/>\n<meta property=\"og:site_name\" content=\"Av. Deniz Can K\u0131z\u0131l\" \/>\n<meta property=\"article:published_time\" content=\"2025-06-26T13:41:20+00:00\" \/>\n<meta name=\"author\" content=\"Antalya K\u00f6rfez\" \/>\n<meta name=\"twitter:card\" content=\"summary_large_image\" \/>\n<meta name=\"twitter:label1\" content=\"Written by\" \/>\n\t<meta name=\"twitter:data1\" content=\"Antalya K\u00f6rfez\" \/>\n\t<meta name=\"twitter:label2\" content=\"Estimated reading time\" \/>\n\t<meta name=\"twitter:data2\" content=\"2 minutes\" \/>\n<script type=\"application\/ld+json\" class=\"yoast-schema-graph\">{\"@context\":\"https:\/\/schema.org\",\"@graph\":[{\"@type\":\"Article\",\"@id\":\"http:\/\/denizcankizil.tr\/uk\/haberler\/gundem\/bakan-uraloglu-iran-haric-bolgedeki-hava-sahasi-kisitlamalari-kaldirildi\/#article\",\"isPartOf\":{\"@id\":\"http:\/\/denizcankizil.tr\/uk\/haberler\/gundem\/bakan-uraloglu-iran-haric-bolgedeki-hava-sahasi-kisitlamalari-kaldirildi\/\"},\"author\":{\"name\":\"Antalya K\u00f6rfez\",\"@id\":\"https:\/\/denizcankizil.tr\/de\/#\/schema\/person\/e1eb71bb4dd684d46563f0af307e1234\"},\"headline\":\"Bakan Uralo\u011flu: &#8220;\u0130ran hari\u00e7 b\u00f6lgedeki hava sahas\u0131 k\u0131s\u0131tlamalar\u0131 kald\u0131r\u0131ld\u0131&#8221;\",\"datePublished\":\"2025-06-26T13:41:20+00:00\",\"mainEntityOfPage\":{\"@id\":\"http:\/\/denizcankizil.tr\/uk\/haberler\/gundem\/bakan-uraloglu-iran-haric-bolgedeki-hava-sahasi-kisitlamalari-kaldirildi\/\"},\"wordCount\":478,\"publisher\":{\"@id\":\"https:\/\/denizcankizil.tr\/de\/#organization\"},\"articleSection\":[\"G\u00fcndem\"],\"inLanguage\":\"en-GB\"},{\"@type\":\"WebPage\",\"@id\":\"http:\/\/denizcankizil.tr\/uk\/haberler\/gundem\/bakan-uraloglu-iran-haric-bolgedeki-hava-sahasi-kisitlamalari-kaldirildi\/\",\"url\":\"http:\/\/denizcankizil.tr\/uk\/haberler\/gundem\/bakan-uraloglu-iran-haric-bolgedeki-hava-sahasi-kisitlamalari-kaldirildi\/\",\"name\":\"Bakan Uralo\u011flu: \\\"\u0130ran hari\u00e7 b\u00f6lgedeki hava sahas\u0131 k\u0131s\u0131tlamalar\u0131 kald\u0131r\u0131ld\u0131\\\" - Av. Deniz Can K\u0131z\u0131l\",\"isPartOf\":{\"@id\":\"https:\/\/denizcankizil.tr\/de\/#website\"},\"datePublished\":\"2025-06-26T13:41:20+00:00\",\"breadcrumb\":{\"@id\":\"http:\/\/denizcankizil.tr\/uk\/haberler\/gundem\/bakan-uraloglu-iran-haric-bolgedeki-hava-sahasi-kisitlamalari-kaldirildi\/#breadcrumb\"},\"inLanguage\":\"en-GB\",\"potentialAction\":[{\"@type\":\"ReadAction\",\"target\":[\"http:\/\/denizcankizil.tr\/uk\/haberler\/gundem\/bakan-uraloglu-iran-haric-bolgedeki-hava-sahasi-kisitlamalari-kaldirildi\/\"]}]},{\"@type\":\"BreadcrumbList\",\"@id\":\"http:\/\/denizcankizil.tr\/uk\/haberler\/gundem\/bakan-uraloglu-iran-haric-bolgedeki-hava-sahasi-kisitlamalari-kaldirildi\/#breadcrumb\",\"itemListElement\":[{\"@type\":\"ListItem\",\"position\":1,\"name\":\"Home\",\"item\":\"https:\/\/denizcankizil.tr\/de\/\"},{\"@type\":\"ListItem\",\"position\":2,\"name\":\"Bakan Uralo\u011flu: &#8220;\u0130ran hari\u00e7 b\u00f6lgedeki hava sahas\u0131 k\u0131s\u0131tlamalar\u0131 kald\u0131r\u0131ld\u0131&#8221;\"}]},{\"@type\":\"WebSite\",\"@id\":\"https:\/\/denizcankizil.tr\/de\/#website\",\"url\":\"https:\/\/denizcankizil.tr\/de\/\",\"name\":\"Av. Deniz Can K\u0131z\u0131l\",\"description\":\"Avukat Deniz Can K\u0131z\u0131l Antalya Barosu\",\"publisher\":{\"@id\":\"https:\/\/denizcankizil.tr\/de\/#organization\"},\"potentialAction\":[{\"@type\":\"SearchAction\",\"target\":{\"@type\":\"EntryPoint\",\"urlTemplate\":\"https:\/\/denizcankizil.tr\/de\/?s={search_term_string}\"},\"query-input\":{\"@type\":\"PropertyValueSpecification\",\"valueRequired\":true,\"valueName\":\"search_term_string\"}}],\"inLanguage\":\"en-GB\"},{\"@type\":\"Organization\",\"@id\":\"https:\/\/denizcankizil.tr\/de\/#organization\",\"name\":\"Av. Deniz Can K\u0131z\u0131l\",\"url\":\"https:\/\/denizcankizil.tr\/de\/\",\"logo\":{\"@type\":\"ImageObject\",\"inLanguage\":\"en-GB\",\"@id\":\"https:\/\/denizcankizil.tr\/de\/#\/schema\/logo\/image\/\",\"url\":\"https:\/\/denizcankizil.tr\/wp-content\/uploads\/2024\/10\/siyah-logo-svg.svg\",\"contentUrl\":\"https:\/\/denizcankizil.tr\/wp-content\/uploads\/2024\/10\/siyah-logo-svg.svg\",\"width\":1080,\"height\":1080,\"caption\":\"Av. Deniz Can K\u0131z\u0131l\"},\"image\":{\"@id\":\"https:\/\/denizcankizil.tr\/de\/#\/schema\/logo\/image\/\"}},{\"@type\":\"Person\",\"@id\":\"https:\/\/denizcankizil.tr\/de\/#\/schema\/person\/e1eb71bb4dd684d46563f0af307e1234\",\"name\":\"Antalya K\u00f6rfez\",\"image\":{\"@type\":\"ImageObject\",\"inLanguage\":\"en-GB\",\"@id\":\"https:\/\/denizcankizil.tr\/de\/#\/schema\/person\/image\/\",\"url\":\"https:\/\/secure.gravatar.com\/avatar\/42b01982558a48a0b501fdcab6a408d3717ea5919095ee2e67b0e521799c5905?s=96&d=mm&r=g\",\"contentUrl\":\"https:\/\/secure.gravatar.com\/avatar\/42b01982558a48a0b501fdcab6a408d3717ea5919095ee2e67b0e521799c5905?s=96&d=mm&r=g\",\"caption\":\"Antalya K\u00f6rfez\"},\"sameAs\":[\"http:\/\/www.antalyakorfez.com\"],\"url\":\"https:\/\/www.antalyakorfez.com\/bakan-uraloglu-iran-haric-bolgedeki-hava-sahasi-kisitlamalari-kaldirildi\"}]}<\/script>\n<!-- \/ Yoast SEO Premium plugin. -->","yoast_head_json":{"title":"Bakan Uralo\u011flu: \"\u0130ran hari\u00e7 b\u00f6lgedeki hava sahas\u0131 k\u0131s\u0131tlamalar\u0131 kald\u0131r\u0131ld\u0131\" - Av. Deniz Can K\u0131z\u0131l","robots":{"index":"index","follow":"follow","max-snippet":"max-snippet:-1","max-image-preview":"max-image-preview:large","max-video-preview":"max-video-preview:-1"},"canonical":"http:\/\/denizcankizil.tr\/en\/haberler\/gundem\/bakan-uraloglu-iran-haric-bolgedeki-hava-sahasi-kisitlamalari-kaldirildi\/","og_locale":"en_GB","og_type":"article","og_title":"Bakan Uralo\u011flu: \"\u0130ran hari\u00e7 b\u00f6lgedeki hava sahas\u0131 k\u0131s\u0131tlamalar\u0131 kald\u0131r\u0131ld\u0131\"","og_description":"\u0130srail ve \u0130ran aras\u0131nda ya\u015fanan gerilimin ard\u0131ndan Orta Do\u011fu hava sahas\u0131nda uygulamaya al\u0131nan u\u00e7u\u015f k\u0131s\u0131tlamalar\u0131yla ilgili Ula\u015ft\u0131rma ve Altyap\u0131 Bakan\u0131 Abd\u00fclkadir Uralo\u011flu a\u00e7\u0131klamalarda bulundu. Bakan Uralo\u011flu, \u00e7at\u0131\u015fmalar nedeniyle bir s\u00fcredir kapal\u0131 olan b\u00f6lge \u00fclkelerinin hava sahalar\u0131n\u0131n yeniden a\u00e7\u0131ld\u0131\u011f\u0131n\u0131, \u0130ran d\u0131\u015f\u0131nda u\u00e7u\u015flar\u0131n b\u00fcy\u00fck \u00f6l\u00e7\u00fcde normale d\u00f6nd\u00fc\u011f\u00fcn\u00fc duyurdu. B\u00f6lgedeki T\u00fcrk u\u00e7aklar\u0131n\u0131n tahliyesiyle ilgili \u00e7al\u0131\u015fmalar\u0131n s\u00fcrd\u00fc\u011f\u00fcn\u00fc belirten Uralo\u011flu, \u0130ran&#8217;da mahsur kalan u\u00e7aklar\u0131n g\u00fcvenli \u015fekilde yurda d\u00f6nebilmesi i\u00e7in gerekli giri\u015fimlerin devam etti\u011fini s\u00f6yledi. HAVA SAHASI U\u00c7U\u015eLARA A\u00c7ILDI Ula\u015ft\u0131rma ve Altyap\u0131 Bakan\u0131 Abd\u00fclkadir Uralo\u011flu, \u0130srail ile \u0130ran aras\u0131nda ya\u015fanan \u00e7at\u0131\u015fmalar nedeniyle uygulamaya al\u0131nan hava sahas\u0131 k\u0131s\u0131tlamalar\u0131na ili\u015fkin \u00f6nemli a\u00e7\u0131klamalarda bulundu. Bakan Uralo\u011flu, 26 Haziran itibariyle Irak, Suriye, \u00dcrd\u00fcn, Beyrut, Suudi Arabistan, Katar, Bahreyn, Kuveyt ve Birle\u015fik Arap Emirlikleri&#8217;nin hava sahalar\u0131n\u0131n yeniden u\u00e7u\u015flara a\u00e7\u0131ld\u0131\u011f\u0131n\u0131 belirtti. Bakan Uralo\u011flu, &#8220;\u0130ran d\u0131\u015f\u0131nda b\u00f6lgede k\u0131s\u0131tl\u0131 bir alan kalm\u0131\u015ft\u0131r. Di\u011fer \u00fclkelerdeki hava sahas\u0131 k\u0131s\u0131tlamalar\u0131 kald\u0131r\u0131lm\u0131\u015ft\u0131r. Bu da havayolu ta\u015f\u0131mac\u0131l\u0131\u011f\u0131 a\u00e7\u0131s\u0131ndan kritik bir rahatlamad\u0131r&#8221; dedi. 7 U\u00c7AK \u0130RAN&#8217;DA BEKLEMEDE Bakan Uralo\u011flu, \u00e7at\u0131\u015fmalar s\u0131ras\u0131nda b\u00f6lgede kalan T\u00fcrk u\u00e7aklar\u0131n\u0131n tahliyesine y\u00f6nelik \u00e7al\u0131\u015fmalar\u0131n s\u00fcrd\u00fc\u011f\u00fcn\u00fc belirterek, &#8220;Irak&#8217;ta bulunan 4 u\u00e7a\u011f\u0131m\u0131z, d\u00fcn itibariyle sorunsuz bir \u015fekilde geri d\u00f6nm\u00fc\u015ft\u00fcr. Ancak \u0130ran&#8217;da Me\u015fhed d\u0131\u015f\u0131nda kalan b\u00f6lgelerde, \u00f6zellikle \u015eiraz ve Tahran&#8217;daki 7 u\u00e7a\u011f\u0131m\u0131z hen\u00fcz T\u00fcrkiye&#8217;ye d\u00f6nememi\u015ftir&#8221; a\u00e7\u0131klamalar\u0131nda bulundu. 2 TEMMUZ&#8217;A KADAR KISITLAMA S\u00dcR\u00dcYOR \u0130ran&#8217;daki u\u00e7u\u015f k\u0131s\u0131tlamalar\u0131n\u0131n 2 Temmuz \u00c7ar\u015famba g\u00fcn\u00fcne &hellip;","og_url":"http:\/\/denizcankizil.tr\/en\/haberler\/gundem\/bakan-uraloglu-iran-haric-bolgedeki-hava-sahasi-kisitlamalari-kaldirildi\/","og_site_name":"Av. Deniz Can K\u0131z\u0131l","article_published_time":"2025-06-26T13:41:20+00:00","author":"Antalya K\u00f6rfez","twitter_card":"summary_large_image","twitter_misc":{"Written by":"Antalya K\u00f6rfez","Estimated reading time":"2 minutes"},"schema":{"@context":"https:\/\/schema.org","@graph":[{"@type":"Article","@id":"http:\/\/denizcankizil.tr\/uk\/haberler\/gundem\/bakan-uraloglu-iran-haric-bolgedeki-hava-sahasi-kisitlamalari-kaldirildi\/#article","isPartOf":{"@id":"http:\/\/denizcankizil.tr\/uk\/haberler\/gundem\/bakan-uraloglu-iran-haric-bolgedeki-hava-sahasi-kisitlamalari-kaldirildi\/"},"author":{"name":"Antalya K\u00f6rfez","@id":"https:\/\/denizcankizil.tr\/de\/#\/schema\/person\/e1eb71bb4dd684d46563f0af307e1234"},"headline":"Bakan Uralo\u011flu: &#8220;\u0130ran hari\u00e7 b\u00f6lgedeki hava sahas\u0131 k\u0131s\u0131tlamalar\u0131 kald\u0131r\u0131ld\u0131&#8221;","datePublished":"2025-06-26T13:41:20+00:00","mainEntityOfPage":{"@id":"http:\/\/denizcankizil.tr\/uk\/haberler\/gundem\/bakan-uraloglu-iran-haric-bolgedeki-hava-sahasi-kisitlamalari-kaldirildi\/"},"wordCount":478,"publisher":{"@id":"https:\/\/denizcankizil.tr\/de\/#organization"},"articleSection":["G\u00fcndem"],"inLanguage":"en-GB"},{"@type":"WebPage","@id":"http:\/\/denizcankizil.tr\/uk\/haberler\/gundem\/bakan-uraloglu-iran-haric-bolgedeki-hava-sahasi-kisitlamalari-kaldirildi\/","url":"http:\/\/denizcankizil.tr\/uk\/haberler\/gundem\/bakan-uraloglu-iran-haric-bolgedeki-hava-sahasi-kisitlamalari-kaldirildi\/","name":"Bakan Uralo\u011flu: \"\u0130ran hari\u00e7 b\u00f6lgedeki hava sahas\u0131 k\u0131s\u0131tlamalar\u0131 kald\u0131r\u0131ld\u0131\" - Av. Deniz Can K\u0131z\u0131l","isPartOf":{"@id":"https:\/\/denizcankizil.tr\/de\/#website"},"datePublished":"2025-06-26T13:41:20+00:00","breadcrumb":{"@id":"http:\/\/denizcankizil.tr\/uk\/haberler\/gundem\/bakan-uraloglu-iran-haric-bolgedeki-hava-sahasi-kisitlamalari-kaldirildi\/#breadcrumb"},"inLanguage":"en-GB","potentialAction":[{"@type":"ReadAction","target":["http:\/\/denizcankizil.tr\/uk\/haberler\/gundem\/bakan-uraloglu-iran-haric-bolgedeki-hava-sahasi-kisitlamalari-kaldirildi\/"]}]},{"@type":"BreadcrumbList","@id":"http:\/\/denizcankizil.tr\/uk\/haberler\/gundem\/bakan-uraloglu-iran-haric-bolgedeki-hava-sahasi-kisitlamalari-kaldirildi\/#breadcrumb","itemListElement":[{"@type":"ListItem","position":1,"name":"Home","item":"https:\/\/denizcankizil.tr\/de\/"},{"@type":"ListItem","position":2,"name":"Bakan Uralo\u011flu: &#8220;\u0130ran hari\u00e7 b\u00f6lgedeki hava sahas\u0131 k\u0131s\u0131tlamalar\u0131 kald\u0131r\u0131ld\u0131&#8221;"}]},{"@type":"WebSite","@id":"https:\/\/denizcankizil.tr\/de\/#website","url":"https:\/\/denizcankizil.tr\/de\/","name":"Av. Deniz Can K\u0131z\u0131l","description":"Avukat Deniz Can K\u0131z\u0131l Antalya Barosu","publisher":{"@id":"https:\/\/denizcankizil.tr\/de\/#organization"},"potentialAction":[{"@type":"SearchAction","target":{"@type":"EntryPoint","urlTemplate":"https:\/\/denizcankizil.tr\/de\/?s={search_term_string}"},"query-input":{"@type":"PropertyValueSpecification","valueRequired":true,"valueName":"search_term_string"}}],"inLanguage":"en-GB"},{"@type":"Organization","@id":"https:\/\/denizcankizil.tr\/de\/#organization","name":"Av. Deniz Can K\u0131z\u0131l","url":"https:\/\/denizcankizil.tr\/de\/","logo":{"@type":"ImageObject","inLanguage":"en-GB","@id":"https:\/\/denizcankizil.tr\/de\/#\/schema\/logo\/image\/","url":"https:\/\/denizcankizil.tr\/wp-content\/uploads\/2024\/10\/siyah-logo-svg.svg","contentUrl":"https:\/\/denizcankizil.tr\/wp-content\/uploads\/2024\/10\/siyah-logo-svg.svg","width":1080,"height":1080,"caption":"Av. Deniz Can K\u0131z\u0131l"},"image":{"@id":"https:\/\/denizcankizil.tr\/de\/#\/schema\/logo\/image\/"}},{"@type":"Person","@id":"https:\/\/denizcankizil.tr\/de\/#\/schema\/person\/e1eb71bb4dd684d46563f0af307e1234","name":"Antalya K\u00f6rfez","image":{"@type":"ImageObject","inLanguage":"en-GB","@id":"https:\/\/denizcankizil.tr\/de\/#\/schema\/person\/image\/","url":"https:\/\/secure.gravatar.com\/avatar\/42b01982558a48a0b501fdcab6a408d3717ea5919095ee2e67b0e521799c5905?s=96&d=mm&r=g","contentUrl":"https:\/\/secure.gravatar.com\/avatar\/42b01982558a48a0b501fdcab6a408d3717ea5919095ee2e67b0e521799c5905?s=96&d=mm&r=g","caption":"Antalya K\u00f6rfez"},"sameAs":["http:\/\/www.antalyakorfez.com"],"url":"https:\/\/www.antalyakorfez.com\/bakan-uraloglu-iran-haric-bolgedeki-hava-sahasi-kisitlamalari-kaldirildi"}]}},"_links":{"self":[{"href":"https:\/\/denizcankizil.tr\/en\/wp-json\/wp\/v2\/posts\/127255","targetHints":{"allow":["GET"]}}],"collection":[{"href":"https:\/\/denizcankizil.tr\/en\/wp-json\/wp\/v2\/posts"}],"about":[{"href":"https:\/\/denizcankizil.tr\/en\/wp-json\/wp\/v2\/types\/post"}],"author":[{"embeddable":true,"href":"https:\/\/denizcankizil.tr\/en\/wp-json\/wp\/v2\/users\/5"}],"replies":[{"embeddable":true,"href":"https:\/\/denizcankizil.tr\/en\/wp-json\/wp\/v2\/comments?post=127255"}],"version-history":[{"count":0,"href":"https:\/\/denizcankizil.tr\/en\/wp-json\/wp\/v2\/posts\/127255\/revisions"}],"wp:attachment":[{"href":"https:\/\/denizcankizil.tr\/en\/wp-json\/wp\/v2\/media?parent=127255"}],"wp:term":[{"taxonomy":"category","embeddable":true,"href":"https:\/\/denizcankizil.tr\/en\/wp-json\/wp\/v2\/categories?post=127255"},{"taxonomy":"post_tag","embeddable":true,"href":"https:\/\/denizcankizil.tr\/en\/wp-json\/wp\/v2\/tags?post=127255"}],"curies":[{"name":"wp","href":"https:\/\/api.w.org\/{rel}","templated":true}]}}