{"id":126541,"date":"2025-06-25T23:41:17","date_gmt":"2025-06-25T20:41:17","guid":{"rendered":"https:\/\/denizcankizil.tr\/uncategorized-tr\/ak-parti-genel-baskani-yardimcisi-hasan-basri-yalcin-bodrumda-denizde-yaralandi\/"},"modified":"2025-06-25T23:41:17","modified_gmt":"2025-06-25T20:41:17","slug":"ak-parti-genel-baskani-yardimcisi-hasan-basri-yalcin-bodrumda-denizde-yaralandi","status":"publish","type":"post","link":"https:\/\/denizcankizil.tr\/en\/haberler\/gundem\/ak-parti-genel-baskani-yardimcisi-hasan-basri-yalcin-bodrumda-denizde-yaralandi\/","title":{"rendered":"AK Parti Genel Ba\u015fkan\u0131 Yard\u0131mc\u0131s\u0131 Hasan Basri Yal\u00e7\u0131n Bodrum&#8217;da denizde yaraland\u0131!"},"content":{"rendered":"<p>AK Parti Genel Ba\u015fkan Yard\u0131mc\u0131s\u0131 Hasan Basri Yal\u00e7\u0131n Bodrum&#8217;da deniz kazas\u0131 ge\u00e7irdi. Denizde d\u00fc\u015fme sonras\u0131 tekneyle karaya getirilen Yal\u00e7\u0131n, Bodrum Devlet Hastanesi&#8217;ne kald\u0131r\u0131ld\u0131. Yal\u00e7\u0131n&#8217;\u0131n hayat tehlikesinin bulunmad\u0131\u011f\u0131 \u00f6\u011frenildi. Olay\u0131n duyulmas\u0131n\u0131n ard\u0131ndan hastaneye, son yerel se\u00e7imlerde AK Parti Mu\u011fla B\u00fcy\u00fck\u015fehir Belediyesi Ba\u015fkan Aday\u0131 Prof. Dr. Ayd\u0131n Ayayd\u0131n, Bodrum Kaymakam\u0131 Mustafa \u00c7it, \u0130l\u00e7e Emniyet M\u00fcd\u00fcr\u00fc Mehmet Darendele ve partililer hastaneye geldi.<\/p>\n<p>YAL\u00c7IN, M\u00dc\u015eAHEDE ALTINA ALINDI<\/p>\n<p>Prof. Dr. Ayd\u0131n Ayayd\u0131n hastane \u00f6n\u00fcnde yapt\u0131\u011f\u0131 a\u00e7\u0131klamada, &#8220;AK Parti Genel Ba\u015fkan Yard\u0131mc\u0131m\u0131z bir kaza ge\u00e7irmi\u015ftir. Kaza sonras\u0131 Bodrum Devlet Hastanesi&#8217;ne nakledilmi\u015ftir. Acil serviste gerekli b\u00fct\u00fcn m\u00fcdahaleler yap\u0131lm\u0131\u015ft\u0131r. Hayati tehlikesi yoktur. Durumu gayet iyidir, bilinci yerindedir. Tetkikleri yap\u0131ld\u0131, \u015fu anda herhangi bir s\u0131k\u0131nt\u0131 yok. \u015eu anda odas\u0131nda m\u00fc\u015fahede alt\u0131nda tutuluyor&#8221; dedi.<\/p>\n<p>&#8220;OMURASINDA ZEDELENME VAR&#8221;<\/p>\n<p>Bodrum Devlet Hastanesi Ba\u015fhekimi Dr. O\u011fuz \u015eahin ise, &#8220;Hastam\u0131z d\u00fc\u015fme sonucu acil servimize ba\u015fvurdu. Gerekli tahlilleri tetkikleri yap\u0131ld\u0131. Bilinci a\u00e7\u0131k, gayet iyi. Omurgas\u0131nda bir zedelenme var, herhangi bir n\u00f6rolojik rahats\u0131zl\u0131\u011f\u0131 yok. \u015eu anda g\u00f6zlem alt\u0131nda, hayati tehlikesi bulunmuyor&#8221; diye konu\u015ftu.<\/p>\n<p>\u200bDenizde ya\u015fad\u0131\u011f\u0131 d\u00fc\u015fme sonucu hastaneye kald\u0131r\u0131lan AK Parti Genel Ba\u015fkan Yard\u0131mc\u0131s\u0131 Hasan Basri Yal\u00e7\u0131n&#8217;\u0131n sa\u011fl\u0131k durumunun iyi oldu\u011funu, omurgas\u0131nda zedelenme tespit edildi\u011fi ancak hayati tehlikesinin bulundu\u011fu a\u00e7\u0131klad\u0131. Yal\u00e7\u0131n m\u00fc\u015fahede alt\u0131nda tutuluyor.\u00a0<\/p>\n<p>\u200bHaberin Al\u0131nt\u0131land\u0131\u011f\u0131 Kaynak: www.antalyakorfez.com<\/p>","protected":false},"excerpt":{"rendered":"<p>AK Parti Genel Ba\u015fkan Yard\u0131mc\u0131s\u0131 Hasan Basri Yal\u00e7\u0131n Bodrum&#8217;da deniz kazas\u0131 ge\u00e7irdi. Denizde d\u00fc\u015fme sonras\u0131 tekneyle karaya getirilen Yal\u00e7\u0131n, Bodrum Devlet Hastanesi&#8217;ne kald\u0131r\u0131ld\u0131. Yal\u00e7\u0131n&#8217;\u0131n hayat tehlikesinin bulunmad\u0131\u011f\u0131 \u00f6\u011frenildi. Olay\u0131n duyulmas\u0131n\u0131n ard\u0131ndan hastaneye, son yerel se\u00e7imlerde AK Parti Mu\u011fla B\u00fcy\u00fck\u015fehir Belediyesi Ba\u015fkan Aday\u0131 Prof. Dr. Ayd\u0131n Ayayd\u0131n, Bodrum Kaymakam\u0131 Mustafa \u00c7it, \u0130l\u00e7e Emniyet M\u00fcd\u00fcr\u00fc Mehmet Darendele ve partililer hastaneye geldi. YAL\u00c7IN, M\u00dc\u015eAHEDE ALTINA ALINDI Prof. Dr. Ayd\u0131n Ayayd\u0131n hastane \u00f6n\u00fcnde yapt\u0131\u011f\u0131 a\u00e7\u0131klamada, &#8220;AK Parti Genel Ba\u015fkan Yard\u0131mc\u0131m\u0131z bir kaza ge\u00e7irmi\u015ftir. Kaza sonras\u0131 Bodrum Devlet Hastanesi&#8217;ne nakledilmi\u015ftir. Acil serviste gerekli b\u00fct\u00fcn m\u00fcdahaleler yap\u0131lm\u0131\u015ft\u0131r. Hayati tehlikesi yoktur. Durumu gayet iyidir, bilinci yerindedir. Tetkikleri yap\u0131ld\u0131, \u015fu anda herhangi bir s\u0131k\u0131nt\u0131 yok. \u015eu anda odas\u0131nda m\u00fc\u015fahede alt\u0131nda tutuluyor&#8221; dedi. &#8220;OMURASINDA ZEDELENME VAR&#8221; Bodrum Devlet Hastanesi Ba\u015fhekimi Dr. O\u011fuz \u015eahin ise, &#8220;Hastam\u0131z d\u00fc\u015fme sonucu acil servimize ba\u015fvurdu. Gerekli tahlilleri tetkikleri yap\u0131ld\u0131. Bilinci a\u00e7\u0131k, gayet iyi. Omurgas\u0131nda bir zedelenme var, herhangi bir n\u00f6rolojik rahats\u0131zl\u0131\u011f\u0131 yok. \u015eu anda g\u00f6zlem alt\u0131nda, hayati tehlikesi bulunmuyor&#8221; diye konu\u015ftu. \u200bDenizde ya\u015fad\u0131\u011f\u0131 d\u00fc\u015fme sonucu hastaneye kald\u0131r\u0131lan AK Parti Genel Ba\u015fkan Yard\u0131mc\u0131s\u0131 Hasan Basri Yal\u00e7\u0131n&#8217;\u0131n sa\u011fl\u0131k durumunun iyi oldu\u011funu, omurgas\u0131nda zedelenme tespit edildi\u011fi ancak hayati tehlikesinin bulundu\u011fu a\u00e7\u0131klad\u0131. Yal\u00e7\u0131n m\u00fc\u015fahede alt\u0131nda tutuluyor.\u00a0 \u200bHaberin Al\u0131nt\u0131land\u0131\u011f\u0131 Kaynak: www.antalyakorfez.com<\/p>","protected":false},"author":5,"featured_media":0,"comment_status":"","ping_status":"open","sticky":false,"template":"","format":"standard","meta":{"_acf_changed":false,"footnotes":""},"categories":[24],"tags":[],"class_list":["post-126541","post","type-post","status-publish","format-standard","has-post-thumbnail","hentry","category-gundem"],"acf":[],"yoast_head":"<!-- This site is optimized with the Yoast SEO Premium plugin v26.6 (Yoast SEO v27.1.1) - https:\/\/yoast.com\/product\/yoast-seo-premium-wordpress\/ -->\n<title>AK Parti Genel Ba\u015fkan\u0131 Yard\u0131mc\u0131s\u0131 Hasan Basri Yal\u00e7\u0131n Bodrum&#039;da denizde yaraland\u0131! - Av. Deniz Can K\u0131z\u0131l<\/title>\n<meta name=\"robots\" content=\"index, follow, max-snippet:-1, max-image-preview:large, max-video-preview:-1\" \/>\n<link rel=\"canonical\" href=\"https:\/\/denizcankizil.tr\/en\/haberler\/gundem\/ak-parti-genel-baskani-yardimcisi-hasan-basri-yalcin-bodrumda-denizde-yaralandi\/\" \/>\n<meta property=\"og:locale\" content=\"en_GB\" \/>\n<meta property=\"og:type\" content=\"article\" \/>\n<meta property=\"og:title\" content=\"AK Parti Genel Ba\u015fkan\u0131 Yard\u0131mc\u0131s\u0131 Hasan Basri Yal\u00e7\u0131n Bodrum&#039;da denizde yaraland\u0131!\" \/>\n<meta property=\"og:description\" content=\"AK Parti Genel Ba\u015fkan Yard\u0131mc\u0131s\u0131 Hasan Basri Yal\u00e7\u0131n Bodrum&#8217;da deniz kazas\u0131 ge\u00e7irdi. Denizde d\u00fc\u015fme sonras\u0131 tekneyle karaya getirilen Yal\u00e7\u0131n, Bodrum Devlet Hastanesi&#8217;ne kald\u0131r\u0131ld\u0131. Yal\u00e7\u0131n&#8217;\u0131n hayat tehlikesinin bulunmad\u0131\u011f\u0131 \u00f6\u011frenildi. Olay\u0131n duyulmas\u0131n\u0131n ard\u0131ndan hastaneye, son yerel se\u00e7imlerde AK Parti Mu\u011fla B\u00fcy\u00fck\u015fehir Belediyesi Ba\u015fkan Aday\u0131 Prof. Dr. Ayd\u0131n Ayayd\u0131n, Bodrum Kaymakam\u0131 Mustafa \u00c7it, \u0130l\u00e7e Emniyet M\u00fcd\u00fcr\u00fc Mehmet Darendele ve partililer hastaneye geldi. YAL\u00c7IN, M\u00dc\u015eAHEDE ALTINA ALINDI Prof. Dr. Ayd\u0131n Ayayd\u0131n hastane \u00f6n\u00fcnde yapt\u0131\u011f\u0131 a\u00e7\u0131klamada, &#8220;AK Parti Genel Ba\u015fkan Yard\u0131mc\u0131m\u0131z bir kaza ge\u00e7irmi\u015ftir. Kaza sonras\u0131 Bodrum Devlet Hastanesi&#8217;ne nakledilmi\u015ftir. Acil serviste gerekli b\u00fct\u00fcn m\u00fcdahaleler yap\u0131lm\u0131\u015ft\u0131r. Hayati tehlikesi yoktur. Durumu gayet iyidir, bilinci yerindedir. Tetkikleri yap\u0131ld\u0131, \u015fu anda herhangi bir s\u0131k\u0131nt\u0131 yok. \u015eu anda odas\u0131nda m\u00fc\u015fahede alt\u0131nda tutuluyor&#8221; dedi. &#8220;OMURASINDA ZEDELENME VAR&#8221; Bodrum Devlet Hastanesi Ba\u015fhekimi Dr. O\u011fuz \u015eahin ise, &#8220;Hastam\u0131z d\u00fc\u015fme sonucu acil servimize ba\u015fvurdu. Gerekli tahlilleri tetkikleri yap\u0131ld\u0131. Bilinci a\u00e7\u0131k, gayet iyi. Omurgas\u0131nda bir zedelenme var, herhangi bir n\u00f6rolojik rahats\u0131zl\u0131\u011f\u0131 yok. \u015eu anda g\u00f6zlem alt\u0131nda, hayati tehlikesi bulunmuyor&#8221; diye konu\u015ftu. \u200bDenizde ya\u015fad\u0131\u011f\u0131 d\u00fc\u015fme sonucu hastaneye kald\u0131r\u0131lan AK Parti Genel Ba\u015fkan Yard\u0131mc\u0131s\u0131 Hasan Basri Yal\u00e7\u0131n&#8217;\u0131n sa\u011fl\u0131k durumunun iyi oldu\u011funu, omurgas\u0131nda zedelenme tespit edildi\u011fi ancak hayati tehlikesinin bulundu\u011fu a\u00e7\u0131klad\u0131. Yal\u00e7\u0131n m\u00fc\u015fahede alt\u0131nda tutuluyor.\u00a0 \u200bHaberin Al\u0131nt\u0131land\u0131\u011f\u0131 Kaynak: www.antalyakorfez.com\" \/>\n<meta property=\"og:url\" content=\"https:\/\/denizcankizil.tr\/en\/haberler\/gundem\/ak-parti-genel-baskani-yardimcisi-hasan-basri-yalcin-bodrumda-denizde-yaralandi\/\" \/>\n<meta property=\"og:site_name\" content=\"Av. Deniz Can K\u0131z\u0131l\" \/>\n<meta property=\"article:published_time\" content=\"2025-06-25T20:41:17+00:00\" \/>\n<meta name=\"author\" content=\"Antalya K\u00f6rfez\" \/>\n<meta name=\"twitter:card\" content=\"summary_large_image\" \/>\n<meta name=\"twitter:label1\" content=\"Written by\" \/>\n\t<meta name=\"twitter:data1\" content=\"Antalya K\u00f6rfez\" \/>\n\t<meta name=\"twitter:label2\" content=\"Estimated reading time\" \/>\n\t<meta name=\"twitter:data2\" content=\"1 minute\" \/>\n<script type=\"application\/ld+json\" class=\"yoast-schema-graph\">{\"@context\":\"https:\/\/schema.org\",\"@graph\":[{\"@type\":\"Article\",\"@id\":\"https:\/\/denizcankizil.tr\/en\/haberler\/gundem\/ak-parti-genel-baskani-yardimcisi-hasan-basri-yalcin-bodrumda-denizde-yaralandi\/#article\",\"isPartOf\":{\"@id\":\"https:\/\/denizcankizil.tr\/en\/haberler\/gundem\/ak-parti-genel-baskani-yardimcisi-hasan-basri-yalcin-bodrumda-denizde-yaralandi\/\"},\"author\":{\"name\":\"Antalya K\u00f6rfez\",\"@id\":\"https:\/\/denizcankizil.tr\/#\/schema\/person\/e1eb71bb4dd684d46563f0af307e1234\"},\"headline\":\"AK Parti Genel Ba\u015fkan\u0131 Yard\u0131mc\u0131s\u0131 Hasan Basri Yal\u00e7\u0131n Bodrum&#8217;da denizde yaraland\u0131!\",\"datePublished\":\"2025-06-25T20:41:17+00:00\",\"mainEntityOfPage\":{\"@id\":\"https:\/\/denizcankizil.tr\/en\/haberler\/gundem\/ak-parti-genel-baskani-yardimcisi-hasan-basri-yalcin-bodrumda-denizde-yaralandi\/\"},\"wordCount\":298,\"publisher\":{\"@id\":\"https:\/\/denizcankizil.tr\/#organization\"},\"articleSection\":[\"G\u00fcndem\"],\"inLanguage\":\"en-GB\"},{\"@type\":\"WebPage\",\"@id\":\"https:\/\/denizcankizil.tr\/en\/haberler\/gundem\/ak-parti-genel-baskani-yardimcisi-hasan-basri-yalcin-bodrumda-denizde-yaralandi\/\",\"url\":\"https:\/\/denizcankizil.tr\/en\/haberler\/gundem\/ak-parti-genel-baskani-yardimcisi-hasan-basri-yalcin-bodrumda-denizde-yaralandi\/\",\"name\":\"AK Parti Genel Ba\u015fkan\u0131 Yard\u0131mc\u0131s\u0131 Hasan Basri Yal\u00e7\u0131n Bodrum'da denizde yaraland\u0131! - Av. Deniz Can K\u0131z\u0131l\",\"isPartOf\":{\"@id\":\"https:\/\/denizcankizil.tr\/#website\"},\"datePublished\":\"2025-06-25T20:41:17+00:00\",\"breadcrumb\":{\"@id\":\"https:\/\/denizcankizil.tr\/en\/haberler\/gundem\/ak-parti-genel-baskani-yardimcisi-hasan-basri-yalcin-bodrumda-denizde-yaralandi\/#breadcrumb\"},\"inLanguage\":\"en-GB\",\"potentialAction\":[{\"@type\":\"ReadAction\",\"target\":[\"https:\/\/denizcankizil.tr\/en\/haberler\/gundem\/ak-parti-genel-baskani-yardimcisi-hasan-basri-yalcin-bodrumda-denizde-yaralandi\/\"]}]},{\"@type\":\"BreadcrumbList\",\"@id\":\"https:\/\/denizcankizil.tr\/en\/haberler\/gundem\/ak-parti-genel-baskani-yardimcisi-hasan-basri-yalcin-bodrumda-denizde-yaralandi\/#breadcrumb\",\"itemListElement\":[{\"@type\":\"ListItem\",\"position\":1,\"name\":\"Home\",\"item\":\"https:\/\/denizcankizil.tr\/de\/\"},{\"@type\":\"ListItem\",\"position\":2,\"name\":\"AK Parti Genel Ba\u015fkan\u0131 Yard\u0131mc\u0131s\u0131 Hasan Basri Yal\u00e7\u0131n Bodrum&#8217;da denizde yaraland\u0131!\"}]},{\"@type\":\"WebSite\",\"@id\":\"https:\/\/denizcankizil.tr\/#website\",\"url\":\"https:\/\/denizcankizil.tr\/\",\"name\":\"Av. Deniz Can K\u0131z\u0131l\",\"description\":\"Avukat Deniz Can K\u0131z\u0131l Antalya Barosu\",\"publisher\":{\"@id\":\"https:\/\/denizcankizil.tr\/#organization\"},\"potentialAction\":[{\"@type\":\"SearchAction\",\"target\":{\"@type\":\"EntryPoint\",\"urlTemplate\":\"https:\/\/denizcankizil.tr\/?s={search_term_string}\"},\"query-input\":{\"@type\":\"PropertyValueSpecification\",\"valueRequired\":true,\"valueName\":\"search_term_string\"}}],\"inLanguage\":\"en-GB\"},{\"@type\":\"Organization\",\"@id\":\"https:\/\/denizcankizil.tr\/#organization\",\"name\":\"Av. Deniz Can K\u0131z\u0131l\",\"url\":\"https:\/\/denizcankizil.tr\/\",\"logo\":{\"@type\":\"ImageObject\",\"inLanguage\":\"en-GB\",\"@id\":\"https:\/\/denizcankizil.tr\/#\/schema\/logo\/image\/\",\"url\":\"https:\/\/denizcankizil.tr\/wp-content\/uploads\/2024\/10\/siyah-logo-svg.svg\",\"contentUrl\":\"https:\/\/denizcankizil.tr\/wp-content\/uploads\/2024\/10\/siyah-logo-svg.svg\",\"width\":1080,\"height\":1080,\"caption\":\"Av. Deniz Can K\u0131z\u0131l\"},\"image\":{\"@id\":\"https:\/\/denizcankizil.tr\/#\/schema\/logo\/image\/\"}},{\"@type\":\"Person\",\"@id\":\"https:\/\/denizcankizil.tr\/#\/schema\/person\/e1eb71bb4dd684d46563f0af307e1234\",\"name\":\"Antalya K\u00f6rfez\",\"image\":{\"@type\":\"ImageObject\",\"inLanguage\":\"en-GB\",\"@id\":\"https:\/\/denizcankizil.tr\/#\/schema\/person\/image\/\",\"url\":\"https:\/\/secure.gravatar.com\/avatar\/42b01982558a48a0b501fdcab6a408d3717ea5919095ee2e67b0e521799c5905?s=96&d=mm&r=g\",\"contentUrl\":\"https:\/\/secure.gravatar.com\/avatar\/42b01982558a48a0b501fdcab6a408d3717ea5919095ee2e67b0e521799c5905?s=96&d=mm&r=g\",\"caption\":\"Antalya K\u00f6rfez\"},\"sameAs\":[\"http:\/\/www.antalyakorfez.com\"],\"url\":\"https:\/\/www.antalyakorfez.com\/ak-parti-genel-baskani-yardimcisi-hasan-basri-yalcin-bodrumda-denizde-yaralandi\"}]}<\/script>\n<!-- \/ Yoast SEO Premium plugin. -->","yoast_head_json":{"title":"AK Parti Genel Ba\u015fkan\u0131 Yard\u0131mc\u0131s\u0131 Hasan Basri Yal\u00e7\u0131n Bodrum'da denizde yaraland\u0131! - Av. Deniz Can K\u0131z\u0131l","robots":{"index":"index","follow":"follow","max-snippet":"max-snippet:-1","max-image-preview":"max-image-preview:large","max-video-preview":"max-video-preview:-1"},"canonical":"https:\/\/denizcankizil.tr\/en\/haberler\/gundem\/ak-parti-genel-baskani-yardimcisi-hasan-basri-yalcin-bodrumda-denizde-yaralandi\/","og_locale":"en_GB","og_type":"article","og_title":"AK Parti Genel Ba\u015fkan\u0131 Yard\u0131mc\u0131s\u0131 Hasan Basri Yal\u00e7\u0131n Bodrum'da denizde yaraland\u0131!","og_description":"AK Parti Genel Ba\u015fkan Yard\u0131mc\u0131s\u0131 Hasan Basri Yal\u00e7\u0131n Bodrum&#8217;da deniz kazas\u0131 ge\u00e7irdi. Denizde d\u00fc\u015fme sonras\u0131 tekneyle karaya getirilen Yal\u00e7\u0131n, Bodrum Devlet Hastanesi&#8217;ne kald\u0131r\u0131ld\u0131. Yal\u00e7\u0131n&#8217;\u0131n hayat tehlikesinin bulunmad\u0131\u011f\u0131 \u00f6\u011frenildi. Olay\u0131n duyulmas\u0131n\u0131n ard\u0131ndan hastaneye, son yerel se\u00e7imlerde AK Parti Mu\u011fla B\u00fcy\u00fck\u015fehir Belediyesi Ba\u015fkan Aday\u0131 Prof. Dr. Ayd\u0131n Ayayd\u0131n, Bodrum Kaymakam\u0131 Mustafa \u00c7it, \u0130l\u00e7e Emniyet M\u00fcd\u00fcr\u00fc Mehmet Darendele ve partililer hastaneye geldi. YAL\u00c7IN, M\u00dc\u015eAHEDE ALTINA ALINDI Prof. Dr. Ayd\u0131n Ayayd\u0131n hastane \u00f6n\u00fcnde yapt\u0131\u011f\u0131 a\u00e7\u0131klamada, &#8220;AK Parti Genel Ba\u015fkan Yard\u0131mc\u0131m\u0131z bir kaza ge\u00e7irmi\u015ftir. Kaza sonras\u0131 Bodrum Devlet Hastanesi&#8217;ne nakledilmi\u015ftir. Acil serviste gerekli b\u00fct\u00fcn m\u00fcdahaleler yap\u0131lm\u0131\u015ft\u0131r. Hayati tehlikesi yoktur. Durumu gayet iyidir, bilinci yerindedir. Tetkikleri yap\u0131ld\u0131, \u015fu anda herhangi bir s\u0131k\u0131nt\u0131 yok. \u015eu anda odas\u0131nda m\u00fc\u015fahede alt\u0131nda tutuluyor&#8221; dedi. &#8220;OMURASINDA ZEDELENME VAR&#8221; Bodrum Devlet Hastanesi Ba\u015fhekimi Dr. O\u011fuz \u015eahin ise, &#8220;Hastam\u0131z d\u00fc\u015fme sonucu acil servimize ba\u015fvurdu. Gerekli tahlilleri tetkikleri yap\u0131ld\u0131. Bilinci a\u00e7\u0131k, gayet iyi. Omurgas\u0131nda bir zedelenme var, herhangi bir n\u00f6rolojik rahats\u0131zl\u0131\u011f\u0131 yok. \u015eu anda g\u00f6zlem alt\u0131nda, hayati tehlikesi bulunmuyor&#8221; diye konu\u015ftu. \u200bDenizde ya\u015fad\u0131\u011f\u0131 d\u00fc\u015fme sonucu hastaneye kald\u0131r\u0131lan AK Parti Genel Ba\u015fkan Yard\u0131mc\u0131s\u0131 Hasan Basri Yal\u00e7\u0131n&#8217;\u0131n sa\u011fl\u0131k durumunun iyi oldu\u011funu, omurgas\u0131nda zedelenme tespit edildi\u011fi ancak hayati tehlikesinin bulundu\u011fu a\u00e7\u0131klad\u0131. Yal\u00e7\u0131n m\u00fc\u015fahede alt\u0131nda tutuluyor.\u00a0 \u200bHaberin Al\u0131nt\u0131land\u0131\u011f\u0131 Kaynak: www.antalyakorfez.com","og_url":"https:\/\/denizcankizil.tr\/en\/haberler\/gundem\/ak-parti-genel-baskani-yardimcisi-hasan-basri-yalcin-bodrumda-denizde-yaralandi\/","og_site_name":"Av. Deniz Can K\u0131z\u0131l","article_published_time":"2025-06-25T20:41:17+00:00","author":"Antalya K\u00f6rfez","twitter_card":"summary_large_image","twitter_misc":{"Written by":"Antalya K\u00f6rfez","Estimated reading time":"1 minute"},"schema":{"@context":"https:\/\/schema.org","@graph":[{"@type":"Article","@id":"https:\/\/denizcankizil.tr\/en\/haberler\/gundem\/ak-parti-genel-baskani-yardimcisi-hasan-basri-yalcin-bodrumda-denizde-yaralandi\/#article","isPartOf":{"@id":"https:\/\/denizcankizil.tr\/en\/haberler\/gundem\/ak-parti-genel-baskani-yardimcisi-hasan-basri-yalcin-bodrumda-denizde-yaralandi\/"},"author":{"name":"Antalya K\u00f6rfez","@id":"https:\/\/denizcankizil.tr\/#\/schema\/person\/e1eb71bb4dd684d46563f0af307e1234"},"headline":"AK Parti Genel Ba\u015fkan\u0131 Yard\u0131mc\u0131s\u0131 Hasan Basri Yal\u00e7\u0131n Bodrum&#8217;da denizde yaraland\u0131!","datePublished":"2025-06-25T20:41:17+00:00","mainEntityOfPage":{"@id":"https:\/\/denizcankizil.tr\/en\/haberler\/gundem\/ak-parti-genel-baskani-yardimcisi-hasan-basri-yalcin-bodrumda-denizde-yaralandi\/"},"wordCount":298,"publisher":{"@id":"https:\/\/denizcankizil.tr\/#organization"},"articleSection":["G\u00fcndem"],"inLanguage":"en-GB"},{"@type":"WebPage","@id":"https:\/\/denizcankizil.tr\/en\/haberler\/gundem\/ak-parti-genel-baskani-yardimcisi-hasan-basri-yalcin-bodrumda-denizde-yaralandi\/","url":"https:\/\/denizcankizil.tr\/en\/haberler\/gundem\/ak-parti-genel-baskani-yardimcisi-hasan-basri-yalcin-bodrumda-denizde-yaralandi\/","name":"AK Parti Genel Ba\u015fkan\u0131 Yard\u0131mc\u0131s\u0131 Hasan Basri Yal\u00e7\u0131n Bodrum'da denizde yaraland\u0131! - Av. Deniz Can K\u0131z\u0131l","isPartOf":{"@id":"https:\/\/denizcankizil.tr\/#website"},"datePublished":"2025-06-25T20:41:17+00:00","breadcrumb":{"@id":"https:\/\/denizcankizil.tr\/en\/haberler\/gundem\/ak-parti-genel-baskani-yardimcisi-hasan-basri-yalcin-bodrumda-denizde-yaralandi\/#breadcrumb"},"inLanguage":"en-GB","potentialAction":[{"@type":"ReadAction","target":["https:\/\/denizcankizil.tr\/en\/haberler\/gundem\/ak-parti-genel-baskani-yardimcisi-hasan-basri-yalcin-bodrumda-denizde-yaralandi\/"]}]},{"@type":"BreadcrumbList","@id":"https:\/\/denizcankizil.tr\/en\/haberler\/gundem\/ak-parti-genel-baskani-yardimcisi-hasan-basri-yalcin-bodrumda-denizde-yaralandi\/#breadcrumb","itemListElement":[{"@type":"ListItem","position":1,"name":"Home","item":"https:\/\/denizcankizil.tr\/de\/"},{"@type":"ListItem","position":2,"name":"AK Parti Genel Ba\u015fkan\u0131 Yard\u0131mc\u0131s\u0131 Hasan Basri Yal\u00e7\u0131n Bodrum&#8217;da denizde yaraland\u0131!"}]},{"@type":"WebSite","@id":"https:\/\/denizcankizil.tr\/#website","url":"https:\/\/denizcankizil.tr\/","name":"Av. Deniz Can K\u0131z\u0131l","description":"Avukat Deniz Can K\u0131z\u0131l Antalya Barosu","publisher":{"@id":"https:\/\/denizcankizil.tr\/#organization"},"potentialAction":[{"@type":"SearchAction","target":{"@type":"EntryPoint","urlTemplate":"https:\/\/denizcankizil.tr\/?s={search_term_string}"},"query-input":{"@type":"PropertyValueSpecification","valueRequired":true,"valueName":"search_term_string"}}],"inLanguage":"en-GB"},{"@type":"Organization","@id":"https:\/\/denizcankizil.tr\/#organization","name":"Av. Deniz Can K\u0131z\u0131l","url":"https:\/\/denizcankizil.tr\/","logo":{"@type":"ImageObject","inLanguage":"en-GB","@id":"https:\/\/denizcankizil.tr\/#\/schema\/logo\/image\/","url":"https:\/\/denizcankizil.tr\/wp-content\/uploads\/2024\/10\/siyah-logo-svg.svg","contentUrl":"https:\/\/denizcankizil.tr\/wp-content\/uploads\/2024\/10\/siyah-logo-svg.svg","width":1080,"height":1080,"caption":"Av. Deniz Can K\u0131z\u0131l"},"image":{"@id":"https:\/\/denizcankizil.tr\/#\/schema\/logo\/image\/"}},{"@type":"Person","@id":"https:\/\/denizcankizil.tr\/#\/schema\/person\/e1eb71bb4dd684d46563f0af307e1234","name":"Antalya K\u00f6rfez","image":{"@type":"ImageObject","inLanguage":"en-GB","@id":"https:\/\/denizcankizil.tr\/#\/schema\/person\/image\/","url":"https:\/\/secure.gravatar.com\/avatar\/42b01982558a48a0b501fdcab6a408d3717ea5919095ee2e67b0e521799c5905?s=96&d=mm&r=g","contentUrl":"https:\/\/secure.gravatar.com\/avatar\/42b01982558a48a0b501fdcab6a408d3717ea5919095ee2e67b0e521799c5905?s=96&d=mm&r=g","caption":"Antalya K\u00f6rfez"},"sameAs":["http:\/\/www.antalyakorfez.com"],"url":"https:\/\/www.antalyakorfez.com\/ak-parti-genel-baskani-yardimcisi-hasan-basri-yalcin-bodrumda-denizde-yaralandi"}]}},"_links":{"self":[{"href":"https:\/\/denizcankizil.tr\/en\/wp-json\/wp\/v2\/posts\/126541","targetHints":{"allow":["GET"]}}],"collection":[{"href":"https:\/\/denizcankizil.tr\/en\/wp-json\/wp\/v2\/posts"}],"about":[{"href":"https:\/\/denizcankizil.tr\/en\/wp-json\/wp\/v2\/types\/post"}],"author":[{"embeddable":true,"href":"https:\/\/denizcankizil.tr\/en\/wp-json\/wp\/v2\/users\/5"}],"replies":[{"embeddable":true,"href":"https:\/\/denizcankizil.tr\/en\/wp-json\/wp\/v2\/comments?post=126541"}],"version-history":[{"count":0,"href":"https:\/\/denizcankizil.tr\/en\/wp-json\/wp\/v2\/posts\/126541\/revisions"}],"wp:attachment":[{"href":"https:\/\/denizcankizil.tr\/en\/wp-json\/wp\/v2\/media?parent=126541"}],"wp:term":[{"taxonomy":"category","embeddable":true,"href":"https:\/\/denizcankizil.tr\/en\/wp-json\/wp\/v2\/categories?post=126541"},{"taxonomy":"post_tag","embeddable":true,"href":"https:\/\/denizcankizil.tr\/en\/wp-json\/wp\/v2\/tags?post=126541"}],"curies":[{"name":"wp","href":"https:\/\/api.w.org\/{rel}","templated":true}]}}