{"id":126391,"date":"2025-06-25T18:42:16","date_gmt":"2025-06-25T15:42:16","guid":{"rendered":"https:\/\/denizcankizil.tr\/uncategorized-tr\/bakan-yerlikayadan-muhtarlara-ziyaret\/"},"modified":"2025-06-25T18:42:16","modified_gmt":"2025-06-25T15:42:16","slug":"bakan-yerlikayadan-muhtarlara-ziyaret","status":"publish","type":"post","link":"https:\/\/denizcankizil.tr\/en\/haberler\/gundem\/bakan-yerlikayadan-muhtarlara-ziyaret\/","title":{"rendered":"Bakan Yerlikaya\u2019dan muhtarlara ziyaret"},"content":{"rendered":"<p>\u0130\u00e7i\u015fleri Bakan\u0131 Ali Yerlikaya, T\u00fcrkiye Muhtarlar Federasyonu Genel Ba\u015fkan\u0131 Kadir Delibalta ve y\u00f6netim kurulunu ziyaret ederek, muhtarlar\u0131n millet iradesinin ve dayan\u0131\u015fma ruhunun temsilcisi oldu\u011funu vurgulad\u0131.ANKARA (\u0130GFA) &#8211; \u0130\u00e7i\u015fleri Bakan\u0131 Ali Yerlikaya, T\u00fcrkiye Muhtarlar Federasyonu Genel Ba\u015fkan\u0131 Kadir Delibalta ve y\u00f6netim kurulunu ziyaret etti. Ziyarette, muhtarlar\u0131n toplumsal birlik ve dayan\u0131\u015fmadaki kritik rol\u00fc konu\u015fuldu.<br \/>\nBakan Yerlikaya, muhtarlar\u0131n \u201cmillet iradesinin tecellisi\u201d ve \u201cbirlik, beraberlik ile dayan\u0131\u015fma ruhunun somutla\u015fm\u0131\u015f bir tezah\u00fcr\u00fc\u201d oldu\u011funu ifade etti.<br \/>\nMuhtarlar\u0131n, halk ile devlet aras\u0131nda k\u00f6pr\u00fc vazifesi g\u00f6rd\u00fc\u011f\u00fcn\u00fc vurgulayan Yerlikaya, onlar\u0131n demokrasinin temel ta\u015flar\u0131ndan biri oldu\u011funu belirtti.<\/p>\n<p>Bakan Yerlikaya, ziyaretteki s\u0131cak ve samimi ev sahipli\u011fi i\u00e7in Genel Ba\u015fkan Kadir Delibalta ve y\u00f6netim kuruluna te\u015fekk\u00fcrlerini sundu.<br \/>\nZiyaret, muhtarlarla i\u015f birli\u011fini g\u00fc\u00e7lendirme ve yerel y\u00f6netimlerin rol\u00fcn\u00fc destekleme mesaj\u0131yla sona erdi.<\/p>\n<p>\u200b\u0130\u00e7i\u015fleri Bakan\u0131 Ali Yerlikaya, T\u00fcrkiye Muhtarlar Federasyonu Genel Ba\u015fkan\u0131 Kadir Delibalta ve y\u00f6netim kurulunu ziyaret ederek, muhtarlar\u0131n millet iradesinin ve dayan\u0131\u015fma ruhunun temsilcisi oldu\u011funu vurgulad\u0131.ANKARA (\u0130GFA) &#8211; \u0130\u00e7i\u015fleri Bakan\u0131 Ali Yerlikaya, T\u00fcrkiye Muhtarlar Federasyonu Genel Ba\u015fkan\u0131 Kadir Delibalta ve y\u00f6netim kurulunu ziyaret etti. Ziyarette, muhtarlar\u0131n toplumsal birlik ve dayan\u0131\u015fmadaki kritik rol\u00fc konu\u015fuldu.<br \/>\nBakan Yerlikaya, muhtarlar\u0131n \u201cmillet iradesinin tecellisi\u201d ve \u201cbirlik, beraberlik ile dayan\u0131\u015fma ruhunun somutla\u015fm\u0131\u015f bir tezah\u00fcr\u00fc\u201d oldu\u011funu ifade etti.<br \/>\nMuhtarlar\u0131n, halk ile devlet aras\u0131nda k\u00f6pr\u00fc vazifesi g\u00f6rd\u00fc\u011f\u00fcn\u00fc vurgulayan Yerlikaya, onlar\u0131n demokrasinin temel ta\u015flar\u0131ndan biri oldu\u011funu belirtti.<\/p>\n<p>Bakan Yerlikaya, ziyaretteki s\u0131cak ve samimi ev sahipli\u011fi i\u00e7in Genel Ba\u015fkan Kadir Delibalta ve y\u00f6netim kuruluna te\u015fekk\u00fcrlerini sundu.<br \/>\nZiyaret, muhtarlarla i\u015f birli\u011fini g\u00fc\u00e7lendirme ve yerel y\u00f6netimlerin rol\u00fcn\u00fc destekleme mesaj\u0131yla sona erdi.\u00a0<\/p>\n<p>\u200bHaberin Al\u0131nt\u0131land\u0131\u011f\u0131 Kaynak: www.iskenderun.org<\/p>","protected":false},"excerpt":{"rendered":"<p>\u0130\u00e7i\u015fleri Bakan\u0131 Ali Yerlikaya, T\u00fcrkiye Muhtarlar Federasyonu Genel Ba\u015fkan\u0131 Kadir Delibalta ve y\u00f6netim kurulunu ziyaret ederek, muhtarlar\u0131n millet iradesinin ve dayan\u0131\u015fma ruhunun temsilcisi oldu\u011funu vurgulad\u0131.ANKARA (\u0130GFA) &#8211; \u0130\u00e7i\u015fleri Bakan\u0131 Ali Yerlikaya, T\u00fcrkiye Muhtarlar Federasyonu Genel Ba\u015fkan\u0131 Kadir Delibalta ve y\u00f6netim kurulunu ziyaret etti. Ziyarette, muhtarlar\u0131n toplumsal birlik ve dayan\u0131\u015fmadaki kritik rol\u00fc konu\u015fuldu. Bakan Yerlikaya, muhtarlar\u0131n \u201cmillet iradesinin tecellisi\u201d ve \u201cbirlik, beraberlik ile dayan\u0131\u015fma ruhunun somutla\u015fm\u0131\u015f bir tezah\u00fcr\u00fc\u201d oldu\u011funu ifade etti. Muhtarlar\u0131n, halk ile devlet aras\u0131nda k\u00f6pr\u00fc vazifesi g\u00f6rd\u00fc\u011f\u00fcn\u00fc vurgulayan Yerlikaya, onlar\u0131n demokrasinin temel ta\u015flar\u0131ndan biri oldu\u011funu belirtti. Bakan Yerlikaya, ziyaretteki s\u0131cak ve samimi ev sahipli\u011fi i\u00e7in Genel Ba\u015fkan Kadir Delibalta ve y\u00f6netim kuruluna te\u015fekk\u00fcrlerini sundu. Ziyaret, muhtarlarla i\u015f birli\u011fini g\u00fc\u00e7lendirme ve yerel y\u00f6netimlerin rol\u00fcn\u00fc destekleme mesaj\u0131yla sona erdi. \u200b\u0130\u00e7i\u015fleri Bakan\u0131 Ali Yerlikaya, T\u00fcrkiye Muhtarlar Federasyonu Genel Ba\u015fkan\u0131 Kadir Delibalta ve y\u00f6netim kurulunu ziyaret ederek, muhtarlar\u0131n millet iradesinin ve dayan\u0131\u015fma ruhunun temsilcisi oldu\u011funu vurgulad\u0131.ANKARA (\u0130GFA) &#8211; \u0130\u00e7i\u015fleri Bakan\u0131 Ali Yerlikaya, T\u00fcrkiye Muhtarlar Federasyonu Genel Ba\u015fkan\u0131 Kadir Delibalta ve y\u00f6netim kurulunu ziyaret etti. Ziyarette, muhtarlar\u0131n toplumsal birlik ve dayan\u0131\u015fmadaki kritik rol\u00fc konu\u015fuldu. Bakan Yerlikaya, muhtarlar\u0131n \u201cmillet iradesinin tecellisi\u201d ve \u201cbirlik, beraberlik ile dayan\u0131\u015fma ruhunun somutla\u015fm\u0131\u015f bir tezah\u00fcr\u00fc\u201d oldu\u011funu ifade etti. Muhtarlar\u0131n, halk ile devlet aras\u0131nda k\u00f6pr\u00fc vazifesi g\u00f6rd\u00fc\u011f\u00fcn\u00fc vurgulayan Yerlikaya, onlar\u0131n demokrasinin &hellip;<\/p>","protected":false},"author":1,"featured_media":0,"comment_status":"","ping_status":"open","sticky":false,"template":"","format":"standard","meta":{"_acf_changed":false,"footnotes":""},"categories":[24],"tags":[],"class_list":["post-126391","post","type-post","status-publish","format-standard","has-post-thumbnail","hentry","category-gundem"],"acf":[],"yoast_head":"<!-- This site is optimized with the Yoast SEO Premium plugin v26.6 (Yoast SEO v27.1.1) - https:\/\/yoast.com\/product\/yoast-seo-premium-wordpress\/ -->\n<title>Bakan Yerlikaya\u2019dan muhtarlara ziyaret - Av. Deniz Can K\u0131z\u0131l<\/title>\n<meta name=\"robots\" content=\"index, follow, max-snippet:-1, max-image-preview:large, max-video-preview:-1\" \/>\n<link rel=\"canonical\" href=\"https:\/\/denizcankizil.tr\/en\/haberler\/gundem\/bakan-yerlikayadan-muhtarlara-ziyaret\/\" \/>\n<meta property=\"og:locale\" content=\"en_GB\" \/>\n<meta property=\"og:type\" content=\"article\" \/>\n<meta property=\"og:title\" content=\"Bakan Yerlikaya\u2019dan muhtarlara ziyaret\" \/>\n<meta property=\"og:description\" content=\"\u0130\u00e7i\u015fleri Bakan\u0131 Ali Yerlikaya, T\u00fcrkiye Muhtarlar Federasyonu Genel Ba\u015fkan\u0131 Kadir Delibalta ve y\u00f6netim kurulunu ziyaret ederek, muhtarlar\u0131n millet iradesinin ve dayan\u0131\u015fma ruhunun temsilcisi oldu\u011funu vurgulad\u0131.ANKARA (\u0130GFA) &#8211; \u0130\u00e7i\u015fleri Bakan\u0131 Ali Yerlikaya, T\u00fcrkiye Muhtarlar Federasyonu Genel Ba\u015fkan\u0131 Kadir Delibalta ve y\u00f6netim kurulunu ziyaret etti. Ziyarette, muhtarlar\u0131n toplumsal birlik ve dayan\u0131\u015fmadaki kritik rol\u00fc konu\u015fuldu. Bakan Yerlikaya, muhtarlar\u0131n \u201cmillet iradesinin tecellisi\u201d ve \u201cbirlik, beraberlik ile dayan\u0131\u015fma ruhunun somutla\u015fm\u0131\u015f bir tezah\u00fcr\u00fc\u201d oldu\u011funu ifade etti. Muhtarlar\u0131n, halk ile devlet aras\u0131nda k\u00f6pr\u00fc vazifesi g\u00f6rd\u00fc\u011f\u00fcn\u00fc vurgulayan Yerlikaya, onlar\u0131n demokrasinin temel ta\u015flar\u0131ndan biri oldu\u011funu belirtti. Bakan Yerlikaya, ziyaretteki s\u0131cak ve samimi ev sahipli\u011fi i\u00e7in Genel Ba\u015fkan Kadir Delibalta ve y\u00f6netim kuruluna te\u015fekk\u00fcrlerini sundu. Ziyaret, muhtarlarla i\u015f birli\u011fini g\u00fc\u00e7lendirme ve yerel y\u00f6netimlerin rol\u00fcn\u00fc destekleme mesaj\u0131yla sona erdi. \u200b\u0130\u00e7i\u015fleri Bakan\u0131 Ali Yerlikaya, T\u00fcrkiye Muhtarlar Federasyonu Genel Ba\u015fkan\u0131 Kadir Delibalta ve y\u00f6netim kurulunu ziyaret ederek, muhtarlar\u0131n millet iradesinin ve dayan\u0131\u015fma ruhunun temsilcisi oldu\u011funu vurgulad\u0131.ANKARA (\u0130GFA) &#8211; \u0130\u00e7i\u015fleri Bakan\u0131 Ali Yerlikaya, T\u00fcrkiye Muhtarlar Federasyonu Genel Ba\u015fkan\u0131 Kadir Delibalta ve y\u00f6netim kurulunu ziyaret etti. Ziyarette, muhtarlar\u0131n toplumsal birlik ve dayan\u0131\u015fmadaki kritik rol\u00fc konu\u015fuldu. Bakan Yerlikaya, muhtarlar\u0131n \u201cmillet iradesinin tecellisi\u201d ve \u201cbirlik, beraberlik ile dayan\u0131\u015fma ruhunun somutla\u015fm\u0131\u015f bir tezah\u00fcr\u00fc\u201d oldu\u011funu ifade etti. Muhtarlar\u0131n, halk ile devlet aras\u0131nda k\u00f6pr\u00fc vazifesi g\u00f6rd\u00fc\u011f\u00fcn\u00fc vurgulayan Yerlikaya, onlar\u0131n demokrasinin &hellip;\" \/>\n<meta property=\"og:url\" content=\"https:\/\/denizcankizil.tr\/en\/haberler\/gundem\/bakan-yerlikayadan-muhtarlara-ziyaret\/\" \/>\n<meta property=\"og:site_name\" content=\"Av. Deniz Can K\u0131z\u0131l\" \/>\n<meta property=\"article:published_time\" content=\"2025-06-25T15:42:16+00:00\" \/>\n<meta name=\"author\" content=\"admin\" \/>\n<meta name=\"twitter:card\" content=\"summary_large_image\" \/>\n<meta name=\"twitter:label1\" content=\"Written by\" \/>\n\t<meta name=\"twitter:data1\" content=\"admin\" \/>\n\t<meta name=\"twitter:label2\" content=\"Estimated reading time\" \/>\n\t<meta name=\"twitter:data2\" content=\"2 minutes\" \/>\n<script type=\"application\/ld+json\" class=\"yoast-schema-graph\">{\"@context\":\"https:\/\/schema.org\",\"@graph\":[{\"@type\":\"Article\",\"@id\":\"https:\/\/denizcankizil.tr\/en\/haberler\/gundem\/bakan-yerlikayadan-muhtarlara-ziyaret\/#article\",\"isPartOf\":{\"@id\":\"https:\/\/denizcankizil.tr\/en\/haberler\/gundem\/bakan-yerlikayadan-muhtarlara-ziyaret\/\"},\"author\":{\"name\":\"admin\",\"@id\":\"https:\/\/denizcankizil.tr\/de\/#\/schema\/person\/be3c05fe6a12686905512445d8185489\"},\"headline\":\"Bakan Yerlikaya\u2019dan muhtarlara ziyaret\",\"datePublished\":\"2025-06-25T15:42:16+00:00\",\"mainEntityOfPage\":{\"@id\":\"https:\/\/denizcankizil.tr\/en\/haberler\/gundem\/bakan-yerlikayadan-muhtarlara-ziyaret\/\"},\"wordCount\":331,\"publisher\":{\"@id\":\"https:\/\/denizcankizil.tr\/de\/#organization\"},\"articleSection\":[\"G\u00fcndem\"],\"inLanguage\":\"en-GB\"},{\"@type\":\"WebPage\",\"@id\":\"https:\/\/denizcankizil.tr\/en\/haberler\/gundem\/bakan-yerlikayadan-muhtarlara-ziyaret\/\",\"url\":\"https:\/\/denizcankizil.tr\/en\/haberler\/gundem\/bakan-yerlikayadan-muhtarlara-ziyaret\/\",\"name\":\"Bakan Yerlikaya\u2019dan muhtarlara ziyaret - Av. Deniz Can K\u0131z\u0131l\",\"isPartOf\":{\"@id\":\"https:\/\/denizcankizil.tr\/de\/#website\"},\"datePublished\":\"2025-06-25T15:42:16+00:00\",\"breadcrumb\":{\"@id\":\"https:\/\/denizcankizil.tr\/en\/haberler\/gundem\/bakan-yerlikayadan-muhtarlara-ziyaret\/#breadcrumb\"},\"inLanguage\":\"en-GB\",\"potentialAction\":[{\"@type\":\"ReadAction\",\"target\":[\"https:\/\/denizcankizil.tr\/en\/haberler\/gundem\/bakan-yerlikayadan-muhtarlara-ziyaret\/\"]}]},{\"@type\":\"BreadcrumbList\",\"@id\":\"https:\/\/denizcankizil.tr\/en\/haberler\/gundem\/bakan-yerlikayadan-muhtarlara-ziyaret\/#breadcrumb\",\"itemListElement\":[{\"@type\":\"ListItem\",\"position\":1,\"name\":\"Home\",\"item\":\"https:\/\/denizcankizil.tr\/de\/\"},{\"@type\":\"ListItem\",\"position\":2,\"name\":\"Bakan Yerlikaya\u2019dan muhtarlara ziyaret\"}]},{\"@type\":\"WebSite\",\"@id\":\"https:\/\/denizcankizil.tr\/de\/#website\",\"url\":\"https:\/\/denizcankizil.tr\/de\/\",\"name\":\"Av. Deniz Can K\u0131z\u0131l\",\"description\":\"Avukat Deniz Can K\u0131z\u0131l Antalya Barosu\",\"publisher\":{\"@id\":\"https:\/\/denizcankizil.tr\/de\/#organization\"},\"potentialAction\":[{\"@type\":\"SearchAction\",\"target\":{\"@type\":\"EntryPoint\",\"urlTemplate\":\"https:\/\/denizcankizil.tr\/de\/?s={search_term_string}\"},\"query-input\":{\"@type\":\"PropertyValueSpecification\",\"valueRequired\":true,\"valueName\":\"search_term_string\"}}],\"inLanguage\":\"en-GB\"},{\"@type\":\"Organization\",\"@id\":\"https:\/\/denizcankizil.tr\/de\/#organization\",\"name\":\"Av. Deniz Can K\u0131z\u0131l\",\"url\":\"https:\/\/denizcankizil.tr\/de\/\",\"logo\":{\"@type\":\"ImageObject\",\"inLanguage\":\"en-GB\",\"@id\":\"https:\/\/denizcankizil.tr\/de\/#\/schema\/logo\/image\/\",\"url\":\"https:\/\/denizcankizil.tr\/wp-content\/uploads\/2024\/10\/siyah-logo-svg.svg\",\"contentUrl\":\"https:\/\/denizcankizil.tr\/wp-content\/uploads\/2024\/10\/siyah-logo-svg.svg\",\"width\":1080,\"height\":1080,\"caption\":\"Av. Deniz Can K\u0131z\u0131l\"},\"image\":{\"@id\":\"https:\/\/denizcankizil.tr\/de\/#\/schema\/logo\/image\/\"}},{\"@type\":\"Person\",\"@id\":\"https:\/\/denizcankizil.tr\/de\/#\/schema\/person\/be3c05fe6a12686905512445d8185489\",\"name\":\"admin\",\"image\":{\"@type\":\"ImageObject\",\"inLanguage\":\"en-GB\",\"@id\":\"https:\/\/denizcankizil.tr\/de\/#\/schema\/person\/image\/\",\"url\":\"https:\/\/secure.gravatar.com\/avatar\/c1fce94c830dc79107e174f890d7210541c4a63e8e5d816341794a2151c9d58c?s=96&d=mm&r=g\",\"contentUrl\":\"https:\/\/secure.gravatar.com\/avatar\/c1fce94c830dc79107e174f890d7210541c4a63e8e5d816341794a2151c9d58c?s=96&d=mm&r=g\",\"caption\":\"admin\"},\"sameAs\":[\"http:\/\/denizcankizil.tr\"],\"url\":\"https:\/\/www.iskenderun.org\/bakan-yerlikayadan-muhtarlara-ziyaret\"}]}<\/script>\n<!-- \/ Yoast SEO Premium plugin. -->","yoast_head_json":{"title":"Bakan Yerlikaya\u2019dan muhtarlara ziyaret - Av. Deniz Can K\u0131z\u0131l","robots":{"index":"index","follow":"follow","max-snippet":"max-snippet:-1","max-image-preview":"max-image-preview:large","max-video-preview":"max-video-preview:-1"},"canonical":"https:\/\/denizcankizil.tr\/en\/haberler\/gundem\/bakan-yerlikayadan-muhtarlara-ziyaret\/","og_locale":"en_GB","og_type":"article","og_title":"Bakan Yerlikaya\u2019dan muhtarlara ziyaret","og_description":"\u0130\u00e7i\u015fleri Bakan\u0131 Ali Yerlikaya, T\u00fcrkiye Muhtarlar Federasyonu Genel Ba\u015fkan\u0131 Kadir Delibalta ve y\u00f6netim kurulunu ziyaret ederek, muhtarlar\u0131n millet iradesinin ve dayan\u0131\u015fma ruhunun temsilcisi oldu\u011funu vurgulad\u0131.ANKARA (\u0130GFA) &#8211; \u0130\u00e7i\u015fleri Bakan\u0131 Ali Yerlikaya, T\u00fcrkiye Muhtarlar Federasyonu Genel Ba\u015fkan\u0131 Kadir Delibalta ve y\u00f6netim kurulunu ziyaret etti. Ziyarette, muhtarlar\u0131n toplumsal birlik ve dayan\u0131\u015fmadaki kritik rol\u00fc konu\u015fuldu. Bakan Yerlikaya, muhtarlar\u0131n \u201cmillet iradesinin tecellisi\u201d ve \u201cbirlik, beraberlik ile dayan\u0131\u015fma ruhunun somutla\u015fm\u0131\u015f bir tezah\u00fcr\u00fc\u201d oldu\u011funu ifade etti. Muhtarlar\u0131n, halk ile devlet aras\u0131nda k\u00f6pr\u00fc vazifesi g\u00f6rd\u00fc\u011f\u00fcn\u00fc vurgulayan Yerlikaya, onlar\u0131n demokrasinin temel ta\u015flar\u0131ndan biri oldu\u011funu belirtti. Bakan Yerlikaya, ziyaretteki s\u0131cak ve samimi ev sahipli\u011fi i\u00e7in Genel Ba\u015fkan Kadir Delibalta ve y\u00f6netim kuruluna te\u015fekk\u00fcrlerini sundu. Ziyaret, muhtarlarla i\u015f birli\u011fini g\u00fc\u00e7lendirme ve yerel y\u00f6netimlerin rol\u00fcn\u00fc destekleme mesaj\u0131yla sona erdi. \u200b\u0130\u00e7i\u015fleri Bakan\u0131 Ali Yerlikaya, T\u00fcrkiye Muhtarlar Federasyonu Genel Ba\u015fkan\u0131 Kadir Delibalta ve y\u00f6netim kurulunu ziyaret ederek, muhtarlar\u0131n millet iradesinin ve dayan\u0131\u015fma ruhunun temsilcisi oldu\u011funu vurgulad\u0131.ANKARA (\u0130GFA) &#8211; \u0130\u00e7i\u015fleri Bakan\u0131 Ali Yerlikaya, T\u00fcrkiye Muhtarlar Federasyonu Genel Ba\u015fkan\u0131 Kadir Delibalta ve y\u00f6netim kurulunu ziyaret etti. Ziyarette, muhtarlar\u0131n toplumsal birlik ve dayan\u0131\u015fmadaki kritik rol\u00fc konu\u015fuldu. Bakan Yerlikaya, muhtarlar\u0131n \u201cmillet iradesinin tecellisi\u201d ve \u201cbirlik, beraberlik ile dayan\u0131\u015fma ruhunun somutla\u015fm\u0131\u015f bir tezah\u00fcr\u00fc\u201d oldu\u011funu ifade etti. Muhtarlar\u0131n, halk ile devlet aras\u0131nda k\u00f6pr\u00fc vazifesi g\u00f6rd\u00fc\u011f\u00fcn\u00fc vurgulayan Yerlikaya, onlar\u0131n demokrasinin &hellip;","og_url":"https:\/\/denizcankizil.tr\/en\/haberler\/gundem\/bakan-yerlikayadan-muhtarlara-ziyaret\/","og_site_name":"Av. Deniz Can K\u0131z\u0131l","article_published_time":"2025-06-25T15:42:16+00:00","author":"admin","twitter_card":"summary_large_image","twitter_misc":{"Written by":"admin","Estimated reading time":"2 minutes"},"schema":{"@context":"https:\/\/schema.org","@graph":[{"@type":"Article","@id":"https:\/\/denizcankizil.tr\/en\/haberler\/gundem\/bakan-yerlikayadan-muhtarlara-ziyaret\/#article","isPartOf":{"@id":"https:\/\/denizcankizil.tr\/en\/haberler\/gundem\/bakan-yerlikayadan-muhtarlara-ziyaret\/"},"author":{"name":"admin","@id":"https:\/\/denizcankizil.tr\/de\/#\/schema\/person\/be3c05fe6a12686905512445d8185489"},"headline":"Bakan Yerlikaya\u2019dan muhtarlara ziyaret","datePublished":"2025-06-25T15:42:16+00:00","mainEntityOfPage":{"@id":"https:\/\/denizcankizil.tr\/en\/haberler\/gundem\/bakan-yerlikayadan-muhtarlara-ziyaret\/"},"wordCount":331,"publisher":{"@id":"https:\/\/denizcankizil.tr\/de\/#organization"},"articleSection":["G\u00fcndem"],"inLanguage":"en-GB"},{"@type":"WebPage","@id":"https:\/\/denizcankizil.tr\/en\/haberler\/gundem\/bakan-yerlikayadan-muhtarlara-ziyaret\/","url":"https:\/\/denizcankizil.tr\/en\/haberler\/gundem\/bakan-yerlikayadan-muhtarlara-ziyaret\/","name":"Bakan Yerlikaya\u2019dan muhtarlara ziyaret - Av. Deniz Can K\u0131z\u0131l","isPartOf":{"@id":"https:\/\/denizcankizil.tr\/de\/#website"},"datePublished":"2025-06-25T15:42:16+00:00","breadcrumb":{"@id":"https:\/\/denizcankizil.tr\/en\/haberler\/gundem\/bakan-yerlikayadan-muhtarlara-ziyaret\/#breadcrumb"},"inLanguage":"en-GB","potentialAction":[{"@type":"ReadAction","target":["https:\/\/denizcankizil.tr\/en\/haberler\/gundem\/bakan-yerlikayadan-muhtarlara-ziyaret\/"]}]},{"@type":"BreadcrumbList","@id":"https:\/\/denizcankizil.tr\/en\/haberler\/gundem\/bakan-yerlikayadan-muhtarlara-ziyaret\/#breadcrumb","itemListElement":[{"@type":"ListItem","position":1,"name":"Home","item":"https:\/\/denizcankizil.tr\/de\/"},{"@type":"ListItem","position":2,"name":"Bakan Yerlikaya\u2019dan muhtarlara ziyaret"}]},{"@type":"WebSite","@id":"https:\/\/denizcankizil.tr\/de\/#website","url":"https:\/\/denizcankizil.tr\/de\/","name":"Av. Deniz Can K\u0131z\u0131l","description":"Avukat Deniz Can K\u0131z\u0131l Antalya Barosu","publisher":{"@id":"https:\/\/denizcankizil.tr\/de\/#organization"},"potentialAction":[{"@type":"SearchAction","target":{"@type":"EntryPoint","urlTemplate":"https:\/\/denizcankizil.tr\/de\/?s={search_term_string}"},"query-input":{"@type":"PropertyValueSpecification","valueRequired":true,"valueName":"search_term_string"}}],"inLanguage":"en-GB"},{"@type":"Organization","@id":"https:\/\/denizcankizil.tr\/de\/#organization","name":"Av. Deniz Can K\u0131z\u0131l","url":"https:\/\/denizcankizil.tr\/de\/","logo":{"@type":"ImageObject","inLanguage":"en-GB","@id":"https:\/\/denizcankizil.tr\/de\/#\/schema\/logo\/image\/","url":"https:\/\/denizcankizil.tr\/wp-content\/uploads\/2024\/10\/siyah-logo-svg.svg","contentUrl":"https:\/\/denizcankizil.tr\/wp-content\/uploads\/2024\/10\/siyah-logo-svg.svg","width":1080,"height":1080,"caption":"Av. Deniz Can K\u0131z\u0131l"},"image":{"@id":"https:\/\/denizcankizil.tr\/de\/#\/schema\/logo\/image\/"}},{"@type":"Person","@id":"https:\/\/denizcankizil.tr\/de\/#\/schema\/person\/be3c05fe6a12686905512445d8185489","name":"admin","image":{"@type":"ImageObject","inLanguage":"en-GB","@id":"https:\/\/denizcankizil.tr\/de\/#\/schema\/person\/image\/","url":"https:\/\/secure.gravatar.com\/avatar\/c1fce94c830dc79107e174f890d7210541c4a63e8e5d816341794a2151c9d58c?s=96&d=mm&r=g","contentUrl":"https:\/\/secure.gravatar.com\/avatar\/c1fce94c830dc79107e174f890d7210541c4a63e8e5d816341794a2151c9d58c?s=96&d=mm&r=g","caption":"admin"},"sameAs":["http:\/\/denizcankizil.tr"],"url":"https:\/\/www.iskenderun.org\/bakan-yerlikayadan-muhtarlara-ziyaret"}]}},"_links":{"self":[{"href":"https:\/\/denizcankizil.tr\/en\/wp-json\/wp\/v2\/posts\/126391","targetHints":{"allow":["GET"]}}],"collection":[{"href":"https:\/\/denizcankizil.tr\/en\/wp-json\/wp\/v2\/posts"}],"about":[{"href":"https:\/\/denizcankizil.tr\/en\/wp-json\/wp\/v2\/types\/post"}],"author":[{"embeddable":true,"href":"https:\/\/denizcankizil.tr\/en\/wp-json\/wp\/v2\/users\/1"}],"replies":[{"embeddable":true,"href":"https:\/\/denizcankizil.tr\/en\/wp-json\/wp\/v2\/comments?post=126391"}],"version-history":[{"count":0,"href":"https:\/\/denizcankizil.tr\/en\/wp-json\/wp\/v2\/posts\/126391\/revisions"}],"wp:attachment":[{"href":"https:\/\/denizcankizil.tr\/en\/wp-json\/wp\/v2\/media?parent=126391"}],"wp:term":[{"taxonomy":"category","embeddable":true,"href":"https:\/\/denizcankizil.tr\/en\/wp-json\/wp\/v2\/categories?post=126391"},{"taxonomy":"post_tag","embeddable":true,"href":"https:\/\/denizcankizil.tr\/en\/wp-json\/wp\/v2\/tags?post=126391"}],"curies":[{"name":"wp","href":"https:\/\/api.w.org\/{rel}","templated":true}]}}