{"id":12628,"date":"2024-11-04T19:43:03","date_gmt":"2024-11-04T16:43:03","guid":{"rendered":"https:\/\/denizcankizil.tr\/uncategorized-tr\/izkitap-hafta-sonunda-on-binleri-agirladi\/"},"modified":"2024-11-04T19:43:03","modified_gmt":"2024-11-04T16:43:03","slug":"izkitap-hafta-sonunda-on-binleri-agirladi","status":"publish","type":"post","link":"https:\/\/denizcankizil.tr\/en\/haberler\/gundem\/izkitap-hafta-sonunda-on-binleri-agirladi\/","title":{"rendered":"\u0130ZK\u0130TAP hafta sonunda on binleri a\u011f\u0131rlad\u0131"},"content":{"rendered":"<p>\u0130ZK\u0130TAP-4. \u0130zmir Kitap Fuar\u0131, hafta sonu edebiyat ve sinema d\u00fcnyas\u0131ndan birbirinden de\u011ferli isimleri bir araya getirdi. Her ya\u015ftan ziyaret\u00e7inin yer ald\u0131\u011f\u0131 fuar kapsam\u0131ndaki s\u00f6yle\u015fi ve imza etkinliklerine ilgi b\u00fcy\u00fckt\u00fc.<\/p>\n<p>\u200b\u0130ZK\u0130TAP-4. \u0130zmir Kitap Fuar\u0131, hafta sonu edebiyat ve sinema d\u00fcnyas\u0131ndan birbirinden de\u011ferli isimleri bir araya getirdi. Her ya\u015ftan ziyaret\u00e7inin yer ald\u0131\u011f\u0131 fuar kapsam\u0131ndaki s\u00f6yle\u015fi ve imza etkinliklerine ilgi b\u00fcy\u00fckt\u00fc.\u00a0<\/p>\n<p>\u200bHaberin Al\u0131nt\u0131land\u0131\u011f\u0131 Kaynak: www.iskenderun.org<\/p>","protected":false},"excerpt":{"rendered":"<p>\u0130ZK\u0130TAP-4. \u0130zmir Kitap Fuar\u0131, hafta sonu edebiyat ve sinema d\u00fcnyas\u0131ndan birbirinden de\u011ferli isimleri bir araya getirdi. Her ya\u015ftan ziyaret\u00e7inin yer ald\u0131\u011f\u0131 fuar kapsam\u0131ndaki s\u00f6yle\u015fi ve imza etkinliklerine ilgi b\u00fcy\u00fckt\u00fc. \u200b\u0130ZK\u0130TAP-4. \u0130zmir Kitap Fuar\u0131, hafta sonu edebiyat ve sinema d\u00fcnyas\u0131ndan birbirinden de\u011ferli isimleri bir araya getirdi. Her ya\u015ftan ziyaret\u00e7inin yer ald\u0131\u011f\u0131 fuar kapsam\u0131ndaki s\u00f6yle\u015fi ve imza etkinliklerine ilgi b\u00fcy\u00fckt\u00fc.\u00a0 \u200bHaberin Al\u0131nt\u0131land\u0131\u011f\u0131 Kaynak: www.iskenderun.org<\/p>","protected":false},"author":0,"featured_media":0,"comment_status":"open","ping_status":"open","sticky":false,"template":"","format":"standard","meta":{"_acf_changed":false,"footnotes":""},"categories":[24,535],"tags":[],"class_list":["post-12628","post","type-post","status-publish","format-standard","has-post-thumbnail","hentry","category-gundem","category-uncategorized-tr"],"acf":[],"yoast_head":"<!-- This site is optimized with the Yoast SEO Premium plugin v26.6 (Yoast SEO v27.1.1) - https:\/\/yoast.com\/product\/yoast-seo-premium-wordpress\/ -->\n<title>\u0130ZK\u0130TAP hafta sonunda on binleri a\u011f\u0131rlad\u0131 - Av. Deniz Can K\u0131z\u0131l<\/title>\n<meta name=\"robots\" content=\"index, follow, max-snippet:-1, max-image-preview:large, max-video-preview:-1\" \/>\n<link rel=\"canonical\" href=\"https:\/\/denizcankizil.tr\/en\/haberler\/gundem\/izkitap-hafta-sonunda-on-binleri-agirladi\/\" \/>\n<meta property=\"og:locale\" content=\"en_GB\" \/>\n<meta property=\"og:type\" content=\"article\" \/>\n<meta property=\"og:title\" content=\"\u0130ZK\u0130TAP hafta sonunda on binleri a\u011f\u0131rlad\u0131\" \/>\n<meta property=\"og:description\" content=\"\u0130ZK\u0130TAP-4. \u0130zmir Kitap Fuar\u0131, hafta sonu edebiyat ve sinema d\u00fcnyas\u0131ndan birbirinden de\u011ferli isimleri bir araya getirdi. Her ya\u015ftan ziyaret\u00e7inin yer ald\u0131\u011f\u0131 fuar kapsam\u0131ndaki s\u00f6yle\u015fi ve imza etkinliklerine ilgi b\u00fcy\u00fckt\u00fc. \u200b\u0130ZK\u0130TAP-4. \u0130zmir Kitap Fuar\u0131, hafta sonu edebiyat ve sinema d\u00fcnyas\u0131ndan birbirinden de\u011ferli isimleri bir araya getirdi. Her ya\u015ftan ziyaret\u00e7inin yer ald\u0131\u011f\u0131 fuar kapsam\u0131ndaki s\u00f6yle\u015fi ve imza etkinliklerine ilgi b\u00fcy\u00fckt\u00fc.\u00a0 \u200bHaberin Al\u0131nt\u0131land\u0131\u011f\u0131 Kaynak: www.iskenderun.org\" \/>\n<meta property=\"og:url\" content=\"https:\/\/denizcankizil.tr\/en\/haberler\/gundem\/izkitap-hafta-sonunda-on-binleri-agirladi\/\" \/>\n<meta property=\"og:site_name\" content=\"Av. Deniz Can K\u0131z\u0131l\" \/>\n<meta property=\"article:published_time\" content=\"2024-11-04T16:43:03+00:00\" \/>\n<meta name=\"twitter:card\" content=\"summary_large_image\" \/>\n<script type=\"application\/ld+json\" class=\"yoast-schema-graph\">{\"@context\":\"https:\/\/schema.org\",\"@graph\":[{\"@type\":\"Article\",\"@id\":\"https:\/\/denizcankizil.tr\/en\/haberler\/gundem\/izkitap-hafta-sonunda-on-binleri-agirladi\/#article\",\"isPartOf\":{\"@id\":\"https:\/\/denizcankizil.tr\/en\/haberler\/gundem\/izkitap-hafta-sonunda-on-binleri-agirladi\/\"},\"author\":{\"name\":\"\",\"@id\":\"\"},\"headline\":\"\u0130ZK\u0130TAP hafta sonunda on binleri a\u011f\u0131rlad\u0131\",\"datePublished\":\"2024-11-04T16:43:03+00:00\",\"mainEntityOfPage\":{\"@id\":\"https:\/\/denizcankizil.tr\/en\/haberler\/gundem\/izkitap-hafta-sonunda-on-binleri-agirladi\/\"},\"wordCount\":96,\"commentCount\":0,\"publisher\":{\"@id\":\"https:\/\/denizcankizil.tr\/#organization\"},\"articleSection\":[\"G\u00fcndem\",\"Uncategorized\"],\"inLanguage\":\"en-GB\",\"potentialAction\":[{\"@type\":\"CommentAction\",\"name\":\"Comment\",\"target\":[\"https:\/\/denizcankizil.tr\/en\/haberler\/gundem\/izkitap-hafta-sonunda-on-binleri-agirladi\/#respond\"]}]},{\"@type\":\"WebPage\",\"@id\":\"https:\/\/denizcankizil.tr\/en\/haberler\/gundem\/izkitap-hafta-sonunda-on-binleri-agirladi\/\",\"url\":\"https:\/\/denizcankizil.tr\/en\/haberler\/gundem\/izkitap-hafta-sonunda-on-binleri-agirladi\/\",\"name\":\"\u0130ZK\u0130TAP hafta sonunda on binleri a\u011f\u0131rlad\u0131 - Av. Deniz Can K\u0131z\u0131l\",\"isPartOf\":{\"@id\":\"https:\/\/denizcankizil.tr\/#website\"},\"datePublished\":\"2024-11-04T16:43:03+00:00\",\"breadcrumb\":{\"@id\":\"https:\/\/denizcankizil.tr\/en\/haberler\/gundem\/izkitap-hafta-sonunda-on-binleri-agirladi\/#breadcrumb\"},\"inLanguage\":\"en-GB\",\"potentialAction\":[{\"@type\":\"ReadAction\",\"target\":[\"https:\/\/denizcankizil.tr\/en\/haberler\/gundem\/izkitap-hafta-sonunda-on-binleri-agirladi\/\"]}]},{\"@type\":\"BreadcrumbList\",\"@id\":\"https:\/\/denizcankizil.tr\/en\/haberler\/gundem\/izkitap-hafta-sonunda-on-binleri-agirladi\/#breadcrumb\",\"itemListElement\":[{\"@type\":\"ListItem\",\"position\":1,\"name\":\"Home\",\"item\":\"https:\/\/denizcankizil.tr\/de\/\"},{\"@type\":\"ListItem\",\"position\":2,\"name\":\"\u0130ZK\u0130TAP hafta sonunda on binleri a\u011f\u0131rlad\u0131\"}]},{\"@type\":\"WebSite\",\"@id\":\"https:\/\/denizcankizil.tr\/#website\",\"url\":\"https:\/\/denizcankizil.tr\/\",\"name\":\"Av. Deniz Can K\u0131z\u0131l\",\"description\":\"Avukat Deniz Can K\u0131z\u0131l Antalya Barosu\",\"publisher\":{\"@id\":\"https:\/\/denizcankizil.tr\/#organization\"},\"potentialAction\":[{\"@type\":\"SearchAction\",\"target\":{\"@type\":\"EntryPoint\",\"urlTemplate\":\"https:\/\/denizcankizil.tr\/?s={search_term_string}\"},\"query-input\":{\"@type\":\"PropertyValueSpecification\",\"valueRequired\":true,\"valueName\":\"search_term_string\"}}],\"inLanguage\":\"en-GB\"},{\"@type\":\"Organization\",\"@id\":\"https:\/\/denizcankizil.tr\/#organization\",\"name\":\"Av. Deniz Can K\u0131z\u0131l\",\"url\":\"https:\/\/denizcankizil.tr\/\",\"logo\":{\"@type\":\"ImageObject\",\"inLanguage\":\"en-GB\",\"@id\":\"https:\/\/denizcankizil.tr\/#\/schema\/logo\/image\/\",\"url\":\"https:\/\/denizcankizil.tr\/wp-content\/uploads\/2024\/10\/siyah-logo-svg.svg\",\"contentUrl\":\"https:\/\/denizcankizil.tr\/wp-content\/uploads\/2024\/10\/siyah-logo-svg.svg\",\"width\":1080,\"height\":1080,\"caption\":\"Av. Deniz Can K\u0131z\u0131l\"},\"image\":{\"@id\":\"https:\/\/denizcankizil.tr\/#\/schema\/logo\/image\/\"}}]}<\/script>\n<!-- \/ Yoast SEO Premium plugin. -->","yoast_head_json":{"title":"\u0130ZK\u0130TAP hafta sonunda on binleri a\u011f\u0131rlad\u0131 - Av. Deniz Can K\u0131z\u0131l","robots":{"index":"index","follow":"follow","max-snippet":"max-snippet:-1","max-image-preview":"max-image-preview:large","max-video-preview":"max-video-preview:-1"},"canonical":"https:\/\/denizcankizil.tr\/en\/haberler\/gundem\/izkitap-hafta-sonunda-on-binleri-agirladi\/","og_locale":"en_GB","og_type":"article","og_title":"\u0130ZK\u0130TAP hafta sonunda on binleri a\u011f\u0131rlad\u0131","og_description":"\u0130ZK\u0130TAP-4. \u0130zmir Kitap Fuar\u0131, hafta sonu edebiyat ve sinema d\u00fcnyas\u0131ndan birbirinden de\u011ferli isimleri bir araya getirdi. Her ya\u015ftan ziyaret\u00e7inin yer ald\u0131\u011f\u0131 fuar kapsam\u0131ndaki s\u00f6yle\u015fi ve imza etkinliklerine ilgi b\u00fcy\u00fckt\u00fc. \u200b\u0130ZK\u0130TAP-4. \u0130zmir Kitap Fuar\u0131, hafta sonu edebiyat ve sinema d\u00fcnyas\u0131ndan birbirinden de\u011ferli isimleri bir araya getirdi. Her ya\u015ftan ziyaret\u00e7inin yer ald\u0131\u011f\u0131 fuar kapsam\u0131ndaki s\u00f6yle\u015fi ve imza etkinliklerine ilgi b\u00fcy\u00fckt\u00fc.\u00a0 \u200bHaberin Al\u0131nt\u0131land\u0131\u011f\u0131 Kaynak: www.iskenderun.org","og_url":"https:\/\/denizcankizil.tr\/en\/haberler\/gundem\/izkitap-hafta-sonunda-on-binleri-agirladi\/","og_site_name":"Av. Deniz Can K\u0131z\u0131l","article_published_time":"2024-11-04T16:43:03+00:00","twitter_card":"summary_large_image","schema":{"@context":"https:\/\/schema.org","@graph":[{"@type":"Article","@id":"https:\/\/denizcankizil.tr\/en\/haberler\/gundem\/izkitap-hafta-sonunda-on-binleri-agirladi\/#article","isPartOf":{"@id":"https:\/\/denizcankizil.tr\/en\/haberler\/gundem\/izkitap-hafta-sonunda-on-binleri-agirladi\/"},"author":{"name":"","@id":""},"headline":"\u0130ZK\u0130TAP hafta sonunda on binleri a\u011f\u0131rlad\u0131","datePublished":"2024-11-04T16:43:03+00:00","mainEntityOfPage":{"@id":"https:\/\/denizcankizil.tr\/en\/haberler\/gundem\/izkitap-hafta-sonunda-on-binleri-agirladi\/"},"wordCount":96,"commentCount":0,"publisher":{"@id":"https:\/\/denizcankizil.tr\/#organization"},"articleSection":["G\u00fcndem","Uncategorized"],"inLanguage":"en-GB","potentialAction":[{"@type":"CommentAction","name":"Comment","target":["https:\/\/denizcankizil.tr\/en\/haberler\/gundem\/izkitap-hafta-sonunda-on-binleri-agirladi\/#respond"]}]},{"@type":"WebPage","@id":"https:\/\/denizcankizil.tr\/en\/haberler\/gundem\/izkitap-hafta-sonunda-on-binleri-agirladi\/","url":"https:\/\/denizcankizil.tr\/en\/haberler\/gundem\/izkitap-hafta-sonunda-on-binleri-agirladi\/","name":"\u0130ZK\u0130TAP hafta sonunda on binleri a\u011f\u0131rlad\u0131 - Av. Deniz Can K\u0131z\u0131l","isPartOf":{"@id":"https:\/\/denizcankizil.tr\/#website"},"datePublished":"2024-11-04T16:43:03+00:00","breadcrumb":{"@id":"https:\/\/denizcankizil.tr\/en\/haberler\/gundem\/izkitap-hafta-sonunda-on-binleri-agirladi\/#breadcrumb"},"inLanguage":"en-GB","potentialAction":[{"@type":"ReadAction","target":["https:\/\/denizcankizil.tr\/en\/haberler\/gundem\/izkitap-hafta-sonunda-on-binleri-agirladi\/"]}]},{"@type":"BreadcrumbList","@id":"https:\/\/denizcankizil.tr\/en\/haberler\/gundem\/izkitap-hafta-sonunda-on-binleri-agirladi\/#breadcrumb","itemListElement":[{"@type":"ListItem","position":1,"name":"Home","item":"https:\/\/denizcankizil.tr\/de\/"},{"@type":"ListItem","position":2,"name":"\u0130ZK\u0130TAP hafta sonunda on binleri a\u011f\u0131rlad\u0131"}]},{"@type":"WebSite","@id":"https:\/\/denizcankizil.tr\/#website","url":"https:\/\/denizcankizil.tr\/","name":"Av. Deniz Can K\u0131z\u0131l","description":"Avukat Deniz Can K\u0131z\u0131l Antalya Barosu","publisher":{"@id":"https:\/\/denizcankizil.tr\/#organization"},"potentialAction":[{"@type":"SearchAction","target":{"@type":"EntryPoint","urlTemplate":"https:\/\/denizcankizil.tr\/?s={search_term_string}"},"query-input":{"@type":"PropertyValueSpecification","valueRequired":true,"valueName":"search_term_string"}}],"inLanguage":"en-GB"},{"@type":"Organization","@id":"https:\/\/denizcankizil.tr\/#organization","name":"Av. Deniz Can K\u0131z\u0131l","url":"https:\/\/denizcankizil.tr\/","logo":{"@type":"ImageObject","inLanguage":"en-GB","@id":"https:\/\/denizcankizil.tr\/#\/schema\/logo\/image\/","url":"https:\/\/denizcankizil.tr\/wp-content\/uploads\/2024\/10\/siyah-logo-svg.svg","contentUrl":"https:\/\/denizcankizil.tr\/wp-content\/uploads\/2024\/10\/siyah-logo-svg.svg","width":1080,"height":1080,"caption":"Av. Deniz Can K\u0131z\u0131l"},"image":{"@id":"https:\/\/denizcankizil.tr\/#\/schema\/logo\/image\/"}}]}},"_links":{"self":[{"href":"https:\/\/denizcankizil.tr\/en\/wp-json\/wp\/v2\/posts\/12628","targetHints":{"allow":["GET"]}}],"collection":[{"href":"https:\/\/denizcankizil.tr\/en\/wp-json\/wp\/v2\/posts"}],"about":[{"href":"https:\/\/denizcankizil.tr\/en\/wp-json\/wp\/v2\/types\/post"}],"replies":[{"embeddable":true,"href":"https:\/\/denizcankizil.tr\/en\/wp-json\/wp\/v2\/comments?post=12628"}],"version-history":[{"count":0,"href":"https:\/\/denizcankizil.tr\/en\/wp-json\/wp\/v2\/posts\/12628\/revisions"}],"wp:attachment":[{"href":"https:\/\/denizcankizil.tr\/en\/wp-json\/wp\/v2\/media?parent=12628"}],"wp:term":[{"taxonomy":"category","embeddable":true,"href":"https:\/\/denizcankizil.tr\/en\/wp-json\/wp\/v2\/categories?post=12628"},{"taxonomy":"post_tag","embeddable":true,"href":"https:\/\/denizcankizil.tr\/en\/wp-json\/wp\/v2\/tags?post=12628"}],"curies":[{"name":"wp","href":"https:\/\/api.w.org\/{rel}","templated":true}]}}