{"id":126263,"date":"2025-06-25T15:43:11","date_gmt":"2025-06-25T12:43:11","guid":{"rendered":"https:\/\/denizcankizil.tr\/uncategorized-tr\/ustun-ilceyi-turkiyeye-dunyaya-tanitacagiz\/"},"modified":"2025-06-25T15:43:11","modified_gmt":"2025-06-25T12:43:11","slug":"ustun-ilceyi-turkiyeye-dunyaya-tanitacagiz","status":"publish","type":"post","link":"https:\/\/denizcankizil.tr\/en\/haberler\/gundem\/ustun-ilceyi-turkiyeye-dunyaya-tanitacagiz\/","title":{"rendered":"\u00dcst\u00fcn: \u201c\u0130l\u00e7eyi T\u00fcrkiye\u2019ye d\u00fcnyaya tan\u0131taca\u011f\u0131z\u201d"},"content":{"rendered":"<p>Y\u00fczy\u0131l\u0131n felaketine neden olan 6 \u015eubat depremin en derinden etkiledi\u011fi Hatay\u2019\u0131n t\u00fcm insanlar\u0131na kucak a\u00e7an, Arsuz il\u00e7esinin e\u011fitimci Belediye Ba\u015fkan\u0131 Sami \u00dcst\u00fcn, zor g\u00fcnleri a\u015fmaya \u00e7al\u0131\u015f\u0131rken, vizyonunu ve bu vizyonu ger\u00e7ekle\u015ftirmeye y\u00f6nelik projelerini, \u00f6zellikle de turizm alan\u0131ndaki planlamalar\u0131n\u0131 ekibimize anlatt\u0131.<\/p>\n<p>\u201cTUR\u0130ZM\u0130N \u0130LK ADIMI: ALTYAPI\u201d<\/p>\n<p>Hen\u00fcz 11 y\u0131ll\u0131k bir il\u00e7e olmas\u0131na ra\u011fmen, k\u00f6kl\u00fc bir ge\u00e7mi\u015fe ve e\u015fsiz bir do\u011faya sahip olduklar\u0131n\u0131 vurgulayan Ba\u015fkan \u00dcst\u00fcn, deprem sonras\u0131 Hatay\u2019\u0131n bir\u00e7ok il\u00e7esi gibi b\u00fcy\u00fck bir y\u00fck\u00fc omuzlayan Arsuz\u2019un, bu d\u00f6nemde adeta b\u00f6lgenin nefes alma alan\u0131 haline geldi\u011fini belirterek, \u201c\u0130l\u00e7eye giri\u015ften itibaren o her \u015fehrin bir kokusu olmal\u0131. Bizim \u015fehrimizin de bir kokusu oldu\u011funu hissettirece\u011fiz. Yani k\u00f6y i\u00e7i d\u00fczenlemesini, Sami Oytun Caddesinde de k\u00f6y i\u00e7i gibi bir konsepte d\u00f6n\u00fc\u015ft\u00fcrmek istiyorum. Sab\u0131rs\u0131zl\u0131kla altyap\u0131y\u0131 bekliyoruz. \u00c7\u00fcnk\u00fc yollar\u0131m\u0131z\u0131n tamam\u0131 kaz\u0131lacak ve bu caddemizde o \u015fehrin kokusu hissedilecek. Altyap\u0131y\u0131 haz\u0131rlay\u0131p turizm kentimizi gelece\u011fe haz\u0131rlamam\u0131z gerekiyor.<\/p>\n<p>Hedefimiz, bu g\u00fczel il\u00e7eyi t\u00fcm T\u00fcrkiye\u2019ye ve d\u00fcnyaya a\u00e7mak. Her \u015fehrin bir kokusu ruhu oldu\u011fu gibi bizim \u015fehrimizin de kendine ait bir ruhu, bir kokusu olmal\u0131, olacak. Turizmin geli\u015fiminde olmazsa olmaz altyap\u0131 projeleri tamamland\u0131ktan sonra Arsuz\u2019un modern ve s\u00fcrd\u00fcr\u00fclebilir bir turizm kenti haline gelecek\u201d diye konu\u015ftu.<\/p>\n<p>\u201cEKO-TUR\u0130ZM VE TARIMIN<\/p>\n<p>BULU\u015eTU\u011eU NOKTADAYIZ\u201d<\/p>\n<p>Ba\u015fkan \u00dcst\u00fcn\u2019\u00fcn vizyon projelerinden biri de eko-turizm. \u00d6zellikle \u00e7ocuklara do\u011fay\u0131 tan\u0131tma, tar\u0131m faaliyetlerine kat\u0131lma f\u0131rsat\u0131 sunacak tar\u0131m temelli hobi bah\u00e7eleri kurulmas\u0131 planlad\u0131klar\u0131n\u0131 ifade ederek \u201cYedi\u011fi domatesin nas\u0131l yeti\u015fti\u011fini \u00f6\u011frenen bir \u00e7ocuk, do\u011faya daha sayg\u0131l\u0131 olur. Bu projeyi hem \u00e7evresel hem de e\u011fitimsel bir d\u00f6n\u00fc\u015f\u00fcm olarak g\u00f6r\u00fcyoruz. Konaklaman\u0131n \u00fccretsiz olaca\u011f\u0131 bu alanlar, \u00e7ocuklar\u0131n do\u011fayla i\u00e7 i\u00e7e vakit ge\u00e7irebilece\u011fi \u00e7iftlik evi konseptiyle tasarlanacak\u201d dedi.<\/p>\n<p>Do\u011fal ve do\u011fa zenginliklerini yerel halk\u0131n, Hatay\u2019\u0131n, \u00e7evre illerin bildi\u011fini ancak bu zenginli\u011fi b\u00fct\u00fcn \u00fclkeye tan\u0131tmak istediklerini dile getiren Ba\u015fkan \u00dcst\u00fcn, \u00f6zellikle de yaz\u0131n yap\u0131lan milyonfestlerle ve burada \u00fc\u00e7 g\u00fcn boyunca yakla\u015f\u0131k 400 bin insan\u0131 a\u011f\u0131rlad\u0131klar\u0131n\u0131, bu insanlar\u0131n konaklamas\u0131, yemesi, i\u00e7mesi ve il\u00e7enin g\u00fczel bir \u015fekilde tan\u0131mas\u0131n\u0131 \u00f6nemsediklerini vurgulad\u0131.<\/p>\n<p>ARSUZ\u2019UN SAH\u0130LLER\u0130 VE<\/p>\n<p>YEN\u0130 OTEL YATIRIMLARI<\/p>\n<p>\u0130l\u00e7ede en dikkat \u00e7ekici yat\u0131r\u0131mlardan birisinin ise be\u015f y\u0131ld\u0131zl\u0131 Arsuz Jumanah Premium Otel oldu\u011funu aktaran Ba\u015fkan Sami \u00dcst\u00fcn, bu tesisin, di\u011fer yat\u0131r\u0131mc\u0131lar i\u00e7in de ilham kayna\u011f\u0131 olmas\u0131 beklendi\u011fini belirterek \u201cBen iddia ediyorum, Arsuz 3-5 y\u0131l sonra tan\u0131nmayacak kadar de\u011fi\u015fecek. Ama bu de\u011fi\u015fim, do\u011fam\u0131z\u0131 ve tarih\u00ee miras\u0131m\u0131z\u0131 koruyarak olacak. Arsuz sahilleri, halk plajlar\u0131 ve yeni y\u00fcr\u00fcy\u00fc\u015f yollar\u0131yla hem yerli halk hem de turistler i\u00e7in cazibe merkezi olma yolundad\u0131r. Denizimizi kullanan vatanda\u015f\u0131m\u0131z\u0131n ihtiyac\u0131 tuvalet, du\u015f ve soyunma kabinleri gibi altyap\u0131 \u00e7al\u0131\u015fmalar\u0131n\u0131n b\u00fcy\u00fck \u00f6l\u00e7\u00fcde tamamlanmak \u00fczereyiz&#8230;<\/p>\n<p>ALTIN KUMLAR VE<\/p>\n<p>KARAVAN ALANLARI<\/p>\n<p>Arsuz\u2019un G\u00fclcihan Mahallemiz, alt\u0131n renkli kumlar\u0131yla dikkat \u00e7eken sahilleriyle \u00f6ne \u00e7\u0131k\u0131yor. Burada yakla\u015f\u0131k 70 d\u00f6n\u00fcml\u00fck alana kamp ve karavan alanlar\u0131 kurulmas\u0131n\u0131 planlan\u0131yoruz. Bu projeyle \u015fehir merkezindeki yo\u011funlu\u011fun azalt\u0131lmas\u0131 hedefleniyor. Ayr\u0131ca G\u00f6zc\u00fcler Sahili\u2019nde, do\u011fal plaj alanlar\u0131n\u0131 kullanacak, denize girecek insanlar\u0131m\u0131z i\u00e7in, du\u015f alanlar\u0131, soyunma kabinleri ve mini kafe gibi hizmetlerin yer ald\u0131\u011f\u0131 yeni bir halk plaj\u0131 da il\u00e7emize kazand\u0131r\u0131yoruz&#8230;\u201d \u015feklinde konu\u015ftu.<\/p>\n<p>GASTRONOM\u0130N\u0130N<\/p>\n<p>YEN\u0130 ADRES\u0130: ARSUZ<\/p>\n<p>Hatay mutfa\u011f\u0131 denince akla gelen zenginliklerin, art\u0131k Arsuz Gastronomi Evi \u00e7at\u0131s\u0131 alt\u0131nda yeniden hayat bulaca\u011f\u0131n\u0131 aktaran Belediye Ba\u015fkan\u0131 Sami \u00dcst\u00fcn \u015funlar\u0131 payla\u015ft\u0131: \u201cBelediyeye ait alanda kurulacak bu yap\u0131, unutulmaya y\u00fcz tutmu\u015f y\u00f6resel tatlar\u0131 yeniden sofralara ta\u015f\u0131yacak. Deniz \u00fcr\u00fcnleri, karides ba\u015fta olmak \u00fczere inan\u0131lmaz bir lezzet zenginli\u011fine sahibiz. Bu tatlar\u0131 d\u00fcnyaya tan\u0131tmak istiyoruz, \u00e7\u00fcnk\u00fc bu proje bir \u2018lezzet miras\u0131n\u0131\u2019 ge\u00e7mi\u015ften g\u00fcn\u00fcm\u00fcze ve gelece\u011fe ta\u015f\u0131yacak. Hatay\u2019da gastronominin yeni adresi olmay\u0131 ama\u00e7l\u0131yoruz.\u201d<\/p>\n<p>SU SPORLARI VE DALI\u015e TUR\u0130ZM\u0130 \u0130\u00c7\u0130N<\/p>\n<p>ARSUZ\u2019DA YEN\u0130 LOKASYONLAR\u2026<\/p>\n<p>Arsuz Belediye Ba\u015fkan\u0131 Sami \u00dcst\u00fcn, Hatay\u2019\u0131n deniz, kum g\u00fcne\u015f turizminin en \u00f6nemli noktas\u0131nda yer ald\u0131klar\u0131n\u0131n alt\u0131n\u0131 \u00e7izerek \u201c\u0130skenderun K\u00f6rfezi\u2019nin g\u00fcneyinde yer alan ve il\u00e7emiz ayn\u0131 zamanda dal\u0131\u015f turizmi ve su sporlar\u0131n\u0131n da yap\u0131labilece\u011fi imk\u00e2nlara sahip. Yer \u00fcst\u00fc do\u011fa g\u00fczelli\u011fi kadar su alt\u0131 g\u00fczelli\u011fine de sahip bir yerde ya\u015f\u0131yoruz. Bu konuda da belirlenen yeni alanlarla birlikte Arsuz, macera ve deniz tutkunlar\u0131n\u0131 da kendine \u00e7ekmeye haz\u0131rlan\u0131yor. Uzman ekiplerin deste\u011fiyle planlanan bu b\u00f6lgeler, il\u00e7eye b\u00fcy\u00fck katma de\u011fer kazand\u0131racak\u2026<\/p>\n<p>\u201cKE\u015eKE HER YER ARSUZ G\u0130B\u0130 OLSA\u201d<\/p>\n<p>Ya\u015fad\u0131\u011f\u0131m\u0131z co\u011frafya kadim bir ge\u00e7mi\u015fiyle, bug\u00fcnlere ta\u015f\u0131d\u0131\u011f\u0131 \u2018birlikte ya\u015fama k\u00fclt\u00fcr\u00fcn\u00fcn t\u00fcm d\u00fcnyaya \u00f6rnek olarak yans\u0131mas\u0131 gereken bir yer. Arsuz Ovas\u0131 ve y\u00fckselen Amanos da\u011f\u0131n\u0131n bah\u015fetti\u011fi muhte\u015fem do\u011fas\u0131 bizlere \u00e7ok g\u00fczellikler sunmaktad\u0131r. \u00d6rne\u011fin Arab\u0131n G\u00f6l\u00fc ve Yanan Ta\u015flar gibi e\u015fsiz do\u011fal g\u00fczelliklerimizi turizme kazand\u0131r\u0131lmas\u0131 i\u00e7in de planlamalar yap\u0131yoruz. Bu alanlar hem do\u011fa y\u00fcr\u00fcy\u00fc\u015fleri hem de piknik alanlar\u0131 olarak yeniden d\u00fczenlenecek. Ayr\u0131ca il\u00e7eye gelen ziyaret\u00e7ilere y\u00f6nelik tan\u0131t\u0131m bro\u015f\u00fcrleri, rehberlik hizmetleri ve y\u00f6nlendirme sistemleri de hayata ge\u00e7irilecek. Arsuz, sadece do\u011fal g\u00fczellikleriyle de\u011fil, insan\u0131yla da \u00f6zel bir yer. Burada herkes birbirine sayg\u0131 duyuyor, herkes bir arada karde\u015f\u00e7e ya\u015f\u0131yor. Ke\u015fke t\u00fcm d\u00fcnya Arsuz gibi olsa\u2026\u201d \u015feklinde konu\u015ftu.<\/p>\n<p>\u200bBelediye Ba\u015fkan\u0131 Sami \u00dcst\u00fcn, Hatay\u2019\u0131n gen\u00e7 il\u00e7elerinden biri olan Arsuz\u2019un, tar\u0131m\u0131, do\u011fas\u0131, do\u011fal g\u00fczellikleri, tarihi ve k\u00fclt\u00fcrel zenginlikleriyle sadece \u00e7evre illerin u\u011frak noktas\u0131 olmaktan \u00e7\u0131k\u0131p T\u00fcrkiye\u2019nin ve d\u00fcnyan\u0131n tan\u0131d\u0131\u011f\u0131 bir turizm merkezi olma yolunda ilerleyece\u011fini s\u00f6yledi.\u00a0<\/p>\n<p>\u200bHaberin Al\u0131nt\u0131land\u0131\u011f\u0131 Kaynak: www.iskenderun.org<\/p>","protected":false},"excerpt":{"rendered":"<p>Y\u00fczy\u0131l\u0131n felaketine neden olan 6 \u015eubat depremin en derinden etkiledi\u011fi Hatay\u2019\u0131n t\u00fcm insanlar\u0131na kucak a\u00e7an, Arsuz il\u00e7esinin e\u011fitimci Belediye Ba\u015fkan\u0131 Sami \u00dcst\u00fcn, zor g\u00fcnleri a\u015fmaya \u00e7al\u0131\u015f\u0131rken, vizyonunu ve bu vizyonu ger\u00e7ekle\u015ftirmeye y\u00f6nelik projelerini, \u00f6zellikle de turizm alan\u0131ndaki planlamalar\u0131n\u0131 ekibimize anlatt\u0131. \u201cTUR\u0130ZM\u0130N \u0130LK ADIMI: ALTYAPI\u201d Hen\u00fcz 11 y\u0131ll\u0131k bir il\u00e7e olmas\u0131na ra\u011fmen, k\u00f6kl\u00fc bir ge\u00e7mi\u015fe ve e\u015fsiz bir do\u011faya sahip olduklar\u0131n\u0131 vurgulayan Ba\u015fkan \u00dcst\u00fcn, deprem sonras\u0131 Hatay\u2019\u0131n bir\u00e7ok il\u00e7esi gibi b\u00fcy\u00fck bir y\u00fck\u00fc omuzlayan Arsuz\u2019un, bu d\u00f6nemde adeta b\u00f6lgenin nefes alma alan\u0131 haline geldi\u011fini belirterek, \u201c\u0130l\u00e7eye giri\u015ften itibaren o her \u015fehrin bir kokusu olmal\u0131. Bizim \u015fehrimizin de bir kokusu oldu\u011funu hissettirece\u011fiz. Yani k\u00f6y i\u00e7i d\u00fczenlemesini, Sami Oytun Caddesinde de k\u00f6y i\u00e7i gibi bir konsepte d\u00f6n\u00fc\u015ft\u00fcrmek istiyorum. Sab\u0131rs\u0131zl\u0131kla altyap\u0131y\u0131 bekliyoruz. \u00c7\u00fcnk\u00fc yollar\u0131m\u0131z\u0131n tamam\u0131 kaz\u0131lacak ve bu caddemizde o \u015fehrin kokusu hissedilecek. Altyap\u0131y\u0131 haz\u0131rlay\u0131p turizm kentimizi gelece\u011fe haz\u0131rlamam\u0131z gerekiyor. Hedefimiz, bu g\u00fczel il\u00e7eyi t\u00fcm T\u00fcrkiye\u2019ye ve d\u00fcnyaya a\u00e7mak. Her \u015fehrin bir kokusu ruhu oldu\u011fu gibi bizim \u015fehrimizin de kendine ait bir ruhu, bir kokusu olmal\u0131, olacak. Turizmin geli\u015fiminde olmazsa olmaz altyap\u0131 projeleri tamamland\u0131ktan sonra Arsuz\u2019un modern ve s\u00fcrd\u00fcr\u00fclebilir bir turizm kenti haline gelecek\u201d diye konu\u015ftu. \u201cEKO-TUR\u0130ZM VE TARIMIN BULU\u015eTU\u011eU NOKTADAYIZ\u201d Ba\u015fkan \u00dcst\u00fcn\u2019\u00fcn vizyon projelerinden biri de eko-turizm. \u00d6zellikle \u00e7ocuklara do\u011fay\u0131 tan\u0131tma, tar\u0131m faaliyetlerine &hellip;<\/p>","protected":false},"author":1,"featured_media":0,"comment_status":"","ping_status":"open","sticky":false,"template":"","format":"standard","meta":{"_acf_changed":false,"footnotes":""},"categories":[24],"tags":[],"class_list":["post-126263","post","type-post","status-publish","format-standard","has-post-thumbnail","hentry","category-gundem"],"acf":[],"yoast_head":"<!-- This site is optimized with the Yoast SEO Premium plugin v26.6 (Yoast SEO v27.1.1) - https:\/\/yoast.com\/product\/yoast-seo-premium-wordpress\/ -->\n<title>\u00dcst\u00fcn: \u201c\u0130l\u00e7eyi T\u00fcrkiye\u2019ye d\u00fcnyaya tan\u0131taca\u011f\u0131z\u201d - Av. Deniz Can K\u0131z\u0131l<\/title>\n<meta name=\"robots\" content=\"index, follow, max-snippet:-1, max-image-preview:large, max-video-preview:-1\" \/>\n<link rel=\"canonical\" href=\"https:\/\/denizcankizil.tr\/en\/haberler\/gundem\/ustun-ilceyi-turkiyeye-dunyaya-tanitacagiz\/\" \/>\n<meta property=\"og:locale\" content=\"en_GB\" \/>\n<meta property=\"og:type\" content=\"article\" \/>\n<meta property=\"og:title\" content=\"\u00dcst\u00fcn: \u201c\u0130l\u00e7eyi T\u00fcrkiye\u2019ye d\u00fcnyaya tan\u0131taca\u011f\u0131z\u201d\" \/>\n<meta property=\"og:description\" content=\"Y\u00fczy\u0131l\u0131n felaketine neden olan 6 \u015eubat depremin en derinden etkiledi\u011fi Hatay\u2019\u0131n t\u00fcm insanlar\u0131na kucak a\u00e7an, Arsuz il\u00e7esinin e\u011fitimci Belediye Ba\u015fkan\u0131 Sami \u00dcst\u00fcn, zor g\u00fcnleri a\u015fmaya \u00e7al\u0131\u015f\u0131rken, vizyonunu ve bu vizyonu ger\u00e7ekle\u015ftirmeye y\u00f6nelik projelerini, \u00f6zellikle de turizm alan\u0131ndaki planlamalar\u0131n\u0131 ekibimize anlatt\u0131. \u201cTUR\u0130ZM\u0130N \u0130LK ADIMI: ALTYAPI\u201d Hen\u00fcz 11 y\u0131ll\u0131k bir il\u00e7e olmas\u0131na ra\u011fmen, k\u00f6kl\u00fc bir ge\u00e7mi\u015fe ve e\u015fsiz bir do\u011faya sahip olduklar\u0131n\u0131 vurgulayan Ba\u015fkan \u00dcst\u00fcn, deprem sonras\u0131 Hatay\u2019\u0131n bir\u00e7ok il\u00e7esi gibi b\u00fcy\u00fck bir y\u00fck\u00fc omuzlayan Arsuz\u2019un, bu d\u00f6nemde adeta b\u00f6lgenin nefes alma alan\u0131 haline geldi\u011fini belirterek, \u201c\u0130l\u00e7eye giri\u015ften itibaren o her \u015fehrin bir kokusu olmal\u0131. Bizim \u015fehrimizin de bir kokusu oldu\u011funu hissettirece\u011fiz. Yani k\u00f6y i\u00e7i d\u00fczenlemesini, Sami Oytun Caddesinde de k\u00f6y i\u00e7i gibi bir konsepte d\u00f6n\u00fc\u015ft\u00fcrmek istiyorum. Sab\u0131rs\u0131zl\u0131kla altyap\u0131y\u0131 bekliyoruz. \u00c7\u00fcnk\u00fc yollar\u0131m\u0131z\u0131n tamam\u0131 kaz\u0131lacak ve bu caddemizde o \u015fehrin kokusu hissedilecek. Altyap\u0131y\u0131 haz\u0131rlay\u0131p turizm kentimizi gelece\u011fe haz\u0131rlamam\u0131z gerekiyor. Hedefimiz, bu g\u00fczel il\u00e7eyi t\u00fcm T\u00fcrkiye\u2019ye ve d\u00fcnyaya a\u00e7mak. Her \u015fehrin bir kokusu ruhu oldu\u011fu gibi bizim \u015fehrimizin de kendine ait bir ruhu, bir kokusu olmal\u0131, olacak. Turizmin geli\u015fiminde olmazsa olmaz altyap\u0131 projeleri tamamland\u0131ktan sonra Arsuz\u2019un modern ve s\u00fcrd\u00fcr\u00fclebilir bir turizm kenti haline gelecek\u201d diye konu\u015ftu. \u201cEKO-TUR\u0130ZM VE TARIMIN BULU\u015eTU\u011eU NOKTADAYIZ\u201d Ba\u015fkan \u00dcst\u00fcn\u2019\u00fcn vizyon projelerinden biri de eko-turizm. \u00d6zellikle \u00e7ocuklara do\u011fay\u0131 tan\u0131tma, tar\u0131m faaliyetlerine &hellip;\" \/>\n<meta property=\"og:url\" content=\"https:\/\/denizcankizil.tr\/en\/haberler\/gundem\/ustun-ilceyi-turkiyeye-dunyaya-tanitacagiz\/\" \/>\n<meta property=\"og:site_name\" content=\"Av. Deniz Can K\u0131z\u0131l\" \/>\n<meta property=\"article:published_time\" content=\"2025-06-25T12:43:11+00:00\" \/>\n<meta name=\"author\" content=\"admin\" \/>\n<meta name=\"twitter:card\" content=\"summary_large_image\" \/>\n<meta name=\"twitter:label1\" content=\"Written by\" \/>\n\t<meta name=\"twitter:data1\" content=\"admin\" \/>\n\t<meta name=\"twitter:label2\" content=\"Estimated reading time\" \/>\n\t<meta name=\"twitter:data2\" content=\"6 minutes\" \/>\n<script type=\"application\/ld+json\" class=\"yoast-schema-graph\">{\"@context\":\"https:\/\/schema.org\",\"@graph\":[{\"@type\":\"Article\",\"@id\":\"https:\/\/denizcankizil.tr\/uk\/haberler\/gundem\/ustun-ilceyi-turkiyeye-dunyaya-tanitacagiz\/#article\",\"isPartOf\":{\"@id\":\"https:\/\/denizcankizil.tr\/uk\/haberler\/gundem\/ustun-ilceyi-turkiyeye-dunyaya-tanitacagiz\/\"},\"author\":{\"name\":\"admin\",\"@id\":\"https:\/\/denizcankizil.tr\/de\/#\/schema\/person\/be3c05fe6a12686905512445d8185489\"},\"headline\":\"\u00dcst\u00fcn: \u201c\u0130l\u00e7eyi T\u00fcrkiye\u2019ye d\u00fcnyaya tan\u0131taca\u011f\u0131z\u201d\",\"datePublished\":\"2025-06-25T12:43:11+00:00\",\"mainEntityOfPage\":{\"@id\":\"https:\/\/denizcankizil.tr\/uk\/haberler\/gundem\/ustun-ilceyi-turkiyeye-dunyaya-tanitacagiz\/\"},\"wordCount\":1125,\"publisher\":{\"@id\":\"https:\/\/denizcankizil.tr\/de\/#organization\"},\"articleSection\":[\"G\u00fcndem\"],\"inLanguage\":\"en-GB\"},{\"@type\":\"WebPage\",\"@id\":\"https:\/\/denizcankizil.tr\/uk\/haberler\/gundem\/ustun-ilceyi-turkiyeye-dunyaya-tanitacagiz\/\",\"url\":\"https:\/\/denizcankizil.tr\/uk\/haberler\/gundem\/ustun-ilceyi-turkiyeye-dunyaya-tanitacagiz\/\",\"name\":\"\u00dcst\u00fcn: \u201c\u0130l\u00e7eyi T\u00fcrkiye\u2019ye d\u00fcnyaya tan\u0131taca\u011f\u0131z\u201d - Av. Deniz Can K\u0131z\u0131l\",\"isPartOf\":{\"@id\":\"https:\/\/denizcankizil.tr\/de\/#website\"},\"datePublished\":\"2025-06-25T12:43:11+00:00\",\"breadcrumb\":{\"@id\":\"https:\/\/denizcankizil.tr\/uk\/haberler\/gundem\/ustun-ilceyi-turkiyeye-dunyaya-tanitacagiz\/#breadcrumb\"},\"inLanguage\":\"en-GB\",\"potentialAction\":[{\"@type\":\"ReadAction\",\"target\":[\"https:\/\/denizcankizil.tr\/uk\/haberler\/gundem\/ustun-ilceyi-turkiyeye-dunyaya-tanitacagiz\/\"]}]},{\"@type\":\"BreadcrumbList\",\"@id\":\"https:\/\/denizcankizil.tr\/uk\/haberler\/gundem\/ustun-ilceyi-turkiyeye-dunyaya-tanitacagiz\/#breadcrumb\",\"itemListElement\":[{\"@type\":\"ListItem\",\"position\":1,\"name\":\"Home\",\"item\":\"https:\/\/denizcankizil.tr\/de\/\"},{\"@type\":\"ListItem\",\"position\":2,\"name\":\"\u00dcst\u00fcn: \u201c\u0130l\u00e7eyi T\u00fcrkiye\u2019ye d\u00fcnyaya tan\u0131taca\u011f\u0131z\u201d\"}]},{\"@type\":\"WebSite\",\"@id\":\"https:\/\/denizcankizil.tr\/de\/#website\",\"url\":\"https:\/\/denizcankizil.tr\/de\/\",\"name\":\"Av. Deniz Can K\u0131z\u0131l\",\"description\":\"Avukat Deniz Can K\u0131z\u0131l Antalya Barosu\",\"publisher\":{\"@id\":\"https:\/\/denizcankizil.tr\/de\/#organization\"},\"potentialAction\":[{\"@type\":\"SearchAction\",\"target\":{\"@type\":\"EntryPoint\",\"urlTemplate\":\"https:\/\/denizcankizil.tr\/de\/?s={search_term_string}\"},\"query-input\":{\"@type\":\"PropertyValueSpecification\",\"valueRequired\":true,\"valueName\":\"search_term_string\"}}],\"inLanguage\":\"en-GB\"},{\"@type\":\"Organization\",\"@id\":\"https:\/\/denizcankizil.tr\/de\/#organization\",\"name\":\"Av. Deniz Can K\u0131z\u0131l\",\"url\":\"https:\/\/denizcankizil.tr\/de\/\",\"logo\":{\"@type\":\"ImageObject\",\"inLanguage\":\"en-GB\",\"@id\":\"https:\/\/denizcankizil.tr\/de\/#\/schema\/logo\/image\/\",\"url\":\"https:\/\/denizcankizil.tr\/wp-content\/uploads\/2024\/10\/siyah-logo-svg.svg\",\"contentUrl\":\"https:\/\/denizcankizil.tr\/wp-content\/uploads\/2024\/10\/siyah-logo-svg.svg\",\"width\":1080,\"height\":1080,\"caption\":\"Av. Deniz Can K\u0131z\u0131l\"},\"image\":{\"@id\":\"https:\/\/denizcankizil.tr\/de\/#\/schema\/logo\/image\/\"}},{\"@type\":\"Person\",\"@id\":\"https:\/\/denizcankizil.tr\/de\/#\/schema\/person\/be3c05fe6a12686905512445d8185489\",\"name\":\"admin\",\"image\":{\"@type\":\"ImageObject\",\"inLanguage\":\"en-GB\",\"@id\":\"https:\/\/denizcankizil.tr\/de\/#\/schema\/person\/image\/\",\"url\":\"https:\/\/secure.gravatar.com\/avatar\/c1fce94c830dc79107e174f890d7210541c4a63e8e5d816341794a2151c9d58c?s=96&d=mm&r=g\",\"contentUrl\":\"https:\/\/secure.gravatar.com\/avatar\/c1fce94c830dc79107e174f890d7210541c4a63e8e5d816341794a2151c9d58c?s=96&d=mm&r=g\",\"caption\":\"admin\"},\"sameAs\":[\"http:\/\/denizcankizil.tr\"],\"url\":\"https:\/\/www.iskenderun.org\/ustun-ilceyi-turkiyeye-dunyaya-tanitacagiz\"}]}<\/script>\n<!-- \/ Yoast SEO Premium plugin. -->","yoast_head_json":{"title":"\u00dcst\u00fcn: \u201c\u0130l\u00e7eyi T\u00fcrkiye\u2019ye d\u00fcnyaya tan\u0131taca\u011f\u0131z\u201d - Av. Deniz Can K\u0131z\u0131l","robots":{"index":"index","follow":"follow","max-snippet":"max-snippet:-1","max-image-preview":"max-image-preview:large","max-video-preview":"max-video-preview:-1"},"canonical":"https:\/\/denizcankizil.tr\/en\/haberler\/gundem\/ustun-ilceyi-turkiyeye-dunyaya-tanitacagiz\/","og_locale":"en_GB","og_type":"article","og_title":"\u00dcst\u00fcn: \u201c\u0130l\u00e7eyi T\u00fcrkiye\u2019ye d\u00fcnyaya tan\u0131taca\u011f\u0131z\u201d","og_description":"Y\u00fczy\u0131l\u0131n felaketine neden olan 6 \u015eubat depremin en derinden etkiledi\u011fi Hatay\u2019\u0131n t\u00fcm insanlar\u0131na kucak a\u00e7an, Arsuz il\u00e7esinin e\u011fitimci Belediye Ba\u015fkan\u0131 Sami \u00dcst\u00fcn, zor g\u00fcnleri a\u015fmaya \u00e7al\u0131\u015f\u0131rken, vizyonunu ve bu vizyonu ger\u00e7ekle\u015ftirmeye y\u00f6nelik projelerini, \u00f6zellikle de turizm alan\u0131ndaki planlamalar\u0131n\u0131 ekibimize anlatt\u0131. \u201cTUR\u0130ZM\u0130N \u0130LK ADIMI: ALTYAPI\u201d Hen\u00fcz 11 y\u0131ll\u0131k bir il\u00e7e olmas\u0131na ra\u011fmen, k\u00f6kl\u00fc bir ge\u00e7mi\u015fe ve e\u015fsiz bir do\u011faya sahip olduklar\u0131n\u0131 vurgulayan Ba\u015fkan \u00dcst\u00fcn, deprem sonras\u0131 Hatay\u2019\u0131n bir\u00e7ok il\u00e7esi gibi b\u00fcy\u00fck bir y\u00fck\u00fc omuzlayan Arsuz\u2019un, bu d\u00f6nemde adeta b\u00f6lgenin nefes alma alan\u0131 haline geldi\u011fini belirterek, \u201c\u0130l\u00e7eye giri\u015ften itibaren o her \u015fehrin bir kokusu olmal\u0131. Bizim \u015fehrimizin de bir kokusu oldu\u011funu hissettirece\u011fiz. Yani k\u00f6y i\u00e7i d\u00fczenlemesini, Sami Oytun Caddesinde de k\u00f6y i\u00e7i gibi bir konsepte d\u00f6n\u00fc\u015ft\u00fcrmek istiyorum. Sab\u0131rs\u0131zl\u0131kla altyap\u0131y\u0131 bekliyoruz. \u00c7\u00fcnk\u00fc yollar\u0131m\u0131z\u0131n tamam\u0131 kaz\u0131lacak ve bu caddemizde o \u015fehrin kokusu hissedilecek. Altyap\u0131y\u0131 haz\u0131rlay\u0131p turizm kentimizi gelece\u011fe haz\u0131rlamam\u0131z gerekiyor. Hedefimiz, bu g\u00fczel il\u00e7eyi t\u00fcm T\u00fcrkiye\u2019ye ve d\u00fcnyaya a\u00e7mak. Her \u015fehrin bir kokusu ruhu oldu\u011fu gibi bizim \u015fehrimizin de kendine ait bir ruhu, bir kokusu olmal\u0131, olacak. Turizmin geli\u015fiminde olmazsa olmaz altyap\u0131 projeleri tamamland\u0131ktan sonra Arsuz\u2019un modern ve s\u00fcrd\u00fcr\u00fclebilir bir turizm kenti haline gelecek\u201d diye konu\u015ftu. \u201cEKO-TUR\u0130ZM VE TARIMIN BULU\u015eTU\u011eU NOKTADAYIZ\u201d Ba\u015fkan \u00dcst\u00fcn\u2019\u00fcn vizyon projelerinden biri de eko-turizm. \u00d6zellikle \u00e7ocuklara do\u011fay\u0131 tan\u0131tma, tar\u0131m faaliyetlerine &hellip;","og_url":"https:\/\/denizcankizil.tr\/en\/haberler\/gundem\/ustun-ilceyi-turkiyeye-dunyaya-tanitacagiz\/","og_site_name":"Av. Deniz Can K\u0131z\u0131l","article_published_time":"2025-06-25T12:43:11+00:00","author":"admin","twitter_card":"summary_large_image","twitter_misc":{"Written by":"admin","Estimated reading time":"6 minutes"},"schema":{"@context":"https:\/\/schema.org","@graph":[{"@type":"Article","@id":"https:\/\/denizcankizil.tr\/uk\/haberler\/gundem\/ustun-ilceyi-turkiyeye-dunyaya-tanitacagiz\/#article","isPartOf":{"@id":"https:\/\/denizcankizil.tr\/uk\/haberler\/gundem\/ustun-ilceyi-turkiyeye-dunyaya-tanitacagiz\/"},"author":{"name":"admin","@id":"https:\/\/denizcankizil.tr\/de\/#\/schema\/person\/be3c05fe6a12686905512445d8185489"},"headline":"\u00dcst\u00fcn: \u201c\u0130l\u00e7eyi T\u00fcrkiye\u2019ye d\u00fcnyaya tan\u0131taca\u011f\u0131z\u201d","datePublished":"2025-06-25T12:43:11+00:00","mainEntityOfPage":{"@id":"https:\/\/denizcankizil.tr\/uk\/haberler\/gundem\/ustun-ilceyi-turkiyeye-dunyaya-tanitacagiz\/"},"wordCount":1125,"publisher":{"@id":"https:\/\/denizcankizil.tr\/de\/#organization"},"articleSection":["G\u00fcndem"],"inLanguage":"en-GB"},{"@type":"WebPage","@id":"https:\/\/denizcankizil.tr\/uk\/haberler\/gundem\/ustun-ilceyi-turkiyeye-dunyaya-tanitacagiz\/","url":"https:\/\/denizcankizil.tr\/uk\/haberler\/gundem\/ustun-ilceyi-turkiyeye-dunyaya-tanitacagiz\/","name":"\u00dcst\u00fcn: \u201c\u0130l\u00e7eyi T\u00fcrkiye\u2019ye d\u00fcnyaya tan\u0131taca\u011f\u0131z\u201d - Av. Deniz Can K\u0131z\u0131l","isPartOf":{"@id":"https:\/\/denizcankizil.tr\/de\/#website"},"datePublished":"2025-06-25T12:43:11+00:00","breadcrumb":{"@id":"https:\/\/denizcankizil.tr\/uk\/haberler\/gundem\/ustun-ilceyi-turkiyeye-dunyaya-tanitacagiz\/#breadcrumb"},"inLanguage":"en-GB","potentialAction":[{"@type":"ReadAction","target":["https:\/\/denizcankizil.tr\/uk\/haberler\/gundem\/ustun-ilceyi-turkiyeye-dunyaya-tanitacagiz\/"]}]},{"@type":"BreadcrumbList","@id":"https:\/\/denizcankizil.tr\/uk\/haberler\/gundem\/ustun-ilceyi-turkiyeye-dunyaya-tanitacagiz\/#breadcrumb","itemListElement":[{"@type":"ListItem","position":1,"name":"Home","item":"https:\/\/denizcankizil.tr\/de\/"},{"@type":"ListItem","position":2,"name":"\u00dcst\u00fcn: \u201c\u0130l\u00e7eyi T\u00fcrkiye\u2019ye d\u00fcnyaya tan\u0131taca\u011f\u0131z\u201d"}]},{"@type":"WebSite","@id":"https:\/\/denizcankizil.tr\/de\/#website","url":"https:\/\/denizcankizil.tr\/de\/","name":"Av. Deniz Can K\u0131z\u0131l","description":"Avukat Deniz Can K\u0131z\u0131l Antalya Barosu","publisher":{"@id":"https:\/\/denizcankizil.tr\/de\/#organization"},"potentialAction":[{"@type":"SearchAction","target":{"@type":"EntryPoint","urlTemplate":"https:\/\/denizcankizil.tr\/de\/?s={search_term_string}"},"query-input":{"@type":"PropertyValueSpecification","valueRequired":true,"valueName":"search_term_string"}}],"inLanguage":"en-GB"},{"@type":"Organization","@id":"https:\/\/denizcankizil.tr\/de\/#organization","name":"Av. Deniz Can K\u0131z\u0131l","url":"https:\/\/denizcankizil.tr\/de\/","logo":{"@type":"ImageObject","inLanguage":"en-GB","@id":"https:\/\/denizcankizil.tr\/de\/#\/schema\/logo\/image\/","url":"https:\/\/denizcankizil.tr\/wp-content\/uploads\/2024\/10\/siyah-logo-svg.svg","contentUrl":"https:\/\/denizcankizil.tr\/wp-content\/uploads\/2024\/10\/siyah-logo-svg.svg","width":1080,"height":1080,"caption":"Av. Deniz Can K\u0131z\u0131l"},"image":{"@id":"https:\/\/denizcankizil.tr\/de\/#\/schema\/logo\/image\/"}},{"@type":"Person","@id":"https:\/\/denizcankizil.tr\/de\/#\/schema\/person\/be3c05fe6a12686905512445d8185489","name":"admin","image":{"@type":"ImageObject","inLanguage":"en-GB","@id":"https:\/\/denizcankizil.tr\/de\/#\/schema\/person\/image\/","url":"https:\/\/secure.gravatar.com\/avatar\/c1fce94c830dc79107e174f890d7210541c4a63e8e5d816341794a2151c9d58c?s=96&d=mm&r=g","contentUrl":"https:\/\/secure.gravatar.com\/avatar\/c1fce94c830dc79107e174f890d7210541c4a63e8e5d816341794a2151c9d58c?s=96&d=mm&r=g","caption":"admin"},"sameAs":["http:\/\/denizcankizil.tr"],"url":"https:\/\/www.iskenderun.org\/ustun-ilceyi-turkiyeye-dunyaya-tanitacagiz"}]}},"_links":{"self":[{"href":"https:\/\/denizcankizil.tr\/en\/wp-json\/wp\/v2\/posts\/126263","targetHints":{"allow":["GET"]}}],"collection":[{"href":"https:\/\/denizcankizil.tr\/en\/wp-json\/wp\/v2\/posts"}],"about":[{"href":"https:\/\/denizcankizil.tr\/en\/wp-json\/wp\/v2\/types\/post"}],"author":[{"embeddable":true,"href":"https:\/\/denizcankizil.tr\/en\/wp-json\/wp\/v2\/users\/1"}],"replies":[{"embeddable":true,"href":"https:\/\/denizcankizil.tr\/en\/wp-json\/wp\/v2\/comments?post=126263"}],"version-history":[{"count":0,"href":"https:\/\/denizcankizil.tr\/en\/wp-json\/wp\/v2\/posts\/126263\/revisions"}],"wp:attachment":[{"href":"https:\/\/denizcankizil.tr\/en\/wp-json\/wp\/v2\/media?parent=126263"}],"wp:term":[{"taxonomy":"category","embeddable":true,"href":"https:\/\/denizcankizil.tr\/en\/wp-json\/wp\/v2\/categories?post=126263"},{"taxonomy":"post_tag","embeddable":true,"href":"https:\/\/denizcankizil.tr\/en\/wp-json\/wp\/v2\/tags?post=126263"}],"curies":[{"name":"wp","href":"https:\/\/api.w.org\/{rel}","templated":true}]}}