{"id":12613,"date":"2024-11-04T18:41:43","date_gmt":"2024-11-04T15:41:43","guid":{"rendered":"https:\/\/denizcankizil.tr\/uncategorized-tr\/inegol-belediyesi-kasim-ayi-etkinlik-programi-belli-oldu\/"},"modified":"2024-11-04T18:41:43","modified_gmt":"2024-11-04T15:41:43","slug":"inegol-belediyesi-kasim-ayi-etkinlik-programi-belli-oldu","status":"publish","type":"post","link":"https:\/\/denizcankizil.tr\/en\/haberler\/gundem\/inegol-belediyesi-kasim-ayi-etkinlik-programi-belli-oldu\/","title":{"rendered":"\u0130neg\u00f6l Belediyesi Kas\u0131m Ay\u0131 Etkinlik Program\u0131 Belli Oldu"},"content":{"rendered":"<p>\u0130neg\u00f6l Belediyesi\u2019nin ge\u00e7ti\u011fimiz hafta \u201cKurtulu\u015fun Kad\u0131nlar\u0131\u201d yeti\u015fkin tiyatro g\u00f6sterisiyle a\u00e7\u0131l\u0131\u015f\u0131n\u0131 yapt\u0131\u011f\u0131 k\u00fclt\u00fcr sanat sezonunda Kas\u0131m ay\u0131 dolu dolu ge\u00e7ecek. Tiyatrolar, sergiler, seminerler ve konserlerden olu\u015fan 12 ayr\u0131 program \u0130neg\u00f6ll\u00fclerle bulu\u015facak.<\/p>\n<p>\u200b\u0130neg\u00f6l Belediyesi\u2019nin ge\u00e7ti\u011fimiz hafta \u201cKurtulu\u015fun Kad\u0131nlar\u0131\u201d yeti\u015fkin tiyatro g\u00f6sterisiyle a\u00e7\u0131l\u0131\u015f\u0131n\u0131 yapt\u0131\u011f\u0131 k\u00fclt\u00fcr sanat sezonunda Kas\u0131m ay\u0131 dolu dolu ge\u00e7ecek. Tiyatrolar, sergiler, seminerler ve konserlerden olu\u015fan 12 ayr\u0131 program \u0130neg\u00f6ll\u00fclerle bulu\u015facak.\u00a0<\/p>\n<p>\u200bHaberin Al\u0131nt\u0131land\u0131\u011f\u0131 Kaynak: www.iskenderun.org<\/p>","protected":false},"excerpt":{"rendered":"<p>\u0130neg\u00f6l Belediyesi\u2019nin ge\u00e7ti\u011fimiz hafta \u201cKurtulu\u015fun Kad\u0131nlar\u0131\u201d yeti\u015fkin tiyatro g\u00f6sterisiyle a\u00e7\u0131l\u0131\u015f\u0131n\u0131 yapt\u0131\u011f\u0131 k\u00fclt\u00fcr sanat sezonunda Kas\u0131m ay\u0131 dolu dolu ge\u00e7ecek. Tiyatrolar, sergiler, seminerler ve konserlerden olu\u015fan 12 ayr\u0131 program \u0130neg\u00f6ll\u00fclerle bulu\u015facak. \u200b\u0130neg\u00f6l Belediyesi\u2019nin ge\u00e7ti\u011fimiz hafta \u201cKurtulu\u015fun Kad\u0131nlar\u0131\u201d yeti\u015fkin tiyatro g\u00f6sterisiyle a\u00e7\u0131l\u0131\u015f\u0131n\u0131 yapt\u0131\u011f\u0131 k\u00fclt\u00fcr sanat sezonunda Kas\u0131m ay\u0131 dolu dolu ge\u00e7ecek. Tiyatrolar, sergiler, seminerler ve konserlerden olu\u015fan 12 ayr\u0131 program \u0130neg\u00f6ll\u00fclerle bulu\u015facak.\u00a0 \u200bHaberin Al\u0131nt\u0131land\u0131\u011f\u0131 Kaynak: www.iskenderun.org<\/p>","protected":false},"author":0,"featured_media":0,"comment_status":"open","ping_status":"open","sticky":false,"template":"","format":"standard","meta":{"_acf_changed":false,"footnotes":""},"categories":[24,535],"tags":[],"class_list":["post-12613","post","type-post","status-publish","format-standard","has-post-thumbnail","hentry","category-gundem","category-uncategorized-tr"],"acf":[],"yoast_head":"<!-- This site is optimized with the Yoast SEO Premium plugin v26.6 (Yoast SEO v27.1.1) - https:\/\/yoast.com\/product\/yoast-seo-premium-wordpress\/ -->\n<title>\u0130neg\u00f6l Belediyesi Kas\u0131m Ay\u0131 Etkinlik Program\u0131 Belli Oldu - Av. Deniz Can K\u0131z\u0131l<\/title>\n<meta name=\"robots\" content=\"index, follow, max-snippet:-1, max-image-preview:large, max-video-preview:-1\" \/>\n<link rel=\"canonical\" href=\"http:\/\/denizcankizil.tr\/en\/haberler\/gundem\/inegol-belediyesi-kasim-ayi-etkinlik-programi-belli-oldu\/\" \/>\n<meta property=\"og:locale\" content=\"en_GB\" \/>\n<meta property=\"og:type\" content=\"article\" \/>\n<meta property=\"og:title\" content=\"\u0130neg\u00f6l Belediyesi Kas\u0131m Ay\u0131 Etkinlik Program\u0131 Belli Oldu\" \/>\n<meta property=\"og:description\" content=\"\u0130neg\u00f6l Belediyesi\u2019nin ge\u00e7ti\u011fimiz hafta \u201cKurtulu\u015fun Kad\u0131nlar\u0131\u201d yeti\u015fkin tiyatro g\u00f6sterisiyle a\u00e7\u0131l\u0131\u015f\u0131n\u0131 yapt\u0131\u011f\u0131 k\u00fclt\u00fcr sanat sezonunda Kas\u0131m ay\u0131 dolu dolu ge\u00e7ecek. Tiyatrolar, sergiler, seminerler ve konserlerden olu\u015fan 12 ayr\u0131 program \u0130neg\u00f6ll\u00fclerle bulu\u015facak. \u200b\u0130neg\u00f6l Belediyesi\u2019nin ge\u00e7ti\u011fimiz hafta \u201cKurtulu\u015fun Kad\u0131nlar\u0131\u201d yeti\u015fkin tiyatro g\u00f6sterisiyle a\u00e7\u0131l\u0131\u015f\u0131n\u0131 yapt\u0131\u011f\u0131 k\u00fclt\u00fcr sanat sezonunda Kas\u0131m ay\u0131 dolu dolu ge\u00e7ecek. Tiyatrolar, sergiler, seminerler ve konserlerden olu\u015fan 12 ayr\u0131 program \u0130neg\u00f6ll\u00fclerle bulu\u015facak.\u00a0 \u200bHaberin Al\u0131nt\u0131land\u0131\u011f\u0131 Kaynak: www.iskenderun.org\" \/>\n<meta property=\"og:url\" content=\"http:\/\/denizcankizil.tr\/en\/haberler\/gundem\/inegol-belediyesi-kasim-ayi-etkinlik-programi-belli-oldu\/\" \/>\n<meta property=\"og:site_name\" content=\"Av. Deniz Can K\u0131z\u0131l\" \/>\n<meta property=\"article:published_time\" content=\"2024-11-04T15:41:43+00:00\" \/>\n<meta name=\"twitter:card\" content=\"summary_large_image\" \/>\n<meta name=\"twitter:label1\" content=\"Estimated reading time\" \/>\n\t<meta name=\"twitter:data1\" content=\"1 minute\" \/>\n<script type=\"application\/ld+json\" class=\"yoast-schema-graph\">{\"@context\":\"https:\/\/schema.org\",\"@graph\":[{\"@type\":\"Article\",\"@id\":\"http:\/\/denizcankizil.tr\/de\/haberler\/gundem\/inegol-belediyesi-kasim-ayi-etkinlik-programi-belli-oldu\/#article\",\"isPartOf\":{\"@id\":\"http:\/\/denizcankizil.tr\/de\/haberler\/gundem\/inegol-belediyesi-kasim-ayi-etkinlik-programi-belli-oldu\/\"},\"author\":{\"name\":\"\",\"@id\":\"\"},\"headline\":\"\u0130neg\u00f6l Belediyesi Kas\u0131m Ay\u0131 Etkinlik Program\u0131 Belli Oldu\",\"datePublished\":\"2024-11-04T15:41:43+00:00\",\"mainEntityOfPage\":{\"@id\":\"http:\/\/denizcankizil.tr\/de\/haberler\/gundem\/inegol-belediyesi-kasim-ayi-etkinlik-programi-belli-oldu\/\"},\"wordCount\":112,\"commentCount\":0,\"publisher\":{\"@id\":\"https:\/\/denizcankizil.tr\/de\/#organization\"},\"articleSection\":[\"G\u00fcndem\",\"Uncategorized\"],\"inLanguage\":\"en-GB\",\"potentialAction\":[{\"@type\":\"CommentAction\",\"name\":\"Comment\",\"target\":[\"http:\/\/denizcankizil.tr\/de\/haberler\/gundem\/inegol-belediyesi-kasim-ayi-etkinlik-programi-belli-oldu\/#respond\"]}]},{\"@type\":\"WebPage\",\"@id\":\"http:\/\/denizcankizil.tr\/de\/haberler\/gundem\/inegol-belediyesi-kasim-ayi-etkinlik-programi-belli-oldu\/\",\"url\":\"http:\/\/denizcankizil.tr\/de\/haberler\/gundem\/inegol-belediyesi-kasim-ayi-etkinlik-programi-belli-oldu\/\",\"name\":\"\u0130neg\u00f6l Belediyesi Kas\u0131m Ay\u0131 Etkinlik Program\u0131 Belli Oldu - Av. Deniz Can K\u0131z\u0131l\",\"isPartOf\":{\"@id\":\"https:\/\/denizcankizil.tr\/de\/#website\"},\"datePublished\":\"2024-11-04T15:41:43+00:00\",\"breadcrumb\":{\"@id\":\"http:\/\/denizcankizil.tr\/de\/haberler\/gundem\/inegol-belediyesi-kasim-ayi-etkinlik-programi-belli-oldu\/#breadcrumb\"},\"inLanguage\":\"en-GB\",\"potentialAction\":[{\"@type\":\"ReadAction\",\"target\":[\"http:\/\/denizcankizil.tr\/de\/haberler\/gundem\/inegol-belediyesi-kasim-ayi-etkinlik-programi-belli-oldu\/\"]}]},{\"@type\":\"BreadcrumbList\",\"@id\":\"http:\/\/denizcankizil.tr\/de\/haberler\/gundem\/inegol-belediyesi-kasim-ayi-etkinlik-programi-belli-oldu\/#breadcrumb\",\"itemListElement\":[{\"@type\":\"ListItem\",\"position\":1,\"name\":\"Home\",\"item\":\"https:\/\/denizcankizil.tr\/de\/\"},{\"@type\":\"ListItem\",\"position\":2,\"name\":\"\u0130neg\u00f6l Belediyesi Kas\u0131m Ay\u0131 Etkinlik Program\u0131 Belli Oldu\"}]},{\"@type\":\"WebSite\",\"@id\":\"https:\/\/denizcankizil.tr\/de\/#website\",\"url\":\"https:\/\/denizcankizil.tr\/de\/\",\"name\":\"Av. Deniz Can K\u0131z\u0131l\",\"description\":\"Avukat Deniz Can K\u0131z\u0131l Antalya Barosu\",\"publisher\":{\"@id\":\"https:\/\/denizcankizil.tr\/de\/#organization\"},\"potentialAction\":[{\"@type\":\"SearchAction\",\"target\":{\"@type\":\"EntryPoint\",\"urlTemplate\":\"https:\/\/denizcankizil.tr\/de\/?s={search_term_string}\"},\"query-input\":{\"@type\":\"PropertyValueSpecification\",\"valueRequired\":true,\"valueName\":\"search_term_string\"}}],\"inLanguage\":\"en-GB\"},{\"@type\":\"Organization\",\"@id\":\"https:\/\/denizcankizil.tr\/de\/#organization\",\"name\":\"Av. Deniz Can K\u0131z\u0131l\",\"url\":\"https:\/\/denizcankizil.tr\/de\/\",\"logo\":{\"@type\":\"ImageObject\",\"inLanguage\":\"en-GB\",\"@id\":\"https:\/\/denizcankizil.tr\/de\/#\/schema\/logo\/image\/\",\"url\":\"https:\/\/denizcankizil.tr\/wp-content\/uploads\/2024\/10\/siyah-logo-svg.svg\",\"contentUrl\":\"https:\/\/denizcankizil.tr\/wp-content\/uploads\/2024\/10\/siyah-logo-svg.svg\",\"width\":1080,\"height\":1080,\"caption\":\"Av. Deniz Can K\u0131z\u0131l\"},\"image\":{\"@id\":\"https:\/\/denizcankizil.tr\/de\/#\/schema\/logo\/image\/\"}}]}<\/script>\n<!-- \/ Yoast SEO Premium plugin. -->","yoast_head_json":{"title":"\u0130neg\u00f6l Belediyesi Kas\u0131m Ay\u0131 Etkinlik Program\u0131 Belli Oldu - Av. Deniz Can K\u0131z\u0131l","robots":{"index":"index","follow":"follow","max-snippet":"max-snippet:-1","max-image-preview":"max-image-preview:large","max-video-preview":"max-video-preview:-1"},"canonical":"http:\/\/denizcankizil.tr\/en\/haberler\/gundem\/inegol-belediyesi-kasim-ayi-etkinlik-programi-belli-oldu\/","og_locale":"en_GB","og_type":"article","og_title":"\u0130neg\u00f6l Belediyesi Kas\u0131m Ay\u0131 Etkinlik Program\u0131 Belli Oldu","og_description":"\u0130neg\u00f6l Belediyesi\u2019nin ge\u00e7ti\u011fimiz hafta \u201cKurtulu\u015fun Kad\u0131nlar\u0131\u201d yeti\u015fkin tiyatro g\u00f6sterisiyle a\u00e7\u0131l\u0131\u015f\u0131n\u0131 yapt\u0131\u011f\u0131 k\u00fclt\u00fcr sanat sezonunda Kas\u0131m ay\u0131 dolu dolu ge\u00e7ecek. Tiyatrolar, sergiler, seminerler ve konserlerden olu\u015fan 12 ayr\u0131 program \u0130neg\u00f6ll\u00fclerle bulu\u015facak. \u200b\u0130neg\u00f6l Belediyesi\u2019nin ge\u00e7ti\u011fimiz hafta \u201cKurtulu\u015fun Kad\u0131nlar\u0131\u201d yeti\u015fkin tiyatro g\u00f6sterisiyle a\u00e7\u0131l\u0131\u015f\u0131n\u0131 yapt\u0131\u011f\u0131 k\u00fclt\u00fcr sanat sezonunda Kas\u0131m ay\u0131 dolu dolu ge\u00e7ecek. Tiyatrolar, sergiler, seminerler ve konserlerden olu\u015fan 12 ayr\u0131 program \u0130neg\u00f6ll\u00fclerle bulu\u015facak.\u00a0 \u200bHaberin Al\u0131nt\u0131land\u0131\u011f\u0131 Kaynak: www.iskenderun.org","og_url":"http:\/\/denizcankizil.tr\/en\/haberler\/gundem\/inegol-belediyesi-kasim-ayi-etkinlik-programi-belli-oldu\/","og_site_name":"Av. Deniz Can K\u0131z\u0131l","article_published_time":"2024-11-04T15:41:43+00:00","twitter_card":"summary_large_image","twitter_misc":{"Estimated reading time":"1 minute"},"schema":{"@context":"https:\/\/schema.org","@graph":[{"@type":"Article","@id":"http:\/\/denizcankizil.tr\/de\/haberler\/gundem\/inegol-belediyesi-kasim-ayi-etkinlik-programi-belli-oldu\/#article","isPartOf":{"@id":"http:\/\/denizcankizil.tr\/de\/haberler\/gundem\/inegol-belediyesi-kasim-ayi-etkinlik-programi-belli-oldu\/"},"author":{"name":"","@id":""},"headline":"\u0130neg\u00f6l Belediyesi Kas\u0131m Ay\u0131 Etkinlik Program\u0131 Belli Oldu","datePublished":"2024-11-04T15:41:43+00:00","mainEntityOfPage":{"@id":"http:\/\/denizcankizil.tr\/de\/haberler\/gundem\/inegol-belediyesi-kasim-ayi-etkinlik-programi-belli-oldu\/"},"wordCount":112,"commentCount":0,"publisher":{"@id":"https:\/\/denizcankizil.tr\/de\/#organization"},"articleSection":["G\u00fcndem","Uncategorized"],"inLanguage":"en-GB","potentialAction":[{"@type":"CommentAction","name":"Comment","target":["http:\/\/denizcankizil.tr\/de\/haberler\/gundem\/inegol-belediyesi-kasim-ayi-etkinlik-programi-belli-oldu\/#respond"]}]},{"@type":"WebPage","@id":"http:\/\/denizcankizil.tr\/de\/haberler\/gundem\/inegol-belediyesi-kasim-ayi-etkinlik-programi-belli-oldu\/","url":"http:\/\/denizcankizil.tr\/de\/haberler\/gundem\/inegol-belediyesi-kasim-ayi-etkinlik-programi-belli-oldu\/","name":"\u0130neg\u00f6l Belediyesi Kas\u0131m Ay\u0131 Etkinlik Program\u0131 Belli Oldu - Av. Deniz Can K\u0131z\u0131l","isPartOf":{"@id":"https:\/\/denizcankizil.tr\/de\/#website"},"datePublished":"2024-11-04T15:41:43+00:00","breadcrumb":{"@id":"http:\/\/denizcankizil.tr\/de\/haberler\/gundem\/inegol-belediyesi-kasim-ayi-etkinlik-programi-belli-oldu\/#breadcrumb"},"inLanguage":"en-GB","potentialAction":[{"@type":"ReadAction","target":["http:\/\/denizcankizil.tr\/de\/haberler\/gundem\/inegol-belediyesi-kasim-ayi-etkinlik-programi-belli-oldu\/"]}]},{"@type":"BreadcrumbList","@id":"http:\/\/denizcankizil.tr\/de\/haberler\/gundem\/inegol-belediyesi-kasim-ayi-etkinlik-programi-belli-oldu\/#breadcrumb","itemListElement":[{"@type":"ListItem","position":1,"name":"Home","item":"https:\/\/denizcankizil.tr\/de\/"},{"@type":"ListItem","position":2,"name":"\u0130neg\u00f6l Belediyesi Kas\u0131m Ay\u0131 Etkinlik Program\u0131 Belli Oldu"}]},{"@type":"WebSite","@id":"https:\/\/denizcankizil.tr\/de\/#website","url":"https:\/\/denizcankizil.tr\/de\/","name":"Av. Deniz Can K\u0131z\u0131l","description":"Avukat Deniz Can K\u0131z\u0131l Antalya Barosu","publisher":{"@id":"https:\/\/denizcankizil.tr\/de\/#organization"},"potentialAction":[{"@type":"SearchAction","target":{"@type":"EntryPoint","urlTemplate":"https:\/\/denizcankizil.tr\/de\/?s={search_term_string}"},"query-input":{"@type":"PropertyValueSpecification","valueRequired":true,"valueName":"search_term_string"}}],"inLanguage":"en-GB"},{"@type":"Organization","@id":"https:\/\/denizcankizil.tr\/de\/#organization","name":"Av. Deniz Can K\u0131z\u0131l","url":"https:\/\/denizcankizil.tr\/de\/","logo":{"@type":"ImageObject","inLanguage":"en-GB","@id":"https:\/\/denizcankizil.tr\/de\/#\/schema\/logo\/image\/","url":"https:\/\/denizcankizil.tr\/wp-content\/uploads\/2024\/10\/siyah-logo-svg.svg","contentUrl":"https:\/\/denizcankizil.tr\/wp-content\/uploads\/2024\/10\/siyah-logo-svg.svg","width":1080,"height":1080,"caption":"Av. Deniz Can K\u0131z\u0131l"},"image":{"@id":"https:\/\/denizcankizil.tr\/de\/#\/schema\/logo\/image\/"}}]}},"_links":{"self":[{"href":"https:\/\/denizcankizil.tr\/en\/wp-json\/wp\/v2\/posts\/12613","targetHints":{"allow":["GET"]}}],"collection":[{"href":"https:\/\/denizcankizil.tr\/en\/wp-json\/wp\/v2\/posts"}],"about":[{"href":"https:\/\/denizcankizil.tr\/en\/wp-json\/wp\/v2\/types\/post"}],"replies":[{"embeddable":true,"href":"https:\/\/denizcankizil.tr\/en\/wp-json\/wp\/v2\/comments?post=12613"}],"version-history":[{"count":0,"href":"https:\/\/denizcankizil.tr\/en\/wp-json\/wp\/v2\/posts\/12613\/revisions"}],"wp:attachment":[{"href":"https:\/\/denizcankizil.tr\/en\/wp-json\/wp\/v2\/media?parent=12613"}],"wp:term":[{"taxonomy":"category","embeddable":true,"href":"https:\/\/denizcankizil.tr\/en\/wp-json\/wp\/v2\/categories?post=12613"},{"taxonomy":"post_tag","embeddable":true,"href":"https:\/\/denizcankizil.tr\/en\/wp-json\/wp\/v2\/tags?post=12613"}],"curies":[{"name":"wp","href":"https:\/\/api.w.org\/{rel}","templated":true}]}}