{"id":126054,"date":"2025-06-25T11:41:42","date_gmt":"2025-06-25T08:41:42","guid":{"rendered":"https:\/\/denizcankizil.tr\/uncategorized-tr\/tarlalarda-hali-nobeti-basladi\/"},"modified":"2025-06-25T11:41:42","modified_gmt":"2025-06-25T08:41:42","slug":"tarlalarda-hali-nobeti-basladi","status":"publish","type":"post","link":"https:\/\/denizcankizil.tr\/en\/haberler\/antalya\/tarlalarda-hali-nobeti-basladi\/","title":{"rendered":"Tarlalarda hal\u0131 n\u00f6beti ba\u015flad\u0131"},"content":{"rendered":"<p>Antalya&#8217;n\u0131n D\u00f6\u015femealt\u0131 il\u00e7esindeki baz\u0131 mahallelerde yer alan tar\u0131m arazileri, k\u0131\u015f\u0131n bu\u011fday ekimine yaz aylar\u0131nda ise hal\u0131 i\u015fletmelerine a\u00e7\u0131l\u0131yor. Arazi sahipleri ya da i\u015fletmeler, aralar\u0131nda 50 y\u0131l\u0131n \u00fczerinde olanlar\u0131n da bulundu\u011fu hal\u0131 ve kilimleri \u00f6nce tamir ediyor, ard\u0131ndan mikroplardan ar\u0131nd\u0131rmak i\u00e7in steril havuzlara sokuyor. Onar\u0131m ve sterilizasyon i\u015fleminin ard\u0131ndan g\u00fcne\u015fe serilen hal\u0131 ve kilimlerin renkleri soldurulup, pastele d\u00f6n\u00fc\u015fmesi sa\u011flan\u0131yor. Milyonluk de\u011fere sahip hal\u0131 ve kilimler, g\u00fcne\u015fin alt\u0131nda belirli aral\u0131klarla tersi ve d\u00fcz\u00fc \u00e7evrilerek nemi ve s\u0131ca\u011f\u0131 iyi \u015fekilde almas\u0131 ve renklerin tonlamas\u0131n\u0131n sa\u011flamla\u015fmas\u0131 sa\u011flan\u0131yor. Serildikleri alan\u0131 &#8220;hal\u0131 tarlas\u0131na&#8221; \u00e7eviren el dokumas\u0131 hal\u0131 ve kilimler tam bir renk c\u00fcmb\u00fc\u015f\u00fc olu\u015ftururken, g\u00fcne\u015fin alt\u0131nda mikroplardan ar\u0131n\u0131p, renk tonlar\u0131 oturduktan sonra sahiplerine teslim ediliyor.<\/p>\n<p>G\u00fcne\u015f do\u011funca \u00e7al\u0131\u015f\u0131yorlar, bat\u0131nca n\u00f6bete ba\u015fl\u0131yorlar<br \/>\n100 d\u00f6n\u00fcml\u00fck arazide serili yakla\u015f\u0131k 15 bin hal\u0131 g\u00f6rsel \u015f\u00f6len olu\u015fturuyor. Hal\u0131lar, ak\u015fam saatlerinde ise arazi sahipleri taraf\u0131ndan de\u011fi\u015fimli olarak tutulan n\u00f6betle sabaha kadar h\u0131rs\u0131zlara ve ya\u011fmura kar\u015f\u0131 korunuyor. G\u00fcne\u015fin batmas\u0131yla birlikte araziye k\u00f6pekleriyle gelen gen\u00e7ler, hal\u0131 tarlas\u0131n\u0131n \u00e7evresini yabani hayvan ve h\u0131rs\u0131zl\u0131k olaylar\u0131na kar\u015f\u0131 etraf\u0131 g\u00f6zetliyor. Tarlan\u0131n etraf\u0131na koyulan r\u00f6morklarda da \u00e7al\u0131\u015fanlar ak\u015fam yeme\u011fini yiyor, \u00e7ay ve kahve i\u00e7erek sabah kadar n\u00f6bet tutuyor. N\u00f6bet s\u0131ras\u0131 biten ise bu r\u00f6morklarda uyuyabiliyor.<\/p>\n<p>&#8220;Hal\u0131lar de\u011ferli oldu\u011fu i\u00e7in bize emanet&#8221;<br \/>\n\u0130\u015fletme sahibi Hasan Topkara, bu y\u0131l 15 bin hal\u0131 sermeyi d\u00fc\u015f\u00fcnd\u00fcklerini ve hal\u0131lar\u0131n olduk\u00e7a de\u011ferli oldu\u011funu belirtti. Hal\u0131lar\u0131n genellikle \u0130stanbul&#8217;dan geldi\u011fini, aralar\u0131nda yurt d\u0131\u015f\u0131ndan gelenlerin de oldu\u011funu kaydeden Topkara, bu de\u011ferli hal\u0131lar\u0131n kendilerine emanet oldu\u011funu ve korumak i\u00e7in n\u00f6bet tuttuklar\u0131n\u0131 ifade etti. Topkara, &#8220;K\u0131\u015f\u0131n bu\u011fday ekiyoruz, yaz aylar\u0131nda ise hal\u0131lar\u0131 seriyoruz. G\u00fcnd\u00fczleri 3 ay boyunca g\u00fcne\u015fte renklerini s\u00fcrd\u00fcr\u00fcp pastelle\u015ftiriyoruz. Ak\u015fam n\u00f6bet\u00e7ilerimiz var. G\u00fcvenlik ama\u00e7l\u0131 duruyor. Ya\u011fmur ya\u011f\u0131nca bize bilgi veriyorlar ve hal\u0131lar\u0131 topluyoruz. H\u0131rs\u0131zl\u0131k \u015fuana kadar g\u00f6r\u00fclmedi ama olmayacak de\u011fil. Tedbir ama\u00e7l\u0131 burada bekliyoruz. Hal\u0131lar de\u011ferli oldu\u011fu i\u00e7in bize emanet. G\u00fcne\u015f bat\u0131nca buraday\u0131z, g\u00fcne\u015f do\u011farken gideriz ama tekrar gelip \u00e7al\u0131\u015fmaya devam ederiz&#8221; dedi.<\/p>\n<p>&#8220;Yeme\u011fimizi de burada yiyoruz&#8221;<br \/>\nE\u015fi Raziye Topkara da &#8220;Ak\u015fam\u00fczeri gelip burada yeme\u011fimizi yiyoruz hem de \u00e7ay\u0131m\u0131z\u0131 i\u00e7iyoruz. Ayn\u0131 zamanda n\u00f6bet de tutuyoruz. \u0130\u015fimiz gere\u011fi burada durmak zorunday\u0131z. El dokuma hal\u0131lar ve kilimler var olduk\u00e7a de\u011ferliler&#8221; diye konu\u015ftu.<\/p>\n<p>Kaynak: www.kanalv.com.tr Haber Sitesinden Al\u0131nm\u0131\u015ft\u0131r.<\/p>","protected":false},"excerpt":{"rendered":"<p>Antalya&#8217;n\u0131n D\u00f6\u015femealt\u0131 il\u00e7esindeki baz\u0131 mahallelerde yer alan tar\u0131m arazileri, k\u0131\u015f\u0131n bu\u011fday ekimine yaz aylar\u0131nda ise hal\u0131 i\u015fletmelerine a\u00e7\u0131l\u0131yor. Arazi sahipleri ya da i\u015fletmeler, aralar\u0131nda 50 y\u0131l\u0131n \u00fczerinde olanlar\u0131n da bulundu\u011fu hal\u0131 ve kilimleri \u00f6nce tamir ediyor, ard\u0131ndan mikroplardan ar\u0131nd\u0131rmak i\u00e7in steril havuzlara sokuyor. Onar\u0131m ve sterilizasyon i\u015fleminin ard\u0131ndan g\u00fcne\u015fe serilen hal\u0131 ve kilimlerin renkleri soldurulup, pastele d\u00f6n\u00fc\u015fmesi sa\u011flan\u0131yor. Milyonluk de\u011fere sahip hal\u0131 ve kilimler, g\u00fcne\u015fin alt\u0131nda belirli aral\u0131klarla tersi ve d\u00fcz\u00fc \u00e7evrilerek nemi ve s\u0131ca\u011f\u0131 iyi \u015fekilde almas\u0131 ve renklerin tonlamas\u0131n\u0131n sa\u011flamla\u015fmas\u0131 sa\u011flan\u0131yor. Serildikleri alan\u0131 &#8220;hal\u0131 tarlas\u0131na&#8221; \u00e7eviren el dokumas\u0131 hal\u0131 ve kilimler tam bir renk c\u00fcmb\u00fc\u015f\u00fc olu\u015ftururken, g\u00fcne\u015fin alt\u0131nda mikroplardan ar\u0131n\u0131p, renk tonlar\u0131 oturduktan sonra sahiplerine teslim ediliyor. G\u00fcne\u015f do\u011funca \u00e7al\u0131\u015f\u0131yorlar, bat\u0131nca n\u00f6bete ba\u015fl\u0131yorlar 100 d\u00f6n\u00fcml\u00fck arazide serili yakla\u015f\u0131k 15 bin hal\u0131 g\u00f6rsel \u015f\u00f6len olu\u015fturuyor. Hal\u0131lar, ak\u015fam saatlerinde ise arazi sahipleri taraf\u0131ndan de\u011fi\u015fimli olarak tutulan n\u00f6betle sabaha kadar h\u0131rs\u0131zlara ve ya\u011fmura kar\u015f\u0131 korunuyor. G\u00fcne\u015fin batmas\u0131yla birlikte araziye k\u00f6pekleriyle gelen gen\u00e7ler, hal\u0131 tarlas\u0131n\u0131n \u00e7evresini yabani hayvan ve h\u0131rs\u0131zl\u0131k olaylar\u0131na kar\u015f\u0131 etraf\u0131 g\u00f6zetliyor. Tarlan\u0131n etraf\u0131na koyulan r\u00f6morklarda da \u00e7al\u0131\u015fanlar ak\u015fam yeme\u011fini yiyor, \u00e7ay ve kahve i\u00e7erek sabah kadar n\u00f6bet tutuyor. N\u00f6bet s\u0131ras\u0131 biten ise bu r\u00f6morklarda uyuyabiliyor. &#8220;Hal\u0131lar de\u011ferli oldu\u011fu i\u00e7in bize emanet&#8221; \u0130\u015fletme sahibi Hasan Topkara, bu y\u0131l 15 bin &hellip;<\/p>","protected":false},"author":4,"featured_media":0,"comment_status":"","ping_status":"open","sticky":false,"template":"","format":"standard","meta":{"_acf_changed":false,"footnotes":""},"categories":[26],"tags":[],"class_list":["post-126054","post","type-post","status-publish","format-standard","hentry","category-antalya"],"acf":[],"yoast_head":"<!-- This site is optimized with the Yoast SEO Premium plugin v26.6 (Yoast SEO v27.1.1) - https:\/\/yoast.com\/product\/yoast-seo-premium-wordpress\/ -->\n<title>Tarlalarda hal\u0131 n\u00f6beti ba\u015flad\u0131 - Av. Deniz Can K\u0131z\u0131l<\/title>\n<meta name=\"robots\" content=\"index, follow, max-snippet:-1, max-image-preview:large, max-video-preview:-1\" \/>\n<link rel=\"canonical\" href=\"https:\/\/denizcankizil.tr\/en\/haberler\/antalya\/tarlalarda-hali-nobeti-basladi\/\" \/>\n<meta property=\"og:locale\" content=\"en_GB\" \/>\n<meta property=\"og:type\" content=\"article\" \/>\n<meta property=\"og:title\" content=\"Tarlalarda hal\u0131 n\u00f6beti ba\u015flad\u0131\" \/>\n<meta property=\"og:description\" content=\"Antalya&#8217;n\u0131n D\u00f6\u015femealt\u0131 il\u00e7esindeki baz\u0131 mahallelerde yer alan tar\u0131m arazileri, k\u0131\u015f\u0131n bu\u011fday ekimine yaz aylar\u0131nda ise hal\u0131 i\u015fletmelerine a\u00e7\u0131l\u0131yor. Arazi sahipleri ya da i\u015fletmeler, aralar\u0131nda 50 y\u0131l\u0131n \u00fczerinde olanlar\u0131n da bulundu\u011fu hal\u0131 ve kilimleri \u00f6nce tamir ediyor, ard\u0131ndan mikroplardan ar\u0131nd\u0131rmak i\u00e7in steril havuzlara sokuyor. Onar\u0131m ve sterilizasyon i\u015fleminin ard\u0131ndan g\u00fcne\u015fe serilen hal\u0131 ve kilimlerin renkleri soldurulup, pastele d\u00f6n\u00fc\u015fmesi sa\u011flan\u0131yor. Milyonluk de\u011fere sahip hal\u0131 ve kilimler, g\u00fcne\u015fin alt\u0131nda belirli aral\u0131klarla tersi ve d\u00fcz\u00fc \u00e7evrilerek nemi ve s\u0131ca\u011f\u0131 iyi \u015fekilde almas\u0131 ve renklerin tonlamas\u0131n\u0131n sa\u011flamla\u015fmas\u0131 sa\u011flan\u0131yor. Serildikleri alan\u0131 &#8220;hal\u0131 tarlas\u0131na&#8221; \u00e7eviren el dokumas\u0131 hal\u0131 ve kilimler tam bir renk c\u00fcmb\u00fc\u015f\u00fc olu\u015ftururken, g\u00fcne\u015fin alt\u0131nda mikroplardan ar\u0131n\u0131p, renk tonlar\u0131 oturduktan sonra sahiplerine teslim ediliyor. G\u00fcne\u015f do\u011funca \u00e7al\u0131\u015f\u0131yorlar, bat\u0131nca n\u00f6bete ba\u015fl\u0131yorlar 100 d\u00f6n\u00fcml\u00fck arazide serili yakla\u015f\u0131k 15 bin hal\u0131 g\u00f6rsel \u015f\u00f6len olu\u015fturuyor. Hal\u0131lar, ak\u015fam saatlerinde ise arazi sahipleri taraf\u0131ndan de\u011fi\u015fimli olarak tutulan n\u00f6betle sabaha kadar h\u0131rs\u0131zlara ve ya\u011fmura kar\u015f\u0131 korunuyor. G\u00fcne\u015fin batmas\u0131yla birlikte araziye k\u00f6pekleriyle gelen gen\u00e7ler, hal\u0131 tarlas\u0131n\u0131n \u00e7evresini yabani hayvan ve h\u0131rs\u0131zl\u0131k olaylar\u0131na kar\u015f\u0131 etraf\u0131 g\u00f6zetliyor. Tarlan\u0131n etraf\u0131na koyulan r\u00f6morklarda da \u00e7al\u0131\u015fanlar ak\u015fam yeme\u011fini yiyor, \u00e7ay ve kahve i\u00e7erek sabah kadar n\u00f6bet tutuyor. N\u00f6bet s\u0131ras\u0131 biten ise bu r\u00f6morklarda uyuyabiliyor. &#8220;Hal\u0131lar de\u011ferli oldu\u011fu i\u00e7in bize emanet&#8221; \u0130\u015fletme sahibi Hasan Topkara, bu y\u0131l 15 bin &hellip;\" \/>\n<meta property=\"og:url\" content=\"https:\/\/denizcankizil.tr\/en\/haberler\/antalya\/tarlalarda-hali-nobeti-basladi\/\" \/>\n<meta property=\"og:site_name\" content=\"Av. Deniz Can K\u0131z\u0131l\" \/>\n<meta property=\"article:published_time\" content=\"2025-06-25T08:41:42+00:00\" \/>\n<meta name=\"author\" content=\"Av. Deniz Can K\u0131z\u0131l\" \/>\n<meta name=\"twitter:card\" content=\"summary_large_image\" \/>\n<meta name=\"twitter:label1\" content=\"Written by\" \/>\n\t<meta name=\"twitter:data1\" content=\"Av. Deniz Can K\u0131z\u0131l\" \/>\n\t<meta name=\"twitter:label2\" content=\"Estimated reading time\" \/>\n\t<meta name=\"twitter:data2\" content=\"3 minutes\" \/>\n<script type=\"application\/ld+json\" class=\"yoast-schema-graph\">{\"@context\":\"https:\/\/schema.org\",\"@graph\":[{\"@type\":\"Article\",\"@id\":\"https:\/\/denizcankizil.tr\/de\/haberler\/antalya\/tarlalarda-hali-nobeti-basladi\/#article\",\"isPartOf\":{\"@id\":\"https:\/\/denizcankizil.tr\/de\/haberler\/antalya\/tarlalarda-hali-nobeti-basladi\/\"},\"author\":{\"name\":\"Av. Deniz Can K\u0131z\u0131l\",\"@id\":\"https:\/\/denizcankizil.tr\/#\/schema\/person\/5dc1b22991bd7ac833867c10afc9b0ff\"},\"headline\":\"Tarlalarda hal\u0131 n\u00f6beti ba\u015flad\u0131\",\"datePublished\":\"2025-06-25T08:41:42+00:00\",\"mainEntityOfPage\":{\"@id\":\"https:\/\/denizcankizil.tr\/de\/haberler\/antalya\/tarlalarda-hali-nobeti-basladi\/\"},\"wordCount\":518,\"publisher\":{\"@id\":\"https:\/\/denizcankizil.tr\/#organization\"},\"articleSection\":[\"Antalya\"],\"inLanguage\":\"en-GB\"},{\"@type\":\"WebPage\",\"@id\":\"https:\/\/denizcankizil.tr\/de\/haberler\/antalya\/tarlalarda-hali-nobeti-basladi\/\",\"url\":\"https:\/\/denizcankizil.tr\/de\/haberler\/antalya\/tarlalarda-hali-nobeti-basladi\/\",\"name\":\"Tarlalarda hal\u0131 n\u00f6beti ba\u015flad\u0131 - Av. Deniz Can K\u0131z\u0131l\",\"isPartOf\":{\"@id\":\"https:\/\/denizcankizil.tr\/#website\"},\"datePublished\":\"2025-06-25T08:41:42+00:00\",\"breadcrumb\":{\"@id\":\"https:\/\/denizcankizil.tr\/de\/haberler\/antalya\/tarlalarda-hali-nobeti-basladi\/#breadcrumb\"},\"inLanguage\":\"en-GB\",\"potentialAction\":[{\"@type\":\"ReadAction\",\"target\":[\"https:\/\/denizcankizil.tr\/de\/haberler\/antalya\/tarlalarda-hali-nobeti-basladi\/\"]}]},{\"@type\":\"BreadcrumbList\",\"@id\":\"https:\/\/denizcankizil.tr\/de\/haberler\/antalya\/tarlalarda-hali-nobeti-basladi\/#breadcrumb\",\"itemListElement\":[{\"@type\":\"ListItem\",\"position\":1,\"name\":\"Home\",\"item\":\"https:\/\/denizcankizil.tr\/de\/\"},{\"@type\":\"ListItem\",\"position\":2,\"name\":\"Tarlalarda hal\u0131 n\u00f6beti ba\u015flad\u0131\"}]},{\"@type\":\"WebSite\",\"@id\":\"https:\/\/denizcankizil.tr\/#website\",\"url\":\"https:\/\/denizcankizil.tr\/\",\"name\":\"Av. Deniz Can K\u0131z\u0131l\",\"description\":\"Avukat Deniz Can K\u0131z\u0131l Antalya Barosu\",\"publisher\":{\"@id\":\"https:\/\/denizcankizil.tr\/#organization\"},\"potentialAction\":[{\"@type\":\"SearchAction\",\"target\":{\"@type\":\"EntryPoint\",\"urlTemplate\":\"https:\/\/denizcankizil.tr\/?s={search_term_string}\"},\"query-input\":{\"@type\":\"PropertyValueSpecification\",\"valueRequired\":true,\"valueName\":\"search_term_string\"}}],\"inLanguage\":\"en-GB\"},{\"@type\":\"Organization\",\"@id\":\"https:\/\/denizcankizil.tr\/#organization\",\"name\":\"Av. Deniz Can K\u0131z\u0131l\",\"url\":\"https:\/\/denizcankizil.tr\/\",\"logo\":{\"@type\":\"ImageObject\",\"inLanguage\":\"en-GB\",\"@id\":\"https:\/\/denizcankizil.tr\/#\/schema\/logo\/image\/\",\"url\":\"https:\/\/denizcankizil.tr\/wp-content\/uploads\/2024\/10\/siyah-logo-svg.svg\",\"contentUrl\":\"https:\/\/denizcankizil.tr\/wp-content\/uploads\/2024\/10\/siyah-logo-svg.svg\",\"width\":1080,\"height\":1080,\"caption\":\"Av. Deniz Can K\u0131z\u0131l\"},\"image\":{\"@id\":\"https:\/\/denizcankizil.tr\/#\/schema\/logo\/image\/\"}},{\"@type\":\"Person\",\"@id\":\"https:\/\/denizcankizil.tr\/#\/schema\/person\/5dc1b22991bd7ac833867c10afc9b0ff\",\"name\":\"Av. Deniz Can K\u0131z\u0131l\",\"image\":{\"@type\":\"ImageObject\",\"inLanguage\":\"en-GB\",\"@id\":\"https:\/\/denizcankizil.tr\/#\/schema\/person\/image\/\",\"url\":\"https:\/\/secure.gravatar.com\/avatar\/a0b128fb9855c79efc976d5640eedb31dc35ec297594d6016d2cf7c60e975bb6?s=96&d=mm&r=g\",\"contentUrl\":\"https:\/\/secure.gravatar.com\/avatar\/a0b128fb9855c79efc976d5640eedb31dc35ec297594d6016d2cf7c60e975bb6?s=96&d=mm&r=g\",\"caption\":\"Av. Deniz Can K\u0131z\u0131l\"},\"sameAs\":[\"http:\/\/www.denizcankizil.tr\"],\"url\":\"https:\/\/denizcankizil.tr\/en\/author\/denizcankizil\/\"}]}<\/script>\n<!-- \/ Yoast SEO Premium plugin. -->","yoast_head_json":{"title":"Tarlalarda hal\u0131 n\u00f6beti ba\u015flad\u0131 - Av. Deniz Can K\u0131z\u0131l","robots":{"index":"index","follow":"follow","max-snippet":"max-snippet:-1","max-image-preview":"max-image-preview:large","max-video-preview":"max-video-preview:-1"},"canonical":"https:\/\/denizcankizil.tr\/en\/haberler\/antalya\/tarlalarda-hali-nobeti-basladi\/","og_locale":"en_GB","og_type":"article","og_title":"Tarlalarda hal\u0131 n\u00f6beti ba\u015flad\u0131","og_description":"Antalya&#8217;n\u0131n D\u00f6\u015femealt\u0131 il\u00e7esindeki baz\u0131 mahallelerde yer alan tar\u0131m arazileri, k\u0131\u015f\u0131n bu\u011fday ekimine yaz aylar\u0131nda ise hal\u0131 i\u015fletmelerine a\u00e7\u0131l\u0131yor. Arazi sahipleri ya da i\u015fletmeler, aralar\u0131nda 50 y\u0131l\u0131n \u00fczerinde olanlar\u0131n da bulundu\u011fu hal\u0131 ve kilimleri \u00f6nce tamir ediyor, ard\u0131ndan mikroplardan ar\u0131nd\u0131rmak i\u00e7in steril havuzlara sokuyor. Onar\u0131m ve sterilizasyon i\u015fleminin ard\u0131ndan g\u00fcne\u015fe serilen hal\u0131 ve kilimlerin renkleri soldurulup, pastele d\u00f6n\u00fc\u015fmesi sa\u011flan\u0131yor. Milyonluk de\u011fere sahip hal\u0131 ve kilimler, g\u00fcne\u015fin alt\u0131nda belirli aral\u0131klarla tersi ve d\u00fcz\u00fc \u00e7evrilerek nemi ve s\u0131ca\u011f\u0131 iyi \u015fekilde almas\u0131 ve renklerin tonlamas\u0131n\u0131n sa\u011flamla\u015fmas\u0131 sa\u011flan\u0131yor. Serildikleri alan\u0131 &#8220;hal\u0131 tarlas\u0131na&#8221; \u00e7eviren el dokumas\u0131 hal\u0131 ve kilimler tam bir renk c\u00fcmb\u00fc\u015f\u00fc olu\u015ftururken, g\u00fcne\u015fin alt\u0131nda mikroplardan ar\u0131n\u0131p, renk tonlar\u0131 oturduktan sonra sahiplerine teslim ediliyor. G\u00fcne\u015f do\u011funca \u00e7al\u0131\u015f\u0131yorlar, bat\u0131nca n\u00f6bete ba\u015fl\u0131yorlar 100 d\u00f6n\u00fcml\u00fck arazide serili yakla\u015f\u0131k 15 bin hal\u0131 g\u00f6rsel \u015f\u00f6len olu\u015fturuyor. Hal\u0131lar, ak\u015fam saatlerinde ise arazi sahipleri taraf\u0131ndan de\u011fi\u015fimli olarak tutulan n\u00f6betle sabaha kadar h\u0131rs\u0131zlara ve ya\u011fmura kar\u015f\u0131 korunuyor. G\u00fcne\u015fin batmas\u0131yla birlikte araziye k\u00f6pekleriyle gelen gen\u00e7ler, hal\u0131 tarlas\u0131n\u0131n \u00e7evresini yabani hayvan ve h\u0131rs\u0131zl\u0131k olaylar\u0131na kar\u015f\u0131 etraf\u0131 g\u00f6zetliyor. Tarlan\u0131n etraf\u0131na koyulan r\u00f6morklarda da \u00e7al\u0131\u015fanlar ak\u015fam yeme\u011fini yiyor, \u00e7ay ve kahve i\u00e7erek sabah kadar n\u00f6bet tutuyor. N\u00f6bet s\u0131ras\u0131 biten ise bu r\u00f6morklarda uyuyabiliyor. &#8220;Hal\u0131lar de\u011ferli oldu\u011fu i\u00e7in bize emanet&#8221; \u0130\u015fletme sahibi Hasan Topkara, bu y\u0131l 15 bin &hellip;","og_url":"https:\/\/denizcankizil.tr\/en\/haberler\/antalya\/tarlalarda-hali-nobeti-basladi\/","og_site_name":"Av. Deniz Can K\u0131z\u0131l","article_published_time":"2025-06-25T08:41:42+00:00","author":"Av. Deniz Can K\u0131z\u0131l","twitter_card":"summary_large_image","twitter_misc":{"Written by":"Av. Deniz Can K\u0131z\u0131l","Estimated reading time":"3 minutes"},"schema":{"@context":"https:\/\/schema.org","@graph":[{"@type":"Article","@id":"https:\/\/denizcankizil.tr\/de\/haberler\/antalya\/tarlalarda-hali-nobeti-basladi\/#article","isPartOf":{"@id":"https:\/\/denizcankizil.tr\/de\/haberler\/antalya\/tarlalarda-hali-nobeti-basladi\/"},"author":{"name":"Av. Deniz Can K\u0131z\u0131l","@id":"https:\/\/denizcankizil.tr\/#\/schema\/person\/5dc1b22991bd7ac833867c10afc9b0ff"},"headline":"Tarlalarda hal\u0131 n\u00f6beti ba\u015flad\u0131","datePublished":"2025-06-25T08:41:42+00:00","mainEntityOfPage":{"@id":"https:\/\/denizcankizil.tr\/de\/haberler\/antalya\/tarlalarda-hali-nobeti-basladi\/"},"wordCount":518,"publisher":{"@id":"https:\/\/denizcankizil.tr\/#organization"},"articleSection":["Antalya"],"inLanguage":"en-GB"},{"@type":"WebPage","@id":"https:\/\/denizcankizil.tr\/de\/haberler\/antalya\/tarlalarda-hali-nobeti-basladi\/","url":"https:\/\/denizcankizil.tr\/de\/haberler\/antalya\/tarlalarda-hali-nobeti-basladi\/","name":"Tarlalarda hal\u0131 n\u00f6beti ba\u015flad\u0131 - Av. Deniz Can K\u0131z\u0131l","isPartOf":{"@id":"https:\/\/denizcankizil.tr\/#website"},"datePublished":"2025-06-25T08:41:42+00:00","breadcrumb":{"@id":"https:\/\/denizcankizil.tr\/de\/haberler\/antalya\/tarlalarda-hali-nobeti-basladi\/#breadcrumb"},"inLanguage":"en-GB","potentialAction":[{"@type":"ReadAction","target":["https:\/\/denizcankizil.tr\/de\/haberler\/antalya\/tarlalarda-hali-nobeti-basladi\/"]}]},{"@type":"BreadcrumbList","@id":"https:\/\/denizcankizil.tr\/de\/haberler\/antalya\/tarlalarda-hali-nobeti-basladi\/#breadcrumb","itemListElement":[{"@type":"ListItem","position":1,"name":"Home","item":"https:\/\/denizcankizil.tr\/de\/"},{"@type":"ListItem","position":2,"name":"Tarlalarda hal\u0131 n\u00f6beti ba\u015flad\u0131"}]},{"@type":"WebSite","@id":"https:\/\/denizcankizil.tr\/#website","url":"https:\/\/denizcankizil.tr\/","name":"Av. Deniz Can K\u0131z\u0131l","description":"Avukat Deniz Can K\u0131z\u0131l Antalya Barosu","publisher":{"@id":"https:\/\/denizcankizil.tr\/#organization"},"potentialAction":[{"@type":"SearchAction","target":{"@type":"EntryPoint","urlTemplate":"https:\/\/denizcankizil.tr\/?s={search_term_string}"},"query-input":{"@type":"PropertyValueSpecification","valueRequired":true,"valueName":"search_term_string"}}],"inLanguage":"en-GB"},{"@type":"Organization","@id":"https:\/\/denizcankizil.tr\/#organization","name":"Av. Deniz Can K\u0131z\u0131l","url":"https:\/\/denizcankizil.tr\/","logo":{"@type":"ImageObject","inLanguage":"en-GB","@id":"https:\/\/denizcankizil.tr\/#\/schema\/logo\/image\/","url":"https:\/\/denizcankizil.tr\/wp-content\/uploads\/2024\/10\/siyah-logo-svg.svg","contentUrl":"https:\/\/denizcankizil.tr\/wp-content\/uploads\/2024\/10\/siyah-logo-svg.svg","width":1080,"height":1080,"caption":"Av. Deniz Can K\u0131z\u0131l"},"image":{"@id":"https:\/\/denizcankizil.tr\/#\/schema\/logo\/image\/"}},{"@type":"Person","@id":"https:\/\/denizcankizil.tr\/#\/schema\/person\/5dc1b22991bd7ac833867c10afc9b0ff","name":"Av. Deniz Can K\u0131z\u0131l","image":{"@type":"ImageObject","inLanguage":"en-GB","@id":"https:\/\/denizcankizil.tr\/#\/schema\/person\/image\/","url":"https:\/\/secure.gravatar.com\/avatar\/a0b128fb9855c79efc976d5640eedb31dc35ec297594d6016d2cf7c60e975bb6?s=96&d=mm&r=g","contentUrl":"https:\/\/secure.gravatar.com\/avatar\/a0b128fb9855c79efc976d5640eedb31dc35ec297594d6016d2cf7c60e975bb6?s=96&d=mm&r=g","caption":"Av. Deniz Can K\u0131z\u0131l"},"sameAs":["http:\/\/www.denizcankizil.tr"],"url":"https:\/\/denizcankizil.tr\/en\/author\/denizcankizil\/"}]}},"_links":{"self":[{"href":"https:\/\/denizcankizil.tr\/en\/wp-json\/wp\/v2\/posts\/126054","targetHints":{"allow":["GET"]}}],"collection":[{"href":"https:\/\/denizcankizil.tr\/en\/wp-json\/wp\/v2\/posts"}],"about":[{"href":"https:\/\/denizcankizil.tr\/en\/wp-json\/wp\/v2\/types\/post"}],"author":[{"embeddable":true,"href":"https:\/\/denizcankizil.tr\/en\/wp-json\/wp\/v2\/users\/4"}],"replies":[{"embeddable":true,"href":"https:\/\/denizcankizil.tr\/en\/wp-json\/wp\/v2\/comments?post=126054"}],"version-history":[{"count":0,"href":"https:\/\/denizcankizil.tr\/en\/wp-json\/wp\/v2\/posts\/126054\/revisions"}],"wp:attachment":[{"href":"https:\/\/denizcankizil.tr\/en\/wp-json\/wp\/v2\/media?parent=126054"}],"wp:term":[{"taxonomy":"category","embeddable":true,"href":"https:\/\/denizcankizil.tr\/en\/wp-json\/wp\/v2\/categories?post=126054"},{"taxonomy":"post_tag","embeddable":true,"href":"https:\/\/denizcankizil.tr\/en\/wp-json\/wp\/v2\/tags?post=126054"}],"curies":[{"name":"wp","href":"https:\/\/api.w.org\/{rel}","templated":true}]}}