{"id":126048,"date":"2025-06-25T10:42:41","date_gmt":"2025-06-25T07:42:41","guid":{"rendered":"https:\/\/denizcankizil.tr\/uncategorized-tr\/turkiyenin-36-gururu-antep-fistik-ezmesine-abden-cografi-tescil\/"},"modified":"2025-06-25T10:42:41","modified_gmt":"2025-06-25T07:42:41","slug":"turkiyenin-36-gururu-antep-fistik-ezmesine-abden-cografi-tescil","status":"publish","type":"post","link":"https:\/\/denizcankizil.tr\/en\/haberler\/gundem\/turkiyenin-36-gururu-antep-fistik-ezmesine-abden-cografi-tescil\/","title":{"rendered":"T\u00fcrkiye&#8217;nin 36. gururu! Antep F\u0131st\u0131k Ezmesi\u2019ne AB\u2019den co\u011frafi tescil"},"content":{"rendered":"<p>Tar\u0131m ve Orman Bakan\u0131 \u0130brahim Yumakl\u0131, Antep F\u0131st\u0131k Ezmesi\u2019nin Avrupa Birli\u011fi\u2019nden co\u011frafi i\u015faret tescili ald\u0131\u011f\u0131n\u0131 duyurdu. Gaziantep\u2019in e\u015fsiz lezzeti, Avrupa sofralar\u0131nda da ad\u0131ndan s\u00f6z ettirecek.ANKARA (\u0130GFA) &#8211;  Gaziantep\u2019in d\u00fcnyaca \u00fcnl\u00fc lezzeti Antep F\u0131st\u0131k Ezmesi, Avrupa Birli\u011fi\u2019nden (AB) co\u011frafi i\u015faret tescili alarak T\u00fcrkiye\u2019nin bu alanda tescil edilen 36. \u00fcr\u00fcn\u00fc oldu.<br \/>\nTar\u0131m ve Orman Bakan\u0131 \u0130brahim Yumakl\u0131, m\u00fcjdeli haberi sosyal medya hesab\u0131ndan payla\u015farak, \u201cF\u0131st\u0131k gibi m\u00fcjde! Gaziantep\u2019in e\u015fsiz ezmesi, Avrupa sofralar\u0131nda da hak etti\u011fi yeri alacak. Hay\u0131rl\u0131 olsun\u201d dedi.<\/p>\n<p>Antep F\u0131st\u0131k Ezmesi\u2019nin AB tescili, T\u00fcrk mutfa\u011f\u0131n\u0131n ve yerel \u00fcr\u00fcnlerinin uluslararas\u0131 arenada tan\u0131n\u0131rl\u0131\u011f\u0131n\u0131 art\u0131ran \u00f6nemli bir ad\u0131m olarak de\u011ferlendirildi.<br \/>\nGaziantep\u2019in k\u00f6kl\u00fc gastronomi k\u00fclt\u00fcr\u00fcne vurgu yapan bu ba\u015far\u0131, \u00fcr\u00fcn\u00fcn kalitesini ve \u00f6zg\u00fcnl\u00fc\u011f\u00fcn\u00fc tescillemi\u015f oldu.<\/p>\n<p>\u200bTar\u0131m ve Orman Bakan\u0131 \u0130brahim Yumakl\u0131, Antep F\u0131st\u0131k Ezmesi\u2019nin Avrupa Birli\u011fi\u2019nden co\u011frafi i\u015faret tescili ald\u0131\u011f\u0131n\u0131 duyurdu. Gaziantep\u2019in e\u015fsiz lezzeti, Avrupa sofralar\u0131nda da ad\u0131ndan s\u00f6z ettirecek.ANKARA (\u0130GFA) &#8211;  Gaziantep\u2019in d\u00fcnyaca \u00fcnl\u00fc lezzeti Antep F\u0131st\u0131k Ezmesi, Avrupa Birli\u011fi\u2019nden (AB) co\u011frafi i\u015faret tescili alarak T\u00fcrkiye\u2019nin bu alanda tescil edilen 36. \u00fcr\u00fcn\u00fc oldu.<br \/>\nTar\u0131m ve Orman Bakan\u0131 \u0130brahim Yumakl\u0131, m\u00fcjdeli haberi sosyal medya hesab\u0131ndan payla\u015farak, \u201cF\u0131st\u0131k gibi m\u00fcjde! Gaziantep\u2019in e\u015fsiz ezmesi, Avrupa sofralar\u0131nda da hak etti\u011fi yeri alacak. Hay\u0131rl\u0131 olsun\u201d dedi.<\/p>\n<p>Antep F\u0131st\u0131k Ezmesi\u2019nin AB tescili, T\u00fcrk mutfa\u011f\u0131n\u0131n ve yerel \u00fcr\u00fcnlerinin uluslararas\u0131 arenada tan\u0131n\u0131rl\u0131\u011f\u0131n\u0131 art\u0131ran \u00f6nemli bir ad\u0131m olarak de\u011ferlendirildi.<br \/>\nGaziantep\u2019in k\u00f6kl\u00fc gastronomi k\u00fclt\u00fcr\u00fcne vurgu yapan bu ba\u015far\u0131, \u00fcr\u00fcn\u00fcn kalitesini ve \u00f6zg\u00fcnl\u00fc\u011f\u00fcn\u00fc tescillemi\u015f oldu.\u00a0<\/p>\n<p>\u200bHaberin Al\u0131nt\u0131land\u0131\u011f\u0131 Kaynak: www.iskenderun.org<\/p>","protected":false},"excerpt":{"rendered":"<p>Tar\u0131m ve Orman Bakan\u0131 \u0130brahim Yumakl\u0131, Antep F\u0131st\u0131k Ezmesi\u2019nin Avrupa Birli\u011fi\u2019nden co\u011frafi i\u015faret tescili ald\u0131\u011f\u0131n\u0131 duyurdu. Gaziantep\u2019in e\u015fsiz lezzeti, Avrupa sofralar\u0131nda da ad\u0131ndan s\u00f6z ettirecek.ANKARA (\u0130GFA) &#8211; Gaziantep\u2019in d\u00fcnyaca \u00fcnl\u00fc lezzeti Antep F\u0131st\u0131k Ezmesi, Avrupa Birli\u011fi\u2019nden (AB) co\u011frafi i\u015faret tescili alarak T\u00fcrkiye\u2019nin bu alanda tescil edilen 36. \u00fcr\u00fcn\u00fc oldu. Tar\u0131m ve Orman Bakan\u0131 \u0130brahim Yumakl\u0131, m\u00fcjdeli haberi sosyal medya hesab\u0131ndan payla\u015farak, \u201cF\u0131st\u0131k gibi m\u00fcjde! Gaziantep\u2019in e\u015fsiz ezmesi, Avrupa sofralar\u0131nda da hak etti\u011fi yeri alacak. Hay\u0131rl\u0131 olsun\u201d dedi. Antep F\u0131st\u0131k Ezmesi\u2019nin AB tescili, T\u00fcrk mutfa\u011f\u0131n\u0131n ve yerel \u00fcr\u00fcnlerinin uluslararas\u0131 arenada tan\u0131n\u0131rl\u0131\u011f\u0131n\u0131 art\u0131ran \u00f6nemli bir ad\u0131m olarak de\u011ferlendirildi. Gaziantep\u2019in k\u00f6kl\u00fc gastronomi k\u00fclt\u00fcr\u00fcne vurgu yapan bu ba\u015far\u0131, \u00fcr\u00fcn\u00fcn kalitesini ve \u00f6zg\u00fcnl\u00fc\u011f\u00fcn\u00fc tescillemi\u015f oldu. \u200bTar\u0131m ve Orman Bakan\u0131 \u0130brahim Yumakl\u0131, Antep F\u0131st\u0131k Ezmesi\u2019nin Avrupa Birli\u011fi\u2019nden co\u011frafi i\u015faret tescili ald\u0131\u011f\u0131n\u0131 duyurdu. Gaziantep\u2019in e\u015fsiz lezzeti, Avrupa sofralar\u0131nda da ad\u0131ndan s\u00f6z ettirecek.ANKARA (\u0130GFA) &#8211; Gaziantep\u2019in d\u00fcnyaca \u00fcnl\u00fc lezzeti Antep F\u0131st\u0131k Ezmesi, Avrupa Birli\u011fi\u2019nden (AB) co\u011frafi i\u015faret tescili alarak T\u00fcrkiye\u2019nin bu alanda tescil edilen 36. \u00fcr\u00fcn\u00fc oldu. Tar\u0131m ve Orman Bakan\u0131 \u0130brahim Yumakl\u0131, m\u00fcjdeli haberi sosyal medya hesab\u0131ndan payla\u015farak, \u201cF\u0131st\u0131k gibi m\u00fcjde! Gaziantep\u2019in e\u015fsiz ezmesi, Avrupa sofralar\u0131nda da hak etti\u011fi yeri alacak. Hay\u0131rl\u0131 olsun\u201d dedi. Antep F\u0131st\u0131k Ezmesi\u2019nin AB tescili, T\u00fcrk mutfa\u011f\u0131n\u0131n ve yerel \u00fcr\u00fcnlerinin uluslararas\u0131 arenada tan\u0131n\u0131rl\u0131\u011f\u0131n\u0131 &hellip;<\/p>","protected":false},"author":1,"featured_media":0,"comment_status":"","ping_status":"open","sticky":false,"template":"","format":"standard","meta":{"_acf_changed":false,"footnotes":""},"categories":[24],"tags":[],"class_list":["post-126048","post","type-post","status-publish","format-standard","has-post-thumbnail","hentry","category-gundem"],"acf":[],"yoast_head":"<!-- This site is optimized with the Yoast SEO Premium plugin v26.6 (Yoast SEO v27.1.1) - https:\/\/yoast.com\/product\/yoast-seo-premium-wordpress\/ -->\n<title>T\u00fcrkiye&#039;nin 36. gururu! Antep F\u0131st\u0131k Ezmesi\u2019ne AB\u2019den co\u011frafi tescil - Av. Deniz Can K\u0131z\u0131l<\/title>\n<meta name=\"robots\" content=\"index, follow, max-snippet:-1, max-image-preview:large, max-video-preview:-1\" \/>\n<link rel=\"canonical\" href=\"https:\/\/denizcankizil.tr\/en\/haberler\/gundem\/turkiyenin-36-gururu-antep-fistik-ezmesine-abden-cografi-tescil\/\" \/>\n<meta property=\"og:locale\" content=\"en_GB\" \/>\n<meta property=\"og:type\" content=\"article\" \/>\n<meta property=\"og:title\" content=\"T\u00fcrkiye&#039;nin 36. gururu! Antep F\u0131st\u0131k Ezmesi\u2019ne AB\u2019den co\u011frafi tescil\" \/>\n<meta property=\"og:description\" content=\"Tar\u0131m ve Orman Bakan\u0131 \u0130brahim Yumakl\u0131, Antep F\u0131st\u0131k Ezmesi\u2019nin Avrupa Birli\u011fi\u2019nden co\u011frafi i\u015faret tescili ald\u0131\u011f\u0131n\u0131 duyurdu. Gaziantep\u2019in e\u015fsiz lezzeti, Avrupa sofralar\u0131nda da ad\u0131ndan s\u00f6z ettirecek.ANKARA (\u0130GFA) &#8211; Gaziantep\u2019in d\u00fcnyaca \u00fcnl\u00fc lezzeti Antep F\u0131st\u0131k Ezmesi, Avrupa Birli\u011fi\u2019nden (AB) co\u011frafi i\u015faret tescili alarak T\u00fcrkiye\u2019nin bu alanda tescil edilen 36. \u00fcr\u00fcn\u00fc oldu. Tar\u0131m ve Orman Bakan\u0131 \u0130brahim Yumakl\u0131, m\u00fcjdeli haberi sosyal medya hesab\u0131ndan payla\u015farak, \u201cF\u0131st\u0131k gibi m\u00fcjde! Gaziantep\u2019in e\u015fsiz ezmesi, Avrupa sofralar\u0131nda da hak etti\u011fi yeri alacak. Hay\u0131rl\u0131 olsun\u201d dedi. Antep F\u0131st\u0131k Ezmesi\u2019nin AB tescili, T\u00fcrk mutfa\u011f\u0131n\u0131n ve yerel \u00fcr\u00fcnlerinin uluslararas\u0131 arenada tan\u0131n\u0131rl\u0131\u011f\u0131n\u0131 art\u0131ran \u00f6nemli bir ad\u0131m olarak de\u011ferlendirildi. Gaziantep\u2019in k\u00f6kl\u00fc gastronomi k\u00fclt\u00fcr\u00fcne vurgu yapan bu ba\u015far\u0131, \u00fcr\u00fcn\u00fcn kalitesini ve \u00f6zg\u00fcnl\u00fc\u011f\u00fcn\u00fc tescillemi\u015f oldu. \u200bTar\u0131m ve Orman Bakan\u0131 \u0130brahim Yumakl\u0131, Antep F\u0131st\u0131k Ezmesi\u2019nin Avrupa Birli\u011fi\u2019nden co\u011frafi i\u015faret tescili ald\u0131\u011f\u0131n\u0131 duyurdu. Gaziantep\u2019in e\u015fsiz lezzeti, Avrupa sofralar\u0131nda da ad\u0131ndan s\u00f6z ettirecek.ANKARA (\u0130GFA) &#8211; Gaziantep\u2019in d\u00fcnyaca \u00fcnl\u00fc lezzeti Antep F\u0131st\u0131k Ezmesi, Avrupa Birli\u011fi\u2019nden (AB) co\u011frafi i\u015faret tescili alarak T\u00fcrkiye\u2019nin bu alanda tescil edilen 36. \u00fcr\u00fcn\u00fc oldu. Tar\u0131m ve Orman Bakan\u0131 \u0130brahim Yumakl\u0131, m\u00fcjdeli haberi sosyal medya hesab\u0131ndan payla\u015farak, \u201cF\u0131st\u0131k gibi m\u00fcjde! Gaziantep\u2019in e\u015fsiz ezmesi, Avrupa sofralar\u0131nda da hak etti\u011fi yeri alacak. Hay\u0131rl\u0131 olsun\u201d dedi. Antep F\u0131st\u0131k Ezmesi\u2019nin AB tescili, T\u00fcrk mutfa\u011f\u0131n\u0131n ve yerel \u00fcr\u00fcnlerinin uluslararas\u0131 arenada tan\u0131n\u0131rl\u0131\u011f\u0131n\u0131 &hellip;\" \/>\n<meta property=\"og:url\" content=\"https:\/\/denizcankizil.tr\/en\/haberler\/gundem\/turkiyenin-36-gururu-antep-fistik-ezmesine-abden-cografi-tescil\/\" \/>\n<meta property=\"og:site_name\" content=\"Av. Deniz Can K\u0131z\u0131l\" \/>\n<meta property=\"article:published_time\" content=\"2025-06-25T07:42:41+00:00\" \/>\n<meta name=\"author\" content=\"admin\" \/>\n<meta name=\"twitter:card\" content=\"summary_large_image\" \/>\n<meta name=\"twitter:label1\" content=\"Written by\" \/>\n\t<meta name=\"twitter:data1\" content=\"admin\" \/>\n\t<meta name=\"twitter:label2\" content=\"Estimated reading time\" \/>\n\t<meta name=\"twitter:data2\" content=\"2 minutes\" \/>\n<script type=\"application\/ld+json\" class=\"yoast-schema-graph\">{\"@context\":\"https:\/\/schema.org\",\"@graph\":[{\"@type\":\"Article\",\"@id\":\"https:\/\/denizcankizil.tr\/en\/haberler\/gundem\/turkiyenin-36-gururu-antep-fistik-ezmesine-abden-cografi-tescil\/#article\",\"isPartOf\":{\"@id\":\"https:\/\/denizcankizil.tr\/en\/haberler\/gundem\/turkiyenin-36-gururu-antep-fistik-ezmesine-abden-cografi-tescil\/\"},\"author\":{\"name\":\"admin\",\"@id\":\"https:\/\/denizcankizil.tr\/#\/schema\/person\/be3c05fe6a12686905512445d8185489\"},\"headline\":\"T\u00fcrkiye&#8217;nin 36. gururu! Antep F\u0131st\u0131k Ezmesi\u2019ne AB\u2019den co\u011frafi tescil\",\"datePublished\":\"2025-06-25T07:42:41+00:00\",\"mainEntityOfPage\":{\"@id\":\"https:\/\/denizcankizil.tr\/en\/haberler\/gundem\/turkiyenin-36-gururu-antep-fistik-ezmesine-abden-cografi-tescil\/\"},\"wordCount\":363,\"publisher\":{\"@id\":\"https:\/\/denizcankizil.tr\/#organization\"},\"articleSection\":[\"G\u00fcndem\"],\"inLanguage\":\"en-GB\"},{\"@type\":\"WebPage\",\"@id\":\"https:\/\/denizcankizil.tr\/en\/haberler\/gundem\/turkiyenin-36-gururu-antep-fistik-ezmesine-abden-cografi-tescil\/\",\"url\":\"https:\/\/denizcankizil.tr\/en\/haberler\/gundem\/turkiyenin-36-gururu-antep-fistik-ezmesine-abden-cografi-tescil\/\",\"name\":\"T\u00fcrkiye'nin 36. gururu! Antep F\u0131st\u0131k Ezmesi\u2019ne AB\u2019den co\u011frafi tescil - Av. Deniz Can K\u0131z\u0131l\",\"isPartOf\":{\"@id\":\"https:\/\/denizcankizil.tr\/#website\"},\"datePublished\":\"2025-06-25T07:42:41+00:00\",\"breadcrumb\":{\"@id\":\"https:\/\/denizcankizil.tr\/en\/haberler\/gundem\/turkiyenin-36-gururu-antep-fistik-ezmesine-abden-cografi-tescil\/#breadcrumb\"},\"inLanguage\":\"en-GB\",\"potentialAction\":[{\"@type\":\"ReadAction\",\"target\":[\"https:\/\/denizcankizil.tr\/en\/haberler\/gundem\/turkiyenin-36-gururu-antep-fistik-ezmesine-abden-cografi-tescil\/\"]}]},{\"@type\":\"BreadcrumbList\",\"@id\":\"https:\/\/denizcankizil.tr\/en\/haberler\/gundem\/turkiyenin-36-gururu-antep-fistik-ezmesine-abden-cografi-tescil\/#breadcrumb\",\"itemListElement\":[{\"@type\":\"ListItem\",\"position\":1,\"name\":\"Home\",\"item\":\"https:\/\/denizcankizil.tr\/uk\/\"},{\"@type\":\"ListItem\",\"position\":2,\"name\":\"T\u00fcrkiye&#8217;nin 36. gururu! Antep F\u0131st\u0131k Ezmesi\u2019ne AB\u2019den co\u011frafi tescil\"}]},{\"@type\":\"WebSite\",\"@id\":\"https:\/\/denizcankizil.tr\/#website\",\"url\":\"https:\/\/denizcankizil.tr\/\",\"name\":\"Av. Deniz Can K\u0131z\u0131l\",\"description\":\"Avukat Deniz Can K\u0131z\u0131l Antalya Barosu\",\"publisher\":{\"@id\":\"https:\/\/denizcankizil.tr\/#organization\"},\"potentialAction\":[{\"@type\":\"SearchAction\",\"target\":{\"@type\":\"EntryPoint\",\"urlTemplate\":\"https:\/\/denizcankizil.tr\/?s={search_term_string}\"},\"query-input\":{\"@type\":\"PropertyValueSpecification\",\"valueRequired\":true,\"valueName\":\"search_term_string\"}}],\"inLanguage\":\"en-GB\"},{\"@type\":\"Organization\",\"@id\":\"https:\/\/denizcankizil.tr\/#organization\",\"name\":\"Av. Deniz Can K\u0131z\u0131l\",\"url\":\"https:\/\/denizcankizil.tr\/\",\"logo\":{\"@type\":\"ImageObject\",\"inLanguage\":\"en-GB\",\"@id\":\"https:\/\/denizcankizil.tr\/#\/schema\/logo\/image\/\",\"url\":\"https:\/\/denizcankizil.tr\/wp-content\/uploads\/2024\/10\/siyah-logo-svg.svg\",\"contentUrl\":\"https:\/\/denizcankizil.tr\/wp-content\/uploads\/2024\/10\/siyah-logo-svg.svg\",\"width\":1080,\"height\":1080,\"caption\":\"Av. Deniz Can K\u0131z\u0131l\"},\"image\":{\"@id\":\"https:\/\/denizcankizil.tr\/#\/schema\/logo\/image\/\"}},{\"@type\":\"Person\",\"@id\":\"https:\/\/denizcankizil.tr\/#\/schema\/person\/be3c05fe6a12686905512445d8185489\",\"name\":\"admin\",\"image\":{\"@type\":\"ImageObject\",\"inLanguage\":\"en-GB\",\"@id\":\"https:\/\/denizcankizil.tr\/#\/schema\/person\/image\/\",\"url\":\"https:\/\/secure.gravatar.com\/avatar\/c1fce94c830dc79107e174f890d7210541c4a63e8e5d816341794a2151c9d58c?s=96&d=mm&r=g\",\"contentUrl\":\"https:\/\/secure.gravatar.com\/avatar\/c1fce94c830dc79107e174f890d7210541c4a63e8e5d816341794a2151c9d58c?s=96&d=mm&r=g\",\"caption\":\"admin\"},\"sameAs\":[\"http:\/\/denizcankizil.tr\"],\"url\":\"https:\/\/www.iskenderun.org\/turkiyenin-36-gururu-antep-fistik-ezmesine-abden-cografi-tescil\"}]}<\/script>\n<!-- \/ Yoast SEO Premium plugin. -->","yoast_head_json":{"title":"T\u00fcrkiye'nin 36. gururu! Antep F\u0131st\u0131k Ezmesi\u2019ne AB\u2019den co\u011frafi tescil - Av. Deniz Can K\u0131z\u0131l","robots":{"index":"index","follow":"follow","max-snippet":"max-snippet:-1","max-image-preview":"max-image-preview:large","max-video-preview":"max-video-preview:-1"},"canonical":"https:\/\/denizcankizil.tr\/en\/haberler\/gundem\/turkiyenin-36-gururu-antep-fistik-ezmesine-abden-cografi-tescil\/","og_locale":"en_GB","og_type":"article","og_title":"T\u00fcrkiye'nin 36. gururu! Antep F\u0131st\u0131k Ezmesi\u2019ne AB\u2019den co\u011frafi tescil","og_description":"Tar\u0131m ve Orman Bakan\u0131 \u0130brahim Yumakl\u0131, Antep F\u0131st\u0131k Ezmesi\u2019nin Avrupa Birli\u011fi\u2019nden co\u011frafi i\u015faret tescili ald\u0131\u011f\u0131n\u0131 duyurdu. Gaziantep\u2019in e\u015fsiz lezzeti, Avrupa sofralar\u0131nda da ad\u0131ndan s\u00f6z ettirecek.ANKARA (\u0130GFA) &#8211; Gaziantep\u2019in d\u00fcnyaca \u00fcnl\u00fc lezzeti Antep F\u0131st\u0131k Ezmesi, Avrupa Birli\u011fi\u2019nden (AB) co\u011frafi i\u015faret tescili alarak T\u00fcrkiye\u2019nin bu alanda tescil edilen 36. \u00fcr\u00fcn\u00fc oldu. Tar\u0131m ve Orman Bakan\u0131 \u0130brahim Yumakl\u0131, m\u00fcjdeli haberi sosyal medya hesab\u0131ndan payla\u015farak, \u201cF\u0131st\u0131k gibi m\u00fcjde! Gaziantep\u2019in e\u015fsiz ezmesi, Avrupa sofralar\u0131nda da hak etti\u011fi yeri alacak. Hay\u0131rl\u0131 olsun\u201d dedi. Antep F\u0131st\u0131k Ezmesi\u2019nin AB tescili, T\u00fcrk mutfa\u011f\u0131n\u0131n ve yerel \u00fcr\u00fcnlerinin uluslararas\u0131 arenada tan\u0131n\u0131rl\u0131\u011f\u0131n\u0131 art\u0131ran \u00f6nemli bir ad\u0131m olarak de\u011ferlendirildi. Gaziantep\u2019in k\u00f6kl\u00fc gastronomi k\u00fclt\u00fcr\u00fcne vurgu yapan bu ba\u015far\u0131, \u00fcr\u00fcn\u00fcn kalitesini ve \u00f6zg\u00fcnl\u00fc\u011f\u00fcn\u00fc tescillemi\u015f oldu. \u200bTar\u0131m ve Orman Bakan\u0131 \u0130brahim Yumakl\u0131, Antep F\u0131st\u0131k Ezmesi\u2019nin Avrupa Birli\u011fi\u2019nden co\u011frafi i\u015faret tescili ald\u0131\u011f\u0131n\u0131 duyurdu. Gaziantep\u2019in e\u015fsiz lezzeti, Avrupa sofralar\u0131nda da ad\u0131ndan s\u00f6z ettirecek.ANKARA (\u0130GFA) &#8211; Gaziantep\u2019in d\u00fcnyaca \u00fcnl\u00fc lezzeti Antep F\u0131st\u0131k Ezmesi, Avrupa Birli\u011fi\u2019nden (AB) co\u011frafi i\u015faret tescili alarak T\u00fcrkiye\u2019nin bu alanda tescil edilen 36. \u00fcr\u00fcn\u00fc oldu. Tar\u0131m ve Orman Bakan\u0131 \u0130brahim Yumakl\u0131, m\u00fcjdeli haberi sosyal medya hesab\u0131ndan payla\u015farak, \u201cF\u0131st\u0131k gibi m\u00fcjde! Gaziantep\u2019in e\u015fsiz ezmesi, Avrupa sofralar\u0131nda da hak etti\u011fi yeri alacak. Hay\u0131rl\u0131 olsun\u201d dedi. Antep F\u0131st\u0131k Ezmesi\u2019nin AB tescili, T\u00fcrk mutfa\u011f\u0131n\u0131n ve yerel \u00fcr\u00fcnlerinin uluslararas\u0131 arenada tan\u0131n\u0131rl\u0131\u011f\u0131n\u0131 &hellip;","og_url":"https:\/\/denizcankizil.tr\/en\/haberler\/gundem\/turkiyenin-36-gururu-antep-fistik-ezmesine-abden-cografi-tescil\/","og_site_name":"Av. Deniz Can K\u0131z\u0131l","article_published_time":"2025-06-25T07:42:41+00:00","author":"admin","twitter_card":"summary_large_image","twitter_misc":{"Written by":"admin","Estimated reading time":"2 minutes"},"schema":{"@context":"https:\/\/schema.org","@graph":[{"@type":"Article","@id":"https:\/\/denizcankizil.tr\/en\/haberler\/gundem\/turkiyenin-36-gururu-antep-fistik-ezmesine-abden-cografi-tescil\/#article","isPartOf":{"@id":"https:\/\/denizcankizil.tr\/en\/haberler\/gundem\/turkiyenin-36-gururu-antep-fistik-ezmesine-abden-cografi-tescil\/"},"author":{"name":"admin","@id":"https:\/\/denizcankizil.tr\/#\/schema\/person\/be3c05fe6a12686905512445d8185489"},"headline":"T\u00fcrkiye&#8217;nin 36. gururu! Antep F\u0131st\u0131k Ezmesi\u2019ne AB\u2019den co\u011frafi tescil","datePublished":"2025-06-25T07:42:41+00:00","mainEntityOfPage":{"@id":"https:\/\/denizcankizil.tr\/en\/haberler\/gundem\/turkiyenin-36-gururu-antep-fistik-ezmesine-abden-cografi-tescil\/"},"wordCount":363,"publisher":{"@id":"https:\/\/denizcankizil.tr\/#organization"},"articleSection":["G\u00fcndem"],"inLanguage":"en-GB"},{"@type":"WebPage","@id":"https:\/\/denizcankizil.tr\/en\/haberler\/gundem\/turkiyenin-36-gururu-antep-fistik-ezmesine-abden-cografi-tescil\/","url":"https:\/\/denizcankizil.tr\/en\/haberler\/gundem\/turkiyenin-36-gururu-antep-fistik-ezmesine-abden-cografi-tescil\/","name":"T\u00fcrkiye'nin 36. gururu! Antep F\u0131st\u0131k Ezmesi\u2019ne AB\u2019den co\u011frafi tescil - Av. Deniz Can K\u0131z\u0131l","isPartOf":{"@id":"https:\/\/denizcankizil.tr\/#website"},"datePublished":"2025-06-25T07:42:41+00:00","breadcrumb":{"@id":"https:\/\/denizcankizil.tr\/en\/haberler\/gundem\/turkiyenin-36-gururu-antep-fistik-ezmesine-abden-cografi-tescil\/#breadcrumb"},"inLanguage":"en-GB","potentialAction":[{"@type":"ReadAction","target":["https:\/\/denizcankizil.tr\/en\/haberler\/gundem\/turkiyenin-36-gururu-antep-fistik-ezmesine-abden-cografi-tescil\/"]}]},{"@type":"BreadcrumbList","@id":"https:\/\/denizcankizil.tr\/en\/haberler\/gundem\/turkiyenin-36-gururu-antep-fistik-ezmesine-abden-cografi-tescil\/#breadcrumb","itemListElement":[{"@type":"ListItem","position":1,"name":"Home","item":"https:\/\/denizcankizil.tr\/uk\/"},{"@type":"ListItem","position":2,"name":"T\u00fcrkiye&#8217;nin 36. gururu! Antep F\u0131st\u0131k Ezmesi\u2019ne AB\u2019den co\u011frafi tescil"}]},{"@type":"WebSite","@id":"https:\/\/denizcankizil.tr\/#website","url":"https:\/\/denizcankizil.tr\/","name":"Av. Deniz Can K\u0131z\u0131l","description":"Avukat Deniz Can K\u0131z\u0131l Antalya Barosu","publisher":{"@id":"https:\/\/denizcankizil.tr\/#organization"},"potentialAction":[{"@type":"SearchAction","target":{"@type":"EntryPoint","urlTemplate":"https:\/\/denizcankizil.tr\/?s={search_term_string}"},"query-input":{"@type":"PropertyValueSpecification","valueRequired":true,"valueName":"search_term_string"}}],"inLanguage":"en-GB"},{"@type":"Organization","@id":"https:\/\/denizcankizil.tr\/#organization","name":"Av. Deniz Can K\u0131z\u0131l","url":"https:\/\/denizcankizil.tr\/","logo":{"@type":"ImageObject","inLanguage":"en-GB","@id":"https:\/\/denizcankizil.tr\/#\/schema\/logo\/image\/","url":"https:\/\/denizcankizil.tr\/wp-content\/uploads\/2024\/10\/siyah-logo-svg.svg","contentUrl":"https:\/\/denizcankizil.tr\/wp-content\/uploads\/2024\/10\/siyah-logo-svg.svg","width":1080,"height":1080,"caption":"Av. Deniz Can K\u0131z\u0131l"},"image":{"@id":"https:\/\/denizcankizil.tr\/#\/schema\/logo\/image\/"}},{"@type":"Person","@id":"https:\/\/denizcankizil.tr\/#\/schema\/person\/be3c05fe6a12686905512445d8185489","name":"admin","image":{"@type":"ImageObject","inLanguage":"en-GB","@id":"https:\/\/denizcankizil.tr\/#\/schema\/person\/image\/","url":"https:\/\/secure.gravatar.com\/avatar\/c1fce94c830dc79107e174f890d7210541c4a63e8e5d816341794a2151c9d58c?s=96&d=mm&r=g","contentUrl":"https:\/\/secure.gravatar.com\/avatar\/c1fce94c830dc79107e174f890d7210541c4a63e8e5d816341794a2151c9d58c?s=96&d=mm&r=g","caption":"admin"},"sameAs":["http:\/\/denizcankizil.tr"],"url":"https:\/\/www.iskenderun.org\/turkiyenin-36-gururu-antep-fistik-ezmesine-abden-cografi-tescil"}]}},"_links":{"self":[{"href":"https:\/\/denizcankizil.tr\/en\/wp-json\/wp\/v2\/posts\/126048","targetHints":{"allow":["GET"]}}],"collection":[{"href":"https:\/\/denizcankizil.tr\/en\/wp-json\/wp\/v2\/posts"}],"about":[{"href":"https:\/\/denizcankizil.tr\/en\/wp-json\/wp\/v2\/types\/post"}],"author":[{"embeddable":true,"href":"https:\/\/denizcankizil.tr\/en\/wp-json\/wp\/v2\/users\/1"}],"replies":[{"embeddable":true,"href":"https:\/\/denizcankizil.tr\/en\/wp-json\/wp\/v2\/comments?post=126048"}],"version-history":[{"count":0,"href":"https:\/\/denizcankizil.tr\/en\/wp-json\/wp\/v2\/posts\/126048\/revisions"}],"wp:attachment":[{"href":"https:\/\/denizcankizil.tr\/en\/wp-json\/wp\/v2\/media?parent=126048"}],"wp:term":[{"taxonomy":"category","embeddable":true,"href":"https:\/\/denizcankizil.tr\/en\/wp-json\/wp\/v2\/categories?post=126048"},{"taxonomy":"post_tag","embeddable":true,"href":"https:\/\/denizcankizil.tr\/en\/wp-json\/wp\/v2\/tags?post=126048"}],"curies":[{"name":"wp","href":"https:\/\/api.w.org\/{rel}","templated":true}]}}