{"id":125340,"date":"2025-06-24T17:42:32","date_gmt":"2025-06-24T14:42:32","guid":{"rendered":"https:\/\/denizcankizil.tr\/uncategorized-tr\/sakaryada-13-istasyonlu-metrobus-hattina-akilli-dokunus\/"},"modified":"2025-06-24T17:42:32","modified_gmt":"2025-06-24T14:42:32","slug":"sakaryada-13-istasyonlu-metrobus-hattina-akilli-dokunus","status":"publish","type":"post","link":"https:\/\/denizcankizil.tr\/en\/haberler\/gundem\/sakaryada-13-istasyonlu-metrobus-hattina-akilli-dokunus\/","title":{"rendered":"Sakarya&#8217;da 13 istasyonlu metrob\u00fcs hatt\u0131na ak\u0131ll\u0131 dokunu\u015f"},"content":{"rendered":"<p>Sakarya B\u00fcy\u00fck\u015fehir Belediyesi taraf\u0131ndan hayata ge\u00e7irilecek metrob\u00fcs hatt\u0131 projesinde \u00e7al\u0131\u015fmalar tam h\u0131z\u0131yla devam ediyor.SAKARYA (\u0130GFA) &#8211; Sakarya B\u00fcy\u00fck\u015fehir Belediyesi\u2019nin \u00f6z kaynaklar\u0131yla s\u00fcrd\u00fcrd\u00fc\u011f\u00fc metrob\u00fcs hatt\u0131 projesinde \u00e7al\u0131\u015fmalar t\u00fcm h\u0131z\u0131yla devam ediyor.<br \/>\n19,5 kilometrelik g\u00fczerg\u00e2h \u00fczerinde neredeyse her noktada ayr\u0131 bir \u00e7al\u0131\u015fma y\u00fcr\u00fcten B\u00fcy\u00fck\u015fehir Belediyesi ekipleri, 13 farkl\u0131 istasyona sahip olacak metrob\u00fcs hatt\u0131n\u0131n durak montajlar\u0131na ba\u015flad\u0131.<br \/>\nMETROB\u00dcS DURAKLARINA AKILLI S\u0130STEM<br \/>\n\u015eehir i\u00e7i ula\u015f\u0131m\u0131 daha etkin, konforlu ve teknolojik hale getirmek amac\u0131yla tasarlanan; t\u00fcm ihtiya\u00e7lara cevap verebilecek \u00f6zelliklere sahip ak\u0131ll\u0131 duraklar\u0131n montaj\u0131 bir bir ger\u00e7ekle\u015ftiriliyor.<br \/>\nAk\u0131ll\u0131 teknolojilerle donat\u0131lan bu duraklar, sens\u00f6rleri, 7\/24 \u00e7al\u0131\u015fan g\u00fcvenlik kameralar\u0131, ses sistemleri, bilgilendirme kiosklar\u0131, reklam panolar\u0131 ve ger\u00e7ek zamanl\u0131 bilgi sunan LED ekranlar\u0131yla toplu ta\u015f\u0131ma deneyimini maksimum konfora ula\u015ft\u0131racak.<br \/>\nEngelli bireyler i\u00e7in de eri\u015filebilir \u015fekilde tasarlanan ak\u0131ll\u0131 duraklar, \u00f6zel rampa ve zemin yap\u0131s\u0131yla herkesin kullan\u0131m\u0131na uygun hale getirilecek.<\/p>\n<p>\u200bSakarya B\u00fcy\u00fck\u015fehir Belediyesi taraf\u0131ndan hayata ge\u00e7irilecek metrob\u00fcs hatt\u0131 projesinde \u00e7al\u0131\u015fmalar tam h\u0131z\u0131yla devam ediyor.SAKARYA (\u0130GFA) &#8211; Sakarya B\u00fcy\u00fck\u015fehir Belediyesi\u2019nin \u00f6z kaynaklar\u0131yla s\u00fcrd\u00fcrd\u00fc\u011f\u00fc metrob\u00fcs hatt\u0131 projesinde \u00e7al\u0131\u015fmalar t\u00fcm h\u0131z\u0131yla devam ediyor.<br \/>\n19,5 kilometrelik g\u00fczerg\u00e2h \u00fczerinde neredeyse her noktada ayr\u0131 bir \u00e7al\u0131\u015fma y\u00fcr\u00fcten B\u00fcy\u00fck\u015fehir Belediyesi ekipleri, 13 farkl\u0131 istasyona sahip olacak metrob\u00fcs hatt\u0131n\u0131n durak montajlar\u0131na ba\u015flad\u0131.<br \/>\nMETROB\u00dcS DURAKLARINA AKILLI S\u0130STEM<br \/>\n\u015eehir i\u00e7i ula\u015f\u0131m\u0131 daha etkin, konforlu ve teknolojik hale getirmek amac\u0131yla tasarlanan; t\u00fcm ihtiya\u00e7lara cevap verebilecek \u00f6zelliklere sahip ak\u0131ll\u0131 duraklar\u0131n montaj\u0131 bir bir ger\u00e7ekle\u015ftiriliyor.<br \/>\nAk\u0131ll\u0131 teknolojilerle donat\u0131lan bu duraklar, sens\u00f6rleri, 7\/24 \u00e7al\u0131\u015fan g\u00fcvenlik kameralar\u0131, ses sistemleri, bilgilendirme kiosklar\u0131, reklam panolar\u0131 ve ger\u00e7ek zamanl\u0131 bilgi sunan LED ekranlar\u0131yla toplu ta\u015f\u0131ma deneyimini maksimum konfora ula\u015ft\u0131racak.<br \/>\nEngelli bireyler i\u00e7in de eri\u015filebilir \u015fekilde tasarlanan ak\u0131ll\u0131 duraklar, \u00f6zel rampa ve zemin yap\u0131s\u0131yla herkesin kullan\u0131m\u0131na uygun hale getirilecek.\u00a0<\/p>\n<p>\u200bHaberin Al\u0131nt\u0131land\u0131\u011f\u0131 Kaynak: www.iskenderun.org<\/p>","protected":false},"excerpt":{"rendered":"<p>Sakarya B\u00fcy\u00fck\u015fehir Belediyesi taraf\u0131ndan hayata ge\u00e7irilecek metrob\u00fcs hatt\u0131 projesinde \u00e7al\u0131\u015fmalar tam h\u0131z\u0131yla devam ediyor.SAKARYA (\u0130GFA) &#8211; Sakarya B\u00fcy\u00fck\u015fehir Belediyesi\u2019nin \u00f6z kaynaklar\u0131yla s\u00fcrd\u00fcrd\u00fc\u011f\u00fc metrob\u00fcs hatt\u0131 projesinde \u00e7al\u0131\u015fmalar t\u00fcm h\u0131z\u0131yla devam ediyor. 19,5 kilometrelik g\u00fczerg\u00e2h \u00fczerinde neredeyse her noktada ayr\u0131 bir \u00e7al\u0131\u015fma y\u00fcr\u00fcten B\u00fcy\u00fck\u015fehir Belediyesi ekipleri, 13 farkl\u0131 istasyona sahip olacak metrob\u00fcs hatt\u0131n\u0131n durak montajlar\u0131na ba\u015flad\u0131. METROB\u00dcS DURAKLARINA AKILLI S\u0130STEM \u015eehir i\u00e7i ula\u015f\u0131m\u0131 daha etkin, konforlu ve teknolojik hale getirmek amac\u0131yla tasarlanan; t\u00fcm ihtiya\u00e7lara cevap verebilecek \u00f6zelliklere sahip ak\u0131ll\u0131 duraklar\u0131n montaj\u0131 bir bir ger\u00e7ekle\u015ftiriliyor. Ak\u0131ll\u0131 teknolojilerle donat\u0131lan bu duraklar, sens\u00f6rleri, 7\/24 \u00e7al\u0131\u015fan g\u00fcvenlik kameralar\u0131, ses sistemleri, bilgilendirme kiosklar\u0131, reklam panolar\u0131 ve ger\u00e7ek zamanl\u0131 bilgi sunan LED ekranlar\u0131yla toplu ta\u015f\u0131ma deneyimini maksimum konfora ula\u015ft\u0131racak. Engelli bireyler i\u00e7in de eri\u015filebilir \u015fekilde tasarlanan ak\u0131ll\u0131 duraklar, \u00f6zel rampa ve zemin yap\u0131s\u0131yla herkesin kullan\u0131m\u0131na uygun hale getirilecek. \u200bSakarya B\u00fcy\u00fck\u015fehir Belediyesi taraf\u0131ndan hayata ge\u00e7irilecek metrob\u00fcs hatt\u0131 projesinde \u00e7al\u0131\u015fmalar tam h\u0131z\u0131yla devam ediyor.SAKARYA (\u0130GFA) &#8211; Sakarya B\u00fcy\u00fck\u015fehir Belediyesi\u2019nin \u00f6z kaynaklar\u0131yla s\u00fcrd\u00fcrd\u00fc\u011f\u00fc metrob\u00fcs hatt\u0131 projesinde \u00e7al\u0131\u015fmalar t\u00fcm h\u0131z\u0131yla devam ediyor. 19,5 kilometrelik g\u00fczerg\u00e2h \u00fczerinde neredeyse her noktada ayr\u0131 bir \u00e7al\u0131\u015fma y\u00fcr\u00fcten B\u00fcy\u00fck\u015fehir Belediyesi ekipleri, 13 farkl\u0131 istasyona sahip olacak metrob\u00fcs hatt\u0131n\u0131n durak montajlar\u0131na ba\u015flad\u0131. METROB\u00dcS DURAKLARINA AKILLI S\u0130STEM \u015eehir i\u00e7i ula\u015f\u0131m\u0131 daha etkin, konforlu ve teknolojik hale getirmek amac\u0131yla tasarlanan; &hellip;<\/p>","protected":false},"author":1,"featured_media":0,"comment_status":"","ping_status":"open","sticky":false,"template":"","format":"standard","meta":{"_acf_changed":false,"footnotes":""},"categories":[24],"tags":[],"class_list":["post-125340","post","type-post","status-publish","format-standard","has-post-thumbnail","hentry","category-gundem"],"acf":[],"yoast_head":"<!-- This site is optimized with the Yoast SEO Premium plugin v26.6 (Yoast SEO v27.1.1) - https:\/\/yoast.com\/product\/yoast-seo-premium-wordpress\/ -->\n<title>Sakarya&#039;da 13 istasyonlu metrob\u00fcs hatt\u0131na ak\u0131ll\u0131 dokunu\u015f - Av. Deniz Can K\u0131z\u0131l<\/title>\n<meta name=\"robots\" content=\"index, follow, max-snippet:-1, max-image-preview:large, max-video-preview:-1\" \/>\n<link rel=\"canonical\" href=\"https:\/\/denizcankizil.tr\/en\/haberler\/gundem\/sakaryada-13-istasyonlu-metrobus-hattina-akilli-dokunus\/\" \/>\n<meta property=\"og:locale\" content=\"en_GB\" \/>\n<meta property=\"og:type\" content=\"article\" \/>\n<meta property=\"og:title\" content=\"Sakarya&#039;da 13 istasyonlu metrob\u00fcs hatt\u0131na ak\u0131ll\u0131 dokunu\u015f\" \/>\n<meta property=\"og:description\" content=\"Sakarya B\u00fcy\u00fck\u015fehir Belediyesi taraf\u0131ndan hayata ge\u00e7irilecek metrob\u00fcs hatt\u0131 projesinde \u00e7al\u0131\u015fmalar tam h\u0131z\u0131yla devam ediyor.SAKARYA (\u0130GFA) &#8211; Sakarya B\u00fcy\u00fck\u015fehir Belediyesi\u2019nin \u00f6z kaynaklar\u0131yla s\u00fcrd\u00fcrd\u00fc\u011f\u00fc metrob\u00fcs hatt\u0131 projesinde \u00e7al\u0131\u015fmalar t\u00fcm h\u0131z\u0131yla devam ediyor. 19,5 kilometrelik g\u00fczerg\u00e2h \u00fczerinde neredeyse her noktada ayr\u0131 bir \u00e7al\u0131\u015fma y\u00fcr\u00fcten B\u00fcy\u00fck\u015fehir Belediyesi ekipleri, 13 farkl\u0131 istasyona sahip olacak metrob\u00fcs hatt\u0131n\u0131n durak montajlar\u0131na ba\u015flad\u0131. METROB\u00dcS DURAKLARINA AKILLI S\u0130STEM \u015eehir i\u00e7i ula\u015f\u0131m\u0131 daha etkin, konforlu ve teknolojik hale getirmek amac\u0131yla tasarlanan; t\u00fcm ihtiya\u00e7lara cevap verebilecek \u00f6zelliklere sahip ak\u0131ll\u0131 duraklar\u0131n montaj\u0131 bir bir ger\u00e7ekle\u015ftiriliyor. Ak\u0131ll\u0131 teknolojilerle donat\u0131lan bu duraklar, sens\u00f6rleri, 7\/24 \u00e7al\u0131\u015fan g\u00fcvenlik kameralar\u0131, ses sistemleri, bilgilendirme kiosklar\u0131, reklam panolar\u0131 ve ger\u00e7ek zamanl\u0131 bilgi sunan LED ekranlar\u0131yla toplu ta\u015f\u0131ma deneyimini maksimum konfora ula\u015ft\u0131racak. Engelli bireyler i\u00e7in de eri\u015filebilir \u015fekilde tasarlanan ak\u0131ll\u0131 duraklar, \u00f6zel rampa ve zemin yap\u0131s\u0131yla herkesin kullan\u0131m\u0131na uygun hale getirilecek. \u200bSakarya B\u00fcy\u00fck\u015fehir Belediyesi taraf\u0131ndan hayata ge\u00e7irilecek metrob\u00fcs hatt\u0131 projesinde \u00e7al\u0131\u015fmalar tam h\u0131z\u0131yla devam ediyor.SAKARYA (\u0130GFA) &#8211; Sakarya B\u00fcy\u00fck\u015fehir Belediyesi\u2019nin \u00f6z kaynaklar\u0131yla s\u00fcrd\u00fcrd\u00fc\u011f\u00fc metrob\u00fcs hatt\u0131 projesinde \u00e7al\u0131\u015fmalar t\u00fcm h\u0131z\u0131yla devam ediyor. 19,5 kilometrelik g\u00fczerg\u00e2h \u00fczerinde neredeyse her noktada ayr\u0131 bir \u00e7al\u0131\u015fma y\u00fcr\u00fcten B\u00fcy\u00fck\u015fehir Belediyesi ekipleri, 13 farkl\u0131 istasyona sahip olacak metrob\u00fcs hatt\u0131n\u0131n durak montajlar\u0131na ba\u015flad\u0131. METROB\u00dcS DURAKLARINA AKILLI S\u0130STEM \u015eehir i\u00e7i ula\u015f\u0131m\u0131 daha etkin, konforlu ve teknolojik hale getirmek amac\u0131yla tasarlanan; &hellip;\" \/>\n<meta property=\"og:url\" content=\"https:\/\/denizcankizil.tr\/en\/haberler\/gundem\/sakaryada-13-istasyonlu-metrobus-hattina-akilli-dokunus\/\" \/>\n<meta property=\"og:site_name\" content=\"Av. Deniz Can K\u0131z\u0131l\" \/>\n<meta property=\"article:published_time\" content=\"2025-06-24T14:42:32+00:00\" \/>\n<meta name=\"author\" content=\"admin\" \/>\n<meta name=\"twitter:card\" content=\"summary_large_image\" \/>\n<meta name=\"twitter:label1\" content=\"Written by\" \/>\n\t<meta name=\"twitter:data1\" content=\"admin\" \/>\n\t<meta name=\"twitter:label2\" content=\"Estimated reading time\" \/>\n\t<meta name=\"twitter:data2\" content=\"2 minutes\" \/>\n<script type=\"application\/ld+json\" class=\"yoast-schema-graph\">{\"@context\":\"https:\/\/schema.org\",\"@graph\":[{\"@type\":\"Article\",\"@id\":\"https:\/\/denizcankizil.tr\/en\/haberler\/gundem\/sakaryada-13-istasyonlu-metrobus-hattina-akilli-dokunus\/#article\",\"isPartOf\":{\"@id\":\"https:\/\/denizcankizil.tr\/en\/haberler\/gundem\/sakaryada-13-istasyonlu-metrobus-hattina-akilli-dokunus\/\"},\"author\":{\"name\":\"admin\",\"@id\":\"https:\/\/denizcankizil.tr\/de\/#\/schema\/person\/be3c05fe6a12686905512445d8185489\"},\"headline\":\"Sakarya&#8217;da 13 istasyonlu metrob\u00fcs hatt\u0131na ak\u0131ll\u0131 dokunu\u015f\",\"datePublished\":\"2025-06-24T14:42:32+00:00\",\"mainEntityOfPage\":{\"@id\":\"https:\/\/denizcankizil.tr\/en\/haberler\/gundem\/sakaryada-13-istasyonlu-metrobus-hattina-akilli-dokunus\/\"},\"wordCount\":398,\"publisher\":{\"@id\":\"https:\/\/denizcankizil.tr\/de\/#organization\"},\"articleSection\":[\"G\u00fcndem\"],\"inLanguage\":\"en-GB\"},{\"@type\":\"WebPage\",\"@id\":\"https:\/\/denizcankizil.tr\/en\/haberler\/gundem\/sakaryada-13-istasyonlu-metrobus-hattina-akilli-dokunus\/\",\"url\":\"https:\/\/denizcankizil.tr\/en\/haberler\/gundem\/sakaryada-13-istasyonlu-metrobus-hattina-akilli-dokunus\/\",\"name\":\"Sakarya'da 13 istasyonlu metrob\u00fcs hatt\u0131na ak\u0131ll\u0131 dokunu\u015f - Av. Deniz Can K\u0131z\u0131l\",\"isPartOf\":{\"@id\":\"https:\/\/denizcankizil.tr\/de\/#website\"},\"datePublished\":\"2025-06-24T14:42:32+00:00\",\"breadcrumb\":{\"@id\":\"https:\/\/denizcankizil.tr\/en\/haberler\/gundem\/sakaryada-13-istasyonlu-metrobus-hattina-akilli-dokunus\/#breadcrumb\"},\"inLanguage\":\"en-GB\",\"potentialAction\":[{\"@type\":\"ReadAction\",\"target\":[\"https:\/\/denizcankizil.tr\/en\/haberler\/gundem\/sakaryada-13-istasyonlu-metrobus-hattina-akilli-dokunus\/\"]}]},{\"@type\":\"BreadcrumbList\",\"@id\":\"https:\/\/denizcankizil.tr\/en\/haberler\/gundem\/sakaryada-13-istasyonlu-metrobus-hattina-akilli-dokunus\/#breadcrumb\",\"itemListElement\":[{\"@type\":\"ListItem\",\"position\":1,\"name\":\"Home\",\"item\":\"https:\/\/denizcankizil.tr\/de\/\"},{\"@type\":\"ListItem\",\"position\":2,\"name\":\"Sakarya&#8217;da 13 istasyonlu metrob\u00fcs hatt\u0131na ak\u0131ll\u0131 dokunu\u015f\"}]},{\"@type\":\"WebSite\",\"@id\":\"https:\/\/denizcankizil.tr\/de\/#website\",\"url\":\"https:\/\/denizcankizil.tr\/de\/\",\"name\":\"Av. Deniz Can K\u0131z\u0131l\",\"description\":\"Avukat Deniz Can K\u0131z\u0131l Antalya Barosu\",\"publisher\":{\"@id\":\"https:\/\/denizcankizil.tr\/de\/#organization\"},\"potentialAction\":[{\"@type\":\"SearchAction\",\"target\":{\"@type\":\"EntryPoint\",\"urlTemplate\":\"https:\/\/denizcankizil.tr\/de\/?s={search_term_string}\"},\"query-input\":{\"@type\":\"PropertyValueSpecification\",\"valueRequired\":true,\"valueName\":\"search_term_string\"}}],\"inLanguage\":\"en-GB\"},{\"@type\":\"Organization\",\"@id\":\"https:\/\/denizcankizil.tr\/de\/#organization\",\"name\":\"Av. Deniz Can K\u0131z\u0131l\",\"url\":\"https:\/\/denizcankizil.tr\/de\/\",\"logo\":{\"@type\":\"ImageObject\",\"inLanguage\":\"en-GB\",\"@id\":\"https:\/\/denizcankizil.tr\/de\/#\/schema\/logo\/image\/\",\"url\":\"https:\/\/denizcankizil.tr\/wp-content\/uploads\/2024\/10\/siyah-logo-svg.svg\",\"contentUrl\":\"https:\/\/denizcankizil.tr\/wp-content\/uploads\/2024\/10\/siyah-logo-svg.svg\",\"width\":1080,\"height\":1080,\"caption\":\"Av. Deniz Can K\u0131z\u0131l\"},\"image\":{\"@id\":\"https:\/\/denizcankizil.tr\/de\/#\/schema\/logo\/image\/\"}},{\"@type\":\"Person\",\"@id\":\"https:\/\/denizcankizil.tr\/de\/#\/schema\/person\/be3c05fe6a12686905512445d8185489\",\"name\":\"admin\",\"image\":{\"@type\":\"ImageObject\",\"inLanguage\":\"en-GB\",\"@id\":\"https:\/\/denizcankizil.tr\/de\/#\/schema\/person\/image\/\",\"url\":\"https:\/\/secure.gravatar.com\/avatar\/c1fce94c830dc79107e174f890d7210541c4a63e8e5d816341794a2151c9d58c?s=96&d=mm&r=g\",\"contentUrl\":\"https:\/\/secure.gravatar.com\/avatar\/c1fce94c830dc79107e174f890d7210541c4a63e8e5d816341794a2151c9d58c?s=96&d=mm&r=g\",\"caption\":\"admin\"},\"sameAs\":[\"http:\/\/denizcankizil.tr\"],\"url\":\"https:\/\/www.iskenderun.org\/sakaryada-13-istasyonlu-metrobus-hattina-akilli-dokunus\"}]}<\/script>\n<!-- \/ Yoast SEO Premium plugin. -->","yoast_head_json":{"title":"Sakarya'da 13 istasyonlu metrob\u00fcs hatt\u0131na ak\u0131ll\u0131 dokunu\u015f - Av. Deniz Can K\u0131z\u0131l","robots":{"index":"index","follow":"follow","max-snippet":"max-snippet:-1","max-image-preview":"max-image-preview:large","max-video-preview":"max-video-preview:-1"},"canonical":"https:\/\/denizcankizil.tr\/en\/haberler\/gundem\/sakaryada-13-istasyonlu-metrobus-hattina-akilli-dokunus\/","og_locale":"en_GB","og_type":"article","og_title":"Sakarya'da 13 istasyonlu metrob\u00fcs hatt\u0131na ak\u0131ll\u0131 dokunu\u015f","og_description":"Sakarya B\u00fcy\u00fck\u015fehir Belediyesi taraf\u0131ndan hayata ge\u00e7irilecek metrob\u00fcs hatt\u0131 projesinde \u00e7al\u0131\u015fmalar tam h\u0131z\u0131yla devam ediyor.SAKARYA (\u0130GFA) &#8211; Sakarya B\u00fcy\u00fck\u015fehir Belediyesi\u2019nin \u00f6z kaynaklar\u0131yla s\u00fcrd\u00fcrd\u00fc\u011f\u00fc metrob\u00fcs hatt\u0131 projesinde \u00e7al\u0131\u015fmalar t\u00fcm h\u0131z\u0131yla devam ediyor. 19,5 kilometrelik g\u00fczerg\u00e2h \u00fczerinde neredeyse her noktada ayr\u0131 bir \u00e7al\u0131\u015fma y\u00fcr\u00fcten B\u00fcy\u00fck\u015fehir Belediyesi ekipleri, 13 farkl\u0131 istasyona sahip olacak metrob\u00fcs hatt\u0131n\u0131n durak montajlar\u0131na ba\u015flad\u0131. METROB\u00dcS DURAKLARINA AKILLI S\u0130STEM \u015eehir i\u00e7i ula\u015f\u0131m\u0131 daha etkin, konforlu ve teknolojik hale getirmek amac\u0131yla tasarlanan; t\u00fcm ihtiya\u00e7lara cevap verebilecek \u00f6zelliklere sahip ak\u0131ll\u0131 duraklar\u0131n montaj\u0131 bir bir ger\u00e7ekle\u015ftiriliyor. Ak\u0131ll\u0131 teknolojilerle donat\u0131lan bu duraklar, sens\u00f6rleri, 7\/24 \u00e7al\u0131\u015fan g\u00fcvenlik kameralar\u0131, ses sistemleri, bilgilendirme kiosklar\u0131, reklam panolar\u0131 ve ger\u00e7ek zamanl\u0131 bilgi sunan LED ekranlar\u0131yla toplu ta\u015f\u0131ma deneyimini maksimum konfora ula\u015ft\u0131racak. Engelli bireyler i\u00e7in de eri\u015filebilir \u015fekilde tasarlanan ak\u0131ll\u0131 duraklar, \u00f6zel rampa ve zemin yap\u0131s\u0131yla herkesin kullan\u0131m\u0131na uygun hale getirilecek. \u200bSakarya B\u00fcy\u00fck\u015fehir Belediyesi taraf\u0131ndan hayata ge\u00e7irilecek metrob\u00fcs hatt\u0131 projesinde \u00e7al\u0131\u015fmalar tam h\u0131z\u0131yla devam ediyor.SAKARYA (\u0130GFA) &#8211; Sakarya B\u00fcy\u00fck\u015fehir Belediyesi\u2019nin \u00f6z kaynaklar\u0131yla s\u00fcrd\u00fcrd\u00fc\u011f\u00fc metrob\u00fcs hatt\u0131 projesinde \u00e7al\u0131\u015fmalar t\u00fcm h\u0131z\u0131yla devam ediyor. 19,5 kilometrelik g\u00fczerg\u00e2h \u00fczerinde neredeyse her noktada ayr\u0131 bir \u00e7al\u0131\u015fma y\u00fcr\u00fcten B\u00fcy\u00fck\u015fehir Belediyesi ekipleri, 13 farkl\u0131 istasyona sahip olacak metrob\u00fcs hatt\u0131n\u0131n durak montajlar\u0131na ba\u015flad\u0131. METROB\u00dcS DURAKLARINA AKILLI S\u0130STEM \u015eehir i\u00e7i ula\u015f\u0131m\u0131 daha etkin, konforlu ve teknolojik hale getirmek amac\u0131yla tasarlanan; &hellip;","og_url":"https:\/\/denizcankizil.tr\/en\/haberler\/gundem\/sakaryada-13-istasyonlu-metrobus-hattina-akilli-dokunus\/","og_site_name":"Av. Deniz Can K\u0131z\u0131l","article_published_time":"2025-06-24T14:42:32+00:00","author":"admin","twitter_card":"summary_large_image","twitter_misc":{"Written by":"admin","Estimated reading time":"2 minutes"},"schema":{"@context":"https:\/\/schema.org","@graph":[{"@type":"Article","@id":"https:\/\/denizcankizil.tr\/en\/haberler\/gundem\/sakaryada-13-istasyonlu-metrobus-hattina-akilli-dokunus\/#article","isPartOf":{"@id":"https:\/\/denizcankizil.tr\/en\/haberler\/gundem\/sakaryada-13-istasyonlu-metrobus-hattina-akilli-dokunus\/"},"author":{"name":"admin","@id":"https:\/\/denizcankizil.tr\/de\/#\/schema\/person\/be3c05fe6a12686905512445d8185489"},"headline":"Sakarya&#8217;da 13 istasyonlu metrob\u00fcs hatt\u0131na ak\u0131ll\u0131 dokunu\u015f","datePublished":"2025-06-24T14:42:32+00:00","mainEntityOfPage":{"@id":"https:\/\/denizcankizil.tr\/en\/haberler\/gundem\/sakaryada-13-istasyonlu-metrobus-hattina-akilli-dokunus\/"},"wordCount":398,"publisher":{"@id":"https:\/\/denizcankizil.tr\/de\/#organization"},"articleSection":["G\u00fcndem"],"inLanguage":"en-GB"},{"@type":"WebPage","@id":"https:\/\/denizcankizil.tr\/en\/haberler\/gundem\/sakaryada-13-istasyonlu-metrobus-hattina-akilli-dokunus\/","url":"https:\/\/denizcankizil.tr\/en\/haberler\/gundem\/sakaryada-13-istasyonlu-metrobus-hattina-akilli-dokunus\/","name":"Sakarya'da 13 istasyonlu metrob\u00fcs hatt\u0131na ak\u0131ll\u0131 dokunu\u015f - Av. Deniz Can K\u0131z\u0131l","isPartOf":{"@id":"https:\/\/denizcankizil.tr\/de\/#website"},"datePublished":"2025-06-24T14:42:32+00:00","breadcrumb":{"@id":"https:\/\/denizcankizil.tr\/en\/haberler\/gundem\/sakaryada-13-istasyonlu-metrobus-hattina-akilli-dokunus\/#breadcrumb"},"inLanguage":"en-GB","potentialAction":[{"@type":"ReadAction","target":["https:\/\/denizcankizil.tr\/en\/haberler\/gundem\/sakaryada-13-istasyonlu-metrobus-hattina-akilli-dokunus\/"]}]},{"@type":"BreadcrumbList","@id":"https:\/\/denizcankizil.tr\/en\/haberler\/gundem\/sakaryada-13-istasyonlu-metrobus-hattina-akilli-dokunus\/#breadcrumb","itemListElement":[{"@type":"ListItem","position":1,"name":"Home","item":"https:\/\/denizcankizil.tr\/de\/"},{"@type":"ListItem","position":2,"name":"Sakarya&#8217;da 13 istasyonlu metrob\u00fcs hatt\u0131na ak\u0131ll\u0131 dokunu\u015f"}]},{"@type":"WebSite","@id":"https:\/\/denizcankizil.tr\/de\/#website","url":"https:\/\/denizcankizil.tr\/de\/","name":"Av. Deniz Can K\u0131z\u0131l","description":"Avukat Deniz Can K\u0131z\u0131l Antalya Barosu","publisher":{"@id":"https:\/\/denizcankizil.tr\/de\/#organization"},"potentialAction":[{"@type":"SearchAction","target":{"@type":"EntryPoint","urlTemplate":"https:\/\/denizcankizil.tr\/de\/?s={search_term_string}"},"query-input":{"@type":"PropertyValueSpecification","valueRequired":true,"valueName":"search_term_string"}}],"inLanguage":"en-GB"},{"@type":"Organization","@id":"https:\/\/denizcankizil.tr\/de\/#organization","name":"Av. Deniz Can K\u0131z\u0131l","url":"https:\/\/denizcankizil.tr\/de\/","logo":{"@type":"ImageObject","inLanguage":"en-GB","@id":"https:\/\/denizcankizil.tr\/de\/#\/schema\/logo\/image\/","url":"https:\/\/denizcankizil.tr\/wp-content\/uploads\/2024\/10\/siyah-logo-svg.svg","contentUrl":"https:\/\/denizcankizil.tr\/wp-content\/uploads\/2024\/10\/siyah-logo-svg.svg","width":1080,"height":1080,"caption":"Av. Deniz Can K\u0131z\u0131l"},"image":{"@id":"https:\/\/denizcankizil.tr\/de\/#\/schema\/logo\/image\/"}},{"@type":"Person","@id":"https:\/\/denizcankizil.tr\/de\/#\/schema\/person\/be3c05fe6a12686905512445d8185489","name":"admin","image":{"@type":"ImageObject","inLanguage":"en-GB","@id":"https:\/\/denizcankizil.tr\/de\/#\/schema\/person\/image\/","url":"https:\/\/secure.gravatar.com\/avatar\/c1fce94c830dc79107e174f890d7210541c4a63e8e5d816341794a2151c9d58c?s=96&d=mm&r=g","contentUrl":"https:\/\/secure.gravatar.com\/avatar\/c1fce94c830dc79107e174f890d7210541c4a63e8e5d816341794a2151c9d58c?s=96&d=mm&r=g","caption":"admin"},"sameAs":["http:\/\/denizcankizil.tr"],"url":"https:\/\/www.iskenderun.org\/sakaryada-13-istasyonlu-metrobus-hattina-akilli-dokunus"}]}},"_links":{"self":[{"href":"https:\/\/denizcankizil.tr\/en\/wp-json\/wp\/v2\/posts\/125340","targetHints":{"allow":["GET"]}}],"collection":[{"href":"https:\/\/denizcankizil.tr\/en\/wp-json\/wp\/v2\/posts"}],"about":[{"href":"https:\/\/denizcankizil.tr\/en\/wp-json\/wp\/v2\/types\/post"}],"author":[{"embeddable":true,"href":"https:\/\/denizcankizil.tr\/en\/wp-json\/wp\/v2\/users\/1"}],"replies":[{"embeddable":true,"href":"https:\/\/denizcankizil.tr\/en\/wp-json\/wp\/v2\/comments?post=125340"}],"version-history":[{"count":0,"href":"https:\/\/denizcankizil.tr\/en\/wp-json\/wp\/v2\/posts\/125340\/revisions"}],"wp:attachment":[{"href":"https:\/\/denizcankizil.tr\/en\/wp-json\/wp\/v2\/media?parent=125340"}],"wp:term":[{"taxonomy":"category","embeddable":true,"href":"https:\/\/denizcankizil.tr\/en\/wp-json\/wp\/v2\/categories?post=125340"},{"taxonomy":"post_tag","embeddable":true,"href":"https:\/\/denizcankizil.tr\/en\/wp-json\/wp\/v2\/tags?post=125340"}],"curies":[{"name":"wp","href":"https:\/\/api.w.org\/{rel}","templated":true}]}}