{"id":125199,"date":"2025-06-24T14:43:41","date_gmt":"2025-06-24T11:43:41","guid":{"rendered":"https:\/\/denizcankizil.tr\/uncategorized-tr\/anahtar-parti-bursadan-musiada-ziyaret\/"},"modified":"2025-06-24T14:43:41","modified_gmt":"2025-06-24T11:43:41","slug":"anahtar-parti-bursadan-musiada-ziyaret","status":"publish","type":"post","link":"https:\/\/denizcankizil.tr\/en\/haberler\/gundem\/anahtar-parti-bursadan-musiada-ziyaret\/","title":{"rendered":"Anahtar Parti Bursa&#8217;dan M\u00dcS\u0130AD&#8217;a ziyaret!"},"content":{"rendered":"<p>Anahtar Parti Bursa \u0130l Ba\u015fkan\u0131 Fikret Aslan ile i\u015f insanlar\u0131ndan olu\u015fan y\u00f6netim kurulu heyeti, M\u00dcS\u0130AD Bursa \u015eubesi&#8217;ni ziyaret etti.BURSA (\u0130GFA) &#8211; Anahtar Parti Bursa \u0130l Ba\u015fkanl\u0131\u011f\u0131 toplumun t\u00fcm kesimlerine y\u00f6nelik \u00e7al\u0131\u015fmalar\u0131n\u0131 art\u0131rarak devam ediyor. Bursa \u00f6zelinde yap\u0131lan anketlerde y\u00fczde 5&#8217;lere dayanan oy oran\u0131 ile dikkatleri \u00fczerine \u00e7eken ve 14 Haziran&#8217;da Genel Ba\u015fkan Yavuz A\u011f\u0131ralio\u011flu&#8217;nun yer ald\u0131\u011f\u0131 yakla\u015f\u0131k 5 bin ki\u015finin kat\u0131l\u0131m\u0131yla mitinge d\u00f6n\u00fc\u015fen il binas\u0131 a\u00e7\u0131l\u0131\u015f\u0131n\u0131n ard\u0131ndan vakit kaybetmeyen Bursa \u0130l Ba\u015fkanl\u0131\u011f\u0131, M\u00dcS\u0130AD&#8217;\u0131 ziyaret etti.<br \/>\n&#8220;T\u00dcM EKONOM\u0130K PARAMETRELER BOZULDU&#8221;<br \/>\nM\u00dcS\u0130AD&#8217;\u0131n T\u00fcrkiye&#8217;nin en \u00f6nemli i\u015f insanlar\u0131 topluluklar\u0131 aras\u0131nda yer ald\u0131\u011f\u0131na dikkat \u00e7eken \u0130l Ba\u015fkan\u0131 Fikret Aslan, t\u00fcm ekonomi parametrelerinin bozuldu\u011fu, millet\u00e7e zora d\u00fc\u015f\u00fclen zamanda M\u00dcS\u0130AD&#8217;\u0131n \u00fcretim ve istihdama sundu\u011fu katk\u0131y\u0131 takdir ile kar\u015f\u0131lad\u0131klar\u0131n\u0131 dile getirdi.<\/p>\n<p>&#8220;ANAHTAR PART\u0130 \u00dcRET\u0130M\u0130 VE \u0130ST\u0130HDAMI DESTEKLEYECEK&#8221;<br \/>\nAdaletin ve g\u00fcvenin oldu\u011fu yere yat\u0131r\u0131m\u0131n gelece\u011fine i\u015faret eden Aslan, 23 y\u0131ll\u0131k iktidar\u0131n \u00e7\u0131rakl\u0131k d\u00f6neminde ba\u015far\u0131l\u0131 hizmetleri bulunmas\u0131na kar\u015f\u0131n ustal\u0131k diye tabir ettikleri d\u00f6nemde ekonomik buhran ile milleti bulu\u015fturdu\u011funu belirtti. Anahtar Parti&#8217;nin iktidarl\u0131\u011f\u0131 d\u00f6neminde M\u00dcS\u0130AD gibi yerli ve milli sermayenin dinamiklerini, \u00fcretim ve istihdam\u0131 destekleyerek, d\u00fczg\u00fcn kamu maliyesi ile devletin y\u00fck\u00fcn\u00fc hafifleterek \u00fclkeyi hak etti\u011fi refah seviyesine kavu\u015fturacaklar\u0131n\u0131 ifade etti.<br \/>\nORTAK HASSAS\u0130YET VURGUSU<br \/>\nM\u00fcstakil Sanayici ve \u0130\u015f \u0130nsanlar\u0131 Derne\u011fi (M\u00dcS\u0130AD) Bursa \u015eube Ba\u015fkan\u0131 Alparslan \u015eenocak ise ziyaretten duyulan memnuniyeti ileterek, her iki kurumun ortak hassasiyetleri bulundu\u011funu, M\u00dcS\u0130AD&#8217;\u0131n yerli ve milli sermayenin lokomotifi oldu\u011funu ve ortak hassasiyetleri bulunan her kurum ile somut ba\u011flar geli\u015ftireceklerinin alt\u0131n\u0131 \u00e7izdi.<\/p>\n<p>\u200bAnahtar Parti Bursa \u0130l Ba\u015fkan\u0131 Fikret Aslan ile i\u015f insanlar\u0131ndan olu\u015fan y\u00f6netim kurulu heyeti, M\u00dcS\u0130AD Bursa \u015eubesi&#8217;ni ziyaret etti.BURSA (\u0130GFA) &#8211; Anahtar Parti Bursa \u0130l Ba\u015fkanl\u0131\u011f\u0131 toplumun t\u00fcm kesimlerine y\u00f6nelik \u00e7al\u0131\u015fmalar\u0131n\u0131 art\u0131rarak devam ediyor. Bursa \u00f6zelinde yap\u0131lan anketlerde y\u00fczde 5&#8217;lere dayanan oy oran\u0131 ile dikkatleri \u00fczerine \u00e7eken ve 14 Haziran&#8217;da Genel Ba\u015fkan Yavuz A\u011f\u0131ralio\u011flu&#8217;nun yer ald\u0131\u011f\u0131 yakla\u015f\u0131k 5 bin ki\u015finin kat\u0131l\u0131m\u0131yla mitinge d\u00f6n\u00fc\u015fen il binas\u0131 a\u00e7\u0131l\u0131\u015f\u0131n\u0131n ard\u0131ndan vakit kaybetmeyen Bursa \u0130l Ba\u015fkanl\u0131\u011f\u0131, M\u00dcS\u0130AD&#8217;\u0131 ziyaret etti.<br \/>\n&#8220;T\u00dcM EKONOM\u0130K PARAMETRELER BOZULDU&#8221;<br \/>\nM\u00dcS\u0130AD&#8217;\u0131n T\u00fcrkiye&#8217;nin en \u00f6nemli i\u015f insanlar\u0131 topluluklar\u0131 aras\u0131nda yer ald\u0131\u011f\u0131na dikkat \u00e7eken \u0130l Ba\u015fkan\u0131 Fikret Aslan, t\u00fcm ekonomi parametrelerinin bozuldu\u011fu, millet\u00e7e zora d\u00fc\u015f\u00fclen zamanda M\u00dcS\u0130AD&#8217;\u0131n \u00fcretim ve istihdama sundu\u011fu katk\u0131y\u0131 takdir ile kar\u015f\u0131lad\u0131klar\u0131n\u0131 dile getirdi.<\/p>\n<p>&#8220;ANAHTAR PART\u0130 \u00dcRET\u0130M\u0130 VE \u0130ST\u0130HDAMI DESTEKLEYECEK&#8221;<br \/>\nAdaletin ve g\u00fcvenin oldu\u011fu yere yat\u0131r\u0131m\u0131n gelece\u011fine i\u015faret eden Aslan, 23 y\u0131ll\u0131k iktidar\u0131n \u00e7\u0131rakl\u0131k d\u00f6neminde ba\u015far\u0131l\u0131 hizmetleri bulunmas\u0131na kar\u015f\u0131n ustal\u0131k diye tabir ettikleri d\u00f6nemde ekonomik buhran ile milleti bulu\u015fturdu\u011funu belirtti. Anahtar Parti&#8217;nin iktidarl\u0131\u011f\u0131 d\u00f6neminde M\u00dcS\u0130AD gibi yerli ve milli sermayenin dinamiklerini, \u00fcretim ve istihdam\u0131 destekleyerek, d\u00fczg\u00fcn kamu maliyesi ile devletin y\u00fck\u00fcn\u00fc hafifleterek \u00fclkeyi hak etti\u011fi refah seviyesine kavu\u015fturacaklar\u0131n\u0131 ifade etti.<br \/>\nORTAK HASSAS\u0130YET VURGUSU<br \/>\nM\u00fcstakil Sanayici ve \u0130\u015f \u0130nsanlar\u0131 Derne\u011fi (M\u00dcS\u0130AD) Bursa \u015eube Ba\u015fkan\u0131 Alparslan \u015eenocak ise ziyaretten duyulan memnuniyeti ileterek, her iki kurumun ortak hassasiyetleri bulundu\u011funu, M\u00dcS\u0130AD&#8217;\u0131n yerli ve milli sermayenin lokomotifi oldu\u011funu ve ortak hassasiyetleri bulunan her kurum ile somut ba\u011flar geli\u015ftireceklerinin alt\u0131n\u0131 \u00e7izdi.\u00a0<\/p>\n<p>\u200bHaberin Al\u0131nt\u0131land\u0131\u011f\u0131 Kaynak: www.iskenderun.org<\/p>","protected":false},"excerpt":{"rendered":"<p>Anahtar Parti Bursa \u0130l Ba\u015fkan\u0131 Fikret Aslan ile i\u015f insanlar\u0131ndan olu\u015fan y\u00f6netim kurulu heyeti, M\u00dcS\u0130AD Bursa \u015eubesi&#8217;ni ziyaret etti.BURSA (\u0130GFA) &#8211; Anahtar Parti Bursa \u0130l Ba\u015fkanl\u0131\u011f\u0131 toplumun t\u00fcm kesimlerine y\u00f6nelik \u00e7al\u0131\u015fmalar\u0131n\u0131 art\u0131rarak devam ediyor. Bursa \u00f6zelinde yap\u0131lan anketlerde y\u00fczde 5&#8217;lere dayanan oy oran\u0131 ile dikkatleri \u00fczerine \u00e7eken ve 14 Haziran&#8217;da Genel Ba\u015fkan Yavuz A\u011f\u0131ralio\u011flu&#8217;nun yer ald\u0131\u011f\u0131 yakla\u015f\u0131k 5 bin ki\u015finin kat\u0131l\u0131m\u0131yla mitinge d\u00f6n\u00fc\u015fen il binas\u0131 a\u00e7\u0131l\u0131\u015f\u0131n\u0131n ard\u0131ndan vakit kaybetmeyen Bursa \u0130l Ba\u015fkanl\u0131\u011f\u0131, M\u00dcS\u0130AD&#8217;\u0131 ziyaret etti. &#8220;T\u00dcM EKONOM\u0130K PARAMETRELER BOZULDU&#8221; M\u00dcS\u0130AD&#8217;\u0131n T\u00fcrkiye&#8217;nin en \u00f6nemli i\u015f insanlar\u0131 topluluklar\u0131 aras\u0131nda yer ald\u0131\u011f\u0131na dikkat \u00e7eken \u0130l Ba\u015fkan\u0131 Fikret Aslan, t\u00fcm ekonomi parametrelerinin bozuldu\u011fu, millet\u00e7e zora d\u00fc\u015f\u00fclen zamanda M\u00dcS\u0130AD&#8217;\u0131n \u00fcretim ve istihdama sundu\u011fu katk\u0131y\u0131 takdir ile kar\u015f\u0131lad\u0131klar\u0131n\u0131 dile getirdi. &#8220;ANAHTAR PART\u0130 \u00dcRET\u0130M\u0130 VE \u0130ST\u0130HDAMI DESTEKLEYECEK&#8221; Adaletin ve g\u00fcvenin oldu\u011fu yere yat\u0131r\u0131m\u0131n gelece\u011fine i\u015faret eden Aslan, 23 y\u0131ll\u0131k iktidar\u0131n \u00e7\u0131rakl\u0131k d\u00f6neminde ba\u015far\u0131l\u0131 hizmetleri bulunmas\u0131na kar\u015f\u0131n ustal\u0131k diye tabir ettikleri d\u00f6nemde ekonomik buhran ile milleti bulu\u015fturdu\u011funu belirtti. Anahtar Parti&#8217;nin iktidarl\u0131\u011f\u0131 d\u00f6neminde M\u00dcS\u0130AD gibi yerli ve milli sermayenin dinamiklerini, \u00fcretim ve istihdam\u0131 destekleyerek, d\u00fczg\u00fcn kamu maliyesi ile devletin y\u00fck\u00fcn\u00fc hafifleterek \u00fclkeyi hak etti\u011fi refah seviyesine kavu\u015fturacaklar\u0131n\u0131 ifade etti. ORTAK HASSAS\u0130YET VURGUSU M\u00fcstakil Sanayici ve \u0130\u015f \u0130nsanlar\u0131 Derne\u011fi (M\u00dcS\u0130AD) Bursa \u015eube Ba\u015fkan\u0131 Alparslan \u015eenocak ise ziyaretten duyulan memnuniyeti ileterek, &hellip;<\/p>","protected":false},"author":1,"featured_media":0,"comment_status":"","ping_status":"open","sticky":false,"template":"","format":"standard","meta":{"_acf_changed":false,"footnotes":""},"categories":[24],"tags":[],"class_list":["post-125199","post","type-post","status-publish","format-standard","has-post-thumbnail","hentry","category-gundem"],"acf":[],"yoast_head":"<!-- This site is optimized with the Yoast SEO Premium plugin v26.6 (Yoast SEO v27.1.1) - https:\/\/yoast.com\/product\/yoast-seo-premium-wordpress\/ -->\n<title>Anahtar Parti Bursa&#039;dan M\u00dcS\u0130AD&#039;a ziyaret! - Av. Deniz Can K\u0131z\u0131l<\/title>\n<meta name=\"robots\" content=\"index, follow, max-snippet:-1, max-image-preview:large, max-video-preview:-1\" \/>\n<link rel=\"canonical\" href=\"https:\/\/denizcankizil.tr\/en\/haberler\/gundem\/anahtar-parti-bursadan-musiada-ziyaret\/\" \/>\n<meta property=\"og:locale\" content=\"en_GB\" \/>\n<meta property=\"og:type\" content=\"article\" \/>\n<meta property=\"og:title\" content=\"Anahtar Parti Bursa&#039;dan M\u00dcS\u0130AD&#039;a ziyaret!\" \/>\n<meta property=\"og:description\" content=\"Anahtar Parti Bursa \u0130l Ba\u015fkan\u0131 Fikret Aslan ile i\u015f insanlar\u0131ndan olu\u015fan y\u00f6netim kurulu heyeti, M\u00dcS\u0130AD Bursa \u015eubesi&#8217;ni ziyaret etti.BURSA (\u0130GFA) &#8211; Anahtar Parti Bursa \u0130l Ba\u015fkanl\u0131\u011f\u0131 toplumun t\u00fcm kesimlerine y\u00f6nelik \u00e7al\u0131\u015fmalar\u0131n\u0131 art\u0131rarak devam ediyor. Bursa \u00f6zelinde yap\u0131lan anketlerde y\u00fczde 5&#8217;lere dayanan oy oran\u0131 ile dikkatleri \u00fczerine \u00e7eken ve 14 Haziran&#8217;da Genel Ba\u015fkan Yavuz A\u011f\u0131ralio\u011flu&#8217;nun yer ald\u0131\u011f\u0131 yakla\u015f\u0131k 5 bin ki\u015finin kat\u0131l\u0131m\u0131yla mitinge d\u00f6n\u00fc\u015fen il binas\u0131 a\u00e7\u0131l\u0131\u015f\u0131n\u0131n ard\u0131ndan vakit kaybetmeyen Bursa \u0130l Ba\u015fkanl\u0131\u011f\u0131, M\u00dcS\u0130AD&#8217;\u0131 ziyaret etti. &#8220;T\u00dcM EKONOM\u0130K PARAMETRELER BOZULDU&#8221; M\u00dcS\u0130AD&#8217;\u0131n T\u00fcrkiye&#8217;nin en \u00f6nemli i\u015f insanlar\u0131 topluluklar\u0131 aras\u0131nda yer ald\u0131\u011f\u0131na dikkat \u00e7eken \u0130l Ba\u015fkan\u0131 Fikret Aslan, t\u00fcm ekonomi parametrelerinin bozuldu\u011fu, millet\u00e7e zora d\u00fc\u015f\u00fclen zamanda M\u00dcS\u0130AD&#8217;\u0131n \u00fcretim ve istihdama sundu\u011fu katk\u0131y\u0131 takdir ile kar\u015f\u0131lad\u0131klar\u0131n\u0131 dile getirdi. &#8220;ANAHTAR PART\u0130 \u00dcRET\u0130M\u0130 VE \u0130ST\u0130HDAMI DESTEKLEYECEK&#8221; Adaletin ve g\u00fcvenin oldu\u011fu yere yat\u0131r\u0131m\u0131n gelece\u011fine i\u015faret eden Aslan, 23 y\u0131ll\u0131k iktidar\u0131n \u00e7\u0131rakl\u0131k d\u00f6neminde ba\u015far\u0131l\u0131 hizmetleri bulunmas\u0131na kar\u015f\u0131n ustal\u0131k diye tabir ettikleri d\u00f6nemde ekonomik buhran ile milleti bulu\u015fturdu\u011funu belirtti. Anahtar Parti&#8217;nin iktidarl\u0131\u011f\u0131 d\u00f6neminde M\u00dcS\u0130AD gibi yerli ve milli sermayenin dinamiklerini, \u00fcretim ve istihdam\u0131 destekleyerek, d\u00fczg\u00fcn kamu maliyesi ile devletin y\u00fck\u00fcn\u00fc hafifleterek \u00fclkeyi hak etti\u011fi refah seviyesine kavu\u015fturacaklar\u0131n\u0131 ifade etti. ORTAK HASSAS\u0130YET VURGUSU M\u00fcstakil Sanayici ve \u0130\u015f \u0130nsanlar\u0131 Derne\u011fi (M\u00dcS\u0130AD) Bursa \u015eube Ba\u015fkan\u0131 Alparslan \u015eenocak ise ziyaretten duyulan memnuniyeti ileterek, &hellip;\" \/>\n<meta property=\"og:url\" content=\"https:\/\/denizcankizil.tr\/en\/haberler\/gundem\/anahtar-parti-bursadan-musiada-ziyaret\/\" \/>\n<meta property=\"og:site_name\" content=\"Av. Deniz Can K\u0131z\u0131l\" \/>\n<meta property=\"article:published_time\" content=\"2025-06-24T11:43:41+00:00\" \/>\n<meta name=\"author\" content=\"admin\" \/>\n<meta name=\"twitter:card\" content=\"summary_large_image\" \/>\n<meta name=\"twitter:label1\" content=\"Written by\" \/>\n\t<meta name=\"twitter:data1\" content=\"admin\" \/>\n\t<meta name=\"twitter:label2\" content=\"Estimated reading time\" \/>\n\t<meta name=\"twitter:data2\" content=\"3 minutes\" \/>\n<script type=\"application\/ld+json\" class=\"yoast-schema-graph\">{\"@context\":\"https:\/\/schema.org\",\"@graph\":[{\"@type\":\"Article\",\"@id\":\"https:\/\/denizcankizil.tr\/en\/haberler\/gundem\/anahtar-parti-bursadan-musiada-ziyaret\/#article\",\"isPartOf\":{\"@id\":\"https:\/\/denizcankizil.tr\/en\/haberler\/gundem\/anahtar-parti-bursadan-musiada-ziyaret\/\"},\"author\":{\"name\":\"admin\",\"@id\":\"https:\/\/denizcankizil.tr\/de\/#\/schema\/person\/be3c05fe6a12686905512445d8185489\"},\"headline\":\"Anahtar Parti Bursa&#8217;dan M\u00dcS\u0130AD&#8217;a ziyaret!\",\"datePublished\":\"2025-06-24T11:43:41+00:00\",\"mainEntityOfPage\":{\"@id\":\"https:\/\/denizcankizil.tr\/en\/haberler\/gundem\/anahtar-parti-bursadan-musiada-ziyaret\/\"},\"wordCount\":667,\"publisher\":{\"@id\":\"https:\/\/denizcankizil.tr\/de\/#organization\"},\"articleSection\":[\"G\u00fcndem\"],\"inLanguage\":\"en-GB\"},{\"@type\":\"WebPage\",\"@id\":\"https:\/\/denizcankizil.tr\/en\/haberler\/gundem\/anahtar-parti-bursadan-musiada-ziyaret\/\",\"url\":\"https:\/\/denizcankizil.tr\/en\/haberler\/gundem\/anahtar-parti-bursadan-musiada-ziyaret\/\",\"name\":\"Anahtar Parti Bursa'dan M\u00dcS\u0130AD'a ziyaret! - Av. Deniz Can K\u0131z\u0131l\",\"isPartOf\":{\"@id\":\"https:\/\/denizcankizil.tr\/de\/#website\"},\"datePublished\":\"2025-06-24T11:43:41+00:00\",\"breadcrumb\":{\"@id\":\"https:\/\/denizcankizil.tr\/en\/haberler\/gundem\/anahtar-parti-bursadan-musiada-ziyaret\/#breadcrumb\"},\"inLanguage\":\"en-GB\",\"potentialAction\":[{\"@type\":\"ReadAction\",\"target\":[\"https:\/\/denizcankizil.tr\/en\/haberler\/gundem\/anahtar-parti-bursadan-musiada-ziyaret\/\"]}]},{\"@type\":\"BreadcrumbList\",\"@id\":\"https:\/\/denizcankizil.tr\/en\/haberler\/gundem\/anahtar-parti-bursadan-musiada-ziyaret\/#breadcrumb\",\"itemListElement\":[{\"@type\":\"ListItem\",\"position\":1,\"name\":\"Home\",\"item\":\"https:\/\/denizcankizil.tr\/de\/\"},{\"@type\":\"ListItem\",\"position\":2,\"name\":\"Anahtar Parti Bursa&#8217;dan M\u00dcS\u0130AD&#8217;a ziyaret!\"}]},{\"@type\":\"WebSite\",\"@id\":\"https:\/\/denizcankizil.tr\/de\/#website\",\"url\":\"https:\/\/denizcankizil.tr\/de\/\",\"name\":\"Av. Deniz Can K\u0131z\u0131l\",\"description\":\"Avukat Deniz Can K\u0131z\u0131l Antalya Barosu\",\"publisher\":{\"@id\":\"https:\/\/denizcankizil.tr\/de\/#organization\"},\"potentialAction\":[{\"@type\":\"SearchAction\",\"target\":{\"@type\":\"EntryPoint\",\"urlTemplate\":\"https:\/\/denizcankizil.tr\/de\/?s={search_term_string}\"},\"query-input\":{\"@type\":\"PropertyValueSpecification\",\"valueRequired\":true,\"valueName\":\"search_term_string\"}}],\"inLanguage\":\"en-GB\"},{\"@type\":\"Organization\",\"@id\":\"https:\/\/denizcankizil.tr\/de\/#organization\",\"name\":\"Av. Deniz Can K\u0131z\u0131l\",\"url\":\"https:\/\/denizcankizil.tr\/de\/\",\"logo\":{\"@type\":\"ImageObject\",\"inLanguage\":\"en-GB\",\"@id\":\"https:\/\/denizcankizil.tr\/de\/#\/schema\/logo\/image\/\",\"url\":\"https:\/\/denizcankizil.tr\/wp-content\/uploads\/2024\/10\/siyah-logo-svg.svg\",\"contentUrl\":\"https:\/\/denizcankizil.tr\/wp-content\/uploads\/2024\/10\/siyah-logo-svg.svg\",\"width\":1080,\"height\":1080,\"caption\":\"Av. Deniz Can K\u0131z\u0131l\"},\"image\":{\"@id\":\"https:\/\/denizcankizil.tr\/de\/#\/schema\/logo\/image\/\"}},{\"@type\":\"Person\",\"@id\":\"https:\/\/denizcankizil.tr\/de\/#\/schema\/person\/be3c05fe6a12686905512445d8185489\",\"name\":\"admin\",\"image\":{\"@type\":\"ImageObject\",\"inLanguage\":\"en-GB\",\"@id\":\"https:\/\/denizcankizil.tr\/de\/#\/schema\/person\/image\/\",\"url\":\"https:\/\/secure.gravatar.com\/avatar\/c1fce94c830dc79107e174f890d7210541c4a63e8e5d816341794a2151c9d58c?s=96&d=mm&r=g\",\"contentUrl\":\"https:\/\/secure.gravatar.com\/avatar\/c1fce94c830dc79107e174f890d7210541c4a63e8e5d816341794a2151c9d58c?s=96&d=mm&r=g\",\"caption\":\"admin\"},\"sameAs\":[\"http:\/\/denizcankizil.tr\"],\"url\":\"https:\/\/www.iskenderun.org\/anahtar-parti-bursadan-musiada-ziyaret\"}]}<\/script>\n<!-- \/ Yoast SEO Premium plugin. -->","yoast_head_json":{"title":"Anahtar Parti Bursa'dan M\u00dcS\u0130AD'a ziyaret! - Av. Deniz Can K\u0131z\u0131l","robots":{"index":"index","follow":"follow","max-snippet":"max-snippet:-1","max-image-preview":"max-image-preview:large","max-video-preview":"max-video-preview:-1"},"canonical":"https:\/\/denizcankizil.tr\/en\/haberler\/gundem\/anahtar-parti-bursadan-musiada-ziyaret\/","og_locale":"en_GB","og_type":"article","og_title":"Anahtar Parti Bursa'dan M\u00dcS\u0130AD'a ziyaret!","og_description":"Anahtar Parti Bursa \u0130l Ba\u015fkan\u0131 Fikret Aslan ile i\u015f insanlar\u0131ndan olu\u015fan y\u00f6netim kurulu heyeti, M\u00dcS\u0130AD Bursa \u015eubesi&#8217;ni ziyaret etti.BURSA (\u0130GFA) &#8211; Anahtar Parti Bursa \u0130l Ba\u015fkanl\u0131\u011f\u0131 toplumun t\u00fcm kesimlerine y\u00f6nelik \u00e7al\u0131\u015fmalar\u0131n\u0131 art\u0131rarak devam ediyor. Bursa \u00f6zelinde yap\u0131lan anketlerde y\u00fczde 5&#8217;lere dayanan oy oran\u0131 ile dikkatleri \u00fczerine \u00e7eken ve 14 Haziran&#8217;da Genel Ba\u015fkan Yavuz A\u011f\u0131ralio\u011flu&#8217;nun yer ald\u0131\u011f\u0131 yakla\u015f\u0131k 5 bin ki\u015finin kat\u0131l\u0131m\u0131yla mitinge d\u00f6n\u00fc\u015fen il binas\u0131 a\u00e7\u0131l\u0131\u015f\u0131n\u0131n ard\u0131ndan vakit kaybetmeyen Bursa \u0130l Ba\u015fkanl\u0131\u011f\u0131, M\u00dcS\u0130AD&#8217;\u0131 ziyaret etti. &#8220;T\u00dcM EKONOM\u0130K PARAMETRELER BOZULDU&#8221; M\u00dcS\u0130AD&#8217;\u0131n T\u00fcrkiye&#8217;nin en \u00f6nemli i\u015f insanlar\u0131 topluluklar\u0131 aras\u0131nda yer ald\u0131\u011f\u0131na dikkat \u00e7eken \u0130l Ba\u015fkan\u0131 Fikret Aslan, t\u00fcm ekonomi parametrelerinin bozuldu\u011fu, millet\u00e7e zora d\u00fc\u015f\u00fclen zamanda M\u00dcS\u0130AD&#8217;\u0131n \u00fcretim ve istihdama sundu\u011fu katk\u0131y\u0131 takdir ile kar\u015f\u0131lad\u0131klar\u0131n\u0131 dile getirdi. &#8220;ANAHTAR PART\u0130 \u00dcRET\u0130M\u0130 VE \u0130ST\u0130HDAMI DESTEKLEYECEK&#8221; Adaletin ve g\u00fcvenin oldu\u011fu yere yat\u0131r\u0131m\u0131n gelece\u011fine i\u015faret eden Aslan, 23 y\u0131ll\u0131k iktidar\u0131n \u00e7\u0131rakl\u0131k d\u00f6neminde ba\u015far\u0131l\u0131 hizmetleri bulunmas\u0131na kar\u015f\u0131n ustal\u0131k diye tabir ettikleri d\u00f6nemde ekonomik buhran ile milleti bulu\u015fturdu\u011funu belirtti. Anahtar Parti&#8217;nin iktidarl\u0131\u011f\u0131 d\u00f6neminde M\u00dcS\u0130AD gibi yerli ve milli sermayenin dinamiklerini, \u00fcretim ve istihdam\u0131 destekleyerek, d\u00fczg\u00fcn kamu maliyesi ile devletin y\u00fck\u00fcn\u00fc hafifleterek \u00fclkeyi hak etti\u011fi refah seviyesine kavu\u015fturacaklar\u0131n\u0131 ifade etti. ORTAK HASSAS\u0130YET VURGUSU M\u00fcstakil Sanayici ve \u0130\u015f \u0130nsanlar\u0131 Derne\u011fi (M\u00dcS\u0130AD) Bursa \u015eube Ba\u015fkan\u0131 Alparslan \u015eenocak ise ziyaretten duyulan memnuniyeti ileterek, &hellip;","og_url":"https:\/\/denizcankizil.tr\/en\/haberler\/gundem\/anahtar-parti-bursadan-musiada-ziyaret\/","og_site_name":"Av. Deniz Can K\u0131z\u0131l","article_published_time":"2025-06-24T11:43:41+00:00","author":"admin","twitter_card":"summary_large_image","twitter_misc":{"Written by":"admin","Estimated reading time":"3 minutes"},"schema":{"@context":"https:\/\/schema.org","@graph":[{"@type":"Article","@id":"https:\/\/denizcankizil.tr\/en\/haberler\/gundem\/anahtar-parti-bursadan-musiada-ziyaret\/#article","isPartOf":{"@id":"https:\/\/denizcankizil.tr\/en\/haberler\/gundem\/anahtar-parti-bursadan-musiada-ziyaret\/"},"author":{"name":"admin","@id":"https:\/\/denizcankizil.tr\/de\/#\/schema\/person\/be3c05fe6a12686905512445d8185489"},"headline":"Anahtar Parti Bursa&#8217;dan M\u00dcS\u0130AD&#8217;a ziyaret!","datePublished":"2025-06-24T11:43:41+00:00","mainEntityOfPage":{"@id":"https:\/\/denizcankizil.tr\/en\/haberler\/gundem\/anahtar-parti-bursadan-musiada-ziyaret\/"},"wordCount":667,"publisher":{"@id":"https:\/\/denizcankizil.tr\/de\/#organization"},"articleSection":["G\u00fcndem"],"inLanguage":"en-GB"},{"@type":"WebPage","@id":"https:\/\/denizcankizil.tr\/en\/haberler\/gundem\/anahtar-parti-bursadan-musiada-ziyaret\/","url":"https:\/\/denizcankizil.tr\/en\/haberler\/gundem\/anahtar-parti-bursadan-musiada-ziyaret\/","name":"Anahtar Parti Bursa'dan M\u00dcS\u0130AD'a ziyaret! - Av. Deniz Can K\u0131z\u0131l","isPartOf":{"@id":"https:\/\/denizcankizil.tr\/de\/#website"},"datePublished":"2025-06-24T11:43:41+00:00","breadcrumb":{"@id":"https:\/\/denizcankizil.tr\/en\/haberler\/gundem\/anahtar-parti-bursadan-musiada-ziyaret\/#breadcrumb"},"inLanguage":"en-GB","potentialAction":[{"@type":"ReadAction","target":["https:\/\/denizcankizil.tr\/en\/haberler\/gundem\/anahtar-parti-bursadan-musiada-ziyaret\/"]}]},{"@type":"BreadcrumbList","@id":"https:\/\/denizcankizil.tr\/en\/haberler\/gundem\/anahtar-parti-bursadan-musiada-ziyaret\/#breadcrumb","itemListElement":[{"@type":"ListItem","position":1,"name":"Home","item":"https:\/\/denizcankizil.tr\/de\/"},{"@type":"ListItem","position":2,"name":"Anahtar Parti Bursa&#8217;dan M\u00dcS\u0130AD&#8217;a ziyaret!"}]},{"@type":"WebSite","@id":"https:\/\/denizcankizil.tr\/de\/#website","url":"https:\/\/denizcankizil.tr\/de\/","name":"Av. Deniz Can K\u0131z\u0131l","description":"Avukat Deniz Can K\u0131z\u0131l Antalya Barosu","publisher":{"@id":"https:\/\/denizcankizil.tr\/de\/#organization"},"potentialAction":[{"@type":"SearchAction","target":{"@type":"EntryPoint","urlTemplate":"https:\/\/denizcankizil.tr\/de\/?s={search_term_string}"},"query-input":{"@type":"PropertyValueSpecification","valueRequired":true,"valueName":"search_term_string"}}],"inLanguage":"en-GB"},{"@type":"Organization","@id":"https:\/\/denizcankizil.tr\/de\/#organization","name":"Av. Deniz Can K\u0131z\u0131l","url":"https:\/\/denizcankizil.tr\/de\/","logo":{"@type":"ImageObject","inLanguage":"en-GB","@id":"https:\/\/denizcankizil.tr\/de\/#\/schema\/logo\/image\/","url":"https:\/\/denizcankizil.tr\/wp-content\/uploads\/2024\/10\/siyah-logo-svg.svg","contentUrl":"https:\/\/denizcankizil.tr\/wp-content\/uploads\/2024\/10\/siyah-logo-svg.svg","width":1080,"height":1080,"caption":"Av. Deniz Can K\u0131z\u0131l"},"image":{"@id":"https:\/\/denizcankizil.tr\/de\/#\/schema\/logo\/image\/"}},{"@type":"Person","@id":"https:\/\/denizcankizil.tr\/de\/#\/schema\/person\/be3c05fe6a12686905512445d8185489","name":"admin","image":{"@type":"ImageObject","inLanguage":"en-GB","@id":"https:\/\/denizcankizil.tr\/de\/#\/schema\/person\/image\/","url":"https:\/\/secure.gravatar.com\/avatar\/c1fce94c830dc79107e174f890d7210541c4a63e8e5d816341794a2151c9d58c?s=96&d=mm&r=g","contentUrl":"https:\/\/secure.gravatar.com\/avatar\/c1fce94c830dc79107e174f890d7210541c4a63e8e5d816341794a2151c9d58c?s=96&d=mm&r=g","caption":"admin"},"sameAs":["http:\/\/denizcankizil.tr"],"url":"https:\/\/www.iskenderun.org\/anahtar-parti-bursadan-musiada-ziyaret"}]}},"_links":{"self":[{"href":"https:\/\/denizcankizil.tr\/en\/wp-json\/wp\/v2\/posts\/125199","targetHints":{"allow":["GET"]}}],"collection":[{"href":"https:\/\/denizcankizil.tr\/en\/wp-json\/wp\/v2\/posts"}],"about":[{"href":"https:\/\/denizcankizil.tr\/en\/wp-json\/wp\/v2\/types\/post"}],"author":[{"embeddable":true,"href":"https:\/\/denizcankizil.tr\/en\/wp-json\/wp\/v2\/users\/1"}],"replies":[{"embeddable":true,"href":"https:\/\/denizcankizil.tr\/en\/wp-json\/wp\/v2\/comments?post=125199"}],"version-history":[{"count":0,"href":"https:\/\/denizcankizil.tr\/en\/wp-json\/wp\/v2\/posts\/125199\/revisions"}],"wp:attachment":[{"href":"https:\/\/denizcankizil.tr\/en\/wp-json\/wp\/v2\/media?parent=125199"}],"wp:term":[{"taxonomy":"category","embeddable":true,"href":"https:\/\/denizcankizil.tr\/en\/wp-json\/wp\/v2\/categories?post=125199"},{"taxonomy":"post_tag","embeddable":true,"href":"https:\/\/denizcankizil.tr\/en\/wp-json\/wp\/v2\/tags?post=125199"}],"curies":[{"name":"wp","href":"https:\/\/api.w.org\/{rel}","templated":true}]}}