{"id":125150,"date":"2025-06-24T14:41:35","date_gmt":"2025-06-24T11:41:35","guid":{"rendered":"https:\/\/denizcankizil.tr\/uncategorized-tr\/antalya-yurt-disindan-en-cok-goc-alan-illerden-biri-oldu\/"},"modified":"2025-06-24T14:41:35","modified_gmt":"2025-06-24T11:41:35","slug":"antalya-yurt-disindan-en-cok-goc-alan-illerden-biri-oldu","status":"publish","type":"post","link":"https:\/\/denizcankizil.tr\/en\/haberler\/antalya\/antalya-yurt-disindan-en-cok-goc-alan-illerden-biri-oldu\/","title":{"rendered":"Antalya yurt d\u0131\u015f\u0131ndan en \u00e7ok g\u00f6\u00e7 alan illerden biri oldu"},"content":{"rendered":"<p>T\u00fcrkiye \u0130statistik Kurumu (T\u00dc\u0130K), 2024 y\u0131l\u0131na ait Uluslararas\u0131 G\u00f6\u00e7 \u0130statistiklerini a\u00e7\u0131klad\u0131. Verilere g\u00f6re, 2024 y\u0131l\u0131nda yurt d\u0131\u015f\u0131ndan T\u00fcrkiye&#8217;ye g\u00f6\u00e7 eden ki\u015fi say\u0131s\u0131 bir \u00f6nceki y\u0131la g\u00f6re y\u00fczde 0,6 azalarak 314 bin 588 oldu. Bu n\u00fcfusun y\u00fczde 54,5&#8217;ini erkekler, y\u00fczde 45,5&#8217;ini ise kad\u0131nlar olu\u015fturdu. Yurt d\u0131\u015f\u0131ndan gelenlerin 103 bin 732&#8217;si T\u00fcrk vatanda\u015flar\u0131ndan, 210 bin 856&#8217;s\u0131 ise yabanc\u0131 uyruklulardan olu\u015ftu. T\u00fcrkiye&#8217;ye g\u00f6\u00e7 edenler aras\u0131nda en fazla tercih edilen il \u0130stanbul olurken, Antalya da g\u00f6\u00e7 alan iller aras\u0131nda dikkat \u00e7ekti.<\/p>\n<p>Antalya g\u00f6\u00e7 alan iller aras\u0131nda 2. s\u0131rada<br \/>\n2024 verilerine g\u00f6re, Antalya yurt d\u0131\u015f\u0131ndan 26 bin 833 ki\u015fiyi kabul etti. Bu rakam, \u00fclke genelinde g\u00f6\u00e7 alan iller s\u0131ralamas\u0131nda Antalya&#8217;y\u0131 ikinci s\u0131raya yerle\u015ftirdi. Isparta&#8217;ya bin 247, Burdur&#8217;a ise 671 ki\u015fi g\u00f6\u00e7 etti.<\/p>\n<p>Kaynak: www.kanalv.com.tr Haber Sitesinden Al\u0131nm\u0131\u015ft\u0131r.<\/p>","protected":false},"excerpt":{"rendered":"<p>T\u00fcrkiye \u0130statistik Kurumu (T\u00dc\u0130K), 2024 y\u0131l\u0131na ait Uluslararas\u0131 G\u00f6\u00e7 \u0130statistiklerini a\u00e7\u0131klad\u0131. Verilere g\u00f6re, 2024 y\u0131l\u0131nda yurt d\u0131\u015f\u0131ndan T\u00fcrkiye&#8217;ye g\u00f6\u00e7 eden ki\u015fi say\u0131s\u0131 bir \u00f6nceki y\u0131la g\u00f6re y\u00fczde 0,6 azalarak 314 bin 588 oldu. Bu n\u00fcfusun y\u00fczde 54,5&#8217;ini erkekler, y\u00fczde 45,5&#8217;ini ise kad\u0131nlar olu\u015fturdu. Yurt d\u0131\u015f\u0131ndan gelenlerin 103 bin 732&#8217;si T\u00fcrk vatanda\u015flar\u0131ndan, 210 bin 856&#8217;s\u0131 ise yabanc\u0131 uyruklulardan olu\u015ftu. T\u00fcrkiye&#8217;ye g\u00f6\u00e7 edenler aras\u0131nda en fazla tercih edilen il \u0130stanbul olurken, Antalya da g\u00f6\u00e7 alan iller aras\u0131nda dikkat \u00e7ekti. Antalya g\u00f6\u00e7 alan iller aras\u0131nda 2. s\u0131rada 2024 verilerine g\u00f6re, Antalya yurt d\u0131\u015f\u0131ndan 26 bin 833 ki\u015fiyi kabul etti. Bu rakam, \u00fclke genelinde g\u00f6\u00e7 alan iller s\u0131ralamas\u0131nda Antalya&#8217;y\u0131 ikinci s\u0131raya yerle\u015ftirdi. Isparta&#8217;ya bin 247, Burdur&#8217;a ise 671 ki\u015fi g\u00f6\u00e7 etti. Kaynak: www.kanalv.com.tr Haber Sitesinden Al\u0131nm\u0131\u015ft\u0131r.<\/p>","protected":false},"author":4,"featured_media":0,"comment_status":"","ping_status":"open","sticky":false,"template":"","format":"standard","meta":{"_acf_changed":false,"footnotes":""},"categories":[26],"tags":[],"class_list":["post-125150","post","type-post","status-publish","format-standard","hentry","category-antalya"],"acf":[],"yoast_head":"<!-- This site is optimized with the Yoast SEO Premium plugin v26.6 (Yoast SEO v27.1.1) - https:\/\/yoast.com\/product\/yoast-seo-premium-wordpress\/ -->\n<title>Antalya yurt d\u0131\u015f\u0131ndan en \u00e7ok g\u00f6\u00e7 alan illerden biri oldu - Av. Deniz Can K\u0131z\u0131l<\/title>\n<meta name=\"robots\" content=\"index, follow, max-snippet:-1, max-image-preview:large, max-video-preview:-1\" \/>\n<link rel=\"canonical\" href=\"https:\/\/denizcankizil.tr\/en\/haberler\/antalya\/antalya-yurt-disindan-en-cok-goc-alan-illerden-biri-oldu\/\" \/>\n<meta property=\"og:locale\" content=\"en_GB\" \/>\n<meta property=\"og:type\" content=\"article\" \/>\n<meta property=\"og:title\" content=\"Antalya yurt d\u0131\u015f\u0131ndan en \u00e7ok g\u00f6\u00e7 alan illerden biri oldu\" \/>\n<meta property=\"og:description\" content=\"T\u00fcrkiye \u0130statistik Kurumu (T\u00dc\u0130K), 2024 y\u0131l\u0131na ait Uluslararas\u0131 G\u00f6\u00e7 \u0130statistiklerini a\u00e7\u0131klad\u0131. Verilere g\u00f6re, 2024 y\u0131l\u0131nda yurt d\u0131\u015f\u0131ndan T\u00fcrkiye&#8217;ye g\u00f6\u00e7 eden ki\u015fi say\u0131s\u0131 bir \u00f6nceki y\u0131la g\u00f6re y\u00fczde 0,6 azalarak 314 bin 588 oldu. Bu n\u00fcfusun y\u00fczde 54,5&#8217;ini erkekler, y\u00fczde 45,5&#8217;ini ise kad\u0131nlar olu\u015fturdu. Yurt d\u0131\u015f\u0131ndan gelenlerin 103 bin 732&#8217;si T\u00fcrk vatanda\u015flar\u0131ndan, 210 bin 856&#8217;s\u0131 ise yabanc\u0131 uyruklulardan olu\u015ftu. T\u00fcrkiye&#8217;ye g\u00f6\u00e7 edenler aras\u0131nda en fazla tercih edilen il \u0130stanbul olurken, Antalya da g\u00f6\u00e7 alan iller aras\u0131nda dikkat \u00e7ekti. Antalya g\u00f6\u00e7 alan iller aras\u0131nda 2. s\u0131rada 2024 verilerine g\u00f6re, Antalya yurt d\u0131\u015f\u0131ndan 26 bin 833 ki\u015fiyi kabul etti. Bu rakam, \u00fclke genelinde g\u00f6\u00e7 alan iller s\u0131ralamas\u0131nda Antalya&#8217;y\u0131 ikinci s\u0131raya yerle\u015ftirdi. Isparta&#8217;ya bin 247, Burdur&#8217;a ise 671 ki\u015fi g\u00f6\u00e7 etti. Kaynak: www.kanalv.com.tr Haber Sitesinden Al\u0131nm\u0131\u015ft\u0131r.\" \/>\n<meta property=\"og:url\" content=\"https:\/\/denizcankizil.tr\/en\/haberler\/antalya\/antalya-yurt-disindan-en-cok-goc-alan-illerden-biri-oldu\/\" \/>\n<meta property=\"og:site_name\" content=\"Av. Deniz Can K\u0131z\u0131l\" \/>\n<meta property=\"article:published_time\" content=\"2025-06-24T11:41:35+00:00\" \/>\n<meta name=\"author\" content=\"Av. Deniz Can K\u0131z\u0131l\" \/>\n<meta name=\"twitter:card\" content=\"summary_large_image\" \/>\n<meta name=\"twitter:label1\" content=\"Written by\" \/>\n\t<meta name=\"twitter:data1\" content=\"Av. Deniz Can K\u0131z\u0131l\" \/>\n\t<meta name=\"twitter:label2\" content=\"Estimated reading time\" \/>\n\t<meta name=\"twitter:data2\" content=\"1 minute\" \/>\n<script type=\"application\/ld+json\" class=\"yoast-schema-graph\">{\"@context\":\"https:\/\/schema.org\",\"@graph\":[{\"@type\":\"Article\",\"@id\":\"https:\/\/denizcankizil.tr\/en\/haberler\/antalya\/antalya-yurt-disindan-en-cok-goc-alan-illerden-biri-oldu\/#article\",\"isPartOf\":{\"@id\":\"https:\/\/denizcankizil.tr\/en\/haberler\/antalya\/antalya-yurt-disindan-en-cok-goc-alan-illerden-biri-oldu\/\"},\"author\":{\"name\":\"Av. Deniz Can K\u0131z\u0131l\",\"@id\":\"https:\/\/denizcankizil.tr\/#\/schema\/person\/5dc1b22991bd7ac833867c10afc9b0ff\"},\"headline\":\"Antalya yurt d\u0131\u015f\u0131ndan en \u00e7ok g\u00f6\u00e7 alan illerden biri oldu\",\"datePublished\":\"2025-06-24T11:41:35+00:00\",\"mainEntityOfPage\":{\"@id\":\"https:\/\/denizcankizil.tr\/en\/haberler\/antalya\/antalya-yurt-disindan-en-cok-goc-alan-illerden-biri-oldu\/\"},\"wordCount\":169,\"publisher\":{\"@id\":\"https:\/\/denizcankizil.tr\/#organization\"},\"articleSection\":[\"Antalya\"],\"inLanguage\":\"en-GB\"},{\"@type\":\"WebPage\",\"@id\":\"https:\/\/denizcankizil.tr\/en\/haberler\/antalya\/antalya-yurt-disindan-en-cok-goc-alan-illerden-biri-oldu\/\",\"url\":\"https:\/\/denizcankizil.tr\/en\/haberler\/antalya\/antalya-yurt-disindan-en-cok-goc-alan-illerden-biri-oldu\/\",\"name\":\"Antalya yurt d\u0131\u015f\u0131ndan en \u00e7ok g\u00f6\u00e7 alan illerden biri oldu - Av. Deniz Can K\u0131z\u0131l\",\"isPartOf\":{\"@id\":\"https:\/\/denizcankizil.tr\/#website\"},\"datePublished\":\"2025-06-24T11:41:35+00:00\",\"breadcrumb\":{\"@id\":\"https:\/\/denizcankizil.tr\/en\/haberler\/antalya\/antalya-yurt-disindan-en-cok-goc-alan-illerden-biri-oldu\/#breadcrumb\"},\"inLanguage\":\"en-GB\",\"potentialAction\":[{\"@type\":\"ReadAction\",\"target\":[\"https:\/\/denizcankizil.tr\/en\/haberler\/antalya\/antalya-yurt-disindan-en-cok-goc-alan-illerden-biri-oldu\/\"]}]},{\"@type\":\"BreadcrumbList\",\"@id\":\"https:\/\/denizcankizil.tr\/en\/haberler\/antalya\/antalya-yurt-disindan-en-cok-goc-alan-illerden-biri-oldu\/#breadcrumb\",\"itemListElement\":[{\"@type\":\"ListItem\",\"position\":1,\"name\":\"Home\",\"item\":\"https:\/\/denizcankizil.tr\/de\/\"},{\"@type\":\"ListItem\",\"position\":2,\"name\":\"Antalya yurt d\u0131\u015f\u0131ndan en \u00e7ok g\u00f6\u00e7 alan illerden biri oldu\"}]},{\"@type\":\"WebSite\",\"@id\":\"https:\/\/denizcankizil.tr\/#website\",\"url\":\"https:\/\/denizcankizil.tr\/\",\"name\":\"Av. Deniz Can K\u0131z\u0131l\",\"description\":\"Avukat Deniz Can K\u0131z\u0131l Antalya Barosu\",\"publisher\":{\"@id\":\"https:\/\/denizcankizil.tr\/#organization\"},\"potentialAction\":[{\"@type\":\"SearchAction\",\"target\":{\"@type\":\"EntryPoint\",\"urlTemplate\":\"https:\/\/denizcankizil.tr\/?s={search_term_string}\"},\"query-input\":{\"@type\":\"PropertyValueSpecification\",\"valueRequired\":true,\"valueName\":\"search_term_string\"}}],\"inLanguage\":\"en-GB\"},{\"@type\":\"Organization\",\"@id\":\"https:\/\/denizcankizil.tr\/#organization\",\"name\":\"Av. Deniz Can K\u0131z\u0131l\",\"url\":\"https:\/\/denizcankizil.tr\/\",\"logo\":{\"@type\":\"ImageObject\",\"inLanguage\":\"en-GB\",\"@id\":\"https:\/\/denizcankizil.tr\/#\/schema\/logo\/image\/\",\"url\":\"https:\/\/denizcankizil.tr\/wp-content\/uploads\/2024\/10\/siyah-logo-svg.svg\",\"contentUrl\":\"https:\/\/denizcankizil.tr\/wp-content\/uploads\/2024\/10\/siyah-logo-svg.svg\",\"width\":1080,\"height\":1080,\"caption\":\"Av. Deniz Can K\u0131z\u0131l\"},\"image\":{\"@id\":\"https:\/\/denizcankizil.tr\/#\/schema\/logo\/image\/\"}},{\"@type\":\"Person\",\"@id\":\"https:\/\/denizcankizil.tr\/#\/schema\/person\/5dc1b22991bd7ac833867c10afc9b0ff\",\"name\":\"Av. Deniz Can K\u0131z\u0131l\",\"image\":{\"@type\":\"ImageObject\",\"inLanguage\":\"en-GB\",\"@id\":\"https:\/\/denizcankizil.tr\/#\/schema\/person\/image\/\",\"url\":\"https:\/\/secure.gravatar.com\/avatar\/a0b128fb9855c79efc976d5640eedb31dc35ec297594d6016d2cf7c60e975bb6?s=96&d=mm&r=g\",\"contentUrl\":\"https:\/\/secure.gravatar.com\/avatar\/a0b128fb9855c79efc976d5640eedb31dc35ec297594d6016d2cf7c60e975bb6?s=96&d=mm&r=g\",\"caption\":\"Av. Deniz Can K\u0131z\u0131l\"},\"sameAs\":[\"http:\/\/www.denizcankizil.tr\"],\"url\":\"https:\/\/denizcankizil.tr\/en\/author\/denizcankizil\/\"}]}<\/script>\n<!-- \/ Yoast SEO Premium plugin. -->","yoast_head_json":{"title":"Antalya yurt d\u0131\u015f\u0131ndan en \u00e7ok g\u00f6\u00e7 alan illerden biri oldu - Av. Deniz Can K\u0131z\u0131l","robots":{"index":"index","follow":"follow","max-snippet":"max-snippet:-1","max-image-preview":"max-image-preview:large","max-video-preview":"max-video-preview:-1"},"canonical":"https:\/\/denizcankizil.tr\/en\/haberler\/antalya\/antalya-yurt-disindan-en-cok-goc-alan-illerden-biri-oldu\/","og_locale":"en_GB","og_type":"article","og_title":"Antalya yurt d\u0131\u015f\u0131ndan en \u00e7ok g\u00f6\u00e7 alan illerden biri oldu","og_description":"T\u00fcrkiye \u0130statistik Kurumu (T\u00dc\u0130K), 2024 y\u0131l\u0131na ait Uluslararas\u0131 G\u00f6\u00e7 \u0130statistiklerini a\u00e7\u0131klad\u0131. Verilere g\u00f6re, 2024 y\u0131l\u0131nda yurt d\u0131\u015f\u0131ndan T\u00fcrkiye&#8217;ye g\u00f6\u00e7 eden ki\u015fi say\u0131s\u0131 bir \u00f6nceki y\u0131la g\u00f6re y\u00fczde 0,6 azalarak 314 bin 588 oldu. Bu n\u00fcfusun y\u00fczde 54,5&#8217;ini erkekler, y\u00fczde 45,5&#8217;ini ise kad\u0131nlar olu\u015fturdu. Yurt d\u0131\u015f\u0131ndan gelenlerin 103 bin 732&#8217;si T\u00fcrk vatanda\u015flar\u0131ndan, 210 bin 856&#8217;s\u0131 ise yabanc\u0131 uyruklulardan olu\u015ftu. T\u00fcrkiye&#8217;ye g\u00f6\u00e7 edenler aras\u0131nda en fazla tercih edilen il \u0130stanbul olurken, Antalya da g\u00f6\u00e7 alan iller aras\u0131nda dikkat \u00e7ekti. Antalya g\u00f6\u00e7 alan iller aras\u0131nda 2. s\u0131rada 2024 verilerine g\u00f6re, Antalya yurt d\u0131\u015f\u0131ndan 26 bin 833 ki\u015fiyi kabul etti. Bu rakam, \u00fclke genelinde g\u00f6\u00e7 alan iller s\u0131ralamas\u0131nda Antalya&#8217;y\u0131 ikinci s\u0131raya yerle\u015ftirdi. Isparta&#8217;ya bin 247, Burdur&#8217;a ise 671 ki\u015fi g\u00f6\u00e7 etti. Kaynak: www.kanalv.com.tr Haber Sitesinden Al\u0131nm\u0131\u015ft\u0131r.","og_url":"https:\/\/denizcankizil.tr\/en\/haberler\/antalya\/antalya-yurt-disindan-en-cok-goc-alan-illerden-biri-oldu\/","og_site_name":"Av. Deniz Can K\u0131z\u0131l","article_published_time":"2025-06-24T11:41:35+00:00","author":"Av. Deniz Can K\u0131z\u0131l","twitter_card":"summary_large_image","twitter_misc":{"Written by":"Av. Deniz Can K\u0131z\u0131l","Estimated reading time":"1 minute"},"schema":{"@context":"https:\/\/schema.org","@graph":[{"@type":"Article","@id":"https:\/\/denizcankizil.tr\/en\/haberler\/antalya\/antalya-yurt-disindan-en-cok-goc-alan-illerden-biri-oldu\/#article","isPartOf":{"@id":"https:\/\/denizcankizil.tr\/en\/haberler\/antalya\/antalya-yurt-disindan-en-cok-goc-alan-illerden-biri-oldu\/"},"author":{"name":"Av. Deniz Can K\u0131z\u0131l","@id":"https:\/\/denizcankizil.tr\/#\/schema\/person\/5dc1b22991bd7ac833867c10afc9b0ff"},"headline":"Antalya yurt d\u0131\u015f\u0131ndan en \u00e7ok g\u00f6\u00e7 alan illerden biri oldu","datePublished":"2025-06-24T11:41:35+00:00","mainEntityOfPage":{"@id":"https:\/\/denizcankizil.tr\/en\/haberler\/antalya\/antalya-yurt-disindan-en-cok-goc-alan-illerden-biri-oldu\/"},"wordCount":169,"publisher":{"@id":"https:\/\/denizcankizil.tr\/#organization"},"articleSection":["Antalya"],"inLanguage":"en-GB"},{"@type":"WebPage","@id":"https:\/\/denizcankizil.tr\/en\/haberler\/antalya\/antalya-yurt-disindan-en-cok-goc-alan-illerden-biri-oldu\/","url":"https:\/\/denizcankizil.tr\/en\/haberler\/antalya\/antalya-yurt-disindan-en-cok-goc-alan-illerden-biri-oldu\/","name":"Antalya yurt d\u0131\u015f\u0131ndan en \u00e7ok g\u00f6\u00e7 alan illerden biri oldu - Av. Deniz Can K\u0131z\u0131l","isPartOf":{"@id":"https:\/\/denizcankizil.tr\/#website"},"datePublished":"2025-06-24T11:41:35+00:00","breadcrumb":{"@id":"https:\/\/denizcankizil.tr\/en\/haberler\/antalya\/antalya-yurt-disindan-en-cok-goc-alan-illerden-biri-oldu\/#breadcrumb"},"inLanguage":"en-GB","potentialAction":[{"@type":"ReadAction","target":["https:\/\/denizcankizil.tr\/en\/haberler\/antalya\/antalya-yurt-disindan-en-cok-goc-alan-illerden-biri-oldu\/"]}]},{"@type":"BreadcrumbList","@id":"https:\/\/denizcankizil.tr\/en\/haberler\/antalya\/antalya-yurt-disindan-en-cok-goc-alan-illerden-biri-oldu\/#breadcrumb","itemListElement":[{"@type":"ListItem","position":1,"name":"Home","item":"https:\/\/denizcankizil.tr\/de\/"},{"@type":"ListItem","position":2,"name":"Antalya yurt d\u0131\u015f\u0131ndan en \u00e7ok g\u00f6\u00e7 alan illerden biri oldu"}]},{"@type":"WebSite","@id":"https:\/\/denizcankizil.tr\/#website","url":"https:\/\/denizcankizil.tr\/","name":"Av. Deniz Can K\u0131z\u0131l","description":"Avukat Deniz Can K\u0131z\u0131l Antalya Barosu","publisher":{"@id":"https:\/\/denizcankizil.tr\/#organization"},"potentialAction":[{"@type":"SearchAction","target":{"@type":"EntryPoint","urlTemplate":"https:\/\/denizcankizil.tr\/?s={search_term_string}"},"query-input":{"@type":"PropertyValueSpecification","valueRequired":true,"valueName":"search_term_string"}}],"inLanguage":"en-GB"},{"@type":"Organization","@id":"https:\/\/denizcankizil.tr\/#organization","name":"Av. Deniz Can K\u0131z\u0131l","url":"https:\/\/denizcankizil.tr\/","logo":{"@type":"ImageObject","inLanguage":"en-GB","@id":"https:\/\/denizcankizil.tr\/#\/schema\/logo\/image\/","url":"https:\/\/denizcankizil.tr\/wp-content\/uploads\/2024\/10\/siyah-logo-svg.svg","contentUrl":"https:\/\/denizcankizil.tr\/wp-content\/uploads\/2024\/10\/siyah-logo-svg.svg","width":1080,"height":1080,"caption":"Av. Deniz Can K\u0131z\u0131l"},"image":{"@id":"https:\/\/denizcankizil.tr\/#\/schema\/logo\/image\/"}},{"@type":"Person","@id":"https:\/\/denizcankizil.tr\/#\/schema\/person\/5dc1b22991bd7ac833867c10afc9b0ff","name":"Av. Deniz Can K\u0131z\u0131l","image":{"@type":"ImageObject","inLanguage":"en-GB","@id":"https:\/\/denizcankizil.tr\/#\/schema\/person\/image\/","url":"https:\/\/secure.gravatar.com\/avatar\/a0b128fb9855c79efc976d5640eedb31dc35ec297594d6016d2cf7c60e975bb6?s=96&d=mm&r=g","contentUrl":"https:\/\/secure.gravatar.com\/avatar\/a0b128fb9855c79efc976d5640eedb31dc35ec297594d6016d2cf7c60e975bb6?s=96&d=mm&r=g","caption":"Av. Deniz Can K\u0131z\u0131l"},"sameAs":["http:\/\/www.denizcankizil.tr"],"url":"https:\/\/denizcankizil.tr\/en\/author\/denizcankizil\/"}]}},"_links":{"self":[{"href":"https:\/\/denizcankizil.tr\/en\/wp-json\/wp\/v2\/posts\/125150","targetHints":{"allow":["GET"]}}],"collection":[{"href":"https:\/\/denizcankizil.tr\/en\/wp-json\/wp\/v2\/posts"}],"about":[{"href":"https:\/\/denizcankizil.tr\/en\/wp-json\/wp\/v2\/types\/post"}],"author":[{"embeddable":true,"href":"https:\/\/denizcankizil.tr\/en\/wp-json\/wp\/v2\/users\/4"}],"replies":[{"embeddable":true,"href":"https:\/\/denizcankizil.tr\/en\/wp-json\/wp\/v2\/comments?post=125150"}],"version-history":[{"count":0,"href":"https:\/\/denizcankizil.tr\/en\/wp-json\/wp\/v2\/posts\/125150\/revisions"}],"wp:attachment":[{"href":"https:\/\/denizcankizil.tr\/en\/wp-json\/wp\/v2\/media?parent=125150"}],"wp:term":[{"taxonomy":"category","embeddable":true,"href":"https:\/\/denizcankizil.tr\/en\/wp-json\/wp\/v2\/categories?post=125150"},{"taxonomy":"post_tag","embeddable":true,"href":"https:\/\/denizcankizil.tr\/en\/wp-json\/wp\/v2\/tags?post=125150"}],"curies":[{"name":"wp","href":"https:\/\/api.w.org\/{rel}","templated":true}]}}