{"id":125107,"date":"2025-06-24T13:41:17","date_gmt":"2025-06-24T10:41:17","guid":{"rendered":"https:\/\/denizcankizil.tr\/uncategorized-tr\/antalyada-luks-otel-tahliye-ediliyor-2-hafta-sure-verildi\/"},"modified":"2025-06-24T13:41:17","modified_gmt":"2025-06-24T10:41:17","slug":"antalyada-luks-otel-tahliye-ediliyor-2-hafta-sure-verildi","status":"publish","type":"post","link":"https:\/\/denizcankizil.tr\/en\/haberler\/gundem\/antalyada-luks-otel-tahliye-ediliyor-2-hafta-sure-verildi\/","title":{"rendered":"Antalya\u2019da l\u00fcks otel tahliye ediliyor: 2 hafta s\u00fcre verildi"},"content":{"rendered":"<p>Manavgat il\u00e7esinde K\u0131z\u0131la\u011fa\u00e7 Turizm Merkezi&#8217;nde 1035 odal\u0131 5 y\u0131ld\u0131zl\u0131 konaklama tesisi, sahibi olan firma taraf\u0131ndan ba\u015fka bir \u015firkete 3 Kas\u0131m 2021&#8217;de kiralan\u0131p, faaliyete ba\u015flad\u0131. 130 d\u00f6n\u00fcm arazide K\u00fclt\u00fcr ve Turizm Bakanl\u0131\u011f\u0131 taraf\u0131ndan tahsisli ve projesi onayl\u0131 tesiste; m\u00fclk sahibi, \u015firket temsilcileri ge\u00e7en y\u0131l ocak ay\u0131nda otelde inceleme yapt\u0131. \u0130ncelemede; \u015firket temsilcileri, imara, onaylanm\u0131\u015f plan ve projelere ayk\u0131r\u0131 yap\u0131la\u015fma yap\u0131ld\u0131\u011f\u0131n\u0131 belirledi. M\u00fclk sahibi \u015firket, tesiste kendilerinden onay olmadan de\u011fi\u015fiklik yap\u0131ld\u0131\u011f\u0131 iddias\u0131yla Manavgat 1&#8217;inci Sulh Hukuk Mahkemesi&#8217;ne ba\u015fvurdu. Bunun \u00fczerine mahkeme taraf\u0131ndan g\u00f6revlendirilen bilirki\u015fi, ge\u00e7en y\u0131l 30 Nisan ve 5 Haziran&#8217;da 2 ayr\u0131 inceleme ger\u00e7ekle\u015ftirildi.<\/p>\n<p>DE\u011e\u0130\u015e\u0130L\u0130KLER B\u0130L\u0130RK\u0130\u015e\u0130 RAPORUNDA<\/p>\n<p>Bilirki\u015fi raporlar\u0131nda tesiste yap\u0131lan de\u011fi\u015fiklikler \u015f\u00f6yle yer ald\u0131: &#8220;\u00c7im futbol sahalar\u0131n\u0131n kald\u0131r\u0131larak mini club ve havuz yap\u0131ld\u0131\u011f\u0131, havuzun yan taraf\u0131nda demir konstr\u00fcksiyondan bar alan\u0131 in\u015fa edildi\u011fi, tenis kortlar\u0131n\u0131n iptal edilerek a\u00e7\u0131k otopark olarak kullan\u0131ld\u0131\u011f\u0131, amfi tiyatronun alt\u0131n\u0131n de\u011fi\u015ftirilerek mutfak ve so\u011fuk hava deposu ile \u00e7\u00f6p deposu yap\u0131ld\u0131\u011f\u0131, tesisin ana mutfa\u011f\u0131nda baz\u0131 duvarlar\u0131n y\u0131k\u0131larak al\u00e7\u0131pan malzemelerle de\u011fi\u015fiklikler yap\u0131ld\u0131\u011f\u0131, mal kabul alan\u0131na asans\u00f6r in\u015fa edildi\u011fi, kapal\u0131 otopark\u0131n bir k\u0131sm\u0131n\u0131n ayr\u0131larak personel yemekhanesi olarak kullan\u0131ld\u0131\u011f\u0131, sahile giden yola tuvaletler ve s\u00f6k\u00fclebilir malzemelerden restoran yap\u0131ld\u0131\u011f\u0131 ve bina alt\u0131nda bulunan havuz bar\u0131n b\u00fcy\u00fct\u00fcld\u00fc\u011f\u00fc ve bina i\u00e7erisindeki yap\u0131lar\u0131n mevcut durumunun de\u011fi\u015ftirildi\u011fi anla\u015f\u0131lm\u0131\u015ft\u0131r.&#8221;<\/p>\n<p>PROJELE AYKIRI YAPILAR VAR<\/p>\n<p>Bilirki\u015fi raporlar\u0131 sonras\u0131 m\u00fclk sahibi, kira s\u00f6zle\u015fmesini feshetti. Manavgat 1&#8217;inci Sulh Hukuk Mahkemesi&#8217;ne ba\u015fvuran m\u00fclk sahibi \u015firket yetkilileri, kirac\u0131 \u015firketin onayl\u0131 plan ve projelere ayk\u0131r\u0131 yap\u0131sal de\u011fi\u015fiklikler yapmalar\u0131n\u0131 gerek\u00e7e g\u00f6stererek tahliye edilmesini talep etti. Kirac\u0131 \u015firketin ihtara ra\u011fmen yap\u0131y\u0131 eski haline getirmedi\u011fi vurguland\u0131.<\/p>\n<p>TAHL\u0130YE DAVASI A\u00c7ILDI<\/p>\n<p>M\u00fclk sahibi \u015firket yetkilileri, kira s\u00f6zle\u015fmesinde yer almas\u0131na ra\u011fmen bakanl\u0131\u011fa \u00f6demesi gerekirken \u00f6denmeyen 15 milyon 583 bin 509 lira has\u0131lat pay\u0131n\u0131n gecikme cezas\u0131yla 18 milyon 482 bin 457 liraya y\u00fckseldi\u011fini ve bu \u00f6demeyi kendilerinin ger\u00e7ekle\u015ftirdi\u011fini mahkemeye sundu. Ge\u00e7en y\u0131l temmuzda m\u00fclk sahibi \u015firket ile kirac\u0131 \u015firketin temsilcileri aras\u0131nda uzla\u015fma g\u00f6r\u00fc\u015fmeleri yap\u0131ld\u0131. G\u00f6r\u00fc\u015fmelerin olumsuz sona ermesiyle m\u00fclk sahibi \u015firket taraf\u0131ndan Manavgat 1&#8217;inci Sulh Ceza Mahkemesi&#8217;ne tahliye davas\u0131 a\u00e7\u0131ld\u0131. 19 Haziran&#8217;da g\u00f6r\u00fclen davada, kirac\u0131 \u015firketin avukatlar\u0131 tahliye talebinin reddine karar verilmesini istedi.<\/p>\n<p>\u0130T\u0130RAZ YOLU A\u00c7IK<\/p>\n<p>Dosyay\u0131 inceleyen mahkeme, 5 y\u0131ld\u0131zl\u0131 otelin tahliye edilmesine karar verdi. Mahkeme karar\u0131nda, \u015fu ifadeler kullan\u0131ld\u0131: &#8220;Daval\u0131n\u0131n kirac\u0131 olarak bulundu\u011fu Antalya ili, Manavgat il\u00e7esi, K\u0131z\u0131la\u011fa\u00e7 mevkii, Karacalar k\u00f6y\u00fc, 1167 parseldeki tesisin s\u00f6zle\u015fmeye ayk\u0131r\u0131l\u0131k nedeniyle, 2 hafta i\u00e7erisinde itiraz yolu a\u00e7\u0131k olmak \u00fczere tahliyesine karar verildi.&#8221; Di\u011fer yandan halen a\u00e7\u0131k olan otelde m\u00fc\u015fterilerin tatillerini s\u00fcrd\u00fcrd\u00fc\u011f\u00fc \u00f6\u011frenildi.<\/p>\n<p>\u200bAntalya\u2019n\u0131n Manavgat il\u00e7esinde bulunan 5 y\u0131ld\u0131zl\u0131 bir otelin m\u00fclk sahibi, i\u015fletmeci \u015firket hakk\u0131nda tahliye davas\u0131 a\u00e7t\u0131. Gerek\u00e7e olarak, tesiste K\u00fclt\u00fcr ve Turizm Bakanl\u0131\u011f\u0131\u2019ndan gerekli onaylar al\u0131nmadan yap\u0131lan imara ayk\u0131r\u0131 yap\u0131la\u015fmalar ve bakanl\u0131\u011fa \u00f6denmesi gereken has\u0131lat pay\u0131n\u0131n \u00f6denmemesi g\u00f6sterildi. Mahkeme, 5 g\u00fcn \u00f6nce sonu\u00e7lanan duru\u015fmada, 1035 yatak kapasiteli otelin 2 hafta i\u00e7inde tahliye edilmesine h\u00fckmetti.\u00a0<\/p>\n<p>\u200bHaberin Al\u0131nt\u0131land\u0131\u011f\u0131 Kaynak: www.antalyakorfez.com<\/p>","protected":false},"excerpt":{"rendered":"<p>Manavgat il\u00e7esinde K\u0131z\u0131la\u011fa\u00e7 Turizm Merkezi&#8217;nde 1035 odal\u0131 5 y\u0131ld\u0131zl\u0131 konaklama tesisi, sahibi olan firma taraf\u0131ndan ba\u015fka bir \u015firkete 3 Kas\u0131m 2021&#8217;de kiralan\u0131p, faaliyete ba\u015flad\u0131. 130 d\u00f6n\u00fcm arazide K\u00fclt\u00fcr ve Turizm Bakanl\u0131\u011f\u0131 taraf\u0131ndan tahsisli ve projesi onayl\u0131 tesiste; m\u00fclk sahibi, \u015firket temsilcileri ge\u00e7en y\u0131l ocak ay\u0131nda otelde inceleme yapt\u0131. \u0130ncelemede; \u015firket temsilcileri, imara, onaylanm\u0131\u015f plan ve projelere ayk\u0131r\u0131 yap\u0131la\u015fma yap\u0131ld\u0131\u011f\u0131n\u0131 belirledi. M\u00fclk sahibi \u015firket, tesiste kendilerinden onay olmadan de\u011fi\u015fiklik yap\u0131ld\u0131\u011f\u0131 iddias\u0131yla Manavgat 1&#8217;inci Sulh Hukuk Mahkemesi&#8217;ne ba\u015fvurdu. Bunun \u00fczerine mahkeme taraf\u0131ndan g\u00f6revlendirilen bilirki\u015fi, ge\u00e7en y\u0131l 30 Nisan ve 5 Haziran&#8217;da 2 ayr\u0131 inceleme ger\u00e7ekle\u015ftirildi. DE\u011e\u0130\u015e\u0130L\u0130KLER B\u0130L\u0130RK\u0130\u015e\u0130 RAPORUNDA Bilirki\u015fi raporlar\u0131nda tesiste yap\u0131lan de\u011fi\u015fiklikler \u015f\u00f6yle yer ald\u0131: &#8220;\u00c7im futbol sahalar\u0131n\u0131n kald\u0131r\u0131larak mini club ve havuz yap\u0131ld\u0131\u011f\u0131, havuzun yan taraf\u0131nda demir konstr\u00fcksiyondan bar alan\u0131 in\u015fa edildi\u011fi, tenis kortlar\u0131n\u0131n iptal edilerek a\u00e7\u0131k otopark olarak kullan\u0131ld\u0131\u011f\u0131, amfi tiyatronun alt\u0131n\u0131n de\u011fi\u015ftirilerek mutfak ve so\u011fuk hava deposu ile \u00e7\u00f6p deposu yap\u0131ld\u0131\u011f\u0131, tesisin ana mutfa\u011f\u0131nda baz\u0131 duvarlar\u0131n y\u0131k\u0131larak al\u00e7\u0131pan malzemelerle de\u011fi\u015fiklikler yap\u0131ld\u0131\u011f\u0131, mal kabul alan\u0131na asans\u00f6r in\u015fa edildi\u011fi, kapal\u0131 otopark\u0131n bir k\u0131sm\u0131n\u0131n ayr\u0131larak personel yemekhanesi olarak kullan\u0131ld\u0131\u011f\u0131, sahile giden yola tuvaletler ve s\u00f6k\u00fclebilir malzemelerden restoran yap\u0131ld\u0131\u011f\u0131 ve bina alt\u0131nda bulunan havuz bar\u0131n b\u00fcy\u00fct\u00fcld\u00fc\u011f\u00fc ve bina i\u00e7erisindeki yap\u0131lar\u0131n mevcut durumunun de\u011fi\u015ftirildi\u011fi anla\u015f\u0131lm\u0131\u015ft\u0131r.&#8221; PROJELE AYKIRI YAPILAR VAR Bilirki\u015fi raporlar\u0131 sonras\u0131 m\u00fclk &hellip;<\/p>","protected":false},"author":5,"featured_media":0,"comment_status":"","ping_status":"open","sticky":false,"template":"","format":"standard","meta":{"_acf_changed":false,"footnotes":""},"categories":[24],"tags":[],"class_list":["post-125107","post","type-post","status-publish","format-standard","has-post-thumbnail","hentry","category-gundem"],"acf":[],"yoast_head":"<!-- This site is optimized with the Yoast SEO Premium plugin v26.6 (Yoast SEO v27.1.1) - https:\/\/yoast.com\/product\/yoast-seo-premium-wordpress\/ -->\n<title>Antalya\u2019da l\u00fcks otel tahliye ediliyor: 2 hafta s\u00fcre verildi - Av. Deniz Can K\u0131z\u0131l<\/title>\n<meta name=\"robots\" content=\"index, follow, max-snippet:-1, max-image-preview:large, max-video-preview:-1\" \/>\n<link rel=\"canonical\" href=\"https:\/\/denizcankizil.tr\/en\/haberler\/gundem\/antalyada-luks-otel-tahliye-ediliyor-2-hafta-sure-verildi\/\" \/>\n<meta property=\"og:locale\" content=\"en_GB\" \/>\n<meta property=\"og:type\" content=\"article\" \/>\n<meta property=\"og:title\" content=\"Antalya\u2019da l\u00fcks otel tahliye ediliyor: 2 hafta s\u00fcre verildi\" \/>\n<meta property=\"og:description\" content=\"Manavgat il\u00e7esinde K\u0131z\u0131la\u011fa\u00e7 Turizm Merkezi&#8217;nde 1035 odal\u0131 5 y\u0131ld\u0131zl\u0131 konaklama tesisi, sahibi olan firma taraf\u0131ndan ba\u015fka bir \u015firkete 3 Kas\u0131m 2021&#8217;de kiralan\u0131p, faaliyete ba\u015flad\u0131. 130 d\u00f6n\u00fcm arazide K\u00fclt\u00fcr ve Turizm Bakanl\u0131\u011f\u0131 taraf\u0131ndan tahsisli ve projesi onayl\u0131 tesiste; m\u00fclk sahibi, \u015firket temsilcileri ge\u00e7en y\u0131l ocak ay\u0131nda otelde inceleme yapt\u0131. \u0130ncelemede; \u015firket temsilcileri, imara, onaylanm\u0131\u015f plan ve projelere ayk\u0131r\u0131 yap\u0131la\u015fma yap\u0131ld\u0131\u011f\u0131n\u0131 belirledi. M\u00fclk sahibi \u015firket, tesiste kendilerinden onay olmadan de\u011fi\u015fiklik yap\u0131ld\u0131\u011f\u0131 iddias\u0131yla Manavgat 1&#8217;inci Sulh Hukuk Mahkemesi&#8217;ne ba\u015fvurdu. Bunun \u00fczerine mahkeme taraf\u0131ndan g\u00f6revlendirilen bilirki\u015fi, ge\u00e7en y\u0131l 30 Nisan ve 5 Haziran&#8217;da 2 ayr\u0131 inceleme ger\u00e7ekle\u015ftirildi. DE\u011e\u0130\u015e\u0130L\u0130KLER B\u0130L\u0130RK\u0130\u015e\u0130 RAPORUNDA Bilirki\u015fi raporlar\u0131nda tesiste yap\u0131lan de\u011fi\u015fiklikler \u015f\u00f6yle yer ald\u0131: &#8220;\u00c7im futbol sahalar\u0131n\u0131n kald\u0131r\u0131larak mini club ve havuz yap\u0131ld\u0131\u011f\u0131, havuzun yan taraf\u0131nda demir konstr\u00fcksiyondan bar alan\u0131 in\u015fa edildi\u011fi, tenis kortlar\u0131n\u0131n iptal edilerek a\u00e7\u0131k otopark olarak kullan\u0131ld\u0131\u011f\u0131, amfi tiyatronun alt\u0131n\u0131n de\u011fi\u015ftirilerek mutfak ve so\u011fuk hava deposu ile \u00e7\u00f6p deposu yap\u0131ld\u0131\u011f\u0131, tesisin ana mutfa\u011f\u0131nda baz\u0131 duvarlar\u0131n y\u0131k\u0131larak al\u00e7\u0131pan malzemelerle de\u011fi\u015fiklikler yap\u0131ld\u0131\u011f\u0131, mal kabul alan\u0131na asans\u00f6r in\u015fa edildi\u011fi, kapal\u0131 otopark\u0131n bir k\u0131sm\u0131n\u0131n ayr\u0131larak personel yemekhanesi olarak kullan\u0131ld\u0131\u011f\u0131, sahile giden yola tuvaletler ve s\u00f6k\u00fclebilir malzemelerden restoran yap\u0131ld\u0131\u011f\u0131 ve bina alt\u0131nda bulunan havuz bar\u0131n b\u00fcy\u00fct\u00fcld\u00fc\u011f\u00fc ve bina i\u00e7erisindeki yap\u0131lar\u0131n mevcut durumunun de\u011fi\u015ftirildi\u011fi anla\u015f\u0131lm\u0131\u015ft\u0131r.&#8221; PROJELE AYKIRI YAPILAR VAR Bilirki\u015fi raporlar\u0131 sonras\u0131 m\u00fclk &hellip;\" \/>\n<meta property=\"og:url\" content=\"https:\/\/denizcankizil.tr\/en\/haberler\/gundem\/antalyada-luks-otel-tahliye-ediliyor-2-hafta-sure-verildi\/\" \/>\n<meta property=\"og:site_name\" content=\"Av. Deniz Can K\u0131z\u0131l\" \/>\n<meta property=\"article:published_time\" content=\"2025-06-24T10:41:17+00:00\" \/>\n<meta name=\"author\" content=\"Antalya K\u00f6rfez\" \/>\n<meta name=\"twitter:card\" content=\"summary_large_image\" \/>\n<meta name=\"twitter:label1\" content=\"Written by\" \/>\n\t<meta name=\"twitter:data1\" content=\"Antalya K\u00f6rfez\" \/>\n\t<meta name=\"twitter:label2\" content=\"Estimated reading time\" \/>\n\t<meta name=\"twitter:data2\" content=\"3 minutes\" \/>\n<script type=\"application\/ld+json\" class=\"yoast-schema-graph\">{\"@context\":\"https:\/\/schema.org\",\"@graph\":[{\"@type\":\"Article\",\"@id\":\"https:\/\/denizcankizil.tr\/en\/haberler\/gundem\/antalyada-luks-otel-tahliye-ediliyor-2-hafta-sure-verildi\/#article\",\"isPartOf\":{\"@id\":\"https:\/\/denizcankizil.tr\/en\/haberler\/gundem\/antalyada-luks-otel-tahliye-ediliyor-2-hafta-sure-verildi\/\"},\"author\":{\"name\":\"Antalya K\u00f6rfez\",\"@id\":\"https:\/\/denizcankizil.tr\/de\/#\/schema\/person\/e1eb71bb4dd684d46563f0af307e1234\"},\"headline\":\"Antalya\u2019da l\u00fcks otel tahliye ediliyor: 2 hafta s\u00fcre verildi\",\"datePublished\":\"2025-06-24T10:41:17+00:00\",\"mainEntityOfPage\":{\"@id\":\"https:\/\/denizcankizil.tr\/en\/haberler\/gundem\/antalyada-luks-otel-tahliye-ediliyor-2-hafta-sure-verildi\/\"},\"wordCount\":640,\"publisher\":{\"@id\":\"https:\/\/denizcankizil.tr\/de\/#organization\"},\"articleSection\":[\"G\u00fcndem\"],\"inLanguage\":\"en-GB\"},{\"@type\":\"WebPage\",\"@id\":\"https:\/\/denizcankizil.tr\/en\/haberler\/gundem\/antalyada-luks-otel-tahliye-ediliyor-2-hafta-sure-verildi\/\",\"url\":\"https:\/\/denizcankizil.tr\/en\/haberler\/gundem\/antalyada-luks-otel-tahliye-ediliyor-2-hafta-sure-verildi\/\",\"name\":\"Antalya\u2019da l\u00fcks otel tahliye ediliyor: 2 hafta s\u00fcre verildi - Av. Deniz Can K\u0131z\u0131l\",\"isPartOf\":{\"@id\":\"https:\/\/denizcankizil.tr\/de\/#website\"},\"datePublished\":\"2025-06-24T10:41:17+00:00\",\"breadcrumb\":{\"@id\":\"https:\/\/denizcankizil.tr\/en\/haberler\/gundem\/antalyada-luks-otel-tahliye-ediliyor-2-hafta-sure-verildi\/#breadcrumb\"},\"inLanguage\":\"en-GB\",\"potentialAction\":[{\"@type\":\"ReadAction\",\"target\":[\"https:\/\/denizcankizil.tr\/en\/haberler\/gundem\/antalyada-luks-otel-tahliye-ediliyor-2-hafta-sure-verildi\/\"]}]},{\"@type\":\"BreadcrumbList\",\"@id\":\"https:\/\/denizcankizil.tr\/en\/haberler\/gundem\/antalyada-luks-otel-tahliye-ediliyor-2-hafta-sure-verildi\/#breadcrumb\",\"itemListElement\":[{\"@type\":\"ListItem\",\"position\":1,\"name\":\"Home\",\"item\":\"https:\/\/denizcankizil.tr\/de\/\"},{\"@type\":\"ListItem\",\"position\":2,\"name\":\"Antalya\u2019da l\u00fcks otel tahliye ediliyor: 2 hafta s\u00fcre verildi\"}]},{\"@type\":\"WebSite\",\"@id\":\"https:\/\/denizcankizil.tr\/de\/#website\",\"url\":\"https:\/\/denizcankizil.tr\/de\/\",\"name\":\"Av. Deniz Can K\u0131z\u0131l\",\"description\":\"Avukat Deniz Can K\u0131z\u0131l Antalya Barosu\",\"publisher\":{\"@id\":\"https:\/\/denizcankizil.tr\/de\/#organization\"},\"potentialAction\":[{\"@type\":\"SearchAction\",\"target\":{\"@type\":\"EntryPoint\",\"urlTemplate\":\"https:\/\/denizcankizil.tr\/de\/?s={search_term_string}\"},\"query-input\":{\"@type\":\"PropertyValueSpecification\",\"valueRequired\":true,\"valueName\":\"search_term_string\"}}],\"inLanguage\":\"en-GB\"},{\"@type\":\"Organization\",\"@id\":\"https:\/\/denizcankizil.tr\/de\/#organization\",\"name\":\"Av. Deniz Can K\u0131z\u0131l\",\"url\":\"https:\/\/denizcankizil.tr\/de\/\",\"logo\":{\"@type\":\"ImageObject\",\"inLanguage\":\"en-GB\",\"@id\":\"https:\/\/denizcankizil.tr\/de\/#\/schema\/logo\/image\/\",\"url\":\"https:\/\/denizcankizil.tr\/wp-content\/uploads\/2024\/10\/siyah-logo-svg.svg\",\"contentUrl\":\"https:\/\/denizcankizil.tr\/wp-content\/uploads\/2024\/10\/siyah-logo-svg.svg\",\"width\":1080,\"height\":1080,\"caption\":\"Av. Deniz Can K\u0131z\u0131l\"},\"image\":{\"@id\":\"https:\/\/denizcankizil.tr\/de\/#\/schema\/logo\/image\/\"}},{\"@type\":\"Person\",\"@id\":\"https:\/\/denizcankizil.tr\/de\/#\/schema\/person\/e1eb71bb4dd684d46563f0af307e1234\",\"name\":\"Antalya K\u00f6rfez\",\"image\":{\"@type\":\"ImageObject\",\"inLanguage\":\"en-GB\",\"@id\":\"https:\/\/denizcankizil.tr\/de\/#\/schema\/person\/image\/\",\"url\":\"https:\/\/secure.gravatar.com\/avatar\/42b01982558a48a0b501fdcab6a408d3717ea5919095ee2e67b0e521799c5905?s=96&d=mm&r=g\",\"contentUrl\":\"https:\/\/secure.gravatar.com\/avatar\/42b01982558a48a0b501fdcab6a408d3717ea5919095ee2e67b0e521799c5905?s=96&d=mm&r=g\",\"caption\":\"Antalya K\u00f6rfez\"},\"sameAs\":[\"http:\/\/www.antalyakorfez.com\"],\"url\":\"https:\/\/www.antalyakorfez.com\/antalyada-luks-otel-tahliye-ediliyor-2-hafta-sure-verildi\"}]}<\/script>\n<!-- \/ Yoast SEO Premium plugin. -->","yoast_head_json":{"title":"Antalya\u2019da l\u00fcks otel tahliye ediliyor: 2 hafta s\u00fcre verildi - Av. Deniz Can K\u0131z\u0131l","robots":{"index":"index","follow":"follow","max-snippet":"max-snippet:-1","max-image-preview":"max-image-preview:large","max-video-preview":"max-video-preview:-1"},"canonical":"https:\/\/denizcankizil.tr\/en\/haberler\/gundem\/antalyada-luks-otel-tahliye-ediliyor-2-hafta-sure-verildi\/","og_locale":"en_GB","og_type":"article","og_title":"Antalya\u2019da l\u00fcks otel tahliye ediliyor: 2 hafta s\u00fcre verildi","og_description":"Manavgat il\u00e7esinde K\u0131z\u0131la\u011fa\u00e7 Turizm Merkezi&#8217;nde 1035 odal\u0131 5 y\u0131ld\u0131zl\u0131 konaklama tesisi, sahibi olan firma taraf\u0131ndan ba\u015fka bir \u015firkete 3 Kas\u0131m 2021&#8217;de kiralan\u0131p, faaliyete ba\u015flad\u0131. 130 d\u00f6n\u00fcm arazide K\u00fclt\u00fcr ve Turizm Bakanl\u0131\u011f\u0131 taraf\u0131ndan tahsisli ve projesi onayl\u0131 tesiste; m\u00fclk sahibi, \u015firket temsilcileri ge\u00e7en y\u0131l ocak ay\u0131nda otelde inceleme yapt\u0131. \u0130ncelemede; \u015firket temsilcileri, imara, onaylanm\u0131\u015f plan ve projelere ayk\u0131r\u0131 yap\u0131la\u015fma yap\u0131ld\u0131\u011f\u0131n\u0131 belirledi. M\u00fclk sahibi \u015firket, tesiste kendilerinden onay olmadan de\u011fi\u015fiklik yap\u0131ld\u0131\u011f\u0131 iddias\u0131yla Manavgat 1&#8217;inci Sulh Hukuk Mahkemesi&#8217;ne ba\u015fvurdu. Bunun \u00fczerine mahkeme taraf\u0131ndan g\u00f6revlendirilen bilirki\u015fi, ge\u00e7en y\u0131l 30 Nisan ve 5 Haziran&#8217;da 2 ayr\u0131 inceleme ger\u00e7ekle\u015ftirildi. DE\u011e\u0130\u015e\u0130L\u0130KLER B\u0130L\u0130RK\u0130\u015e\u0130 RAPORUNDA Bilirki\u015fi raporlar\u0131nda tesiste yap\u0131lan de\u011fi\u015fiklikler \u015f\u00f6yle yer ald\u0131: &#8220;\u00c7im futbol sahalar\u0131n\u0131n kald\u0131r\u0131larak mini club ve havuz yap\u0131ld\u0131\u011f\u0131, havuzun yan taraf\u0131nda demir konstr\u00fcksiyondan bar alan\u0131 in\u015fa edildi\u011fi, tenis kortlar\u0131n\u0131n iptal edilerek a\u00e7\u0131k otopark olarak kullan\u0131ld\u0131\u011f\u0131, amfi tiyatronun alt\u0131n\u0131n de\u011fi\u015ftirilerek mutfak ve so\u011fuk hava deposu ile \u00e7\u00f6p deposu yap\u0131ld\u0131\u011f\u0131, tesisin ana mutfa\u011f\u0131nda baz\u0131 duvarlar\u0131n y\u0131k\u0131larak al\u00e7\u0131pan malzemelerle de\u011fi\u015fiklikler yap\u0131ld\u0131\u011f\u0131, mal kabul alan\u0131na asans\u00f6r in\u015fa edildi\u011fi, kapal\u0131 otopark\u0131n bir k\u0131sm\u0131n\u0131n ayr\u0131larak personel yemekhanesi olarak kullan\u0131ld\u0131\u011f\u0131, sahile giden yola tuvaletler ve s\u00f6k\u00fclebilir malzemelerden restoran yap\u0131ld\u0131\u011f\u0131 ve bina alt\u0131nda bulunan havuz bar\u0131n b\u00fcy\u00fct\u00fcld\u00fc\u011f\u00fc ve bina i\u00e7erisindeki yap\u0131lar\u0131n mevcut durumunun de\u011fi\u015ftirildi\u011fi anla\u015f\u0131lm\u0131\u015ft\u0131r.&#8221; PROJELE AYKIRI YAPILAR VAR Bilirki\u015fi raporlar\u0131 sonras\u0131 m\u00fclk &hellip;","og_url":"https:\/\/denizcankizil.tr\/en\/haberler\/gundem\/antalyada-luks-otel-tahliye-ediliyor-2-hafta-sure-verildi\/","og_site_name":"Av. Deniz Can K\u0131z\u0131l","article_published_time":"2025-06-24T10:41:17+00:00","author":"Antalya K\u00f6rfez","twitter_card":"summary_large_image","twitter_misc":{"Written by":"Antalya K\u00f6rfez","Estimated reading time":"3 minutes"},"schema":{"@context":"https:\/\/schema.org","@graph":[{"@type":"Article","@id":"https:\/\/denizcankizil.tr\/en\/haberler\/gundem\/antalyada-luks-otel-tahliye-ediliyor-2-hafta-sure-verildi\/#article","isPartOf":{"@id":"https:\/\/denizcankizil.tr\/en\/haberler\/gundem\/antalyada-luks-otel-tahliye-ediliyor-2-hafta-sure-verildi\/"},"author":{"name":"Antalya K\u00f6rfez","@id":"https:\/\/denizcankizil.tr\/de\/#\/schema\/person\/e1eb71bb4dd684d46563f0af307e1234"},"headline":"Antalya\u2019da l\u00fcks otel tahliye ediliyor: 2 hafta s\u00fcre verildi","datePublished":"2025-06-24T10:41:17+00:00","mainEntityOfPage":{"@id":"https:\/\/denizcankizil.tr\/en\/haberler\/gundem\/antalyada-luks-otel-tahliye-ediliyor-2-hafta-sure-verildi\/"},"wordCount":640,"publisher":{"@id":"https:\/\/denizcankizil.tr\/de\/#organization"},"articleSection":["G\u00fcndem"],"inLanguage":"en-GB"},{"@type":"WebPage","@id":"https:\/\/denizcankizil.tr\/en\/haberler\/gundem\/antalyada-luks-otel-tahliye-ediliyor-2-hafta-sure-verildi\/","url":"https:\/\/denizcankizil.tr\/en\/haberler\/gundem\/antalyada-luks-otel-tahliye-ediliyor-2-hafta-sure-verildi\/","name":"Antalya\u2019da l\u00fcks otel tahliye ediliyor: 2 hafta s\u00fcre verildi - Av. Deniz Can K\u0131z\u0131l","isPartOf":{"@id":"https:\/\/denizcankizil.tr\/de\/#website"},"datePublished":"2025-06-24T10:41:17+00:00","breadcrumb":{"@id":"https:\/\/denizcankizil.tr\/en\/haberler\/gundem\/antalyada-luks-otel-tahliye-ediliyor-2-hafta-sure-verildi\/#breadcrumb"},"inLanguage":"en-GB","potentialAction":[{"@type":"ReadAction","target":["https:\/\/denizcankizil.tr\/en\/haberler\/gundem\/antalyada-luks-otel-tahliye-ediliyor-2-hafta-sure-verildi\/"]}]},{"@type":"BreadcrumbList","@id":"https:\/\/denizcankizil.tr\/en\/haberler\/gundem\/antalyada-luks-otel-tahliye-ediliyor-2-hafta-sure-verildi\/#breadcrumb","itemListElement":[{"@type":"ListItem","position":1,"name":"Home","item":"https:\/\/denizcankizil.tr\/de\/"},{"@type":"ListItem","position":2,"name":"Antalya\u2019da l\u00fcks otel tahliye ediliyor: 2 hafta s\u00fcre verildi"}]},{"@type":"WebSite","@id":"https:\/\/denizcankizil.tr\/de\/#website","url":"https:\/\/denizcankizil.tr\/de\/","name":"Av. Deniz Can K\u0131z\u0131l","description":"Avukat Deniz Can K\u0131z\u0131l Antalya Barosu","publisher":{"@id":"https:\/\/denizcankizil.tr\/de\/#organization"},"potentialAction":[{"@type":"SearchAction","target":{"@type":"EntryPoint","urlTemplate":"https:\/\/denizcankizil.tr\/de\/?s={search_term_string}"},"query-input":{"@type":"PropertyValueSpecification","valueRequired":true,"valueName":"search_term_string"}}],"inLanguage":"en-GB"},{"@type":"Organization","@id":"https:\/\/denizcankizil.tr\/de\/#organization","name":"Av. Deniz Can K\u0131z\u0131l","url":"https:\/\/denizcankizil.tr\/de\/","logo":{"@type":"ImageObject","inLanguage":"en-GB","@id":"https:\/\/denizcankizil.tr\/de\/#\/schema\/logo\/image\/","url":"https:\/\/denizcankizil.tr\/wp-content\/uploads\/2024\/10\/siyah-logo-svg.svg","contentUrl":"https:\/\/denizcankizil.tr\/wp-content\/uploads\/2024\/10\/siyah-logo-svg.svg","width":1080,"height":1080,"caption":"Av. Deniz Can K\u0131z\u0131l"},"image":{"@id":"https:\/\/denizcankizil.tr\/de\/#\/schema\/logo\/image\/"}},{"@type":"Person","@id":"https:\/\/denizcankizil.tr\/de\/#\/schema\/person\/e1eb71bb4dd684d46563f0af307e1234","name":"Antalya K\u00f6rfez","image":{"@type":"ImageObject","inLanguage":"en-GB","@id":"https:\/\/denizcankizil.tr\/de\/#\/schema\/person\/image\/","url":"https:\/\/secure.gravatar.com\/avatar\/42b01982558a48a0b501fdcab6a408d3717ea5919095ee2e67b0e521799c5905?s=96&d=mm&r=g","contentUrl":"https:\/\/secure.gravatar.com\/avatar\/42b01982558a48a0b501fdcab6a408d3717ea5919095ee2e67b0e521799c5905?s=96&d=mm&r=g","caption":"Antalya K\u00f6rfez"},"sameAs":["http:\/\/www.antalyakorfez.com"],"url":"https:\/\/www.antalyakorfez.com\/antalyada-luks-otel-tahliye-ediliyor-2-hafta-sure-verildi"}]}},"_links":{"self":[{"href":"https:\/\/denizcankizil.tr\/en\/wp-json\/wp\/v2\/posts\/125107","targetHints":{"allow":["GET"]}}],"collection":[{"href":"https:\/\/denizcankizil.tr\/en\/wp-json\/wp\/v2\/posts"}],"about":[{"href":"https:\/\/denizcankizil.tr\/en\/wp-json\/wp\/v2\/types\/post"}],"author":[{"embeddable":true,"href":"https:\/\/denizcankizil.tr\/en\/wp-json\/wp\/v2\/users\/5"}],"replies":[{"embeddable":true,"href":"https:\/\/denizcankizil.tr\/en\/wp-json\/wp\/v2\/comments?post=125107"}],"version-history":[{"count":0,"href":"https:\/\/denizcankizil.tr\/en\/wp-json\/wp\/v2\/posts\/125107\/revisions"}],"wp:attachment":[{"href":"https:\/\/denizcankizil.tr\/en\/wp-json\/wp\/v2\/media?parent=125107"}],"wp:term":[{"taxonomy":"category","embeddable":true,"href":"https:\/\/denizcankizil.tr\/en\/wp-json\/wp\/v2\/categories?post=125107"},{"taxonomy":"post_tag","embeddable":true,"href":"https:\/\/denizcankizil.tr\/en\/wp-json\/wp\/v2\/tags?post=125107"}],"curies":[{"name":"wp","href":"https:\/\/api.w.org\/{rel}","templated":true}]}}