{"id":124083,"date":"2025-06-23T12:41:19","date_gmt":"2025-06-23T09:41:19","guid":{"rendered":"https:\/\/denizcankizil.tr\/uncategorized-tr\/alanya-toptanci-haline-son-dokunuslar\/"},"modified":"2025-06-23T12:41:19","modified_gmt":"2025-06-23T09:41:19","slug":"alanya-toptanci-haline-son-dokunuslar","status":"publish","type":"post","link":"https:\/\/denizcankizil.tr\/en\/haberler\/antalya\/alanya-toptanci-haline-son-dokunuslar\/","title":{"rendered":"Alanya Toptanc\u0131 Hali\u2019ne son dokunu\u015flar"},"content":{"rendered":"<p>\u00dcreticilerin, esnaf\u0131n ve t\u00fcccarlar\u0131n her zaman yan\u0131nda olan Antalya B\u00fcy\u00fck\u015fehir Belediye Ba\u015fkan\u0131 Muhittin B\u00f6cek, b\u00f6lgenin en b\u00fcy\u00fck toptanc\u0131 hallerinden birini Alanya il\u00e7esine kazand\u0131r\u0131yor. Antalya B\u00fcy\u00fck\u015fehir Belediyesi\u2019nin Alanya T\u00fcrkler\u2019de hayata ge\u00e7irdi\u011fi, Alanya Toptanc\u0131 Hal Kompleksi Projesi\u2019nde son r\u00f6tu\u015flar yap\u0131l\u0131yor. Alanya il\u00e7esindeki Payallar, T\u00fcrkler ve Merkez hallerini tek \u00e7at\u0131 alt\u0131nda toplayacak proje, b\u00f6lgenin tar\u0131m ve ticaret potansiyelini art\u0131racak. Modern imk\u00e2nlarla donat\u0131lan yeni toptanc\u0131 haline ge\u00e7mek i\u00e7in sab\u0131rs\u0131zlanan esnaflar, yeni hal kompleksine ta\u015f\u0131nmak i\u00e7in adeta geri say\u0131ma ba\u015flad\u0131.<\/p>\n<p>&#8220;\u0130hracat\u00e7\u0131 ve marketler ayn\u0131 \u00e7at\u0131 alt\u0131nda toplanmal\u0131&#8221;<br \/>\nKomisyoncu Orhan Metin, Alanya il\u00e7esine kazand\u0131r\u0131lan Toptanc\u0131 Hal Kompleksi ile hem \u00fcretici hem komisyoncunun kazanaca\u011f\u0131n\u0131 s\u00f6yledi. Metin &#8220;Burada \u00fcretilen domates, salatal\u0131k, patl\u0131can gibi \u00fcr\u00fcnler genellikle Antalya merkeze g\u00f6nderiliyor, oradan da ihracat\u00e7\u0131lara ula\u015ft\u0131r\u0131l\u0131yor. Oysa ihracat\u00e7\u0131lar ve ulusal zincir marketleri bu \u00e7at\u0131n\u0131n alt\u0131na toplayabilirsek, arac\u0131lar\u0131n kazanc\u0131 yerine \u00fcreticinin cebine daha fazla para kal\u0131r. Antalya\u2019da 10 liraya sat\u0131lan bir \u00fcr\u00fcn\u00fcn burada 2-3 liraya bile al\u0131c\u0131 bulamad\u0131\u011f\u0131 d\u00f6nemler ya\u015fad\u0131k. Yeni halle birlikte bu tablo de\u011fi\u015fecek&#8221; dedi.<\/p>\n<p>&#8220;\u00dcr\u00fcn kalitesi ve \u00e7e\u015fitlili\u011fi artacak&#8221;<br \/>\nKomisyoncu Orhan Metin yeni hal projesiyle \u00fcretici ile t\u00fcketicinin aras\u0131nda k\u00f6pr\u00fc kurulaca\u011f\u0131n\u0131n alt\u0131n\u0131 \u00e7izerek &#8220;Yeni hal sayesinde sadece pazarlama de\u011fil, \u00fcr\u00fcn kalitesi ve \u00e7e\u015fitlili\u011fi de artacak. Bizim i\u015fimiz arz-talep dengesiyle y\u00fcr\u00fcyor. Talep artt\u0131k\u00e7a \u00fcretici kendini geli\u015ftiriyor, yeni \u00fcr\u00fcnlere y\u00f6neliyor. Demre\u2019de biberin bir\u00e7ok \u00e7e\u015fidi varken burada talep az oldu\u011fundan bulunmuyor. Ama ihracat\u00e7\u0131 ve b\u00fcy\u00fck al\u0131c\u0131lar burada toplan\u0131rsa \u00fcretici de buna g\u00f6re \u00fcretimini \u015fekillendirecek&#8221; diye konu\u015ftu.<\/p>\n<p>&#8220;Tek \u00e7at\u0131 alt\u0131nda daha g\u00fc\u00e7l\u00fc ticaret&#8221;<br \/>\nKomisyoncu Tahir Kaban ise halin yerinin de\u011fil, sundu\u011fu imk\u00e2nlar\u0131n \u00f6nemli oldu\u011funu vurgulayarak, &#8220;Art\u0131k Alanya\u2019da tek bir hal olmal\u0131. Bu proje sayesinde ticaretin daha d\u00fczenli ve verimli olaca\u011f\u0131na, \u00fcr\u00fcn \u00e7e\u015fitlili\u011finin artaca\u011f\u0131na inan\u0131yorum. Da\u011f\u0131n\u0131k halde bulundu\u011fumuzda pazarlama zorluklar\u0131 ya\u015f\u0131yoruz. Ancak tek \u00e7at\u0131 alt\u0131nda toplan\u0131ld\u0131\u011f\u0131nda m\u00fc\u015fteriler \u00fcr\u00fcn \u00e7e\u015fitlili\u011fini g\u00f6rerek al\u0131m yapmaya daha istekli olacak&#8221; dedi.<\/p>\n<p>Kaynak: www.kanalv.com.tr Haber Sitesinden Al\u0131nm\u0131\u015ft\u0131r.<\/p>","protected":false},"excerpt":{"rendered":"<p>\u00dcreticilerin, esnaf\u0131n ve t\u00fcccarlar\u0131n her zaman yan\u0131nda olan Antalya B\u00fcy\u00fck\u015fehir Belediye Ba\u015fkan\u0131 Muhittin B\u00f6cek, b\u00f6lgenin en b\u00fcy\u00fck toptanc\u0131 hallerinden birini Alanya il\u00e7esine kazand\u0131r\u0131yor. Antalya B\u00fcy\u00fck\u015fehir Belediyesi\u2019nin Alanya T\u00fcrkler\u2019de hayata ge\u00e7irdi\u011fi, Alanya Toptanc\u0131 Hal Kompleksi Projesi\u2019nde son r\u00f6tu\u015flar yap\u0131l\u0131yor. Alanya il\u00e7esindeki Payallar, T\u00fcrkler ve Merkez hallerini tek \u00e7at\u0131 alt\u0131nda toplayacak proje, b\u00f6lgenin tar\u0131m ve ticaret potansiyelini art\u0131racak. Modern imk\u00e2nlarla donat\u0131lan yeni toptanc\u0131 haline ge\u00e7mek i\u00e7in sab\u0131rs\u0131zlanan esnaflar, yeni hal kompleksine ta\u015f\u0131nmak i\u00e7in adeta geri say\u0131ma ba\u015flad\u0131. &#8220;\u0130hracat\u00e7\u0131 ve marketler ayn\u0131 \u00e7at\u0131 alt\u0131nda toplanmal\u0131&#8221; Komisyoncu Orhan Metin, Alanya il\u00e7esine kazand\u0131r\u0131lan Toptanc\u0131 Hal Kompleksi ile hem \u00fcretici hem komisyoncunun kazanaca\u011f\u0131n\u0131 s\u00f6yledi. Metin &#8220;Burada \u00fcretilen domates, salatal\u0131k, patl\u0131can gibi \u00fcr\u00fcnler genellikle Antalya merkeze g\u00f6nderiliyor, oradan da ihracat\u00e7\u0131lara ula\u015ft\u0131r\u0131l\u0131yor. Oysa ihracat\u00e7\u0131lar ve ulusal zincir marketleri bu \u00e7at\u0131n\u0131n alt\u0131na toplayabilirsek, arac\u0131lar\u0131n kazanc\u0131 yerine \u00fcreticinin cebine daha fazla para kal\u0131r. Antalya\u2019da 10 liraya sat\u0131lan bir \u00fcr\u00fcn\u00fcn burada 2-3 liraya bile al\u0131c\u0131 bulamad\u0131\u011f\u0131 d\u00f6nemler ya\u015fad\u0131k. Yeni halle birlikte bu tablo de\u011fi\u015fecek&#8221; dedi. &#8220;\u00dcr\u00fcn kalitesi ve \u00e7e\u015fitlili\u011fi artacak&#8221; Komisyoncu Orhan Metin yeni hal projesiyle \u00fcretici ile t\u00fcketicinin aras\u0131nda k\u00f6pr\u00fc kurulaca\u011f\u0131n\u0131n alt\u0131n\u0131 \u00e7izerek &#8220;Yeni hal sayesinde sadece pazarlama de\u011fil, \u00fcr\u00fcn kalitesi ve \u00e7e\u015fitlili\u011fi de artacak. Bizim i\u015fimiz arz-talep dengesiyle y\u00fcr\u00fcyor. Talep artt\u0131k\u00e7a \u00fcretici kendini geli\u015ftiriyor, yeni \u00fcr\u00fcnlere y\u00f6neliyor. Demre\u2019de biberin &hellip;<\/p>","protected":false},"author":4,"featured_media":0,"comment_status":"","ping_status":"open","sticky":false,"template":"","format":"standard","meta":{"_acf_changed":false,"footnotes":""},"categories":[26],"tags":[],"class_list":["post-124083","post","type-post","status-publish","format-standard","hentry","category-antalya"],"acf":[],"yoast_head":"<!-- This site is optimized with the Yoast SEO Premium plugin v26.6 (Yoast SEO v27.1.1) - https:\/\/yoast.com\/product\/yoast-seo-premium-wordpress\/ -->\n<title>Alanya Toptanc\u0131 Hali\u2019ne son dokunu\u015flar - Av. Deniz Can K\u0131z\u0131l<\/title>\n<meta name=\"robots\" content=\"index, follow, max-snippet:-1, max-image-preview:large, max-video-preview:-1\" \/>\n<link rel=\"canonical\" href=\"https:\/\/denizcankizil.tr\/en\/haberler\/antalya\/alanya-toptanci-haline-son-dokunuslar\/\" \/>\n<meta property=\"og:locale\" content=\"en_GB\" \/>\n<meta property=\"og:type\" content=\"article\" \/>\n<meta property=\"og:title\" content=\"Alanya Toptanc\u0131 Hali\u2019ne son dokunu\u015flar\" \/>\n<meta property=\"og:description\" content=\"\u00dcreticilerin, esnaf\u0131n ve t\u00fcccarlar\u0131n her zaman yan\u0131nda olan Antalya B\u00fcy\u00fck\u015fehir Belediye Ba\u015fkan\u0131 Muhittin B\u00f6cek, b\u00f6lgenin en b\u00fcy\u00fck toptanc\u0131 hallerinden birini Alanya il\u00e7esine kazand\u0131r\u0131yor. Antalya B\u00fcy\u00fck\u015fehir Belediyesi\u2019nin Alanya T\u00fcrkler\u2019de hayata ge\u00e7irdi\u011fi, Alanya Toptanc\u0131 Hal Kompleksi Projesi\u2019nde son r\u00f6tu\u015flar yap\u0131l\u0131yor. Alanya il\u00e7esindeki Payallar, T\u00fcrkler ve Merkez hallerini tek \u00e7at\u0131 alt\u0131nda toplayacak proje, b\u00f6lgenin tar\u0131m ve ticaret potansiyelini art\u0131racak. Modern imk\u00e2nlarla donat\u0131lan yeni toptanc\u0131 haline ge\u00e7mek i\u00e7in sab\u0131rs\u0131zlanan esnaflar, yeni hal kompleksine ta\u015f\u0131nmak i\u00e7in adeta geri say\u0131ma ba\u015flad\u0131. &#8220;\u0130hracat\u00e7\u0131 ve marketler ayn\u0131 \u00e7at\u0131 alt\u0131nda toplanmal\u0131&#8221; Komisyoncu Orhan Metin, Alanya il\u00e7esine kazand\u0131r\u0131lan Toptanc\u0131 Hal Kompleksi ile hem \u00fcretici hem komisyoncunun kazanaca\u011f\u0131n\u0131 s\u00f6yledi. Metin &#8220;Burada \u00fcretilen domates, salatal\u0131k, patl\u0131can gibi \u00fcr\u00fcnler genellikle Antalya merkeze g\u00f6nderiliyor, oradan da ihracat\u00e7\u0131lara ula\u015ft\u0131r\u0131l\u0131yor. Oysa ihracat\u00e7\u0131lar ve ulusal zincir marketleri bu \u00e7at\u0131n\u0131n alt\u0131na toplayabilirsek, arac\u0131lar\u0131n kazanc\u0131 yerine \u00fcreticinin cebine daha fazla para kal\u0131r. Antalya\u2019da 10 liraya sat\u0131lan bir \u00fcr\u00fcn\u00fcn burada 2-3 liraya bile al\u0131c\u0131 bulamad\u0131\u011f\u0131 d\u00f6nemler ya\u015fad\u0131k. Yeni halle birlikte bu tablo de\u011fi\u015fecek&#8221; dedi. &#8220;\u00dcr\u00fcn kalitesi ve \u00e7e\u015fitlili\u011fi artacak&#8221; Komisyoncu Orhan Metin yeni hal projesiyle \u00fcretici ile t\u00fcketicinin aras\u0131nda k\u00f6pr\u00fc kurulaca\u011f\u0131n\u0131n alt\u0131n\u0131 \u00e7izerek &#8220;Yeni hal sayesinde sadece pazarlama de\u011fil, \u00fcr\u00fcn kalitesi ve \u00e7e\u015fitlili\u011fi de artacak. Bizim i\u015fimiz arz-talep dengesiyle y\u00fcr\u00fcyor. Talep artt\u0131k\u00e7a \u00fcretici kendini geli\u015ftiriyor, yeni \u00fcr\u00fcnlere y\u00f6neliyor. Demre\u2019de biberin &hellip;\" \/>\n<meta property=\"og:url\" content=\"https:\/\/denizcankizil.tr\/en\/haberler\/antalya\/alanya-toptanci-haline-son-dokunuslar\/\" \/>\n<meta property=\"og:site_name\" content=\"Av. Deniz Can K\u0131z\u0131l\" \/>\n<meta property=\"article:published_time\" content=\"2025-06-23T09:41:19+00:00\" \/>\n<meta name=\"author\" content=\"Av. Deniz Can K\u0131z\u0131l\" \/>\n<meta name=\"twitter:card\" content=\"summary_large_image\" \/>\n<meta name=\"twitter:label1\" content=\"Written by\" \/>\n\t<meta name=\"twitter:data1\" content=\"Av. Deniz Can K\u0131z\u0131l\" \/>\n\t<meta name=\"twitter:label2\" content=\"Estimated reading time\" \/>\n\t<meta name=\"twitter:data2\" content=\"2 minutes\" \/>\n<script type=\"application\/ld+json\" class=\"yoast-schema-graph\">{\"@context\":\"https:\/\/schema.org\",\"@graph\":[{\"@type\":\"Article\",\"@id\":\"https:\/\/denizcankizil.tr\/uk\/haberler\/antalya\/alanya-toptanci-haline-son-dokunuslar\/#article\",\"isPartOf\":{\"@id\":\"https:\/\/denizcankizil.tr\/uk\/haberler\/antalya\/alanya-toptanci-haline-son-dokunuslar\/\"},\"author\":{\"name\":\"Av. Deniz Can K\u0131z\u0131l\",\"@id\":\"https:\/\/denizcankizil.tr\/de\/#\/schema\/person\/5dc1b22991bd7ac833867c10afc9b0ff\"},\"headline\":\"Alanya Toptanc\u0131 Hali\u2019ne son dokunu\u015flar\",\"datePublished\":\"2025-06-23T09:41:19+00:00\",\"mainEntityOfPage\":{\"@id\":\"https:\/\/denizcankizil.tr\/uk\/haberler\/antalya\/alanya-toptanci-haline-son-dokunuslar\/\"},\"wordCount\":435,\"publisher\":{\"@id\":\"https:\/\/denizcankizil.tr\/de\/#organization\"},\"articleSection\":[\"Antalya\"],\"inLanguage\":\"en-GB\"},{\"@type\":\"WebPage\",\"@id\":\"https:\/\/denizcankizil.tr\/uk\/haberler\/antalya\/alanya-toptanci-haline-son-dokunuslar\/\",\"url\":\"https:\/\/denizcankizil.tr\/uk\/haberler\/antalya\/alanya-toptanci-haline-son-dokunuslar\/\",\"name\":\"Alanya Toptanc\u0131 Hali\u2019ne son dokunu\u015flar - Av. Deniz Can K\u0131z\u0131l\",\"isPartOf\":{\"@id\":\"https:\/\/denizcankizil.tr\/de\/#website\"},\"datePublished\":\"2025-06-23T09:41:19+00:00\",\"breadcrumb\":{\"@id\":\"https:\/\/denizcankizil.tr\/uk\/haberler\/antalya\/alanya-toptanci-haline-son-dokunuslar\/#breadcrumb\"},\"inLanguage\":\"en-GB\",\"potentialAction\":[{\"@type\":\"ReadAction\",\"target\":[\"https:\/\/denizcankizil.tr\/uk\/haberler\/antalya\/alanya-toptanci-haline-son-dokunuslar\/\"]}]},{\"@type\":\"BreadcrumbList\",\"@id\":\"https:\/\/denizcankizil.tr\/uk\/haberler\/antalya\/alanya-toptanci-haline-son-dokunuslar\/#breadcrumb\",\"itemListElement\":[{\"@type\":\"ListItem\",\"position\":1,\"name\":\"Home\",\"item\":\"https:\/\/denizcankizil.tr\/de\/\"},{\"@type\":\"ListItem\",\"position\":2,\"name\":\"Alanya Toptanc\u0131 Hali\u2019ne son dokunu\u015flar\"}]},{\"@type\":\"WebSite\",\"@id\":\"https:\/\/denizcankizil.tr\/de\/#website\",\"url\":\"https:\/\/denizcankizil.tr\/de\/\",\"name\":\"Av. Deniz Can K\u0131z\u0131l\",\"description\":\"Avukat Deniz Can K\u0131z\u0131l Antalya Barosu\",\"publisher\":{\"@id\":\"https:\/\/denizcankizil.tr\/de\/#organization\"},\"potentialAction\":[{\"@type\":\"SearchAction\",\"target\":{\"@type\":\"EntryPoint\",\"urlTemplate\":\"https:\/\/denizcankizil.tr\/de\/?s={search_term_string}\"},\"query-input\":{\"@type\":\"PropertyValueSpecification\",\"valueRequired\":true,\"valueName\":\"search_term_string\"}}],\"inLanguage\":\"en-GB\"},{\"@type\":\"Organization\",\"@id\":\"https:\/\/denizcankizil.tr\/de\/#organization\",\"name\":\"Av. Deniz Can K\u0131z\u0131l\",\"url\":\"https:\/\/denizcankizil.tr\/de\/\",\"logo\":{\"@type\":\"ImageObject\",\"inLanguage\":\"en-GB\",\"@id\":\"https:\/\/denizcankizil.tr\/de\/#\/schema\/logo\/image\/\",\"url\":\"https:\/\/denizcankizil.tr\/wp-content\/uploads\/2024\/10\/siyah-logo-svg.svg\",\"contentUrl\":\"https:\/\/denizcankizil.tr\/wp-content\/uploads\/2024\/10\/siyah-logo-svg.svg\",\"width\":1080,\"height\":1080,\"caption\":\"Av. Deniz Can K\u0131z\u0131l\"},\"image\":{\"@id\":\"https:\/\/denizcankizil.tr\/de\/#\/schema\/logo\/image\/\"}},{\"@type\":\"Person\",\"@id\":\"https:\/\/denizcankizil.tr\/de\/#\/schema\/person\/5dc1b22991bd7ac833867c10afc9b0ff\",\"name\":\"Av. Deniz Can K\u0131z\u0131l\",\"image\":{\"@type\":\"ImageObject\",\"inLanguage\":\"en-GB\",\"@id\":\"https:\/\/denizcankizil.tr\/de\/#\/schema\/person\/image\/\",\"url\":\"https:\/\/secure.gravatar.com\/avatar\/a0b128fb9855c79efc976d5640eedb31dc35ec297594d6016d2cf7c60e975bb6?s=96&d=mm&r=g\",\"contentUrl\":\"https:\/\/secure.gravatar.com\/avatar\/a0b128fb9855c79efc976d5640eedb31dc35ec297594d6016d2cf7c60e975bb6?s=96&d=mm&r=g\",\"caption\":\"Av. Deniz Can K\u0131z\u0131l\"},\"sameAs\":[\"http:\/\/www.denizcankizil.tr\"],\"url\":\"https:\/\/denizcankizil.tr\/en\/author\/denizcankizil\/\"}]}<\/script>\n<!-- \/ Yoast SEO Premium plugin. -->","yoast_head_json":{"title":"Alanya Toptanc\u0131 Hali\u2019ne son dokunu\u015flar - Av. Deniz Can K\u0131z\u0131l","robots":{"index":"index","follow":"follow","max-snippet":"max-snippet:-1","max-image-preview":"max-image-preview:large","max-video-preview":"max-video-preview:-1"},"canonical":"https:\/\/denizcankizil.tr\/en\/haberler\/antalya\/alanya-toptanci-haline-son-dokunuslar\/","og_locale":"en_GB","og_type":"article","og_title":"Alanya Toptanc\u0131 Hali\u2019ne son dokunu\u015flar","og_description":"\u00dcreticilerin, esnaf\u0131n ve t\u00fcccarlar\u0131n her zaman yan\u0131nda olan Antalya B\u00fcy\u00fck\u015fehir Belediye Ba\u015fkan\u0131 Muhittin B\u00f6cek, b\u00f6lgenin en b\u00fcy\u00fck toptanc\u0131 hallerinden birini Alanya il\u00e7esine kazand\u0131r\u0131yor. Antalya B\u00fcy\u00fck\u015fehir Belediyesi\u2019nin Alanya T\u00fcrkler\u2019de hayata ge\u00e7irdi\u011fi, Alanya Toptanc\u0131 Hal Kompleksi Projesi\u2019nde son r\u00f6tu\u015flar yap\u0131l\u0131yor. Alanya il\u00e7esindeki Payallar, T\u00fcrkler ve Merkez hallerini tek \u00e7at\u0131 alt\u0131nda toplayacak proje, b\u00f6lgenin tar\u0131m ve ticaret potansiyelini art\u0131racak. Modern imk\u00e2nlarla donat\u0131lan yeni toptanc\u0131 haline ge\u00e7mek i\u00e7in sab\u0131rs\u0131zlanan esnaflar, yeni hal kompleksine ta\u015f\u0131nmak i\u00e7in adeta geri say\u0131ma ba\u015flad\u0131. &#8220;\u0130hracat\u00e7\u0131 ve marketler ayn\u0131 \u00e7at\u0131 alt\u0131nda toplanmal\u0131&#8221; Komisyoncu Orhan Metin, Alanya il\u00e7esine kazand\u0131r\u0131lan Toptanc\u0131 Hal Kompleksi ile hem \u00fcretici hem komisyoncunun kazanaca\u011f\u0131n\u0131 s\u00f6yledi. Metin &#8220;Burada \u00fcretilen domates, salatal\u0131k, patl\u0131can gibi \u00fcr\u00fcnler genellikle Antalya merkeze g\u00f6nderiliyor, oradan da ihracat\u00e7\u0131lara ula\u015ft\u0131r\u0131l\u0131yor. Oysa ihracat\u00e7\u0131lar ve ulusal zincir marketleri bu \u00e7at\u0131n\u0131n alt\u0131na toplayabilirsek, arac\u0131lar\u0131n kazanc\u0131 yerine \u00fcreticinin cebine daha fazla para kal\u0131r. Antalya\u2019da 10 liraya sat\u0131lan bir \u00fcr\u00fcn\u00fcn burada 2-3 liraya bile al\u0131c\u0131 bulamad\u0131\u011f\u0131 d\u00f6nemler ya\u015fad\u0131k. Yeni halle birlikte bu tablo de\u011fi\u015fecek&#8221; dedi. &#8220;\u00dcr\u00fcn kalitesi ve \u00e7e\u015fitlili\u011fi artacak&#8221; Komisyoncu Orhan Metin yeni hal projesiyle \u00fcretici ile t\u00fcketicinin aras\u0131nda k\u00f6pr\u00fc kurulaca\u011f\u0131n\u0131n alt\u0131n\u0131 \u00e7izerek &#8220;Yeni hal sayesinde sadece pazarlama de\u011fil, \u00fcr\u00fcn kalitesi ve \u00e7e\u015fitlili\u011fi de artacak. Bizim i\u015fimiz arz-talep dengesiyle y\u00fcr\u00fcyor. Talep artt\u0131k\u00e7a \u00fcretici kendini geli\u015ftiriyor, yeni \u00fcr\u00fcnlere y\u00f6neliyor. Demre\u2019de biberin &hellip;","og_url":"https:\/\/denizcankizil.tr\/en\/haberler\/antalya\/alanya-toptanci-haline-son-dokunuslar\/","og_site_name":"Av. Deniz Can K\u0131z\u0131l","article_published_time":"2025-06-23T09:41:19+00:00","author":"Av. Deniz Can K\u0131z\u0131l","twitter_card":"summary_large_image","twitter_misc":{"Written by":"Av. Deniz Can K\u0131z\u0131l","Estimated reading time":"2 minutes"},"schema":{"@context":"https:\/\/schema.org","@graph":[{"@type":"Article","@id":"https:\/\/denizcankizil.tr\/uk\/haberler\/antalya\/alanya-toptanci-haline-son-dokunuslar\/#article","isPartOf":{"@id":"https:\/\/denizcankizil.tr\/uk\/haberler\/antalya\/alanya-toptanci-haline-son-dokunuslar\/"},"author":{"name":"Av. Deniz Can K\u0131z\u0131l","@id":"https:\/\/denizcankizil.tr\/de\/#\/schema\/person\/5dc1b22991bd7ac833867c10afc9b0ff"},"headline":"Alanya Toptanc\u0131 Hali\u2019ne son dokunu\u015flar","datePublished":"2025-06-23T09:41:19+00:00","mainEntityOfPage":{"@id":"https:\/\/denizcankizil.tr\/uk\/haberler\/antalya\/alanya-toptanci-haline-son-dokunuslar\/"},"wordCount":435,"publisher":{"@id":"https:\/\/denizcankizil.tr\/de\/#organization"},"articleSection":["Antalya"],"inLanguage":"en-GB"},{"@type":"WebPage","@id":"https:\/\/denizcankizil.tr\/uk\/haberler\/antalya\/alanya-toptanci-haline-son-dokunuslar\/","url":"https:\/\/denizcankizil.tr\/uk\/haberler\/antalya\/alanya-toptanci-haline-son-dokunuslar\/","name":"Alanya Toptanc\u0131 Hali\u2019ne son dokunu\u015flar - Av. Deniz Can K\u0131z\u0131l","isPartOf":{"@id":"https:\/\/denizcankizil.tr\/de\/#website"},"datePublished":"2025-06-23T09:41:19+00:00","breadcrumb":{"@id":"https:\/\/denizcankizil.tr\/uk\/haberler\/antalya\/alanya-toptanci-haline-son-dokunuslar\/#breadcrumb"},"inLanguage":"en-GB","potentialAction":[{"@type":"ReadAction","target":["https:\/\/denizcankizil.tr\/uk\/haberler\/antalya\/alanya-toptanci-haline-son-dokunuslar\/"]}]},{"@type":"BreadcrumbList","@id":"https:\/\/denizcankizil.tr\/uk\/haberler\/antalya\/alanya-toptanci-haline-son-dokunuslar\/#breadcrumb","itemListElement":[{"@type":"ListItem","position":1,"name":"Home","item":"https:\/\/denizcankizil.tr\/de\/"},{"@type":"ListItem","position":2,"name":"Alanya Toptanc\u0131 Hali\u2019ne son dokunu\u015flar"}]},{"@type":"WebSite","@id":"https:\/\/denizcankizil.tr\/de\/#website","url":"https:\/\/denizcankizil.tr\/de\/","name":"Av. Deniz Can K\u0131z\u0131l","description":"Avukat Deniz Can K\u0131z\u0131l Antalya Barosu","publisher":{"@id":"https:\/\/denizcankizil.tr\/de\/#organization"},"potentialAction":[{"@type":"SearchAction","target":{"@type":"EntryPoint","urlTemplate":"https:\/\/denizcankizil.tr\/de\/?s={search_term_string}"},"query-input":{"@type":"PropertyValueSpecification","valueRequired":true,"valueName":"search_term_string"}}],"inLanguage":"en-GB"},{"@type":"Organization","@id":"https:\/\/denizcankizil.tr\/de\/#organization","name":"Av. Deniz Can K\u0131z\u0131l","url":"https:\/\/denizcankizil.tr\/de\/","logo":{"@type":"ImageObject","inLanguage":"en-GB","@id":"https:\/\/denizcankizil.tr\/de\/#\/schema\/logo\/image\/","url":"https:\/\/denizcankizil.tr\/wp-content\/uploads\/2024\/10\/siyah-logo-svg.svg","contentUrl":"https:\/\/denizcankizil.tr\/wp-content\/uploads\/2024\/10\/siyah-logo-svg.svg","width":1080,"height":1080,"caption":"Av. Deniz Can K\u0131z\u0131l"},"image":{"@id":"https:\/\/denizcankizil.tr\/de\/#\/schema\/logo\/image\/"}},{"@type":"Person","@id":"https:\/\/denizcankizil.tr\/de\/#\/schema\/person\/5dc1b22991bd7ac833867c10afc9b0ff","name":"Av. Deniz Can K\u0131z\u0131l","image":{"@type":"ImageObject","inLanguage":"en-GB","@id":"https:\/\/denizcankizil.tr\/de\/#\/schema\/person\/image\/","url":"https:\/\/secure.gravatar.com\/avatar\/a0b128fb9855c79efc976d5640eedb31dc35ec297594d6016d2cf7c60e975bb6?s=96&d=mm&r=g","contentUrl":"https:\/\/secure.gravatar.com\/avatar\/a0b128fb9855c79efc976d5640eedb31dc35ec297594d6016d2cf7c60e975bb6?s=96&d=mm&r=g","caption":"Av. Deniz Can K\u0131z\u0131l"},"sameAs":["http:\/\/www.denizcankizil.tr"],"url":"https:\/\/denizcankizil.tr\/en\/author\/denizcankizil\/"}]}},"_links":{"self":[{"href":"https:\/\/denizcankizil.tr\/en\/wp-json\/wp\/v2\/posts\/124083","targetHints":{"allow":["GET"]}}],"collection":[{"href":"https:\/\/denizcankizil.tr\/en\/wp-json\/wp\/v2\/posts"}],"about":[{"href":"https:\/\/denizcankizil.tr\/en\/wp-json\/wp\/v2\/types\/post"}],"author":[{"embeddable":true,"href":"https:\/\/denizcankizil.tr\/en\/wp-json\/wp\/v2\/users\/4"}],"replies":[{"embeddable":true,"href":"https:\/\/denizcankizil.tr\/en\/wp-json\/wp\/v2\/comments?post=124083"}],"version-history":[{"count":0,"href":"https:\/\/denizcankizil.tr\/en\/wp-json\/wp\/v2\/posts\/124083\/revisions"}],"wp:attachment":[{"href":"https:\/\/denizcankizil.tr\/en\/wp-json\/wp\/v2\/media?parent=124083"}],"wp:term":[{"taxonomy":"category","embeddable":true,"href":"https:\/\/denizcankizil.tr\/en\/wp-json\/wp\/v2\/categories?post=124083"},{"taxonomy":"post_tag","embeddable":true,"href":"https:\/\/denizcankizil.tr\/en\/wp-json\/wp\/v2\/tags?post=124083"}],"curies":[{"name":"wp","href":"https:\/\/api.w.org\/{rel}","templated":true}]}}