{"id":123874,"date":"2025-06-23T06:42:17","date_gmt":"2025-06-23T03:42:17","guid":{"rendered":"https:\/\/denizcankizil.tr\/uncategorized-tr\/sakaryada-dev-yurt-projesi-hayata-geciyor\/"},"modified":"2025-06-23T06:42:17","modified_gmt":"2025-06-23T03:42:17","slug":"sakaryada-dev-yurt-projesi-hayata-geciyor","status":"publish","type":"post","link":"https:\/\/denizcankizil.tr\/en\/haberler\/gundem\/sakaryada-dev-yurt-projesi-hayata-geciyor\/","title":{"rendered":"Sakarya\u2019da dev yurt projesi hayata ge\u00e7iyor"},"content":{"rendered":"<p>Sakarya B\u00fcy\u00fck\u015fehir Belediye Ba\u015fkan\u0131 Yusuf Alemdar, Serdivan Kamp\u00fcs Yerle\u015fkesi yak\u0131n\u0131nda in\u015fa edilecek \u00f6\u011frenci yurdunun proje sahas\u0131nda incelemelerde bulundu.SAKARYA (\u0130GFA) &#8211; Gen\u00e7lik ve Spor Bakanl\u0131\u011f\u0131 taraf\u0131ndan y\u00fcr\u00fct\u00fclecek projede yer tesliminin ard\u0131ndan \u00e7al\u0131\u015fmalar\u0131n ba\u015flayaca\u011f\u0131 bildirildi.<br \/>\nBa\u015fkan Alemdar\u2019a incelemelerde AK Parti Sakarya Milletvekili Ertu\u011frul Kocac\u0131k, Gen\u00e7lik ve Spor Bakanl\u0131\u011f\u0131 Yat\u0131r\u0131m ve \u0130\u015fletmeler Genel M\u00fcd\u00fcr\u00fc Prof. Dr. S\u00fcleyman \u015eahin, Genel M\u00fcd\u00fcr Yard\u0131mc\u0131s\u0131 Ayhan Kardan, Sakarya Gen\u00e7lik ve Spor \u0130l M\u00fcd\u00fcr\u00fc Cemil Boz ve belediye y\u00f6neticileri e\u015flik etti.<br \/>\nToplam 64 d\u00f6n\u00fcm alan \u00fczerinde in\u015fa edilecek projede, \u00f6\u011frenciler i\u00e7in modern ya\u015fam alanlar\u0131, et\u00fct ve faaliyet odalar\u0131, at\u00f6lyeler, yemekhane, konferans salonlar\u0131 ve iki ayr\u0131 sosyal tesis yer alacak. Be\u015f blok halinde planlanan yurt, ihtiya\u00e7 durumunda 2500 ki\u015filik kapasiteye \u00e7\u0131kar\u0131labilecek.<\/p>\n<p>\u0130HALE TAMAM, YER TESL\u0130M\u0130 YAPILACAK<br \/>\nBa\u015fkan Alemdar, mimarisi ile gen\u00e7lere en \u00fcst seviyede hitap eden proje i\u00e7in yap\u0131m ihalesinin ger\u00e7ekle\u015ftirildi\u011fini ve s\u00f6zle\u015fmenin imzalanmas\u0131 sonras\u0131nda yer teslimi yap\u0131larak \u00e7al\u0131\u015fmalar\u0131n ba\u015flayaca\u011f\u0131n\u0131 a\u00e7\u0131klad\u0131.<br \/>\nBa\u015fkan Alemdar, \u201cBu proje sadece konaklama alan\u0131 de\u011fil, ayn\u0131 zamanda gen\u00e7lerimizin sosyal, k\u00fclt\u00fcrel ve sportif ya\u015famlar\u0131n\u0131 destekleyecek bir merkez olacak. Yurdun yeni e\u011fitim \u00f6\u011fretim d\u00f6nemine yeti\u015fmesi i\u00e7in t\u00fcm haz\u0131rl\u0131klar\u0131m\u0131z\u0131 tamamlad\u0131k. T\u00fcrkiye\u2019ye \u00f6rnek bir model hayata ge\u00e7iyor,\u201d dedi.<\/p>\n<p>AK Parti Milletvekili Ertu\u011frul Kocac\u0131k ise yat\u0131r\u0131m\u0131n en k\u0131sa s\u00fcrede tamamlanmas\u0131 i\u00e7in s\u00fcreci yak\u0131ndan takip edeceklerini belirterek, \u201cEn k\u0131sa s\u00fcrede tamamlanarak hizmete al\u0131nmas\u0131 i\u00e7in takip\u00e7i olaca\u011f\u0131z. \u015eehrimize hay\u0131rl\u0131 olsun,\u201d dedi. <\/p>\n<p>YEN\u0130 YURT PROJES\u0130N\u0130N DETAYLARI<br \/>\nGen\u00e7lik ve Spor Bakanl\u0131\u011f\u0131 taraf\u0131ndan Serdivan\u2019da hayata ge\u00e7irilecek yurt projesi 1600 ki\u015fi kapasiteye sahip olacak. 5 bloktan olu\u015facak proje de ayr\u0131ca 2 sosyal tesis bulunacak. Yakla\u015f\u0131k 64 bin metrekare alan \u00fczerinde in\u015fa edilecek yat\u0131r\u0131m\u0131n i\u00e7erisinde \u00f6\u011frenci odalar\u0131, et\u00fct odalar\u0131, at\u00f6lyeler, mutfak, yemekhane, konferans salonu, faaliyet odas\u0131, idari b\u00f6l\u00fcmler yer alacak.<br \/>\nProjenin yer tesliminden sonra ba\u015flay\u0131p s\u00fcratle tamamlanmas\u0131 planlan\u0131yor.<\/p>\n<p>\u200bSakarya B\u00fcy\u00fck\u015fehir Belediye Ba\u015fkan\u0131 Yusuf Alemdar, Serdivan Kamp\u00fcs Yerle\u015fkesi yak\u0131n\u0131nda in\u015fa edilecek \u00f6\u011frenci yurdunun proje sahas\u0131nda incelemelerde bulundu.SAKARYA (\u0130GFA) &#8211; Gen\u00e7lik ve Spor Bakanl\u0131\u011f\u0131 taraf\u0131ndan y\u00fcr\u00fct\u00fclecek projede yer tesliminin ard\u0131ndan \u00e7al\u0131\u015fmalar\u0131n ba\u015flayaca\u011f\u0131 bildirildi.<br \/>\nBa\u015fkan Alemdar\u2019a incelemelerde AK Parti Sakarya Milletvekili Ertu\u011frul Kocac\u0131k, Gen\u00e7lik ve Spor Bakanl\u0131\u011f\u0131 Yat\u0131r\u0131m ve \u0130\u015fletmeler Genel M\u00fcd\u00fcr\u00fc Prof. Dr. S\u00fcleyman \u015eahin, Genel M\u00fcd\u00fcr Yard\u0131mc\u0131s\u0131 Ayhan Kardan, Sakarya Gen\u00e7lik ve Spor \u0130l M\u00fcd\u00fcr\u00fc Cemil Boz ve belediye y\u00f6neticileri e\u015flik etti.<br \/>\nToplam 64 d\u00f6n\u00fcm alan \u00fczerinde in\u015fa edilecek projede, \u00f6\u011frenciler i\u00e7in modern ya\u015fam alanlar\u0131, et\u00fct ve faaliyet odalar\u0131, at\u00f6lyeler, yemekhane, konferans salonlar\u0131 ve iki ayr\u0131 sosyal tesis yer alacak. Be\u015f blok halinde planlanan yurt, ihtiya\u00e7 durumunda 2500 ki\u015filik kapasiteye \u00e7\u0131kar\u0131labilecek.<\/p>\n<p>\u0130HALE TAMAM, YER TESL\u0130M\u0130 YAPILACAK<br \/>\nBa\u015fkan Alemdar, mimarisi ile gen\u00e7lere en \u00fcst seviyede hitap eden proje i\u00e7in yap\u0131m ihalesinin ger\u00e7ekle\u015ftirildi\u011fini ve s\u00f6zle\u015fmenin imzalanmas\u0131 sonras\u0131nda yer teslimi yap\u0131larak \u00e7al\u0131\u015fmalar\u0131n ba\u015flayaca\u011f\u0131n\u0131 a\u00e7\u0131klad\u0131.<br \/>\nBa\u015fkan Alemdar, \u201cBu proje sadece konaklama alan\u0131 de\u011fil, ayn\u0131 zamanda gen\u00e7lerimizin sosyal, k\u00fclt\u00fcrel ve sportif ya\u015famlar\u0131n\u0131 destekleyecek bir merkez olacak. Yurdun yeni e\u011fitim \u00f6\u011fretim d\u00f6nemine yeti\u015fmesi i\u00e7in t\u00fcm haz\u0131rl\u0131klar\u0131m\u0131z\u0131 tamamlad\u0131k. T\u00fcrkiye\u2019ye \u00f6rnek bir model hayata ge\u00e7iyor,\u201d dedi.<\/p>\n<p>AK Parti Milletvekili Ertu\u011frul Kocac\u0131k ise yat\u0131r\u0131m\u0131n en k\u0131sa s\u00fcrede tamamlanmas\u0131 i\u00e7in s\u00fcreci yak\u0131ndan takip edeceklerini belirterek, \u201cEn k\u0131sa s\u00fcrede tamamlanarak hizmete al\u0131nmas\u0131 i\u00e7in takip\u00e7i olaca\u011f\u0131z. \u015eehrimize hay\u0131rl\u0131 olsun,\u201d dedi. <\/p>\n<p>YEN\u0130 YURT PROJES\u0130N\u0130N DETAYLARI<br \/>\nGen\u00e7lik ve Spor Bakanl\u0131\u011f\u0131 taraf\u0131ndan Serdivan\u2019da hayata ge\u00e7irilecek yurt projesi 1600 ki\u015fi kapasiteye sahip olacak. 5 bloktan olu\u015facak proje de ayr\u0131ca 2 sosyal tesis bulunacak. Yakla\u015f\u0131k 64 bin metrekare alan \u00fczerinde in\u015fa edilecek yat\u0131r\u0131m\u0131n i\u00e7erisinde \u00f6\u011frenci odalar\u0131, et\u00fct odalar\u0131, at\u00f6lyeler, mutfak, yemekhane, konferans salonu, faaliyet odas\u0131, idari b\u00f6l\u00fcmler yer alacak.<br \/>\nProjenin yer tesliminden sonra ba\u015flay\u0131p s\u00fcratle tamamlanmas\u0131 planlan\u0131yor.\u00a0<\/p>\n<p>\u200bHaberin Al\u0131nt\u0131land\u0131\u011f\u0131 Kaynak: www.iskenderun.org<\/p>","protected":false},"excerpt":{"rendered":"<p>Sakarya B\u00fcy\u00fck\u015fehir Belediye Ba\u015fkan\u0131 Yusuf Alemdar, Serdivan Kamp\u00fcs Yerle\u015fkesi yak\u0131n\u0131nda in\u015fa edilecek \u00f6\u011frenci yurdunun proje sahas\u0131nda incelemelerde bulundu.SAKARYA (\u0130GFA) &#8211; Gen\u00e7lik ve Spor Bakanl\u0131\u011f\u0131 taraf\u0131ndan y\u00fcr\u00fct\u00fclecek projede yer tesliminin ard\u0131ndan \u00e7al\u0131\u015fmalar\u0131n ba\u015flayaca\u011f\u0131 bildirildi. Ba\u015fkan Alemdar\u2019a incelemelerde AK Parti Sakarya Milletvekili Ertu\u011frul Kocac\u0131k, Gen\u00e7lik ve Spor Bakanl\u0131\u011f\u0131 Yat\u0131r\u0131m ve \u0130\u015fletmeler Genel M\u00fcd\u00fcr\u00fc Prof. Dr. S\u00fcleyman \u015eahin, Genel M\u00fcd\u00fcr Yard\u0131mc\u0131s\u0131 Ayhan Kardan, Sakarya Gen\u00e7lik ve Spor \u0130l M\u00fcd\u00fcr\u00fc Cemil Boz ve belediye y\u00f6neticileri e\u015flik etti. Toplam 64 d\u00f6n\u00fcm alan \u00fczerinde in\u015fa edilecek projede, \u00f6\u011frenciler i\u00e7in modern ya\u015fam alanlar\u0131, et\u00fct ve faaliyet odalar\u0131, at\u00f6lyeler, yemekhane, konferans salonlar\u0131 ve iki ayr\u0131 sosyal tesis yer alacak. Be\u015f blok halinde planlanan yurt, ihtiya\u00e7 durumunda 2500 ki\u015filik kapasiteye \u00e7\u0131kar\u0131labilecek. \u0130HALE TAMAM, YER TESL\u0130M\u0130 YAPILACAK Ba\u015fkan Alemdar, mimarisi ile gen\u00e7lere en \u00fcst seviyede hitap eden proje i\u00e7in yap\u0131m ihalesinin ger\u00e7ekle\u015ftirildi\u011fini ve s\u00f6zle\u015fmenin imzalanmas\u0131 sonras\u0131nda yer teslimi yap\u0131larak \u00e7al\u0131\u015fmalar\u0131n ba\u015flayaca\u011f\u0131n\u0131 a\u00e7\u0131klad\u0131. Ba\u015fkan Alemdar, \u201cBu proje sadece konaklama alan\u0131 de\u011fil, ayn\u0131 zamanda gen\u00e7lerimizin sosyal, k\u00fclt\u00fcrel ve sportif ya\u015famlar\u0131n\u0131 destekleyecek bir merkez olacak. Yurdun yeni e\u011fitim \u00f6\u011fretim d\u00f6nemine yeti\u015fmesi i\u00e7in t\u00fcm haz\u0131rl\u0131klar\u0131m\u0131z\u0131 tamamlad\u0131k. T\u00fcrkiye\u2019ye \u00f6rnek bir model hayata ge\u00e7iyor,\u201d dedi. AK Parti Milletvekili Ertu\u011frul Kocac\u0131k ise yat\u0131r\u0131m\u0131n en k\u0131sa s\u00fcrede tamamlanmas\u0131 i\u00e7in s\u00fcreci yak\u0131ndan takip edeceklerini belirterek, \u201cEn k\u0131sa s\u00fcrede tamamlanarak &hellip;<\/p>","protected":false},"author":1,"featured_media":0,"comment_status":"","ping_status":"open","sticky":false,"template":"","format":"standard","meta":{"_acf_changed":false,"footnotes":""},"categories":[24],"tags":[],"class_list":["post-123874","post","type-post","status-publish","format-standard","has-post-thumbnail","hentry","category-gundem"],"acf":[],"yoast_head":"<!-- This site is optimized with the Yoast SEO Premium plugin v26.6 (Yoast SEO v27.1.1) - https:\/\/yoast.com\/product\/yoast-seo-premium-wordpress\/ -->\n<title>Sakarya\u2019da dev yurt projesi hayata ge\u00e7iyor - Av. Deniz Can K\u0131z\u0131l<\/title>\n<meta name=\"robots\" content=\"index, follow, max-snippet:-1, max-image-preview:large, max-video-preview:-1\" \/>\n<link rel=\"canonical\" href=\"https:\/\/denizcankizil.tr\/en\/haberler\/gundem\/sakaryada-dev-yurt-projesi-hayata-geciyor\/\" \/>\n<meta property=\"og:locale\" content=\"en_GB\" \/>\n<meta property=\"og:type\" content=\"article\" \/>\n<meta property=\"og:title\" content=\"Sakarya\u2019da dev yurt projesi hayata ge\u00e7iyor\" \/>\n<meta property=\"og:description\" content=\"Sakarya B\u00fcy\u00fck\u015fehir Belediye Ba\u015fkan\u0131 Yusuf Alemdar, Serdivan Kamp\u00fcs Yerle\u015fkesi yak\u0131n\u0131nda in\u015fa edilecek \u00f6\u011frenci yurdunun proje sahas\u0131nda incelemelerde bulundu.SAKARYA (\u0130GFA) &#8211; Gen\u00e7lik ve Spor Bakanl\u0131\u011f\u0131 taraf\u0131ndan y\u00fcr\u00fct\u00fclecek projede yer tesliminin ard\u0131ndan \u00e7al\u0131\u015fmalar\u0131n ba\u015flayaca\u011f\u0131 bildirildi. Ba\u015fkan Alemdar\u2019a incelemelerde AK Parti Sakarya Milletvekili Ertu\u011frul Kocac\u0131k, Gen\u00e7lik ve Spor Bakanl\u0131\u011f\u0131 Yat\u0131r\u0131m ve \u0130\u015fletmeler Genel M\u00fcd\u00fcr\u00fc Prof. Dr. S\u00fcleyman \u015eahin, Genel M\u00fcd\u00fcr Yard\u0131mc\u0131s\u0131 Ayhan Kardan, Sakarya Gen\u00e7lik ve Spor \u0130l M\u00fcd\u00fcr\u00fc Cemil Boz ve belediye y\u00f6neticileri e\u015flik etti. Toplam 64 d\u00f6n\u00fcm alan \u00fczerinde in\u015fa edilecek projede, \u00f6\u011frenciler i\u00e7in modern ya\u015fam alanlar\u0131, et\u00fct ve faaliyet odalar\u0131, at\u00f6lyeler, yemekhane, konferans salonlar\u0131 ve iki ayr\u0131 sosyal tesis yer alacak. Be\u015f blok halinde planlanan yurt, ihtiya\u00e7 durumunda 2500 ki\u015filik kapasiteye \u00e7\u0131kar\u0131labilecek. \u0130HALE TAMAM, YER TESL\u0130M\u0130 YAPILACAK Ba\u015fkan Alemdar, mimarisi ile gen\u00e7lere en \u00fcst seviyede hitap eden proje i\u00e7in yap\u0131m ihalesinin ger\u00e7ekle\u015ftirildi\u011fini ve s\u00f6zle\u015fmenin imzalanmas\u0131 sonras\u0131nda yer teslimi yap\u0131larak \u00e7al\u0131\u015fmalar\u0131n ba\u015flayaca\u011f\u0131n\u0131 a\u00e7\u0131klad\u0131. Ba\u015fkan Alemdar, \u201cBu proje sadece konaklama alan\u0131 de\u011fil, ayn\u0131 zamanda gen\u00e7lerimizin sosyal, k\u00fclt\u00fcrel ve sportif ya\u015famlar\u0131n\u0131 destekleyecek bir merkez olacak. Yurdun yeni e\u011fitim \u00f6\u011fretim d\u00f6nemine yeti\u015fmesi i\u00e7in t\u00fcm haz\u0131rl\u0131klar\u0131m\u0131z\u0131 tamamlad\u0131k. T\u00fcrkiye\u2019ye \u00f6rnek bir model hayata ge\u00e7iyor,\u201d dedi. AK Parti Milletvekili Ertu\u011frul Kocac\u0131k ise yat\u0131r\u0131m\u0131n en k\u0131sa s\u00fcrede tamamlanmas\u0131 i\u00e7in s\u00fcreci yak\u0131ndan takip edeceklerini belirterek, \u201cEn k\u0131sa s\u00fcrede tamamlanarak &hellip;\" \/>\n<meta property=\"og:url\" content=\"https:\/\/denizcankizil.tr\/en\/haberler\/gundem\/sakaryada-dev-yurt-projesi-hayata-geciyor\/\" \/>\n<meta property=\"og:site_name\" content=\"Av. Deniz Can K\u0131z\u0131l\" \/>\n<meta property=\"article:published_time\" content=\"2025-06-23T03:42:17+00:00\" \/>\n<meta name=\"author\" content=\"admin\" \/>\n<meta name=\"twitter:card\" content=\"summary_large_image\" \/>\n<meta name=\"twitter:label1\" content=\"Written by\" \/>\n\t<meta name=\"twitter:data1\" content=\"admin\" \/>\n\t<meta name=\"twitter:label2\" content=\"Estimated reading time\" \/>\n\t<meta name=\"twitter:data2\" content=\"4 minutes\" \/>\n<script type=\"application\/ld+json\" class=\"yoast-schema-graph\">{\"@context\":\"https:\/\/schema.org\",\"@graph\":[{\"@type\":\"Article\",\"@id\":\"https:\/\/denizcankizil.tr\/de\/haberler\/gundem\/sakaryada-dev-yurt-projesi-hayata-geciyor\/#article\",\"isPartOf\":{\"@id\":\"https:\/\/denizcankizil.tr\/de\/haberler\/gundem\/sakaryada-dev-yurt-projesi-hayata-geciyor\/\"},\"author\":{\"name\":\"admin\",\"@id\":\"https:\/\/denizcankizil.tr\/de\/#\/schema\/person\/be3c05fe6a12686905512445d8185489\"},\"headline\":\"Sakarya\u2019da dev yurt projesi hayata ge\u00e7iyor\",\"datePublished\":\"2025-06-23T03:42:17+00:00\",\"mainEntityOfPage\":{\"@id\":\"https:\/\/denizcankizil.tr\/de\/haberler\/gundem\/sakaryada-dev-yurt-projesi-hayata-geciyor\/\"},\"wordCount\":796,\"publisher\":{\"@id\":\"https:\/\/denizcankizil.tr\/de\/#organization\"},\"articleSection\":[\"G\u00fcndem\"],\"inLanguage\":\"en-GB\"},{\"@type\":\"WebPage\",\"@id\":\"https:\/\/denizcankizil.tr\/de\/haberler\/gundem\/sakaryada-dev-yurt-projesi-hayata-geciyor\/\",\"url\":\"https:\/\/denizcankizil.tr\/de\/haberler\/gundem\/sakaryada-dev-yurt-projesi-hayata-geciyor\/\",\"name\":\"Sakarya\u2019da dev yurt projesi hayata ge\u00e7iyor - Av. Deniz Can K\u0131z\u0131l\",\"isPartOf\":{\"@id\":\"https:\/\/denizcankizil.tr\/de\/#website\"},\"datePublished\":\"2025-06-23T03:42:17+00:00\",\"breadcrumb\":{\"@id\":\"https:\/\/denizcankizil.tr\/de\/haberler\/gundem\/sakaryada-dev-yurt-projesi-hayata-geciyor\/#breadcrumb\"},\"inLanguage\":\"en-GB\",\"potentialAction\":[{\"@type\":\"ReadAction\",\"target\":[\"https:\/\/denizcankizil.tr\/de\/haberler\/gundem\/sakaryada-dev-yurt-projesi-hayata-geciyor\/\"]}]},{\"@type\":\"BreadcrumbList\",\"@id\":\"https:\/\/denizcankizil.tr\/de\/haberler\/gundem\/sakaryada-dev-yurt-projesi-hayata-geciyor\/#breadcrumb\",\"itemListElement\":[{\"@type\":\"ListItem\",\"position\":1,\"name\":\"Home\",\"item\":\"https:\/\/denizcankizil.tr\/de\/\"},{\"@type\":\"ListItem\",\"position\":2,\"name\":\"Sakarya\u2019da dev yurt projesi hayata ge\u00e7iyor\"}]},{\"@type\":\"WebSite\",\"@id\":\"https:\/\/denizcankizil.tr\/de\/#website\",\"url\":\"https:\/\/denizcankizil.tr\/de\/\",\"name\":\"Av. Deniz Can K\u0131z\u0131l\",\"description\":\"Avukat Deniz Can K\u0131z\u0131l Antalya Barosu\",\"publisher\":{\"@id\":\"https:\/\/denizcankizil.tr\/de\/#organization\"},\"potentialAction\":[{\"@type\":\"SearchAction\",\"target\":{\"@type\":\"EntryPoint\",\"urlTemplate\":\"https:\/\/denizcankizil.tr\/de\/?s={search_term_string}\"},\"query-input\":{\"@type\":\"PropertyValueSpecification\",\"valueRequired\":true,\"valueName\":\"search_term_string\"}}],\"inLanguage\":\"en-GB\"},{\"@type\":\"Organization\",\"@id\":\"https:\/\/denizcankizil.tr\/de\/#organization\",\"name\":\"Av. Deniz Can K\u0131z\u0131l\",\"url\":\"https:\/\/denizcankizil.tr\/de\/\",\"logo\":{\"@type\":\"ImageObject\",\"inLanguage\":\"en-GB\",\"@id\":\"https:\/\/denizcankizil.tr\/de\/#\/schema\/logo\/image\/\",\"url\":\"https:\/\/denizcankizil.tr\/wp-content\/uploads\/2024\/10\/siyah-logo-svg.svg\",\"contentUrl\":\"https:\/\/denizcankizil.tr\/wp-content\/uploads\/2024\/10\/siyah-logo-svg.svg\",\"width\":1080,\"height\":1080,\"caption\":\"Av. Deniz Can K\u0131z\u0131l\"},\"image\":{\"@id\":\"https:\/\/denizcankizil.tr\/de\/#\/schema\/logo\/image\/\"}},{\"@type\":\"Person\",\"@id\":\"https:\/\/denizcankizil.tr\/de\/#\/schema\/person\/be3c05fe6a12686905512445d8185489\",\"name\":\"admin\",\"image\":{\"@type\":\"ImageObject\",\"inLanguage\":\"en-GB\",\"@id\":\"https:\/\/denizcankizil.tr\/de\/#\/schema\/person\/image\/\",\"url\":\"https:\/\/secure.gravatar.com\/avatar\/c1fce94c830dc79107e174f890d7210541c4a63e8e5d816341794a2151c9d58c?s=96&d=mm&r=g\",\"contentUrl\":\"https:\/\/secure.gravatar.com\/avatar\/c1fce94c830dc79107e174f890d7210541c4a63e8e5d816341794a2151c9d58c?s=96&d=mm&r=g\",\"caption\":\"admin\"},\"sameAs\":[\"http:\/\/denizcankizil.tr\"],\"url\":\"https:\/\/www.iskenderun.org\/sakaryada-dev-yurt-projesi-hayata-geciyor\"}]}<\/script>\n<!-- \/ Yoast SEO Premium plugin. -->","yoast_head_json":{"title":"Sakarya\u2019da dev yurt projesi hayata ge\u00e7iyor - Av. Deniz Can K\u0131z\u0131l","robots":{"index":"index","follow":"follow","max-snippet":"max-snippet:-1","max-image-preview":"max-image-preview:large","max-video-preview":"max-video-preview:-1"},"canonical":"https:\/\/denizcankizil.tr\/en\/haberler\/gundem\/sakaryada-dev-yurt-projesi-hayata-geciyor\/","og_locale":"en_GB","og_type":"article","og_title":"Sakarya\u2019da dev yurt projesi hayata ge\u00e7iyor","og_description":"Sakarya B\u00fcy\u00fck\u015fehir Belediye Ba\u015fkan\u0131 Yusuf Alemdar, Serdivan Kamp\u00fcs Yerle\u015fkesi yak\u0131n\u0131nda in\u015fa edilecek \u00f6\u011frenci yurdunun proje sahas\u0131nda incelemelerde bulundu.SAKARYA (\u0130GFA) &#8211; Gen\u00e7lik ve Spor Bakanl\u0131\u011f\u0131 taraf\u0131ndan y\u00fcr\u00fct\u00fclecek projede yer tesliminin ard\u0131ndan \u00e7al\u0131\u015fmalar\u0131n ba\u015flayaca\u011f\u0131 bildirildi. Ba\u015fkan Alemdar\u2019a incelemelerde AK Parti Sakarya Milletvekili Ertu\u011frul Kocac\u0131k, Gen\u00e7lik ve Spor Bakanl\u0131\u011f\u0131 Yat\u0131r\u0131m ve \u0130\u015fletmeler Genel M\u00fcd\u00fcr\u00fc Prof. Dr. S\u00fcleyman \u015eahin, Genel M\u00fcd\u00fcr Yard\u0131mc\u0131s\u0131 Ayhan Kardan, Sakarya Gen\u00e7lik ve Spor \u0130l M\u00fcd\u00fcr\u00fc Cemil Boz ve belediye y\u00f6neticileri e\u015flik etti. Toplam 64 d\u00f6n\u00fcm alan \u00fczerinde in\u015fa edilecek projede, \u00f6\u011frenciler i\u00e7in modern ya\u015fam alanlar\u0131, et\u00fct ve faaliyet odalar\u0131, at\u00f6lyeler, yemekhane, konferans salonlar\u0131 ve iki ayr\u0131 sosyal tesis yer alacak. Be\u015f blok halinde planlanan yurt, ihtiya\u00e7 durumunda 2500 ki\u015filik kapasiteye \u00e7\u0131kar\u0131labilecek. \u0130HALE TAMAM, YER TESL\u0130M\u0130 YAPILACAK Ba\u015fkan Alemdar, mimarisi ile gen\u00e7lere en \u00fcst seviyede hitap eden proje i\u00e7in yap\u0131m ihalesinin ger\u00e7ekle\u015ftirildi\u011fini ve s\u00f6zle\u015fmenin imzalanmas\u0131 sonras\u0131nda yer teslimi yap\u0131larak \u00e7al\u0131\u015fmalar\u0131n ba\u015flayaca\u011f\u0131n\u0131 a\u00e7\u0131klad\u0131. Ba\u015fkan Alemdar, \u201cBu proje sadece konaklama alan\u0131 de\u011fil, ayn\u0131 zamanda gen\u00e7lerimizin sosyal, k\u00fclt\u00fcrel ve sportif ya\u015famlar\u0131n\u0131 destekleyecek bir merkez olacak. Yurdun yeni e\u011fitim \u00f6\u011fretim d\u00f6nemine yeti\u015fmesi i\u00e7in t\u00fcm haz\u0131rl\u0131klar\u0131m\u0131z\u0131 tamamlad\u0131k. T\u00fcrkiye\u2019ye \u00f6rnek bir model hayata ge\u00e7iyor,\u201d dedi. AK Parti Milletvekili Ertu\u011frul Kocac\u0131k ise yat\u0131r\u0131m\u0131n en k\u0131sa s\u00fcrede tamamlanmas\u0131 i\u00e7in s\u00fcreci yak\u0131ndan takip edeceklerini belirterek, \u201cEn k\u0131sa s\u00fcrede tamamlanarak &hellip;","og_url":"https:\/\/denizcankizil.tr\/en\/haberler\/gundem\/sakaryada-dev-yurt-projesi-hayata-geciyor\/","og_site_name":"Av. Deniz Can K\u0131z\u0131l","article_published_time":"2025-06-23T03:42:17+00:00","author":"admin","twitter_card":"summary_large_image","twitter_misc":{"Written by":"admin","Estimated reading time":"4 minutes"},"schema":{"@context":"https:\/\/schema.org","@graph":[{"@type":"Article","@id":"https:\/\/denizcankizil.tr\/de\/haberler\/gundem\/sakaryada-dev-yurt-projesi-hayata-geciyor\/#article","isPartOf":{"@id":"https:\/\/denizcankizil.tr\/de\/haberler\/gundem\/sakaryada-dev-yurt-projesi-hayata-geciyor\/"},"author":{"name":"admin","@id":"https:\/\/denizcankizil.tr\/de\/#\/schema\/person\/be3c05fe6a12686905512445d8185489"},"headline":"Sakarya\u2019da dev yurt projesi hayata ge\u00e7iyor","datePublished":"2025-06-23T03:42:17+00:00","mainEntityOfPage":{"@id":"https:\/\/denizcankizil.tr\/de\/haberler\/gundem\/sakaryada-dev-yurt-projesi-hayata-geciyor\/"},"wordCount":796,"publisher":{"@id":"https:\/\/denizcankizil.tr\/de\/#organization"},"articleSection":["G\u00fcndem"],"inLanguage":"en-GB"},{"@type":"WebPage","@id":"https:\/\/denizcankizil.tr\/de\/haberler\/gundem\/sakaryada-dev-yurt-projesi-hayata-geciyor\/","url":"https:\/\/denizcankizil.tr\/de\/haberler\/gundem\/sakaryada-dev-yurt-projesi-hayata-geciyor\/","name":"Sakarya\u2019da dev yurt projesi hayata ge\u00e7iyor - Av. Deniz Can K\u0131z\u0131l","isPartOf":{"@id":"https:\/\/denizcankizil.tr\/de\/#website"},"datePublished":"2025-06-23T03:42:17+00:00","breadcrumb":{"@id":"https:\/\/denizcankizil.tr\/de\/haberler\/gundem\/sakaryada-dev-yurt-projesi-hayata-geciyor\/#breadcrumb"},"inLanguage":"en-GB","potentialAction":[{"@type":"ReadAction","target":["https:\/\/denizcankizil.tr\/de\/haberler\/gundem\/sakaryada-dev-yurt-projesi-hayata-geciyor\/"]}]},{"@type":"BreadcrumbList","@id":"https:\/\/denizcankizil.tr\/de\/haberler\/gundem\/sakaryada-dev-yurt-projesi-hayata-geciyor\/#breadcrumb","itemListElement":[{"@type":"ListItem","position":1,"name":"Home","item":"https:\/\/denizcankizil.tr\/de\/"},{"@type":"ListItem","position":2,"name":"Sakarya\u2019da dev yurt projesi hayata ge\u00e7iyor"}]},{"@type":"WebSite","@id":"https:\/\/denizcankizil.tr\/de\/#website","url":"https:\/\/denizcankizil.tr\/de\/","name":"Av. Deniz Can K\u0131z\u0131l","description":"Avukat Deniz Can K\u0131z\u0131l Antalya Barosu","publisher":{"@id":"https:\/\/denizcankizil.tr\/de\/#organization"},"potentialAction":[{"@type":"SearchAction","target":{"@type":"EntryPoint","urlTemplate":"https:\/\/denizcankizil.tr\/de\/?s={search_term_string}"},"query-input":{"@type":"PropertyValueSpecification","valueRequired":true,"valueName":"search_term_string"}}],"inLanguage":"en-GB"},{"@type":"Organization","@id":"https:\/\/denizcankizil.tr\/de\/#organization","name":"Av. Deniz Can K\u0131z\u0131l","url":"https:\/\/denizcankizil.tr\/de\/","logo":{"@type":"ImageObject","inLanguage":"en-GB","@id":"https:\/\/denizcankizil.tr\/de\/#\/schema\/logo\/image\/","url":"https:\/\/denizcankizil.tr\/wp-content\/uploads\/2024\/10\/siyah-logo-svg.svg","contentUrl":"https:\/\/denizcankizil.tr\/wp-content\/uploads\/2024\/10\/siyah-logo-svg.svg","width":1080,"height":1080,"caption":"Av. Deniz Can K\u0131z\u0131l"},"image":{"@id":"https:\/\/denizcankizil.tr\/de\/#\/schema\/logo\/image\/"}},{"@type":"Person","@id":"https:\/\/denizcankizil.tr\/de\/#\/schema\/person\/be3c05fe6a12686905512445d8185489","name":"admin","image":{"@type":"ImageObject","inLanguage":"en-GB","@id":"https:\/\/denizcankizil.tr\/de\/#\/schema\/person\/image\/","url":"https:\/\/secure.gravatar.com\/avatar\/c1fce94c830dc79107e174f890d7210541c4a63e8e5d816341794a2151c9d58c?s=96&d=mm&r=g","contentUrl":"https:\/\/secure.gravatar.com\/avatar\/c1fce94c830dc79107e174f890d7210541c4a63e8e5d816341794a2151c9d58c?s=96&d=mm&r=g","caption":"admin"},"sameAs":["http:\/\/denizcankizil.tr"],"url":"https:\/\/www.iskenderun.org\/sakaryada-dev-yurt-projesi-hayata-geciyor"}]}},"_links":{"self":[{"href":"https:\/\/denizcankizil.tr\/en\/wp-json\/wp\/v2\/posts\/123874","targetHints":{"allow":["GET"]}}],"collection":[{"href":"https:\/\/denizcankizil.tr\/en\/wp-json\/wp\/v2\/posts"}],"about":[{"href":"https:\/\/denizcankizil.tr\/en\/wp-json\/wp\/v2\/types\/post"}],"author":[{"embeddable":true,"href":"https:\/\/denizcankizil.tr\/en\/wp-json\/wp\/v2\/users\/1"}],"replies":[{"embeddable":true,"href":"https:\/\/denizcankizil.tr\/en\/wp-json\/wp\/v2\/comments?post=123874"}],"version-history":[{"count":0,"href":"https:\/\/denizcankizil.tr\/en\/wp-json\/wp\/v2\/posts\/123874\/revisions"}],"wp:attachment":[{"href":"https:\/\/denizcankizil.tr\/en\/wp-json\/wp\/v2\/media?parent=123874"}],"wp:term":[{"taxonomy":"category","embeddable":true,"href":"https:\/\/denizcankizil.tr\/en\/wp-json\/wp\/v2\/categories?post=123874"},{"taxonomy":"post_tag","embeddable":true,"href":"https:\/\/denizcankizil.tr\/en\/wp-json\/wp\/v2\/tags?post=123874"}],"curies":[{"name":"wp","href":"https:\/\/api.w.org\/{rel}","templated":true}]}}