{"id":123090,"date":"2025-06-22T11:41:36","date_gmt":"2025-06-22T08:41:36","guid":{"rendered":"https:\/\/denizcankizil.tr\/uncategorized-tr\/antalyada-sirra-kadem-basan-yasli-adam-nerede-yaylada-bulunan-protez-dis-onun-mu\/"},"modified":"2025-06-22T11:41:36","modified_gmt":"2025-06-22T08:41:36","slug":"antalyada-sirra-kadem-basan-yasli-adam-nerede-yaylada-bulunan-protez-dis-onun-mu","status":"publish","type":"post","link":"https:\/\/denizcankizil.tr\/en\/haberler\/gundem\/antalyada-sirra-kadem-basan-yasli-adam-nerede-yaylada-bulunan-protez-dis-onun-mu\/","title":{"rendered":"Antalya\u2019da s\u0131rra kadem basan ya\u015fl\u0131 adam nerede? Yaylada bulunan protez di\u015f onun mu?"},"content":{"rendered":"<p>Antalya&#8217;n\u0131n Gazipa\u015fa il\u00e7esine ba\u011fl\u0131 G\u00fcneyk\u00f6y Mahallesi\u2019nde 22 g\u00fcn \u00f6nce yaylaya \u00e7\u0131kt\u0131ktan sonra kaybolan 76 ya\u015f\u0131ndaki H\u00fcseyin Karadeniz\u2019de bir daha haber al\u0131namad\u0131. Ya\u015fl\u0131 adam\u0131 havadan ve karadan yap\u0131lan arama \u00e7al\u0131\u015fmalar\u0131ndan hen\u00fcz bir sonu\u00e7 al\u0131namad\u0131. Maha yaylas\u0131nda bir \u00e7e\u015fmenin ba\u015f\u0131nda b\u0131rak\u0131lan ve g\u00fcnlerdir al\u0131nmayan protez di\u015f ise merak uyand\u0131rd\u0131.<\/p>\n<p>SIRRA KADEM BASTI<\/p>\n<p>H\u00fcseyin Karadeniz, G\u00fcneyk\u00f6y Mahallesi\u2019nden yaylaya \u00e7\u0131kt\u0131ktan sonra kendisinden bir daha haber al\u0131namad\u0131. Kay\u0131p ihbar\u0131 \u00fczerine ba\u015flat\u0131lan arama-kurtarma \u00e7al\u0131\u015fmalar\u0131, 23\u2019nc\u00fc g\u00fcn\u00fcne girdi. Karadeniz\u2019e ait herhangi bir iz ya da bulguya ula\u015f\u0131lamazken, ailesinin endi\u015feli bekleyi\u015fi devam ediyor.<\/p>\n<p>TAM KADRO ARAMA \u00c7ALI\u015eMASI<\/p>\n<p>Antalya K\u00f6rfez Gazetesi muhabiri Ertu\u011frul G\u00fcn&#8217;\u00fcn haberine g\u00f6re; AFAD, Jandarma Arama Kurtarma (JAK), jandarma komando birlikleri, g\u00fcvenlik g\u00fc\u00e7leri, Gazipa\u015fa G\u00f6n\u00fcll\u00fc Arama Kurtarma Ekibi ve \u00e7ok say\u0131da vatanda\u015f\u0131n kat\u0131l\u0131m\u0131yla y\u00fcr\u00fct\u00fclen arama \u00e7al\u0131\u015fmalar\u0131nda b\u00f6lgenin sarp ve ormanl\u0131k yap\u0131s\u0131, ekiplerin i\u015fini zorla\u015ft\u0131rd\u0131.<\/p>\n<p>HAVADAN KARADAN ARAMA<\/p>\n<p>Karadan yap\u0131lan aramalara havadan da dron ve termal kameralarla destek verildi. Ayr\u0131ca iz takip ve kadavra k\u00f6pekleri de arama \u00e7al\u0131\u015fmalar\u0131nda aktif olarak kullan\u0131l\u0131yor. Alan geni\u015fletildi, ancak sonu\u00e7 al\u0131namad\u0131. Ekipler, Karadeniz\u2019in en son g\u00f6r\u00fcld\u00fc\u011f\u00fc yayla \u00e7evresinde yo\u011funla\u015fan aramalar\u0131n ard\u0131ndan alan\u0131 geni\u015fletme karar\u0131 ald\u0131.<\/p>\n<p>D\u0130\u015eLER ONA MI A\u0130T<\/p>\n<p>Arama \u00e7al\u0131\u015fmalar\u0131 devam ederken d\u00fcn Maha yaylas\u0131nda dikkat \u00e7eken bir geli\u015fme ya\u015fand\u0131. Sosyal medyada da payla\u015f\u0131lan foto\u011fraf karesinde bir ki\u015finin protez di\u015flerini \u00e7e\u015fmenin ba\u015f\u0131nda unuttu\u011fu g\u00f6r\u00fcld\u00fc. Di\u015f protezi koruma alt\u0131na al\u0131nd\u0131. Vatanda\u015flar \u00fczerine not yazarak di\u015fi unutan ki\u015finin gelip almas\u0131n\u0131 istedi. Ge\u00e7en s\u00fcre zarf\u0131nda maliyetinin y\u00fcksek oldu\u011fu \u00f6\u011frenilen di\u015flerin al\u0131nmamas\u0131 soru i\u015faretlerini de beraberinde getirdi. Di\u015flerin ya\u015fl\u0131 adama ait olabilece\u011fi ihtimali \u00fczerinde de duruldu.<\/p>\n<p>\u200bAntalya&#8217;n\u0131n Gazipa\u015fa il\u00e7esine ba\u011fl\u0131 G\u00fcneyk\u00f6y Mahallesi\u2019nde yaylaya \u00e7\u0131kan 76 ya\u015f\u0131ndaki adam adeta s\u0131rra kadem bast\u0131. Ya\u015fl\u0131 adamdan 23 g\u00fcnd\u00fcr haber al\u0131namazken Maha yaylas\u0131nda bir \u00e7e\u015fmenin ba\u015f\u0131nda g\u00fcnlerdir al\u0131nmayan takma di\u015f dikkat \u00e7ekti. \u0130\u015fte detaylar\u2026\u00a0<\/p>\n<p>\u200bHaberin Al\u0131nt\u0131land\u0131\u011f\u0131 Kaynak: www.antalyakorfez.com<\/p>","protected":false},"excerpt":{"rendered":"<p>Antalya&#8217;n\u0131n Gazipa\u015fa il\u00e7esine ba\u011fl\u0131 G\u00fcneyk\u00f6y Mahallesi\u2019nde 22 g\u00fcn \u00f6nce yaylaya \u00e7\u0131kt\u0131ktan sonra kaybolan 76 ya\u015f\u0131ndaki H\u00fcseyin Karadeniz\u2019de bir daha haber al\u0131namad\u0131. Ya\u015fl\u0131 adam\u0131 havadan ve karadan yap\u0131lan arama \u00e7al\u0131\u015fmalar\u0131ndan hen\u00fcz bir sonu\u00e7 al\u0131namad\u0131. Maha yaylas\u0131nda bir \u00e7e\u015fmenin ba\u015f\u0131nda b\u0131rak\u0131lan ve g\u00fcnlerdir al\u0131nmayan protez di\u015f ise merak uyand\u0131rd\u0131. SIRRA KADEM BASTI H\u00fcseyin Karadeniz, G\u00fcneyk\u00f6y Mahallesi\u2019nden yaylaya \u00e7\u0131kt\u0131ktan sonra kendisinden bir daha haber al\u0131namad\u0131. Kay\u0131p ihbar\u0131 \u00fczerine ba\u015flat\u0131lan arama-kurtarma \u00e7al\u0131\u015fmalar\u0131, 23\u2019nc\u00fc g\u00fcn\u00fcne girdi. Karadeniz\u2019e ait herhangi bir iz ya da bulguya ula\u015f\u0131lamazken, ailesinin endi\u015feli bekleyi\u015fi devam ediyor. TAM KADRO ARAMA \u00c7ALI\u015eMASI Antalya K\u00f6rfez Gazetesi muhabiri Ertu\u011frul G\u00fcn&#8217;\u00fcn haberine g\u00f6re; AFAD, Jandarma Arama Kurtarma (JAK), jandarma komando birlikleri, g\u00fcvenlik g\u00fc\u00e7leri, Gazipa\u015fa G\u00f6n\u00fcll\u00fc Arama Kurtarma Ekibi ve \u00e7ok say\u0131da vatanda\u015f\u0131n kat\u0131l\u0131m\u0131yla y\u00fcr\u00fct\u00fclen arama \u00e7al\u0131\u015fmalar\u0131nda b\u00f6lgenin sarp ve ormanl\u0131k yap\u0131s\u0131, ekiplerin i\u015fini zorla\u015ft\u0131rd\u0131. HAVADAN KARADAN ARAMA Karadan yap\u0131lan aramalara havadan da dron ve termal kameralarla destek verildi. Ayr\u0131ca iz takip ve kadavra k\u00f6pekleri de arama \u00e7al\u0131\u015fmalar\u0131nda aktif olarak kullan\u0131l\u0131yor. Alan geni\u015fletildi, ancak sonu\u00e7 al\u0131namad\u0131. Ekipler, Karadeniz\u2019in en son g\u00f6r\u00fcld\u00fc\u011f\u00fc yayla \u00e7evresinde yo\u011funla\u015fan aramalar\u0131n ard\u0131ndan alan\u0131 geni\u015fletme karar\u0131 ald\u0131. D\u0130\u015eLER ONA MI A\u0130T Arama \u00e7al\u0131\u015fmalar\u0131 devam ederken d\u00fcn Maha yaylas\u0131nda dikkat \u00e7eken bir geli\u015fme ya\u015fand\u0131. Sosyal medyada da payla\u015f\u0131lan foto\u011fraf karesinde bir ki\u015finin protez di\u015flerini \u00e7e\u015fmenin &hellip;<\/p>","protected":false},"author":5,"featured_media":0,"comment_status":"","ping_status":"open","sticky":false,"template":"","format":"standard","meta":{"_acf_changed":false,"footnotes":""},"categories":[24],"tags":[],"class_list":["post-123090","post","type-post","status-publish","format-standard","has-post-thumbnail","hentry","category-gundem"],"acf":[],"yoast_head":"<!-- This site is optimized with the Yoast SEO Premium plugin v26.6 (Yoast SEO v27.1.1) - https:\/\/yoast.com\/product\/yoast-seo-premium-wordpress\/ -->\n<title>Antalya\u2019da s\u0131rra kadem basan ya\u015fl\u0131 adam nerede? Yaylada bulunan protez di\u015f onun mu? - Av. Deniz Can K\u0131z\u0131l<\/title>\n<meta name=\"robots\" content=\"index, follow, max-snippet:-1, max-image-preview:large, max-video-preview:-1\" \/>\n<link rel=\"canonical\" href=\"https:\/\/denizcankizil.tr\/en\/haberler\/gundem\/antalyada-sirra-kadem-basan-yasli-adam-nerede-yaylada-bulunan-protez-dis-onun-mu\/\" \/>\n<meta property=\"og:locale\" content=\"en_GB\" \/>\n<meta property=\"og:type\" content=\"article\" \/>\n<meta property=\"og:title\" content=\"Antalya\u2019da s\u0131rra kadem basan ya\u015fl\u0131 adam nerede? Yaylada bulunan protez di\u015f onun mu?\" \/>\n<meta property=\"og:description\" content=\"Antalya&#8217;n\u0131n Gazipa\u015fa il\u00e7esine ba\u011fl\u0131 G\u00fcneyk\u00f6y Mahallesi\u2019nde 22 g\u00fcn \u00f6nce yaylaya \u00e7\u0131kt\u0131ktan sonra kaybolan 76 ya\u015f\u0131ndaki H\u00fcseyin Karadeniz\u2019de bir daha haber al\u0131namad\u0131. Ya\u015fl\u0131 adam\u0131 havadan ve karadan yap\u0131lan arama \u00e7al\u0131\u015fmalar\u0131ndan hen\u00fcz bir sonu\u00e7 al\u0131namad\u0131. Maha yaylas\u0131nda bir \u00e7e\u015fmenin ba\u015f\u0131nda b\u0131rak\u0131lan ve g\u00fcnlerdir al\u0131nmayan protez di\u015f ise merak uyand\u0131rd\u0131. SIRRA KADEM BASTI H\u00fcseyin Karadeniz, G\u00fcneyk\u00f6y Mahallesi\u2019nden yaylaya \u00e7\u0131kt\u0131ktan sonra kendisinden bir daha haber al\u0131namad\u0131. Kay\u0131p ihbar\u0131 \u00fczerine ba\u015flat\u0131lan arama-kurtarma \u00e7al\u0131\u015fmalar\u0131, 23\u2019nc\u00fc g\u00fcn\u00fcne girdi. Karadeniz\u2019e ait herhangi bir iz ya da bulguya ula\u015f\u0131lamazken, ailesinin endi\u015feli bekleyi\u015fi devam ediyor. TAM KADRO ARAMA \u00c7ALI\u015eMASI Antalya K\u00f6rfez Gazetesi muhabiri Ertu\u011frul G\u00fcn&#8217;\u00fcn haberine g\u00f6re; AFAD, Jandarma Arama Kurtarma (JAK), jandarma komando birlikleri, g\u00fcvenlik g\u00fc\u00e7leri, Gazipa\u015fa G\u00f6n\u00fcll\u00fc Arama Kurtarma Ekibi ve \u00e7ok say\u0131da vatanda\u015f\u0131n kat\u0131l\u0131m\u0131yla y\u00fcr\u00fct\u00fclen arama \u00e7al\u0131\u015fmalar\u0131nda b\u00f6lgenin sarp ve ormanl\u0131k yap\u0131s\u0131, ekiplerin i\u015fini zorla\u015ft\u0131rd\u0131. HAVADAN KARADAN ARAMA Karadan yap\u0131lan aramalara havadan da dron ve termal kameralarla destek verildi. Ayr\u0131ca iz takip ve kadavra k\u00f6pekleri de arama \u00e7al\u0131\u015fmalar\u0131nda aktif olarak kullan\u0131l\u0131yor. Alan geni\u015fletildi, ancak sonu\u00e7 al\u0131namad\u0131. Ekipler, Karadeniz\u2019in en son g\u00f6r\u00fcld\u00fc\u011f\u00fc yayla \u00e7evresinde yo\u011funla\u015fan aramalar\u0131n ard\u0131ndan alan\u0131 geni\u015fletme karar\u0131 ald\u0131. D\u0130\u015eLER ONA MI A\u0130T Arama \u00e7al\u0131\u015fmalar\u0131 devam ederken d\u00fcn Maha yaylas\u0131nda dikkat \u00e7eken bir geli\u015fme ya\u015fand\u0131. Sosyal medyada da payla\u015f\u0131lan foto\u011fraf karesinde bir ki\u015finin protez di\u015flerini \u00e7e\u015fmenin &hellip;\" \/>\n<meta property=\"og:url\" content=\"https:\/\/denizcankizil.tr\/en\/haberler\/gundem\/antalyada-sirra-kadem-basan-yasli-adam-nerede-yaylada-bulunan-protez-dis-onun-mu\/\" \/>\n<meta property=\"og:site_name\" content=\"Av. Deniz Can K\u0131z\u0131l\" \/>\n<meta property=\"article:published_time\" content=\"2025-06-22T08:41:36+00:00\" \/>\n<meta name=\"author\" content=\"Antalya K\u00f6rfez\" \/>\n<meta name=\"twitter:card\" content=\"summary_large_image\" \/>\n<meta name=\"twitter:label1\" content=\"Written by\" \/>\n\t<meta name=\"twitter:data1\" content=\"Antalya K\u00f6rfez\" \/>\n\t<meta name=\"twitter:label2\" content=\"Estimated reading time\" \/>\n\t<meta name=\"twitter:data2\" content=\"2 minutes\" \/>\n<script type=\"application\/ld+json\" class=\"yoast-schema-graph\">{\"@context\":\"https:\/\/schema.org\",\"@graph\":[{\"@type\":\"Article\",\"@id\":\"https:\/\/denizcankizil.tr\/en\/haberler\/gundem\/antalyada-sirra-kadem-basan-yasli-adam-nerede-yaylada-bulunan-protez-dis-onun-mu\/#article\",\"isPartOf\":{\"@id\":\"https:\/\/denizcankizil.tr\/en\/haberler\/gundem\/antalyada-sirra-kadem-basan-yasli-adam-nerede-yaylada-bulunan-protez-dis-onun-mu\/\"},\"author\":{\"name\":\"Antalya K\u00f6rfez\",\"@id\":\"https:\/\/denizcankizil.tr\/#\/schema\/person\/e1eb71bb4dd684d46563f0af307e1234\"},\"headline\":\"Antalya\u2019da s\u0131rra kadem basan ya\u015fl\u0131 adam nerede? Yaylada bulunan protez di\u015f onun mu?\",\"datePublished\":\"2025-06-22T08:41:36+00:00\",\"mainEntityOfPage\":{\"@id\":\"https:\/\/denizcankizil.tr\/en\/haberler\/gundem\/antalyada-sirra-kadem-basan-yasli-adam-nerede-yaylada-bulunan-protez-dis-onun-mu\/\"},\"wordCount\":435,\"publisher\":{\"@id\":\"https:\/\/denizcankizil.tr\/#organization\"},\"articleSection\":[\"G\u00fcndem\"],\"inLanguage\":\"en-GB\"},{\"@type\":\"WebPage\",\"@id\":\"https:\/\/denizcankizil.tr\/en\/haberler\/gundem\/antalyada-sirra-kadem-basan-yasli-adam-nerede-yaylada-bulunan-protez-dis-onun-mu\/\",\"url\":\"https:\/\/denizcankizil.tr\/en\/haberler\/gundem\/antalyada-sirra-kadem-basan-yasli-adam-nerede-yaylada-bulunan-protez-dis-onun-mu\/\",\"name\":\"Antalya\u2019da s\u0131rra kadem basan ya\u015fl\u0131 adam nerede? Yaylada bulunan protez di\u015f onun mu? - Av. Deniz Can K\u0131z\u0131l\",\"isPartOf\":{\"@id\":\"https:\/\/denizcankizil.tr\/#website\"},\"datePublished\":\"2025-06-22T08:41:36+00:00\",\"breadcrumb\":{\"@id\":\"https:\/\/denizcankizil.tr\/en\/haberler\/gundem\/antalyada-sirra-kadem-basan-yasli-adam-nerede-yaylada-bulunan-protez-dis-onun-mu\/#breadcrumb\"},\"inLanguage\":\"en-GB\",\"potentialAction\":[{\"@type\":\"ReadAction\",\"target\":[\"https:\/\/denizcankizil.tr\/en\/haberler\/gundem\/antalyada-sirra-kadem-basan-yasli-adam-nerede-yaylada-bulunan-protez-dis-onun-mu\/\"]}]},{\"@type\":\"BreadcrumbList\",\"@id\":\"https:\/\/denizcankizil.tr\/en\/haberler\/gundem\/antalyada-sirra-kadem-basan-yasli-adam-nerede-yaylada-bulunan-protez-dis-onun-mu\/#breadcrumb\",\"itemListElement\":[{\"@type\":\"ListItem\",\"position\":1,\"name\":\"Home\",\"item\":\"https:\/\/denizcankizil.tr\/de\/\"},{\"@type\":\"ListItem\",\"position\":2,\"name\":\"Antalya\u2019da s\u0131rra kadem basan ya\u015fl\u0131 adam nerede? Yaylada bulunan protez di\u015f onun mu?\"}]},{\"@type\":\"WebSite\",\"@id\":\"https:\/\/denizcankizil.tr\/#website\",\"url\":\"https:\/\/denizcankizil.tr\/\",\"name\":\"Av. Deniz Can K\u0131z\u0131l\",\"description\":\"Avukat Deniz Can K\u0131z\u0131l Antalya Barosu\",\"publisher\":{\"@id\":\"https:\/\/denizcankizil.tr\/#organization\"},\"potentialAction\":[{\"@type\":\"SearchAction\",\"target\":{\"@type\":\"EntryPoint\",\"urlTemplate\":\"https:\/\/denizcankizil.tr\/?s={search_term_string}\"},\"query-input\":{\"@type\":\"PropertyValueSpecification\",\"valueRequired\":true,\"valueName\":\"search_term_string\"}}],\"inLanguage\":\"en-GB\"},{\"@type\":\"Organization\",\"@id\":\"https:\/\/denizcankizil.tr\/#organization\",\"name\":\"Av. Deniz Can K\u0131z\u0131l\",\"url\":\"https:\/\/denizcankizil.tr\/\",\"logo\":{\"@type\":\"ImageObject\",\"inLanguage\":\"en-GB\",\"@id\":\"https:\/\/denizcankizil.tr\/#\/schema\/logo\/image\/\",\"url\":\"https:\/\/denizcankizil.tr\/wp-content\/uploads\/2024\/10\/siyah-logo-svg.svg\",\"contentUrl\":\"https:\/\/denizcankizil.tr\/wp-content\/uploads\/2024\/10\/siyah-logo-svg.svg\",\"width\":1080,\"height\":1080,\"caption\":\"Av. Deniz Can K\u0131z\u0131l\"},\"image\":{\"@id\":\"https:\/\/denizcankizil.tr\/#\/schema\/logo\/image\/\"}},{\"@type\":\"Person\",\"@id\":\"https:\/\/denizcankizil.tr\/#\/schema\/person\/e1eb71bb4dd684d46563f0af307e1234\",\"name\":\"Antalya K\u00f6rfez\",\"image\":{\"@type\":\"ImageObject\",\"inLanguage\":\"en-GB\",\"@id\":\"https:\/\/denizcankizil.tr\/#\/schema\/person\/image\/\",\"url\":\"https:\/\/secure.gravatar.com\/avatar\/42b01982558a48a0b501fdcab6a408d3717ea5919095ee2e67b0e521799c5905?s=96&d=mm&r=g\",\"contentUrl\":\"https:\/\/secure.gravatar.com\/avatar\/42b01982558a48a0b501fdcab6a408d3717ea5919095ee2e67b0e521799c5905?s=96&d=mm&r=g\",\"caption\":\"Antalya K\u00f6rfez\"},\"sameAs\":[\"http:\/\/www.antalyakorfez.com\"],\"url\":\"https:\/\/www.antalyakorfez.com\/antalyada-sirra-kadem-basan-yasli-adam-nerede-yaylada-bulunan-protez-dis-onun-mu\"}]}<\/script>\n<!-- \/ Yoast SEO Premium plugin. -->","yoast_head_json":{"title":"Antalya\u2019da s\u0131rra kadem basan ya\u015fl\u0131 adam nerede? Yaylada bulunan protez di\u015f onun mu? - Av. Deniz Can K\u0131z\u0131l","robots":{"index":"index","follow":"follow","max-snippet":"max-snippet:-1","max-image-preview":"max-image-preview:large","max-video-preview":"max-video-preview:-1"},"canonical":"https:\/\/denizcankizil.tr\/en\/haberler\/gundem\/antalyada-sirra-kadem-basan-yasli-adam-nerede-yaylada-bulunan-protez-dis-onun-mu\/","og_locale":"en_GB","og_type":"article","og_title":"Antalya\u2019da s\u0131rra kadem basan ya\u015fl\u0131 adam nerede? Yaylada bulunan protez di\u015f onun mu?","og_description":"Antalya&#8217;n\u0131n Gazipa\u015fa il\u00e7esine ba\u011fl\u0131 G\u00fcneyk\u00f6y Mahallesi\u2019nde 22 g\u00fcn \u00f6nce yaylaya \u00e7\u0131kt\u0131ktan sonra kaybolan 76 ya\u015f\u0131ndaki H\u00fcseyin Karadeniz\u2019de bir daha haber al\u0131namad\u0131. Ya\u015fl\u0131 adam\u0131 havadan ve karadan yap\u0131lan arama \u00e7al\u0131\u015fmalar\u0131ndan hen\u00fcz bir sonu\u00e7 al\u0131namad\u0131. Maha yaylas\u0131nda bir \u00e7e\u015fmenin ba\u015f\u0131nda b\u0131rak\u0131lan ve g\u00fcnlerdir al\u0131nmayan protez di\u015f ise merak uyand\u0131rd\u0131. SIRRA KADEM BASTI H\u00fcseyin Karadeniz, G\u00fcneyk\u00f6y Mahallesi\u2019nden yaylaya \u00e7\u0131kt\u0131ktan sonra kendisinden bir daha haber al\u0131namad\u0131. Kay\u0131p ihbar\u0131 \u00fczerine ba\u015flat\u0131lan arama-kurtarma \u00e7al\u0131\u015fmalar\u0131, 23\u2019nc\u00fc g\u00fcn\u00fcne girdi. Karadeniz\u2019e ait herhangi bir iz ya da bulguya ula\u015f\u0131lamazken, ailesinin endi\u015feli bekleyi\u015fi devam ediyor. TAM KADRO ARAMA \u00c7ALI\u015eMASI Antalya K\u00f6rfez Gazetesi muhabiri Ertu\u011frul G\u00fcn&#8217;\u00fcn haberine g\u00f6re; AFAD, Jandarma Arama Kurtarma (JAK), jandarma komando birlikleri, g\u00fcvenlik g\u00fc\u00e7leri, Gazipa\u015fa G\u00f6n\u00fcll\u00fc Arama Kurtarma Ekibi ve \u00e7ok say\u0131da vatanda\u015f\u0131n kat\u0131l\u0131m\u0131yla y\u00fcr\u00fct\u00fclen arama \u00e7al\u0131\u015fmalar\u0131nda b\u00f6lgenin sarp ve ormanl\u0131k yap\u0131s\u0131, ekiplerin i\u015fini zorla\u015ft\u0131rd\u0131. HAVADAN KARADAN ARAMA Karadan yap\u0131lan aramalara havadan da dron ve termal kameralarla destek verildi. Ayr\u0131ca iz takip ve kadavra k\u00f6pekleri de arama \u00e7al\u0131\u015fmalar\u0131nda aktif olarak kullan\u0131l\u0131yor. Alan geni\u015fletildi, ancak sonu\u00e7 al\u0131namad\u0131. Ekipler, Karadeniz\u2019in en son g\u00f6r\u00fcld\u00fc\u011f\u00fc yayla \u00e7evresinde yo\u011funla\u015fan aramalar\u0131n ard\u0131ndan alan\u0131 geni\u015fletme karar\u0131 ald\u0131. D\u0130\u015eLER ONA MI A\u0130T Arama \u00e7al\u0131\u015fmalar\u0131 devam ederken d\u00fcn Maha yaylas\u0131nda dikkat \u00e7eken bir geli\u015fme ya\u015fand\u0131. Sosyal medyada da payla\u015f\u0131lan foto\u011fraf karesinde bir ki\u015finin protez di\u015flerini \u00e7e\u015fmenin &hellip;","og_url":"https:\/\/denizcankizil.tr\/en\/haberler\/gundem\/antalyada-sirra-kadem-basan-yasli-adam-nerede-yaylada-bulunan-protez-dis-onun-mu\/","og_site_name":"Av. Deniz Can K\u0131z\u0131l","article_published_time":"2025-06-22T08:41:36+00:00","author":"Antalya K\u00f6rfez","twitter_card":"summary_large_image","twitter_misc":{"Written by":"Antalya K\u00f6rfez","Estimated reading time":"2 minutes"},"schema":{"@context":"https:\/\/schema.org","@graph":[{"@type":"Article","@id":"https:\/\/denizcankizil.tr\/en\/haberler\/gundem\/antalyada-sirra-kadem-basan-yasli-adam-nerede-yaylada-bulunan-protez-dis-onun-mu\/#article","isPartOf":{"@id":"https:\/\/denizcankizil.tr\/en\/haberler\/gundem\/antalyada-sirra-kadem-basan-yasli-adam-nerede-yaylada-bulunan-protez-dis-onun-mu\/"},"author":{"name":"Antalya K\u00f6rfez","@id":"https:\/\/denizcankizil.tr\/#\/schema\/person\/e1eb71bb4dd684d46563f0af307e1234"},"headline":"Antalya\u2019da s\u0131rra kadem basan ya\u015fl\u0131 adam nerede? Yaylada bulunan protez di\u015f onun mu?","datePublished":"2025-06-22T08:41:36+00:00","mainEntityOfPage":{"@id":"https:\/\/denizcankizil.tr\/en\/haberler\/gundem\/antalyada-sirra-kadem-basan-yasli-adam-nerede-yaylada-bulunan-protez-dis-onun-mu\/"},"wordCount":435,"publisher":{"@id":"https:\/\/denizcankizil.tr\/#organization"},"articleSection":["G\u00fcndem"],"inLanguage":"en-GB"},{"@type":"WebPage","@id":"https:\/\/denizcankizil.tr\/en\/haberler\/gundem\/antalyada-sirra-kadem-basan-yasli-adam-nerede-yaylada-bulunan-protez-dis-onun-mu\/","url":"https:\/\/denizcankizil.tr\/en\/haberler\/gundem\/antalyada-sirra-kadem-basan-yasli-adam-nerede-yaylada-bulunan-protez-dis-onun-mu\/","name":"Antalya\u2019da s\u0131rra kadem basan ya\u015fl\u0131 adam nerede? Yaylada bulunan protez di\u015f onun mu? - Av. Deniz Can K\u0131z\u0131l","isPartOf":{"@id":"https:\/\/denizcankizil.tr\/#website"},"datePublished":"2025-06-22T08:41:36+00:00","breadcrumb":{"@id":"https:\/\/denizcankizil.tr\/en\/haberler\/gundem\/antalyada-sirra-kadem-basan-yasli-adam-nerede-yaylada-bulunan-protez-dis-onun-mu\/#breadcrumb"},"inLanguage":"en-GB","potentialAction":[{"@type":"ReadAction","target":["https:\/\/denizcankizil.tr\/en\/haberler\/gundem\/antalyada-sirra-kadem-basan-yasli-adam-nerede-yaylada-bulunan-protez-dis-onun-mu\/"]}]},{"@type":"BreadcrumbList","@id":"https:\/\/denizcankizil.tr\/en\/haberler\/gundem\/antalyada-sirra-kadem-basan-yasli-adam-nerede-yaylada-bulunan-protez-dis-onun-mu\/#breadcrumb","itemListElement":[{"@type":"ListItem","position":1,"name":"Home","item":"https:\/\/denizcankizil.tr\/de\/"},{"@type":"ListItem","position":2,"name":"Antalya\u2019da s\u0131rra kadem basan ya\u015fl\u0131 adam nerede? Yaylada bulunan protez di\u015f onun mu?"}]},{"@type":"WebSite","@id":"https:\/\/denizcankizil.tr\/#website","url":"https:\/\/denizcankizil.tr\/","name":"Av. Deniz Can K\u0131z\u0131l","description":"Avukat Deniz Can K\u0131z\u0131l Antalya Barosu","publisher":{"@id":"https:\/\/denizcankizil.tr\/#organization"},"potentialAction":[{"@type":"SearchAction","target":{"@type":"EntryPoint","urlTemplate":"https:\/\/denizcankizil.tr\/?s={search_term_string}"},"query-input":{"@type":"PropertyValueSpecification","valueRequired":true,"valueName":"search_term_string"}}],"inLanguage":"en-GB"},{"@type":"Organization","@id":"https:\/\/denizcankizil.tr\/#organization","name":"Av. Deniz Can K\u0131z\u0131l","url":"https:\/\/denizcankizil.tr\/","logo":{"@type":"ImageObject","inLanguage":"en-GB","@id":"https:\/\/denizcankizil.tr\/#\/schema\/logo\/image\/","url":"https:\/\/denizcankizil.tr\/wp-content\/uploads\/2024\/10\/siyah-logo-svg.svg","contentUrl":"https:\/\/denizcankizil.tr\/wp-content\/uploads\/2024\/10\/siyah-logo-svg.svg","width":1080,"height":1080,"caption":"Av. Deniz Can K\u0131z\u0131l"},"image":{"@id":"https:\/\/denizcankizil.tr\/#\/schema\/logo\/image\/"}},{"@type":"Person","@id":"https:\/\/denizcankizil.tr\/#\/schema\/person\/e1eb71bb4dd684d46563f0af307e1234","name":"Antalya K\u00f6rfez","image":{"@type":"ImageObject","inLanguage":"en-GB","@id":"https:\/\/denizcankizil.tr\/#\/schema\/person\/image\/","url":"https:\/\/secure.gravatar.com\/avatar\/42b01982558a48a0b501fdcab6a408d3717ea5919095ee2e67b0e521799c5905?s=96&d=mm&r=g","contentUrl":"https:\/\/secure.gravatar.com\/avatar\/42b01982558a48a0b501fdcab6a408d3717ea5919095ee2e67b0e521799c5905?s=96&d=mm&r=g","caption":"Antalya K\u00f6rfez"},"sameAs":["http:\/\/www.antalyakorfez.com"],"url":"https:\/\/www.antalyakorfez.com\/antalyada-sirra-kadem-basan-yasli-adam-nerede-yaylada-bulunan-protez-dis-onun-mu"}]}},"_links":{"self":[{"href":"https:\/\/denizcankizil.tr\/en\/wp-json\/wp\/v2\/posts\/123090","targetHints":{"allow":["GET"]}}],"collection":[{"href":"https:\/\/denizcankizil.tr\/en\/wp-json\/wp\/v2\/posts"}],"about":[{"href":"https:\/\/denizcankizil.tr\/en\/wp-json\/wp\/v2\/types\/post"}],"author":[{"embeddable":true,"href":"https:\/\/denizcankizil.tr\/en\/wp-json\/wp\/v2\/users\/5"}],"replies":[{"embeddable":true,"href":"https:\/\/denizcankizil.tr\/en\/wp-json\/wp\/v2\/comments?post=123090"}],"version-history":[{"count":0,"href":"https:\/\/denizcankizil.tr\/en\/wp-json\/wp\/v2\/posts\/123090\/revisions"}],"wp:attachment":[{"href":"https:\/\/denizcankizil.tr\/en\/wp-json\/wp\/v2\/media?parent=123090"}],"wp:term":[{"taxonomy":"category","embeddable":true,"href":"https:\/\/denizcankizil.tr\/en\/wp-json\/wp\/v2\/categories?post=123090"},{"taxonomy":"post_tag","embeddable":true,"href":"https:\/\/denizcankizil.tr\/en\/wp-json\/wp\/v2\/tags?post=123090"}],"curies":[{"name":"wp","href":"https:\/\/api.w.org\/{rel}","templated":true}]}}