{"id":121331,"date":"2025-06-20T16:41:29","date_gmt":"2025-06-20T13:41:29","guid":{"rendered":"https:\/\/denizcankizil.tr\/uncategorized-tr\/baskan-kotandan-cocuklara-karne-hediyesi-dondurma\/"},"modified":"2025-06-20T16:41:29","modified_gmt":"2025-06-20T13:41:29","slug":"baskan-kotandan-cocuklara-karne-hediyesi-dondurma","status":"publish","type":"post","link":"https:\/\/denizcankizil.tr\/en\/haberler\/antalya\/baskan-kotandan-cocuklara-karne-hediyesi-dondurma\/","title":{"rendered":"Ba\u015fkan Kotan&#8217;dan \u00e7ocuklara karne hediyesi dondurma"},"content":{"rendered":"<p>Antalya&#8217;n\u0131n Konyaalt\u0131 Belediye Ba\u015fkan\u0131 Cem Kotan, 2024-2025 e\u011fitim \u00f6\u011fretim y\u0131l\u0131n\u0131n sona ermesinin ard\u0131ndan karne sevinci ya\u015fayan \u00e7ocuklarla HayatPark\u2019ta bulu\u015ftu. Ba\u015fkan Kotan, \u00e7ocuklara elleriyle dondurma ikram\u0131nda bulunarak karne sevin\u00e7lerine ortak oldu. Aileleriyle beraber HayatPark\u2019a ko\u015fan \u00e7ocuklar, dondurmalar\u0131n\u0131 Konyaalt\u0131 Belediye Ba\u015fkan\u0131 Cem Kotan\u2019\u0131n elinden ald\u0131. Minikler ve aileleri, dondurma ikram\u0131ndan dolay\u0131 Kotan\u2019a te\u015fekk\u00fcrlerini dile getirdi. Ba\u015fkan Kotan, dondurma ikram\u0131n ard\u0131ndan, \u00e7ocuklar\u0131n foto\u011fraf \u00e7ekilme ve g\u00fcn\u00fc \u00f6l\u00fcms\u00fczle\u015ftirme isteklerini de geri \u00e7evirmedi.<\/p>\n<p>&#8220;Hem e\u011flensinler hem de dondurma yesinler&#8221;<br \/>\nKarne g\u00fcn\u00fcn\u00fcn yaz mevsimi s\u0131caklar\u0131na denk gelmesi sebebiyle dondurma ikram\u0131 planlad\u0131klar\u0131n\u0131 ifade eden Konyaalt\u0131 Belediye Ba\u015fkan\u0131 Cem Kotan, &#8220;Gayet g\u00fczel bir etkinlik oluyor. \u00c7ocuklar s\u0131raya girdiler ve dondurmalar\u0131n\u0131 al\u0131yorlar. Miniklerimize afiyet olsun. Kendileri i\u00e7in il\u00e7emizde bir\u00e7ok etkinlik yap\u0131yoruz. Bu etkinlik de bunlardan bir tanesi&#8221; dedi. HayatPark\u2019\u0131n Konyaalt\u0131 ve Antalya i\u00e7in b\u00fcy\u00fck bir avantaj oldu\u011funu vurgulayan Kotan, &#8220;Park\u0131m\u0131zda \u00e7ocuklar doyas\u0131ya e\u011fleniyor. Bundan biz de, \u00e7ocuklar\u0131m\u0131z da \u00e7ok memnunuz. Dondurma ikram\u0131n\u0131 da \u00f6zellikle b\u00f6yle g\u00fczel bir ortamda yapmak istedik&#8221; \u015feklinde konu\u015ftu.<\/p>\n<p>Tatilde bol bol kitap okumalar\u0131n\u0131 istedi<br \/>\n\u00c7ocuklara iyi tatiller dileyen ve tavsiyelerde bulunan Ba\u015fkan Kotan s\u00f6zlerine \u015fu \u015fekilde devam etti; &#8220;Miniklerimiz bol bol kitap okusun, e\u011flensin ve aileleriyle vakit ge\u00e7irsin. \u00d6n\u00fcm\u00fczdeki e\u011fitim \u00f6\u011fretim y\u0131l\u0131na g\u00fczel haz\u0131rlans\u0131nlar. \u00c7ocukluk zamanlar\u0131 gelip ge\u00e7iyor. Hep arkada g\u00fczel zamanlar ve e\u011flenceler kal\u0131yor. Biz de onlara g\u00fczel bir an\u0131 b\u0131rakmak i\u00e7in bug\u00fcn dondurma ikram\u0131n\u0131 planlad\u0131k.&#8221;<br \/>\nDondurma ikram\u0131 i\u00e7in HayatPark\u2019a gelen ve ikramdan dolay\u0131 \u00e7ok mutlu oldu\u011funu dile getiren \u00f6\u011frencilerden Ece G\u00fcler ise, &#8220;Bug\u00fcn karne g\u00fcn\u00fcm\u00fcz ve \u00e7ok mutluyuz. Ard\u0131ndan HayatPark\u2019a geldik ve Ba\u015fkan\u0131m\u0131z Cem Kotan\u2019\u0131n dondurma ikram\u0131ndan ald\u0131k. B\u00f6yle bir g\u00fcnde yan\u0131m\u0131zda oldu\u011fu i\u00e7in kendisine \u00e7ok te\u015fekk\u00fcr ederiz&#8221; dedi.<\/p>\n<p>Kaynak: www.kanalv.com.tr Haber Sitesinden Al\u0131nm\u0131\u015ft\u0131r.<\/p>","protected":false},"excerpt":{"rendered":"<p>Antalya&#8217;n\u0131n Konyaalt\u0131 Belediye Ba\u015fkan\u0131 Cem Kotan, 2024-2025 e\u011fitim \u00f6\u011fretim y\u0131l\u0131n\u0131n sona ermesinin ard\u0131ndan karne sevinci ya\u015fayan \u00e7ocuklarla HayatPark\u2019ta bulu\u015ftu. Ba\u015fkan Kotan, \u00e7ocuklara elleriyle dondurma ikram\u0131nda bulunarak karne sevin\u00e7lerine ortak oldu. Aileleriyle beraber HayatPark\u2019a ko\u015fan \u00e7ocuklar, dondurmalar\u0131n\u0131 Konyaalt\u0131 Belediye Ba\u015fkan\u0131 Cem Kotan\u2019\u0131n elinden ald\u0131. Minikler ve aileleri, dondurma ikram\u0131ndan dolay\u0131 Kotan\u2019a te\u015fekk\u00fcrlerini dile getirdi. Ba\u015fkan Kotan, dondurma ikram\u0131n ard\u0131ndan, \u00e7ocuklar\u0131n foto\u011fraf \u00e7ekilme ve g\u00fcn\u00fc \u00f6l\u00fcms\u00fczle\u015ftirme isteklerini de geri \u00e7evirmedi. &#8220;Hem e\u011flensinler hem de dondurma yesinler&#8221; Karne g\u00fcn\u00fcn\u00fcn yaz mevsimi s\u0131caklar\u0131na denk gelmesi sebebiyle dondurma ikram\u0131 planlad\u0131klar\u0131n\u0131 ifade eden Konyaalt\u0131 Belediye Ba\u015fkan\u0131 Cem Kotan, &#8220;Gayet g\u00fczel bir etkinlik oluyor. \u00c7ocuklar s\u0131raya girdiler ve dondurmalar\u0131n\u0131 al\u0131yorlar. Miniklerimize afiyet olsun. Kendileri i\u00e7in il\u00e7emizde bir\u00e7ok etkinlik yap\u0131yoruz. Bu etkinlik de bunlardan bir tanesi&#8221; dedi. HayatPark\u2019\u0131n Konyaalt\u0131 ve Antalya i\u00e7in b\u00fcy\u00fck bir avantaj oldu\u011funu vurgulayan Kotan, &#8220;Park\u0131m\u0131zda \u00e7ocuklar doyas\u0131ya e\u011fleniyor. Bundan biz de, \u00e7ocuklar\u0131m\u0131z da \u00e7ok memnunuz. Dondurma ikram\u0131n\u0131 da \u00f6zellikle b\u00f6yle g\u00fczel bir ortamda yapmak istedik&#8221; \u015feklinde konu\u015ftu. Tatilde bol bol kitap okumalar\u0131n\u0131 istedi \u00c7ocuklara iyi tatiller dileyen ve tavsiyelerde bulunan Ba\u015fkan Kotan s\u00f6zlerine \u015fu \u015fekilde devam etti; &#8220;Miniklerimiz bol bol kitap okusun, e\u011flensin ve aileleriyle vakit ge\u00e7irsin. \u00d6n\u00fcm\u00fczdeki e\u011fitim \u00f6\u011fretim y\u0131l\u0131na g\u00fczel haz\u0131rlans\u0131nlar. \u00c7ocukluk zamanlar\u0131 gelip ge\u00e7iyor. Hep arkada g\u00fczel zamanlar ve e\u011flenceler kal\u0131yor. &hellip;<\/p>","protected":false},"author":4,"featured_media":121332,"comment_status":"","ping_status":"open","sticky":false,"template":"","format":"standard","meta":{"_acf_changed":false,"footnotes":""},"categories":[26],"tags":[],"class_list":["post-121331","post","type-post","status-publish","format-standard","has-post-thumbnail","hentry","category-antalya"],"acf":[],"yoast_head":"<!-- This site is optimized with the Yoast SEO Premium plugin v26.6 (Yoast SEO v27.1.1) - https:\/\/yoast.com\/product\/yoast-seo-premium-wordpress\/ -->\n<title>Ba\u015fkan Kotan&#039;dan \u00e7ocuklara karne hediyesi dondurma - Av. Deniz Can K\u0131z\u0131l<\/title>\n<meta name=\"robots\" content=\"index, follow, max-snippet:-1, max-image-preview:large, max-video-preview:-1\" \/>\n<link rel=\"canonical\" href=\"https:\/\/denizcankizil.tr\/en\/haberler\/antalya\/baskan-kotandan-cocuklara-karne-hediyesi-dondurma\/\" \/>\n<meta property=\"og:locale\" content=\"en_GB\" \/>\n<meta property=\"og:type\" content=\"article\" \/>\n<meta property=\"og:title\" content=\"Ba\u015fkan Kotan&#039;dan \u00e7ocuklara karne hediyesi dondurma\" \/>\n<meta property=\"og:description\" content=\"Antalya&#8217;n\u0131n Konyaalt\u0131 Belediye Ba\u015fkan\u0131 Cem Kotan, 2024-2025 e\u011fitim \u00f6\u011fretim y\u0131l\u0131n\u0131n sona ermesinin ard\u0131ndan karne sevinci ya\u015fayan \u00e7ocuklarla HayatPark\u2019ta bulu\u015ftu. Ba\u015fkan Kotan, \u00e7ocuklara elleriyle dondurma ikram\u0131nda bulunarak karne sevin\u00e7lerine ortak oldu. Aileleriyle beraber HayatPark\u2019a ko\u015fan \u00e7ocuklar, dondurmalar\u0131n\u0131 Konyaalt\u0131 Belediye Ba\u015fkan\u0131 Cem Kotan\u2019\u0131n elinden ald\u0131. Minikler ve aileleri, dondurma ikram\u0131ndan dolay\u0131 Kotan\u2019a te\u015fekk\u00fcrlerini dile getirdi. Ba\u015fkan Kotan, dondurma ikram\u0131n ard\u0131ndan, \u00e7ocuklar\u0131n foto\u011fraf \u00e7ekilme ve g\u00fcn\u00fc \u00f6l\u00fcms\u00fczle\u015ftirme isteklerini de geri \u00e7evirmedi. &#8220;Hem e\u011flensinler hem de dondurma yesinler&#8221; Karne g\u00fcn\u00fcn\u00fcn yaz mevsimi s\u0131caklar\u0131na denk gelmesi sebebiyle dondurma ikram\u0131 planlad\u0131klar\u0131n\u0131 ifade eden Konyaalt\u0131 Belediye Ba\u015fkan\u0131 Cem Kotan, &#8220;Gayet g\u00fczel bir etkinlik oluyor. \u00c7ocuklar s\u0131raya girdiler ve dondurmalar\u0131n\u0131 al\u0131yorlar. Miniklerimize afiyet olsun. Kendileri i\u00e7in il\u00e7emizde bir\u00e7ok etkinlik yap\u0131yoruz. Bu etkinlik de bunlardan bir tanesi&#8221; dedi. HayatPark\u2019\u0131n Konyaalt\u0131 ve Antalya i\u00e7in b\u00fcy\u00fck bir avantaj oldu\u011funu vurgulayan Kotan, &#8220;Park\u0131m\u0131zda \u00e7ocuklar doyas\u0131ya e\u011fleniyor. Bundan biz de, \u00e7ocuklar\u0131m\u0131z da \u00e7ok memnunuz. Dondurma ikram\u0131n\u0131 da \u00f6zellikle b\u00f6yle g\u00fczel bir ortamda yapmak istedik&#8221; \u015feklinde konu\u015ftu. Tatilde bol bol kitap okumalar\u0131n\u0131 istedi \u00c7ocuklara iyi tatiller dileyen ve tavsiyelerde bulunan Ba\u015fkan Kotan s\u00f6zlerine \u015fu \u015fekilde devam etti; &#8220;Miniklerimiz bol bol kitap okusun, e\u011flensin ve aileleriyle vakit ge\u00e7irsin. \u00d6n\u00fcm\u00fczdeki e\u011fitim \u00f6\u011fretim y\u0131l\u0131na g\u00fczel haz\u0131rlans\u0131nlar. \u00c7ocukluk zamanlar\u0131 gelip ge\u00e7iyor. Hep arkada g\u00fczel zamanlar ve e\u011flenceler kal\u0131yor. &hellip;\" \/>\n<meta property=\"og:url\" content=\"https:\/\/denizcankizil.tr\/en\/haberler\/antalya\/baskan-kotandan-cocuklara-karne-hediyesi-dondurma\/\" \/>\n<meta property=\"og:site_name\" content=\"Av. Deniz Can K\u0131z\u0131l\" \/>\n<meta property=\"article:published_time\" content=\"2025-06-20T13:41:29+00:00\" \/>\n<meta property=\"og:image\" content=\"https:\/\/denizcankizil.tr\/wp-content\/uploads\/2025\/06\/6981-01-OopdQe.jpg\" \/>\n\t<meta property=\"og:image:width\" content=\"1280\" \/>\n\t<meta property=\"og:image:height\" content=\"720\" \/>\n\t<meta property=\"og:image:type\" content=\"image\/jpeg\" \/>\n<meta name=\"author\" content=\"Av. Deniz Can K\u0131z\u0131l\" \/>\n<meta name=\"twitter:card\" content=\"summary_large_image\" \/>\n<meta name=\"twitter:label1\" content=\"Written by\" \/>\n\t<meta name=\"twitter:data1\" content=\"Av. Deniz Can K\u0131z\u0131l\" \/>\n\t<meta name=\"twitter:label2\" content=\"Estimated reading time\" \/>\n\t<meta name=\"twitter:data2\" content=\"2 minutes\" \/>\n<script type=\"application\/ld+json\" class=\"yoast-schema-graph\">{\"@context\":\"https:\/\/schema.org\",\"@graph\":[{\"@type\":\"Article\",\"@id\":\"https:\/\/denizcankizil.tr\/uk\/haberler\/antalya\/baskan-kotandan-cocuklara-karne-hediyesi-dondurma\/#article\",\"isPartOf\":{\"@id\":\"https:\/\/denizcankizil.tr\/uk\/haberler\/antalya\/baskan-kotandan-cocuklara-karne-hediyesi-dondurma\/\"},\"author\":{\"name\":\"Av. Deniz Can K\u0131z\u0131l\",\"@id\":\"https:\/\/denizcankizil.tr\/de\/#\/schema\/person\/5dc1b22991bd7ac833867c10afc9b0ff\"},\"headline\":\"Ba\u015fkan Kotan&#8217;dan \u00e7ocuklara karne hediyesi dondurma\",\"datePublished\":\"2025-06-20T13:41:29+00:00\",\"mainEntityOfPage\":{\"@id\":\"https:\/\/denizcankizil.tr\/uk\/haberler\/antalya\/baskan-kotandan-cocuklara-karne-hediyesi-dondurma\/\"},\"wordCount\":386,\"publisher\":{\"@id\":\"https:\/\/denizcankizil.tr\/de\/#organization\"},\"image\":{\"@id\":\"https:\/\/denizcankizil.tr\/uk\/haberler\/antalya\/baskan-kotandan-cocuklara-karne-hediyesi-dondurma\/#primaryimage\"},\"thumbnailUrl\":\"https:\/\/denizcankizil.tr\/wp-content\/uploads\/2025\/06\/6981-01-OopdQe.jpg\",\"articleSection\":[\"Antalya\"],\"inLanguage\":\"en-GB\"},{\"@type\":\"WebPage\",\"@id\":\"https:\/\/denizcankizil.tr\/uk\/haberler\/antalya\/baskan-kotandan-cocuklara-karne-hediyesi-dondurma\/\",\"url\":\"https:\/\/denizcankizil.tr\/uk\/haberler\/antalya\/baskan-kotandan-cocuklara-karne-hediyesi-dondurma\/\",\"name\":\"Ba\u015fkan Kotan'dan \u00e7ocuklara karne hediyesi dondurma - Av. Deniz Can K\u0131z\u0131l\",\"isPartOf\":{\"@id\":\"https:\/\/denizcankizil.tr\/de\/#website\"},\"primaryImageOfPage\":{\"@id\":\"https:\/\/denizcankizil.tr\/uk\/haberler\/antalya\/baskan-kotandan-cocuklara-karne-hediyesi-dondurma\/#primaryimage\"},\"image\":{\"@id\":\"https:\/\/denizcankizil.tr\/uk\/haberler\/antalya\/baskan-kotandan-cocuklara-karne-hediyesi-dondurma\/#primaryimage\"},\"thumbnailUrl\":\"https:\/\/denizcankizil.tr\/wp-content\/uploads\/2025\/06\/6981-01-OopdQe.jpg\",\"datePublished\":\"2025-06-20T13:41:29+00:00\",\"breadcrumb\":{\"@id\":\"https:\/\/denizcankizil.tr\/uk\/haberler\/antalya\/baskan-kotandan-cocuklara-karne-hediyesi-dondurma\/#breadcrumb\"},\"inLanguage\":\"en-GB\",\"potentialAction\":[{\"@type\":\"ReadAction\",\"target\":[\"https:\/\/denizcankizil.tr\/uk\/haberler\/antalya\/baskan-kotandan-cocuklara-karne-hediyesi-dondurma\/\"]}]},{\"@type\":\"ImageObject\",\"inLanguage\":\"en-GB\",\"@id\":\"https:\/\/denizcankizil.tr\/uk\/haberler\/antalya\/baskan-kotandan-cocuklara-karne-hediyesi-dondurma\/#primaryimage\",\"url\":\"https:\/\/denizcankizil.tr\/wp-content\/uploads\/2025\/06\/6981-01-OopdQe.jpg\",\"contentUrl\":\"https:\/\/denizcankizil.tr\/wp-content\/uploads\/2025\/06\/6981-01-OopdQe.jpg\",\"width\":1280,\"height\":720},{\"@type\":\"BreadcrumbList\",\"@id\":\"https:\/\/denizcankizil.tr\/uk\/haberler\/antalya\/baskan-kotandan-cocuklara-karne-hediyesi-dondurma\/#breadcrumb\",\"itemListElement\":[{\"@type\":\"ListItem\",\"position\":1,\"name\":\"Home\",\"item\":\"https:\/\/denizcankizil.tr\/de\/\"},{\"@type\":\"ListItem\",\"position\":2,\"name\":\"Ba\u015fkan Kotan&#8217;dan \u00e7ocuklara karne hediyesi dondurma\"}]},{\"@type\":\"WebSite\",\"@id\":\"https:\/\/denizcankizil.tr\/de\/#website\",\"url\":\"https:\/\/denizcankizil.tr\/de\/\",\"name\":\"Av. Deniz Can K\u0131z\u0131l\",\"description\":\"Avukat Deniz Can K\u0131z\u0131l Antalya Barosu\",\"publisher\":{\"@id\":\"https:\/\/denizcankizil.tr\/de\/#organization\"},\"potentialAction\":[{\"@type\":\"SearchAction\",\"target\":{\"@type\":\"EntryPoint\",\"urlTemplate\":\"https:\/\/denizcankizil.tr\/de\/?s={search_term_string}\"},\"query-input\":{\"@type\":\"PropertyValueSpecification\",\"valueRequired\":true,\"valueName\":\"search_term_string\"}}],\"inLanguage\":\"en-GB\"},{\"@type\":\"Organization\",\"@id\":\"https:\/\/denizcankizil.tr\/de\/#organization\",\"name\":\"Av. Deniz Can K\u0131z\u0131l\",\"url\":\"https:\/\/denizcankizil.tr\/de\/\",\"logo\":{\"@type\":\"ImageObject\",\"inLanguage\":\"en-GB\",\"@id\":\"https:\/\/denizcankizil.tr\/de\/#\/schema\/logo\/image\/\",\"url\":\"https:\/\/denizcankizil.tr\/wp-content\/uploads\/2024\/10\/siyah-logo-svg.svg\",\"contentUrl\":\"https:\/\/denizcankizil.tr\/wp-content\/uploads\/2024\/10\/siyah-logo-svg.svg\",\"width\":1080,\"height\":1080,\"caption\":\"Av. Deniz Can K\u0131z\u0131l\"},\"image\":{\"@id\":\"https:\/\/denizcankizil.tr\/de\/#\/schema\/logo\/image\/\"}},{\"@type\":\"Person\",\"@id\":\"https:\/\/denizcankizil.tr\/de\/#\/schema\/person\/5dc1b22991bd7ac833867c10afc9b0ff\",\"name\":\"Av. Deniz Can K\u0131z\u0131l\",\"image\":{\"@type\":\"ImageObject\",\"inLanguage\":\"en-GB\",\"@id\":\"https:\/\/denizcankizil.tr\/de\/#\/schema\/person\/image\/\",\"url\":\"https:\/\/secure.gravatar.com\/avatar\/a0b128fb9855c79efc976d5640eedb31dc35ec297594d6016d2cf7c60e975bb6?s=96&d=mm&r=g\",\"contentUrl\":\"https:\/\/secure.gravatar.com\/avatar\/a0b128fb9855c79efc976d5640eedb31dc35ec297594d6016d2cf7c60e975bb6?s=96&d=mm&r=g\",\"caption\":\"Av. Deniz Can K\u0131z\u0131l\"},\"sameAs\":[\"http:\/\/www.denizcankizil.tr\"],\"url\":\"https:\/\/denizcankizil.tr\/en\/author\/denizcankizil\/\"}]}<\/script>\n<!-- \/ Yoast SEO Premium plugin. -->","yoast_head_json":{"title":"Ba\u015fkan Kotan'dan \u00e7ocuklara karne hediyesi dondurma - Av. Deniz Can K\u0131z\u0131l","robots":{"index":"index","follow":"follow","max-snippet":"max-snippet:-1","max-image-preview":"max-image-preview:large","max-video-preview":"max-video-preview:-1"},"canonical":"https:\/\/denizcankizil.tr\/en\/haberler\/antalya\/baskan-kotandan-cocuklara-karne-hediyesi-dondurma\/","og_locale":"en_GB","og_type":"article","og_title":"Ba\u015fkan Kotan'dan \u00e7ocuklara karne hediyesi dondurma","og_description":"Antalya&#8217;n\u0131n Konyaalt\u0131 Belediye Ba\u015fkan\u0131 Cem Kotan, 2024-2025 e\u011fitim \u00f6\u011fretim y\u0131l\u0131n\u0131n sona ermesinin ard\u0131ndan karne sevinci ya\u015fayan \u00e7ocuklarla HayatPark\u2019ta bulu\u015ftu. Ba\u015fkan Kotan, \u00e7ocuklara elleriyle dondurma ikram\u0131nda bulunarak karne sevin\u00e7lerine ortak oldu. Aileleriyle beraber HayatPark\u2019a ko\u015fan \u00e7ocuklar, dondurmalar\u0131n\u0131 Konyaalt\u0131 Belediye Ba\u015fkan\u0131 Cem Kotan\u2019\u0131n elinden ald\u0131. Minikler ve aileleri, dondurma ikram\u0131ndan dolay\u0131 Kotan\u2019a te\u015fekk\u00fcrlerini dile getirdi. Ba\u015fkan Kotan, dondurma ikram\u0131n ard\u0131ndan, \u00e7ocuklar\u0131n foto\u011fraf \u00e7ekilme ve g\u00fcn\u00fc \u00f6l\u00fcms\u00fczle\u015ftirme isteklerini de geri \u00e7evirmedi. &#8220;Hem e\u011flensinler hem de dondurma yesinler&#8221; Karne g\u00fcn\u00fcn\u00fcn yaz mevsimi s\u0131caklar\u0131na denk gelmesi sebebiyle dondurma ikram\u0131 planlad\u0131klar\u0131n\u0131 ifade eden Konyaalt\u0131 Belediye Ba\u015fkan\u0131 Cem Kotan, &#8220;Gayet g\u00fczel bir etkinlik oluyor. \u00c7ocuklar s\u0131raya girdiler ve dondurmalar\u0131n\u0131 al\u0131yorlar. Miniklerimize afiyet olsun. Kendileri i\u00e7in il\u00e7emizde bir\u00e7ok etkinlik yap\u0131yoruz. Bu etkinlik de bunlardan bir tanesi&#8221; dedi. HayatPark\u2019\u0131n Konyaalt\u0131 ve Antalya i\u00e7in b\u00fcy\u00fck bir avantaj oldu\u011funu vurgulayan Kotan, &#8220;Park\u0131m\u0131zda \u00e7ocuklar doyas\u0131ya e\u011fleniyor. Bundan biz de, \u00e7ocuklar\u0131m\u0131z da \u00e7ok memnunuz. Dondurma ikram\u0131n\u0131 da \u00f6zellikle b\u00f6yle g\u00fczel bir ortamda yapmak istedik&#8221; \u015feklinde konu\u015ftu. Tatilde bol bol kitap okumalar\u0131n\u0131 istedi \u00c7ocuklara iyi tatiller dileyen ve tavsiyelerde bulunan Ba\u015fkan Kotan s\u00f6zlerine \u015fu \u015fekilde devam etti; &#8220;Miniklerimiz bol bol kitap okusun, e\u011flensin ve aileleriyle vakit ge\u00e7irsin. \u00d6n\u00fcm\u00fczdeki e\u011fitim \u00f6\u011fretim y\u0131l\u0131na g\u00fczel haz\u0131rlans\u0131nlar. \u00c7ocukluk zamanlar\u0131 gelip ge\u00e7iyor. Hep arkada g\u00fczel zamanlar ve e\u011flenceler kal\u0131yor. &hellip;","og_url":"https:\/\/denizcankizil.tr\/en\/haberler\/antalya\/baskan-kotandan-cocuklara-karne-hediyesi-dondurma\/","og_site_name":"Av. Deniz Can K\u0131z\u0131l","article_published_time":"2025-06-20T13:41:29+00:00","og_image":[{"width":1280,"height":720,"url":"https:\/\/denizcankizil.tr\/wp-content\/uploads\/2025\/06\/6981-01-OopdQe.jpg","type":"image\/jpeg"}],"author":"Av. Deniz Can K\u0131z\u0131l","twitter_card":"summary_large_image","twitter_misc":{"Written by":"Av. Deniz Can K\u0131z\u0131l","Estimated reading time":"2 minutes"},"schema":{"@context":"https:\/\/schema.org","@graph":[{"@type":"Article","@id":"https:\/\/denizcankizil.tr\/uk\/haberler\/antalya\/baskan-kotandan-cocuklara-karne-hediyesi-dondurma\/#article","isPartOf":{"@id":"https:\/\/denizcankizil.tr\/uk\/haberler\/antalya\/baskan-kotandan-cocuklara-karne-hediyesi-dondurma\/"},"author":{"name":"Av. Deniz Can K\u0131z\u0131l","@id":"https:\/\/denizcankizil.tr\/de\/#\/schema\/person\/5dc1b22991bd7ac833867c10afc9b0ff"},"headline":"Ba\u015fkan Kotan&#8217;dan \u00e7ocuklara karne hediyesi dondurma","datePublished":"2025-06-20T13:41:29+00:00","mainEntityOfPage":{"@id":"https:\/\/denizcankizil.tr\/uk\/haberler\/antalya\/baskan-kotandan-cocuklara-karne-hediyesi-dondurma\/"},"wordCount":386,"publisher":{"@id":"https:\/\/denizcankizil.tr\/de\/#organization"},"image":{"@id":"https:\/\/denizcankizil.tr\/uk\/haberler\/antalya\/baskan-kotandan-cocuklara-karne-hediyesi-dondurma\/#primaryimage"},"thumbnailUrl":"https:\/\/denizcankizil.tr\/wp-content\/uploads\/2025\/06\/6981-01-OopdQe.jpg","articleSection":["Antalya"],"inLanguage":"en-GB"},{"@type":"WebPage","@id":"https:\/\/denizcankizil.tr\/uk\/haberler\/antalya\/baskan-kotandan-cocuklara-karne-hediyesi-dondurma\/","url":"https:\/\/denizcankizil.tr\/uk\/haberler\/antalya\/baskan-kotandan-cocuklara-karne-hediyesi-dondurma\/","name":"Ba\u015fkan Kotan'dan \u00e7ocuklara karne hediyesi dondurma - Av. Deniz Can K\u0131z\u0131l","isPartOf":{"@id":"https:\/\/denizcankizil.tr\/de\/#website"},"primaryImageOfPage":{"@id":"https:\/\/denizcankizil.tr\/uk\/haberler\/antalya\/baskan-kotandan-cocuklara-karne-hediyesi-dondurma\/#primaryimage"},"image":{"@id":"https:\/\/denizcankizil.tr\/uk\/haberler\/antalya\/baskan-kotandan-cocuklara-karne-hediyesi-dondurma\/#primaryimage"},"thumbnailUrl":"https:\/\/denizcankizil.tr\/wp-content\/uploads\/2025\/06\/6981-01-OopdQe.jpg","datePublished":"2025-06-20T13:41:29+00:00","breadcrumb":{"@id":"https:\/\/denizcankizil.tr\/uk\/haberler\/antalya\/baskan-kotandan-cocuklara-karne-hediyesi-dondurma\/#breadcrumb"},"inLanguage":"en-GB","potentialAction":[{"@type":"ReadAction","target":["https:\/\/denizcankizil.tr\/uk\/haberler\/antalya\/baskan-kotandan-cocuklara-karne-hediyesi-dondurma\/"]}]},{"@type":"ImageObject","inLanguage":"en-GB","@id":"https:\/\/denizcankizil.tr\/uk\/haberler\/antalya\/baskan-kotandan-cocuklara-karne-hediyesi-dondurma\/#primaryimage","url":"https:\/\/denizcankizil.tr\/wp-content\/uploads\/2025\/06\/6981-01-OopdQe.jpg","contentUrl":"https:\/\/denizcankizil.tr\/wp-content\/uploads\/2025\/06\/6981-01-OopdQe.jpg","width":1280,"height":720},{"@type":"BreadcrumbList","@id":"https:\/\/denizcankizil.tr\/uk\/haberler\/antalya\/baskan-kotandan-cocuklara-karne-hediyesi-dondurma\/#breadcrumb","itemListElement":[{"@type":"ListItem","position":1,"name":"Home","item":"https:\/\/denizcankizil.tr\/de\/"},{"@type":"ListItem","position":2,"name":"Ba\u015fkan Kotan&#8217;dan \u00e7ocuklara karne hediyesi dondurma"}]},{"@type":"WebSite","@id":"https:\/\/denizcankizil.tr\/de\/#website","url":"https:\/\/denizcankizil.tr\/de\/","name":"Av. Deniz Can K\u0131z\u0131l","description":"Avukat Deniz Can K\u0131z\u0131l Antalya Barosu","publisher":{"@id":"https:\/\/denizcankizil.tr\/de\/#organization"},"potentialAction":[{"@type":"SearchAction","target":{"@type":"EntryPoint","urlTemplate":"https:\/\/denizcankizil.tr\/de\/?s={search_term_string}"},"query-input":{"@type":"PropertyValueSpecification","valueRequired":true,"valueName":"search_term_string"}}],"inLanguage":"en-GB"},{"@type":"Organization","@id":"https:\/\/denizcankizil.tr\/de\/#organization","name":"Av. Deniz Can K\u0131z\u0131l","url":"https:\/\/denizcankizil.tr\/de\/","logo":{"@type":"ImageObject","inLanguage":"en-GB","@id":"https:\/\/denizcankizil.tr\/de\/#\/schema\/logo\/image\/","url":"https:\/\/denizcankizil.tr\/wp-content\/uploads\/2024\/10\/siyah-logo-svg.svg","contentUrl":"https:\/\/denizcankizil.tr\/wp-content\/uploads\/2024\/10\/siyah-logo-svg.svg","width":1080,"height":1080,"caption":"Av. Deniz Can K\u0131z\u0131l"},"image":{"@id":"https:\/\/denizcankizil.tr\/de\/#\/schema\/logo\/image\/"}},{"@type":"Person","@id":"https:\/\/denizcankizil.tr\/de\/#\/schema\/person\/5dc1b22991bd7ac833867c10afc9b0ff","name":"Av. Deniz Can K\u0131z\u0131l","image":{"@type":"ImageObject","inLanguage":"en-GB","@id":"https:\/\/denizcankizil.tr\/de\/#\/schema\/person\/image\/","url":"https:\/\/secure.gravatar.com\/avatar\/a0b128fb9855c79efc976d5640eedb31dc35ec297594d6016d2cf7c60e975bb6?s=96&d=mm&r=g","contentUrl":"https:\/\/secure.gravatar.com\/avatar\/a0b128fb9855c79efc976d5640eedb31dc35ec297594d6016d2cf7c60e975bb6?s=96&d=mm&r=g","caption":"Av. Deniz Can K\u0131z\u0131l"},"sameAs":["http:\/\/www.denizcankizil.tr"],"url":"https:\/\/denizcankizil.tr\/en\/author\/denizcankizil\/"}]}},"_links":{"self":[{"href":"https:\/\/denizcankizil.tr\/en\/wp-json\/wp\/v2\/posts\/121331","targetHints":{"allow":["GET"]}}],"collection":[{"href":"https:\/\/denizcankizil.tr\/en\/wp-json\/wp\/v2\/posts"}],"about":[{"href":"https:\/\/denizcankizil.tr\/en\/wp-json\/wp\/v2\/types\/post"}],"author":[{"embeddable":true,"href":"https:\/\/denizcankizil.tr\/en\/wp-json\/wp\/v2\/users\/4"}],"replies":[{"embeddable":true,"href":"https:\/\/denizcankizil.tr\/en\/wp-json\/wp\/v2\/comments?post=121331"}],"version-history":[{"count":0,"href":"https:\/\/denizcankizil.tr\/en\/wp-json\/wp\/v2\/posts\/121331\/revisions"}],"wp:featuredmedia":[{"embeddable":true,"href":"https:\/\/denizcankizil.tr\/en\/wp-json\/wp\/v2\/media\/121332"}],"wp:attachment":[{"href":"https:\/\/denizcankizil.tr\/en\/wp-json\/wp\/v2\/media?parent=121331"}],"wp:term":[{"taxonomy":"category","embeddable":true,"href":"https:\/\/denizcankizil.tr\/en\/wp-json\/wp\/v2\/categories?post=121331"},{"taxonomy":"post_tag","embeddable":true,"href":"https:\/\/denizcankizil.tr\/en\/wp-json\/wp\/v2\/tags?post=121331"}],"curies":[{"name":"wp","href":"https:\/\/api.w.org\/{rel}","templated":true}]}}