{"id":120610,"date":"2025-06-19T22:41:49","date_gmt":"2025-06-19T19:41:49","guid":{"rendered":"https:\/\/denizcankizil.tr\/uncategorized-tr\/avukati-da-tutuklanan-imamoglundan-sert-mesaj-benden-korkuyorsunuz\/"},"modified":"2025-06-19T22:41:49","modified_gmt":"2025-06-19T19:41:49","slug":"avukati-da-tutuklanan-imamoglundan-sert-mesaj-benden-korkuyorsunuz","status":"publish","type":"post","link":"https:\/\/denizcankizil.tr\/en\/haberler\/gundem\/avukati-da-tutuklanan-imamoglundan-sert-mesaj-benden-korkuyorsunuz\/","title":{"rendered":"Avukat\u0131 da tutuklanan \u0130mamo\u011flu\u2019ndan sert mesaj: &#8220;Benden korkuyorsunuz&#8221;"},"content":{"rendered":"<p>Cumhuriyet Halk Partisi (CHP) Cumhurba\u015fkan\u0131 Aday\u0131 ve \u0130stanbul B\u00fcy\u00fck\u015fehir Belediye (\u0130BB) Ba\u015fkan\u0131 Ekrem \u0130mamo\u011flu, avukat\u0131 Mehmet Pehlivan&#8217;\u0131n tutuklanmas\u0131 sonras\u0131 Marmara Cezaevi&#8217;nden Cumhurba\u015fkanl\u0131\u011f\u0131 Aday Ofisi arac\u0131l\u0131\u011f\u0131yla dikkat \u00e7ekici bir a\u00e7\u0131klama yapt\u0131. \u0130mamo\u011flu, kaleme ald\u0131\u011f\u0131 mesaj\u0131nda iktidara y\u00f6nelik sert ele\u015ftirilerde bulundu.<\/p>\n<p>&#8220;SES\u0130MDEN, S\u00d6Z\u00dcMDEN KORKUYORSUNUZ&#8221;<\/p>\n<p>\u0130mamo\u011flu, cezaevinden g\u00f6nderdi\u011fi mektubunda, &#8220;Resmimden korkuyorsunuz, Sesimden korkuyorsunuz, S\u00f6z\u00fcmden korkuyorsunuz, \u0130smimin an\u0131lmas\u0131ndan korkuyorsunuz\u2026&#8221; ifadelerini kullanarak, kendisine y\u00f6nelik bask\u0131lar\u0131n korkudan kaynakland\u0131\u011f\u0131n\u0131 belirtti. Savunma hakk\u0131n\u0131n dahi engellenmeye \u00e7al\u0131\u015f\u0131ld\u0131\u011f\u0131n\u0131 vurgulayan \u0130mamo\u011flu, &#8220;Ama bir noktada kendimi savunmamdan, savunma hakk\u0131m\u0131 kullanmamdan bile korkaca\u011f\u0131n\u0131z\u0131 d\u00fc\u015f\u00fcnmemi\u015ftim&#8221; dedi.<\/p>\n<p>&#8220;M\u0130LLET\u0130 YALANLARINIZA \u0130NANDIRAMADIK\u00c7A SALDIRGANLA\u015eIYORSUNUZ&#8221;<\/p>\n<p>Milletin iktidar\u0131n &#8220;yalanlar\u0131na&#8221; inanmad\u0131\u011f\u0131n\u0131 savunan \u0130mamo\u011flu, bu durumun iktidar\u0131 daha da sald\u0131rganla\u015ft\u0131rd\u0131\u011f\u0131n\u0131 dile getirdi. Avukat\u0131n\u0131n tutuklanmas\u0131n\u0131 &#8220;acizlik&#8221; olarak nitelendiren \u0130mamo\u011flu, &#8220;Milleti yalanlar\u0131n\u0131za inand\u0131ramad\u0131k\u00e7a daha da sald\u0131rganla\u015f\u0131yorsunuz. Avukat\u0131m\u0131 tutuklayacak kadar acizle\u015fiyorsunuz&#8221; ifadelerini kulland\u0131.<\/p>\n<p>&#8220;KARANLIK G\u0130RDAPTA DEBELEN\u0130YORSUNUZ&#8221;<\/p>\n<p>\u0130ktidar\u0131n \u00fclkeyi &#8220;karanl\u0131k bir girdaba&#8221; soktu\u011funu \u00f6ne s\u00fcren \u0130mamo\u011flu, bu girdapta debelendiklerini belirtti. Elinde sadece &#8220;iftirac\u0131 bir avu\u00e7&#8221; ki\u015finin kald\u0131\u011f\u0131n\u0131 iddia eden \u0130mamo\u011flu, \u015funlar\u0131 kaydetti: &#8220;Girdi\u011finiz ve \u00fclkeyi de i\u00e7ine soktu\u011funuz karanl\u0131k girdab\u0131n i\u00e7inde debelendik\u00e7e, debeleniyorsunuz. Elinizde kala kala; \u00e7olu\u011fu \u00e7ocu\u011fuyla, mal\u0131 m\u00fclk\u00fcyle, onuru ve haysiyetiyle tehdit etti\u011finiz bir avu\u00e7 iftirac\u0131 kald\u0131.&#8221;<\/p>\n<p>&#8220;BANA BOYUN E\u011eD\u0130REMEYECEKS\u0130N\u0130Z&#8221;<\/p>\n<p>Mesaj\u0131n\u0131n sonunda kararl\u0131l\u0131k vurgusu yapan \u0130mamo\u011flu, &#8220;Ne yaparsan\u0131z yap\u0131n bana boyun e\u011fdiremeyeceksiniz. Bu milleti dize getiremeyeceksiniz. Sizden korkan sizin gibi olsun&#8221; diyerek meydan okudu.<\/p>\n<p>\u200bCHP&#8217;nin Cumhurba\u015fkan\u0131 aday\u0131 ve \u0130stanbul B\u00fcy\u00fck\u015fehir Belediye (\u0130BB) Ba\u015fkan\u0131 Ekrem \u0130mamo\u011flu, avukat\u0131 Mehmet Pehlivan&#8217;\u0131n tutuklanmas\u0131 nedeniyle Marmara Cezaevi&#8217;nden dikkat \u00e7eken bir mesaj g\u00f6nderdi: &#8220;Resmimden korkuyorsunuz, sesimden korkuyorsunuz, s\u00f6z\u00fcmden korkuyorsunuz, ismimin an\u0131lmas\u0131ndan korkuyorsunuz\u2026&#8221;\u00a0<\/p>\n<p>\u200bHaberin Al\u0131nt\u0131land\u0131\u011f\u0131 Kaynak: www.antalyakorfez.com<\/p>","protected":false},"excerpt":{"rendered":"<p>Cumhuriyet Halk Partisi (CHP) Cumhurba\u015fkan\u0131 Aday\u0131 ve \u0130stanbul B\u00fcy\u00fck\u015fehir Belediye (\u0130BB) Ba\u015fkan\u0131 Ekrem \u0130mamo\u011flu, avukat\u0131 Mehmet Pehlivan&#8217;\u0131n tutuklanmas\u0131 sonras\u0131 Marmara Cezaevi&#8217;nden Cumhurba\u015fkanl\u0131\u011f\u0131 Aday Ofisi arac\u0131l\u0131\u011f\u0131yla dikkat \u00e7ekici bir a\u00e7\u0131klama yapt\u0131. \u0130mamo\u011flu, kaleme ald\u0131\u011f\u0131 mesaj\u0131nda iktidara y\u00f6nelik sert ele\u015ftirilerde bulundu. &#8220;SES\u0130MDEN, S\u00d6Z\u00dcMDEN KORKUYORSUNUZ&#8221; \u0130mamo\u011flu, cezaevinden g\u00f6nderdi\u011fi mektubunda, &#8220;Resmimden korkuyorsunuz, Sesimden korkuyorsunuz, S\u00f6z\u00fcmden korkuyorsunuz, \u0130smimin an\u0131lmas\u0131ndan korkuyorsunuz\u2026&#8221; ifadelerini kullanarak, kendisine y\u00f6nelik bask\u0131lar\u0131n korkudan kaynakland\u0131\u011f\u0131n\u0131 belirtti. Savunma hakk\u0131n\u0131n dahi engellenmeye \u00e7al\u0131\u015f\u0131ld\u0131\u011f\u0131n\u0131 vurgulayan \u0130mamo\u011flu, &#8220;Ama bir noktada kendimi savunmamdan, savunma hakk\u0131m\u0131 kullanmamdan bile korkaca\u011f\u0131n\u0131z\u0131 d\u00fc\u015f\u00fcnmemi\u015ftim&#8221; dedi. &#8220;M\u0130LLET\u0130 YALANLARINIZA \u0130NANDIRAMADIK\u00c7A SALDIRGANLA\u015eIYORSUNUZ&#8221; Milletin iktidar\u0131n &#8220;yalanlar\u0131na&#8221; inanmad\u0131\u011f\u0131n\u0131 savunan \u0130mamo\u011flu, bu durumun iktidar\u0131 daha da sald\u0131rganla\u015ft\u0131rd\u0131\u011f\u0131n\u0131 dile getirdi. Avukat\u0131n\u0131n tutuklanmas\u0131n\u0131 &#8220;acizlik&#8221; olarak nitelendiren \u0130mamo\u011flu, &#8220;Milleti yalanlar\u0131n\u0131za inand\u0131ramad\u0131k\u00e7a daha da sald\u0131rganla\u015f\u0131yorsunuz. Avukat\u0131m\u0131 tutuklayacak kadar acizle\u015fiyorsunuz&#8221; ifadelerini kulland\u0131. &#8220;KARANLIK G\u0130RDAPTA DEBELEN\u0130YORSUNUZ&#8221; \u0130ktidar\u0131n \u00fclkeyi &#8220;karanl\u0131k bir girdaba&#8221; soktu\u011funu \u00f6ne s\u00fcren \u0130mamo\u011flu, bu girdapta debelendiklerini belirtti. Elinde sadece &#8220;iftirac\u0131 bir avu\u00e7&#8221; ki\u015finin kald\u0131\u011f\u0131n\u0131 iddia eden \u0130mamo\u011flu, \u015funlar\u0131 kaydetti: &#8220;Girdi\u011finiz ve \u00fclkeyi de i\u00e7ine soktu\u011funuz karanl\u0131k girdab\u0131n i\u00e7inde debelendik\u00e7e, debeleniyorsunuz. Elinizde kala kala; \u00e7olu\u011fu \u00e7ocu\u011fuyla, mal\u0131 m\u00fclk\u00fcyle, onuru ve haysiyetiyle tehdit etti\u011finiz bir avu\u00e7 iftirac\u0131 kald\u0131.&#8221; &#8220;BANA BOYUN E\u011eD\u0130REMEYECEKS\u0130N\u0130Z&#8221; Mesaj\u0131n\u0131n sonunda kararl\u0131l\u0131k vurgusu yapan \u0130mamo\u011flu, &#8220;Ne yaparsan\u0131z yap\u0131n bana boyun e\u011fdiremeyeceksiniz. Bu milleti dize getiremeyeceksiniz. Sizden korkan sizin gibi olsun&#8221; diyerek meydan okudu. &hellip;<\/p>","protected":false},"author":5,"featured_media":0,"comment_status":"","ping_status":"open","sticky":false,"template":"","format":"standard","meta":{"_acf_changed":false,"footnotes":""},"categories":[24],"tags":[],"class_list":["post-120610","post","type-post","status-publish","format-standard","has-post-thumbnail","hentry","category-gundem"],"acf":[],"yoast_head":"<!-- This site is optimized with the Yoast SEO Premium plugin v26.6 (Yoast SEO v27.1.1) - https:\/\/yoast.com\/product\/yoast-seo-premium-wordpress\/ -->\n<title>Avukat\u0131 da tutuklanan \u0130mamo\u011flu\u2019ndan sert mesaj: &quot;Benden korkuyorsunuz&quot; - Av. Deniz Can K\u0131z\u0131l<\/title>\n<meta name=\"robots\" content=\"index, follow, max-snippet:-1, max-image-preview:large, max-video-preview:-1\" \/>\n<link rel=\"canonical\" href=\"https:\/\/denizcankizil.tr\/en\/haberler\/gundem\/avukati-da-tutuklanan-imamoglundan-sert-mesaj-benden-korkuyorsunuz\/\" \/>\n<meta property=\"og:locale\" content=\"en_GB\" \/>\n<meta property=\"og:type\" content=\"article\" \/>\n<meta property=\"og:title\" content=\"Avukat\u0131 da tutuklanan \u0130mamo\u011flu\u2019ndan sert mesaj: &quot;Benden korkuyorsunuz&quot;\" \/>\n<meta property=\"og:description\" content=\"Cumhuriyet Halk Partisi (CHP) Cumhurba\u015fkan\u0131 Aday\u0131 ve \u0130stanbul B\u00fcy\u00fck\u015fehir Belediye (\u0130BB) Ba\u015fkan\u0131 Ekrem \u0130mamo\u011flu, avukat\u0131 Mehmet Pehlivan&#8217;\u0131n tutuklanmas\u0131 sonras\u0131 Marmara Cezaevi&#8217;nden Cumhurba\u015fkanl\u0131\u011f\u0131 Aday Ofisi arac\u0131l\u0131\u011f\u0131yla dikkat \u00e7ekici bir a\u00e7\u0131klama yapt\u0131. \u0130mamo\u011flu, kaleme ald\u0131\u011f\u0131 mesaj\u0131nda iktidara y\u00f6nelik sert ele\u015ftirilerde bulundu. &#8220;SES\u0130MDEN, S\u00d6Z\u00dcMDEN KORKUYORSUNUZ&#8221; \u0130mamo\u011flu, cezaevinden g\u00f6nderdi\u011fi mektubunda, &#8220;Resmimden korkuyorsunuz, Sesimden korkuyorsunuz, S\u00f6z\u00fcmden korkuyorsunuz, \u0130smimin an\u0131lmas\u0131ndan korkuyorsunuz\u2026&#8221; ifadelerini kullanarak, kendisine y\u00f6nelik bask\u0131lar\u0131n korkudan kaynakland\u0131\u011f\u0131n\u0131 belirtti. Savunma hakk\u0131n\u0131n dahi engellenmeye \u00e7al\u0131\u015f\u0131ld\u0131\u011f\u0131n\u0131 vurgulayan \u0130mamo\u011flu, &#8220;Ama bir noktada kendimi savunmamdan, savunma hakk\u0131m\u0131 kullanmamdan bile korkaca\u011f\u0131n\u0131z\u0131 d\u00fc\u015f\u00fcnmemi\u015ftim&#8221; dedi. &#8220;M\u0130LLET\u0130 YALANLARINIZA \u0130NANDIRAMADIK\u00c7A SALDIRGANLA\u015eIYORSUNUZ&#8221; Milletin iktidar\u0131n &#8220;yalanlar\u0131na&#8221; inanmad\u0131\u011f\u0131n\u0131 savunan \u0130mamo\u011flu, bu durumun iktidar\u0131 daha da sald\u0131rganla\u015ft\u0131rd\u0131\u011f\u0131n\u0131 dile getirdi. Avukat\u0131n\u0131n tutuklanmas\u0131n\u0131 &#8220;acizlik&#8221; olarak nitelendiren \u0130mamo\u011flu, &#8220;Milleti yalanlar\u0131n\u0131za inand\u0131ramad\u0131k\u00e7a daha da sald\u0131rganla\u015f\u0131yorsunuz. Avukat\u0131m\u0131 tutuklayacak kadar acizle\u015fiyorsunuz&#8221; ifadelerini kulland\u0131. &#8220;KARANLIK G\u0130RDAPTA DEBELEN\u0130YORSUNUZ&#8221; \u0130ktidar\u0131n \u00fclkeyi &#8220;karanl\u0131k bir girdaba&#8221; soktu\u011funu \u00f6ne s\u00fcren \u0130mamo\u011flu, bu girdapta debelendiklerini belirtti. Elinde sadece &#8220;iftirac\u0131 bir avu\u00e7&#8221; ki\u015finin kald\u0131\u011f\u0131n\u0131 iddia eden \u0130mamo\u011flu, \u015funlar\u0131 kaydetti: &#8220;Girdi\u011finiz ve \u00fclkeyi de i\u00e7ine soktu\u011funuz karanl\u0131k girdab\u0131n i\u00e7inde debelendik\u00e7e, debeleniyorsunuz. Elinizde kala kala; \u00e7olu\u011fu \u00e7ocu\u011fuyla, mal\u0131 m\u00fclk\u00fcyle, onuru ve haysiyetiyle tehdit etti\u011finiz bir avu\u00e7 iftirac\u0131 kald\u0131.&#8221; &#8220;BANA BOYUN E\u011eD\u0130REMEYECEKS\u0130N\u0130Z&#8221; Mesaj\u0131n\u0131n sonunda kararl\u0131l\u0131k vurgusu yapan \u0130mamo\u011flu, &#8220;Ne yaparsan\u0131z yap\u0131n bana boyun e\u011fdiremeyeceksiniz. Bu milleti dize getiremeyeceksiniz. Sizden korkan sizin gibi olsun&#8221; diyerek meydan okudu. &hellip;\" \/>\n<meta property=\"og:url\" content=\"https:\/\/denizcankizil.tr\/en\/haberler\/gundem\/avukati-da-tutuklanan-imamoglundan-sert-mesaj-benden-korkuyorsunuz\/\" \/>\n<meta property=\"og:site_name\" content=\"Av. Deniz Can K\u0131z\u0131l\" \/>\n<meta property=\"article:published_time\" content=\"2025-06-19T19:41:49+00:00\" \/>\n<meta name=\"author\" content=\"Antalya K\u00f6rfez\" \/>\n<meta name=\"twitter:card\" content=\"summary_large_image\" \/>\n<meta name=\"twitter:label1\" content=\"Written by\" \/>\n\t<meta name=\"twitter:data1\" content=\"Antalya K\u00f6rfez\" \/>\n\t<meta name=\"twitter:label2\" content=\"Estimated reading time\" \/>\n\t<meta name=\"twitter:data2\" content=\"2 minutes\" \/>\n<script type=\"application\/ld+json\" class=\"yoast-schema-graph\">{\"@context\":\"https:\/\/schema.org\",\"@graph\":[{\"@type\":\"Article\",\"@id\":\"https:\/\/denizcankizil.tr\/en\/haberler\/gundem\/avukati-da-tutuklanan-imamoglundan-sert-mesaj-benden-korkuyorsunuz\/#article\",\"isPartOf\":{\"@id\":\"https:\/\/denizcankizil.tr\/en\/haberler\/gundem\/avukati-da-tutuklanan-imamoglundan-sert-mesaj-benden-korkuyorsunuz\/\"},\"author\":{\"name\":\"Antalya K\u00f6rfez\",\"@id\":\"https:\/\/denizcankizil.tr\/#\/schema\/person\/e1eb71bb4dd684d46563f0af307e1234\"},\"headline\":\"Avukat\u0131 da tutuklanan \u0130mamo\u011flu\u2019ndan sert mesaj: &#8220;Benden korkuyorsunuz&#8221;\",\"datePublished\":\"2025-06-19T19:41:49+00:00\",\"mainEntityOfPage\":{\"@id\":\"https:\/\/denizcankizil.tr\/en\/haberler\/gundem\/avukati-da-tutuklanan-imamoglundan-sert-mesaj-benden-korkuyorsunuz\/\"},\"wordCount\":362,\"publisher\":{\"@id\":\"https:\/\/denizcankizil.tr\/#organization\"},\"articleSection\":[\"G\u00fcndem\"],\"inLanguage\":\"en-GB\"},{\"@type\":\"WebPage\",\"@id\":\"https:\/\/denizcankizil.tr\/en\/haberler\/gundem\/avukati-da-tutuklanan-imamoglundan-sert-mesaj-benden-korkuyorsunuz\/\",\"url\":\"https:\/\/denizcankizil.tr\/en\/haberler\/gundem\/avukati-da-tutuklanan-imamoglundan-sert-mesaj-benden-korkuyorsunuz\/\",\"name\":\"Avukat\u0131 da tutuklanan \u0130mamo\u011flu\u2019ndan sert mesaj: \\\"Benden korkuyorsunuz\\\" - Av. Deniz Can K\u0131z\u0131l\",\"isPartOf\":{\"@id\":\"https:\/\/denizcankizil.tr\/#website\"},\"datePublished\":\"2025-06-19T19:41:49+00:00\",\"breadcrumb\":{\"@id\":\"https:\/\/denizcankizil.tr\/en\/haberler\/gundem\/avukati-da-tutuklanan-imamoglundan-sert-mesaj-benden-korkuyorsunuz\/#breadcrumb\"},\"inLanguage\":\"en-GB\",\"potentialAction\":[{\"@type\":\"ReadAction\",\"target\":[\"https:\/\/denizcankizil.tr\/en\/haberler\/gundem\/avukati-da-tutuklanan-imamoglundan-sert-mesaj-benden-korkuyorsunuz\/\"]}]},{\"@type\":\"BreadcrumbList\",\"@id\":\"https:\/\/denizcankizil.tr\/en\/haberler\/gundem\/avukati-da-tutuklanan-imamoglundan-sert-mesaj-benden-korkuyorsunuz\/#breadcrumb\",\"itemListElement\":[{\"@type\":\"ListItem\",\"position\":1,\"name\":\"Home\",\"item\":\"https:\/\/denizcankizil.tr\/uk\/\"},{\"@type\":\"ListItem\",\"position\":2,\"name\":\"Avukat\u0131 da tutuklanan \u0130mamo\u011flu\u2019ndan sert mesaj: &#8220;Benden korkuyorsunuz&#8221;\"}]},{\"@type\":\"WebSite\",\"@id\":\"https:\/\/denizcankizil.tr\/#website\",\"url\":\"https:\/\/denizcankizil.tr\/\",\"name\":\"Av. Deniz Can K\u0131z\u0131l\",\"description\":\"Avukat Deniz Can K\u0131z\u0131l Antalya Barosu\",\"publisher\":{\"@id\":\"https:\/\/denizcankizil.tr\/#organization\"},\"potentialAction\":[{\"@type\":\"SearchAction\",\"target\":{\"@type\":\"EntryPoint\",\"urlTemplate\":\"https:\/\/denizcankizil.tr\/?s={search_term_string}\"},\"query-input\":{\"@type\":\"PropertyValueSpecification\",\"valueRequired\":true,\"valueName\":\"search_term_string\"}}],\"inLanguage\":\"en-GB\"},{\"@type\":\"Organization\",\"@id\":\"https:\/\/denizcankizil.tr\/#organization\",\"name\":\"Av. Deniz Can K\u0131z\u0131l\",\"url\":\"https:\/\/denizcankizil.tr\/\",\"logo\":{\"@type\":\"ImageObject\",\"inLanguage\":\"en-GB\",\"@id\":\"https:\/\/denizcankizil.tr\/#\/schema\/logo\/image\/\",\"url\":\"https:\/\/denizcankizil.tr\/wp-content\/uploads\/2024\/10\/siyah-logo-svg.svg\",\"contentUrl\":\"https:\/\/denizcankizil.tr\/wp-content\/uploads\/2024\/10\/siyah-logo-svg.svg\",\"width\":1080,\"height\":1080,\"caption\":\"Av. Deniz Can K\u0131z\u0131l\"},\"image\":{\"@id\":\"https:\/\/denizcankizil.tr\/#\/schema\/logo\/image\/\"}},{\"@type\":\"Person\",\"@id\":\"https:\/\/denizcankizil.tr\/#\/schema\/person\/e1eb71bb4dd684d46563f0af307e1234\",\"name\":\"Antalya K\u00f6rfez\",\"image\":{\"@type\":\"ImageObject\",\"inLanguage\":\"en-GB\",\"@id\":\"https:\/\/denizcankizil.tr\/#\/schema\/person\/image\/\",\"url\":\"https:\/\/secure.gravatar.com\/avatar\/42b01982558a48a0b501fdcab6a408d3717ea5919095ee2e67b0e521799c5905?s=96&d=mm&r=g\",\"contentUrl\":\"https:\/\/secure.gravatar.com\/avatar\/42b01982558a48a0b501fdcab6a408d3717ea5919095ee2e67b0e521799c5905?s=96&d=mm&r=g\",\"caption\":\"Antalya K\u00f6rfez\"},\"sameAs\":[\"http:\/\/www.antalyakorfez.com\"],\"url\":\"https:\/\/www.antalyakorfez.com\/avukati-da-tutuklanan-imamoglundan-sert-mesaj-benden-korkuyorsunuz\"}]}<\/script>\n<!-- \/ Yoast SEO Premium plugin. -->","yoast_head_json":{"title":"Avukat\u0131 da tutuklanan \u0130mamo\u011flu\u2019ndan sert mesaj: \"Benden korkuyorsunuz\" - Av. Deniz Can K\u0131z\u0131l","robots":{"index":"index","follow":"follow","max-snippet":"max-snippet:-1","max-image-preview":"max-image-preview:large","max-video-preview":"max-video-preview:-1"},"canonical":"https:\/\/denizcankizil.tr\/en\/haberler\/gundem\/avukati-da-tutuklanan-imamoglundan-sert-mesaj-benden-korkuyorsunuz\/","og_locale":"en_GB","og_type":"article","og_title":"Avukat\u0131 da tutuklanan \u0130mamo\u011flu\u2019ndan sert mesaj: \"Benden korkuyorsunuz\"","og_description":"Cumhuriyet Halk Partisi (CHP) Cumhurba\u015fkan\u0131 Aday\u0131 ve \u0130stanbul B\u00fcy\u00fck\u015fehir Belediye (\u0130BB) Ba\u015fkan\u0131 Ekrem \u0130mamo\u011flu, avukat\u0131 Mehmet Pehlivan&#8217;\u0131n tutuklanmas\u0131 sonras\u0131 Marmara Cezaevi&#8217;nden Cumhurba\u015fkanl\u0131\u011f\u0131 Aday Ofisi arac\u0131l\u0131\u011f\u0131yla dikkat \u00e7ekici bir a\u00e7\u0131klama yapt\u0131. \u0130mamo\u011flu, kaleme ald\u0131\u011f\u0131 mesaj\u0131nda iktidara y\u00f6nelik sert ele\u015ftirilerde bulundu. &#8220;SES\u0130MDEN, S\u00d6Z\u00dcMDEN KORKUYORSUNUZ&#8221; \u0130mamo\u011flu, cezaevinden g\u00f6nderdi\u011fi mektubunda, &#8220;Resmimden korkuyorsunuz, Sesimden korkuyorsunuz, S\u00f6z\u00fcmden korkuyorsunuz, \u0130smimin an\u0131lmas\u0131ndan korkuyorsunuz\u2026&#8221; ifadelerini kullanarak, kendisine y\u00f6nelik bask\u0131lar\u0131n korkudan kaynakland\u0131\u011f\u0131n\u0131 belirtti. Savunma hakk\u0131n\u0131n dahi engellenmeye \u00e7al\u0131\u015f\u0131ld\u0131\u011f\u0131n\u0131 vurgulayan \u0130mamo\u011flu, &#8220;Ama bir noktada kendimi savunmamdan, savunma hakk\u0131m\u0131 kullanmamdan bile korkaca\u011f\u0131n\u0131z\u0131 d\u00fc\u015f\u00fcnmemi\u015ftim&#8221; dedi. &#8220;M\u0130LLET\u0130 YALANLARINIZA \u0130NANDIRAMADIK\u00c7A SALDIRGANLA\u015eIYORSUNUZ&#8221; Milletin iktidar\u0131n &#8220;yalanlar\u0131na&#8221; inanmad\u0131\u011f\u0131n\u0131 savunan \u0130mamo\u011flu, bu durumun iktidar\u0131 daha da sald\u0131rganla\u015ft\u0131rd\u0131\u011f\u0131n\u0131 dile getirdi. Avukat\u0131n\u0131n tutuklanmas\u0131n\u0131 &#8220;acizlik&#8221; olarak nitelendiren \u0130mamo\u011flu, &#8220;Milleti yalanlar\u0131n\u0131za inand\u0131ramad\u0131k\u00e7a daha da sald\u0131rganla\u015f\u0131yorsunuz. Avukat\u0131m\u0131 tutuklayacak kadar acizle\u015fiyorsunuz&#8221; ifadelerini kulland\u0131. &#8220;KARANLIK G\u0130RDAPTA DEBELEN\u0130YORSUNUZ&#8221; \u0130ktidar\u0131n \u00fclkeyi &#8220;karanl\u0131k bir girdaba&#8221; soktu\u011funu \u00f6ne s\u00fcren \u0130mamo\u011flu, bu girdapta debelendiklerini belirtti. Elinde sadece &#8220;iftirac\u0131 bir avu\u00e7&#8221; ki\u015finin kald\u0131\u011f\u0131n\u0131 iddia eden \u0130mamo\u011flu, \u015funlar\u0131 kaydetti: &#8220;Girdi\u011finiz ve \u00fclkeyi de i\u00e7ine soktu\u011funuz karanl\u0131k girdab\u0131n i\u00e7inde debelendik\u00e7e, debeleniyorsunuz. Elinizde kala kala; \u00e7olu\u011fu \u00e7ocu\u011fuyla, mal\u0131 m\u00fclk\u00fcyle, onuru ve haysiyetiyle tehdit etti\u011finiz bir avu\u00e7 iftirac\u0131 kald\u0131.&#8221; &#8220;BANA BOYUN E\u011eD\u0130REMEYECEKS\u0130N\u0130Z&#8221; Mesaj\u0131n\u0131n sonunda kararl\u0131l\u0131k vurgusu yapan \u0130mamo\u011flu, &#8220;Ne yaparsan\u0131z yap\u0131n bana boyun e\u011fdiremeyeceksiniz. Bu milleti dize getiremeyeceksiniz. Sizden korkan sizin gibi olsun&#8221; diyerek meydan okudu. &hellip;","og_url":"https:\/\/denizcankizil.tr\/en\/haberler\/gundem\/avukati-da-tutuklanan-imamoglundan-sert-mesaj-benden-korkuyorsunuz\/","og_site_name":"Av. Deniz Can K\u0131z\u0131l","article_published_time":"2025-06-19T19:41:49+00:00","author":"Antalya K\u00f6rfez","twitter_card":"summary_large_image","twitter_misc":{"Written by":"Antalya K\u00f6rfez","Estimated reading time":"2 minutes"},"schema":{"@context":"https:\/\/schema.org","@graph":[{"@type":"Article","@id":"https:\/\/denizcankizil.tr\/en\/haberler\/gundem\/avukati-da-tutuklanan-imamoglundan-sert-mesaj-benden-korkuyorsunuz\/#article","isPartOf":{"@id":"https:\/\/denizcankizil.tr\/en\/haberler\/gundem\/avukati-da-tutuklanan-imamoglundan-sert-mesaj-benden-korkuyorsunuz\/"},"author":{"name":"Antalya K\u00f6rfez","@id":"https:\/\/denizcankizil.tr\/#\/schema\/person\/e1eb71bb4dd684d46563f0af307e1234"},"headline":"Avukat\u0131 da tutuklanan \u0130mamo\u011flu\u2019ndan sert mesaj: &#8220;Benden korkuyorsunuz&#8221;","datePublished":"2025-06-19T19:41:49+00:00","mainEntityOfPage":{"@id":"https:\/\/denizcankizil.tr\/en\/haberler\/gundem\/avukati-da-tutuklanan-imamoglundan-sert-mesaj-benden-korkuyorsunuz\/"},"wordCount":362,"publisher":{"@id":"https:\/\/denizcankizil.tr\/#organization"},"articleSection":["G\u00fcndem"],"inLanguage":"en-GB"},{"@type":"WebPage","@id":"https:\/\/denizcankizil.tr\/en\/haberler\/gundem\/avukati-da-tutuklanan-imamoglundan-sert-mesaj-benden-korkuyorsunuz\/","url":"https:\/\/denizcankizil.tr\/en\/haberler\/gundem\/avukati-da-tutuklanan-imamoglundan-sert-mesaj-benden-korkuyorsunuz\/","name":"Avukat\u0131 da tutuklanan \u0130mamo\u011flu\u2019ndan sert mesaj: \"Benden korkuyorsunuz\" - Av. Deniz Can K\u0131z\u0131l","isPartOf":{"@id":"https:\/\/denizcankizil.tr\/#website"},"datePublished":"2025-06-19T19:41:49+00:00","breadcrumb":{"@id":"https:\/\/denizcankizil.tr\/en\/haberler\/gundem\/avukati-da-tutuklanan-imamoglundan-sert-mesaj-benden-korkuyorsunuz\/#breadcrumb"},"inLanguage":"en-GB","potentialAction":[{"@type":"ReadAction","target":["https:\/\/denizcankizil.tr\/en\/haberler\/gundem\/avukati-da-tutuklanan-imamoglundan-sert-mesaj-benden-korkuyorsunuz\/"]}]},{"@type":"BreadcrumbList","@id":"https:\/\/denizcankizil.tr\/en\/haberler\/gundem\/avukati-da-tutuklanan-imamoglundan-sert-mesaj-benden-korkuyorsunuz\/#breadcrumb","itemListElement":[{"@type":"ListItem","position":1,"name":"Home","item":"https:\/\/denizcankizil.tr\/uk\/"},{"@type":"ListItem","position":2,"name":"Avukat\u0131 da tutuklanan \u0130mamo\u011flu\u2019ndan sert mesaj: &#8220;Benden korkuyorsunuz&#8221;"}]},{"@type":"WebSite","@id":"https:\/\/denizcankizil.tr\/#website","url":"https:\/\/denizcankizil.tr\/","name":"Av. Deniz Can K\u0131z\u0131l","description":"Avukat Deniz Can K\u0131z\u0131l Antalya Barosu","publisher":{"@id":"https:\/\/denizcankizil.tr\/#organization"},"potentialAction":[{"@type":"SearchAction","target":{"@type":"EntryPoint","urlTemplate":"https:\/\/denizcankizil.tr\/?s={search_term_string}"},"query-input":{"@type":"PropertyValueSpecification","valueRequired":true,"valueName":"search_term_string"}}],"inLanguage":"en-GB"},{"@type":"Organization","@id":"https:\/\/denizcankizil.tr\/#organization","name":"Av. Deniz Can K\u0131z\u0131l","url":"https:\/\/denizcankizil.tr\/","logo":{"@type":"ImageObject","inLanguage":"en-GB","@id":"https:\/\/denizcankizil.tr\/#\/schema\/logo\/image\/","url":"https:\/\/denizcankizil.tr\/wp-content\/uploads\/2024\/10\/siyah-logo-svg.svg","contentUrl":"https:\/\/denizcankizil.tr\/wp-content\/uploads\/2024\/10\/siyah-logo-svg.svg","width":1080,"height":1080,"caption":"Av. Deniz Can K\u0131z\u0131l"},"image":{"@id":"https:\/\/denizcankizil.tr\/#\/schema\/logo\/image\/"}},{"@type":"Person","@id":"https:\/\/denizcankizil.tr\/#\/schema\/person\/e1eb71bb4dd684d46563f0af307e1234","name":"Antalya K\u00f6rfez","image":{"@type":"ImageObject","inLanguage":"en-GB","@id":"https:\/\/denizcankizil.tr\/#\/schema\/person\/image\/","url":"https:\/\/secure.gravatar.com\/avatar\/42b01982558a48a0b501fdcab6a408d3717ea5919095ee2e67b0e521799c5905?s=96&d=mm&r=g","contentUrl":"https:\/\/secure.gravatar.com\/avatar\/42b01982558a48a0b501fdcab6a408d3717ea5919095ee2e67b0e521799c5905?s=96&d=mm&r=g","caption":"Antalya K\u00f6rfez"},"sameAs":["http:\/\/www.antalyakorfez.com"],"url":"https:\/\/www.antalyakorfez.com\/avukati-da-tutuklanan-imamoglundan-sert-mesaj-benden-korkuyorsunuz"}]}},"_links":{"self":[{"href":"https:\/\/denizcankizil.tr\/en\/wp-json\/wp\/v2\/posts\/120610","targetHints":{"allow":["GET"]}}],"collection":[{"href":"https:\/\/denizcankizil.tr\/en\/wp-json\/wp\/v2\/posts"}],"about":[{"href":"https:\/\/denizcankizil.tr\/en\/wp-json\/wp\/v2\/types\/post"}],"author":[{"embeddable":true,"href":"https:\/\/denizcankizil.tr\/en\/wp-json\/wp\/v2\/users\/5"}],"replies":[{"embeddable":true,"href":"https:\/\/denizcankizil.tr\/en\/wp-json\/wp\/v2\/comments?post=120610"}],"version-history":[{"count":0,"href":"https:\/\/denizcankizil.tr\/en\/wp-json\/wp\/v2\/posts\/120610\/revisions"}],"wp:attachment":[{"href":"https:\/\/denizcankizil.tr\/en\/wp-json\/wp\/v2\/media?parent=120610"}],"wp:term":[{"taxonomy":"category","embeddable":true,"href":"https:\/\/denizcankizil.tr\/en\/wp-json\/wp\/v2\/categories?post=120610"},{"taxonomy":"post_tag","embeddable":true,"href":"https:\/\/denizcankizil.tr\/en\/wp-json\/wp\/v2\/tags?post=120610"}],"curies":[{"name":"wp","href":"https:\/\/api.w.org\/{rel}","templated":true}]}}