{"id":119521,"date":"2025-06-18T17:42:35","date_gmt":"2025-06-18T14:42:35","guid":{"rendered":"https:\/\/denizcankizil.tr\/uncategorized-tr\/tbmm-baskani-kurtulmus-belcika-yolcusu\/"},"modified":"2025-06-18T17:42:35","modified_gmt":"2025-06-18T14:42:35","slug":"tbmm-baskani-kurtulmus-belcika-yolcusu","status":"publish","type":"post","link":"https:\/\/denizcankizil.tr\/en\/haberler\/gundem\/tbmm-baskani-kurtulmus-belcika-yolcusu\/","title":{"rendered":"TBMM Ba\u015fkan\u0131 Kurtulmu\u015f Bel\u00e7ika yolcusu"},"content":{"rendered":"<p>TBMM Ba\u015fkanl\u0131\u011f\u0131ndan yap\u0131lan a\u00e7\u0131klamaya g\u00f6re, Kurtulmu\u015f, NATO Parlamenter Asamblesi&#8217;ndeki (NATO PA) Bel\u00e7ika Temsilciler Meclisi ev sahipli\u011finde Br\u00fcksel&#8217;de 19-20 Haziran&#8217;da d\u00fczenlenecek NATO Parlamento Ba\u015fkanlar\u0131 Zirvesi&#8217;ne kat\u0131lacak.ANKARA (\u0130GFA) &#8211; TBMM Ba\u015fkan\u0131 Numan Kurtulmu\u015f, NATO Parlamento Ba\u015fkanlar\u0131 Zirvesi&#8217;ne kat\u0131lmak i\u00e7in Bel\u00e7ika&#8217;ya gidecek.<br \/>\nTBMM&#8217;nin resmi internet sitesinde yer alan habere g\u00f6re NATO \u00fcyesi \u00fclkelerin parlamento liderlerinin bir araya gelece\u011fi zirvede, NATO PA&#8217;n\u0131n 70&#8217;inci y\u0131l d\u00f6n\u00fcm\u00fcnde parlamenter diplomasi alan\u0131nda gelinen nokta ele al\u0131nacak.<br \/>\nNATO Liderler Zirvesi \u00f6ncesinde yap\u0131lacak NATO Parlamento Ba\u015fkanlar\u0131 Zirvesi, ABD&#8217;nin ba\u015fkenti Va\u015fington&#8217;da ger\u00e7ekle\u015ftirilen zirvenin ard\u0131ndan ikinci olma \u00f6zelli\u011fi de ta\u015f\u0131yor.<br \/>\nTBMM Ba\u015fkan\u0131 Numan Kurtulmu\u015f, Br\u00fcksel&#8217;deki zirve kapsam\u0131nda, NATO PA Ba\u015fkan\u0131 Marcos Perestrello&#8217;nun, NATO Karargah\u0131&#8217;nda parlamento ba\u015fkanlar\u0131 ve temsilcileri onuruna verece\u011fi davete kat\u0131lacak.<br \/>\nBel\u00e7ika Temsilciler Meclisi&#8217;ndeki NATO Parlamento Ba\u015fkanlar\u0131 Toplant\u0131s\u0131&#8217;nda kat\u0131l\u0131mc\u0131lara hitap edecek Kurtulmu\u015f&#8217;un, Rusya-Ukrayna sava\u015f\u0131, \u0130srail-\u0130ran \u00e7at\u0131\u015fmalar\u0131, \u0130srail&#8217;in Filistin topraklar\u0131 ve b\u00f6lge \u00fclkelerinde ger\u00e7ekle\u015ftirdi\u011fi huzur ve g\u00fcven ortam\u0131n\u0131 zedeleyen hukuksuz sald\u0131r\u0131lar\u0131, ter\u00f6rle m\u00fccadele ile milletlerin ve devletlerin e\u015fitli\u011fi prensibinde yeni bir k\u00fcresel sistemin kurulmas\u0131 konular\u0131nda mesaj vermesi bekleniyor.<\/p>\n<p>\u200bTBMM Ba\u015fkanl\u0131\u011f\u0131ndan yap\u0131lan a\u00e7\u0131klamaya g\u00f6re, Kurtulmu\u015f, NATO Parlamenter Asamblesi&#8217;ndeki (NATO PA) Bel\u00e7ika Temsilciler Meclisi ev sahipli\u011finde Br\u00fcksel&#8217;de 19-20 Haziran&#8217;da d\u00fczenlenecek NATO Parlamento Ba\u015fkanlar\u0131 Zirvesi&#8217;ne kat\u0131lacak.ANKARA (\u0130GFA) &#8211; TBMM Ba\u015fkan\u0131 Numan Kurtulmu\u015f, NATO Parlamento Ba\u015fkanlar\u0131 Zirvesi&#8217;ne kat\u0131lmak i\u00e7in Bel\u00e7ika&#8217;ya gidecek.<br \/>\nTBMM&#8217;nin resmi internet sitesinde yer alan habere g\u00f6re NATO \u00fcyesi \u00fclkelerin parlamento liderlerinin bir araya gelece\u011fi zirvede, NATO PA&#8217;n\u0131n 70&#8217;inci y\u0131l d\u00f6n\u00fcm\u00fcnde parlamenter diplomasi alan\u0131nda gelinen nokta ele al\u0131nacak.<br \/>\nNATO Liderler Zirvesi \u00f6ncesinde yap\u0131lacak NATO Parlamento Ba\u015fkanlar\u0131 Zirvesi, ABD&#8217;nin ba\u015fkenti Va\u015fington&#8217;da ger\u00e7ekle\u015ftirilen zirvenin ard\u0131ndan ikinci olma \u00f6zelli\u011fi de ta\u015f\u0131yor.<br \/>\nTBMM Ba\u015fkan\u0131 Numan Kurtulmu\u015f, Br\u00fcksel&#8217;deki zirve kapsam\u0131nda, NATO PA Ba\u015fkan\u0131 Marcos Perestrello&#8217;nun, NATO Karargah\u0131&#8217;nda parlamento ba\u015fkanlar\u0131 ve temsilcileri onuruna verece\u011fi davete kat\u0131lacak.<br \/>\nBel\u00e7ika Temsilciler Meclisi&#8217;ndeki NATO Parlamento Ba\u015fkanlar\u0131 Toplant\u0131s\u0131&#8217;nda kat\u0131l\u0131mc\u0131lara hitap edecek Kurtulmu\u015f&#8217;un, Rusya-Ukrayna sava\u015f\u0131, \u0130srail-\u0130ran \u00e7at\u0131\u015fmalar\u0131, \u0130srail&#8217;in Filistin topraklar\u0131 ve b\u00f6lge \u00fclkelerinde ger\u00e7ekle\u015ftirdi\u011fi huzur ve g\u00fcven ortam\u0131n\u0131 zedeleyen hukuksuz sald\u0131r\u0131lar\u0131, ter\u00f6rle m\u00fccadele ile milletlerin ve devletlerin e\u015fitli\u011fi prensibinde yeni bir k\u00fcresel sistemin kurulmas\u0131 konular\u0131nda mesaj vermesi bekleniyor.\u00a0<\/p>\n<p>\u200bHaberin Al\u0131nt\u0131land\u0131\u011f\u0131 Kaynak: www.iskenderun.org<\/p>","protected":false},"excerpt":{"rendered":"<p>TBMM Ba\u015fkanl\u0131\u011f\u0131ndan yap\u0131lan a\u00e7\u0131klamaya g\u00f6re, Kurtulmu\u015f, NATO Parlamenter Asamblesi&#8217;ndeki (NATO PA) Bel\u00e7ika Temsilciler Meclisi ev sahipli\u011finde Br\u00fcksel&#8217;de 19-20 Haziran&#8217;da d\u00fczenlenecek NATO Parlamento Ba\u015fkanlar\u0131 Zirvesi&#8217;ne kat\u0131lacak.ANKARA (\u0130GFA) &#8211; TBMM Ba\u015fkan\u0131 Numan Kurtulmu\u015f, NATO Parlamento Ba\u015fkanlar\u0131 Zirvesi&#8217;ne kat\u0131lmak i\u00e7in Bel\u00e7ika&#8217;ya gidecek. TBMM&#8217;nin resmi internet sitesinde yer alan habere g\u00f6re NATO \u00fcyesi \u00fclkelerin parlamento liderlerinin bir araya gelece\u011fi zirvede, NATO PA&#8217;n\u0131n 70&#8217;inci y\u0131l d\u00f6n\u00fcm\u00fcnde parlamenter diplomasi alan\u0131nda gelinen nokta ele al\u0131nacak. NATO Liderler Zirvesi \u00f6ncesinde yap\u0131lacak NATO Parlamento Ba\u015fkanlar\u0131 Zirvesi, ABD&#8217;nin ba\u015fkenti Va\u015fington&#8217;da ger\u00e7ekle\u015ftirilen zirvenin ard\u0131ndan ikinci olma \u00f6zelli\u011fi de ta\u015f\u0131yor. TBMM Ba\u015fkan\u0131 Numan Kurtulmu\u015f, Br\u00fcksel&#8217;deki zirve kapsam\u0131nda, NATO PA Ba\u015fkan\u0131 Marcos Perestrello&#8217;nun, NATO Karargah\u0131&#8217;nda parlamento ba\u015fkanlar\u0131 ve temsilcileri onuruna verece\u011fi davete kat\u0131lacak. Bel\u00e7ika Temsilciler Meclisi&#8217;ndeki NATO Parlamento Ba\u015fkanlar\u0131 Toplant\u0131s\u0131&#8217;nda kat\u0131l\u0131mc\u0131lara hitap edecek Kurtulmu\u015f&#8217;un, Rusya-Ukrayna sava\u015f\u0131, \u0130srail-\u0130ran \u00e7at\u0131\u015fmalar\u0131, \u0130srail&#8217;in Filistin topraklar\u0131 ve b\u00f6lge \u00fclkelerinde ger\u00e7ekle\u015ftirdi\u011fi huzur ve g\u00fcven ortam\u0131n\u0131 zedeleyen hukuksuz sald\u0131r\u0131lar\u0131, ter\u00f6rle m\u00fccadele ile milletlerin ve devletlerin e\u015fitli\u011fi prensibinde yeni bir k\u00fcresel sistemin kurulmas\u0131 konular\u0131nda mesaj vermesi bekleniyor. \u200bTBMM Ba\u015fkanl\u0131\u011f\u0131ndan yap\u0131lan a\u00e7\u0131klamaya g\u00f6re, Kurtulmu\u015f, NATO Parlamenter Asamblesi&#8217;ndeki (NATO PA) Bel\u00e7ika Temsilciler Meclisi ev sahipli\u011finde Br\u00fcksel&#8217;de 19-20 Haziran&#8217;da d\u00fczenlenecek NATO Parlamento Ba\u015fkanlar\u0131 Zirvesi&#8217;ne kat\u0131lacak.ANKARA (\u0130GFA) &#8211; TBMM Ba\u015fkan\u0131 Numan Kurtulmu\u015f, NATO Parlamento Ba\u015fkanlar\u0131 Zirvesi&#8217;ne kat\u0131lmak i\u00e7in Bel\u00e7ika&#8217;ya gidecek. TBMM&#8217;nin resmi internet sitesinde yer &hellip;<\/p>","protected":false},"author":1,"featured_media":0,"comment_status":"","ping_status":"open","sticky":false,"template":"","format":"standard","meta":{"_acf_changed":false,"footnotes":""},"categories":[24],"tags":[],"class_list":["post-119521","post","type-post","status-publish","format-standard","has-post-thumbnail","hentry","category-gundem"],"acf":[],"yoast_head":"<!-- This site is optimized with the Yoast SEO Premium plugin v26.6 (Yoast SEO v27.1.1) - https:\/\/yoast.com\/product\/yoast-seo-premium-wordpress\/ -->\n<title>TBMM Ba\u015fkan\u0131 Kurtulmu\u015f Bel\u00e7ika yolcusu - Av. Deniz Can K\u0131z\u0131l<\/title>\n<meta name=\"robots\" content=\"index, follow, max-snippet:-1, max-image-preview:large, max-video-preview:-1\" \/>\n<link rel=\"canonical\" href=\"https:\/\/denizcankizil.tr\/en\/haberler\/gundem\/tbmm-baskani-kurtulmus-belcika-yolcusu\/\" \/>\n<meta property=\"og:locale\" content=\"en_GB\" \/>\n<meta property=\"og:type\" content=\"article\" \/>\n<meta property=\"og:title\" content=\"TBMM Ba\u015fkan\u0131 Kurtulmu\u015f Bel\u00e7ika yolcusu\" \/>\n<meta property=\"og:description\" content=\"TBMM Ba\u015fkanl\u0131\u011f\u0131ndan yap\u0131lan a\u00e7\u0131klamaya g\u00f6re, Kurtulmu\u015f, NATO Parlamenter Asamblesi&#8217;ndeki (NATO PA) Bel\u00e7ika Temsilciler Meclisi ev sahipli\u011finde Br\u00fcksel&#8217;de 19-20 Haziran&#8217;da d\u00fczenlenecek NATO Parlamento Ba\u015fkanlar\u0131 Zirvesi&#8217;ne kat\u0131lacak.ANKARA (\u0130GFA) &#8211; TBMM Ba\u015fkan\u0131 Numan Kurtulmu\u015f, NATO Parlamento Ba\u015fkanlar\u0131 Zirvesi&#8217;ne kat\u0131lmak i\u00e7in Bel\u00e7ika&#8217;ya gidecek. TBMM&#8217;nin resmi internet sitesinde yer alan habere g\u00f6re NATO \u00fcyesi \u00fclkelerin parlamento liderlerinin bir araya gelece\u011fi zirvede, NATO PA&#8217;n\u0131n 70&#8217;inci y\u0131l d\u00f6n\u00fcm\u00fcnde parlamenter diplomasi alan\u0131nda gelinen nokta ele al\u0131nacak. NATO Liderler Zirvesi \u00f6ncesinde yap\u0131lacak NATO Parlamento Ba\u015fkanlar\u0131 Zirvesi, ABD&#8217;nin ba\u015fkenti Va\u015fington&#8217;da ger\u00e7ekle\u015ftirilen zirvenin ard\u0131ndan ikinci olma \u00f6zelli\u011fi de ta\u015f\u0131yor. TBMM Ba\u015fkan\u0131 Numan Kurtulmu\u015f, Br\u00fcksel&#8217;deki zirve kapsam\u0131nda, NATO PA Ba\u015fkan\u0131 Marcos Perestrello&#8217;nun, NATO Karargah\u0131&#8217;nda parlamento ba\u015fkanlar\u0131 ve temsilcileri onuruna verece\u011fi davete kat\u0131lacak. Bel\u00e7ika Temsilciler Meclisi&#8217;ndeki NATO Parlamento Ba\u015fkanlar\u0131 Toplant\u0131s\u0131&#8217;nda kat\u0131l\u0131mc\u0131lara hitap edecek Kurtulmu\u015f&#8217;un, Rusya-Ukrayna sava\u015f\u0131, \u0130srail-\u0130ran \u00e7at\u0131\u015fmalar\u0131, \u0130srail&#8217;in Filistin topraklar\u0131 ve b\u00f6lge \u00fclkelerinde ger\u00e7ekle\u015ftirdi\u011fi huzur ve g\u00fcven ortam\u0131n\u0131 zedeleyen hukuksuz sald\u0131r\u0131lar\u0131, ter\u00f6rle m\u00fccadele ile milletlerin ve devletlerin e\u015fitli\u011fi prensibinde yeni bir k\u00fcresel sistemin kurulmas\u0131 konular\u0131nda mesaj vermesi bekleniyor. \u200bTBMM Ba\u015fkanl\u0131\u011f\u0131ndan yap\u0131lan a\u00e7\u0131klamaya g\u00f6re, Kurtulmu\u015f, NATO Parlamenter Asamblesi&#8217;ndeki (NATO PA) Bel\u00e7ika Temsilciler Meclisi ev sahipli\u011finde Br\u00fcksel&#8217;de 19-20 Haziran&#8217;da d\u00fczenlenecek NATO Parlamento Ba\u015fkanlar\u0131 Zirvesi&#8217;ne kat\u0131lacak.ANKARA (\u0130GFA) &#8211; TBMM Ba\u015fkan\u0131 Numan Kurtulmu\u015f, NATO Parlamento Ba\u015fkanlar\u0131 Zirvesi&#8217;ne kat\u0131lmak i\u00e7in Bel\u00e7ika&#8217;ya gidecek. TBMM&#8217;nin resmi internet sitesinde yer &hellip;\" \/>\n<meta property=\"og:url\" content=\"https:\/\/denizcankizil.tr\/en\/haberler\/gundem\/tbmm-baskani-kurtulmus-belcika-yolcusu\/\" \/>\n<meta property=\"og:site_name\" content=\"Av. Deniz Can K\u0131z\u0131l\" \/>\n<meta property=\"article:published_time\" content=\"2025-06-18T14:42:35+00:00\" \/>\n<meta name=\"author\" content=\"admin\" \/>\n<meta name=\"twitter:card\" content=\"summary_large_image\" \/>\n<meta name=\"twitter:label1\" content=\"Written by\" \/>\n\t<meta name=\"twitter:data1\" content=\"admin\" \/>\n\t<meta name=\"twitter:label2\" content=\"Estimated reading time\" \/>\n\t<meta name=\"twitter:data2\" content=\"2 minutes\" \/>\n<script type=\"application\/ld+json\" class=\"yoast-schema-graph\">{\"@context\":\"https:\/\/schema.org\",\"@graph\":[{\"@type\":\"Article\",\"@id\":\"https:\/\/denizcankizil.tr\/en\/haberler\/gundem\/tbmm-baskani-kurtulmus-belcika-yolcusu\/#article\",\"isPartOf\":{\"@id\":\"https:\/\/denizcankizil.tr\/en\/haberler\/gundem\/tbmm-baskani-kurtulmus-belcika-yolcusu\/\"},\"author\":{\"name\":\"admin\",\"@id\":\"https:\/\/denizcankizil.tr\/#\/schema\/person\/be3c05fe6a12686905512445d8185489\"},\"headline\":\"TBMM Ba\u015fkan\u0131 Kurtulmu\u015f Bel\u00e7ika yolcusu\",\"datePublished\":\"2025-06-18T14:42:35+00:00\",\"mainEntityOfPage\":{\"@id\":\"https:\/\/denizcankizil.tr\/en\/haberler\/gundem\/tbmm-baskani-kurtulmus-belcika-yolcusu\/\"},\"wordCount\":489,\"publisher\":{\"@id\":\"https:\/\/denizcankizil.tr\/#organization\"},\"articleSection\":[\"G\u00fcndem\"],\"inLanguage\":\"en-GB\"},{\"@type\":\"WebPage\",\"@id\":\"https:\/\/denizcankizil.tr\/en\/haberler\/gundem\/tbmm-baskani-kurtulmus-belcika-yolcusu\/\",\"url\":\"https:\/\/denizcankizil.tr\/en\/haberler\/gundem\/tbmm-baskani-kurtulmus-belcika-yolcusu\/\",\"name\":\"TBMM Ba\u015fkan\u0131 Kurtulmu\u015f Bel\u00e7ika yolcusu - Av. Deniz Can K\u0131z\u0131l\",\"isPartOf\":{\"@id\":\"https:\/\/denizcankizil.tr\/#website\"},\"datePublished\":\"2025-06-18T14:42:35+00:00\",\"breadcrumb\":{\"@id\":\"https:\/\/denizcankizil.tr\/en\/haberler\/gundem\/tbmm-baskani-kurtulmus-belcika-yolcusu\/#breadcrumb\"},\"inLanguage\":\"en-GB\",\"potentialAction\":[{\"@type\":\"ReadAction\",\"target\":[\"https:\/\/denizcankizil.tr\/en\/haberler\/gundem\/tbmm-baskani-kurtulmus-belcika-yolcusu\/\"]}]},{\"@type\":\"BreadcrumbList\",\"@id\":\"https:\/\/denizcankizil.tr\/en\/haberler\/gundem\/tbmm-baskani-kurtulmus-belcika-yolcusu\/#breadcrumb\",\"itemListElement\":[{\"@type\":\"ListItem\",\"position\":1,\"name\":\"Home\",\"item\":\"https:\/\/denizcankizil.tr\/de\/\"},{\"@type\":\"ListItem\",\"position\":2,\"name\":\"TBMM Ba\u015fkan\u0131 Kurtulmu\u015f Bel\u00e7ika yolcusu\"}]},{\"@type\":\"WebSite\",\"@id\":\"https:\/\/denizcankizil.tr\/#website\",\"url\":\"https:\/\/denizcankizil.tr\/\",\"name\":\"Av. Deniz Can K\u0131z\u0131l\",\"description\":\"Avukat Deniz Can K\u0131z\u0131l Antalya Barosu\",\"publisher\":{\"@id\":\"https:\/\/denizcankizil.tr\/#organization\"},\"potentialAction\":[{\"@type\":\"SearchAction\",\"target\":{\"@type\":\"EntryPoint\",\"urlTemplate\":\"https:\/\/denizcankizil.tr\/?s={search_term_string}\"},\"query-input\":{\"@type\":\"PropertyValueSpecification\",\"valueRequired\":true,\"valueName\":\"search_term_string\"}}],\"inLanguage\":\"en-GB\"},{\"@type\":\"Organization\",\"@id\":\"https:\/\/denizcankizil.tr\/#organization\",\"name\":\"Av. Deniz Can K\u0131z\u0131l\",\"url\":\"https:\/\/denizcankizil.tr\/\",\"logo\":{\"@type\":\"ImageObject\",\"inLanguage\":\"en-GB\",\"@id\":\"https:\/\/denizcankizil.tr\/#\/schema\/logo\/image\/\",\"url\":\"https:\/\/denizcankizil.tr\/wp-content\/uploads\/2024\/10\/siyah-logo-svg.svg\",\"contentUrl\":\"https:\/\/denizcankizil.tr\/wp-content\/uploads\/2024\/10\/siyah-logo-svg.svg\",\"width\":1080,\"height\":1080,\"caption\":\"Av. Deniz Can K\u0131z\u0131l\"},\"image\":{\"@id\":\"https:\/\/denizcankizil.tr\/#\/schema\/logo\/image\/\"}},{\"@type\":\"Person\",\"@id\":\"https:\/\/denizcankizil.tr\/#\/schema\/person\/be3c05fe6a12686905512445d8185489\",\"name\":\"admin\",\"image\":{\"@type\":\"ImageObject\",\"inLanguage\":\"en-GB\",\"@id\":\"https:\/\/denizcankizil.tr\/#\/schema\/person\/image\/\",\"url\":\"https:\/\/secure.gravatar.com\/avatar\/c1fce94c830dc79107e174f890d7210541c4a63e8e5d816341794a2151c9d58c?s=96&d=mm&r=g\",\"contentUrl\":\"https:\/\/secure.gravatar.com\/avatar\/c1fce94c830dc79107e174f890d7210541c4a63e8e5d816341794a2151c9d58c?s=96&d=mm&r=g\",\"caption\":\"admin\"},\"sameAs\":[\"http:\/\/denizcankizil.tr\"],\"url\":\"https:\/\/www.iskenderun.org\/tbmm-baskani-kurtulmus-belcika-yolcusu\"}]}<\/script>\n<!-- \/ Yoast SEO Premium plugin. -->","yoast_head_json":{"title":"TBMM Ba\u015fkan\u0131 Kurtulmu\u015f Bel\u00e7ika yolcusu - Av. Deniz Can K\u0131z\u0131l","robots":{"index":"index","follow":"follow","max-snippet":"max-snippet:-1","max-image-preview":"max-image-preview:large","max-video-preview":"max-video-preview:-1"},"canonical":"https:\/\/denizcankizil.tr\/en\/haberler\/gundem\/tbmm-baskani-kurtulmus-belcika-yolcusu\/","og_locale":"en_GB","og_type":"article","og_title":"TBMM Ba\u015fkan\u0131 Kurtulmu\u015f Bel\u00e7ika yolcusu","og_description":"TBMM Ba\u015fkanl\u0131\u011f\u0131ndan yap\u0131lan a\u00e7\u0131klamaya g\u00f6re, Kurtulmu\u015f, NATO Parlamenter Asamblesi&#8217;ndeki (NATO PA) Bel\u00e7ika Temsilciler Meclisi ev sahipli\u011finde Br\u00fcksel&#8217;de 19-20 Haziran&#8217;da d\u00fczenlenecek NATO Parlamento Ba\u015fkanlar\u0131 Zirvesi&#8217;ne kat\u0131lacak.ANKARA (\u0130GFA) &#8211; TBMM Ba\u015fkan\u0131 Numan Kurtulmu\u015f, NATO Parlamento Ba\u015fkanlar\u0131 Zirvesi&#8217;ne kat\u0131lmak i\u00e7in Bel\u00e7ika&#8217;ya gidecek. TBMM&#8217;nin resmi internet sitesinde yer alan habere g\u00f6re NATO \u00fcyesi \u00fclkelerin parlamento liderlerinin bir araya gelece\u011fi zirvede, NATO PA&#8217;n\u0131n 70&#8217;inci y\u0131l d\u00f6n\u00fcm\u00fcnde parlamenter diplomasi alan\u0131nda gelinen nokta ele al\u0131nacak. NATO Liderler Zirvesi \u00f6ncesinde yap\u0131lacak NATO Parlamento Ba\u015fkanlar\u0131 Zirvesi, ABD&#8217;nin ba\u015fkenti Va\u015fington&#8217;da ger\u00e7ekle\u015ftirilen zirvenin ard\u0131ndan ikinci olma \u00f6zelli\u011fi de ta\u015f\u0131yor. TBMM Ba\u015fkan\u0131 Numan Kurtulmu\u015f, Br\u00fcksel&#8217;deki zirve kapsam\u0131nda, NATO PA Ba\u015fkan\u0131 Marcos Perestrello&#8217;nun, NATO Karargah\u0131&#8217;nda parlamento ba\u015fkanlar\u0131 ve temsilcileri onuruna verece\u011fi davete kat\u0131lacak. Bel\u00e7ika Temsilciler Meclisi&#8217;ndeki NATO Parlamento Ba\u015fkanlar\u0131 Toplant\u0131s\u0131&#8217;nda kat\u0131l\u0131mc\u0131lara hitap edecek Kurtulmu\u015f&#8217;un, Rusya-Ukrayna sava\u015f\u0131, \u0130srail-\u0130ran \u00e7at\u0131\u015fmalar\u0131, \u0130srail&#8217;in Filistin topraklar\u0131 ve b\u00f6lge \u00fclkelerinde ger\u00e7ekle\u015ftirdi\u011fi huzur ve g\u00fcven ortam\u0131n\u0131 zedeleyen hukuksuz sald\u0131r\u0131lar\u0131, ter\u00f6rle m\u00fccadele ile milletlerin ve devletlerin e\u015fitli\u011fi prensibinde yeni bir k\u00fcresel sistemin kurulmas\u0131 konular\u0131nda mesaj vermesi bekleniyor. \u200bTBMM Ba\u015fkanl\u0131\u011f\u0131ndan yap\u0131lan a\u00e7\u0131klamaya g\u00f6re, Kurtulmu\u015f, NATO Parlamenter Asamblesi&#8217;ndeki (NATO PA) Bel\u00e7ika Temsilciler Meclisi ev sahipli\u011finde Br\u00fcksel&#8217;de 19-20 Haziran&#8217;da d\u00fczenlenecek NATO Parlamento Ba\u015fkanlar\u0131 Zirvesi&#8217;ne kat\u0131lacak.ANKARA (\u0130GFA) &#8211; TBMM Ba\u015fkan\u0131 Numan Kurtulmu\u015f, NATO Parlamento Ba\u015fkanlar\u0131 Zirvesi&#8217;ne kat\u0131lmak i\u00e7in Bel\u00e7ika&#8217;ya gidecek. TBMM&#8217;nin resmi internet sitesinde yer &hellip;","og_url":"https:\/\/denizcankizil.tr\/en\/haberler\/gundem\/tbmm-baskani-kurtulmus-belcika-yolcusu\/","og_site_name":"Av. Deniz Can K\u0131z\u0131l","article_published_time":"2025-06-18T14:42:35+00:00","author":"admin","twitter_card":"summary_large_image","twitter_misc":{"Written by":"admin","Estimated reading time":"2 minutes"},"schema":{"@context":"https:\/\/schema.org","@graph":[{"@type":"Article","@id":"https:\/\/denizcankizil.tr\/en\/haberler\/gundem\/tbmm-baskani-kurtulmus-belcika-yolcusu\/#article","isPartOf":{"@id":"https:\/\/denizcankizil.tr\/en\/haberler\/gundem\/tbmm-baskani-kurtulmus-belcika-yolcusu\/"},"author":{"name":"admin","@id":"https:\/\/denizcankizil.tr\/#\/schema\/person\/be3c05fe6a12686905512445d8185489"},"headline":"TBMM Ba\u015fkan\u0131 Kurtulmu\u015f Bel\u00e7ika yolcusu","datePublished":"2025-06-18T14:42:35+00:00","mainEntityOfPage":{"@id":"https:\/\/denizcankizil.tr\/en\/haberler\/gundem\/tbmm-baskani-kurtulmus-belcika-yolcusu\/"},"wordCount":489,"publisher":{"@id":"https:\/\/denizcankizil.tr\/#organization"},"articleSection":["G\u00fcndem"],"inLanguage":"en-GB"},{"@type":"WebPage","@id":"https:\/\/denizcankizil.tr\/en\/haberler\/gundem\/tbmm-baskani-kurtulmus-belcika-yolcusu\/","url":"https:\/\/denizcankizil.tr\/en\/haberler\/gundem\/tbmm-baskani-kurtulmus-belcika-yolcusu\/","name":"TBMM Ba\u015fkan\u0131 Kurtulmu\u015f Bel\u00e7ika yolcusu - Av. Deniz Can K\u0131z\u0131l","isPartOf":{"@id":"https:\/\/denizcankizil.tr\/#website"},"datePublished":"2025-06-18T14:42:35+00:00","breadcrumb":{"@id":"https:\/\/denizcankizil.tr\/en\/haberler\/gundem\/tbmm-baskani-kurtulmus-belcika-yolcusu\/#breadcrumb"},"inLanguage":"en-GB","potentialAction":[{"@type":"ReadAction","target":["https:\/\/denizcankizil.tr\/en\/haberler\/gundem\/tbmm-baskani-kurtulmus-belcika-yolcusu\/"]}]},{"@type":"BreadcrumbList","@id":"https:\/\/denizcankizil.tr\/en\/haberler\/gundem\/tbmm-baskani-kurtulmus-belcika-yolcusu\/#breadcrumb","itemListElement":[{"@type":"ListItem","position":1,"name":"Home","item":"https:\/\/denizcankizil.tr\/de\/"},{"@type":"ListItem","position":2,"name":"TBMM Ba\u015fkan\u0131 Kurtulmu\u015f Bel\u00e7ika yolcusu"}]},{"@type":"WebSite","@id":"https:\/\/denizcankizil.tr\/#website","url":"https:\/\/denizcankizil.tr\/","name":"Av. Deniz Can K\u0131z\u0131l","description":"Avukat Deniz Can K\u0131z\u0131l Antalya Barosu","publisher":{"@id":"https:\/\/denizcankizil.tr\/#organization"},"potentialAction":[{"@type":"SearchAction","target":{"@type":"EntryPoint","urlTemplate":"https:\/\/denizcankizil.tr\/?s={search_term_string}"},"query-input":{"@type":"PropertyValueSpecification","valueRequired":true,"valueName":"search_term_string"}}],"inLanguage":"en-GB"},{"@type":"Organization","@id":"https:\/\/denizcankizil.tr\/#organization","name":"Av. Deniz Can K\u0131z\u0131l","url":"https:\/\/denizcankizil.tr\/","logo":{"@type":"ImageObject","inLanguage":"en-GB","@id":"https:\/\/denizcankizil.tr\/#\/schema\/logo\/image\/","url":"https:\/\/denizcankizil.tr\/wp-content\/uploads\/2024\/10\/siyah-logo-svg.svg","contentUrl":"https:\/\/denizcankizil.tr\/wp-content\/uploads\/2024\/10\/siyah-logo-svg.svg","width":1080,"height":1080,"caption":"Av. Deniz Can K\u0131z\u0131l"},"image":{"@id":"https:\/\/denizcankizil.tr\/#\/schema\/logo\/image\/"}},{"@type":"Person","@id":"https:\/\/denizcankizil.tr\/#\/schema\/person\/be3c05fe6a12686905512445d8185489","name":"admin","image":{"@type":"ImageObject","inLanguage":"en-GB","@id":"https:\/\/denizcankizil.tr\/#\/schema\/person\/image\/","url":"https:\/\/secure.gravatar.com\/avatar\/c1fce94c830dc79107e174f890d7210541c4a63e8e5d816341794a2151c9d58c?s=96&d=mm&r=g","contentUrl":"https:\/\/secure.gravatar.com\/avatar\/c1fce94c830dc79107e174f890d7210541c4a63e8e5d816341794a2151c9d58c?s=96&d=mm&r=g","caption":"admin"},"sameAs":["http:\/\/denizcankizil.tr"],"url":"https:\/\/www.iskenderun.org\/tbmm-baskani-kurtulmus-belcika-yolcusu"}]}},"_links":{"self":[{"href":"https:\/\/denizcankizil.tr\/en\/wp-json\/wp\/v2\/posts\/119521","targetHints":{"allow":["GET"]}}],"collection":[{"href":"https:\/\/denizcankizil.tr\/en\/wp-json\/wp\/v2\/posts"}],"about":[{"href":"https:\/\/denizcankizil.tr\/en\/wp-json\/wp\/v2\/types\/post"}],"author":[{"embeddable":true,"href":"https:\/\/denizcankizil.tr\/en\/wp-json\/wp\/v2\/users\/1"}],"replies":[{"embeddable":true,"href":"https:\/\/denizcankizil.tr\/en\/wp-json\/wp\/v2\/comments?post=119521"}],"version-history":[{"count":0,"href":"https:\/\/denizcankizil.tr\/en\/wp-json\/wp\/v2\/posts\/119521\/revisions"}],"wp:attachment":[{"href":"https:\/\/denizcankizil.tr\/en\/wp-json\/wp\/v2\/media?parent=119521"}],"wp:term":[{"taxonomy":"category","embeddable":true,"href":"https:\/\/denizcankizil.tr\/en\/wp-json\/wp\/v2\/categories?post=119521"},{"taxonomy":"post_tag","embeddable":true,"href":"https:\/\/denizcankizil.tr\/en\/wp-json\/wp\/v2\/tags?post=119521"}],"curies":[{"name":"wp","href":"https:\/\/api.w.org\/{rel}","templated":true}]}}