{"id":119519,"date":"2025-06-18T17:42:33","date_gmt":"2025-06-18T14:42:33","guid":{"rendered":"https:\/\/denizcankizil.tr\/uncategorized-tr\/mugla-milas-belediyesi-karakilcik-bugday-hasadi-gerceklestirdi\/"},"modified":"2025-06-18T17:42:33","modified_gmt":"2025-06-18T14:42:33","slug":"mugla-milas-belediyesi-karakilcik-bugday-hasadi-gerceklestirdi","status":"publish","type":"post","link":"https:\/\/denizcankizil.tr\/en\/haberler\/gundem\/mugla-milas-belediyesi-karakilcik-bugday-hasadi-gerceklestirdi\/","title":{"rendered":"Mu\u011fla Milas Belediyesi karak\u0131l\u00e7\u0131k bu\u011fday hasad\u0131 ger\u00e7ekle\u015ftirdi"},"content":{"rendered":"<p>Milas Belediyesi s\u00fcrd\u00fcr\u00fclebilir k\u0131rsal kalk\u0131nma anlay\u0131\u015f\u0131yla \u00fcreticilere destek olacak \u00e7al\u0131\u015fmalara devam ediyor.\u00a0MU\u011eLA (\u0130GFA) &#8211; \u00dcreticilerin daima yan\u0131nda olan ve bu do\u011frultuda projeler hayata ge\u00e7iren Milas Belediyesi daha \u00f6nce ekimini yapt\u0131\u011f\u0131 karak\u0131l\u00e7\u0131k bu\u011fdaylar\u0131n\u0131n hasad\u0131n\u0131 ger\u00e7ekle\u015ftirdi.Tar\u0131msal Hizmetler M\u00fcd\u00fcrl\u00fc\u011f\u00fc taraf\u0131ndan m\u00fclkiyeti Milas Belediyesi\u2019ne ait K\u00f6\u015fk Mahallesi\u2019nde bulunan 17 bin m2 lik arazide ekimi yap\u0131lan ve olgunluk s\u00fcresini tamamlayan bu\u011fdaylar\u0131n hasad\u0131 yap\u0131ld\u0131. Hasad\u0131 yap\u0131lan \u00fcr\u00fcnlerin sonraki s\u00fcre\u00e7te tohumluk olarak vatanda\u015flara da\u011f\u0131t\u0131laca\u011f\u0131, hasattan kalan otlar\u0131n ise saman yap\u0131larak \u00fcreticilerle bulu\u015fturulaca\u011f\u0131 ifade edildi. Ba\u015fkan Topuz hasad\u0131 yerinde takip etti\u2026<br \/>\nGe\u00e7ti\u011fimiz aylarda ger\u00e7ekle\u015fen bu\u011fday ekimine kat\u0131l\u0131p kendi elleriyle tohumlar\u0131 toprakla bulu\u015fturan Milas Belediye Ba\u015fkan\u0131 Fevzi Topuz, karak\u0131l\u00e7\u0131k bu\u011fdaylar\u0131n\u0131n hasad\u0131na da kat\u0131larak \u00e7al\u0131\u015fmalar\u0131 yerinde takip etti.<\/p>\n<p>HASADIMIZ BEREKETL\u0130 OLSUN<br \/>\nK\u00f6\u015fk Mahallesi\u2019nde ger\u00e7ekle\u015ftirilen hasatta konu\u015fan Milas Belediye Ba\u015fkan\u0131 Fevzi Topuz, \u201c17 bin m2 lik tarlam\u0131za Aral\u0131k ay\u0131nda yapt\u0131\u011f\u0131m\u0131z ekim neticesinde karak\u0131l\u00e7\u0131k bu\u011fday\u0131n\u0131n ekimini ger\u00e7ekle\u015ftirmi\u015ftik. \u015eimdi de hasad\u0131n\u0131 yap\u0131yoruz. \u0130n\u015fallah verimli bir \u00fcr\u00fcn al\u0131r\u0131z. Karak\u0131l\u00e7\u0131k bu\u011fday\u0131 ata tohumu olmas\u0131ndan dolay\u0131 korunmas\u0131 gereken bir \u00fcr\u00fcn. Bu \u00fcr\u00fcn\u00fc \u00f6n\u00fcm\u00fczdeki y\u0131llarda daha da geli\u015ftirerek daha geni\u015f alanlara ekerek \u00e7o\u011faltmay\u0131 ama\u00e7l\u0131yoruz. Elde etti\u011fimiz \u00fcr\u00fcnleri vatanda\u015flar\u0131m\u0131za da\u011f\u0131tarak onlar\u0131n da karak\u0131l\u00e7\u0131k bu\u011fdaydan istifade etmelerini sa\u011flayaca\u011f\u0131z. Bir k\u0131sm\u0131n\u0131 belediye olarak kendimiz ekiyoruz. Kalan k\u0131sm\u0131n\u0131 da vatanda\u015flar\u0131m\u0131za da\u011f\u0131taca\u011f\u0131z. Sosyal belediyecilik anlay\u0131\u015f\u0131 i\u00e7erisinde bu t\u00fcr \u00e7al\u0131\u015fmalar\u0131 yapmak durumunday\u0131z. K\u0131rsal kesimdeki mahallelerde ya\u015fayan vatanda\u015flar\u0131m\u0131za y\u00f6nelik \u00e7al\u0131\u015fmalar\u0131 Tar\u0131msal Hizmetler M\u00fcd\u00fcrl\u00fc\u011f\u00fcm\u00fcz kanal\u0131yla yapmaktay\u0131z. Elde etti\u011fimiz karak\u0131l\u00e7\u0131k bu\u011fdaylar\u0131n\u0131n saman\u0131n\u0131 da yine vatanda\u015flar\u0131m\u0131za da\u011f\u0131taca\u011f\u0131z. K\u0131rsal kalk\u0131nma program\u0131 \u00e7er\u00e7evesinde vatanda\u015flar\u0131m\u0131z\u0131n i\u015fini kolayla\u015ft\u0131raca\u011f\u0131z. Hay\u0131rl\u0131 olmas\u0131n\u0131 diliyorum. Hasad\u0131m\u0131z bereketli olsun\u201d dedi.<\/p>\n<p>\u200bMilas Belediyesi s\u00fcrd\u00fcr\u00fclebilir k\u0131rsal kalk\u0131nma anlay\u0131\u015f\u0131yla \u00fcreticilere destek olacak \u00e7al\u0131\u015fmalara devam ediyor.\u00a0MU\u011eLA (\u0130GFA) &#8211; \u00dcreticilerin daima yan\u0131nda olan ve bu do\u011frultuda projeler hayata ge\u00e7iren Milas Belediyesi daha \u00f6nce ekimini yapt\u0131\u011f\u0131 karak\u0131l\u00e7\u0131k bu\u011fdaylar\u0131n\u0131n hasad\u0131n\u0131 ger\u00e7ekle\u015ftirdi.Tar\u0131msal Hizmetler M\u00fcd\u00fcrl\u00fc\u011f\u00fc taraf\u0131ndan m\u00fclkiyeti Milas Belediyesi\u2019ne ait K\u00f6\u015fk Mahallesi\u2019nde bulunan 17 bin m2 lik arazide ekimi yap\u0131lan ve olgunluk s\u00fcresini tamamlayan bu\u011fdaylar\u0131n hasad\u0131 yap\u0131ld\u0131. Hasad\u0131 yap\u0131lan \u00fcr\u00fcnlerin sonraki s\u00fcre\u00e7te tohumluk olarak vatanda\u015flara da\u011f\u0131t\u0131laca\u011f\u0131, hasattan kalan otlar\u0131n ise saman yap\u0131larak \u00fcreticilerle bulu\u015fturulaca\u011f\u0131 ifade edildi. Ba\u015fkan Topuz hasad\u0131 yerinde takip etti\u2026<br \/>\nGe\u00e7ti\u011fimiz aylarda ger\u00e7ekle\u015fen bu\u011fday ekimine kat\u0131l\u0131p kendi elleriyle tohumlar\u0131 toprakla bulu\u015fturan Milas Belediye Ba\u015fkan\u0131 Fevzi Topuz, karak\u0131l\u00e7\u0131k bu\u011fdaylar\u0131n\u0131n hasad\u0131na da kat\u0131larak \u00e7al\u0131\u015fmalar\u0131 yerinde takip etti.<\/p>\n<p>HASADIMIZ BEREKETL\u0130 OLSUN<br \/>\nK\u00f6\u015fk Mahallesi\u2019nde ger\u00e7ekle\u015ftirilen hasatta konu\u015fan Milas Belediye Ba\u015fkan\u0131 Fevzi Topuz, \u201c17 bin m2 lik tarlam\u0131za Aral\u0131k ay\u0131nda yapt\u0131\u011f\u0131m\u0131z ekim neticesinde karak\u0131l\u00e7\u0131k bu\u011fday\u0131n\u0131n ekimini ger\u00e7ekle\u015ftirmi\u015ftik. \u015eimdi de hasad\u0131n\u0131 yap\u0131yoruz. \u0130n\u015fallah verimli bir \u00fcr\u00fcn al\u0131r\u0131z. Karak\u0131l\u00e7\u0131k bu\u011fday\u0131 ata tohumu olmas\u0131ndan dolay\u0131 korunmas\u0131 gereken bir \u00fcr\u00fcn. Bu \u00fcr\u00fcn\u00fc \u00f6n\u00fcm\u00fczdeki y\u0131llarda daha da geli\u015ftirerek daha geni\u015f alanlara ekerek \u00e7o\u011faltmay\u0131 ama\u00e7l\u0131yoruz. Elde etti\u011fimiz \u00fcr\u00fcnleri vatanda\u015flar\u0131m\u0131za da\u011f\u0131tarak onlar\u0131n da karak\u0131l\u00e7\u0131k bu\u011fdaydan istifade etmelerini sa\u011flayaca\u011f\u0131z. Bir k\u0131sm\u0131n\u0131 belediye olarak kendimiz ekiyoruz. Kalan k\u0131sm\u0131n\u0131 da vatanda\u015flar\u0131m\u0131za da\u011f\u0131taca\u011f\u0131z. Sosyal belediyecilik anlay\u0131\u015f\u0131 i\u00e7erisinde bu t\u00fcr \u00e7al\u0131\u015fmalar\u0131 yapmak durumunday\u0131z. K\u0131rsal kesimdeki mahallelerde ya\u015fayan vatanda\u015flar\u0131m\u0131za y\u00f6nelik \u00e7al\u0131\u015fmalar\u0131 Tar\u0131msal Hizmetler M\u00fcd\u00fcrl\u00fc\u011f\u00fcm\u00fcz kanal\u0131yla yapmaktay\u0131z. Elde etti\u011fimiz karak\u0131l\u00e7\u0131k bu\u011fdaylar\u0131n\u0131n saman\u0131n\u0131 da yine vatanda\u015flar\u0131m\u0131za da\u011f\u0131taca\u011f\u0131z. K\u0131rsal kalk\u0131nma program\u0131 \u00e7er\u00e7evesinde vatanda\u015flar\u0131m\u0131z\u0131n i\u015fini kolayla\u015ft\u0131raca\u011f\u0131z. Hay\u0131rl\u0131 olmas\u0131n\u0131 diliyorum. Hasad\u0131m\u0131z bereketli olsun\u201d dedi.\u00a0<\/p>\n<p>\u200bHaberin Al\u0131nt\u0131land\u0131\u011f\u0131 Kaynak: www.iskenderun.org<\/p>","protected":false},"excerpt":{"rendered":"<p>Milas Belediyesi s\u00fcrd\u00fcr\u00fclebilir k\u0131rsal kalk\u0131nma anlay\u0131\u015f\u0131yla \u00fcreticilere destek olacak \u00e7al\u0131\u015fmalara devam ediyor.\u00a0MU\u011eLA (\u0130GFA) &#8211; \u00dcreticilerin daima yan\u0131nda olan ve bu do\u011frultuda projeler hayata ge\u00e7iren Milas Belediyesi daha \u00f6nce ekimini yapt\u0131\u011f\u0131 karak\u0131l\u00e7\u0131k bu\u011fdaylar\u0131n\u0131n hasad\u0131n\u0131 ger\u00e7ekle\u015ftirdi.Tar\u0131msal Hizmetler M\u00fcd\u00fcrl\u00fc\u011f\u00fc taraf\u0131ndan m\u00fclkiyeti Milas Belediyesi\u2019ne ait K\u00f6\u015fk Mahallesi\u2019nde bulunan 17 bin m2 lik arazide ekimi yap\u0131lan ve olgunluk s\u00fcresini tamamlayan bu\u011fdaylar\u0131n hasad\u0131 yap\u0131ld\u0131. Hasad\u0131 yap\u0131lan \u00fcr\u00fcnlerin sonraki s\u00fcre\u00e7te tohumluk olarak vatanda\u015flara da\u011f\u0131t\u0131laca\u011f\u0131, hasattan kalan otlar\u0131n ise saman yap\u0131larak \u00fcreticilerle bulu\u015fturulaca\u011f\u0131 ifade edildi. Ba\u015fkan Topuz hasad\u0131 yerinde takip etti\u2026 Ge\u00e7ti\u011fimiz aylarda ger\u00e7ekle\u015fen bu\u011fday ekimine kat\u0131l\u0131p kendi elleriyle tohumlar\u0131 toprakla bulu\u015fturan Milas Belediye Ba\u015fkan\u0131 Fevzi Topuz, karak\u0131l\u00e7\u0131k bu\u011fdaylar\u0131n\u0131n hasad\u0131na da kat\u0131larak \u00e7al\u0131\u015fmalar\u0131 yerinde takip etti. HASADIMIZ BEREKETL\u0130 OLSUN K\u00f6\u015fk Mahallesi\u2019nde ger\u00e7ekle\u015ftirilen hasatta konu\u015fan Milas Belediye Ba\u015fkan\u0131 Fevzi Topuz, \u201c17 bin m2 lik tarlam\u0131za Aral\u0131k ay\u0131nda yapt\u0131\u011f\u0131m\u0131z ekim neticesinde karak\u0131l\u00e7\u0131k bu\u011fday\u0131n\u0131n ekimini ger\u00e7ekle\u015ftirmi\u015ftik. \u015eimdi de hasad\u0131n\u0131 yap\u0131yoruz. \u0130n\u015fallah verimli bir \u00fcr\u00fcn al\u0131r\u0131z. Karak\u0131l\u00e7\u0131k bu\u011fday\u0131 ata tohumu olmas\u0131ndan dolay\u0131 korunmas\u0131 gereken bir \u00fcr\u00fcn. Bu \u00fcr\u00fcn\u00fc \u00f6n\u00fcm\u00fczdeki y\u0131llarda daha da geli\u015ftirerek daha geni\u015f alanlara ekerek \u00e7o\u011faltmay\u0131 ama\u00e7l\u0131yoruz. Elde etti\u011fimiz \u00fcr\u00fcnleri vatanda\u015flar\u0131m\u0131za da\u011f\u0131tarak onlar\u0131n da karak\u0131l\u00e7\u0131k bu\u011fdaydan istifade etmelerini sa\u011flayaca\u011f\u0131z. Bir k\u0131sm\u0131n\u0131 belediye olarak kendimiz ekiyoruz. Kalan k\u0131sm\u0131n\u0131 da vatanda\u015flar\u0131m\u0131za da\u011f\u0131taca\u011f\u0131z. Sosyal belediyecilik anlay\u0131\u015f\u0131 i\u00e7erisinde bu t\u00fcr \u00e7al\u0131\u015fmalar\u0131 yapmak durumunday\u0131z. K\u0131rsal &hellip;<\/p>","protected":false},"author":1,"featured_media":0,"comment_status":"","ping_status":"open","sticky":false,"template":"","format":"standard","meta":{"_acf_changed":false,"footnotes":""},"categories":[24],"tags":[],"class_list":["post-119519","post","type-post","status-publish","format-standard","has-post-thumbnail","hentry","category-gundem"],"acf":[],"yoast_head":"<!-- This site is optimized with the Yoast SEO Premium plugin v26.6 (Yoast SEO v27.1.1) - https:\/\/yoast.com\/product\/yoast-seo-premium-wordpress\/ -->\n<title>Mu\u011fla Milas Belediyesi karak\u0131l\u00e7\u0131k bu\u011fday hasad\u0131 ger\u00e7ekle\u015ftirdi - Av. Deniz Can K\u0131z\u0131l<\/title>\n<meta name=\"robots\" content=\"index, follow, max-snippet:-1, max-image-preview:large, max-video-preview:-1\" \/>\n<link rel=\"canonical\" href=\"https:\/\/denizcankizil.tr\/en\/haberler\/gundem\/mugla-milas-belediyesi-karakilcik-bugday-hasadi-gerceklestirdi\/\" \/>\n<meta property=\"og:locale\" content=\"en_GB\" \/>\n<meta property=\"og:type\" content=\"article\" \/>\n<meta property=\"og:title\" content=\"Mu\u011fla Milas Belediyesi karak\u0131l\u00e7\u0131k bu\u011fday hasad\u0131 ger\u00e7ekle\u015ftirdi\" \/>\n<meta property=\"og:description\" content=\"Milas Belediyesi s\u00fcrd\u00fcr\u00fclebilir k\u0131rsal kalk\u0131nma anlay\u0131\u015f\u0131yla \u00fcreticilere destek olacak \u00e7al\u0131\u015fmalara devam ediyor.\u00a0MU\u011eLA (\u0130GFA) &#8211; \u00dcreticilerin daima yan\u0131nda olan ve bu do\u011frultuda projeler hayata ge\u00e7iren Milas Belediyesi daha \u00f6nce ekimini yapt\u0131\u011f\u0131 karak\u0131l\u00e7\u0131k bu\u011fdaylar\u0131n\u0131n hasad\u0131n\u0131 ger\u00e7ekle\u015ftirdi.Tar\u0131msal Hizmetler M\u00fcd\u00fcrl\u00fc\u011f\u00fc taraf\u0131ndan m\u00fclkiyeti Milas Belediyesi\u2019ne ait K\u00f6\u015fk Mahallesi\u2019nde bulunan 17 bin m2 lik arazide ekimi yap\u0131lan ve olgunluk s\u00fcresini tamamlayan bu\u011fdaylar\u0131n hasad\u0131 yap\u0131ld\u0131. Hasad\u0131 yap\u0131lan \u00fcr\u00fcnlerin sonraki s\u00fcre\u00e7te tohumluk olarak vatanda\u015flara da\u011f\u0131t\u0131laca\u011f\u0131, hasattan kalan otlar\u0131n ise saman yap\u0131larak \u00fcreticilerle bulu\u015fturulaca\u011f\u0131 ifade edildi. Ba\u015fkan Topuz hasad\u0131 yerinde takip etti\u2026 Ge\u00e7ti\u011fimiz aylarda ger\u00e7ekle\u015fen bu\u011fday ekimine kat\u0131l\u0131p kendi elleriyle tohumlar\u0131 toprakla bulu\u015fturan Milas Belediye Ba\u015fkan\u0131 Fevzi Topuz, karak\u0131l\u00e7\u0131k bu\u011fdaylar\u0131n\u0131n hasad\u0131na da kat\u0131larak \u00e7al\u0131\u015fmalar\u0131 yerinde takip etti. HASADIMIZ BEREKETL\u0130 OLSUN K\u00f6\u015fk Mahallesi\u2019nde ger\u00e7ekle\u015ftirilen hasatta konu\u015fan Milas Belediye Ba\u015fkan\u0131 Fevzi Topuz, \u201c17 bin m2 lik tarlam\u0131za Aral\u0131k ay\u0131nda yapt\u0131\u011f\u0131m\u0131z ekim neticesinde karak\u0131l\u00e7\u0131k bu\u011fday\u0131n\u0131n ekimini ger\u00e7ekle\u015ftirmi\u015ftik. \u015eimdi de hasad\u0131n\u0131 yap\u0131yoruz. \u0130n\u015fallah verimli bir \u00fcr\u00fcn al\u0131r\u0131z. Karak\u0131l\u00e7\u0131k bu\u011fday\u0131 ata tohumu olmas\u0131ndan dolay\u0131 korunmas\u0131 gereken bir \u00fcr\u00fcn. Bu \u00fcr\u00fcn\u00fc \u00f6n\u00fcm\u00fczdeki y\u0131llarda daha da geli\u015ftirerek daha geni\u015f alanlara ekerek \u00e7o\u011faltmay\u0131 ama\u00e7l\u0131yoruz. Elde etti\u011fimiz \u00fcr\u00fcnleri vatanda\u015flar\u0131m\u0131za da\u011f\u0131tarak onlar\u0131n da karak\u0131l\u00e7\u0131k bu\u011fdaydan istifade etmelerini sa\u011flayaca\u011f\u0131z. Bir k\u0131sm\u0131n\u0131 belediye olarak kendimiz ekiyoruz. Kalan k\u0131sm\u0131n\u0131 da vatanda\u015flar\u0131m\u0131za da\u011f\u0131taca\u011f\u0131z. Sosyal belediyecilik anlay\u0131\u015f\u0131 i\u00e7erisinde bu t\u00fcr \u00e7al\u0131\u015fmalar\u0131 yapmak durumunday\u0131z. K\u0131rsal &hellip;\" \/>\n<meta property=\"og:url\" content=\"https:\/\/denizcankizil.tr\/en\/haberler\/gundem\/mugla-milas-belediyesi-karakilcik-bugday-hasadi-gerceklestirdi\/\" \/>\n<meta property=\"og:site_name\" content=\"Av. Deniz Can K\u0131z\u0131l\" \/>\n<meta property=\"article:published_time\" content=\"2025-06-18T14:42:33+00:00\" \/>\n<meta name=\"author\" content=\"admin\" \/>\n<meta name=\"twitter:card\" content=\"summary_large_image\" \/>\n<meta name=\"twitter:label1\" content=\"Written by\" \/>\n\t<meta name=\"twitter:data1\" content=\"admin\" \/>\n\t<meta name=\"twitter:label2\" content=\"Estimated reading time\" \/>\n\t<meta name=\"twitter:data2\" content=\"4 minutes\" \/>\n<script type=\"application\/ld+json\" class=\"yoast-schema-graph\">{\"@context\":\"https:\/\/schema.org\",\"@graph\":[{\"@type\":\"Article\",\"@id\":\"https:\/\/denizcankizil.tr\/de\/haberler\/gundem\/mugla-milas-belediyesi-karakilcik-bugday-hasadi-gerceklestirdi\/#article\",\"isPartOf\":{\"@id\":\"https:\/\/denizcankizil.tr\/de\/haberler\/gundem\/mugla-milas-belediyesi-karakilcik-bugday-hasadi-gerceklestirdi\/\"},\"author\":{\"name\":\"admin\",\"@id\":\"https:\/\/denizcankizil.tr\/#\/schema\/person\/be3c05fe6a12686905512445d8185489\"},\"headline\":\"Mu\u011fla Milas Belediyesi karak\u0131l\u00e7\u0131k bu\u011fday hasad\u0131 ger\u00e7ekle\u015ftirdi\",\"datePublished\":\"2025-06-18T14:42:33+00:00\",\"mainEntityOfPage\":{\"@id\":\"https:\/\/denizcankizil.tr\/de\/haberler\/gundem\/mugla-milas-belediyesi-karakilcik-bugday-hasadi-gerceklestirdi\/\"},\"wordCount\":817,\"publisher\":{\"@id\":\"https:\/\/denizcankizil.tr\/#organization\"},\"articleSection\":[\"G\u00fcndem\"],\"inLanguage\":\"en-GB\"},{\"@type\":\"WebPage\",\"@id\":\"https:\/\/denizcankizil.tr\/de\/haberler\/gundem\/mugla-milas-belediyesi-karakilcik-bugday-hasadi-gerceklestirdi\/\",\"url\":\"https:\/\/denizcankizil.tr\/de\/haberler\/gundem\/mugla-milas-belediyesi-karakilcik-bugday-hasadi-gerceklestirdi\/\",\"name\":\"Mu\u011fla Milas Belediyesi karak\u0131l\u00e7\u0131k bu\u011fday hasad\u0131 ger\u00e7ekle\u015ftirdi - Av. Deniz Can K\u0131z\u0131l\",\"isPartOf\":{\"@id\":\"https:\/\/denizcankizil.tr\/#website\"},\"datePublished\":\"2025-06-18T14:42:33+00:00\",\"breadcrumb\":{\"@id\":\"https:\/\/denizcankizil.tr\/de\/haberler\/gundem\/mugla-milas-belediyesi-karakilcik-bugday-hasadi-gerceklestirdi\/#breadcrumb\"},\"inLanguage\":\"en-GB\",\"potentialAction\":[{\"@type\":\"ReadAction\",\"target\":[\"https:\/\/denizcankizil.tr\/de\/haberler\/gundem\/mugla-milas-belediyesi-karakilcik-bugday-hasadi-gerceklestirdi\/\"]}]},{\"@type\":\"BreadcrumbList\",\"@id\":\"https:\/\/denizcankizil.tr\/de\/haberler\/gundem\/mugla-milas-belediyesi-karakilcik-bugday-hasadi-gerceklestirdi\/#breadcrumb\",\"itemListElement\":[{\"@type\":\"ListItem\",\"position\":1,\"name\":\"Home\",\"item\":\"https:\/\/denizcankizil.tr\/de\/\"},{\"@type\":\"ListItem\",\"position\":2,\"name\":\"Mu\u011fla Milas Belediyesi karak\u0131l\u00e7\u0131k bu\u011fday hasad\u0131 ger\u00e7ekle\u015ftirdi\"}]},{\"@type\":\"WebSite\",\"@id\":\"https:\/\/denizcankizil.tr\/#website\",\"url\":\"https:\/\/denizcankizil.tr\/\",\"name\":\"Av. Deniz Can K\u0131z\u0131l\",\"description\":\"Avukat Deniz Can K\u0131z\u0131l Antalya Barosu\",\"publisher\":{\"@id\":\"https:\/\/denizcankizil.tr\/#organization\"},\"potentialAction\":[{\"@type\":\"SearchAction\",\"target\":{\"@type\":\"EntryPoint\",\"urlTemplate\":\"https:\/\/denizcankizil.tr\/?s={search_term_string}\"},\"query-input\":{\"@type\":\"PropertyValueSpecification\",\"valueRequired\":true,\"valueName\":\"search_term_string\"}}],\"inLanguage\":\"en-GB\"},{\"@type\":\"Organization\",\"@id\":\"https:\/\/denizcankizil.tr\/#organization\",\"name\":\"Av. Deniz Can K\u0131z\u0131l\",\"url\":\"https:\/\/denizcankizil.tr\/\",\"logo\":{\"@type\":\"ImageObject\",\"inLanguage\":\"en-GB\",\"@id\":\"https:\/\/denizcankizil.tr\/#\/schema\/logo\/image\/\",\"url\":\"https:\/\/denizcankizil.tr\/wp-content\/uploads\/2024\/10\/siyah-logo-svg.svg\",\"contentUrl\":\"https:\/\/denizcankizil.tr\/wp-content\/uploads\/2024\/10\/siyah-logo-svg.svg\",\"width\":1080,\"height\":1080,\"caption\":\"Av. Deniz Can K\u0131z\u0131l\"},\"image\":{\"@id\":\"https:\/\/denizcankizil.tr\/#\/schema\/logo\/image\/\"}},{\"@type\":\"Person\",\"@id\":\"https:\/\/denizcankizil.tr\/#\/schema\/person\/be3c05fe6a12686905512445d8185489\",\"name\":\"admin\",\"image\":{\"@type\":\"ImageObject\",\"inLanguage\":\"en-GB\",\"@id\":\"https:\/\/denizcankizil.tr\/#\/schema\/person\/image\/\",\"url\":\"https:\/\/secure.gravatar.com\/avatar\/c1fce94c830dc79107e174f890d7210541c4a63e8e5d816341794a2151c9d58c?s=96&d=mm&r=g\",\"contentUrl\":\"https:\/\/secure.gravatar.com\/avatar\/c1fce94c830dc79107e174f890d7210541c4a63e8e5d816341794a2151c9d58c?s=96&d=mm&r=g\",\"caption\":\"admin\"},\"sameAs\":[\"http:\/\/denizcankizil.tr\"],\"url\":\"https:\/\/www.iskenderun.org\/mugla-milas-belediyesi-karakilcik-bugday-hasadi-gerceklestirdi\"}]}<\/script>\n<!-- \/ Yoast SEO Premium plugin. -->","yoast_head_json":{"title":"Mu\u011fla Milas Belediyesi karak\u0131l\u00e7\u0131k bu\u011fday hasad\u0131 ger\u00e7ekle\u015ftirdi - Av. Deniz Can K\u0131z\u0131l","robots":{"index":"index","follow":"follow","max-snippet":"max-snippet:-1","max-image-preview":"max-image-preview:large","max-video-preview":"max-video-preview:-1"},"canonical":"https:\/\/denizcankizil.tr\/en\/haberler\/gundem\/mugla-milas-belediyesi-karakilcik-bugday-hasadi-gerceklestirdi\/","og_locale":"en_GB","og_type":"article","og_title":"Mu\u011fla Milas Belediyesi karak\u0131l\u00e7\u0131k bu\u011fday hasad\u0131 ger\u00e7ekle\u015ftirdi","og_description":"Milas Belediyesi s\u00fcrd\u00fcr\u00fclebilir k\u0131rsal kalk\u0131nma anlay\u0131\u015f\u0131yla \u00fcreticilere destek olacak \u00e7al\u0131\u015fmalara devam ediyor.\u00a0MU\u011eLA (\u0130GFA) &#8211; \u00dcreticilerin daima yan\u0131nda olan ve bu do\u011frultuda projeler hayata ge\u00e7iren Milas Belediyesi daha \u00f6nce ekimini yapt\u0131\u011f\u0131 karak\u0131l\u00e7\u0131k bu\u011fdaylar\u0131n\u0131n hasad\u0131n\u0131 ger\u00e7ekle\u015ftirdi.Tar\u0131msal Hizmetler M\u00fcd\u00fcrl\u00fc\u011f\u00fc taraf\u0131ndan m\u00fclkiyeti Milas Belediyesi\u2019ne ait K\u00f6\u015fk Mahallesi\u2019nde bulunan 17 bin m2 lik arazide ekimi yap\u0131lan ve olgunluk s\u00fcresini tamamlayan bu\u011fdaylar\u0131n hasad\u0131 yap\u0131ld\u0131. Hasad\u0131 yap\u0131lan \u00fcr\u00fcnlerin sonraki s\u00fcre\u00e7te tohumluk olarak vatanda\u015flara da\u011f\u0131t\u0131laca\u011f\u0131, hasattan kalan otlar\u0131n ise saman yap\u0131larak \u00fcreticilerle bulu\u015fturulaca\u011f\u0131 ifade edildi. Ba\u015fkan Topuz hasad\u0131 yerinde takip etti\u2026 Ge\u00e7ti\u011fimiz aylarda ger\u00e7ekle\u015fen bu\u011fday ekimine kat\u0131l\u0131p kendi elleriyle tohumlar\u0131 toprakla bulu\u015fturan Milas Belediye Ba\u015fkan\u0131 Fevzi Topuz, karak\u0131l\u00e7\u0131k bu\u011fdaylar\u0131n\u0131n hasad\u0131na da kat\u0131larak \u00e7al\u0131\u015fmalar\u0131 yerinde takip etti. HASADIMIZ BEREKETL\u0130 OLSUN K\u00f6\u015fk Mahallesi\u2019nde ger\u00e7ekle\u015ftirilen hasatta konu\u015fan Milas Belediye Ba\u015fkan\u0131 Fevzi Topuz, \u201c17 bin m2 lik tarlam\u0131za Aral\u0131k ay\u0131nda yapt\u0131\u011f\u0131m\u0131z ekim neticesinde karak\u0131l\u00e7\u0131k bu\u011fday\u0131n\u0131n ekimini ger\u00e7ekle\u015ftirmi\u015ftik. \u015eimdi de hasad\u0131n\u0131 yap\u0131yoruz. \u0130n\u015fallah verimli bir \u00fcr\u00fcn al\u0131r\u0131z. Karak\u0131l\u00e7\u0131k bu\u011fday\u0131 ata tohumu olmas\u0131ndan dolay\u0131 korunmas\u0131 gereken bir \u00fcr\u00fcn. Bu \u00fcr\u00fcn\u00fc \u00f6n\u00fcm\u00fczdeki y\u0131llarda daha da geli\u015ftirerek daha geni\u015f alanlara ekerek \u00e7o\u011faltmay\u0131 ama\u00e7l\u0131yoruz. Elde etti\u011fimiz \u00fcr\u00fcnleri vatanda\u015flar\u0131m\u0131za da\u011f\u0131tarak onlar\u0131n da karak\u0131l\u00e7\u0131k bu\u011fdaydan istifade etmelerini sa\u011flayaca\u011f\u0131z. Bir k\u0131sm\u0131n\u0131 belediye olarak kendimiz ekiyoruz. Kalan k\u0131sm\u0131n\u0131 da vatanda\u015flar\u0131m\u0131za da\u011f\u0131taca\u011f\u0131z. Sosyal belediyecilik anlay\u0131\u015f\u0131 i\u00e7erisinde bu t\u00fcr \u00e7al\u0131\u015fmalar\u0131 yapmak durumunday\u0131z. K\u0131rsal &hellip;","og_url":"https:\/\/denizcankizil.tr\/en\/haberler\/gundem\/mugla-milas-belediyesi-karakilcik-bugday-hasadi-gerceklestirdi\/","og_site_name":"Av. Deniz Can K\u0131z\u0131l","article_published_time":"2025-06-18T14:42:33+00:00","author":"admin","twitter_card":"summary_large_image","twitter_misc":{"Written by":"admin","Estimated reading time":"4 minutes"},"schema":{"@context":"https:\/\/schema.org","@graph":[{"@type":"Article","@id":"https:\/\/denizcankizil.tr\/de\/haberler\/gundem\/mugla-milas-belediyesi-karakilcik-bugday-hasadi-gerceklestirdi\/#article","isPartOf":{"@id":"https:\/\/denizcankizil.tr\/de\/haberler\/gundem\/mugla-milas-belediyesi-karakilcik-bugday-hasadi-gerceklestirdi\/"},"author":{"name":"admin","@id":"https:\/\/denizcankizil.tr\/#\/schema\/person\/be3c05fe6a12686905512445d8185489"},"headline":"Mu\u011fla Milas Belediyesi karak\u0131l\u00e7\u0131k bu\u011fday hasad\u0131 ger\u00e7ekle\u015ftirdi","datePublished":"2025-06-18T14:42:33+00:00","mainEntityOfPage":{"@id":"https:\/\/denizcankizil.tr\/de\/haberler\/gundem\/mugla-milas-belediyesi-karakilcik-bugday-hasadi-gerceklestirdi\/"},"wordCount":817,"publisher":{"@id":"https:\/\/denizcankizil.tr\/#organization"},"articleSection":["G\u00fcndem"],"inLanguage":"en-GB"},{"@type":"WebPage","@id":"https:\/\/denizcankizil.tr\/de\/haberler\/gundem\/mugla-milas-belediyesi-karakilcik-bugday-hasadi-gerceklestirdi\/","url":"https:\/\/denizcankizil.tr\/de\/haberler\/gundem\/mugla-milas-belediyesi-karakilcik-bugday-hasadi-gerceklestirdi\/","name":"Mu\u011fla Milas Belediyesi karak\u0131l\u00e7\u0131k bu\u011fday hasad\u0131 ger\u00e7ekle\u015ftirdi - Av. Deniz Can K\u0131z\u0131l","isPartOf":{"@id":"https:\/\/denizcankizil.tr\/#website"},"datePublished":"2025-06-18T14:42:33+00:00","breadcrumb":{"@id":"https:\/\/denizcankizil.tr\/de\/haberler\/gundem\/mugla-milas-belediyesi-karakilcik-bugday-hasadi-gerceklestirdi\/#breadcrumb"},"inLanguage":"en-GB","potentialAction":[{"@type":"ReadAction","target":["https:\/\/denizcankizil.tr\/de\/haberler\/gundem\/mugla-milas-belediyesi-karakilcik-bugday-hasadi-gerceklestirdi\/"]}]},{"@type":"BreadcrumbList","@id":"https:\/\/denizcankizil.tr\/de\/haberler\/gundem\/mugla-milas-belediyesi-karakilcik-bugday-hasadi-gerceklestirdi\/#breadcrumb","itemListElement":[{"@type":"ListItem","position":1,"name":"Home","item":"https:\/\/denizcankizil.tr\/de\/"},{"@type":"ListItem","position":2,"name":"Mu\u011fla Milas Belediyesi karak\u0131l\u00e7\u0131k bu\u011fday hasad\u0131 ger\u00e7ekle\u015ftirdi"}]},{"@type":"WebSite","@id":"https:\/\/denizcankizil.tr\/#website","url":"https:\/\/denizcankizil.tr\/","name":"Av. Deniz Can K\u0131z\u0131l","description":"Avukat Deniz Can K\u0131z\u0131l Antalya Barosu","publisher":{"@id":"https:\/\/denizcankizil.tr\/#organization"},"potentialAction":[{"@type":"SearchAction","target":{"@type":"EntryPoint","urlTemplate":"https:\/\/denizcankizil.tr\/?s={search_term_string}"},"query-input":{"@type":"PropertyValueSpecification","valueRequired":true,"valueName":"search_term_string"}}],"inLanguage":"en-GB"},{"@type":"Organization","@id":"https:\/\/denizcankizil.tr\/#organization","name":"Av. Deniz Can K\u0131z\u0131l","url":"https:\/\/denizcankizil.tr\/","logo":{"@type":"ImageObject","inLanguage":"en-GB","@id":"https:\/\/denizcankizil.tr\/#\/schema\/logo\/image\/","url":"https:\/\/denizcankizil.tr\/wp-content\/uploads\/2024\/10\/siyah-logo-svg.svg","contentUrl":"https:\/\/denizcankizil.tr\/wp-content\/uploads\/2024\/10\/siyah-logo-svg.svg","width":1080,"height":1080,"caption":"Av. Deniz Can K\u0131z\u0131l"},"image":{"@id":"https:\/\/denizcankizil.tr\/#\/schema\/logo\/image\/"}},{"@type":"Person","@id":"https:\/\/denizcankizil.tr\/#\/schema\/person\/be3c05fe6a12686905512445d8185489","name":"admin","image":{"@type":"ImageObject","inLanguage":"en-GB","@id":"https:\/\/denizcankizil.tr\/#\/schema\/person\/image\/","url":"https:\/\/secure.gravatar.com\/avatar\/c1fce94c830dc79107e174f890d7210541c4a63e8e5d816341794a2151c9d58c?s=96&d=mm&r=g","contentUrl":"https:\/\/secure.gravatar.com\/avatar\/c1fce94c830dc79107e174f890d7210541c4a63e8e5d816341794a2151c9d58c?s=96&d=mm&r=g","caption":"admin"},"sameAs":["http:\/\/denizcankizil.tr"],"url":"https:\/\/www.iskenderun.org\/mugla-milas-belediyesi-karakilcik-bugday-hasadi-gerceklestirdi"}]}},"_links":{"self":[{"href":"https:\/\/denizcankizil.tr\/en\/wp-json\/wp\/v2\/posts\/119519","targetHints":{"allow":["GET"]}}],"collection":[{"href":"https:\/\/denizcankizil.tr\/en\/wp-json\/wp\/v2\/posts"}],"about":[{"href":"https:\/\/denizcankizil.tr\/en\/wp-json\/wp\/v2\/types\/post"}],"author":[{"embeddable":true,"href":"https:\/\/denizcankizil.tr\/en\/wp-json\/wp\/v2\/users\/1"}],"replies":[{"embeddable":true,"href":"https:\/\/denizcankizil.tr\/en\/wp-json\/wp\/v2\/comments?post=119519"}],"version-history":[{"count":0,"href":"https:\/\/denizcankizil.tr\/en\/wp-json\/wp\/v2\/posts\/119519\/revisions"}],"wp:attachment":[{"href":"https:\/\/denizcankizil.tr\/en\/wp-json\/wp\/v2\/media?parent=119519"}],"wp:term":[{"taxonomy":"category","embeddable":true,"href":"https:\/\/denizcankizil.tr\/en\/wp-json\/wp\/v2\/categories?post=119519"},{"taxonomy":"post_tag","embeddable":true,"href":"https:\/\/denizcankizil.tr\/en\/wp-json\/wp\/v2\/tags?post=119519"}],"curies":[{"name":"wp","href":"https:\/\/api.w.org\/{rel}","templated":true}]}}