{"id":119248,"date":"2025-06-18T11:42:39","date_gmt":"2025-06-18T08:42:39","guid":{"rendered":"https:\/\/denizcankizil.tr\/uncategorized-tr\/210-bin-295-tasit-daha-trafige-eklendi-mayista-motosiklet-ve-otomobil-one-cikti\/"},"modified":"2025-06-18T11:42:39","modified_gmt":"2025-06-18T08:42:39","slug":"210-bin-295-tasit-daha-trafige-eklendi-mayista-motosiklet-ve-otomobil-one-cikti","status":"publish","type":"post","link":"https:\/\/denizcankizil.tr\/en\/haberler\/gundem\/210-bin-295-tasit-daha-trafige-eklendi-mayista-motosiklet-ve-otomobil-one-cikti\/","title":{"rendered":"210 bin 295 ta\u015f\u0131t daha trafi\u011fe eklendi&#8230; May\u0131s&#8217;ta motosiklet ve otomobil \u00f6ne \u00e7\u0131kt\u0131"},"content":{"rendered":"<p>T\u00fcrkiye \u0130statistik Kurumu (T\u00dc\u0130K) verilerine g\u00f6re, May\u0131s 2025\u2019te trafi\u011fe kayd\u0131 yap\u0131lan ta\u015f\u0131t say\u0131s\u0131 210 bin 295 adet oldu; motosikletler y\u00fczde 44,8, otomobiller y\u00fczde 41,4 pay ald\u0131. Trafi\u011fe kay\u0131tl\u0131 toplam ta\u015f\u0131t say\u0131s\u0131 May\u0131s ay\u0131 sonu itibar\u0131yla 32 milyon 182 bin 121&#8217;e ula\u015ft\u0131.ANKARA (\u0130GFA) &#8211; T\u00dc\u0130K\u2019in May\u0131s 2025 verilerine g\u00f6re, trafi\u011fe kayd\u0131 yap\u0131lan ta\u015f\u0131tlar\u0131n y\u00fczde 44,8\u2019i motosiklet, y\u00fczde 41,4\u2019\u00fc otomobil, y\u00fczde 8,5\u2019i kamyonet, y\u00fczde 2,6\u2019s\u0131 trakt\u00f6r, y\u00fczde 1,6\u2019s\u0131 kamyon, y\u00fczde 0,7\u2019si minib\u00fcs, y\u00fczde 0,3\u2019\u00fc otob\u00fcs ve y\u00fczde 0,1\u2019i \u00f6zel ama\u00e7l\u0131 ta\u015f\u0131tlardan olu\u015ftu.<br \/>\nBir \u00f6nceki aya g\u00f6re ta\u015f\u0131t kayd\u0131 y\u00fczde 9,5 artarken, motosiklette y\u00fczde 12,8, otomobilde y\u00fczde 8,4 art\u0131\u015f g\u00f6r\u00fcld\u00fc; \u00f6zel ama\u00e7l\u0131 ta\u015f\u0131tlarda y\u00fczde 28,8 d\u00fc\u015f\u00fc\u015f ya\u015fand\u0131.<br \/>\nGe\u00e7en y\u0131l\u0131n ayn\u0131 ay\u0131na g\u00f6re ise toplam kay\u0131t y\u00fczde 9,5 azald\u0131; minib\u00fcste y\u00fczde 18,7 art\u0131\u015f, \u00f6zel ama\u00e7l\u0131 ta\u015f\u0131tlarda y\u00fczde 50,5 d\u00fc\u015f\u00fc\u015f kaydedildi.<\/p>\n<p>May\u0131s sonu itibar\u0131yla trafikteki toplam ta\u015f\u0131t say\u0131s\u0131 32 milyon 182 bin 121\u2019e ula\u015ft\u0131. Otomobiller y\u00fczde 51,8, motosikletler y\u00fczde 20,4 pay ald\u0131.<br \/>\nAy i\u00e7inde 960 bin 640 ta\u015f\u0131t\u0131n devri yap\u0131ld\u0131; otomobiller devirde y\u00fczde 67,2 ile ba\u015f\u0131 \u00e7ekti.<br \/>\nMay\u0131 say\u0131nda 87 bin 106 otomobil kaydolurken; Renault y\u00fczde 9,8, Volkswagen y\u00fczde 7,7, Fiat y\u00fczde 7,2 pay ald\u0131. Ocak-May\u0131s d\u00f6neminde 900 bin 504 ta\u015f\u0131t\u0131n kaydoldu\u011fu \u00fclke genelinde bu say\u0131 ge\u00e7en y\u0131la g\u00f6re y\u00fczde 15,2 azald\u0131.<\/p>\n<p>Ayn\u0131 d\u00f6nemde otomobillerin y\u00fczde 47,3\u2019\u00fc benzin, y\u00fczde 28,1\u2019i hibrit, y\u00fczde 14,1\u2019i elektrikli yak\u0131tl\u0131 olurken y\u00fczde 31,3\u2019\u00fc 1300 cc ve alt\u0131 motor hacmine sahip oldu\u011fu g\u00f6zlendi.<br \/>\nBu arada otomobillerin renk terchilerinde ise y\u00fczde 40,4 ile gri rengin ilk s\u0131ray\u0131 koruyor.  Renk tercihlerinde y\u00fczde 25,1&#8217;i beyaz, y\u00fczde 12,7&#8217;si siyah, y\u00fczde 11,7&#8217;si mavi, y\u00fczde 4,6&#8217;s\u0131 ye\u015fil, y\u00fczde 4,0&#8217;\u0131 k\u0131rm\u0131z\u0131, y\u00fczde 0,6&#8217;s\u0131 kahverengi, y\u00fczde 0,5&#8217;i sar\u0131, y\u00fczde 0,3&#8217;\u00fc turuncu ve y\u00fczde 0,1&#8217;i di\u011fer renkleri tercih etti\u011fi ortaya \u00e7\u0131kt\u0131.<\/p>\n<p>\u200bT\u00fcrkiye \u0130statistik Kurumu (T\u00dc\u0130K) verilerine g\u00f6re, May\u0131s 2025\u2019te trafi\u011fe kayd\u0131 yap\u0131lan ta\u015f\u0131t say\u0131s\u0131 210 bin 295 adet oldu; motosikletler y\u00fczde 44,8, otomobiller y\u00fczde 41,4 pay ald\u0131. Trafi\u011fe kay\u0131tl\u0131 toplam ta\u015f\u0131t say\u0131s\u0131 May\u0131s ay\u0131 sonu itibar\u0131yla 32 milyon 182 bin 121&#8217;e ula\u015ft\u0131.ANKARA (\u0130GFA) &#8211; T\u00dc\u0130K\u2019in May\u0131s 2025 verilerine g\u00f6re, trafi\u011fe kayd\u0131 yap\u0131lan ta\u015f\u0131tlar\u0131n y\u00fczde 44,8\u2019i motosiklet, y\u00fczde 41,4\u2019\u00fc otomobil, y\u00fczde 8,5\u2019i kamyonet, y\u00fczde 2,6\u2019s\u0131 trakt\u00f6r, y\u00fczde 1,6\u2019s\u0131 kamyon, y\u00fczde 0,7\u2019si minib\u00fcs, y\u00fczde 0,3\u2019\u00fc otob\u00fcs ve y\u00fczde 0,1\u2019i \u00f6zel ama\u00e7l\u0131 ta\u015f\u0131tlardan olu\u015ftu.<br \/>\nBir \u00f6nceki aya g\u00f6re ta\u015f\u0131t kayd\u0131 y\u00fczde 9,5 artarken, motosiklette y\u00fczde 12,8, otomobilde y\u00fczde 8,4 art\u0131\u015f g\u00f6r\u00fcld\u00fc; \u00f6zel ama\u00e7l\u0131 ta\u015f\u0131tlarda y\u00fczde 28,8 d\u00fc\u015f\u00fc\u015f ya\u015fand\u0131.<br \/>\nGe\u00e7en y\u0131l\u0131n ayn\u0131 ay\u0131na g\u00f6re ise toplam kay\u0131t y\u00fczde 9,5 azald\u0131; minib\u00fcste y\u00fczde 18,7 art\u0131\u015f, \u00f6zel ama\u00e7l\u0131 ta\u015f\u0131tlarda y\u00fczde 50,5 d\u00fc\u015f\u00fc\u015f kaydedildi.<\/p>\n<p>May\u0131s sonu itibar\u0131yla trafikteki toplam ta\u015f\u0131t say\u0131s\u0131 32 milyon 182 bin 121\u2019e ula\u015ft\u0131. Otomobiller y\u00fczde 51,8, motosikletler y\u00fczde 20,4 pay ald\u0131.<br \/>\nAy i\u00e7inde 960 bin 640 ta\u015f\u0131t\u0131n devri yap\u0131ld\u0131; otomobiller devirde y\u00fczde 67,2 ile ba\u015f\u0131 \u00e7ekti.<br \/>\nMay\u0131 say\u0131nda 87 bin 106 otomobil kaydolurken; Renault y\u00fczde 9,8, Volkswagen y\u00fczde 7,7, Fiat y\u00fczde 7,2 pay ald\u0131. Ocak-May\u0131s d\u00f6neminde 900 bin 504 ta\u015f\u0131t\u0131n kaydoldu\u011fu \u00fclke genelinde bu say\u0131 ge\u00e7en y\u0131la g\u00f6re y\u00fczde 15,2 azald\u0131.<\/p>\n<p>Ayn\u0131 d\u00f6nemde otomobillerin y\u00fczde 47,3\u2019\u00fc benzin, y\u00fczde 28,1\u2019i hibrit, y\u00fczde 14,1\u2019i elektrikli yak\u0131tl\u0131 olurken y\u00fczde 31,3\u2019\u00fc 1300 cc ve alt\u0131 motor hacmine sahip oldu\u011fu g\u00f6zlendi.<br \/>\nBu arada otomobillerin renk terchilerinde ise y\u00fczde 40,4 ile gri rengin ilk s\u0131ray\u0131 koruyor.  Renk tercihlerinde y\u00fczde 25,1&#8217;i beyaz, y\u00fczde 12,7&#8217;si siyah, y\u00fczde 11,7&#8217;si mavi, y\u00fczde 4,6&#8217;s\u0131 ye\u015fil, y\u00fczde 4,0&#8217;\u0131 k\u0131rm\u0131z\u0131, y\u00fczde 0,6&#8217;s\u0131 kahverengi, y\u00fczde 0,5&#8217;i sar\u0131, y\u00fczde 0,3&#8217;\u00fc turuncu ve y\u00fczde 0,1&#8217;i di\u011fer renkleri tercih etti\u011fi ortaya \u00e7\u0131kt\u0131.\u00a0<\/p>\n<p>\u200bHaberin Al\u0131nt\u0131land\u0131\u011f\u0131 Kaynak: www.iskenderun.org<\/p>","protected":false},"excerpt":{"rendered":"<p>T\u00fcrkiye \u0130statistik Kurumu (T\u00dc\u0130K) verilerine g\u00f6re, May\u0131s 2025\u2019te trafi\u011fe kayd\u0131 yap\u0131lan ta\u015f\u0131t say\u0131s\u0131 210 bin 295 adet oldu; motosikletler y\u00fczde 44,8, otomobiller y\u00fczde 41,4 pay ald\u0131. Trafi\u011fe kay\u0131tl\u0131 toplam ta\u015f\u0131t say\u0131s\u0131 May\u0131s ay\u0131 sonu itibar\u0131yla 32 milyon 182 bin 121&#8217;e ula\u015ft\u0131.ANKARA (\u0130GFA) &#8211; T\u00dc\u0130K\u2019in May\u0131s 2025 verilerine g\u00f6re, trafi\u011fe kayd\u0131 yap\u0131lan ta\u015f\u0131tlar\u0131n y\u00fczde 44,8\u2019i motosiklet, y\u00fczde 41,4\u2019\u00fc otomobil, y\u00fczde 8,5\u2019i kamyonet, y\u00fczde 2,6\u2019s\u0131 trakt\u00f6r, y\u00fczde 1,6\u2019s\u0131 kamyon, y\u00fczde 0,7\u2019si minib\u00fcs, y\u00fczde 0,3\u2019\u00fc otob\u00fcs ve y\u00fczde 0,1\u2019i \u00f6zel ama\u00e7l\u0131 ta\u015f\u0131tlardan olu\u015ftu. Bir \u00f6nceki aya g\u00f6re ta\u015f\u0131t kayd\u0131 y\u00fczde 9,5 artarken, motosiklette y\u00fczde 12,8, otomobilde y\u00fczde 8,4 art\u0131\u015f g\u00f6r\u00fcld\u00fc; \u00f6zel ama\u00e7l\u0131 ta\u015f\u0131tlarda y\u00fczde 28,8 d\u00fc\u015f\u00fc\u015f ya\u015fand\u0131. Ge\u00e7en y\u0131l\u0131n ayn\u0131 ay\u0131na g\u00f6re ise toplam kay\u0131t y\u00fczde 9,5 azald\u0131; minib\u00fcste y\u00fczde 18,7 art\u0131\u015f, \u00f6zel ama\u00e7l\u0131 ta\u015f\u0131tlarda y\u00fczde 50,5 d\u00fc\u015f\u00fc\u015f kaydedildi. May\u0131s sonu itibar\u0131yla trafikteki toplam ta\u015f\u0131t say\u0131s\u0131 32 milyon 182 bin 121\u2019e ula\u015ft\u0131. Otomobiller y\u00fczde 51,8, motosikletler y\u00fczde 20,4 pay ald\u0131. Ay i\u00e7inde 960 bin 640 ta\u015f\u0131t\u0131n devri yap\u0131ld\u0131; otomobiller devirde y\u00fczde 67,2 ile ba\u015f\u0131 \u00e7ekti. May\u0131 say\u0131nda 87 bin 106 otomobil kaydolurken; Renault y\u00fczde 9,8, Volkswagen y\u00fczde 7,7, Fiat y\u00fczde 7,2 pay ald\u0131. Ocak-May\u0131s d\u00f6neminde 900 bin 504 ta\u015f\u0131t\u0131n kaydoldu\u011fu \u00fclke genelinde bu say\u0131 ge\u00e7en y\u0131la g\u00f6re y\u00fczde 15,2 azald\u0131. Ayn\u0131 d\u00f6nemde otomobillerin &hellip;<\/p>","protected":false},"author":1,"featured_media":0,"comment_status":"","ping_status":"open","sticky":false,"template":"","format":"standard","meta":{"_acf_changed":false,"footnotes":""},"categories":[24],"tags":[],"class_list":["post-119248","post","type-post","status-publish","format-standard","has-post-thumbnail","hentry","category-gundem"],"acf":[],"yoast_head":"<!-- This site is optimized with the Yoast SEO Premium plugin v26.6 (Yoast SEO v27.1.1) - https:\/\/yoast.com\/product\/yoast-seo-premium-wordpress\/ -->\n<title>210 bin 295 ta\u015f\u0131t daha trafi\u011fe eklendi... May\u0131s&#039;ta motosiklet ve otomobil \u00f6ne \u00e7\u0131kt\u0131 - Av. Deniz Can K\u0131z\u0131l<\/title>\n<meta name=\"robots\" content=\"index, follow, max-snippet:-1, max-image-preview:large, max-video-preview:-1\" \/>\n<link rel=\"canonical\" href=\"https:\/\/denizcankizil.tr\/en\/haberler\/gundem\/210-bin-295-tasit-daha-trafige-eklendi-mayista-motosiklet-ve-otomobil-one-cikti\/\" \/>\n<meta property=\"og:locale\" content=\"en_GB\" \/>\n<meta property=\"og:type\" content=\"article\" \/>\n<meta property=\"og:title\" content=\"210 bin 295 ta\u015f\u0131t daha trafi\u011fe eklendi... May\u0131s&#039;ta motosiklet ve otomobil \u00f6ne \u00e7\u0131kt\u0131\" \/>\n<meta property=\"og:description\" content=\"T\u00fcrkiye \u0130statistik Kurumu (T\u00dc\u0130K) verilerine g\u00f6re, May\u0131s 2025\u2019te trafi\u011fe kayd\u0131 yap\u0131lan ta\u015f\u0131t say\u0131s\u0131 210 bin 295 adet oldu; motosikletler y\u00fczde 44,8, otomobiller y\u00fczde 41,4 pay ald\u0131. Trafi\u011fe kay\u0131tl\u0131 toplam ta\u015f\u0131t say\u0131s\u0131 May\u0131s ay\u0131 sonu itibar\u0131yla 32 milyon 182 bin 121&#8217;e ula\u015ft\u0131.ANKARA (\u0130GFA) &#8211; T\u00dc\u0130K\u2019in May\u0131s 2025 verilerine g\u00f6re, trafi\u011fe kayd\u0131 yap\u0131lan ta\u015f\u0131tlar\u0131n y\u00fczde 44,8\u2019i motosiklet, y\u00fczde 41,4\u2019\u00fc otomobil, y\u00fczde 8,5\u2019i kamyonet, y\u00fczde 2,6\u2019s\u0131 trakt\u00f6r, y\u00fczde 1,6\u2019s\u0131 kamyon, y\u00fczde 0,7\u2019si minib\u00fcs, y\u00fczde 0,3\u2019\u00fc otob\u00fcs ve y\u00fczde 0,1\u2019i \u00f6zel ama\u00e7l\u0131 ta\u015f\u0131tlardan olu\u015ftu. Bir \u00f6nceki aya g\u00f6re ta\u015f\u0131t kayd\u0131 y\u00fczde 9,5 artarken, motosiklette y\u00fczde 12,8, otomobilde y\u00fczde 8,4 art\u0131\u015f g\u00f6r\u00fcld\u00fc; \u00f6zel ama\u00e7l\u0131 ta\u015f\u0131tlarda y\u00fczde 28,8 d\u00fc\u015f\u00fc\u015f ya\u015fand\u0131. Ge\u00e7en y\u0131l\u0131n ayn\u0131 ay\u0131na g\u00f6re ise toplam kay\u0131t y\u00fczde 9,5 azald\u0131; minib\u00fcste y\u00fczde 18,7 art\u0131\u015f, \u00f6zel ama\u00e7l\u0131 ta\u015f\u0131tlarda y\u00fczde 50,5 d\u00fc\u015f\u00fc\u015f kaydedildi. May\u0131s sonu itibar\u0131yla trafikteki toplam ta\u015f\u0131t say\u0131s\u0131 32 milyon 182 bin 121\u2019e ula\u015ft\u0131. Otomobiller y\u00fczde 51,8, motosikletler y\u00fczde 20,4 pay ald\u0131. Ay i\u00e7inde 960 bin 640 ta\u015f\u0131t\u0131n devri yap\u0131ld\u0131; otomobiller devirde y\u00fczde 67,2 ile ba\u015f\u0131 \u00e7ekti. May\u0131 say\u0131nda 87 bin 106 otomobil kaydolurken; Renault y\u00fczde 9,8, Volkswagen y\u00fczde 7,7, Fiat y\u00fczde 7,2 pay ald\u0131. Ocak-May\u0131s d\u00f6neminde 900 bin 504 ta\u015f\u0131t\u0131n kaydoldu\u011fu \u00fclke genelinde bu say\u0131 ge\u00e7en y\u0131la g\u00f6re y\u00fczde 15,2 azald\u0131. Ayn\u0131 d\u00f6nemde otomobillerin &hellip;\" \/>\n<meta property=\"og:url\" content=\"https:\/\/denizcankizil.tr\/en\/haberler\/gundem\/210-bin-295-tasit-daha-trafige-eklendi-mayista-motosiklet-ve-otomobil-one-cikti\/\" \/>\n<meta property=\"og:site_name\" content=\"Av. Deniz Can K\u0131z\u0131l\" \/>\n<meta property=\"article:published_time\" content=\"2025-06-18T08:42:39+00:00\" \/>\n<meta name=\"author\" content=\"admin\" \/>\n<meta name=\"twitter:card\" content=\"summary_large_image\" \/>\n<meta name=\"twitter:label1\" content=\"Written by\" \/>\n\t<meta name=\"twitter:data1\" content=\"admin\" \/>\n\t<meta name=\"twitter:label2\" content=\"Estimated reading time\" \/>\n\t<meta name=\"twitter:data2\" content=\"4 minutes\" \/>\n<script type=\"application\/ld+json\" class=\"yoast-schema-graph\">{\"@context\":\"https:\/\/schema.org\",\"@graph\":[{\"@type\":\"Article\",\"@id\":\"https:\/\/denizcankizil.tr\/en\/haberler\/gundem\/210-bin-295-tasit-daha-trafige-eklendi-mayista-motosiklet-ve-otomobil-one-cikti\/#article\",\"isPartOf\":{\"@id\":\"https:\/\/denizcankizil.tr\/en\/haberler\/gundem\/210-bin-295-tasit-daha-trafige-eklendi-mayista-motosiklet-ve-otomobil-one-cikti\/\"},\"author\":{\"name\":\"admin\",\"@id\":\"https:\/\/denizcankizil.tr\/#\/schema\/person\/be3c05fe6a12686905512445d8185489\"},\"headline\":\"210 bin 295 ta\u015f\u0131t daha trafi\u011fe eklendi&#8230; May\u0131s&#8217;ta motosiklet ve otomobil \u00f6ne \u00e7\u0131kt\u0131\",\"datePublished\":\"2025-06-18T08:42:39+00:00\",\"mainEntityOfPage\":{\"@id\":\"https:\/\/denizcankizil.tr\/en\/haberler\/gundem\/210-bin-295-tasit-daha-trafige-eklendi-mayista-motosiklet-ve-otomobil-one-cikti\/\"},\"wordCount\":715,\"publisher\":{\"@id\":\"https:\/\/denizcankizil.tr\/#organization\"},\"articleSection\":[\"G\u00fcndem\"],\"inLanguage\":\"en-GB\"},{\"@type\":\"WebPage\",\"@id\":\"https:\/\/denizcankizil.tr\/en\/haberler\/gundem\/210-bin-295-tasit-daha-trafige-eklendi-mayista-motosiklet-ve-otomobil-one-cikti\/\",\"url\":\"https:\/\/denizcankizil.tr\/en\/haberler\/gundem\/210-bin-295-tasit-daha-trafige-eklendi-mayista-motosiklet-ve-otomobil-one-cikti\/\",\"name\":\"210 bin 295 ta\u015f\u0131t daha trafi\u011fe eklendi... May\u0131s'ta motosiklet ve otomobil \u00f6ne \u00e7\u0131kt\u0131 - Av. Deniz Can K\u0131z\u0131l\",\"isPartOf\":{\"@id\":\"https:\/\/denizcankizil.tr\/#website\"},\"datePublished\":\"2025-06-18T08:42:39+00:00\",\"breadcrumb\":{\"@id\":\"https:\/\/denizcankizil.tr\/en\/haberler\/gundem\/210-bin-295-tasit-daha-trafige-eklendi-mayista-motosiklet-ve-otomobil-one-cikti\/#breadcrumb\"},\"inLanguage\":\"en-GB\",\"potentialAction\":[{\"@type\":\"ReadAction\",\"target\":[\"https:\/\/denizcankizil.tr\/en\/haberler\/gundem\/210-bin-295-tasit-daha-trafige-eklendi-mayista-motosiklet-ve-otomobil-one-cikti\/\"]}]},{\"@type\":\"BreadcrumbList\",\"@id\":\"https:\/\/denizcankizil.tr\/en\/haberler\/gundem\/210-bin-295-tasit-daha-trafige-eklendi-mayista-motosiklet-ve-otomobil-one-cikti\/#breadcrumb\",\"itemListElement\":[{\"@type\":\"ListItem\",\"position\":1,\"name\":\"Home\",\"item\":\"https:\/\/denizcankizil.tr\/uk\/\"},{\"@type\":\"ListItem\",\"position\":2,\"name\":\"210 bin 295 ta\u015f\u0131t daha trafi\u011fe eklendi&#8230; May\u0131s&#8217;ta motosiklet ve otomobil \u00f6ne \u00e7\u0131kt\u0131\"}]},{\"@type\":\"WebSite\",\"@id\":\"https:\/\/denizcankizil.tr\/#website\",\"url\":\"https:\/\/denizcankizil.tr\/\",\"name\":\"Av. Deniz Can K\u0131z\u0131l\",\"description\":\"Avukat Deniz Can K\u0131z\u0131l Antalya Barosu\",\"publisher\":{\"@id\":\"https:\/\/denizcankizil.tr\/#organization\"},\"potentialAction\":[{\"@type\":\"SearchAction\",\"target\":{\"@type\":\"EntryPoint\",\"urlTemplate\":\"https:\/\/denizcankizil.tr\/?s={search_term_string}\"},\"query-input\":{\"@type\":\"PropertyValueSpecification\",\"valueRequired\":true,\"valueName\":\"search_term_string\"}}],\"inLanguage\":\"en-GB\"},{\"@type\":\"Organization\",\"@id\":\"https:\/\/denizcankizil.tr\/#organization\",\"name\":\"Av. Deniz Can K\u0131z\u0131l\",\"url\":\"https:\/\/denizcankizil.tr\/\",\"logo\":{\"@type\":\"ImageObject\",\"inLanguage\":\"en-GB\",\"@id\":\"https:\/\/denizcankizil.tr\/#\/schema\/logo\/image\/\",\"url\":\"https:\/\/denizcankizil.tr\/wp-content\/uploads\/2024\/10\/siyah-logo-svg.svg\",\"contentUrl\":\"https:\/\/denizcankizil.tr\/wp-content\/uploads\/2024\/10\/siyah-logo-svg.svg\",\"width\":1080,\"height\":1080,\"caption\":\"Av. Deniz Can K\u0131z\u0131l\"},\"image\":{\"@id\":\"https:\/\/denizcankizil.tr\/#\/schema\/logo\/image\/\"}},{\"@type\":\"Person\",\"@id\":\"https:\/\/denizcankizil.tr\/#\/schema\/person\/be3c05fe6a12686905512445d8185489\",\"name\":\"admin\",\"image\":{\"@type\":\"ImageObject\",\"inLanguage\":\"en-GB\",\"@id\":\"https:\/\/denizcankizil.tr\/#\/schema\/person\/image\/\",\"url\":\"https:\/\/secure.gravatar.com\/avatar\/c1fce94c830dc79107e174f890d7210541c4a63e8e5d816341794a2151c9d58c?s=96&d=mm&r=g\",\"contentUrl\":\"https:\/\/secure.gravatar.com\/avatar\/c1fce94c830dc79107e174f890d7210541c4a63e8e5d816341794a2151c9d58c?s=96&d=mm&r=g\",\"caption\":\"admin\"},\"sameAs\":[\"http:\/\/denizcankizil.tr\"],\"url\":\"https:\/\/www.iskenderun.org\/210-bin-295-tasit-daha-trafige-eklendi-mayista-motosiklet-ve-otomobil-one-cikti\"}]}<\/script>\n<!-- \/ Yoast SEO Premium plugin. -->","yoast_head_json":{"title":"210 bin 295 ta\u015f\u0131t daha trafi\u011fe eklendi... May\u0131s'ta motosiklet ve otomobil \u00f6ne \u00e7\u0131kt\u0131 - Av. Deniz Can K\u0131z\u0131l","robots":{"index":"index","follow":"follow","max-snippet":"max-snippet:-1","max-image-preview":"max-image-preview:large","max-video-preview":"max-video-preview:-1"},"canonical":"https:\/\/denizcankizil.tr\/en\/haberler\/gundem\/210-bin-295-tasit-daha-trafige-eklendi-mayista-motosiklet-ve-otomobil-one-cikti\/","og_locale":"en_GB","og_type":"article","og_title":"210 bin 295 ta\u015f\u0131t daha trafi\u011fe eklendi... May\u0131s'ta motosiklet ve otomobil \u00f6ne \u00e7\u0131kt\u0131","og_description":"T\u00fcrkiye \u0130statistik Kurumu (T\u00dc\u0130K) verilerine g\u00f6re, May\u0131s 2025\u2019te trafi\u011fe kayd\u0131 yap\u0131lan ta\u015f\u0131t say\u0131s\u0131 210 bin 295 adet oldu; motosikletler y\u00fczde 44,8, otomobiller y\u00fczde 41,4 pay ald\u0131. Trafi\u011fe kay\u0131tl\u0131 toplam ta\u015f\u0131t say\u0131s\u0131 May\u0131s ay\u0131 sonu itibar\u0131yla 32 milyon 182 bin 121&#8217;e ula\u015ft\u0131.ANKARA (\u0130GFA) &#8211; T\u00dc\u0130K\u2019in May\u0131s 2025 verilerine g\u00f6re, trafi\u011fe kayd\u0131 yap\u0131lan ta\u015f\u0131tlar\u0131n y\u00fczde 44,8\u2019i motosiklet, y\u00fczde 41,4\u2019\u00fc otomobil, y\u00fczde 8,5\u2019i kamyonet, y\u00fczde 2,6\u2019s\u0131 trakt\u00f6r, y\u00fczde 1,6\u2019s\u0131 kamyon, y\u00fczde 0,7\u2019si minib\u00fcs, y\u00fczde 0,3\u2019\u00fc otob\u00fcs ve y\u00fczde 0,1\u2019i \u00f6zel ama\u00e7l\u0131 ta\u015f\u0131tlardan olu\u015ftu. Bir \u00f6nceki aya g\u00f6re ta\u015f\u0131t kayd\u0131 y\u00fczde 9,5 artarken, motosiklette y\u00fczde 12,8, otomobilde y\u00fczde 8,4 art\u0131\u015f g\u00f6r\u00fcld\u00fc; \u00f6zel ama\u00e7l\u0131 ta\u015f\u0131tlarda y\u00fczde 28,8 d\u00fc\u015f\u00fc\u015f ya\u015fand\u0131. Ge\u00e7en y\u0131l\u0131n ayn\u0131 ay\u0131na g\u00f6re ise toplam kay\u0131t y\u00fczde 9,5 azald\u0131; minib\u00fcste y\u00fczde 18,7 art\u0131\u015f, \u00f6zel ama\u00e7l\u0131 ta\u015f\u0131tlarda y\u00fczde 50,5 d\u00fc\u015f\u00fc\u015f kaydedildi. May\u0131s sonu itibar\u0131yla trafikteki toplam ta\u015f\u0131t say\u0131s\u0131 32 milyon 182 bin 121\u2019e ula\u015ft\u0131. Otomobiller y\u00fczde 51,8, motosikletler y\u00fczde 20,4 pay ald\u0131. Ay i\u00e7inde 960 bin 640 ta\u015f\u0131t\u0131n devri yap\u0131ld\u0131; otomobiller devirde y\u00fczde 67,2 ile ba\u015f\u0131 \u00e7ekti. May\u0131 say\u0131nda 87 bin 106 otomobil kaydolurken; Renault y\u00fczde 9,8, Volkswagen y\u00fczde 7,7, Fiat y\u00fczde 7,2 pay ald\u0131. Ocak-May\u0131s d\u00f6neminde 900 bin 504 ta\u015f\u0131t\u0131n kaydoldu\u011fu \u00fclke genelinde bu say\u0131 ge\u00e7en y\u0131la g\u00f6re y\u00fczde 15,2 azald\u0131. Ayn\u0131 d\u00f6nemde otomobillerin &hellip;","og_url":"https:\/\/denizcankizil.tr\/en\/haberler\/gundem\/210-bin-295-tasit-daha-trafige-eklendi-mayista-motosiklet-ve-otomobil-one-cikti\/","og_site_name":"Av. Deniz Can K\u0131z\u0131l","article_published_time":"2025-06-18T08:42:39+00:00","author":"admin","twitter_card":"summary_large_image","twitter_misc":{"Written by":"admin","Estimated reading time":"4 minutes"},"schema":{"@context":"https:\/\/schema.org","@graph":[{"@type":"Article","@id":"https:\/\/denizcankizil.tr\/en\/haberler\/gundem\/210-bin-295-tasit-daha-trafige-eklendi-mayista-motosiklet-ve-otomobil-one-cikti\/#article","isPartOf":{"@id":"https:\/\/denizcankizil.tr\/en\/haberler\/gundem\/210-bin-295-tasit-daha-trafige-eklendi-mayista-motosiklet-ve-otomobil-one-cikti\/"},"author":{"name":"admin","@id":"https:\/\/denizcankizil.tr\/#\/schema\/person\/be3c05fe6a12686905512445d8185489"},"headline":"210 bin 295 ta\u015f\u0131t daha trafi\u011fe eklendi&#8230; May\u0131s&#8217;ta motosiklet ve otomobil \u00f6ne \u00e7\u0131kt\u0131","datePublished":"2025-06-18T08:42:39+00:00","mainEntityOfPage":{"@id":"https:\/\/denizcankizil.tr\/en\/haberler\/gundem\/210-bin-295-tasit-daha-trafige-eklendi-mayista-motosiklet-ve-otomobil-one-cikti\/"},"wordCount":715,"publisher":{"@id":"https:\/\/denizcankizil.tr\/#organization"},"articleSection":["G\u00fcndem"],"inLanguage":"en-GB"},{"@type":"WebPage","@id":"https:\/\/denizcankizil.tr\/en\/haberler\/gundem\/210-bin-295-tasit-daha-trafige-eklendi-mayista-motosiklet-ve-otomobil-one-cikti\/","url":"https:\/\/denizcankizil.tr\/en\/haberler\/gundem\/210-bin-295-tasit-daha-trafige-eklendi-mayista-motosiklet-ve-otomobil-one-cikti\/","name":"210 bin 295 ta\u015f\u0131t daha trafi\u011fe eklendi... May\u0131s'ta motosiklet ve otomobil \u00f6ne \u00e7\u0131kt\u0131 - Av. Deniz Can K\u0131z\u0131l","isPartOf":{"@id":"https:\/\/denizcankizil.tr\/#website"},"datePublished":"2025-06-18T08:42:39+00:00","breadcrumb":{"@id":"https:\/\/denizcankizil.tr\/en\/haberler\/gundem\/210-bin-295-tasit-daha-trafige-eklendi-mayista-motosiklet-ve-otomobil-one-cikti\/#breadcrumb"},"inLanguage":"en-GB","potentialAction":[{"@type":"ReadAction","target":["https:\/\/denizcankizil.tr\/en\/haberler\/gundem\/210-bin-295-tasit-daha-trafige-eklendi-mayista-motosiklet-ve-otomobil-one-cikti\/"]}]},{"@type":"BreadcrumbList","@id":"https:\/\/denizcankizil.tr\/en\/haberler\/gundem\/210-bin-295-tasit-daha-trafige-eklendi-mayista-motosiklet-ve-otomobil-one-cikti\/#breadcrumb","itemListElement":[{"@type":"ListItem","position":1,"name":"Home","item":"https:\/\/denizcankizil.tr\/uk\/"},{"@type":"ListItem","position":2,"name":"210 bin 295 ta\u015f\u0131t daha trafi\u011fe eklendi&#8230; May\u0131s&#8217;ta motosiklet ve otomobil \u00f6ne \u00e7\u0131kt\u0131"}]},{"@type":"WebSite","@id":"https:\/\/denizcankizil.tr\/#website","url":"https:\/\/denizcankizil.tr\/","name":"Av. Deniz Can K\u0131z\u0131l","description":"Avukat Deniz Can K\u0131z\u0131l Antalya Barosu","publisher":{"@id":"https:\/\/denizcankizil.tr\/#organization"},"potentialAction":[{"@type":"SearchAction","target":{"@type":"EntryPoint","urlTemplate":"https:\/\/denizcankizil.tr\/?s={search_term_string}"},"query-input":{"@type":"PropertyValueSpecification","valueRequired":true,"valueName":"search_term_string"}}],"inLanguage":"en-GB"},{"@type":"Organization","@id":"https:\/\/denizcankizil.tr\/#organization","name":"Av. Deniz Can K\u0131z\u0131l","url":"https:\/\/denizcankizil.tr\/","logo":{"@type":"ImageObject","inLanguage":"en-GB","@id":"https:\/\/denizcankizil.tr\/#\/schema\/logo\/image\/","url":"https:\/\/denizcankizil.tr\/wp-content\/uploads\/2024\/10\/siyah-logo-svg.svg","contentUrl":"https:\/\/denizcankizil.tr\/wp-content\/uploads\/2024\/10\/siyah-logo-svg.svg","width":1080,"height":1080,"caption":"Av. Deniz Can K\u0131z\u0131l"},"image":{"@id":"https:\/\/denizcankizil.tr\/#\/schema\/logo\/image\/"}},{"@type":"Person","@id":"https:\/\/denizcankizil.tr\/#\/schema\/person\/be3c05fe6a12686905512445d8185489","name":"admin","image":{"@type":"ImageObject","inLanguage":"en-GB","@id":"https:\/\/denizcankizil.tr\/#\/schema\/person\/image\/","url":"https:\/\/secure.gravatar.com\/avatar\/c1fce94c830dc79107e174f890d7210541c4a63e8e5d816341794a2151c9d58c?s=96&d=mm&r=g","contentUrl":"https:\/\/secure.gravatar.com\/avatar\/c1fce94c830dc79107e174f890d7210541c4a63e8e5d816341794a2151c9d58c?s=96&d=mm&r=g","caption":"admin"},"sameAs":["http:\/\/denizcankizil.tr"],"url":"https:\/\/www.iskenderun.org\/210-bin-295-tasit-daha-trafige-eklendi-mayista-motosiklet-ve-otomobil-one-cikti"}]}},"_links":{"self":[{"href":"https:\/\/denizcankizil.tr\/en\/wp-json\/wp\/v2\/posts\/119248","targetHints":{"allow":["GET"]}}],"collection":[{"href":"https:\/\/denizcankizil.tr\/en\/wp-json\/wp\/v2\/posts"}],"about":[{"href":"https:\/\/denizcankizil.tr\/en\/wp-json\/wp\/v2\/types\/post"}],"author":[{"embeddable":true,"href":"https:\/\/denizcankizil.tr\/en\/wp-json\/wp\/v2\/users\/1"}],"replies":[{"embeddable":true,"href":"https:\/\/denizcankizil.tr\/en\/wp-json\/wp\/v2\/comments?post=119248"}],"version-history":[{"count":0,"href":"https:\/\/denizcankizil.tr\/en\/wp-json\/wp\/v2\/posts\/119248\/revisions"}],"wp:attachment":[{"href":"https:\/\/denizcankizil.tr\/en\/wp-json\/wp\/v2\/media?parent=119248"}],"wp:term":[{"taxonomy":"category","embeddable":true,"href":"https:\/\/denizcankizil.tr\/en\/wp-json\/wp\/v2\/categories?post=119248"},{"taxonomy":"post_tag","embeddable":true,"href":"https:\/\/denizcankizil.tr\/en\/wp-json\/wp\/v2\/tags?post=119248"}],"curies":[{"name":"wp","href":"https:\/\/api.w.org\/{rel}","templated":true}]}}