{"id":118552,"date":"2025-06-17T13:41:33","date_gmt":"2025-06-17T10:41:33","guid":{"rendered":"https:\/\/denizcankizil.tr\/uncategorized-tr\/son-dakika-antalya-havalimaninda-tavan-coktu\/"},"modified":"2025-06-17T13:41:33","modified_gmt":"2025-06-17T10:41:33","slug":"son-dakika-antalya-havalimaninda-tavan-coktu","status":"publish","type":"post","link":"https:\/\/denizcankizil.tr\/en\/haberler\/gundem\/son-dakika-antalya-havalimaninda-tavan-coktu\/","title":{"rendered":"Son dakika\u2026 Antalya Havaliman\u0131&#8217;nda tavan \u00e7\u00f6kt\u00fc"},"content":{"rendered":"<p>Antalya Havaliman\u0131 \u0130\u00e7 hatlar terminalinde nedeni bilinmeyen bir \u015fekilde tavan \u00e7\u00f6kt\u00fc. \u00c7\u00f6kme s\u0131ras\u0131nda terminalde g\u00f6rev yapan bir \u00e7al\u0131\u015fan hafif \u015fekilde kolundan yaraland\u0131. Yaral\u0131 personel, olay yerine gelen sa\u011fl\u0131k ekipleri taraf\u0131ndan ilk m\u00fcdahalesi yap\u0131ld\u0131ktan sonra kontrol ama\u00e7l\u0131 hastaneye sevk edildi. Yaral\u0131n\u0131n sa\u011fl\u0131k durumunun iyi oldu\u011fu bildirildi.<\/p>\n<p>\u0130NCELEME S\u00dcR\u00dcYOR<\/p>\n<p>Yetkililer, olay\u0131n ard\u0131ndan terminalin ilgili b\u00f6l\u00fcm\u00fcn\u00fc g\u00fcvenlik gerek\u00e7esiyle ge\u00e7ici olarak kapatt\u0131. Tavan \u00e7\u00f6kmesinin nedeni ara\u015ft\u0131r\u0131l\u0131rken, teknik ekipler b\u00f6lgede incelemelerini s\u00fcrd\u00fcr\u00fcyor. Havaliman\u0131 y\u00f6netimi, yolcular\u0131n ma\u011fdur olmamas\u0131 i\u00e7in gerekli \u00f6nlemlerin al\u0131nd\u0131\u011f\u0131n\u0131 a\u00e7\u0131klad\u0131.<\/p>\n<p>\u200bAntalya Havaliman\u0131 \u0130\u00e7 Hatlar Terminali&#8217;nde bug\u00fcn \u00f6\u011fle saatlerinde tavan\u0131n \u00e7\u00f6kmesi sonucu korku dolu anlar ya\u015fand\u0131. Olay, terminalin yo\u011fun oldu\u011fu saatlerde meydana gelirken, \u00e7evrede bulunan yolcular ve personel k\u0131sa s\u00fcreli panik ya\u015fad\u0131.\u00a0<\/p>\n<p>\u200bHaberin Al\u0131nt\u0131land\u0131\u011f\u0131 Kaynak: www.antalyakorfez.com<\/p>","protected":false},"excerpt":{"rendered":"<p>Antalya Havaliman\u0131 \u0130\u00e7 hatlar terminalinde nedeni bilinmeyen bir \u015fekilde tavan \u00e7\u00f6kt\u00fc. \u00c7\u00f6kme s\u0131ras\u0131nda terminalde g\u00f6rev yapan bir \u00e7al\u0131\u015fan hafif \u015fekilde kolundan yaraland\u0131. Yaral\u0131 personel, olay yerine gelen sa\u011fl\u0131k ekipleri taraf\u0131ndan ilk m\u00fcdahalesi yap\u0131ld\u0131ktan sonra kontrol ama\u00e7l\u0131 hastaneye sevk edildi. Yaral\u0131n\u0131n sa\u011fl\u0131k durumunun iyi oldu\u011fu bildirildi. \u0130NCELEME S\u00dcR\u00dcYOR Yetkililer, olay\u0131n ard\u0131ndan terminalin ilgili b\u00f6l\u00fcm\u00fcn\u00fc g\u00fcvenlik gerek\u00e7esiyle ge\u00e7ici olarak kapatt\u0131. Tavan \u00e7\u00f6kmesinin nedeni ara\u015ft\u0131r\u0131l\u0131rken, teknik ekipler b\u00f6lgede incelemelerini s\u00fcrd\u00fcr\u00fcyor. Havaliman\u0131 y\u00f6netimi, yolcular\u0131n ma\u011fdur olmamas\u0131 i\u00e7in gerekli \u00f6nlemlerin al\u0131nd\u0131\u011f\u0131n\u0131 a\u00e7\u0131klad\u0131. \u200bAntalya Havaliman\u0131 \u0130\u00e7 Hatlar Terminali&#8217;nde bug\u00fcn \u00f6\u011fle saatlerinde tavan\u0131n \u00e7\u00f6kmesi sonucu korku dolu anlar ya\u015fand\u0131. Olay, terminalin yo\u011fun oldu\u011fu saatlerde meydana gelirken, \u00e7evrede bulunan yolcular ve personel k\u0131sa s\u00fcreli panik ya\u015fad\u0131.\u00a0 \u200bHaberin Al\u0131nt\u0131land\u0131\u011f\u0131 Kaynak: www.antalyakorfez.com<\/p>","protected":false},"author":5,"featured_media":0,"comment_status":"","ping_status":"open","sticky":false,"template":"","format":"standard","meta":{"_acf_changed":false,"footnotes":""},"categories":[24],"tags":[],"class_list":["post-118552","post","type-post","status-publish","format-standard","has-post-thumbnail","hentry","category-gundem"],"acf":[],"yoast_head":"<!-- This site is optimized with the Yoast SEO Premium plugin v26.6 (Yoast SEO v27.1.1) - https:\/\/yoast.com\/product\/yoast-seo-premium-wordpress\/ -->\n<title>Son dakika\u2026 Antalya Havaliman\u0131&#039;nda tavan \u00e7\u00f6kt\u00fc - Av. Deniz Can K\u0131z\u0131l<\/title>\n<meta name=\"robots\" content=\"index, follow, max-snippet:-1, max-image-preview:large, max-video-preview:-1\" \/>\n<link rel=\"canonical\" href=\"https:\/\/denizcankizil.tr\/en\/haberler\/gundem\/son-dakika-antalya-havalimaninda-tavan-coktu\/\" \/>\n<meta property=\"og:locale\" content=\"en_GB\" \/>\n<meta property=\"og:type\" content=\"article\" \/>\n<meta property=\"og:title\" content=\"Son dakika\u2026 Antalya Havaliman\u0131&#039;nda tavan \u00e7\u00f6kt\u00fc\" \/>\n<meta property=\"og:description\" content=\"Antalya Havaliman\u0131 \u0130\u00e7 hatlar terminalinde nedeni bilinmeyen bir \u015fekilde tavan \u00e7\u00f6kt\u00fc. \u00c7\u00f6kme s\u0131ras\u0131nda terminalde g\u00f6rev yapan bir \u00e7al\u0131\u015fan hafif \u015fekilde kolundan yaraland\u0131. Yaral\u0131 personel, olay yerine gelen sa\u011fl\u0131k ekipleri taraf\u0131ndan ilk m\u00fcdahalesi yap\u0131ld\u0131ktan sonra kontrol ama\u00e7l\u0131 hastaneye sevk edildi. Yaral\u0131n\u0131n sa\u011fl\u0131k durumunun iyi oldu\u011fu bildirildi. \u0130NCELEME S\u00dcR\u00dcYOR Yetkililer, olay\u0131n ard\u0131ndan terminalin ilgili b\u00f6l\u00fcm\u00fcn\u00fc g\u00fcvenlik gerek\u00e7esiyle ge\u00e7ici olarak kapatt\u0131. Tavan \u00e7\u00f6kmesinin nedeni ara\u015ft\u0131r\u0131l\u0131rken, teknik ekipler b\u00f6lgede incelemelerini s\u00fcrd\u00fcr\u00fcyor. Havaliman\u0131 y\u00f6netimi, yolcular\u0131n ma\u011fdur olmamas\u0131 i\u00e7in gerekli \u00f6nlemlerin al\u0131nd\u0131\u011f\u0131n\u0131 a\u00e7\u0131klad\u0131. \u200bAntalya Havaliman\u0131 \u0130\u00e7 Hatlar Terminali&#8217;nde bug\u00fcn \u00f6\u011fle saatlerinde tavan\u0131n \u00e7\u00f6kmesi sonucu korku dolu anlar ya\u015fand\u0131. Olay, terminalin yo\u011fun oldu\u011fu saatlerde meydana gelirken, \u00e7evrede bulunan yolcular ve personel k\u0131sa s\u00fcreli panik ya\u015fad\u0131.\u00a0 \u200bHaberin Al\u0131nt\u0131land\u0131\u011f\u0131 Kaynak: www.antalyakorfez.com\" \/>\n<meta property=\"og:url\" content=\"https:\/\/denizcankizil.tr\/en\/haberler\/gundem\/son-dakika-antalya-havalimaninda-tavan-coktu\/\" \/>\n<meta property=\"og:site_name\" content=\"Av. Deniz Can K\u0131z\u0131l\" \/>\n<meta property=\"article:published_time\" content=\"2025-06-17T10:41:33+00:00\" \/>\n<meta name=\"author\" content=\"Antalya K\u00f6rfez\" \/>\n<meta name=\"twitter:card\" content=\"summary_large_image\" \/>\n<meta name=\"twitter:label1\" content=\"Written by\" \/>\n\t<meta name=\"twitter:data1\" content=\"Antalya K\u00f6rfez\" \/>\n\t<meta name=\"twitter:label2\" content=\"Estimated reading time\" \/>\n\t<meta name=\"twitter:data2\" content=\"1 minute\" \/>\n<script type=\"application\/ld+json\" class=\"yoast-schema-graph\">{\"@context\":\"https:\/\/schema.org\",\"@graph\":[{\"@type\":\"Article\",\"@id\":\"https:\/\/denizcankizil.tr\/ru\/haberler\/gundem\/son-dakika-antalya-havalimaninda-tavan-coktu\/#article\",\"isPartOf\":{\"@id\":\"https:\/\/denizcankizil.tr\/ru\/haberler\/gundem\/son-dakika-antalya-havalimaninda-tavan-coktu\/\"},\"author\":{\"name\":\"Antalya K\u00f6rfez\",\"@id\":\"https:\/\/denizcankizil.tr\/de\/#\/schema\/person\/e1eb71bb4dd684d46563f0af307e1234\"},\"headline\":\"Son dakika\u2026 Antalya Havaliman\u0131&#8217;nda tavan \u00e7\u00f6kt\u00fc\",\"datePublished\":\"2025-06-17T10:41:33+00:00\",\"mainEntityOfPage\":{\"@id\":\"https:\/\/denizcankizil.tr\/ru\/haberler\/gundem\/son-dakika-antalya-havalimaninda-tavan-coktu\/\"},\"wordCount\":171,\"publisher\":{\"@id\":\"https:\/\/denizcankizil.tr\/de\/#organization\"},\"articleSection\":[\"G\u00fcndem\"],\"inLanguage\":\"en-GB\"},{\"@type\":\"WebPage\",\"@id\":\"https:\/\/denizcankizil.tr\/ru\/haberler\/gundem\/son-dakika-antalya-havalimaninda-tavan-coktu\/\",\"url\":\"https:\/\/denizcankizil.tr\/ru\/haberler\/gundem\/son-dakika-antalya-havalimaninda-tavan-coktu\/\",\"name\":\"Son dakika\u2026 Antalya Havaliman\u0131'nda tavan \u00e7\u00f6kt\u00fc - Av. Deniz Can K\u0131z\u0131l\",\"isPartOf\":{\"@id\":\"https:\/\/denizcankizil.tr\/de\/#website\"},\"datePublished\":\"2025-06-17T10:41:33+00:00\",\"breadcrumb\":{\"@id\":\"https:\/\/denizcankizil.tr\/ru\/haberler\/gundem\/son-dakika-antalya-havalimaninda-tavan-coktu\/#breadcrumb\"},\"inLanguage\":\"en-GB\",\"potentialAction\":[{\"@type\":\"ReadAction\",\"target\":[\"https:\/\/denizcankizil.tr\/ru\/haberler\/gundem\/son-dakika-antalya-havalimaninda-tavan-coktu\/\"]}]},{\"@type\":\"BreadcrumbList\",\"@id\":\"https:\/\/denizcankizil.tr\/ru\/haberler\/gundem\/son-dakika-antalya-havalimaninda-tavan-coktu\/#breadcrumb\",\"itemListElement\":[{\"@type\":\"ListItem\",\"position\":1,\"name\":\"Home\",\"item\":\"https:\/\/denizcankizil.tr\/de\/\"},{\"@type\":\"ListItem\",\"position\":2,\"name\":\"Son dakika\u2026 Antalya Havaliman\u0131&#8217;nda tavan \u00e7\u00f6kt\u00fc\"}]},{\"@type\":\"WebSite\",\"@id\":\"https:\/\/denizcankizil.tr\/de\/#website\",\"url\":\"https:\/\/denizcankizil.tr\/de\/\",\"name\":\"Av. Deniz Can K\u0131z\u0131l\",\"description\":\"Avukat Deniz Can K\u0131z\u0131l Antalya Barosu\",\"publisher\":{\"@id\":\"https:\/\/denizcankizil.tr\/de\/#organization\"},\"potentialAction\":[{\"@type\":\"SearchAction\",\"target\":{\"@type\":\"EntryPoint\",\"urlTemplate\":\"https:\/\/denizcankizil.tr\/de\/?s={search_term_string}\"},\"query-input\":{\"@type\":\"PropertyValueSpecification\",\"valueRequired\":true,\"valueName\":\"search_term_string\"}}],\"inLanguage\":\"en-GB\"},{\"@type\":\"Organization\",\"@id\":\"https:\/\/denizcankizil.tr\/de\/#organization\",\"name\":\"Av. Deniz Can K\u0131z\u0131l\",\"url\":\"https:\/\/denizcankizil.tr\/de\/\",\"logo\":{\"@type\":\"ImageObject\",\"inLanguage\":\"en-GB\",\"@id\":\"https:\/\/denizcankizil.tr\/de\/#\/schema\/logo\/image\/\",\"url\":\"https:\/\/denizcankizil.tr\/wp-content\/uploads\/2024\/10\/siyah-logo-svg.svg\",\"contentUrl\":\"https:\/\/denizcankizil.tr\/wp-content\/uploads\/2024\/10\/siyah-logo-svg.svg\",\"width\":1080,\"height\":1080,\"caption\":\"Av. Deniz Can K\u0131z\u0131l\"},\"image\":{\"@id\":\"https:\/\/denizcankizil.tr\/de\/#\/schema\/logo\/image\/\"}},{\"@type\":\"Person\",\"@id\":\"https:\/\/denizcankizil.tr\/de\/#\/schema\/person\/e1eb71bb4dd684d46563f0af307e1234\",\"name\":\"Antalya K\u00f6rfez\",\"image\":{\"@type\":\"ImageObject\",\"inLanguage\":\"en-GB\",\"@id\":\"https:\/\/denizcankizil.tr\/de\/#\/schema\/person\/image\/\",\"url\":\"https:\/\/secure.gravatar.com\/avatar\/42b01982558a48a0b501fdcab6a408d3717ea5919095ee2e67b0e521799c5905?s=96&d=mm&r=g\",\"contentUrl\":\"https:\/\/secure.gravatar.com\/avatar\/42b01982558a48a0b501fdcab6a408d3717ea5919095ee2e67b0e521799c5905?s=96&d=mm&r=g\",\"caption\":\"Antalya K\u00f6rfez\"},\"sameAs\":[\"http:\/\/www.antalyakorfez.com\"],\"url\":\"https:\/\/www.antalyakorfez.com\/son-dakika-antalya-havalimaninda-tavan-coktu\"}]}<\/script>\n<!-- \/ Yoast SEO Premium plugin. -->","yoast_head_json":{"title":"Son dakika\u2026 Antalya Havaliman\u0131'nda tavan \u00e7\u00f6kt\u00fc - Av. Deniz Can K\u0131z\u0131l","robots":{"index":"index","follow":"follow","max-snippet":"max-snippet:-1","max-image-preview":"max-image-preview:large","max-video-preview":"max-video-preview:-1"},"canonical":"https:\/\/denizcankizil.tr\/en\/haberler\/gundem\/son-dakika-antalya-havalimaninda-tavan-coktu\/","og_locale":"en_GB","og_type":"article","og_title":"Son dakika\u2026 Antalya Havaliman\u0131'nda tavan \u00e7\u00f6kt\u00fc","og_description":"Antalya Havaliman\u0131 \u0130\u00e7 hatlar terminalinde nedeni bilinmeyen bir \u015fekilde tavan \u00e7\u00f6kt\u00fc. \u00c7\u00f6kme s\u0131ras\u0131nda terminalde g\u00f6rev yapan bir \u00e7al\u0131\u015fan hafif \u015fekilde kolundan yaraland\u0131. Yaral\u0131 personel, olay yerine gelen sa\u011fl\u0131k ekipleri taraf\u0131ndan ilk m\u00fcdahalesi yap\u0131ld\u0131ktan sonra kontrol ama\u00e7l\u0131 hastaneye sevk edildi. Yaral\u0131n\u0131n sa\u011fl\u0131k durumunun iyi oldu\u011fu bildirildi. \u0130NCELEME S\u00dcR\u00dcYOR Yetkililer, olay\u0131n ard\u0131ndan terminalin ilgili b\u00f6l\u00fcm\u00fcn\u00fc g\u00fcvenlik gerek\u00e7esiyle ge\u00e7ici olarak kapatt\u0131. Tavan \u00e7\u00f6kmesinin nedeni ara\u015ft\u0131r\u0131l\u0131rken, teknik ekipler b\u00f6lgede incelemelerini s\u00fcrd\u00fcr\u00fcyor. Havaliman\u0131 y\u00f6netimi, yolcular\u0131n ma\u011fdur olmamas\u0131 i\u00e7in gerekli \u00f6nlemlerin al\u0131nd\u0131\u011f\u0131n\u0131 a\u00e7\u0131klad\u0131. \u200bAntalya Havaliman\u0131 \u0130\u00e7 Hatlar Terminali&#8217;nde bug\u00fcn \u00f6\u011fle saatlerinde tavan\u0131n \u00e7\u00f6kmesi sonucu korku dolu anlar ya\u015fand\u0131. Olay, terminalin yo\u011fun oldu\u011fu saatlerde meydana gelirken, \u00e7evrede bulunan yolcular ve personel k\u0131sa s\u00fcreli panik ya\u015fad\u0131.\u00a0 \u200bHaberin Al\u0131nt\u0131land\u0131\u011f\u0131 Kaynak: www.antalyakorfez.com","og_url":"https:\/\/denizcankizil.tr\/en\/haberler\/gundem\/son-dakika-antalya-havalimaninda-tavan-coktu\/","og_site_name":"Av. Deniz Can K\u0131z\u0131l","article_published_time":"2025-06-17T10:41:33+00:00","author":"Antalya K\u00f6rfez","twitter_card":"summary_large_image","twitter_misc":{"Written by":"Antalya K\u00f6rfez","Estimated reading time":"1 minute"},"schema":{"@context":"https:\/\/schema.org","@graph":[{"@type":"Article","@id":"https:\/\/denizcankizil.tr\/ru\/haberler\/gundem\/son-dakika-antalya-havalimaninda-tavan-coktu\/#article","isPartOf":{"@id":"https:\/\/denizcankizil.tr\/ru\/haberler\/gundem\/son-dakika-antalya-havalimaninda-tavan-coktu\/"},"author":{"name":"Antalya K\u00f6rfez","@id":"https:\/\/denizcankizil.tr\/de\/#\/schema\/person\/e1eb71bb4dd684d46563f0af307e1234"},"headline":"Son dakika\u2026 Antalya Havaliman\u0131&#8217;nda tavan \u00e7\u00f6kt\u00fc","datePublished":"2025-06-17T10:41:33+00:00","mainEntityOfPage":{"@id":"https:\/\/denizcankizil.tr\/ru\/haberler\/gundem\/son-dakika-antalya-havalimaninda-tavan-coktu\/"},"wordCount":171,"publisher":{"@id":"https:\/\/denizcankizil.tr\/de\/#organization"},"articleSection":["G\u00fcndem"],"inLanguage":"en-GB"},{"@type":"WebPage","@id":"https:\/\/denizcankizil.tr\/ru\/haberler\/gundem\/son-dakika-antalya-havalimaninda-tavan-coktu\/","url":"https:\/\/denizcankizil.tr\/ru\/haberler\/gundem\/son-dakika-antalya-havalimaninda-tavan-coktu\/","name":"Son dakika\u2026 Antalya Havaliman\u0131'nda tavan \u00e7\u00f6kt\u00fc - Av. Deniz Can K\u0131z\u0131l","isPartOf":{"@id":"https:\/\/denizcankizil.tr\/de\/#website"},"datePublished":"2025-06-17T10:41:33+00:00","breadcrumb":{"@id":"https:\/\/denizcankizil.tr\/ru\/haberler\/gundem\/son-dakika-antalya-havalimaninda-tavan-coktu\/#breadcrumb"},"inLanguage":"en-GB","potentialAction":[{"@type":"ReadAction","target":["https:\/\/denizcankizil.tr\/ru\/haberler\/gundem\/son-dakika-antalya-havalimaninda-tavan-coktu\/"]}]},{"@type":"BreadcrumbList","@id":"https:\/\/denizcankizil.tr\/ru\/haberler\/gundem\/son-dakika-antalya-havalimaninda-tavan-coktu\/#breadcrumb","itemListElement":[{"@type":"ListItem","position":1,"name":"Home","item":"https:\/\/denizcankizil.tr\/de\/"},{"@type":"ListItem","position":2,"name":"Son dakika\u2026 Antalya Havaliman\u0131&#8217;nda tavan \u00e7\u00f6kt\u00fc"}]},{"@type":"WebSite","@id":"https:\/\/denizcankizil.tr\/de\/#website","url":"https:\/\/denizcankizil.tr\/de\/","name":"Av. Deniz Can K\u0131z\u0131l","description":"Avukat Deniz Can K\u0131z\u0131l Antalya Barosu","publisher":{"@id":"https:\/\/denizcankizil.tr\/de\/#organization"},"potentialAction":[{"@type":"SearchAction","target":{"@type":"EntryPoint","urlTemplate":"https:\/\/denizcankizil.tr\/de\/?s={search_term_string}"},"query-input":{"@type":"PropertyValueSpecification","valueRequired":true,"valueName":"search_term_string"}}],"inLanguage":"en-GB"},{"@type":"Organization","@id":"https:\/\/denizcankizil.tr\/de\/#organization","name":"Av. Deniz Can K\u0131z\u0131l","url":"https:\/\/denizcankizil.tr\/de\/","logo":{"@type":"ImageObject","inLanguage":"en-GB","@id":"https:\/\/denizcankizil.tr\/de\/#\/schema\/logo\/image\/","url":"https:\/\/denizcankizil.tr\/wp-content\/uploads\/2024\/10\/siyah-logo-svg.svg","contentUrl":"https:\/\/denizcankizil.tr\/wp-content\/uploads\/2024\/10\/siyah-logo-svg.svg","width":1080,"height":1080,"caption":"Av. Deniz Can K\u0131z\u0131l"},"image":{"@id":"https:\/\/denizcankizil.tr\/de\/#\/schema\/logo\/image\/"}},{"@type":"Person","@id":"https:\/\/denizcankizil.tr\/de\/#\/schema\/person\/e1eb71bb4dd684d46563f0af307e1234","name":"Antalya K\u00f6rfez","image":{"@type":"ImageObject","inLanguage":"en-GB","@id":"https:\/\/denizcankizil.tr\/de\/#\/schema\/person\/image\/","url":"https:\/\/secure.gravatar.com\/avatar\/42b01982558a48a0b501fdcab6a408d3717ea5919095ee2e67b0e521799c5905?s=96&d=mm&r=g","contentUrl":"https:\/\/secure.gravatar.com\/avatar\/42b01982558a48a0b501fdcab6a408d3717ea5919095ee2e67b0e521799c5905?s=96&d=mm&r=g","caption":"Antalya K\u00f6rfez"},"sameAs":["http:\/\/www.antalyakorfez.com"],"url":"https:\/\/www.antalyakorfez.com\/son-dakika-antalya-havalimaninda-tavan-coktu"}]}},"_links":{"self":[{"href":"https:\/\/denizcankizil.tr\/en\/wp-json\/wp\/v2\/posts\/118552","targetHints":{"allow":["GET"]}}],"collection":[{"href":"https:\/\/denizcankizil.tr\/en\/wp-json\/wp\/v2\/posts"}],"about":[{"href":"https:\/\/denizcankizil.tr\/en\/wp-json\/wp\/v2\/types\/post"}],"author":[{"embeddable":true,"href":"https:\/\/denizcankizil.tr\/en\/wp-json\/wp\/v2\/users\/5"}],"replies":[{"embeddable":true,"href":"https:\/\/denizcankizil.tr\/en\/wp-json\/wp\/v2\/comments?post=118552"}],"version-history":[{"count":0,"href":"https:\/\/denizcankizil.tr\/en\/wp-json\/wp\/v2\/posts\/118552\/revisions"}],"wp:attachment":[{"href":"https:\/\/denizcankizil.tr\/en\/wp-json\/wp\/v2\/media?parent=118552"}],"wp:term":[{"taxonomy":"category","embeddable":true,"href":"https:\/\/denizcankizil.tr\/en\/wp-json\/wp\/v2\/categories?post=118552"},{"taxonomy":"post_tag","embeddable":true,"href":"https:\/\/denizcankizil.tr\/en\/wp-json\/wp\/v2\/tags?post=118552"}],"curies":[{"name":"wp","href":"https:\/\/api.w.org\/{rel}","templated":true}]}}