{"id":118414,"date":"2025-06-17T09:42:19","date_gmt":"2025-06-17T06:42:19","guid":{"rendered":"https:\/\/denizcankizil.tr\/uncategorized-tr\/cumhurbaskani-erdogandan-kabine-sonrasi-onemli-aciklamalar-devlet-akliyla-guclu-gelecek\/"},"modified":"2025-06-17T09:42:19","modified_gmt":"2025-06-17T06:42:19","slug":"cumhurbaskani-erdogandan-kabine-sonrasi-onemli-aciklamalar-devlet-akliyla-guclu-gelecek","status":"publish","type":"post","link":"https:\/\/denizcankizil.tr\/en\/haberler\/gundem\/cumhurbaskani-erdogandan-kabine-sonrasi-onemli-aciklamalar-devlet-akliyla-guclu-gelecek\/","title":{"rendered":"Cumhurba\u015fkan\u0131 Erdo\u011fan\u2019dan Kabine sonras\u0131 \u00f6nemli a\u00e7\u0131klamalar&#8230; Devlet akl\u0131yla g\u00fc\u00e7l\u00fc gelecek"},"content":{"rendered":"<p>Cumhurba\u015fkan\u0131 Erdo\u011fan, Kabine Toplant\u0131s\u0131 ard\u0131ndan yapt\u0131\u011f\u0131 a\u00e7\u0131klamalarda deprem b\u00f6lgesinden ula\u015ft\u0131rma projelerine, savunma sanayiinden b\u00f6lgesel krizlere kadar bir\u00e7ok konuda \u00f6nemli mesajlar verdi. Kahramanmara\u015f\u2019ta 250 bininci afet konutunun teslim edilece\u011fini duyuran Erdo\u011fan, T\u00fcrkiye Y\u00fczy\u0131l\u0131\u2019n\u0131n in\u015fas\u0131na kimsenin engel olamayaca\u011f\u0131n\u0131 vurgulad\u0131.ANKARA (\u0130GFA) &#8211;  Cumhurba\u015fkan\u0131 Recep Tayyip Erdo\u011fan, Kabine Toplant\u0131s\u0131 sonras\u0131nda &#8220;Millete Sesleni\u015f&#8221; konu\u015fmas\u0131 yapt\u0131.<br \/>\nDEPREM B\u00d6LGES\u0130NE 250 B\u0130N\u0130NC\u0130 KONUT TESL\u0130M\u0130<br \/>\nCumhurba\u015fkan\u0131 Erdo\u011fan, 19 Haziran 2025 Per\u015fembe g\u00fcn\u00fc Kahramanmara\u015f\u2019ta 250 bininci afet konutunun depremzedelere teslim edilece\u011fini a\u00e7\u0131klad\u0131. \u201cT\u00fcrkiye\u2019nin en b\u00fcy\u00fck ihtiyac\u0131 birlik ve karde\u015flik siyasetidir. 86 milyon kalp kalbe vererek g\u00fczel yar\u0131nlara ula\u015faca\u011f\u0131z\u201d dedi.<br \/>\nULA\u015eTIRMA YATIRIMLARI VE REKORLAR<br \/>\nAnkara-K\u0131r\u0131kkale-\u00c7orum-Samsun H\u0131zl\u0131 Demir Yolu Projesi\u2019nin Delice-\u00c7orum etab\u0131n\u0131n temelinin at\u0131ld\u0131\u011f\u0131n\u0131 duyuran Cumhurba\u015fkan\u0131 Erdo\u011fan, &#8220;Hat, y\u0131lda 12 milyon yolcu ve 14 milyon ton y\u00fck ta\u015f\u0131yacak, Samsun ve Mersin limanlar\u0131n\u0131 birle\u015ftirecek. Saatte 200 km h\u0131za uygun planlanan projeyle \u00c7orum-Ankara aras\u0131 1 saat 15 dakikaya, Ankara-Samsun aras\u0131 ise 2029\u2019da tamamland\u0131\u011f\u0131nda 2,5 saate inecek. 5 istasyon, 8 t\u00fcnel, 26 k\u00f6pr\u00fc ve viyad\u00fck ile 16 \u00fcst ge\u00e7itten olu\u015facak hat, \u0130stanbul ve \u00c7anakkale Bo\u011fazlar\u0131\u2019ndaki y\u00fck trafi\u011fini hafifletecek ve T\u00fcrkiye\u2019yi k\u00fcresel ticaretin lojistik merkezi yapacak&#8221; diye konu\u015ftu.<\/p>\n<p>Ula\u015ft\u0131rma altyap\u0131s\u0131ndaki yat\u0131r\u0131mlar\u0131n \u00f6nemine vurgu yapan Erdo\u011fan, y\u00fcksek h\u0131zl\u0131 trenler, b\u00f6lgesel trenler ve kent i\u00e7i rayl\u0131 sistemlerle 2,78 milyon yolcu ta\u015f\u0131nd\u0131\u011f\u0131n\u0131 an\u0131msatarak, yat\u0131r\u0131m zincirimize yeni halkalar ekleyeceklerini m\u00fcjdeledi.<br \/>\n4-9 Haziran\u2019da otoyollardan 16,3 milyon ara\u00e7 ge\u00e7ti\u011fini, \u0130stanbul Havaliman\u0131\u2019nda 1,15 milyon yolcuya hizmet verildi\u011fini, havalimanlar\u0131nda toplam 3,9 milyon yolcunun a\u011f\u0131rland\u0131\u011f\u0131n\u0131 belirten Erdo\u011fan, Antalya, Mu\u011fla ve Ayd\u0131n havalimanlar\u0131nda yolcu rekorlar\u0131 k\u0131r\u0131ld\u0131\u011f\u0131n\u0131 kaydetti.<\/p>\n<p>SAVUNMA SANAY\u0130\u0130NDE G\u00dc\u00c7L\u00dc ADIMLAR<br \/>\nSavunma sanayiine de\u011finen Cumhurba\u015fkan\u0131 Erdo\u011fan, \u201c\u00c7ok uzun olmayan bir s\u00fcre\u00e7te kimse bize efelenmeyi g\u00f6ze alamayacak bir savunma kapasitesine ula\u015faca\u011f\u0131z. Orta ve uzun menzilli f\u00fcze stoklar\u0131m\u0131z\u0131 cayd\u0131r\u0131c\u0131l\u0131k d\u00fczeyine getirecek \u00fcretim planlamalar\u0131 yap\u0131yoruz\u201d dedi. Erdo\u011fan, Mill\u00ee Muharip U\u00e7ak KAAN\u2019\u0131n Endonezya\u2019ya 15 milyar dolarl\u0131k sat\u0131\u015f anla\u015fmas\u0131n\u0131n hay\u0131rl\u0131 olmas\u0131n\u0131 diledi.<br \/>\nB\u00d6LGESEL KR\u0130ZLERE D\u0130PLOMAT\u0130K \u00c7\u00d6Z\u00dcM \u00c7A\u011eRISI<br \/>\nKonu\u015fmas\u0131nda \u0130srail\u2019in Gazze\u2019deki zulm\u00fcne dikkat \u00e7eken Cumhurba\u015fkan\u0131 Erdo\u011fan, \u201c\u0130srail, her zul\u00fcmle kendi varl\u0131\u011f\u0131n\u0131 riske at\u0131yor. B\u00f6lgedeki kabaday\u0131l\u0131klar\u0131 ileride hatas\u0131n\u0131 anlamas\u0131na yol a\u00e7acak, ama i\u015f i\u015ften ge\u00e7mi\u015f olacak\u201d dedi. \u0130srail-\u0130ran \u00e7at\u0131\u015fmas\u0131na ili\u015fkin, \u201cCuma g\u00fcn\u00fcnden bu yana \u00e7at\u0131\u015fmalar\u0131 durdurmak i\u00e7in yo\u011fun diplomasi y\u00fcr\u00fctt\u00fcklerini kaydederek, T\u00fcrkiye olarak kolayla\u015ft\u0131r\u0131c\u0131l\u0131k dahil her t\u00fcrl\u00fc sorumlulu\u011fu almaya haz\u0131r olduklar\u0131n\u0131 s\u00f6yledi. Erdo\u011fan, \u0130ran\u2019\u0131n n\u00fckleer program\u0131yla ilgili tart\u0131\u015fmalar\u0131n m\u00fczakere masas\u0131nda \u00e7\u00f6z\u00fclmesi gerekti\u011fini savundu.<br \/>\nKabine Toplant\u0131s\u0131 Sonras\u0131 Millete Sesleni\u015f https:\/\/t.co\/mOStGc5SZw\u2014 Recep Tayyip Erdo\u011fan (@RTErdogan) June 16, 2025<br \/>\nT\u00dcRK\u0130YE Y\u00dcZYILI VE DEVLET AKLI<br \/>\n\u201cG\u00fcn, sorumlu siyaset yapma g\u00fcn\u00fcd\u00fcr&#8221; diyen Cumhurba\u015fkan\u0131 Erdo\u011fan, &#8220;T\u00fcrkiye, hadiseleri devlet akl\u0131yla, k\u00f6kl\u00fc tecr\u00fcbesiyle so\u011fukkanl\u0131l\u0131kla de\u011ferlendiriyor. 86 milyonun emaneti emin ve ehil ellerde g\u00fcvendedir. T\u00fcrkiye Y\u00fczy\u0131l\u0131\u2019n\u0131n in\u015fas\u0131na kimse mani olamayacakt\u0131r\u201d diyerek b\u00f6lgesel krizlerin olumsuz etkilerinden T\u00fcrkiye\u2019yi koruyacaklar\u0131n\u0131 vurgulad\u0131.<\/p>\n<p>\u200bCumhurba\u015fkan\u0131 Erdo\u011fan, Kabine Toplant\u0131s\u0131 ard\u0131ndan yapt\u0131\u011f\u0131 a\u00e7\u0131klamalarda deprem b\u00f6lgesinden ula\u015ft\u0131rma projelerine, savunma sanayiinden b\u00f6lgesel krizlere kadar bir\u00e7ok konuda \u00f6nemli mesajlar verdi. Kahramanmara\u015f\u2019ta 250 bininci afet konutunun teslim edilece\u011fini duyuran Erdo\u011fan, T\u00fcrkiye Y\u00fczy\u0131l\u0131\u2019n\u0131n in\u015fas\u0131na kimsenin engel olamayaca\u011f\u0131n\u0131 vurgulad\u0131.ANKARA (\u0130GFA) &#8211;  Cumhurba\u015fkan\u0131 Recep Tayyip Erdo\u011fan, Kabine Toplant\u0131s\u0131 sonras\u0131nda &#8220;Millete Sesleni\u015f&#8221; konu\u015fmas\u0131 yapt\u0131.<br \/>\nDEPREM B\u00d6LGES\u0130NE 250 B\u0130N\u0130NC\u0130 KONUT TESL\u0130M\u0130<br \/>\nCumhurba\u015fkan\u0131 Erdo\u011fan, 19 Haziran 2025 Per\u015fembe g\u00fcn\u00fc Kahramanmara\u015f\u2019ta 250 bininci afet konutunun depremzedelere teslim edilece\u011fini a\u00e7\u0131klad\u0131. \u201cT\u00fcrkiye\u2019nin en b\u00fcy\u00fck ihtiyac\u0131 birlik ve karde\u015flik siyasetidir. 86 milyon kalp kalbe vererek g\u00fczel yar\u0131nlara ula\u015faca\u011f\u0131z\u201d dedi.<br \/>\nULA\u015eTIRMA YATIRIMLARI VE REKORLAR<br \/>\nAnkara-K\u0131r\u0131kkale-\u00c7orum-Samsun H\u0131zl\u0131 Demir Yolu Projesi\u2019nin Delice-\u00c7orum etab\u0131n\u0131n temelinin at\u0131ld\u0131\u011f\u0131n\u0131 duyuran Cumhurba\u015fkan\u0131 Erdo\u011fan, &#8220;Hat, y\u0131lda 12 milyon yolcu ve 14 milyon ton y\u00fck ta\u015f\u0131yacak, Samsun ve Mersin limanlar\u0131n\u0131 birle\u015ftirecek. Saatte 200 km h\u0131za uygun planlanan projeyle \u00c7orum-Ankara aras\u0131 1 saat 15 dakikaya, Ankara-Samsun aras\u0131 ise 2029\u2019da tamamland\u0131\u011f\u0131nda 2,5 saate inecek. 5 istasyon, 8 t\u00fcnel, 26 k\u00f6pr\u00fc ve viyad\u00fck ile 16 \u00fcst ge\u00e7itten olu\u015facak hat, \u0130stanbul ve \u00c7anakkale Bo\u011fazlar\u0131\u2019ndaki y\u00fck trafi\u011fini hafifletecek ve T\u00fcrkiye\u2019yi k\u00fcresel ticaretin lojistik merkezi yapacak&#8221; diye konu\u015ftu.<\/p>\n<p>Ula\u015ft\u0131rma altyap\u0131s\u0131ndaki yat\u0131r\u0131mlar\u0131n \u00f6nemine vurgu yapan Erdo\u011fan, y\u00fcksek h\u0131zl\u0131 trenler, b\u00f6lgesel trenler ve kent i\u00e7i rayl\u0131 sistemlerle 2,78 milyon yolcu ta\u015f\u0131nd\u0131\u011f\u0131n\u0131 an\u0131msatarak, yat\u0131r\u0131m zincirimize yeni halkalar ekleyeceklerini m\u00fcjdeledi.<br \/>\n4-9 Haziran\u2019da otoyollardan 16,3 milyon ara\u00e7 ge\u00e7ti\u011fini, \u0130stanbul Havaliman\u0131\u2019nda 1,15 milyon yolcuya hizmet verildi\u011fini, havalimanlar\u0131nda toplam 3,9 milyon yolcunun a\u011f\u0131rland\u0131\u011f\u0131n\u0131 belirten Erdo\u011fan, Antalya, Mu\u011fla ve Ayd\u0131n havalimanlar\u0131nda yolcu rekorlar\u0131 k\u0131r\u0131ld\u0131\u011f\u0131n\u0131 kaydetti.<\/p>\n<p>SAVUNMA SANAY\u0130\u0130NDE G\u00dc\u00c7L\u00dc ADIMLAR<br \/>\nSavunma sanayiine de\u011finen Cumhurba\u015fkan\u0131 Erdo\u011fan, \u201c\u00c7ok uzun olmayan bir s\u00fcre\u00e7te kimse bize efelenmeyi g\u00f6ze alamayacak bir savunma kapasitesine ula\u015faca\u011f\u0131z. Orta ve uzun menzilli f\u00fcze stoklar\u0131m\u0131z\u0131 cayd\u0131r\u0131c\u0131l\u0131k d\u00fczeyine getirecek \u00fcretim planlamalar\u0131 yap\u0131yoruz\u201d dedi. Erdo\u011fan, Mill\u00ee Muharip U\u00e7ak KAAN\u2019\u0131n Endonezya\u2019ya 15 milyar dolarl\u0131k sat\u0131\u015f anla\u015fmas\u0131n\u0131n hay\u0131rl\u0131 olmas\u0131n\u0131 diledi.<br \/>\nB\u00d6LGESEL KR\u0130ZLERE D\u0130PLOMAT\u0130K \u00c7\u00d6Z\u00dcM \u00c7A\u011eRISI<br \/>\nKonu\u015fmas\u0131nda \u0130srail\u2019in Gazze\u2019deki zulm\u00fcne dikkat \u00e7eken Cumhurba\u015fkan\u0131 Erdo\u011fan, \u201c\u0130srail, her zul\u00fcmle kendi varl\u0131\u011f\u0131n\u0131 riske at\u0131yor. B\u00f6lgedeki kabaday\u0131l\u0131klar\u0131 ileride hatas\u0131n\u0131 anlamas\u0131na yol a\u00e7acak, ama i\u015f i\u015ften ge\u00e7mi\u015f olacak\u201d dedi. \u0130srail-\u0130ran \u00e7at\u0131\u015fmas\u0131na ili\u015fkin, \u201cCuma g\u00fcn\u00fcnden bu yana \u00e7at\u0131\u015fmalar\u0131 durdurmak i\u00e7in yo\u011fun diplomasi y\u00fcr\u00fctt\u00fcklerini kaydederek, T\u00fcrkiye olarak kolayla\u015ft\u0131r\u0131c\u0131l\u0131k dahil her t\u00fcrl\u00fc sorumlulu\u011fu almaya haz\u0131r olduklar\u0131n\u0131 s\u00f6yledi. Erdo\u011fan, \u0130ran\u2019\u0131n n\u00fckleer program\u0131yla ilgili tart\u0131\u015fmalar\u0131n m\u00fczakere masas\u0131nda \u00e7\u00f6z\u00fclmesi gerekti\u011fini savundu.<br \/>\nKabine Toplant\u0131s\u0131 Sonras\u0131 Millete Sesleni\u015f https:\/\/t.co\/mOStGc5SZw\u2014 Recep Tayyip Erdo\u011fan (@RTErdogan) June 16, 2025<br \/>\nT\u00dcRK\u0130YE Y\u00dcZYILI VE DEVLET AKLI<br \/>\n\u201cG\u00fcn, sorumlu siyaset yapma g\u00fcn\u00fcd\u00fcr&#8221; diyen Cumhurba\u015fkan\u0131 Erdo\u011fan, &#8220;T\u00fcrkiye, hadiseleri devlet akl\u0131yla, k\u00f6kl\u00fc tecr\u00fcbesiyle so\u011fukkanl\u0131l\u0131kla de\u011ferlendiriyor. 86 milyonun emaneti emin ve ehil ellerde g\u00fcvendedir. T\u00fcrkiye Y\u00fczy\u0131l\u0131\u2019n\u0131n in\u015fas\u0131na kimse mani olamayacakt\u0131r\u201d diyerek b\u00f6lgesel krizlerin olumsuz etkilerinden T\u00fcrkiye\u2019yi koruyacaklar\u0131n\u0131 vurgulad\u0131.\u00a0<\/p>\n<p>\u200bHaberin Al\u0131nt\u0131land\u0131\u011f\u0131 Kaynak: www.iskenderun.org<\/p>","protected":false},"excerpt":{"rendered":"<p>Cumhurba\u015fkan\u0131 Erdo\u011fan, Kabine Toplant\u0131s\u0131 ard\u0131ndan yapt\u0131\u011f\u0131 a\u00e7\u0131klamalarda deprem b\u00f6lgesinden ula\u015ft\u0131rma projelerine, savunma sanayiinden b\u00f6lgesel krizlere kadar bir\u00e7ok konuda \u00f6nemli mesajlar verdi. Kahramanmara\u015f\u2019ta 250 bininci afet konutunun teslim edilece\u011fini duyuran Erdo\u011fan, T\u00fcrkiye Y\u00fczy\u0131l\u0131\u2019n\u0131n in\u015fas\u0131na kimsenin engel olamayaca\u011f\u0131n\u0131 vurgulad\u0131.ANKARA (\u0130GFA) &#8211; Cumhurba\u015fkan\u0131 Recep Tayyip Erdo\u011fan, Kabine Toplant\u0131s\u0131 sonras\u0131nda &#8220;Millete Sesleni\u015f&#8221; konu\u015fmas\u0131 yapt\u0131. DEPREM B\u00d6LGES\u0130NE 250 B\u0130N\u0130NC\u0130 KONUT TESL\u0130M\u0130 Cumhurba\u015fkan\u0131 Erdo\u011fan, 19 Haziran 2025 Per\u015fembe g\u00fcn\u00fc Kahramanmara\u015f\u2019ta 250 bininci afet konutunun depremzedelere teslim edilece\u011fini a\u00e7\u0131klad\u0131. \u201cT\u00fcrkiye\u2019nin en b\u00fcy\u00fck ihtiyac\u0131 birlik ve karde\u015flik siyasetidir. 86 milyon kalp kalbe vererek g\u00fczel yar\u0131nlara ula\u015faca\u011f\u0131z\u201d dedi. ULA\u015eTIRMA YATIRIMLARI VE REKORLAR Ankara-K\u0131r\u0131kkale-\u00c7orum-Samsun H\u0131zl\u0131 Demir Yolu Projesi\u2019nin Delice-\u00c7orum etab\u0131n\u0131n temelinin at\u0131ld\u0131\u011f\u0131n\u0131 duyuran Cumhurba\u015fkan\u0131 Erdo\u011fan, &#8220;Hat, y\u0131lda 12 milyon yolcu ve 14 milyon ton y\u00fck ta\u015f\u0131yacak, Samsun ve Mersin limanlar\u0131n\u0131 birle\u015ftirecek. Saatte 200 km h\u0131za uygun planlanan projeyle \u00c7orum-Ankara aras\u0131 1 saat 15 dakikaya, Ankara-Samsun aras\u0131 ise 2029\u2019da tamamland\u0131\u011f\u0131nda 2,5 saate inecek. 5 istasyon, 8 t\u00fcnel, 26 k\u00f6pr\u00fc ve viyad\u00fck ile 16 \u00fcst ge\u00e7itten olu\u015facak hat, \u0130stanbul ve \u00c7anakkale Bo\u011fazlar\u0131\u2019ndaki y\u00fck trafi\u011fini hafifletecek ve T\u00fcrkiye\u2019yi k\u00fcresel ticaretin lojistik merkezi yapacak&#8221; diye konu\u015ftu. Ula\u015ft\u0131rma altyap\u0131s\u0131ndaki yat\u0131r\u0131mlar\u0131n \u00f6nemine vurgu yapan Erdo\u011fan, y\u00fcksek h\u0131zl\u0131 trenler, b\u00f6lgesel trenler ve kent i\u00e7i rayl\u0131 sistemlerle 2,78 milyon yolcu ta\u015f\u0131nd\u0131\u011f\u0131n\u0131 an\u0131msatarak, yat\u0131r\u0131m zincirimize yeni halkalar ekleyeceklerini m\u00fcjdeledi. &hellip;<\/p>","protected":false},"author":1,"featured_media":0,"comment_status":"","ping_status":"open","sticky":false,"template":"","format":"standard","meta":{"_acf_changed":false,"footnotes":""},"categories":[24],"tags":[],"class_list":["post-118414","post","type-post","status-publish","format-standard","has-post-thumbnail","hentry","category-gundem"],"acf":[],"yoast_head":"<!-- This site is optimized with the Yoast SEO Premium plugin v26.6 (Yoast SEO v27.1.1) - https:\/\/yoast.com\/product\/yoast-seo-premium-wordpress\/ -->\n<title>Cumhurba\u015fkan\u0131 Erdo\u011fan\u2019dan Kabine sonras\u0131 \u00f6nemli a\u00e7\u0131klamalar... Devlet akl\u0131yla g\u00fc\u00e7l\u00fc gelecek - Av. Deniz Can K\u0131z\u0131l<\/title>\n<meta name=\"robots\" content=\"index, follow, max-snippet:-1, max-image-preview:large, max-video-preview:-1\" \/>\n<link rel=\"canonical\" href=\"https:\/\/denizcankizil.tr\/en\/haberler\/gundem\/cumhurbaskani-erdogandan-kabine-sonrasi-onemli-aciklamalar-devlet-akliyla-guclu-gelecek\/\" \/>\n<meta property=\"og:locale\" content=\"en_GB\" \/>\n<meta property=\"og:type\" content=\"article\" \/>\n<meta property=\"og:title\" content=\"Cumhurba\u015fkan\u0131 Erdo\u011fan\u2019dan Kabine sonras\u0131 \u00f6nemli a\u00e7\u0131klamalar... Devlet akl\u0131yla g\u00fc\u00e7l\u00fc gelecek\" \/>\n<meta property=\"og:description\" content=\"Cumhurba\u015fkan\u0131 Erdo\u011fan, Kabine Toplant\u0131s\u0131 ard\u0131ndan yapt\u0131\u011f\u0131 a\u00e7\u0131klamalarda deprem b\u00f6lgesinden ula\u015ft\u0131rma projelerine, savunma sanayiinden b\u00f6lgesel krizlere kadar bir\u00e7ok konuda \u00f6nemli mesajlar verdi. Kahramanmara\u015f\u2019ta 250 bininci afet konutunun teslim edilece\u011fini duyuran Erdo\u011fan, T\u00fcrkiye Y\u00fczy\u0131l\u0131\u2019n\u0131n in\u015fas\u0131na kimsenin engel olamayaca\u011f\u0131n\u0131 vurgulad\u0131.ANKARA (\u0130GFA) &#8211; Cumhurba\u015fkan\u0131 Recep Tayyip Erdo\u011fan, Kabine Toplant\u0131s\u0131 sonras\u0131nda &#8220;Millete Sesleni\u015f&#8221; konu\u015fmas\u0131 yapt\u0131. DEPREM B\u00d6LGES\u0130NE 250 B\u0130N\u0130NC\u0130 KONUT TESL\u0130M\u0130 Cumhurba\u015fkan\u0131 Erdo\u011fan, 19 Haziran 2025 Per\u015fembe g\u00fcn\u00fc Kahramanmara\u015f\u2019ta 250 bininci afet konutunun depremzedelere teslim edilece\u011fini a\u00e7\u0131klad\u0131. \u201cT\u00fcrkiye\u2019nin en b\u00fcy\u00fck ihtiyac\u0131 birlik ve karde\u015flik siyasetidir. 86 milyon kalp kalbe vererek g\u00fczel yar\u0131nlara ula\u015faca\u011f\u0131z\u201d dedi. ULA\u015eTIRMA YATIRIMLARI VE REKORLAR Ankara-K\u0131r\u0131kkale-\u00c7orum-Samsun H\u0131zl\u0131 Demir Yolu Projesi\u2019nin Delice-\u00c7orum etab\u0131n\u0131n temelinin at\u0131ld\u0131\u011f\u0131n\u0131 duyuran Cumhurba\u015fkan\u0131 Erdo\u011fan, &#8220;Hat, y\u0131lda 12 milyon yolcu ve 14 milyon ton y\u00fck ta\u015f\u0131yacak, Samsun ve Mersin limanlar\u0131n\u0131 birle\u015ftirecek. Saatte 200 km h\u0131za uygun planlanan projeyle \u00c7orum-Ankara aras\u0131 1 saat 15 dakikaya, Ankara-Samsun aras\u0131 ise 2029\u2019da tamamland\u0131\u011f\u0131nda 2,5 saate inecek. 5 istasyon, 8 t\u00fcnel, 26 k\u00f6pr\u00fc ve viyad\u00fck ile 16 \u00fcst ge\u00e7itten olu\u015facak hat, \u0130stanbul ve \u00c7anakkale Bo\u011fazlar\u0131\u2019ndaki y\u00fck trafi\u011fini hafifletecek ve T\u00fcrkiye\u2019yi k\u00fcresel ticaretin lojistik merkezi yapacak&#8221; diye konu\u015ftu. Ula\u015ft\u0131rma altyap\u0131s\u0131ndaki yat\u0131r\u0131mlar\u0131n \u00f6nemine vurgu yapan Erdo\u011fan, y\u00fcksek h\u0131zl\u0131 trenler, b\u00f6lgesel trenler ve kent i\u00e7i rayl\u0131 sistemlerle 2,78 milyon yolcu ta\u015f\u0131nd\u0131\u011f\u0131n\u0131 an\u0131msatarak, yat\u0131r\u0131m zincirimize yeni halkalar ekleyeceklerini m\u00fcjdeledi. &hellip;\" \/>\n<meta property=\"og:url\" content=\"https:\/\/denizcankizil.tr\/en\/haberler\/gundem\/cumhurbaskani-erdogandan-kabine-sonrasi-onemli-aciklamalar-devlet-akliyla-guclu-gelecek\/\" \/>\n<meta property=\"og:site_name\" content=\"Av. Deniz Can K\u0131z\u0131l\" \/>\n<meta property=\"article:published_time\" content=\"2025-06-17T06:42:19+00:00\" \/>\n<meta name=\"author\" content=\"admin\" \/>\n<meta name=\"twitter:card\" content=\"summary_large_image\" \/>\n<meta name=\"twitter:label1\" content=\"Written by\" \/>\n\t<meta name=\"twitter:data1\" content=\"admin\" \/>\n\t<meta name=\"twitter:label2\" content=\"Estimated reading time\" \/>\n\t<meta name=\"twitter:data2\" content=\"6 minutes\" \/>\n<script type=\"application\/ld+json\" class=\"yoast-schema-graph\">{\"@context\":\"https:\/\/schema.org\",\"@graph\":[{\"@type\":\"Article\",\"@id\":\"https:\/\/denizcankizil.tr\/ru\/haberler\/gundem\/cumhurbaskani-erdogandan-kabine-sonrasi-onemli-aciklamalar-devlet-akliyla-guclu-gelecek\/#article\",\"isPartOf\":{\"@id\":\"https:\/\/denizcankizil.tr\/ru\/haberler\/gundem\/cumhurbaskani-erdogandan-kabine-sonrasi-onemli-aciklamalar-devlet-akliyla-guclu-gelecek\/\"},\"author\":{\"name\":\"admin\",\"@id\":\"https:\/\/denizcankizil.tr\/de\/#\/schema\/person\/be3c05fe6a12686905512445d8185489\"},\"headline\":\"Cumhurba\u015fkan\u0131 Erdo\u011fan\u2019dan Kabine sonras\u0131 \u00f6nemli a\u00e7\u0131klamalar&#8230; Devlet akl\u0131yla g\u00fc\u00e7l\u00fc gelecek\",\"datePublished\":\"2025-06-17T06:42:19+00:00\",\"mainEntityOfPage\":{\"@id\":\"https:\/\/denizcankizil.tr\/ru\/haberler\/gundem\/cumhurbaskani-erdogandan-kabine-sonrasi-onemli-aciklamalar-devlet-akliyla-guclu-gelecek\/\"},\"wordCount\":1260,\"publisher\":{\"@id\":\"https:\/\/denizcankizil.tr\/de\/#organization\"},\"articleSection\":[\"G\u00fcndem\"],\"inLanguage\":\"en-GB\"},{\"@type\":\"WebPage\",\"@id\":\"https:\/\/denizcankizil.tr\/ru\/haberler\/gundem\/cumhurbaskani-erdogandan-kabine-sonrasi-onemli-aciklamalar-devlet-akliyla-guclu-gelecek\/\",\"url\":\"https:\/\/denizcankizil.tr\/ru\/haberler\/gundem\/cumhurbaskani-erdogandan-kabine-sonrasi-onemli-aciklamalar-devlet-akliyla-guclu-gelecek\/\",\"name\":\"Cumhurba\u015fkan\u0131 Erdo\u011fan\u2019dan Kabine sonras\u0131 \u00f6nemli a\u00e7\u0131klamalar... Devlet akl\u0131yla g\u00fc\u00e7l\u00fc gelecek - Av. Deniz Can K\u0131z\u0131l\",\"isPartOf\":{\"@id\":\"https:\/\/denizcankizil.tr\/de\/#website\"},\"datePublished\":\"2025-06-17T06:42:19+00:00\",\"breadcrumb\":{\"@id\":\"https:\/\/denizcankizil.tr\/ru\/haberler\/gundem\/cumhurbaskani-erdogandan-kabine-sonrasi-onemli-aciklamalar-devlet-akliyla-guclu-gelecek\/#breadcrumb\"},\"inLanguage\":\"en-GB\",\"potentialAction\":[{\"@type\":\"ReadAction\",\"target\":[\"https:\/\/denizcankizil.tr\/ru\/haberler\/gundem\/cumhurbaskani-erdogandan-kabine-sonrasi-onemli-aciklamalar-devlet-akliyla-guclu-gelecek\/\"]}]},{\"@type\":\"BreadcrumbList\",\"@id\":\"https:\/\/denizcankizil.tr\/ru\/haberler\/gundem\/cumhurbaskani-erdogandan-kabine-sonrasi-onemli-aciklamalar-devlet-akliyla-guclu-gelecek\/#breadcrumb\",\"itemListElement\":[{\"@type\":\"ListItem\",\"position\":1,\"name\":\"Home\",\"item\":\"https:\/\/denizcankizil.tr\/de\/\"},{\"@type\":\"ListItem\",\"position\":2,\"name\":\"Cumhurba\u015fkan\u0131 Erdo\u011fan\u2019dan Kabine sonras\u0131 \u00f6nemli a\u00e7\u0131klamalar&#8230; Devlet akl\u0131yla g\u00fc\u00e7l\u00fc gelecek\"}]},{\"@type\":\"WebSite\",\"@id\":\"https:\/\/denizcankizil.tr\/de\/#website\",\"url\":\"https:\/\/denizcankizil.tr\/de\/\",\"name\":\"Av. Deniz Can K\u0131z\u0131l\",\"description\":\"Avukat Deniz Can K\u0131z\u0131l Antalya Barosu\",\"publisher\":{\"@id\":\"https:\/\/denizcankizil.tr\/de\/#organization\"},\"potentialAction\":[{\"@type\":\"SearchAction\",\"target\":{\"@type\":\"EntryPoint\",\"urlTemplate\":\"https:\/\/denizcankizil.tr\/de\/?s={search_term_string}\"},\"query-input\":{\"@type\":\"PropertyValueSpecification\",\"valueRequired\":true,\"valueName\":\"search_term_string\"}}],\"inLanguage\":\"en-GB\"},{\"@type\":\"Organization\",\"@id\":\"https:\/\/denizcankizil.tr\/de\/#organization\",\"name\":\"Av. Deniz Can K\u0131z\u0131l\",\"url\":\"https:\/\/denizcankizil.tr\/de\/\",\"logo\":{\"@type\":\"ImageObject\",\"inLanguage\":\"en-GB\",\"@id\":\"https:\/\/denizcankizil.tr\/de\/#\/schema\/logo\/image\/\",\"url\":\"https:\/\/denizcankizil.tr\/wp-content\/uploads\/2024\/10\/siyah-logo-svg.svg\",\"contentUrl\":\"https:\/\/denizcankizil.tr\/wp-content\/uploads\/2024\/10\/siyah-logo-svg.svg\",\"width\":1080,\"height\":1080,\"caption\":\"Av. Deniz Can K\u0131z\u0131l\"},\"image\":{\"@id\":\"https:\/\/denizcankizil.tr\/de\/#\/schema\/logo\/image\/\"}},{\"@type\":\"Person\",\"@id\":\"https:\/\/denizcankizil.tr\/de\/#\/schema\/person\/be3c05fe6a12686905512445d8185489\",\"name\":\"admin\",\"image\":{\"@type\":\"ImageObject\",\"inLanguage\":\"en-GB\",\"@id\":\"https:\/\/denizcankizil.tr\/de\/#\/schema\/person\/image\/\",\"url\":\"https:\/\/secure.gravatar.com\/avatar\/c1fce94c830dc79107e174f890d7210541c4a63e8e5d816341794a2151c9d58c?s=96&d=mm&r=g\",\"contentUrl\":\"https:\/\/secure.gravatar.com\/avatar\/c1fce94c830dc79107e174f890d7210541c4a63e8e5d816341794a2151c9d58c?s=96&d=mm&r=g\",\"caption\":\"admin\"},\"sameAs\":[\"http:\/\/denizcankizil.tr\"],\"url\":\"https:\/\/www.iskenderun.org\/cumhurbaskani-erdogandan-kabine-sonrasi-onemli-aciklamalar-devlet-akliyla-guclu-gelecek\"}]}<\/script>\n<!-- \/ Yoast SEO Premium plugin. -->","yoast_head_json":{"title":"Cumhurba\u015fkan\u0131 Erdo\u011fan\u2019dan Kabine sonras\u0131 \u00f6nemli a\u00e7\u0131klamalar... Devlet akl\u0131yla g\u00fc\u00e7l\u00fc gelecek - Av. Deniz Can K\u0131z\u0131l","robots":{"index":"index","follow":"follow","max-snippet":"max-snippet:-1","max-image-preview":"max-image-preview:large","max-video-preview":"max-video-preview:-1"},"canonical":"https:\/\/denizcankizil.tr\/en\/haberler\/gundem\/cumhurbaskani-erdogandan-kabine-sonrasi-onemli-aciklamalar-devlet-akliyla-guclu-gelecek\/","og_locale":"en_GB","og_type":"article","og_title":"Cumhurba\u015fkan\u0131 Erdo\u011fan\u2019dan Kabine sonras\u0131 \u00f6nemli a\u00e7\u0131klamalar... Devlet akl\u0131yla g\u00fc\u00e7l\u00fc gelecek","og_description":"Cumhurba\u015fkan\u0131 Erdo\u011fan, Kabine Toplant\u0131s\u0131 ard\u0131ndan yapt\u0131\u011f\u0131 a\u00e7\u0131klamalarda deprem b\u00f6lgesinden ula\u015ft\u0131rma projelerine, savunma sanayiinden b\u00f6lgesel krizlere kadar bir\u00e7ok konuda \u00f6nemli mesajlar verdi. Kahramanmara\u015f\u2019ta 250 bininci afet konutunun teslim edilece\u011fini duyuran Erdo\u011fan, T\u00fcrkiye Y\u00fczy\u0131l\u0131\u2019n\u0131n in\u015fas\u0131na kimsenin engel olamayaca\u011f\u0131n\u0131 vurgulad\u0131.ANKARA (\u0130GFA) &#8211; Cumhurba\u015fkan\u0131 Recep Tayyip Erdo\u011fan, Kabine Toplant\u0131s\u0131 sonras\u0131nda &#8220;Millete Sesleni\u015f&#8221; konu\u015fmas\u0131 yapt\u0131. DEPREM B\u00d6LGES\u0130NE 250 B\u0130N\u0130NC\u0130 KONUT TESL\u0130M\u0130 Cumhurba\u015fkan\u0131 Erdo\u011fan, 19 Haziran 2025 Per\u015fembe g\u00fcn\u00fc Kahramanmara\u015f\u2019ta 250 bininci afet konutunun depremzedelere teslim edilece\u011fini a\u00e7\u0131klad\u0131. \u201cT\u00fcrkiye\u2019nin en b\u00fcy\u00fck ihtiyac\u0131 birlik ve karde\u015flik siyasetidir. 86 milyon kalp kalbe vererek g\u00fczel yar\u0131nlara ula\u015faca\u011f\u0131z\u201d dedi. ULA\u015eTIRMA YATIRIMLARI VE REKORLAR Ankara-K\u0131r\u0131kkale-\u00c7orum-Samsun H\u0131zl\u0131 Demir Yolu Projesi\u2019nin Delice-\u00c7orum etab\u0131n\u0131n temelinin at\u0131ld\u0131\u011f\u0131n\u0131 duyuran Cumhurba\u015fkan\u0131 Erdo\u011fan, &#8220;Hat, y\u0131lda 12 milyon yolcu ve 14 milyon ton y\u00fck ta\u015f\u0131yacak, Samsun ve Mersin limanlar\u0131n\u0131 birle\u015ftirecek. Saatte 200 km h\u0131za uygun planlanan projeyle \u00c7orum-Ankara aras\u0131 1 saat 15 dakikaya, Ankara-Samsun aras\u0131 ise 2029\u2019da tamamland\u0131\u011f\u0131nda 2,5 saate inecek. 5 istasyon, 8 t\u00fcnel, 26 k\u00f6pr\u00fc ve viyad\u00fck ile 16 \u00fcst ge\u00e7itten olu\u015facak hat, \u0130stanbul ve \u00c7anakkale Bo\u011fazlar\u0131\u2019ndaki y\u00fck trafi\u011fini hafifletecek ve T\u00fcrkiye\u2019yi k\u00fcresel ticaretin lojistik merkezi yapacak&#8221; diye konu\u015ftu. Ula\u015ft\u0131rma altyap\u0131s\u0131ndaki yat\u0131r\u0131mlar\u0131n \u00f6nemine vurgu yapan Erdo\u011fan, y\u00fcksek h\u0131zl\u0131 trenler, b\u00f6lgesel trenler ve kent i\u00e7i rayl\u0131 sistemlerle 2,78 milyon yolcu ta\u015f\u0131nd\u0131\u011f\u0131n\u0131 an\u0131msatarak, yat\u0131r\u0131m zincirimize yeni halkalar ekleyeceklerini m\u00fcjdeledi. &hellip;","og_url":"https:\/\/denizcankizil.tr\/en\/haberler\/gundem\/cumhurbaskani-erdogandan-kabine-sonrasi-onemli-aciklamalar-devlet-akliyla-guclu-gelecek\/","og_site_name":"Av. Deniz Can K\u0131z\u0131l","article_published_time":"2025-06-17T06:42:19+00:00","author":"admin","twitter_card":"summary_large_image","twitter_misc":{"Written by":"admin","Estimated reading time":"6 minutes"},"schema":{"@context":"https:\/\/schema.org","@graph":[{"@type":"Article","@id":"https:\/\/denizcankizil.tr\/ru\/haberler\/gundem\/cumhurbaskani-erdogandan-kabine-sonrasi-onemli-aciklamalar-devlet-akliyla-guclu-gelecek\/#article","isPartOf":{"@id":"https:\/\/denizcankizil.tr\/ru\/haberler\/gundem\/cumhurbaskani-erdogandan-kabine-sonrasi-onemli-aciklamalar-devlet-akliyla-guclu-gelecek\/"},"author":{"name":"admin","@id":"https:\/\/denizcankizil.tr\/de\/#\/schema\/person\/be3c05fe6a12686905512445d8185489"},"headline":"Cumhurba\u015fkan\u0131 Erdo\u011fan\u2019dan Kabine sonras\u0131 \u00f6nemli a\u00e7\u0131klamalar&#8230; Devlet akl\u0131yla g\u00fc\u00e7l\u00fc gelecek","datePublished":"2025-06-17T06:42:19+00:00","mainEntityOfPage":{"@id":"https:\/\/denizcankizil.tr\/ru\/haberler\/gundem\/cumhurbaskani-erdogandan-kabine-sonrasi-onemli-aciklamalar-devlet-akliyla-guclu-gelecek\/"},"wordCount":1260,"publisher":{"@id":"https:\/\/denizcankizil.tr\/de\/#organization"},"articleSection":["G\u00fcndem"],"inLanguage":"en-GB"},{"@type":"WebPage","@id":"https:\/\/denizcankizil.tr\/ru\/haberler\/gundem\/cumhurbaskani-erdogandan-kabine-sonrasi-onemli-aciklamalar-devlet-akliyla-guclu-gelecek\/","url":"https:\/\/denizcankizil.tr\/ru\/haberler\/gundem\/cumhurbaskani-erdogandan-kabine-sonrasi-onemli-aciklamalar-devlet-akliyla-guclu-gelecek\/","name":"Cumhurba\u015fkan\u0131 Erdo\u011fan\u2019dan Kabine sonras\u0131 \u00f6nemli a\u00e7\u0131klamalar... Devlet akl\u0131yla g\u00fc\u00e7l\u00fc gelecek - Av. Deniz Can K\u0131z\u0131l","isPartOf":{"@id":"https:\/\/denizcankizil.tr\/de\/#website"},"datePublished":"2025-06-17T06:42:19+00:00","breadcrumb":{"@id":"https:\/\/denizcankizil.tr\/ru\/haberler\/gundem\/cumhurbaskani-erdogandan-kabine-sonrasi-onemli-aciklamalar-devlet-akliyla-guclu-gelecek\/#breadcrumb"},"inLanguage":"en-GB","potentialAction":[{"@type":"ReadAction","target":["https:\/\/denizcankizil.tr\/ru\/haberler\/gundem\/cumhurbaskani-erdogandan-kabine-sonrasi-onemli-aciklamalar-devlet-akliyla-guclu-gelecek\/"]}]},{"@type":"BreadcrumbList","@id":"https:\/\/denizcankizil.tr\/ru\/haberler\/gundem\/cumhurbaskani-erdogandan-kabine-sonrasi-onemli-aciklamalar-devlet-akliyla-guclu-gelecek\/#breadcrumb","itemListElement":[{"@type":"ListItem","position":1,"name":"Home","item":"https:\/\/denizcankizil.tr\/de\/"},{"@type":"ListItem","position":2,"name":"Cumhurba\u015fkan\u0131 Erdo\u011fan\u2019dan Kabine sonras\u0131 \u00f6nemli a\u00e7\u0131klamalar&#8230; Devlet akl\u0131yla g\u00fc\u00e7l\u00fc gelecek"}]},{"@type":"WebSite","@id":"https:\/\/denizcankizil.tr\/de\/#website","url":"https:\/\/denizcankizil.tr\/de\/","name":"Av. Deniz Can K\u0131z\u0131l","description":"Avukat Deniz Can K\u0131z\u0131l Antalya Barosu","publisher":{"@id":"https:\/\/denizcankizil.tr\/de\/#organization"},"potentialAction":[{"@type":"SearchAction","target":{"@type":"EntryPoint","urlTemplate":"https:\/\/denizcankizil.tr\/de\/?s={search_term_string}"},"query-input":{"@type":"PropertyValueSpecification","valueRequired":true,"valueName":"search_term_string"}}],"inLanguage":"en-GB"},{"@type":"Organization","@id":"https:\/\/denizcankizil.tr\/de\/#organization","name":"Av. Deniz Can K\u0131z\u0131l","url":"https:\/\/denizcankizil.tr\/de\/","logo":{"@type":"ImageObject","inLanguage":"en-GB","@id":"https:\/\/denizcankizil.tr\/de\/#\/schema\/logo\/image\/","url":"https:\/\/denizcankizil.tr\/wp-content\/uploads\/2024\/10\/siyah-logo-svg.svg","contentUrl":"https:\/\/denizcankizil.tr\/wp-content\/uploads\/2024\/10\/siyah-logo-svg.svg","width":1080,"height":1080,"caption":"Av. Deniz Can K\u0131z\u0131l"},"image":{"@id":"https:\/\/denizcankizil.tr\/de\/#\/schema\/logo\/image\/"}},{"@type":"Person","@id":"https:\/\/denizcankizil.tr\/de\/#\/schema\/person\/be3c05fe6a12686905512445d8185489","name":"admin","image":{"@type":"ImageObject","inLanguage":"en-GB","@id":"https:\/\/denizcankizil.tr\/de\/#\/schema\/person\/image\/","url":"https:\/\/secure.gravatar.com\/avatar\/c1fce94c830dc79107e174f890d7210541c4a63e8e5d816341794a2151c9d58c?s=96&d=mm&r=g","contentUrl":"https:\/\/secure.gravatar.com\/avatar\/c1fce94c830dc79107e174f890d7210541c4a63e8e5d816341794a2151c9d58c?s=96&d=mm&r=g","caption":"admin"},"sameAs":["http:\/\/denizcankizil.tr"],"url":"https:\/\/www.iskenderun.org\/cumhurbaskani-erdogandan-kabine-sonrasi-onemli-aciklamalar-devlet-akliyla-guclu-gelecek"}]}},"_links":{"self":[{"href":"https:\/\/denizcankizil.tr\/en\/wp-json\/wp\/v2\/posts\/118414","targetHints":{"allow":["GET"]}}],"collection":[{"href":"https:\/\/denizcankizil.tr\/en\/wp-json\/wp\/v2\/posts"}],"about":[{"href":"https:\/\/denizcankizil.tr\/en\/wp-json\/wp\/v2\/types\/post"}],"author":[{"embeddable":true,"href":"https:\/\/denizcankizil.tr\/en\/wp-json\/wp\/v2\/users\/1"}],"replies":[{"embeddable":true,"href":"https:\/\/denizcankizil.tr\/en\/wp-json\/wp\/v2\/comments?post=118414"}],"version-history":[{"count":0,"href":"https:\/\/denizcankizil.tr\/en\/wp-json\/wp\/v2\/posts\/118414\/revisions"}],"wp:attachment":[{"href":"https:\/\/denizcankizil.tr\/en\/wp-json\/wp\/v2\/media?parent=118414"}],"wp:term":[{"taxonomy":"category","embeddable":true,"href":"https:\/\/denizcankizil.tr\/en\/wp-json\/wp\/v2\/categories?post=118414"},{"taxonomy":"post_tag","embeddable":true,"href":"https:\/\/denizcankizil.tr\/en\/wp-json\/wp\/v2\/tags?post=118414"}],"curies":[{"name":"wp","href":"https:\/\/api.w.org\/{rel}","templated":true}]}}