{"id":118412,"date":"2025-06-17T09:42:16","date_gmt":"2025-06-17T06:42:16","guid":{"rendered":"https:\/\/denizcankizil.tr\/uncategorized-tr\/canakkale-bogazinda-yangin-panigi-bogaz-trafigi-yeniden-acildi\/"},"modified":"2025-06-17T09:42:16","modified_gmt":"2025-06-17T06:42:16","slug":"canakkale-bogazinda-yangin-panigi-bogaz-trafigi-yeniden-acildi","status":"publish","type":"post","link":"https:\/\/denizcankizil.tr\/en\/haberler\/gundem\/canakkale-bogazinda-yangin-panigi-bogaz-trafigi-yeniden-acildi\/","title":{"rendered":"\u00c7anakkale Bo\u011faz\u0131\u2019nda yang\u0131n pani\u011fi! Bo\u011faz trafi\u011fi yeniden a\u00e7\u0131ld\u0131"},"content":{"rendered":"<p>Marmaris\u2019ten Yalova\u2019ya seyir halindeki 120 metrelik INDUSTRIAL CHALLENGER adl\u0131 y\u00fck gemisi, \u00c7anakkale Bo\u011faz\u0131\u2019nda makine dairesinde \u00e7\u0131kan yang\u0131n sonras\u0131 s\u00fcr\u00fcklenmeye ba\u015flad\u0131. Gemi, K\u0131y\u0131 Emniyet Genel M\u00fcd\u00fcrl\u00fc\u011f\u00fc\u2019n\u00fcn operasyonuyla Karanl\u0131k Liman\u2019a demirletilirken, bo\u011faz trafi\u011fi yeniden a\u00e7\u0131ld\u0131.\u00c7ANAKKALE (\u0130GFA) &#8211; Al\u0131nan bilgiye g\u00f6re, Marmaris\u2019ten Yalova\u2019ya giden 120 metre boyundaki INDUSTRIAL CHALLENGER adl\u0131 y\u00fck\/konteyner gemisi, \u00c7anakkale Bo\u011faz\u0131 Kumkale \u00f6nlerinde makine dairesinde \u00e7\u0131kan yang\u0131n nedeniyle makinesi stop etti ve s\u00fcr\u00fcklenmeye ba\u015flad\u0131.<br \/>\nK\u0131y\u0131 Emniyet Genel M\u00fcd\u00fcrl\u00fc\u011f\u00fc\u2019n\u00fcn (KEGM) \u00c7anakkale Gemi Trafik Hizmetleri (GTH) Merkezi\u2019nin koordinasyonunda h\u0131zla harekete ge\u00e7ildi.<br \/>\nT\u00dcRKEL\u0130 r\u00f6mork\u00f6r\u00fc ve KIYEM-1 botu gemiye refakat ederken, KURTARMA-13 r\u00f6mork\u00f6r\u00fc gemiyi \u00e7ekerek Karanl\u0131k Liman\u2019a g\u00fcvenli bir \u015fekilde demirletmeyi ba\u015fard\u0131.<br \/>\nOperasyonun tamamlanmas\u0131yla, yang\u0131n nedeniyle ask\u0131ya al\u0131nan \u00c7anakkale Bo\u011faz\u0131 gemi trafi\u011fi \u00e7ift y\u00f6nl\u00fc olarak yeniden a\u00e7\u0131ld\u0131.<\/p>\n<p><blockquote class=\"twitter-tweet\" data-width=\"550\" data-dnt=\"true\"><p lang=\"tr\" dir=\"ltr\">Marmaris\u2019ten Yalova\u2019ya seyir halindeyken \u00c7anakkale Bo\u011faz\u0131 Kumkale \u00f6nlerinde makine dairesinde meydana gelen yang\u0131n sonras\u0131 makinesi stop ederek s\u00fcr\u00fcklenen INDUSTRIAL CHALLENGER isimli 120 metre boyundaki y\u00fck \/ konteyner gemisi, \u00c7anakkale GTH Merkezimiz koordinasyonunda; <a href=\"https:\/\/t.co\/B5WTV3FxKc\">pic.twitter.com\/B5WTV3FxKc<\/a><\/p>&mdash; KEGM (@kiyiemniyet) <a href=\"https:\/\/twitter.com\/kiyiemniyet\/status\/1934687810553860358?ref_src=twsrc%5Etfw\">June 16, 2025<\/a><\/blockquote><script async src=\"https:\/\/platform.twitter.com\/widgets.js\" charset=\"utf-8\"><\/script><\/p>\n<p>\u200bMarmaris\u2019ten Yalova\u2019ya seyir halindeki 120 metrelik INDUSTRIAL CHALLENGER adl\u0131 y\u00fck gemisi, \u00c7anakkale Bo\u011faz\u0131\u2019nda makine dairesinde \u00e7\u0131kan yang\u0131n sonras\u0131 s\u00fcr\u00fcklenmeye ba\u015flad\u0131. Gemi, K\u0131y\u0131 Emniyet Genel M\u00fcd\u00fcrl\u00fc\u011f\u00fc\u2019n\u00fcn operasyonuyla Karanl\u0131k Liman\u2019a demirletilirken, bo\u011faz trafi\u011fi yeniden a\u00e7\u0131ld\u0131.\u00c7ANAKKALE (\u0130GFA) &#8211; Al\u0131nan bilgiye g\u00f6re, Marmaris\u2019ten Yalova\u2019ya giden 120 metre boyundaki INDUSTRIAL CHALLENGER adl\u0131 y\u00fck\/konteyner gemisi, \u00c7anakkale Bo\u011faz\u0131 Kumkale \u00f6nlerinde makine dairesinde \u00e7\u0131kan yang\u0131n nedeniyle makinesi stop etti ve s\u00fcr\u00fcklenmeye ba\u015flad\u0131.<br \/>\nK\u0131y\u0131 Emniyet Genel M\u00fcd\u00fcrl\u00fc\u011f\u00fc\u2019n\u00fcn (KEGM) \u00c7anakkale Gemi Trafik Hizmetleri (GTH) Merkezi\u2019nin koordinasyonunda h\u0131zla harekete ge\u00e7ildi.<br \/>\nT\u00dcRKEL\u0130 r\u00f6mork\u00f6r\u00fc ve KIYEM-1 botu gemiye refakat ederken, KURTARMA-13 r\u00f6mork\u00f6r\u00fc gemiyi \u00e7ekerek Karanl\u0131k Liman\u2019a g\u00fcvenli bir \u015fekilde demirletmeyi ba\u015fard\u0131.<br \/>\nOperasyonun tamamlanmas\u0131yla, yang\u0131n nedeniyle ask\u0131ya al\u0131nan \u00c7anakkale Bo\u011faz\u0131 gemi trafi\u011fi \u00e7ift y\u00f6nl\u00fc olarak yeniden a\u00e7\u0131ld\u0131.<\/p>\n<p>https:\/\/twitter.com\/kiyiemniyet\/status\/1934687810553860358\u00a0<\/p>\n<p>\u200bHaberin Al\u0131nt\u0131land\u0131\u011f\u0131 Kaynak: www.iskenderun.org<\/p>","protected":false},"excerpt":{"rendered":"<p>Marmaris\u2019ten Yalova\u2019ya seyir halindeki 120 metrelik INDUSTRIAL CHALLENGER adl\u0131 y\u00fck gemisi, \u00c7anakkale Bo\u011faz\u0131\u2019nda makine dairesinde \u00e7\u0131kan yang\u0131n sonras\u0131 s\u00fcr\u00fcklenmeye ba\u015flad\u0131. Gemi, K\u0131y\u0131 Emniyet Genel M\u00fcd\u00fcrl\u00fc\u011f\u00fc\u2019n\u00fcn operasyonuyla Karanl\u0131k Liman\u2019a demirletilirken, bo\u011faz trafi\u011fi yeniden a\u00e7\u0131ld\u0131.\u00c7ANAKKALE (\u0130GFA) &#8211; Al\u0131nan bilgiye g\u00f6re, Marmaris\u2019ten Yalova\u2019ya giden 120 metre boyundaki INDUSTRIAL CHALLENGER adl\u0131 y\u00fck\/konteyner gemisi, \u00c7anakkale Bo\u011faz\u0131 Kumkale \u00f6nlerinde makine dairesinde \u00e7\u0131kan yang\u0131n nedeniyle makinesi stop etti ve s\u00fcr\u00fcklenmeye ba\u015flad\u0131. K\u0131y\u0131 Emniyet Genel M\u00fcd\u00fcrl\u00fc\u011f\u00fc\u2019n\u00fcn (KEGM) \u00c7anakkale Gemi Trafik Hizmetleri (GTH) Merkezi\u2019nin koordinasyonunda h\u0131zla harekete ge\u00e7ildi. T\u00dcRKEL\u0130 r\u00f6mork\u00f6r\u00fc ve KIYEM-1 botu gemiye refakat ederken, KURTARMA-13 r\u00f6mork\u00f6r\u00fc gemiyi \u00e7ekerek Karanl\u0131k Liman\u2019a g\u00fcvenli bir \u015fekilde demirletmeyi ba\u015fard\u0131. Operasyonun tamamlanmas\u0131yla, yang\u0131n nedeniyle ask\u0131ya al\u0131nan \u00c7anakkale Bo\u011faz\u0131 gemi trafi\u011fi \u00e7ift y\u00f6nl\u00fc olarak yeniden a\u00e7\u0131ld\u0131. Marmaris\u2019ten Yalova\u2019ya seyir halindeyken \u00c7anakkale Bo\u011faz\u0131 Kumkale \u00f6nlerinde makine dairesinde meydana gelen yang\u0131n sonras\u0131 makinesi stop ederek s\u00fcr\u00fcklenen INDUSTRIAL CHALLENGER isimli 120 metre boyundaki y\u00fck \/ konteyner gemisi, \u00c7anakkale GTH Merkezimiz koordinasyonunda; pic.twitter.com\/B5WTV3FxKc &mdash; KEGM (@kiyiemniyet) June 16, 2025 \u200bMarmaris\u2019ten Yalova\u2019ya seyir halindeki 120 metrelik INDUSTRIAL CHALLENGER adl\u0131 y\u00fck gemisi, \u00c7anakkale Bo\u011faz\u0131\u2019nda makine dairesinde \u00e7\u0131kan yang\u0131n sonras\u0131 s\u00fcr\u00fcklenmeye ba\u015flad\u0131. Gemi, K\u0131y\u0131 Emniyet Genel M\u00fcd\u00fcrl\u00fc\u011f\u00fc\u2019n\u00fcn operasyonuyla Karanl\u0131k Liman\u2019a demirletilirken, bo\u011faz trafi\u011fi yeniden a\u00e7\u0131ld\u0131.\u00c7ANAKKALE (\u0130GFA) &#8211; Al\u0131nan bilgiye g\u00f6re, Marmaris\u2019ten Yalova\u2019ya giden 120 metre boyundaki INDUSTRIAL CHALLENGER adl\u0131 y\u00fck\/konteyner &hellip;<\/p>","protected":false},"author":1,"featured_media":0,"comment_status":"","ping_status":"open","sticky":false,"template":"","format":"standard","meta":{"_acf_changed":false,"footnotes":""},"categories":[24],"tags":[],"class_list":["post-118412","post","type-post","status-publish","format-standard","has-post-thumbnail","hentry","category-gundem"],"acf":[],"yoast_head":"<!-- This site is optimized with the Yoast SEO Premium plugin v26.6 (Yoast SEO v27.1.1) - https:\/\/yoast.com\/product\/yoast-seo-premium-wordpress\/ -->\n<title>\u00c7anakkale Bo\u011faz\u0131\u2019nda yang\u0131n pani\u011fi! Bo\u011faz trafi\u011fi yeniden a\u00e7\u0131ld\u0131 - Av. Deniz Can K\u0131z\u0131l<\/title>\n<meta name=\"robots\" content=\"index, follow, max-snippet:-1, max-image-preview:large, max-video-preview:-1\" \/>\n<link rel=\"canonical\" href=\"https:\/\/denizcankizil.tr\/en\/haberler\/gundem\/canakkale-bogazinda-yangin-panigi-bogaz-trafigi-yeniden-acildi\/\" \/>\n<meta property=\"og:locale\" content=\"en_GB\" \/>\n<meta property=\"og:type\" content=\"article\" \/>\n<meta property=\"og:title\" content=\"\u00c7anakkale Bo\u011faz\u0131\u2019nda yang\u0131n pani\u011fi! Bo\u011faz trafi\u011fi yeniden a\u00e7\u0131ld\u0131\" \/>\n<meta property=\"og:description\" content=\"Marmaris\u2019ten Yalova\u2019ya seyir halindeki 120 metrelik INDUSTRIAL CHALLENGER adl\u0131 y\u00fck gemisi, \u00c7anakkale Bo\u011faz\u0131\u2019nda makine dairesinde \u00e7\u0131kan yang\u0131n sonras\u0131 s\u00fcr\u00fcklenmeye ba\u015flad\u0131. Gemi, K\u0131y\u0131 Emniyet Genel M\u00fcd\u00fcrl\u00fc\u011f\u00fc\u2019n\u00fcn operasyonuyla Karanl\u0131k Liman\u2019a demirletilirken, bo\u011faz trafi\u011fi yeniden a\u00e7\u0131ld\u0131.\u00c7ANAKKALE (\u0130GFA) &#8211; Al\u0131nan bilgiye g\u00f6re, Marmaris\u2019ten Yalova\u2019ya giden 120 metre boyundaki INDUSTRIAL CHALLENGER adl\u0131 y\u00fck\/konteyner gemisi, \u00c7anakkale Bo\u011faz\u0131 Kumkale \u00f6nlerinde makine dairesinde \u00e7\u0131kan yang\u0131n nedeniyle makinesi stop etti ve s\u00fcr\u00fcklenmeye ba\u015flad\u0131. K\u0131y\u0131 Emniyet Genel M\u00fcd\u00fcrl\u00fc\u011f\u00fc\u2019n\u00fcn (KEGM) \u00c7anakkale Gemi Trafik Hizmetleri (GTH) Merkezi\u2019nin koordinasyonunda h\u0131zla harekete ge\u00e7ildi. T\u00dcRKEL\u0130 r\u00f6mork\u00f6r\u00fc ve KIYEM-1 botu gemiye refakat ederken, KURTARMA-13 r\u00f6mork\u00f6r\u00fc gemiyi \u00e7ekerek Karanl\u0131k Liman\u2019a g\u00fcvenli bir \u015fekilde demirletmeyi ba\u015fard\u0131. Operasyonun tamamlanmas\u0131yla, yang\u0131n nedeniyle ask\u0131ya al\u0131nan \u00c7anakkale Bo\u011faz\u0131 gemi trafi\u011fi \u00e7ift y\u00f6nl\u00fc olarak yeniden a\u00e7\u0131ld\u0131. Marmaris\u2019ten Yalova\u2019ya seyir halindeyken \u00c7anakkale Bo\u011faz\u0131 Kumkale \u00f6nlerinde makine dairesinde meydana gelen yang\u0131n sonras\u0131 makinesi stop ederek s\u00fcr\u00fcklenen INDUSTRIAL CHALLENGER isimli 120 metre boyundaki y\u00fck \/ konteyner gemisi, \u00c7anakkale GTH Merkezimiz koordinasyonunda; pic.twitter.com\/B5WTV3FxKc &mdash; KEGM (@kiyiemniyet) June 16, 2025 \u200bMarmaris\u2019ten Yalova\u2019ya seyir halindeki 120 metrelik INDUSTRIAL CHALLENGER adl\u0131 y\u00fck gemisi, \u00c7anakkale Bo\u011faz\u0131\u2019nda makine dairesinde \u00e7\u0131kan yang\u0131n sonras\u0131 s\u00fcr\u00fcklenmeye ba\u015flad\u0131. Gemi, K\u0131y\u0131 Emniyet Genel M\u00fcd\u00fcrl\u00fc\u011f\u00fc\u2019n\u00fcn operasyonuyla Karanl\u0131k Liman\u2019a demirletilirken, bo\u011faz trafi\u011fi yeniden a\u00e7\u0131ld\u0131.\u00c7ANAKKALE (\u0130GFA) &#8211; Al\u0131nan bilgiye g\u00f6re, Marmaris\u2019ten Yalova\u2019ya giden 120 metre boyundaki INDUSTRIAL CHALLENGER adl\u0131 y\u00fck\/konteyner &hellip;\" \/>\n<meta property=\"og:url\" content=\"https:\/\/denizcankizil.tr\/en\/haberler\/gundem\/canakkale-bogazinda-yangin-panigi-bogaz-trafigi-yeniden-acildi\/\" \/>\n<meta property=\"og:site_name\" content=\"Av. Deniz Can K\u0131z\u0131l\" \/>\n<meta property=\"article:published_time\" content=\"2025-06-17T06:42:16+00:00\" \/>\n<meta name=\"author\" content=\"admin\" \/>\n<meta name=\"twitter:card\" content=\"summary_large_image\" \/>\n<meta name=\"twitter:label1\" content=\"Written by\" \/>\n\t<meta name=\"twitter:data1\" content=\"admin\" \/>\n\t<meta name=\"twitter:label2\" content=\"Estimated reading time\" \/>\n\t<meta name=\"twitter:data2\" content=\"2 minutes\" \/>\n<script type=\"application\/ld+json\" class=\"yoast-schema-graph\">{\"@context\":\"https:\/\/schema.org\",\"@graph\":[{\"@type\":\"Article\",\"@id\":\"https:\/\/denizcankizil.tr\/de\/haberler\/gundem\/canakkale-bogazinda-yangin-panigi-bogaz-trafigi-yeniden-acildi\/#article\",\"isPartOf\":{\"@id\":\"https:\/\/denizcankizil.tr\/de\/haberler\/gundem\/canakkale-bogazinda-yangin-panigi-bogaz-trafigi-yeniden-acildi\/\"},\"author\":{\"name\":\"admin\",\"@id\":\"https:\/\/denizcankizil.tr\/de\/#\/schema\/person\/be3c05fe6a12686905512445d8185489\"},\"headline\":\"\u00c7anakkale Bo\u011faz\u0131\u2019nda yang\u0131n pani\u011fi! Bo\u011faz trafi\u011fi yeniden a\u00e7\u0131ld\u0131\",\"datePublished\":\"2025-06-17T06:42:16+00:00\",\"mainEntityOfPage\":{\"@id\":\"https:\/\/denizcankizil.tr\/de\/haberler\/gundem\/canakkale-bogazinda-yangin-panigi-bogaz-trafigi-yeniden-acildi\/\"},\"wordCount\":367,\"publisher\":{\"@id\":\"https:\/\/denizcankizil.tr\/de\/#organization\"},\"articleSection\":[\"G\u00fcndem\"],\"inLanguage\":\"en-GB\"},{\"@type\":\"WebPage\",\"@id\":\"https:\/\/denizcankizil.tr\/de\/haberler\/gundem\/canakkale-bogazinda-yangin-panigi-bogaz-trafigi-yeniden-acildi\/\",\"url\":\"https:\/\/denizcankizil.tr\/de\/haberler\/gundem\/canakkale-bogazinda-yangin-panigi-bogaz-trafigi-yeniden-acildi\/\",\"name\":\"\u00c7anakkale Bo\u011faz\u0131\u2019nda yang\u0131n pani\u011fi! Bo\u011faz trafi\u011fi yeniden a\u00e7\u0131ld\u0131 - Av. Deniz Can K\u0131z\u0131l\",\"isPartOf\":{\"@id\":\"https:\/\/denizcankizil.tr\/de\/#website\"},\"datePublished\":\"2025-06-17T06:42:16+00:00\",\"breadcrumb\":{\"@id\":\"https:\/\/denizcankizil.tr\/de\/haberler\/gundem\/canakkale-bogazinda-yangin-panigi-bogaz-trafigi-yeniden-acildi\/#breadcrumb\"},\"inLanguage\":\"en-GB\",\"potentialAction\":[{\"@type\":\"ReadAction\",\"target\":[\"https:\/\/denizcankizil.tr\/de\/haberler\/gundem\/canakkale-bogazinda-yangin-panigi-bogaz-trafigi-yeniden-acildi\/\"]}]},{\"@type\":\"BreadcrumbList\",\"@id\":\"https:\/\/denizcankizil.tr\/de\/haberler\/gundem\/canakkale-bogazinda-yangin-panigi-bogaz-trafigi-yeniden-acildi\/#breadcrumb\",\"itemListElement\":[{\"@type\":\"ListItem\",\"position\":1,\"name\":\"Home\",\"item\":\"https:\/\/denizcankizil.tr\/de\/\"},{\"@type\":\"ListItem\",\"position\":2,\"name\":\"\u00c7anakkale Bo\u011faz\u0131\u2019nda yang\u0131n pani\u011fi! Bo\u011faz trafi\u011fi yeniden a\u00e7\u0131ld\u0131\"}]},{\"@type\":\"WebSite\",\"@id\":\"https:\/\/denizcankizil.tr\/de\/#website\",\"url\":\"https:\/\/denizcankizil.tr\/de\/\",\"name\":\"Av. Deniz Can K\u0131z\u0131l\",\"description\":\"Avukat Deniz Can K\u0131z\u0131l Antalya Barosu\",\"publisher\":{\"@id\":\"https:\/\/denizcankizil.tr\/de\/#organization\"},\"potentialAction\":[{\"@type\":\"SearchAction\",\"target\":{\"@type\":\"EntryPoint\",\"urlTemplate\":\"https:\/\/denizcankizil.tr\/de\/?s={search_term_string}\"},\"query-input\":{\"@type\":\"PropertyValueSpecification\",\"valueRequired\":true,\"valueName\":\"search_term_string\"}}],\"inLanguage\":\"en-GB\"},{\"@type\":\"Organization\",\"@id\":\"https:\/\/denizcankizil.tr\/de\/#organization\",\"name\":\"Av. Deniz Can K\u0131z\u0131l\",\"url\":\"https:\/\/denizcankizil.tr\/de\/\",\"logo\":{\"@type\":\"ImageObject\",\"inLanguage\":\"en-GB\",\"@id\":\"https:\/\/denizcankizil.tr\/de\/#\/schema\/logo\/image\/\",\"url\":\"https:\/\/denizcankizil.tr\/wp-content\/uploads\/2024\/10\/siyah-logo-svg.svg\",\"contentUrl\":\"https:\/\/denizcankizil.tr\/wp-content\/uploads\/2024\/10\/siyah-logo-svg.svg\",\"width\":1080,\"height\":1080,\"caption\":\"Av. Deniz Can K\u0131z\u0131l\"},\"image\":{\"@id\":\"https:\/\/denizcankizil.tr\/de\/#\/schema\/logo\/image\/\"}},{\"@type\":\"Person\",\"@id\":\"https:\/\/denizcankizil.tr\/de\/#\/schema\/person\/be3c05fe6a12686905512445d8185489\",\"name\":\"admin\",\"image\":{\"@type\":\"ImageObject\",\"inLanguage\":\"en-GB\",\"@id\":\"https:\/\/denizcankizil.tr\/de\/#\/schema\/person\/image\/\",\"url\":\"https:\/\/secure.gravatar.com\/avatar\/c1fce94c830dc79107e174f890d7210541c4a63e8e5d816341794a2151c9d58c?s=96&d=mm&r=g\",\"contentUrl\":\"https:\/\/secure.gravatar.com\/avatar\/c1fce94c830dc79107e174f890d7210541c4a63e8e5d816341794a2151c9d58c?s=96&d=mm&r=g\",\"caption\":\"admin\"},\"sameAs\":[\"http:\/\/denizcankizil.tr\"],\"url\":\"https:\/\/www.iskenderun.org\/canakkale-bogazinda-yangin-panigi-bogaz-trafigi-yeniden-acildi\"}]}<\/script>\n<!-- \/ Yoast SEO Premium plugin. -->","yoast_head_json":{"title":"\u00c7anakkale Bo\u011faz\u0131\u2019nda yang\u0131n pani\u011fi! Bo\u011faz trafi\u011fi yeniden a\u00e7\u0131ld\u0131 - Av. Deniz Can K\u0131z\u0131l","robots":{"index":"index","follow":"follow","max-snippet":"max-snippet:-1","max-image-preview":"max-image-preview:large","max-video-preview":"max-video-preview:-1"},"canonical":"https:\/\/denizcankizil.tr\/en\/haberler\/gundem\/canakkale-bogazinda-yangin-panigi-bogaz-trafigi-yeniden-acildi\/","og_locale":"en_GB","og_type":"article","og_title":"\u00c7anakkale Bo\u011faz\u0131\u2019nda yang\u0131n pani\u011fi! Bo\u011faz trafi\u011fi yeniden a\u00e7\u0131ld\u0131","og_description":"Marmaris\u2019ten Yalova\u2019ya seyir halindeki 120 metrelik INDUSTRIAL CHALLENGER adl\u0131 y\u00fck gemisi, \u00c7anakkale Bo\u011faz\u0131\u2019nda makine dairesinde \u00e7\u0131kan yang\u0131n sonras\u0131 s\u00fcr\u00fcklenmeye ba\u015flad\u0131. Gemi, K\u0131y\u0131 Emniyet Genel M\u00fcd\u00fcrl\u00fc\u011f\u00fc\u2019n\u00fcn operasyonuyla Karanl\u0131k Liman\u2019a demirletilirken, bo\u011faz trafi\u011fi yeniden a\u00e7\u0131ld\u0131.\u00c7ANAKKALE (\u0130GFA) &#8211; Al\u0131nan bilgiye g\u00f6re, Marmaris\u2019ten Yalova\u2019ya giden 120 metre boyundaki INDUSTRIAL CHALLENGER adl\u0131 y\u00fck\/konteyner gemisi, \u00c7anakkale Bo\u011faz\u0131 Kumkale \u00f6nlerinde makine dairesinde \u00e7\u0131kan yang\u0131n nedeniyle makinesi stop etti ve s\u00fcr\u00fcklenmeye ba\u015flad\u0131. K\u0131y\u0131 Emniyet Genel M\u00fcd\u00fcrl\u00fc\u011f\u00fc\u2019n\u00fcn (KEGM) \u00c7anakkale Gemi Trafik Hizmetleri (GTH) Merkezi\u2019nin koordinasyonunda h\u0131zla harekete ge\u00e7ildi. T\u00dcRKEL\u0130 r\u00f6mork\u00f6r\u00fc ve KIYEM-1 botu gemiye refakat ederken, KURTARMA-13 r\u00f6mork\u00f6r\u00fc gemiyi \u00e7ekerek Karanl\u0131k Liman\u2019a g\u00fcvenli bir \u015fekilde demirletmeyi ba\u015fard\u0131. Operasyonun tamamlanmas\u0131yla, yang\u0131n nedeniyle ask\u0131ya al\u0131nan \u00c7anakkale Bo\u011faz\u0131 gemi trafi\u011fi \u00e7ift y\u00f6nl\u00fc olarak yeniden a\u00e7\u0131ld\u0131. Marmaris\u2019ten Yalova\u2019ya seyir halindeyken \u00c7anakkale Bo\u011faz\u0131 Kumkale \u00f6nlerinde makine dairesinde meydana gelen yang\u0131n sonras\u0131 makinesi stop ederek s\u00fcr\u00fcklenen INDUSTRIAL CHALLENGER isimli 120 metre boyundaki y\u00fck \/ konteyner gemisi, \u00c7anakkale GTH Merkezimiz koordinasyonunda; pic.twitter.com\/B5WTV3FxKc &mdash; KEGM (@kiyiemniyet) June 16, 2025 \u200bMarmaris\u2019ten Yalova\u2019ya seyir halindeki 120 metrelik INDUSTRIAL CHALLENGER adl\u0131 y\u00fck gemisi, \u00c7anakkale Bo\u011faz\u0131\u2019nda makine dairesinde \u00e7\u0131kan yang\u0131n sonras\u0131 s\u00fcr\u00fcklenmeye ba\u015flad\u0131. Gemi, K\u0131y\u0131 Emniyet Genel M\u00fcd\u00fcrl\u00fc\u011f\u00fc\u2019n\u00fcn operasyonuyla Karanl\u0131k Liman\u2019a demirletilirken, bo\u011faz trafi\u011fi yeniden a\u00e7\u0131ld\u0131.\u00c7ANAKKALE (\u0130GFA) &#8211; Al\u0131nan bilgiye g\u00f6re, Marmaris\u2019ten Yalova\u2019ya giden 120 metre boyundaki INDUSTRIAL CHALLENGER adl\u0131 y\u00fck\/konteyner &hellip;","og_url":"https:\/\/denizcankizil.tr\/en\/haberler\/gundem\/canakkale-bogazinda-yangin-panigi-bogaz-trafigi-yeniden-acildi\/","og_site_name":"Av. Deniz Can K\u0131z\u0131l","article_published_time":"2025-06-17T06:42:16+00:00","author":"admin","twitter_card":"summary_large_image","twitter_misc":{"Written by":"admin","Estimated reading time":"2 minutes"},"schema":{"@context":"https:\/\/schema.org","@graph":[{"@type":"Article","@id":"https:\/\/denizcankizil.tr\/de\/haberler\/gundem\/canakkale-bogazinda-yangin-panigi-bogaz-trafigi-yeniden-acildi\/#article","isPartOf":{"@id":"https:\/\/denizcankizil.tr\/de\/haberler\/gundem\/canakkale-bogazinda-yangin-panigi-bogaz-trafigi-yeniden-acildi\/"},"author":{"name":"admin","@id":"https:\/\/denizcankizil.tr\/de\/#\/schema\/person\/be3c05fe6a12686905512445d8185489"},"headline":"\u00c7anakkale Bo\u011faz\u0131\u2019nda yang\u0131n pani\u011fi! Bo\u011faz trafi\u011fi yeniden a\u00e7\u0131ld\u0131","datePublished":"2025-06-17T06:42:16+00:00","mainEntityOfPage":{"@id":"https:\/\/denizcankizil.tr\/de\/haberler\/gundem\/canakkale-bogazinda-yangin-panigi-bogaz-trafigi-yeniden-acildi\/"},"wordCount":367,"publisher":{"@id":"https:\/\/denizcankizil.tr\/de\/#organization"},"articleSection":["G\u00fcndem"],"inLanguage":"en-GB"},{"@type":"WebPage","@id":"https:\/\/denizcankizil.tr\/de\/haberler\/gundem\/canakkale-bogazinda-yangin-panigi-bogaz-trafigi-yeniden-acildi\/","url":"https:\/\/denizcankizil.tr\/de\/haberler\/gundem\/canakkale-bogazinda-yangin-panigi-bogaz-trafigi-yeniden-acildi\/","name":"\u00c7anakkale Bo\u011faz\u0131\u2019nda yang\u0131n pani\u011fi! Bo\u011faz trafi\u011fi yeniden a\u00e7\u0131ld\u0131 - Av. Deniz Can K\u0131z\u0131l","isPartOf":{"@id":"https:\/\/denizcankizil.tr\/de\/#website"},"datePublished":"2025-06-17T06:42:16+00:00","breadcrumb":{"@id":"https:\/\/denizcankizil.tr\/de\/haberler\/gundem\/canakkale-bogazinda-yangin-panigi-bogaz-trafigi-yeniden-acildi\/#breadcrumb"},"inLanguage":"en-GB","potentialAction":[{"@type":"ReadAction","target":["https:\/\/denizcankizil.tr\/de\/haberler\/gundem\/canakkale-bogazinda-yangin-panigi-bogaz-trafigi-yeniden-acildi\/"]}]},{"@type":"BreadcrumbList","@id":"https:\/\/denizcankizil.tr\/de\/haberler\/gundem\/canakkale-bogazinda-yangin-panigi-bogaz-trafigi-yeniden-acildi\/#breadcrumb","itemListElement":[{"@type":"ListItem","position":1,"name":"Home","item":"https:\/\/denizcankizil.tr\/de\/"},{"@type":"ListItem","position":2,"name":"\u00c7anakkale Bo\u011faz\u0131\u2019nda yang\u0131n pani\u011fi! Bo\u011faz trafi\u011fi yeniden a\u00e7\u0131ld\u0131"}]},{"@type":"WebSite","@id":"https:\/\/denizcankizil.tr\/de\/#website","url":"https:\/\/denizcankizil.tr\/de\/","name":"Av. Deniz Can K\u0131z\u0131l","description":"Avukat Deniz Can K\u0131z\u0131l Antalya Barosu","publisher":{"@id":"https:\/\/denizcankizil.tr\/de\/#organization"},"potentialAction":[{"@type":"SearchAction","target":{"@type":"EntryPoint","urlTemplate":"https:\/\/denizcankizil.tr\/de\/?s={search_term_string}"},"query-input":{"@type":"PropertyValueSpecification","valueRequired":true,"valueName":"search_term_string"}}],"inLanguage":"en-GB"},{"@type":"Organization","@id":"https:\/\/denizcankizil.tr\/de\/#organization","name":"Av. Deniz Can K\u0131z\u0131l","url":"https:\/\/denizcankizil.tr\/de\/","logo":{"@type":"ImageObject","inLanguage":"en-GB","@id":"https:\/\/denizcankizil.tr\/de\/#\/schema\/logo\/image\/","url":"https:\/\/denizcankizil.tr\/wp-content\/uploads\/2024\/10\/siyah-logo-svg.svg","contentUrl":"https:\/\/denizcankizil.tr\/wp-content\/uploads\/2024\/10\/siyah-logo-svg.svg","width":1080,"height":1080,"caption":"Av. Deniz Can K\u0131z\u0131l"},"image":{"@id":"https:\/\/denizcankizil.tr\/de\/#\/schema\/logo\/image\/"}},{"@type":"Person","@id":"https:\/\/denizcankizil.tr\/de\/#\/schema\/person\/be3c05fe6a12686905512445d8185489","name":"admin","image":{"@type":"ImageObject","inLanguage":"en-GB","@id":"https:\/\/denizcankizil.tr\/de\/#\/schema\/person\/image\/","url":"https:\/\/secure.gravatar.com\/avatar\/c1fce94c830dc79107e174f890d7210541c4a63e8e5d816341794a2151c9d58c?s=96&d=mm&r=g","contentUrl":"https:\/\/secure.gravatar.com\/avatar\/c1fce94c830dc79107e174f890d7210541c4a63e8e5d816341794a2151c9d58c?s=96&d=mm&r=g","caption":"admin"},"sameAs":["http:\/\/denizcankizil.tr"],"url":"https:\/\/www.iskenderun.org\/canakkale-bogazinda-yangin-panigi-bogaz-trafigi-yeniden-acildi"}]}},"_links":{"self":[{"href":"https:\/\/denizcankizil.tr\/en\/wp-json\/wp\/v2\/posts\/118412","targetHints":{"allow":["GET"]}}],"collection":[{"href":"https:\/\/denizcankizil.tr\/en\/wp-json\/wp\/v2\/posts"}],"about":[{"href":"https:\/\/denizcankizil.tr\/en\/wp-json\/wp\/v2\/types\/post"}],"author":[{"embeddable":true,"href":"https:\/\/denizcankizil.tr\/en\/wp-json\/wp\/v2\/users\/1"}],"replies":[{"embeddable":true,"href":"https:\/\/denizcankizil.tr\/en\/wp-json\/wp\/v2\/comments?post=118412"}],"version-history":[{"count":0,"href":"https:\/\/denizcankizil.tr\/en\/wp-json\/wp\/v2\/posts\/118412\/revisions"}],"wp:attachment":[{"href":"https:\/\/denizcankizil.tr\/en\/wp-json\/wp\/v2\/media?parent=118412"}],"wp:term":[{"taxonomy":"category","embeddable":true,"href":"https:\/\/denizcankizil.tr\/en\/wp-json\/wp\/v2\/categories?post=118412"},{"taxonomy":"post_tag","embeddable":true,"href":"https:\/\/denizcankizil.tr\/en\/wp-json\/wp\/v2\/tags?post=118412"}],"curies":[{"name":"wp","href":"https:\/\/api.w.org\/{rel}","templated":true}]}}