{"id":118411,"date":"2025-06-17T09:42:15","date_gmt":"2025-06-17T06:42:15","guid":{"rendered":"https:\/\/denizcankizil.tr\/uncategorized-tr\/sicaklik-mevsim-normallerinde-ruzgar-yer-yer-kuvvetli\/"},"modified":"2025-06-17T09:42:15","modified_gmt":"2025-06-17T06:42:15","slug":"sicaklik-mevsim-normallerinde-ruzgar-yer-yer-kuvvetli","status":"publish","type":"post","link":"https:\/\/denizcankizil.tr\/en\/haberler\/gundem\/sicaklik-mevsim-normallerinde-ruzgar-yer-yer-kuvvetli\/","title":{"rendered":"S\u0131cakl\u0131k mevsim normallerinde, r\u00fczgar yer yer kuvvetli!"},"content":{"rendered":"<p>Meteoroloji Genel M\u00fcd\u00fcrl\u00fc\u011f\u00fc\u2019n\u00fcn yay\u0131nlad\u0131\u011f\u0131 son tahminlere g\u00f6re, T\u00fcrkiye\u2019nin kuzey ve do\u011fu b\u00f6lgelerinde par\u00e7al\u0131 ve yer yer \u00e7ok bulutlu hava hakim olacak.ANKARA (\u0130GFA) &#8211; Meteoroloji Genel M\u00fcd\u00fcrl\u00fc\u011f\u00fc taraf\u0131ndan yap\u0131lan son de\u011ferlendirmelere ili\u015fkin hava raporunu yay\u0131mlad\u0131.<br \/>\n\u00dclkemizin kuzey ve do\u011fu kesimlerinin par\u00e7al\u0131, yer yer \u00e7ok bulutlu, Do\u011fu Karadeniz ve Ordu \u00e7evreleri ile Do\u011fu Anadolu&#8217;nun kuzeydo\u011fusunun yerel sa\u011fanak ve g\u00f6k g\u00fcr\u00fclt\u00fcl\u00fc sa\u011fanak ya\u011f\u0131\u015fl\u0131, di\u011fer yerlerin az bulutlu ve a\u00e7\u0131k ge\u00e7ece\u011fi tahmin ediliyor.<\/p>\n<p>Hava s\u0131cakl\u0131\u011f\u0131n\u0131n, yurdun kuzey kesimlerinde mevsim normallerinin alt\u0131nda, di\u011fer yerlerde mevsim normalleri civar\u0131nda seyretmesi bekleniyor.<br \/>\nR\u00fczgar genellikle kuzeyli, Do\u011fu Anadolu&#8217;nun g\u00fcneydo\u011fusunda g\u00fcneyli y\u00f6nlerden hafif, ara s\u0131ra orta kuvvette, Ege k\u0131y\u0131lar\u0131, \u0130\u00e7 Anadolu&#8217;nun do\u011fusu, Do\u011fu Anadolu&#8217;nun bat\u0131s\u0131nda kuzeyli, Do\u011fu Anadolu\u2019nun g\u00fcneydo\u011fusunda g\u00fcneyli y\u00f6nlerden kuvvetli olarak (30-50 km\/saat) esmesi bekleniyor.<\/p>\n<p>KUVVETL\u0130 R\u00dcZG\u00c2R UYARISI:<br \/>\nR\u00fczg\u00e2r\u0131n, Kuzey Ege k\u0131y\u0131lar\u0131, \u0130\u00e7 Anadolu\u2019nun do\u011fusu ve Do\u011fu Anadolu\u2019nun bat\u0131s\u0131nda kuzeyli y\u00f6nlerden, Do\u011fu Anadolu\u2019nun g\u00fcneydo\u011fusunda g\u00fcneyli y\u00f6nlerden kuvvetli (30-50 km\/saat) esmesi beklendi\u011finden ya\u015fanabilecek olumsuzluklara kar\u015f\u0131 dikkatli ve tedbirli olunmas\u0131 gerekmektedir.<\/p>\n<p>\u200bMeteoroloji Genel M\u00fcd\u00fcrl\u00fc\u011f\u00fc\u2019n\u00fcn yay\u0131nlad\u0131\u011f\u0131 son tahminlere g\u00f6re, T\u00fcrkiye\u2019nin kuzey ve do\u011fu b\u00f6lgelerinde par\u00e7al\u0131 ve yer yer \u00e7ok bulutlu hava hakim olacak.ANKARA (\u0130GFA) &#8211; Meteoroloji Genel M\u00fcd\u00fcrl\u00fc\u011f\u00fc taraf\u0131ndan yap\u0131lan son de\u011ferlendirmelere ili\u015fkin hava raporunu yay\u0131mlad\u0131.<br \/>\n\u00dclkemizin kuzey ve do\u011fu kesimlerinin par\u00e7al\u0131, yer yer \u00e7ok bulutlu, Do\u011fu Karadeniz ve Ordu \u00e7evreleri ile Do\u011fu Anadolu&#8217;nun kuzeydo\u011fusunun yerel sa\u011fanak ve g\u00f6k g\u00fcr\u00fclt\u00fcl\u00fc sa\u011fanak ya\u011f\u0131\u015fl\u0131, di\u011fer yerlerin az bulutlu ve a\u00e7\u0131k ge\u00e7ece\u011fi tahmin ediliyor.<\/p>\n<p>Hava s\u0131cakl\u0131\u011f\u0131n\u0131n, yurdun kuzey kesimlerinde mevsim normallerinin alt\u0131nda, di\u011fer yerlerde mevsim normalleri civar\u0131nda seyretmesi bekleniyor.<br \/>\nR\u00fczgar genellikle kuzeyli, Do\u011fu Anadolu&#8217;nun g\u00fcneydo\u011fusunda g\u00fcneyli y\u00f6nlerden hafif, ara s\u0131ra orta kuvvette, Ege k\u0131y\u0131lar\u0131, \u0130\u00e7 Anadolu&#8217;nun do\u011fusu, Do\u011fu Anadolu&#8217;nun bat\u0131s\u0131nda kuzeyli, Do\u011fu Anadolu\u2019nun g\u00fcneydo\u011fusunda g\u00fcneyli y\u00f6nlerden kuvvetli olarak (30-50 km\/saat) esmesi bekleniyor.<\/p>\n<p>KUVVETL\u0130 R\u00dcZG\u00c2R UYARISI:<br \/>\nR\u00fczg\u00e2r\u0131n, Kuzey Ege k\u0131y\u0131lar\u0131, \u0130\u00e7 Anadolu\u2019nun do\u011fusu ve Do\u011fu Anadolu\u2019nun bat\u0131s\u0131nda kuzeyli y\u00f6nlerden, Do\u011fu Anadolu\u2019nun g\u00fcneydo\u011fusunda g\u00fcneyli y\u00f6nlerden kuvvetli (30-50 km\/saat) esmesi beklendi\u011finden ya\u015fanabilecek olumsuzluklara kar\u015f\u0131 dikkatli ve tedbirli olunmas\u0131 gerekmektedir.\u00a0<\/p>\n<p>\u200bHaberin Al\u0131nt\u0131land\u0131\u011f\u0131 Kaynak: www.iskenderun.org<\/p>","protected":false},"excerpt":{"rendered":"<p>Meteoroloji Genel M\u00fcd\u00fcrl\u00fc\u011f\u00fc\u2019n\u00fcn yay\u0131nlad\u0131\u011f\u0131 son tahminlere g\u00f6re, T\u00fcrkiye\u2019nin kuzey ve do\u011fu b\u00f6lgelerinde par\u00e7al\u0131 ve yer yer \u00e7ok bulutlu hava hakim olacak.ANKARA (\u0130GFA) &#8211; Meteoroloji Genel M\u00fcd\u00fcrl\u00fc\u011f\u00fc taraf\u0131ndan yap\u0131lan son de\u011ferlendirmelere ili\u015fkin hava raporunu yay\u0131mlad\u0131. \u00dclkemizin kuzey ve do\u011fu kesimlerinin par\u00e7al\u0131, yer yer \u00e7ok bulutlu, Do\u011fu Karadeniz ve Ordu \u00e7evreleri ile Do\u011fu Anadolu&#8217;nun kuzeydo\u011fusunun yerel sa\u011fanak ve g\u00f6k g\u00fcr\u00fclt\u00fcl\u00fc sa\u011fanak ya\u011f\u0131\u015fl\u0131, di\u011fer yerlerin az bulutlu ve a\u00e7\u0131k ge\u00e7ece\u011fi tahmin ediliyor. Hava s\u0131cakl\u0131\u011f\u0131n\u0131n, yurdun kuzey kesimlerinde mevsim normallerinin alt\u0131nda, di\u011fer yerlerde mevsim normalleri civar\u0131nda seyretmesi bekleniyor. R\u00fczgar genellikle kuzeyli, Do\u011fu Anadolu&#8217;nun g\u00fcneydo\u011fusunda g\u00fcneyli y\u00f6nlerden hafif, ara s\u0131ra orta kuvvette, Ege k\u0131y\u0131lar\u0131, \u0130\u00e7 Anadolu&#8217;nun do\u011fusu, Do\u011fu Anadolu&#8217;nun bat\u0131s\u0131nda kuzeyli, Do\u011fu Anadolu\u2019nun g\u00fcneydo\u011fusunda g\u00fcneyli y\u00f6nlerden kuvvetli olarak (30-50 km\/saat) esmesi bekleniyor. KUVVETL\u0130 R\u00dcZG\u00c2R UYARISI: R\u00fczg\u00e2r\u0131n, Kuzey Ege k\u0131y\u0131lar\u0131, \u0130\u00e7 Anadolu\u2019nun do\u011fusu ve Do\u011fu Anadolu\u2019nun bat\u0131s\u0131nda kuzeyli y\u00f6nlerden, Do\u011fu Anadolu\u2019nun g\u00fcneydo\u011fusunda g\u00fcneyli y\u00f6nlerden kuvvetli (30-50 km\/saat) esmesi beklendi\u011finden ya\u015fanabilecek olumsuzluklara kar\u015f\u0131 dikkatli ve tedbirli olunmas\u0131 gerekmektedir. \u200bMeteoroloji Genel M\u00fcd\u00fcrl\u00fc\u011f\u00fc\u2019n\u00fcn yay\u0131nlad\u0131\u011f\u0131 son tahminlere g\u00f6re, T\u00fcrkiye\u2019nin kuzey ve do\u011fu b\u00f6lgelerinde par\u00e7al\u0131 ve yer yer \u00e7ok bulutlu hava hakim olacak.ANKARA (\u0130GFA) &#8211; Meteoroloji Genel M\u00fcd\u00fcrl\u00fc\u011f\u00fc taraf\u0131ndan yap\u0131lan son de\u011ferlendirmelere ili\u015fkin hava raporunu yay\u0131mlad\u0131. \u00dclkemizin kuzey ve do\u011fu kesimlerinin par\u00e7al\u0131, yer yer \u00e7ok bulutlu, Do\u011fu Karadeniz ve Ordu \u00e7evreleri &hellip;<\/p>","protected":false},"author":1,"featured_media":0,"comment_status":"","ping_status":"open","sticky":false,"template":"","format":"standard","meta":{"_acf_changed":false,"footnotes":""},"categories":[24],"tags":[],"class_list":["post-118411","post","type-post","status-publish","format-standard","has-post-thumbnail","hentry","category-gundem"],"acf":[],"yoast_head":"<!-- This site is optimized with the Yoast SEO Premium plugin v26.6 (Yoast SEO v27.1.1) - https:\/\/yoast.com\/product\/yoast-seo-premium-wordpress\/ -->\n<title>S\u0131cakl\u0131k mevsim normallerinde, r\u00fczgar yer yer kuvvetli! - Av. Deniz Can K\u0131z\u0131l<\/title>\n<meta name=\"robots\" content=\"index, follow, max-snippet:-1, max-image-preview:large, max-video-preview:-1\" \/>\n<link rel=\"canonical\" href=\"https:\/\/denizcankizil.tr\/en\/haberler\/gundem\/sicaklik-mevsim-normallerinde-ruzgar-yer-yer-kuvvetli\/\" \/>\n<meta property=\"og:locale\" content=\"en_GB\" \/>\n<meta property=\"og:type\" content=\"article\" \/>\n<meta property=\"og:title\" content=\"S\u0131cakl\u0131k mevsim normallerinde, r\u00fczgar yer yer kuvvetli!\" \/>\n<meta property=\"og:description\" content=\"Meteoroloji Genel M\u00fcd\u00fcrl\u00fc\u011f\u00fc\u2019n\u00fcn yay\u0131nlad\u0131\u011f\u0131 son tahminlere g\u00f6re, T\u00fcrkiye\u2019nin kuzey ve do\u011fu b\u00f6lgelerinde par\u00e7al\u0131 ve yer yer \u00e7ok bulutlu hava hakim olacak.ANKARA (\u0130GFA) &#8211; Meteoroloji Genel M\u00fcd\u00fcrl\u00fc\u011f\u00fc taraf\u0131ndan yap\u0131lan son de\u011ferlendirmelere ili\u015fkin hava raporunu yay\u0131mlad\u0131. \u00dclkemizin kuzey ve do\u011fu kesimlerinin par\u00e7al\u0131, yer yer \u00e7ok bulutlu, Do\u011fu Karadeniz ve Ordu \u00e7evreleri ile Do\u011fu Anadolu&#8217;nun kuzeydo\u011fusunun yerel sa\u011fanak ve g\u00f6k g\u00fcr\u00fclt\u00fcl\u00fc sa\u011fanak ya\u011f\u0131\u015fl\u0131, di\u011fer yerlerin az bulutlu ve a\u00e7\u0131k ge\u00e7ece\u011fi tahmin ediliyor. Hava s\u0131cakl\u0131\u011f\u0131n\u0131n, yurdun kuzey kesimlerinde mevsim normallerinin alt\u0131nda, di\u011fer yerlerde mevsim normalleri civar\u0131nda seyretmesi bekleniyor. R\u00fczgar genellikle kuzeyli, Do\u011fu Anadolu&#8217;nun g\u00fcneydo\u011fusunda g\u00fcneyli y\u00f6nlerden hafif, ara s\u0131ra orta kuvvette, Ege k\u0131y\u0131lar\u0131, \u0130\u00e7 Anadolu&#8217;nun do\u011fusu, Do\u011fu Anadolu&#8217;nun bat\u0131s\u0131nda kuzeyli, Do\u011fu Anadolu\u2019nun g\u00fcneydo\u011fusunda g\u00fcneyli y\u00f6nlerden kuvvetli olarak (30-50 km\/saat) esmesi bekleniyor. KUVVETL\u0130 R\u00dcZG\u00c2R UYARISI: R\u00fczg\u00e2r\u0131n, Kuzey Ege k\u0131y\u0131lar\u0131, \u0130\u00e7 Anadolu\u2019nun do\u011fusu ve Do\u011fu Anadolu\u2019nun bat\u0131s\u0131nda kuzeyli y\u00f6nlerden, Do\u011fu Anadolu\u2019nun g\u00fcneydo\u011fusunda g\u00fcneyli y\u00f6nlerden kuvvetli (30-50 km\/saat) esmesi beklendi\u011finden ya\u015fanabilecek olumsuzluklara kar\u015f\u0131 dikkatli ve tedbirli olunmas\u0131 gerekmektedir. \u200bMeteoroloji Genel M\u00fcd\u00fcrl\u00fc\u011f\u00fc\u2019n\u00fcn yay\u0131nlad\u0131\u011f\u0131 son tahminlere g\u00f6re, T\u00fcrkiye\u2019nin kuzey ve do\u011fu b\u00f6lgelerinde par\u00e7al\u0131 ve yer yer \u00e7ok bulutlu hava hakim olacak.ANKARA (\u0130GFA) &#8211; Meteoroloji Genel M\u00fcd\u00fcrl\u00fc\u011f\u00fc taraf\u0131ndan yap\u0131lan son de\u011ferlendirmelere ili\u015fkin hava raporunu yay\u0131mlad\u0131. \u00dclkemizin kuzey ve do\u011fu kesimlerinin par\u00e7al\u0131, yer yer \u00e7ok bulutlu, Do\u011fu Karadeniz ve Ordu \u00e7evreleri &hellip;\" \/>\n<meta property=\"og:url\" content=\"https:\/\/denizcankizil.tr\/en\/haberler\/gundem\/sicaklik-mevsim-normallerinde-ruzgar-yer-yer-kuvvetli\/\" \/>\n<meta property=\"og:site_name\" content=\"Av. Deniz Can K\u0131z\u0131l\" \/>\n<meta property=\"article:published_time\" content=\"2025-06-17T06:42:15+00:00\" \/>\n<meta name=\"author\" content=\"admin\" \/>\n<meta name=\"twitter:card\" content=\"summary_large_image\" \/>\n<meta name=\"twitter:label1\" content=\"Written by\" \/>\n\t<meta name=\"twitter:data1\" content=\"admin\" \/>\n\t<meta name=\"twitter:label2\" content=\"Estimated reading time\" \/>\n\t<meta name=\"twitter:data2\" content=\"2 minutes\" \/>\n<script type=\"application\/ld+json\" class=\"yoast-schema-graph\">{\"@context\":\"https:\/\/schema.org\",\"@graph\":[{\"@type\":\"Article\",\"@id\":\"https:\/\/denizcankizil.tr\/en\/haberler\/gundem\/sicaklik-mevsim-normallerinde-ruzgar-yer-yer-kuvvetli\/#article\",\"isPartOf\":{\"@id\":\"https:\/\/denizcankizil.tr\/en\/haberler\/gundem\/sicaklik-mevsim-normallerinde-ruzgar-yer-yer-kuvvetli\/\"},\"author\":{\"name\":\"admin\",\"@id\":\"https:\/\/denizcankizil.tr\/de\/#\/schema\/person\/be3c05fe6a12686905512445d8185489\"},\"headline\":\"S\u0131cakl\u0131k mevsim normallerinde, r\u00fczgar yer yer kuvvetli!\",\"datePublished\":\"2025-06-17T06:42:15+00:00\",\"mainEntityOfPage\":{\"@id\":\"https:\/\/denizcankizil.tr\/en\/haberler\/gundem\/sicaklik-mevsim-normallerinde-ruzgar-yer-yer-kuvvetli\/\"},\"wordCount\":492,\"publisher\":{\"@id\":\"https:\/\/denizcankizil.tr\/de\/#organization\"},\"articleSection\":[\"G\u00fcndem\"],\"inLanguage\":\"en-GB\"},{\"@type\":\"WebPage\",\"@id\":\"https:\/\/denizcankizil.tr\/en\/haberler\/gundem\/sicaklik-mevsim-normallerinde-ruzgar-yer-yer-kuvvetli\/\",\"url\":\"https:\/\/denizcankizil.tr\/en\/haberler\/gundem\/sicaklik-mevsim-normallerinde-ruzgar-yer-yer-kuvvetli\/\",\"name\":\"S\u0131cakl\u0131k mevsim normallerinde, r\u00fczgar yer yer kuvvetli! - Av. Deniz Can K\u0131z\u0131l\",\"isPartOf\":{\"@id\":\"https:\/\/denizcankizil.tr\/de\/#website\"},\"datePublished\":\"2025-06-17T06:42:15+00:00\",\"breadcrumb\":{\"@id\":\"https:\/\/denizcankizil.tr\/en\/haberler\/gundem\/sicaklik-mevsim-normallerinde-ruzgar-yer-yer-kuvvetli\/#breadcrumb\"},\"inLanguage\":\"en-GB\",\"potentialAction\":[{\"@type\":\"ReadAction\",\"target\":[\"https:\/\/denizcankizil.tr\/en\/haberler\/gundem\/sicaklik-mevsim-normallerinde-ruzgar-yer-yer-kuvvetli\/\"]}]},{\"@type\":\"BreadcrumbList\",\"@id\":\"https:\/\/denizcankizil.tr\/en\/haberler\/gundem\/sicaklik-mevsim-normallerinde-ruzgar-yer-yer-kuvvetli\/#breadcrumb\",\"itemListElement\":[{\"@type\":\"ListItem\",\"position\":1,\"name\":\"Home\",\"item\":\"https:\/\/denizcankizil.tr\/de\/\"},{\"@type\":\"ListItem\",\"position\":2,\"name\":\"S\u0131cakl\u0131k mevsim normallerinde, r\u00fczgar yer yer kuvvetli!\"}]},{\"@type\":\"WebSite\",\"@id\":\"https:\/\/denizcankizil.tr\/de\/#website\",\"url\":\"https:\/\/denizcankizil.tr\/de\/\",\"name\":\"Av. Deniz Can K\u0131z\u0131l\",\"description\":\"Avukat Deniz Can K\u0131z\u0131l Antalya Barosu\",\"publisher\":{\"@id\":\"https:\/\/denizcankizil.tr\/de\/#organization\"},\"potentialAction\":[{\"@type\":\"SearchAction\",\"target\":{\"@type\":\"EntryPoint\",\"urlTemplate\":\"https:\/\/denizcankizil.tr\/de\/?s={search_term_string}\"},\"query-input\":{\"@type\":\"PropertyValueSpecification\",\"valueRequired\":true,\"valueName\":\"search_term_string\"}}],\"inLanguage\":\"en-GB\"},{\"@type\":\"Organization\",\"@id\":\"https:\/\/denizcankizil.tr\/de\/#organization\",\"name\":\"Av. Deniz Can K\u0131z\u0131l\",\"url\":\"https:\/\/denizcankizil.tr\/de\/\",\"logo\":{\"@type\":\"ImageObject\",\"inLanguage\":\"en-GB\",\"@id\":\"https:\/\/denizcankizil.tr\/de\/#\/schema\/logo\/image\/\",\"url\":\"https:\/\/denizcankizil.tr\/wp-content\/uploads\/2024\/10\/siyah-logo-svg.svg\",\"contentUrl\":\"https:\/\/denizcankizil.tr\/wp-content\/uploads\/2024\/10\/siyah-logo-svg.svg\",\"width\":1080,\"height\":1080,\"caption\":\"Av. Deniz Can K\u0131z\u0131l\"},\"image\":{\"@id\":\"https:\/\/denizcankizil.tr\/de\/#\/schema\/logo\/image\/\"}},{\"@type\":\"Person\",\"@id\":\"https:\/\/denizcankizil.tr\/de\/#\/schema\/person\/be3c05fe6a12686905512445d8185489\",\"name\":\"admin\",\"image\":{\"@type\":\"ImageObject\",\"inLanguage\":\"en-GB\",\"@id\":\"https:\/\/denizcankizil.tr\/de\/#\/schema\/person\/image\/\",\"url\":\"https:\/\/secure.gravatar.com\/avatar\/c1fce94c830dc79107e174f890d7210541c4a63e8e5d816341794a2151c9d58c?s=96&d=mm&r=g\",\"contentUrl\":\"https:\/\/secure.gravatar.com\/avatar\/c1fce94c830dc79107e174f890d7210541c4a63e8e5d816341794a2151c9d58c?s=96&d=mm&r=g\",\"caption\":\"admin\"},\"sameAs\":[\"http:\/\/denizcankizil.tr\"],\"url\":\"https:\/\/www.iskenderun.org\/sicaklik-mevsim-normallerinde-ruzgar-yer-yer-kuvvetli\"}]}<\/script>\n<!-- \/ Yoast SEO Premium plugin. -->","yoast_head_json":{"title":"S\u0131cakl\u0131k mevsim normallerinde, r\u00fczgar yer yer kuvvetli! - Av. Deniz Can K\u0131z\u0131l","robots":{"index":"index","follow":"follow","max-snippet":"max-snippet:-1","max-image-preview":"max-image-preview:large","max-video-preview":"max-video-preview:-1"},"canonical":"https:\/\/denizcankizil.tr\/en\/haberler\/gundem\/sicaklik-mevsim-normallerinde-ruzgar-yer-yer-kuvvetli\/","og_locale":"en_GB","og_type":"article","og_title":"S\u0131cakl\u0131k mevsim normallerinde, r\u00fczgar yer yer kuvvetli!","og_description":"Meteoroloji Genel M\u00fcd\u00fcrl\u00fc\u011f\u00fc\u2019n\u00fcn yay\u0131nlad\u0131\u011f\u0131 son tahminlere g\u00f6re, T\u00fcrkiye\u2019nin kuzey ve do\u011fu b\u00f6lgelerinde par\u00e7al\u0131 ve yer yer \u00e7ok bulutlu hava hakim olacak.ANKARA (\u0130GFA) &#8211; Meteoroloji Genel M\u00fcd\u00fcrl\u00fc\u011f\u00fc taraf\u0131ndan yap\u0131lan son de\u011ferlendirmelere ili\u015fkin hava raporunu yay\u0131mlad\u0131. \u00dclkemizin kuzey ve do\u011fu kesimlerinin par\u00e7al\u0131, yer yer \u00e7ok bulutlu, Do\u011fu Karadeniz ve Ordu \u00e7evreleri ile Do\u011fu Anadolu&#8217;nun kuzeydo\u011fusunun yerel sa\u011fanak ve g\u00f6k g\u00fcr\u00fclt\u00fcl\u00fc sa\u011fanak ya\u011f\u0131\u015fl\u0131, di\u011fer yerlerin az bulutlu ve a\u00e7\u0131k ge\u00e7ece\u011fi tahmin ediliyor. Hava s\u0131cakl\u0131\u011f\u0131n\u0131n, yurdun kuzey kesimlerinde mevsim normallerinin alt\u0131nda, di\u011fer yerlerde mevsim normalleri civar\u0131nda seyretmesi bekleniyor. R\u00fczgar genellikle kuzeyli, Do\u011fu Anadolu&#8217;nun g\u00fcneydo\u011fusunda g\u00fcneyli y\u00f6nlerden hafif, ara s\u0131ra orta kuvvette, Ege k\u0131y\u0131lar\u0131, \u0130\u00e7 Anadolu&#8217;nun do\u011fusu, Do\u011fu Anadolu&#8217;nun bat\u0131s\u0131nda kuzeyli, Do\u011fu Anadolu\u2019nun g\u00fcneydo\u011fusunda g\u00fcneyli y\u00f6nlerden kuvvetli olarak (30-50 km\/saat) esmesi bekleniyor. KUVVETL\u0130 R\u00dcZG\u00c2R UYARISI: R\u00fczg\u00e2r\u0131n, Kuzey Ege k\u0131y\u0131lar\u0131, \u0130\u00e7 Anadolu\u2019nun do\u011fusu ve Do\u011fu Anadolu\u2019nun bat\u0131s\u0131nda kuzeyli y\u00f6nlerden, Do\u011fu Anadolu\u2019nun g\u00fcneydo\u011fusunda g\u00fcneyli y\u00f6nlerden kuvvetli (30-50 km\/saat) esmesi beklendi\u011finden ya\u015fanabilecek olumsuzluklara kar\u015f\u0131 dikkatli ve tedbirli olunmas\u0131 gerekmektedir. \u200bMeteoroloji Genel M\u00fcd\u00fcrl\u00fc\u011f\u00fc\u2019n\u00fcn yay\u0131nlad\u0131\u011f\u0131 son tahminlere g\u00f6re, T\u00fcrkiye\u2019nin kuzey ve do\u011fu b\u00f6lgelerinde par\u00e7al\u0131 ve yer yer \u00e7ok bulutlu hava hakim olacak.ANKARA (\u0130GFA) &#8211; Meteoroloji Genel M\u00fcd\u00fcrl\u00fc\u011f\u00fc taraf\u0131ndan yap\u0131lan son de\u011ferlendirmelere ili\u015fkin hava raporunu yay\u0131mlad\u0131. \u00dclkemizin kuzey ve do\u011fu kesimlerinin par\u00e7al\u0131, yer yer \u00e7ok bulutlu, Do\u011fu Karadeniz ve Ordu \u00e7evreleri &hellip;","og_url":"https:\/\/denizcankizil.tr\/en\/haberler\/gundem\/sicaklik-mevsim-normallerinde-ruzgar-yer-yer-kuvvetli\/","og_site_name":"Av. Deniz Can K\u0131z\u0131l","article_published_time":"2025-06-17T06:42:15+00:00","author":"admin","twitter_card":"summary_large_image","twitter_misc":{"Written by":"admin","Estimated reading time":"2 minutes"},"schema":{"@context":"https:\/\/schema.org","@graph":[{"@type":"Article","@id":"https:\/\/denizcankizil.tr\/en\/haberler\/gundem\/sicaklik-mevsim-normallerinde-ruzgar-yer-yer-kuvvetli\/#article","isPartOf":{"@id":"https:\/\/denizcankizil.tr\/en\/haberler\/gundem\/sicaklik-mevsim-normallerinde-ruzgar-yer-yer-kuvvetli\/"},"author":{"name":"admin","@id":"https:\/\/denizcankizil.tr\/de\/#\/schema\/person\/be3c05fe6a12686905512445d8185489"},"headline":"S\u0131cakl\u0131k mevsim normallerinde, r\u00fczgar yer yer kuvvetli!","datePublished":"2025-06-17T06:42:15+00:00","mainEntityOfPage":{"@id":"https:\/\/denizcankizil.tr\/en\/haberler\/gundem\/sicaklik-mevsim-normallerinde-ruzgar-yer-yer-kuvvetli\/"},"wordCount":492,"publisher":{"@id":"https:\/\/denizcankizil.tr\/de\/#organization"},"articleSection":["G\u00fcndem"],"inLanguage":"en-GB"},{"@type":"WebPage","@id":"https:\/\/denizcankizil.tr\/en\/haberler\/gundem\/sicaklik-mevsim-normallerinde-ruzgar-yer-yer-kuvvetli\/","url":"https:\/\/denizcankizil.tr\/en\/haberler\/gundem\/sicaklik-mevsim-normallerinde-ruzgar-yer-yer-kuvvetli\/","name":"S\u0131cakl\u0131k mevsim normallerinde, r\u00fczgar yer yer kuvvetli! - Av. Deniz Can K\u0131z\u0131l","isPartOf":{"@id":"https:\/\/denizcankizil.tr\/de\/#website"},"datePublished":"2025-06-17T06:42:15+00:00","breadcrumb":{"@id":"https:\/\/denizcankizil.tr\/en\/haberler\/gundem\/sicaklik-mevsim-normallerinde-ruzgar-yer-yer-kuvvetli\/#breadcrumb"},"inLanguage":"en-GB","potentialAction":[{"@type":"ReadAction","target":["https:\/\/denizcankizil.tr\/en\/haberler\/gundem\/sicaklik-mevsim-normallerinde-ruzgar-yer-yer-kuvvetli\/"]}]},{"@type":"BreadcrumbList","@id":"https:\/\/denizcankizil.tr\/en\/haberler\/gundem\/sicaklik-mevsim-normallerinde-ruzgar-yer-yer-kuvvetli\/#breadcrumb","itemListElement":[{"@type":"ListItem","position":1,"name":"Home","item":"https:\/\/denizcankizil.tr\/de\/"},{"@type":"ListItem","position":2,"name":"S\u0131cakl\u0131k mevsim normallerinde, r\u00fczgar yer yer kuvvetli!"}]},{"@type":"WebSite","@id":"https:\/\/denizcankizil.tr\/de\/#website","url":"https:\/\/denizcankizil.tr\/de\/","name":"Av. Deniz Can K\u0131z\u0131l","description":"Avukat Deniz Can K\u0131z\u0131l Antalya Barosu","publisher":{"@id":"https:\/\/denizcankizil.tr\/de\/#organization"},"potentialAction":[{"@type":"SearchAction","target":{"@type":"EntryPoint","urlTemplate":"https:\/\/denizcankizil.tr\/de\/?s={search_term_string}"},"query-input":{"@type":"PropertyValueSpecification","valueRequired":true,"valueName":"search_term_string"}}],"inLanguage":"en-GB"},{"@type":"Organization","@id":"https:\/\/denizcankizil.tr\/de\/#organization","name":"Av. Deniz Can K\u0131z\u0131l","url":"https:\/\/denizcankizil.tr\/de\/","logo":{"@type":"ImageObject","inLanguage":"en-GB","@id":"https:\/\/denizcankizil.tr\/de\/#\/schema\/logo\/image\/","url":"https:\/\/denizcankizil.tr\/wp-content\/uploads\/2024\/10\/siyah-logo-svg.svg","contentUrl":"https:\/\/denizcankizil.tr\/wp-content\/uploads\/2024\/10\/siyah-logo-svg.svg","width":1080,"height":1080,"caption":"Av. Deniz Can K\u0131z\u0131l"},"image":{"@id":"https:\/\/denizcankizil.tr\/de\/#\/schema\/logo\/image\/"}},{"@type":"Person","@id":"https:\/\/denizcankizil.tr\/de\/#\/schema\/person\/be3c05fe6a12686905512445d8185489","name":"admin","image":{"@type":"ImageObject","inLanguage":"en-GB","@id":"https:\/\/denizcankizil.tr\/de\/#\/schema\/person\/image\/","url":"https:\/\/secure.gravatar.com\/avatar\/c1fce94c830dc79107e174f890d7210541c4a63e8e5d816341794a2151c9d58c?s=96&d=mm&r=g","contentUrl":"https:\/\/secure.gravatar.com\/avatar\/c1fce94c830dc79107e174f890d7210541c4a63e8e5d816341794a2151c9d58c?s=96&d=mm&r=g","caption":"admin"},"sameAs":["http:\/\/denizcankizil.tr"],"url":"https:\/\/www.iskenderun.org\/sicaklik-mevsim-normallerinde-ruzgar-yer-yer-kuvvetli"}]}},"_links":{"self":[{"href":"https:\/\/denizcankizil.tr\/en\/wp-json\/wp\/v2\/posts\/118411","targetHints":{"allow":["GET"]}}],"collection":[{"href":"https:\/\/denizcankizil.tr\/en\/wp-json\/wp\/v2\/posts"}],"about":[{"href":"https:\/\/denizcankizil.tr\/en\/wp-json\/wp\/v2\/types\/post"}],"author":[{"embeddable":true,"href":"https:\/\/denizcankizil.tr\/en\/wp-json\/wp\/v2\/users\/1"}],"replies":[{"embeddable":true,"href":"https:\/\/denizcankizil.tr\/en\/wp-json\/wp\/v2\/comments?post=118411"}],"version-history":[{"count":0,"href":"https:\/\/denizcankizil.tr\/en\/wp-json\/wp\/v2\/posts\/118411\/revisions"}],"wp:attachment":[{"href":"https:\/\/denizcankizil.tr\/en\/wp-json\/wp\/v2\/media?parent=118411"}],"wp:term":[{"taxonomy":"category","embeddable":true,"href":"https:\/\/denizcankizil.tr\/en\/wp-json\/wp\/v2\/categories?post=118411"},{"taxonomy":"post_tag","embeddable":true,"href":"https:\/\/denizcankizil.tr\/en\/wp-json\/wp\/v2\/tags?post=118411"}],"curies":[{"name":"wp","href":"https:\/\/api.w.org\/{rel}","templated":true}]}}