{"id":117689,"date":"2025-06-16T15:59:12","date_gmt":"2025-06-16T12:59:12","guid":{"rendered":"https:\/\/denizcankizil.tr\/uncategorized-tr\/madleen-gemisine-mudahalenin-hukuki-sonuclari-ve-degerlendirmesi\/"},"modified":"2025-06-16T15:59:12","modified_gmt":"2025-06-16T12:59:12","slug":"madleen-gemisine-mudahalenin-hukuki-sonuclari-ve-degerlendirmesi","status":"publish","type":"post","link":"https:\/\/denizcankizil.tr\/en\/koseyazilari\/degerlendirme\/madleen-gemisine-mudahalenin-hukuki-sonuclari-ve-degerlendirmesi\/","title":{"rendered":"Madleen Gemisine M\u00fcdahalenin Hukuki Sonu\u00e7lar\u0131 ve De\u011ferlendirmesi"},"content":{"rendered":"<p> <strong>Madleen Gemisine M\u00fcdahalenin Hukuki \u200bSonu\u00e7lar\u0131 ve\u2062 De\u011ferlendirmesi<\/strong><\/p>\n<p>Deniz hukuku, uluslararas\u0131 ili\u015fkilerin ve ticaretin \u00f6nemli bir par\u00e7as\u0131n\u0131\u2062 olu\u015fturmakta olup, gemilere y\u00f6nelik \u2064m\u00fcdahaleler bu alandaki en tart\u0131\u015fmal\u0131 \u200dkonulardan birini te\u015fkil etmektedir.\u2064 Bu ba\u011flamda, Madleen Gemisi \u00f6rne\u011fi, hukuki a\u00e7\u0131dan derinlemesine\u2062 incelenmesi \u2062gereken bir vakad\u0131r. Gemilere yap\u0131lan m\u00fcdahalelerin hukuki sonu\u00e7lar\u0131, hem \u200culusal\u200c hem de uluslararas\u0131\u200d d\u00fczeyde \u00e7e\u015fitli normlar ve \u2063ilkeler \u2063\u00e7er\u00e7evesinde de\u011ferlendirilmelidir. Bu makalede, Madleen \u2062Gemisine y\u00f6nelik m\u00fcdahalenin hukuki boyutlar\u0131, ilgili mevzuat\u200b ve\u200d i\u00e7tihatlar \u2064\u0131\u015f\u0131\u011f\u0131nda ele al\u0131nacak; \u2063m\u00fcdahalenin sonu\u00e7lar\u0131, \u200dtaraflar\u0131n hak ve y\u00fck\u00fcml\u00fcl\u00fckleri ile uluslararas\u0131 deniz hukuku a\u00e7\u0131s\u0131ndan ta\u015f\u0131d\u0131\u011f\u0131 \u2064anlam de\u011ferlendirilecektir. Bu \u00e7al\u0131\u015fma, deniz hukuku alan\u0131nda \u200cmeydana gelen geli\u015fmelerin \u2062ve uygulamalar\u0131n daha iyi anla\u015f\u0131lmas\u0131na katk\u0131 sa\u011flamay\u0131 ama\u00e7lamaktad\u0131r.<br \/><img decoding=\"async\" class=\"kimage_class lazyload\" data-src=\"https:\/\/denizcankizil.tr\/wp-content\/uploads\/2024\/10\/1LHFk-253D.jpg\" alt=\"Madleen Gemisine M\u00fcdahalenin Hukuki \u00c7er\u00e7evesi\" src=\"data:image\/svg+xml;base64,PHN2ZyB3aWR0aD0iMSIgaGVpZ2h0PSIxIiB4bWxucz0iaHR0cDovL3d3dy53My5vcmcvMjAwMC9zdmciPjwvc3ZnPg==\"><\/p>\n<h2 id=\"madleen-gemisine-mudahalenin-hukuki-cercevesi\">Madleen Gemisine\u2063 M\u00fcdahalenin\u2063 Hukuki \u200c\u00c7er\u00e7evesi<\/h2>\n<section>\n<p>Madleen gemisine\u2062 m\u00fcdahale,uluslararas\u0131 \u2062deniz\u200c hukuku \u00e7er\u00e7evesinde \u00f6nemli bir konu olarak \u00f6ne \u00e7\u0131kmaktad\u0131r. Bu\u2062 t\u00fcr\u200c m\u00fcdahalelerin hukuki sonu\u00e7lar\u0131,\u200b geminin bulundu\u011fu sulardaki\u2064 egemenlik haklar\u0131 ve uluslararas\u0131 anla\u015fmalarla do\u011frudan ili\u015fkilidir. \u00d6zellikle, geminin bayrak devleti ile m\u00fcdahale eden devlet aras\u0131ndaki\u200d ili\u015fkiler, m\u00fcdahalenin me\u015fruiyetini belirleyen temel unsurlardand\u0131r.<\/p>\n<p>Bu ba\u011flamda, m\u00fcdahalenin\u200c hukuki \u2062\u00e7er\u00e7evesini \u2063belirleyen baz\u0131 \u200d\u00f6nemli noktalar \u200c\u015funlard\u0131r:<\/p>\n<ul>\n<li><strong>Egemenlik Haklar\u0131:<\/strong> \u200cHer devlet, \u2064kendi \u200dkarasular\u0131nda \u2062tam egemenlik hakk\u0131na sahiptir. Bu durum, gemilere y\u00f6nelik \u2064m\u00fcdahalelerin hukuki dayanaklar\u0131n\u0131 etkileyebilir.<\/li>\n<li><strong>Uluslararas\u0131 Anla\u015fmalar:<\/strong> bir\u00e7ok \u2063uluslararas\u0131 s\u00f6zle\u015fme, deniz g\u00fcvenli\u011fi ve\u2064 m\u00fcdahale durumlar\u0131n\u0131 d\u00fczenlemektedir.\u2064 Bu anla\u015fmalar, m\u00fcdahalenin\u200c hukuki\u2064 \u00e7er\u00e7evesini \u015fekillendiren \u00f6nemli belgelerdir.<\/li>\n<li><strong>\u0130nsan Haklar\u0131 ve\u200b Uluslararas\u0131 \u200cHukuk:<\/strong> \u2063M\u00fcdahale s\u0131ras\u0131nda insan haklar\u0131n\u0131n ihlali, uluslararas\u0131 hukuk a\u00e7\u0131s\u0131ndan ciddi \u200csonu\u00e7lar do\u011furabilir. Bu durum, m\u00fcdahalenin me\u015fruiyetini\u2062 sorgulatan\u200b bir\u200d fakt\u00f6rd\u00fcr.<\/li>\n<\/ul>\n<p>Sonu\u00e7 olarak, Madleen\u2064 gemisine yap\u0131lan m\u00fcdahalenin hukuki \u00e7er\u00e7evesi, karma\u015f\u0131k bir\u2064 yap\u0131ya sahiptir ve bir\u00e7ok fakt\u00f6r\u200c taraf\u0131ndan etkilenmektedir.\u200c Bu\u200d nedenle, her m\u00fcdahale durumu kendi \u00f6zel ko\u015fullar\u0131 \u2063\u00e7er\u00e7evesinde de\u011ferlendirilmelidir.<\/p>\n<\/section>\n<p><img decoding=\"async\" class=\"kimage_class lazyload\" data-src=\"https:\/\/denizcankizil.tr\/wp-content\/uploads\/2024\/10\/fNqXg-253D.jpg\" alt=\"M\u00fcdahale\u2062 T\u00fcrleri ve Uygulama Alanlar\u0131\" src=\"data:image\/svg+xml;base64,PHN2ZyB3aWR0aD0iMSIgaGVpZ2h0PSIxIiB4bWxucz0iaHR0cDovL3d3dy53My5vcmcvMjAwMC9zdmciPjwvc3ZnPg==\"><\/p>\n<h2 id=\"mudahale-turleri-ve-uygulama-alanlari\">M\u00fcdahale T\u00fcrleri ve \u2063Uygulama Alanlar\u0131<\/h2>\n<section>\n<p>M\u00fcdahale, hukukun \u00e7e\u015fitli alanlar\u0131nda\u2062 farkl\u0131 \u200c\u015fekillerde \u2064kar\u015f\u0131m\u0131za \u00e7\u0131kmaktad\u0131r. \u200dBu \u2064m\u00fcdahaleler, \u2064genel olarak \u200ca\u015fa\u011f\u0131daki t\u00fcrlerde\u2063 s\u0131n\u0131fland\u0131r\u0131labilir:<\/p>\n<ul>\n<li><strong>\u0130dari M\u00fcdahale:<\/strong> Kamu\u2063 otoriteleri taraf\u0131ndan ger\u00e7ekle\u015ftirilen, bireylerin haklar\u0131n\u0131\u200c s\u0131n\u0131rlayan veya d\u00fczenleyen m\u00fcdahalelerdir.<\/li>\n<li><strong>Ceza Hukuku \u200cM\u00fcdahalesi:<\/strong> Su\u00e7 te\u015fkil eden eylemlere kar\u015f\u0131 devletin \u2062uygulad\u0131\u011f\u0131 yapt\u0131r\u0131mlard\u0131r.<\/li>\n<li><strong>\u00d6zel Hukuk\u200b M\u00fcdahalesi:<\/strong> Bireyler\u2063 aras\u0131ndaki ili\u015fkilerde, mahkemeler veya di\u011fer\u2063 otoriteler\u200c taraf\u0131ndan yap\u0131lan m\u00fcdahalelerdir.<\/li>\n<\/ul>\n<p>Bu \u2062m\u00fcdahale \u2063t\u00fcrleri, belirli durumlarda hukuki \u200csonu\u00e7lar do\u011furmakta ve uygulama alanlar\u0131 a\u00e7\u0131s\u0131ndan farkl\u0131l\u0131k g\u00f6stermektedir. \u00d6rne\u011fin, idari\u200d m\u00fcdahaleler genellikle\u2064 kamu d\u00fczenini\u200b sa\u011flamak amac\u0131yla yap\u0131l\u0131rken, ceza hukuku m\u00fcdahaleleri \u2062bireylerin \u2062su\u00e7 \u2062i\u015fleme potansiyelini \u200bazaltmay\u0131 hedefler.\u2063 \u00d6zel \u2064hukuk m\u00fcdahaleleri ise, taraflar aras\u0131ndaki anla\u015fmazl\u0131klar\u0131n \u00e7\u00f6z\u00fcm\u00fcne y\u00f6nelik\u200c olarak mahkemeler taraf\u0131ndan ger\u00e7ekle\u015ftirilmektedir.<\/p>\n<p>Her bir m\u00fcdahale\u2064 t\u00fcr\u00fc,\u200b kendi i\u00e7inde belirli kurallara ve\u2062 yasal \u00e7er\u00e7evelere tabidir. Bu nedenle,m\u00fcdahale t\u00fcrlerinin \u2062do\u011fru bir \u200d\u015fekilde \u200canla\u015f\u0131lmas\u0131,hukuki s\u00fcre\u00e7lerin etkin bir \u015fekilde \u200cy\u00fcr\u00fct\u00fclmesi a\u00e7\u0131s\u0131ndan b\u00fcy\u00fck\u2062 \u00f6nem ta\u015f\u0131maktad\u0131r. \u00d6zellikle\u200d uluslararas\u0131\u2064 hukuk ba\u011flam\u0131nda, gemilere y\u00f6nelik m\u00fcdahaleler,\u2063 farkl\u0131 \u00fclkelerin yasalar\u0131 ve\u200b uluslararas\u0131 \u2064s\u00f6zle\u015fmeler \u00e7er\u00e7evesinde de\u011ferlendirilmelidir.<\/p>\n<\/section>\n<p><img decoding=\"async\" class=\"kimage_class lazyload\" data-src=\"https:\/\/denizcankizil.tr\/wp-content\/uploads\/2024\/10\/YhAY-253D.jpg\" alt=\"Uluslararas\u0131 Hukukta Gemilere \u2063M\u00fcdahale \u0130lkeleri\" src=\"data:image\/svg+xml;base64,PHN2ZyB3aWR0aD0iMSIgaGVpZ2h0PSIxIiB4bWxucz0iaHR0cDovL3d3dy53My5vcmcvMjAwMC9zdmciPjwvc3ZnPg==\"><\/p>\n<h2 id=\"uluslararasi-hukukta-gemilere-mudahale-ilkeleri\">Uluslararas\u0131 Hukukta \u2064Gemilere \u200bM\u00fcdahale \u0130lkeleri<\/h2>\n<p>Uluslararas\u0131 hukukta gemilere m\u00fcdahale ilkeleri,\u200b deniz hukuku \u00e7er\u00e7evesinde \u2064\u00f6nemli\u200b bir yer \u2062tutmaktad\u0131r. Bu ilkeler, devletlerin denizlerdeki \u200b<a href=\"https:\/\/denizcankizil.tr\/en\/hukukihaber\/madleen-gemisine-mudahalenin-hukuki-sonuclari\/\" title=\"MADLEEN GEM\u0130S\u0130NE M\u00dcDAHALEN\u0130N HUKUK\u0130 SONU\u00c7LARI\">egemenlik haklar\u0131<\/a>n\u0131 ve di\u011fer devletlerin bu \u200dhaklara sayg\u0131\u2062 g\u00f6stermesi gerekti\u011fini belirler.\u200d Gemilere\u2064 m\u00fcdahale, genellikle a\u015fa\u011f\u0131daki\u200c durumlarda me\u015fru kabul edilir:<\/p>\n<ul>\n<li><strong>Uluslararas\u0131 \u200dSu\u00e7lar:<\/strong> Geminin uluslararas\u0131\u2064 su\u00e7 \u2062i\u015fledi\u011fi \u2064durumlarda, di\u011fer devletler\u2063 m\u00fcdahale edebilir.<\/li>\n<li><strong>Deniz \u2063G\u00fcvenli\u011fi:<\/strong> Geminin\u2063 deniz\u2064 g\u00fcvenli\u011fini\u2063 tehdit etmesi halinde,\u200b m\u00fcdahale hakk\u0131 do\u011far.<\/li>\n<li><strong>\u00c7evre Koruma:<\/strong> \u2063 \u00c7evreye \u2063zarar verme potansiyeli ta\u015f\u0131yan \u2064durumlarda,devletler m\u00fcdahale edebilir.<\/li>\n<\/ul>\n<p>Madleen gemisine yap\u0131lan m\u00fcdahale,\u2063 bu\u200c ilkeler \u00e7er\u00e7evesinde\u2062 de\u011ferlendirildi\u011finde,\u200c m\u00fcdahalenin hukuki \u2062sonu\u00e7lar\u0131 ve me\u015fruiyeti \u00fczerinde durulmas\u0131 gereken \u00f6nemli noktalar bulunmaktad\u0131r.\u200d \u00d6ncelikle, m\u00fcdahalenin uluslararas\u0131 hukuka uygunlu\u011fu, ilgili devletlerin eylemlerinin \u2064me\u015fru bir \u200bgerek\u00e7eye dayan\u0131p dayanmad\u0131\u011f\u0131 ile do\u011frudan ili\u015fkilidir. Ayr\u0131ca,\u200d m\u00fcdahalenin\u200d sonu\u00e7lar\u0131,\u2062 hem m\u00fcdahaleyi \u200bger\u00e7ekle\u015ftiren devlet\u2063 hem de m\u00fcdahale\u200c edilen \u2062geminin ba\u011fl\u0131 oldu\u011fu\u2062 devlet a\u00e7\u0131s\u0131ndan \u00e7e\u015fitli hukuki sonu\u00e7lar \u200bdo\u011furabilir.<\/p>\n<p>Sonu\u00e7 olarak,\u2063 uluslararas\u0131\u200d hukukta gemilere m\u00fcdahale\u200b ilkeleri,\u2062 denizlerdeki d\u00fczenin sa\u011flanmas\u0131 ve uluslararas\u0131 ili\u015fkilerin korunmas\u0131 a\u00e7\u0131s\u0131ndan\u2064 kritik bir rol oynamaktad\u0131r. Bu ilkelerin \u2062ihlali, uluslararas\u0131 \u200dili\u015fkilerde\u2063 gerginliklere\u200b yol \u200da\u00e7abilece\u011fi gibi, ayn\u0131 zamanda hukuki sorumluluklar\u0131 \u2064da \u2064beraberinde getirebilir.<\/p>\n<p><img decoding=\"async\" class=\"kimage_class lazyload\" data-src=\"https:\/\/denizcankizil.tr\/wp-content\/uploads\/2024\/10\/4380-antalyada-sahtecilik-suclarina-bakan-avukat-ve-mahkemeler.jpg\" alt=\"Madleen Gemisine \u200dYap\u0131lan\u2064 M\u00fcdahalenin Hukuki sonu\u00e7lar\u0131\" src=\"data:image\/svg+xml;base64,PHN2ZyB3aWR0aD0iMSIgaGVpZ2h0PSIxIiB4bWxucz0iaHR0cDovL3d3dy53My5vcmcvMjAwMC9zdmciPjwvc3ZnPg==\"><\/p>\n<h2 id=\"madleen-gemisine-yapilan-mudahalenin-hukuki-sonuclari\">madleen Gemisine Yap\u0131lan M\u00fcdahalenin Hukuki \u200dSonu\u00e7lar\u0131<\/h2>\n<p>Madleen gemisine yap\u0131lan m\u00fcdahale, uluslararas\u0131 deniz hukuku \u200da\u00e7\u0131s\u0131ndan \u00f6nemli hukuki \u2063sonu\u00e7lar do\u011furmaktad\u0131r. Bu t\u00fcr m\u00fcdahalelerin \u200bde\u011ferlendirilmesi, hem\u2063 geminin \u2062bulundu\u011fu sulardaki\u200c egemenlik haklar\u0131\u2062 hem de\u200b uluslararas\u0131 \u2062anla\u015fmalar \u00e7er\u00e7evesinde ele al\u0131nmal\u0131d\u0131r. A\u015fa\u011f\u0131da, bu \u200bm\u00fcdahalenin hukuki sonu\u00e7lar\u0131na dair baz\u0131 temel\u200c noktalar \u200ds\u0131ralanm\u0131\u015ft\u0131r:<\/p>\n<ul>\n<li><strong>Egemenlik \u0130hlali:<\/strong> Geminin bulundu\u011fu sularda yap\u0131lan m\u00fcdahale,\u200b o b\u00f6lgedeki egemenlik \u2063haklar\u0131n\u0131n\u200d ihlali anlam\u0131na gelebilir. Bu durum, m\u00fcdahaleyi\u2062 ger\u00e7ekle\u015ftiren devletin uluslararas\u0131 hukuka ayk\u0131r\u0131 bir eylemde bulundu\u011fu\u2063 anlam\u0131na gelir.<\/li>\n<li><strong>Uluslararas\u0131 Sorumluluk:<\/strong> E\u011fer m\u00fcdahale, uluslararas\u0131 hukuka ayk\u0131r\u0131 bir \u015fekilde ger\u00e7ekle\u015ftirilmi\u015fse, \u2062m\u00fcdahaleyi yapan \u2064devlet uluslararas\u0131\u200b sorumluluk \u200bta\u015f\u0131yabilir. Bu, tazminat\u2063 taleplerine\u200d ve diplomatik m\u00fczakerelere yol \u200ba\u00e7abilir.<\/li>\n<li><strong>Deniz G\u00fcvenli\u011fi:<\/strong> Gemilere y\u00f6nelik\u2064 m\u00fcdahaleler, deniz\u200c g\u00fcvenli\u011fini tehdit edebilir. Bu \u200ddurum, uluslararas\u0131\u2062 deniz g\u00fcvenli\u011fi \u2063anla\u015fmalar\u0131n\u0131n \u2063ihlali anlam\u0131na \u200cgelebilir ve bu t\u00fcr eylemler, uluslararas\u0131 toplum taraf\u0131ndan\u2064 k\u0131nanabilir.<\/li>\n<li><strong>\u0130htilaflar\u0131n\u200b \u00c7\u00f6z\u00fcm\u00fc:<\/strong> \u2064 Madleen gemisine yap\u0131lan\u200d m\u00fcdahale sonras\u0131nda ortaya \u00e7\u0131kan\u200d ihtilaflar,uluslararas\u0131 mahkemelerde veya tahkim s\u00fcre\u00e7lerinde\u200d \u00e7\u00f6z\u00fcme kavu\u015fturulabilir. Bu\u2062 s\u00fcre\u00e7ler, taraflar aras\u0131nda hukuki belirsizlikleri gidermeye y\u00f6nelik\u2063 \u00f6nemli \u2064bir mekanizma sunar.<\/li>\n<\/ul>\n<p>Sonu\u00e7\u200b olarak, Madleen gemisine \u200by\u00f6nelik\u2064 m\u00fcdahale, \u00e7ok boyutlu\u200b hukuki sonu\u00e7lar do\u011furmakta ve bu durum, uluslararas\u0131 hukuk \u00e7er\u00e7evesinde titizlikle ele \u2062al\u0131nmas\u0131 gereken bir konu olarak \u00f6ne \u00e7\u0131kmaktad\u0131r.<\/p>\n<p><img decoding=\"async\" class=\"kimage_class lazyload\" data-src=\"https:\/\/denizcankizil.tr\/wp-content\/uploads\/2024\/10\/mpmXk-253D.jpg\" alt=\"Yarg\u0131tay Kararlar\u0131 I\u015f\u0131\u011f\u0131nda \u2064M\u00fcdahale De\u011ferlendirmesi\" src=\"data:image\/svg+xml;base64,PHN2ZyB3aWR0aD0iMSIgaGVpZ2h0PSIxIiB4bWxucz0iaHR0cDovL3d3dy53My5vcmcvMjAwMC9zdmciPjwvc3ZnPg==\"><\/p>\n<h2 id=\"yargitay-kararlari-isiginda-mudahale-degerlendirmesi\">Yarg\u0131tay Kararlar\u0131\u200c I\u015f\u0131\u011f\u0131nda M\u00fcdahale De\u011ferlendirmesi<\/h2>\n<section>\n<p>madleen\u2064 gemisine\u200d y\u00f6nelik m\u00fcdahale,hukuki a\u00e7\u0131dan\u2064 \u00e7e\u015fitli sonu\u00e7lar do\u011furmakta \u200cve bu durum\u2062 Yarg\u0131tay i\u00e7tihatlar\u0131yla daha iyi anla\u015f\u0131lmaktad\u0131r. Yarg\u0131tay, gemilere \u200cyap\u0131lan \u200dm\u00fcdahalelerin hukuki \u00e7er\u00e7evesini\u2062 belirlerken, \u2063uluslararas\u0131 deniz hukuku ve i\u00e7 \u200dhukuk normlar\u0131n\u0131\u200c dikkate almaktad\u0131r. Bu ba\u011flamda, m\u00fcdahalenin me\u015fruiyeti, m\u00fcdahale eden\u200b taraf\u0131n yetkileri \u2063ve m\u00fcdahalenin sonu\u00e7lar\u0131\u2063 \u00fczerinde durulmas\u0131 gereken \u00f6nemli unsurlard\u0131r.<\/p>\n<p>Yarg\u0131tay kararlar\u0131, m\u00fcdahalenin \u200dhukuki sonu\u00e7lar\u0131n\u0131 de\u011ferlendirirken a\u015fa\u011f\u0131daki hususlar\u0131 g\u00f6z \u00f6n\u00fcnde bulundurmaktad\u0131r:<\/p>\n<ul>\n<li><strong>M\u00fcdahalenin Amac\u0131:<\/strong> M\u00fcdahalenin hangi gerek\u00e7elerle yap\u0131ld\u0131\u011f\u0131, \u200bhukuki\u200b de\u011ferlendirmede \u2062\u00f6nemli bir rol oynamaktad\u0131r.<\/li>\n<li><strong>Yetki A\u015f\u0131m\u0131:<\/strong> M\u00fcdahale \u2064eden taraf\u0131n\u2063 yetkilerinin \u200da\u015f\u0131lmas\u0131 durumunda, hukuki sonu\u00e7lar do\u011fabilece\u011fi Yarg\u0131tay taraf\u0131ndan\u200d vurgulanmaktad\u0131r.<\/li>\n<li><strong>Uluslararas\u0131\u2063 Normlara Uyum:<\/strong> Yap\u0131lan\u200b m\u00fcdahalenin \u2063uluslararas\u0131 deniz hukuku ile uyumlu olup olmad\u0131\u011f\u0131, hukuki\u200d ge\u00e7erlili\u011fi \u2062a\u00e7\u0131s\u0131ndan\u200c kritik\u2064 bir fakt\u00f6rd\u00fcr.<\/li>\n<\/ul>\n<p>Sonu\u00e7 olarak, \u2063Yarg\u0131tay i\u00e7tihatlar\u0131, \u2062Madleen gemisine yap\u0131lan m\u00fcdahalelerin \u2064hukuki sonu\u00e7lar\u0131n\u0131 de\u011ferlendirirken, yukar\u0131da belirtilen \u2062unsurlar\u0131n dikkate al\u0131nmas\u0131\u2064 gerekti\u011fini ortaya koymaktad\u0131r. \u200dBu\u200b durum, hem\u200d m\u00fcdahale eden taraf\u0131n \u2064hem de\u200d m\u00fcdahale edilen taraf\u0131n \u200dhaklar\u0131n\u0131n korunmas\u0131 a\u00e7\u0131s\u0131ndan \u2062b\u00fcy\u00fck\u200b \u00f6nem ta\u015f\u0131maktad\u0131r.<\/p>\n<\/section>\n<p><img decoding=\"async\" class=\"kimage_class lazyload\" data-src=\"https:\/\/denizcankizil.tr\/wp-content\/uploads\/2024\/10\/H7KLQ-253D.jpg\" alt=\"Sonu\u00e7 \u200dve \u00d6neriler: Hukuki\u2064 D\u00fczenlemelerin Geli\u015ftirilmesi\" src=\"data:image\/svg+xml;base64,PHN2ZyB3aWR0aD0iMSIgaGVpZ2h0PSIxIiB4bWxucz0iaHR0cDovL3d3dy53My5vcmcvMjAwMC9zdmciPjwvc3ZnPg==\"><\/p>\n<h2 id=\"sonuc-ve-oneriler-hukuki-duzenlemelerin-gelistirilmesi\">Sonu\u00e7 ve \u00d6neriler: hukuki D\u00fczenlemelerin Geli\u015ftirilmesi<\/h2>\n<p>Madleen gemisine y\u00f6nelik m\u00fcdahalelerin hukuki sonu\u00e7lar\u0131, deniz \u200dhukuku a\u00e7\u0131s\u0131ndan \u00f6nemli bir\u2063 tart\u0131\u015fma\u2062 konusudur.\u200d Bu t\u00fcr m\u00fcdahalelerin, uluslararas\u0131 ve ulusal hukukun \u00e7er\u00e7evesinde nas\u0131l ele al\u0131nmas\u0131 gerekti\u011fi, hem devletlerin\u200b hem \u200bde bireylerin haklar\u0131n\u0131 do\u011frudan etkilemektedir. Bu ba\u011flamda, mevcut hukuki\u2062 d\u00fczenlemelerin g\u00f6zden ge\u00e7irilmesi ve\u200d geli\u015ftirilmesi gereklili\u011fi ortaya \u00e7\u0131kmaktad\u0131r.<\/p>\n<p>\u00d6nerilen hukuki d\u00fczenlemeler a\u015fa\u011f\u0131daki unsurlar\u0131 i\u00e7ermelidir:<\/p>\n<ul>\n<li><strong>International Cooperation:<\/strong> Deniz g\u00fcvenli\u011fi ve hukukun \u200c\u00fcst\u00fcnl\u00fc\u011f\u00fc \u2064i\u00e7in uluslararas\u0131 d\u00fczeyde i\u015fbirli\u011finin\u2063 art\u0131r\u0131lmas\u0131, \u200dm\u00fcdahale \u2064s\u00fcre\u00e7lerinin \u2062daha \u200detkin bir \u015fekilde y\u00f6netilmesine olanak tan\u0131yacakt\u0131r.<\/li>\n<li><strong>Hukuki \u00c7er\u00e7evenin\u2064 Netle\u015ftirilmesi:<\/strong> M\u00fcdahale yetkilerinin \u200cve \u200csorumluluklar\u0131n\u0131n a\u00e7\u0131k bir \u015fekilde\u200c tan\u0131mlanmas\u0131, belirsizlikleri ortadan kald\u0131rarak hukuki \u2062s\u00fcre\u00e7lerin daha sa\u011fl\u0131kl\u0131 i\u015flemesini sa\u011flayacakt\u0131r.<\/li>\n<li><strong>Deniz\u2063 Hukuku E\u011fitimleri:<\/strong> \u200c\u0130lgili\u2062 taraflar\u0131n,deniz hukuku konusunda daha\u200b fazla bilgi\u2062 sahibi olmalar\u0131 i\u00e7in e\u011fitim programlar\u0131n\u0131n d\u00fczenlenmesi,hukuki\u2062 s\u00fcre\u00e7lerin \u2062etkinli\u011fini art\u0131racakt\u0131r.<\/li>\n<li><strong>\u0130zleme ve De\u011ferlendirme mekanizmalar\u0131:<\/strong> M\u00fcdahale s\u00fcre\u00e7lerinin\u2062 izlenmesi\u2063 ve sonu\u00e7lar\u0131n\u0131n de\u011ferlendirilmesi\u2064 i\u00e7in ba\u011f\u0131ms\u0131z mekanizmalar\u0131n \u200colu\u015fturulmas\u0131,hukukun uygulanabilirli\u011fini\u2064 art\u0131racakt\u0131r.<\/li>\n<\/ul>\n<p>Sonu\u00e7 olarak, Madleen gemisine m\u00fcdahale gibi durumlar\u0131n hukuki sonu\u00e7lar\u0131n\u0131n daha\u200c iyi anla\u015f\u0131labilmesi i\u00e7in, yukar\u0131da belirtilen \u2062\u00f6nerilerin dikkate al\u0131narak \u2062hukuki d\u00fczenlemelerin geli\u015ftirilmesi\u2063 b\u00fcy\u00fck \u00f6nem ta\u015f\u0131maktad\u0131r. \u2064Bu sayede, deniz hukuku \u2064alan\u0131nda daha sa\u011flam bir zemin \u2062olu\u015fturulacak ve taraflar\u0131n haklar\u0131 daha\u2064 etkin \u200dbir \u015fekilde \u200ckorunabilecektir.<\/p>\n<p>Sonu\u00e7 \u200dolarak, \u200dmadleen gemisine\u2064 m\u00fcdahalenin hukuki sonu\u00e7lar\u0131, \u200culuslararas\u0131 deniz hukuku ve i\u00e7 hukuk \u00e7er\u00e7evesinde \u00f6nemli \u2064bir yer tutmaktad\u0131r. Bu\u2064 t\u00fcr m\u00fcdahalelerin,gemi sahiplerinin haklar\u0131,m\u00fcrettebat\u0131n g\u00fcvenli\u011fi\u2062 ve deniz \u2062ticaretinin d\u00fczeni a\u00e7\u0131s\u0131ndan\u200c do\u011furabilece\u011fi sonu\u00e7lar,<a href=\"https:\/\/denizcankizil.tr\/en\/seo\/konyaalti-ve-muratpasada-bosanma-ve-nafaka-hukuku\/\" title=\"Konyaalt\u0131 ve Muratpa\u015fa&#039;da Bo\u015fanma ve Nafaka Hukuku\">titizlikle de\u011ferlendirilmelidir<\/a>. Ayr\u0131ca, m\u00fcdahale durumlar\u0131n\u0131n her birinin\u200d kendine \u00f6zg\u00fc ko\u015fullar\u0131 ve sonu\u00e7lar\u0131 oldu\u011fu g\u00f6z \u00f6n\u00fcnde bulunduruldu\u011funda,\u200c hukuki \u200d\u00e7er\u00e7evenin \u2062net\u2062 bir \u015fekilde belirlenmesi ve uygulanmas\u0131 b\u00fcy\u00fck \u200bbir \u00f6nem ta\u015f\u0131maktad\u0131r. Bu ba\u011flamda, ilgili mevzuat ve\u2063 i\u00e7tihatlar\u0131n dikkate al\u0131nmas\u0131,\u2064 hukukun\u200c \u00fcst\u00fcnl\u00fc\u011f\u00fcn\u00fcn sa\u011flanmas\u0131 ve \u2063deniz hukukunun etkin bir \u015fekilde uygulanmas\u0131 a\u00e7\u0131s\u0131ndan gereklidir.\u2063 Gelecekte,\u200b madleen \u2062gemilerine y\u00f6nelik m\u00fcdahalelerin hukuki boyutlar\u0131n\u0131n \u200ddaha \u2063da derinlemesine\u2063 incelenmesi, bu \u2062alandaki \u200cbelirsizliklerin giderilmesine ve \u2064hukuki standartlar\u0131n geli\u015ftirilmesine katk\u0131 sa\u011flayacakt\u0131r. <\/p>","protected":false},"excerpt":{"rendered":"<p>Madleen gemisine m\u00fcdahale, uluslararas\u0131 deniz hukuku \u00e7er\u00e7evesinde \u00f6nemli hukuki sonu\u00e7lar do\u011furmaktad\u0131r. Bu t\u00fcr m\u00fcdahalelerin, devletlerin egemenlik haklar\u0131 ve uluslararas\u0131 ili\u015fkiler \u00fczerindeki etkileri, detayl\u0131 bir de\u011ferlendirme gerektirmektedir.<\/p>","protected":false},"author":4,"featured_media":0,"comment_status":"open","ping_status":"open","sticky":false,"template":"","format":"standard","meta":{"_acf_changed":false,"footnotes":""},"categories":[22],"tags":[],"class_list":["post-117689","post","type-post","status-publish","format-standard","hentry","category-degerlendirme"],"acf":[],"yoast_head":"<!-- This site is optimized with the Yoast SEO Premium plugin v26.6 (Yoast SEO v27.1.1) - https:\/\/yoast.com\/product\/yoast-seo-premium-wordpress\/ -->\n<title>Madleen Gemisine M\u00fcdahalenin Hukuki Sonu\u00e7lar\u0131 ve De\u011ferlendirmesi - Av. Deniz Can K\u0131z\u0131l<\/title>\n<meta name=\"robots\" content=\"index, follow, max-snippet:-1, max-image-preview:large, max-video-preview:-1\" \/>\n<link rel=\"canonical\" href=\"https:\/\/denizcankizil.tr\/en\/koseyazilari\/degerlendirme\/madleen-gemisine-mudahalenin-hukuki-sonuclari-ve-degerlendirmesi\/\" \/>\n<meta property=\"og:locale\" content=\"en_GB\" \/>\n<meta property=\"og:type\" content=\"article\" \/>\n<meta property=\"og:title\" content=\"Madleen Gemisine M\u00fcdahalenin Hukuki Sonu\u00e7lar\u0131 ve De\u011ferlendirmesi\" \/>\n<meta property=\"og:description\" content=\"Madleen gemisine m\u00fcdahale, uluslararas\u0131 deniz hukuku \u00e7er\u00e7evesinde \u00f6nemli hukuki sonu\u00e7lar do\u011furmaktad\u0131r. Bu t\u00fcr m\u00fcdahalelerin, devletlerin egemenlik haklar\u0131 ve uluslararas\u0131 ili\u015fkiler \u00fczerindeki etkileri, detayl\u0131 bir de\u011ferlendirme gerektirmektedir.\" \/>\n<meta property=\"og:url\" content=\"https:\/\/denizcankizil.tr\/en\/koseyazilari\/degerlendirme\/madleen-gemisine-mudahalenin-hukuki-sonuclari-ve-degerlendirmesi\/\" \/>\n<meta property=\"og:site_name\" content=\"Av. Deniz Can K\u0131z\u0131l\" \/>\n<meta property=\"article:published_time\" content=\"2025-06-16T12:59:12+00:00\" \/>\n<meta property=\"og:image\" content=\"https:\/\/denizcankizil.tr\/wp-content\/uploads\/2024\/10\/1LHFk-253D.jpg\" \/>\n<meta name=\"author\" content=\"Av. Deniz Can K\u0131z\u0131l\" \/>\n<meta name=\"twitter:card\" content=\"summary_large_image\" \/>\n<meta name=\"twitter:label1\" content=\"Written by\" \/>\n\t<meta name=\"twitter:data1\" content=\"Av. Deniz Can K\u0131z\u0131l\" \/>\n\t<meta name=\"twitter:label2\" content=\"Estimated reading time\" \/>\n\t<meta name=\"twitter:data2\" content=\"9 minutes\" \/>\n<script type=\"application\/ld+json\" class=\"yoast-schema-graph\">{\"@context\":\"https:\/\/schema.org\",\"@graph\":[{\"@type\":\"Article\",\"@id\":\"https:\/\/denizcankizil.tr\/en\/koseyazilari\/degerlendirme\/madleen-gemisine-mudahalenin-hukuki-sonuclari-ve-degerlendirmesi\/#article\",\"isPartOf\":{\"@id\":\"https:\/\/denizcankizil.tr\/en\/koseyazilari\/degerlendirme\/madleen-gemisine-mudahalenin-hukuki-sonuclari-ve-degerlendirmesi\/\"},\"author\":{\"name\":\"Av. Deniz Can K\u0131z\u0131l\",\"@id\":\"https:\/\/denizcankizil.tr\/#\/schema\/person\/5dc1b22991bd7ac833867c10afc9b0ff\"},\"headline\":\"Madleen Gemisine M\u00fcdahalenin Hukuki Sonu\u00e7lar\u0131 ve De\u011ferlendirmesi\",\"datePublished\":\"2025-06-16T12:59:12+00:00\",\"mainEntityOfPage\":{\"@id\":\"https:\/\/denizcankizil.tr\/en\/koseyazilari\/degerlendirme\/madleen-gemisine-mudahalenin-hukuki-sonuclari-ve-degerlendirmesi\/\"},\"wordCount\":1764,\"commentCount\":0,\"publisher\":{\"@id\":\"https:\/\/denizcankizil.tr\/#organization\"},\"image\":{\"@id\":\"https:\/\/denizcankizil.tr\/en\/koseyazilari\/degerlendirme\/madleen-gemisine-mudahalenin-hukuki-sonuclari-ve-degerlendirmesi\/#primaryimage\"},\"thumbnailUrl\":\"https:\/\/denizcankizil.tr\/wp-content\/uploads\/2024\/10\/1LHFk-253D.jpg\",\"articleSection\":[\"De\u011ferlendirme\"],\"inLanguage\":\"en-GB\",\"potentialAction\":[{\"@type\":\"CommentAction\",\"name\":\"Comment\",\"target\":[\"https:\/\/denizcankizil.tr\/en\/koseyazilari\/degerlendirme\/madleen-gemisine-mudahalenin-hukuki-sonuclari-ve-degerlendirmesi\/#respond\"]}]},{\"@type\":\"WebPage\",\"@id\":\"https:\/\/denizcankizil.tr\/en\/koseyazilari\/degerlendirme\/madleen-gemisine-mudahalenin-hukuki-sonuclari-ve-degerlendirmesi\/\",\"url\":\"https:\/\/denizcankizil.tr\/en\/koseyazilari\/degerlendirme\/madleen-gemisine-mudahalenin-hukuki-sonuclari-ve-degerlendirmesi\/\",\"name\":\"Madleen Gemisine M\u00fcdahalenin Hukuki Sonu\u00e7lar\u0131 ve De\u011ferlendirmesi - Av. Deniz Can K\u0131z\u0131l\",\"isPartOf\":{\"@id\":\"https:\/\/denizcankizil.tr\/#website\"},\"primaryImageOfPage\":{\"@id\":\"https:\/\/denizcankizil.tr\/en\/koseyazilari\/degerlendirme\/madleen-gemisine-mudahalenin-hukuki-sonuclari-ve-degerlendirmesi\/#primaryimage\"},\"image\":{\"@id\":\"https:\/\/denizcankizil.tr\/en\/koseyazilari\/degerlendirme\/madleen-gemisine-mudahalenin-hukuki-sonuclari-ve-degerlendirmesi\/#primaryimage\"},\"thumbnailUrl\":\"https:\/\/denizcankizil.tr\/wp-content\/uploads\/2024\/10\/1LHFk-253D.jpg\",\"datePublished\":\"2025-06-16T12:59:12+00:00\",\"breadcrumb\":{\"@id\":\"https:\/\/denizcankizil.tr\/en\/koseyazilari\/degerlendirme\/madleen-gemisine-mudahalenin-hukuki-sonuclari-ve-degerlendirmesi\/#breadcrumb\"},\"inLanguage\":\"en-GB\",\"potentialAction\":[{\"@type\":\"ReadAction\",\"target\":[\"https:\/\/denizcankizil.tr\/en\/koseyazilari\/degerlendirme\/madleen-gemisine-mudahalenin-hukuki-sonuclari-ve-degerlendirmesi\/\"]}]},{\"@type\":\"ImageObject\",\"inLanguage\":\"en-GB\",\"@id\":\"https:\/\/denizcankizil.tr\/en\/koseyazilari\/degerlendirme\/madleen-gemisine-mudahalenin-hukuki-sonuclari-ve-degerlendirmesi\/#primaryimage\",\"url\":\"https:\/\/denizcankizil.tr\/wp-content\/uploads\/2024\/10\/1LHFk-253D.jpg\",\"contentUrl\":\"https:\/\/denizcankizil.tr\/wp-content\/uploads\/2024\/10\/1LHFk-253D.jpg\"},{\"@type\":\"BreadcrumbList\",\"@id\":\"https:\/\/denizcankizil.tr\/en\/koseyazilari\/degerlendirme\/madleen-gemisine-mudahalenin-hukuki-sonuclari-ve-degerlendirmesi\/#breadcrumb\",\"itemListElement\":[{\"@type\":\"ListItem\",\"position\":1,\"name\":\"Home\",\"item\":\"https:\/\/denizcankizil.tr\/de\/\"},{\"@type\":\"ListItem\",\"position\":2,\"name\":\"Madleen Gemisine M\u00fcdahalenin Hukuki Sonu\u00e7lar\u0131 ve De\u011ferlendirmesi\"}]},{\"@type\":\"WebSite\",\"@id\":\"https:\/\/denizcankizil.tr\/#website\",\"url\":\"https:\/\/denizcankizil.tr\/\",\"name\":\"Av. Deniz Can K\u0131z\u0131l\",\"description\":\"Avukat Deniz Can K\u0131z\u0131l Antalya Barosu\",\"publisher\":{\"@id\":\"https:\/\/denizcankizil.tr\/#organization\"},\"potentialAction\":[{\"@type\":\"SearchAction\",\"target\":{\"@type\":\"EntryPoint\",\"urlTemplate\":\"https:\/\/denizcankizil.tr\/?s={search_term_string}\"},\"query-input\":{\"@type\":\"PropertyValueSpecification\",\"valueRequired\":true,\"valueName\":\"search_term_string\"}}],\"inLanguage\":\"en-GB\"},{\"@type\":\"Organization\",\"@id\":\"https:\/\/denizcankizil.tr\/#organization\",\"name\":\"Av. Deniz Can K\u0131z\u0131l\",\"url\":\"https:\/\/denizcankizil.tr\/\",\"logo\":{\"@type\":\"ImageObject\",\"inLanguage\":\"en-GB\",\"@id\":\"https:\/\/denizcankizil.tr\/#\/schema\/logo\/image\/\",\"url\":\"https:\/\/denizcankizil.tr\/wp-content\/uploads\/2024\/10\/siyah-logo-svg.svg\",\"contentUrl\":\"https:\/\/denizcankizil.tr\/wp-content\/uploads\/2024\/10\/siyah-logo-svg.svg\",\"width\":1080,\"height\":1080,\"caption\":\"Av. Deniz Can K\u0131z\u0131l\"},\"image\":{\"@id\":\"https:\/\/denizcankizil.tr\/#\/schema\/logo\/image\/\"}},{\"@type\":\"Person\",\"@id\":\"https:\/\/denizcankizil.tr\/#\/schema\/person\/5dc1b22991bd7ac833867c10afc9b0ff\",\"name\":\"Av. Deniz Can K\u0131z\u0131l\",\"image\":{\"@type\":\"ImageObject\",\"inLanguage\":\"en-GB\",\"@id\":\"https:\/\/denizcankizil.tr\/#\/schema\/person\/image\/\",\"url\":\"https:\/\/secure.gravatar.com\/avatar\/a0b128fb9855c79efc976d5640eedb31dc35ec297594d6016d2cf7c60e975bb6?s=96&d=mm&r=g\",\"contentUrl\":\"https:\/\/secure.gravatar.com\/avatar\/a0b128fb9855c79efc976d5640eedb31dc35ec297594d6016d2cf7c60e975bb6?s=96&d=mm&r=g\",\"caption\":\"Av. Deniz Can K\u0131z\u0131l\"},\"sameAs\":[\"http:\/\/www.denizcankizil.tr\"],\"url\":\"https:\/\/denizcankizil.tr\/en\/author\/denizcankizil\/\"}]}<\/script>\n<!-- \/ Yoast SEO Premium plugin. -->","yoast_head_json":{"title":"Madleen Gemisine M\u00fcdahalenin Hukuki Sonu\u00e7lar\u0131 ve De\u011ferlendirmesi - Av. Deniz Can K\u0131z\u0131l","robots":{"index":"index","follow":"follow","max-snippet":"max-snippet:-1","max-image-preview":"max-image-preview:large","max-video-preview":"max-video-preview:-1"},"canonical":"https:\/\/denizcankizil.tr\/en\/koseyazilari\/degerlendirme\/madleen-gemisine-mudahalenin-hukuki-sonuclari-ve-degerlendirmesi\/","og_locale":"en_GB","og_type":"article","og_title":"Madleen Gemisine M\u00fcdahalenin Hukuki Sonu\u00e7lar\u0131 ve De\u011ferlendirmesi","og_description":"Madleen gemisine m\u00fcdahale, uluslararas\u0131 deniz hukuku \u00e7er\u00e7evesinde \u00f6nemli hukuki sonu\u00e7lar do\u011furmaktad\u0131r. Bu t\u00fcr m\u00fcdahalelerin, devletlerin egemenlik haklar\u0131 ve uluslararas\u0131 ili\u015fkiler \u00fczerindeki etkileri, detayl\u0131 bir de\u011ferlendirme gerektirmektedir.","og_url":"https:\/\/denizcankizil.tr\/en\/koseyazilari\/degerlendirme\/madleen-gemisine-mudahalenin-hukuki-sonuclari-ve-degerlendirmesi\/","og_site_name":"Av. Deniz Can K\u0131z\u0131l","article_published_time":"2025-06-16T12:59:12+00:00","og_image":[{"url":"https:\/\/denizcankizil.tr\/wp-content\/uploads\/2024\/10\/1LHFk-253D.jpg","type":"","width":"","height":""}],"author":"Av. Deniz Can K\u0131z\u0131l","twitter_card":"summary_large_image","twitter_misc":{"Written by":"Av. Deniz Can K\u0131z\u0131l","Estimated reading time":"9 minutes"},"schema":{"@context":"https:\/\/schema.org","@graph":[{"@type":"Article","@id":"https:\/\/denizcankizil.tr\/en\/koseyazilari\/degerlendirme\/madleen-gemisine-mudahalenin-hukuki-sonuclari-ve-degerlendirmesi\/#article","isPartOf":{"@id":"https:\/\/denizcankizil.tr\/en\/koseyazilari\/degerlendirme\/madleen-gemisine-mudahalenin-hukuki-sonuclari-ve-degerlendirmesi\/"},"author":{"name":"Av. Deniz Can K\u0131z\u0131l","@id":"https:\/\/denizcankizil.tr\/#\/schema\/person\/5dc1b22991bd7ac833867c10afc9b0ff"},"headline":"Madleen Gemisine M\u00fcdahalenin Hukuki Sonu\u00e7lar\u0131 ve De\u011ferlendirmesi","datePublished":"2025-06-16T12:59:12+00:00","mainEntityOfPage":{"@id":"https:\/\/denizcankizil.tr\/en\/koseyazilari\/degerlendirme\/madleen-gemisine-mudahalenin-hukuki-sonuclari-ve-degerlendirmesi\/"},"wordCount":1764,"commentCount":0,"publisher":{"@id":"https:\/\/denizcankizil.tr\/#organization"},"image":{"@id":"https:\/\/denizcankizil.tr\/en\/koseyazilari\/degerlendirme\/madleen-gemisine-mudahalenin-hukuki-sonuclari-ve-degerlendirmesi\/#primaryimage"},"thumbnailUrl":"https:\/\/denizcankizil.tr\/wp-content\/uploads\/2024\/10\/1LHFk-253D.jpg","articleSection":["De\u011ferlendirme"],"inLanguage":"en-GB","potentialAction":[{"@type":"CommentAction","name":"Comment","target":["https:\/\/denizcankizil.tr\/en\/koseyazilari\/degerlendirme\/madleen-gemisine-mudahalenin-hukuki-sonuclari-ve-degerlendirmesi\/#respond"]}]},{"@type":"WebPage","@id":"https:\/\/denizcankizil.tr\/en\/koseyazilari\/degerlendirme\/madleen-gemisine-mudahalenin-hukuki-sonuclari-ve-degerlendirmesi\/","url":"https:\/\/denizcankizil.tr\/en\/koseyazilari\/degerlendirme\/madleen-gemisine-mudahalenin-hukuki-sonuclari-ve-degerlendirmesi\/","name":"Madleen Gemisine M\u00fcdahalenin Hukuki Sonu\u00e7lar\u0131 ve De\u011ferlendirmesi - Av. Deniz Can K\u0131z\u0131l","isPartOf":{"@id":"https:\/\/denizcankizil.tr\/#website"},"primaryImageOfPage":{"@id":"https:\/\/denizcankizil.tr\/en\/koseyazilari\/degerlendirme\/madleen-gemisine-mudahalenin-hukuki-sonuclari-ve-degerlendirmesi\/#primaryimage"},"image":{"@id":"https:\/\/denizcankizil.tr\/en\/koseyazilari\/degerlendirme\/madleen-gemisine-mudahalenin-hukuki-sonuclari-ve-degerlendirmesi\/#primaryimage"},"thumbnailUrl":"https:\/\/denizcankizil.tr\/wp-content\/uploads\/2024\/10\/1LHFk-253D.jpg","datePublished":"2025-06-16T12:59:12+00:00","breadcrumb":{"@id":"https:\/\/denizcankizil.tr\/en\/koseyazilari\/degerlendirme\/madleen-gemisine-mudahalenin-hukuki-sonuclari-ve-degerlendirmesi\/#breadcrumb"},"inLanguage":"en-GB","potentialAction":[{"@type":"ReadAction","target":["https:\/\/denizcankizil.tr\/en\/koseyazilari\/degerlendirme\/madleen-gemisine-mudahalenin-hukuki-sonuclari-ve-degerlendirmesi\/"]}]},{"@type":"ImageObject","inLanguage":"en-GB","@id":"https:\/\/denizcankizil.tr\/en\/koseyazilari\/degerlendirme\/madleen-gemisine-mudahalenin-hukuki-sonuclari-ve-degerlendirmesi\/#primaryimage","url":"https:\/\/denizcankizil.tr\/wp-content\/uploads\/2024\/10\/1LHFk-253D.jpg","contentUrl":"https:\/\/denizcankizil.tr\/wp-content\/uploads\/2024\/10\/1LHFk-253D.jpg"},{"@type":"BreadcrumbList","@id":"https:\/\/denizcankizil.tr\/en\/koseyazilari\/degerlendirme\/madleen-gemisine-mudahalenin-hukuki-sonuclari-ve-degerlendirmesi\/#breadcrumb","itemListElement":[{"@type":"ListItem","position":1,"name":"Home","item":"https:\/\/denizcankizil.tr\/de\/"},{"@type":"ListItem","position":2,"name":"Madleen Gemisine M\u00fcdahalenin Hukuki Sonu\u00e7lar\u0131 ve De\u011ferlendirmesi"}]},{"@type":"WebSite","@id":"https:\/\/denizcankizil.tr\/#website","url":"https:\/\/denizcankizil.tr\/","name":"Av. Deniz Can K\u0131z\u0131l","description":"Avukat Deniz Can K\u0131z\u0131l Antalya Barosu","publisher":{"@id":"https:\/\/denizcankizil.tr\/#organization"},"potentialAction":[{"@type":"SearchAction","target":{"@type":"EntryPoint","urlTemplate":"https:\/\/denizcankizil.tr\/?s={search_term_string}"},"query-input":{"@type":"PropertyValueSpecification","valueRequired":true,"valueName":"search_term_string"}}],"inLanguage":"en-GB"},{"@type":"Organization","@id":"https:\/\/denizcankizil.tr\/#organization","name":"Av. Deniz Can K\u0131z\u0131l","url":"https:\/\/denizcankizil.tr\/","logo":{"@type":"ImageObject","inLanguage":"en-GB","@id":"https:\/\/denizcankizil.tr\/#\/schema\/logo\/image\/","url":"https:\/\/denizcankizil.tr\/wp-content\/uploads\/2024\/10\/siyah-logo-svg.svg","contentUrl":"https:\/\/denizcankizil.tr\/wp-content\/uploads\/2024\/10\/siyah-logo-svg.svg","width":1080,"height":1080,"caption":"Av. Deniz Can K\u0131z\u0131l"},"image":{"@id":"https:\/\/denizcankizil.tr\/#\/schema\/logo\/image\/"}},{"@type":"Person","@id":"https:\/\/denizcankizil.tr\/#\/schema\/person\/5dc1b22991bd7ac833867c10afc9b0ff","name":"Av. Deniz Can K\u0131z\u0131l","image":{"@type":"ImageObject","inLanguage":"en-GB","@id":"https:\/\/denizcankizil.tr\/#\/schema\/person\/image\/","url":"https:\/\/secure.gravatar.com\/avatar\/a0b128fb9855c79efc976d5640eedb31dc35ec297594d6016d2cf7c60e975bb6?s=96&d=mm&r=g","contentUrl":"https:\/\/secure.gravatar.com\/avatar\/a0b128fb9855c79efc976d5640eedb31dc35ec297594d6016d2cf7c60e975bb6?s=96&d=mm&r=g","caption":"Av. Deniz Can K\u0131z\u0131l"},"sameAs":["http:\/\/www.denizcankizil.tr"],"url":"https:\/\/denizcankizil.tr\/en\/author\/denizcankizil\/"}]}},"_links":{"self":[{"href":"https:\/\/denizcankizil.tr\/en\/wp-json\/wp\/v2\/posts\/117689","targetHints":{"allow":["GET"]}}],"collection":[{"href":"https:\/\/denizcankizil.tr\/en\/wp-json\/wp\/v2\/posts"}],"about":[{"href":"https:\/\/denizcankizil.tr\/en\/wp-json\/wp\/v2\/types\/post"}],"author":[{"embeddable":true,"href":"https:\/\/denizcankizil.tr\/en\/wp-json\/wp\/v2\/users\/4"}],"replies":[{"embeddable":true,"href":"https:\/\/denizcankizil.tr\/en\/wp-json\/wp\/v2\/comments?post=117689"}],"version-history":[{"count":0,"href":"https:\/\/denizcankizil.tr\/en\/wp-json\/wp\/v2\/posts\/117689\/revisions"}],"wp:attachment":[{"href":"https:\/\/denizcankizil.tr\/en\/wp-json\/wp\/v2\/media?parent=117689"}],"wp:term":[{"taxonomy":"category","embeddable":true,"href":"https:\/\/denizcankizil.tr\/en\/wp-json\/wp\/v2\/categories?post=117689"},{"taxonomy":"post_tag","embeddable":true,"href":"https:\/\/denizcankizil.tr\/en\/wp-json\/wp\/v2\/tags?post=117689"}],"curies":[{"name":"wp","href":"https:\/\/api.w.org\/{rel}","templated":true}]}}