{"id":117557,"date":"2025-06-16T12:42:07","date_gmt":"2025-06-16T09:42:07","guid":{"rendered":"https:\/\/denizcankizil.tr\/uncategorized-tr\/orta-doguda-gerilim-hava-sahasina-yansidi-yolcu-ucaginda-fuze-goruntuleri-kaydedildi\/"},"modified":"2025-06-16T12:42:07","modified_gmt":"2025-06-16T09:42:07","slug":"orta-doguda-gerilim-hava-sahasina-yansidi-yolcu-ucaginda-fuze-goruntuleri-kaydedildi","status":"publish","type":"post","link":"https:\/\/denizcankizil.tr\/en\/haberler\/gundem\/orta-doguda-gerilim-hava-sahasina-yansidi-yolcu-ucaginda-fuze-goruntuleri-kaydedildi\/","title":{"rendered":"Orta Do\u011fu&#8217;da gerilim hava sahas\u0131na yans\u0131d\u0131: Yolcu u\u00e7a\u011f\u0131nda f\u00fcze g\u00f6r\u00fcnt\u00fcleri kaydedildi"},"content":{"rendered":"<p>\u0130ran ve \u0130srail aras\u0131ndaki tansiyonun y\u00fckseldi\u011fi bu g\u00fcnlerde, Suudi Arabistan hava sahas\u0131nda seyahat eden yolcular, g\u00f6ky\u00fcz\u00fcnde hareket eden balistik f\u00fczeleri g\u00f6r\u00fcnt\u00fcledi. Yolcular\u0131n u\u00e7ak penceresinden cep telefonlar\u0131yla kayda ald\u0131\u011f\u0131 anlar, sosyal medyada k\u0131sa s\u00fcrede geni\u015f yank\u0131 uyand\u0131rd\u0131.<\/p>\n<p>G\u00d6KY\u00dcZ\u00dcNDE TEHL\u0130KE<\/p>\n<p>G\u00f6rg\u00fc tan\u0131klar\u0131n\u0131n aktard\u0131\u011f\u0131na g\u00f6re, gece saatlerinde g\u00f6ky\u00fcz\u00fcnde net \u015fekilde g\u00f6r\u00fclebilen parlak izler ve patlama sesleri, b\u00f6lgede askeri, bir hareketlili\u011fin habercisi oldu. Sivil u\u00e7aklar\u0131n seyir g\u00fcvenli\u011fi ise bu s\u00fcre\u00e7te zarar g\u00f6rmedi.<\/p>\n<p>HEDEF \u0130SRA\u0130L TES\u0130SLER\u0130 M\u0130? <\/p>\n<p>\u0130ran taraf\u0131ndan f\u0131rlat\u0131ld\u0131\u011f\u0131 belirtilen f\u00fczelerin \u0130srail&#8217;in askeri noktalar\u0131n\u0131 hedef ald\u0131\u011f\u0131 \u00f6ne s\u00fcr\u00fcl\u00fcyor. Olay sonras\u0131 Suudi Arabistanl\u0131 yetkililerden hen\u00fcz bir a\u00e7\u0131klama yap\u0131lmazken, g\u00f6r\u00fcnt\u00fclerin do\u011frulu\u011fu ba\u011f\u0131ms\u0131z kaynaklar taraf\u0131ndan teyit edildi.<\/p>\n<p>&#8220;HAVA SAHASI R\u0130SK\u0130 B\u00dcY\u00dcYOR&#8221; <\/p>\n<p>Uzmanlar, \u0130ran-\u0130srail geriliminin b\u00f6lgedeki sivil u\u00e7u\u015f g\u00fcvenli\u011fini tehdit etti\u011fini belirterek, \u00f6zellikle Suudi Arabistan, \u00dcrd\u00fcn ve Irak hava sahalar\u0131n\u0131n dikkatle izlenmesi gerekti\u011fini ifade ediyor. Sava\u015f tehdidinin g\u00f6lgesinde u\u00e7an yolcular ise sosyal medyada b\u00fcy\u00fck endi\u015fe dile getiriyor.<\/p>\n<p>\u200b\u0130ran&#8217;dan f\u0131rlat\u0131lan balistik f\u00fczeler, Suudi Arabistan hava sahas\u0131nda seyahat eden yolcular taraf\u0131ndan g\u00f6r\u00fcnt\u00fclendi. Gerginlik yeniden t\u0131rman\u0131rken uzmanlar, b\u00f6lge hava sahalar\u0131n\u0131n sivil u\u00e7u\u015flar i\u00e7in risk olu\u015fturdu\u011funa dikkat \u00e7ekiyor.\u00a0<\/p>\n<p>\u200bHaberin Al\u0131nt\u0131land\u0131\u011f\u0131 Kaynak: www.antalyakorfez.com<\/p>","protected":false},"excerpt":{"rendered":"<p>\u0130ran ve \u0130srail aras\u0131ndaki tansiyonun y\u00fckseldi\u011fi bu g\u00fcnlerde, Suudi Arabistan hava sahas\u0131nda seyahat eden yolcular, g\u00f6ky\u00fcz\u00fcnde hareket eden balistik f\u00fczeleri g\u00f6r\u00fcnt\u00fcledi. Yolcular\u0131n u\u00e7ak penceresinden cep telefonlar\u0131yla kayda ald\u0131\u011f\u0131 anlar, sosyal medyada k\u0131sa s\u00fcrede geni\u015f yank\u0131 uyand\u0131rd\u0131. G\u00d6KY\u00dcZ\u00dcNDE TEHL\u0130KE G\u00f6rg\u00fc tan\u0131klar\u0131n\u0131n aktard\u0131\u011f\u0131na g\u00f6re, gece saatlerinde g\u00f6ky\u00fcz\u00fcnde net \u015fekilde g\u00f6r\u00fclebilen parlak izler ve patlama sesleri, b\u00f6lgede askeri, bir hareketlili\u011fin habercisi oldu. Sivil u\u00e7aklar\u0131n seyir g\u00fcvenli\u011fi ise bu s\u00fcre\u00e7te zarar g\u00f6rmedi. HEDEF \u0130SRA\u0130L TES\u0130SLER\u0130 M\u0130? \u0130ran taraf\u0131ndan f\u0131rlat\u0131ld\u0131\u011f\u0131 belirtilen f\u00fczelerin \u0130srail&#8217;in askeri noktalar\u0131n\u0131 hedef ald\u0131\u011f\u0131 \u00f6ne s\u00fcr\u00fcl\u00fcyor. Olay sonras\u0131 Suudi Arabistanl\u0131 yetkililerden hen\u00fcz bir a\u00e7\u0131klama yap\u0131lmazken, g\u00f6r\u00fcnt\u00fclerin do\u011frulu\u011fu ba\u011f\u0131ms\u0131z kaynaklar taraf\u0131ndan teyit edildi. &#8220;HAVA SAHASI R\u0130SK\u0130 B\u00dcY\u00dcYOR&#8221; Uzmanlar, \u0130ran-\u0130srail geriliminin b\u00f6lgedeki sivil u\u00e7u\u015f g\u00fcvenli\u011fini tehdit etti\u011fini belirterek, \u00f6zellikle Suudi Arabistan, \u00dcrd\u00fcn ve Irak hava sahalar\u0131n\u0131n dikkatle izlenmesi gerekti\u011fini ifade ediyor. Sava\u015f tehdidinin g\u00f6lgesinde u\u00e7an yolcular ise sosyal medyada b\u00fcy\u00fck endi\u015fe dile getiriyor. \u200b\u0130ran&#8217;dan f\u0131rlat\u0131lan balistik f\u00fczeler, Suudi Arabistan hava sahas\u0131nda seyahat eden yolcular taraf\u0131ndan g\u00f6r\u00fcnt\u00fclendi. Gerginlik yeniden t\u0131rman\u0131rken uzmanlar, b\u00f6lge hava sahalar\u0131n\u0131n sivil u\u00e7u\u015flar i\u00e7in risk olu\u015fturdu\u011funa dikkat \u00e7ekiyor.\u00a0 \u200bHaberin Al\u0131nt\u0131land\u0131\u011f\u0131 Kaynak: www.antalyakorfez.com<\/p>","protected":false},"author":5,"featured_media":0,"comment_status":"","ping_status":"open","sticky":false,"template":"","format":"standard","meta":{"_acf_changed":false,"footnotes":""},"categories":[24],"tags":[],"class_list":["post-117557","post","type-post","status-publish","format-standard","has-post-thumbnail","hentry","category-gundem"],"acf":[],"yoast_head":"<!-- This site is optimized with the Yoast SEO Premium plugin v26.6 (Yoast SEO v27.1.1) - https:\/\/yoast.com\/product\/yoast-seo-premium-wordpress\/ -->\n<title>Orta Do\u011fu&#039;da gerilim hava sahas\u0131na yans\u0131d\u0131: Yolcu u\u00e7a\u011f\u0131nda f\u00fcze g\u00f6r\u00fcnt\u00fcleri kaydedildi - Av. Deniz Can K\u0131z\u0131l<\/title>\n<meta name=\"robots\" content=\"index, follow, max-snippet:-1, max-image-preview:large, max-video-preview:-1\" \/>\n<link rel=\"canonical\" href=\"https:\/\/denizcankizil.tr\/en\/haberler\/gundem\/orta-doguda-gerilim-hava-sahasina-yansidi-yolcu-ucaginda-fuze-goruntuleri-kaydedildi\/\" \/>\n<meta property=\"og:locale\" content=\"en_GB\" \/>\n<meta property=\"og:type\" content=\"article\" \/>\n<meta property=\"og:title\" content=\"Orta Do\u011fu&#039;da gerilim hava sahas\u0131na yans\u0131d\u0131: Yolcu u\u00e7a\u011f\u0131nda f\u00fcze g\u00f6r\u00fcnt\u00fcleri kaydedildi\" \/>\n<meta property=\"og:description\" content=\"\u0130ran ve \u0130srail aras\u0131ndaki tansiyonun y\u00fckseldi\u011fi bu g\u00fcnlerde, Suudi Arabistan hava sahas\u0131nda seyahat eden yolcular, g\u00f6ky\u00fcz\u00fcnde hareket eden balistik f\u00fczeleri g\u00f6r\u00fcnt\u00fcledi. Yolcular\u0131n u\u00e7ak penceresinden cep telefonlar\u0131yla kayda ald\u0131\u011f\u0131 anlar, sosyal medyada k\u0131sa s\u00fcrede geni\u015f yank\u0131 uyand\u0131rd\u0131. G\u00d6KY\u00dcZ\u00dcNDE TEHL\u0130KE G\u00f6rg\u00fc tan\u0131klar\u0131n\u0131n aktard\u0131\u011f\u0131na g\u00f6re, gece saatlerinde g\u00f6ky\u00fcz\u00fcnde net \u015fekilde g\u00f6r\u00fclebilen parlak izler ve patlama sesleri, b\u00f6lgede askeri, bir hareketlili\u011fin habercisi oldu. Sivil u\u00e7aklar\u0131n seyir g\u00fcvenli\u011fi ise bu s\u00fcre\u00e7te zarar g\u00f6rmedi. HEDEF \u0130SRA\u0130L TES\u0130SLER\u0130 M\u0130? \u0130ran taraf\u0131ndan f\u0131rlat\u0131ld\u0131\u011f\u0131 belirtilen f\u00fczelerin \u0130srail&#8217;in askeri noktalar\u0131n\u0131 hedef ald\u0131\u011f\u0131 \u00f6ne s\u00fcr\u00fcl\u00fcyor. Olay sonras\u0131 Suudi Arabistanl\u0131 yetkililerden hen\u00fcz bir a\u00e7\u0131klama yap\u0131lmazken, g\u00f6r\u00fcnt\u00fclerin do\u011frulu\u011fu ba\u011f\u0131ms\u0131z kaynaklar taraf\u0131ndan teyit edildi. &#8220;HAVA SAHASI R\u0130SK\u0130 B\u00dcY\u00dcYOR&#8221; Uzmanlar, \u0130ran-\u0130srail geriliminin b\u00f6lgedeki sivil u\u00e7u\u015f g\u00fcvenli\u011fini tehdit etti\u011fini belirterek, \u00f6zellikle Suudi Arabistan, \u00dcrd\u00fcn ve Irak hava sahalar\u0131n\u0131n dikkatle izlenmesi gerekti\u011fini ifade ediyor. Sava\u015f tehdidinin g\u00f6lgesinde u\u00e7an yolcular ise sosyal medyada b\u00fcy\u00fck endi\u015fe dile getiriyor. \u200b\u0130ran&#8217;dan f\u0131rlat\u0131lan balistik f\u00fczeler, Suudi Arabistan hava sahas\u0131nda seyahat eden yolcular taraf\u0131ndan g\u00f6r\u00fcnt\u00fclendi. Gerginlik yeniden t\u0131rman\u0131rken uzmanlar, b\u00f6lge hava sahalar\u0131n\u0131n sivil u\u00e7u\u015flar i\u00e7in risk olu\u015fturdu\u011funa dikkat \u00e7ekiyor.\u00a0 \u200bHaberin Al\u0131nt\u0131land\u0131\u011f\u0131 Kaynak: www.antalyakorfez.com\" \/>\n<meta property=\"og:url\" content=\"https:\/\/denizcankizil.tr\/en\/haberler\/gundem\/orta-doguda-gerilim-hava-sahasina-yansidi-yolcu-ucaginda-fuze-goruntuleri-kaydedildi\/\" \/>\n<meta property=\"og:site_name\" content=\"Av. Deniz Can K\u0131z\u0131l\" \/>\n<meta property=\"article:published_time\" content=\"2025-06-16T09:42:07+00:00\" \/>\n<meta name=\"author\" content=\"Antalya K\u00f6rfez\" \/>\n<meta name=\"twitter:card\" content=\"summary_large_image\" \/>\n<meta name=\"twitter:label1\" content=\"Written by\" \/>\n\t<meta name=\"twitter:data1\" content=\"Antalya K\u00f6rfez\" \/>\n\t<meta name=\"twitter:label2\" content=\"Estimated reading time\" \/>\n\t<meta name=\"twitter:data2\" content=\"1 minute\" \/>\n<script type=\"application\/ld+json\" class=\"yoast-schema-graph\">{\"@context\":\"https:\/\/schema.org\",\"@graph\":[{\"@type\":\"Article\",\"@id\":\"https:\/\/denizcankizil.tr\/de\/haberler\/gundem\/orta-doguda-gerilim-hava-sahasina-yansidi-yolcu-ucaginda-fuze-goruntuleri-kaydedildi\/#article\",\"isPartOf\":{\"@id\":\"https:\/\/denizcankizil.tr\/de\/haberler\/gundem\/orta-doguda-gerilim-hava-sahasina-yansidi-yolcu-ucaginda-fuze-goruntuleri-kaydedildi\/\"},\"author\":{\"name\":\"Antalya K\u00f6rfez\",\"@id\":\"https:\/\/denizcankizil.tr\/#\/schema\/person\/e1eb71bb4dd684d46563f0af307e1234\"},\"headline\":\"Orta Do\u011fu&#8217;da gerilim hava sahas\u0131na yans\u0131d\u0131: Yolcu u\u00e7a\u011f\u0131nda f\u00fcze g\u00f6r\u00fcnt\u00fcleri kaydedildi\",\"datePublished\":\"2025-06-16T09:42:07+00:00\",\"mainEntityOfPage\":{\"@id\":\"https:\/\/denizcankizil.tr\/de\/haberler\/gundem\/orta-doguda-gerilim-hava-sahasina-yansidi-yolcu-ucaginda-fuze-goruntuleri-kaydedildi\/\"},\"wordCount\":296,\"publisher\":{\"@id\":\"https:\/\/denizcankizil.tr\/#organization\"},\"articleSection\":[\"G\u00fcndem\"],\"inLanguage\":\"en-GB\"},{\"@type\":\"WebPage\",\"@id\":\"https:\/\/denizcankizil.tr\/de\/haberler\/gundem\/orta-doguda-gerilim-hava-sahasina-yansidi-yolcu-ucaginda-fuze-goruntuleri-kaydedildi\/\",\"url\":\"https:\/\/denizcankizil.tr\/de\/haberler\/gundem\/orta-doguda-gerilim-hava-sahasina-yansidi-yolcu-ucaginda-fuze-goruntuleri-kaydedildi\/\",\"name\":\"Orta Do\u011fu'da gerilim hava sahas\u0131na yans\u0131d\u0131: Yolcu u\u00e7a\u011f\u0131nda f\u00fcze g\u00f6r\u00fcnt\u00fcleri kaydedildi - Av. Deniz Can K\u0131z\u0131l\",\"isPartOf\":{\"@id\":\"https:\/\/denizcankizil.tr\/#website\"},\"datePublished\":\"2025-06-16T09:42:07+00:00\",\"breadcrumb\":{\"@id\":\"https:\/\/denizcankizil.tr\/de\/haberler\/gundem\/orta-doguda-gerilim-hava-sahasina-yansidi-yolcu-ucaginda-fuze-goruntuleri-kaydedildi\/#breadcrumb\"},\"inLanguage\":\"en-GB\",\"potentialAction\":[{\"@type\":\"ReadAction\",\"target\":[\"https:\/\/denizcankizil.tr\/de\/haberler\/gundem\/orta-doguda-gerilim-hava-sahasina-yansidi-yolcu-ucaginda-fuze-goruntuleri-kaydedildi\/\"]}]},{\"@type\":\"BreadcrumbList\",\"@id\":\"https:\/\/denizcankizil.tr\/de\/haberler\/gundem\/orta-doguda-gerilim-hava-sahasina-yansidi-yolcu-ucaginda-fuze-goruntuleri-kaydedildi\/#breadcrumb\",\"itemListElement\":[{\"@type\":\"ListItem\",\"position\":1,\"name\":\"Home\",\"item\":\"https:\/\/denizcankizil.tr\/de\/\"},{\"@type\":\"ListItem\",\"position\":2,\"name\":\"Orta Do\u011fu&#8217;da gerilim hava sahas\u0131na yans\u0131d\u0131: Yolcu u\u00e7a\u011f\u0131nda f\u00fcze g\u00f6r\u00fcnt\u00fcleri kaydedildi\"}]},{\"@type\":\"WebSite\",\"@id\":\"https:\/\/denizcankizil.tr\/#website\",\"url\":\"https:\/\/denizcankizil.tr\/\",\"name\":\"Av. Deniz Can K\u0131z\u0131l\",\"description\":\"Avukat Deniz Can K\u0131z\u0131l Antalya Barosu\",\"publisher\":{\"@id\":\"https:\/\/denizcankizil.tr\/#organization\"},\"potentialAction\":[{\"@type\":\"SearchAction\",\"target\":{\"@type\":\"EntryPoint\",\"urlTemplate\":\"https:\/\/denizcankizil.tr\/?s={search_term_string}\"},\"query-input\":{\"@type\":\"PropertyValueSpecification\",\"valueRequired\":true,\"valueName\":\"search_term_string\"}}],\"inLanguage\":\"en-GB\"},{\"@type\":\"Organization\",\"@id\":\"https:\/\/denizcankizil.tr\/#organization\",\"name\":\"Av. Deniz Can K\u0131z\u0131l\",\"url\":\"https:\/\/denizcankizil.tr\/\",\"logo\":{\"@type\":\"ImageObject\",\"inLanguage\":\"en-GB\",\"@id\":\"https:\/\/denizcankizil.tr\/#\/schema\/logo\/image\/\",\"url\":\"https:\/\/denizcankizil.tr\/wp-content\/uploads\/2024\/10\/siyah-logo-svg.svg\",\"contentUrl\":\"https:\/\/denizcankizil.tr\/wp-content\/uploads\/2024\/10\/siyah-logo-svg.svg\",\"width\":1080,\"height\":1080,\"caption\":\"Av. Deniz Can K\u0131z\u0131l\"},\"image\":{\"@id\":\"https:\/\/denizcankizil.tr\/#\/schema\/logo\/image\/\"}},{\"@type\":\"Person\",\"@id\":\"https:\/\/denizcankizil.tr\/#\/schema\/person\/e1eb71bb4dd684d46563f0af307e1234\",\"name\":\"Antalya K\u00f6rfez\",\"image\":{\"@type\":\"ImageObject\",\"inLanguage\":\"en-GB\",\"@id\":\"https:\/\/denizcankizil.tr\/#\/schema\/person\/image\/\",\"url\":\"https:\/\/secure.gravatar.com\/avatar\/42b01982558a48a0b501fdcab6a408d3717ea5919095ee2e67b0e521799c5905?s=96&d=mm&r=g\",\"contentUrl\":\"https:\/\/secure.gravatar.com\/avatar\/42b01982558a48a0b501fdcab6a408d3717ea5919095ee2e67b0e521799c5905?s=96&d=mm&r=g\",\"caption\":\"Antalya K\u00f6rfez\"},\"sameAs\":[\"http:\/\/www.antalyakorfez.com\"],\"url\":\"https:\/\/www.antalyakorfez.com\/orta-doguda-gerilim-hava-sahasina-yansidi-yolcu-ucaginda-fuze-goruntuleri-kaydedildi\"}]}<\/script>\n<!-- \/ Yoast SEO Premium plugin. -->","yoast_head_json":{"title":"Orta Do\u011fu'da gerilim hava sahas\u0131na yans\u0131d\u0131: Yolcu u\u00e7a\u011f\u0131nda f\u00fcze g\u00f6r\u00fcnt\u00fcleri kaydedildi - Av. Deniz Can K\u0131z\u0131l","robots":{"index":"index","follow":"follow","max-snippet":"max-snippet:-1","max-image-preview":"max-image-preview:large","max-video-preview":"max-video-preview:-1"},"canonical":"https:\/\/denizcankizil.tr\/en\/haberler\/gundem\/orta-doguda-gerilim-hava-sahasina-yansidi-yolcu-ucaginda-fuze-goruntuleri-kaydedildi\/","og_locale":"en_GB","og_type":"article","og_title":"Orta Do\u011fu'da gerilim hava sahas\u0131na yans\u0131d\u0131: Yolcu u\u00e7a\u011f\u0131nda f\u00fcze g\u00f6r\u00fcnt\u00fcleri kaydedildi","og_description":"\u0130ran ve \u0130srail aras\u0131ndaki tansiyonun y\u00fckseldi\u011fi bu g\u00fcnlerde, Suudi Arabistan hava sahas\u0131nda seyahat eden yolcular, g\u00f6ky\u00fcz\u00fcnde hareket eden balistik f\u00fczeleri g\u00f6r\u00fcnt\u00fcledi. Yolcular\u0131n u\u00e7ak penceresinden cep telefonlar\u0131yla kayda ald\u0131\u011f\u0131 anlar, sosyal medyada k\u0131sa s\u00fcrede geni\u015f yank\u0131 uyand\u0131rd\u0131. G\u00d6KY\u00dcZ\u00dcNDE TEHL\u0130KE G\u00f6rg\u00fc tan\u0131klar\u0131n\u0131n aktard\u0131\u011f\u0131na g\u00f6re, gece saatlerinde g\u00f6ky\u00fcz\u00fcnde net \u015fekilde g\u00f6r\u00fclebilen parlak izler ve patlama sesleri, b\u00f6lgede askeri, bir hareketlili\u011fin habercisi oldu. Sivil u\u00e7aklar\u0131n seyir g\u00fcvenli\u011fi ise bu s\u00fcre\u00e7te zarar g\u00f6rmedi. HEDEF \u0130SRA\u0130L TES\u0130SLER\u0130 M\u0130? \u0130ran taraf\u0131ndan f\u0131rlat\u0131ld\u0131\u011f\u0131 belirtilen f\u00fczelerin \u0130srail&#8217;in askeri noktalar\u0131n\u0131 hedef ald\u0131\u011f\u0131 \u00f6ne s\u00fcr\u00fcl\u00fcyor. Olay sonras\u0131 Suudi Arabistanl\u0131 yetkililerden hen\u00fcz bir a\u00e7\u0131klama yap\u0131lmazken, g\u00f6r\u00fcnt\u00fclerin do\u011frulu\u011fu ba\u011f\u0131ms\u0131z kaynaklar taraf\u0131ndan teyit edildi. &#8220;HAVA SAHASI R\u0130SK\u0130 B\u00dcY\u00dcYOR&#8221; Uzmanlar, \u0130ran-\u0130srail geriliminin b\u00f6lgedeki sivil u\u00e7u\u015f g\u00fcvenli\u011fini tehdit etti\u011fini belirterek, \u00f6zellikle Suudi Arabistan, \u00dcrd\u00fcn ve Irak hava sahalar\u0131n\u0131n dikkatle izlenmesi gerekti\u011fini ifade ediyor. Sava\u015f tehdidinin g\u00f6lgesinde u\u00e7an yolcular ise sosyal medyada b\u00fcy\u00fck endi\u015fe dile getiriyor. \u200b\u0130ran&#8217;dan f\u0131rlat\u0131lan balistik f\u00fczeler, Suudi Arabistan hava sahas\u0131nda seyahat eden yolcular taraf\u0131ndan g\u00f6r\u00fcnt\u00fclendi. Gerginlik yeniden t\u0131rman\u0131rken uzmanlar, b\u00f6lge hava sahalar\u0131n\u0131n sivil u\u00e7u\u015flar i\u00e7in risk olu\u015fturdu\u011funa dikkat \u00e7ekiyor.\u00a0 \u200bHaberin Al\u0131nt\u0131land\u0131\u011f\u0131 Kaynak: www.antalyakorfez.com","og_url":"https:\/\/denizcankizil.tr\/en\/haberler\/gundem\/orta-doguda-gerilim-hava-sahasina-yansidi-yolcu-ucaginda-fuze-goruntuleri-kaydedildi\/","og_site_name":"Av. Deniz Can K\u0131z\u0131l","article_published_time":"2025-06-16T09:42:07+00:00","author":"Antalya K\u00f6rfez","twitter_card":"summary_large_image","twitter_misc":{"Written by":"Antalya K\u00f6rfez","Estimated reading time":"1 minute"},"schema":{"@context":"https:\/\/schema.org","@graph":[{"@type":"Article","@id":"https:\/\/denizcankizil.tr\/de\/haberler\/gundem\/orta-doguda-gerilim-hava-sahasina-yansidi-yolcu-ucaginda-fuze-goruntuleri-kaydedildi\/#article","isPartOf":{"@id":"https:\/\/denizcankizil.tr\/de\/haberler\/gundem\/orta-doguda-gerilim-hava-sahasina-yansidi-yolcu-ucaginda-fuze-goruntuleri-kaydedildi\/"},"author":{"name":"Antalya K\u00f6rfez","@id":"https:\/\/denizcankizil.tr\/#\/schema\/person\/e1eb71bb4dd684d46563f0af307e1234"},"headline":"Orta Do\u011fu&#8217;da gerilim hava sahas\u0131na yans\u0131d\u0131: Yolcu u\u00e7a\u011f\u0131nda f\u00fcze g\u00f6r\u00fcnt\u00fcleri kaydedildi","datePublished":"2025-06-16T09:42:07+00:00","mainEntityOfPage":{"@id":"https:\/\/denizcankizil.tr\/de\/haberler\/gundem\/orta-doguda-gerilim-hava-sahasina-yansidi-yolcu-ucaginda-fuze-goruntuleri-kaydedildi\/"},"wordCount":296,"publisher":{"@id":"https:\/\/denizcankizil.tr\/#organization"},"articleSection":["G\u00fcndem"],"inLanguage":"en-GB"},{"@type":"WebPage","@id":"https:\/\/denizcankizil.tr\/de\/haberler\/gundem\/orta-doguda-gerilim-hava-sahasina-yansidi-yolcu-ucaginda-fuze-goruntuleri-kaydedildi\/","url":"https:\/\/denizcankizil.tr\/de\/haberler\/gundem\/orta-doguda-gerilim-hava-sahasina-yansidi-yolcu-ucaginda-fuze-goruntuleri-kaydedildi\/","name":"Orta Do\u011fu'da gerilim hava sahas\u0131na yans\u0131d\u0131: Yolcu u\u00e7a\u011f\u0131nda f\u00fcze g\u00f6r\u00fcnt\u00fcleri kaydedildi - Av. Deniz Can K\u0131z\u0131l","isPartOf":{"@id":"https:\/\/denizcankizil.tr\/#website"},"datePublished":"2025-06-16T09:42:07+00:00","breadcrumb":{"@id":"https:\/\/denizcankizil.tr\/de\/haberler\/gundem\/orta-doguda-gerilim-hava-sahasina-yansidi-yolcu-ucaginda-fuze-goruntuleri-kaydedildi\/#breadcrumb"},"inLanguage":"en-GB","potentialAction":[{"@type":"ReadAction","target":["https:\/\/denizcankizil.tr\/de\/haberler\/gundem\/orta-doguda-gerilim-hava-sahasina-yansidi-yolcu-ucaginda-fuze-goruntuleri-kaydedildi\/"]}]},{"@type":"BreadcrumbList","@id":"https:\/\/denizcankizil.tr\/de\/haberler\/gundem\/orta-doguda-gerilim-hava-sahasina-yansidi-yolcu-ucaginda-fuze-goruntuleri-kaydedildi\/#breadcrumb","itemListElement":[{"@type":"ListItem","position":1,"name":"Home","item":"https:\/\/denizcankizil.tr\/de\/"},{"@type":"ListItem","position":2,"name":"Orta Do\u011fu&#8217;da gerilim hava sahas\u0131na yans\u0131d\u0131: Yolcu u\u00e7a\u011f\u0131nda f\u00fcze g\u00f6r\u00fcnt\u00fcleri kaydedildi"}]},{"@type":"WebSite","@id":"https:\/\/denizcankizil.tr\/#website","url":"https:\/\/denizcankizil.tr\/","name":"Av. Deniz Can K\u0131z\u0131l","description":"Avukat Deniz Can K\u0131z\u0131l Antalya Barosu","publisher":{"@id":"https:\/\/denizcankizil.tr\/#organization"},"potentialAction":[{"@type":"SearchAction","target":{"@type":"EntryPoint","urlTemplate":"https:\/\/denizcankizil.tr\/?s={search_term_string}"},"query-input":{"@type":"PropertyValueSpecification","valueRequired":true,"valueName":"search_term_string"}}],"inLanguage":"en-GB"},{"@type":"Organization","@id":"https:\/\/denizcankizil.tr\/#organization","name":"Av. Deniz Can K\u0131z\u0131l","url":"https:\/\/denizcankizil.tr\/","logo":{"@type":"ImageObject","inLanguage":"en-GB","@id":"https:\/\/denizcankizil.tr\/#\/schema\/logo\/image\/","url":"https:\/\/denizcankizil.tr\/wp-content\/uploads\/2024\/10\/siyah-logo-svg.svg","contentUrl":"https:\/\/denizcankizil.tr\/wp-content\/uploads\/2024\/10\/siyah-logo-svg.svg","width":1080,"height":1080,"caption":"Av. Deniz Can K\u0131z\u0131l"},"image":{"@id":"https:\/\/denizcankizil.tr\/#\/schema\/logo\/image\/"}},{"@type":"Person","@id":"https:\/\/denizcankizil.tr\/#\/schema\/person\/e1eb71bb4dd684d46563f0af307e1234","name":"Antalya K\u00f6rfez","image":{"@type":"ImageObject","inLanguage":"en-GB","@id":"https:\/\/denizcankizil.tr\/#\/schema\/person\/image\/","url":"https:\/\/secure.gravatar.com\/avatar\/42b01982558a48a0b501fdcab6a408d3717ea5919095ee2e67b0e521799c5905?s=96&d=mm&r=g","contentUrl":"https:\/\/secure.gravatar.com\/avatar\/42b01982558a48a0b501fdcab6a408d3717ea5919095ee2e67b0e521799c5905?s=96&d=mm&r=g","caption":"Antalya K\u00f6rfez"},"sameAs":["http:\/\/www.antalyakorfez.com"],"url":"https:\/\/www.antalyakorfez.com\/orta-doguda-gerilim-hava-sahasina-yansidi-yolcu-ucaginda-fuze-goruntuleri-kaydedildi"}]}},"_links":{"self":[{"href":"https:\/\/denizcankizil.tr\/en\/wp-json\/wp\/v2\/posts\/117557","targetHints":{"allow":["GET"]}}],"collection":[{"href":"https:\/\/denizcankizil.tr\/en\/wp-json\/wp\/v2\/posts"}],"about":[{"href":"https:\/\/denizcankizil.tr\/en\/wp-json\/wp\/v2\/types\/post"}],"author":[{"embeddable":true,"href":"https:\/\/denizcankizil.tr\/en\/wp-json\/wp\/v2\/users\/5"}],"replies":[{"embeddable":true,"href":"https:\/\/denizcankizil.tr\/en\/wp-json\/wp\/v2\/comments?post=117557"}],"version-history":[{"count":0,"href":"https:\/\/denizcankizil.tr\/en\/wp-json\/wp\/v2\/posts\/117557\/revisions"}],"wp:attachment":[{"href":"https:\/\/denizcankizil.tr\/en\/wp-json\/wp\/v2\/media?parent=117557"}],"wp:term":[{"taxonomy":"category","embeddable":true,"href":"https:\/\/denizcankizil.tr\/en\/wp-json\/wp\/v2\/categories?post=117557"},{"taxonomy":"post_tag","embeddable":true,"href":"https:\/\/denizcankizil.tr\/en\/wp-json\/wp\/v2\/tags?post=117557"}],"curies":[{"name":"wp","href":"https:\/\/api.w.org\/{rel}","templated":true}]}}