{"id":115993,"date":"2025-06-14T16:41:14","date_gmt":"2025-06-14T13:41:14","guid":{"rendered":"https:\/\/denizcankizil.tr\/uncategorized-tr\/antalyaspor-genclik-festivalinde-rap-coskusu\/"},"modified":"2025-06-14T16:41:14","modified_gmt":"2025-06-14T13:41:14","slug":"antalyaspor-genclik-festivalinde-rap-coskusu","status":"publish","type":"post","link":"https:\/\/denizcankizil.tr\/en\/haberler\/antalya\/antalyaspor-genclik-festivalinde-rap-coskusu\/","title":{"rendered":"Antalyaspor Gen\u00e7lik Festivali&#8217;nde rap co\u015fkusu"},"content":{"rendered":"<p>Konser \u00f6ncesinde Era7Capone ile bulu\u015fan Antalyaspor Kul\u00fcb\u00fc Ba\u015fkan Vekili Yasin Demir, sanat\u00e7\u0131ya hediyelerini takdim etti. Era7Capone\u2019nun sahne performans\u0131n\u0131n ard\u0131ndan sahneye \u00e7\u0131kan Ati\u2019ye ise Kul\u00fcp Ba\u015fkan Vekilleri Yasin Demir ve Ayhan Y\u0131ld\u0131r\u0131m ile Y\u00f6netim Kurulu \u00dcyeleri Harun T\u00fcmer, Mustafa \u00d6zt\u00fcrk ve Bahri Ye\u015filyurt taraf\u0131ndan hediyeler sunuldu.<\/p>\n<p>Gecenin finali i\u00e7in sahne alan Sagopa Kajmer\u2019e, Antalyaspor Kul\u00fcb\u00fc Ba\u015fkan\u0131 Mustafa Erg\u00fcn ile Fraport TAV Antalya Genel M\u00fcd\u00fcr\u00fc Deniz Varol birlikte hediyeler verdiler. Ba\u015fkan Erg\u00fcn, k\u0131sa bir konu\u015fmayla kat\u0131l\u0131mc\u0131lar\u0131 selamlad\u0131 ve sahneyi usta rap m\u00fczisyenine teslim etti.<\/p>\n<p>Festival, \u00fc\u00e7\u00fcnc\u00fc ve son g\u00fcn\u00fc Emir Can \u0130\u011frek ve Zeynep Bast\u0131k konserleriyle m\u00fczikseverlere e\u015fsiz bir kapan\u0131\u015f ya\u015fatacak.<\/p>\n<p>Kaynak: www.kanalv.com.tr Haber Sitesinden Al\u0131nm\u0131\u015ft\u0131r.<\/p>","protected":false},"excerpt":{"rendered":"<p>Konser \u00f6ncesinde Era7Capone ile bulu\u015fan Antalyaspor Kul\u00fcb\u00fc Ba\u015fkan Vekili Yasin Demir, sanat\u00e7\u0131ya hediyelerini takdim etti. Era7Capone\u2019nun sahne performans\u0131n\u0131n ard\u0131ndan sahneye \u00e7\u0131kan Ati\u2019ye ise Kul\u00fcp Ba\u015fkan Vekilleri Yasin Demir ve Ayhan Y\u0131ld\u0131r\u0131m ile Y\u00f6netim Kurulu \u00dcyeleri Harun T\u00fcmer, Mustafa \u00d6zt\u00fcrk ve Bahri Ye\u015filyurt taraf\u0131ndan hediyeler sunuldu. Gecenin finali i\u00e7in sahne alan Sagopa Kajmer\u2019e, Antalyaspor Kul\u00fcb\u00fc Ba\u015fkan\u0131 Mustafa Erg\u00fcn ile Fraport TAV Antalya Genel M\u00fcd\u00fcr\u00fc Deniz Varol birlikte hediyeler verdiler. Ba\u015fkan Erg\u00fcn, k\u0131sa bir konu\u015fmayla kat\u0131l\u0131mc\u0131lar\u0131 selamlad\u0131 ve sahneyi usta rap m\u00fczisyenine teslim etti. Festival, \u00fc\u00e7\u00fcnc\u00fc ve son g\u00fcn\u00fc Emir Can \u0130\u011frek ve Zeynep Bast\u0131k konserleriyle m\u00fczikseverlere e\u015fsiz bir kapan\u0131\u015f ya\u015fatacak. Kaynak: www.kanalv.com.tr Haber Sitesinden Al\u0131nm\u0131\u015ft\u0131r.<\/p>","protected":false},"author":4,"featured_media":115994,"comment_status":"","ping_status":"open","sticky":false,"template":"","format":"standard","meta":{"_acf_changed":false,"footnotes":""},"categories":[26],"tags":[],"class_list":["post-115993","post","type-post","status-publish","format-standard","has-post-thumbnail","hentry","category-antalya"],"acf":[],"yoast_head":"<!-- This site is optimized with the Yoast SEO Premium plugin v26.6 (Yoast SEO v27.1.1) - https:\/\/yoast.com\/product\/yoast-seo-premium-wordpress\/ -->\n<title>Antalyaspor Gen\u00e7lik Festivali&#039;nde rap co\u015fkusu - Av. Deniz Can K\u0131z\u0131l<\/title>\n<meta name=\"robots\" content=\"index, follow, max-snippet:-1, max-image-preview:large, max-video-preview:-1\" \/>\n<link rel=\"canonical\" href=\"https:\/\/denizcankizil.tr\/en\/haberler\/antalya\/antalyaspor-genclik-festivalinde-rap-coskusu\/\" \/>\n<meta property=\"og:locale\" content=\"en_GB\" \/>\n<meta property=\"og:type\" content=\"article\" \/>\n<meta property=\"og:title\" content=\"Antalyaspor Gen\u00e7lik Festivali&#039;nde rap co\u015fkusu\" \/>\n<meta property=\"og:description\" content=\"Konser \u00f6ncesinde Era7Capone ile bulu\u015fan Antalyaspor Kul\u00fcb\u00fc Ba\u015fkan Vekili Yasin Demir, sanat\u00e7\u0131ya hediyelerini takdim etti. Era7Capone\u2019nun sahne performans\u0131n\u0131n ard\u0131ndan sahneye \u00e7\u0131kan Ati\u2019ye ise Kul\u00fcp Ba\u015fkan Vekilleri Yasin Demir ve Ayhan Y\u0131ld\u0131r\u0131m ile Y\u00f6netim Kurulu \u00dcyeleri Harun T\u00fcmer, Mustafa \u00d6zt\u00fcrk ve Bahri Ye\u015filyurt taraf\u0131ndan hediyeler sunuldu. Gecenin finali i\u00e7in sahne alan Sagopa Kajmer\u2019e, Antalyaspor Kul\u00fcb\u00fc Ba\u015fkan\u0131 Mustafa Erg\u00fcn ile Fraport TAV Antalya Genel M\u00fcd\u00fcr\u00fc Deniz Varol birlikte hediyeler verdiler. Ba\u015fkan Erg\u00fcn, k\u0131sa bir konu\u015fmayla kat\u0131l\u0131mc\u0131lar\u0131 selamlad\u0131 ve sahneyi usta rap m\u00fczisyenine teslim etti. Festival, \u00fc\u00e7\u00fcnc\u00fc ve son g\u00fcn\u00fc Emir Can \u0130\u011frek ve Zeynep Bast\u0131k konserleriyle m\u00fczikseverlere e\u015fsiz bir kapan\u0131\u015f ya\u015fatacak. Kaynak: www.kanalv.com.tr Haber Sitesinden Al\u0131nm\u0131\u015ft\u0131r.\" \/>\n<meta property=\"og:url\" content=\"https:\/\/denizcankizil.tr\/en\/haberler\/antalya\/antalyaspor-genclik-festivalinde-rap-coskusu\/\" \/>\n<meta property=\"og:site_name\" content=\"Av. Deniz Can K\u0131z\u0131l\" \/>\n<meta property=\"article:published_time\" content=\"2025-06-14T13:41:14+00:00\" \/>\n<meta property=\"og:image\" content=\"https:\/\/denizcankizil.tr\/wp-content\/uploads\/2025\/06\/as-festival-ikinci-gun-9-EzGeyZ.jpg\" \/>\n\t<meta property=\"og:image:width\" content=\"1280\" \/>\n\t<meta property=\"og:image:height\" content=\"720\" \/>\n\t<meta property=\"og:image:type\" content=\"image\/jpeg\" \/>\n<meta name=\"author\" content=\"Av. Deniz Can K\u0131z\u0131l\" \/>\n<meta name=\"twitter:card\" content=\"summary_large_image\" \/>\n<meta name=\"twitter:label1\" content=\"Written by\" \/>\n\t<meta name=\"twitter:data1\" content=\"Av. Deniz Can K\u0131z\u0131l\" \/>\n\t<meta name=\"twitter:label2\" content=\"Estimated reading time\" \/>\n\t<meta name=\"twitter:data2\" content=\"1 minute\" \/>\n<script type=\"application\/ld+json\" class=\"yoast-schema-graph\">{\"@context\":\"https:\/\/schema.org\",\"@graph\":[{\"@type\":\"Article\",\"@id\":\"https:\/\/denizcankizil.tr\/en\/haberler\/antalya\/antalyaspor-genclik-festivalinde-rap-coskusu\/#article\",\"isPartOf\":{\"@id\":\"https:\/\/denizcankizil.tr\/en\/haberler\/antalya\/antalyaspor-genclik-festivalinde-rap-coskusu\/\"},\"author\":{\"name\":\"Av. Deniz Can K\u0131z\u0131l\",\"@id\":\"https:\/\/denizcankizil.tr\/de\/#\/schema\/person\/5dc1b22991bd7ac833867c10afc9b0ff\"},\"headline\":\"Antalyaspor Gen\u00e7lik Festivali&#8217;nde rap co\u015fkusu\",\"datePublished\":\"2025-06-14T13:41:14+00:00\",\"mainEntityOfPage\":{\"@id\":\"https:\/\/denizcankizil.tr\/en\/haberler\/antalya\/antalyaspor-genclik-festivalinde-rap-coskusu\/\"},\"wordCount\":159,\"publisher\":{\"@id\":\"https:\/\/denizcankizil.tr\/de\/#organization\"},\"image\":{\"@id\":\"https:\/\/denizcankizil.tr\/en\/haberler\/antalya\/antalyaspor-genclik-festivalinde-rap-coskusu\/#primaryimage\"},\"thumbnailUrl\":\"https:\/\/denizcankizil.tr\/wp-content\/uploads\/2025\/06\/as-festival-ikinci-gun-9-EzGeyZ.jpg\",\"articleSection\":[\"Antalya\"],\"inLanguage\":\"en-GB\"},{\"@type\":\"WebPage\",\"@id\":\"https:\/\/denizcankizil.tr\/en\/haberler\/antalya\/antalyaspor-genclik-festivalinde-rap-coskusu\/\",\"url\":\"https:\/\/denizcankizil.tr\/en\/haberler\/antalya\/antalyaspor-genclik-festivalinde-rap-coskusu\/\",\"name\":\"Antalyaspor Gen\u00e7lik Festivali'nde rap co\u015fkusu - Av. Deniz Can K\u0131z\u0131l\",\"isPartOf\":{\"@id\":\"https:\/\/denizcankizil.tr\/de\/#website\"},\"primaryImageOfPage\":{\"@id\":\"https:\/\/denizcankizil.tr\/en\/haberler\/antalya\/antalyaspor-genclik-festivalinde-rap-coskusu\/#primaryimage\"},\"image\":{\"@id\":\"https:\/\/denizcankizil.tr\/en\/haberler\/antalya\/antalyaspor-genclik-festivalinde-rap-coskusu\/#primaryimage\"},\"thumbnailUrl\":\"https:\/\/denizcankizil.tr\/wp-content\/uploads\/2025\/06\/as-festival-ikinci-gun-9-EzGeyZ.jpg\",\"datePublished\":\"2025-06-14T13:41:14+00:00\",\"breadcrumb\":{\"@id\":\"https:\/\/denizcankizil.tr\/en\/haberler\/antalya\/antalyaspor-genclik-festivalinde-rap-coskusu\/#breadcrumb\"},\"inLanguage\":\"en-GB\",\"potentialAction\":[{\"@type\":\"ReadAction\",\"target\":[\"https:\/\/denizcankizil.tr\/en\/haberler\/antalya\/antalyaspor-genclik-festivalinde-rap-coskusu\/\"]}]},{\"@type\":\"ImageObject\",\"inLanguage\":\"en-GB\",\"@id\":\"https:\/\/denizcankizil.tr\/en\/haberler\/antalya\/antalyaspor-genclik-festivalinde-rap-coskusu\/#primaryimage\",\"url\":\"https:\/\/denizcankizil.tr\/wp-content\/uploads\/2025\/06\/as-festival-ikinci-gun-9-EzGeyZ.jpg\",\"contentUrl\":\"https:\/\/denizcankizil.tr\/wp-content\/uploads\/2025\/06\/as-festival-ikinci-gun-9-EzGeyZ.jpg\",\"width\":1280,\"height\":720},{\"@type\":\"BreadcrumbList\",\"@id\":\"https:\/\/denizcankizil.tr\/en\/haberler\/antalya\/antalyaspor-genclik-festivalinde-rap-coskusu\/#breadcrumb\",\"itemListElement\":[{\"@type\":\"ListItem\",\"position\":1,\"name\":\"Home\",\"item\":\"https:\/\/denizcankizil.tr\/de\/\"},{\"@type\":\"ListItem\",\"position\":2,\"name\":\"Antalyaspor Gen\u00e7lik Festivali&#8217;nde rap co\u015fkusu\"}]},{\"@type\":\"WebSite\",\"@id\":\"https:\/\/denizcankizil.tr\/de\/#website\",\"url\":\"https:\/\/denizcankizil.tr\/de\/\",\"name\":\"Av. Deniz Can K\u0131z\u0131l\",\"description\":\"Avukat Deniz Can K\u0131z\u0131l Antalya Barosu\",\"publisher\":{\"@id\":\"https:\/\/denizcankizil.tr\/de\/#organization\"},\"potentialAction\":[{\"@type\":\"SearchAction\",\"target\":{\"@type\":\"EntryPoint\",\"urlTemplate\":\"https:\/\/denizcankizil.tr\/de\/?s={search_term_string}\"},\"query-input\":{\"@type\":\"PropertyValueSpecification\",\"valueRequired\":true,\"valueName\":\"search_term_string\"}}],\"inLanguage\":\"en-GB\"},{\"@type\":\"Organization\",\"@id\":\"https:\/\/denizcankizil.tr\/de\/#organization\",\"name\":\"Av. Deniz Can K\u0131z\u0131l\",\"url\":\"https:\/\/denizcankizil.tr\/de\/\",\"logo\":{\"@type\":\"ImageObject\",\"inLanguage\":\"en-GB\",\"@id\":\"https:\/\/denizcankizil.tr\/de\/#\/schema\/logo\/image\/\",\"url\":\"https:\/\/denizcankizil.tr\/wp-content\/uploads\/2024\/10\/siyah-logo-svg.svg\",\"contentUrl\":\"https:\/\/denizcankizil.tr\/wp-content\/uploads\/2024\/10\/siyah-logo-svg.svg\",\"width\":1080,\"height\":1080,\"caption\":\"Av. Deniz Can K\u0131z\u0131l\"},\"image\":{\"@id\":\"https:\/\/denizcankizil.tr\/de\/#\/schema\/logo\/image\/\"}},{\"@type\":\"Person\",\"@id\":\"https:\/\/denizcankizil.tr\/de\/#\/schema\/person\/5dc1b22991bd7ac833867c10afc9b0ff\",\"name\":\"Av. Deniz Can K\u0131z\u0131l\",\"image\":{\"@type\":\"ImageObject\",\"inLanguage\":\"en-GB\",\"@id\":\"https:\/\/denizcankizil.tr\/de\/#\/schema\/person\/image\/\",\"url\":\"https:\/\/secure.gravatar.com\/avatar\/a0b128fb9855c79efc976d5640eedb31dc35ec297594d6016d2cf7c60e975bb6?s=96&d=mm&r=g\",\"contentUrl\":\"https:\/\/secure.gravatar.com\/avatar\/a0b128fb9855c79efc976d5640eedb31dc35ec297594d6016d2cf7c60e975bb6?s=96&d=mm&r=g\",\"caption\":\"Av. Deniz Can K\u0131z\u0131l\"},\"sameAs\":[\"http:\/\/www.denizcankizil.tr\"],\"url\":\"https:\/\/denizcankizil.tr\/en\/author\/denizcankizil\/\"}]}<\/script>\n<!-- \/ Yoast SEO Premium plugin. -->","yoast_head_json":{"title":"Antalyaspor Gen\u00e7lik Festivali'nde rap co\u015fkusu - Av. Deniz Can K\u0131z\u0131l","robots":{"index":"index","follow":"follow","max-snippet":"max-snippet:-1","max-image-preview":"max-image-preview:large","max-video-preview":"max-video-preview:-1"},"canonical":"https:\/\/denizcankizil.tr\/en\/haberler\/antalya\/antalyaspor-genclik-festivalinde-rap-coskusu\/","og_locale":"en_GB","og_type":"article","og_title":"Antalyaspor Gen\u00e7lik Festivali'nde rap co\u015fkusu","og_description":"Konser \u00f6ncesinde Era7Capone ile bulu\u015fan Antalyaspor Kul\u00fcb\u00fc Ba\u015fkan Vekili Yasin Demir, sanat\u00e7\u0131ya hediyelerini takdim etti. Era7Capone\u2019nun sahne performans\u0131n\u0131n ard\u0131ndan sahneye \u00e7\u0131kan Ati\u2019ye ise Kul\u00fcp Ba\u015fkan Vekilleri Yasin Demir ve Ayhan Y\u0131ld\u0131r\u0131m ile Y\u00f6netim Kurulu \u00dcyeleri Harun T\u00fcmer, Mustafa \u00d6zt\u00fcrk ve Bahri Ye\u015filyurt taraf\u0131ndan hediyeler sunuldu. Gecenin finali i\u00e7in sahne alan Sagopa Kajmer\u2019e, Antalyaspor Kul\u00fcb\u00fc Ba\u015fkan\u0131 Mustafa Erg\u00fcn ile Fraport TAV Antalya Genel M\u00fcd\u00fcr\u00fc Deniz Varol birlikte hediyeler verdiler. Ba\u015fkan Erg\u00fcn, k\u0131sa bir konu\u015fmayla kat\u0131l\u0131mc\u0131lar\u0131 selamlad\u0131 ve sahneyi usta rap m\u00fczisyenine teslim etti. Festival, \u00fc\u00e7\u00fcnc\u00fc ve son g\u00fcn\u00fc Emir Can \u0130\u011frek ve Zeynep Bast\u0131k konserleriyle m\u00fczikseverlere e\u015fsiz bir kapan\u0131\u015f ya\u015fatacak. Kaynak: www.kanalv.com.tr Haber Sitesinden Al\u0131nm\u0131\u015ft\u0131r.","og_url":"https:\/\/denizcankizil.tr\/en\/haberler\/antalya\/antalyaspor-genclik-festivalinde-rap-coskusu\/","og_site_name":"Av. Deniz Can K\u0131z\u0131l","article_published_time":"2025-06-14T13:41:14+00:00","og_image":[{"width":1280,"height":720,"url":"https:\/\/denizcankizil.tr\/wp-content\/uploads\/2025\/06\/as-festival-ikinci-gun-9-EzGeyZ.jpg","type":"image\/jpeg"}],"author":"Av. Deniz Can K\u0131z\u0131l","twitter_card":"summary_large_image","twitter_misc":{"Written by":"Av. Deniz Can K\u0131z\u0131l","Estimated reading time":"1 minute"},"schema":{"@context":"https:\/\/schema.org","@graph":[{"@type":"Article","@id":"https:\/\/denizcankizil.tr\/en\/haberler\/antalya\/antalyaspor-genclik-festivalinde-rap-coskusu\/#article","isPartOf":{"@id":"https:\/\/denizcankizil.tr\/en\/haberler\/antalya\/antalyaspor-genclik-festivalinde-rap-coskusu\/"},"author":{"name":"Av. Deniz Can K\u0131z\u0131l","@id":"https:\/\/denizcankizil.tr\/de\/#\/schema\/person\/5dc1b22991bd7ac833867c10afc9b0ff"},"headline":"Antalyaspor Gen\u00e7lik Festivali&#8217;nde rap co\u015fkusu","datePublished":"2025-06-14T13:41:14+00:00","mainEntityOfPage":{"@id":"https:\/\/denizcankizil.tr\/en\/haberler\/antalya\/antalyaspor-genclik-festivalinde-rap-coskusu\/"},"wordCount":159,"publisher":{"@id":"https:\/\/denizcankizil.tr\/de\/#organization"},"image":{"@id":"https:\/\/denizcankizil.tr\/en\/haberler\/antalya\/antalyaspor-genclik-festivalinde-rap-coskusu\/#primaryimage"},"thumbnailUrl":"https:\/\/denizcankizil.tr\/wp-content\/uploads\/2025\/06\/as-festival-ikinci-gun-9-EzGeyZ.jpg","articleSection":["Antalya"],"inLanguage":"en-GB"},{"@type":"WebPage","@id":"https:\/\/denizcankizil.tr\/en\/haberler\/antalya\/antalyaspor-genclik-festivalinde-rap-coskusu\/","url":"https:\/\/denizcankizil.tr\/en\/haberler\/antalya\/antalyaspor-genclik-festivalinde-rap-coskusu\/","name":"Antalyaspor Gen\u00e7lik Festivali'nde rap co\u015fkusu - Av. Deniz Can K\u0131z\u0131l","isPartOf":{"@id":"https:\/\/denizcankizil.tr\/de\/#website"},"primaryImageOfPage":{"@id":"https:\/\/denizcankizil.tr\/en\/haberler\/antalya\/antalyaspor-genclik-festivalinde-rap-coskusu\/#primaryimage"},"image":{"@id":"https:\/\/denizcankizil.tr\/en\/haberler\/antalya\/antalyaspor-genclik-festivalinde-rap-coskusu\/#primaryimage"},"thumbnailUrl":"https:\/\/denizcankizil.tr\/wp-content\/uploads\/2025\/06\/as-festival-ikinci-gun-9-EzGeyZ.jpg","datePublished":"2025-06-14T13:41:14+00:00","breadcrumb":{"@id":"https:\/\/denizcankizil.tr\/en\/haberler\/antalya\/antalyaspor-genclik-festivalinde-rap-coskusu\/#breadcrumb"},"inLanguage":"en-GB","potentialAction":[{"@type":"ReadAction","target":["https:\/\/denizcankizil.tr\/en\/haberler\/antalya\/antalyaspor-genclik-festivalinde-rap-coskusu\/"]}]},{"@type":"ImageObject","inLanguage":"en-GB","@id":"https:\/\/denizcankizil.tr\/en\/haberler\/antalya\/antalyaspor-genclik-festivalinde-rap-coskusu\/#primaryimage","url":"https:\/\/denizcankizil.tr\/wp-content\/uploads\/2025\/06\/as-festival-ikinci-gun-9-EzGeyZ.jpg","contentUrl":"https:\/\/denizcankizil.tr\/wp-content\/uploads\/2025\/06\/as-festival-ikinci-gun-9-EzGeyZ.jpg","width":1280,"height":720},{"@type":"BreadcrumbList","@id":"https:\/\/denizcankizil.tr\/en\/haberler\/antalya\/antalyaspor-genclik-festivalinde-rap-coskusu\/#breadcrumb","itemListElement":[{"@type":"ListItem","position":1,"name":"Home","item":"https:\/\/denizcankizil.tr\/de\/"},{"@type":"ListItem","position":2,"name":"Antalyaspor Gen\u00e7lik Festivali&#8217;nde rap co\u015fkusu"}]},{"@type":"WebSite","@id":"https:\/\/denizcankizil.tr\/de\/#website","url":"https:\/\/denizcankizil.tr\/de\/","name":"Av. Deniz Can K\u0131z\u0131l","description":"Avukat Deniz Can K\u0131z\u0131l Antalya Barosu","publisher":{"@id":"https:\/\/denizcankizil.tr\/de\/#organization"},"potentialAction":[{"@type":"SearchAction","target":{"@type":"EntryPoint","urlTemplate":"https:\/\/denizcankizil.tr\/de\/?s={search_term_string}"},"query-input":{"@type":"PropertyValueSpecification","valueRequired":true,"valueName":"search_term_string"}}],"inLanguage":"en-GB"},{"@type":"Organization","@id":"https:\/\/denizcankizil.tr\/de\/#organization","name":"Av. Deniz Can K\u0131z\u0131l","url":"https:\/\/denizcankizil.tr\/de\/","logo":{"@type":"ImageObject","inLanguage":"en-GB","@id":"https:\/\/denizcankizil.tr\/de\/#\/schema\/logo\/image\/","url":"https:\/\/denizcankizil.tr\/wp-content\/uploads\/2024\/10\/siyah-logo-svg.svg","contentUrl":"https:\/\/denizcankizil.tr\/wp-content\/uploads\/2024\/10\/siyah-logo-svg.svg","width":1080,"height":1080,"caption":"Av. Deniz Can K\u0131z\u0131l"},"image":{"@id":"https:\/\/denizcankizil.tr\/de\/#\/schema\/logo\/image\/"}},{"@type":"Person","@id":"https:\/\/denizcankizil.tr\/de\/#\/schema\/person\/5dc1b22991bd7ac833867c10afc9b0ff","name":"Av. Deniz Can K\u0131z\u0131l","image":{"@type":"ImageObject","inLanguage":"en-GB","@id":"https:\/\/denizcankizil.tr\/de\/#\/schema\/person\/image\/","url":"https:\/\/secure.gravatar.com\/avatar\/a0b128fb9855c79efc976d5640eedb31dc35ec297594d6016d2cf7c60e975bb6?s=96&d=mm&r=g","contentUrl":"https:\/\/secure.gravatar.com\/avatar\/a0b128fb9855c79efc976d5640eedb31dc35ec297594d6016d2cf7c60e975bb6?s=96&d=mm&r=g","caption":"Av. Deniz Can K\u0131z\u0131l"},"sameAs":["http:\/\/www.denizcankizil.tr"],"url":"https:\/\/denizcankizil.tr\/en\/author\/denizcankizil\/"}]}},"_links":{"self":[{"href":"https:\/\/denizcankizil.tr\/en\/wp-json\/wp\/v2\/posts\/115993","targetHints":{"allow":["GET"]}}],"collection":[{"href":"https:\/\/denizcankizil.tr\/en\/wp-json\/wp\/v2\/posts"}],"about":[{"href":"https:\/\/denizcankizil.tr\/en\/wp-json\/wp\/v2\/types\/post"}],"author":[{"embeddable":true,"href":"https:\/\/denizcankizil.tr\/en\/wp-json\/wp\/v2\/users\/4"}],"replies":[{"embeddable":true,"href":"https:\/\/denizcankizil.tr\/en\/wp-json\/wp\/v2\/comments?post=115993"}],"version-history":[{"count":0,"href":"https:\/\/denizcankizil.tr\/en\/wp-json\/wp\/v2\/posts\/115993\/revisions"}],"wp:featuredmedia":[{"embeddable":true,"href":"https:\/\/denizcankizil.tr\/en\/wp-json\/wp\/v2\/media\/115994"}],"wp:attachment":[{"href":"https:\/\/denizcankizil.tr\/en\/wp-json\/wp\/v2\/media?parent=115993"}],"wp:term":[{"taxonomy":"category","embeddable":true,"href":"https:\/\/denizcankizil.tr\/en\/wp-json\/wp\/v2\/categories?post=115993"},{"taxonomy":"post_tag","embeddable":true,"href":"https:\/\/denizcankizil.tr\/en\/wp-json\/wp\/v2\/tags?post=115993"}],"curies":[{"name":"wp","href":"https:\/\/api.w.org\/{rel}","templated":true}]}}