{"id":114922,"date":"2025-06-13T10:42:23","date_gmt":"2025-06-13T07:42:23","guid":{"rendered":"https:\/\/denizcankizil.tr\/uncategorized-tr\/yenilenen-aquapark-14-haziranda-hizmete-aciliyor\/"},"modified":"2025-06-13T10:42:23","modified_gmt":"2025-06-13T07:42:23","slug":"yenilenen-aquapark-14-haziranda-hizmete-aciliyor","status":"publish","type":"post","link":"https:\/\/denizcankizil.tr\/en\/haberler\/gundem\/yenilenen-aquapark-14-haziranda-hizmete-aciliyor\/","title":{"rendered":"Yenilenen Aquapark 14 Haziran\u2019da Hizmete A\u00e7\u0131l\u0131yor\u2026"},"content":{"rendered":"<p>Sivas\u2019\u0131n \u00f6nemli turizm merkezlerinden biri olan S\u0131cak \u00c7ermik\u2019te y\u0131llard\u0131r at\u0131l durumda bulunan Aquapark Sa\u011fl\u0131k, Spor ve E\u011flence Merkezi, Sivas Belediye Ba\u015fkan\u0131 Dr. Adem Uzun\u2019un talimat\u0131yla ger\u00e7ekle\u015ftirilen kapsaml\u0131 yenileme \u00e7al\u0131\u015fmalar\u0131n\u0131n ard\u0131ndan hizmete a\u00e7\u0131l\u0131yor.<\/p>\n<p>\u200bSivas\u2019\u0131n \u00f6nemli turizm merkezlerinden biri olan S\u0131cak \u00c7ermik\u2019te y\u0131llard\u0131r at\u0131l durumda bulunan Aquapark Sa\u011fl\u0131k, Spor ve E\u011flence Merkezi, Sivas Belediye Ba\u015fkan\u0131 Dr. Adem Uzun\u2019un talimat\u0131yla ger\u00e7ekle\u015ftirilen kapsaml\u0131 yenileme \u00e7al\u0131\u015fmalar\u0131n\u0131n ard\u0131ndan hizmete a\u00e7\u0131l\u0131yor.\u00a0<\/p>\n<p>\u200bHaberin Al\u0131nt\u0131land\u0131\u011f\u0131 Kaynak: www.iskenderun.org<\/p>","protected":false},"excerpt":{"rendered":"<p>Sivas\u2019\u0131n \u00f6nemli turizm merkezlerinden biri olan S\u0131cak \u00c7ermik\u2019te y\u0131llard\u0131r at\u0131l durumda bulunan Aquapark Sa\u011fl\u0131k, Spor ve E\u011flence Merkezi, Sivas Belediye Ba\u015fkan\u0131 Dr. Adem Uzun\u2019un talimat\u0131yla ger\u00e7ekle\u015ftirilen kapsaml\u0131 yenileme \u00e7al\u0131\u015fmalar\u0131n\u0131n ard\u0131ndan hizmete a\u00e7\u0131l\u0131yor. \u200bSivas\u2019\u0131n \u00f6nemli turizm merkezlerinden biri olan S\u0131cak \u00c7ermik\u2019te y\u0131llard\u0131r at\u0131l durumda bulunan Aquapark Sa\u011fl\u0131k, Spor ve E\u011flence Merkezi, Sivas Belediye Ba\u015fkan\u0131 Dr. Adem Uzun\u2019un talimat\u0131yla ger\u00e7ekle\u015ftirilen kapsaml\u0131 yenileme \u00e7al\u0131\u015fmalar\u0131n\u0131n ard\u0131ndan hizmete a\u00e7\u0131l\u0131yor.\u00a0 \u200bHaberin Al\u0131nt\u0131land\u0131\u011f\u0131 Kaynak: www.iskenderun.org<\/p>","protected":false},"author":1,"featured_media":0,"comment_status":"","ping_status":"open","sticky":false,"template":"","format":"standard","meta":{"_acf_changed":false,"footnotes":""},"categories":[24],"tags":[],"class_list":["post-114922","post","type-post","status-publish","format-standard","has-post-thumbnail","hentry","category-gundem"],"acf":[],"yoast_head":"<!-- This site is optimized with the Yoast SEO Premium plugin v26.6 (Yoast SEO v27.1.1) - https:\/\/yoast.com\/product\/yoast-seo-premium-wordpress\/ -->\n<title>Yenilenen Aquapark 14 Haziran\u2019da Hizmete A\u00e7\u0131l\u0131yor\u2026 - Av. Deniz Can K\u0131z\u0131l<\/title>\n<meta name=\"robots\" content=\"index, follow, max-snippet:-1, max-image-preview:large, max-video-preview:-1\" \/>\n<link rel=\"canonical\" href=\"https:\/\/denizcankizil.tr\/en\/haberler\/gundem\/yenilenen-aquapark-14-haziranda-hizmete-aciliyor\/\" \/>\n<meta property=\"og:locale\" content=\"en_GB\" \/>\n<meta property=\"og:type\" content=\"article\" \/>\n<meta property=\"og:title\" content=\"Yenilenen Aquapark 14 Haziran\u2019da Hizmete A\u00e7\u0131l\u0131yor\u2026\" \/>\n<meta property=\"og:description\" content=\"Sivas\u2019\u0131n \u00f6nemli turizm merkezlerinden biri olan S\u0131cak \u00c7ermik\u2019te y\u0131llard\u0131r at\u0131l durumda bulunan Aquapark Sa\u011fl\u0131k, Spor ve E\u011flence Merkezi, Sivas Belediye Ba\u015fkan\u0131 Dr. Adem Uzun\u2019un talimat\u0131yla ger\u00e7ekle\u015ftirilen kapsaml\u0131 yenileme \u00e7al\u0131\u015fmalar\u0131n\u0131n ard\u0131ndan hizmete a\u00e7\u0131l\u0131yor. \u200bSivas\u2019\u0131n \u00f6nemli turizm merkezlerinden biri olan S\u0131cak \u00c7ermik\u2019te y\u0131llard\u0131r at\u0131l durumda bulunan Aquapark Sa\u011fl\u0131k, Spor ve E\u011flence Merkezi, Sivas Belediye Ba\u015fkan\u0131 Dr. Adem Uzun\u2019un talimat\u0131yla ger\u00e7ekle\u015ftirilen kapsaml\u0131 yenileme \u00e7al\u0131\u015fmalar\u0131n\u0131n ard\u0131ndan hizmete a\u00e7\u0131l\u0131yor.\u00a0 \u200bHaberin Al\u0131nt\u0131land\u0131\u011f\u0131 Kaynak: www.iskenderun.org\" \/>\n<meta property=\"og:url\" content=\"https:\/\/denizcankizil.tr\/en\/haberler\/gundem\/yenilenen-aquapark-14-haziranda-hizmete-aciliyor\/\" \/>\n<meta property=\"og:site_name\" content=\"Av. Deniz Can K\u0131z\u0131l\" \/>\n<meta property=\"article:published_time\" content=\"2025-06-13T07:42:23+00:00\" \/>\n<meta name=\"author\" content=\"admin\" \/>\n<meta name=\"twitter:card\" content=\"summary_large_image\" \/>\n<meta name=\"twitter:label1\" content=\"Written by\" \/>\n\t<meta name=\"twitter:data1\" content=\"admin\" \/>\n\t<meta name=\"twitter:label2\" content=\"Estimated reading time\" \/>\n\t<meta name=\"twitter:data2\" content=\"1 minute\" \/>\n<script type=\"application\/ld+json\" class=\"yoast-schema-graph\">{\"@context\":\"https:\/\/schema.org\",\"@graph\":[{\"@type\":\"Article\",\"@id\":\"https:\/\/denizcankizil.tr\/en\/haberler\/gundem\/yenilenen-aquapark-14-haziranda-hizmete-aciliyor\/#article\",\"isPartOf\":{\"@id\":\"https:\/\/denizcankizil.tr\/en\/haberler\/gundem\/yenilenen-aquapark-14-haziranda-hizmete-aciliyor\/\"},\"author\":{\"name\":\"admin\",\"@id\":\"https:\/\/denizcankizil.tr\/de\/#\/schema\/person\/be3c05fe6a12686905512445d8185489\"},\"headline\":\"Yenilenen Aquapark 14 Haziran\u2019da Hizmete A\u00e7\u0131l\u0131yor\u2026\",\"datePublished\":\"2025-06-13T07:42:23+00:00\",\"mainEntityOfPage\":{\"@id\":\"https:\/\/denizcankizil.tr\/en\/haberler\/gundem\/yenilenen-aquapark-14-haziranda-hizmete-aciliyor\/\"},\"wordCount\":120,\"publisher\":{\"@id\":\"https:\/\/denizcankizil.tr\/de\/#organization\"},\"articleSection\":[\"G\u00fcndem\"],\"inLanguage\":\"en-GB\"},{\"@type\":\"WebPage\",\"@id\":\"https:\/\/denizcankizil.tr\/en\/haberler\/gundem\/yenilenen-aquapark-14-haziranda-hizmete-aciliyor\/\",\"url\":\"https:\/\/denizcankizil.tr\/en\/haberler\/gundem\/yenilenen-aquapark-14-haziranda-hizmete-aciliyor\/\",\"name\":\"Yenilenen Aquapark 14 Haziran\u2019da Hizmete A\u00e7\u0131l\u0131yor\u2026 - Av. Deniz Can K\u0131z\u0131l\",\"isPartOf\":{\"@id\":\"https:\/\/denizcankizil.tr\/de\/#website\"},\"datePublished\":\"2025-06-13T07:42:23+00:00\",\"breadcrumb\":{\"@id\":\"https:\/\/denizcankizil.tr\/en\/haberler\/gundem\/yenilenen-aquapark-14-haziranda-hizmete-aciliyor\/#breadcrumb\"},\"inLanguage\":\"en-GB\",\"potentialAction\":[{\"@type\":\"ReadAction\",\"target\":[\"https:\/\/denizcankizil.tr\/en\/haberler\/gundem\/yenilenen-aquapark-14-haziranda-hizmete-aciliyor\/\"]}]},{\"@type\":\"BreadcrumbList\",\"@id\":\"https:\/\/denizcankizil.tr\/en\/haberler\/gundem\/yenilenen-aquapark-14-haziranda-hizmete-aciliyor\/#breadcrumb\",\"itemListElement\":[{\"@type\":\"ListItem\",\"position\":1,\"name\":\"Home\",\"item\":\"https:\/\/denizcankizil.tr\/de\/\"},{\"@type\":\"ListItem\",\"position\":2,\"name\":\"Yenilenen Aquapark 14 Haziran\u2019da Hizmete A\u00e7\u0131l\u0131yor\u2026\"}]},{\"@type\":\"WebSite\",\"@id\":\"https:\/\/denizcankizil.tr\/de\/#website\",\"url\":\"https:\/\/denizcankizil.tr\/de\/\",\"name\":\"Av. Deniz Can K\u0131z\u0131l\",\"description\":\"Avukat Deniz Can K\u0131z\u0131l Antalya Barosu\",\"publisher\":{\"@id\":\"https:\/\/denizcankizil.tr\/de\/#organization\"},\"potentialAction\":[{\"@type\":\"SearchAction\",\"target\":{\"@type\":\"EntryPoint\",\"urlTemplate\":\"https:\/\/denizcankizil.tr\/de\/?s={search_term_string}\"},\"query-input\":{\"@type\":\"PropertyValueSpecification\",\"valueRequired\":true,\"valueName\":\"search_term_string\"}}],\"inLanguage\":\"en-GB\"},{\"@type\":\"Organization\",\"@id\":\"https:\/\/denizcankizil.tr\/de\/#organization\",\"name\":\"Av. Deniz Can K\u0131z\u0131l\",\"url\":\"https:\/\/denizcankizil.tr\/de\/\",\"logo\":{\"@type\":\"ImageObject\",\"inLanguage\":\"en-GB\",\"@id\":\"https:\/\/denizcankizil.tr\/de\/#\/schema\/logo\/image\/\",\"url\":\"https:\/\/denizcankizil.tr\/wp-content\/uploads\/2024\/10\/siyah-logo-svg.svg\",\"contentUrl\":\"https:\/\/denizcankizil.tr\/wp-content\/uploads\/2024\/10\/siyah-logo-svg.svg\",\"width\":1080,\"height\":1080,\"caption\":\"Av. Deniz Can K\u0131z\u0131l\"},\"image\":{\"@id\":\"https:\/\/denizcankizil.tr\/de\/#\/schema\/logo\/image\/\"}},{\"@type\":\"Person\",\"@id\":\"https:\/\/denizcankizil.tr\/de\/#\/schema\/person\/be3c05fe6a12686905512445d8185489\",\"name\":\"admin\",\"image\":{\"@type\":\"ImageObject\",\"inLanguage\":\"en-GB\",\"@id\":\"https:\/\/denizcankizil.tr\/de\/#\/schema\/person\/image\/\",\"url\":\"https:\/\/secure.gravatar.com\/avatar\/c1fce94c830dc79107e174f890d7210541c4a63e8e5d816341794a2151c9d58c?s=96&d=mm&r=g\",\"contentUrl\":\"https:\/\/secure.gravatar.com\/avatar\/c1fce94c830dc79107e174f890d7210541c4a63e8e5d816341794a2151c9d58c?s=96&d=mm&r=g\",\"caption\":\"admin\"},\"sameAs\":[\"http:\/\/denizcankizil.tr\"],\"url\":\"https:\/\/www.iskenderun.org\/yenilenen-aquapark-14-haziranda-hizmete-aciliyor\"}]}<\/script>\n<!-- \/ Yoast SEO Premium plugin. -->","yoast_head_json":{"title":"Yenilenen Aquapark 14 Haziran\u2019da Hizmete A\u00e7\u0131l\u0131yor\u2026 - Av. Deniz Can K\u0131z\u0131l","robots":{"index":"index","follow":"follow","max-snippet":"max-snippet:-1","max-image-preview":"max-image-preview:large","max-video-preview":"max-video-preview:-1"},"canonical":"https:\/\/denizcankizil.tr\/en\/haberler\/gundem\/yenilenen-aquapark-14-haziranda-hizmete-aciliyor\/","og_locale":"en_GB","og_type":"article","og_title":"Yenilenen Aquapark 14 Haziran\u2019da Hizmete A\u00e7\u0131l\u0131yor\u2026","og_description":"Sivas\u2019\u0131n \u00f6nemli turizm merkezlerinden biri olan S\u0131cak \u00c7ermik\u2019te y\u0131llard\u0131r at\u0131l durumda bulunan Aquapark Sa\u011fl\u0131k, Spor ve E\u011flence Merkezi, Sivas Belediye Ba\u015fkan\u0131 Dr. Adem Uzun\u2019un talimat\u0131yla ger\u00e7ekle\u015ftirilen kapsaml\u0131 yenileme \u00e7al\u0131\u015fmalar\u0131n\u0131n ard\u0131ndan hizmete a\u00e7\u0131l\u0131yor. \u200bSivas\u2019\u0131n \u00f6nemli turizm merkezlerinden biri olan S\u0131cak \u00c7ermik\u2019te y\u0131llard\u0131r at\u0131l durumda bulunan Aquapark Sa\u011fl\u0131k, Spor ve E\u011flence Merkezi, Sivas Belediye Ba\u015fkan\u0131 Dr. Adem Uzun\u2019un talimat\u0131yla ger\u00e7ekle\u015ftirilen kapsaml\u0131 yenileme \u00e7al\u0131\u015fmalar\u0131n\u0131n ard\u0131ndan hizmete a\u00e7\u0131l\u0131yor.\u00a0 \u200bHaberin Al\u0131nt\u0131land\u0131\u011f\u0131 Kaynak: www.iskenderun.org","og_url":"https:\/\/denizcankizil.tr\/en\/haberler\/gundem\/yenilenen-aquapark-14-haziranda-hizmete-aciliyor\/","og_site_name":"Av. Deniz Can K\u0131z\u0131l","article_published_time":"2025-06-13T07:42:23+00:00","author":"admin","twitter_card":"summary_large_image","twitter_misc":{"Written by":"admin","Estimated reading time":"1 minute"},"schema":{"@context":"https:\/\/schema.org","@graph":[{"@type":"Article","@id":"https:\/\/denizcankizil.tr\/en\/haberler\/gundem\/yenilenen-aquapark-14-haziranda-hizmete-aciliyor\/#article","isPartOf":{"@id":"https:\/\/denizcankizil.tr\/en\/haberler\/gundem\/yenilenen-aquapark-14-haziranda-hizmete-aciliyor\/"},"author":{"name":"admin","@id":"https:\/\/denizcankizil.tr\/de\/#\/schema\/person\/be3c05fe6a12686905512445d8185489"},"headline":"Yenilenen Aquapark 14 Haziran\u2019da Hizmete A\u00e7\u0131l\u0131yor\u2026","datePublished":"2025-06-13T07:42:23+00:00","mainEntityOfPage":{"@id":"https:\/\/denizcankizil.tr\/en\/haberler\/gundem\/yenilenen-aquapark-14-haziranda-hizmete-aciliyor\/"},"wordCount":120,"publisher":{"@id":"https:\/\/denizcankizil.tr\/de\/#organization"},"articleSection":["G\u00fcndem"],"inLanguage":"en-GB"},{"@type":"WebPage","@id":"https:\/\/denizcankizil.tr\/en\/haberler\/gundem\/yenilenen-aquapark-14-haziranda-hizmete-aciliyor\/","url":"https:\/\/denizcankizil.tr\/en\/haberler\/gundem\/yenilenen-aquapark-14-haziranda-hizmete-aciliyor\/","name":"Yenilenen Aquapark 14 Haziran\u2019da Hizmete A\u00e7\u0131l\u0131yor\u2026 - Av. Deniz Can K\u0131z\u0131l","isPartOf":{"@id":"https:\/\/denizcankizil.tr\/de\/#website"},"datePublished":"2025-06-13T07:42:23+00:00","breadcrumb":{"@id":"https:\/\/denizcankizil.tr\/en\/haberler\/gundem\/yenilenen-aquapark-14-haziranda-hizmete-aciliyor\/#breadcrumb"},"inLanguage":"en-GB","potentialAction":[{"@type":"ReadAction","target":["https:\/\/denizcankizil.tr\/en\/haberler\/gundem\/yenilenen-aquapark-14-haziranda-hizmete-aciliyor\/"]}]},{"@type":"BreadcrumbList","@id":"https:\/\/denizcankizil.tr\/en\/haberler\/gundem\/yenilenen-aquapark-14-haziranda-hizmete-aciliyor\/#breadcrumb","itemListElement":[{"@type":"ListItem","position":1,"name":"Home","item":"https:\/\/denizcankizil.tr\/de\/"},{"@type":"ListItem","position":2,"name":"Yenilenen Aquapark 14 Haziran\u2019da Hizmete A\u00e7\u0131l\u0131yor\u2026"}]},{"@type":"WebSite","@id":"https:\/\/denizcankizil.tr\/de\/#website","url":"https:\/\/denizcankizil.tr\/de\/","name":"Av. Deniz Can K\u0131z\u0131l","description":"Avukat Deniz Can K\u0131z\u0131l Antalya Barosu","publisher":{"@id":"https:\/\/denizcankizil.tr\/de\/#organization"},"potentialAction":[{"@type":"SearchAction","target":{"@type":"EntryPoint","urlTemplate":"https:\/\/denizcankizil.tr\/de\/?s={search_term_string}"},"query-input":{"@type":"PropertyValueSpecification","valueRequired":true,"valueName":"search_term_string"}}],"inLanguage":"en-GB"},{"@type":"Organization","@id":"https:\/\/denizcankizil.tr\/de\/#organization","name":"Av. Deniz Can K\u0131z\u0131l","url":"https:\/\/denizcankizil.tr\/de\/","logo":{"@type":"ImageObject","inLanguage":"en-GB","@id":"https:\/\/denizcankizil.tr\/de\/#\/schema\/logo\/image\/","url":"https:\/\/denizcankizil.tr\/wp-content\/uploads\/2024\/10\/siyah-logo-svg.svg","contentUrl":"https:\/\/denizcankizil.tr\/wp-content\/uploads\/2024\/10\/siyah-logo-svg.svg","width":1080,"height":1080,"caption":"Av. Deniz Can K\u0131z\u0131l"},"image":{"@id":"https:\/\/denizcankizil.tr\/de\/#\/schema\/logo\/image\/"}},{"@type":"Person","@id":"https:\/\/denizcankizil.tr\/de\/#\/schema\/person\/be3c05fe6a12686905512445d8185489","name":"admin","image":{"@type":"ImageObject","inLanguage":"en-GB","@id":"https:\/\/denizcankizil.tr\/de\/#\/schema\/person\/image\/","url":"https:\/\/secure.gravatar.com\/avatar\/c1fce94c830dc79107e174f890d7210541c4a63e8e5d816341794a2151c9d58c?s=96&d=mm&r=g","contentUrl":"https:\/\/secure.gravatar.com\/avatar\/c1fce94c830dc79107e174f890d7210541c4a63e8e5d816341794a2151c9d58c?s=96&d=mm&r=g","caption":"admin"},"sameAs":["http:\/\/denizcankizil.tr"],"url":"https:\/\/www.iskenderun.org\/yenilenen-aquapark-14-haziranda-hizmete-aciliyor"}]}},"_links":{"self":[{"href":"https:\/\/denizcankizil.tr\/en\/wp-json\/wp\/v2\/posts\/114922","targetHints":{"allow":["GET"]}}],"collection":[{"href":"https:\/\/denizcankizil.tr\/en\/wp-json\/wp\/v2\/posts"}],"about":[{"href":"https:\/\/denizcankizil.tr\/en\/wp-json\/wp\/v2\/types\/post"}],"author":[{"embeddable":true,"href":"https:\/\/denizcankizil.tr\/en\/wp-json\/wp\/v2\/users\/1"}],"replies":[{"embeddable":true,"href":"https:\/\/denizcankizil.tr\/en\/wp-json\/wp\/v2\/comments?post=114922"}],"version-history":[{"count":0,"href":"https:\/\/denizcankizil.tr\/en\/wp-json\/wp\/v2\/posts\/114922\/revisions"}],"wp:attachment":[{"href":"https:\/\/denizcankizil.tr\/en\/wp-json\/wp\/v2\/media?parent=114922"}],"wp:term":[{"taxonomy":"category","embeddable":true,"href":"https:\/\/denizcankizil.tr\/en\/wp-json\/wp\/v2\/categories?post=114922"},{"taxonomy":"post_tag","embeddable":true,"href":"https:\/\/denizcankizil.tr\/en\/wp-json\/wp\/v2\/tags?post=114922"}],"curies":[{"name":"wp","href":"https:\/\/api.w.org\/{rel}","templated":true}]}}