{"id":114886,"date":"2025-06-13T10:41:18","date_gmt":"2025-06-13T07:41:18","guid":{"rendered":"https:\/\/denizcankizil.tr\/uncategorized-tr\/falezlere-dogru-suruklenen-tekne-kurtarildi\/"},"modified":"2025-06-13T10:41:18","modified_gmt":"2025-06-13T07:41:18","slug":"falezlere-dogru-suruklenen-tekne-kurtarildi","status":"publish","type":"post","link":"https:\/\/denizcankizil.tr\/en\/haberler\/antalya\/falezlere-dogru-suruklenen-tekne-kurtarildi\/","title":{"rendered":"Falezlere do\u011fru s\u00fcr\u00fcklenen tekne kurtar\u0131ld\u0131"},"content":{"rendered":"<p>Olay, ge\u00e7ti\u011fimiz g\u00fcn Antalya&#8217;n\u0131n Muratpa\u015fa il\u00e7esi D\u00fcden \u015eelalesi a\u00e7\u0131klar\u0131nda meydana geldi. Edinilen bilgiye g\u00f6re, \u00f6zel bir teknenin motor ar\u0131zas\u0131 nedeniyle falezlere do\u011fru s\u00fcr\u00fcklendi\u011fi ihbar\u0131 \u00fczerine, Sahil G\u00fcvenlik Antalya Grup Komutanl\u0131\u011f\u0131 ekipleri h\u0131zla b\u00f6lgeye sevk edildi. K\u0131sa s\u00fcrede olay yerine ula\u015fan ekipler, falezlere yakla\u015fmakta olan ar\u0131zal\u0131 tekneyi tespit etti. Tekne i\u00e7erisinde bulunan 3 ki\u015finin sa\u011fl\u0131k durumlar\u0131n\u0131n iyi oldu\u011fu belirlenirken, Sahil G\u00fcvenlik botu taraf\u0131ndan tekne emniyetli bir \u015fekilde halata al\u0131narak Aksu \u00c7ay\u0131\u2019na \u00e7ekildi. \u0130ntikal s\u00fcresince Sahil G\u00fcvenlik ekipleri tekneye refakat ederek g\u00fcvenli\u011fi sa\u011flad\u0131. Olayla ilgili herhangi bir yaralanma ya\u015fanmazken, Sahil G\u00fcvenlik ekiplerinin h\u0131zl\u0131 m\u00fcdahalesi olas\u0131 bir facian\u0131n \u00f6n\u00fcne ge\u00e7ti.<\/p>\n<p>Kaynak: www.kanalv.com.tr Haber Sitesinden Al\u0131nm\u0131\u015ft\u0131r.<\/p>","protected":false},"excerpt":{"rendered":"<p>Olay, ge\u00e7ti\u011fimiz g\u00fcn Antalya&#8217;n\u0131n Muratpa\u015fa il\u00e7esi D\u00fcden \u015eelalesi a\u00e7\u0131klar\u0131nda meydana geldi. Edinilen bilgiye g\u00f6re, \u00f6zel bir teknenin motor ar\u0131zas\u0131 nedeniyle falezlere do\u011fru s\u00fcr\u00fcklendi\u011fi ihbar\u0131 \u00fczerine, Sahil G\u00fcvenlik Antalya Grup Komutanl\u0131\u011f\u0131 ekipleri h\u0131zla b\u00f6lgeye sevk edildi. K\u0131sa s\u00fcrede olay yerine ula\u015fan ekipler, falezlere yakla\u015fmakta olan ar\u0131zal\u0131 tekneyi tespit etti. Tekne i\u00e7erisinde bulunan 3 ki\u015finin sa\u011fl\u0131k durumlar\u0131n\u0131n iyi oldu\u011fu belirlenirken, Sahil G\u00fcvenlik botu taraf\u0131ndan tekne emniyetli bir \u015fekilde halata al\u0131narak Aksu \u00c7ay\u0131\u2019na \u00e7ekildi. \u0130ntikal s\u00fcresince Sahil G\u00fcvenlik ekipleri tekneye refakat ederek g\u00fcvenli\u011fi sa\u011flad\u0131. Olayla ilgili herhangi bir yaralanma ya\u015fanmazken, Sahil G\u00fcvenlik ekiplerinin h\u0131zl\u0131 m\u00fcdahalesi olas\u0131 bir facian\u0131n \u00f6n\u00fcne ge\u00e7ti. Kaynak: www.kanalv.com.tr Haber Sitesinden Al\u0131nm\u0131\u015ft\u0131r.<\/p>","protected":false},"author":4,"featured_media":0,"comment_status":"","ping_status":"open","sticky":false,"template":"","format":"standard","meta":{"_acf_changed":false,"footnotes":""},"categories":[26],"tags":[],"class_list":["post-114886","post","type-post","status-publish","format-standard","hentry","category-antalya"],"acf":[],"yoast_head":"<!-- This site is optimized with the Yoast SEO Premium plugin v26.6 (Yoast SEO v27.1.1) - https:\/\/yoast.com\/product\/yoast-seo-premium-wordpress\/ -->\n<title>Falezlere do\u011fru s\u00fcr\u00fcklenen tekne kurtar\u0131ld\u0131 - Av. Deniz Can K\u0131z\u0131l<\/title>\n<meta name=\"robots\" content=\"index, follow, max-snippet:-1, max-image-preview:large, max-video-preview:-1\" \/>\n<link rel=\"canonical\" href=\"https:\/\/denizcankizil.tr\/en\/haberler\/antalya\/falezlere-dogru-suruklenen-tekne-kurtarildi\/\" \/>\n<meta property=\"og:locale\" content=\"en_GB\" \/>\n<meta property=\"og:type\" content=\"article\" \/>\n<meta property=\"og:title\" content=\"Falezlere do\u011fru s\u00fcr\u00fcklenen tekne kurtar\u0131ld\u0131\" \/>\n<meta property=\"og:description\" content=\"Olay, ge\u00e7ti\u011fimiz g\u00fcn Antalya&#8217;n\u0131n Muratpa\u015fa il\u00e7esi D\u00fcden \u015eelalesi a\u00e7\u0131klar\u0131nda meydana geldi. Edinilen bilgiye g\u00f6re, \u00f6zel bir teknenin motor ar\u0131zas\u0131 nedeniyle falezlere do\u011fru s\u00fcr\u00fcklendi\u011fi ihbar\u0131 \u00fczerine, Sahil G\u00fcvenlik Antalya Grup Komutanl\u0131\u011f\u0131 ekipleri h\u0131zla b\u00f6lgeye sevk edildi. K\u0131sa s\u00fcrede olay yerine ula\u015fan ekipler, falezlere yakla\u015fmakta olan ar\u0131zal\u0131 tekneyi tespit etti. Tekne i\u00e7erisinde bulunan 3 ki\u015finin sa\u011fl\u0131k durumlar\u0131n\u0131n iyi oldu\u011fu belirlenirken, Sahil G\u00fcvenlik botu taraf\u0131ndan tekne emniyetli bir \u015fekilde halata al\u0131narak Aksu \u00c7ay\u0131\u2019na \u00e7ekildi. \u0130ntikal s\u00fcresince Sahil G\u00fcvenlik ekipleri tekneye refakat ederek g\u00fcvenli\u011fi sa\u011flad\u0131. Olayla ilgili herhangi bir yaralanma ya\u015fanmazken, Sahil G\u00fcvenlik ekiplerinin h\u0131zl\u0131 m\u00fcdahalesi olas\u0131 bir facian\u0131n \u00f6n\u00fcne ge\u00e7ti. Kaynak: www.kanalv.com.tr Haber Sitesinden Al\u0131nm\u0131\u015ft\u0131r.\" \/>\n<meta property=\"og:url\" content=\"https:\/\/denizcankizil.tr\/en\/haberler\/antalya\/falezlere-dogru-suruklenen-tekne-kurtarildi\/\" \/>\n<meta property=\"og:site_name\" content=\"Av. Deniz Can K\u0131z\u0131l\" \/>\n<meta property=\"article:published_time\" content=\"2025-06-13T07:41:18+00:00\" \/>\n<meta name=\"author\" content=\"Av. Deniz Can K\u0131z\u0131l\" \/>\n<meta name=\"twitter:card\" content=\"summary_large_image\" \/>\n<meta name=\"twitter:label1\" content=\"Written by\" \/>\n\t<meta name=\"twitter:data1\" content=\"Av. Deniz Can K\u0131z\u0131l\" \/>\n\t<meta name=\"twitter:label2\" content=\"Estimated reading time\" \/>\n\t<meta name=\"twitter:data2\" content=\"1 minute\" \/>\n<script type=\"application\/ld+json\" class=\"yoast-schema-graph\">{\"@context\":\"https:\/\/schema.org\",\"@graph\":[{\"@type\":\"Article\",\"@id\":\"https:\/\/denizcankizil.tr\/en\/haberler\/antalya\/falezlere-dogru-suruklenen-tekne-kurtarildi\/#article\",\"isPartOf\":{\"@id\":\"https:\/\/denizcankizil.tr\/en\/haberler\/antalya\/falezlere-dogru-suruklenen-tekne-kurtarildi\/\"},\"author\":{\"name\":\"Av. Deniz Can K\u0131z\u0131l\",\"@id\":\"https:\/\/denizcankizil.tr\/de\/#\/schema\/person\/5dc1b22991bd7ac833867c10afc9b0ff\"},\"headline\":\"Falezlere do\u011fru s\u00fcr\u00fcklenen tekne kurtar\u0131ld\u0131\",\"datePublished\":\"2025-06-13T07:41:18+00:00\",\"mainEntityOfPage\":{\"@id\":\"https:\/\/denizcankizil.tr\/en\/haberler\/antalya\/falezlere-dogru-suruklenen-tekne-kurtarildi\/\"},\"wordCount\":163,\"publisher\":{\"@id\":\"https:\/\/denizcankizil.tr\/de\/#organization\"},\"articleSection\":[\"Antalya\"],\"inLanguage\":\"en-GB\"},{\"@type\":\"WebPage\",\"@id\":\"https:\/\/denizcankizil.tr\/en\/haberler\/antalya\/falezlere-dogru-suruklenen-tekne-kurtarildi\/\",\"url\":\"https:\/\/denizcankizil.tr\/en\/haberler\/antalya\/falezlere-dogru-suruklenen-tekne-kurtarildi\/\",\"name\":\"Falezlere do\u011fru s\u00fcr\u00fcklenen tekne kurtar\u0131ld\u0131 - Av. Deniz Can K\u0131z\u0131l\",\"isPartOf\":{\"@id\":\"https:\/\/denizcankizil.tr\/de\/#website\"},\"datePublished\":\"2025-06-13T07:41:18+00:00\",\"breadcrumb\":{\"@id\":\"https:\/\/denizcankizil.tr\/en\/haberler\/antalya\/falezlere-dogru-suruklenen-tekne-kurtarildi\/#breadcrumb\"},\"inLanguage\":\"en-GB\",\"potentialAction\":[{\"@type\":\"ReadAction\",\"target\":[\"https:\/\/denizcankizil.tr\/en\/haberler\/antalya\/falezlere-dogru-suruklenen-tekne-kurtarildi\/\"]}]},{\"@type\":\"BreadcrumbList\",\"@id\":\"https:\/\/denizcankizil.tr\/en\/haberler\/antalya\/falezlere-dogru-suruklenen-tekne-kurtarildi\/#breadcrumb\",\"itemListElement\":[{\"@type\":\"ListItem\",\"position\":1,\"name\":\"Home\",\"item\":\"https:\/\/denizcankizil.tr\/de\/\"},{\"@type\":\"ListItem\",\"position\":2,\"name\":\"Falezlere do\u011fru s\u00fcr\u00fcklenen tekne kurtar\u0131ld\u0131\"}]},{\"@type\":\"WebSite\",\"@id\":\"https:\/\/denizcankizil.tr\/de\/#website\",\"url\":\"https:\/\/denizcankizil.tr\/de\/\",\"name\":\"Av. Deniz Can K\u0131z\u0131l\",\"description\":\"Avukat Deniz Can K\u0131z\u0131l Antalya Barosu\",\"publisher\":{\"@id\":\"https:\/\/denizcankizil.tr\/de\/#organization\"},\"potentialAction\":[{\"@type\":\"SearchAction\",\"target\":{\"@type\":\"EntryPoint\",\"urlTemplate\":\"https:\/\/denizcankizil.tr\/de\/?s={search_term_string}\"},\"query-input\":{\"@type\":\"PropertyValueSpecification\",\"valueRequired\":true,\"valueName\":\"search_term_string\"}}],\"inLanguage\":\"en-GB\"},{\"@type\":\"Organization\",\"@id\":\"https:\/\/denizcankizil.tr\/de\/#organization\",\"name\":\"Av. Deniz Can K\u0131z\u0131l\",\"url\":\"https:\/\/denizcankizil.tr\/de\/\",\"logo\":{\"@type\":\"ImageObject\",\"inLanguage\":\"en-GB\",\"@id\":\"https:\/\/denizcankizil.tr\/de\/#\/schema\/logo\/image\/\",\"url\":\"https:\/\/denizcankizil.tr\/wp-content\/uploads\/2024\/10\/siyah-logo-svg.svg\",\"contentUrl\":\"https:\/\/denizcankizil.tr\/wp-content\/uploads\/2024\/10\/siyah-logo-svg.svg\",\"width\":1080,\"height\":1080,\"caption\":\"Av. Deniz Can K\u0131z\u0131l\"},\"image\":{\"@id\":\"https:\/\/denizcankizil.tr\/de\/#\/schema\/logo\/image\/\"}},{\"@type\":\"Person\",\"@id\":\"https:\/\/denizcankizil.tr\/de\/#\/schema\/person\/5dc1b22991bd7ac833867c10afc9b0ff\",\"name\":\"Av. Deniz Can K\u0131z\u0131l\",\"image\":{\"@type\":\"ImageObject\",\"inLanguage\":\"en-GB\",\"@id\":\"https:\/\/denizcankizil.tr\/de\/#\/schema\/person\/image\/\",\"url\":\"https:\/\/secure.gravatar.com\/avatar\/a0b128fb9855c79efc976d5640eedb31dc35ec297594d6016d2cf7c60e975bb6?s=96&d=mm&r=g\",\"contentUrl\":\"https:\/\/secure.gravatar.com\/avatar\/a0b128fb9855c79efc976d5640eedb31dc35ec297594d6016d2cf7c60e975bb6?s=96&d=mm&r=g\",\"caption\":\"Av. Deniz Can K\u0131z\u0131l\"},\"sameAs\":[\"http:\/\/www.denizcankizil.tr\"],\"url\":\"https:\/\/denizcankizil.tr\/en\/author\/denizcankizil\/\"}]}<\/script>\n<!-- \/ Yoast SEO Premium plugin. -->","yoast_head_json":{"title":"Falezlere do\u011fru s\u00fcr\u00fcklenen tekne kurtar\u0131ld\u0131 - Av. Deniz Can K\u0131z\u0131l","robots":{"index":"index","follow":"follow","max-snippet":"max-snippet:-1","max-image-preview":"max-image-preview:large","max-video-preview":"max-video-preview:-1"},"canonical":"https:\/\/denizcankizil.tr\/en\/haberler\/antalya\/falezlere-dogru-suruklenen-tekne-kurtarildi\/","og_locale":"en_GB","og_type":"article","og_title":"Falezlere do\u011fru s\u00fcr\u00fcklenen tekne kurtar\u0131ld\u0131","og_description":"Olay, ge\u00e7ti\u011fimiz g\u00fcn Antalya&#8217;n\u0131n Muratpa\u015fa il\u00e7esi D\u00fcden \u015eelalesi a\u00e7\u0131klar\u0131nda meydana geldi. Edinilen bilgiye g\u00f6re, \u00f6zel bir teknenin motor ar\u0131zas\u0131 nedeniyle falezlere do\u011fru s\u00fcr\u00fcklendi\u011fi ihbar\u0131 \u00fczerine, Sahil G\u00fcvenlik Antalya Grup Komutanl\u0131\u011f\u0131 ekipleri h\u0131zla b\u00f6lgeye sevk edildi. K\u0131sa s\u00fcrede olay yerine ula\u015fan ekipler, falezlere yakla\u015fmakta olan ar\u0131zal\u0131 tekneyi tespit etti. Tekne i\u00e7erisinde bulunan 3 ki\u015finin sa\u011fl\u0131k durumlar\u0131n\u0131n iyi oldu\u011fu belirlenirken, Sahil G\u00fcvenlik botu taraf\u0131ndan tekne emniyetli bir \u015fekilde halata al\u0131narak Aksu \u00c7ay\u0131\u2019na \u00e7ekildi. \u0130ntikal s\u00fcresince Sahil G\u00fcvenlik ekipleri tekneye refakat ederek g\u00fcvenli\u011fi sa\u011flad\u0131. Olayla ilgili herhangi bir yaralanma ya\u015fanmazken, Sahil G\u00fcvenlik ekiplerinin h\u0131zl\u0131 m\u00fcdahalesi olas\u0131 bir facian\u0131n \u00f6n\u00fcne ge\u00e7ti. Kaynak: www.kanalv.com.tr Haber Sitesinden Al\u0131nm\u0131\u015ft\u0131r.","og_url":"https:\/\/denizcankizil.tr\/en\/haberler\/antalya\/falezlere-dogru-suruklenen-tekne-kurtarildi\/","og_site_name":"Av. Deniz Can K\u0131z\u0131l","article_published_time":"2025-06-13T07:41:18+00:00","author":"Av. Deniz Can K\u0131z\u0131l","twitter_card":"summary_large_image","twitter_misc":{"Written by":"Av. Deniz Can K\u0131z\u0131l","Estimated reading time":"1 minute"},"schema":{"@context":"https:\/\/schema.org","@graph":[{"@type":"Article","@id":"https:\/\/denizcankizil.tr\/en\/haberler\/antalya\/falezlere-dogru-suruklenen-tekne-kurtarildi\/#article","isPartOf":{"@id":"https:\/\/denizcankizil.tr\/en\/haberler\/antalya\/falezlere-dogru-suruklenen-tekne-kurtarildi\/"},"author":{"name":"Av. Deniz Can K\u0131z\u0131l","@id":"https:\/\/denizcankizil.tr\/de\/#\/schema\/person\/5dc1b22991bd7ac833867c10afc9b0ff"},"headline":"Falezlere do\u011fru s\u00fcr\u00fcklenen tekne kurtar\u0131ld\u0131","datePublished":"2025-06-13T07:41:18+00:00","mainEntityOfPage":{"@id":"https:\/\/denizcankizil.tr\/en\/haberler\/antalya\/falezlere-dogru-suruklenen-tekne-kurtarildi\/"},"wordCount":163,"publisher":{"@id":"https:\/\/denizcankizil.tr\/de\/#organization"},"articleSection":["Antalya"],"inLanguage":"en-GB"},{"@type":"WebPage","@id":"https:\/\/denizcankizil.tr\/en\/haberler\/antalya\/falezlere-dogru-suruklenen-tekne-kurtarildi\/","url":"https:\/\/denizcankizil.tr\/en\/haberler\/antalya\/falezlere-dogru-suruklenen-tekne-kurtarildi\/","name":"Falezlere do\u011fru s\u00fcr\u00fcklenen tekne kurtar\u0131ld\u0131 - Av. Deniz Can K\u0131z\u0131l","isPartOf":{"@id":"https:\/\/denizcankizil.tr\/de\/#website"},"datePublished":"2025-06-13T07:41:18+00:00","breadcrumb":{"@id":"https:\/\/denizcankizil.tr\/en\/haberler\/antalya\/falezlere-dogru-suruklenen-tekne-kurtarildi\/#breadcrumb"},"inLanguage":"en-GB","potentialAction":[{"@type":"ReadAction","target":["https:\/\/denizcankizil.tr\/en\/haberler\/antalya\/falezlere-dogru-suruklenen-tekne-kurtarildi\/"]}]},{"@type":"BreadcrumbList","@id":"https:\/\/denizcankizil.tr\/en\/haberler\/antalya\/falezlere-dogru-suruklenen-tekne-kurtarildi\/#breadcrumb","itemListElement":[{"@type":"ListItem","position":1,"name":"Home","item":"https:\/\/denizcankizil.tr\/de\/"},{"@type":"ListItem","position":2,"name":"Falezlere do\u011fru s\u00fcr\u00fcklenen tekne kurtar\u0131ld\u0131"}]},{"@type":"WebSite","@id":"https:\/\/denizcankizil.tr\/de\/#website","url":"https:\/\/denizcankizil.tr\/de\/","name":"Av. Deniz Can K\u0131z\u0131l","description":"Avukat Deniz Can K\u0131z\u0131l Antalya Barosu","publisher":{"@id":"https:\/\/denizcankizil.tr\/de\/#organization"},"potentialAction":[{"@type":"SearchAction","target":{"@type":"EntryPoint","urlTemplate":"https:\/\/denizcankizil.tr\/de\/?s={search_term_string}"},"query-input":{"@type":"PropertyValueSpecification","valueRequired":true,"valueName":"search_term_string"}}],"inLanguage":"en-GB"},{"@type":"Organization","@id":"https:\/\/denizcankizil.tr\/de\/#organization","name":"Av. Deniz Can K\u0131z\u0131l","url":"https:\/\/denizcankizil.tr\/de\/","logo":{"@type":"ImageObject","inLanguage":"en-GB","@id":"https:\/\/denizcankizil.tr\/de\/#\/schema\/logo\/image\/","url":"https:\/\/denizcankizil.tr\/wp-content\/uploads\/2024\/10\/siyah-logo-svg.svg","contentUrl":"https:\/\/denizcankizil.tr\/wp-content\/uploads\/2024\/10\/siyah-logo-svg.svg","width":1080,"height":1080,"caption":"Av. Deniz Can K\u0131z\u0131l"},"image":{"@id":"https:\/\/denizcankizil.tr\/de\/#\/schema\/logo\/image\/"}},{"@type":"Person","@id":"https:\/\/denizcankizil.tr\/de\/#\/schema\/person\/5dc1b22991bd7ac833867c10afc9b0ff","name":"Av. Deniz Can K\u0131z\u0131l","image":{"@type":"ImageObject","inLanguage":"en-GB","@id":"https:\/\/denizcankizil.tr\/de\/#\/schema\/person\/image\/","url":"https:\/\/secure.gravatar.com\/avatar\/a0b128fb9855c79efc976d5640eedb31dc35ec297594d6016d2cf7c60e975bb6?s=96&d=mm&r=g","contentUrl":"https:\/\/secure.gravatar.com\/avatar\/a0b128fb9855c79efc976d5640eedb31dc35ec297594d6016d2cf7c60e975bb6?s=96&d=mm&r=g","caption":"Av. Deniz Can K\u0131z\u0131l"},"sameAs":["http:\/\/www.denizcankizil.tr"],"url":"https:\/\/denizcankizil.tr\/en\/author\/denizcankizil\/"}]}},"_links":{"self":[{"href":"https:\/\/denizcankizil.tr\/en\/wp-json\/wp\/v2\/posts\/114886","targetHints":{"allow":["GET"]}}],"collection":[{"href":"https:\/\/denizcankizil.tr\/en\/wp-json\/wp\/v2\/posts"}],"about":[{"href":"https:\/\/denizcankizil.tr\/en\/wp-json\/wp\/v2\/types\/post"}],"author":[{"embeddable":true,"href":"https:\/\/denizcankizil.tr\/en\/wp-json\/wp\/v2\/users\/4"}],"replies":[{"embeddable":true,"href":"https:\/\/denizcankizil.tr\/en\/wp-json\/wp\/v2\/comments?post=114886"}],"version-history":[{"count":0,"href":"https:\/\/denizcankizil.tr\/en\/wp-json\/wp\/v2\/posts\/114886\/revisions"}],"wp:attachment":[{"href":"https:\/\/denizcankizil.tr\/en\/wp-json\/wp\/v2\/media?parent=114886"}],"wp:term":[{"taxonomy":"category","embeddable":true,"href":"https:\/\/denizcankizil.tr\/en\/wp-json\/wp\/v2\/categories?post=114886"},{"taxonomy":"post_tag","embeddable":true,"href":"https:\/\/denizcankizil.tr\/en\/wp-json\/wp\/v2\/tags?post=114886"}],"curies":[{"name":"wp","href":"https:\/\/api.w.org\/{rel}","templated":true}]}}