{"id":114429,"date":"2025-06-12T16:42:08","date_gmt":"2025-06-12T13:42:08","guid":{"rendered":"https:\/\/denizcankizil.tr\/uncategorized-tr\/gaziantepte-dogada-senlik-cevre-haftasi-bulusmasi-etkinligi\/"},"modified":"2025-06-12T16:42:08","modified_gmt":"2025-06-12T13:42:08","slug":"gaziantepte-dogada-senlik-cevre-haftasi-bulusmasi-etkinligi","status":"publish","type":"post","link":"https:\/\/denizcankizil.tr\/en\/haberler\/gundem\/gaziantepte-dogada-senlik-cevre-haftasi-bulusmasi-etkinligi\/","title":{"rendered":"Gaziantep&#8217;te \u201cDo\u011fada \u015eenlik \u00c7evre Haftas\u0131 Bulu\u015fmas\u0131\u201d etkinli\u011fi"},"content":{"rendered":"<p>Gaziantep B\u00fcy\u00fck\u015fehir Belediyesi taraf\u0131ndan do\u011fa ile kurulan ba\u011f ve \u00e7evreye kar\u015f\u0131 s\u00fcrd\u00fcrebilirli\u011fi art\u0131rmak amac\u0131yla \u201cDo\u011fada \u015eenlik \u00c7evre Haftas\u0131 Bulu\u015fmas\u0131\u201d etkinli\u011fi ilk kez d\u00fczenlendi.GAZ\u0130ANTEP (\u0130GFA) &#8211; Gaziantep Erik\u00e7e Macera Park\u2019\u0131nda ger\u00e7ekle\u015fen etkinlikte \u00e7evre bilincini art\u0131rmak ve s\u00fcrd\u00fcr\u00fclebilir ya\u015fam al\u0131\u015fkanl\u0131klar\u0131n\u0131 yayg\u0131nla\u015ft\u0131rmak hedefiyle yap\u0131lan \u201cGeri D\u00f6n\u00fc\u015f\u00fcm Evde Ba\u015flar\u201d projesinin lansman\u0131 da yap\u0131ld\u0131.<br \/>\n\u201cGER\u0130 D\u00d6N\u00dc\u015e\u00dcM EVDE BA\u015eLAR\u201d PROJES\u0130 \u0130\u00c7\u0130N \u0130MZA T\u00d6REN\u0130 D\u00dcZENLEND\u0130<br \/>\nA\u00e7\u0131l\u0131\u015f konu\u015fmalar\u0131n\u0131n ard\u0131ndan \u201cGeri D\u00f6n\u00fc\u015f\u00fcm Evde Ba\u015flar\u201d Projesi i\u00e7in B\u00fcy\u00fck\u015fehir Belediyesi ve STK\u2019lar aras\u0131nda s\u0131f\u0131r at\u0131k \u00e7al\u0131\u015fmalar\u0131nda fark\u0131ndal\u0131klar\u0131n\u0131n art\u0131r\u0131lmas\u0131na y\u00f6nelik protokol imzaland\u0131. \u0130mza t\u00f6renine B\u00fcy\u00fck\u015fehir Belediye Ba\u015fkan\u0131 Fatma \u015eahin, Gaziantep Valisi Kemal \u00c7eber ve STK ba\u015fkanlar\u0131 kat\u0131ld\u0131.<br \/>\nDaha ya\u015fanabilir bir \u00e7evre ve s\u0131f\u0131r at\u0131k hedefiyle d\u00fczenlenen bulu\u015fmaya Gaziantep B\u00fcy\u00fck\u015fehir Belediye Ba\u015fkan\u0131 Fatma \u015eahin, Gaziantep Valisi Kemal \u00c7eber\u2019in yan\u0131 s\u0131ra Gaziantep Vali Yard\u0131mc\u0131s\u0131 Murat Aky\u00fcz, Gaziantep \u0130l Milli E\u011fitim M\u00fcd\u00fcr\u00fc Erdal K\u0131l\u0131n\u00e7, T\u00dcB\u0130TAK MAM Kutup Ara\u015ft\u0131rmalar\u0131 Ba\u015f Uzman\u0131 Ara\u015ft\u0131rma Dr. Atilla Y\u0131lmaz, Kanun Enstr\u00fcman\u0131 Yap\u0131m Ustas\u0131 Bur\u00e7in Bayar Babao\u011flu, WWF T\u00fcrkiye Do\u011fa Koruma Direkt\u00f6r\u00fc G\u00fcner Erg\u00fcn, Gaziantep Kul\u00fcb\u00fc Derne\u011fi Y\u00f6netim Kurulu Ba\u015fkan\u0131 K\u00fcbra Kay\u0131n kat\u0131ld\u0131.<\/p>\n<p>\u015eAH\u0130N: \u00c7OCUKLARIMIZI KORUMAMIZ \u0130\u00c7\u0130N DO\u011eAMIZI KORUMAMIZ LAZIM<br \/>\n5 Haziran \u00c7evre g\u00fcn\u00fc etkinlikleri kapsam\u0131nda d\u00fczenlenen etkinlikte t\u00fcm kat\u0131l\u0131mc\u0131lara ve emek verenlere te\u015fekk\u00fcr eden Gaziantep B\u00fcy\u00fck\u015fehir Belediye Ba\u015fkan\u0131 Ba\u015fkan\u0131 \u015eahin Antartika\u2019da bulundu\u011funu g\u00fcnlerde k\u00fcresel \u0131s\u0131nma s\u0131k\u0131nt\u0131s\u0131na \u015fahit oldu\u011funu, gelece\u011fi ve \u00e7ocuklar\u0131 zor duruma sokaca\u011f\u0131n\u0131 anlatt\u0131.<br \/>\nHava durumunun her y\u0131l farkl\u0131 bir s\u00fcre\u00e7ten ge\u00e7ti\u011fini belirten Ba\u015fkan Fatma \u015eahin, \u201cGaziantep&#8217;te bu k\u0131\u015f Ocak ay\u0131nda bir damla ya\u011fmur ya\u011fmad\u0131. Ge\u00e7en y\u0131lda s\u00fcper h\u00fccre ya\u015fand\u0131. Ayn\u0131 anda g\u00f6k g\u00fcr\u00fcld\u00fcyor, \u015fim\u015fek \u00e7ak\u0131yor, y\u0131ld\u0131r\u0131m var. Ya\u011fmur ya\u011f\u0131yor, dolu vuruyor. Ne yapaca\u011f\u0131m\u0131z\u0131 bilemedik. Alleben ta\u015ft\u0131 ta\u015f\u0131yor. Sevgili \u00e7ocuklar bu kadar \u00f6nemli bir konuyu konu\u015fmak i\u00e7in buraya geldim. \u0130yi ki gitmi\u015fim. Ben geldim gidiyorum. Yar\u0131n siz burada olacaks\u0131n\u0131z. \u00c7ocuklar\u0131m\u0131z\u0131 korumam\u0131z i\u00e7in do\u011fam\u0131z\u0131, a\u011fac\u0131, \u00e7i\u00e7e\u011fi, b\u00f6ce\u011fi korumam\u0131z laz\u0131m\u201d diye konu\u015ftu.<br \/>\nB\u0130YOLOJ\u0130K M\u00dcCADELE ETMEM\u0130Z LAZIM<br \/>\nDo\u011fan\u0131n dengesinin bozuldu\u011funu ve kene sorunlar\u0131n\u0131n ortaya \u00e7\u0131kt\u0131\u011f\u0131n\u0131 belirten Ba\u015fkan \u015eahin konu\u015fmas\u0131n\u0131 \u015fu s\u00f6zlerle tamamlad\u0131:<br \/>\n\u201cKene niye \u00e7o\u011fald\u0131? Kekli\u011fi azaltt\u0131k \u00e7\u00fcnk\u00fc. Keklik azald\u0131. Bizi \u00f6ld\u00fcr\u00fcyor. Ben de \u015fimdi \u00f6\u011freniyorum. Bizim ekibe hemen dedim ki kene neyi sevmez? Nas\u0131l m\u00fccadele edecek? Bir de biyolojik m\u00fccadele etmemiz laz\u0131m. \u0130yili\u011fi, sevgiyi, do\u011fay\u0131 koruyan WWF&#8217;imiz var. WWF&#8217;in network\u00fcne Gaziantep Modeli\u2019ni girdirmemiz laz\u0131m.  O y\u00fczden biz WWF&#8217;te \u00e7ok iyi bir payda\u015f olduk. We Love Gaziantep\u2019te d\u00fcnya birincisi olduk. Bu \u015fehir ak\u0131ll\u0131 \u015fehir olacak, diren\u00e7li \u015fehir olacak, ye\u015fil \u015fehir olacak ama onun i\u00e7in \u00fc\u00e7\u00fcnc\u00fc d\u00f6n\u00fc\u015f\u00fcm laz\u0131m. Zihinsel d\u00f6n\u00fc\u015f\u00fcm. Ak\u0131ll\u0131 \u015fehir, diren\u00e7li \u015fehir, ye\u015fil \u015fehirle birlikte zihinsel bir d\u00f6n\u00fc\u015f\u00fcm laz\u0131m. \u00c7ocuklar buras\u0131 bize emanet. D\u00fcnya bize emanet.\u201d<br \/>\n\u00c7EBER: BU NOKTADA B\u0130Z \u0130L OLARAK \u00c7OK \u00d6ZEL \u015eEYLER YAPIYORUZ<br \/>\nGaziantep Valisi Kemal \u00c7eber yapt\u0131\u011f\u0131 a\u00e7\u0131l\u0131\u015f konu\u015fmas\u0131nda \u00e7evrenin sonra zamanlarda \u00fczerinde durulan \u00f6nemli bir konu oldu\u011funu belirterek, \u201cBu noktada biz il olarak \u00e7ok \u00f6zel \u015feyler yap\u0131yoruz ve \u00e7ok daha \u00f6zel \u015feyler yapmay\u0131 planl\u0131yoruz. Bunun da mihmandarl\u0131\u011f\u0131n\u0131 her g\u00fczel i\u015fimizde oldu\u011fu gibi B\u00fcy\u00fck\u015fehir Belediye Ba\u015fkan\u0131 Fatma \u015eahin Bakan\u0131m\u0131z. O bizim i\u00e7in ger\u00e7ekten b\u00fcy\u00fck bir \u015fans. Yapabildi\u011fimiz t\u00fcm koordinasyonla, t\u00fcm birlikte ve uyumlu \u00e7al\u0131\u015fma azmiyle elimizden geleni yap\u0131yoruz. T\u00fcm kamu kurumlar\u0131m\u0131zla beraber her konu oldu\u011fu gibi bu konuda \u00e7al\u0131\u015f\u0131yoruz. D\u00fcnya art\u0131k bize ba\u011f\u0131r\u0131yor \u2018Ey insano\u011flu beni \u00e7ok hor kulland\u0131n, beni \u00e7ok kirlettin ve kirletmeye devam ediyorsun\u2019 diyor. Yava\u015f yava\u015f bizlere de \u015fehirlere de ya\u015fam alanlar\u0131na da sirayet ediyor\u201d a\u00e7\u0131klamas\u0131nda bulundu. <\/p>\n<p>AKY\u00dcZ: BUG\u00dcNDEN ALINAN TEDB\u0130RLER, GELECEK ADINA \u00c7OK \u00d6NEML\u0130<br \/>\nGaziantep Vali Yard\u0131mc\u0131s\u0131 Murat Aky\u00fcz yapt\u0131\u011f\u0131 a\u00e7\u0131l\u0131\u015f konu\u015fmas\u0131nda ekolojik s\u00fcrd\u00fcr\u00fclebilir ve \u00e7evre bilincinin sa\u011flanmas\u0131 a\u00e7\u0131s\u0131ndan bu tarz etkinliklerin \u00e7ok k\u0131ymetli oldu\u011funu belirterek, \u201cetkilerin neticesinde \u00f6n\u00fcm\u00fczdeki 20 y\u0131l i\u00e7erisinde ciddi iklim g\u00f6\u00e7lerinin olu\u015fabilece\u011fi g\u00f6z \u00f6n\u00fcnde bulunduruldu\u011funda asl\u0131nda bug\u00fcnden al\u0131nan tedbirlerin gelecek ad\u0131na \u00e7ok \u00f6nem arz etti\u011fini d\u00fc\u015f\u00fcn\u00fcyorum. \u0130lk ya\u015flar\u0131ndan itibaren \u00e7ocuklar\u0131m\u0131za a\u015f\u0131layaca\u011f\u0131m\u0131z geri d\u00f6n\u00fc\u015f\u00fcm konusundaki hassasiyet \u00fclke kaynaklar\u0131n\u0131n etkin ve verimli kullan\u0131lmas\u0131 a\u00e7\u0131s\u0131ndan da son derece \u00f6nemlidir\u201d diye konu\u015ftu.<br \/>\nT\u00dcB\u0130TAK MAM Kutup Ara\u015ft\u0131rmalar\u0131 Ba\u015f Uzman\u0131 Ara\u015ft\u0131rma Dr. Atilla Y\u0131lmaz yapt\u0131\u011f\u0131 konu\u015fmas\u0131nda kutup b\u00f6lgelerindeki mikro plastiklere de\u011finirken, Kanun Enstr\u00fcman\u0131 Yap\u0131m Ustas\u0131 Bur\u00e7in Bayar Babao\u011flu hayalleriyle i\u015fini birle\u015ftirerek bu i\u015fe ad\u0131m att\u0131\u011f\u0131n\u0131 anlatt\u0131.<br \/>\nWWF T\u00fcrkiye Do\u011fa Koruma Direkt\u00f6r\u00fc G\u00fcner Erg\u00fcn ama\u00e7lar\u0131n\u0131n insanlar\u0131n do\u011fa ile uyum i\u00e7inde olmas\u0131 gerekti\u011fini belirterek do\u011fa tahribat\u0131, kirlilik, biyolojik \u00e7e\u015fitlilik koruma alanlar\u0131nda \u00e7al\u0131\u015ft\u0131klar\u0131n\u0131 belirtti. Gaziantep Kul\u00fcb\u00fc Derne\u011fi Y\u00f6netim Kurulu Ba\u015fkan\u0131 K\u00fcbra Kay\u0131n ise geri d\u00f6n\u00fc\u015f\u00fcm ile gelecek i\u00e7in burada olduklar\u0131n\u0131 belirterek, insano\u011flunun sanayi s\u00fcreciyle birlikte at\u0131k sorununa neden oldu\u011funu belirtti.<br \/>\nS\u0131f\u0131r at\u0131k, geri d\u00f6n\u00fc\u015f\u00fcm, iklim m\u00fccadeleleri konular\u0131nda fark\u0131ndal\u0131klarla \u00e7al\u0131\u015fan B\u00fcy\u00fck\u015fehir Belediyesi\u2019nin d\u00fczenledi\u011fi bu etkinlikte protokol ile birlikte alanda geri d\u00f6n\u00fc\u015f\u00fcmle at\u0131k ile yap\u0131lan sanat eserlerinin yer ald\u0131\u011f\u0131 \u00e7evre ve do\u011fa y\u00fcr\u00fcy\u00fc\u015f\u00fc ger\u00e7ekle\u015ftirdi.<br \/>\nBABABAO\u011eLU\u2019NUN SERG\u0130S\u0130 VE BAHATT\u0130N KAYALI \u0130LKOKULU \u00d6\u011eRENC\u0130LER\u0130 DEF\u0130LE G\u00d6STER\u0130S\u0130 YAPTI<br \/>\nBur\u00e7in Bayar Babao\u011flu\u2019nun at\u0131k malzemelerden yapt\u0131\u011f\u0131 m\u00fczik aletlerinin sergisinin a\u00e7\u0131l\u0131\u015f\u0131 yap\u0131ld\u0131. A\u00e7\u0131l\u0131\u015f sonras\u0131 Babao\u011flu\u2019nun haz\u0131rlad\u0131\u011f\u0131 k\u0131sa bir m\u00fczik dinletisi ger\u00e7ekle\u015fti.<br \/>\nAyr\u0131ca Bahattin Kayal\u0131 \u0130lkokulu \u00f6\u011frencilerinin at\u0131k malzemelerden haz\u0131rlad\u0131\u011f\u0131 \u201cGeri D\u00f6n\u00fc\u015f\u00fcm Defilesi\u201d ile fark\u0131ndal\u0131k olu\u015fturmay\u0131 ama\u00e7layan bir g\u00f6steri d\u00fczenlendi.<\/p>\n<p>\u200bGaziantep B\u00fcy\u00fck\u015fehir Belediyesi taraf\u0131ndan do\u011fa ile kurulan ba\u011f ve \u00e7evreye kar\u015f\u0131 s\u00fcrd\u00fcrebilirli\u011fi art\u0131rmak amac\u0131yla \u201cDo\u011fada \u015eenlik \u00c7evre Haftas\u0131 Bulu\u015fmas\u0131\u201d etkinli\u011fi ilk kez d\u00fczenlendi.GAZ\u0130ANTEP (\u0130GFA) &#8211; Gaziantep Erik\u00e7e Macera Park\u2019\u0131nda ger\u00e7ekle\u015fen etkinlikte \u00e7evre bilincini art\u0131rmak ve s\u00fcrd\u00fcr\u00fclebilir ya\u015fam al\u0131\u015fkanl\u0131klar\u0131n\u0131 yayg\u0131nla\u015ft\u0131rmak hedefiyle yap\u0131lan \u201cGeri D\u00f6n\u00fc\u015f\u00fcm Evde Ba\u015flar\u201d projesinin lansman\u0131 da yap\u0131ld\u0131.<br \/>\n\u201cGER\u0130 D\u00d6N\u00dc\u015e\u00dcM EVDE BA\u015eLAR\u201d PROJES\u0130 \u0130\u00c7\u0130N \u0130MZA T\u00d6REN\u0130 D\u00dcZENLEND\u0130<br \/>\nA\u00e7\u0131l\u0131\u015f konu\u015fmalar\u0131n\u0131n ard\u0131ndan \u201cGeri D\u00f6n\u00fc\u015f\u00fcm Evde Ba\u015flar\u201d Projesi i\u00e7in B\u00fcy\u00fck\u015fehir Belediyesi ve STK\u2019lar aras\u0131nda s\u0131f\u0131r at\u0131k \u00e7al\u0131\u015fmalar\u0131nda fark\u0131ndal\u0131klar\u0131n\u0131n art\u0131r\u0131lmas\u0131na y\u00f6nelik protokol imzaland\u0131. \u0130mza t\u00f6renine B\u00fcy\u00fck\u015fehir Belediye Ba\u015fkan\u0131 Fatma \u015eahin, Gaziantep Valisi Kemal \u00c7eber ve STK ba\u015fkanlar\u0131 kat\u0131ld\u0131.<br \/>\nDaha ya\u015fanabilir bir \u00e7evre ve s\u0131f\u0131r at\u0131k hedefiyle d\u00fczenlenen bulu\u015fmaya Gaziantep B\u00fcy\u00fck\u015fehir Belediye Ba\u015fkan\u0131 Fatma \u015eahin, Gaziantep Valisi Kemal \u00c7eber\u2019in yan\u0131 s\u0131ra Gaziantep Vali Yard\u0131mc\u0131s\u0131 Murat Aky\u00fcz, Gaziantep \u0130l Milli E\u011fitim M\u00fcd\u00fcr\u00fc Erdal K\u0131l\u0131n\u00e7, T\u00dcB\u0130TAK MAM Kutup Ara\u015ft\u0131rmalar\u0131 Ba\u015f Uzman\u0131 Ara\u015ft\u0131rma Dr. Atilla Y\u0131lmaz, Kanun Enstr\u00fcman\u0131 Yap\u0131m Ustas\u0131 Bur\u00e7in Bayar Babao\u011flu, WWF T\u00fcrkiye Do\u011fa Koruma Direkt\u00f6r\u00fc G\u00fcner Erg\u00fcn, Gaziantep Kul\u00fcb\u00fc Derne\u011fi Y\u00f6netim Kurulu Ba\u015fkan\u0131 K\u00fcbra Kay\u0131n kat\u0131ld\u0131.<\/p>\n<p>\u015eAH\u0130N: \u00c7OCUKLARIMIZI KORUMAMIZ \u0130\u00c7\u0130N DO\u011eAMIZI KORUMAMIZ LAZIM<br \/>\n5 Haziran \u00c7evre g\u00fcn\u00fc etkinlikleri kapsam\u0131nda d\u00fczenlenen etkinlikte t\u00fcm kat\u0131l\u0131mc\u0131lara ve emek verenlere te\u015fekk\u00fcr eden Gaziantep B\u00fcy\u00fck\u015fehir Belediye Ba\u015fkan\u0131 Ba\u015fkan\u0131 \u015eahin Antartika\u2019da bulundu\u011funu g\u00fcnlerde k\u00fcresel \u0131s\u0131nma s\u0131k\u0131nt\u0131s\u0131na \u015fahit oldu\u011funu, gelece\u011fi ve \u00e7ocuklar\u0131 zor duruma sokaca\u011f\u0131n\u0131 anlatt\u0131.<br \/>\nHava durumunun her y\u0131l farkl\u0131 bir s\u00fcre\u00e7ten ge\u00e7ti\u011fini belirten Ba\u015fkan Fatma \u015eahin, \u201cGaziantep&#8217;te bu k\u0131\u015f Ocak ay\u0131nda bir damla ya\u011fmur ya\u011fmad\u0131. Ge\u00e7en y\u0131lda s\u00fcper h\u00fccre ya\u015fand\u0131. Ayn\u0131 anda g\u00f6k g\u00fcr\u00fcld\u00fcyor, \u015fim\u015fek \u00e7ak\u0131yor, y\u0131ld\u0131r\u0131m var. Ya\u011fmur ya\u011f\u0131yor, dolu vuruyor. Ne yapaca\u011f\u0131m\u0131z\u0131 bilemedik. Alleben ta\u015ft\u0131 ta\u015f\u0131yor. Sevgili \u00e7ocuklar bu kadar \u00f6nemli bir konuyu konu\u015fmak i\u00e7in buraya geldim. \u0130yi ki gitmi\u015fim. Ben geldim gidiyorum. Yar\u0131n siz burada olacaks\u0131n\u0131z. \u00c7ocuklar\u0131m\u0131z\u0131 korumam\u0131z i\u00e7in do\u011fam\u0131z\u0131, a\u011fac\u0131, \u00e7i\u00e7e\u011fi, b\u00f6ce\u011fi korumam\u0131z laz\u0131m\u201d diye konu\u015ftu.<br \/>\nB\u0130YOLOJ\u0130K M\u00dcCADELE ETMEM\u0130Z LAZIM<br \/>\nDo\u011fan\u0131n dengesinin bozuldu\u011funu ve kene sorunlar\u0131n\u0131n ortaya \u00e7\u0131kt\u0131\u011f\u0131n\u0131 belirten Ba\u015fkan \u015eahin konu\u015fmas\u0131n\u0131 \u015fu s\u00f6zlerle tamamlad\u0131:<br \/>\n\u201cKene niye \u00e7o\u011fald\u0131? Kekli\u011fi azaltt\u0131k \u00e7\u00fcnk\u00fc. Keklik azald\u0131. Bizi \u00f6ld\u00fcr\u00fcyor. Ben de \u015fimdi \u00f6\u011freniyorum. Bizim ekibe hemen dedim ki kene neyi sevmez? Nas\u0131l m\u00fccadele edecek? Bir de biyolojik m\u00fccadele etmemiz laz\u0131m. \u0130yili\u011fi, sevgiyi, do\u011fay\u0131 koruyan WWF&#8217;imiz var. WWF&#8217;in network\u00fcne Gaziantep Modeli\u2019ni girdirmemiz laz\u0131m.  O y\u00fczden biz WWF&#8217;te \u00e7ok iyi bir payda\u015f olduk. We Love Gaziantep\u2019te d\u00fcnya birincisi olduk. Bu \u015fehir ak\u0131ll\u0131 \u015fehir olacak, diren\u00e7li \u015fehir olacak, ye\u015fil \u015fehir olacak ama onun i\u00e7in \u00fc\u00e7\u00fcnc\u00fc d\u00f6n\u00fc\u015f\u00fcm laz\u0131m. Zihinsel d\u00f6n\u00fc\u015f\u00fcm. Ak\u0131ll\u0131 \u015fehir, diren\u00e7li \u015fehir, ye\u015fil \u015fehirle birlikte zihinsel bir d\u00f6n\u00fc\u015f\u00fcm laz\u0131m. \u00c7ocuklar buras\u0131 bize emanet. D\u00fcnya bize emanet.\u201d<br \/>\n\u00c7EBER: BU NOKTADA B\u0130Z \u0130L OLARAK \u00c7OK \u00d6ZEL \u015eEYLER YAPIYORUZ<br \/>\nGaziantep Valisi Kemal \u00c7eber yapt\u0131\u011f\u0131 a\u00e7\u0131l\u0131\u015f konu\u015fmas\u0131nda \u00e7evrenin sonra zamanlarda \u00fczerinde durulan \u00f6nemli bir konu oldu\u011funu belirterek, \u201cBu noktada biz il olarak \u00e7ok \u00f6zel \u015feyler yap\u0131yoruz ve \u00e7ok daha \u00f6zel \u015feyler yapmay\u0131 planl\u0131yoruz. Bunun da mihmandarl\u0131\u011f\u0131n\u0131 her g\u00fczel i\u015fimizde oldu\u011fu gibi B\u00fcy\u00fck\u015fehir Belediye Ba\u015fkan\u0131 Fatma \u015eahin Bakan\u0131m\u0131z. O bizim i\u00e7in ger\u00e7ekten b\u00fcy\u00fck bir \u015fans. Yapabildi\u011fimiz t\u00fcm koordinasyonla, t\u00fcm birlikte ve uyumlu \u00e7al\u0131\u015fma azmiyle elimizden geleni yap\u0131yoruz. T\u00fcm kamu kurumlar\u0131m\u0131zla beraber her konu oldu\u011fu gibi bu konuda \u00e7al\u0131\u015f\u0131yoruz. D\u00fcnya art\u0131k bize ba\u011f\u0131r\u0131yor \u2018Ey insano\u011flu beni \u00e7ok hor kulland\u0131n, beni \u00e7ok kirlettin ve kirletmeye devam ediyorsun\u2019 diyor. Yava\u015f yava\u015f bizlere de \u015fehirlere de ya\u015fam alanlar\u0131na da sirayet ediyor\u201d a\u00e7\u0131klamas\u0131nda bulundu. <\/p>\n<p>AKY\u00dcZ: BUG\u00dcNDEN ALINAN TEDB\u0130RLER, GELECEK ADINA \u00c7OK \u00d6NEML\u0130<br \/>\nGaziantep Vali Yard\u0131mc\u0131s\u0131 Murat Aky\u00fcz yapt\u0131\u011f\u0131 a\u00e7\u0131l\u0131\u015f konu\u015fmas\u0131nda ekolojik s\u00fcrd\u00fcr\u00fclebilir ve \u00e7evre bilincinin sa\u011flanmas\u0131 a\u00e7\u0131s\u0131ndan bu tarz etkinliklerin \u00e7ok k\u0131ymetli oldu\u011funu belirterek, \u201cetkilerin neticesinde \u00f6n\u00fcm\u00fczdeki 20 y\u0131l i\u00e7erisinde ciddi iklim g\u00f6\u00e7lerinin olu\u015fabilece\u011fi g\u00f6z \u00f6n\u00fcnde bulunduruldu\u011funda asl\u0131nda bug\u00fcnden al\u0131nan tedbirlerin gelecek ad\u0131na \u00e7ok \u00f6nem arz etti\u011fini d\u00fc\u015f\u00fcn\u00fcyorum. \u0130lk ya\u015flar\u0131ndan itibaren \u00e7ocuklar\u0131m\u0131za a\u015f\u0131layaca\u011f\u0131m\u0131z geri d\u00f6n\u00fc\u015f\u00fcm konusundaki hassasiyet \u00fclke kaynaklar\u0131n\u0131n etkin ve verimli kullan\u0131lmas\u0131 a\u00e7\u0131s\u0131ndan da son derece \u00f6nemlidir\u201d diye konu\u015ftu.<br \/>\nT\u00dcB\u0130TAK MAM Kutup Ara\u015ft\u0131rmalar\u0131 Ba\u015f Uzman\u0131 Ara\u015ft\u0131rma Dr. Atilla Y\u0131lmaz yapt\u0131\u011f\u0131 konu\u015fmas\u0131nda kutup b\u00f6lgelerindeki mikro plastiklere de\u011finirken, Kanun Enstr\u00fcman\u0131 Yap\u0131m Ustas\u0131 Bur\u00e7in Bayar Babao\u011flu hayalleriyle i\u015fini birle\u015ftirerek bu i\u015fe ad\u0131m att\u0131\u011f\u0131n\u0131 anlatt\u0131.<br \/>\nWWF T\u00fcrkiye Do\u011fa Koruma Direkt\u00f6r\u00fc G\u00fcner Erg\u00fcn ama\u00e7lar\u0131n\u0131n insanlar\u0131n do\u011fa ile uyum i\u00e7inde olmas\u0131 gerekti\u011fini belirterek do\u011fa tahribat\u0131, kirlilik, biyolojik \u00e7e\u015fitlilik koruma alanlar\u0131nda \u00e7al\u0131\u015ft\u0131klar\u0131n\u0131 belirtti. Gaziantep Kul\u00fcb\u00fc Derne\u011fi Y\u00f6netim Kurulu Ba\u015fkan\u0131 K\u00fcbra Kay\u0131n ise geri d\u00f6n\u00fc\u015f\u00fcm ile gelecek i\u00e7in burada olduklar\u0131n\u0131 belirterek, insano\u011flunun sanayi s\u00fcreciyle birlikte at\u0131k sorununa neden oldu\u011funu belirtti.<br \/>\nS\u0131f\u0131r at\u0131k, geri d\u00f6n\u00fc\u015f\u00fcm, iklim m\u00fccadeleleri konular\u0131nda fark\u0131ndal\u0131klarla \u00e7al\u0131\u015fan B\u00fcy\u00fck\u015fehir Belediyesi\u2019nin d\u00fczenledi\u011fi bu etkinlikte protokol ile birlikte alanda geri d\u00f6n\u00fc\u015f\u00fcmle at\u0131k ile yap\u0131lan sanat eserlerinin yer ald\u0131\u011f\u0131 \u00e7evre ve do\u011fa y\u00fcr\u00fcy\u00fc\u015f\u00fc ger\u00e7ekle\u015ftirdi.<br \/>\nBABABAO\u011eLU\u2019NUN SERG\u0130S\u0130 VE BAHATT\u0130N KAYALI \u0130LKOKULU \u00d6\u011eRENC\u0130LER\u0130 DEF\u0130LE G\u00d6STER\u0130S\u0130 YAPTI<br \/>\nBur\u00e7in Bayar Babao\u011flu\u2019nun at\u0131k malzemelerden yapt\u0131\u011f\u0131 m\u00fczik aletlerinin sergisinin a\u00e7\u0131l\u0131\u015f\u0131 yap\u0131ld\u0131. A\u00e7\u0131l\u0131\u015f sonras\u0131 Babao\u011flu\u2019nun haz\u0131rlad\u0131\u011f\u0131 k\u0131sa bir m\u00fczik dinletisi ger\u00e7ekle\u015fti.<br \/>\nAyr\u0131ca Bahattin Kayal\u0131 \u0130lkokulu \u00f6\u011frencilerinin at\u0131k malzemelerden haz\u0131rlad\u0131\u011f\u0131 \u201cGeri D\u00f6n\u00fc\u015f\u00fcm Defilesi\u201d ile fark\u0131ndal\u0131k olu\u015fturmay\u0131 ama\u00e7layan bir g\u00f6steri d\u00fczenlendi.\u00a0<\/p>\n<p>\u200bHaberin Al\u0131nt\u0131land\u0131\u011f\u0131 Kaynak: www.iskenderun.org<\/p>","protected":false},"excerpt":{"rendered":"<p>Gaziantep B\u00fcy\u00fck\u015fehir Belediyesi taraf\u0131ndan do\u011fa ile kurulan ba\u011f ve \u00e7evreye kar\u015f\u0131 s\u00fcrd\u00fcrebilirli\u011fi art\u0131rmak amac\u0131yla \u201cDo\u011fada \u015eenlik \u00c7evre Haftas\u0131 Bulu\u015fmas\u0131\u201d etkinli\u011fi ilk kez d\u00fczenlendi.GAZ\u0130ANTEP (\u0130GFA) &#8211; Gaziantep Erik\u00e7e Macera Park\u2019\u0131nda ger\u00e7ekle\u015fen etkinlikte \u00e7evre bilincini art\u0131rmak ve s\u00fcrd\u00fcr\u00fclebilir ya\u015fam al\u0131\u015fkanl\u0131klar\u0131n\u0131 yayg\u0131nla\u015ft\u0131rmak hedefiyle yap\u0131lan \u201cGeri D\u00f6n\u00fc\u015f\u00fcm Evde Ba\u015flar\u201d projesinin lansman\u0131 da yap\u0131ld\u0131. \u201cGER\u0130 D\u00d6N\u00dc\u015e\u00dcM EVDE BA\u015eLAR\u201d PROJES\u0130 \u0130\u00c7\u0130N \u0130MZA T\u00d6REN\u0130 D\u00dcZENLEND\u0130 A\u00e7\u0131l\u0131\u015f konu\u015fmalar\u0131n\u0131n ard\u0131ndan \u201cGeri D\u00f6n\u00fc\u015f\u00fcm Evde Ba\u015flar\u201d Projesi i\u00e7in B\u00fcy\u00fck\u015fehir Belediyesi ve STK\u2019lar aras\u0131nda s\u0131f\u0131r at\u0131k \u00e7al\u0131\u015fmalar\u0131nda fark\u0131ndal\u0131klar\u0131n\u0131n art\u0131r\u0131lmas\u0131na y\u00f6nelik protokol imzaland\u0131. \u0130mza t\u00f6renine B\u00fcy\u00fck\u015fehir Belediye Ba\u015fkan\u0131 Fatma \u015eahin, Gaziantep Valisi Kemal \u00c7eber ve STK ba\u015fkanlar\u0131 kat\u0131ld\u0131. Daha ya\u015fanabilir bir \u00e7evre ve s\u0131f\u0131r at\u0131k hedefiyle d\u00fczenlenen bulu\u015fmaya Gaziantep B\u00fcy\u00fck\u015fehir Belediye Ba\u015fkan\u0131 Fatma \u015eahin, Gaziantep Valisi Kemal \u00c7eber\u2019in yan\u0131 s\u0131ra Gaziantep Vali Yard\u0131mc\u0131s\u0131 Murat Aky\u00fcz, Gaziantep \u0130l Milli E\u011fitim M\u00fcd\u00fcr\u00fc Erdal K\u0131l\u0131n\u00e7, T\u00dcB\u0130TAK MAM Kutup Ara\u015ft\u0131rmalar\u0131 Ba\u015f Uzman\u0131 Ara\u015ft\u0131rma Dr. Atilla Y\u0131lmaz, Kanun Enstr\u00fcman\u0131 Yap\u0131m Ustas\u0131 Bur\u00e7in Bayar Babao\u011flu, WWF T\u00fcrkiye Do\u011fa Koruma Direkt\u00f6r\u00fc G\u00fcner Erg\u00fcn, Gaziantep Kul\u00fcb\u00fc Derne\u011fi Y\u00f6netim Kurulu Ba\u015fkan\u0131 K\u00fcbra Kay\u0131n kat\u0131ld\u0131. \u015eAH\u0130N: \u00c7OCUKLARIMIZI KORUMAMIZ \u0130\u00c7\u0130N DO\u011eAMIZI KORUMAMIZ LAZIM 5 Haziran \u00c7evre g\u00fcn\u00fc etkinlikleri kapsam\u0131nda d\u00fczenlenen etkinlikte t\u00fcm kat\u0131l\u0131mc\u0131lara ve emek verenlere te\u015fekk\u00fcr eden Gaziantep B\u00fcy\u00fck\u015fehir Belediye Ba\u015fkan\u0131 Ba\u015fkan\u0131 \u015eahin Antartika\u2019da bulundu\u011funu g\u00fcnlerde k\u00fcresel \u0131s\u0131nma s\u0131k\u0131nt\u0131s\u0131na \u015fahit oldu\u011funu, gelece\u011fi ve &hellip;<\/p>","protected":false},"author":1,"featured_media":0,"comment_status":"","ping_status":"open","sticky":false,"template":"","format":"standard","meta":{"_acf_changed":false,"footnotes":""},"categories":[24],"tags":[],"class_list":["post-114429","post","type-post","status-publish","format-standard","has-post-thumbnail","hentry","category-gundem"],"acf":[],"yoast_head":"<!-- This site is optimized with the Yoast SEO Premium plugin v26.6 (Yoast SEO v27.1.1) - https:\/\/yoast.com\/product\/yoast-seo-premium-wordpress\/ -->\n<title>Gaziantep&#039;te \u201cDo\u011fada \u015eenlik \u00c7evre Haftas\u0131 Bulu\u015fmas\u0131\u201d etkinli\u011fi - Av. Deniz Can K\u0131z\u0131l<\/title>\n<meta name=\"robots\" content=\"index, follow, max-snippet:-1, max-image-preview:large, max-video-preview:-1\" \/>\n<link rel=\"canonical\" href=\"https:\/\/denizcankizil.tr\/en\/haberler\/gundem\/gaziantepte-dogada-senlik-cevre-haftasi-bulusmasi-etkinligi\/\" \/>\n<meta property=\"og:locale\" content=\"en_GB\" \/>\n<meta property=\"og:type\" content=\"article\" \/>\n<meta property=\"og:title\" content=\"Gaziantep&#039;te \u201cDo\u011fada \u015eenlik \u00c7evre Haftas\u0131 Bulu\u015fmas\u0131\u201d etkinli\u011fi\" \/>\n<meta property=\"og:description\" content=\"Gaziantep B\u00fcy\u00fck\u015fehir Belediyesi taraf\u0131ndan do\u011fa ile kurulan ba\u011f ve \u00e7evreye kar\u015f\u0131 s\u00fcrd\u00fcrebilirli\u011fi art\u0131rmak amac\u0131yla \u201cDo\u011fada \u015eenlik \u00c7evre Haftas\u0131 Bulu\u015fmas\u0131\u201d etkinli\u011fi ilk kez d\u00fczenlendi.GAZ\u0130ANTEP (\u0130GFA) &#8211; Gaziantep Erik\u00e7e Macera Park\u2019\u0131nda ger\u00e7ekle\u015fen etkinlikte \u00e7evre bilincini art\u0131rmak ve s\u00fcrd\u00fcr\u00fclebilir ya\u015fam al\u0131\u015fkanl\u0131klar\u0131n\u0131 yayg\u0131nla\u015ft\u0131rmak hedefiyle yap\u0131lan \u201cGeri D\u00f6n\u00fc\u015f\u00fcm Evde Ba\u015flar\u201d projesinin lansman\u0131 da yap\u0131ld\u0131. \u201cGER\u0130 D\u00d6N\u00dc\u015e\u00dcM EVDE BA\u015eLAR\u201d PROJES\u0130 \u0130\u00c7\u0130N \u0130MZA T\u00d6REN\u0130 D\u00dcZENLEND\u0130 A\u00e7\u0131l\u0131\u015f konu\u015fmalar\u0131n\u0131n ard\u0131ndan \u201cGeri D\u00f6n\u00fc\u015f\u00fcm Evde Ba\u015flar\u201d Projesi i\u00e7in B\u00fcy\u00fck\u015fehir Belediyesi ve STK\u2019lar aras\u0131nda s\u0131f\u0131r at\u0131k \u00e7al\u0131\u015fmalar\u0131nda fark\u0131ndal\u0131klar\u0131n\u0131n art\u0131r\u0131lmas\u0131na y\u00f6nelik protokol imzaland\u0131. \u0130mza t\u00f6renine B\u00fcy\u00fck\u015fehir Belediye Ba\u015fkan\u0131 Fatma \u015eahin, Gaziantep Valisi Kemal \u00c7eber ve STK ba\u015fkanlar\u0131 kat\u0131ld\u0131. Daha ya\u015fanabilir bir \u00e7evre ve s\u0131f\u0131r at\u0131k hedefiyle d\u00fczenlenen bulu\u015fmaya Gaziantep B\u00fcy\u00fck\u015fehir Belediye Ba\u015fkan\u0131 Fatma \u015eahin, Gaziantep Valisi Kemal \u00c7eber\u2019in yan\u0131 s\u0131ra Gaziantep Vali Yard\u0131mc\u0131s\u0131 Murat Aky\u00fcz, Gaziantep \u0130l Milli E\u011fitim M\u00fcd\u00fcr\u00fc Erdal K\u0131l\u0131n\u00e7, T\u00dcB\u0130TAK MAM Kutup Ara\u015ft\u0131rmalar\u0131 Ba\u015f Uzman\u0131 Ara\u015ft\u0131rma Dr. Atilla Y\u0131lmaz, Kanun Enstr\u00fcman\u0131 Yap\u0131m Ustas\u0131 Bur\u00e7in Bayar Babao\u011flu, WWF T\u00fcrkiye Do\u011fa Koruma Direkt\u00f6r\u00fc G\u00fcner Erg\u00fcn, Gaziantep Kul\u00fcb\u00fc Derne\u011fi Y\u00f6netim Kurulu Ba\u015fkan\u0131 K\u00fcbra Kay\u0131n kat\u0131ld\u0131. \u015eAH\u0130N: \u00c7OCUKLARIMIZI KORUMAMIZ \u0130\u00c7\u0130N DO\u011eAMIZI KORUMAMIZ LAZIM 5 Haziran \u00c7evre g\u00fcn\u00fc etkinlikleri kapsam\u0131nda d\u00fczenlenen etkinlikte t\u00fcm kat\u0131l\u0131mc\u0131lara ve emek verenlere te\u015fekk\u00fcr eden Gaziantep B\u00fcy\u00fck\u015fehir Belediye Ba\u015fkan\u0131 Ba\u015fkan\u0131 \u015eahin Antartika\u2019da bulundu\u011funu g\u00fcnlerde k\u00fcresel \u0131s\u0131nma s\u0131k\u0131nt\u0131s\u0131na \u015fahit oldu\u011funu, gelece\u011fi ve &hellip;\" \/>\n<meta property=\"og:url\" content=\"https:\/\/denizcankizil.tr\/en\/haberler\/gundem\/gaziantepte-dogada-senlik-cevre-haftasi-bulusmasi-etkinligi\/\" \/>\n<meta property=\"og:site_name\" content=\"Av. Deniz Can K\u0131z\u0131l\" \/>\n<meta property=\"article:published_time\" content=\"2025-06-12T13:42:08+00:00\" \/>\n<meta name=\"author\" content=\"admin\" \/>\n<meta name=\"twitter:card\" content=\"summary_large_image\" \/>\n<meta name=\"twitter:label1\" content=\"Written by\" \/>\n\t<meta name=\"twitter:data1\" content=\"admin\" \/>\n\t<meta name=\"twitter:label2\" content=\"Estimated reading time\" \/>\n\t<meta name=\"twitter:data2\" content=\"12 minutes\" \/>\n<script type=\"application\/ld+json\" class=\"yoast-schema-graph\">{\"@context\":\"https:\/\/schema.org\",\"@graph\":[{\"@type\":\"Article\",\"@id\":\"https:\/\/denizcankizil.tr\/en\/haberler\/gundem\/gaziantepte-dogada-senlik-cevre-haftasi-bulusmasi-etkinligi\/#article\",\"isPartOf\":{\"@id\":\"https:\/\/denizcankizil.tr\/en\/haberler\/gundem\/gaziantepte-dogada-senlik-cevre-haftasi-bulusmasi-etkinligi\/\"},\"author\":{\"name\":\"admin\",\"@id\":\"https:\/\/denizcankizil.tr\/#\/schema\/person\/be3c05fe6a12686905512445d8185489\"},\"headline\":\"Gaziantep&#8217;te \u201cDo\u011fada \u015eenlik \u00c7evre Haftas\u0131 Bulu\u015fmas\u0131\u201d etkinli\u011fi\",\"datePublished\":\"2025-06-12T13:42:08+00:00\",\"mainEntityOfPage\":{\"@id\":\"https:\/\/denizcankizil.tr\/en\/haberler\/gundem\/gaziantepte-dogada-senlik-cevre-haftasi-bulusmasi-etkinligi\/\"},\"wordCount\":2413,\"publisher\":{\"@id\":\"https:\/\/denizcankizil.tr\/#organization\"},\"articleSection\":[\"G\u00fcndem\"],\"inLanguage\":\"en-GB\"},{\"@type\":\"WebPage\",\"@id\":\"https:\/\/denizcankizil.tr\/en\/haberler\/gundem\/gaziantepte-dogada-senlik-cevre-haftasi-bulusmasi-etkinligi\/\",\"url\":\"https:\/\/denizcankizil.tr\/en\/haberler\/gundem\/gaziantepte-dogada-senlik-cevre-haftasi-bulusmasi-etkinligi\/\",\"name\":\"Gaziantep'te \u201cDo\u011fada \u015eenlik \u00c7evre Haftas\u0131 Bulu\u015fmas\u0131\u201d etkinli\u011fi - Av. Deniz Can K\u0131z\u0131l\",\"isPartOf\":{\"@id\":\"https:\/\/denizcankizil.tr\/#website\"},\"datePublished\":\"2025-06-12T13:42:08+00:00\",\"breadcrumb\":{\"@id\":\"https:\/\/denizcankizil.tr\/en\/haberler\/gundem\/gaziantepte-dogada-senlik-cevre-haftasi-bulusmasi-etkinligi\/#breadcrumb\"},\"inLanguage\":\"en-GB\",\"potentialAction\":[{\"@type\":\"ReadAction\",\"target\":[\"https:\/\/denizcankizil.tr\/en\/haberler\/gundem\/gaziantepte-dogada-senlik-cevre-haftasi-bulusmasi-etkinligi\/\"]}]},{\"@type\":\"BreadcrumbList\",\"@id\":\"https:\/\/denizcankizil.tr\/en\/haberler\/gundem\/gaziantepte-dogada-senlik-cevre-haftasi-bulusmasi-etkinligi\/#breadcrumb\",\"itemListElement\":[{\"@type\":\"ListItem\",\"position\":1,\"name\":\"Home\",\"item\":\"https:\/\/denizcankizil.tr\/uk\/\"},{\"@type\":\"ListItem\",\"position\":2,\"name\":\"Gaziantep&#8217;te \u201cDo\u011fada \u015eenlik \u00c7evre Haftas\u0131 Bulu\u015fmas\u0131\u201d etkinli\u011fi\"}]},{\"@type\":\"WebSite\",\"@id\":\"https:\/\/denizcankizil.tr\/#website\",\"url\":\"https:\/\/denizcankizil.tr\/\",\"name\":\"Av. Deniz Can K\u0131z\u0131l\",\"description\":\"Avukat Deniz Can K\u0131z\u0131l Antalya Barosu\",\"publisher\":{\"@id\":\"https:\/\/denizcankizil.tr\/#organization\"},\"potentialAction\":[{\"@type\":\"SearchAction\",\"target\":{\"@type\":\"EntryPoint\",\"urlTemplate\":\"https:\/\/denizcankizil.tr\/?s={search_term_string}\"},\"query-input\":{\"@type\":\"PropertyValueSpecification\",\"valueRequired\":true,\"valueName\":\"search_term_string\"}}],\"inLanguage\":\"en-GB\"},{\"@type\":\"Organization\",\"@id\":\"https:\/\/denizcankizil.tr\/#organization\",\"name\":\"Av. Deniz Can K\u0131z\u0131l\",\"url\":\"https:\/\/denizcankizil.tr\/\",\"logo\":{\"@type\":\"ImageObject\",\"inLanguage\":\"en-GB\",\"@id\":\"https:\/\/denizcankizil.tr\/#\/schema\/logo\/image\/\",\"url\":\"https:\/\/denizcankizil.tr\/wp-content\/uploads\/2024\/10\/siyah-logo-svg.svg\",\"contentUrl\":\"https:\/\/denizcankizil.tr\/wp-content\/uploads\/2024\/10\/siyah-logo-svg.svg\",\"width\":1080,\"height\":1080,\"caption\":\"Av. Deniz Can K\u0131z\u0131l\"},\"image\":{\"@id\":\"https:\/\/denizcankizil.tr\/#\/schema\/logo\/image\/\"}},{\"@type\":\"Person\",\"@id\":\"https:\/\/denizcankizil.tr\/#\/schema\/person\/be3c05fe6a12686905512445d8185489\",\"name\":\"admin\",\"image\":{\"@type\":\"ImageObject\",\"inLanguage\":\"en-GB\",\"@id\":\"https:\/\/denizcankizil.tr\/#\/schema\/person\/image\/\",\"url\":\"https:\/\/secure.gravatar.com\/avatar\/c1fce94c830dc79107e174f890d7210541c4a63e8e5d816341794a2151c9d58c?s=96&d=mm&r=g\",\"contentUrl\":\"https:\/\/secure.gravatar.com\/avatar\/c1fce94c830dc79107e174f890d7210541c4a63e8e5d816341794a2151c9d58c?s=96&d=mm&r=g\",\"caption\":\"admin\"},\"sameAs\":[\"http:\/\/denizcankizil.tr\"],\"url\":\"https:\/\/www.iskenderun.org\/gaziantepte-dogada-senlik-cevre-haftasi-bulusmasi-etkinligi\"}]}<\/script>\n<!-- \/ Yoast SEO Premium plugin. -->","yoast_head_json":{"title":"Gaziantep'te \u201cDo\u011fada \u015eenlik \u00c7evre Haftas\u0131 Bulu\u015fmas\u0131\u201d etkinli\u011fi - Av. Deniz Can K\u0131z\u0131l","robots":{"index":"index","follow":"follow","max-snippet":"max-snippet:-1","max-image-preview":"max-image-preview:large","max-video-preview":"max-video-preview:-1"},"canonical":"https:\/\/denizcankizil.tr\/en\/haberler\/gundem\/gaziantepte-dogada-senlik-cevre-haftasi-bulusmasi-etkinligi\/","og_locale":"en_GB","og_type":"article","og_title":"Gaziantep'te \u201cDo\u011fada \u015eenlik \u00c7evre Haftas\u0131 Bulu\u015fmas\u0131\u201d etkinli\u011fi","og_description":"Gaziantep B\u00fcy\u00fck\u015fehir Belediyesi taraf\u0131ndan do\u011fa ile kurulan ba\u011f ve \u00e7evreye kar\u015f\u0131 s\u00fcrd\u00fcrebilirli\u011fi art\u0131rmak amac\u0131yla \u201cDo\u011fada \u015eenlik \u00c7evre Haftas\u0131 Bulu\u015fmas\u0131\u201d etkinli\u011fi ilk kez d\u00fczenlendi.GAZ\u0130ANTEP (\u0130GFA) &#8211; Gaziantep Erik\u00e7e Macera Park\u2019\u0131nda ger\u00e7ekle\u015fen etkinlikte \u00e7evre bilincini art\u0131rmak ve s\u00fcrd\u00fcr\u00fclebilir ya\u015fam al\u0131\u015fkanl\u0131klar\u0131n\u0131 yayg\u0131nla\u015ft\u0131rmak hedefiyle yap\u0131lan \u201cGeri D\u00f6n\u00fc\u015f\u00fcm Evde Ba\u015flar\u201d projesinin lansman\u0131 da yap\u0131ld\u0131. \u201cGER\u0130 D\u00d6N\u00dc\u015e\u00dcM EVDE BA\u015eLAR\u201d PROJES\u0130 \u0130\u00c7\u0130N \u0130MZA T\u00d6REN\u0130 D\u00dcZENLEND\u0130 A\u00e7\u0131l\u0131\u015f konu\u015fmalar\u0131n\u0131n ard\u0131ndan \u201cGeri D\u00f6n\u00fc\u015f\u00fcm Evde Ba\u015flar\u201d Projesi i\u00e7in B\u00fcy\u00fck\u015fehir Belediyesi ve STK\u2019lar aras\u0131nda s\u0131f\u0131r at\u0131k \u00e7al\u0131\u015fmalar\u0131nda fark\u0131ndal\u0131klar\u0131n\u0131n art\u0131r\u0131lmas\u0131na y\u00f6nelik protokol imzaland\u0131. \u0130mza t\u00f6renine B\u00fcy\u00fck\u015fehir Belediye Ba\u015fkan\u0131 Fatma \u015eahin, Gaziantep Valisi Kemal \u00c7eber ve STK ba\u015fkanlar\u0131 kat\u0131ld\u0131. Daha ya\u015fanabilir bir \u00e7evre ve s\u0131f\u0131r at\u0131k hedefiyle d\u00fczenlenen bulu\u015fmaya Gaziantep B\u00fcy\u00fck\u015fehir Belediye Ba\u015fkan\u0131 Fatma \u015eahin, Gaziantep Valisi Kemal \u00c7eber\u2019in yan\u0131 s\u0131ra Gaziantep Vali Yard\u0131mc\u0131s\u0131 Murat Aky\u00fcz, Gaziantep \u0130l Milli E\u011fitim M\u00fcd\u00fcr\u00fc Erdal K\u0131l\u0131n\u00e7, T\u00dcB\u0130TAK MAM Kutup Ara\u015ft\u0131rmalar\u0131 Ba\u015f Uzman\u0131 Ara\u015ft\u0131rma Dr. Atilla Y\u0131lmaz, Kanun Enstr\u00fcman\u0131 Yap\u0131m Ustas\u0131 Bur\u00e7in Bayar Babao\u011flu, WWF T\u00fcrkiye Do\u011fa Koruma Direkt\u00f6r\u00fc G\u00fcner Erg\u00fcn, Gaziantep Kul\u00fcb\u00fc Derne\u011fi Y\u00f6netim Kurulu Ba\u015fkan\u0131 K\u00fcbra Kay\u0131n kat\u0131ld\u0131. \u015eAH\u0130N: \u00c7OCUKLARIMIZI KORUMAMIZ \u0130\u00c7\u0130N DO\u011eAMIZI KORUMAMIZ LAZIM 5 Haziran \u00c7evre g\u00fcn\u00fc etkinlikleri kapsam\u0131nda d\u00fczenlenen etkinlikte t\u00fcm kat\u0131l\u0131mc\u0131lara ve emek verenlere te\u015fekk\u00fcr eden Gaziantep B\u00fcy\u00fck\u015fehir Belediye Ba\u015fkan\u0131 Ba\u015fkan\u0131 \u015eahin Antartika\u2019da bulundu\u011funu g\u00fcnlerde k\u00fcresel \u0131s\u0131nma s\u0131k\u0131nt\u0131s\u0131na \u015fahit oldu\u011funu, gelece\u011fi ve &hellip;","og_url":"https:\/\/denizcankizil.tr\/en\/haberler\/gundem\/gaziantepte-dogada-senlik-cevre-haftasi-bulusmasi-etkinligi\/","og_site_name":"Av. Deniz Can K\u0131z\u0131l","article_published_time":"2025-06-12T13:42:08+00:00","author":"admin","twitter_card":"summary_large_image","twitter_misc":{"Written by":"admin","Estimated reading time":"12 minutes"},"schema":{"@context":"https:\/\/schema.org","@graph":[{"@type":"Article","@id":"https:\/\/denizcankizil.tr\/en\/haberler\/gundem\/gaziantepte-dogada-senlik-cevre-haftasi-bulusmasi-etkinligi\/#article","isPartOf":{"@id":"https:\/\/denizcankizil.tr\/en\/haberler\/gundem\/gaziantepte-dogada-senlik-cevre-haftasi-bulusmasi-etkinligi\/"},"author":{"name":"admin","@id":"https:\/\/denizcankizil.tr\/#\/schema\/person\/be3c05fe6a12686905512445d8185489"},"headline":"Gaziantep&#8217;te \u201cDo\u011fada \u015eenlik \u00c7evre Haftas\u0131 Bulu\u015fmas\u0131\u201d etkinli\u011fi","datePublished":"2025-06-12T13:42:08+00:00","mainEntityOfPage":{"@id":"https:\/\/denizcankizil.tr\/en\/haberler\/gundem\/gaziantepte-dogada-senlik-cevre-haftasi-bulusmasi-etkinligi\/"},"wordCount":2413,"publisher":{"@id":"https:\/\/denizcankizil.tr\/#organization"},"articleSection":["G\u00fcndem"],"inLanguage":"en-GB"},{"@type":"WebPage","@id":"https:\/\/denizcankizil.tr\/en\/haberler\/gundem\/gaziantepte-dogada-senlik-cevre-haftasi-bulusmasi-etkinligi\/","url":"https:\/\/denizcankizil.tr\/en\/haberler\/gundem\/gaziantepte-dogada-senlik-cevre-haftasi-bulusmasi-etkinligi\/","name":"Gaziantep'te \u201cDo\u011fada \u015eenlik \u00c7evre Haftas\u0131 Bulu\u015fmas\u0131\u201d etkinli\u011fi - Av. Deniz Can K\u0131z\u0131l","isPartOf":{"@id":"https:\/\/denizcankizil.tr\/#website"},"datePublished":"2025-06-12T13:42:08+00:00","breadcrumb":{"@id":"https:\/\/denizcankizil.tr\/en\/haberler\/gundem\/gaziantepte-dogada-senlik-cevre-haftasi-bulusmasi-etkinligi\/#breadcrumb"},"inLanguage":"en-GB","potentialAction":[{"@type":"ReadAction","target":["https:\/\/denizcankizil.tr\/en\/haberler\/gundem\/gaziantepte-dogada-senlik-cevre-haftasi-bulusmasi-etkinligi\/"]}]},{"@type":"BreadcrumbList","@id":"https:\/\/denizcankizil.tr\/en\/haberler\/gundem\/gaziantepte-dogada-senlik-cevre-haftasi-bulusmasi-etkinligi\/#breadcrumb","itemListElement":[{"@type":"ListItem","position":1,"name":"Home","item":"https:\/\/denizcankizil.tr\/uk\/"},{"@type":"ListItem","position":2,"name":"Gaziantep&#8217;te \u201cDo\u011fada \u015eenlik \u00c7evre Haftas\u0131 Bulu\u015fmas\u0131\u201d etkinli\u011fi"}]},{"@type":"WebSite","@id":"https:\/\/denizcankizil.tr\/#website","url":"https:\/\/denizcankizil.tr\/","name":"Av. Deniz Can K\u0131z\u0131l","description":"Avukat Deniz Can K\u0131z\u0131l Antalya Barosu","publisher":{"@id":"https:\/\/denizcankizil.tr\/#organization"},"potentialAction":[{"@type":"SearchAction","target":{"@type":"EntryPoint","urlTemplate":"https:\/\/denizcankizil.tr\/?s={search_term_string}"},"query-input":{"@type":"PropertyValueSpecification","valueRequired":true,"valueName":"search_term_string"}}],"inLanguage":"en-GB"},{"@type":"Organization","@id":"https:\/\/denizcankizil.tr\/#organization","name":"Av. Deniz Can K\u0131z\u0131l","url":"https:\/\/denizcankizil.tr\/","logo":{"@type":"ImageObject","inLanguage":"en-GB","@id":"https:\/\/denizcankizil.tr\/#\/schema\/logo\/image\/","url":"https:\/\/denizcankizil.tr\/wp-content\/uploads\/2024\/10\/siyah-logo-svg.svg","contentUrl":"https:\/\/denizcankizil.tr\/wp-content\/uploads\/2024\/10\/siyah-logo-svg.svg","width":1080,"height":1080,"caption":"Av. Deniz Can K\u0131z\u0131l"},"image":{"@id":"https:\/\/denizcankizil.tr\/#\/schema\/logo\/image\/"}},{"@type":"Person","@id":"https:\/\/denizcankizil.tr\/#\/schema\/person\/be3c05fe6a12686905512445d8185489","name":"admin","image":{"@type":"ImageObject","inLanguage":"en-GB","@id":"https:\/\/denizcankizil.tr\/#\/schema\/person\/image\/","url":"https:\/\/secure.gravatar.com\/avatar\/c1fce94c830dc79107e174f890d7210541c4a63e8e5d816341794a2151c9d58c?s=96&d=mm&r=g","contentUrl":"https:\/\/secure.gravatar.com\/avatar\/c1fce94c830dc79107e174f890d7210541c4a63e8e5d816341794a2151c9d58c?s=96&d=mm&r=g","caption":"admin"},"sameAs":["http:\/\/denizcankizil.tr"],"url":"https:\/\/www.iskenderun.org\/gaziantepte-dogada-senlik-cevre-haftasi-bulusmasi-etkinligi"}]}},"_links":{"self":[{"href":"https:\/\/denizcankizil.tr\/en\/wp-json\/wp\/v2\/posts\/114429","targetHints":{"allow":["GET"]}}],"collection":[{"href":"https:\/\/denizcankizil.tr\/en\/wp-json\/wp\/v2\/posts"}],"about":[{"href":"https:\/\/denizcankizil.tr\/en\/wp-json\/wp\/v2\/types\/post"}],"author":[{"embeddable":true,"href":"https:\/\/denizcankizil.tr\/en\/wp-json\/wp\/v2\/users\/1"}],"replies":[{"embeddable":true,"href":"https:\/\/denizcankizil.tr\/en\/wp-json\/wp\/v2\/comments?post=114429"}],"version-history":[{"count":0,"href":"https:\/\/denizcankizil.tr\/en\/wp-json\/wp\/v2\/posts\/114429\/revisions"}],"wp:attachment":[{"href":"https:\/\/denizcankizil.tr\/en\/wp-json\/wp\/v2\/media?parent=114429"}],"wp:term":[{"taxonomy":"category","embeddable":true,"href":"https:\/\/denizcankizil.tr\/en\/wp-json\/wp\/v2\/categories?post=114429"},{"taxonomy":"post_tag","embeddable":true,"href":"https:\/\/denizcankizil.tr\/en\/wp-json\/wp\/v2\/tags?post=114429"}],"curies":[{"name":"wp","href":"https:\/\/api.w.org\/{rel}","templated":true}]}}