{"id":114428,"date":"2025-06-12T16:42:07","date_gmt":"2025-06-12T13:42:07","guid":{"rendered":"https:\/\/denizcankizil.tr\/uncategorized-tr\/fazil-saydan-iznike-ozel-beste\/"},"modified":"2025-06-12T16:42:07","modified_gmt":"2025-06-12T13:42:07","slug":"fazil-saydan-iznike-ozel-beste","status":"publish","type":"post","link":"https:\/\/denizcankizil.tr\/en\/haberler\/gundem\/fazil-saydan-iznike-ozel-beste\/","title":{"rendered":"Faz\u0131l Say&#8217;dan \u0130znik\u2019e \u00f6zel beste"},"content":{"rendered":"<p>Bursa B\u00fcy\u00fck\u015fehir Belediyesi taraf\u0131ndan d\u00fcnyaca \u00fcnl\u00fc besteci ve piyanist Faz\u0131l Say\u2019a \u00f6zel olarak haz\u0131rlat\u0131lan \u0130znik T\u00fcrk\u00fcs\u00fc, kentin binlerce y\u0131ll\u0131k tarihine ses olacak. Helenistik d\u00f6nemden Roma\u2019ya, Bizans\u2019tan Osmanl\u0131\u2019ya uzanan k\u00f6kl\u00fc ge\u00e7mi\u015fiyle bir\u00e7ok medeniyete ev sahipli\u011fi yapan \u0130znik\u2019in k\u00fclt\u00fcrel miras\u0131n\u0131 yans\u0131tan eser, ilk kez 21 Haziran&#8217;da seslendirilecek.BURSA (\u0130GFA) &#8211; Tarihin, k\u00fclt\u00fcr\u00fcn ve medeniyetlerin binlerce y\u0131ll\u0131k be\u015fi\u011fi olan \u0130znik\u2019i t\u00fcm d\u00fcnyaya tan\u0131tmak amac\u0131yla \u00e7al\u0131\u015fmalar\u0131n\u0131 s\u00fcrd\u00fcren Bursa B\u00fcy\u00fck\u015fehir Belediyesi, d\u00fcnyaca \u00fcnl\u00fc m\u00fczik insan\u0131 Faz\u0131l Say\u2019a \u0130znik i\u00e7in \u00f6zel bir eser haz\u0131rlatt\u0131.<br \/>\n\u2018\u0130znik T\u00fcrk\u00fcs\u00fc\u2019 ad\u0131 verilen eserin pr\u00f6miyeri, 21 Haziran Cumartesi g\u00fcn\u00fc saat 21.00\u2019de \u0130znik G\u00f6l\u00fc k\u0131y\u0131s\u0131nda yap\u0131lacak.<br \/>\n\u2018\u0130znik T\u00fcrk\u00fcs\u00fc\u2019 tan\u0131t\u0131m toplant\u0131s\u0131na, Bursa B\u00fcy\u00fck\u015fehir Belediye Ba\u015fkan\u0131 Mustafa Bozbey\u2019in yan\u0131 s\u0131ra B\u00fcy\u00fck\u015fehir Belediyesi Genel Sekreter Yard\u0131mc\u0131lar\u0131 Mehmet Y\u0131ld\u0131z, Mehmet Emin Direk\u00e7i, Ali Altunsoy ve Mehmet T\u00f6z\u00fcn Bing\u00f6l, Kent Tarihi ve Tan\u0131t\u0131m\u0131 Dairesi Ba\u015fkan\u0131 G\u00fcney \u00d6zk\u0131l\u0131n\u00e7, D\u0131\u015f \u0130li\u015fkiler Dairesi Ba\u015fkan\u0131 P\u0131nar I\u015f\u0131ky\u0131ld\u0131z, Bursa Kent Konseyi Genel Sekreteri Elvan Atay \u00d6zkan ve bas\u0131n mensuplar\u0131 kat\u0131ld\u0131.<br \/>\n\u201c\u0130ZN\u0130K\u2019\u0130N ADINI D\u00dcNYAYA DUYURMANIN GURURUNU TA\u015eIYORUZ\u201d<br \/>\nBursa B\u00fcy\u00fck\u015fehir Belediye Ba\u015fkan\u0131 Mustafa Bozbey, kentin yine \u00e7ok \u00f6zel bir sanat bulu\u015fmas\u0131na ev sahipli\u011fi yapmaya haz\u0131rland\u0131\u011f\u0131n\u0131 a\u00e7\u0131klad\u0131.<br \/>\n21 Haziran Cumartesi g\u00fcn\u00fc saat 21.00\u2019de \u0130znik G\u00f6l\u00fc k\u0131y\u0131s\u0131nda tarihi bir ana tan\u0131kl\u0131k edeceklerini s\u00f6yleyen Ba\u015fkan Mustafa Bozbey, tarihin, k\u00fclt\u00fcr\u00fcn ve medeniyetlerin binlerce y\u0131ll\u0131k be\u015fi\u011fi olan \u0130znik\u2019in, bu kez d\u00fcnyaca \u00fcnl\u00fc besteci Faz\u0131l Say\u2019\u0131n notalar\u0131yla yeniden canlanaca\u011f\u0131n\u0131 belirtti.<\/p>\n<p>D\u00fcnya \u00e7ap\u0131nda sayg\u0131 g\u00f6ren bir m\u00fczik insan\u0131 olan Faz\u0131l Say\u2019\u0131n, \u0130znik i\u00e7in \u00f6zel bir eser besteledi\u011fini payla\u015fan Ba\u015fkan Bozbey, \u201cEser, bu topraklar\u0131n derin tarihinden, k\u00fclt\u00fcrel zenginli\u011finden ve e\u015fsiz do\u011fas\u0131ndan ilhamla ortaya \u00e7\u0131km\u0131\u015ft\u0131r. Sadece Bursam\u0131z\u0131n sanatla bulu\u015ftu\u011fu de\u011fil, \u0130znik\u2019in de evrensel bir dille d\u00fcnyaya seslendi\u011fi \u00e7ok \u00f6zel bir bulu\u015fmay\u0131 simgeliyor.<br \/>\nY\u0131l\u0131n sanat olay\u0131 olarak tan\u0131mlad\u0131\u011f\u0131m\u0131z bu anlaml\u0131 gecede, Faz\u0131l Say\u2019\u0131n \u2018\u0130znik T\u00fcrk\u00fcs\u00fc\u2019 adl\u0131 eseri, ilk kez Bursa\u2019dan y\u00fckselerek t\u00fcm d\u00fcnyaya \u0130znik\u2019in ruhunu, sesini ve hik\u00e2yesini ta\u015f\u0131yacak. Faz\u0131l Say konseri e\u015fli\u011finde ger\u00e7ekle\u015fecek bu pr\u00f6miyer, dinleyenlere sadece bir konser de\u011fil, tarihle m\u00fczi\u011fin i\u00e7 i\u00e7e ge\u00e7ti\u011fi unutulmaz bir deneyim ya\u015fatacak. Bu e\u015fsiz ana hep birlikte tan\u0131kl\u0131k edece\u011fiz. Bursam\u0131z\u0131n de\u011ferli il\u00e7esi \u0130znik\u2019in ad\u0131n\u0131 \u2018y\u0131l\u0131n sanat olay\u0131\u2019 ile d\u00fcnyaya duyurman\u0131n da gururunu ta\u015f\u0131yoruz\u201d dedi.<br \/>\n\u0130znik\u2019in sadece bir kent ya da \u00f6nemli bir miras olmad\u0131\u011f\u0131n\u0131 s\u00f6yleyen Ba\u015fkan Mustafa Bozbey, \u00e7a\u011flar boyunca pek \u00e7ok medeniyete ev sahipli\u011fi yapt\u0131\u011f\u0131n\u0131 ve ge\u00e7mi\u015fle bug\u00fcn\u00fc bulu\u015fturan bir d\u00fcnya merkezi oldu\u011funu dile getirdi.<br \/>\n\u0130znik&#8217;in Helenistik d\u00f6nemden Roma\u2019ya, Bizans\u2019tan Osmanl\u0131\u2019ya uzanan k\u00f6kl\u00fc ge\u00e7mi\u015fiyle, pek \u00e7ok k\u00fclt\u00fcr\u00fcn bir araya geldi\u011fi e\u015fsiz bir sentez oldu\u011funu anlatan Ba\u015fkan Bozbey, \u201cTarihin izlerini ta\u015f\u0131yan yap\u0131lar\u0131yla, g\u00fcn y\u00fcz\u00fcne \u00e7\u0131kan ve h\u00e2l\u00e2 ke\u015ffedilmeyi bekleyen antik miras\u0131yla, d\u00fcnyada e\u015fi benzeri olmayan kentlerden biridir. Bursa B\u00fcy\u00fck\u015fehir Belediyesi olarak kentimizin g\u00fczelliklerini hak etti\u011fi de\u011fere ula\u015ft\u0131rmak en \u00f6nemli hedefimiz. Bug\u00fcn Faz\u0131l Say\u2019\u0131n \u0130znik T\u00fcrk\u00fcs\u00fc\u2019n\u00fcn d\u00fcnya pr\u00f6miyerini duyurarak, bu hedef do\u011frultusunda bir tu\u011fla daha koyuyoruz. Bu e\u015fsiz ve \u00e7ok de\u011ferli eseri Bursam\u0131za, \u0130znik\u2019e ve gelecek ku\u015faklara arma\u011fan eden de\u011ferli sanat\u00e7\u0131m\u0131z Faz\u0131l Say\u2019a te\u015fekk\u00fcr ediyorum. Faz\u0131l Say, \u2018\u0130znik T\u00fcrk\u00fcs\u00fc\u2019 ald\u0131 eseri Almanya ba\u015fta olmak \u00fczere bir\u00e7ok \u00fclkede verece\u011fi konserlerde seslendirecektir. T\u00fcm d\u00fcnya insanlar\u0131n\u0131, m\u00fczi\u011fin birle\u015ftirici g\u00fcc\u00fcnde bulu\u015fmak \u00fczere \u0130znik\u2019e davet ediyorum. \u2018\u0130znik T\u00fcrk\u00fcs\u00fc\u2019 adl\u0131 bu anlaml\u0131 eser, Faz\u0131l Say ve Soprano G\u00f6rkem Ezgi Y\u0131ld\u0131r\u0131m ile ilk kez seslendirilecek. Bu de\u011ferli ana, \u0130znik G\u00f6l\u00fc\u2019n\u00fcn e\u015fsiz manzaras\u0131nda tan\u0131kl\u0131k etmeye ve bu \u00f6zel konseri hep birlikte ya\u015famaya t\u00fcm sanatseverleri, Bursal\u0131lar\u0131 ve kentimizi ziyarete gelenleri bekliyorum\u201d diye konu\u015ftu.<br \/>\nBas\u0131n toplant\u0131s\u0131na yo\u011fun turne program\u0131 dolay\u0131s\u0131yla kat\u0131lamad\u0131\u011f\u0131 i\u00e7in video arac\u0131l\u0131\u011f\u0131yla mesaj g\u00f6nderen Faz\u0131l Say da \u201c21 Haziran\u2019da \u0130znik\u2019te beraber olaca\u011f\u0131z. Yeni besteledi\u011fim \u0130znik T\u00fcrk\u00fcs\u00fc\u2019n\u00fcn d\u00fcnya pr\u00f6miyerini yapaca\u011f\u0131z. \u0130znik Meydan\u0131\u2019nda halkla bulu\u015faca\u011f\u0131z. En uzun g\u00fcnd\u00fcz\u00fcn oldu\u011fu g\u00fcnde sizi \u00e7ok ilgin\u00e7 bir eserle kar\u015f\u0131layaca\u011f\u0131z\u201d s\u00f6zleri ile sanatseverleri \u0130znik&#8217;te davet etti.<\/p>\n<p>\u200bBursa B\u00fcy\u00fck\u015fehir Belediyesi taraf\u0131ndan d\u00fcnyaca \u00fcnl\u00fc besteci ve piyanist Faz\u0131l Say\u2019a \u00f6zel olarak haz\u0131rlat\u0131lan \u0130znik T\u00fcrk\u00fcs\u00fc, kentin binlerce y\u0131ll\u0131k tarihine ses olacak. Helenistik d\u00f6nemden Roma\u2019ya, Bizans\u2019tan Osmanl\u0131\u2019ya uzanan k\u00f6kl\u00fc ge\u00e7mi\u015fiyle bir\u00e7ok medeniyete ev sahipli\u011fi yapan \u0130znik\u2019in k\u00fclt\u00fcrel miras\u0131n\u0131 yans\u0131tan eser, ilk kez 21 Haziran&#8217;da seslendirilecek.BURSA (\u0130GFA) &#8211; Tarihin, k\u00fclt\u00fcr\u00fcn ve medeniyetlerin binlerce y\u0131ll\u0131k be\u015fi\u011fi olan \u0130znik\u2019i t\u00fcm d\u00fcnyaya tan\u0131tmak amac\u0131yla \u00e7al\u0131\u015fmalar\u0131n\u0131 s\u00fcrd\u00fcren Bursa B\u00fcy\u00fck\u015fehir Belediyesi, d\u00fcnyaca \u00fcnl\u00fc m\u00fczik insan\u0131 Faz\u0131l Say\u2019a \u0130znik i\u00e7in \u00f6zel bir eser haz\u0131rlatt\u0131.<br \/>\n\u2018\u0130znik T\u00fcrk\u00fcs\u00fc\u2019 ad\u0131 verilen eserin pr\u00f6miyeri, 21 Haziran Cumartesi g\u00fcn\u00fc saat 21.00\u2019de \u0130znik G\u00f6l\u00fc k\u0131y\u0131s\u0131nda yap\u0131lacak.<br \/>\n\u2018\u0130znik T\u00fcrk\u00fcs\u00fc\u2019 tan\u0131t\u0131m toplant\u0131s\u0131na, Bursa B\u00fcy\u00fck\u015fehir Belediye Ba\u015fkan\u0131 Mustafa Bozbey\u2019in yan\u0131 s\u0131ra B\u00fcy\u00fck\u015fehir Belediyesi Genel Sekreter Yard\u0131mc\u0131lar\u0131 Mehmet Y\u0131ld\u0131z, Mehmet Emin Direk\u00e7i, Ali Altunsoy ve Mehmet T\u00f6z\u00fcn Bing\u00f6l, Kent Tarihi ve Tan\u0131t\u0131m\u0131 Dairesi Ba\u015fkan\u0131 G\u00fcney \u00d6zk\u0131l\u0131n\u00e7, D\u0131\u015f \u0130li\u015fkiler Dairesi Ba\u015fkan\u0131 P\u0131nar I\u015f\u0131ky\u0131ld\u0131z, Bursa Kent Konseyi Genel Sekreteri Elvan Atay \u00d6zkan ve bas\u0131n mensuplar\u0131 kat\u0131ld\u0131.<br \/>\n\u201c\u0130ZN\u0130K\u2019\u0130N ADINI D\u00dcNYAYA DUYURMANIN GURURUNU TA\u015eIYORUZ\u201d<br \/>\nBursa B\u00fcy\u00fck\u015fehir Belediye Ba\u015fkan\u0131 Mustafa Bozbey, kentin yine \u00e7ok \u00f6zel bir sanat bulu\u015fmas\u0131na ev sahipli\u011fi yapmaya haz\u0131rland\u0131\u011f\u0131n\u0131 a\u00e7\u0131klad\u0131.<br \/>\n21 Haziran Cumartesi g\u00fcn\u00fc saat 21.00\u2019de \u0130znik G\u00f6l\u00fc k\u0131y\u0131s\u0131nda tarihi bir ana tan\u0131kl\u0131k edeceklerini s\u00f6yleyen Ba\u015fkan Mustafa Bozbey, tarihin, k\u00fclt\u00fcr\u00fcn ve medeniyetlerin binlerce y\u0131ll\u0131k be\u015fi\u011fi olan \u0130znik\u2019in, bu kez d\u00fcnyaca \u00fcnl\u00fc besteci Faz\u0131l Say\u2019\u0131n notalar\u0131yla yeniden canlanaca\u011f\u0131n\u0131 belirtti.<\/p>\n<p>D\u00fcnya \u00e7ap\u0131nda sayg\u0131 g\u00f6ren bir m\u00fczik insan\u0131 olan Faz\u0131l Say\u2019\u0131n, \u0130znik i\u00e7in \u00f6zel bir eser besteledi\u011fini payla\u015fan Ba\u015fkan Bozbey, \u201cEser, bu topraklar\u0131n derin tarihinden, k\u00fclt\u00fcrel zenginli\u011finden ve e\u015fsiz do\u011fas\u0131ndan ilhamla ortaya \u00e7\u0131km\u0131\u015ft\u0131r. Sadece Bursam\u0131z\u0131n sanatla bulu\u015ftu\u011fu de\u011fil, \u0130znik\u2019in de evrensel bir dille d\u00fcnyaya seslendi\u011fi \u00e7ok \u00f6zel bir bulu\u015fmay\u0131 simgeliyor.<br \/>\nY\u0131l\u0131n sanat olay\u0131 olarak tan\u0131mlad\u0131\u011f\u0131m\u0131z bu anlaml\u0131 gecede, Faz\u0131l Say\u2019\u0131n \u2018\u0130znik T\u00fcrk\u00fcs\u00fc\u2019 adl\u0131 eseri, ilk kez Bursa\u2019dan y\u00fckselerek t\u00fcm d\u00fcnyaya \u0130znik\u2019in ruhunu, sesini ve hik\u00e2yesini ta\u015f\u0131yacak. Faz\u0131l Say konseri e\u015fli\u011finde ger\u00e7ekle\u015fecek bu pr\u00f6miyer, dinleyenlere sadece bir konser de\u011fil, tarihle m\u00fczi\u011fin i\u00e7 i\u00e7e ge\u00e7ti\u011fi unutulmaz bir deneyim ya\u015fatacak. Bu e\u015fsiz ana hep birlikte tan\u0131kl\u0131k edece\u011fiz. Bursam\u0131z\u0131n de\u011ferli il\u00e7esi \u0130znik\u2019in ad\u0131n\u0131 \u2018y\u0131l\u0131n sanat olay\u0131\u2019 ile d\u00fcnyaya duyurman\u0131n da gururunu ta\u015f\u0131yoruz\u201d dedi.<br \/>\n\u0130znik\u2019in sadece bir kent ya da \u00f6nemli bir miras olmad\u0131\u011f\u0131n\u0131 s\u00f6yleyen Ba\u015fkan Mustafa Bozbey, \u00e7a\u011flar boyunca pek \u00e7ok medeniyete ev sahipli\u011fi yapt\u0131\u011f\u0131n\u0131 ve ge\u00e7mi\u015fle bug\u00fcn\u00fc bulu\u015fturan bir d\u00fcnya merkezi oldu\u011funu dile getirdi.<br \/>\n\u0130znik&#8217;in Helenistik d\u00f6nemden Roma\u2019ya, Bizans\u2019tan Osmanl\u0131\u2019ya uzanan k\u00f6kl\u00fc ge\u00e7mi\u015fiyle, pek \u00e7ok k\u00fclt\u00fcr\u00fcn bir araya geldi\u011fi e\u015fsiz bir sentez oldu\u011funu anlatan Ba\u015fkan Bozbey, \u201cTarihin izlerini ta\u015f\u0131yan yap\u0131lar\u0131yla, g\u00fcn y\u00fcz\u00fcne \u00e7\u0131kan ve h\u00e2l\u00e2 ke\u015ffedilmeyi bekleyen antik miras\u0131yla, d\u00fcnyada e\u015fi benzeri olmayan kentlerden biridir. Bursa B\u00fcy\u00fck\u015fehir Belediyesi olarak kentimizin g\u00fczelliklerini hak etti\u011fi de\u011fere ula\u015ft\u0131rmak en \u00f6nemli hedefimiz. Bug\u00fcn Faz\u0131l Say\u2019\u0131n \u0130znik T\u00fcrk\u00fcs\u00fc\u2019n\u00fcn d\u00fcnya pr\u00f6miyerini duyurarak, bu hedef do\u011frultusunda bir tu\u011fla daha koyuyoruz. Bu e\u015fsiz ve \u00e7ok de\u011ferli eseri Bursam\u0131za, \u0130znik\u2019e ve gelecek ku\u015faklara arma\u011fan eden de\u011ferli sanat\u00e7\u0131m\u0131z Faz\u0131l Say\u2019a te\u015fekk\u00fcr ediyorum. Faz\u0131l Say, \u2018\u0130znik T\u00fcrk\u00fcs\u00fc\u2019 ald\u0131 eseri Almanya ba\u015fta olmak \u00fczere bir\u00e7ok \u00fclkede verece\u011fi konserlerde seslendirecektir. T\u00fcm d\u00fcnya insanlar\u0131n\u0131, m\u00fczi\u011fin birle\u015ftirici g\u00fcc\u00fcnde bulu\u015fmak \u00fczere \u0130znik\u2019e davet ediyorum. \u2018\u0130znik T\u00fcrk\u00fcs\u00fc\u2019 adl\u0131 bu anlaml\u0131 eser, Faz\u0131l Say ve Soprano G\u00f6rkem Ezgi Y\u0131ld\u0131r\u0131m ile ilk kez seslendirilecek. Bu de\u011ferli ana, \u0130znik G\u00f6l\u00fc\u2019n\u00fcn e\u015fsiz manzaras\u0131nda tan\u0131kl\u0131k etmeye ve bu \u00f6zel konseri hep birlikte ya\u015famaya t\u00fcm sanatseverleri, Bursal\u0131lar\u0131 ve kentimizi ziyarete gelenleri bekliyorum\u201d diye konu\u015ftu.<br \/>\nBas\u0131n toplant\u0131s\u0131na yo\u011fun turne program\u0131 dolay\u0131s\u0131yla kat\u0131lamad\u0131\u011f\u0131 i\u00e7in video arac\u0131l\u0131\u011f\u0131yla mesaj g\u00f6nderen Faz\u0131l Say da \u201c21 Haziran\u2019da \u0130znik\u2019te beraber olaca\u011f\u0131z. Yeni besteledi\u011fim \u0130znik T\u00fcrk\u00fcs\u00fc\u2019n\u00fcn d\u00fcnya pr\u00f6miyerini yapaca\u011f\u0131z. \u0130znik Meydan\u0131\u2019nda halkla bulu\u015faca\u011f\u0131z. En uzun g\u00fcnd\u00fcz\u00fcn oldu\u011fu g\u00fcnde sizi \u00e7ok ilgin\u00e7 bir eserle kar\u015f\u0131layaca\u011f\u0131z\u201d s\u00f6zleri ile sanatseverleri \u0130znik&#8217;te davet etti.\u00a0<\/p>\n<p>\u200bHaberin Al\u0131nt\u0131land\u0131\u011f\u0131 Kaynak: www.iskenderun.org<\/p>","protected":false},"excerpt":{"rendered":"<p>Bursa B\u00fcy\u00fck\u015fehir Belediyesi taraf\u0131ndan d\u00fcnyaca \u00fcnl\u00fc besteci ve piyanist Faz\u0131l Say\u2019a \u00f6zel olarak haz\u0131rlat\u0131lan \u0130znik T\u00fcrk\u00fcs\u00fc, kentin binlerce y\u0131ll\u0131k tarihine ses olacak. Helenistik d\u00f6nemden Roma\u2019ya, Bizans\u2019tan Osmanl\u0131\u2019ya uzanan k\u00f6kl\u00fc ge\u00e7mi\u015fiyle bir\u00e7ok medeniyete ev sahipli\u011fi yapan \u0130znik\u2019in k\u00fclt\u00fcrel miras\u0131n\u0131 yans\u0131tan eser, ilk kez 21 Haziran&#8217;da seslendirilecek.BURSA (\u0130GFA) &#8211; Tarihin, k\u00fclt\u00fcr\u00fcn ve medeniyetlerin binlerce y\u0131ll\u0131k be\u015fi\u011fi olan \u0130znik\u2019i t\u00fcm d\u00fcnyaya tan\u0131tmak amac\u0131yla \u00e7al\u0131\u015fmalar\u0131n\u0131 s\u00fcrd\u00fcren Bursa B\u00fcy\u00fck\u015fehir Belediyesi, d\u00fcnyaca \u00fcnl\u00fc m\u00fczik insan\u0131 Faz\u0131l Say\u2019a \u0130znik i\u00e7in \u00f6zel bir eser haz\u0131rlatt\u0131. \u2018\u0130znik T\u00fcrk\u00fcs\u00fc\u2019 ad\u0131 verilen eserin pr\u00f6miyeri, 21 Haziran Cumartesi g\u00fcn\u00fc saat 21.00\u2019de \u0130znik G\u00f6l\u00fc k\u0131y\u0131s\u0131nda yap\u0131lacak. \u2018\u0130znik T\u00fcrk\u00fcs\u00fc\u2019 tan\u0131t\u0131m toplant\u0131s\u0131na, Bursa B\u00fcy\u00fck\u015fehir Belediye Ba\u015fkan\u0131 Mustafa Bozbey\u2019in yan\u0131 s\u0131ra B\u00fcy\u00fck\u015fehir Belediyesi Genel Sekreter Yard\u0131mc\u0131lar\u0131 Mehmet Y\u0131ld\u0131z, Mehmet Emin Direk\u00e7i, Ali Altunsoy ve Mehmet T\u00f6z\u00fcn Bing\u00f6l, Kent Tarihi ve Tan\u0131t\u0131m\u0131 Dairesi Ba\u015fkan\u0131 G\u00fcney \u00d6zk\u0131l\u0131n\u00e7, D\u0131\u015f \u0130li\u015fkiler Dairesi Ba\u015fkan\u0131 P\u0131nar I\u015f\u0131ky\u0131ld\u0131z, Bursa Kent Konseyi Genel Sekreteri Elvan Atay \u00d6zkan ve bas\u0131n mensuplar\u0131 kat\u0131ld\u0131. \u201c\u0130ZN\u0130K\u2019\u0130N ADINI D\u00dcNYAYA DUYURMANIN GURURUNU TA\u015eIYORUZ\u201d Bursa B\u00fcy\u00fck\u015fehir Belediye Ba\u015fkan\u0131 Mustafa Bozbey, kentin yine \u00e7ok \u00f6zel bir sanat bulu\u015fmas\u0131na ev sahipli\u011fi yapmaya haz\u0131rland\u0131\u011f\u0131n\u0131 a\u00e7\u0131klad\u0131. 21 Haziran Cumartesi g\u00fcn\u00fc saat 21.00\u2019de \u0130znik G\u00f6l\u00fc k\u0131y\u0131s\u0131nda tarihi bir ana tan\u0131kl\u0131k edeceklerini s\u00f6yleyen Ba\u015fkan Mustafa Bozbey, tarihin, k\u00fclt\u00fcr\u00fcn ve medeniyetlerin binlerce y\u0131ll\u0131k be\u015fi\u011fi olan \u0130znik\u2019in, bu kez &hellip;<\/p>","protected":false},"author":1,"featured_media":0,"comment_status":"","ping_status":"open","sticky":false,"template":"","format":"standard","meta":{"_acf_changed":false,"footnotes":""},"categories":[24],"tags":[],"class_list":["post-114428","post","type-post","status-publish","format-standard","has-post-thumbnail","hentry","category-gundem"],"acf":[],"yoast_head":"<!-- This site is optimized with the Yoast SEO Premium plugin v26.6 (Yoast SEO v27.1.1) - https:\/\/yoast.com\/product\/yoast-seo-premium-wordpress\/ -->\n<title>Faz\u0131l Say&#039;dan \u0130znik\u2019e \u00f6zel beste - Av. Deniz Can K\u0131z\u0131l<\/title>\n<meta name=\"robots\" content=\"index, follow, max-snippet:-1, max-image-preview:large, max-video-preview:-1\" \/>\n<link rel=\"canonical\" href=\"https:\/\/denizcankizil.tr\/en\/haberler\/gundem\/fazil-saydan-iznike-ozel-beste\/\" \/>\n<meta property=\"og:locale\" content=\"en_GB\" \/>\n<meta property=\"og:type\" content=\"article\" \/>\n<meta property=\"og:title\" content=\"Faz\u0131l Say&#039;dan \u0130znik\u2019e \u00f6zel beste\" \/>\n<meta property=\"og:description\" content=\"Bursa B\u00fcy\u00fck\u015fehir Belediyesi taraf\u0131ndan d\u00fcnyaca \u00fcnl\u00fc besteci ve piyanist Faz\u0131l Say\u2019a \u00f6zel olarak haz\u0131rlat\u0131lan \u0130znik T\u00fcrk\u00fcs\u00fc, kentin binlerce y\u0131ll\u0131k tarihine ses olacak. Helenistik d\u00f6nemden Roma\u2019ya, Bizans\u2019tan Osmanl\u0131\u2019ya uzanan k\u00f6kl\u00fc ge\u00e7mi\u015fiyle bir\u00e7ok medeniyete ev sahipli\u011fi yapan \u0130znik\u2019in k\u00fclt\u00fcrel miras\u0131n\u0131 yans\u0131tan eser, ilk kez 21 Haziran&#8217;da seslendirilecek.BURSA (\u0130GFA) &#8211; Tarihin, k\u00fclt\u00fcr\u00fcn ve medeniyetlerin binlerce y\u0131ll\u0131k be\u015fi\u011fi olan \u0130znik\u2019i t\u00fcm d\u00fcnyaya tan\u0131tmak amac\u0131yla \u00e7al\u0131\u015fmalar\u0131n\u0131 s\u00fcrd\u00fcren Bursa B\u00fcy\u00fck\u015fehir Belediyesi, d\u00fcnyaca \u00fcnl\u00fc m\u00fczik insan\u0131 Faz\u0131l Say\u2019a \u0130znik i\u00e7in \u00f6zel bir eser haz\u0131rlatt\u0131. \u2018\u0130znik T\u00fcrk\u00fcs\u00fc\u2019 ad\u0131 verilen eserin pr\u00f6miyeri, 21 Haziran Cumartesi g\u00fcn\u00fc saat 21.00\u2019de \u0130znik G\u00f6l\u00fc k\u0131y\u0131s\u0131nda yap\u0131lacak. \u2018\u0130znik T\u00fcrk\u00fcs\u00fc\u2019 tan\u0131t\u0131m toplant\u0131s\u0131na, Bursa B\u00fcy\u00fck\u015fehir Belediye Ba\u015fkan\u0131 Mustafa Bozbey\u2019in yan\u0131 s\u0131ra B\u00fcy\u00fck\u015fehir Belediyesi Genel Sekreter Yard\u0131mc\u0131lar\u0131 Mehmet Y\u0131ld\u0131z, Mehmet Emin Direk\u00e7i, Ali Altunsoy ve Mehmet T\u00f6z\u00fcn Bing\u00f6l, Kent Tarihi ve Tan\u0131t\u0131m\u0131 Dairesi Ba\u015fkan\u0131 G\u00fcney \u00d6zk\u0131l\u0131n\u00e7, D\u0131\u015f \u0130li\u015fkiler Dairesi Ba\u015fkan\u0131 P\u0131nar I\u015f\u0131ky\u0131ld\u0131z, Bursa Kent Konseyi Genel Sekreteri Elvan Atay \u00d6zkan ve bas\u0131n mensuplar\u0131 kat\u0131ld\u0131. \u201c\u0130ZN\u0130K\u2019\u0130N ADINI D\u00dcNYAYA DUYURMANIN GURURUNU TA\u015eIYORUZ\u201d Bursa B\u00fcy\u00fck\u015fehir Belediye Ba\u015fkan\u0131 Mustafa Bozbey, kentin yine \u00e7ok \u00f6zel bir sanat bulu\u015fmas\u0131na ev sahipli\u011fi yapmaya haz\u0131rland\u0131\u011f\u0131n\u0131 a\u00e7\u0131klad\u0131. 21 Haziran Cumartesi g\u00fcn\u00fc saat 21.00\u2019de \u0130znik G\u00f6l\u00fc k\u0131y\u0131s\u0131nda tarihi bir ana tan\u0131kl\u0131k edeceklerini s\u00f6yleyen Ba\u015fkan Mustafa Bozbey, tarihin, k\u00fclt\u00fcr\u00fcn ve medeniyetlerin binlerce y\u0131ll\u0131k be\u015fi\u011fi olan \u0130znik\u2019in, bu kez &hellip;\" \/>\n<meta property=\"og:url\" content=\"https:\/\/denizcankizil.tr\/en\/haberler\/gundem\/fazil-saydan-iznike-ozel-beste\/\" \/>\n<meta property=\"og:site_name\" content=\"Av. Deniz Can K\u0131z\u0131l\" \/>\n<meta property=\"article:published_time\" content=\"2025-06-12T13:42:07+00:00\" \/>\n<meta name=\"author\" content=\"admin\" \/>\n<meta name=\"twitter:card\" content=\"summary_large_image\" \/>\n<meta name=\"twitter:label1\" content=\"Written by\" \/>\n\t<meta name=\"twitter:data1\" content=\"admin\" \/>\n\t<meta name=\"twitter:label2\" content=\"Estimated reading time\" \/>\n\t<meta name=\"twitter:data2\" content=\"9 minutes\" \/>\n<script type=\"application\/ld+json\" class=\"yoast-schema-graph\">{\"@context\":\"https:\/\/schema.org\",\"@graph\":[{\"@type\":\"Article\",\"@id\":\"https:\/\/denizcankizil.tr\/en\/haberler\/gundem\/fazil-saydan-iznike-ozel-beste\/#article\",\"isPartOf\":{\"@id\":\"https:\/\/denizcankizil.tr\/en\/haberler\/gundem\/fazil-saydan-iznike-ozel-beste\/\"},\"author\":{\"name\":\"admin\",\"@id\":\"https:\/\/denizcankizil.tr\/#\/schema\/person\/be3c05fe6a12686905512445d8185489\"},\"headline\":\"Faz\u0131l Say&#8217;dan \u0130znik\u2019e \u00f6zel beste\",\"datePublished\":\"2025-06-12T13:42:07+00:00\",\"mainEntityOfPage\":{\"@id\":\"https:\/\/denizcankizil.tr\/en\/haberler\/gundem\/fazil-saydan-iznike-ozel-beste\/\"},\"wordCount\":1834,\"publisher\":{\"@id\":\"https:\/\/denizcankizil.tr\/#organization\"},\"articleSection\":[\"G\u00fcndem\"],\"inLanguage\":\"en-GB\"},{\"@type\":\"WebPage\",\"@id\":\"https:\/\/denizcankizil.tr\/en\/haberler\/gundem\/fazil-saydan-iznike-ozel-beste\/\",\"url\":\"https:\/\/denizcankizil.tr\/en\/haberler\/gundem\/fazil-saydan-iznike-ozel-beste\/\",\"name\":\"Faz\u0131l Say'dan \u0130znik\u2019e \u00f6zel beste - Av. Deniz Can K\u0131z\u0131l\",\"isPartOf\":{\"@id\":\"https:\/\/denizcankizil.tr\/#website\"},\"datePublished\":\"2025-06-12T13:42:07+00:00\",\"breadcrumb\":{\"@id\":\"https:\/\/denizcankizil.tr\/en\/haberler\/gundem\/fazil-saydan-iznike-ozel-beste\/#breadcrumb\"},\"inLanguage\":\"en-GB\",\"potentialAction\":[{\"@type\":\"ReadAction\",\"target\":[\"https:\/\/denizcankizil.tr\/en\/haberler\/gundem\/fazil-saydan-iznike-ozel-beste\/\"]}]},{\"@type\":\"BreadcrumbList\",\"@id\":\"https:\/\/denizcankizil.tr\/en\/haberler\/gundem\/fazil-saydan-iznike-ozel-beste\/#breadcrumb\",\"itemListElement\":[{\"@type\":\"ListItem\",\"position\":1,\"name\":\"Home\",\"item\":\"https:\/\/denizcankizil.tr\/uk\/\"},{\"@type\":\"ListItem\",\"position\":2,\"name\":\"Faz\u0131l Say&#8217;dan \u0130znik\u2019e \u00f6zel beste\"}]},{\"@type\":\"WebSite\",\"@id\":\"https:\/\/denizcankizil.tr\/#website\",\"url\":\"https:\/\/denizcankizil.tr\/\",\"name\":\"Av. Deniz Can K\u0131z\u0131l\",\"description\":\"Avukat Deniz Can K\u0131z\u0131l Antalya Barosu\",\"publisher\":{\"@id\":\"https:\/\/denizcankizil.tr\/#organization\"},\"potentialAction\":[{\"@type\":\"SearchAction\",\"target\":{\"@type\":\"EntryPoint\",\"urlTemplate\":\"https:\/\/denizcankizil.tr\/?s={search_term_string}\"},\"query-input\":{\"@type\":\"PropertyValueSpecification\",\"valueRequired\":true,\"valueName\":\"search_term_string\"}}],\"inLanguage\":\"en-GB\"},{\"@type\":\"Organization\",\"@id\":\"https:\/\/denizcankizil.tr\/#organization\",\"name\":\"Av. Deniz Can K\u0131z\u0131l\",\"url\":\"https:\/\/denizcankizil.tr\/\",\"logo\":{\"@type\":\"ImageObject\",\"inLanguage\":\"en-GB\",\"@id\":\"https:\/\/denizcankizil.tr\/#\/schema\/logo\/image\/\",\"url\":\"https:\/\/denizcankizil.tr\/wp-content\/uploads\/2024\/10\/siyah-logo-svg.svg\",\"contentUrl\":\"https:\/\/denizcankizil.tr\/wp-content\/uploads\/2024\/10\/siyah-logo-svg.svg\",\"width\":1080,\"height\":1080,\"caption\":\"Av. Deniz Can K\u0131z\u0131l\"},\"image\":{\"@id\":\"https:\/\/denizcankizil.tr\/#\/schema\/logo\/image\/\"}},{\"@type\":\"Person\",\"@id\":\"https:\/\/denizcankizil.tr\/#\/schema\/person\/be3c05fe6a12686905512445d8185489\",\"name\":\"admin\",\"image\":{\"@type\":\"ImageObject\",\"inLanguage\":\"en-GB\",\"@id\":\"https:\/\/denizcankizil.tr\/#\/schema\/person\/image\/\",\"url\":\"https:\/\/secure.gravatar.com\/avatar\/c1fce94c830dc79107e174f890d7210541c4a63e8e5d816341794a2151c9d58c?s=96&d=mm&r=g\",\"contentUrl\":\"https:\/\/secure.gravatar.com\/avatar\/c1fce94c830dc79107e174f890d7210541c4a63e8e5d816341794a2151c9d58c?s=96&d=mm&r=g\",\"caption\":\"admin\"},\"sameAs\":[\"http:\/\/denizcankizil.tr\"],\"url\":\"https:\/\/www.iskenderun.org\/fazil-saydan-iznike-ozel-beste\"}]}<\/script>\n<!-- \/ Yoast SEO Premium plugin. -->","yoast_head_json":{"title":"Faz\u0131l Say'dan \u0130znik\u2019e \u00f6zel beste - Av. Deniz Can K\u0131z\u0131l","robots":{"index":"index","follow":"follow","max-snippet":"max-snippet:-1","max-image-preview":"max-image-preview:large","max-video-preview":"max-video-preview:-1"},"canonical":"https:\/\/denizcankizil.tr\/en\/haberler\/gundem\/fazil-saydan-iznike-ozel-beste\/","og_locale":"en_GB","og_type":"article","og_title":"Faz\u0131l Say'dan \u0130znik\u2019e \u00f6zel beste","og_description":"Bursa B\u00fcy\u00fck\u015fehir Belediyesi taraf\u0131ndan d\u00fcnyaca \u00fcnl\u00fc besteci ve piyanist Faz\u0131l Say\u2019a \u00f6zel olarak haz\u0131rlat\u0131lan \u0130znik T\u00fcrk\u00fcs\u00fc, kentin binlerce y\u0131ll\u0131k tarihine ses olacak. Helenistik d\u00f6nemden Roma\u2019ya, Bizans\u2019tan Osmanl\u0131\u2019ya uzanan k\u00f6kl\u00fc ge\u00e7mi\u015fiyle bir\u00e7ok medeniyete ev sahipli\u011fi yapan \u0130znik\u2019in k\u00fclt\u00fcrel miras\u0131n\u0131 yans\u0131tan eser, ilk kez 21 Haziran&#8217;da seslendirilecek.BURSA (\u0130GFA) &#8211; Tarihin, k\u00fclt\u00fcr\u00fcn ve medeniyetlerin binlerce y\u0131ll\u0131k be\u015fi\u011fi olan \u0130znik\u2019i t\u00fcm d\u00fcnyaya tan\u0131tmak amac\u0131yla \u00e7al\u0131\u015fmalar\u0131n\u0131 s\u00fcrd\u00fcren Bursa B\u00fcy\u00fck\u015fehir Belediyesi, d\u00fcnyaca \u00fcnl\u00fc m\u00fczik insan\u0131 Faz\u0131l Say\u2019a \u0130znik i\u00e7in \u00f6zel bir eser haz\u0131rlatt\u0131. \u2018\u0130znik T\u00fcrk\u00fcs\u00fc\u2019 ad\u0131 verilen eserin pr\u00f6miyeri, 21 Haziran Cumartesi g\u00fcn\u00fc saat 21.00\u2019de \u0130znik G\u00f6l\u00fc k\u0131y\u0131s\u0131nda yap\u0131lacak. \u2018\u0130znik T\u00fcrk\u00fcs\u00fc\u2019 tan\u0131t\u0131m toplant\u0131s\u0131na, Bursa B\u00fcy\u00fck\u015fehir Belediye Ba\u015fkan\u0131 Mustafa Bozbey\u2019in yan\u0131 s\u0131ra B\u00fcy\u00fck\u015fehir Belediyesi Genel Sekreter Yard\u0131mc\u0131lar\u0131 Mehmet Y\u0131ld\u0131z, Mehmet Emin Direk\u00e7i, Ali Altunsoy ve Mehmet T\u00f6z\u00fcn Bing\u00f6l, Kent Tarihi ve Tan\u0131t\u0131m\u0131 Dairesi Ba\u015fkan\u0131 G\u00fcney \u00d6zk\u0131l\u0131n\u00e7, D\u0131\u015f \u0130li\u015fkiler Dairesi Ba\u015fkan\u0131 P\u0131nar I\u015f\u0131ky\u0131ld\u0131z, Bursa Kent Konseyi Genel Sekreteri Elvan Atay \u00d6zkan ve bas\u0131n mensuplar\u0131 kat\u0131ld\u0131. \u201c\u0130ZN\u0130K\u2019\u0130N ADINI D\u00dcNYAYA DUYURMANIN GURURUNU TA\u015eIYORUZ\u201d Bursa B\u00fcy\u00fck\u015fehir Belediye Ba\u015fkan\u0131 Mustafa Bozbey, kentin yine \u00e7ok \u00f6zel bir sanat bulu\u015fmas\u0131na ev sahipli\u011fi yapmaya haz\u0131rland\u0131\u011f\u0131n\u0131 a\u00e7\u0131klad\u0131. 21 Haziran Cumartesi g\u00fcn\u00fc saat 21.00\u2019de \u0130znik G\u00f6l\u00fc k\u0131y\u0131s\u0131nda tarihi bir ana tan\u0131kl\u0131k edeceklerini s\u00f6yleyen Ba\u015fkan Mustafa Bozbey, tarihin, k\u00fclt\u00fcr\u00fcn ve medeniyetlerin binlerce y\u0131ll\u0131k be\u015fi\u011fi olan \u0130znik\u2019in, bu kez &hellip;","og_url":"https:\/\/denizcankizil.tr\/en\/haberler\/gundem\/fazil-saydan-iznike-ozel-beste\/","og_site_name":"Av. Deniz Can K\u0131z\u0131l","article_published_time":"2025-06-12T13:42:07+00:00","author":"admin","twitter_card":"summary_large_image","twitter_misc":{"Written by":"admin","Estimated reading time":"9 minutes"},"schema":{"@context":"https:\/\/schema.org","@graph":[{"@type":"Article","@id":"https:\/\/denizcankizil.tr\/en\/haberler\/gundem\/fazil-saydan-iznike-ozel-beste\/#article","isPartOf":{"@id":"https:\/\/denizcankizil.tr\/en\/haberler\/gundem\/fazil-saydan-iznike-ozel-beste\/"},"author":{"name":"admin","@id":"https:\/\/denizcankizil.tr\/#\/schema\/person\/be3c05fe6a12686905512445d8185489"},"headline":"Faz\u0131l Say&#8217;dan \u0130znik\u2019e \u00f6zel beste","datePublished":"2025-06-12T13:42:07+00:00","mainEntityOfPage":{"@id":"https:\/\/denizcankizil.tr\/en\/haberler\/gundem\/fazil-saydan-iznike-ozel-beste\/"},"wordCount":1834,"publisher":{"@id":"https:\/\/denizcankizil.tr\/#organization"},"articleSection":["G\u00fcndem"],"inLanguage":"en-GB"},{"@type":"WebPage","@id":"https:\/\/denizcankizil.tr\/en\/haberler\/gundem\/fazil-saydan-iznike-ozel-beste\/","url":"https:\/\/denizcankizil.tr\/en\/haberler\/gundem\/fazil-saydan-iznike-ozel-beste\/","name":"Faz\u0131l Say'dan \u0130znik\u2019e \u00f6zel beste - Av. Deniz Can K\u0131z\u0131l","isPartOf":{"@id":"https:\/\/denizcankizil.tr\/#website"},"datePublished":"2025-06-12T13:42:07+00:00","breadcrumb":{"@id":"https:\/\/denizcankizil.tr\/en\/haberler\/gundem\/fazil-saydan-iznike-ozel-beste\/#breadcrumb"},"inLanguage":"en-GB","potentialAction":[{"@type":"ReadAction","target":["https:\/\/denizcankizil.tr\/en\/haberler\/gundem\/fazil-saydan-iznike-ozel-beste\/"]}]},{"@type":"BreadcrumbList","@id":"https:\/\/denizcankizil.tr\/en\/haberler\/gundem\/fazil-saydan-iznike-ozel-beste\/#breadcrumb","itemListElement":[{"@type":"ListItem","position":1,"name":"Home","item":"https:\/\/denizcankizil.tr\/uk\/"},{"@type":"ListItem","position":2,"name":"Faz\u0131l Say&#8217;dan \u0130znik\u2019e \u00f6zel beste"}]},{"@type":"WebSite","@id":"https:\/\/denizcankizil.tr\/#website","url":"https:\/\/denizcankizil.tr\/","name":"Av. Deniz Can K\u0131z\u0131l","description":"Avukat Deniz Can K\u0131z\u0131l Antalya Barosu","publisher":{"@id":"https:\/\/denizcankizil.tr\/#organization"},"potentialAction":[{"@type":"SearchAction","target":{"@type":"EntryPoint","urlTemplate":"https:\/\/denizcankizil.tr\/?s={search_term_string}"},"query-input":{"@type":"PropertyValueSpecification","valueRequired":true,"valueName":"search_term_string"}}],"inLanguage":"en-GB"},{"@type":"Organization","@id":"https:\/\/denizcankizil.tr\/#organization","name":"Av. Deniz Can K\u0131z\u0131l","url":"https:\/\/denizcankizil.tr\/","logo":{"@type":"ImageObject","inLanguage":"en-GB","@id":"https:\/\/denizcankizil.tr\/#\/schema\/logo\/image\/","url":"https:\/\/denizcankizil.tr\/wp-content\/uploads\/2024\/10\/siyah-logo-svg.svg","contentUrl":"https:\/\/denizcankizil.tr\/wp-content\/uploads\/2024\/10\/siyah-logo-svg.svg","width":1080,"height":1080,"caption":"Av. Deniz Can K\u0131z\u0131l"},"image":{"@id":"https:\/\/denizcankizil.tr\/#\/schema\/logo\/image\/"}},{"@type":"Person","@id":"https:\/\/denizcankizil.tr\/#\/schema\/person\/be3c05fe6a12686905512445d8185489","name":"admin","image":{"@type":"ImageObject","inLanguage":"en-GB","@id":"https:\/\/denizcankizil.tr\/#\/schema\/person\/image\/","url":"https:\/\/secure.gravatar.com\/avatar\/c1fce94c830dc79107e174f890d7210541c4a63e8e5d816341794a2151c9d58c?s=96&d=mm&r=g","contentUrl":"https:\/\/secure.gravatar.com\/avatar\/c1fce94c830dc79107e174f890d7210541c4a63e8e5d816341794a2151c9d58c?s=96&d=mm&r=g","caption":"admin"},"sameAs":["http:\/\/denizcankizil.tr"],"url":"https:\/\/www.iskenderun.org\/fazil-saydan-iznike-ozel-beste"}]}},"_links":{"self":[{"href":"https:\/\/denizcankizil.tr\/en\/wp-json\/wp\/v2\/posts\/114428","targetHints":{"allow":["GET"]}}],"collection":[{"href":"https:\/\/denizcankizil.tr\/en\/wp-json\/wp\/v2\/posts"}],"about":[{"href":"https:\/\/denizcankizil.tr\/en\/wp-json\/wp\/v2\/types\/post"}],"author":[{"embeddable":true,"href":"https:\/\/denizcankizil.tr\/en\/wp-json\/wp\/v2\/users\/1"}],"replies":[{"embeddable":true,"href":"https:\/\/denizcankizil.tr\/en\/wp-json\/wp\/v2\/comments?post=114428"}],"version-history":[{"count":0,"href":"https:\/\/denizcankizil.tr\/en\/wp-json\/wp\/v2\/posts\/114428\/revisions"}],"wp:attachment":[{"href":"https:\/\/denizcankizil.tr\/en\/wp-json\/wp\/v2\/media?parent=114428"}],"wp:term":[{"taxonomy":"category","embeddable":true,"href":"https:\/\/denizcankizil.tr\/en\/wp-json\/wp\/v2\/categories?post=114428"},{"taxonomy":"post_tag","embeddable":true,"href":"https:\/\/denizcankizil.tr\/en\/wp-json\/wp\/v2\/tags?post=114428"}],"curies":[{"name":"wp","href":"https:\/\/api.w.org\/{rel}","templated":true}]}}