{"id":114425,"date":"2025-06-12T16:42:03","date_gmt":"2025-06-12T13:42:03","guid":{"rendered":"https:\/\/denizcankizil.tr\/uncategorized-tr\/onturk-kumlu-da-temel-atti\/"},"modified":"2025-06-12T16:42:03","modified_gmt":"2025-06-12T13:42:03","slug":"onturk-kumlu-da-temel-atti","status":"publish","type":"post","link":"https:\/\/denizcankizil.tr\/en\/haberler\/gundem\/onturk-kumlu-da-temel-atti\/","title":{"rendered":"\u00d6nt\u00fcrk, Kumlu \u2019da Temel Att\u0131"},"content":{"rendered":"<p>Hatay \u0130mar Sanayi Anonim \u015eirketi (H\u0130SA\u015e) taraf\u0131ndan Kumlu\u2019nun Akkerpi\u00e7 Mahallesi\u2019nde hal\u0131 saha ve kafeterya kompleksinin temel atma t\u00f6reni d\u00fczenlendi.<\/p>\n<p>Hal\u0131 saha temel atma t\u00f6renine Kumlu Kaymakam\u0131 Onur Alp B\u0131\u00e7akc\u0131, Kumlu Belediye Ba\u015fkan\u0131 \u0130brahim Pac, \u0130l\u00e7e Jandarma Komutan\u0131 J. \u00dct\u011fm. Kemal Karahan, \u0130l\u00e7e Emniyet M\u00fcd\u00fcr\u00fc Yusuf Kaba, Hatay \u0130mar Sanayi Anonim \u015eirketi Genel M\u00fcd\u00fcr\u00fc Halil \u0130brahim \u0130mren, HBB daire ba\u015fkanlar\u0131 ve vatanda\u015flar kat\u0131ld\u0131.<\/p>\n<p>Temeli at\u0131lan kompleksin, Modern donan\u0131mlara sahip hal\u0131 saha oldu\u011funa dikkat \u00e7ekildi. Soyunma odalar\u0131, du\u015f kabinleri, tuvaletler, y\u00f6netim birimi, depo ve kafeterya gibi donan\u0131mlar\u0131yla b\u00f6lge gen\u00e7lerine ve sporseverlere konforlu hizmet sunacak.<\/p>\n<p>En k\u0131sa s\u00fcrede hizmete a\u00e7\u0131laca\u011f\u0131n\u0131 ifade eden HBB Ba\u015fkan\u0131 Mehmet \u00d6nt\u00fcrk,,\u201d Se\u00e7im d\u00f6neminde verdi\u011fimiz vaatleri birer birer hayata ge\u00e7irmeye \u00e7al\u0131\u015f\u0131yoruz. Hal\u0131 sahan\u0131n in\u015faat\u0131n\u0131 en k\u0131sa s\u00fcrede tamamlayarak vatanda\u015flar\u0131n hizmetine sunaca\u011f\u0131z.\u201d \u015feklinde konu\u015ftu<\/p>\n<p>\u200bHatay B\u00fcy\u00fck\u015fehir Belediye (HBB), Ba\u015fkan\u0131 Mehmet \u00d6nt\u00fcrk, Kumlu il\u00e7esinde hal\u0131 saha ve kafeterya kompleksinin temelini att\u0131.\u00a0<\/p>\n<p>\u200bHaberin Al\u0131nt\u0131land\u0131\u011f\u0131 Kaynak: www.iskenderun.org<\/p>","protected":false},"excerpt":{"rendered":"<p>Hatay \u0130mar Sanayi Anonim \u015eirketi (H\u0130SA\u015e) taraf\u0131ndan Kumlu\u2019nun Akkerpi\u00e7 Mahallesi\u2019nde hal\u0131 saha ve kafeterya kompleksinin temel atma t\u00f6reni d\u00fczenlendi. Hal\u0131 saha temel atma t\u00f6renine Kumlu Kaymakam\u0131 Onur Alp B\u0131\u00e7akc\u0131, Kumlu Belediye Ba\u015fkan\u0131 \u0130brahim Pac, \u0130l\u00e7e Jandarma Komutan\u0131 J. \u00dct\u011fm. Kemal Karahan, \u0130l\u00e7e Emniyet M\u00fcd\u00fcr\u00fc Yusuf Kaba, Hatay \u0130mar Sanayi Anonim \u015eirketi Genel M\u00fcd\u00fcr\u00fc Halil \u0130brahim \u0130mren, HBB daire ba\u015fkanlar\u0131 ve vatanda\u015flar kat\u0131ld\u0131. Temeli at\u0131lan kompleksin, Modern donan\u0131mlara sahip hal\u0131 saha oldu\u011funa dikkat \u00e7ekildi. Soyunma odalar\u0131, du\u015f kabinleri, tuvaletler, y\u00f6netim birimi, depo ve kafeterya gibi donan\u0131mlar\u0131yla b\u00f6lge gen\u00e7lerine ve sporseverlere konforlu hizmet sunacak. En k\u0131sa s\u00fcrede hizmete a\u00e7\u0131laca\u011f\u0131n\u0131 ifade eden HBB Ba\u015fkan\u0131 Mehmet \u00d6nt\u00fcrk,,\u201d Se\u00e7im d\u00f6neminde verdi\u011fimiz vaatleri birer birer hayata ge\u00e7irmeye \u00e7al\u0131\u015f\u0131yoruz. Hal\u0131 sahan\u0131n in\u015faat\u0131n\u0131 en k\u0131sa s\u00fcrede tamamlayarak vatanda\u015flar\u0131n hizmetine sunaca\u011f\u0131z.\u201d \u015feklinde konu\u015ftu \u200bHatay B\u00fcy\u00fck\u015fehir Belediye (HBB), Ba\u015fkan\u0131 Mehmet \u00d6nt\u00fcrk, Kumlu il\u00e7esinde hal\u0131 saha ve kafeterya kompleksinin temelini att\u0131.\u00a0 \u200bHaberin Al\u0131nt\u0131land\u0131\u011f\u0131 Kaynak: www.iskenderun.org<\/p>","protected":false},"author":1,"featured_media":0,"comment_status":"","ping_status":"open","sticky":false,"template":"","format":"standard","meta":{"_acf_changed":false,"footnotes":""},"categories":[24],"tags":[],"class_list":["post-114425","post","type-post","status-publish","format-standard","has-post-thumbnail","hentry","category-gundem"],"acf":[],"yoast_head":"<!-- This site is optimized with the Yoast SEO Premium plugin v26.6 (Yoast SEO v27.1.1) - https:\/\/yoast.com\/product\/yoast-seo-premium-wordpress\/ -->\n<title>\u00d6nt\u00fcrk, Kumlu \u2019da Temel Att\u0131 - Av. Deniz Can K\u0131z\u0131l<\/title>\n<meta name=\"robots\" content=\"index, follow, max-snippet:-1, max-image-preview:large, max-video-preview:-1\" \/>\n<link rel=\"canonical\" href=\"https:\/\/denizcankizil.tr\/en\/haberler\/gundem\/onturk-kumlu-da-temel-atti\/\" \/>\n<meta property=\"og:locale\" content=\"en_GB\" \/>\n<meta property=\"og:type\" content=\"article\" \/>\n<meta property=\"og:title\" content=\"\u00d6nt\u00fcrk, Kumlu \u2019da Temel Att\u0131\" \/>\n<meta property=\"og:description\" content=\"Hatay \u0130mar Sanayi Anonim \u015eirketi (H\u0130SA\u015e) taraf\u0131ndan Kumlu\u2019nun Akkerpi\u00e7 Mahallesi\u2019nde hal\u0131 saha ve kafeterya kompleksinin temel atma t\u00f6reni d\u00fczenlendi. Hal\u0131 saha temel atma t\u00f6renine Kumlu Kaymakam\u0131 Onur Alp B\u0131\u00e7akc\u0131, Kumlu Belediye Ba\u015fkan\u0131 \u0130brahim Pac, \u0130l\u00e7e Jandarma Komutan\u0131 J. \u00dct\u011fm. Kemal Karahan, \u0130l\u00e7e Emniyet M\u00fcd\u00fcr\u00fc Yusuf Kaba, Hatay \u0130mar Sanayi Anonim \u015eirketi Genel M\u00fcd\u00fcr\u00fc Halil \u0130brahim \u0130mren, HBB daire ba\u015fkanlar\u0131 ve vatanda\u015flar kat\u0131ld\u0131. Temeli at\u0131lan kompleksin, Modern donan\u0131mlara sahip hal\u0131 saha oldu\u011funa dikkat \u00e7ekildi. Soyunma odalar\u0131, du\u015f kabinleri, tuvaletler, y\u00f6netim birimi, depo ve kafeterya gibi donan\u0131mlar\u0131yla b\u00f6lge gen\u00e7lerine ve sporseverlere konforlu hizmet sunacak. En k\u0131sa s\u00fcrede hizmete a\u00e7\u0131laca\u011f\u0131n\u0131 ifade eden HBB Ba\u015fkan\u0131 Mehmet \u00d6nt\u00fcrk,,\u201d Se\u00e7im d\u00f6neminde verdi\u011fimiz vaatleri birer birer hayata ge\u00e7irmeye \u00e7al\u0131\u015f\u0131yoruz. Hal\u0131 sahan\u0131n in\u015faat\u0131n\u0131 en k\u0131sa s\u00fcrede tamamlayarak vatanda\u015flar\u0131n hizmetine sunaca\u011f\u0131z.\u201d \u015feklinde konu\u015ftu \u200bHatay B\u00fcy\u00fck\u015fehir Belediye (HBB), Ba\u015fkan\u0131 Mehmet \u00d6nt\u00fcrk, Kumlu il\u00e7esinde hal\u0131 saha ve kafeterya kompleksinin temelini att\u0131.\u00a0 \u200bHaberin Al\u0131nt\u0131land\u0131\u011f\u0131 Kaynak: www.iskenderun.org\" \/>\n<meta property=\"og:url\" content=\"https:\/\/denizcankizil.tr\/en\/haberler\/gundem\/onturk-kumlu-da-temel-atti\/\" \/>\n<meta property=\"og:site_name\" content=\"Av. Deniz Can K\u0131z\u0131l\" \/>\n<meta property=\"article:published_time\" content=\"2025-06-12T13:42:03+00:00\" \/>\n<meta name=\"author\" content=\"admin\" \/>\n<meta name=\"twitter:card\" content=\"summary_large_image\" \/>\n<meta name=\"twitter:label1\" content=\"Written by\" \/>\n\t<meta name=\"twitter:data1\" content=\"admin\" \/>\n\t<meta name=\"twitter:label2\" content=\"Estimated reading time\" \/>\n\t<meta name=\"twitter:data2\" content=\"1 minute\" \/>\n<script type=\"application\/ld+json\" class=\"yoast-schema-graph\">{\"@context\":\"https:\/\/schema.org\",\"@graph\":[{\"@type\":\"Article\",\"@id\":\"https:\/\/denizcankizil.tr\/en\/haberler\/gundem\/onturk-kumlu-da-temel-atti\/#article\",\"isPartOf\":{\"@id\":\"https:\/\/denizcankizil.tr\/en\/haberler\/gundem\/onturk-kumlu-da-temel-atti\/\"},\"author\":{\"name\":\"admin\",\"@id\":\"https:\/\/denizcankizil.tr\/#\/schema\/person\/be3c05fe6a12686905512445d8185489\"},\"headline\":\"\u00d6nt\u00fcrk, Kumlu \u2019da Temel Att\u0131\",\"datePublished\":\"2025-06-12T13:42:03+00:00\",\"mainEntityOfPage\":{\"@id\":\"https:\/\/denizcankizil.tr\/en\/haberler\/gundem\/onturk-kumlu-da-temel-atti\/\"},\"wordCount\":207,\"publisher\":{\"@id\":\"https:\/\/denizcankizil.tr\/#organization\"},\"articleSection\":[\"G\u00fcndem\"],\"inLanguage\":\"en-GB\"},{\"@type\":\"WebPage\",\"@id\":\"https:\/\/denizcankizil.tr\/en\/haberler\/gundem\/onturk-kumlu-da-temel-atti\/\",\"url\":\"https:\/\/denizcankizil.tr\/en\/haberler\/gundem\/onturk-kumlu-da-temel-atti\/\",\"name\":\"\u00d6nt\u00fcrk, Kumlu \u2019da Temel Att\u0131 - Av. Deniz Can K\u0131z\u0131l\",\"isPartOf\":{\"@id\":\"https:\/\/denizcankizil.tr\/#website\"},\"datePublished\":\"2025-06-12T13:42:03+00:00\",\"breadcrumb\":{\"@id\":\"https:\/\/denizcankizil.tr\/en\/haberler\/gundem\/onturk-kumlu-da-temel-atti\/#breadcrumb\"},\"inLanguage\":\"en-GB\",\"potentialAction\":[{\"@type\":\"ReadAction\",\"target\":[\"https:\/\/denizcankizil.tr\/en\/haberler\/gundem\/onturk-kumlu-da-temel-atti\/\"]}]},{\"@type\":\"BreadcrumbList\",\"@id\":\"https:\/\/denizcankizil.tr\/en\/haberler\/gundem\/onturk-kumlu-da-temel-atti\/#breadcrumb\",\"itemListElement\":[{\"@type\":\"ListItem\",\"position\":1,\"name\":\"Home\",\"item\":\"https:\/\/denizcankizil.tr\/de\/\"},{\"@type\":\"ListItem\",\"position\":2,\"name\":\"\u00d6nt\u00fcrk, Kumlu \u2019da Temel Att\u0131\"}]},{\"@type\":\"WebSite\",\"@id\":\"https:\/\/denizcankizil.tr\/#website\",\"url\":\"https:\/\/denizcankizil.tr\/\",\"name\":\"Av. Deniz Can K\u0131z\u0131l\",\"description\":\"Avukat Deniz Can K\u0131z\u0131l Antalya Barosu\",\"publisher\":{\"@id\":\"https:\/\/denizcankizil.tr\/#organization\"},\"potentialAction\":[{\"@type\":\"SearchAction\",\"target\":{\"@type\":\"EntryPoint\",\"urlTemplate\":\"https:\/\/denizcankizil.tr\/?s={search_term_string}\"},\"query-input\":{\"@type\":\"PropertyValueSpecification\",\"valueRequired\":true,\"valueName\":\"search_term_string\"}}],\"inLanguage\":\"en-GB\"},{\"@type\":\"Organization\",\"@id\":\"https:\/\/denizcankizil.tr\/#organization\",\"name\":\"Av. Deniz Can K\u0131z\u0131l\",\"url\":\"https:\/\/denizcankizil.tr\/\",\"logo\":{\"@type\":\"ImageObject\",\"inLanguage\":\"en-GB\",\"@id\":\"https:\/\/denizcankizil.tr\/#\/schema\/logo\/image\/\",\"url\":\"https:\/\/denizcankizil.tr\/wp-content\/uploads\/2024\/10\/siyah-logo-svg.svg\",\"contentUrl\":\"https:\/\/denizcankizil.tr\/wp-content\/uploads\/2024\/10\/siyah-logo-svg.svg\",\"width\":1080,\"height\":1080,\"caption\":\"Av. Deniz Can K\u0131z\u0131l\"},\"image\":{\"@id\":\"https:\/\/denizcankizil.tr\/#\/schema\/logo\/image\/\"}},{\"@type\":\"Person\",\"@id\":\"https:\/\/denizcankizil.tr\/#\/schema\/person\/be3c05fe6a12686905512445d8185489\",\"name\":\"admin\",\"image\":{\"@type\":\"ImageObject\",\"inLanguage\":\"en-GB\",\"@id\":\"https:\/\/denizcankizil.tr\/#\/schema\/person\/image\/\",\"url\":\"https:\/\/secure.gravatar.com\/avatar\/c1fce94c830dc79107e174f890d7210541c4a63e8e5d816341794a2151c9d58c?s=96&d=mm&r=g\",\"contentUrl\":\"https:\/\/secure.gravatar.com\/avatar\/c1fce94c830dc79107e174f890d7210541c4a63e8e5d816341794a2151c9d58c?s=96&d=mm&r=g\",\"caption\":\"admin\"},\"sameAs\":[\"http:\/\/denizcankizil.tr\"],\"url\":\"https:\/\/www.iskenderun.org\/onturk-kumlu-da-temel-atti\"}]}<\/script>\n<!-- \/ Yoast SEO Premium plugin. -->","yoast_head_json":{"title":"\u00d6nt\u00fcrk, Kumlu \u2019da Temel Att\u0131 - Av. Deniz Can K\u0131z\u0131l","robots":{"index":"index","follow":"follow","max-snippet":"max-snippet:-1","max-image-preview":"max-image-preview:large","max-video-preview":"max-video-preview:-1"},"canonical":"https:\/\/denizcankizil.tr\/en\/haberler\/gundem\/onturk-kumlu-da-temel-atti\/","og_locale":"en_GB","og_type":"article","og_title":"\u00d6nt\u00fcrk, Kumlu \u2019da Temel Att\u0131","og_description":"Hatay \u0130mar Sanayi Anonim \u015eirketi (H\u0130SA\u015e) taraf\u0131ndan Kumlu\u2019nun Akkerpi\u00e7 Mahallesi\u2019nde hal\u0131 saha ve kafeterya kompleksinin temel atma t\u00f6reni d\u00fczenlendi. Hal\u0131 saha temel atma t\u00f6renine Kumlu Kaymakam\u0131 Onur Alp B\u0131\u00e7akc\u0131, Kumlu Belediye Ba\u015fkan\u0131 \u0130brahim Pac, \u0130l\u00e7e Jandarma Komutan\u0131 J. \u00dct\u011fm. Kemal Karahan, \u0130l\u00e7e Emniyet M\u00fcd\u00fcr\u00fc Yusuf Kaba, Hatay \u0130mar Sanayi Anonim \u015eirketi Genel M\u00fcd\u00fcr\u00fc Halil \u0130brahim \u0130mren, HBB daire ba\u015fkanlar\u0131 ve vatanda\u015flar kat\u0131ld\u0131. Temeli at\u0131lan kompleksin, Modern donan\u0131mlara sahip hal\u0131 saha oldu\u011funa dikkat \u00e7ekildi. Soyunma odalar\u0131, du\u015f kabinleri, tuvaletler, y\u00f6netim birimi, depo ve kafeterya gibi donan\u0131mlar\u0131yla b\u00f6lge gen\u00e7lerine ve sporseverlere konforlu hizmet sunacak. En k\u0131sa s\u00fcrede hizmete a\u00e7\u0131laca\u011f\u0131n\u0131 ifade eden HBB Ba\u015fkan\u0131 Mehmet \u00d6nt\u00fcrk,,\u201d Se\u00e7im d\u00f6neminde verdi\u011fimiz vaatleri birer birer hayata ge\u00e7irmeye \u00e7al\u0131\u015f\u0131yoruz. Hal\u0131 sahan\u0131n in\u015faat\u0131n\u0131 en k\u0131sa s\u00fcrede tamamlayarak vatanda\u015flar\u0131n hizmetine sunaca\u011f\u0131z.\u201d \u015feklinde konu\u015ftu \u200bHatay B\u00fcy\u00fck\u015fehir Belediye (HBB), Ba\u015fkan\u0131 Mehmet \u00d6nt\u00fcrk, Kumlu il\u00e7esinde hal\u0131 saha ve kafeterya kompleksinin temelini att\u0131.\u00a0 \u200bHaberin Al\u0131nt\u0131land\u0131\u011f\u0131 Kaynak: www.iskenderun.org","og_url":"https:\/\/denizcankizil.tr\/en\/haberler\/gundem\/onturk-kumlu-da-temel-atti\/","og_site_name":"Av. Deniz Can K\u0131z\u0131l","article_published_time":"2025-06-12T13:42:03+00:00","author":"admin","twitter_card":"summary_large_image","twitter_misc":{"Written by":"admin","Estimated reading time":"1 minute"},"schema":{"@context":"https:\/\/schema.org","@graph":[{"@type":"Article","@id":"https:\/\/denizcankizil.tr\/en\/haberler\/gundem\/onturk-kumlu-da-temel-atti\/#article","isPartOf":{"@id":"https:\/\/denizcankizil.tr\/en\/haberler\/gundem\/onturk-kumlu-da-temel-atti\/"},"author":{"name":"admin","@id":"https:\/\/denizcankizil.tr\/#\/schema\/person\/be3c05fe6a12686905512445d8185489"},"headline":"\u00d6nt\u00fcrk, Kumlu \u2019da Temel Att\u0131","datePublished":"2025-06-12T13:42:03+00:00","mainEntityOfPage":{"@id":"https:\/\/denizcankizil.tr\/en\/haberler\/gundem\/onturk-kumlu-da-temel-atti\/"},"wordCount":207,"publisher":{"@id":"https:\/\/denizcankizil.tr\/#organization"},"articleSection":["G\u00fcndem"],"inLanguage":"en-GB"},{"@type":"WebPage","@id":"https:\/\/denizcankizil.tr\/en\/haberler\/gundem\/onturk-kumlu-da-temel-atti\/","url":"https:\/\/denizcankizil.tr\/en\/haberler\/gundem\/onturk-kumlu-da-temel-atti\/","name":"\u00d6nt\u00fcrk, Kumlu \u2019da Temel Att\u0131 - Av. Deniz Can K\u0131z\u0131l","isPartOf":{"@id":"https:\/\/denizcankizil.tr\/#website"},"datePublished":"2025-06-12T13:42:03+00:00","breadcrumb":{"@id":"https:\/\/denizcankizil.tr\/en\/haberler\/gundem\/onturk-kumlu-da-temel-atti\/#breadcrumb"},"inLanguage":"en-GB","potentialAction":[{"@type":"ReadAction","target":["https:\/\/denizcankizil.tr\/en\/haberler\/gundem\/onturk-kumlu-da-temel-atti\/"]}]},{"@type":"BreadcrumbList","@id":"https:\/\/denizcankizil.tr\/en\/haberler\/gundem\/onturk-kumlu-da-temel-atti\/#breadcrumb","itemListElement":[{"@type":"ListItem","position":1,"name":"Home","item":"https:\/\/denizcankizil.tr\/de\/"},{"@type":"ListItem","position":2,"name":"\u00d6nt\u00fcrk, Kumlu \u2019da Temel Att\u0131"}]},{"@type":"WebSite","@id":"https:\/\/denizcankizil.tr\/#website","url":"https:\/\/denizcankizil.tr\/","name":"Av. Deniz Can K\u0131z\u0131l","description":"Avukat Deniz Can K\u0131z\u0131l Antalya Barosu","publisher":{"@id":"https:\/\/denizcankizil.tr\/#organization"},"potentialAction":[{"@type":"SearchAction","target":{"@type":"EntryPoint","urlTemplate":"https:\/\/denizcankizil.tr\/?s={search_term_string}"},"query-input":{"@type":"PropertyValueSpecification","valueRequired":true,"valueName":"search_term_string"}}],"inLanguage":"en-GB"},{"@type":"Organization","@id":"https:\/\/denizcankizil.tr\/#organization","name":"Av. Deniz Can K\u0131z\u0131l","url":"https:\/\/denizcankizil.tr\/","logo":{"@type":"ImageObject","inLanguage":"en-GB","@id":"https:\/\/denizcankizil.tr\/#\/schema\/logo\/image\/","url":"https:\/\/denizcankizil.tr\/wp-content\/uploads\/2024\/10\/siyah-logo-svg.svg","contentUrl":"https:\/\/denizcankizil.tr\/wp-content\/uploads\/2024\/10\/siyah-logo-svg.svg","width":1080,"height":1080,"caption":"Av. Deniz Can K\u0131z\u0131l"},"image":{"@id":"https:\/\/denizcankizil.tr\/#\/schema\/logo\/image\/"}},{"@type":"Person","@id":"https:\/\/denizcankizil.tr\/#\/schema\/person\/be3c05fe6a12686905512445d8185489","name":"admin","image":{"@type":"ImageObject","inLanguage":"en-GB","@id":"https:\/\/denizcankizil.tr\/#\/schema\/person\/image\/","url":"https:\/\/secure.gravatar.com\/avatar\/c1fce94c830dc79107e174f890d7210541c4a63e8e5d816341794a2151c9d58c?s=96&d=mm&r=g","contentUrl":"https:\/\/secure.gravatar.com\/avatar\/c1fce94c830dc79107e174f890d7210541c4a63e8e5d816341794a2151c9d58c?s=96&d=mm&r=g","caption":"admin"},"sameAs":["http:\/\/denizcankizil.tr"],"url":"https:\/\/www.iskenderun.org\/onturk-kumlu-da-temel-atti"}]}},"_links":{"self":[{"href":"https:\/\/denizcankizil.tr\/en\/wp-json\/wp\/v2\/posts\/114425","targetHints":{"allow":["GET"]}}],"collection":[{"href":"https:\/\/denizcankizil.tr\/en\/wp-json\/wp\/v2\/posts"}],"about":[{"href":"https:\/\/denizcankizil.tr\/en\/wp-json\/wp\/v2\/types\/post"}],"author":[{"embeddable":true,"href":"https:\/\/denizcankizil.tr\/en\/wp-json\/wp\/v2\/users\/1"}],"replies":[{"embeddable":true,"href":"https:\/\/denizcankizil.tr\/en\/wp-json\/wp\/v2\/comments?post=114425"}],"version-history":[{"count":0,"href":"https:\/\/denizcankizil.tr\/en\/wp-json\/wp\/v2\/posts\/114425\/revisions"}],"wp:attachment":[{"href":"https:\/\/denizcankizil.tr\/en\/wp-json\/wp\/v2\/media?parent=114425"}],"wp:term":[{"taxonomy":"category","embeddable":true,"href":"https:\/\/denizcankizil.tr\/en\/wp-json\/wp\/v2\/categories?post=114425"},{"taxonomy":"post_tag","embeddable":true,"href":"https:\/\/denizcankizil.tr\/en\/wp-json\/wp\/v2\/tags?post=114425"}],"curies":[{"name":"wp","href":"https:\/\/api.w.org\/{rel}","templated":true}]}}