{"id":114202,"date":"2025-06-12T06:41:42","date_gmt":"2025-06-12T03:41:42","guid":{"rendered":"https:\/\/denizcankizil.tr\/uncategorized-tr\/hsk-yeni-uyeleriyle-ilk-toplantisini-yapti\/"},"modified":"2025-06-12T06:41:42","modified_gmt":"2025-06-12T03:41:42","slug":"hsk-yeni-uyeleriyle-ilk-toplantisini-yapti","status":"publish","type":"post","link":"https:\/\/denizcankizil.tr\/en\/haberler\/gundem\/hsk-yeni-uyeleriyle-ilk-toplantisini-yapti\/","title":{"rendered":"HSK yeni \u00fcyeleriyle ilk toplant\u0131s\u0131n\u0131 yapt\u0131"},"content":{"rendered":"<p>Adalet Bakan\u0131 Y\u0131lmaz Tun\u00e7, H\u00e2kimler ve Savc\u0131lar Kurulu\u2019nun (HSK) yeni se\u00e7ilen \u00fcyeleriyle ilk Genel Kurul toplant\u0131s\u0131n\u0131 ger\u00e7ekle\u015ftirdiklerini duyurdu ve \u201cT\u00fcrkiye Y\u00fczy\u0131l\u0131\u2019n\u0131 Adaletin Y\u00fczy\u0131l\u0131 yapma\u201d hedefiyle yarg\u0131 sistemini g\u00fc\u00e7lendirme kararl\u0131l\u0131\u011f\u0131n\u0131 vurgulad\u0131.ANKARA (\u0130GFA) &#8211;  Adalet Bakan\u0131 Y\u0131lmaz Tun\u00e7, H\u00e2kimler ve Savc\u0131lar Kurulu\u2019nun (HSK) yeni se\u00e7ilen \u00fcyeleriyle ilk Genel Kurul toplant\u0131s\u0131n\u0131n yap\u0131ld\u0131\u011f\u0131n\u0131 a\u00e7\u0131klad\u0131.<br \/>\nBakan Tun\u00e7, toplant\u0131n\u0131n yarg\u0131 te\u015fkilat\u0131, \u00fclke ve millet i\u00e7in hay\u0131rl\u0131 sonu\u00e7lar do\u011furmas\u0131n\u0131 temenni ederek, yeni HSK \u00fcyelerinin g\u00f6rev s\u00fcreleri boyunca yarg\u0131 sisteminin etkinli\u011fini ve g\u00fcvenilirli\u011fini daha da art\u0131raca\u011f\u0131na olan inanc\u0131n\u0131 ifade etti.<\/p>\n<p><blockquote class=\"twitter-tweet\" data-width=\"550\" data-dnt=\"true\"><p lang=\"tr\" dir=\"ltr\">H\u00e2kimler ve Savc\u0131lar Kurulumuza yeni se\u00e7ilen \u00fcyelerimizle birlikte ilk Genel Kurul toplant\u0131m\u0131z\u0131 ger\u00e7ekle\u015ftirdik.<br><br>Genel Kurulumuzun yarg\u0131 te\u015fkilat\u0131m\u0131z, \u00fclkemiz ve milletimiz i\u00e7in hay\u0131rlara vesile olmas\u0131n\u0131 temenni ediyorum.<br><br>Hakimler ve Savc\u0131lar Kurulumuzun yeni \u00fcyelerinin g\u00f6rev\u2026 <a href=\"https:\/\/t.co\/eTWaL4ApRC\">pic.twitter.com\/eTWaL4ApRC<\/a><\/p>&mdash; Y\u0131lmaz TUN\u00c7 (@yilmaztunc) <a href=\"https:\/\/twitter.com\/yilmaztunc\/status\/1932863500377792715?ref_src=twsrc%5Etfw\">June 11, 2025<\/a><\/blockquote><script async src=\"https:\/\/platform.twitter.com\/widgets.js\" charset=\"utf-8\"><\/script><\/p>\n<p>Sosyal medya hesab\u0131ndan payla\u015f\u0131mda bulunan Bakan Tun\u00e7, \u201cHukukun \u00fcst\u00fcnl\u00fc\u011f\u00fcn\u00fc esas alan, gecikmeyen ve \u00f6ng\u00f6r\u00fclebilir bir adalet sistemi vizyonuyla; Hukuk Devleti ilkesini tahkim etmeye, tarafs\u0131z ve ba\u011f\u0131ms\u0131z yarg\u0131m\u0131z\u0131 daha da g\u00fc\u00e7lendirmeye devam edece\u011fiz. #T\u00fcrkiyeY\u00fczy\u0131l\u0131\u2019n\u0131 #AdaletinY\u00fczy\u0131l\u0131 yapmak i\u00e7in \u00e7al\u0131\u015fmalar\u0131m\u0131z\u0131 azim ve gayretle s\u00fcrd\u00fcrece\u011fiz\u201d dedi.<br \/>\nBakan Tun\u00e7, g\u00f6rev s\u00fcreleri dolan HSK \u00fcyelerine de Hukuk Devleti yolunda verdikleri \u00f6zverili hizmetler i\u00e7in te\u015fekk\u00fcr ederek, yeni \u00fcyelere ba\u015far\u0131lar diledi.<\/p>\n<p>\u200bAdalet Bakan\u0131 Y\u0131lmaz Tun\u00e7, H\u00e2kimler ve Savc\u0131lar Kurulu\u2019nun (HSK) yeni se\u00e7ilen \u00fcyeleriyle ilk Genel Kurul toplant\u0131s\u0131n\u0131 ger\u00e7ekle\u015ftirdiklerini duyurdu ve \u201cT\u00fcrkiye Y\u00fczy\u0131l\u0131\u2019n\u0131 Adaletin Y\u00fczy\u0131l\u0131 yapma\u201d hedefiyle yarg\u0131 sistemini g\u00fc\u00e7lendirme kararl\u0131l\u0131\u011f\u0131n\u0131 vurgulad\u0131.ANKARA (\u0130GFA) &#8211;  Adalet Bakan\u0131 Y\u0131lmaz Tun\u00e7, H\u00e2kimler ve Savc\u0131lar Kurulu\u2019nun (HSK) yeni se\u00e7ilen \u00fcyeleriyle ilk Genel Kurul toplant\u0131s\u0131n\u0131n yap\u0131ld\u0131\u011f\u0131n\u0131 a\u00e7\u0131klad\u0131.<br \/>\nBakan Tun\u00e7, toplant\u0131n\u0131n yarg\u0131 te\u015fkilat\u0131, \u00fclke ve millet i\u00e7in hay\u0131rl\u0131 sonu\u00e7lar do\u011furmas\u0131n\u0131 temenni ederek, yeni HSK \u00fcyelerinin g\u00f6rev s\u00fcreleri boyunca yarg\u0131 sisteminin etkinli\u011fini ve g\u00fcvenilirli\u011fini daha da art\u0131raca\u011f\u0131na olan inanc\u0131n\u0131 ifade etti.<\/p>\n<p><blockquote class=\"twitter-tweet\" data-width=\"550\" data-dnt=\"true\"><p lang=\"tr\" dir=\"ltr\">H\u00e2kimler ve Savc\u0131lar Kurulumuza yeni se\u00e7ilen \u00fcyelerimizle birlikte ilk Genel Kurul toplant\u0131m\u0131z\u0131 ger\u00e7ekle\u015ftirdik.<br><br>Genel Kurulumuzun yarg\u0131 te\u015fkilat\u0131m\u0131z, \u00fclkemiz ve milletimiz i\u00e7in hay\u0131rlara vesile olmas\u0131n\u0131 temenni ediyorum.<br><br>Hakimler ve Savc\u0131lar Kurulumuzun yeni \u00fcyelerinin g\u00f6rev\u2026 <a href=\"https:\/\/t.co\/eTWaL4ApRC\">pic.twitter.com\/eTWaL4ApRC<\/a><\/p>&mdash; Y\u0131lmaz TUN\u00c7 (@yilmaztunc) <a href=\"https:\/\/twitter.com\/yilmaztunc\/status\/1932863500377792715?ref_src=twsrc%5Etfw\">June 11, 2025<\/a><\/blockquote><script async src=\"https:\/\/platform.twitter.com\/widgets.js\" charset=\"utf-8\"><\/script><\/p>\n<p>Sosyal medya hesab\u0131ndan payla\u015f\u0131mda bulunan Bakan Tun\u00e7, \u201cHukukun \u00fcst\u00fcnl\u00fc\u011f\u00fcn\u00fc esas alan, gecikmeyen ve \u00f6ng\u00f6r\u00fclebilir bir adalet sistemi vizyonuyla; Hukuk Devleti ilkesini tahkim etmeye, tarafs\u0131z ve ba\u011f\u0131ms\u0131z yarg\u0131m\u0131z\u0131 daha da g\u00fc\u00e7lendirmeye devam edece\u011fiz. #T\u00fcrkiyeY\u00fczy\u0131l\u0131\u2019n\u0131 #AdaletinY\u00fczy\u0131l\u0131 yapmak i\u00e7in \u00e7al\u0131\u015fmalar\u0131m\u0131z\u0131 azim ve gayretle s\u00fcrd\u00fcrece\u011fiz\u201d dedi.<br \/>\nBakan Tun\u00e7, g\u00f6rev s\u00fcreleri dolan HSK \u00fcyelerine de Hukuk Devleti yolunda verdikleri \u00f6zverili hizmetler i\u00e7in te\u015fekk\u00fcr ederek, yeni \u00fcyelere ba\u015far\u0131lar diledi.\u00a0<\/p>\n<p>\u200bHaberin Al\u0131nt\u0131land\u0131\u011f\u0131 Kaynak: www.iskenderun.org<\/p>","protected":false},"excerpt":{"rendered":"<p>Adalet Bakan\u0131 Y\u0131lmaz Tun\u00e7, H\u00e2kimler ve Savc\u0131lar Kurulu\u2019nun (HSK) yeni se\u00e7ilen \u00fcyeleriyle ilk Genel Kurul toplant\u0131s\u0131n\u0131 ger\u00e7ekle\u015ftirdiklerini duyurdu ve \u201cT\u00fcrkiye Y\u00fczy\u0131l\u0131\u2019n\u0131 Adaletin Y\u00fczy\u0131l\u0131 yapma\u201d hedefiyle yarg\u0131 sistemini g\u00fc\u00e7lendirme kararl\u0131l\u0131\u011f\u0131n\u0131 vurgulad\u0131.ANKARA (\u0130GFA) &#8211; Adalet Bakan\u0131 Y\u0131lmaz Tun\u00e7, H\u00e2kimler ve Savc\u0131lar Kurulu\u2019nun (HSK) yeni se\u00e7ilen \u00fcyeleriyle ilk Genel Kurul toplant\u0131s\u0131n\u0131n yap\u0131ld\u0131\u011f\u0131n\u0131 a\u00e7\u0131klad\u0131. Bakan Tun\u00e7, toplant\u0131n\u0131n yarg\u0131 te\u015fkilat\u0131, \u00fclke ve millet i\u00e7in hay\u0131rl\u0131 sonu\u00e7lar do\u011furmas\u0131n\u0131 temenni ederek, yeni HSK \u00fcyelerinin g\u00f6rev s\u00fcreleri boyunca yarg\u0131 sisteminin etkinli\u011fini ve g\u00fcvenilirli\u011fini daha da art\u0131raca\u011f\u0131na olan inanc\u0131n\u0131 ifade etti. H\u00e2kimler ve Savc\u0131lar Kurulumuza yeni se\u00e7ilen \u00fcyelerimizle birlikte ilk Genel Kurul toplant\u0131m\u0131z\u0131 ger\u00e7ekle\u015ftirdik. Genel Kurulumuzun yarg\u0131 te\u015fkilat\u0131m\u0131z, \u00fclkemiz ve milletimiz i\u00e7in hay\u0131rlara vesile olmas\u0131n\u0131 temenni ediyorum. Hakimler ve Savc\u0131lar Kurulumuzun yeni \u00fcyelerinin g\u00f6rev\u2026 pic.twitter.com\/eTWaL4ApRC &mdash; Y\u0131lmaz TUN\u00c7 (@yilmaztunc) June 11, 2025 Sosyal medya hesab\u0131ndan payla\u015f\u0131mda bulunan Bakan Tun\u00e7, \u201cHukukun \u00fcst\u00fcnl\u00fc\u011f\u00fcn\u00fc esas alan, gecikmeyen ve \u00f6ng\u00f6r\u00fclebilir bir adalet sistemi vizyonuyla; Hukuk Devleti ilkesini tahkim etmeye, tarafs\u0131z ve ba\u011f\u0131ms\u0131z yarg\u0131m\u0131z\u0131 daha da g\u00fc\u00e7lendirmeye devam edece\u011fiz. #T\u00fcrkiyeY\u00fczy\u0131l\u0131\u2019n\u0131 #AdaletinY\u00fczy\u0131l\u0131 yapmak i\u00e7in \u00e7al\u0131\u015fmalar\u0131m\u0131z\u0131 azim ve gayretle s\u00fcrd\u00fcrece\u011fiz\u201d dedi. Bakan Tun\u00e7, g\u00f6rev s\u00fcreleri dolan HSK \u00fcyelerine de Hukuk Devleti yolunda verdikleri \u00f6zverili hizmetler i\u00e7in te\u015fekk\u00fcr ederek, yeni \u00fcyelere ba\u015far\u0131lar diledi. \u200bAdalet Bakan\u0131 Y\u0131lmaz Tun\u00e7, H\u00e2kimler ve Savc\u0131lar Kurulu\u2019nun (HSK) yeni se\u00e7ilen \u00fcyeleriyle ilk Genel &hellip;<\/p>","protected":false},"author":1,"featured_media":0,"comment_status":"","ping_status":"open","sticky":false,"template":"","format":"standard","meta":{"_acf_changed":false,"footnotes":""},"categories":[24],"tags":[],"class_list":["post-114202","post","type-post","status-publish","format-standard","has-post-thumbnail","hentry","category-gundem"],"acf":[],"yoast_head":"<!-- This site is optimized with the Yoast SEO Premium plugin v26.6 (Yoast SEO v27.1.1) - https:\/\/yoast.com\/product\/yoast-seo-premium-wordpress\/ -->\n<title>HSK yeni \u00fcyeleriyle ilk toplant\u0131s\u0131n\u0131 yapt\u0131 - Av. Deniz Can K\u0131z\u0131l<\/title>\n<meta name=\"robots\" content=\"index, follow, max-snippet:-1, max-image-preview:large, max-video-preview:-1\" \/>\n<link rel=\"canonical\" href=\"https:\/\/denizcankizil.tr\/en\/haberler\/gundem\/hsk-yeni-uyeleriyle-ilk-toplantisini-yapti\/\" \/>\n<meta property=\"og:locale\" content=\"en_GB\" \/>\n<meta property=\"og:type\" content=\"article\" \/>\n<meta property=\"og:title\" content=\"HSK yeni \u00fcyeleriyle ilk toplant\u0131s\u0131n\u0131 yapt\u0131\" \/>\n<meta property=\"og:description\" content=\"Adalet Bakan\u0131 Y\u0131lmaz Tun\u00e7, H\u00e2kimler ve Savc\u0131lar Kurulu\u2019nun (HSK) yeni se\u00e7ilen \u00fcyeleriyle ilk Genel Kurul toplant\u0131s\u0131n\u0131 ger\u00e7ekle\u015ftirdiklerini duyurdu ve \u201cT\u00fcrkiye Y\u00fczy\u0131l\u0131\u2019n\u0131 Adaletin Y\u00fczy\u0131l\u0131 yapma\u201d hedefiyle yarg\u0131 sistemini g\u00fc\u00e7lendirme kararl\u0131l\u0131\u011f\u0131n\u0131 vurgulad\u0131.ANKARA (\u0130GFA) &#8211; Adalet Bakan\u0131 Y\u0131lmaz Tun\u00e7, H\u00e2kimler ve Savc\u0131lar Kurulu\u2019nun (HSK) yeni se\u00e7ilen \u00fcyeleriyle ilk Genel Kurul toplant\u0131s\u0131n\u0131n yap\u0131ld\u0131\u011f\u0131n\u0131 a\u00e7\u0131klad\u0131. Bakan Tun\u00e7, toplant\u0131n\u0131n yarg\u0131 te\u015fkilat\u0131, \u00fclke ve millet i\u00e7in hay\u0131rl\u0131 sonu\u00e7lar do\u011furmas\u0131n\u0131 temenni ederek, yeni HSK \u00fcyelerinin g\u00f6rev s\u00fcreleri boyunca yarg\u0131 sisteminin etkinli\u011fini ve g\u00fcvenilirli\u011fini daha da art\u0131raca\u011f\u0131na olan inanc\u0131n\u0131 ifade etti. H\u00e2kimler ve Savc\u0131lar Kurulumuza yeni se\u00e7ilen \u00fcyelerimizle birlikte ilk Genel Kurul toplant\u0131m\u0131z\u0131 ger\u00e7ekle\u015ftirdik. Genel Kurulumuzun yarg\u0131 te\u015fkilat\u0131m\u0131z, \u00fclkemiz ve milletimiz i\u00e7in hay\u0131rlara vesile olmas\u0131n\u0131 temenni ediyorum. Hakimler ve Savc\u0131lar Kurulumuzun yeni \u00fcyelerinin g\u00f6rev\u2026 pic.twitter.com\/eTWaL4ApRC &mdash; Y\u0131lmaz TUN\u00c7 (@yilmaztunc) June 11, 2025 Sosyal medya hesab\u0131ndan payla\u015f\u0131mda bulunan Bakan Tun\u00e7, \u201cHukukun \u00fcst\u00fcnl\u00fc\u011f\u00fcn\u00fc esas alan, gecikmeyen ve \u00f6ng\u00f6r\u00fclebilir bir adalet sistemi vizyonuyla; Hukuk Devleti ilkesini tahkim etmeye, tarafs\u0131z ve ba\u011f\u0131ms\u0131z yarg\u0131m\u0131z\u0131 daha da g\u00fc\u00e7lendirmeye devam edece\u011fiz. #T\u00fcrkiyeY\u00fczy\u0131l\u0131\u2019n\u0131 #AdaletinY\u00fczy\u0131l\u0131 yapmak i\u00e7in \u00e7al\u0131\u015fmalar\u0131m\u0131z\u0131 azim ve gayretle s\u00fcrd\u00fcrece\u011fiz\u201d dedi. Bakan Tun\u00e7, g\u00f6rev s\u00fcreleri dolan HSK \u00fcyelerine de Hukuk Devleti yolunda verdikleri \u00f6zverili hizmetler i\u00e7in te\u015fekk\u00fcr ederek, yeni \u00fcyelere ba\u015far\u0131lar diledi. \u200bAdalet Bakan\u0131 Y\u0131lmaz Tun\u00e7, H\u00e2kimler ve Savc\u0131lar Kurulu\u2019nun (HSK) yeni se\u00e7ilen \u00fcyeleriyle ilk Genel &hellip;\" \/>\n<meta property=\"og:url\" content=\"https:\/\/denizcankizil.tr\/en\/haberler\/gundem\/hsk-yeni-uyeleriyle-ilk-toplantisini-yapti\/\" \/>\n<meta property=\"og:site_name\" content=\"Av. Deniz Can K\u0131z\u0131l\" \/>\n<meta property=\"article:published_time\" content=\"2025-06-12T03:41:42+00:00\" \/>\n<meta name=\"author\" content=\"admin\" \/>\n<meta name=\"twitter:card\" content=\"summary_large_image\" \/>\n<meta name=\"twitter:label1\" content=\"Written by\" \/>\n\t<meta name=\"twitter:data1\" content=\"admin\" \/>\n\t<meta name=\"twitter:label2\" content=\"Estimated reading time\" \/>\n\t<meta name=\"twitter:data2\" content=\"2 minutes\" \/>\n<script type=\"application\/ld+json\" class=\"yoast-schema-graph\">{\"@context\":\"https:\/\/schema.org\",\"@graph\":[{\"@type\":\"Article\",\"@id\":\"https:\/\/denizcankizil.tr\/en\/haberler\/gundem\/hsk-yeni-uyeleriyle-ilk-toplantisini-yapti\/#article\",\"isPartOf\":{\"@id\":\"https:\/\/denizcankizil.tr\/en\/haberler\/gundem\/hsk-yeni-uyeleriyle-ilk-toplantisini-yapti\/\"},\"author\":{\"name\":\"admin\",\"@id\":\"https:\/\/denizcankizil.tr\/de\/#\/schema\/person\/be3c05fe6a12686905512445d8185489\"},\"headline\":\"HSK yeni \u00fcyeleriyle ilk toplant\u0131s\u0131n\u0131 yapt\u0131\",\"datePublished\":\"2025-06-12T03:41:42+00:00\",\"mainEntityOfPage\":{\"@id\":\"https:\/\/denizcankizil.tr\/en\/haberler\/gundem\/hsk-yeni-uyeleriyle-ilk-toplantisini-yapti\/\"},\"wordCount\":474,\"publisher\":{\"@id\":\"https:\/\/denizcankizil.tr\/de\/#organization\"},\"articleSection\":[\"G\u00fcndem\"],\"inLanguage\":\"en-GB\"},{\"@type\":\"WebPage\",\"@id\":\"https:\/\/denizcankizil.tr\/en\/haberler\/gundem\/hsk-yeni-uyeleriyle-ilk-toplantisini-yapti\/\",\"url\":\"https:\/\/denizcankizil.tr\/en\/haberler\/gundem\/hsk-yeni-uyeleriyle-ilk-toplantisini-yapti\/\",\"name\":\"HSK yeni \u00fcyeleriyle ilk toplant\u0131s\u0131n\u0131 yapt\u0131 - Av. Deniz Can K\u0131z\u0131l\",\"isPartOf\":{\"@id\":\"https:\/\/denizcankizil.tr\/de\/#website\"},\"datePublished\":\"2025-06-12T03:41:42+00:00\",\"breadcrumb\":{\"@id\":\"https:\/\/denizcankizil.tr\/en\/haberler\/gundem\/hsk-yeni-uyeleriyle-ilk-toplantisini-yapti\/#breadcrumb\"},\"inLanguage\":\"en-GB\",\"potentialAction\":[{\"@type\":\"ReadAction\",\"target\":[\"https:\/\/denizcankizil.tr\/en\/haberler\/gundem\/hsk-yeni-uyeleriyle-ilk-toplantisini-yapti\/\"]}]},{\"@type\":\"BreadcrumbList\",\"@id\":\"https:\/\/denizcankizil.tr\/en\/haberler\/gundem\/hsk-yeni-uyeleriyle-ilk-toplantisini-yapti\/#breadcrumb\",\"itemListElement\":[{\"@type\":\"ListItem\",\"position\":1,\"name\":\"Home\",\"item\":\"https:\/\/denizcankizil.tr\/de\/\"},{\"@type\":\"ListItem\",\"position\":2,\"name\":\"HSK yeni \u00fcyeleriyle ilk toplant\u0131s\u0131n\u0131 yapt\u0131\"}]},{\"@type\":\"WebSite\",\"@id\":\"https:\/\/denizcankizil.tr\/de\/#website\",\"url\":\"https:\/\/denizcankizil.tr\/de\/\",\"name\":\"Av. Deniz Can K\u0131z\u0131l\",\"description\":\"Avukat Deniz Can K\u0131z\u0131l Antalya Barosu\",\"publisher\":{\"@id\":\"https:\/\/denizcankizil.tr\/de\/#organization\"},\"potentialAction\":[{\"@type\":\"SearchAction\",\"target\":{\"@type\":\"EntryPoint\",\"urlTemplate\":\"https:\/\/denizcankizil.tr\/de\/?s={search_term_string}\"},\"query-input\":{\"@type\":\"PropertyValueSpecification\",\"valueRequired\":true,\"valueName\":\"search_term_string\"}}],\"inLanguage\":\"en-GB\"},{\"@type\":\"Organization\",\"@id\":\"https:\/\/denizcankizil.tr\/de\/#organization\",\"name\":\"Av. Deniz Can K\u0131z\u0131l\",\"url\":\"https:\/\/denizcankizil.tr\/de\/\",\"logo\":{\"@type\":\"ImageObject\",\"inLanguage\":\"en-GB\",\"@id\":\"https:\/\/denizcankizil.tr\/de\/#\/schema\/logo\/image\/\",\"url\":\"https:\/\/denizcankizil.tr\/wp-content\/uploads\/2024\/10\/siyah-logo-svg.svg\",\"contentUrl\":\"https:\/\/denizcankizil.tr\/wp-content\/uploads\/2024\/10\/siyah-logo-svg.svg\",\"width\":1080,\"height\":1080,\"caption\":\"Av. Deniz Can K\u0131z\u0131l\"},\"image\":{\"@id\":\"https:\/\/denizcankizil.tr\/de\/#\/schema\/logo\/image\/\"}},{\"@type\":\"Person\",\"@id\":\"https:\/\/denizcankizil.tr\/de\/#\/schema\/person\/be3c05fe6a12686905512445d8185489\",\"name\":\"admin\",\"image\":{\"@type\":\"ImageObject\",\"inLanguage\":\"en-GB\",\"@id\":\"https:\/\/denizcankizil.tr\/de\/#\/schema\/person\/image\/\",\"url\":\"https:\/\/secure.gravatar.com\/avatar\/c1fce94c830dc79107e174f890d7210541c4a63e8e5d816341794a2151c9d58c?s=96&d=mm&r=g\",\"contentUrl\":\"https:\/\/secure.gravatar.com\/avatar\/c1fce94c830dc79107e174f890d7210541c4a63e8e5d816341794a2151c9d58c?s=96&d=mm&r=g\",\"caption\":\"admin\"},\"sameAs\":[\"http:\/\/denizcankizil.tr\"],\"url\":\"https:\/\/www.iskenderun.org\/hsk-yeni-uyeleriyle-ilk-toplantisini-yapti\"}]}<\/script>\n<!-- \/ Yoast SEO Premium plugin. -->","yoast_head_json":{"title":"HSK yeni \u00fcyeleriyle ilk toplant\u0131s\u0131n\u0131 yapt\u0131 - Av. Deniz Can K\u0131z\u0131l","robots":{"index":"index","follow":"follow","max-snippet":"max-snippet:-1","max-image-preview":"max-image-preview:large","max-video-preview":"max-video-preview:-1"},"canonical":"https:\/\/denizcankizil.tr\/en\/haberler\/gundem\/hsk-yeni-uyeleriyle-ilk-toplantisini-yapti\/","og_locale":"en_GB","og_type":"article","og_title":"HSK yeni \u00fcyeleriyle ilk toplant\u0131s\u0131n\u0131 yapt\u0131","og_description":"Adalet Bakan\u0131 Y\u0131lmaz Tun\u00e7, H\u00e2kimler ve Savc\u0131lar Kurulu\u2019nun (HSK) yeni se\u00e7ilen \u00fcyeleriyle ilk Genel Kurul toplant\u0131s\u0131n\u0131 ger\u00e7ekle\u015ftirdiklerini duyurdu ve \u201cT\u00fcrkiye Y\u00fczy\u0131l\u0131\u2019n\u0131 Adaletin Y\u00fczy\u0131l\u0131 yapma\u201d hedefiyle yarg\u0131 sistemini g\u00fc\u00e7lendirme kararl\u0131l\u0131\u011f\u0131n\u0131 vurgulad\u0131.ANKARA (\u0130GFA) &#8211; Adalet Bakan\u0131 Y\u0131lmaz Tun\u00e7, H\u00e2kimler ve Savc\u0131lar Kurulu\u2019nun (HSK) yeni se\u00e7ilen \u00fcyeleriyle ilk Genel Kurul toplant\u0131s\u0131n\u0131n yap\u0131ld\u0131\u011f\u0131n\u0131 a\u00e7\u0131klad\u0131. Bakan Tun\u00e7, toplant\u0131n\u0131n yarg\u0131 te\u015fkilat\u0131, \u00fclke ve millet i\u00e7in hay\u0131rl\u0131 sonu\u00e7lar do\u011furmas\u0131n\u0131 temenni ederek, yeni HSK \u00fcyelerinin g\u00f6rev s\u00fcreleri boyunca yarg\u0131 sisteminin etkinli\u011fini ve g\u00fcvenilirli\u011fini daha da art\u0131raca\u011f\u0131na olan inanc\u0131n\u0131 ifade etti. H\u00e2kimler ve Savc\u0131lar Kurulumuza yeni se\u00e7ilen \u00fcyelerimizle birlikte ilk Genel Kurul toplant\u0131m\u0131z\u0131 ger\u00e7ekle\u015ftirdik. Genel Kurulumuzun yarg\u0131 te\u015fkilat\u0131m\u0131z, \u00fclkemiz ve milletimiz i\u00e7in hay\u0131rlara vesile olmas\u0131n\u0131 temenni ediyorum. Hakimler ve Savc\u0131lar Kurulumuzun yeni \u00fcyelerinin g\u00f6rev\u2026 pic.twitter.com\/eTWaL4ApRC &mdash; Y\u0131lmaz TUN\u00c7 (@yilmaztunc) June 11, 2025 Sosyal medya hesab\u0131ndan payla\u015f\u0131mda bulunan Bakan Tun\u00e7, \u201cHukukun \u00fcst\u00fcnl\u00fc\u011f\u00fcn\u00fc esas alan, gecikmeyen ve \u00f6ng\u00f6r\u00fclebilir bir adalet sistemi vizyonuyla; Hukuk Devleti ilkesini tahkim etmeye, tarafs\u0131z ve ba\u011f\u0131ms\u0131z yarg\u0131m\u0131z\u0131 daha da g\u00fc\u00e7lendirmeye devam edece\u011fiz. #T\u00fcrkiyeY\u00fczy\u0131l\u0131\u2019n\u0131 #AdaletinY\u00fczy\u0131l\u0131 yapmak i\u00e7in \u00e7al\u0131\u015fmalar\u0131m\u0131z\u0131 azim ve gayretle s\u00fcrd\u00fcrece\u011fiz\u201d dedi. Bakan Tun\u00e7, g\u00f6rev s\u00fcreleri dolan HSK \u00fcyelerine de Hukuk Devleti yolunda verdikleri \u00f6zverili hizmetler i\u00e7in te\u015fekk\u00fcr ederek, yeni \u00fcyelere ba\u015far\u0131lar diledi. \u200bAdalet Bakan\u0131 Y\u0131lmaz Tun\u00e7, H\u00e2kimler ve Savc\u0131lar Kurulu\u2019nun (HSK) yeni se\u00e7ilen \u00fcyeleriyle ilk Genel &hellip;","og_url":"https:\/\/denizcankizil.tr\/en\/haberler\/gundem\/hsk-yeni-uyeleriyle-ilk-toplantisini-yapti\/","og_site_name":"Av. Deniz Can K\u0131z\u0131l","article_published_time":"2025-06-12T03:41:42+00:00","author":"admin","twitter_card":"summary_large_image","twitter_misc":{"Written by":"admin","Estimated reading time":"2 minutes"},"schema":{"@context":"https:\/\/schema.org","@graph":[{"@type":"Article","@id":"https:\/\/denizcankizil.tr\/en\/haberler\/gundem\/hsk-yeni-uyeleriyle-ilk-toplantisini-yapti\/#article","isPartOf":{"@id":"https:\/\/denizcankizil.tr\/en\/haberler\/gundem\/hsk-yeni-uyeleriyle-ilk-toplantisini-yapti\/"},"author":{"name":"admin","@id":"https:\/\/denizcankizil.tr\/de\/#\/schema\/person\/be3c05fe6a12686905512445d8185489"},"headline":"HSK yeni \u00fcyeleriyle ilk toplant\u0131s\u0131n\u0131 yapt\u0131","datePublished":"2025-06-12T03:41:42+00:00","mainEntityOfPage":{"@id":"https:\/\/denizcankizil.tr\/en\/haberler\/gundem\/hsk-yeni-uyeleriyle-ilk-toplantisini-yapti\/"},"wordCount":474,"publisher":{"@id":"https:\/\/denizcankizil.tr\/de\/#organization"},"articleSection":["G\u00fcndem"],"inLanguage":"en-GB"},{"@type":"WebPage","@id":"https:\/\/denizcankizil.tr\/en\/haberler\/gundem\/hsk-yeni-uyeleriyle-ilk-toplantisini-yapti\/","url":"https:\/\/denizcankizil.tr\/en\/haberler\/gundem\/hsk-yeni-uyeleriyle-ilk-toplantisini-yapti\/","name":"HSK yeni \u00fcyeleriyle ilk toplant\u0131s\u0131n\u0131 yapt\u0131 - Av. Deniz Can K\u0131z\u0131l","isPartOf":{"@id":"https:\/\/denizcankizil.tr\/de\/#website"},"datePublished":"2025-06-12T03:41:42+00:00","breadcrumb":{"@id":"https:\/\/denizcankizil.tr\/en\/haberler\/gundem\/hsk-yeni-uyeleriyle-ilk-toplantisini-yapti\/#breadcrumb"},"inLanguage":"en-GB","potentialAction":[{"@type":"ReadAction","target":["https:\/\/denizcankizil.tr\/en\/haberler\/gundem\/hsk-yeni-uyeleriyle-ilk-toplantisini-yapti\/"]}]},{"@type":"BreadcrumbList","@id":"https:\/\/denizcankizil.tr\/en\/haberler\/gundem\/hsk-yeni-uyeleriyle-ilk-toplantisini-yapti\/#breadcrumb","itemListElement":[{"@type":"ListItem","position":1,"name":"Home","item":"https:\/\/denizcankizil.tr\/de\/"},{"@type":"ListItem","position":2,"name":"HSK yeni \u00fcyeleriyle ilk toplant\u0131s\u0131n\u0131 yapt\u0131"}]},{"@type":"WebSite","@id":"https:\/\/denizcankizil.tr\/de\/#website","url":"https:\/\/denizcankizil.tr\/de\/","name":"Av. Deniz Can K\u0131z\u0131l","description":"Avukat Deniz Can K\u0131z\u0131l Antalya Barosu","publisher":{"@id":"https:\/\/denizcankizil.tr\/de\/#organization"},"potentialAction":[{"@type":"SearchAction","target":{"@type":"EntryPoint","urlTemplate":"https:\/\/denizcankizil.tr\/de\/?s={search_term_string}"},"query-input":{"@type":"PropertyValueSpecification","valueRequired":true,"valueName":"search_term_string"}}],"inLanguage":"en-GB"},{"@type":"Organization","@id":"https:\/\/denizcankizil.tr\/de\/#organization","name":"Av. Deniz Can K\u0131z\u0131l","url":"https:\/\/denizcankizil.tr\/de\/","logo":{"@type":"ImageObject","inLanguage":"en-GB","@id":"https:\/\/denizcankizil.tr\/de\/#\/schema\/logo\/image\/","url":"https:\/\/denizcankizil.tr\/wp-content\/uploads\/2024\/10\/siyah-logo-svg.svg","contentUrl":"https:\/\/denizcankizil.tr\/wp-content\/uploads\/2024\/10\/siyah-logo-svg.svg","width":1080,"height":1080,"caption":"Av. Deniz Can K\u0131z\u0131l"},"image":{"@id":"https:\/\/denizcankizil.tr\/de\/#\/schema\/logo\/image\/"}},{"@type":"Person","@id":"https:\/\/denizcankizil.tr\/de\/#\/schema\/person\/be3c05fe6a12686905512445d8185489","name":"admin","image":{"@type":"ImageObject","inLanguage":"en-GB","@id":"https:\/\/denizcankizil.tr\/de\/#\/schema\/person\/image\/","url":"https:\/\/secure.gravatar.com\/avatar\/c1fce94c830dc79107e174f890d7210541c4a63e8e5d816341794a2151c9d58c?s=96&d=mm&r=g","contentUrl":"https:\/\/secure.gravatar.com\/avatar\/c1fce94c830dc79107e174f890d7210541c4a63e8e5d816341794a2151c9d58c?s=96&d=mm&r=g","caption":"admin"},"sameAs":["http:\/\/denizcankizil.tr"],"url":"https:\/\/www.iskenderun.org\/hsk-yeni-uyeleriyle-ilk-toplantisini-yapti"}]}},"_links":{"self":[{"href":"https:\/\/denizcankizil.tr\/en\/wp-json\/wp\/v2\/posts\/114202","targetHints":{"allow":["GET"]}}],"collection":[{"href":"https:\/\/denizcankizil.tr\/en\/wp-json\/wp\/v2\/posts"}],"about":[{"href":"https:\/\/denizcankizil.tr\/en\/wp-json\/wp\/v2\/types\/post"}],"author":[{"embeddable":true,"href":"https:\/\/denizcankizil.tr\/en\/wp-json\/wp\/v2\/users\/1"}],"replies":[{"embeddable":true,"href":"https:\/\/denizcankizil.tr\/en\/wp-json\/wp\/v2\/comments?post=114202"}],"version-history":[{"count":0,"href":"https:\/\/denizcankizil.tr\/en\/wp-json\/wp\/v2\/posts\/114202\/revisions"}],"wp:attachment":[{"href":"https:\/\/denizcankizil.tr\/en\/wp-json\/wp\/v2\/media?parent=114202"}],"wp:term":[{"taxonomy":"category","embeddable":true,"href":"https:\/\/denizcankizil.tr\/en\/wp-json\/wp\/v2\/categories?post=114202"},{"taxonomy":"post_tag","embeddable":true,"href":"https:\/\/denizcankizil.tr\/en\/wp-json\/wp\/v2\/tags?post=114202"}],"curies":[{"name":"wp","href":"https:\/\/api.w.org\/{rel}","templated":true}]}}