{"id":113958,"date":"2025-06-10T11:06:00","date_gmt":"2025-06-10T08:06:00","guid":{"rendered":"https:\/\/denizcankizil.tr\/uncategorized-tr\/infaz-kanunu-ve-acik-ceza-infaz-kurumuna-ayrilma-yonetmeligi-ile-ilgili-degisiklikler-isiginda-genel-infaz-yatar-derlemesi\/"},"modified":"2025-06-10T11:06:00","modified_gmt":"2025-06-10T08:06:00","slug":"infaz-kanunu-ve-acik-ceza-infaz-kurumuna-ayrilma-yonetmeligi-ile-ilgili-degisiklikler-isiginda-genel-infaz-yatar-derlemesi","status":"publish","type":"post","link":"https:\/\/denizcankizil.tr\/en\/hukukihaber\/infaz-kanunu-ve-acik-ceza-infaz-kurumuna-ayrilma-yonetmeligi-ile-ilgili-degisiklikler-isiginda-genel-infaz-yatar-derlemesi\/","title":{"rendered":"\u0130NFAZ KANUNU VE A\u00c7IK CEZA \u0130NFAZ KURUMUNA AYRILMA Y\u00d6NETMEL\u0130\u011e\u0130 \u0130LE \u0130LG\u0130L\u0130 DE\u011e\u0130\u015e\u0130KL\u0130KLER I\u015eI\u011eINDA GENEL \u0130NFAZ-YATAR DERLEMES\u0130"},"content":{"rendered":"<p>RESM\u0130 GAZETE\u2019DE YAYINLANAN \u0130NFAZ KANUNU VE A\u00c7IK CEZA \u0130NFAZ KURUMUNA AYRILMA Y\u00d6NETMEL\u0130\u011e\u0130 \u0130LE \u0130LG\u0130L\u0130 DE\u011e\u0130\u015e\u0130KL\u0130KLER I\u015eI\u011eINDA GENEL \u0130NFAZ-YATAR DERLEMES\u0130<\/p>\n<p>1- 4 Haziran 2025 Tarihinden itibaren i\u015flenen su\u00e7larda art\u0131k; a\u00e7\u0131k ceza infaz kurumundan do\u011frudan denetimli serbestlik tedbirinden faydalanma (girdi-\u00e7\u0131kt\u0131) ortadan kalkm\u0131\u015ft\u0131r.<\/p>\n<p>\u0130\u015flenen su\u00e7un ko\u015fullu sal\u0131verilme oran\u0131 1\/2 ise; toplam cezan\u0131n 20\/1 i ceza infaz kurumunda ge\u00e7irilecektir.<\/p>\n<p>Ko\u015fullu sal\u0131verilme oran\u0131 daha fazla olan su\u00e7larda ise; ko\u015fullu sal\u0131verilme tarihine kadar olan cezan\u0131n 10\/1 i ceza infaz kurumunda tamamland\u0131ktan sonra denetimli serbestlik tedbirinden faydalan\u0131lacakt\u0131r.<\/p>\n<p>Her ko\u015fulda ceza infaz kurumunda ge\u00e7irilecek s\u00fcre 5 g\u00fcnden az olamaz.<\/p>\n<p>(Resmi Gazete 04\/06\/2025 Tarihli De\u011fi\u015fiklikler)<\/p>\n<p>2- \u0130kinci defa m\u00fckerrir olanlara ise; ko\u015fullu sal\u0131verilme hakk\u0131 tan\u0131nm\u0131\u015ft\u0131r.<\/p>\n<p>Cezalar\u0131n\u0131n 4\/3 \u00fc iyi halli olarak infaz edildi\u011fi takdirde ko\u015fullu sal\u0131verilmeden faydalanabileceklerdir.<\/p>\n<p>Ko\u015fullu sal\u0131verilme imkan\u0131yla birlikte; ikinci defa m\u00fckerrirlere denetimli serbestlik, a\u00e7\u0131k ceza infaz kurumuna ayr\u0131lma ve \u00f6zel infaz usullerinden faydalanma hakk\u0131 da tan\u0131nm\u0131\u015ft\u0131r.<\/p>\n<p>Zira; ko\u015fullu sal\u0131verilme engeli ortadan kalkm\u0131\u015ft\u0131r.<\/p>\n<p>3- Resmi Gazete\u2019nin ayn\u0131 g\u00fcn m\u00fckerrer say\u0131s\u0131yla birlikte; A\u00e7\u0131k Ceza \u0130nfaz Kurumuna Ayr\u0131lma Y\u00f6netmeli\u011finde de yeni kanuna entegre de\u011fi\u015fiklikler yap\u0131lm\u0131\u015ft\u0131r.<\/p>\n<p>Buna g\u00f6re; ikinci defa m\u00fckerrir h\u00fck\u00fcml\u00fclerin a\u00e7\u0131k ceza infaz kurumlar\u0131na do\u011frudan ayr\u0131lmas\u0131n\u0131n imkan\u0131 bulunmamaktad\u0131r.<\/p>\n<p>\u00d6nce kapal\u0131 infaz kurumuna al\u0131nacak \u00e7ift m\u00fckerrirlere, daha sonra a\u00e7\u0131k ceza infaz kurumuna ayr\u0131lma haklar\u0131 tan\u0131nm\u0131\u015ft\u0131r.<\/p>\n<p>Cezalar\u0131 10 y\u0131ldan az olan (ikinci kez m\u00fckerrirler dahil), istisnai su\u00e7lular ve iyi halli olmayanlar ile disiplin cezalar\u0131 olanlar hari\u00e7 t\u00fcm h\u00fck\u00fcml\u00fcler 1 ay\u0131n\u0131, daha fazla olanlar ise cezalar\u0131n\u0131n 10\/1 ini kapal\u0131 infaz kurumunda ge\u00e7irdikten sonra a\u00e7\u0131k ceza infaz kurumuna ayr\u0131labileceklerdir.<\/p>\n<p>3 y\u0131ldan az cezas\u0131 olan h\u00fck\u00fcml\u00fcler normalde do\u011frudan a\u00e7\u0131k ceza infaz kurumuna ayr\u0131l\u0131rken, ikinci defa m\u00fckerrirler 1 ay\u0131n\u0131 kapal\u0131 infaz kurumunda ge\u00e7irmeden a\u00e7\u0131k ceza infaz kurumuna \u015fimdilik ayr\u0131lamayacakt\u0131r.<\/p>\n<p>(K\u0131sa s\u00fcreli ikinci kez m\u00fckerrirlere -3 y\u0131ldan az- y\u00f6nelik bu uygulama \u00e7ok ele\u015ftiri ald\u0131.<\/p>\n<p>Her m\u00fckerririn kapal\u0131da 1 ay yatmas\u0131na y\u00f6nelik d\u00fczenleme, \u015fimdilik y\u00f6netmeli\u011fin lafz\u0131ndan anla\u015f\u0131l\u0131yor ancak; her an k\u0131sa s\u00fcreli ikinci kez m\u00fckerrirlere y\u00f6nelik bir de\u011fi\u015fikli\u011fe gidilebilir.)<\/p>\n<p>&#8211; Yine A\u00e7\u0131k Ceza \u0130nfaz Kurumu Y\u00f6netmeli\u011finde yeni yap\u0131lan de\u011fi\u015fikliklerle; cezas\u0131 adli para cezas\u0131ndan hapis cezas\u0131na \u00e7evrilenlerle, \u0130cra \u0130flas Kanunu\u2019ndan kaynaklanan tazyik hapsi cezas\u0131 alanlar da art\u0131k do\u011frudan a\u00e7\u0131k ceza infaz kurumuna g\u00f6nderilecektir.<\/p>\n<p>Uyu\u015fturucu ticareti, \u00f6rg\u00fctl\u00fc su\u00e7lar vs. ayn\u0131 zamanda a\u00e7\u0131k ceza infaz kurumuna ayr\u0131lmak i\u00e7in; ko\u015fullu sal\u0131verilme tarihine 5 y\u0131l kalmas\u0131 \u015fart\u0131 aranmaktad\u0131r.<\/p>\n<p>E\u015fe kar\u015f\u0131 i\u015flenen, cinsel su\u00e7lar vs. su\u00e7larda ise; a\u00e7\u0131k ceza infaz kurumuna ayr\u0131labilmek i\u00e7in ayn\u0131 zamanda ko\u015fullu sal\u0131verilme tarihine 3 y\u0131l kalmas\u0131 \u015fart\u0131 aranmaktad\u0131r.<\/p>\n<p>&#8211; Birden fazla cezan\u0131n toplanmas\u0131nda a\u00e7\u0131\u011fa ayr\u0131lman\u0131n esas al\u0131naca\u011f\u0131 su\u00e7; ko\u015fullu sal\u0131verilme tarihine en az s\u00fcrenin arand\u0131\u011f\u0131 (en aleyhe) su\u00e7tur.<\/p>\n<p>4- Yeni yap\u0131lan de\u011fi\u015fikliklere g\u00f6re art\u0131k m\u00fckerrir cezalar ile normal cezalar birlikte i\u00e7tima edilecektir.<\/p>\n<p>Dolay\u0131s\u0131yla bayramdan sonra \u0130nfaz Hakimliklerine ikinci kez m\u00fckerrirlerin t\u00fcm dosyalar\u0131 g\u00f6nderilebilir ve hak kayb\u0131 ya\u015fanmamas\u0131 ad\u0131na takip edilmesini tavsiye ederim.<\/p>\n<p>\u0130\u00e7tima esnas\u0131nda; denetimli serbestlik s\u00fcresine en az s\u00fcrenin arand\u0131\u011f\u0131, aleyhe cezan\u0131n oran\u0131 esas al\u0131nmaktad\u0131r.<\/p>\n<p>5- \u0130kinci kez m\u00fckerrirlerin denetimli serbestlikleri ise; normal m\u00fckerrirlere uygulanan, m\u00fckerrirlere \u00f6zg\u00fc infaz h\u00fck\u00fcmleri kapsam\u0131nda uygulanmaya ba\u015flanacakt\u0131r.<\/p>\n<p>A\u00e7\u0131k ceza infaz kurumuna ayr\u0131lan ikinci kez m\u00fckerrirler, \u015fartlar\u0131 kar\u015f\u0131l\u0131yorlarsa; denetimli serbestlik tedbirinden faydalanabileceklerdir.<\/p>\n<p>(\u0130nfaz Kanunu Madde 108\u2019e bak\u0131lmal\u0131d\u0131r.)<\/p>\n<p>6- Denetimli serbestlik tedbirini ihlal eden h\u00fck\u00fcml\u00fcler, yeni yap\u0131lan de\u011fi\u015fiklikle; kalan cezas\u0131n\u0131 kapal\u0131 infaz kurumu yerine a\u00e7\u0131k infaz kurumunda \u00e7ekmeye devam edecektir.<\/p>\n<p>7- \u00d6zel infaz usullerinde yap\u0131lan de\u011fi\u015fiklikle de; kasten i\u015flenen su\u00e7larda 3 y\u0131l, taksirle i\u015flenen su\u00e7larda 5 y\u0131l ve alt\u0131 hapis cezalar\u0131 \u201chafta sonu veya gece infaz kurumunda \u00e7ekme\u201d suretinde \u0130nfaz Hakimli\u011fi karar\u0131yla uygulanabilecektir.<\/p>\n<p>Bu usullerden ikinci kez m\u00fckerrirler de faydalanabileceklerdir.<\/p>\n<p>Denetimli serbestlik tedbirini ihlal edenler; \u00f6zel infaz usullerinden faydalanamayacakt\u0131r.<\/p>\n<p>A\u011f\u0131r hastal\u0131k halleri ve ya\u015fl\u0131lar i\u00e7in de konutta infaz uygulamas\u0131n\u0131n kapsam\u0131 biraz daha geni\u015fletilmi\u015ftir.<\/p>\n<p>(\u0130nfaz Kanunu Madde 110\u2019a bak\u0131lmal\u0131d\u0131r.)<\/p>\n<p>8- \u0130nfaz\u0131n ertelenmesi talebiyle ilgili bir de\u011fi\u015fiklik bulunmamakta.<\/p>\n<p>M\u00fckerrirlere \u00f6zg\u00fc h\u00fck\u00fcml\u00fcler infaz erteleme talebinde bulunamazlar.<\/p>\n<p>\u0130nfaz erteleme talepleri Savc\u0131l\u0131k \u0130lamat \u0130nfaz B\u00fcro\u2019ya yap\u0131l\u0131r.<\/p>\n<p>Yakalama karar\u0131 \u00e7\u0131kmadan h\u00fck\u00fcml\u00fcn\u00fcn kendisinin teslim olma \u015fart\u0131 aran\u0131r.<\/p>\n<p>Engelli \u00e7ocu\u011fu olanlar ayr\u0131c\u0131lal\u0131kl\u0131 olarak 10 y\u0131l ve alt\u0131 cezalarda ba\u015fvurabilirler.<\/p>\n<p>Normal durumlarda kasten i\u015flenen su\u00e7larda 3 y\u0131l, taksirle i\u015flenen su\u00e7larda 5 y\u0131l ve alt\u0131 cezalar her defas\u0131nda bir y\u0131l\u0131 ge\u00e7memek \u00fczere 2 sefer ertelenebilir.<\/p>\n<p>(\u0130nfaz Kanunu Madde 17\u2019ye bak\u0131lmal\u0131d\u0131r.)<\/p>\n<p>9- Ko\u015fullu sal\u0131verilme oran\u0131 kural olarak 1\/2 dir.<\/p>\n<p>Kasten \u00f6ld\u00fcrme, basit cinsel su\u00e7, ilk m\u00fckerrir vs, istisnai su\u00e7larda 2\/3 uygulan\u0131r.<\/p>\n<p>Uyu\u015fturucu, \u00f6rg\u00fctl\u00fc, ter\u00f6r ve nitelikli cinsel su\u00e7lar vs. 3\/4 oran\u0131nda uygulan\u0131r.<\/p>\n<p>\u0130kinci kez m\u00fckerrirlerin de oran\u0131 3\/4 t\u00fcr.<\/p>\n<p>Denetimli serbestlik tedbirinden de, ko\u015fullu sal\u0131verilme tarihine 1 y\u0131l kala faydalan\u0131labilir.<\/p>\n<p>Denetimli serbestlik dosyas\u0131 ayn\u0131 anda iki kere a\u00e7\u0131lamaz, ayn\u0131 d\u00f6nemde bir kere faydalan\u0131labilir.<\/p>\n<p>(\u0130nfaz Kanunu Md. 105, 105-A, 107\u2019ye bak\u0131lmal\u0131d\u0131r.)<\/p>\n<p>10- Cezalar\u0131n toplanmas\u0131nda, her cezan\u0131n ko\u015fullu sal\u0131verilme tarihi ayr\u0131 ayr\u0131 hesaplan\u0131r ve birbirleriyle toplan\u0131r. (Oranlar farkl\u0131 olsa dahi, ko\u015fullu ve denetim de her su\u00e7 i\u00e7in ayr\u0131 ayr\u0131 hesaplanarak toplan\u0131r ve toplam s\u00fcre \u00fczerinden hesaplan\u0131r.)<\/p>\n<p>&#8211; \u00d6rn: 4 y\u0131l h\u0131rs\u0131zl\u0131k ve 6 y\u0131l uyu\u015fturucu ticareti su\u00e7undan kesinle\u015fmi\u015f cezas\u0131 olan h\u00fck\u00fcml\u00fcn\u00fcn cezalar\u0131n\u0131 toplarsak :<\/p>\n<p>4 y\u0131l h\u0131rs\u0131zl\u0131k su\u00e7unun ko\u015fullu oran\u0131 yani yatar\u0131 1\/2 = 2 y\u0131ld\u0131r.<\/p>\n<p>6 y\u0131l uyu\u015fturucu ticaretinin ko\u015fullu sal\u0131verilme oran\u0131 3\/4 = 4 y\u0131l 6 ayd\u0131r.<\/p>\n<p>4 y\u0131l 6 ay + 2 y\u0131l = H\u00fck\u00fcml\u00fcn\u00fcn 6 y\u0131l 6 ay toplam ko\u015fullu sal\u0131verilme s\u00fcresi bulunmaktad\u0131r.<\/p>\n<p>H\u00fck\u00fcml\u00fc, iyi halliyse; ko\u015fullu sal\u0131verilme tarihine 1 y\u0131l kala denetimden faydalanabilir.<\/p>\n<p>Bu durumda 5 y\u0131l 6 ay ceza infaz kurumunda bulunduktan sonra, denetimli serbestlik ile ko\u015fullu sal\u0131verilme tarihine 1 y\u0131l kala tahliye olabilir.<\/p>\n<p>Peki, bu h\u00fck\u00fcml\u00fcn\u00fcn a\u00e7\u0131k ceza infaz kurumuna ayr\u0131lma hususunu irdeleyecek olursak:<\/p>\n<p>Uyu\u015fturucu ticareti su\u00e7undan da cezas\u0131 bulundu\u011fu i\u00e7in, 10 y\u0131l\u0131n alt\u0131 toplam ceza olsa da; ko\u015fullu sal\u0131verilme tarihine 5 y\u0131l ve daha az s\u00fcre kalmadan a\u00e7\u0131k ceza infaz kurumuna ayr\u0131lamaz. Hal b\u00f6yle iken, i\u015fbu \u00f6rnekte; en az 6 ay kapal\u0131 ceza infaz kurumunda kalmas\u0131 gerekmektedir.<\/p>\n<p>&#8211; \u00d6rn: 1 y\u0131l 8 ay doland\u0131r\u0131cl\u0131k su\u00e7undan mahkum olan bir h\u00fck\u00fcml\u00fc, ne zaman denetimli serbestlikten faydalan\u0131r ve kapal\u0131 infaz kurumunda yatar\u0131 var m\u0131d\u0131r?<\/p>\n<p>-Yoktur. Zira 3 y\u0131l ve alt\u0131 cezalar do\u011frudan a\u00e7\u0131k ceza infaz kurumunda infaz olunur.<\/p>\n<p>Ancak girdi \u00e7\u0131kt\u0131 art\u0131k m\u00fcmk\u00fcn olmad\u0131\u011f\u0131 i\u00e7in, h\u00fck\u00fcml\u00fc bu 1 y\u0131l 8 ayl\u0131k toplam cezas\u0131n\u0131n; 20\/1 ine kadar\u0131n\u0131 (1 ay) a\u00e7\u0131k ceza infaz kurumunda \u00e7ekecektir.<\/p>\n<p>Zira; doland\u0131r\u0131c\u0131l\u0131k su\u00e7unda ko\u015fullu sal\u0131verilme oran\u0131 1\/2 dir.<\/p>\n<p>Velhas\u0131l; h\u00fck\u00fcml\u00fcn\u00fcn ko\u015fullu sal\u0131verilmesi, yani yatar\u0131 10 ayd\u0131r.<\/p>\n<p>Bu s\u00fcrenin, yakla\u015f\u0131k 1 ay kadar olan tutar\u0131n\u0131; a\u00e7\u0131k ceza infaz kurumunda infaz etmeden, h\u00fck\u00fcml\u00fc denetimli serbestlikten yararlanamaz.<\/p>\n<p>&#8211; \u00d6rn: 8 ay ikinci kez m\u00fckerrir olarak alkoll\u00fc ara\u00e7 kullanma su\u00e7undan ve 2 y\u0131l 8 ay normal infaz usul\u00fcne tabii kesinle\u015fmi\u015f tefecilik cezas\u0131 bulunan h\u00fck\u00fcml\u00fcn\u00fcn infaz durumuna gelirsek :<\/p>\n<p>8 ay \u00e7ift m\u00fckerrir oldu\u011fu i\u00e7in ko\u015fullu sal\u0131verilme oran\u0131 3\/4 : 6 ayd\u0131r.<\/p>\n<p>2 y\u0131l 8 ay tefecilik su\u00e7unun ko\u015fullu sal\u0131verilme- yatar\u0131 1\/2 : 1 y\u0131l 4 ayd\u0131r.<\/p>\n<p>Toplam 6 Ay + 1 Y\u0131l 4 Ay = 1 y\u0131l 10 Ay ko\u015fullu sal\u0131verilme s\u00fcresi, yani amiyane tabirle yatar\u0131 bulunmaktad\u0131r.<\/p>\n<p>H\u00fck\u00fcml\u00fc 10 Ay\u0131n\u0131 cezaevinde ge\u00e7irdikten sonra, denetimli serbestlik tedbirinden faydalanabilir.<\/p>\n<p>Ancak, ikinci defa m\u00fckerrir bir cezas\u0131 bulundu\u011fu i\u00e7in; toplamda 3 y\u0131ldan az cezas\u0131 bulunmas\u0131na ra\u011fmen do\u011frudan a\u00e7\u0131k ceza infaz kurumuna al\u0131namayacak olup, 1 ay kapal\u0131 ceza infaz kurumunda cezas\u0131n\u0131 \u00e7ektikten sonra, \u015fartlar\u0131n\u0131 sa\u011flad\u0131\u011f\u0131 takdirde a\u00e7\u0131k ceza infaz kurumuna al\u0131nabilecektir.<\/p>\n<p>&#8211; Not : Yukar\u0131da bahsedilen lehe h\u00fck\u00fcmler; istisnai su\u00e7lar ve ko\u015fullu sal\u0131verilmesi geri al\u0131nanlar hakk\u0131nda uygulanamayacakt\u0131r.<\/p>\n<p>A\u00e7\u0131k ceza infa kurumuna ayr\u0131lma y\u00f6netmeli\u011finde de baz\u0131 istisnai su\u00e7lar a\u00e7\u0131s\u0131ndan y\u00fcksek oran veya a\u00e7\u0131\u011fa hi\u00e7 ayr\u0131lmama gibi uygulamalar bulunmaktad\u0131r.<\/p>\n<p>Ayn\u0131 zamanda ko\u015fullu sal\u0131verilmesi geri al\u0131nanlar ve \u0130\u0130K kapsam\u0131 d\u0131\u015f\u0131ndaki tazyik hapis cezalar\u0131na mahkum olanlar\u0131n, cezalar\u0131n\u0131n tamam\u0131n\u0131 kapal\u0131 infaz kurumunda \u00e7ekmeleri gerekir.<\/p>\n<p>A\u00e7\u0131k ceza infaz kurumundan birden fazla kez firar edenler de bir daha a\u00e7\u0131k ceza infaz kurumlar\u0131na ayr\u0131lamazlar.<\/p>\n<p>&#8211; Not : 2020\u2019den \u00f6nce i\u015flenen su\u00e7lar ve Temmuz 2023 Tarihinde ceza infaz kurumunda bulunan (covid izninden faydalanamayanlar) hakk\u0131nda denetimli serbestlik tedbirleri daha lehe uygulanacakt\u0131r.<\/p>\n<p>Denetimli serbestlik ve a\u00e7\u0131\u011fa ayr\u0131lma \u0130nfaz Hakimli\u011fi Karar\u0131 ve kurul raporuyla birlikte verilir.<\/p>\n<p>Ayn\u0131 zamanda h\u00fck\u00fcml\u00fclerde bu i\u015flemlerden \u00f6nce iyi hal aran\u0131r.<\/p>\n<p>Firar su\u00e7lar\u0131ndan cezas\u0131 ve disiplin cezas\u0131 bulunan h\u00fck\u00fcml\u00fcye genellikle onay verilmedi\u011fi durumlara \u015fahit oluyoruz.<\/p>\n<p>Kurul, her hafta ceza infaz kurumu taraf\u0131ndan belirlenen g\u00fcnde toplan\u0131r.<\/p>\n<p>De\u011ferli meslekta\u015flar\u0131m, yukar\u0131daki yaz\u0131m; 04.06.2025 Tarihli Resmi Gazete, TCK, CMK, \u0130nfaz Kanunu ve A\u00e7\u0131k Ceza \u0130nfaz Kurumlar\u0131na Ayr\u0131lma Y\u00f6netmeli\u011fi mevzuat\u0131 irdelenerek haz\u0131rlanm\u0131\u015f olup, eri\u015febildi\u011fim \u0130nfaz Hakimli\u011fi kararlar\u0131, m\u00fcddetnameler ve de\u011ferlendirmelerden de faydalanarak, do\u011frudan at\u0131f ya da intihal bulunmadan, hi\u00e7bir meslekta\u015f\u0131m\u0131n makalesinden al\u0131nt\u0131 yapmadan, \u00f6zg\u00fcn bir \u015fekilde haz\u0131rlanm\u0131\u015ft\u0131r.<\/p>\n<p>Ki\u015fisel g\u00f6r\u00fc\u015flerime yer vermemeye ve m\u00fcmk\u00fcn mertebe doktrinsel bazl\u0131 aktar\u0131mlarda bulunmaya \u00e7al\u0131\u015ft\u0131m.<\/p>\n<p>Na\u00e7izane \u015fahs\u0131m olarak, infaz hukukunun karanl\u0131k dehlizlerinde kaybolurken; olduk\u00e7a karma\u015f\u0131k olan bu konuda, yeteri kadar vak\u0131f olmayan meslekta\u015flar\u0131m varsa, bir nebze yard\u0131mc\u0131 olmak ve bir yaz\u0131 alt\u0131nda bir\u00e7ok ba\u015fl\u0131\u011f\u0131 toplamak haricinde bir amac\u0131m bulunmamaktad\u0131r.<\/p>\n<p>An\u0131l\u0131 mevzuata hakim olunmadan, i\u015fbu yaz\u0131n\u0131n tek ba\u015f\u0131na referans al\u0131narak bilgilendirme yap\u0131lmamas\u0131n\u0131 tavsiye ederim.<\/p>\n<p>Birtak\u0131m eksiklikler ve yanl\u0131\u015fl\u0131klar yaz\u0131da bulunabilir, bilgilendirme ve derleme ama\u00e7l\u0131 olsa da; bu durum ya\u015fan\u0131rsa \u015fimdiden aff\u0131n\u0131za s\u0131\u011f\u0131nmaktay\u0131m.<\/p>\n<p>\u200bRESM\u0130 GAZETE\u2019DE YAYINLANAN \u0130NFAZ KANUNU VE A\u00c7IK CEZA \u0130NFAZ KURUMUNA AYRILMA Y\u00d6NETMEL\u0130\u011e\u0130 \u0130LE \u0130LG\u0130L\u0130 DE\u011e\u0130\u015e\u0130KL\u0130KLER I\u015eI\u011eINDA GENEL \u0130NFAZ-YATAR DERLEMES\u0130<\/p>\n<p>1- 4 Haziran 2025 Tarihinden itibaren i\u015flenen su\u00e7larda art\u0131k; a\u00e7\u0131k ceza infaz kurumundan do\u011frudan denetimli serbestlik tedbirinden faydalanma (girdi-\u00e7\u0131kt\u0131) ortadan kalkm\u0131\u015ft\u0131r.<\/p>\n<p>\u0130\u015flenen su\u00e7un ko\u015fullu sal\u0131verilme oran\u0131 1\/2 ise; toplam cezan\u0131n 20\/1 i ceza infaz kurumunda ge\u00e7irilecektir.<\/p>\n<p>Ko\u015fullu sal\u0131verilme oran\u0131 daha fazla olan su\u00e7larda ise; ko\u015fullu sal\u0131verilme tarihine kadar olan cezan\u0131n 10\/1 i ceza infaz kurumunda tamamland\u0131ktan sonra denetimli serbestlik tedbirinden faydalan\u0131lacakt\u0131r.<\/p>\n<p>Her ko\u015fulda ceza infaz kurumunda ge\u00e7irilecek s\u00fcre 5 g\u00fcnden az olamaz.<\/p>\n<p>(Resmi Gazete 04\/06\/2025 Tarihli De\u011fi\u015fiklikler)<\/p>\n<p>2- \u0130kinci defa m\u00fckerrir olanlara ise; ko\u015fullu sal\u0131verilme hakk\u0131 tan\u0131nm\u0131\u015ft\u0131r.<\/p>\n<p>Cezalar\u0131n\u0131n 4\/3 \u00fc iyi halli olarak infaz edildi\u011fi takdirde ko\u015fullu sal\u0131verilmeden faydalanabileceklerdir.<\/p>\n<p>Ko\u015fullu sal\u0131verilme imkan\u0131yla birlikte; ikinci defa m\u00fckerrirlere denetimli serbestlik, a\u00e7\u0131k ceza infaz kurumuna ayr\u0131lma ve \u00f6zel infaz usullerinden faydalanma hakk\u0131 da tan\u0131nm\u0131\u015ft\u0131r.<\/p>\n<p>Zira; ko\u015fullu sal\u0131verilme engeli ortadan kalkm\u0131\u015ft\u0131r.<\/p>\n<p>3- Resmi Gazete\u2019nin ayn\u0131 g\u00fcn m\u00fckerrer say\u0131s\u0131yla birlikte; A\u00e7\u0131k Ceza \u0130nfaz Kurumuna Ayr\u0131lma Y\u00f6netmeli\u011finde de yeni kanuna entegre de\u011fi\u015fiklikler yap\u0131lm\u0131\u015ft\u0131r.<\/p>\n<p>Buna g\u00f6re; ikinci defa m\u00fckerrir h\u00fck\u00fcml\u00fclerin a\u00e7\u0131k ceza infaz kurumlar\u0131na do\u011frudan ayr\u0131lmas\u0131n\u0131n imkan\u0131 bulunmamaktad\u0131r.<\/p>\n<p>\u00d6nce kapal\u0131 infaz kurumuna al\u0131nacak \u00e7ift m\u00fckerrirlere, daha sonra a\u00e7\u0131k ceza infaz kurumuna ayr\u0131lma haklar\u0131 tan\u0131nm\u0131\u015ft\u0131r.<\/p>\n<p>Cezalar\u0131 10 y\u0131ldan az olan (ikinci kez m\u00fckerrirler dahil), istisnai su\u00e7lular ve iyi halli olmayanlar ile disiplin cezalar\u0131 olanlar hari\u00e7 t\u00fcm h\u00fck\u00fcml\u00fcler 1 ay\u0131n\u0131, daha fazla olanlar ise cezalar\u0131n\u0131n 10\/1 ini kapal\u0131 infaz kurumunda ge\u00e7irdikten sonra a\u00e7\u0131k ceza infaz kurumuna ayr\u0131labileceklerdir.<\/p>\n<p>3 y\u0131ldan az cezas\u0131 olan h\u00fck\u00fcml\u00fcler normalde do\u011frudan a\u00e7\u0131k ceza infaz kurumuna ayr\u0131l\u0131rken, ikinci defa m\u00fckerrirler 1 ay\u0131n\u0131 kapal\u0131 infaz kurumunda ge\u00e7irmeden a\u00e7\u0131k ceza infaz kurumuna \u015fimdilik ayr\u0131lamayacakt\u0131r.<\/p>\n<p>(K\u0131sa s\u00fcreli ikinci kez m\u00fckerrirlere -3 y\u0131ldan az- y\u00f6nelik bu uygulama \u00e7ok ele\u015ftiri ald\u0131.<\/p>\n<p>Her m\u00fckerririn kapal\u0131da 1 ay yatmas\u0131na y\u00f6nelik d\u00fczenleme, \u015fimdilik y\u00f6netmeli\u011fin lafz\u0131ndan anla\u015f\u0131l\u0131yor ancak; her an k\u0131sa s\u00fcreli ikinci kez m\u00fckerrirlere y\u00f6nelik bir de\u011fi\u015fikli\u011fe gidilebilir.)<\/p>\n<p>&#8211; Yine A\u00e7\u0131k Ceza \u0130nfaz Kurumu Y\u00f6netmeli\u011finde yeni yap\u0131lan de\u011fi\u015fikliklerle; cezas\u0131 adli para cezas\u0131ndan hapis cezas\u0131na \u00e7evrilenlerle, \u0130cra \u0130flas Kanunu\u2019ndan kaynaklanan tazyik hapsi cezas\u0131 alanlar da art\u0131k do\u011frudan a\u00e7\u0131k ceza infaz kurumuna g\u00f6nderilecektir.<\/p>\n<p>Uyu\u015fturucu ticareti, \u00f6rg\u00fctl\u00fc su\u00e7lar vs. ayn\u0131 zamanda a\u00e7\u0131k ceza infaz kurumuna ayr\u0131lmak i\u00e7in; ko\u015fullu sal\u0131verilme tarihine 5 y\u0131l kalmas\u0131 \u015fart\u0131 aranmaktad\u0131r.<\/p>\n<p>E\u015fe kar\u015f\u0131 i\u015flenen, cinsel su\u00e7lar vs. su\u00e7larda ise; a\u00e7\u0131k ceza infaz kurumuna ayr\u0131labilmek i\u00e7in ayn\u0131 zamanda ko\u015fullu sal\u0131verilme tarihine 3 y\u0131l kalmas\u0131 \u015fart\u0131 aranmaktad\u0131r.<\/p>\n<p>&#8211; Birden fazla cezan\u0131n toplanmas\u0131nda a\u00e7\u0131\u011fa ayr\u0131lman\u0131n esas al\u0131naca\u011f\u0131 su\u00e7; ko\u015fullu sal\u0131verilme tarihine en az s\u00fcrenin arand\u0131\u011f\u0131 (en aleyhe) su\u00e7tur.<\/p>\n<p>4- Yeni yap\u0131lan de\u011fi\u015fikliklere g\u00f6re art\u0131k m\u00fckerrir cezalar ile normal cezalar birlikte i\u00e7tima edilecektir.<\/p>\n<p>Dolay\u0131s\u0131yla bayramdan sonra \u0130nfaz Hakimliklerine ikinci kez m\u00fckerrirlerin t\u00fcm dosyalar\u0131 g\u00f6nderilebilir ve hak kayb\u0131 ya\u015fanmamas\u0131 ad\u0131na takip edilmesini tavsiye ederim.<\/p>\n<p>\u0130\u00e7tima esnas\u0131nda; denetimli serbestlik s\u00fcresine en az s\u00fcrenin arand\u0131\u011f\u0131, aleyhe cezan\u0131n oran\u0131 esas al\u0131nmaktad\u0131r.<\/p>\n<p>5- \u0130kinci kez m\u00fckerrirlerin denetimli serbestlikleri ise; normal m\u00fckerrirlere uygulanan, m\u00fckerrirlere \u00f6zg\u00fc infaz h\u00fck\u00fcmleri kapsam\u0131nda uygulanmaya ba\u015flanacakt\u0131r.<\/p>\n<p>A\u00e7\u0131k ceza infaz kurumuna ayr\u0131lan ikinci kez m\u00fckerrirler, \u015fartlar\u0131 kar\u015f\u0131l\u0131yorlarsa; denetimli serbestlik tedbirinden faydalanabileceklerdir.<\/p>\n<p>(\u0130nfaz Kanunu Madde 108\u2019e bak\u0131lmal\u0131d\u0131r.)<\/p>\n<p>6- Denetimli serbestlik tedbirini ihlal eden h\u00fck\u00fcml\u00fcler, yeni yap\u0131lan de\u011fi\u015fiklikle; kalan cezas\u0131n\u0131 kapal\u0131 infaz kurumu yerine a\u00e7\u0131k infaz kurumunda \u00e7ekmeye devam edecektir.<\/p>\n<p>7- \u00d6zel infaz usullerinde yap\u0131lan de\u011fi\u015fiklikle de; kasten i\u015flenen su\u00e7larda 3 y\u0131l, taksirle i\u015flenen su\u00e7larda 5 y\u0131l ve alt\u0131 hapis cezalar\u0131 \u201chafta sonu veya gece infaz kurumunda \u00e7ekme\u201d suretinde \u0130nfaz Hakimli\u011fi karar\u0131yla uygulanabilecektir.<\/p>\n<p>Bu usullerden ikinci kez m\u00fckerrirler de faydalanabileceklerdir.<\/p>\n<p>Denetimli serbestlik tedbirini ihlal edenler; \u00f6zel infaz usullerinden faydalanamayacakt\u0131r.<\/p>\n<p>A\u011f\u0131r hastal\u0131k halleri ve ya\u015fl\u0131lar i\u00e7in de konutta infaz uygulamas\u0131n\u0131n kapsam\u0131 biraz daha geni\u015fletilmi\u015ftir.<\/p>\n<p>(\u0130nfaz Kanunu Madde 110\u2019a bak\u0131lmal\u0131d\u0131r.)<\/p>\n<p>8- \u0130nfaz\u0131n ertelenmesi talebiyle ilgili bir de\u011fi\u015fiklik bulunmamakta.<\/p>\n<p>M\u00fckerrirlere \u00f6zg\u00fc h\u00fck\u00fcml\u00fcler infaz erteleme talebinde bulunamazlar.<\/p>\n<p>\u0130nfaz erteleme talepleri Savc\u0131l\u0131k \u0130lamat \u0130nfaz B\u00fcro\u2019ya yap\u0131l\u0131r.<\/p>\n<p>Yakalama karar\u0131 \u00e7\u0131kmadan h\u00fck\u00fcml\u00fcn\u00fcn kendisinin teslim olma \u015fart\u0131 aran\u0131r.<\/p>\n<p>Engelli \u00e7ocu\u011fu olanlar ayr\u0131c\u0131lal\u0131kl\u0131 olarak 10 y\u0131l ve alt\u0131 cezalarda ba\u015fvurabilirler.<\/p>\n<p>Normal durumlarda kasten i\u015flenen su\u00e7larda 3 y\u0131l, taksirle i\u015flenen su\u00e7larda 5 y\u0131l ve alt\u0131 cezalar her defas\u0131nda bir y\u0131l\u0131 ge\u00e7memek \u00fczere 2 sefer ertelenebilir.<\/p>\n<p>(\u0130nfaz Kanunu Madde 17\u2019ye bak\u0131lmal\u0131d\u0131r.)<\/p>\n<p>9- Ko\u015fullu sal\u0131verilme oran\u0131 kural olarak 1\/2 dir.<\/p>\n<p>Kasten \u00f6ld\u00fcrme, basit cinsel su\u00e7, ilk m\u00fckerrir vs, istisnai su\u00e7larda 2\/3 uygulan\u0131r.<\/p>\n<p>Uyu\u015fturucu, \u00f6rg\u00fctl\u00fc, ter\u00f6r ve nitelikli cinsel su\u00e7lar vs. 3\/4 oran\u0131nda uygulan\u0131r.<\/p>\n<p>\u0130kinci kez m\u00fckerrirlerin de oran\u0131 3\/4 t\u00fcr.<\/p>\n<p>Denetimli serbestlik tedbirinden de, ko\u015fullu sal\u0131verilme tarihine 1 y\u0131l kala faydalan\u0131labilir.<\/p>\n<p>Denetimli serbestlik dosyas\u0131 ayn\u0131 anda iki kere a\u00e7\u0131lamaz, ayn\u0131 d\u00f6nemde bir kere faydalan\u0131labilir.<\/p>\n<p>(\u0130nfaz Kanunu Md. 105, 105-A, 107\u2019ye bak\u0131lmal\u0131d\u0131r.)<\/p>\n<p>10- Cezalar\u0131n toplanmas\u0131nda, her cezan\u0131n ko\u015fullu sal\u0131verilme tarihi ayr\u0131 ayr\u0131 hesaplan\u0131r ve birbirleriyle toplan\u0131r. (Oranlar farkl\u0131 olsa dahi, ko\u015fullu ve denetim de her su\u00e7 i\u00e7in ayr\u0131 ayr\u0131 hesaplanarak toplan\u0131r ve toplam s\u00fcre \u00fczerinden hesaplan\u0131r.)<\/p>\n<p>&#8211; \u00d6rn: 4 y\u0131l h\u0131rs\u0131zl\u0131k ve 6 y\u0131l uyu\u015fturucu ticareti su\u00e7undan kesinle\u015fmi\u015f cezas\u0131 olan h\u00fck\u00fcml\u00fcn\u00fcn cezalar\u0131n\u0131 toplarsak :<\/p>\n<p>4 y\u0131l h\u0131rs\u0131zl\u0131k su\u00e7unun ko\u015fullu oran\u0131 yani yatar\u0131 1\/2 = 2 y\u0131ld\u0131r.<\/p>\n<p>6 y\u0131l uyu\u015fturucu ticaretinin ko\u015fullu sal\u0131verilme oran\u0131 3\/4 = 4 y\u0131l 6 ayd\u0131r.<\/p>\n<p>4 y\u0131l 6 ay + 2 y\u0131l = H\u00fck\u00fcml\u00fcn\u00fcn 6 y\u0131l 6 ay toplam ko\u015fullu sal\u0131verilme s\u00fcresi bulunmaktad\u0131r.<\/p>\n<p>H\u00fck\u00fcml\u00fc, iyi halliyse; ko\u015fullu sal\u0131verilme tarihine 1 y\u0131l kala denetimden faydalanabilir.<\/p>\n<p>Bu durumda 5 y\u0131l 6 ay ceza infaz kurumunda bulunduktan sonra, denetimli serbestlik ile ko\u015fullu sal\u0131verilme tarihine 1 y\u0131l kala tahliye olabilir.<\/p>\n<p>Peki, bu h\u00fck\u00fcml\u00fcn\u00fcn a\u00e7\u0131k ceza infaz kurumuna ayr\u0131lma hususunu irdeleyecek olursak:<\/p>\n<p>Uyu\u015fturucu ticareti su\u00e7undan da cezas\u0131 bulundu\u011fu i\u00e7in, 10 y\u0131l\u0131n alt\u0131 toplam ceza olsa da; ko\u015fullu sal\u0131verilme tarihine 5 y\u0131l ve daha az s\u00fcre kalmadan a\u00e7\u0131k ceza infaz kurumuna ayr\u0131lamaz. Hal b\u00f6yle iken, i\u015fbu \u00f6rnekte; en az 6 ay kapal\u0131 ceza infaz kurumunda kalmas\u0131 gerekmektedir.<\/p>\n<p>&#8211; \u00d6rn: 1 y\u0131l 8 ay doland\u0131r\u0131cl\u0131k su\u00e7undan mahkum olan bir h\u00fck\u00fcml\u00fc, ne zaman denetimli serbestlikten faydalan\u0131r ve kapal\u0131 infaz kurumunda yatar\u0131 var m\u0131d\u0131r?<\/p>\n<p>-Yoktur. Zira 3 y\u0131l ve alt\u0131 cezalar do\u011frudan a\u00e7\u0131k ceza infaz kurumunda infaz olunur.<\/p>\n<p>Ancak girdi \u00e7\u0131kt\u0131 art\u0131k m\u00fcmk\u00fcn olmad\u0131\u011f\u0131 i\u00e7in, h\u00fck\u00fcml\u00fc bu 1 y\u0131l 8 ayl\u0131k toplam cezas\u0131n\u0131n; 20\/1 ine kadar\u0131n\u0131 (1 ay) a\u00e7\u0131k ceza infaz kurumunda \u00e7ekecektir.<\/p>\n<p>Zira; doland\u0131r\u0131c\u0131l\u0131k su\u00e7unda ko\u015fullu sal\u0131verilme oran\u0131 1\/2 dir.<\/p>\n<p>Velhas\u0131l; h\u00fck\u00fcml\u00fcn\u00fcn ko\u015fullu sal\u0131verilmesi, yani yatar\u0131 10 ayd\u0131r.<\/p>\n<p>Bu s\u00fcrenin, yakla\u015f\u0131k 1 ay kadar olan tutar\u0131n\u0131; a\u00e7\u0131k ceza infaz kurumunda infaz etmeden, h\u00fck\u00fcml\u00fc denetimli serbestlikten yararlanamaz.<\/p>\n<p>&#8211; \u00d6rn: 8 ay ikinci kez m\u00fckerrir olarak alkoll\u00fc ara\u00e7 kullanma su\u00e7undan ve 2 y\u0131l 8 ay normal infaz usul\u00fcne tabii kesinle\u015fmi\u015f tefecilik cezas\u0131 bulunan h\u00fck\u00fcml\u00fcn\u00fcn infaz durumuna gelirsek :<\/p>\n<p>8 ay \u00e7ift m\u00fckerrir oldu\u011fu i\u00e7in ko\u015fullu sal\u0131verilme oran\u0131 3\/4 : 6 ayd\u0131r.<\/p>\n<p>2 y\u0131l 8 ay tefecilik su\u00e7unun ko\u015fullu sal\u0131verilme- yatar\u0131 1\/2 : 1 y\u0131l 4 ayd\u0131r.<\/p>\n<p>Toplam 6 Ay + 1 Y\u0131l 4 Ay = 1 y\u0131l 10 Ay ko\u015fullu sal\u0131verilme s\u00fcresi, yani amiyane tabirle yatar\u0131 bulunmaktad\u0131r.<\/p>\n<p>H\u00fck\u00fcml\u00fc 10 Ay\u0131n\u0131 cezaevinde ge\u00e7irdikten sonra, denetimli serbestlik tedbirinden faydalanabilir.<\/p>\n<p>Ancak, ikinci defa m\u00fckerrir bir cezas\u0131 bulundu\u011fu i\u00e7in; toplamda 3 y\u0131ldan az cezas\u0131 bulunmas\u0131na ra\u011fmen do\u011frudan a\u00e7\u0131k ceza infaz kurumuna al\u0131namayacak olup, 1 ay kapal\u0131 ceza infaz kurumunda cezas\u0131n\u0131 \u00e7ektikten sonra, \u015fartlar\u0131n\u0131 sa\u011flad\u0131\u011f\u0131 takdirde a\u00e7\u0131k ceza infaz kurumuna al\u0131nabilecektir.<\/p>\n<p>&#8211; Not : Yukar\u0131da bahsedilen lehe h\u00fck\u00fcmler; istisnai su\u00e7lar ve ko\u015fullu sal\u0131verilmesi geri al\u0131nanlar hakk\u0131nda uygulanamayacakt\u0131r.<\/p>\n<p>A\u00e7\u0131k ceza infa kurumuna ayr\u0131lma y\u00f6netmeli\u011finde de baz\u0131 istisnai su\u00e7lar a\u00e7\u0131s\u0131ndan y\u00fcksek oran veya a\u00e7\u0131\u011fa hi\u00e7 ayr\u0131lmama gibi uygulamalar bulunmaktad\u0131r.<\/p>\n<p>Ayn\u0131 zamanda ko\u015fullu sal\u0131verilmesi geri al\u0131nanlar ve \u0130\u0130K kapsam\u0131 d\u0131\u015f\u0131ndaki tazyik hapis cezalar\u0131na mahkum olanlar\u0131n, cezalar\u0131n\u0131n tamam\u0131n\u0131 kapal\u0131 infaz kurumunda \u00e7ekmeleri gerekir.<\/p>\n<p>A\u00e7\u0131k ceza infaz kurumundan birden fazla kez firar edenler de bir daha a\u00e7\u0131k ceza infaz kurumlar\u0131na ayr\u0131lamazlar.<\/p>\n<p>&#8211; Not : 2020\u2019den \u00f6nce i\u015flenen su\u00e7lar ve Temmuz 2023 Tarihinde ceza infaz kurumunda bulunan (covid izninden faydalanamayanlar) hakk\u0131nda denetimli serbestlik tedbirleri daha lehe uygulanacakt\u0131r.<\/p>\n<p>Denetimli serbestlik ve a\u00e7\u0131\u011fa ayr\u0131lma \u0130nfaz Hakimli\u011fi Karar\u0131 ve kurul raporuyla birlikte verilir.<\/p>\n<p>Ayn\u0131 zamanda h\u00fck\u00fcml\u00fclerde bu i\u015flemlerden \u00f6nce iyi hal aran\u0131r.<\/p>\n<p>Firar su\u00e7lar\u0131ndan cezas\u0131 ve disiplin cezas\u0131 bulunan h\u00fck\u00fcml\u00fcye genellikle onay verilmedi\u011fi durumlara \u015fahit oluyoruz.<\/p>\n<p>Kurul, her hafta ceza infaz kurumu taraf\u0131ndan belirlenen g\u00fcnde toplan\u0131r.<\/p>\n<p>De\u011ferli meslekta\u015flar\u0131m, yukar\u0131daki yaz\u0131m; 04.06.2025 Tarihli Resmi Gazete, TCK, CMK, \u0130nfaz Kanunu ve A\u00e7\u0131k Ceza \u0130nfaz Kurumlar\u0131na Ayr\u0131lma Y\u00f6netmeli\u011fi mevzuat\u0131 irdelenerek haz\u0131rlanm\u0131\u015f olup, eri\u015febildi\u011fim \u0130nfaz Hakimli\u011fi kararlar\u0131, m\u00fcddetnameler ve de\u011ferlendirmelerden de faydalanarak, do\u011frudan at\u0131f ya da intihal bulunmadan, hi\u00e7bir meslekta\u015f\u0131m\u0131n makalesinden al\u0131nt\u0131 yapmadan, \u00f6zg\u00fcn bir \u015fekilde haz\u0131rlanm\u0131\u015ft\u0131r.<\/p>\n<p>Ki\u015fisel g\u00f6r\u00fc\u015flerime yer vermemeye ve m\u00fcmk\u00fcn mertebe doktrinsel bazl\u0131 aktar\u0131mlarda bulunmaya \u00e7al\u0131\u015ft\u0131m.<\/p>\n<p>Na\u00e7izane \u015fahs\u0131m olarak, infaz hukukunun karanl\u0131k dehlizlerinde kaybolurken; olduk\u00e7a karma\u015f\u0131k olan bu konuda, yeteri kadar vak\u0131f olmayan meslekta\u015flar\u0131m varsa, bir nebze yard\u0131mc\u0131 olmak ve bir yaz\u0131 alt\u0131nda bir\u00e7ok ba\u015fl\u0131\u011f\u0131 toplamak haricinde bir amac\u0131m bulunmamaktad\u0131r.<\/p>\n<p>An\u0131l\u0131 mevzuata hakim olunmadan, i\u015fbu yaz\u0131n\u0131n tek ba\u015f\u0131na referans al\u0131narak bilgilendirme yap\u0131lmamas\u0131n\u0131 tavsiye ederim.<\/p>\n<p>Birtak\u0131m eksiklikler ve yanl\u0131\u015fl\u0131klar yaz\u0131da bulunabilir, bilgilendirme ve derleme ama\u00e7l\u0131 olsa da; bu durum ya\u015fan\u0131rsa \u015fimdiden aff\u0131n\u0131za s\u0131\u011f\u0131nmaktay\u0131m.\u00a0Hukuki Haber<\/p>\n<p>Haberin Al\u0131nt\u0131land\u0131\u011f\u0131 Kaynak: www.hukukihaber.net<\/p>","protected":false},"excerpt":{"rendered":"<p>RESM\u0130 GAZETE\u2019DE YAYINLANAN \u0130NFAZ KANUNU VE A\u00c7IK CEZA \u0130NFAZ KURUMUNA AYRILMA Y\u00d6NETMEL\u0130\u011e\u0130 \u0130LE \u0130LG\u0130L\u0130 DE\u011e\u0130\u015e\u0130KL\u0130KLER I\u015eI\u011eINDA GENEL \u0130NFAZ-YATAR DERLEMES\u0130 1- 4 Haziran 2025 Tarihinden itibaren i\u015flenen su\u00e7larda art\u0131k; a\u00e7\u0131k ceza infaz kurumundan do\u011frudan denetimli serbestlik tedbirinden faydalanma (girdi-\u00e7\u0131kt\u0131) ortadan kalkm\u0131\u015ft\u0131r. \u0130\u015flenen su\u00e7un ko\u015fullu sal\u0131verilme oran\u0131 1\/2 ise; toplam cezan\u0131n 20\/1 i ceza infaz kurumunda ge\u00e7irilecektir. Ko\u015fullu sal\u0131verilme oran\u0131 daha fazla olan su\u00e7larda ise; ko\u015fullu sal\u0131verilme tarihine kadar olan cezan\u0131n 10\/1 i ceza infaz kurumunda tamamland\u0131ktan sonra denetimli serbestlik tedbirinden faydalan\u0131lacakt\u0131r. Her ko\u015fulda ceza infaz kurumunda ge\u00e7irilecek s\u00fcre 5 g\u00fcnden az olamaz. (Resmi Gazete 04\/06\/2025 Tarihli De\u011fi\u015fiklikler) 2- \u0130kinci defa m\u00fckerrir olanlara ise; ko\u015fullu sal\u0131verilme hakk\u0131 tan\u0131nm\u0131\u015ft\u0131r. Cezalar\u0131n\u0131n 4\/3 \u00fc iyi halli olarak infaz edildi\u011fi takdirde ko\u015fullu sal\u0131verilmeden faydalanabileceklerdir. Ko\u015fullu sal\u0131verilme imkan\u0131yla birlikte; ikinci defa m\u00fckerrirlere denetimli serbestlik, a\u00e7\u0131k ceza infaz kurumuna ayr\u0131lma ve \u00f6zel infaz usullerinden faydalanma hakk\u0131 da tan\u0131nm\u0131\u015ft\u0131r. Zira; ko\u015fullu sal\u0131verilme engeli ortadan kalkm\u0131\u015ft\u0131r. 3- Resmi Gazete\u2019nin ayn\u0131 g\u00fcn m\u00fckerrer say\u0131s\u0131yla birlikte; A\u00e7\u0131k Ceza \u0130nfaz Kurumuna Ayr\u0131lma Y\u00f6netmeli\u011finde de yeni kanuna entegre de\u011fi\u015fiklikler yap\u0131lm\u0131\u015ft\u0131r. Buna g\u00f6re; ikinci defa m\u00fckerrir h\u00fck\u00fcml\u00fclerin a\u00e7\u0131k ceza infaz kurumlar\u0131na do\u011frudan ayr\u0131lmas\u0131n\u0131n imkan\u0131 bulunmamaktad\u0131r. \u00d6nce kapal\u0131 infaz kurumuna al\u0131nacak \u00e7ift m\u00fckerrirlere, daha sonra a\u00e7\u0131k ceza infaz kurumuna ayr\u0131lma haklar\u0131 tan\u0131nm\u0131\u015ft\u0131r. Cezalar\u0131 10 y\u0131ldan az &hellip;<\/p>","protected":false},"author":3,"featured_media":0,"comment_status":"","ping_status":"open","sticky":false,"template":"","format":"standard","meta":{"_acf_changed":false,"footnotes":""},"categories":[27],"tags":[],"class_list":["post-113958","post","type-post","status-publish","format-standard","has-post-thumbnail","hentry","category-hukukihaber"],"acf":[],"yoast_head":"<!-- This site is optimized with the Yoast SEO Premium plugin v26.6 (Yoast SEO v27.1.1) - https:\/\/yoast.com\/product\/yoast-seo-premium-wordpress\/ -->\n<title>\u0130NFAZ KANUNU VE A\u00c7IK CEZA \u0130NFAZ KURUMUNA AYRILMA Y\u00d6NETMEL\u0130\u011e\u0130 \u0130LE \u0130LG\u0130L\u0130 DE\u011e\u0130\u015e\u0130KL\u0130KLER I\u015eI\u011eINDA GENEL \u0130NFAZ-YATAR DERLEMES\u0130 - Av. Deniz Can K\u0131z\u0131l<\/title>\n<meta name=\"robots\" content=\"index, follow, max-snippet:-1, max-image-preview:large, max-video-preview:-1\" \/>\n<link rel=\"canonical\" href=\"https:\/\/denizcankizil.tr\/en\/hukukihaber\/infaz-kanunu-ve-acik-ceza-infaz-kurumuna-ayrilma-yonetmeligi-ile-ilgili-degisiklikler-isiginda-genel-infaz-yatar-derlemesi\/\" \/>\n<meta property=\"og:locale\" content=\"en_GB\" \/>\n<meta property=\"og:type\" content=\"article\" \/>\n<meta property=\"og:title\" content=\"\u0130NFAZ KANUNU VE A\u00c7IK CEZA \u0130NFAZ KURUMUNA AYRILMA Y\u00d6NETMEL\u0130\u011e\u0130 \u0130LE \u0130LG\u0130L\u0130 DE\u011e\u0130\u015e\u0130KL\u0130KLER I\u015eI\u011eINDA GENEL \u0130NFAZ-YATAR DERLEMES\u0130\" \/>\n<meta property=\"og:description\" content=\"RESM\u0130 GAZETE\u2019DE YAYINLANAN \u0130NFAZ KANUNU VE A\u00c7IK CEZA \u0130NFAZ KURUMUNA AYRILMA Y\u00d6NETMEL\u0130\u011e\u0130 \u0130LE \u0130LG\u0130L\u0130 DE\u011e\u0130\u015e\u0130KL\u0130KLER I\u015eI\u011eINDA GENEL \u0130NFAZ-YATAR DERLEMES\u0130 1- 4 Haziran 2025 Tarihinden itibaren i\u015flenen su\u00e7larda art\u0131k; a\u00e7\u0131k ceza infaz kurumundan do\u011frudan denetimli serbestlik tedbirinden faydalanma (girdi-\u00e7\u0131kt\u0131) ortadan kalkm\u0131\u015ft\u0131r. \u0130\u015flenen su\u00e7un ko\u015fullu sal\u0131verilme oran\u0131 1\/2 ise; toplam cezan\u0131n 20\/1 i ceza infaz kurumunda ge\u00e7irilecektir. Ko\u015fullu sal\u0131verilme oran\u0131 daha fazla olan su\u00e7larda ise; ko\u015fullu sal\u0131verilme tarihine kadar olan cezan\u0131n 10\/1 i ceza infaz kurumunda tamamland\u0131ktan sonra denetimli serbestlik tedbirinden faydalan\u0131lacakt\u0131r. Her ko\u015fulda ceza infaz kurumunda ge\u00e7irilecek s\u00fcre 5 g\u00fcnden az olamaz. (Resmi Gazete 04\/06\/2025 Tarihli De\u011fi\u015fiklikler) 2- \u0130kinci defa m\u00fckerrir olanlara ise; ko\u015fullu sal\u0131verilme hakk\u0131 tan\u0131nm\u0131\u015ft\u0131r. Cezalar\u0131n\u0131n 4\/3 \u00fc iyi halli olarak infaz edildi\u011fi takdirde ko\u015fullu sal\u0131verilmeden faydalanabileceklerdir. Ko\u015fullu sal\u0131verilme imkan\u0131yla birlikte; ikinci defa m\u00fckerrirlere denetimli serbestlik, a\u00e7\u0131k ceza infaz kurumuna ayr\u0131lma ve \u00f6zel infaz usullerinden faydalanma hakk\u0131 da tan\u0131nm\u0131\u015ft\u0131r. Zira; ko\u015fullu sal\u0131verilme engeli ortadan kalkm\u0131\u015ft\u0131r. 3- Resmi Gazete\u2019nin ayn\u0131 g\u00fcn m\u00fckerrer say\u0131s\u0131yla birlikte; A\u00e7\u0131k Ceza \u0130nfaz Kurumuna Ayr\u0131lma Y\u00f6netmeli\u011finde de yeni kanuna entegre de\u011fi\u015fiklikler yap\u0131lm\u0131\u015ft\u0131r. Buna g\u00f6re; ikinci defa m\u00fckerrir h\u00fck\u00fcml\u00fclerin a\u00e7\u0131k ceza infaz kurumlar\u0131na do\u011frudan ayr\u0131lmas\u0131n\u0131n imkan\u0131 bulunmamaktad\u0131r. \u00d6nce kapal\u0131 infaz kurumuna al\u0131nacak \u00e7ift m\u00fckerrirlere, daha sonra a\u00e7\u0131k ceza infaz kurumuna ayr\u0131lma haklar\u0131 tan\u0131nm\u0131\u015ft\u0131r. Cezalar\u0131 10 y\u0131ldan az &hellip;\" \/>\n<meta property=\"og:url\" content=\"https:\/\/denizcankizil.tr\/en\/hukukihaber\/infaz-kanunu-ve-acik-ceza-infaz-kurumuna-ayrilma-yonetmeligi-ile-ilgili-degisiklikler-isiginda-genel-infaz-yatar-derlemesi\/\" \/>\n<meta property=\"og:site_name\" content=\"Av. Deniz Can K\u0131z\u0131l\" \/>\n<meta property=\"article:published_time\" content=\"2025-06-10T08:06:00+00:00\" \/>\n<meta name=\"author\" content=\"Hukuki Haber.net\" \/>\n<meta name=\"twitter:card\" content=\"summary_large_image\" \/>\n<meta name=\"twitter:label1\" content=\"Written by\" \/>\n\t<meta name=\"twitter:data1\" content=\"Hukuki Haber.net\" \/>\n\t<meta name=\"twitter:label2\" content=\"Estimated reading time\" \/>\n\t<meta name=\"twitter:data2\" content=\"19 minutes\" \/>\n<script type=\"application\/ld+json\" class=\"yoast-schema-graph\">{\"@context\":\"https:\/\/schema.org\",\"@graph\":[{\"@type\":\"Article\",\"@id\":\"https:\/\/denizcankizil.tr\/en\/hukukihaber\/infaz-kanunu-ve-acik-ceza-infaz-kurumuna-ayrilma-yonetmeligi-ile-ilgili-degisiklikler-isiginda-genel-infaz-yatar-derlemesi\/#article\",\"isPartOf\":{\"@id\":\"https:\/\/denizcankizil.tr\/en\/hukukihaber\/infaz-kanunu-ve-acik-ceza-infaz-kurumuna-ayrilma-yonetmeligi-ile-ilgili-degisiklikler-isiginda-genel-infaz-yatar-derlemesi\/\"},\"author\":{\"name\":\"Hukuki Haber.net\",\"@id\":\"https:\/\/denizcankizil.tr\/#\/schema\/person\/001a271de994a0aa3f90eea084424822\"},\"headline\":\"\u0130NFAZ KANUNU VE A\u00c7IK CEZA \u0130NFAZ KURUMUNA AYRILMA Y\u00d6NETMEL\u0130\u011e\u0130 \u0130LE \u0130LG\u0130L\u0130 DE\u011e\u0130\u015e\u0130KL\u0130KLER I\u015eI\u011eINDA GENEL \u0130NFAZ-YATAR DERLEMES\u0130\",\"datePublished\":\"2025-06-10T08:06:00+00:00\",\"mainEntityOfPage\":{\"@id\":\"https:\/\/denizcankizil.tr\/en\/hukukihaber\/infaz-kanunu-ve-acik-ceza-infaz-kurumuna-ayrilma-yonetmeligi-ile-ilgili-degisiklikler-isiginda-genel-infaz-yatar-derlemesi\/\"},\"wordCount\":3851,\"publisher\":{\"@id\":\"https:\/\/denizcankizil.tr\/#organization\"},\"articleSection\":[\"Hukuki Haberler\"],\"inLanguage\":\"en-GB\"},{\"@type\":\"WebPage\",\"@id\":\"https:\/\/denizcankizil.tr\/en\/hukukihaber\/infaz-kanunu-ve-acik-ceza-infaz-kurumuna-ayrilma-yonetmeligi-ile-ilgili-degisiklikler-isiginda-genel-infaz-yatar-derlemesi\/\",\"url\":\"https:\/\/denizcankizil.tr\/en\/hukukihaber\/infaz-kanunu-ve-acik-ceza-infaz-kurumuna-ayrilma-yonetmeligi-ile-ilgili-degisiklikler-isiginda-genel-infaz-yatar-derlemesi\/\",\"name\":\"\u0130NFAZ KANUNU VE A\u00c7IK CEZA \u0130NFAZ KURUMUNA AYRILMA Y\u00d6NETMEL\u0130\u011e\u0130 \u0130LE \u0130LG\u0130L\u0130 DE\u011e\u0130\u015e\u0130KL\u0130KLER I\u015eI\u011eINDA GENEL \u0130NFAZ-YATAR DERLEMES\u0130 - Av. Deniz Can K\u0131z\u0131l\",\"isPartOf\":{\"@id\":\"https:\/\/denizcankizil.tr\/#website\"},\"datePublished\":\"2025-06-10T08:06:00+00:00\",\"breadcrumb\":{\"@id\":\"https:\/\/denizcankizil.tr\/en\/hukukihaber\/infaz-kanunu-ve-acik-ceza-infaz-kurumuna-ayrilma-yonetmeligi-ile-ilgili-degisiklikler-isiginda-genel-infaz-yatar-derlemesi\/#breadcrumb\"},\"inLanguage\":\"en-GB\",\"potentialAction\":[{\"@type\":\"ReadAction\",\"target\":[\"https:\/\/denizcankizil.tr\/en\/hukukihaber\/infaz-kanunu-ve-acik-ceza-infaz-kurumuna-ayrilma-yonetmeligi-ile-ilgili-degisiklikler-isiginda-genel-infaz-yatar-derlemesi\/\"]}]},{\"@type\":\"BreadcrumbList\",\"@id\":\"https:\/\/denizcankizil.tr\/en\/hukukihaber\/infaz-kanunu-ve-acik-ceza-infaz-kurumuna-ayrilma-yonetmeligi-ile-ilgili-degisiklikler-isiginda-genel-infaz-yatar-derlemesi\/#breadcrumb\",\"itemListElement\":[{\"@type\":\"ListItem\",\"position\":1,\"name\":\"Home\",\"item\":\"https:\/\/denizcankizil.tr\/de\/\"},{\"@type\":\"ListItem\",\"position\":2,\"name\":\"\u0130NFAZ KANUNU VE A\u00c7IK CEZA \u0130NFAZ KURUMUNA AYRILMA Y\u00d6NETMEL\u0130\u011e\u0130 \u0130LE \u0130LG\u0130L\u0130 DE\u011e\u0130\u015e\u0130KL\u0130KLER I\u015eI\u011eINDA GENEL \u0130NFAZ-YATAR DERLEMES\u0130\"}]},{\"@type\":\"WebSite\",\"@id\":\"https:\/\/denizcankizil.tr\/#website\",\"url\":\"https:\/\/denizcankizil.tr\/\",\"name\":\"Av. Deniz Can K\u0131z\u0131l\",\"description\":\"Avukat Deniz Can K\u0131z\u0131l Antalya Barosu\",\"publisher\":{\"@id\":\"https:\/\/denizcankizil.tr\/#organization\"},\"potentialAction\":[{\"@type\":\"SearchAction\",\"target\":{\"@type\":\"EntryPoint\",\"urlTemplate\":\"https:\/\/denizcankizil.tr\/?s={search_term_string}\"},\"query-input\":{\"@type\":\"PropertyValueSpecification\",\"valueRequired\":true,\"valueName\":\"search_term_string\"}}],\"inLanguage\":\"en-GB\"},{\"@type\":\"Organization\",\"@id\":\"https:\/\/denizcankizil.tr\/#organization\",\"name\":\"Av. Deniz Can K\u0131z\u0131l\",\"url\":\"https:\/\/denizcankizil.tr\/\",\"logo\":{\"@type\":\"ImageObject\",\"inLanguage\":\"en-GB\",\"@id\":\"https:\/\/denizcankizil.tr\/#\/schema\/logo\/image\/\",\"url\":\"https:\/\/denizcankizil.tr\/wp-content\/uploads\/2024\/10\/siyah-logo-svg.svg\",\"contentUrl\":\"https:\/\/denizcankizil.tr\/wp-content\/uploads\/2024\/10\/siyah-logo-svg.svg\",\"width\":1080,\"height\":1080,\"caption\":\"Av. Deniz Can K\u0131z\u0131l\"},\"image\":{\"@id\":\"https:\/\/denizcankizil.tr\/#\/schema\/logo\/image\/\"}},{\"@type\":\"Person\",\"@id\":\"https:\/\/denizcankizil.tr\/#\/schema\/person\/001a271de994a0aa3f90eea084424822\",\"name\":\"Hukuki Haber.net\",\"image\":{\"@type\":\"ImageObject\",\"inLanguage\":\"en-GB\",\"@id\":\"https:\/\/denizcankizil.tr\/#\/schema\/person\/image\/\",\"url\":\"https:\/\/secure.gravatar.com\/avatar\/57d8a49151495586611a149d29fc42865b951dc053a84709a3172ccb5abf3118?s=96&d=mm&r=g\",\"contentUrl\":\"https:\/\/secure.gravatar.com\/avatar\/57d8a49151495586611a149d29fc42865b951dc053a84709a3172ccb5abf3118?s=96&d=mm&r=g\",\"caption\":\"Hukuki Haber.net\"},\"sameAs\":[\"http:\/\/www.hukukihaber.net\"],\"url\":\"https:\/\/www.hukukihaber.net\/infaz-kanunu-ve-acik-ceza-infaz-kurumuna-ayrilma-yonetmeligi-ile-ilgili-degisiklikler-isiginda-genel-infaz-yatar-derlemesi-1\"}]}<\/script>\n<!-- \/ Yoast SEO Premium plugin. -->","yoast_head_json":{"title":"\u0130NFAZ KANUNU VE A\u00c7IK CEZA \u0130NFAZ KURUMUNA AYRILMA Y\u00d6NETMEL\u0130\u011e\u0130 \u0130LE \u0130LG\u0130L\u0130 DE\u011e\u0130\u015e\u0130KL\u0130KLER I\u015eI\u011eINDA GENEL \u0130NFAZ-YATAR DERLEMES\u0130 - Av. Deniz Can K\u0131z\u0131l","robots":{"index":"index","follow":"follow","max-snippet":"max-snippet:-1","max-image-preview":"max-image-preview:large","max-video-preview":"max-video-preview:-1"},"canonical":"https:\/\/denizcankizil.tr\/en\/hukukihaber\/infaz-kanunu-ve-acik-ceza-infaz-kurumuna-ayrilma-yonetmeligi-ile-ilgili-degisiklikler-isiginda-genel-infaz-yatar-derlemesi\/","og_locale":"en_GB","og_type":"article","og_title":"\u0130NFAZ KANUNU VE A\u00c7IK CEZA \u0130NFAZ KURUMUNA AYRILMA Y\u00d6NETMEL\u0130\u011e\u0130 \u0130LE \u0130LG\u0130L\u0130 DE\u011e\u0130\u015e\u0130KL\u0130KLER I\u015eI\u011eINDA GENEL \u0130NFAZ-YATAR DERLEMES\u0130","og_description":"RESM\u0130 GAZETE\u2019DE YAYINLANAN \u0130NFAZ KANUNU VE A\u00c7IK CEZA \u0130NFAZ KURUMUNA AYRILMA Y\u00d6NETMEL\u0130\u011e\u0130 \u0130LE \u0130LG\u0130L\u0130 DE\u011e\u0130\u015e\u0130KL\u0130KLER I\u015eI\u011eINDA GENEL \u0130NFAZ-YATAR DERLEMES\u0130 1- 4 Haziran 2025 Tarihinden itibaren i\u015flenen su\u00e7larda art\u0131k; a\u00e7\u0131k ceza infaz kurumundan do\u011frudan denetimli serbestlik tedbirinden faydalanma (girdi-\u00e7\u0131kt\u0131) ortadan kalkm\u0131\u015ft\u0131r. \u0130\u015flenen su\u00e7un ko\u015fullu sal\u0131verilme oran\u0131 1\/2 ise; toplam cezan\u0131n 20\/1 i ceza infaz kurumunda ge\u00e7irilecektir. Ko\u015fullu sal\u0131verilme oran\u0131 daha fazla olan su\u00e7larda ise; ko\u015fullu sal\u0131verilme tarihine kadar olan cezan\u0131n 10\/1 i ceza infaz kurumunda tamamland\u0131ktan sonra denetimli serbestlik tedbirinden faydalan\u0131lacakt\u0131r. Her ko\u015fulda ceza infaz kurumunda ge\u00e7irilecek s\u00fcre 5 g\u00fcnden az olamaz. (Resmi Gazete 04\/06\/2025 Tarihli De\u011fi\u015fiklikler) 2- \u0130kinci defa m\u00fckerrir olanlara ise; ko\u015fullu sal\u0131verilme hakk\u0131 tan\u0131nm\u0131\u015ft\u0131r. Cezalar\u0131n\u0131n 4\/3 \u00fc iyi halli olarak infaz edildi\u011fi takdirde ko\u015fullu sal\u0131verilmeden faydalanabileceklerdir. Ko\u015fullu sal\u0131verilme imkan\u0131yla birlikte; ikinci defa m\u00fckerrirlere denetimli serbestlik, a\u00e7\u0131k ceza infaz kurumuna ayr\u0131lma ve \u00f6zel infaz usullerinden faydalanma hakk\u0131 da tan\u0131nm\u0131\u015ft\u0131r. Zira; ko\u015fullu sal\u0131verilme engeli ortadan kalkm\u0131\u015ft\u0131r. 3- Resmi Gazete\u2019nin ayn\u0131 g\u00fcn m\u00fckerrer say\u0131s\u0131yla birlikte; A\u00e7\u0131k Ceza \u0130nfaz Kurumuna Ayr\u0131lma Y\u00f6netmeli\u011finde de yeni kanuna entegre de\u011fi\u015fiklikler yap\u0131lm\u0131\u015ft\u0131r. Buna g\u00f6re; ikinci defa m\u00fckerrir h\u00fck\u00fcml\u00fclerin a\u00e7\u0131k ceza infaz kurumlar\u0131na do\u011frudan ayr\u0131lmas\u0131n\u0131n imkan\u0131 bulunmamaktad\u0131r. \u00d6nce kapal\u0131 infaz kurumuna al\u0131nacak \u00e7ift m\u00fckerrirlere, daha sonra a\u00e7\u0131k ceza infaz kurumuna ayr\u0131lma haklar\u0131 tan\u0131nm\u0131\u015ft\u0131r. Cezalar\u0131 10 y\u0131ldan az &hellip;","og_url":"https:\/\/denizcankizil.tr\/en\/hukukihaber\/infaz-kanunu-ve-acik-ceza-infaz-kurumuna-ayrilma-yonetmeligi-ile-ilgili-degisiklikler-isiginda-genel-infaz-yatar-derlemesi\/","og_site_name":"Av. Deniz Can K\u0131z\u0131l","article_published_time":"2025-06-10T08:06:00+00:00","author":"Hukuki Haber.net","twitter_card":"summary_large_image","twitter_misc":{"Written by":"Hukuki Haber.net","Estimated reading time":"19 minutes"},"schema":{"@context":"https:\/\/schema.org","@graph":[{"@type":"Article","@id":"https:\/\/denizcankizil.tr\/en\/hukukihaber\/infaz-kanunu-ve-acik-ceza-infaz-kurumuna-ayrilma-yonetmeligi-ile-ilgili-degisiklikler-isiginda-genel-infaz-yatar-derlemesi\/#article","isPartOf":{"@id":"https:\/\/denizcankizil.tr\/en\/hukukihaber\/infaz-kanunu-ve-acik-ceza-infaz-kurumuna-ayrilma-yonetmeligi-ile-ilgili-degisiklikler-isiginda-genel-infaz-yatar-derlemesi\/"},"author":{"name":"Hukuki Haber.net","@id":"https:\/\/denizcankizil.tr\/#\/schema\/person\/001a271de994a0aa3f90eea084424822"},"headline":"\u0130NFAZ KANUNU VE A\u00c7IK CEZA \u0130NFAZ KURUMUNA AYRILMA Y\u00d6NETMEL\u0130\u011e\u0130 \u0130LE \u0130LG\u0130L\u0130 DE\u011e\u0130\u015e\u0130KL\u0130KLER I\u015eI\u011eINDA GENEL \u0130NFAZ-YATAR DERLEMES\u0130","datePublished":"2025-06-10T08:06:00+00:00","mainEntityOfPage":{"@id":"https:\/\/denizcankizil.tr\/en\/hukukihaber\/infaz-kanunu-ve-acik-ceza-infaz-kurumuna-ayrilma-yonetmeligi-ile-ilgili-degisiklikler-isiginda-genel-infaz-yatar-derlemesi\/"},"wordCount":3851,"publisher":{"@id":"https:\/\/denizcankizil.tr\/#organization"},"articleSection":["Hukuki Haberler"],"inLanguage":"en-GB"},{"@type":"WebPage","@id":"https:\/\/denizcankizil.tr\/en\/hukukihaber\/infaz-kanunu-ve-acik-ceza-infaz-kurumuna-ayrilma-yonetmeligi-ile-ilgili-degisiklikler-isiginda-genel-infaz-yatar-derlemesi\/","url":"https:\/\/denizcankizil.tr\/en\/hukukihaber\/infaz-kanunu-ve-acik-ceza-infaz-kurumuna-ayrilma-yonetmeligi-ile-ilgili-degisiklikler-isiginda-genel-infaz-yatar-derlemesi\/","name":"\u0130NFAZ KANUNU VE A\u00c7IK CEZA \u0130NFAZ KURUMUNA AYRILMA Y\u00d6NETMEL\u0130\u011e\u0130 \u0130LE \u0130LG\u0130L\u0130 DE\u011e\u0130\u015e\u0130KL\u0130KLER I\u015eI\u011eINDA GENEL \u0130NFAZ-YATAR DERLEMES\u0130 - Av. Deniz Can K\u0131z\u0131l","isPartOf":{"@id":"https:\/\/denizcankizil.tr\/#website"},"datePublished":"2025-06-10T08:06:00+00:00","breadcrumb":{"@id":"https:\/\/denizcankizil.tr\/en\/hukukihaber\/infaz-kanunu-ve-acik-ceza-infaz-kurumuna-ayrilma-yonetmeligi-ile-ilgili-degisiklikler-isiginda-genel-infaz-yatar-derlemesi\/#breadcrumb"},"inLanguage":"en-GB","potentialAction":[{"@type":"ReadAction","target":["https:\/\/denizcankizil.tr\/en\/hukukihaber\/infaz-kanunu-ve-acik-ceza-infaz-kurumuna-ayrilma-yonetmeligi-ile-ilgili-degisiklikler-isiginda-genel-infaz-yatar-derlemesi\/"]}]},{"@type":"BreadcrumbList","@id":"https:\/\/denizcankizil.tr\/en\/hukukihaber\/infaz-kanunu-ve-acik-ceza-infaz-kurumuna-ayrilma-yonetmeligi-ile-ilgili-degisiklikler-isiginda-genel-infaz-yatar-derlemesi\/#breadcrumb","itemListElement":[{"@type":"ListItem","position":1,"name":"Home","item":"https:\/\/denizcankizil.tr\/de\/"},{"@type":"ListItem","position":2,"name":"\u0130NFAZ KANUNU VE A\u00c7IK CEZA \u0130NFAZ KURUMUNA AYRILMA Y\u00d6NETMEL\u0130\u011e\u0130 \u0130LE \u0130LG\u0130L\u0130 DE\u011e\u0130\u015e\u0130KL\u0130KLER I\u015eI\u011eINDA GENEL \u0130NFAZ-YATAR DERLEMES\u0130"}]},{"@type":"WebSite","@id":"https:\/\/denizcankizil.tr\/#website","url":"https:\/\/denizcankizil.tr\/","name":"Av. Deniz Can K\u0131z\u0131l","description":"Avukat Deniz Can K\u0131z\u0131l Antalya Barosu","publisher":{"@id":"https:\/\/denizcankizil.tr\/#organization"},"potentialAction":[{"@type":"SearchAction","target":{"@type":"EntryPoint","urlTemplate":"https:\/\/denizcankizil.tr\/?s={search_term_string}"},"query-input":{"@type":"PropertyValueSpecification","valueRequired":true,"valueName":"search_term_string"}}],"inLanguage":"en-GB"},{"@type":"Organization","@id":"https:\/\/denizcankizil.tr\/#organization","name":"Av. Deniz Can K\u0131z\u0131l","url":"https:\/\/denizcankizil.tr\/","logo":{"@type":"ImageObject","inLanguage":"en-GB","@id":"https:\/\/denizcankizil.tr\/#\/schema\/logo\/image\/","url":"https:\/\/denizcankizil.tr\/wp-content\/uploads\/2024\/10\/siyah-logo-svg.svg","contentUrl":"https:\/\/denizcankizil.tr\/wp-content\/uploads\/2024\/10\/siyah-logo-svg.svg","width":1080,"height":1080,"caption":"Av. Deniz Can K\u0131z\u0131l"},"image":{"@id":"https:\/\/denizcankizil.tr\/#\/schema\/logo\/image\/"}},{"@type":"Person","@id":"https:\/\/denizcankizil.tr\/#\/schema\/person\/001a271de994a0aa3f90eea084424822","name":"Hukuki Haber.net","image":{"@type":"ImageObject","inLanguage":"en-GB","@id":"https:\/\/denizcankizil.tr\/#\/schema\/person\/image\/","url":"https:\/\/secure.gravatar.com\/avatar\/57d8a49151495586611a149d29fc42865b951dc053a84709a3172ccb5abf3118?s=96&d=mm&r=g","contentUrl":"https:\/\/secure.gravatar.com\/avatar\/57d8a49151495586611a149d29fc42865b951dc053a84709a3172ccb5abf3118?s=96&d=mm&r=g","caption":"Hukuki Haber.net"},"sameAs":["http:\/\/www.hukukihaber.net"],"url":"https:\/\/www.hukukihaber.net\/infaz-kanunu-ve-acik-ceza-infaz-kurumuna-ayrilma-yonetmeligi-ile-ilgili-degisiklikler-isiginda-genel-infaz-yatar-derlemesi-1"}]}},"_links":{"self":[{"href":"https:\/\/denizcankizil.tr\/en\/wp-json\/wp\/v2\/posts\/113958","targetHints":{"allow":["GET"]}}],"collection":[{"href":"https:\/\/denizcankizil.tr\/en\/wp-json\/wp\/v2\/posts"}],"about":[{"href":"https:\/\/denizcankizil.tr\/en\/wp-json\/wp\/v2\/types\/post"}],"author":[{"embeddable":true,"href":"https:\/\/denizcankizil.tr\/en\/wp-json\/wp\/v2\/users\/3"}],"replies":[{"embeddable":true,"href":"https:\/\/denizcankizil.tr\/en\/wp-json\/wp\/v2\/comments?post=113958"}],"version-history":[{"count":0,"href":"https:\/\/denizcankizil.tr\/en\/wp-json\/wp\/v2\/posts\/113958\/revisions"}],"wp:attachment":[{"href":"https:\/\/denizcankizil.tr\/en\/wp-json\/wp\/v2\/media?parent=113958"}],"wp:term":[{"taxonomy":"category","embeddable":true,"href":"https:\/\/denizcankizil.tr\/en\/wp-json\/wp\/v2\/categories?post=113958"},{"taxonomy":"post_tag","embeddable":true,"href":"https:\/\/denizcankizil.tr\/en\/wp-json\/wp\/v2\/tags?post=113958"}],"curies":[{"name":"wp","href":"https:\/\/api.w.org\/{rel}","templated":true}]}}