{"id":113887,"date":"2025-06-11T21:42:15","date_gmt":"2025-06-11T18:42:15","guid":{"rendered":"https:\/\/denizcankizil.tr\/uncategorized-tr\/umit-ozdagin-tutukluluguna-devam-mahkeme-tahliye-talebini-reddetti\/"},"modified":"2025-06-11T21:42:15","modified_gmt":"2025-06-11T18:42:15","slug":"umit-ozdagin-tutukluluguna-devam-mahkeme-tahliye-talebini-reddetti","status":"publish","type":"post","link":"https:\/\/denizcankizil.tr\/en\/haberler\/gundem\/umit-ozdagin-tutukluluguna-devam-mahkeme-tahliye-talebini-reddetti\/","title":{"rendered":"\u00dcmit \u00d6zda\u011f\u2019\u0131n tutuklulu\u011funa devam&#8230; Mahkeme tahliye talebini reddetti"},"content":{"rendered":"<p>Zafer Partisi Genel Ba\u015fkan\u0131 Prof. Dr. \u00dcmit \u00d6zda\u011f\u2019\u0131n halk\u0131 kin ve d\u00fc\u015fmanl\u0131\u011fa tahrik su\u00e7lamas\u0131yla Silivri Cezaevi\u2019nde 5 ayd\u0131r devam eden tutuklulu\u011fu, mahkemenin tahliye beklentilerini bo\u015fa \u00e7\u0131karan karar\u0131yla bir kez daha uzat\u0131ld\u0131.\u0130STANBUL (\u0130GFA) &#8211; Zafer Partisi S\u00f6zc\u00fcs\u00fc Azmi Karamahmuto\u011flu, Silivri Yerle\u015fkesi\u2019nde g\u00f6r\u00fclen duru\u015fmada, Genel Ba\u015fkan Prof. Dr. \u00dcmit \u00d6zda\u011f\u2019\u0131n halk\u0131 kin ve d\u00fc\u015fmanl\u0131\u011fa tahrik su\u00e7lamas\u0131yla yarg\u0131land\u0131\u011f\u0131 davada, mahkemenin tutukluluk halinin devam\u0131na karar verdi\u011fini a\u00e7\u0131klad\u0131.<br \/>\nS\u00f6zc\u00fc Karamahmuto\u011flu, duru\u015fmada tahliye ya da tutuksuz yarg\u0131lama karar\u0131 beklenmesine ra\u011fmen, mahkemenin duru\u015fmay\u0131 erteleyerek \u00dcmit \u00d6zda\u011f\u2019\u0131 Silivri Cezaevi\u2019ndeki tek ki\u015filik h\u00fccresine geri g\u00f6nderdi\u011fini belirtti.<br \/>\nT\u00fcrkiye\u2019nin d\u00f6rt bir yan\u0131ndan gelen Zafer Partililer ve yurtsever vatanda\u015flar\u0131n, \u00d6zda\u011f\u2019\u0131 desteklemek i\u00e7in duru\u015fmaya kat\u0131ld\u0131\u011f\u0131n\u0131 ifade eden Karamahmuto\u011flu, \u201cHerkes \u00dcmit Hoca ile kucakla\u015fmay\u0131, onu al\u0131p gitmeyi umuyordu, ancak bu m\u00fcmk\u00fcn olmad\u0131. Mahkeme heyeti bu ak\u015fam evlerine gidip rahat\u00e7a uyuyacak, ama \u00dcmit \u00d6zda\u011f haks\u0131z bir \u015fekilde tek ki\u015filik h\u00fccrede kalmaya devam edecek\u201d dedi.<br \/>\nKaramahmuto\u011flu, \u00d6zda\u011f\u2019\u0131n tutuklulu\u011funun \u201cka\u00e7ma \u015f\u00fcphesi\u201d ve \u201cdelilleri karartma\u201d gerek\u00e7elerine dayand\u0131r\u0131ld\u0131\u011f\u0131n\u0131, ancak t\u00fcm delillerin topland\u0131\u011f\u0131n\u0131 ve ka\u00e7ma \u015f\u00fcphesinin \u201cmizaha bile konu olamayacak\u201d bir iddia oldu\u011funu vurgulad\u0131.<br \/>\n\u00d6zda\u011f\u2019\u0131n 19 Ocak\u2019tan bu yana \u201ceziyet\u201d \u00e7ekti\u011fini savunan S\u00f6zc\u00fc Azmi Karamahmuto\u011flu, \u201cBu, d\u00fc\u015fman ceza hukuku de\u011fil, kaba kuvvet uygulamas\u0131d\u0131r. Say\u0131n \u00d6zda\u011f\u2019a hukuk ve kanunlar de\u011fil, kaba kuvvet dayat\u0131l\u0131yor\u201d diye konu\u015ftu.<br \/>\n\u00d6te yandan Zafer Partisi Genel Ba\u015fkan\u0131 Prof. Dr. \u00dcmit \u00d6zda\u011f\u2019\u0131n savunma avukatlar\u0131ndan Prof. Dr. Sava\u015f \u00d6zda\u011f\u2019\u0131n da mahkemede \u201cd\u00fc\u015fman ceza hukuku\u201d yerine \u201ckaba kuvvet\u201d tabirini kulland\u0131\u011f\u0131 belirtildi. Parti S\u00f6zc\u00fcs\u00fc Azmi Karamahmuto\u011flu, bu karar\u0131n hukuki de\u011fil siyasi oldu\u011funu \u00f6ne s\u00fcrerek, \u00d6zda\u011f\u2019\u0131n m\u00fccadelesinin devam edece\u011fini ifade etti.<\/p>\n<p>\u200bZafer Partisi Genel Ba\u015fkan\u0131 Prof. Dr. \u00dcmit \u00d6zda\u011f\u2019\u0131n halk\u0131 kin ve d\u00fc\u015fmanl\u0131\u011fa tahrik su\u00e7lamas\u0131yla Silivri Cezaevi\u2019nde 5 ayd\u0131r devam eden tutuklulu\u011fu, mahkemenin tahliye beklentilerini bo\u015fa \u00e7\u0131karan karar\u0131yla bir kez daha uzat\u0131ld\u0131.\u0130STANBUL (\u0130GFA) &#8211; Zafer Partisi S\u00f6zc\u00fcs\u00fc Azmi Karamahmuto\u011flu, Silivri Yerle\u015fkesi\u2019nde g\u00f6r\u00fclen duru\u015fmada, Genel Ba\u015fkan Prof. Dr. \u00dcmit \u00d6zda\u011f\u2019\u0131n halk\u0131 kin ve d\u00fc\u015fmanl\u0131\u011fa tahrik su\u00e7lamas\u0131yla yarg\u0131land\u0131\u011f\u0131 davada, mahkemenin tutukluluk halinin devam\u0131na karar verdi\u011fini a\u00e7\u0131klad\u0131.<br \/>\nS\u00f6zc\u00fc Karamahmuto\u011flu, duru\u015fmada tahliye ya da tutuksuz yarg\u0131lama karar\u0131 beklenmesine ra\u011fmen, mahkemenin duru\u015fmay\u0131 erteleyerek \u00dcmit \u00d6zda\u011f\u2019\u0131 Silivri Cezaevi\u2019ndeki tek ki\u015filik h\u00fccresine geri g\u00f6nderdi\u011fini belirtti.<br \/>\nT\u00fcrkiye\u2019nin d\u00f6rt bir yan\u0131ndan gelen Zafer Partililer ve yurtsever vatanda\u015flar\u0131n, \u00d6zda\u011f\u2019\u0131 desteklemek i\u00e7in duru\u015fmaya kat\u0131ld\u0131\u011f\u0131n\u0131 ifade eden Karamahmuto\u011flu, \u201cHerkes \u00dcmit Hoca ile kucakla\u015fmay\u0131, onu al\u0131p gitmeyi umuyordu, ancak bu m\u00fcmk\u00fcn olmad\u0131. Mahkeme heyeti bu ak\u015fam evlerine gidip rahat\u00e7a uyuyacak, ama \u00dcmit \u00d6zda\u011f haks\u0131z bir \u015fekilde tek ki\u015filik h\u00fccrede kalmaya devam edecek\u201d dedi.<br \/>\nKaramahmuto\u011flu, \u00d6zda\u011f\u2019\u0131n tutuklulu\u011funun \u201cka\u00e7ma \u015f\u00fcphesi\u201d ve \u201cdelilleri karartma\u201d gerek\u00e7elerine dayand\u0131r\u0131ld\u0131\u011f\u0131n\u0131, ancak t\u00fcm delillerin topland\u0131\u011f\u0131n\u0131 ve ka\u00e7ma \u015f\u00fcphesinin \u201cmizaha bile konu olamayacak\u201d bir iddia oldu\u011funu vurgulad\u0131.<br \/>\n\u00d6zda\u011f\u2019\u0131n 19 Ocak\u2019tan bu yana \u201ceziyet\u201d \u00e7ekti\u011fini savunan S\u00f6zc\u00fc Azmi Karamahmuto\u011flu, \u201cBu, d\u00fc\u015fman ceza hukuku de\u011fil, kaba kuvvet uygulamas\u0131d\u0131r. Say\u0131n \u00d6zda\u011f\u2019a hukuk ve kanunlar de\u011fil, kaba kuvvet dayat\u0131l\u0131yor\u201d diye konu\u015ftu.<br \/>\n\u00d6te yandan Zafer Partisi Genel Ba\u015fkan\u0131 Prof. Dr. \u00dcmit \u00d6zda\u011f\u2019\u0131n savunma avukatlar\u0131ndan Prof. Dr. Sava\u015f \u00d6zda\u011f\u2019\u0131n da mahkemede \u201cd\u00fc\u015fman ceza hukuku\u201d yerine \u201ckaba kuvvet\u201d tabirini kulland\u0131\u011f\u0131 belirtildi. Parti S\u00f6zc\u00fcs\u00fc Azmi Karamahmuto\u011flu, bu karar\u0131n hukuki de\u011fil siyasi oldu\u011funu \u00f6ne s\u00fcrerek, \u00d6zda\u011f\u2019\u0131n m\u00fccadelesinin devam edece\u011fini ifade etti.\u00a0<\/p>\n<p>\u200bHaberin Al\u0131nt\u0131land\u0131\u011f\u0131 Kaynak: www.iskenderun.org<\/p>","protected":false},"excerpt":{"rendered":"<p>Zafer Partisi Genel Ba\u015fkan\u0131 Prof. Dr. \u00dcmit \u00d6zda\u011f\u2019\u0131n halk\u0131 kin ve d\u00fc\u015fmanl\u0131\u011fa tahrik su\u00e7lamas\u0131yla Silivri Cezaevi\u2019nde 5 ayd\u0131r devam eden tutuklulu\u011fu, mahkemenin tahliye beklentilerini bo\u015fa \u00e7\u0131karan karar\u0131yla bir kez daha uzat\u0131ld\u0131.\u0130STANBUL (\u0130GFA) &#8211; Zafer Partisi S\u00f6zc\u00fcs\u00fc Azmi Karamahmuto\u011flu, Silivri Yerle\u015fkesi\u2019nde g\u00f6r\u00fclen duru\u015fmada, Genel Ba\u015fkan Prof. Dr. \u00dcmit \u00d6zda\u011f\u2019\u0131n halk\u0131 kin ve d\u00fc\u015fmanl\u0131\u011fa tahrik su\u00e7lamas\u0131yla yarg\u0131land\u0131\u011f\u0131 davada, mahkemenin tutukluluk halinin devam\u0131na karar verdi\u011fini a\u00e7\u0131klad\u0131. S\u00f6zc\u00fc Karamahmuto\u011flu, duru\u015fmada tahliye ya da tutuksuz yarg\u0131lama karar\u0131 beklenmesine ra\u011fmen, mahkemenin duru\u015fmay\u0131 erteleyerek \u00dcmit \u00d6zda\u011f\u2019\u0131 Silivri Cezaevi\u2019ndeki tek ki\u015filik h\u00fccresine geri g\u00f6nderdi\u011fini belirtti. T\u00fcrkiye\u2019nin d\u00f6rt bir yan\u0131ndan gelen Zafer Partililer ve yurtsever vatanda\u015flar\u0131n, \u00d6zda\u011f\u2019\u0131 desteklemek i\u00e7in duru\u015fmaya kat\u0131ld\u0131\u011f\u0131n\u0131 ifade eden Karamahmuto\u011flu, \u201cHerkes \u00dcmit Hoca ile kucakla\u015fmay\u0131, onu al\u0131p gitmeyi umuyordu, ancak bu m\u00fcmk\u00fcn olmad\u0131. Mahkeme heyeti bu ak\u015fam evlerine gidip rahat\u00e7a uyuyacak, ama \u00dcmit \u00d6zda\u011f haks\u0131z bir \u015fekilde tek ki\u015filik h\u00fccrede kalmaya devam edecek\u201d dedi. Karamahmuto\u011flu, \u00d6zda\u011f\u2019\u0131n tutuklulu\u011funun \u201cka\u00e7ma \u015f\u00fcphesi\u201d ve \u201cdelilleri karartma\u201d gerek\u00e7elerine dayand\u0131r\u0131ld\u0131\u011f\u0131n\u0131, ancak t\u00fcm delillerin topland\u0131\u011f\u0131n\u0131 ve ka\u00e7ma \u015f\u00fcphesinin \u201cmizaha bile konu olamayacak\u201d bir iddia oldu\u011funu vurgulad\u0131. \u00d6zda\u011f\u2019\u0131n 19 Ocak\u2019tan bu yana \u201ceziyet\u201d \u00e7ekti\u011fini savunan S\u00f6zc\u00fc Azmi Karamahmuto\u011flu, \u201cBu, d\u00fc\u015fman ceza hukuku de\u011fil, kaba kuvvet uygulamas\u0131d\u0131r. Say\u0131n \u00d6zda\u011f\u2019a hukuk ve kanunlar de\u011fil, kaba kuvvet dayat\u0131l\u0131yor\u201d diye konu\u015ftu. \u00d6te yandan Zafer Partisi Genel Ba\u015fkan\u0131 &hellip;<\/p>","protected":false},"author":1,"featured_media":0,"comment_status":"","ping_status":"open","sticky":false,"template":"","format":"standard","meta":{"_acf_changed":false,"footnotes":""},"categories":[24],"tags":[],"class_list":["post-113887","post","type-post","status-publish","format-standard","has-post-thumbnail","hentry","category-gundem"],"acf":[],"yoast_head":"<!-- This site is optimized with the Yoast SEO Premium plugin v26.6 (Yoast SEO v27.1.1) - https:\/\/yoast.com\/product\/yoast-seo-premium-wordpress\/ -->\n<title>\u00dcmit \u00d6zda\u011f\u2019\u0131n tutuklulu\u011funa devam... Mahkeme tahliye talebini reddetti - Av. Deniz Can K\u0131z\u0131l<\/title>\n<meta name=\"robots\" content=\"index, follow, max-snippet:-1, max-image-preview:large, max-video-preview:-1\" \/>\n<link rel=\"canonical\" href=\"https:\/\/denizcankizil.tr\/en\/haberler\/gundem\/umit-ozdagin-tutukluluguna-devam-mahkeme-tahliye-talebini-reddetti\/\" \/>\n<meta property=\"og:locale\" content=\"en_GB\" \/>\n<meta property=\"og:type\" content=\"article\" \/>\n<meta property=\"og:title\" content=\"\u00dcmit \u00d6zda\u011f\u2019\u0131n tutuklulu\u011funa devam... Mahkeme tahliye talebini reddetti\" \/>\n<meta property=\"og:description\" content=\"Zafer Partisi Genel Ba\u015fkan\u0131 Prof. Dr. \u00dcmit \u00d6zda\u011f\u2019\u0131n halk\u0131 kin ve d\u00fc\u015fmanl\u0131\u011fa tahrik su\u00e7lamas\u0131yla Silivri Cezaevi\u2019nde 5 ayd\u0131r devam eden tutuklulu\u011fu, mahkemenin tahliye beklentilerini bo\u015fa \u00e7\u0131karan karar\u0131yla bir kez daha uzat\u0131ld\u0131.\u0130STANBUL (\u0130GFA) &#8211; Zafer Partisi S\u00f6zc\u00fcs\u00fc Azmi Karamahmuto\u011flu, Silivri Yerle\u015fkesi\u2019nde g\u00f6r\u00fclen duru\u015fmada, Genel Ba\u015fkan Prof. Dr. \u00dcmit \u00d6zda\u011f\u2019\u0131n halk\u0131 kin ve d\u00fc\u015fmanl\u0131\u011fa tahrik su\u00e7lamas\u0131yla yarg\u0131land\u0131\u011f\u0131 davada, mahkemenin tutukluluk halinin devam\u0131na karar verdi\u011fini a\u00e7\u0131klad\u0131. S\u00f6zc\u00fc Karamahmuto\u011flu, duru\u015fmada tahliye ya da tutuksuz yarg\u0131lama karar\u0131 beklenmesine ra\u011fmen, mahkemenin duru\u015fmay\u0131 erteleyerek \u00dcmit \u00d6zda\u011f\u2019\u0131 Silivri Cezaevi\u2019ndeki tek ki\u015filik h\u00fccresine geri g\u00f6nderdi\u011fini belirtti. T\u00fcrkiye\u2019nin d\u00f6rt bir yan\u0131ndan gelen Zafer Partililer ve yurtsever vatanda\u015flar\u0131n, \u00d6zda\u011f\u2019\u0131 desteklemek i\u00e7in duru\u015fmaya kat\u0131ld\u0131\u011f\u0131n\u0131 ifade eden Karamahmuto\u011flu, \u201cHerkes \u00dcmit Hoca ile kucakla\u015fmay\u0131, onu al\u0131p gitmeyi umuyordu, ancak bu m\u00fcmk\u00fcn olmad\u0131. Mahkeme heyeti bu ak\u015fam evlerine gidip rahat\u00e7a uyuyacak, ama \u00dcmit \u00d6zda\u011f haks\u0131z bir \u015fekilde tek ki\u015filik h\u00fccrede kalmaya devam edecek\u201d dedi. Karamahmuto\u011flu, \u00d6zda\u011f\u2019\u0131n tutuklulu\u011funun \u201cka\u00e7ma \u015f\u00fcphesi\u201d ve \u201cdelilleri karartma\u201d gerek\u00e7elerine dayand\u0131r\u0131ld\u0131\u011f\u0131n\u0131, ancak t\u00fcm delillerin topland\u0131\u011f\u0131n\u0131 ve ka\u00e7ma \u015f\u00fcphesinin \u201cmizaha bile konu olamayacak\u201d bir iddia oldu\u011funu vurgulad\u0131. \u00d6zda\u011f\u2019\u0131n 19 Ocak\u2019tan bu yana \u201ceziyet\u201d \u00e7ekti\u011fini savunan S\u00f6zc\u00fc Azmi Karamahmuto\u011flu, \u201cBu, d\u00fc\u015fman ceza hukuku de\u011fil, kaba kuvvet uygulamas\u0131d\u0131r. Say\u0131n \u00d6zda\u011f\u2019a hukuk ve kanunlar de\u011fil, kaba kuvvet dayat\u0131l\u0131yor\u201d diye konu\u015ftu. \u00d6te yandan Zafer Partisi Genel Ba\u015fkan\u0131 &hellip;\" \/>\n<meta property=\"og:url\" content=\"https:\/\/denizcankizil.tr\/en\/haberler\/gundem\/umit-ozdagin-tutukluluguna-devam-mahkeme-tahliye-talebini-reddetti\/\" \/>\n<meta property=\"og:site_name\" content=\"Av. Deniz Can K\u0131z\u0131l\" \/>\n<meta property=\"article:published_time\" content=\"2025-06-11T18:42:15+00:00\" \/>\n<meta name=\"author\" content=\"admin\" \/>\n<meta name=\"twitter:card\" content=\"summary_large_image\" \/>\n<meta name=\"twitter:label1\" content=\"Written by\" \/>\n\t<meta name=\"twitter:data1\" content=\"admin\" \/>\n\t<meta name=\"twitter:label2\" content=\"Estimated reading time\" \/>\n\t<meta name=\"twitter:data2\" content=\"3 minutes\" \/>\n<script type=\"application\/ld+json\" class=\"yoast-schema-graph\">{\"@context\":\"https:\/\/schema.org\",\"@graph\":[{\"@type\":\"Article\",\"@id\":\"https:\/\/denizcankizil.tr\/en\/haberler\/gundem\/umit-ozdagin-tutukluluguna-devam-mahkeme-tahliye-talebini-reddetti\/#article\",\"isPartOf\":{\"@id\":\"https:\/\/denizcankizil.tr\/en\/haberler\/gundem\/umit-ozdagin-tutukluluguna-devam-mahkeme-tahliye-talebini-reddetti\/\"},\"author\":{\"name\":\"admin\",\"@id\":\"https:\/\/denizcankizil.tr\/de\/#\/schema\/person\/be3c05fe6a12686905512445d8185489\"},\"headline\":\"\u00dcmit \u00d6zda\u011f\u2019\u0131n tutuklulu\u011funa devam&#8230; Mahkeme tahliye talebini reddetti\",\"datePublished\":\"2025-06-11T18:42:15+00:00\",\"mainEntityOfPage\":{\"@id\":\"https:\/\/denizcankizil.tr\/en\/haberler\/gundem\/umit-ozdagin-tutukluluguna-devam-mahkeme-tahliye-talebini-reddetti\/\"},\"wordCount\":700,\"publisher\":{\"@id\":\"https:\/\/denizcankizil.tr\/de\/#organization\"},\"articleSection\":[\"G\u00fcndem\"],\"inLanguage\":\"en-GB\"},{\"@type\":\"WebPage\",\"@id\":\"https:\/\/denizcankizil.tr\/en\/haberler\/gundem\/umit-ozdagin-tutukluluguna-devam-mahkeme-tahliye-talebini-reddetti\/\",\"url\":\"https:\/\/denizcankizil.tr\/en\/haberler\/gundem\/umit-ozdagin-tutukluluguna-devam-mahkeme-tahliye-talebini-reddetti\/\",\"name\":\"\u00dcmit \u00d6zda\u011f\u2019\u0131n tutuklulu\u011funa devam... Mahkeme tahliye talebini reddetti - Av. Deniz Can K\u0131z\u0131l\",\"isPartOf\":{\"@id\":\"https:\/\/denizcankizil.tr\/de\/#website\"},\"datePublished\":\"2025-06-11T18:42:15+00:00\",\"breadcrumb\":{\"@id\":\"https:\/\/denizcankizil.tr\/en\/haberler\/gundem\/umit-ozdagin-tutukluluguna-devam-mahkeme-tahliye-talebini-reddetti\/#breadcrumb\"},\"inLanguage\":\"en-GB\",\"potentialAction\":[{\"@type\":\"ReadAction\",\"target\":[\"https:\/\/denizcankizil.tr\/en\/haberler\/gundem\/umit-ozdagin-tutukluluguna-devam-mahkeme-tahliye-talebini-reddetti\/\"]}]},{\"@type\":\"BreadcrumbList\",\"@id\":\"https:\/\/denizcankizil.tr\/en\/haberler\/gundem\/umit-ozdagin-tutukluluguna-devam-mahkeme-tahliye-talebini-reddetti\/#breadcrumb\",\"itemListElement\":[{\"@type\":\"ListItem\",\"position\":1,\"name\":\"Home\",\"item\":\"https:\/\/denizcankizil.tr\/de\/\"},{\"@type\":\"ListItem\",\"position\":2,\"name\":\"\u00dcmit \u00d6zda\u011f\u2019\u0131n tutuklulu\u011funa devam&#8230; Mahkeme tahliye talebini reddetti\"}]},{\"@type\":\"WebSite\",\"@id\":\"https:\/\/denizcankizil.tr\/de\/#website\",\"url\":\"https:\/\/denizcankizil.tr\/de\/\",\"name\":\"Av. Deniz Can K\u0131z\u0131l\",\"description\":\"Avukat Deniz Can K\u0131z\u0131l Antalya Barosu\",\"publisher\":{\"@id\":\"https:\/\/denizcankizil.tr\/de\/#organization\"},\"potentialAction\":[{\"@type\":\"SearchAction\",\"target\":{\"@type\":\"EntryPoint\",\"urlTemplate\":\"https:\/\/denizcankizil.tr\/de\/?s={search_term_string}\"},\"query-input\":{\"@type\":\"PropertyValueSpecification\",\"valueRequired\":true,\"valueName\":\"search_term_string\"}}],\"inLanguage\":\"en-GB\"},{\"@type\":\"Organization\",\"@id\":\"https:\/\/denizcankizil.tr\/de\/#organization\",\"name\":\"Av. Deniz Can K\u0131z\u0131l\",\"url\":\"https:\/\/denizcankizil.tr\/de\/\",\"logo\":{\"@type\":\"ImageObject\",\"inLanguage\":\"en-GB\",\"@id\":\"https:\/\/denizcankizil.tr\/de\/#\/schema\/logo\/image\/\",\"url\":\"https:\/\/denizcankizil.tr\/wp-content\/uploads\/2024\/10\/siyah-logo-svg.svg\",\"contentUrl\":\"https:\/\/denizcankizil.tr\/wp-content\/uploads\/2024\/10\/siyah-logo-svg.svg\",\"width\":1080,\"height\":1080,\"caption\":\"Av. Deniz Can K\u0131z\u0131l\"},\"image\":{\"@id\":\"https:\/\/denizcankizil.tr\/de\/#\/schema\/logo\/image\/\"}},{\"@type\":\"Person\",\"@id\":\"https:\/\/denizcankizil.tr\/de\/#\/schema\/person\/be3c05fe6a12686905512445d8185489\",\"name\":\"admin\",\"image\":{\"@type\":\"ImageObject\",\"inLanguage\":\"en-GB\",\"@id\":\"https:\/\/denizcankizil.tr\/de\/#\/schema\/person\/image\/\",\"url\":\"https:\/\/secure.gravatar.com\/avatar\/c1fce94c830dc79107e174f890d7210541c4a63e8e5d816341794a2151c9d58c?s=96&d=mm&r=g\",\"contentUrl\":\"https:\/\/secure.gravatar.com\/avatar\/c1fce94c830dc79107e174f890d7210541c4a63e8e5d816341794a2151c9d58c?s=96&d=mm&r=g\",\"caption\":\"admin\"},\"sameAs\":[\"http:\/\/denizcankizil.tr\"],\"url\":\"https:\/\/www.iskenderun.org\/umit-ozdagin-tutukluluguna-devam-mahkeme-tahliye-talebini-reddetti\"}]}<\/script>\n<!-- \/ Yoast SEO Premium plugin. -->","yoast_head_json":{"title":"\u00dcmit \u00d6zda\u011f\u2019\u0131n tutuklulu\u011funa devam... Mahkeme tahliye talebini reddetti - Av. Deniz Can K\u0131z\u0131l","robots":{"index":"index","follow":"follow","max-snippet":"max-snippet:-1","max-image-preview":"max-image-preview:large","max-video-preview":"max-video-preview:-1"},"canonical":"https:\/\/denizcankizil.tr\/en\/haberler\/gundem\/umit-ozdagin-tutukluluguna-devam-mahkeme-tahliye-talebini-reddetti\/","og_locale":"en_GB","og_type":"article","og_title":"\u00dcmit \u00d6zda\u011f\u2019\u0131n tutuklulu\u011funa devam... Mahkeme tahliye talebini reddetti","og_description":"Zafer Partisi Genel Ba\u015fkan\u0131 Prof. Dr. \u00dcmit \u00d6zda\u011f\u2019\u0131n halk\u0131 kin ve d\u00fc\u015fmanl\u0131\u011fa tahrik su\u00e7lamas\u0131yla Silivri Cezaevi\u2019nde 5 ayd\u0131r devam eden tutuklulu\u011fu, mahkemenin tahliye beklentilerini bo\u015fa \u00e7\u0131karan karar\u0131yla bir kez daha uzat\u0131ld\u0131.\u0130STANBUL (\u0130GFA) &#8211; Zafer Partisi S\u00f6zc\u00fcs\u00fc Azmi Karamahmuto\u011flu, Silivri Yerle\u015fkesi\u2019nde g\u00f6r\u00fclen duru\u015fmada, Genel Ba\u015fkan Prof. Dr. \u00dcmit \u00d6zda\u011f\u2019\u0131n halk\u0131 kin ve d\u00fc\u015fmanl\u0131\u011fa tahrik su\u00e7lamas\u0131yla yarg\u0131land\u0131\u011f\u0131 davada, mahkemenin tutukluluk halinin devam\u0131na karar verdi\u011fini a\u00e7\u0131klad\u0131. S\u00f6zc\u00fc Karamahmuto\u011flu, duru\u015fmada tahliye ya da tutuksuz yarg\u0131lama karar\u0131 beklenmesine ra\u011fmen, mahkemenin duru\u015fmay\u0131 erteleyerek \u00dcmit \u00d6zda\u011f\u2019\u0131 Silivri Cezaevi\u2019ndeki tek ki\u015filik h\u00fccresine geri g\u00f6nderdi\u011fini belirtti. T\u00fcrkiye\u2019nin d\u00f6rt bir yan\u0131ndan gelen Zafer Partililer ve yurtsever vatanda\u015flar\u0131n, \u00d6zda\u011f\u2019\u0131 desteklemek i\u00e7in duru\u015fmaya kat\u0131ld\u0131\u011f\u0131n\u0131 ifade eden Karamahmuto\u011flu, \u201cHerkes \u00dcmit Hoca ile kucakla\u015fmay\u0131, onu al\u0131p gitmeyi umuyordu, ancak bu m\u00fcmk\u00fcn olmad\u0131. Mahkeme heyeti bu ak\u015fam evlerine gidip rahat\u00e7a uyuyacak, ama \u00dcmit \u00d6zda\u011f haks\u0131z bir \u015fekilde tek ki\u015filik h\u00fccrede kalmaya devam edecek\u201d dedi. Karamahmuto\u011flu, \u00d6zda\u011f\u2019\u0131n tutuklulu\u011funun \u201cka\u00e7ma \u015f\u00fcphesi\u201d ve \u201cdelilleri karartma\u201d gerek\u00e7elerine dayand\u0131r\u0131ld\u0131\u011f\u0131n\u0131, ancak t\u00fcm delillerin topland\u0131\u011f\u0131n\u0131 ve ka\u00e7ma \u015f\u00fcphesinin \u201cmizaha bile konu olamayacak\u201d bir iddia oldu\u011funu vurgulad\u0131. \u00d6zda\u011f\u2019\u0131n 19 Ocak\u2019tan bu yana \u201ceziyet\u201d \u00e7ekti\u011fini savunan S\u00f6zc\u00fc Azmi Karamahmuto\u011flu, \u201cBu, d\u00fc\u015fman ceza hukuku de\u011fil, kaba kuvvet uygulamas\u0131d\u0131r. Say\u0131n \u00d6zda\u011f\u2019a hukuk ve kanunlar de\u011fil, kaba kuvvet dayat\u0131l\u0131yor\u201d diye konu\u015ftu. \u00d6te yandan Zafer Partisi Genel Ba\u015fkan\u0131 &hellip;","og_url":"https:\/\/denizcankizil.tr\/en\/haberler\/gundem\/umit-ozdagin-tutukluluguna-devam-mahkeme-tahliye-talebini-reddetti\/","og_site_name":"Av. Deniz Can K\u0131z\u0131l","article_published_time":"2025-06-11T18:42:15+00:00","author":"admin","twitter_card":"summary_large_image","twitter_misc":{"Written by":"admin","Estimated reading time":"3 minutes"},"schema":{"@context":"https:\/\/schema.org","@graph":[{"@type":"Article","@id":"https:\/\/denizcankizil.tr\/en\/haberler\/gundem\/umit-ozdagin-tutukluluguna-devam-mahkeme-tahliye-talebini-reddetti\/#article","isPartOf":{"@id":"https:\/\/denizcankizil.tr\/en\/haberler\/gundem\/umit-ozdagin-tutukluluguna-devam-mahkeme-tahliye-talebini-reddetti\/"},"author":{"name":"admin","@id":"https:\/\/denizcankizil.tr\/de\/#\/schema\/person\/be3c05fe6a12686905512445d8185489"},"headline":"\u00dcmit \u00d6zda\u011f\u2019\u0131n tutuklulu\u011funa devam&#8230; Mahkeme tahliye talebini reddetti","datePublished":"2025-06-11T18:42:15+00:00","mainEntityOfPage":{"@id":"https:\/\/denizcankizil.tr\/en\/haberler\/gundem\/umit-ozdagin-tutukluluguna-devam-mahkeme-tahliye-talebini-reddetti\/"},"wordCount":700,"publisher":{"@id":"https:\/\/denizcankizil.tr\/de\/#organization"},"articleSection":["G\u00fcndem"],"inLanguage":"en-GB"},{"@type":"WebPage","@id":"https:\/\/denizcankizil.tr\/en\/haberler\/gundem\/umit-ozdagin-tutukluluguna-devam-mahkeme-tahliye-talebini-reddetti\/","url":"https:\/\/denizcankizil.tr\/en\/haberler\/gundem\/umit-ozdagin-tutukluluguna-devam-mahkeme-tahliye-talebini-reddetti\/","name":"\u00dcmit \u00d6zda\u011f\u2019\u0131n tutuklulu\u011funa devam... Mahkeme tahliye talebini reddetti - Av. Deniz Can K\u0131z\u0131l","isPartOf":{"@id":"https:\/\/denizcankizil.tr\/de\/#website"},"datePublished":"2025-06-11T18:42:15+00:00","breadcrumb":{"@id":"https:\/\/denizcankizil.tr\/en\/haberler\/gundem\/umit-ozdagin-tutukluluguna-devam-mahkeme-tahliye-talebini-reddetti\/#breadcrumb"},"inLanguage":"en-GB","potentialAction":[{"@type":"ReadAction","target":["https:\/\/denizcankizil.tr\/en\/haberler\/gundem\/umit-ozdagin-tutukluluguna-devam-mahkeme-tahliye-talebini-reddetti\/"]}]},{"@type":"BreadcrumbList","@id":"https:\/\/denizcankizil.tr\/en\/haberler\/gundem\/umit-ozdagin-tutukluluguna-devam-mahkeme-tahliye-talebini-reddetti\/#breadcrumb","itemListElement":[{"@type":"ListItem","position":1,"name":"Home","item":"https:\/\/denizcankizil.tr\/de\/"},{"@type":"ListItem","position":2,"name":"\u00dcmit \u00d6zda\u011f\u2019\u0131n tutuklulu\u011funa devam&#8230; Mahkeme tahliye talebini reddetti"}]},{"@type":"WebSite","@id":"https:\/\/denizcankizil.tr\/de\/#website","url":"https:\/\/denizcankizil.tr\/de\/","name":"Av. Deniz Can K\u0131z\u0131l","description":"Avukat Deniz Can K\u0131z\u0131l Antalya Barosu","publisher":{"@id":"https:\/\/denizcankizil.tr\/de\/#organization"},"potentialAction":[{"@type":"SearchAction","target":{"@type":"EntryPoint","urlTemplate":"https:\/\/denizcankizil.tr\/de\/?s={search_term_string}"},"query-input":{"@type":"PropertyValueSpecification","valueRequired":true,"valueName":"search_term_string"}}],"inLanguage":"en-GB"},{"@type":"Organization","@id":"https:\/\/denizcankizil.tr\/de\/#organization","name":"Av. Deniz Can K\u0131z\u0131l","url":"https:\/\/denizcankizil.tr\/de\/","logo":{"@type":"ImageObject","inLanguage":"en-GB","@id":"https:\/\/denizcankizil.tr\/de\/#\/schema\/logo\/image\/","url":"https:\/\/denizcankizil.tr\/wp-content\/uploads\/2024\/10\/siyah-logo-svg.svg","contentUrl":"https:\/\/denizcankizil.tr\/wp-content\/uploads\/2024\/10\/siyah-logo-svg.svg","width":1080,"height":1080,"caption":"Av. Deniz Can K\u0131z\u0131l"},"image":{"@id":"https:\/\/denizcankizil.tr\/de\/#\/schema\/logo\/image\/"}},{"@type":"Person","@id":"https:\/\/denizcankizil.tr\/de\/#\/schema\/person\/be3c05fe6a12686905512445d8185489","name":"admin","image":{"@type":"ImageObject","inLanguage":"en-GB","@id":"https:\/\/denizcankizil.tr\/de\/#\/schema\/person\/image\/","url":"https:\/\/secure.gravatar.com\/avatar\/c1fce94c830dc79107e174f890d7210541c4a63e8e5d816341794a2151c9d58c?s=96&d=mm&r=g","contentUrl":"https:\/\/secure.gravatar.com\/avatar\/c1fce94c830dc79107e174f890d7210541c4a63e8e5d816341794a2151c9d58c?s=96&d=mm&r=g","caption":"admin"},"sameAs":["http:\/\/denizcankizil.tr"],"url":"https:\/\/www.iskenderun.org\/umit-ozdagin-tutukluluguna-devam-mahkeme-tahliye-talebini-reddetti"}]}},"_links":{"self":[{"href":"https:\/\/denizcankizil.tr\/en\/wp-json\/wp\/v2\/posts\/113887","targetHints":{"allow":["GET"]}}],"collection":[{"href":"https:\/\/denizcankizil.tr\/en\/wp-json\/wp\/v2\/posts"}],"about":[{"href":"https:\/\/denizcankizil.tr\/en\/wp-json\/wp\/v2\/types\/post"}],"author":[{"embeddable":true,"href":"https:\/\/denizcankizil.tr\/en\/wp-json\/wp\/v2\/users\/1"}],"replies":[{"embeddable":true,"href":"https:\/\/denizcankizil.tr\/en\/wp-json\/wp\/v2\/comments?post=113887"}],"version-history":[{"count":0,"href":"https:\/\/denizcankizil.tr\/en\/wp-json\/wp\/v2\/posts\/113887\/revisions"}],"wp:attachment":[{"href":"https:\/\/denizcankizil.tr\/en\/wp-json\/wp\/v2\/media?parent=113887"}],"wp:term":[{"taxonomy":"category","embeddable":true,"href":"https:\/\/denizcankizil.tr\/en\/wp-json\/wp\/v2\/categories?post=113887"},{"taxonomy":"post_tag","embeddable":true,"href":"https:\/\/denizcankizil.tr\/en\/wp-json\/wp\/v2\/tags?post=113887"}],"curies":[{"name":"wp","href":"https:\/\/api.w.org\/{rel}","templated":true}]}}