{"id":113669,"date":"2025-06-11T17:41:29","date_gmt":"2025-06-11T14:41:29","guid":{"rendered":"https:\/\/denizcankizil.tr\/uncategorized-tr\/yasli-adami-arama-calismalari-devam-ediyor\/"},"modified":"2025-06-11T17:41:29","modified_gmt":"2025-06-11T14:41:29","slug":"yasli-adami-arama-calismalari-devam-ediyor","status":"publish","type":"post","link":"https:\/\/denizcankizil.tr\/en\/haberler\/antalya\/yasli-adami-arama-calismalari-devam-ediyor\/","title":{"rendered":"Ya\u015fl\u0131 adam\u0131 arama \u00e7al\u0131\u015fmalar\u0131 devam ediyor"},"content":{"rendered":"<p>Olay, Gazipa\u015fa&#8217;n\u0131n G\u00fcneyk\u00f6y Mahallesi&#8217;nde meydana geldi. Edinilen bilgiye g\u00f6re, 7 g\u00fcn \u00f6nce yaylaya \u00e7\u0131kan H\u00fcseyin Karadeniz&#8217;den bir daha haber al\u0131namad\u0131. Ak\u015fam saatlerine kadar geri d\u00f6nmeyince yak\u0131nlar\u0131 ya\u015fl\u0131 adam\u0131 aramaya ba\u015flad\u0131. Kendi imkanlar\u0131yla yap\u0131lan aramalardan sonu\u00e7 alamayan aile, durumu jandarmaya bildirdi. \u0130hbar\u0131n ard\u0131ndan Gazipa\u015fa \u0130l\u00e7e Jandarma Komutanl\u0131\u011f\u0131 koordinesinde ba\u015flat\u0131lan arama \u00e7al\u0131\u015fmalar\u0131na, AFAD, Jandarma Arama Kurtarma (JAK), AKUT, jandarma komando timleri ve g\u00f6n\u00fcll\u00fclerden olu\u015fan yakla\u015f\u0131k 300 ki\u015filik ekip kat\u0131ld\u0131. Zorlu arazi \u015fartlar\u0131nda s\u00fcrd\u00fcr\u00fclen \u00e7al\u0131\u015fmalarda iz takip k\u00f6pekleri ve iki kadavra k\u00f6pe\u011fi de g\u00f6rev al\u0131yor.<\/p>\n<p>Dron ve termal kameralarla havadan tarama yap\u0131ld\u0131<br \/>\nKaradan yap\u0131lan aramalar\u0131n yan\u0131 s\u0131ra, dron ve termal kameralarla havadan tarama ger\u00e7ekle\u015ftirilerek b\u00f6lge detayl\u0131 \u015fekilde inceleniyor. Aramalar, yayla \u00e7evresi ve ormanl\u0131k alanlarda yo\u011funla\u015ft\u0131r\u0131ld\u0131. \u015eu ana kadar ya\u015fl\u0131 adama ait herhangi bir iz ya da bulguya ula\u015f\u0131lamazken, ekiplerin \u00e7al\u0131\u015fmalar\u0131 gece g\u00fcnd\u00fcz aral\u0131ks\u0131z devam ediyor. Yetkililer, b\u00f6lge halk\u0131n\u0131 muhtemel bir ipucu ya da \u015f\u00fcpheli durumu g\u00fcvenlik g\u00fc\u00e7lerine bildirmeleri konusunda uyard\u0131.<\/p>\n<p>Kaynak: www.kanalv.com.tr Haber Sitesinden Al\u0131nm\u0131\u015ft\u0131r.<\/p>","protected":false},"excerpt":{"rendered":"<p>Olay, Gazipa\u015fa&#8217;n\u0131n G\u00fcneyk\u00f6y Mahallesi&#8217;nde meydana geldi. Edinilen bilgiye g\u00f6re, 7 g\u00fcn \u00f6nce yaylaya \u00e7\u0131kan H\u00fcseyin Karadeniz&#8217;den bir daha haber al\u0131namad\u0131. Ak\u015fam saatlerine kadar geri d\u00f6nmeyince yak\u0131nlar\u0131 ya\u015fl\u0131 adam\u0131 aramaya ba\u015flad\u0131. Kendi imkanlar\u0131yla yap\u0131lan aramalardan sonu\u00e7 alamayan aile, durumu jandarmaya bildirdi. \u0130hbar\u0131n ard\u0131ndan Gazipa\u015fa \u0130l\u00e7e Jandarma Komutanl\u0131\u011f\u0131 koordinesinde ba\u015flat\u0131lan arama \u00e7al\u0131\u015fmalar\u0131na, AFAD, Jandarma Arama Kurtarma (JAK), AKUT, jandarma komando timleri ve g\u00f6n\u00fcll\u00fclerden olu\u015fan yakla\u015f\u0131k 300 ki\u015filik ekip kat\u0131ld\u0131. Zorlu arazi \u015fartlar\u0131nda s\u00fcrd\u00fcr\u00fclen \u00e7al\u0131\u015fmalarda iz takip k\u00f6pekleri ve iki kadavra k\u00f6pe\u011fi de g\u00f6rev al\u0131yor. Dron ve termal kameralarla havadan tarama yap\u0131ld\u0131 Karadan yap\u0131lan aramalar\u0131n yan\u0131 s\u0131ra, dron ve termal kameralarla havadan tarama ger\u00e7ekle\u015ftirilerek b\u00f6lge detayl\u0131 \u015fekilde inceleniyor. Aramalar, yayla \u00e7evresi ve ormanl\u0131k alanlarda yo\u011funla\u015ft\u0131r\u0131ld\u0131. \u015eu ana kadar ya\u015fl\u0131 adama ait herhangi bir iz ya da bulguya ula\u015f\u0131lamazken, ekiplerin \u00e7al\u0131\u015fmalar\u0131 gece g\u00fcnd\u00fcz aral\u0131ks\u0131z devam ediyor. Yetkililer, b\u00f6lge halk\u0131n\u0131 muhtemel bir ipucu ya da \u015f\u00fcpheli durumu g\u00fcvenlik g\u00fc\u00e7lerine bildirmeleri konusunda uyard\u0131. Kaynak: www.kanalv.com.tr Haber Sitesinden Al\u0131nm\u0131\u015ft\u0131r.<\/p>","protected":false},"author":4,"featured_media":113670,"comment_status":"","ping_status":"open","sticky":false,"template":"","format":"standard","meta":{"_acf_changed":false,"footnotes":""},"categories":[26],"tags":[],"class_list":["post-113669","post","type-post","status-publish","format-standard","has-post-thumbnail","hentry","category-antalya"],"acf":[],"yoast_head":"<!-- This site is optimized with the Yoast SEO Premium plugin v26.6 (Yoast SEO v27.1.1) - https:\/\/yoast.com\/product\/yoast-seo-premium-wordpress\/ -->\n<title>Ya\u015fl\u0131 adam\u0131 arama \u00e7al\u0131\u015fmalar\u0131 devam ediyor - Av. Deniz Can K\u0131z\u0131l<\/title>\n<meta name=\"robots\" content=\"index, follow, max-snippet:-1, max-image-preview:large, max-video-preview:-1\" \/>\n<link rel=\"canonical\" href=\"https:\/\/denizcankizil.tr\/en\/haberler\/antalya\/yasli-adami-arama-calismalari-devam-ediyor\/\" \/>\n<meta property=\"og:locale\" content=\"en_GB\" \/>\n<meta property=\"og:type\" content=\"article\" \/>\n<meta property=\"og:title\" content=\"Ya\u015fl\u0131 adam\u0131 arama \u00e7al\u0131\u015fmalar\u0131 devam ediyor\" \/>\n<meta property=\"og:description\" content=\"Olay, Gazipa\u015fa&#8217;n\u0131n G\u00fcneyk\u00f6y Mahallesi&#8217;nde meydana geldi. Edinilen bilgiye g\u00f6re, 7 g\u00fcn \u00f6nce yaylaya \u00e7\u0131kan H\u00fcseyin Karadeniz&#8217;den bir daha haber al\u0131namad\u0131. Ak\u015fam saatlerine kadar geri d\u00f6nmeyince yak\u0131nlar\u0131 ya\u015fl\u0131 adam\u0131 aramaya ba\u015flad\u0131. Kendi imkanlar\u0131yla yap\u0131lan aramalardan sonu\u00e7 alamayan aile, durumu jandarmaya bildirdi. \u0130hbar\u0131n ard\u0131ndan Gazipa\u015fa \u0130l\u00e7e Jandarma Komutanl\u0131\u011f\u0131 koordinesinde ba\u015flat\u0131lan arama \u00e7al\u0131\u015fmalar\u0131na, AFAD, Jandarma Arama Kurtarma (JAK), AKUT, jandarma komando timleri ve g\u00f6n\u00fcll\u00fclerden olu\u015fan yakla\u015f\u0131k 300 ki\u015filik ekip kat\u0131ld\u0131. Zorlu arazi \u015fartlar\u0131nda s\u00fcrd\u00fcr\u00fclen \u00e7al\u0131\u015fmalarda iz takip k\u00f6pekleri ve iki kadavra k\u00f6pe\u011fi de g\u00f6rev al\u0131yor. Dron ve termal kameralarla havadan tarama yap\u0131ld\u0131 Karadan yap\u0131lan aramalar\u0131n yan\u0131 s\u0131ra, dron ve termal kameralarla havadan tarama ger\u00e7ekle\u015ftirilerek b\u00f6lge detayl\u0131 \u015fekilde inceleniyor. Aramalar, yayla \u00e7evresi ve ormanl\u0131k alanlarda yo\u011funla\u015ft\u0131r\u0131ld\u0131. \u015eu ana kadar ya\u015fl\u0131 adama ait herhangi bir iz ya da bulguya ula\u015f\u0131lamazken, ekiplerin \u00e7al\u0131\u015fmalar\u0131 gece g\u00fcnd\u00fcz aral\u0131ks\u0131z devam ediyor. Yetkililer, b\u00f6lge halk\u0131n\u0131 muhtemel bir ipucu ya da \u015f\u00fcpheli durumu g\u00fcvenlik g\u00fc\u00e7lerine bildirmeleri konusunda uyard\u0131. Kaynak: www.kanalv.com.tr Haber Sitesinden Al\u0131nm\u0131\u015ft\u0131r.\" \/>\n<meta property=\"og:url\" content=\"https:\/\/denizcankizil.tr\/en\/haberler\/antalya\/yasli-adami-arama-calismalari-devam-ediyor\/\" \/>\n<meta property=\"og:site_name\" content=\"Av. Deniz Can K\u0131z\u0131l\" \/>\n<meta property=\"article:published_time\" content=\"2025-06-11T14:41:29+00:00\" \/>\n<meta property=\"og:image\" content=\"https:\/\/denizcankizil.tr\/wp-content\/uploads\/2025\/06\/6819-01-GOL9po.jpg\" \/>\n\t<meta property=\"og:image:width\" content=\"1280\" \/>\n\t<meta property=\"og:image:height\" content=\"720\" \/>\n\t<meta property=\"og:image:type\" content=\"image\/jpeg\" \/>\n<meta name=\"author\" content=\"Av. Deniz Can K\u0131z\u0131l\" \/>\n<meta name=\"twitter:card\" content=\"summary_large_image\" \/>\n<meta name=\"twitter:label1\" content=\"Written by\" \/>\n\t<meta name=\"twitter:data1\" content=\"Av. Deniz Can K\u0131z\u0131l\" \/>\n\t<meta name=\"twitter:label2\" content=\"Estimated reading time\" \/>\n\t<meta name=\"twitter:data2\" content=\"1 minute\" \/>\n<script type=\"application\/ld+json\" class=\"yoast-schema-graph\">{\"@context\":\"https:\/\/schema.org\",\"@graph\":[{\"@type\":\"Article\",\"@id\":\"https:\/\/denizcankizil.tr\/de\/haberler\/antalya\/yasli-adami-arama-calismalari-devam-ediyor\/#article\",\"isPartOf\":{\"@id\":\"https:\/\/denizcankizil.tr\/de\/haberler\/antalya\/yasli-adami-arama-calismalari-devam-ediyor\/\"},\"author\":{\"name\":\"Av. Deniz Can K\u0131z\u0131l\",\"@id\":\"https:\/\/denizcankizil.tr\/#\/schema\/person\/5dc1b22991bd7ac833867c10afc9b0ff\"},\"headline\":\"Ya\u015fl\u0131 adam\u0131 arama \u00e7al\u0131\u015fmalar\u0131 devam ediyor\",\"datePublished\":\"2025-06-11T14:41:29+00:00\",\"mainEntityOfPage\":{\"@id\":\"https:\/\/denizcankizil.tr\/de\/haberler\/antalya\/yasli-adami-arama-calismalari-devam-ediyor\/\"},\"wordCount\":230,\"publisher\":{\"@id\":\"https:\/\/denizcankizil.tr\/#organization\"},\"image\":{\"@id\":\"https:\/\/denizcankizil.tr\/de\/haberler\/antalya\/yasli-adami-arama-calismalari-devam-ediyor\/#primaryimage\"},\"thumbnailUrl\":\"https:\/\/denizcankizil.tr\/wp-content\/uploads\/2025\/06\/6819-01-GOL9po.jpg\",\"articleSection\":[\"Antalya\"],\"inLanguage\":\"en-GB\"},{\"@type\":\"WebPage\",\"@id\":\"https:\/\/denizcankizil.tr\/de\/haberler\/antalya\/yasli-adami-arama-calismalari-devam-ediyor\/\",\"url\":\"https:\/\/denizcankizil.tr\/de\/haberler\/antalya\/yasli-adami-arama-calismalari-devam-ediyor\/\",\"name\":\"Ya\u015fl\u0131 adam\u0131 arama \u00e7al\u0131\u015fmalar\u0131 devam ediyor - Av. Deniz Can K\u0131z\u0131l\",\"isPartOf\":{\"@id\":\"https:\/\/denizcankizil.tr\/#website\"},\"primaryImageOfPage\":{\"@id\":\"https:\/\/denizcankizil.tr\/de\/haberler\/antalya\/yasli-adami-arama-calismalari-devam-ediyor\/#primaryimage\"},\"image\":{\"@id\":\"https:\/\/denizcankizil.tr\/de\/haberler\/antalya\/yasli-adami-arama-calismalari-devam-ediyor\/#primaryimage\"},\"thumbnailUrl\":\"https:\/\/denizcankizil.tr\/wp-content\/uploads\/2025\/06\/6819-01-GOL9po.jpg\",\"datePublished\":\"2025-06-11T14:41:29+00:00\",\"breadcrumb\":{\"@id\":\"https:\/\/denizcankizil.tr\/de\/haberler\/antalya\/yasli-adami-arama-calismalari-devam-ediyor\/#breadcrumb\"},\"inLanguage\":\"en-GB\",\"potentialAction\":[{\"@type\":\"ReadAction\",\"target\":[\"https:\/\/denizcankizil.tr\/de\/haberler\/antalya\/yasli-adami-arama-calismalari-devam-ediyor\/\"]}]},{\"@type\":\"ImageObject\",\"inLanguage\":\"en-GB\",\"@id\":\"https:\/\/denizcankizil.tr\/de\/haberler\/antalya\/yasli-adami-arama-calismalari-devam-ediyor\/#primaryimage\",\"url\":\"https:\/\/denizcankizil.tr\/wp-content\/uploads\/2025\/06\/6819-01-GOL9po.jpg\",\"contentUrl\":\"https:\/\/denizcankizil.tr\/wp-content\/uploads\/2025\/06\/6819-01-GOL9po.jpg\",\"width\":1280,\"height\":720},{\"@type\":\"BreadcrumbList\",\"@id\":\"https:\/\/denizcankizil.tr\/de\/haberler\/antalya\/yasli-adami-arama-calismalari-devam-ediyor\/#breadcrumb\",\"itemListElement\":[{\"@type\":\"ListItem\",\"position\":1,\"name\":\"Home\",\"item\":\"https:\/\/denizcankizil.tr\/de\/\"},{\"@type\":\"ListItem\",\"position\":2,\"name\":\"Ya\u015fl\u0131 adam\u0131 arama \u00e7al\u0131\u015fmalar\u0131 devam ediyor\"}]},{\"@type\":\"WebSite\",\"@id\":\"https:\/\/denizcankizil.tr\/#website\",\"url\":\"https:\/\/denizcankizil.tr\/\",\"name\":\"Av. Deniz Can K\u0131z\u0131l\",\"description\":\"Avukat Deniz Can K\u0131z\u0131l Antalya Barosu\",\"publisher\":{\"@id\":\"https:\/\/denizcankizil.tr\/#organization\"},\"potentialAction\":[{\"@type\":\"SearchAction\",\"target\":{\"@type\":\"EntryPoint\",\"urlTemplate\":\"https:\/\/denizcankizil.tr\/?s={search_term_string}\"},\"query-input\":{\"@type\":\"PropertyValueSpecification\",\"valueRequired\":true,\"valueName\":\"search_term_string\"}}],\"inLanguage\":\"en-GB\"},{\"@type\":\"Organization\",\"@id\":\"https:\/\/denizcankizil.tr\/#organization\",\"name\":\"Av. Deniz Can K\u0131z\u0131l\",\"url\":\"https:\/\/denizcankizil.tr\/\",\"logo\":{\"@type\":\"ImageObject\",\"inLanguage\":\"en-GB\",\"@id\":\"https:\/\/denizcankizil.tr\/#\/schema\/logo\/image\/\",\"url\":\"https:\/\/denizcankizil.tr\/wp-content\/uploads\/2024\/10\/siyah-logo-svg.svg\",\"contentUrl\":\"https:\/\/denizcankizil.tr\/wp-content\/uploads\/2024\/10\/siyah-logo-svg.svg\",\"width\":1080,\"height\":1080,\"caption\":\"Av. Deniz Can K\u0131z\u0131l\"},\"image\":{\"@id\":\"https:\/\/denizcankizil.tr\/#\/schema\/logo\/image\/\"}},{\"@type\":\"Person\",\"@id\":\"https:\/\/denizcankizil.tr\/#\/schema\/person\/5dc1b22991bd7ac833867c10afc9b0ff\",\"name\":\"Av. Deniz Can K\u0131z\u0131l\",\"image\":{\"@type\":\"ImageObject\",\"inLanguage\":\"en-GB\",\"@id\":\"https:\/\/denizcankizil.tr\/#\/schema\/person\/image\/\",\"url\":\"https:\/\/secure.gravatar.com\/avatar\/a0b128fb9855c79efc976d5640eedb31dc35ec297594d6016d2cf7c60e975bb6?s=96&d=mm&r=g\",\"contentUrl\":\"https:\/\/secure.gravatar.com\/avatar\/a0b128fb9855c79efc976d5640eedb31dc35ec297594d6016d2cf7c60e975bb6?s=96&d=mm&r=g\",\"caption\":\"Av. Deniz Can K\u0131z\u0131l\"},\"sameAs\":[\"http:\/\/www.denizcankizil.tr\"],\"url\":\"https:\/\/denizcankizil.tr\/en\/author\/denizcankizil\/\"}]}<\/script>\n<!-- \/ Yoast SEO Premium plugin. -->","yoast_head_json":{"title":"Ya\u015fl\u0131 adam\u0131 arama \u00e7al\u0131\u015fmalar\u0131 devam ediyor - Av. Deniz Can K\u0131z\u0131l","robots":{"index":"index","follow":"follow","max-snippet":"max-snippet:-1","max-image-preview":"max-image-preview:large","max-video-preview":"max-video-preview:-1"},"canonical":"https:\/\/denizcankizil.tr\/en\/haberler\/antalya\/yasli-adami-arama-calismalari-devam-ediyor\/","og_locale":"en_GB","og_type":"article","og_title":"Ya\u015fl\u0131 adam\u0131 arama \u00e7al\u0131\u015fmalar\u0131 devam ediyor","og_description":"Olay, Gazipa\u015fa&#8217;n\u0131n G\u00fcneyk\u00f6y Mahallesi&#8217;nde meydana geldi. Edinilen bilgiye g\u00f6re, 7 g\u00fcn \u00f6nce yaylaya \u00e7\u0131kan H\u00fcseyin Karadeniz&#8217;den bir daha haber al\u0131namad\u0131. Ak\u015fam saatlerine kadar geri d\u00f6nmeyince yak\u0131nlar\u0131 ya\u015fl\u0131 adam\u0131 aramaya ba\u015flad\u0131. Kendi imkanlar\u0131yla yap\u0131lan aramalardan sonu\u00e7 alamayan aile, durumu jandarmaya bildirdi. \u0130hbar\u0131n ard\u0131ndan Gazipa\u015fa \u0130l\u00e7e Jandarma Komutanl\u0131\u011f\u0131 koordinesinde ba\u015flat\u0131lan arama \u00e7al\u0131\u015fmalar\u0131na, AFAD, Jandarma Arama Kurtarma (JAK), AKUT, jandarma komando timleri ve g\u00f6n\u00fcll\u00fclerden olu\u015fan yakla\u015f\u0131k 300 ki\u015filik ekip kat\u0131ld\u0131. Zorlu arazi \u015fartlar\u0131nda s\u00fcrd\u00fcr\u00fclen \u00e7al\u0131\u015fmalarda iz takip k\u00f6pekleri ve iki kadavra k\u00f6pe\u011fi de g\u00f6rev al\u0131yor. Dron ve termal kameralarla havadan tarama yap\u0131ld\u0131 Karadan yap\u0131lan aramalar\u0131n yan\u0131 s\u0131ra, dron ve termal kameralarla havadan tarama ger\u00e7ekle\u015ftirilerek b\u00f6lge detayl\u0131 \u015fekilde inceleniyor. Aramalar, yayla \u00e7evresi ve ormanl\u0131k alanlarda yo\u011funla\u015ft\u0131r\u0131ld\u0131. \u015eu ana kadar ya\u015fl\u0131 adama ait herhangi bir iz ya da bulguya ula\u015f\u0131lamazken, ekiplerin \u00e7al\u0131\u015fmalar\u0131 gece g\u00fcnd\u00fcz aral\u0131ks\u0131z devam ediyor. Yetkililer, b\u00f6lge halk\u0131n\u0131 muhtemel bir ipucu ya da \u015f\u00fcpheli durumu g\u00fcvenlik g\u00fc\u00e7lerine bildirmeleri konusunda uyard\u0131. Kaynak: www.kanalv.com.tr Haber Sitesinden Al\u0131nm\u0131\u015ft\u0131r.","og_url":"https:\/\/denizcankizil.tr\/en\/haberler\/antalya\/yasli-adami-arama-calismalari-devam-ediyor\/","og_site_name":"Av. Deniz Can K\u0131z\u0131l","article_published_time":"2025-06-11T14:41:29+00:00","og_image":[{"width":1280,"height":720,"url":"https:\/\/denizcankizil.tr\/wp-content\/uploads\/2025\/06\/6819-01-GOL9po.jpg","type":"image\/jpeg"}],"author":"Av. Deniz Can K\u0131z\u0131l","twitter_card":"summary_large_image","twitter_misc":{"Written by":"Av. Deniz Can K\u0131z\u0131l","Estimated reading time":"1 minute"},"schema":{"@context":"https:\/\/schema.org","@graph":[{"@type":"Article","@id":"https:\/\/denizcankizil.tr\/de\/haberler\/antalya\/yasli-adami-arama-calismalari-devam-ediyor\/#article","isPartOf":{"@id":"https:\/\/denizcankizil.tr\/de\/haberler\/antalya\/yasli-adami-arama-calismalari-devam-ediyor\/"},"author":{"name":"Av. Deniz Can K\u0131z\u0131l","@id":"https:\/\/denizcankizil.tr\/#\/schema\/person\/5dc1b22991bd7ac833867c10afc9b0ff"},"headline":"Ya\u015fl\u0131 adam\u0131 arama \u00e7al\u0131\u015fmalar\u0131 devam ediyor","datePublished":"2025-06-11T14:41:29+00:00","mainEntityOfPage":{"@id":"https:\/\/denizcankizil.tr\/de\/haberler\/antalya\/yasli-adami-arama-calismalari-devam-ediyor\/"},"wordCount":230,"publisher":{"@id":"https:\/\/denizcankizil.tr\/#organization"},"image":{"@id":"https:\/\/denizcankizil.tr\/de\/haberler\/antalya\/yasli-adami-arama-calismalari-devam-ediyor\/#primaryimage"},"thumbnailUrl":"https:\/\/denizcankizil.tr\/wp-content\/uploads\/2025\/06\/6819-01-GOL9po.jpg","articleSection":["Antalya"],"inLanguage":"en-GB"},{"@type":"WebPage","@id":"https:\/\/denizcankizil.tr\/de\/haberler\/antalya\/yasli-adami-arama-calismalari-devam-ediyor\/","url":"https:\/\/denizcankizil.tr\/de\/haberler\/antalya\/yasli-adami-arama-calismalari-devam-ediyor\/","name":"Ya\u015fl\u0131 adam\u0131 arama \u00e7al\u0131\u015fmalar\u0131 devam ediyor - Av. Deniz Can K\u0131z\u0131l","isPartOf":{"@id":"https:\/\/denizcankizil.tr\/#website"},"primaryImageOfPage":{"@id":"https:\/\/denizcankizil.tr\/de\/haberler\/antalya\/yasli-adami-arama-calismalari-devam-ediyor\/#primaryimage"},"image":{"@id":"https:\/\/denizcankizil.tr\/de\/haberler\/antalya\/yasli-adami-arama-calismalari-devam-ediyor\/#primaryimage"},"thumbnailUrl":"https:\/\/denizcankizil.tr\/wp-content\/uploads\/2025\/06\/6819-01-GOL9po.jpg","datePublished":"2025-06-11T14:41:29+00:00","breadcrumb":{"@id":"https:\/\/denizcankizil.tr\/de\/haberler\/antalya\/yasli-adami-arama-calismalari-devam-ediyor\/#breadcrumb"},"inLanguage":"en-GB","potentialAction":[{"@type":"ReadAction","target":["https:\/\/denizcankizil.tr\/de\/haberler\/antalya\/yasli-adami-arama-calismalari-devam-ediyor\/"]}]},{"@type":"ImageObject","inLanguage":"en-GB","@id":"https:\/\/denizcankizil.tr\/de\/haberler\/antalya\/yasli-adami-arama-calismalari-devam-ediyor\/#primaryimage","url":"https:\/\/denizcankizil.tr\/wp-content\/uploads\/2025\/06\/6819-01-GOL9po.jpg","contentUrl":"https:\/\/denizcankizil.tr\/wp-content\/uploads\/2025\/06\/6819-01-GOL9po.jpg","width":1280,"height":720},{"@type":"BreadcrumbList","@id":"https:\/\/denizcankizil.tr\/de\/haberler\/antalya\/yasli-adami-arama-calismalari-devam-ediyor\/#breadcrumb","itemListElement":[{"@type":"ListItem","position":1,"name":"Home","item":"https:\/\/denizcankizil.tr\/de\/"},{"@type":"ListItem","position":2,"name":"Ya\u015fl\u0131 adam\u0131 arama \u00e7al\u0131\u015fmalar\u0131 devam ediyor"}]},{"@type":"WebSite","@id":"https:\/\/denizcankizil.tr\/#website","url":"https:\/\/denizcankizil.tr\/","name":"Av. Deniz Can K\u0131z\u0131l","description":"Avukat Deniz Can K\u0131z\u0131l Antalya Barosu","publisher":{"@id":"https:\/\/denizcankizil.tr\/#organization"},"potentialAction":[{"@type":"SearchAction","target":{"@type":"EntryPoint","urlTemplate":"https:\/\/denizcankizil.tr\/?s={search_term_string}"},"query-input":{"@type":"PropertyValueSpecification","valueRequired":true,"valueName":"search_term_string"}}],"inLanguage":"en-GB"},{"@type":"Organization","@id":"https:\/\/denizcankizil.tr\/#organization","name":"Av. Deniz Can K\u0131z\u0131l","url":"https:\/\/denizcankizil.tr\/","logo":{"@type":"ImageObject","inLanguage":"en-GB","@id":"https:\/\/denizcankizil.tr\/#\/schema\/logo\/image\/","url":"https:\/\/denizcankizil.tr\/wp-content\/uploads\/2024\/10\/siyah-logo-svg.svg","contentUrl":"https:\/\/denizcankizil.tr\/wp-content\/uploads\/2024\/10\/siyah-logo-svg.svg","width":1080,"height":1080,"caption":"Av. Deniz Can K\u0131z\u0131l"},"image":{"@id":"https:\/\/denizcankizil.tr\/#\/schema\/logo\/image\/"}},{"@type":"Person","@id":"https:\/\/denizcankizil.tr\/#\/schema\/person\/5dc1b22991bd7ac833867c10afc9b0ff","name":"Av. Deniz Can K\u0131z\u0131l","image":{"@type":"ImageObject","inLanguage":"en-GB","@id":"https:\/\/denizcankizil.tr\/#\/schema\/person\/image\/","url":"https:\/\/secure.gravatar.com\/avatar\/a0b128fb9855c79efc976d5640eedb31dc35ec297594d6016d2cf7c60e975bb6?s=96&d=mm&r=g","contentUrl":"https:\/\/secure.gravatar.com\/avatar\/a0b128fb9855c79efc976d5640eedb31dc35ec297594d6016d2cf7c60e975bb6?s=96&d=mm&r=g","caption":"Av. Deniz Can K\u0131z\u0131l"},"sameAs":["http:\/\/www.denizcankizil.tr"],"url":"https:\/\/denizcankizil.tr\/en\/author\/denizcankizil\/"}]}},"_links":{"self":[{"href":"https:\/\/denizcankizil.tr\/en\/wp-json\/wp\/v2\/posts\/113669","targetHints":{"allow":["GET"]}}],"collection":[{"href":"https:\/\/denizcankizil.tr\/en\/wp-json\/wp\/v2\/posts"}],"about":[{"href":"https:\/\/denizcankizil.tr\/en\/wp-json\/wp\/v2\/types\/post"}],"author":[{"embeddable":true,"href":"https:\/\/denizcankizil.tr\/en\/wp-json\/wp\/v2\/users\/4"}],"replies":[{"embeddable":true,"href":"https:\/\/denizcankizil.tr\/en\/wp-json\/wp\/v2\/comments?post=113669"}],"version-history":[{"count":0,"href":"https:\/\/denizcankizil.tr\/en\/wp-json\/wp\/v2\/posts\/113669\/revisions"}],"wp:featuredmedia":[{"embeddable":true,"href":"https:\/\/denizcankizil.tr\/en\/wp-json\/wp\/v2\/media\/113670"}],"wp:attachment":[{"href":"https:\/\/denizcankizil.tr\/en\/wp-json\/wp\/v2\/media?parent=113669"}],"wp:term":[{"taxonomy":"category","embeddable":true,"href":"https:\/\/denizcankizil.tr\/en\/wp-json\/wp\/v2\/categories?post=113669"},{"taxonomy":"post_tag","embeddable":true,"href":"https:\/\/denizcankizil.tr\/en\/wp-json\/wp\/v2\/tags?post=113669"}],"curies":[{"name":"wp","href":"https:\/\/api.w.org\/{rel}","templated":true}]}}