{"id":113474,"date":"2025-06-11T13:42:32","date_gmt":"2025-06-11T10:42:32","guid":{"rendered":"https:\/\/denizcankizil.tr\/uncategorized-tr\/bakan-uraloglu-antalya-icin-rakamlarla-konustu-rekor-kirdik\/"},"modified":"2025-06-11T13:42:32","modified_gmt":"2025-06-11T10:42:32","slug":"bakan-uraloglu-antalya-icin-rakamlarla-konustu-rekor-kirdik","status":"publish","type":"post","link":"https:\/\/denizcankizil.tr\/en\/haberler\/gundem\/bakan-uraloglu-antalya-icin-rakamlarla-konustu-rekor-kirdik\/","title":{"rendered":"Bakan Uralo\u011flu, Antalya i\u00e7in rakamlarla konu\u015ftu: \u201cRekor k\u0131rd\u0131k\u2026\u201d"},"content":{"rendered":"<p>Ula\u015ft\u0131rma ve Altyap\u0131 Bakan\u0131 Abdulkadir Uralo\u011flu, 2025 y\u0131l\u0131 Kurban Bayram\u0131 d\u00f6neminde ger\u00e7ekle\u015fen karayolu, demiryolu ve havayolu trafik verilerini de\u011ferlendirdi. T\u00fcrkiye\u2019deki toplam ara\u00e7 say\u0131s\u0131n\u0131n 32 milyona yakla\u015ft\u0131\u011f\u0131n\u0131 an\u0131msatan Bakan Uralo\u011flu, gidi\u015f yolculu\u011funun ba\u015flad\u0131\u011f\u0131 4 Haziran ve bayram\u0131n son g\u00fcn\u00fc olan 9 Haziran tarihleri aras\u0131nda otoyollardan yakla\u015f\u0131k 16,3 milyon arac\u0131n ge\u00e7i\u015f yapt\u0131\u011f\u0131n\u0131 bildirdi.<\/p>\n<p>FAT\u0130H SULTAN MEHMET VE 15 TEMMUZ \u015eEH\u0130TLER K\u00d6PR\u00dcLER\u0130<\/p>\n<p>Bakan Uralo\u011flu, Arife g\u00fcn\u00fc ve Kurban Bayram\u0131\u2019nda Karayollar\u0131 Genel M\u00fcd\u00fcrl\u00fc\u011f\u00fcne ba\u011fl\u0131 otoyollar ile Fatih Sultan Mehmet ve 15 Temmuz \u015eehitler K\u00f6pr\u00fcs\u00fc\u2019n\u00fcn Cumhurba\u015fkan\u0131 Karar\u0131 ile \u00fccretsiz hizmet verdi\u011fini an\u0131msatt\u0131. Bakan Uralo\u011flu, gidi\u015f yolculu\u011funun ba\u015flad\u0131\u011f\u0131 4 Haziran ve bayram\u0131n son g\u00fcn\u00fc olan 9 Haziran tarihleri aras\u0131nda Fatih Sultan Mehmet K\u00f6pr\u00fcs\u00fc\u2019nden bir milyon 479 bin 462 arac\u0131n, 15 Temmuz \u015eehitler K\u00f6pr\u00fcs\u00fc\u2019nden ise bir milyon 173 bin 290 arac\u0131n ge\u00e7i\u015f yapt\u0131\u011f\u0131n\u0131 kaydetti. Uralo\u011flu, \u201cKarayollar\u0131 Genel M\u00fcd\u00fcrl\u00fc\u011f\u00fcm\u00fcz sorumlulu\u011fundaki 2 bo\u011faz k\u00f6pr\u00fcs\u00fc be\u015f g\u00fcnde 2 milyon 652 bin 752 araca hizmet verdi\u201d dedi. Uralo\u011flu ayr\u0131ca, s\u00f6z konusu tarih aral\u0131\u011f\u0131nda KGM sorumlulu\u011fundaki otoyollardan toplam 10 milyon 839 bin 511 ge\u00e7i\u015f ger\u00e7ekle\u015fti\u011fini belirtti.<\/p>\n<p>YAP-\u0130\u015eLET-DEVRET MODEL\u0130YLE HAYATA GE\u00c7\u0130R\u0130LEN YOLLAR <\/p>\n<p>Bakan Uralo\u011flu, T\u00fcrkiye\u2019nin en b\u00fcy\u00fck otoyol projelerinden olan ve yap-i\u015flet-devret modeliyle hayata ge\u00e7irilen Kuzey Marmara, Ankara-Ni\u011fde, Gebze-Orhangazi-\u0130zmir, Malkara-\u00c7anakkale, Menemen-Alia\u011fa-\u00c7andarl\u0131 Otoyolu ve Ayd\u0131n-Denizli Otoyolu\u2019nu ise toplam 5 milyon 450 bin 795 arac\u0131n kulland\u0131\u011f\u0131n\u0131 dile getirerek \u201c4-9 Haziran 2025 tarihlerinde 1915 \u00c7anakkale K\u00f6pr\u00fcs\u00fc\u2019nden 89 bin 537, Osmangazi K\u00f6pr\u00fcs\u00fc\u2019nden 480 bin 900, Yavuz Sultan Selim K\u00f6pr\u00fcs\u00fc\u2019nden ise 468 bin 592 ara\u00e7 ge\u00e7ti\u201d dedi.<\/p>\n<p>OTOB\u00dcSLER 3 M\u0130LYON 322 B\u0130N 695 YOLCU TA\u015eIDI<\/p>\n<p>Bakan Uralo\u011flu ayr\u0131ca 5-9 Haziran tarihleri aras\u0131nda \u015fehirler aras\u0131 otob\u00fcs firmalar\u0131n\u0131n ise 275 bin 645 adet seferde 3 milyon 322 bin 695 yolcuya hizmet verdi\u011fini kaydetti.<\/p>\n<p>KENT \u0130\u00c7\u0130 RAYLI S\u0130STEMLER 2 M\u0130LYON 442 B\u0130N 968 K\u0130\u015e\u0130YE H\u0130ZMET VERD\u0130<\/p>\n<p>\u0130stanbul\u2019da, ba\u015fta Marmaray olmak \u00fczere Sirkeci- Kazl\u0131\u00e7e\u015fme, Gayrettepe-\u0130stanbul Havaliman\u0131-Arnavutk\u00f6y metro hatlar\u0131nda 5-9 Haziran tarihleri aras\u0131nda ta\u015f\u0131nan yolcu say\u0131s\u0131na ili\u015fkin bilgi veren Bakan Uralo\u011flu, s\u00f6zlerine \u015fu \u015fekilde devam etti: \u201c\u0130stanbul\u2019un iki yakas\u0131n\u0131 demiryolu ile birbirine ba\u011flayan asr\u0131n projesi Marmaray, Gebze-Halkal\u0131 aras\u0131nda bir milyon 905 bin 962 vatanda\u015f\u0131m\u0131za hizmet verdi. Sirkeci-Kazl\u0131\u00e7e\u015fme Hatt\u0131\u2019n\u0131 34 bin 971 Gayrettepe-\u0130stanbul Havaliman\u0131-Arnavutk\u00f6y Hatt\u0131\u2019n\u0131 da 108 bin 906 vatanda\u015f\u0131m\u0131z kulland\u0131.\u201d<\/p>\n<p>Bakan Uralo\u011flu, Ankara\u2019da \u015fehrin merkezinden ge\u00e7en Ba\u015fkentray\u2019\u0131n yolcu verilerini de de\u011ferlendirdi. Uralo\u011flu, \u201cYHT ile entegre olarak hizmet veren Sincan-Kaya\u015f hatt\u0131m\u0131zda yolcu say\u0131s\u0131 da s\u00fcrekli art\u0131yor. Ba\u015fkentray ile s\u00f6z konusu d\u00f6nemde 284 bin 223 yolcuya hizmet verdik\u201d a\u00e7\u0131klamas\u0131nda bulundu. Uralo\u011flu, 5-9 Haziran tarihleri aras\u0131nda s\u00f6z konusu kent i\u00e7i rayl\u0131 sistemleri toplam 2 milyon 442 bin 968 ki\u015finin kulland\u0131\u011f\u0131n\u0131 bildirdi.<\/p>\n<p>Y\u00dcKSEK HIZLI TREN YOLCULARI <\/p>\n<p>YHT\u2019ler ile 167 bin 435 vatanda\u015f\u0131n seyahat etti\u011fini kaydeden Bakan Uralo\u011flu, anahat ve b\u00f6lgesel trenlerle de 172 bin 779 ki\u015fiyi ta\u015f\u0131d\u0131klar\u0131n\u0131 belirtti. Bakan Uralo\u011flu, \u201cS\u00f6z konusu tarihlerde TCDD Ta\u015f\u0131mac\u0131l\u0131k taraf\u0131ndan i\u015fletilen y\u00fcksek h\u0131zl\u0131 tren, anahat ve b\u00f6lgesel trenler ile kent i\u00e7i rayl\u0131 sistemleri toplam 2 milyon 783 bin 182 ki\u015fi kulland\u0131\u201d dedi.<\/p>\n<p>HAVAL\u0130MANLARI 3,9 M\u0130LYON YOLCUYU A\u011eIRLADI<\/p>\n<p>Bakan Uralo\u011flu, 5-9 Haziran tarihleri aras\u0131nda T\u00fcrkiye genelindeki havalimanlar\u0131nda misafir edilen yolcu say\u0131s\u0131n\u0131n 3 milyon 871 bin 108 oldu\u011funu belirterek bu d\u00f6nemde toplam 27 bin 655 u\u00e7ak trafi\u011fi ger\u00e7ekle\u015fti\u011fini kaydetti.<\/p>\n<p>Bu d\u00f6nemde turizm merkezlerinde ger\u00e7ekle\u015fen yolcu ve u\u00e7ak trafi\u011fine ili\u015fkin verileri de payla\u015fan Bakan Uralo\u011flu, \u201c\u0130stanbul Havaliman\u0131\u2019nda, bir milyon 152 bin 452 yolcuya hizmet verdik. Esenbo\u011fa Havaliman\u0131\u2019nda ise bu d\u00f6nemde 189 bin 470 yolcumuzu a\u011f\u0131rlad\u0131k\u201d ifadelerini kulland\u0131.<\/p>\n<p>REKORLAR ART ARDA GELD\u0130<\/p>\n<p>\u0130zmir Adnan Menderes Havaliman\u0131nda 188 bin 354, Antalya Havaliman\u0131\u2019nda 859 bin 217 yolcuya hizmet verildi\u011fini belirten Bakan Uralo\u011flu, Mu\u011fla Milas-Bodrum Havaliman\u0131\u2019nda; 100 bin 747, Mu\u011fla Dalaman Havaliman\u0131\u2019nda ise 134 bin 926 yolcuyu a\u011f\u0131rlad\u0131klar\u0131n\u0131 bildirdi. Bakan Uralo\u011flu, a\u00e7\u0131klamas\u0131nda \u015fu ifadelere yer verdi:<\/p>\n<p>\u201cBayram d\u00f6neminde 2025 y\u0131l\u0131n\u0131n rekorlar\u0131 art arda geldi. 7 Haziran Cumartesi g\u00fcn\u00fc Antalya Havaliman\u0131 195 bin 132, 8 Haziran Pazar g\u00fcn\u00fc de Mu\u011fla Milas-Bodrum Havaliman\u0131 24 bin 880 yolcu say\u0131s\u0131yla 2025&#8217;in en y\u00fcksek rakam\u0131na ula\u015ft\u0131. 9 Haziran Pazartesi g\u00fcn\u00fc ise Adnan Menderes Havaliman\u0131 40 bin 947, Mu\u011fla Dalaman Havaliman\u0131 ise 31 bin 495 yolcuyu a\u011f\u0131rlayarak rekor k\u0131rd\u0131.\u201d<\/p>\n<p>\u200bUla\u015ft\u0131rma ve Altyap\u0131 Bakan\u0131 Abdulkadir Uralo\u011flu, Kurban Bayram\u0131 boyunca Antalya Havaliman\u0131\u2019nda 859 bin 217 yolcuya hizmet verildi\u011fini belirtti. Bakan Uralo\u011flu, \u201cBayram d\u00f6neminde 2025 y\u0131l\u0131n\u0131n rekorlar\u0131 art arda geldi. 7 Haziran Cumartesi g\u00fcn\u00fc Antalya Havaliman\u0131 195 bin 132 yolcuyu a\u011f\u0131rlad\u0131\u201d dedi.\u00a0<\/p>\n<p>\u200bHaberin Al\u0131nt\u0131land\u0131\u011f\u0131 Kaynak: www.antalyakorfez.com<\/p>","protected":false},"excerpt":{"rendered":"<p>Ula\u015ft\u0131rma ve Altyap\u0131 Bakan\u0131 Abdulkadir Uralo\u011flu, 2025 y\u0131l\u0131 Kurban Bayram\u0131 d\u00f6neminde ger\u00e7ekle\u015fen karayolu, demiryolu ve havayolu trafik verilerini de\u011ferlendirdi. T\u00fcrkiye\u2019deki toplam ara\u00e7 say\u0131s\u0131n\u0131n 32 milyona yakla\u015ft\u0131\u011f\u0131n\u0131 an\u0131msatan Bakan Uralo\u011flu, gidi\u015f yolculu\u011funun ba\u015flad\u0131\u011f\u0131 4 Haziran ve bayram\u0131n son g\u00fcn\u00fc olan 9 Haziran tarihleri aras\u0131nda otoyollardan yakla\u015f\u0131k 16,3 milyon arac\u0131n ge\u00e7i\u015f yapt\u0131\u011f\u0131n\u0131 bildirdi. FAT\u0130H SULTAN MEHMET VE 15 TEMMUZ \u015eEH\u0130TLER K\u00d6PR\u00dcLER\u0130 Bakan Uralo\u011flu, Arife g\u00fcn\u00fc ve Kurban Bayram\u0131\u2019nda Karayollar\u0131 Genel M\u00fcd\u00fcrl\u00fc\u011f\u00fcne ba\u011fl\u0131 otoyollar ile Fatih Sultan Mehmet ve 15 Temmuz \u015eehitler K\u00f6pr\u00fcs\u00fc\u2019n\u00fcn Cumhurba\u015fkan\u0131 Karar\u0131 ile \u00fccretsiz hizmet verdi\u011fini an\u0131msatt\u0131. Bakan Uralo\u011flu, gidi\u015f yolculu\u011funun ba\u015flad\u0131\u011f\u0131 4 Haziran ve bayram\u0131n son g\u00fcn\u00fc olan 9 Haziran tarihleri aras\u0131nda Fatih Sultan Mehmet K\u00f6pr\u00fcs\u00fc\u2019nden bir milyon 479 bin 462 arac\u0131n, 15 Temmuz \u015eehitler K\u00f6pr\u00fcs\u00fc\u2019nden ise bir milyon 173 bin 290 arac\u0131n ge\u00e7i\u015f yapt\u0131\u011f\u0131n\u0131 kaydetti. Uralo\u011flu, \u201cKarayollar\u0131 Genel M\u00fcd\u00fcrl\u00fc\u011f\u00fcm\u00fcz sorumlulu\u011fundaki 2 bo\u011faz k\u00f6pr\u00fcs\u00fc be\u015f g\u00fcnde 2 milyon 652 bin 752 araca hizmet verdi\u201d dedi. Uralo\u011flu ayr\u0131ca, s\u00f6z konusu tarih aral\u0131\u011f\u0131nda KGM sorumlulu\u011fundaki otoyollardan toplam 10 milyon 839 bin 511 ge\u00e7i\u015f ger\u00e7ekle\u015fti\u011fini belirtti. YAP-\u0130\u015eLET-DEVRET MODEL\u0130YLE HAYATA GE\u00c7\u0130R\u0130LEN YOLLAR Bakan Uralo\u011flu, T\u00fcrkiye\u2019nin en b\u00fcy\u00fck otoyol projelerinden olan ve yap-i\u015flet-devret modeliyle hayata ge\u00e7irilen Kuzey Marmara, Ankara-Ni\u011fde, Gebze-Orhangazi-\u0130zmir, Malkara-\u00c7anakkale, Menemen-Alia\u011fa-\u00c7andarl\u0131 Otoyolu ve Ayd\u0131n-Denizli Otoyolu\u2019nu ise toplam 5 milyon 450 bin 795 arac\u0131n &hellip;<\/p>","protected":false},"author":5,"featured_media":0,"comment_status":"","ping_status":"open","sticky":false,"template":"","format":"standard","meta":{"_acf_changed":false,"footnotes":""},"categories":[24],"tags":[],"class_list":["post-113474","post","type-post","status-publish","format-standard","has-post-thumbnail","hentry","category-gundem"],"acf":[],"yoast_head":"<!-- This site is optimized with the Yoast SEO Premium plugin v26.6 (Yoast SEO v27.1.1) - https:\/\/yoast.com\/product\/yoast-seo-premium-wordpress\/ -->\n<title>Bakan Uralo\u011flu, Antalya i\u00e7in rakamlarla konu\u015ftu: \u201cRekor k\u0131rd\u0131k\u2026\u201d - Av. Deniz Can K\u0131z\u0131l<\/title>\n<meta name=\"robots\" content=\"index, follow, max-snippet:-1, max-image-preview:large, max-video-preview:-1\" \/>\n<link rel=\"canonical\" href=\"https:\/\/denizcankizil.tr\/en\/haberler\/gundem\/bakan-uraloglu-antalya-icin-rakamlarla-konustu-rekor-kirdik\/\" \/>\n<meta property=\"og:locale\" content=\"en_GB\" \/>\n<meta property=\"og:type\" content=\"article\" \/>\n<meta property=\"og:title\" content=\"Bakan Uralo\u011flu, Antalya i\u00e7in rakamlarla konu\u015ftu: \u201cRekor k\u0131rd\u0131k\u2026\u201d\" \/>\n<meta property=\"og:description\" content=\"Ula\u015ft\u0131rma ve Altyap\u0131 Bakan\u0131 Abdulkadir Uralo\u011flu, 2025 y\u0131l\u0131 Kurban Bayram\u0131 d\u00f6neminde ger\u00e7ekle\u015fen karayolu, demiryolu ve havayolu trafik verilerini de\u011ferlendirdi. T\u00fcrkiye\u2019deki toplam ara\u00e7 say\u0131s\u0131n\u0131n 32 milyona yakla\u015ft\u0131\u011f\u0131n\u0131 an\u0131msatan Bakan Uralo\u011flu, gidi\u015f yolculu\u011funun ba\u015flad\u0131\u011f\u0131 4 Haziran ve bayram\u0131n son g\u00fcn\u00fc olan 9 Haziran tarihleri aras\u0131nda otoyollardan yakla\u015f\u0131k 16,3 milyon arac\u0131n ge\u00e7i\u015f yapt\u0131\u011f\u0131n\u0131 bildirdi. FAT\u0130H SULTAN MEHMET VE 15 TEMMUZ \u015eEH\u0130TLER K\u00d6PR\u00dcLER\u0130 Bakan Uralo\u011flu, Arife g\u00fcn\u00fc ve Kurban Bayram\u0131\u2019nda Karayollar\u0131 Genel M\u00fcd\u00fcrl\u00fc\u011f\u00fcne ba\u011fl\u0131 otoyollar ile Fatih Sultan Mehmet ve 15 Temmuz \u015eehitler K\u00f6pr\u00fcs\u00fc\u2019n\u00fcn Cumhurba\u015fkan\u0131 Karar\u0131 ile \u00fccretsiz hizmet verdi\u011fini an\u0131msatt\u0131. Bakan Uralo\u011flu, gidi\u015f yolculu\u011funun ba\u015flad\u0131\u011f\u0131 4 Haziran ve bayram\u0131n son g\u00fcn\u00fc olan 9 Haziran tarihleri aras\u0131nda Fatih Sultan Mehmet K\u00f6pr\u00fcs\u00fc\u2019nden bir milyon 479 bin 462 arac\u0131n, 15 Temmuz \u015eehitler K\u00f6pr\u00fcs\u00fc\u2019nden ise bir milyon 173 bin 290 arac\u0131n ge\u00e7i\u015f yapt\u0131\u011f\u0131n\u0131 kaydetti. Uralo\u011flu, \u201cKarayollar\u0131 Genel M\u00fcd\u00fcrl\u00fc\u011f\u00fcm\u00fcz sorumlulu\u011fundaki 2 bo\u011faz k\u00f6pr\u00fcs\u00fc be\u015f g\u00fcnde 2 milyon 652 bin 752 araca hizmet verdi\u201d dedi. Uralo\u011flu ayr\u0131ca, s\u00f6z konusu tarih aral\u0131\u011f\u0131nda KGM sorumlulu\u011fundaki otoyollardan toplam 10 milyon 839 bin 511 ge\u00e7i\u015f ger\u00e7ekle\u015fti\u011fini belirtti. YAP-\u0130\u015eLET-DEVRET MODEL\u0130YLE HAYATA GE\u00c7\u0130R\u0130LEN YOLLAR Bakan Uralo\u011flu, T\u00fcrkiye\u2019nin en b\u00fcy\u00fck otoyol projelerinden olan ve yap-i\u015flet-devret modeliyle hayata ge\u00e7irilen Kuzey Marmara, Ankara-Ni\u011fde, Gebze-Orhangazi-\u0130zmir, Malkara-\u00c7anakkale, Menemen-Alia\u011fa-\u00c7andarl\u0131 Otoyolu ve Ayd\u0131n-Denizli Otoyolu\u2019nu ise toplam 5 milyon 450 bin 795 arac\u0131n &hellip;\" \/>\n<meta property=\"og:url\" content=\"https:\/\/denizcankizil.tr\/en\/haberler\/gundem\/bakan-uraloglu-antalya-icin-rakamlarla-konustu-rekor-kirdik\/\" \/>\n<meta property=\"og:site_name\" content=\"Av. Deniz Can K\u0131z\u0131l\" \/>\n<meta property=\"article:published_time\" content=\"2025-06-11T10:42:32+00:00\" \/>\n<meta name=\"author\" content=\"Antalya K\u00f6rfez\" \/>\n<meta name=\"twitter:card\" content=\"summary_large_image\" \/>\n<meta name=\"twitter:label1\" content=\"Written by\" \/>\n\t<meta name=\"twitter:data1\" content=\"Antalya K\u00f6rfez\" \/>\n\t<meta name=\"twitter:label2\" content=\"Estimated reading time\" \/>\n\t<meta name=\"twitter:data2\" content=\"4 minutes\" \/>\n<script type=\"application\/ld+json\" class=\"yoast-schema-graph\">{\"@context\":\"https:\/\/schema.org\",\"@graph\":[{\"@type\":\"Article\",\"@id\":\"https:\/\/denizcankizil.tr\/en\/haberler\/gundem\/bakan-uraloglu-antalya-icin-rakamlarla-konustu-rekor-kirdik\/#article\",\"isPartOf\":{\"@id\":\"https:\/\/denizcankizil.tr\/en\/haberler\/gundem\/bakan-uraloglu-antalya-icin-rakamlarla-konustu-rekor-kirdik\/\"},\"author\":{\"name\":\"Antalya K\u00f6rfez\",\"@id\":\"https:\/\/denizcankizil.tr\/#\/schema\/person\/e1eb71bb4dd684d46563f0af307e1234\"},\"headline\":\"Bakan Uralo\u011flu, Antalya i\u00e7in rakamlarla konu\u015ftu: \u201cRekor k\u0131rd\u0131k\u2026\u201d\",\"datePublished\":\"2025-06-11T10:42:32+00:00\",\"mainEntityOfPage\":{\"@id\":\"https:\/\/denizcankizil.tr\/en\/haberler\/gundem\/bakan-uraloglu-antalya-icin-rakamlarla-konustu-rekor-kirdik\/\"},\"wordCount\":862,\"publisher\":{\"@id\":\"https:\/\/denizcankizil.tr\/#organization\"},\"articleSection\":[\"G\u00fcndem\"],\"inLanguage\":\"en-GB\"},{\"@type\":\"WebPage\",\"@id\":\"https:\/\/denizcankizil.tr\/en\/haberler\/gundem\/bakan-uraloglu-antalya-icin-rakamlarla-konustu-rekor-kirdik\/\",\"url\":\"https:\/\/denizcankizil.tr\/en\/haberler\/gundem\/bakan-uraloglu-antalya-icin-rakamlarla-konustu-rekor-kirdik\/\",\"name\":\"Bakan Uralo\u011flu, Antalya i\u00e7in rakamlarla konu\u015ftu: \u201cRekor k\u0131rd\u0131k\u2026\u201d - Av. Deniz Can K\u0131z\u0131l\",\"isPartOf\":{\"@id\":\"https:\/\/denizcankizil.tr\/#website\"},\"datePublished\":\"2025-06-11T10:42:32+00:00\",\"breadcrumb\":{\"@id\":\"https:\/\/denizcankizil.tr\/en\/haberler\/gundem\/bakan-uraloglu-antalya-icin-rakamlarla-konustu-rekor-kirdik\/#breadcrumb\"},\"inLanguage\":\"en-GB\",\"potentialAction\":[{\"@type\":\"ReadAction\",\"target\":[\"https:\/\/denizcankizil.tr\/en\/haberler\/gundem\/bakan-uraloglu-antalya-icin-rakamlarla-konustu-rekor-kirdik\/\"]}]},{\"@type\":\"BreadcrumbList\",\"@id\":\"https:\/\/denizcankizil.tr\/en\/haberler\/gundem\/bakan-uraloglu-antalya-icin-rakamlarla-konustu-rekor-kirdik\/#breadcrumb\",\"itemListElement\":[{\"@type\":\"ListItem\",\"position\":1,\"name\":\"Home\",\"item\":\"https:\/\/denizcankizil.tr\/de\/\"},{\"@type\":\"ListItem\",\"position\":2,\"name\":\"Bakan Uralo\u011flu, Antalya i\u00e7in rakamlarla konu\u015ftu: \u201cRekor k\u0131rd\u0131k\u2026\u201d\"}]},{\"@type\":\"WebSite\",\"@id\":\"https:\/\/denizcankizil.tr\/#website\",\"url\":\"https:\/\/denizcankizil.tr\/\",\"name\":\"Av. Deniz Can K\u0131z\u0131l\",\"description\":\"Avukat Deniz Can K\u0131z\u0131l Antalya Barosu\",\"publisher\":{\"@id\":\"https:\/\/denizcankizil.tr\/#organization\"},\"potentialAction\":[{\"@type\":\"SearchAction\",\"target\":{\"@type\":\"EntryPoint\",\"urlTemplate\":\"https:\/\/denizcankizil.tr\/?s={search_term_string}\"},\"query-input\":{\"@type\":\"PropertyValueSpecification\",\"valueRequired\":true,\"valueName\":\"search_term_string\"}}],\"inLanguage\":\"en-GB\"},{\"@type\":\"Organization\",\"@id\":\"https:\/\/denizcankizil.tr\/#organization\",\"name\":\"Av. Deniz Can K\u0131z\u0131l\",\"url\":\"https:\/\/denizcankizil.tr\/\",\"logo\":{\"@type\":\"ImageObject\",\"inLanguage\":\"en-GB\",\"@id\":\"https:\/\/denizcankizil.tr\/#\/schema\/logo\/image\/\",\"url\":\"https:\/\/denizcankizil.tr\/wp-content\/uploads\/2024\/10\/siyah-logo-svg.svg\",\"contentUrl\":\"https:\/\/denizcankizil.tr\/wp-content\/uploads\/2024\/10\/siyah-logo-svg.svg\",\"width\":1080,\"height\":1080,\"caption\":\"Av. Deniz Can K\u0131z\u0131l\"},\"image\":{\"@id\":\"https:\/\/denizcankizil.tr\/#\/schema\/logo\/image\/\"}},{\"@type\":\"Person\",\"@id\":\"https:\/\/denizcankizil.tr\/#\/schema\/person\/e1eb71bb4dd684d46563f0af307e1234\",\"name\":\"Antalya K\u00f6rfez\",\"image\":{\"@type\":\"ImageObject\",\"inLanguage\":\"en-GB\",\"@id\":\"https:\/\/denizcankizil.tr\/#\/schema\/person\/image\/\",\"url\":\"https:\/\/secure.gravatar.com\/avatar\/42b01982558a48a0b501fdcab6a408d3717ea5919095ee2e67b0e521799c5905?s=96&d=mm&r=g\",\"contentUrl\":\"https:\/\/secure.gravatar.com\/avatar\/42b01982558a48a0b501fdcab6a408d3717ea5919095ee2e67b0e521799c5905?s=96&d=mm&r=g\",\"caption\":\"Antalya K\u00f6rfez\"},\"sameAs\":[\"http:\/\/www.antalyakorfez.com\"],\"url\":\"https:\/\/www.antalyakorfez.com\/bakan-uraloglu-antalya-icin-rakamlarla-konustu-rekor-kirdik\"}]}<\/script>\n<!-- \/ Yoast SEO Premium plugin. -->","yoast_head_json":{"title":"Bakan Uralo\u011flu, Antalya i\u00e7in rakamlarla konu\u015ftu: \u201cRekor k\u0131rd\u0131k\u2026\u201d - Av. Deniz Can K\u0131z\u0131l","robots":{"index":"index","follow":"follow","max-snippet":"max-snippet:-1","max-image-preview":"max-image-preview:large","max-video-preview":"max-video-preview:-1"},"canonical":"https:\/\/denizcankizil.tr\/en\/haberler\/gundem\/bakan-uraloglu-antalya-icin-rakamlarla-konustu-rekor-kirdik\/","og_locale":"en_GB","og_type":"article","og_title":"Bakan Uralo\u011flu, Antalya i\u00e7in rakamlarla konu\u015ftu: \u201cRekor k\u0131rd\u0131k\u2026\u201d","og_description":"Ula\u015ft\u0131rma ve Altyap\u0131 Bakan\u0131 Abdulkadir Uralo\u011flu, 2025 y\u0131l\u0131 Kurban Bayram\u0131 d\u00f6neminde ger\u00e7ekle\u015fen karayolu, demiryolu ve havayolu trafik verilerini de\u011ferlendirdi. T\u00fcrkiye\u2019deki toplam ara\u00e7 say\u0131s\u0131n\u0131n 32 milyona yakla\u015ft\u0131\u011f\u0131n\u0131 an\u0131msatan Bakan Uralo\u011flu, gidi\u015f yolculu\u011funun ba\u015flad\u0131\u011f\u0131 4 Haziran ve bayram\u0131n son g\u00fcn\u00fc olan 9 Haziran tarihleri aras\u0131nda otoyollardan yakla\u015f\u0131k 16,3 milyon arac\u0131n ge\u00e7i\u015f yapt\u0131\u011f\u0131n\u0131 bildirdi. FAT\u0130H SULTAN MEHMET VE 15 TEMMUZ \u015eEH\u0130TLER K\u00d6PR\u00dcLER\u0130 Bakan Uralo\u011flu, Arife g\u00fcn\u00fc ve Kurban Bayram\u0131\u2019nda Karayollar\u0131 Genel M\u00fcd\u00fcrl\u00fc\u011f\u00fcne ba\u011fl\u0131 otoyollar ile Fatih Sultan Mehmet ve 15 Temmuz \u015eehitler K\u00f6pr\u00fcs\u00fc\u2019n\u00fcn Cumhurba\u015fkan\u0131 Karar\u0131 ile \u00fccretsiz hizmet verdi\u011fini an\u0131msatt\u0131. Bakan Uralo\u011flu, gidi\u015f yolculu\u011funun ba\u015flad\u0131\u011f\u0131 4 Haziran ve bayram\u0131n son g\u00fcn\u00fc olan 9 Haziran tarihleri aras\u0131nda Fatih Sultan Mehmet K\u00f6pr\u00fcs\u00fc\u2019nden bir milyon 479 bin 462 arac\u0131n, 15 Temmuz \u015eehitler K\u00f6pr\u00fcs\u00fc\u2019nden ise bir milyon 173 bin 290 arac\u0131n ge\u00e7i\u015f yapt\u0131\u011f\u0131n\u0131 kaydetti. Uralo\u011flu, \u201cKarayollar\u0131 Genel M\u00fcd\u00fcrl\u00fc\u011f\u00fcm\u00fcz sorumlulu\u011fundaki 2 bo\u011faz k\u00f6pr\u00fcs\u00fc be\u015f g\u00fcnde 2 milyon 652 bin 752 araca hizmet verdi\u201d dedi. Uralo\u011flu ayr\u0131ca, s\u00f6z konusu tarih aral\u0131\u011f\u0131nda KGM sorumlulu\u011fundaki otoyollardan toplam 10 milyon 839 bin 511 ge\u00e7i\u015f ger\u00e7ekle\u015fti\u011fini belirtti. YAP-\u0130\u015eLET-DEVRET MODEL\u0130YLE HAYATA GE\u00c7\u0130R\u0130LEN YOLLAR Bakan Uralo\u011flu, T\u00fcrkiye\u2019nin en b\u00fcy\u00fck otoyol projelerinden olan ve yap-i\u015flet-devret modeliyle hayata ge\u00e7irilen Kuzey Marmara, Ankara-Ni\u011fde, Gebze-Orhangazi-\u0130zmir, Malkara-\u00c7anakkale, Menemen-Alia\u011fa-\u00c7andarl\u0131 Otoyolu ve Ayd\u0131n-Denizli Otoyolu\u2019nu ise toplam 5 milyon 450 bin 795 arac\u0131n &hellip;","og_url":"https:\/\/denizcankizil.tr\/en\/haberler\/gundem\/bakan-uraloglu-antalya-icin-rakamlarla-konustu-rekor-kirdik\/","og_site_name":"Av. Deniz Can K\u0131z\u0131l","article_published_time":"2025-06-11T10:42:32+00:00","author":"Antalya K\u00f6rfez","twitter_card":"summary_large_image","twitter_misc":{"Written by":"Antalya K\u00f6rfez","Estimated reading time":"4 minutes"},"schema":{"@context":"https:\/\/schema.org","@graph":[{"@type":"Article","@id":"https:\/\/denizcankizil.tr\/en\/haberler\/gundem\/bakan-uraloglu-antalya-icin-rakamlarla-konustu-rekor-kirdik\/#article","isPartOf":{"@id":"https:\/\/denizcankizil.tr\/en\/haberler\/gundem\/bakan-uraloglu-antalya-icin-rakamlarla-konustu-rekor-kirdik\/"},"author":{"name":"Antalya K\u00f6rfez","@id":"https:\/\/denizcankizil.tr\/#\/schema\/person\/e1eb71bb4dd684d46563f0af307e1234"},"headline":"Bakan Uralo\u011flu, Antalya i\u00e7in rakamlarla konu\u015ftu: \u201cRekor k\u0131rd\u0131k\u2026\u201d","datePublished":"2025-06-11T10:42:32+00:00","mainEntityOfPage":{"@id":"https:\/\/denizcankizil.tr\/en\/haberler\/gundem\/bakan-uraloglu-antalya-icin-rakamlarla-konustu-rekor-kirdik\/"},"wordCount":862,"publisher":{"@id":"https:\/\/denizcankizil.tr\/#organization"},"articleSection":["G\u00fcndem"],"inLanguage":"en-GB"},{"@type":"WebPage","@id":"https:\/\/denizcankizil.tr\/en\/haberler\/gundem\/bakan-uraloglu-antalya-icin-rakamlarla-konustu-rekor-kirdik\/","url":"https:\/\/denizcankizil.tr\/en\/haberler\/gundem\/bakan-uraloglu-antalya-icin-rakamlarla-konustu-rekor-kirdik\/","name":"Bakan Uralo\u011flu, Antalya i\u00e7in rakamlarla konu\u015ftu: \u201cRekor k\u0131rd\u0131k\u2026\u201d - Av. Deniz Can K\u0131z\u0131l","isPartOf":{"@id":"https:\/\/denizcankizil.tr\/#website"},"datePublished":"2025-06-11T10:42:32+00:00","breadcrumb":{"@id":"https:\/\/denizcankizil.tr\/en\/haberler\/gundem\/bakan-uraloglu-antalya-icin-rakamlarla-konustu-rekor-kirdik\/#breadcrumb"},"inLanguage":"en-GB","potentialAction":[{"@type":"ReadAction","target":["https:\/\/denizcankizil.tr\/en\/haberler\/gundem\/bakan-uraloglu-antalya-icin-rakamlarla-konustu-rekor-kirdik\/"]}]},{"@type":"BreadcrumbList","@id":"https:\/\/denizcankizil.tr\/en\/haberler\/gundem\/bakan-uraloglu-antalya-icin-rakamlarla-konustu-rekor-kirdik\/#breadcrumb","itemListElement":[{"@type":"ListItem","position":1,"name":"Home","item":"https:\/\/denizcankizil.tr\/de\/"},{"@type":"ListItem","position":2,"name":"Bakan Uralo\u011flu, Antalya i\u00e7in rakamlarla konu\u015ftu: \u201cRekor k\u0131rd\u0131k\u2026\u201d"}]},{"@type":"WebSite","@id":"https:\/\/denizcankizil.tr\/#website","url":"https:\/\/denizcankizil.tr\/","name":"Av. Deniz Can K\u0131z\u0131l","description":"Avukat Deniz Can K\u0131z\u0131l Antalya Barosu","publisher":{"@id":"https:\/\/denizcankizil.tr\/#organization"},"potentialAction":[{"@type":"SearchAction","target":{"@type":"EntryPoint","urlTemplate":"https:\/\/denizcankizil.tr\/?s={search_term_string}"},"query-input":{"@type":"PropertyValueSpecification","valueRequired":true,"valueName":"search_term_string"}}],"inLanguage":"en-GB"},{"@type":"Organization","@id":"https:\/\/denizcankizil.tr\/#organization","name":"Av. Deniz Can K\u0131z\u0131l","url":"https:\/\/denizcankizil.tr\/","logo":{"@type":"ImageObject","inLanguage":"en-GB","@id":"https:\/\/denizcankizil.tr\/#\/schema\/logo\/image\/","url":"https:\/\/denizcankizil.tr\/wp-content\/uploads\/2024\/10\/siyah-logo-svg.svg","contentUrl":"https:\/\/denizcankizil.tr\/wp-content\/uploads\/2024\/10\/siyah-logo-svg.svg","width":1080,"height":1080,"caption":"Av. Deniz Can K\u0131z\u0131l"},"image":{"@id":"https:\/\/denizcankizil.tr\/#\/schema\/logo\/image\/"}},{"@type":"Person","@id":"https:\/\/denizcankizil.tr\/#\/schema\/person\/e1eb71bb4dd684d46563f0af307e1234","name":"Antalya K\u00f6rfez","image":{"@type":"ImageObject","inLanguage":"en-GB","@id":"https:\/\/denizcankizil.tr\/#\/schema\/person\/image\/","url":"https:\/\/secure.gravatar.com\/avatar\/42b01982558a48a0b501fdcab6a408d3717ea5919095ee2e67b0e521799c5905?s=96&d=mm&r=g","contentUrl":"https:\/\/secure.gravatar.com\/avatar\/42b01982558a48a0b501fdcab6a408d3717ea5919095ee2e67b0e521799c5905?s=96&d=mm&r=g","caption":"Antalya K\u00f6rfez"},"sameAs":["http:\/\/www.antalyakorfez.com"],"url":"https:\/\/www.antalyakorfez.com\/bakan-uraloglu-antalya-icin-rakamlarla-konustu-rekor-kirdik"}]}},"_links":{"self":[{"href":"https:\/\/denizcankizil.tr\/en\/wp-json\/wp\/v2\/posts\/113474","targetHints":{"allow":["GET"]}}],"collection":[{"href":"https:\/\/denizcankizil.tr\/en\/wp-json\/wp\/v2\/posts"}],"about":[{"href":"https:\/\/denizcankizil.tr\/en\/wp-json\/wp\/v2\/types\/post"}],"author":[{"embeddable":true,"href":"https:\/\/denizcankizil.tr\/en\/wp-json\/wp\/v2\/users\/5"}],"replies":[{"embeddable":true,"href":"https:\/\/denizcankizil.tr\/en\/wp-json\/wp\/v2\/comments?post=113474"}],"version-history":[{"count":0,"href":"https:\/\/denizcankizil.tr\/en\/wp-json\/wp\/v2\/posts\/113474\/revisions"}],"wp:attachment":[{"href":"https:\/\/denizcankizil.tr\/en\/wp-json\/wp\/v2\/media?parent=113474"}],"wp:term":[{"taxonomy":"category","embeddable":true,"href":"https:\/\/denizcankizil.tr\/en\/wp-json\/wp\/v2\/categories?post=113474"},{"taxonomy":"post_tag","embeddable":true,"href":"https:\/\/denizcankizil.tr\/en\/wp-json\/wp\/v2\/tags?post=113474"}],"curies":[{"name":"wp","href":"https:\/\/api.w.org\/{rel}","templated":true}]}}