{"id":112640,"date":"2025-06-10T17:42:15","date_gmt":"2025-06-10T14:42:15","guid":{"rendered":"https:\/\/denizcankizil.tr\/uncategorized-tr\/harac-gibi-giris-ucreti-alan-mermerli-plaji-kapandi\/"},"modified":"2025-06-10T17:42:15","modified_gmt":"2025-06-10T14:42:15","slug":"harac-gibi-giris-ucreti-alan-mermerli-plaji-kapandi","status":"publish","type":"post","link":"https:\/\/denizcankizil.tr\/en\/haberler\/gundem\/harac-gibi-giris-ucreti-alan-mermerli-plaji-kapandi\/","title":{"rendered":"Hara\u00e7 gibi giri\u015f \u00fccreti alan Mermerli Plaj\u0131 kapand\u0131!"},"content":{"rendered":"<p>\u00c7evre, \u015eehircilik ve \u0130klim De\u011fi\u015fikli\u011fi Bakanl\u0131\u011f\u0131 taraf\u0131ndan Antalya Valili\u011fi\u2019ne devredilen Kalei\u00e7i Yat Liman\u0131\u2019ndaki Mermerli Plaj\u0131\u2019nda ge\u00e7ti\u011fimiz \u015eubat ay\u0131nda onar\u0131m ve restorasyon \u00e7al\u0131\u015fmas\u0131 ba\u015flat\u0131lm\u0131\u015ft\u0131. Bu geli\u015fmeyi kent halk\u0131na m\u00fcjde olarak duyuran Antalya Valisi Hulusi \u015eahin, 80 milyon liradan fazla para harcanan projenin tamamlanmas\u0131yla birlikte Valili\u011fin i\u015fletece\u011fi plaj\u0131n halka ve turistlere makul fiyatlarla kaliteli hizmet sunaca\u011f\u0131n\u0131 dile getirmi\u015fti.<\/p>\n<p>VAL\u0130L\u0130K \u015e\u0130RKET\u0130 B\u0130R OTELC\u0130YE K\u0130RALADI, 1000 TL G\u0130R\u0130\u015e \u00dcCRET\u0130 KONDU<\/p>\n<p>Ancak sit alan\u0131 olan tarihi b\u00f6lgede yer alan Mermerli Plaj\u0131\u2019n\u0131n, Antalya Valili\u011fi Yat\u0131r\u0131m \u0130zleme ve Koordinasyon Ba\u015fkanl\u0131\u011f\u0131 (Y\u0130KOB) b\u00fcnyesinde kurulan AYDA\u015e A\u015e taraf\u0131ndan 28 May\u0131s 2025 tarihinde yap\u0131lan s\u00f6zle\u015fmeyle sessiz sedas\u0131z \u00f6zel bir \u015firkete kiraya verilmesi kent kamuoyunda tepkiyle kar\u015f\u0131land\u0131. Bayram tatili i\u00e7in kente gelen ziyaret\u00e7iler ve kent halk\u0131 plajda serinlemek isteyince, giri\u015fte 1000 TL \u00fccret uygulamas\u0131yla kar\u015f\u0131la\u015f\u0131nca tepkiler daha da artt\u0131. \u0130ki ayr\u0131 \u015firket \u00fczerinden hizmet fi\u015fi kesildi\u011fi g\u00f6r\u00fclen plajda, yiyecek i\u00e7ecek hizmeti de verilirken, fiyatlar\u0131n y\u00fcksek tutulmas\u0131 dikkat \u00e7ekti.<\/p>\n<p>TEPK\u0130 GEL\u0130NCE VAL\u0130L\u0130K \u2018\u00dcCRET 500\u2019E D\u00dc\u015eECEK\u2019 A\u00c7IKLAMASI YAPTI<\/p>\n<p>Konuyu g\u00fcndeme getiren haberimizin ard\u0131ndan bir a\u00e7\u0131klama ileten Antalya Valili\u011fi, Mermerli Plaj\u0131n\u0131n Kalei\u00e7i\u2019nde hizmet veren Puding Otel\u2019e kiraland\u0131\u011f\u0131n\u0131, 1000 TL\u2019lik giri\u015f \u00fccretinin ise firmayla yap\u0131lan g\u00f6r\u00fc\u015fmenin ard\u0131ndan 500 TL\u2019ye d\u00fc\u015f\u00fcr\u00fclece\u011fini belirtti. Valili\u011fin a\u00e7\u0131klamas\u0131nda, plaj\u0131n kiralanmas\u0131yla ilgili s\u00f6zle\u015fmeyi imzalayan i\u015fletme sahibinin de Kerem \u00c7ankaya oldu\u011fu belirtildi.<\/p>\n<p>BELED\u0130YEYE SORDUK, &#8220;RUHSAT BA\u015eVURUSU YOK&#8221; DED\u0130<\/p>\n<p>Antalya K\u00f6rfez Gazetesi Yusuf Yavuz&#8217;un haberine g\u00f6re; Valilik eliyle kamu kayna\u011f\u0131 aktar\u0131larak restore edilen ve \u00e7evre d\u00fczenlemesi yap\u0131lan Mermerli Plaj\u0131\u2019n\u0131n daha uygun fiyat, temiz ve g\u00fcvenli bi\u00e7imde hizmete a\u00e7\u0131lmas\u0131 beklenirken, Kurban Bayram\u0131 haftas\u0131nda yap\u0131lan 1000 TL\u2019lik plaj giri\u015f \u00fccreti vurgununa tepki g\u00f6steren Antalya halk\u0131, otel ve hal\u0131c\u0131l\u0131k \u015firketinin fi\u015fi kesilen plaj i\u015fletmesinin ruhsat\u0131n\u0131n olup olmad\u0131\u011f\u0131n\u0131 da sorgulamaya ba\u015flad\u0131. Mermerli Plaj\u0131yla ilgili bir ruhsat verilip verilmedi\u011fi konusunda bilgisine ba\u015fvurdu\u011fumuz Antalya B\u00fcy\u00fck\u015fehir Belediyesi yetkilileri, konuyla ilgili yetkinin il\u00e7e belediyesi olan Muratpa\u015fa\u2019da oldu\u011funu bildirdi. Muratpa\u015fa Belediyesi yetkilileri ise Mermerli Plaj\u0131\u2019yla ilgili kendilerine ula\u015fan bir ruhsat ba\u015fvurusunun bulunmad\u0131\u011f\u0131n\u0131 belirtti.<\/p>\n<p>VAL\u0130L\u0130K \u015e\u0130RKET\u0130 EL\u0130YLE YA\u015eANAN SKANDALLAR Z\u0130NC\u0130R\u0130<\/p>\n<p>Ruhsat ba\u015fvurusunun olmad\u0131\u011f\u0131 \u00f6ne s\u00fcr\u00fclen Mermerli Plaj\u0131nda hizmet veren personelin de ba\u015fka i\u015fletmelerden getirildi\u011fi belirtilirken, cankurtaran platformunun da bo\u015f oldu\u011funun g\u00f6r\u00fclmesi, Kurban Bayram\u0131 tatili boyunca binlerce insan\u0131n sa\u011fl\u0131\u011f\u0131n\u0131n ve can g\u00fcvenli\u011finin tehlikeye at\u0131ld\u0131\u011f\u0131n\u0131 g\u00f6zler \u00f6n\u00fcne serdi. T\u00fcrk turizminin ba\u015fkenti Antalya\u2019da valili\u011fin kurdu\u011fu \u015firket eliyle ya\u015fanan skandallar zincirinde, ruhsat\u0131 bile olmad\u0131\u011f\u0131 \u00f6ne s\u00fcr\u00fclen i\u015fletmede Kurban Bayram\u0131 haftas\u0131nda binlerce insan haraca kesilirken, vatanda\u015flar sorumlular hakk\u0131nda idari ve adli soru\u015fturma ba\u015flat\u0131lmas\u0131n\u0131 talep etti.<\/p>\n<p>TEPK\u0130LER\u0130N ARDINDAN PLAJ \u0130\u015eLETMES\u0130 H\u0130ZMETE KAPANDI<\/p>\n<p>Gelen tepkilerin ard\u0131ndan bug\u00fcn Mermerli Plaj\u0131n\u0131n kap\u0131s\u0131na kilit vuruldu. \u0130\u015fletmenin giri\u015fine konulan tabelada, i\u015fletmenin tadilat dolay\u0131s\u0131yla kapal\u0131 oldu\u011fu belirtildi. Ancak edindi\u011fimiz bilgilere g\u00f6re; Valilik \u015firketinden plaj\u0131 kiralayan turizm \u015firketi yetkililerinin, olu\u015fan tepkilerden rahats\u0131zl\u0131k duydu\u011fu ve s\u00f6zle\u015fmeyi sonland\u0131rmak istedi\u011fi iddia edildi.<\/p>\n<p>DENET\u0130M VE YAPTIRIM YETK\u0130S\u0130 VAL\u0130L\u0130KTE <\/p>\n<p>K\u00fclt\u00fcr ve Turizm Bakanl\u0131\u011f\u0131\u2019nca 2021 y\u0131l\u0131nda \u00e7\u0131kar\u0131lan \u2018Basit Konaklama Tesisleri ile Plaj \u0130\u015fletmelerinin Belgelendirilmesine \u0130li\u015fkin Y\u00f6netmelik\u2019, ruhsat, i\u015fletme belgesi ve personelle ilgili d\u00fczenlemeleri i\u00e7eriyor. Plaj i\u015fletmelerinde uygulanacak fiyat tarifesinin \u0130l M\u00fcd\u00fcrl\u00fckleri taraf\u0131ndan onaylanmas\u0131n\u0131 \u00f6ng\u00f6ren Y\u00f6netmelik, iki ayr\u0131 cankurtaran zorunlulu\u011fu ile hijyen kurallar\u0131 ve yeterli personeli zorunlu k\u0131l\u0131yor. Plajlar\u0131n mevzuata uygun olup olmad\u0131\u011f\u0131n\u0131n denetimi ve yapt\u0131r\u0131m yetkisi ise Valiliklere veriliyor. Ancak Antalya Valili\u011fi\u2019nin a\u00e7\u0131klamas\u0131nda \u201c\u015eezlong g\u00fcnl\u00fck kira bedeli Kemer, Konyaalt\u0131 ve Lara b\u00f6lgesinde uygulanan kira bedelleri dikkate al\u0131narak i\u015fletici firma taraf\u0131ndan tespit edilmi\u015ftir. \u0130\u015fletici firma ile yap\u0131lan g\u00f6r\u00fc\u015fme neticesinde bug\u00fcnden itibaren \u015fezlong kira bedeli 500 TL olarak uygulanmas\u0131na karar verilmi\u015ftir\u201d ifadelerine yer verilmesi, idarenin fiyat belirleme ve denetim yetkisini de kullanmad\u0131\u011f\u0131n\u0131 ortaya koyuyor.<\/p>\n<p>\u200bValili\u011fin \u015firketinden kiralad\u0131\u011f\u0131 Mermerli Plaj\u0131&#8217;n\u0131  Kurban Bayram\u0131 haftas\u0131nda hizmete a\u00e7arak ki\u015fi ba\u015f\u0131na 1000 TL\u2019lik giri\u015f \u00fccreti alan i\u015fletmenin ruhsat\u0131n\u0131n olmad\u0131\u011f\u0131 ortaya \u00e7\u0131kt\u0131. Tepkilerin ard\u0131ndan kapanan Mermerli Plaj\u0131\u2019n\u0131n giri\u015fine \u201cTadilat nedeniyle kapal\u0131y\u0131z\u201d tabelas\u0131 konuldu\u2026\u00a0<\/p>\n<p>\u200bHaberin Al\u0131nt\u0131land\u0131\u011f\u0131 Kaynak: www.antalyakorfez.com<\/p>","protected":false},"excerpt":{"rendered":"<p>\u00c7evre, \u015eehircilik ve \u0130klim De\u011fi\u015fikli\u011fi Bakanl\u0131\u011f\u0131 taraf\u0131ndan Antalya Valili\u011fi\u2019ne devredilen Kalei\u00e7i Yat Liman\u0131\u2019ndaki Mermerli Plaj\u0131\u2019nda ge\u00e7ti\u011fimiz \u015eubat ay\u0131nda onar\u0131m ve restorasyon \u00e7al\u0131\u015fmas\u0131 ba\u015flat\u0131lm\u0131\u015ft\u0131. Bu geli\u015fmeyi kent halk\u0131na m\u00fcjde olarak duyuran Antalya Valisi Hulusi \u015eahin, 80 milyon liradan fazla para harcanan projenin tamamlanmas\u0131yla birlikte Valili\u011fin i\u015fletece\u011fi plaj\u0131n halka ve turistlere makul fiyatlarla kaliteli hizmet sunaca\u011f\u0131n\u0131 dile getirmi\u015fti. VAL\u0130L\u0130K \u015e\u0130RKET\u0130 B\u0130R OTELC\u0130YE K\u0130RALADI, 1000 TL G\u0130R\u0130\u015e \u00dcCRET\u0130 KONDU Ancak sit alan\u0131 olan tarihi b\u00f6lgede yer alan Mermerli Plaj\u0131\u2019n\u0131n, Antalya Valili\u011fi Yat\u0131r\u0131m \u0130zleme ve Koordinasyon Ba\u015fkanl\u0131\u011f\u0131 (Y\u0130KOB) b\u00fcnyesinde kurulan AYDA\u015e A\u015e taraf\u0131ndan 28 May\u0131s 2025 tarihinde yap\u0131lan s\u00f6zle\u015fmeyle sessiz sedas\u0131z \u00f6zel bir \u015firkete kiraya verilmesi kent kamuoyunda tepkiyle kar\u015f\u0131land\u0131. Bayram tatili i\u00e7in kente gelen ziyaret\u00e7iler ve kent halk\u0131 plajda serinlemek isteyince, giri\u015fte 1000 TL \u00fccret uygulamas\u0131yla kar\u015f\u0131la\u015f\u0131nca tepkiler daha da artt\u0131. \u0130ki ayr\u0131 \u015firket \u00fczerinden hizmet fi\u015fi kesildi\u011fi g\u00f6r\u00fclen plajda, yiyecek i\u00e7ecek hizmeti de verilirken, fiyatlar\u0131n y\u00fcksek tutulmas\u0131 dikkat \u00e7ekti. TEPK\u0130 GEL\u0130NCE VAL\u0130L\u0130K \u2018\u00dcCRET 500\u2019E D\u00dc\u015eECEK\u2019 A\u00c7IKLAMASI YAPTI Konuyu g\u00fcndeme getiren haberimizin ard\u0131ndan bir a\u00e7\u0131klama ileten Antalya Valili\u011fi, Mermerli Plaj\u0131n\u0131n Kalei\u00e7i\u2019nde hizmet veren Puding Otel\u2019e kiraland\u0131\u011f\u0131n\u0131, 1000 TL\u2019lik giri\u015f \u00fccretinin ise firmayla yap\u0131lan g\u00f6r\u00fc\u015fmenin ard\u0131ndan 500 TL\u2019ye d\u00fc\u015f\u00fcr\u00fclece\u011fini belirtti. Valili\u011fin a\u00e7\u0131klamas\u0131nda, plaj\u0131n kiralanmas\u0131yla ilgili s\u00f6zle\u015fmeyi imzalayan i\u015fletme sahibinin de Kerem \u00c7ankaya oldu\u011fu belirtildi. &hellip;<\/p>","protected":false},"author":5,"featured_media":0,"comment_status":"","ping_status":"open","sticky":false,"template":"","format":"standard","meta":{"_acf_changed":false,"footnotes":""},"categories":[24],"tags":[],"class_list":["post-112640","post","type-post","status-publish","format-standard","has-post-thumbnail","hentry","category-gundem"],"acf":[],"yoast_head":"<!-- This site is optimized with the Yoast SEO Premium plugin v26.6 (Yoast SEO v27.1.1) - https:\/\/yoast.com\/product\/yoast-seo-premium-wordpress\/ -->\n<title>Hara\u00e7 gibi giri\u015f \u00fccreti alan Mermerli Plaj\u0131 kapand\u0131! - Av. Deniz Can K\u0131z\u0131l<\/title>\n<meta name=\"robots\" content=\"index, follow, max-snippet:-1, max-image-preview:large, max-video-preview:-1\" \/>\n<link rel=\"canonical\" href=\"https:\/\/denizcankizil.tr\/en\/haberler\/gundem\/harac-gibi-giris-ucreti-alan-mermerli-plaji-kapandi\/\" \/>\n<meta property=\"og:locale\" content=\"en_GB\" \/>\n<meta property=\"og:type\" content=\"article\" \/>\n<meta property=\"og:title\" content=\"Hara\u00e7 gibi giri\u015f \u00fccreti alan Mermerli Plaj\u0131 kapand\u0131!\" \/>\n<meta property=\"og:description\" content=\"\u00c7evre, \u015eehircilik ve \u0130klim De\u011fi\u015fikli\u011fi Bakanl\u0131\u011f\u0131 taraf\u0131ndan Antalya Valili\u011fi\u2019ne devredilen Kalei\u00e7i Yat Liman\u0131\u2019ndaki Mermerli Plaj\u0131\u2019nda ge\u00e7ti\u011fimiz \u015eubat ay\u0131nda onar\u0131m ve restorasyon \u00e7al\u0131\u015fmas\u0131 ba\u015flat\u0131lm\u0131\u015ft\u0131. Bu geli\u015fmeyi kent halk\u0131na m\u00fcjde olarak duyuran Antalya Valisi Hulusi \u015eahin, 80 milyon liradan fazla para harcanan projenin tamamlanmas\u0131yla birlikte Valili\u011fin i\u015fletece\u011fi plaj\u0131n halka ve turistlere makul fiyatlarla kaliteli hizmet sunaca\u011f\u0131n\u0131 dile getirmi\u015fti. VAL\u0130L\u0130K \u015e\u0130RKET\u0130 B\u0130R OTELC\u0130YE K\u0130RALADI, 1000 TL G\u0130R\u0130\u015e \u00dcCRET\u0130 KONDU Ancak sit alan\u0131 olan tarihi b\u00f6lgede yer alan Mermerli Plaj\u0131\u2019n\u0131n, Antalya Valili\u011fi Yat\u0131r\u0131m \u0130zleme ve Koordinasyon Ba\u015fkanl\u0131\u011f\u0131 (Y\u0130KOB) b\u00fcnyesinde kurulan AYDA\u015e A\u015e taraf\u0131ndan 28 May\u0131s 2025 tarihinde yap\u0131lan s\u00f6zle\u015fmeyle sessiz sedas\u0131z \u00f6zel bir \u015firkete kiraya verilmesi kent kamuoyunda tepkiyle kar\u015f\u0131land\u0131. Bayram tatili i\u00e7in kente gelen ziyaret\u00e7iler ve kent halk\u0131 plajda serinlemek isteyince, giri\u015fte 1000 TL \u00fccret uygulamas\u0131yla kar\u015f\u0131la\u015f\u0131nca tepkiler daha da artt\u0131. \u0130ki ayr\u0131 \u015firket \u00fczerinden hizmet fi\u015fi kesildi\u011fi g\u00f6r\u00fclen plajda, yiyecek i\u00e7ecek hizmeti de verilirken, fiyatlar\u0131n y\u00fcksek tutulmas\u0131 dikkat \u00e7ekti. TEPK\u0130 GEL\u0130NCE VAL\u0130L\u0130K \u2018\u00dcCRET 500\u2019E D\u00dc\u015eECEK\u2019 A\u00c7IKLAMASI YAPTI Konuyu g\u00fcndeme getiren haberimizin ard\u0131ndan bir a\u00e7\u0131klama ileten Antalya Valili\u011fi, Mermerli Plaj\u0131n\u0131n Kalei\u00e7i\u2019nde hizmet veren Puding Otel\u2019e kiraland\u0131\u011f\u0131n\u0131, 1000 TL\u2019lik giri\u015f \u00fccretinin ise firmayla yap\u0131lan g\u00f6r\u00fc\u015fmenin ard\u0131ndan 500 TL\u2019ye d\u00fc\u015f\u00fcr\u00fclece\u011fini belirtti. Valili\u011fin a\u00e7\u0131klamas\u0131nda, plaj\u0131n kiralanmas\u0131yla ilgili s\u00f6zle\u015fmeyi imzalayan i\u015fletme sahibinin de Kerem \u00c7ankaya oldu\u011fu belirtildi. &hellip;\" \/>\n<meta property=\"og:url\" content=\"https:\/\/denizcankizil.tr\/en\/haberler\/gundem\/harac-gibi-giris-ucreti-alan-mermerli-plaji-kapandi\/\" \/>\n<meta property=\"og:site_name\" content=\"Av. Deniz Can K\u0131z\u0131l\" \/>\n<meta property=\"article:published_time\" content=\"2025-06-10T14:42:15+00:00\" \/>\n<meta name=\"author\" content=\"Antalya K\u00f6rfez\" \/>\n<meta name=\"twitter:card\" content=\"summary_large_image\" \/>\n<meta name=\"twitter:label1\" content=\"Written by\" \/>\n\t<meta name=\"twitter:data1\" content=\"Antalya K\u00f6rfez\" \/>\n\t<meta name=\"twitter:label2\" content=\"Estimated reading time\" \/>\n\t<meta name=\"twitter:data2\" content=\"4 minutes\" \/>\n<script type=\"application\/ld+json\" class=\"yoast-schema-graph\">{\"@context\":\"https:\/\/schema.org\",\"@graph\":[{\"@type\":\"Article\",\"@id\":\"https:\/\/denizcankizil.tr\/de\/haberler\/gundem\/harac-gibi-giris-ucreti-alan-mermerli-plaji-kapandi\/#article\",\"isPartOf\":{\"@id\":\"https:\/\/denizcankizil.tr\/de\/haberler\/gundem\/harac-gibi-giris-ucreti-alan-mermerli-plaji-kapandi\/\"},\"author\":{\"name\":\"Antalya K\u00f6rfez\",\"@id\":\"https:\/\/denizcankizil.tr\/#\/schema\/person\/e1eb71bb4dd684d46563f0af307e1234\"},\"headline\":\"Hara\u00e7 gibi giri\u015f \u00fccreti alan Mermerli Plaj\u0131 kapand\u0131!\",\"datePublished\":\"2025-06-10T14:42:15+00:00\",\"mainEntityOfPage\":{\"@id\":\"https:\/\/denizcankizil.tr\/de\/haberler\/gundem\/harac-gibi-giris-ucreti-alan-mermerli-plaji-kapandi\/\"},\"wordCount\":846,\"publisher\":{\"@id\":\"https:\/\/denizcankizil.tr\/#organization\"},\"articleSection\":[\"G\u00fcndem\"],\"inLanguage\":\"en-GB\"},{\"@type\":\"WebPage\",\"@id\":\"https:\/\/denizcankizil.tr\/de\/haberler\/gundem\/harac-gibi-giris-ucreti-alan-mermerli-plaji-kapandi\/\",\"url\":\"https:\/\/denizcankizil.tr\/de\/haberler\/gundem\/harac-gibi-giris-ucreti-alan-mermerli-plaji-kapandi\/\",\"name\":\"Hara\u00e7 gibi giri\u015f \u00fccreti alan Mermerli Plaj\u0131 kapand\u0131! - Av. Deniz Can K\u0131z\u0131l\",\"isPartOf\":{\"@id\":\"https:\/\/denizcankizil.tr\/#website\"},\"datePublished\":\"2025-06-10T14:42:15+00:00\",\"breadcrumb\":{\"@id\":\"https:\/\/denizcankizil.tr\/de\/haberler\/gundem\/harac-gibi-giris-ucreti-alan-mermerli-plaji-kapandi\/#breadcrumb\"},\"inLanguage\":\"en-GB\",\"potentialAction\":[{\"@type\":\"ReadAction\",\"target\":[\"https:\/\/denizcankizil.tr\/de\/haberler\/gundem\/harac-gibi-giris-ucreti-alan-mermerli-plaji-kapandi\/\"]}]},{\"@type\":\"BreadcrumbList\",\"@id\":\"https:\/\/denizcankizil.tr\/de\/haberler\/gundem\/harac-gibi-giris-ucreti-alan-mermerli-plaji-kapandi\/#breadcrumb\",\"itemListElement\":[{\"@type\":\"ListItem\",\"position\":1,\"name\":\"Home\",\"item\":\"https:\/\/denizcankizil.tr\/uk\/\"},{\"@type\":\"ListItem\",\"position\":2,\"name\":\"Hara\u00e7 gibi giri\u015f \u00fccreti alan Mermerli Plaj\u0131 kapand\u0131!\"}]},{\"@type\":\"WebSite\",\"@id\":\"https:\/\/denizcankizil.tr\/#website\",\"url\":\"https:\/\/denizcankizil.tr\/\",\"name\":\"Av. Deniz Can K\u0131z\u0131l\",\"description\":\"Avukat Deniz Can K\u0131z\u0131l Antalya Barosu\",\"publisher\":{\"@id\":\"https:\/\/denizcankizil.tr\/#organization\"},\"potentialAction\":[{\"@type\":\"SearchAction\",\"target\":{\"@type\":\"EntryPoint\",\"urlTemplate\":\"https:\/\/denizcankizil.tr\/?s={search_term_string}\"},\"query-input\":{\"@type\":\"PropertyValueSpecification\",\"valueRequired\":true,\"valueName\":\"search_term_string\"}}],\"inLanguage\":\"en-GB\"},{\"@type\":\"Organization\",\"@id\":\"https:\/\/denizcankizil.tr\/#organization\",\"name\":\"Av. Deniz Can K\u0131z\u0131l\",\"url\":\"https:\/\/denizcankizil.tr\/\",\"logo\":{\"@type\":\"ImageObject\",\"inLanguage\":\"en-GB\",\"@id\":\"https:\/\/denizcankizil.tr\/#\/schema\/logo\/image\/\",\"url\":\"https:\/\/denizcankizil.tr\/wp-content\/uploads\/2024\/10\/siyah-logo-svg.svg\",\"contentUrl\":\"https:\/\/denizcankizil.tr\/wp-content\/uploads\/2024\/10\/siyah-logo-svg.svg\",\"width\":1080,\"height\":1080,\"caption\":\"Av. Deniz Can K\u0131z\u0131l\"},\"image\":{\"@id\":\"https:\/\/denizcankizil.tr\/#\/schema\/logo\/image\/\"}},{\"@type\":\"Person\",\"@id\":\"https:\/\/denizcankizil.tr\/#\/schema\/person\/e1eb71bb4dd684d46563f0af307e1234\",\"name\":\"Antalya K\u00f6rfez\",\"image\":{\"@type\":\"ImageObject\",\"inLanguage\":\"en-GB\",\"@id\":\"https:\/\/denizcankizil.tr\/#\/schema\/person\/image\/\",\"url\":\"https:\/\/secure.gravatar.com\/avatar\/42b01982558a48a0b501fdcab6a408d3717ea5919095ee2e67b0e521799c5905?s=96&d=mm&r=g\",\"contentUrl\":\"https:\/\/secure.gravatar.com\/avatar\/42b01982558a48a0b501fdcab6a408d3717ea5919095ee2e67b0e521799c5905?s=96&d=mm&r=g\",\"caption\":\"Antalya K\u00f6rfez\"},\"sameAs\":[\"http:\/\/www.antalyakorfez.com\"],\"url\":\"https:\/\/www.antalyakorfez.com\/harac-gibi-giris-ucreti-alan-mermerli-plaji-kapandi\"}]}<\/script>\n<!-- \/ Yoast SEO Premium plugin. -->","yoast_head_json":{"title":"Hara\u00e7 gibi giri\u015f \u00fccreti alan Mermerli Plaj\u0131 kapand\u0131! - Av. Deniz Can K\u0131z\u0131l","robots":{"index":"index","follow":"follow","max-snippet":"max-snippet:-1","max-image-preview":"max-image-preview:large","max-video-preview":"max-video-preview:-1"},"canonical":"https:\/\/denizcankizil.tr\/en\/haberler\/gundem\/harac-gibi-giris-ucreti-alan-mermerli-plaji-kapandi\/","og_locale":"en_GB","og_type":"article","og_title":"Hara\u00e7 gibi giri\u015f \u00fccreti alan Mermerli Plaj\u0131 kapand\u0131!","og_description":"\u00c7evre, \u015eehircilik ve \u0130klim De\u011fi\u015fikli\u011fi Bakanl\u0131\u011f\u0131 taraf\u0131ndan Antalya Valili\u011fi\u2019ne devredilen Kalei\u00e7i Yat Liman\u0131\u2019ndaki Mermerli Plaj\u0131\u2019nda ge\u00e7ti\u011fimiz \u015eubat ay\u0131nda onar\u0131m ve restorasyon \u00e7al\u0131\u015fmas\u0131 ba\u015flat\u0131lm\u0131\u015ft\u0131. Bu geli\u015fmeyi kent halk\u0131na m\u00fcjde olarak duyuran Antalya Valisi Hulusi \u015eahin, 80 milyon liradan fazla para harcanan projenin tamamlanmas\u0131yla birlikte Valili\u011fin i\u015fletece\u011fi plaj\u0131n halka ve turistlere makul fiyatlarla kaliteli hizmet sunaca\u011f\u0131n\u0131 dile getirmi\u015fti. VAL\u0130L\u0130K \u015e\u0130RKET\u0130 B\u0130R OTELC\u0130YE K\u0130RALADI, 1000 TL G\u0130R\u0130\u015e \u00dcCRET\u0130 KONDU Ancak sit alan\u0131 olan tarihi b\u00f6lgede yer alan Mermerli Plaj\u0131\u2019n\u0131n, Antalya Valili\u011fi Yat\u0131r\u0131m \u0130zleme ve Koordinasyon Ba\u015fkanl\u0131\u011f\u0131 (Y\u0130KOB) b\u00fcnyesinde kurulan AYDA\u015e A\u015e taraf\u0131ndan 28 May\u0131s 2025 tarihinde yap\u0131lan s\u00f6zle\u015fmeyle sessiz sedas\u0131z \u00f6zel bir \u015firkete kiraya verilmesi kent kamuoyunda tepkiyle kar\u015f\u0131land\u0131. Bayram tatili i\u00e7in kente gelen ziyaret\u00e7iler ve kent halk\u0131 plajda serinlemek isteyince, giri\u015fte 1000 TL \u00fccret uygulamas\u0131yla kar\u015f\u0131la\u015f\u0131nca tepkiler daha da artt\u0131. \u0130ki ayr\u0131 \u015firket \u00fczerinden hizmet fi\u015fi kesildi\u011fi g\u00f6r\u00fclen plajda, yiyecek i\u00e7ecek hizmeti de verilirken, fiyatlar\u0131n y\u00fcksek tutulmas\u0131 dikkat \u00e7ekti. TEPK\u0130 GEL\u0130NCE VAL\u0130L\u0130K \u2018\u00dcCRET 500\u2019E D\u00dc\u015eECEK\u2019 A\u00c7IKLAMASI YAPTI Konuyu g\u00fcndeme getiren haberimizin ard\u0131ndan bir a\u00e7\u0131klama ileten Antalya Valili\u011fi, Mermerli Plaj\u0131n\u0131n Kalei\u00e7i\u2019nde hizmet veren Puding Otel\u2019e kiraland\u0131\u011f\u0131n\u0131, 1000 TL\u2019lik giri\u015f \u00fccretinin ise firmayla yap\u0131lan g\u00f6r\u00fc\u015fmenin ard\u0131ndan 500 TL\u2019ye d\u00fc\u015f\u00fcr\u00fclece\u011fini belirtti. Valili\u011fin a\u00e7\u0131klamas\u0131nda, plaj\u0131n kiralanmas\u0131yla ilgili s\u00f6zle\u015fmeyi imzalayan i\u015fletme sahibinin de Kerem \u00c7ankaya oldu\u011fu belirtildi. &hellip;","og_url":"https:\/\/denizcankizil.tr\/en\/haberler\/gundem\/harac-gibi-giris-ucreti-alan-mermerli-plaji-kapandi\/","og_site_name":"Av. Deniz Can K\u0131z\u0131l","article_published_time":"2025-06-10T14:42:15+00:00","author":"Antalya K\u00f6rfez","twitter_card":"summary_large_image","twitter_misc":{"Written by":"Antalya K\u00f6rfez","Estimated reading time":"4 minutes"},"schema":{"@context":"https:\/\/schema.org","@graph":[{"@type":"Article","@id":"https:\/\/denizcankizil.tr\/de\/haberler\/gundem\/harac-gibi-giris-ucreti-alan-mermerli-plaji-kapandi\/#article","isPartOf":{"@id":"https:\/\/denizcankizil.tr\/de\/haberler\/gundem\/harac-gibi-giris-ucreti-alan-mermerli-plaji-kapandi\/"},"author":{"name":"Antalya K\u00f6rfez","@id":"https:\/\/denizcankizil.tr\/#\/schema\/person\/e1eb71bb4dd684d46563f0af307e1234"},"headline":"Hara\u00e7 gibi giri\u015f \u00fccreti alan Mermerli Plaj\u0131 kapand\u0131!","datePublished":"2025-06-10T14:42:15+00:00","mainEntityOfPage":{"@id":"https:\/\/denizcankizil.tr\/de\/haberler\/gundem\/harac-gibi-giris-ucreti-alan-mermerli-plaji-kapandi\/"},"wordCount":846,"publisher":{"@id":"https:\/\/denizcankizil.tr\/#organization"},"articleSection":["G\u00fcndem"],"inLanguage":"en-GB"},{"@type":"WebPage","@id":"https:\/\/denizcankizil.tr\/de\/haberler\/gundem\/harac-gibi-giris-ucreti-alan-mermerli-plaji-kapandi\/","url":"https:\/\/denizcankizil.tr\/de\/haberler\/gundem\/harac-gibi-giris-ucreti-alan-mermerli-plaji-kapandi\/","name":"Hara\u00e7 gibi giri\u015f \u00fccreti alan Mermerli Plaj\u0131 kapand\u0131! - Av. Deniz Can K\u0131z\u0131l","isPartOf":{"@id":"https:\/\/denizcankizil.tr\/#website"},"datePublished":"2025-06-10T14:42:15+00:00","breadcrumb":{"@id":"https:\/\/denizcankizil.tr\/de\/haberler\/gundem\/harac-gibi-giris-ucreti-alan-mermerli-plaji-kapandi\/#breadcrumb"},"inLanguage":"en-GB","potentialAction":[{"@type":"ReadAction","target":["https:\/\/denizcankizil.tr\/de\/haberler\/gundem\/harac-gibi-giris-ucreti-alan-mermerli-plaji-kapandi\/"]}]},{"@type":"BreadcrumbList","@id":"https:\/\/denizcankizil.tr\/de\/haberler\/gundem\/harac-gibi-giris-ucreti-alan-mermerli-plaji-kapandi\/#breadcrumb","itemListElement":[{"@type":"ListItem","position":1,"name":"Home","item":"https:\/\/denizcankizil.tr\/uk\/"},{"@type":"ListItem","position":2,"name":"Hara\u00e7 gibi giri\u015f \u00fccreti alan Mermerli Plaj\u0131 kapand\u0131!"}]},{"@type":"WebSite","@id":"https:\/\/denizcankizil.tr\/#website","url":"https:\/\/denizcankizil.tr\/","name":"Av. Deniz Can K\u0131z\u0131l","description":"Avukat Deniz Can K\u0131z\u0131l Antalya Barosu","publisher":{"@id":"https:\/\/denizcankizil.tr\/#organization"},"potentialAction":[{"@type":"SearchAction","target":{"@type":"EntryPoint","urlTemplate":"https:\/\/denizcankizil.tr\/?s={search_term_string}"},"query-input":{"@type":"PropertyValueSpecification","valueRequired":true,"valueName":"search_term_string"}}],"inLanguage":"en-GB"},{"@type":"Organization","@id":"https:\/\/denizcankizil.tr\/#organization","name":"Av. Deniz Can K\u0131z\u0131l","url":"https:\/\/denizcankizil.tr\/","logo":{"@type":"ImageObject","inLanguage":"en-GB","@id":"https:\/\/denizcankizil.tr\/#\/schema\/logo\/image\/","url":"https:\/\/denizcankizil.tr\/wp-content\/uploads\/2024\/10\/siyah-logo-svg.svg","contentUrl":"https:\/\/denizcankizil.tr\/wp-content\/uploads\/2024\/10\/siyah-logo-svg.svg","width":1080,"height":1080,"caption":"Av. Deniz Can K\u0131z\u0131l"},"image":{"@id":"https:\/\/denizcankizil.tr\/#\/schema\/logo\/image\/"}},{"@type":"Person","@id":"https:\/\/denizcankizil.tr\/#\/schema\/person\/e1eb71bb4dd684d46563f0af307e1234","name":"Antalya K\u00f6rfez","image":{"@type":"ImageObject","inLanguage":"en-GB","@id":"https:\/\/denizcankizil.tr\/#\/schema\/person\/image\/","url":"https:\/\/secure.gravatar.com\/avatar\/42b01982558a48a0b501fdcab6a408d3717ea5919095ee2e67b0e521799c5905?s=96&d=mm&r=g","contentUrl":"https:\/\/secure.gravatar.com\/avatar\/42b01982558a48a0b501fdcab6a408d3717ea5919095ee2e67b0e521799c5905?s=96&d=mm&r=g","caption":"Antalya K\u00f6rfez"},"sameAs":["http:\/\/www.antalyakorfez.com"],"url":"https:\/\/www.antalyakorfez.com\/harac-gibi-giris-ucreti-alan-mermerli-plaji-kapandi"}]}},"_links":{"self":[{"href":"https:\/\/denizcankizil.tr\/en\/wp-json\/wp\/v2\/posts\/112640","targetHints":{"allow":["GET"]}}],"collection":[{"href":"https:\/\/denizcankizil.tr\/en\/wp-json\/wp\/v2\/posts"}],"about":[{"href":"https:\/\/denizcankizil.tr\/en\/wp-json\/wp\/v2\/types\/post"}],"author":[{"embeddable":true,"href":"https:\/\/denizcankizil.tr\/en\/wp-json\/wp\/v2\/users\/5"}],"replies":[{"embeddable":true,"href":"https:\/\/denizcankizil.tr\/en\/wp-json\/wp\/v2\/comments?post=112640"}],"version-history":[{"count":0,"href":"https:\/\/denizcankizil.tr\/en\/wp-json\/wp\/v2\/posts\/112640\/revisions"}],"wp:attachment":[{"href":"https:\/\/denizcankizil.tr\/en\/wp-json\/wp\/v2\/media?parent=112640"}],"wp:term":[{"taxonomy":"category","embeddable":true,"href":"https:\/\/denizcankizil.tr\/en\/wp-json\/wp\/v2\/categories?post=112640"},{"taxonomy":"post_tag","embeddable":true,"href":"https:\/\/denizcankizil.tr\/en\/wp-json\/wp\/v2\/tags?post=112640"}],"curies":[{"name":"wp","href":"https:\/\/api.w.org\/{rel}","templated":true}]}}