{"id":112336,"date":"2025-06-10T10:42:15","date_gmt":"2025-06-10T07:42:15","guid":{"rendered":"https:\/\/denizcankizil.tr\/uncategorized-tr\/izmirde-yanginla-mucadelede-yeni-donem\/"},"modified":"2025-06-10T10:42:15","modified_gmt":"2025-06-10T07:42:15","slug":"izmirde-yanginla-mucadelede-yeni-donem","status":"publish","type":"post","link":"https:\/\/denizcankizil.tr\/en\/haberler\/gundem\/izmirde-yanginla-mucadelede-yeni-donem\/","title":{"rendered":"\u0130zmir\u2019de yang\u0131nla m\u00fccadelede yeni d\u00f6nem"},"content":{"rendered":"<p>\u0130zmir B\u00fcy\u00fck\u015fehir Belediyesi, artan orman yang\u0131nlar\u0131na kar\u015f\u0131 kapsaml\u0131 bir m\u00fccadele plan\u0131 olu\u015fturdu.\u0130ZM\u0130R (\u0130GFA) &#8211; \u0130zmir Planlama Ajans\u0131 (\u0130ZPA) taraf\u0131ndan haz\u0131rlanan \u201cBelediyeler \u0130\u00e7in Orman Yang\u0131n\u0131 Acil Eylem Plan\u0131\u201d \u00e7al\u0131\u015fmas\u0131 tamamland\u0131. Plan, \u0130zmir\u2019in afetlere diren\u00e7li hale gelmesini hedeflerken, di\u011fer belediyelere de \u00f6rnek olmay\u0131 ama\u00e7l\u0131yor.<br \/>\n\u0130zmir B\u00fcy\u00fck\u015fehir Belediyesi, orman yang\u0131nlar\u0131 ile m\u00fccadeleye y\u00f6nelik \u201cBelediyeler \u0130\u00e7in Orman Yang\u0131n\u0131 Acil Eylem Plan\u0131\u201d haz\u0131rlad\u0131. Sadece yang\u0131n an\u0131n\u0131 de\u011fil, sonras\u0131 ve gelecekteki olas\u0131 yang\u0131nlar\u0131 \u00f6nleme ve iyile\u015ftirme s\u00fcre\u00e7lerini de kapsayan, b\u00fct\u00fcnc\u00fcl ve veriye dayal\u0131 bir yol haritas\u0131 sunan B\u00fcy\u00fck\u015fehir Belediyesi, orman yang\u0131nlar\u0131na kar\u015f\u0131 yerel y\u00f6netimlerin almas\u0131 gereken tedbirleri ve m\u00fcdahale ad\u0131mlar\u0131n\u0131 detayland\u0131ran kapsaml\u0131 bir strateji sunuyor. Yang\u0131nla m\u00fccadelede rehabilitasyon, afet sonras\u0131 dayan\u0131kl\u0131l\u0131k art\u0131rma ve uzun vadeli ileti\u015fim stratejilerini i\u00e7eren eylem plan\u0131 kapsam\u0131nda hedef; \u0130zmir\u2019i, t\u00fcm payda\u015flarla s\u00fcrecin bir par\u00e7as\u0131 haline getirerek, kentin daha diren\u00e7li ve s\u00fcrd\u00fcr\u00fclebilir bir gelece\u011fe haz\u0131rlanmas\u0131n\u0131 sa\u011flamak. Plan; yang\u0131n \u00f6ncesi teknolojik izleme sistemlerinden yerel halk\u0131n e\u011fitimine, yang\u0131n sonras\u0131 ise ekosistem restorasyonundan sel riskine kar\u015f\u0131 \u00f6nleyici ad\u0131mlara kadar bir\u00e7ok uygulamay\u0131 i\u00e7eriyor. Ayr\u0131ca yerel y\u00f6netimlerin kapasitesini art\u0131rmaya y\u00f6nelik ara\u00e7, personel, protokol ve tatbikat \u00e7al\u0131\u015fmalar\u0131 ile k\u0131rsal-kent arakesitinde bilin\u00e7lendirme ve denetim faaliyetlerine de yer veriliyor. \u0130zmir\u2019in yang\u0131nlarla m\u00fccadelesine rehberlik edecek plan, t\u00fcm yerel y\u00f6netimlere de ilham vermeyi ama\u00e7l\u0131yor. <\/p>\n<p>12 AYLIK S\u00dcRE\u00c7 3 ANA BA\u015eLIKTA DE\u011eERLEND\u0130R\u0130LD\u0130<br \/>\n\u0130zmir Planlama Ajans\u0131 taraf\u0131ndan haz\u0131rlanan Belediyeler \u0130\u00e7in Orman Yang\u0131n\u0131 Acil Eylem Plan\u0131; orman yang\u0131nlar\u0131n\u0131n do\u011frudan etkilerini en aza indirmek, k\u0131sa, orta ve uzun vadede iyile\u015ftirme s\u00fcre\u00e7lerini y\u00f6nlendirmek amac\u0131yla 12 ayl\u0131k bir acil eylem program\u0131 i\u00e7eriyor. Plan kapsam\u0131nda yang\u0131nlar\u0131n ba\u015flad\u0131\u011f\u0131 andan itibaren uygulanmak \u00fczere bir y\u0131ll\u0131k s\u00fcre, \u00fc\u00e7 ana faza ay\u0131r\u0131ld\u0131. Buna g\u00f6re; ilk 48 saat acil m\u00fcdahale, 1 hafta ile 4 ayl\u0131k s\u00fcre\u00e7 tespit ve rehabilitasyon, 3 ile 12 ayl\u0131k s\u00fcre\u00e7 de ileti\u015fim ve planlama \u015feklinde belirlendi.<br \/>\nB\u00dcT\u00dcNC\u00dcL B\u0130R \u00c7ALI\u015eMA SUNUYOR<br \/>\n\u0130lk a\u015famada, yang\u0131na h\u0131zl\u0131 m\u00fcdahale edilmesi ve hasar\u0131n minimize edilmesi ama\u00e7lan\u0131yor. \u0130kinci a\u015fama yang\u0131n\u0131n \u00e7evresel ve toplumsal etkilerinin de\u011ferlendirilmesini ve zarar g\u00f6ren b\u00f6lgelerin rehabilitasyonu, \u00fc\u00e7\u00fcnc\u00fc a\u015famada ise yang\u0131nla ilgili bilgi payla\u015f\u0131m\u0131, toplumsal fark\u0131ndal\u0131k \u00e7al\u0131\u015fmalar\u0131 ve gelecekte benzer olaylara kar\u015f\u0131 planlama s\u00fcre\u00e7lerine y\u00f6nelik haz\u0131rl\u0131klar\u0131n ne olaca\u011f\u0131 ve ne \u015fekilde yap\u0131labilece\u011fini kaps\u0131yor. Yang\u0131n an\u0131nda koordinasyonun sa\u011flanmas\u0131, s\u00f6nd\u00fcrme \u00e7al\u0131\u015fmalar\u0131na destek verilmesi, \u201cTek Sa\u011fl\u0131k\u201d yakla\u015f\u0131m\u0131n\u0131 da destekleyecek \u015fekilde zarar g\u00f6ren insanlar\u0131n, hayvanlar\u0131n ve do\u011fal alanlar\u0131n tespit edilip korunmas\u0131 gibi bir\u00e7ok temel faaliyet de acil eylem plan\u0131 i\u00e7eri\u011finde yer al\u0131yor. <\/p>\n<p>53 SAATL\u0130K YANGIN KAYITLARA GE\u00c7T\u0130<br \/>\nAcil Eylem Plan\u0131\u2019nda, yang\u0131nlar\u0131n \u00e7\u0131k\u0131\u015f nedenleri de payla\u015f\u0131ld\u0131. 2012-2023 y\u0131l\u0131 istatistiklerine g\u00f6re yang\u0131nlar\u0131n y\u00fczde 87\u2019sinin insan kaynakl\u0131, y\u00fczde 13\u2019l\u00fck k\u0131sm\u0131n\u0131n ise y\u0131ld\u0131r\u0131m kaynakl\u0131 oldu\u011fu a\u00e7\u0131kland\u0131. \u0130zmir\u2019in 2013-2023 y\u0131llar\u0131 aras\u0131nda y\u0131ll\u0131k ortalama 165 yang\u0131n ile Mu\u011fla ve Antalya\u2019dan sonra en fazla orman yang\u0131n\u0131n\u0131n meydana geldi\u011fi kent oldu\u011fu belirtildi. Son 12 y\u0131l i\u00e7indeki en b\u00fcy\u00fck yang\u0131n ise 18 A\u011fustos 2019\u2019da kay\u0131tlara ge\u00e7ti. 53 saat s\u00fcren ve 4 bin hektardan fazla alan\u0131n yanmas\u0131na neden olan yang\u0131n\u0131n \u00e7\u0131k\u0131\u015f nedeni ise belirlenemedi.<\/p>\n<p>\u200b\u0130zmir B\u00fcy\u00fck\u015fehir Belediyesi, artan orman yang\u0131nlar\u0131na kar\u015f\u0131 kapsaml\u0131 bir m\u00fccadele plan\u0131 olu\u015fturdu.\u0130ZM\u0130R (\u0130GFA) &#8211; \u0130zmir Planlama Ajans\u0131 (\u0130ZPA) taraf\u0131ndan haz\u0131rlanan \u201cBelediyeler \u0130\u00e7in Orman Yang\u0131n\u0131 Acil Eylem Plan\u0131\u201d \u00e7al\u0131\u015fmas\u0131 tamamland\u0131. Plan, \u0130zmir\u2019in afetlere diren\u00e7li hale gelmesini hedeflerken, di\u011fer belediyelere de \u00f6rnek olmay\u0131 ama\u00e7l\u0131yor.<br \/>\n\u0130zmir B\u00fcy\u00fck\u015fehir Belediyesi, orman yang\u0131nlar\u0131 ile m\u00fccadeleye y\u00f6nelik \u201cBelediyeler \u0130\u00e7in Orman Yang\u0131n\u0131 Acil Eylem Plan\u0131\u201d haz\u0131rlad\u0131. Sadece yang\u0131n an\u0131n\u0131 de\u011fil, sonras\u0131 ve gelecekteki olas\u0131 yang\u0131nlar\u0131 \u00f6nleme ve iyile\u015ftirme s\u00fcre\u00e7lerini de kapsayan, b\u00fct\u00fcnc\u00fcl ve veriye dayal\u0131 bir yol haritas\u0131 sunan B\u00fcy\u00fck\u015fehir Belediyesi, orman yang\u0131nlar\u0131na kar\u015f\u0131 yerel y\u00f6netimlerin almas\u0131 gereken tedbirleri ve m\u00fcdahale ad\u0131mlar\u0131n\u0131 detayland\u0131ran kapsaml\u0131 bir strateji sunuyor. Yang\u0131nla m\u00fccadelede rehabilitasyon, afet sonras\u0131 dayan\u0131kl\u0131l\u0131k art\u0131rma ve uzun vadeli ileti\u015fim stratejilerini i\u00e7eren eylem plan\u0131 kapsam\u0131nda hedef; \u0130zmir\u2019i, t\u00fcm payda\u015flarla s\u00fcrecin bir par\u00e7as\u0131 haline getirerek, kentin daha diren\u00e7li ve s\u00fcrd\u00fcr\u00fclebilir bir gelece\u011fe haz\u0131rlanmas\u0131n\u0131 sa\u011flamak. Plan; yang\u0131n \u00f6ncesi teknolojik izleme sistemlerinden yerel halk\u0131n e\u011fitimine, yang\u0131n sonras\u0131 ise ekosistem restorasyonundan sel riskine kar\u015f\u0131 \u00f6nleyici ad\u0131mlara kadar bir\u00e7ok uygulamay\u0131 i\u00e7eriyor. Ayr\u0131ca yerel y\u00f6netimlerin kapasitesini art\u0131rmaya y\u00f6nelik ara\u00e7, personel, protokol ve tatbikat \u00e7al\u0131\u015fmalar\u0131 ile k\u0131rsal-kent arakesitinde bilin\u00e7lendirme ve denetim faaliyetlerine de yer veriliyor. \u0130zmir\u2019in yang\u0131nlarla m\u00fccadelesine rehberlik edecek plan, t\u00fcm yerel y\u00f6netimlere de ilham vermeyi ama\u00e7l\u0131yor. <\/p>\n<p>12 AYLIK S\u00dcRE\u00c7 3 ANA BA\u015eLIKTA DE\u011eERLEND\u0130R\u0130LD\u0130<br \/>\n\u0130zmir Planlama Ajans\u0131 taraf\u0131ndan haz\u0131rlanan Belediyeler \u0130\u00e7in Orman Yang\u0131n\u0131 Acil Eylem Plan\u0131; orman yang\u0131nlar\u0131n\u0131n do\u011frudan etkilerini en aza indirmek, k\u0131sa, orta ve uzun vadede iyile\u015ftirme s\u00fcre\u00e7lerini y\u00f6nlendirmek amac\u0131yla 12 ayl\u0131k bir acil eylem program\u0131 i\u00e7eriyor. Plan kapsam\u0131nda yang\u0131nlar\u0131n ba\u015flad\u0131\u011f\u0131 andan itibaren uygulanmak \u00fczere bir y\u0131ll\u0131k s\u00fcre, \u00fc\u00e7 ana faza ay\u0131r\u0131ld\u0131. Buna g\u00f6re; ilk 48 saat acil m\u00fcdahale, 1 hafta ile 4 ayl\u0131k s\u00fcre\u00e7 tespit ve rehabilitasyon, 3 ile 12 ayl\u0131k s\u00fcre\u00e7 de ileti\u015fim ve planlama \u015feklinde belirlendi.<br \/>\nB\u00dcT\u00dcNC\u00dcL B\u0130R \u00c7ALI\u015eMA SUNUYOR<br \/>\n\u0130lk a\u015famada, yang\u0131na h\u0131zl\u0131 m\u00fcdahale edilmesi ve hasar\u0131n minimize edilmesi ama\u00e7lan\u0131yor. \u0130kinci a\u015fama yang\u0131n\u0131n \u00e7evresel ve toplumsal etkilerinin de\u011ferlendirilmesini ve zarar g\u00f6ren b\u00f6lgelerin rehabilitasyonu, \u00fc\u00e7\u00fcnc\u00fc a\u015famada ise yang\u0131nla ilgili bilgi payla\u015f\u0131m\u0131, toplumsal fark\u0131ndal\u0131k \u00e7al\u0131\u015fmalar\u0131 ve gelecekte benzer olaylara kar\u015f\u0131 planlama s\u00fcre\u00e7lerine y\u00f6nelik haz\u0131rl\u0131klar\u0131n ne olaca\u011f\u0131 ve ne \u015fekilde yap\u0131labilece\u011fini kaps\u0131yor. Yang\u0131n an\u0131nda koordinasyonun sa\u011flanmas\u0131, s\u00f6nd\u00fcrme \u00e7al\u0131\u015fmalar\u0131na destek verilmesi, \u201cTek Sa\u011fl\u0131k\u201d yakla\u015f\u0131m\u0131n\u0131 da destekleyecek \u015fekilde zarar g\u00f6ren insanlar\u0131n, hayvanlar\u0131n ve do\u011fal alanlar\u0131n tespit edilip korunmas\u0131 gibi bir\u00e7ok temel faaliyet de acil eylem plan\u0131 i\u00e7eri\u011finde yer al\u0131yor. <\/p>\n<p>53 SAATL\u0130K YANGIN KAYITLARA GE\u00c7T\u0130<br \/>\nAcil Eylem Plan\u0131\u2019nda, yang\u0131nlar\u0131n \u00e7\u0131k\u0131\u015f nedenleri de payla\u015f\u0131ld\u0131. 2012-2023 y\u0131l\u0131 istatistiklerine g\u00f6re yang\u0131nlar\u0131n y\u00fczde 87\u2019sinin insan kaynakl\u0131, y\u00fczde 13\u2019l\u00fck k\u0131sm\u0131n\u0131n ise y\u0131ld\u0131r\u0131m kaynakl\u0131 oldu\u011fu a\u00e7\u0131kland\u0131. \u0130zmir\u2019in 2013-2023 y\u0131llar\u0131 aras\u0131nda y\u0131ll\u0131k ortalama 165 yang\u0131n ile Mu\u011fla ve Antalya\u2019dan sonra en fazla orman yang\u0131n\u0131n\u0131n meydana geldi\u011fi kent oldu\u011fu belirtildi. Son 12 y\u0131l i\u00e7indeki en b\u00fcy\u00fck yang\u0131n ise 18 A\u011fustos 2019\u2019da kay\u0131tlara ge\u00e7ti. 53 saat s\u00fcren ve 4 bin hektardan fazla alan\u0131n yanmas\u0131na neden olan yang\u0131n\u0131n \u00e7\u0131k\u0131\u015f nedeni ise belirlenemedi.\u00a0<\/p>\n<p>\u200bHaberin Al\u0131nt\u0131land\u0131\u011f\u0131 Kaynak: www.iskenderun.org<\/p>","protected":false},"excerpt":{"rendered":"<p>\u0130zmir B\u00fcy\u00fck\u015fehir Belediyesi, artan orman yang\u0131nlar\u0131na kar\u015f\u0131 kapsaml\u0131 bir m\u00fccadele plan\u0131 olu\u015fturdu.\u0130ZM\u0130R (\u0130GFA) &#8211; \u0130zmir Planlama Ajans\u0131 (\u0130ZPA) taraf\u0131ndan haz\u0131rlanan \u201cBelediyeler \u0130\u00e7in Orman Yang\u0131n\u0131 Acil Eylem Plan\u0131\u201d \u00e7al\u0131\u015fmas\u0131 tamamland\u0131. Plan, \u0130zmir\u2019in afetlere diren\u00e7li hale gelmesini hedeflerken, di\u011fer belediyelere de \u00f6rnek olmay\u0131 ama\u00e7l\u0131yor. \u0130zmir B\u00fcy\u00fck\u015fehir Belediyesi, orman yang\u0131nlar\u0131 ile m\u00fccadeleye y\u00f6nelik \u201cBelediyeler \u0130\u00e7in Orman Yang\u0131n\u0131 Acil Eylem Plan\u0131\u201d haz\u0131rlad\u0131. Sadece yang\u0131n an\u0131n\u0131 de\u011fil, sonras\u0131 ve gelecekteki olas\u0131 yang\u0131nlar\u0131 \u00f6nleme ve iyile\u015ftirme s\u00fcre\u00e7lerini de kapsayan, b\u00fct\u00fcnc\u00fcl ve veriye dayal\u0131 bir yol haritas\u0131 sunan B\u00fcy\u00fck\u015fehir Belediyesi, orman yang\u0131nlar\u0131na kar\u015f\u0131 yerel y\u00f6netimlerin almas\u0131 gereken tedbirleri ve m\u00fcdahale ad\u0131mlar\u0131n\u0131 detayland\u0131ran kapsaml\u0131 bir strateji sunuyor. Yang\u0131nla m\u00fccadelede rehabilitasyon, afet sonras\u0131 dayan\u0131kl\u0131l\u0131k art\u0131rma ve uzun vadeli ileti\u015fim stratejilerini i\u00e7eren eylem plan\u0131 kapsam\u0131nda hedef; \u0130zmir\u2019i, t\u00fcm payda\u015flarla s\u00fcrecin bir par\u00e7as\u0131 haline getirerek, kentin daha diren\u00e7li ve s\u00fcrd\u00fcr\u00fclebilir bir gelece\u011fe haz\u0131rlanmas\u0131n\u0131 sa\u011flamak. Plan; yang\u0131n \u00f6ncesi teknolojik izleme sistemlerinden yerel halk\u0131n e\u011fitimine, yang\u0131n sonras\u0131 ise ekosistem restorasyonundan sel riskine kar\u015f\u0131 \u00f6nleyici ad\u0131mlara kadar bir\u00e7ok uygulamay\u0131 i\u00e7eriyor. Ayr\u0131ca yerel y\u00f6netimlerin kapasitesini art\u0131rmaya y\u00f6nelik ara\u00e7, personel, protokol ve tatbikat \u00e7al\u0131\u015fmalar\u0131 ile k\u0131rsal-kent arakesitinde bilin\u00e7lendirme ve denetim faaliyetlerine de yer veriliyor. \u0130zmir\u2019in yang\u0131nlarla m\u00fccadelesine rehberlik edecek plan, t\u00fcm yerel y\u00f6netimlere de ilham vermeyi ama\u00e7l\u0131yor. 12 AYLIK S\u00dcRE\u00c7 3 ANA BA\u015eLIKTA DE\u011eERLEND\u0130R\u0130LD\u0130 \u0130zmir Planlama &hellip;<\/p>","protected":false},"author":1,"featured_media":0,"comment_status":"","ping_status":"open","sticky":false,"template":"","format":"standard","meta":{"_acf_changed":false,"footnotes":""},"categories":[24],"tags":[],"class_list":["post-112336","post","type-post","status-publish","format-standard","has-post-thumbnail","hentry","category-gundem"],"acf":[],"yoast_head":"<!-- This site is optimized with the Yoast SEO Premium plugin v26.6 (Yoast SEO v27.1.1) - https:\/\/yoast.com\/product\/yoast-seo-premium-wordpress\/ -->\n<title>\u0130zmir\u2019de yang\u0131nla m\u00fccadelede yeni d\u00f6nem - Av. Deniz Can K\u0131z\u0131l<\/title>\n<meta name=\"robots\" content=\"index, follow, max-snippet:-1, max-image-preview:large, max-video-preview:-1\" \/>\n<link rel=\"canonical\" href=\"https:\/\/denizcankizil.tr\/en\/haberler\/gundem\/izmirde-yanginla-mucadelede-yeni-donem\/\" \/>\n<meta property=\"og:locale\" content=\"en_GB\" \/>\n<meta property=\"og:type\" content=\"article\" \/>\n<meta property=\"og:title\" content=\"\u0130zmir\u2019de yang\u0131nla m\u00fccadelede yeni d\u00f6nem\" \/>\n<meta property=\"og:description\" content=\"\u0130zmir B\u00fcy\u00fck\u015fehir Belediyesi, artan orman yang\u0131nlar\u0131na kar\u015f\u0131 kapsaml\u0131 bir m\u00fccadele plan\u0131 olu\u015fturdu.\u0130ZM\u0130R (\u0130GFA) &#8211; \u0130zmir Planlama Ajans\u0131 (\u0130ZPA) taraf\u0131ndan haz\u0131rlanan \u201cBelediyeler \u0130\u00e7in Orman Yang\u0131n\u0131 Acil Eylem Plan\u0131\u201d \u00e7al\u0131\u015fmas\u0131 tamamland\u0131. Plan, \u0130zmir\u2019in afetlere diren\u00e7li hale gelmesini hedeflerken, di\u011fer belediyelere de \u00f6rnek olmay\u0131 ama\u00e7l\u0131yor. \u0130zmir B\u00fcy\u00fck\u015fehir Belediyesi, orman yang\u0131nlar\u0131 ile m\u00fccadeleye y\u00f6nelik \u201cBelediyeler \u0130\u00e7in Orman Yang\u0131n\u0131 Acil Eylem Plan\u0131\u201d haz\u0131rlad\u0131. Sadece yang\u0131n an\u0131n\u0131 de\u011fil, sonras\u0131 ve gelecekteki olas\u0131 yang\u0131nlar\u0131 \u00f6nleme ve iyile\u015ftirme s\u00fcre\u00e7lerini de kapsayan, b\u00fct\u00fcnc\u00fcl ve veriye dayal\u0131 bir yol haritas\u0131 sunan B\u00fcy\u00fck\u015fehir Belediyesi, orman yang\u0131nlar\u0131na kar\u015f\u0131 yerel y\u00f6netimlerin almas\u0131 gereken tedbirleri ve m\u00fcdahale ad\u0131mlar\u0131n\u0131 detayland\u0131ran kapsaml\u0131 bir strateji sunuyor. Yang\u0131nla m\u00fccadelede rehabilitasyon, afet sonras\u0131 dayan\u0131kl\u0131l\u0131k art\u0131rma ve uzun vadeli ileti\u015fim stratejilerini i\u00e7eren eylem plan\u0131 kapsam\u0131nda hedef; \u0130zmir\u2019i, t\u00fcm payda\u015flarla s\u00fcrecin bir par\u00e7as\u0131 haline getirerek, kentin daha diren\u00e7li ve s\u00fcrd\u00fcr\u00fclebilir bir gelece\u011fe haz\u0131rlanmas\u0131n\u0131 sa\u011flamak. Plan; yang\u0131n \u00f6ncesi teknolojik izleme sistemlerinden yerel halk\u0131n e\u011fitimine, yang\u0131n sonras\u0131 ise ekosistem restorasyonundan sel riskine kar\u015f\u0131 \u00f6nleyici ad\u0131mlara kadar bir\u00e7ok uygulamay\u0131 i\u00e7eriyor. Ayr\u0131ca yerel y\u00f6netimlerin kapasitesini art\u0131rmaya y\u00f6nelik ara\u00e7, personel, protokol ve tatbikat \u00e7al\u0131\u015fmalar\u0131 ile k\u0131rsal-kent arakesitinde bilin\u00e7lendirme ve denetim faaliyetlerine de yer veriliyor. \u0130zmir\u2019in yang\u0131nlarla m\u00fccadelesine rehberlik edecek plan, t\u00fcm yerel y\u00f6netimlere de ilham vermeyi ama\u00e7l\u0131yor. 12 AYLIK S\u00dcRE\u00c7 3 ANA BA\u015eLIKTA DE\u011eERLEND\u0130R\u0130LD\u0130 \u0130zmir Planlama &hellip;\" \/>\n<meta property=\"og:url\" content=\"https:\/\/denizcankizil.tr\/en\/haberler\/gundem\/izmirde-yanginla-mucadelede-yeni-donem\/\" \/>\n<meta property=\"og:site_name\" content=\"Av. Deniz Can K\u0131z\u0131l\" \/>\n<meta property=\"article:published_time\" content=\"2025-06-10T07:42:15+00:00\" \/>\n<meta name=\"author\" content=\"admin\" \/>\n<meta name=\"twitter:card\" content=\"summary_large_image\" \/>\n<meta name=\"twitter:label1\" content=\"Written by\" \/>\n\t<meta name=\"twitter:data1\" content=\"admin\" \/>\n\t<meta name=\"twitter:label2\" content=\"Estimated reading time\" \/>\n\t<meta name=\"twitter:data2\" content=\"7 minutes\" \/>\n<script type=\"application\/ld+json\" class=\"yoast-schema-graph\">{\"@context\":\"https:\/\/schema.org\",\"@graph\":[{\"@type\":\"Article\",\"@id\":\"https:\/\/denizcankizil.tr\/ru\/haberler\/gundem\/izmirde-yanginla-mucadelede-yeni-donem\/#article\",\"isPartOf\":{\"@id\":\"https:\/\/denizcankizil.tr\/ru\/haberler\/gundem\/izmirde-yanginla-mucadelede-yeni-donem\/\"},\"author\":{\"name\":\"admin\",\"@id\":\"https:\/\/denizcankizil.tr\/de\/#\/schema\/person\/be3c05fe6a12686905512445d8185489\"},\"headline\":\"\u0130zmir\u2019de yang\u0131nla m\u00fccadelede yeni d\u00f6nem\",\"datePublished\":\"2025-06-10T07:42:15+00:00\",\"mainEntityOfPage\":{\"@id\":\"https:\/\/denizcankizil.tr\/ru\/haberler\/gundem\/izmirde-yanginla-mucadelede-yeni-donem\/\"},\"wordCount\":1329,\"publisher\":{\"@id\":\"https:\/\/denizcankizil.tr\/de\/#organization\"},\"articleSection\":[\"G\u00fcndem\"],\"inLanguage\":\"en-GB\"},{\"@type\":\"WebPage\",\"@id\":\"https:\/\/denizcankizil.tr\/ru\/haberler\/gundem\/izmirde-yanginla-mucadelede-yeni-donem\/\",\"url\":\"https:\/\/denizcankizil.tr\/ru\/haberler\/gundem\/izmirde-yanginla-mucadelede-yeni-donem\/\",\"name\":\"\u0130zmir\u2019de yang\u0131nla m\u00fccadelede yeni d\u00f6nem - Av. Deniz Can K\u0131z\u0131l\",\"isPartOf\":{\"@id\":\"https:\/\/denizcankizil.tr\/de\/#website\"},\"datePublished\":\"2025-06-10T07:42:15+00:00\",\"breadcrumb\":{\"@id\":\"https:\/\/denizcankizil.tr\/ru\/haberler\/gundem\/izmirde-yanginla-mucadelede-yeni-donem\/#breadcrumb\"},\"inLanguage\":\"en-GB\",\"potentialAction\":[{\"@type\":\"ReadAction\",\"target\":[\"https:\/\/denizcankizil.tr\/ru\/haberler\/gundem\/izmirde-yanginla-mucadelede-yeni-donem\/\"]}]},{\"@type\":\"BreadcrumbList\",\"@id\":\"https:\/\/denizcankizil.tr\/ru\/haberler\/gundem\/izmirde-yanginla-mucadelede-yeni-donem\/#breadcrumb\",\"itemListElement\":[{\"@type\":\"ListItem\",\"position\":1,\"name\":\"Home\",\"item\":\"https:\/\/denizcankizil.tr\/de\/\"},{\"@type\":\"ListItem\",\"position\":2,\"name\":\"\u0130zmir\u2019de yang\u0131nla m\u00fccadelede yeni d\u00f6nem\"}]},{\"@type\":\"WebSite\",\"@id\":\"https:\/\/denizcankizil.tr\/de\/#website\",\"url\":\"https:\/\/denizcankizil.tr\/de\/\",\"name\":\"Av. Deniz Can K\u0131z\u0131l\",\"description\":\"Avukat Deniz Can K\u0131z\u0131l Antalya Barosu\",\"publisher\":{\"@id\":\"https:\/\/denizcankizil.tr\/de\/#organization\"},\"potentialAction\":[{\"@type\":\"SearchAction\",\"target\":{\"@type\":\"EntryPoint\",\"urlTemplate\":\"https:\/\/denizcankizil.tr\/de\/?s={search_term_string}\"},\"query-input\":{\"@type\":\"PropertyValueSpecification\",\"valueRequired\":true,\"valueName\":\"search_term_string\"}}],\"inLanguage\":\"en-GB\"},{\"@type\":\"Organization\",\"@id\":\"https:\/\/denizcankizil.tr\/de\/#organization\",\"name\":\"Av. Deniz Can K\u0131z\u0131l\",\"url\":\"https:\/\/denizcankizil.tr\/de\/\",\"logo\":{\"@type\":\"ImageObject\",\"inLanguage\":\"en-GB\",\"@id\":\"https:\/\/denizcankizil.tr\/de\/#\/schema\/logo\/image\/\",\"url\":\"https:\/\/denizcankizil.tr\/wp-content\/uploads\/2024\/10\/siyah-logo-svg.svg\",\"contentUrl\":\"https:\/\/denizcankizil.tr\/wp-content\/uploads\/2024\/10\/siyah-logo-svg.svg\",\"width\":1080,\"height\":1080,\"caption\":\"Av. Deniz Can K\u0131z\u0131l\"},\"image\":{\"@id\":\"https:\/\/denizcankizil.tr\/de\/#\/schema\/logo\/image\/\"}},{\"@type\":\"Person\",\"@id\":\"https:\/\/denizcankizil.tr\/de\/#\/schema\/person\/be3c05fe6a12686905512445d8185489\",\"name\":\"admin\",\"image\":{\"@type\":\"ImageObject\",\"inLanguage\":\"en-GB\",\"@id\":\"https:\/\/denizcankizil.tr\/de\/#\/schema\/person\/image\/\",\"url\":\"https:\/\/secure.gravatar.com\/avatar\/c1fce94c830dc79107e174f890d7210541c4a63e8e5d816341794a2151c9d58c?s=96&d=mm&r=g\",\"contentUrl\":\"https:\/\/secure.gravatar.com\/avatar\/c1fce94c830dc79107e174f890d7210541c4a63e8e5d816341794a2151c9d58c?s=96&d=mm&r=g\",\"caption\":\"admin\"},\"sameAs\":[\"http:\/\/denizcankizil.tr\"],\"url\":\"https:\/\/www.iskenderun.org\/izmirde-yanginla-mucadelede-yeni-donem\"}]}<\/script>\n<!-- \/ Yoast SEO Premium plugin. -->","yoast_head_json":{"title":"\u0130zmir\u2019de yang\u0131nla m\u00fccadelede yeni d\u00f6nem - Av. Deniz Can K\u0131z\u0131l","robots":{"index":"index","follow":"follow","max-snippet":"max-snippet:-1","max-image-preview":"max-image-preview:large","max-video-preview":"max-video-preview:-1"},"canonical":"https:\/\/denizcankizil.tr\/en\/haberler\/gundem\/izmirde-yanginla-mucadelede-yeni-donem\/","og_locale":"en_GB","og_type":"article","og_title":"\u0130zmir\u2019de yang\u0131nla m\u00fccadelede yeni d\u00f6nem","og_description":"\u0130zmir B\u00fcy\u00fck\u015fehir Belediyesi, artan orman yang\u0131nlar\u0131na kar\u015f\u0131 kapsaml\u0131 bir m\u00fccadele plan\u0131 olu\u015fturdu.\u0130ZM\u0130R (\u0130GFA) &#8211; \u0130zmir Planlama Ajans\u0131 (\u0130ZPA) taraf\u0131ndan haz\u0131rlanan \u201cBelediyeler \u0130\u00e7in Orman Yang\u0131n\u0131 Acil Eylem Plan\u0131\u201d \u00e7al\u0131\u015fmas\u0131 tamamland\u0131. Plan, \u0130zmir\u2019in afetlere diren\u00e7li hale gelmesini hedeflerken, di\u011fer belediyelere de \u00f6rnek olmay\u0131 ama\u00e7l\u0131yor. \u0130zmir B\u00fcy\u00fck\u015fehir Belediyesi, orman yang\u0131nlar\u0131 ile m\u00fccadeleye y\u00f6nelik \u201cBelediyeler \u0130\u00e7in Orman Yang\u0131n\u0131 Acil Eylem Plan\u0131\u201d haz\u0131rlad\u0131. Sadece yang\u0131n an\u0131n\u0131 de\u011fil, sonras\u0131 ve gelecekteki olas\u0131 yang\u0131nlar\u0131 \u00f6nleme ve iyile\u015ftirme s\u00fcre\u00e7lerini de kapsayan, b\u00fct\u00fcnc\u00fcl ve veriye dayal\u0131 bir yol haritas\u0131 sunan B\u00fcy\u00fck\u015fehir Belediyesi, orman yang\u0131nlar\u0131na kar\u015f\u0131 yerel y\u00f6netimlerin almas\u0131 gereken tedbirleri ve m\u00fcdahale ad\u0131mlar\u0131n\u0131 detayland\u0131ran kapsaml\u0131 bir strateji sunuyor. Yang\u0131nla m\u00fccadelede rehabilitasyon, afet sonras\u0131 dayan\u0131kl\u0131l\u0131k art\u0131rma ve uzun vadeli ileti\u015fim stratejilerini i\u00e7eren eylem plan\u0131 kapsam\u0131nda hedef; \u0130zmir\u2019i, t\u00fcm payda\u015flarla s\u00fcrecin bir par\u00e7as\u0131 haline getirerek, kentin daha diren\u00e7li ve s\u00fcrd\u00fcr\u00fclebilir bir gelece\u011fe haz\u0131rlanmas\u0131n\u0131 sa\u011flamak. Plan; yang\u0131n \u00f6ncesi teknolojik izleme sistemlerinden yerel halk\u0131n e\u011fitimine, yang\u0131n sonras\u0131 ise ekosistem restorasyonundan sel riskine kar\u015f\u0131 \u00f6nleyici ad\u0131mlara kadar bir\u00e7ok uygulamay\u0131 i\u00e7eriyor. Ayr\u0131ca yerel y\u00f6netimlerin kapasitesini art\u0131rmaya y\u00f6nelik ara\u00e7, personel, protokol ve tatbikat \u00e7al\u0131\u015fmalar\u0131 ile k\u0131rsal-kent arakesitinde bilin\u00e7lendirme ve denetim faaliyetlerine de yer veriliyor. \u0130zmir\u2019in yang\u0131nlarla m\u00fccadelesine rehberlik edecek plan, t\u00fcm yerel y\u00f6netimlere de ilham vermeyi ama\u00e7l\u0131yor. 12 AYLIK S\u00dcRE\u00c7 3 ANA BA\u015eLIKTA DE\u011eERLEND\u0130R\u0130LD\u0130 \u0130zmir Planlama &hellip;","og_url":"https:\/\/denizcankizil.tr\/en\/haberler\/gundem\/izmirde-yanginla-mucadelede-yeni-donem\/","og_site_name":"Av. Deniz Can K\u0131z\u0131l","article_published_time":"2025-06-10T07:42:15+00:00","author":"admin","twitter_card":"summary_large_image","twitter_misc":{"Written by":"admin","Estimated reading time":"7 minutes"},"schema":{"@context":"https:\/\/schema.org","@graph":[{"@type":"Article","@id":"https:\/\/denizcankizil.tr\/ru\/haberler\/gundem\/izmirde-yanginla-mucadelede-yeni-donem\/#article","isPartOf":{"@id":"https:\/\/denizcankizil.tr\/ru\/haberler\/gundem\/izmirde-yanginla-mucadelede-yeni-donem\/"},"author":{"name":"admin","@id":"https:\/\/denizcankizil.tr\/de\/#\/schema\/person\/be3c05fe6a12686905512445d8185489"},"headline":"\u0130zmir\u2019de yang\u0131nla m\u00fccadelede yeni d\u00f6nem","datePublished":"2025-06-10T07:42:15+00:00","mainEntityOfPage":{"@id":"https:\/\/denizcankizil.tr\/ru\/haberler\/gundem\/izmirde-yanginla-mucadelede-yeni-donem\/"},"wordCount":1329,"publisher":{"@id":"https:\/\/denizcankizil.tr\/de\/#organization"},"articleSection":["G\u00fcndem"],"inLanguage":"en-GB"},{"@type":"WebPage","@id":"https:\/\/denizcankizil.tr\/ru\/haberler\/gundem\/izmirde-yanginla-mucadelede-yeni-donem\/","url":"https:\/\/denizcankizil.tr\/ru\/haberler\/gundem\/izmirde-yanginla-mucadelede-yeni-donem\/","name":"\u0130zmir\u2019de yang\u0131nla m\u00fccadelede yeni d\u00f6nem - Av. Deniz Can K\u0131z\u0131l","isPartOf":{"@id":"https:\/\/denizcankizil.tr\/de\/#website"},"datePublished":"2025-06-10T07:42:15+00:00","breadcrumb":{"@id":"https:\/\/denizcankizil.tr\/ru\/haberler\/gundem\/izmirde-yanginla-mucadelede-yeni-donem\/#breadcrumb"},"inLanguage":"en-GB","potentialAction":[{"@type":"ReadAction","target":["https:\/\/denizcankizil.tr\/ru\/haberler\/gundem\/izmirde-yanginla-mucadelede-yeni-donem\/"]}]},{"@type":"BreadcrumbList","@id":"https:\/\/denizcankizil.tr\/ru\/haberler\/gundem\/izmirde-yanginla-mucadelede-yeni-donem\/#breadcrumb","itemListElement":[{"@type":"ListItem","position":1,"name":"Home","item":"https:\/\/denizcankizil.tr\/de\/"},{"@type":"ListItem","position":2,"name":"\u0130zmir\u2019de yang\u0131nla m\u00fccadelede yeni d\u00f6nem"}]},{"@type":"WebSite","@id":"https:\/\/denizcankizil.tr\/de\/#website","url":"https:\/\/denizcankizil.tr\/de\/","name":"Av. Deniz Can K\u0131z\u0131l","description":"Avukat Deniz Can K\u0131z\u0131l Antalya Barosu","publisher":{"@id":"https:\/\/denizcankizil.tr\/de\/#organization"},"potentialAction":[{"@type":"SearchAction","target":{"@type":"EntryPoint","urlTemplate":"https:\/\/denizcankizil.tr\/de\/?s={search_term_string}"},"query-input":{"@type":"PropertyValueSpecification","valueRequired":true,"valueName":"search_term_string"}}],"inLanguage":"en-GB"},{"@type":"Organization","@id":"https:\/\/denizcankizil.tr\/de\/#organization","name":"Av. Deniz Can K\u0131z\u0131l","url":"https:\/\/denizcankizil.tr\/de\/","logo":{"@type":"ImageObject","inLanguage":"en-GB","@id":"https:\/\/denizcankizil.tr\/de\/#\/schema\/logo\/image\/","url":"https:\/\/denizcankizil.tr\/wp-content\/uploads\/2024\/10\/siyah-logo-svg.svg","contentUrl":"https:\/\/denizcankizil.tr\/wp-content\/uploads\/2024\/10\/siyah-logo-svg.svg","width":1080,"height":1080,"caption":"Av. Deniz Can K\u0131z\u0131l"},"image":{"@id":"https:\/\/denizcankizil.tr\/de\/#\/schema\/logo\/image\/"}},{"@type":"Person","@id":"https:\/\/denizcankizil.tr\/de\/#\/schema\/person\/be3c05fe6a12686905512445d8185489","name":"admin","image":{"@type":"ImageObject","inLanguage":"en-GB","@id":"https:\/\/denizcankizil.tr\/de\/#\/schema\/person\/image\/","url":"https:\/\/secure.gravatar.com\/avatar\/c1fce94c830dc79107e174f890d7210541c4a63e8e5d816341794a2151c9d58c?s=96&d=mm&r=g","contentUrl":"https:\/\/secure.gravatar.com\/avatar\/c1fce94c830dc79107e174f890d7210541c4a63e8e5d816341794a2151c9d58c?s=96&d=mm&r=g","caption":"admin"},"sameAs":["http:\/\/denizcankizil.tr"],"url":"https:\/\/www.iskenderun.org\/izmirde-yanginla-mucadelede-yeni-donem"}]}},"_links":{"self":[{"href":"https:\/\/denizcankizil.tr\/en\/wp-json\/wp\/v2\/posts\/112336","targetHints":{"allow":["GET"]}}],"collection":[{"href":"https:\/\/denizcankizil.tr\/en\/wp-json\/wp\/v2\/posts"}],"about":[{"href":"https:\/\/denizcankizil.tr\/en\/wp-json\/wp\/v2\/types\/post"}],"author":[{"embeddable":true,"href":"https:\/\/denizcankizil.tr\/en\/wp-json\/wp\/v2\/users\/1"}],"replies":[{"embeddable":true,"href":"https:\/\/denizcankizil.tr\/en\/wp-json\/wp\/v2\/comments?post=112336"}],"version-history":[{"count":0,"href":"https:\/\/denizcankizil.tr\/en\/wp-json\/wp\/v2\/posts\/112336\/revisions"}],"wp:attachment":[{"href":"https:\/\/denizcankizil.tr\/en\/wp-json\/wp\/v2\/media?parent=112336"}],"wp:term":[{"taxonomy":"category","embeddable":true,"href":"https:\/\/denizcankizil.tr\/en\/wp-json\/wp\/v2\/categories?post=112336"},{"taxonomy":"post_tag","embeddable":true,"href":"https:\/\/denizcankizil.tr\/en\/wp-json\/wp\/v2\/tags?post=112336"}],"curies":[{"name":"wp","href":"https:\/\/api.w.org\/{rel}","templated":true}]}}