{"id":109405,"date":"2025-06-07T12:41:15","date_gmt":"2025-06-07T09:41:15","guid":{"rendered":"https:\/\/denizcankizil.tr\/uncategorized-tr\/asattan-elmaliya-altyapi-takviyesi\/"},"modified":"2025-06-07T12:41:15","modified_gmt":"2025-06-07T09:41:15","slug":"asattan-elmaliya-altyapi-takviyesi","status":"publish","type":"post","link":"https:\/\/denizcankizil.tr\/en\/haberler\/antalya\/asattan-elmaliya-altyapi-takviyesi\/","title":{"rendered":"ASAT&#8217;tan Elmal\u0131&#8217;ya altyap\u0131 takviyesi"},"content":{"rendered":"<p>B\u00fcy\u00fck\u015fehir Belediyesi ASAT Genel M\u00fcd\u00fcrl\u00fc\u011f\u00fc ekipleri, Elmal\u0131&#8217;n\u0131n farkl\u0131 mahallelerinde y\u00fcr\u00fctt\u00fc\u011f\u00fc kanalizasyon hat yenileme \u00e7al\u0131\u015fmalar\u0131 ile y\u0131llard\u0131r s\u00fcregelen altyap\u0131 sorunlar\u0131 kal\u0131c\u0131 olarak \u00e7\u00f6z\u00fcme kavu\u015fturuyor. Bu kapsamda G\u00fcndo\u011fan Mahallesi&#8217;nde ba\u015flat\u0131lan \u00e7al\u0131\u015fmalarda, yakla\u015f\u0131k 500 metrelik kanalizasyon hatt\u0131 yenileniyor. B\u00f6lgede s\u0131k s\u0131k ar\u0131zalara neden olan ve eski b\u00fczlerin \u00e7\u00f6kmesiyle altyap\u0131 sorunlar\u0131 ya\u015fatan hatlar, modern malzemelerle yenilenerek daha dayan\u0131kl\u0131 hale getiriliyor. ASAT yetkilileri, Elmal\u0131&#8217;n\u0131n altyap\u0131s\u0131n\u0131 g\u00fc\u00e7lendirmek ad\u0131na planlanan etaplar\u0131n peyderpey tamamlanaca\u011f\u0131n\u0131 belirtti.<\/p>\n<p>Kaynak: www.kanalv.com.tr Haber Sitesinden Al\u0131nm\u0131\u015ft\u0131r.<\/p>","protected":false},"excerpt":{"rendered":"<p>B\u00fcy\u00fck\u015fehir Belediyesi ASAT Genel M\u00fcd\u00fcrl\u00fc\u011f\u00fc ekipleri, Elmal\u0131&#8217;n\u0131n farkl\u0131 mahallelerinde y\u00fcr\u00fctt\u00fc\u011f\u00fc kanalizasyon hat yenileme \u00e7al\u0131\u015fmalar\u0131 ile y\u0131llard\u0131r s\u00fcregelen altyap\u0131 sorunlar\u0131 kal\u0131c\u0131 olarak \u00e7\u00f6z\u00fcme kavu\u015fturuyor. Bu kapsamda G\u00fcndo\u011fan Mahallesi&#8217;nde ba\u015flat\u0131lan \u00e7al\u0131\u015fmalarda, yakla\u015f\u0131k 500 metrelik kanalizasyon hatt\u0131 yenileniyor. B\u00f6lgede s\u0131k s\u0131k ar\u0131zalara neden olan ve eski b\u00fczlerin \u00e7\u00f6kmesiyle altyap\u0131 sorunlar\u0131 ya\u015fatan hatlar, modern malzemelerle yenilenerek daha dayan\u0131kl\u0131 hale getiriliyor. ASAT yetkilileri, Elmal\u0131&#8217;n\u0131n altyap\u0131s\u0131n\u0131 g\u00fc\u00e7lendirmek ad\u0131na planlanan etaplar\u0131n peyderpey tamamlanaca\u011f\u0131n\u0131 belirtti. Kaynak: www.kanalv.com.tr Haber Sitesinden Al\u0131nm\u0131\u015ft\u0131r.<\/p>","protected":false},"author":4,"featured_media":0,"comment_status":"","ping_status":"open","sticky":false,"template":"","format":"standard","meta":{"_acf_changed":false,"footnotes":""},"categories":[26],"tags":[],"class_list":["post-109405","post","type-post","status-publish","format-standard","hentry","category-antalya"],"acf":[],"yoast_head":"<!-- This site is optimized with the Yoast SEO Premium plugin v26.6 (Yoast SEO v27.1.1) - https:\/\/yoast.com\/product\/yoast-seo-premium-wordpress\/ -->\n<title>ASAT&#039;tan Elmal\u0131&#039;ya altyap\u0131 takviyesi - Av. Deniz Can K\u0131z\u0131l<\/title>\n<meta name=\"robots\" content=\"index, follow, max-snippet:-1, max-image-preview:large, max-video-preview:-1\" \/>\n<link rel=\"canonical\" href=\"http:\/\/denizcankizil.tr\/en\/haberler\/antalya\/asattan-elmaliya-altyapi-takviyesi\/\" \/>\n<meta property=\"og:locale\" content=\"en_GB\" \/>\n<meta property=\"og:type\" content=\"article\" \/>\n<meta property=\"og:title\" content=\"ASAT&#039;tan Elmal\u0131&#039;ya altyap\u0131 takviyesi\" \/>\n<meta property=\"og:description\" content=\"B\u00fcy\u00fck\u015fehir Belediyesi ASAT Genel M\u00fcd\u00fcrl\u00fc\u011f\u00fc ekipleri, Elmal\u0131&#8217;n\u0131n farkl\u0131 mahallelerinde y\u00fcr\u00fctt\u00fc\u011f\u00fc kanalizasyon hat yenileme \u00e7al\u0131\u015fmalar\u0131 ile y\u0131llard\u0131r s\u00fcregelen altyap\u0131 sorunlar\u0131 kal\u0131c\u0131 olarak \u00e7\u00f6z\u00fcme kavu\u015fturuyor. Bu kapsamda G\u00fcndo\u011fan Mahallesi&#8217;nde ba\u015flat\u0131lan \u00e7al\u0131\u015fmalarda, yakla\u015f\u0131k 500 metrelik kanalizasyon hatt\u0131 yenileniyor. B\u00f6lgede s\u0131k s\u0131k ar\u0131zalara neden olan ve eski b\u00fczlerin \u00e7\u00f6kmesiyle altyap\u0131 sorunlar\u0131 ya\u015fatan hatlar, modern malzemelerle yenilenerek daha dayan\u0131kl\u0131 hale getiriliyor. ASAT yetkilileri, Elmal\u0131&#8217;n\u0131n altyap\u0131s\u0131n\u0131 g\u00fc\u00e7lendirmek ad\u0131na planlanan etaplar\u0131n peyderpey tamamlanaca\u011f\u0131n\u0131 belirtti. Kaynak: www.kanalv.com.tr Haber Sitesinden Al\u0131nm\u0131\u015ft\u0131r.\" \/>\n<meta property=\"og:url\" content=\"http:\/\/denizcankizil.tr\/en\/haberler\/antalya\/asattan-elmaliya-altyapi-takviyesi\/\" \/>\n<meta property=\"og:site_name\" content=\"Av. Deniz Can K\u0131z\u0131l\" \/>\n<meta property=\"article:published_time\" content=\"2025-06-07T09:41:15+00:00\" \/>\n<meta name=\"author\" content=\"Av. Deniz Can K\u0131z\u0131l\" \/>\n<meta name=\"twitter:card\" content=\"summary_large_image\" \/>\n<meta name=\"twitter:label1\" content=\"Written by\" \/>\n\t<meta name=\"twitter:data1\" content=\"Av. Deniz Can K\u0131z\u0131l\" \/>\n\t<meta name=\"twitter:label2\" content=\"Estimated reading time\" \/>\n\t<meta name=\"twitter:data2\" content=\"1 minute\" \/>\n<script type=\"application\/ld+json\" class=\"yoast-schema-graph\">{\"@context\":\"https:\/\/schema.org\",\"@graph\":[{\"@type\":\"Article\",\"@id\":\"http:\/\/denizcankizil.tr\/de\/haberler\/antalya\/asattan-elmaliya-altyapi-takviyesi\/#article\",\"isPartOf\":{\"@id\":\"http:\/\/denizcankizil.tr\/de\/haberler\/antalya\/asattan-elmaliya-altyapi-takviyesi\/\"},\"author\":{\"name\":\"Av. Deniz Can K\u0131z\u0131l\",\"@id\":\"https:\/\/denizcankizil.tr\/de\/#\/schema\/person\/5dc1b22991bd7ac833867c10afc9b0ff\"},\"headline\":\"ASAT&#8217;tan Elmal\u0131&#8217;ya altyap\u0131 takviyesi\",\"datePublished\":\"2025-06-07T09:41:15+00:00\",\"mainEntityOfPage\":{\"@id\":\"http:\/\/denizcankizil.tr\/de\/haberler\/antalya\/asattan-elmaliya-altyapi-takviyesi\/\"},\"wordCount\":121,\"publisher\":{\"@id\":\"https:\/\/denizcankizil.tr\/de\/#organization\"},\"articleSection\":[\"Antalya\"],\"inLanguage\":\"en-GB\"},{\"@type\":\"WebPage\",\"@id\":\"http:\/\/denizcankizil.tr\/de\/haberler\/antalya\/asattan-elmaliya-altyapi-takviyesi\/\",\"url\":\"http:\/\/denizcankizil.tr\/de\/haberler\/antalya\/asattan-elmaliya-altyapi-takviyesi\/\",\"name\":\"ASAT'tan Elmal\u0131'ya altyap\u0131 takviyesi - Av. Deniz Can K\u0131z\u0131l\",\"isPartOf\":{\"@id\":\"https:\/\/denizcankizil.tr\/de\/#website\"},\"datePublished\":\"2025-06-07T09:41:15+00:00\",\"breadcrumb\":{\"@id\":\"http:\/\/denizcankizil.tr\/de\/haberler\/antalya\/asattan-elmaliya-altyapi-takviyesi\/#breadcrumb\"},\"inLanguage\":\"en-GB\",\"potentialAction\":[{\"@type\":\"ReadAction\",\"target\":[\"http:\/\/denizcankizil.tr\/de\/haberler\/antalya\/asattan-elmaliya-altyapi-takviyesi\/\"]}]},{\"@type\":\"BreadcrumbList\",\"@id\":\"http:\/\/denizcankizil.tr\/de\/haberler\/antalya\/asattan-elmaliya-altyapi-takviyesi\/#breadcrumb\",\"itemListElement\":[{\"@type\":\"ListItem\",\"position\":1,\"name\":\"Home\",\"item\":\"https:\/\/denizcankizil.tr\/de\/\"},{\"@type\":\"ListItem\",\"position\":2,\"name\":\"ASAT&#8217;tan Elmal\u0131&#8217;ya altyap\u0131 takviyesi\"}]},{\"@type\":\"WebSite\",\"@id\":\"https:\/\/denizcankizil.tr\/de\/#website\",\"url\":\"https:\/\/denizcankizil.tr\/de\/\",\"name\":\"Av. Deniz Can K\u0131z\u0131l\",\"description\":\"Avukat Deniz Can K\u0131z\u0131l Antalya Barosu\",\"publisher\":{\"@id\":\"https:\/\/denizcankizil.tr\/de\/#organization\"},\"potentialAction\":[{\"@type\":\"SearchAction\",\"target\":{\"@type\":\"EntryPoint\",\"urlTemplate\":\"https:\/\/denizcankizil.tr\/de\/?s={search_term_string}\"},\"query-input\":{\"@type\":\"PropertyValueSpecification\",\"valueRequired\":true,\"valueName\":\"search_term_string\"}}],\"inLanguage\":\"en-GB\"},{\"@type\":\"Organization\",\"@id\":\"https:\/\/denizcankizil.tr\/de\/#organization\",\"name\":\"Av. Deniz Can K\u0131z\u0131l\",\"url\":\"https:\/\/denizcankizil.tr\/de\/\",\"logo\":{\"@type\":\"ImageObject\",\"inLanguage\":\"en-GB\",\"@id\":\"https:\/\/denizcankizil.tr\/de\/#\/schema\/logo\/image\/\",\"url\":\"https:\/\/denizcankizil.tr\/wp-content\/uploads\/2024\/10\/siyah-logo-svg.svg\",\"contentUrl\":\"https:\/\/denizcankizil.tr\/wp-content\/uploads\/2024\/10\/siyah-logo-svg.svg\",\"width\":1080,\"height\":1080,\"caption\":\"Av. Deniz Can K\u0131z\u0131l\"},\"image\":{\"@id\":\"https:\/\/denizcankizil.tr\/de\/#\/schema\/logo\/image\/\"}},{\"@type\":\"Person\",\"@id\":\"https:\/\/denizcankizil.tr\/de\/#\/schema\/person\/5dc1b22991bd7ac833867c10afc9b0ff\",\"name\":\"Av. Deniz Can K\u0131z\u0131l\",\"image\":{\"@type\":\"ImageObject\",\"inLanguage\":\"en-GB\",\"@id\":\"https:\/\/denizcankizil.tr\/de\/#\/schema\/person\/image\/\",\"url\":\"https:\/\/secure.gravatar.com\/avatar\/a0b128fb9855c79efc976d5640eedb31dc35ec297594d6016d2cf7c60e975bb6?s=96&d=mm&r=g\",\"contentUrl\":\"https:\/\/secure.gravatar.com\/avatar\/a0b128fb9855c79efc976d5640eedb31dc35ec297594d6016d2cf7c60e975bb6?s=96&d=mm&r=g\",\"caption\":\"Av. Deniz Can K\u0131z\u0131l\"},\"sameAs\":[\"http:\/\/www.denizcankizil.tr\"],\"url\":\"https:\/\/denizcankizil.tr\/en\/author\/denizcankizil\/\"}]}<\/script>\n<!-- \/ Yoast SEO Premium plugin. -->","yoast_head_json":{"title":"ASAT'tan Elmal\u0131'ya altyap\u0131 takviyesi - Av. Deniz Can K\u0131z\u0131l","robots":{"index":"index","follow":"follow","max-snippet":"max-snippet:-1","max-image-preview":"max-image-preview:large","max-video-preview":"max-video-preview:-1"},"canonical":"http:\/\/denizcankizil.tr\/en\/haberler\/antalya\/asattan-elmaliya-altyapi-takviyesi\/","og_locale":"en_GB","og_type":"article","og_title":"ASAT'tan Elmal\u0131'ya altyap\u0131 takviyesi","og_description":"B\u00fcy\u00fck\u015fehir Belediyesi ASAT Genel M\u00fcd\u00fcrl\u00fc\u011f\u00fc ekipleri, Elmal\u0131&#8217;n\u0131n farkl\u0131 mahallelerinde y\u00fcr\u00fctt\u00fc\u011f\u00fc kanalizasyon hat yenileme \u00e7al\u0131\u015fmalar\u0131 ile y\u0131llard\u0131r s\u00fcregelen altyap\u0131 sorunlar\u0131 kal\u0131c\u0131 olarak \u00e7\u00f6z\u00fcme kavu\u015fturuyor. Bu kapsamda G\u00fcndo\u011fan Mahallesi&#8217;nde ba\u015flat\u0131lan \u00e7al\u0131\u015fmalarda, yakla\u015f\u0131k 500 metrelik kanalizasyon hatt\u0131 yenileniyor. B\u00f6lgede s\u0131k s\u0131k ar\u0131zalara neden olan ve eski b\u00fczlerin \u00e7\u00f6kmesiyle altyap\u0131 sorunlar\u0131 ya\u015fatan hatlar, modern malzemelerle yenilenerek daha dayan\u0131kl\u0131 hale getiriliyor. ASAT yetkilileri, Elmal\u0131&#8217;n\u0131n altyap\u0131s\u0131n\u0131 g\u00fc\u00e7lendirmek ad\u0131na planlanan etaplar\u0131n peyderpey tamamlanaca\u011f\u0131n\u0131 belirtti. Kaynak: www.kanalv.com.tr Haber Sitesinden Al\u0131nm\u0131\u015ft\u0131r.","og_url":"http:\/\/denizcankizil.tr\/en\/haberler\/antalya\/asattan-elmaliya-altyapi-takviyesi\/","og_site_name":"Av. Deniz Can K\u0131z\u0131l","article_published_time":"2025-06-07T09:41:15+00:00","author":"Av. Deniz Can K\u0131z\u0131l","twitter_card":"summary_large_image","twitter_misc":{"Written by":"Av. Deniz Can K\u0131z\u0131l","Estimated reading time":"1 minute"},"schema":{"@context":"https:\/\/schema.org","@graph":[{"@type":"Article","@id":"http:\/\/denizcankizil.tr\/de\/haberler\/antalya\/asattan-elmaliya-altyapi-takviyesi\/#article","isPartOf":{"@id":"http:\/\/denizcankizil.tr\/de\/haberler\/antalya\/asattan-elmaliya-altyapi-takviyesi\/"},"author":{"name":"Av. Deniz Can K\u0131z\u0131l","@id":"https:\/\/denizcankizil.tr\/de\/#\/schema\/person\/5dc1b22991bd7ac833867c10afc9b0ff"},"headline":"ASAT&#8217;tan Elmal\u0131&#8217;ya altyap\u0131 takviyesi","datePublished":"2025-06-07T09:41:15+00:00","mainEntityOfPage":{"@id":"http:\/\/denizcankizil.tr\/de\/haberler\/antalya\/asattan-elmaliya-altyapi-takviyesi\/"},"wordCount":121,"publisher":{"@id":"https:\/\/denizcankizil.tr\/de\/#organization"},"articleSection":["Antalya"],"inLanguage":"en-GB"},{"@type":"WebPage","@id":"http:\/\/denizcankizil.tr\/de\/haberler\/antalya\/asattan-elmaliya-altyapi-takviyesi\/","url":"http:\/\/denizcankizil.tr\/de\/haberler\/antalya\/asattan-elmaliya-altyapi-takviyesi\/","name":"ASAT'tan Elmal\u0131'ya altyap\u0131 takviyesi - Av. Deniz Can K\u0131z\u0131l","isPartOf":{"@id":"https:\/\/denizcankizil.tr\/de\/#website"},"datePublished":"2025-06-07T09:41:15+00:00","breadcrumb":{"@id":"http:\/\/denizcankizil.tr\/de\/haberler\/antalya\/asattan-elmaliya-altyapi-takviyesi\/#breadcrumb"},"inLanguage":"en-GB","potentialAction":[{"@type":"ReadAction","target":["http:\/\/denizcankizil.tr\/de\/haberler\/antalya\/asattan-elmaliya-altyapi-takviyesi\/"]}]},{"@type":"BreadcrumbList","@id":"http:\/\/denizcankizil.tr\/de\/haberler\/antalya\/asattan-elmaliya-altyapi-takviyesi\/#breadcrumb","itemListElement":[{"@type":"ListItem","position":1,"name":"Home","item":"https:\/\/denizcankizil.tr\/de\/"},{"@type":"ListItem","position":2,"name":"ASAT&#8217;tan Elmal\u0131&#8217;ya altyap\u0131 takviyesi"}]},{"@type":"WebSite","@id":"https:\/\/denizcankizil.tr\/de\/#website","url":"https:\/\/denizcankizil.tr\/de\/","name":"Av. Deniz Can K\u0131z\u0131l","description":"Avukat Deniz Can K\u0131z\u0131l Antalya Barosu","publisher":{"@id":"https:\/\/denizcankizil.tr\/de\/#organization"},"potentialAction":[{"@type":"SearchAction","target":{"@type":"EntryPoint","urlTemplate":"https:\/\/denizcankizil.tr\/de\/?s={search_term_string}"},"query-input":{"@type":"PropertyValueSpecification","valueRequired":true,"valueName":"search_term_string"}}],"inLanguage":"en-GB"},{"@type":"Organization","@id":"https:\/\/denizcankizil.tr\/de\/#organization","name":"Av. Deniz Can K\u0131z\u0131l","url":"https:\/\/denizcankizil.tr\/de\/","logo":{"@type":"ImageObject","inLanguage":"en-GB","@id":"https:\/\/denizcankizil.tr\/de\/#\/schema\/logo\/image\/","url":"https:\/\/denizcankizil.tr\/wp-content\/uploads\/2024\/10\/siyah-logo-svg.svg","contentUrl":"https:\/\/denizcankizil.tr\/wp-content\/uploads\/2024\/10\/siyah-logo-svg.svg","width":1080,"height":1080,"caption":"Av. Deniz Can K\u0131z\u0131l"},"image":{"@id":"https:\/\/denizcankizil.tr\/de\/#\/schema\/logo\/image\/"}},{"@type":"Person","@id":"https:\/\/denizcankizil.tr\/de\/#\/schema\/person\/5dc1b22991bd7ac833867c10afc9b0ff","name":"Av. Deniz Can K\u0131z\u0131l","image":{"@type":"ImageObject","inLanguage":"en-GB","@id":"https:\/\/denizcankizil.tr\/de\/#\/schema\/person\/image\/","url":"https:\/\/secure.gravatar.com\/avatar\/a0b128fb9855c79efc976d5640eedb31dc35ec297594d6016d2cf7c60e975bb6?s=96&d=mm&r=g","contentUrl":"https:\/\/secure.gravatar.com\/avatar\/a0b128fb9855c79efc976d5640eedb31dc35ec297594d6016d2cf7c60e975bb6?s=96&d=mm&r=g","caption":"Av. Deniz Can K\u0131z\u0131l"},"sameAs":["http:\/\/www.denizcankizil.tr"],"url":"https:\/\/denizcankizil.tr\/en\/author\/denizcankizil\/"}]}},"_links":{"self":[{"href":"https:\/\/denizcankizil.tr\/en\/wp-json\/wp\/v2\/posts\/109405","targetHints":{"allow":["GET"]}}],"collection":[{"href":"https:\/\/denizcankizil.tr\/en\/wp-json\/wp\/v2\/posts"}],"about":[{"href":"https:\/\/denizcankizil.tr\/en\/wp-json\/wp\/v2\/types\/post"}],"author":[{"embeddable":true,"href":"https:\/\/denizcankizil.tr\/en\/wp-json\/wp\/v2\/users\/4"}],"replies":[{"embeddable":true,"href":"https:\/\/denizcankizil.tr\/en\/wp-json\/wp\/v2\/comments?post=109405"}],"version-history":[{"count":0,"href":"https:\/\/denizcankizil.tr\/en\/wp-json\/wp\/v2\/posts\/109405\/revisions"}],"wp:attachment":[{"href":"https:\/\/denizcankizil.tr\/en\/wp-json\/wp\/v2\/media?parent=109405"}],"wp:term":[{"taxonomy":"category","embeddable":true,"href":"https:\/\/denizcankizil.tr\/en\/wp-json\/wp\/v2\/categories?post=109405"},{"taxonomy":"post_tag","embeddable":true,"href":"https:\/\/denizcankizil.tr\/en\/wp-json\/wp\/v2\/tags?post=109405"}],"curies":[{"name":"wp","href":"https:\/\/api.w.org\/{rel}","templated":true}]}}