{"id":108672,"date":"2025-06-06T19:41:19","date_gmt":"2025-06-06T16:41:19","guid":{"rendered":"https:\/\/denizcankizil.tr\/uncategorized-tr\/baskan-vekili-alptekin-kepezdeki-kurban-kesim-alanlarini-denetledi\/"},"modified":"2025-06-06T19:41:19","modified_gmt":"2025-06-06T16:41:19","slug":"baskan-vekili-alptekin-kepezdeki-kurban-kesim-alanlarini-denetledi","status":"publish","type":"post","link":"https:\/\/denizcankizil.tr\/en\/haberler\/gundem\/baskan-vekili-alptekin-kepezdeki-kurban-kesim-alanlarini-denetledi\/","title":{"rendered":"Ba\u015fkan Vekili Alptekin, Kepez&#8217;deki kurban kesim alanlar\u0131n\u0131 denetledi"},"content":{"rendered":"<p>Kepez Belediye Ba\u015fkan\u0131 Mesut Kocag\u00f6z\u2019e vekalet eden Prof. Dr. Refik Emre Alptekin, belediyenin 9 mahallede hizmet veren kesim alanlar\u0131n\u0131 gezdi. Sabah\u0131n erken saatlerinde ba\u015flayan ziyaretlerde kurban kesim yerlerini denetledi. Kesim alanlar\u0131nda g\u00f6rev yapan belediye ekiplerinin bayramlar\u0131n\u0131 kutlad\u0131, \u00e7al\u0131\u015fmalar hakk\u0131nda bilgi ald\u0131.<\/p>\n<p>&#8220;BAYRAM S\u00dcRES\u0130NCE EK\u0130PLER SAHADA OLACAK&#8221;<\/p>\n<p>Vatanda\u015flarla tek tek selamla\u015farak, Kepez Belediye Ba\u015fkan\u0131 Mesut Kocag\u00f6z\u2019\u00fcn sevgi ve selamlar\u0131n\u0131 iletti, \u00e7ocuklarla da yak\u0131ndan ilgilendi. Kurban kesen vatanda\u015flara, \u201cBereketli olsun, hay\u0131rl\u0131 olsun. Allah kabul etsin\u201d diyerek iyi dileklerde bulundu. Vatanda\u015flar\u0131n taleplerini ve \u00f6nerilerini de dinleyerek, bayram s\u00fcresince belediye ekiplerinin sahada olaca\u011f\u0131n\u0131 ve herhangi bir sorun ya\u015fanmamas\u0131 i\u00e7in \u00e7al\u0131\u015fmalar\u0131n aral\u0131ks\u0131z s\u00fcrd\u00fcr\u00fclece\u011fini belirtti.<\/p>\n<p>BELED\u0130YE EK\u0130PLER\u0130 BAYRAM BOYUNCA SAHADA<\/p>\n<p>Kesimlerin d\u00fczenli ve hijyenik bir \u015fekilde y\u00fcr\u00fct\u00fclmesini \u00f6nemsediklerini vurgulayan Alptekin, vatanda\u015flar\u0131n bayram ibadetlerini huzur i\u00e7inde yerine getirmeleri i\u00e7in gereken t\u00fcm tedbirlerin al\u0131nd\u0131\u011f\u0131n\u0131 s\u00f6yledi. Bayramlar\u0131n toplumsal dayan\u0131\u015fma ve birlik duygular\u0131n\u0131 peki\u015ftiren \u00f6zel g\u00fcnler oldu\u011funu ifade ederek, \u201cHem\u015fehrilerimizin huzurlu bir bayram ge\u00e7irmesi bizim i\u00e7in \u00e7ok k\u0131ymetli. Belediye olarak t\u00fcm birimlerimizle sahaday\u0131z. Kurban kesim alanlar\u0131m\u0131zda hijyen, g\u00fcvenlik ve d\u00fczenin sa\u011flanmas\u0131 i\u00e7in b\u00fcy\u00fck bir titizlikle \u00e7al\u0131\u015f\u0131yoruz\u201d dedi.<\/p>\n<p>\u200bKepez Belediyesi&#8217;nin 9 ayr\u0131 noktada hizmet veren kurban kesim alanlar\u0131n\u0131 gezen Ba\u015fkan Vekili Refik Emre Alptekin hem \u00e7al\u0131\u015fmalar\u0131 inceledi hem de vatanda\u015flar\u0131n taleplerini dinledi.\u00a0<\/p>\n<p>\u200bHaberin Al\u0131nt\u0131land\u0131\u011f\u0131 Kaynak: www.antalyakorfez.com<\/p>","protected":false},"excerpt":{"rendered":"<p>Kepez Belediye Ba\u015fkan\u0131 Mesut Kocag\u00f6z\u2019e vekalet eden Prof. Dr. Refik Emre Alptekin, belediyenin 9 mahallede hizmet veren kesim alanlar\u0131n\u0131 gezdi. Sabah\u0131n erken saatlerinde ba\u015flayan ziyaretlerde kurban kesim yerlerini denetledi. Kesim alanlar\u0131nda g\u00f6rev yapan belediye ekiplerinin bayramlar\u0131n\u0131 kutlad\u0131, \u00e7al\u0131\u015fmalar hakk\u0131nda bilgi ald\u0131. &#8220;BAYRAM S\u00dcRES\u0130NCE EK\u0130PLER SAHADA OLACAK&#8221; Vatanda\u015flarla tek tek selamla\u015farak, Kepez Belediye Ba\u015fkan\u0131 Mesut Kocag\u00f6z\u2019\u00fcn sevgi ve selamlar\u0131n\u0131 iletti, \u00e7ocuklarla da yak\u0131ndan ilgilendi. Kurban kesen vatanda\u015flara, \u201cBereketli olsun, hay\u0131rl\u0131 olsun. Allah kabul etsin\u201d diyerek iyi dileklerde bulundu. Vatanda\u015flar\u0131n taleplerini ve \u00f6nerilerini de dinleyerek, bayram s\u00fcresince belediye ekiplerinin sahada olaca\u011f\u0131n\u0131 ve herhangi bir sorun ya\u015fanmamas\u0131 i\u00e7in \u00e7al\u0131\u015fmalar\u0131n aral\u0131ks\u0131z s\u00fcrd\u00fcr\u00fclece\u011fini belirtti. BELED\u0130YE EK\u0130PLER\u0130 BAYRAM BOYUNCA SAHADA Kesimlerin d\u00fczenli ve hijyenik bir \u015fekilde y\u00fcr\u00fct\u00fclmesini \u00f6nemsediklerini vurgulayan Alptekin, vatanda\u015flar\u0131n bayram ibadetlerini huzur i\u00e7inde yerine getirmeleri i\u00e7in gereken t\u00fcm tedbirlerin al\u0131nd\u0131\u011f\u0131n\u0131 s\u00f6yledi. Bayramlar\u0131n toplumsal dayan\u0131\u015fma ve birlik duygular\u0131n\u0131 peki\u015ftiren \u00f6zel g\u00fcnler oldu\u011funu ifade ederek, \u201cHem\u015fehrilerimizin huzurlu bir bayram ge\u00e7irmesi bizim i\u00e7in \u00e7ok k\u0131ymetli. Belediye olarak t\u00fcm birimlerimizle sahaday\u0131z. Kurban kesim alanlar\u0131m\u0131zda hijyen, g\u00fcvenlik ve d\u00fczenin sa\u011flanmas\u0131 i\u00e7in b\u00fcy\u00fck bir titizlikle \u00e7al\u0131\u015f\u0131yoruz\u201d dedi. \u200bKepez Belediyesi&#8217;nin 9 ayr\u0131 noktada hizmet veren kurban kesim alanlar\u0131n\u0131 gezen Ba\u015fkan Vekili Refik Emre Alptekin hem \u00e7al\u0131\u015fmalar\u0131 inceledi hem de vatanda\u015flar\u0131n taleplerini dinledi.\u00a0 \u200bHaberin Al\u0131nt\u0131land\u0131\u011f\u0131 Kaynak: www.antalyakorfez.com<\/p>","protected":false},"author":5,"featured_media":0,"comment_status":"","ping_status":"open","sticky":false,"template":"","format":"standard","meta":{"_acf_changed":false,"footnotes":""},"categories":[24],"tags":[],"class_list":["post-108672","post","type-post","status-publish","format-standard","has-post-thumbnail","hentry","category-gundem"],"acf":[],"yoast_head":"<!-- This site is optimized with the Yoast SEO Premium plugin v26.6 (Yoast SEO v27.1.1) - https:\/\/yoast.com\/product\/yoast-seo-premium-wordpress\/ -->\n<title>Ba\u015fkan Vekili Alptekin, Kepez&#039;deki kurban kesim alanlar\u0131n\u0131 denetledi - Av. Deniz Can K\u0131z\u0131l<\/title>\n<meta name=\"robots\" content=\"index, follow, max-snippet:-1, max-image-preview:large, max-video-preview:-1\" \/>\n<link rel=\"canonical\" href=\"https:\/\/denizcankizil.tr\/en\/haberler\/gundem\/baskan-vekili-alptekin-kepezdeki-kurban-kesim-alanlarini-denetledi\/\" \/>\n<meta property=\"og:locale\" content=\"en_GB\" \/>\n<meta property=\"og:type\" content=\"article\" \/>\n<meta property=\"og:title\" content=\"Ba\u015fkan Vekili Alptekin, Kepez&#039;deki kurban kesim alanlar\u0131n\u0131 denetledi\" \/>\n<meta property=\"og:description\" content=\"Kepez Belediye Ba\u015fkan\u0131 Mesut Kocag\u00f6z\u2019e vekalet eden Prof. Dr. Refik Emre Alptekin, belediyenin 9 mahallede hizmet veren kesim alanlar\u0131n\u0131 gezdi. Sabah\u0131n erken saatlerinde ba\u015flayan ziyaretlerde kurban kesim yerlerini denetledi. Kesim alanlar\u0131nda g\u00f6rev yapan belediye ekiplerinin bayramlar\u0131n\u0131 kutlad\u0131, \u00e7al\u0131\u015fmalar hakk\u0131nda bilgi ald\u0131. &#8220;BAYRAM S\u00dcRES\u0130NCE EK\u0130PLER SAHADA OLACAK&#8221; Vatanda\u015flarla tek tek selamla\u015farak, Kepez Belediye Ba\u015fkan\u0131 Mesut Kocag\u00f6z\u2019\u00fcn sevgi ve selamlar\u0131n\u0131 iletti, \u00e7ocuklarla da yak\u0131ndan ilgilendi. Kurban kesen vatanda\u015flara, \u201cBereketli olsun, hay\u0131rl\u0131 olsun. Allah kabul etsin\u201d diyerek iyi dileklerde bulundu. Vatanda\u015flar\u0131n taleplerini ve \u00f6nerilerini de dinleyerek, bayram s\u00fcresince belediye ekiplerinin sahada olaca\u011f\u0131n\u0131 ve herhangi bir sorun ya\u015fanmamas\u0131 i\u00e7in \u00e7al\u0131\u015fmalar\u0131n aral\u0131ks\u0131z s\u00fcrd\u00fcr\u00fclece\u011fini belirtti. BELED\u0130YE EK\u0130PLER\u0130 BAYRAM BOYUNCA SAHADA Kesimlerin d\u00fczenli ve hijyenik bir \u015fekilde y\u00fcr\u00fct\u00fclmesini \u00f6nemsediklerini vurgulayan Alptekin, vatanda\u015flar\u0131n bayram ibadetlerini huzur i\u00e7inde yerine getirmeleri i\u00e7in gereken t\u00fcm tedbirlerin al\u0131nd\u0131\u011f\u0131n\u0131 s\u00f6yledi. Bayramlar\u0131n toplumsal dayan\u0131\u015fma ve birlik duygular\u0131n\u0131 peki\u015ftiren \u00f6zel g\u00fcnler oldu\u011funu ifade ederek, \u201cHem\u015fehrilerimizin huzurlu bir bayram ge\u00e7irmesi bizim i\u00e7in \u00e7ok k\u0131ymetli. Belediye olarak t\u00fcm birimlerimizle sahaday\u0131z. Kurban kesim alanlar\u0131m\u0131zda hijyen, g\u00fcvenlik ve d\u00fczenin sa\u011flanmas\u0131 i\u00e7in b\u00fcy\u00fck bir titizlikle \u00e7al\u0131\u015f\u0131yoruz\u201d dedi. \u200bKepez Belediyesi&#8217;nin 9 ayr\u0131 noktada hizmet veren kurban kesim alanlar\u0131n\u0131 gezen Ba\u015fkan Vekili Refik Emre Alptekin hem \u00e7al\u0131\u015fmalar\u0131 inceledi hem de vatanda\u015flar\u0131n taleplerini dinledi.\u00a0 \u200bHaberin Al\u0131nt\u0131land\u0131\u011f\u0131 Kaynak: www.antalyakorfez.com\" \/>\n<meta property=\"og:url\" content=\"https:\/\/denizcankizil.tr\/en\/haberler\/gundem\/baskan-vekili-alptekin-kepezdeki-kurban-kesim-alanlarini-denetledi\/\" \/>\n<meta property=\"og:site_name\" content=\"Av. Deniz Can K\u0131z\u0131l\" \/>\n<meta property=\"article:published_time\" content=\"2025-06-06T16:41:19+00:00\" \/>\n<meta name=\"author\" content=\"Antalya K\u00f6rfez\" \/>\n<meta name=\"twitter:card\" content=\"summary_large_image\" \/>\n<meta name=\"twitter:label1\" content=\"Written by\" \/>\n\t<meta name=\"twitter:data1\" content=\"Antalya K\u00f6rfez\" \/>\n\t<meta name=\"twitter:label2\" content=\"Estimated reading time\" \/>\n\t<meta name=\"twitter:data2\" content=\"1 minute\" \/>\n<script type=\"application\/ld+json\" class=\"yoast-schema-graph\">{\"@context\":\"https:\/\/schema.org\",\"@graph\":[{\"@type\":\"Article\",\"@id\":\"https:\/\/denizcankizil.tr\/en\/haberler\/gundem\/baskan-vekili-alptekin-kepezdeki-kurban-kesim-alanlarini-denetledi\/#article\",\"isPartOf\":{\"@id\":\"https:\/\/denizcankizil.tr\/en\/haberler\/gundem\/baskan-vekili-alptekin-kepezdeki-kurban-kesim-alanlarini-denetledi\/\"},\"author\":{\"name\":\"Antalya K\u00f6rfez\",\"@id\":\"https:\/\/denizcankizil.tr\/de\/#\/schema\/person\/e1eb71bb4dd684d46563f0af307e1234\"},\"headline\":\"Ba\u015fkan Vekili Alptekin, Kepez&#8217;deki kurban kesim alanlar\u0131n\u0131 denetledi\",\"datePublished\":\"2025-06-06T16:41:19+00:00\",\"mainEntityOfPage\":{\"@id\":\"https:\/\/denizcankizil.tr\/en\/haberler\/gundem\/baskan-vekili-alptekin-kepezdeki-kurban-kesim-alanlarini-denetledi\/\"},\"wordCount\":286,\"publisher\":{\"@id\":\"https:\/\/denizcankizil.tr\/de\/#organization\"},\"articleSection\":[\"G\u00fcndem\"],\"inLanguage\":\"en-GB\"},{\"@type\":\"WebPage\",\"@id\":\"https:\/\/denizcankizil.tr\/en\/haberler\/gundem\/baskan-vekili-alptekin-kepezdeki-kurban-kesim-alanlarini-denetledi\/\",\"url\":\"https:\/\/denizcankizil.tr\/en\/haberler\/gundem\/baskan-vekili-alptekin-kepezdeki-kurban-kesim-alanlarini-denetledi\/\",\"name\":\"Ba\u015fkan Vekili Alptekin, Kepez'deki kurban kesim alanlar\u0131n\u0131 denetledi - Av. Deniz Can K\u0131z\u0131l\",\"isPartOf\":{\"@id\":\"https:\/\/denizcankizil.tr\/de\/#website\"},\"datePublished\":\"2025-06-06T16:41:19+00:00\",\"breadcrumb\":{\"@id\":\"https:\/\/denizcankizil.tr\/en\/haberler\/gundem\/baskan-vekili-alptekin-kepezdeki-kurban-kesim-alanlarini-denetledi\/#breadcrumb\"},\"inLanguage\":\"en-GB\",\"potentialAction\":[{\"@type\":\"ReadAction\",\"target\":[\"https:\/\/denizcankizil.tr\/en\/haberler\/gundem\/baskan-vekili-alptekin-kepezdeki-kurban-kesim-alanlarini-denetledi\/\"]}]},{\"@type\":\"BreadcrumbList\",\"@id\":\"https:\/\/denizcankizil.tr\/en\/haberler\/gundem\/baskan-vekili-alptekin-kepezdeki-kurban-kesim-alanlarini-denetledi\/#breadcrumb\",\"itemListElement\":[{\"@type\":\"ListItem\",\"position\":1,\"name\":\"Home\",\"item\":\"https:\/\/denizcankizil.tr\/de\/\"},{\"@type\":\"ListItem\",\"position\":2,\"name\":\"Ba\u015fkan Vekili Alptekin, Kepez&#8217;deki kurban kesim alanlar\u0131n\u0131 denetledi\"}]},{\"@type\":\"WebSite\",\"@id\":\"https:\/\/denizcankizil.tr\/de\/#website\",\"url\":\"https:\/\/denizcankizil.tr\/de\/\",\"name\":\"Av. Deniz Can K\u0131z\u0131l\",\"description\":\"Avukat Deniz Can K\u0131z\u0131l Antalya Barosu\",\"publisher\":{\"@id\":\"https:\/\/denizcankizil.tr\/de\/#organization\"},\"potentialAction\":[{\"@type\":\"SearchAction\",\"target\":{\"@type\":\"EntryPoint\",\"urlTemplate\":\"https:\/\/denizcankizil.tr\/de\/?s={search_term_string}\"},\"query-input\":{\"@type\":\"PropertyValueSpecification\",\"valueRequired\":true,\"valueName\":\"search_term_string\"}}],\"inLanguage\":\"en-GB\"},{\"@type\":\"Organization\",\"@id\":\"https:\/\/denizcankizil.tr\/de\/#organization\",\"name\":\"Av. Deniz Can K\u0131z\u0131l\",\"url\":\"https:\/\/denizcankizil.tr\/de\/\",\"logo\":{\"@type\":\"ImageObject\",\"inLanguage\":\"en-GB\",\"@id\":\"https:\/\/denizcankizil.tr\/de\/#\/schema\/logo\/image\/\",\"url\":\"https:\/\/denizcankizil.tr\/wp-content\/uploads\/2024\/10\/siyah-logo-svg.svg\",\"contentUrl\":\"https:\/\/denizcankizil.tr\/wp-content\/uploads\/2024\/10\/siyah-logo-svg.svg\",\"width\":1080,\"height\":1080,\"caption\":\"Av. Deniz Can K\u0131z\u0131l\"},\"image\":{\"@id\":\"https:\/\/denizcankizil.tr\/de\/#\/schema\/logo\/image\/\"}},{\"@type\":\"Person\",\"@id\":\"https:\/\/denizcankizil.tr\/de\/#\/schema\/person\/e1eb71bb4dd684d46563f0af307e1234\",\"name\":\"Antalya K\u00f6rfez\",\"image\":{\"@type\":\"ImageObject\",\"inLanguage\":\"en-GB\",\"@id\":\"https:\/\/denizcankizil.tr\/de\/#\/schema\/person\/image\/\",\"url\":\"https:\/\/secure.gravatar.com\/avatar\/42b01982558a48a0b501fdcab6a408d3717ea5919095ee2e67b0e521799c5905?s=96&d=mm&r=g\",\"contentUrl\":\"https:\/\/secure.gravatar.com\/avatar\/42b01982558a48a0b501fdcab6a408d3717ea5919095ee2e67b0e521799c5905?s=96&d=mm&r=g\",\"caption\":\"Antalya K\u00f6rfez\"},\"sameAs\":[\"http:\/\/www.antalyakorfez.com\"],\"url\":\"https:\/\/www.antalyakorfez.com\/baskan-vekili-alptekin-kepezdeki-kurban-kesim-alanlarini-denetledi\"}]}<\/script>\n<!-- \/ Yoast SEO Premium plugin. -->","yoast_head_json":{"title":"Ba\u015fkan Vekili Alptekin, Kepez'deki kurban kesim alanlar\u0131n\u0131 denetledi - Av. Deniz Can K\u0131z\u0131l","robots":{"index":"index","follow":"follow","max-snippet":"max-snippet:-1","max-image-preview":"max-image-preview:large","max-video-preview":"max-video-preview:-1"},"canonical":"https:\/\/denizcankizil.tr\/en\/haberler\/gundem\/baskan-vekili-alptekin-kepezdeki-kurban-kesim-alanlarini-denetledi\/","og_locale":"en_GB","og_type":"article","og_title":"Ba\u015fkan Vekili Alptekin, Kepez'deki kurban kesim alanlar\u0131n\u0131 denetledi","og_description":"Kepez Belediye Ba\u015fkan\u0131 Mesut Kocag\u00f6z\u2019e vekalet eden Prof. Dr. Refik Emre Alptekin, belediyenin 9 mahallede hizmet veren kesim alanlar\u0131n\u0131 gezdi. Sabah\u0131n erken saatlerinde ba\u015flayan ziyaretlerde kurban kesim yerlerini denetledi. Kesim alanlar\u0131nda g\u00f6rev yapan belediye ekiplerinin bayramlar\u0131n\u0131 kutlad\u0131, \u00e7al\u0131\u015fmalar hakk\u0131nda bilgi ald\u0131. &#8220;BAYRAM S\u00dcRES\u0130NCE EK\u0130PLER SAHADA OLACAK&#8221; Vatanda\u015flarla tek tek selamla\u015farak, Kepez Belediye Ba\u015fkan\u0131 Mesut Kocag\u00f6z\u2019\u00fcn sevgi ve selamlar\u0131n\u0131 iletti, \u00e7ocuklarla da yak\u0131ndan ilgilendi. Kurban kesen vatanda\u015flara, \u201cBereketli olsun, hay\u0131rl\u0131 olsun. Allah kabul etsin\u201d diyerek iyi dileklerde bulundu. Vatanda\u015flar\u0131n taleplerini ve \u00f6nerilerini de dinleyerek, bayram s\u00fcresince belediye ekiplerinin sahada olaca\u011f\u0131n\u0131 ve herhangi bir sorun ya\u015fanmamas\u0131 i\u00e7in \u00e7al\u0131\u015fmalar\u0131n aral\u0131ks\u0131z s\u00fcrd\u00fcr\u00fclece\u011fini belirtti. BELED\u0130YE EK\u0130PLER\u0130 BAYRAM BOYUNCA SAHADA Kesimlerin d\u00fczenli ve hijyenik bir \u015fekilde y\u00fcr\u00fct\u00fclmesini \u00f6nemsediklerini vurgulayan Alptekin, vatanda\u015flar\u0131n bayram ibadetlerini huzur i\u00e7inde yerine getirmeleri i\u00e7in gereken t\u00fcm tedbirlerin al\u0131nd\u0131\u011f\u0131n\u0131 s\u00f6yledi. Bayramlar\u0131n toplumsal dayan\u0131\u015fma ve birlik duygular\u0131n\u0131 peki\u015ftiren \u00f6zel g\u00fcnler oldu\u011funu ifade ederek, \u201cHem\u015fehrilerimizin huzurlu bir bayram ge\u00e7irmesi bizim i\u00e7in \u00e7ok k\u0131ymetli. Belediye olarak t\u00fcm birimlerimizle sahaday\u0131z. Kurban kesim alanlar\u0131m\u0131zda hijyen, g\u00fcvenlik ve d\u00fczenin sa\u011flanmas\u0131 i\u00e7in b\u00fcy\u00fck bir titizlikle \u00e7al\u0131\u015f\u0131yoruz\u201d dedi. \u200bKepez Belediyesi&#8217;nin 9 ayr\u0131 noktada hizmet veren kurban kesim alanlar\u0131n\u0131 gezen Ba\u015fkan Vekili Refik Emre Alptekin hem \u00e7al\u0131\u015fmalar\u0131 inceledi hem de vatanda\u015flar\u0131n taleplerini dinledi.\u00a0 \u200bHaberin Al\u0131nt\u0131land\u0131\u011f\u0131 Kaynak: www.antalyakorfez.com","og_url":"https:\/\/denizcankizil.tr\/en\/haberler\/gundem\/baskan-vekili-alptekin-kepezdeki-kurban-kesim-alanlarini-denetledi\/","og_site_name":"Av. Deniz Can K\u0131z\u0131l","article_published_time":"2025-06-06T16:41:19+00:00","author":"Antalya K\u00f6rfez","twitter_card":"summary_large_image","twitter_misc":{"Written by":"Antalya K\u00f6rfez","Estimated reading time":"1 minute"},"schema":{"@context":"https:\/\/schema.org","@graph":[{"@type":"Article","@id":"https:\/\/denizcankizil.tr\/en\/haberler\/gundem\/baskan-vekili-alptekin-kepezdeki-kurban-kesim-alanlarini-denetledi\/#article","isPartOf":{"@id":"https:\/\/denizcankizil.tr\/en\/haberler\/gundem\/baskan-vekili-alptekin-kepezdeki-kurban-kesim-alanlarini-denetledi\/"},"author":{"name":"Antalya K\u00f6rfez","@id":"https:\/\/denizcankizil.tr\/de\/#\/schema\/person\/e1eb71bb4dd684d46563f0af307e1234"},"headline":"Ba\u015fkan Vekili Alptekin, Kepez&#8217;deki kurban kesim alanlar\u0131n\u0131 denetledi","datePublished":"2025-06-06T16:41:19+00:00","mainEntityOfPage":{"@id":"https:\/\/denizcankizil.tr\/en\/haberler\/gundem\/baskan-vekili-alptekin-kepezdeki-kurban-kesim-alanlarini-denetledi\/"},"wordCount":286,"publisher":{"@id":"https:\/\/denizcankizil.tr\/de\/#organization"},"articleSection":["G\u00fcndem"],"inLanguage":"en-GB"},{"@type":"WebPage","@id":"https:\/\/denizcankizil.tr\/en\/haberler\/gundem\/baskan-vekili-alptekin-kepezdeki-kurban-kesim-alanlarini-denetledi\/","url":"https:\/\/denizcankizil.tr\/en\/haberler\/gundem\/baskan-vekili-alptekin-kepezdeki-kurban-kesim-alanlarini-denetledi\/","name":"Ba\u015fkan Vekili Alptekin, Kepez'deki kurban kesim alanlar\u0131n\u0131 denetledi - Av. Deniz Can K\u0131z\u0131l","isPartOf":{"@id":"https:\/\/denizcankizil.tr\/de\/#website"},"datePublished":"2025-06-06T16:41:19+00:00","breadcrumb":{"@id":"https:\/\/denizcankizil.tr\/en\/haberler\/gundem\/baskan-vekili-alptekin-kepezdeki-kurban-kesim-alanlarini-denetledi\/#breadcrumb"},"inLanguage":"en-GB","potentialAction":[{"@type":"ReadAction","target":["https:\/\/denizcankizil.tr\/en\/haberler\/gundem\/baskan-vekili-alptekin-kepezdeki-kurban-kesim-alanlarini-denetledi\/"]}]},{"@type":"BreadcrumbList","@id":"https:\/\/denizcankizil.tr\/en\/haberler\/gundem\/baskan-vekili-alptekin-kepezdeki-kurban-kesim-alanlarini-denetledi\/#breadcrumb","itemListElement":[{"@type":"ListItem","position":1,"name":"Home","item":"https:\/\/denizcankizil.tr\/de\/"},{"@type":"ListItem","position":2,"name":"Ba\u015fkan Vekili Alptekin, Kepez&#8217;deki kurban kesim alanlar\u0131n\u0131 denetledi"}]},{"@type":"WebSite","@id":"https:\/\/denizcankizil.tr\/de\/#website","url":"https:\/\/denizcankizil.tr\/de\/","name":"Av. Deniz Can K\u0131z\u0131l","description":"Avukat Deniz Can K\u0131z\u0131l Antalya Barosu","publisher":{"@id":"https:\/\/denizcankizil.tr\/de\/#organization"},"potentialAction":[{"@type":"SearchAction","target":{"@type":"EntryPoint","urlTemplate":"https:\/\/denizcankizil.tr\/de\/?s={search_term_string}"},"query-input":{"@type":"PropertyValueSpecification","valueRequired":true,"valueName":"search_term_string"}}],"inLanguage":"en-GB"},{"@type":"Organization","@id":"https:\/\/denizcankizil.tr\/de\/#organization","name":"Av. Deniz Can K\u0131z\u0131l","url":"https:\/\/denizcankizil.tr\/de\/","logo":{"@type":"ImageObject","inLanguage":"en-GB","@id":"https:\/\/denizcankizil.tr\/de\/#\/schema\/logo\/image\/","url":"https:\/\/denizcankizil.tr\/wp-content\/uploads\/2024\/10\/siyah-logo-svg.svg","contentUrl":"https:\/\/denizcankizil.tr\/wp-content\/uploads\/2024\/10\/siyah-logo-svg.svg","width":1080,"height":1080,"caption":"Av. Deniz Can K\u0131z\u0131l"},"image":{"@id":"https:\/\/denizcankizil.tr\/de\/#\/schema\/logo\/image\/"}},{"@type":"Person","@id":"https:\/\/denizcankizil.tr\/de\/#\/schema\/person\/e1eb71bb4dd684d46563f0af307e1234","name":"Antalya K\u00f6rfez","image":{"@type":"ImageObject","inLanguage":"en-GB","@id":"https:\/\/denizcankizil.tr\/de\/#\/schema\/person\/image\/","url":"https:\/\/secure.gravatar.com\/avatar\/42b01982558a48a0b501fdcab6a408d3717ea5919095ee2e67b0e521799c5905?s=96&d=mm&r=g","contentUrl":"https:\/\/secure.gravatar.com\/avatar\/42b01982558a48a0b501fdcab6a408d3717ea5919095ee2e67b0e521799c5905?s=96&d=mm&r=g","caption":"Antalya K\u00f6rfez"},"sameAs":["http:\/\/www.antalyakorfez.com"],"url":"https:\/\/www.antalyakorfez.com\/baskan-vekili-alptekin-kepezdeki-kurban-kesim-alanlarini-denetledi"}]}},"_links":{"self":[{"href":"https:\/\/denizcankizil.tr\/en\/wp-json\/wp\/v2\/posts\/108672","targetHints":{"allow":["GET"]}}],"collection":[{"href":"https:\/\/denizcankizil.tr\/en\/wp-json\/wp\/v2\/posts"}],"about":[{"href":"https:\/\/denizcankizil.tr\/en\/wp-json\/wp\/v2\/types\/post"}],"author":[{"embeddable":true,"href":"https:\/\/denizcankizil.tr\/en\/wp-json\/wp\/v2\/users\/5"}],"replies":[{"embeddable":true,"href":"https:\/\/denizcankizil.tr\/en\/wp-json\/wp\/v2\/comments?post=108672"}],"version-history":[{"count":0,"href":"https:\/\/denizcankizil.tr\/en\/wp-json\/wp\/v2\/posts\/108672\/revisions"}],"wp:attachment":[{"href":"https:\/\/denizcankizil.tr\/en\/wp-json\/wp\/v2\/media?parent=108672"}],"wp:term":[{"taxonomy":"category","embeddable":true,"href":"https:\/\/denizcankizil.tr\/en\/wp-json\/wp\/v2\/categories?post=108672"},{"taxonomy":"post_tag","embeddable":true,"href":"https:\/\/denizcankizil.tr\/en\/wp-json\/wp\/v2\/tags?post=108672"}],"curies":[{"name":"wp","href":"https:\/\/api.w.org\/{rel}","templated":true}]}}